{"id":28262,"date":"2017-03-01T13:19:30","date_gmt":"2017-03-01T12:19:30","guid":{"rendered":"http:\/\/blog.cofb.cat\/?p=28262"},"modified":"2017-03-01T13:19:30","modified_gmt":"2017-03-01T12:19:30","slug":"celebrem-els-100-anys-de-pere-quintana-col%c2%b7legiat-emerit-moltes-felicitats","status":"publish","type":"post","link":"https:\/\/www.cofb.org\/es\/2017\/03\/01\/celebrem-els-100-anys-de-pere-quintana-col%c2%b7legiat-emerit-moltes-felicitats\/","title":{"rendered":"Celebramos los 100 a\u00f1os de Pere Quintana, colegiado em\u00e9rito. \u00a1Muchas felicidades!"},"content":{"rendered":"<p>La oportunidad de vivir es el mayor regalo que nos proporciona la vida. Cierto es que en el transcurso de los a\u00f1os se originan obst\u00e1culos que complican el d\u00eda a d\u00eda, pero, precisamente, son estos malos momentos los que atribuyen valor a la infinidad de otros maravillosos. S\u00ed, vivir es un regalo y, por eso, los cumplea\u00f1os son tan especiales. Dejando a un lado los regalos y las fiestas, el <i>tuyo<\/i> d\u00eda sirve para detenerse en el tiempo, y qu\u00e9 mejor fecha que aquella que, justamente, celebras la longevidad, para apreciar la existencia.<\/p>\n<p>Todos los cumplea\u00f1os son especiales y, en el Colegio, este a\u00f1o, celebramos uno mucho: <strong>los 100 a\u00f1os del colegiado Pere Quintana<\/strong>. As\u00ed que, en nombre de todos los miembros del Colegio de Farmac\u00e9uticos de Barcelona, <strong>felices 100 a\u00f1os, SR. \u00a1Quintana!<\/strong><\/p>\n<p><b><div class=\"box shadow\">Carrera profesional<\/b><\/p>\n[caption id=&quot;attachment_28298&quot; align=&quot;alignright&quot; width=&quot;300&quot;]<a href=\"http:\/\/blog.cofb.cat\/wp-content\/uploads\/2017\/02\/Imagen1.jpg\" target=\"_blank\" rel=\"noopener\"><img fetchpriority=\"high\" decoding=\"async\" class=\"wp-image-28298\" alt=\"Per molts anys Pere Quintana. Feli\u00e7os 100!\" src=\"http:\/\/blog.cofb.cat\/wp-content\/uploads\/2017\/02\/Imagen1-300x237.jpg\" width=\"300\" height=\"237\" \/><\/a> El se\u00f1or Quintana con el equipo de la farmacia de la Ronda de Sant Antoni[\/caption]\n<p>La andadura profesional del se\u00f1or Quintana en el mundo de la farmacia se inici\u00f3 un a\u00f1o antes de licenciarse. En 1940 empez\u00f3 a trabajar en la <strong>Farmacia de Riudoms<\/strong>, en Tarragona, donde estuvo dos a\u00f1os. De 1943 a 1945 ayud\u00f3 a gestionar la<strong> Farmacia Coliseum<\/strong>, ya en Barcelona, ciudad en la que desarrollar\u00e1 toda su carrera como farmac\u00e9utico. Tambi\u00e9n en el 45, form\u00f3 parte del equipo de la farmacia del <strong>n\u00famero 15 de Ronda Sant Antoni<\/strong>\u00a0y, poco despu\u00e9s, dio un paso adelante y adquiri\u00f3 la farmacia donde trabaj\u00f3 durante 38 a\u00f1os y, de la que, era su titular. Sin embargo, su esposa, Margarita Trias, se inici\u00f3 como titular de la <strong>farmacia de la Ronda de Arriba n\u00famero 34<\/strong>. Es en este establecimiento donde el se\u00f1or Quintana se traslad\u00f3 al 83 hasta el 88, a\u00f1o en el que, finalmente, decidi\u00f3 jubilarse.<b><\/div><\/b><\/p>\n<p><strong>El aniversario del se\u00f1or Quintana fue el 18 de enero<\/strong> y, en medio de la festividad que se le organiz\u00f3, se le llam\u00f3 colegiado em\u00e9rito. Seguidamente, se pueden ver algunas de las fotograf\u00edas de la celebraci\u00f3n:<\/p>\n\n<p>&nbsp;<\/p>\n<p>La experiencia es un tipo de sabidur\u00eda de mucho valor. Adquirir vivencias aporta unos conocimientos imposibles de obtener estudiante. As\u00ed que, desde el Colegio, estamos muy orgullosos de poder nutrirnos de la voz de quienes han vivido tant\u00edsimas experiencias.<\/p>","protected":false},"excerpt":{"rendered":"<p>La oportunidad de vivir es el mayor regalo que nos proporciona la vida. Cierto es que en el transcurso de los a\u00f1os se originan obst\u00e1culos que complican el d\u00eda a d\u00eda, pero, precisamente, son estos malos momentos los que atribuyen valor a la infinidad de otros maravillosos. S\u00ed, vivir es un regalo y, [\u2026]<\/p>","protected":false},"author":1,"featured_media":28267,"comment_status":"open","ping_status":"open","sticky":false,"template":"","format":"standard","meta":{"_uag_custom_page_level_css":"","site-sidebar-layout":"default","site-content-layout":"","ast-site-content-layout":"default","site-content-style":"default","site-sidebar-style":"default","ast-global-header-display":"","ast-banner-title-visibility":"","ast-main-header-display":"","ast-hfb-above-header-display":"","ast-hfb-below-header-display":"","ast-hfb-mobile-header-display":"","site-post-title":"","ast-breadcrumbs-content":"","ast-featured-img":"disabled","footer-sml-layout":"","theme-transparent-header-meta":"","adv-header-id-meta":"","stick-header-meta":"","header-above-stick-meta":"","header-main-stick-meta":"","header-below-stick-meta":"","astra-migrate-meta-layouts":"default","ast-page-background-enabled":"default","ast-page-background-meta":{"desktop":{"background-color":"var(--ast-global-color-4)","background-image":"","background-repeat":"repeat","background-position":"center center","background-size":"auto","background-attachment":"scroll","background-type":"","background-media":"","overlay-type":"","overlay-color":"","overlay-opacity":"","overlay-gradient":""},"tablet":{"background-color":"","background-image":"","background-repeat":"repeat","background-position":"center center","background-size":"auto","background-attachment":"scroll","background-type":"","background-media":"","overlay-type":"","overlay-color":"","overlay-opacity":"","overlay-gradient":""},"mobile":{"background-color":"","background-image":"","background-repeat":"repeat","background-position":"center center","background-size":"auto","background-attachment":"scroll","background-type":"","background-media":"","overlay-type":"","overlay-color":"","overlay-opacity":"","overlay-gradient":""}},"ast-content-background-meta":{"desktop":{"background-color":"var(--ast-global-color-5)","background-image":"","background-repeat":"repeat","background-position":"center center","background-size":"auto","background-attachment":"scroll","background-type":"","background-media":"","overlay-type":"","overlay-color":"","overlay-opacity":"","overlay-gradient":""},"tablet":{"background-color":"var(--ast-global-color-5)","background-image":"","background-repeat":"repeat","background-position":"center center","background-size":"auto","background-attachment":"scroll","background-type":"","background-media":"","overlay-type":"","overlay-color":"","overlay-opacity":"","overlay-gradient":""},"mobile":{"background-color":"var(--ast-global-color-5)","background-image":"","background-repeat":"repeat","background-position":"center center","background-size":"auto","background-attachment":"scroll","background-type":"","background-media":"","overlay-type":"","overlay-color":"","overlay-opacity":"","overlay-gradient":""}},"footnotes":""},"categories":[57],"tags":[2702,2703,2704,2705,2150,2706],"class_list":["post-28262","post","type-post","status-publish","format-standard","has-post-thumbnail","hentry","category-mon-collegial","tag-100-anys","tag-aniversari","tag-celebracio","tag-centenari","tag-comissio-de-jubilats","tag-pere-quintana"],"yoast_head":"<!-- This site is optimized with the Yoast SEO plugin v22.4 - https:\/\/yoast.com\/wordpress\/plugins\/seo\/ -->\n<title>Per molts anys Pere Quintana. Feli\u00e7os 100!<\/title>\n<meta name=\"description\" content=\"Per molts anys Pere Quintana. Feli\u00e7os 100!\" \/>\n<meta name=\"robots\" content=\"index, follow, max-snippet:-1, max-image-preview:large, max-video-preview:-1\" \/>\n<link rel=\"canonical\" href=\"https:\/\/novaorg.cofb.net\/2017\/03\/01\/celebrem-els-100-anys-de-pere-quintana-col\u00b7legiat-emerit-moltes-felicitats\/\" \/>\n<meta property=\"og:locale\" content=\"es_ES\" \/>\n<meta property=\"og:type\" content=\"article\" \/>\n<meta property=\"og:title\" content=\"Per molts anys Pere Quintana. Feli\u00e7os 100!\" \/>\n<meta property=\"og:description\" content=\"Per molts anys Pere Quintana. Feli\u00e7os 100!\" \/>\n<meta property=\"og:url\" content=\"https:\/\/novaorg.cofb.net\/2017\/03\/01\/celebrem-els-100-anys-de-pere-quintana-col\u00b7legiat-emerit-moltes-felicitats\/\" \/>\n<meta property=\"og:site_name\" content=\"Col\u00b7legi de Farmac\u00e8utics de Barcelona\" \/>\n<meta property=\"article:publisher\" content=\"https:\/\/www.facebook.com\/farmaceuticsbcn\/\" \/>\n<meta property=\"article:published_time\" content=\"2017-03-01T12:19:30+00:00\" \/>\n<meta name=\"author\" content=\"wpAdminCofbOrg\" \/>\n<meta name=\"twitter:card\" content=\"summary_large_image\" \/>\n<meta name=\"twitter:creator\" content=\"@farmaceuticsbcn\" \/>\n<meta name=\"twitter:site\" content=\"@farmaceuticsbcn\" \/>\n<meta name=\"twitter:label1\" content=\"Escrito por\" \/>\n\t<meta name=\"twitter:data1\" content=\"wpAdminCofbOrg\" \/>\n\t<meta name=\"twitter:label2\" content=\"Tiempo de lectura\" \/>\n\t<meta name=\"twitter:data2\" content=\"2 minutos\" \/>\n<script type=\"application\/ld+json\" class=\"yoast-schema-graph\">{\"@context\":\"https:\/\/schema.org\",\"@graph\":[{\"@type\":\"Article\",\"@id\":\"https:\/\/novaorg.cofb.net\/2017\/03\/01\/celebrem-els-100-anys-de-pere-quintana-col%c2%b7legiat-emerit-moltes-felicitats\/#article\",\"isPartOf\":{\"@id\":\"https:\/\/novaorg.cofb.net\/2017\/03\/01\/celebrem-els-100-anys-de-pere-quintana-col%c2%b7legiat-emerit-moltes-felicitats\/\"},\"author\":{\"name\":\"wpAdminCofbOrg\",\"@id\":\"https:\/\/www.cofb.org\/#\/schema\/person\/22ed7eea88da74b0fa4d3154ad87ffcb\"},\"headline\":\"Celebrem els 100 anys de Pere Quintana, col\u00b7legiat em\u00e8rit. Moltes felicitats!\",\"datePublished\":\"2017-03-01T12:19:30+00:00\",\"dateModified\":\"2017-03-01T12:19:30+00:00\",\"mainEntityOfPage\":{\"@id\":\"https:\/\/novaorg.cofb.net\/2017\/03\/01\/celebrem-els-100-anys-de-pere-quintana-col%c2%b7legiat-emerit-moltes-felicitats\/\"},\"wordCount\":425,\"commentCount\":0,\"publisher\":{\"@id\":\"https:\/\/www.cofb.org\/#organization\"},\"image\":{\"@id\":\"https:\/\/novaorg.cofb.net\/2017\/03\/01\/celebrem-els-100-anys-de-pere-quintana-col%c2%b7legiat-emerit-moltes-felicitats\/#primaryimage\"},\"thumbnailUrl\":\"\",\"keywords\":[\"100 anys\",\"aniversari\",\"celebraci\u00f3\",\"centenari\",\"Comissi\u00f3 de Jubilats\",\"Pere Quintana\"],\"articleSection\":[\"M\u00f3n col\u00b7legial\"],\"inLanguage\":\"es\",\"potentialAction\":[{\"@type\":\"CommentAction\",\"name\":\"Comment\",\"target\":[\"https:\/\/novaorg.cofb.net\/2017\/03\/01\/celebrem-els-100-anys-de-pere-quintana-col%c2%b7legiat-emerit-moltes-felicitats\/#respond\"]}]},{\"@type\":\"WebPage\",\"@id\":\"https:\/\/novaorg.cofb.net\/2017\/03\/01\/celebrem-els-100-anys-de-pere-quintana-col%c2%b7legiat-emerit-moltes-felicitats\/\",\"url\":\"https:\/\/novaorg.cofb.net\/2017\/03\/01\/celebrem-els-100-anys-de-pere-quintana-col%c2%b7legiat-emerit-moltes-felicitats\/\",\"name\":\"Per molts anys Pere Quintana. Feli\u00e7os 100!\",\"isPartOf\":{\"@id\":\"https:\/\/www.cofb.org\/#website\"},\"primaryImageOfPage\":{\"@id\":\"https:\/\/novaorg.cofb.net\/2017\/03\/01\/celebrem-els-100-anys-de-pere-quintana-col%c2%b7legiat-emerit-moltes-felicitats\/#primaryimage\"},\"image\":{\"@id\":\"https:\/\/novaorg.cofb.net\/2017\/03\/01\/celebrem-els-100-anys-de-pere-quintana-col%c2%b7legiat-emerit-moltes-felicitats\/#primaryimage\"},\"thumbnailUrl\":\"\",\"datePublished\":\"2017-03-01T12:19:30+00:00\",\"dateModified\":\"2017-03-01T12:19:30+00:00\",\"description\":\"Per molts anys Pere Quintana. Feli\u00e7os 100!\",\"breadcrumb\":{\"@id\":\"https:\/\/novaorg.cofb.net\/2017\/03\/01\/celebrem-els-100-anys-de-pere-quintana-col%c2%b7legiat-emerit-moltes-felicitats\/#breadcrumb\"},\"inLanguage\":\"es\",\"potentialAction\":[{\"@type\":\"ReadAction\",\"target\":[\"https:\/\/novaorg.cofb.net\/2017\/03\/01\/celebrem-els-100-anys-de-pere-quintana-col%c2%b7legiat-emerit-moltes-felicitats\/\"]}]},{\"@type\":\"ImageObject\",\"inLanguage\":\"es\",\"@id\":\"https:\/\/novaorg.cofb.net\/2017\/03\/01\/celebrem-els-100-anys-de-pere-quintana-col%c2%b7legiat-emerit-moltes-felicitats\/#primaryimage\",\"url\":\"\",\"contentUrl\":\"\"},{\"@type\":\"BreadcrumbList\",\"@id\":\"https:\/\/novaorg.cofb.net\/2017\/03\/01\/celebrem-els-100-anys-de-pere-quintana-col%c2%b7legiat-emerit-moltes-felicitats\/#breadcrumb\",\"itemListElement\":[{\"@type\":\"ListItem\",\"position\":1,\"name\":\"Inici\",\"item\":\"https:\/\/novaorg.cofb.net\/\"},{\"@type\":\"ListItem\",\"position\":2,\"name\":\"Celebrem els 100 anys de Pere Quintana, col\u00b7legiat em\u00e8rit. Moltes felicitats!\"}]},{\"@type\":\"WebSite\",\"@id\":\"https:\/\/www.cofb.org\/#website\",\"url\":\"https:\/\/www.cofb.org\/\",\"name\":\"Col\u00b7legi de Farmac\u00e8utics de Barcelona\",\"description\":\"\",\"publisher\":{\"@id\":\"https:\/\/www.cofb.org\/#organization\"},\"potentialAction\":[{\"@type\":\"SearchAction\",\"target\":{\"@type\":\"EntryPoint\",\"urlTemplate\":\"https:\/\/www.cofb.org\/?s={search_term_string}\"},\"query-input\":\"required name=search_term_string\"}],\"inLanguage\":\"es\"},{\"@type\":\"Organization\",\"@id\":\"https:\/\/www.cofb.org\/#organization\",\"name\":\"Col\u00b7legi de Farmac\u00e8utics de Barcelona\",\"url\":\"https:\/\/www.cofb.org\/\",\"logo\":{\"@type\":\"ImageObject\",\"inLanguage\":\"es\",\"@id\":\"https:\/\/www.cofb.org\/#\/schema\/logo\/image\/\",\"url\":\"https:\/\/www.cofb.org\/wp-content\/uploads\/2023\/11\/cropped-Logotip-COFB.png\",\"contentUrl\":\"https:\/\/www.cofb.org\/wp-content\/uploads\/2023\/11\/cropped-Logotip-COFB.png\",\"width\":500,\"height\":105,\"caption\":\"Col\u00b7legi de Farmac\u00e8utics de Barcelona\"},\"image\":{\"@id\":\"https:\/\/www.cofb.org\/#\/schema\/logo\/image\/\"},\"sameAs\":[\"https:\/\/www.facebook.com\/farmaceuticsbcn\/\",\"https:\/\/twitter.com\/farmaceuticsbcn\",\"https:\/\/www.instagram.com\/farmaceuticsbcn\/\",\"https:\/\/www.linkedin.com\/company\/farmaceuticsbcn\/\"]},{\"@type\":\"Person\",\"@id\":\"https:\/\/www.cofb.org\/#\/schema\/person\/22ed7eea88da74b0fa4d3154ad87ffcb\",\"name\":\"wpAdminCofbOrg\",\"image\":{\"@type\":\"ImageObject\",\"inLanguage\":\"es\",\"@id\":\"https:\/\/www.cofb.org\/#\/schema\/person\/image\/\",\"url\":\"https:\/\/secure.gravatar.com\/avatar\/1721b20b3b8ca882c3b56ec6c978c594fff670e40c0718e9190eaeeb76aae7d8?s=96&d=mm&r=g\",\"contentUrl\":\"https:\/\/secure.gravatar.com\/avatar\/1721b20b3b8ca882c3b56ec6c978c594fff670e40c0718e9190eaeeb76aae7d8?s=96&d=mm&r=g\",\"caption\":\"wpAdminCofbOrg\"},\"sameAs\":[\"http:\/\/192.168.64.122\/wordpress\"],\"url\":\"https:\/\/www.cofb.org\/es\/author\/wpadmincofborg\/\"}]}<\/script>\n<!-- \/ Yoast SEO plugin. -->","yoast_head_json":{"title":"Per molts anys Pere Quintana. Feli\u00e7os 100!","description":"Per molts anys Pere Quintana. Feli\u00e7os 100!","robots":{"index":"index","follow":"follow","max-snippet":"max-snippet:-1","max-image-preview":"max-image-preview:large","max-video-preview":"max-video-preview:-1"},"canonical":"https:\/\/novaorg.cofb.net\/2017\/03\/01\/celebrem-els-100-anys-de-pere-quintana-col\u00b7legiat-emerit-moltes-felicitats\/","og_locale":"es_ES","og_type":"article","og_title":"Per molts anys Pere Quintana. Feli\u00e7os 100!","og_description":"Per molts anys Pere Quintana. Feli\u00e7os 100!","og_url":"https:\/\/novaorg.cofb.net\/2017\/03\/01\/celebrem-els-100-anys-de-pere-quintana-col\u00b7legiat-emerit-moltes-felicitats\/","og_site_name":"Col\u00b7legi de Farmac\u00e8utics de Barcelona","article_publisher":"https:\/\/www.facebook.com\/farmaceuticsbcn\/","article_published_time":"2017-03-01T12:19:30+00:00","author":"wpAdminCofbOrg","twitter_card":"summary_large_image","twitter_creator":"@farmaceuticsbcn","twitter_site":"@farmaceuticsbcn","twitter_misc":{"Escrito por":"wpAdminCofbOrg","Tiempo de lectura":"2 minutos"},"schema":{"@context":"https:\/\/schema.org","@graph":[{"@type":"Article","@id":"https:\/\/novaorg.cofb.net\/2017\/03\/01\/celebrem-els-100-anys-de-pere-quintana-col%c2%b7legiat-emerit-moltes-felicitats\/#article","isPartOf":{"@id":"https:\/\/novaorg.cofb.net\/2017\/03\/01\/celebrem-els-100-anys-de-pere-quintana-col%c2%b7legiat-emerit-moltes-felicitats\/"},"author":{"name":"wpAdminCofbOrg","@id":"https:\/\/www.cofb.org\/#\/schema\/person\/22ed7eea88da74b0fa4d3154ad87ffcb"},"headline":"Celebrem els 100 anys de Pere Quintana, col\u00b7legiat em\u00e8rit. Moltes felicitats!","datePublished":"2017-03-01T12:19:30+00:00","dateModified":"2017-03-01T12:19:30+00:00","mainEntityOfPage":{"@id":"https:\/\/novaorg.cofb.net\/2017\/03\/01\/celebrem-els-100-anys-de-pere-quintana-col%c2%b7legiat-emerit-moltes-felicitats\/"},"wordCount":425,"commentCount":0,"publisher":{"@id":"https:\/\/www.cofb.org\/#organization"},"image":{"@id":"https:\/\/novaorg.cofb.net\/2017\/03\/01\/celebrem-els-100-anys-de-pere-quintana-col%c2%b7legiat-emerit-moltes-felicitats\/#primaryimage"},"thumbnailUrl":"","keywords":["100 anys","aniversari","celebraci\u00f3","centenari","Comissi\u00f3 de Jubilats","Pere Quintana"],"articleSection":["M\u00f3n col\u00b7legial"],"inLanguage":"es","potentialAction":[{"@type":"CommentAction","name":"Comment","target":["https:\/\/novaorg.cofb.net\/2017\/03\/01\/celebrem-els-100-anys-de-pere-quintana-col%c2%b7legiat-emerit-moltes-felicitats\/#respond"]}]},{"@type":"WebPage","@id":"https:\/\/novaorg.cofb.net\/2017\/03\/01\/celebrem-els-100-anys-de-pere-quintana-col%c2%b7legiat-emerit-moltes-felicitats\/","url":"https:\/\/novaorg.cofb.net\/2017\/03\/01\/celebrem-els-100-anys-de-pere-quintana-col%c2%b7legiat-emerit-moltes-felicitats\/","name":"Per molts anys Pere Quintana. Feli\u00e7os 100!","isPartOf":{"@id":"https:\/\/www.cofb.org\/#website"},"primaryImageOfPage":{"@id":"https:\/\/novaorg.cofb.net\/2017\/03\/01\/celebrem-els-100-anys-de-pere-quintana-col%c2%b7legiat-emerit-moltes-felicitats\/#primaryimage"},"image":{"@id":"https:\/\/novaorg.cofb.net\/2017\/03\/01\/celebrem-els-100-anys-de-pere-quintana-col%c2%b7legiat-emerit-moltes-felicitats\/#primaryimage"},"thumbnailUrl":"","datePublished":"2017-03-01T12:19:30+00:00","dateModified":"2017-03-01T12:19:30+00:00","description":"Per molts anys Pere Quintana. Feli\u00e7os 100!","breadcrumb":{"@id":"https:\/\/novaorg.cofb.net\/2017\/03\/01\/celebrem-els-100-anys-de-pere-quintana-col%c2%b7legiat-emerit-moltes-felicitats\/#breadcrumb"},"inLanguage":"es","potentialAction":[{"@type":"ReadAction","target":["https:\/\/novaorg.cofb.net\/2017\/03\/01\/celebrem-els-100-anys-de-pere-quintana-col%c2%b7legiat-emerit-moltes-felicitats\/"]}]},{"@type":"ImageObject","inLanguage":"es","@id":"https:\/\/novaorg.cofb.net\/2017\/03\/01\/celebrem-els-100-anys-de-pere-quintana-col%c2%b7legiat-emerit-moltes-felicitats\/#primaryimage","url":"","contentUrl":""},{"@type":"BreadcrumbList","@id":"https:\/\/novaorg.cofb.net\/2017\/03\/01\/celebrem-els-100-anys-de-pere-quintana-col%c2%b7legiat-emerit-moltes-felicitats\/#breadcrumb","itemListElement":[{"@type":"ListItem","position":1,"name":"Inici","item":"https:\/\/novaorg.cofb.net\/"},{"@type":"ListItem","position":2,"name":"Celebrem els 100 anys de Pere Quintana, col\u00b7legiat em\u00e8rit. Moltes felicitats!"}]},{"@type":"WebSite","@id":"https:\/\/www.cofb.org\/#website","url":"https:\/\/www.cofb.org\/","name":"Col\u00b7legi de Farmac\u00e8utics de Barcelona","description":"","publisher":{"@id":"https:\/\/www.cofb.org\/#organization"},"potentialAction":[{"@type":"SearchAction","target":{"@type":"EntryPoint","urlTemplate":"https:\/\/www.cofb.org\/?s={search_term_string}"},"query-input":"required name=search_term_string"}],"inLanguage":"es"},{"@type":"Organization","@id":"https:\/\/www.cofb.org\/#organization","name":"Col\u00b7legi de Farmac\u00e8utics de Barcelona","url":"https:\/\/www.cofb.org\/","logo":{"@type":"ImageObject","inLanguage":"es","@id":"https:\/\/www.cofb.org\/#\/schema\/logo\/image\/","url":"https:\/\/www.cofb.org\/wp-content\/uploads\/2023\/11\/cropped-Logotip-COFB.png","contentUrl":"https:\/\/www.cofb.org\/wp-content\/uploads\/2023\/11\/cropped-Logotip-COFB.png","width":500,"height":105,"caption":"Col\u00b7legi de Farmac\u00e8utics de Barcelona"},"image":{"@id":"https:\/\/www.cofb.org\/#\/schema\/logo\/image\/"},"sameAs":["https:\/\/www.facebook.com\/farmaceuticsbcn\/","https:\/\/twitter.com\/farmaceuticsbcn","https:\/\/www.instagram.com\/farmaceuticsbcn\/","https:\/\/www.linkedin.com\/company\/farmaceuticsbcn\/"]},{"@type":"Person","@id":"https:\/\/www.cofb.org\/#\/schema\/person\/22ed7eea88da74b0fa4d3154ad87ffcb","name":"wpAdminCofbOrg","image":{"@type":"ImageObject","inLanguage":"es","@id":"https:\/\/www.cofb.org\/#\/schema\/person\/image\/","url":"https:\/\/secure.gravatar.com\/avatar\/1721b20b3b8ca882c3b56ec6c978c594fff670e40c0718e9190eaeeb76aae7d8?s=96&d=mm&r=g","contentUrl":"https:\/\/secure.gravatar.com\/avatar\/1721b20b3b8ca882c3b56ec6c978c594fff670e40c0718e9190eaeeb76aae7d8?s=96&d=mm&r=g","caption":"wpAdminCofbOrg"},"sameAs":["http:\/\/192.168.64.122\/wordpress"],"url":"https:\/\/www.cofb.org\/es\/author\/wpadmincofborg\/"}]}},"uagb_featured_image_src":{"full":false,"thumbnail":false,"medium":false,"medium_large":false,"large":false,"1536x1536":false,"2048x2048":false,"trp-custom-language-flag":false},"uagb_author_info":{"display_name":"wpAdminCofbOrg","author_link":"https:\/\/www.cofb.org\/es\/author\/wpadmincofborg\/"},"uagb_comment_info":0,"uagb_excerpt":"L\u2019oportunitat de viure \u00e9s el regal m\u00e9s gran que ens proporciona la vida. Cert \u00e9s que en el transcurs dels anys s\u2019originen entrebancs que compliquen el dia a dia, per\u00f2, precisament, s\u00f3n aquests mals moments els que atribueixen valor a la infinitat d\u2019altres meravellosos. S\u00ed, viure \u00e9s un regal i, [&hellip;]","_links":{"self":[{"href":"https:\/\/www.cofb.org\/es\/wp-json\/wp\/v2\/posts\/28262","targetHints":{"allow":["GET"]}}],"collection":[{"href":"https:\/\/www.cofb.org\/es\/wp-json\/wp\/v2\/posts"}],"about":[{"href":"https:\/\/www.cofb.org\/es\/wp-json\/wp\/v2\/types\/post"}],"author":[{"embeddable":true,"href":"https:\/\/www.cofb.org\/es\/wp-json\/wp\/v2\/users\/1"}],"replies":[{"embeddable":true,"href":"https:\/\/www.cofb.org\/es\/wp-json\/wp\/v2\/comments?post=28262"}],"version-history":[{"count":0,"href":"https:\/\/www.cofb.org\/es\/wp-json\/wp\/v2\/posts\/28262\/revisions"}],"wp:featuredmedia":[{"embeddable":true,"href":"https:\/\/www.cofb.org\/es\/wp-json\/"}],"wp:attachment":[{"href":"https:\/\/www.cofb.org\/es\/wp-json\/wp\/v2\/media?parent=28262"}],"wp:term":[{"taxonomy":"category","embeddable":true,"href":"https:\/\/www.cofb.org\/es\/wp-json\/wp\/v2\/categories?post=28262"},{"taxonomy":"post_tag","embeddable":true,"href":"https:\/\/www.cofb.org\/es\/wp-json\/wp\/v2\/tags?post=28262"}],"curies":[{"name":"wp","href":"https:\/\/api.w.org\/{rel}","templated":true}]}}