{"id":27891,"date":"2017-02-08T17:34:29","date_gmt":"2017-02-08T16:34:29","guid":{"rendered":"http:\/\/blog.cofb.cat\/?p=27891"},"modified":"2017-02-08T17:34:29","modified_gmt":"2017-02-08T16:34:29","slug":"tractament-de-les-alteracions-otorinolaringologiques-de-mes-prevalenca","status":"publish","type":"post","link":"https:\/\/www.cofb.org\/es\/2017\/02\/08\/tractament-de-les-alteracions-otorinolaringologiques-de-mes-prevalenca\/","title":{"rendered":"Tratamiento de las alteraciones otorrinolaringol\u00f3gicas de mayor prevalencia"},"content":{"rendered":"<figure id=\"attachment_27899\" aria-describedby=\"caption-attachment-27899\" style=\"width: 238px\" class=\"wp-caption alignleft\"><a href=\"http:\/\/blog.cofb.cat\/wp-content\/uploads\/2017\/02\/patologies_otorino_COFB.jpg\"><img fetchpriority=\"high\" decoding=\"async\" class=\"wp-image-27899\" alt=\"patologies_otorino_COFB\" src=\"http:\/\/blog.cofb.cat\/wp-content\/uploads\/2017\/02\/patologies_otorino_COFB-673x1024.jpg\" width=\"238\" height=\"362\" \/><\/a><figcaption id=\"caption-attachment-27899\" class=\"wp-caption-text\">Guillermo Bagaria, vicetesorero del COFB, present\u00f3 la sesi\u00f3n impartida por Josep M. Cots, m\u00e9dico miembro de la semFYC<\/figcaption><\/figure>\n<p>Las <b>patolog\u00edas otorrinolaringol\u00f3gicas son la causa de consulta m\u00e9dica mayoritaria tanto en atenci\u00f3n primaria como en atenci\u00f3n farmac\u00e9utica<\/b>. Pueden desarrollarse como un proceso leve o presentar complicaciones de repercusi\u00f3n cl\u00ednica importante. A menudo, las patolog\u00edas infecciosas son de etiolog\u00eda v\u00edrica y se resuelven en pocos d\u00edas. <strong>El hecho de que en algunos casos se instaure una prescripci\u00f3n o automedicaci\u00f3n emp\u00edrica con antibi\u00f3ticos hace que aumenten las tasas de resistencia y baje la eficacia de los antimicrobianos.\u00a0<\/strong>Para facilitar la comprensi\u00f3n y atenci\u00f3n farmac\u00e9utica de estas patolog\u00edas es necesario conocer la anatom\u00eda, la etiopatogenia, la cl\u00ednica y el tratamiento farmacoterap\u00e9utico de elecci\u00f3n y tambi\u00e9n las medidas de prevenci\u00f3n y de recomendaci\u00f3n sanitaria para mejorar la actuaci\u00f3n y la indicaci\u00f3n farmac\u00e9utica de las consultas que recibimos en la farmacia.<\/p>\n<p>Con el objetivo de ense\u00f1ar a reconocer la sintomatolog\u00eda com\u00fan y diferencial de cada una de las patolog\u00edas que abordar\u00e1 el curso, conocer los tratamientos farmacol\u00f3gicos y de indicaci\u00f3n farmac\u00e9utica de elecci\u00f3n, aconsejar las medidas de prevenci\u00f3n y recomendaci\u00f3n sanitaria, y realizar una correcta actuaci\u00f3n farmac\u00e9utica e identificar cu\u00e1ndo debe derivarse al especialista, el COFB organiz\u00f3 el curso sobre cl\u00ednica y tratamiento de estas patolog\u00edas de mayor prevalencia, que tuvo lugar el pasado mes de enero.<\/p>\n<figure id=\"attachment_27898\" aria-describedby=\"caption-attachment-27898\" style=\"width: 335px\" class=\"wp-caption alignright\"><a href=\"http:\/\/blog.cofb.cat\/wp-content\/uploads\/2017\/02\/epistaxi.jpg\"><img decoding=\"async\" class=\"wp-image-27898\" alt=\"epistaxi\" src=\"http:\/\/blog.cofb.cat\/wp-content\/uploads\/2017\/02\/epistaxi-1024x682.jpg\" width=\"335\" height=\"222\" \/><\/a><figcaption id=\"caption-attachment-27898\" class=\"wp-caption-text\">El epistaxi fue una de las patolog\u00edas tratadas en el curso<\/figcaption><\/figure>\n<p>En el programa se incluy\u00f3 la cl\u00ednica y tratamiento de estas patolog\u00edas: <strong>faringoamigdalitis, laringitis, sinusitis, rinitis, p\u00f3lipos nasales, <a href=\"http:\/\/www.farmaceuticonline.com\/ca\/familia\/681-epistaxis\" target=\"_blank\" rel=\"noopener\">epistaxis<\/a>, otitis y cer\u00famenes, ac\u00fafenos, v\u00e9rtigos, hipoacusias, sustancias otot\u00f3xicas<\/strong>, entre otros. La formaci\u00f3n corri\u00f3 a cargo de <strong>Josep M. Cots<\/strong>, m\u00e9dico de familia y miembro del Grupo de Trabajo de Enfermedades Infecciosas de la semFYC. El curso estuvo coordinado por<strong> Cristina Rodr\u00edguez<\/strong> jefe del Departamento de Formaci\u00f3n y Desarrollo Profesional del COF de Barcelona.<\/p>\n<p><strong><div class=\"box shadow\">\u00bfSaber m\u00e1s? Temas relacionados v\u00eda Farmaceuticonline<\/strong>, nuestra web de salud:<\/p>\n<ul>\n<li><a href=\"http:\/\/www.farmaceuticonline.com\/ca\/familia\/684-dolor-de-garganta\" target=\"_blank\" rel=\"noopener\">Dolor de garganta <\/a>(faringitis, la laringitis y la amigdalitis),<\/li>\n<li><a href=\"http:\/\/www.farmaceuticonline.com\/ca\/familia\/538-resfriados-con-complicaciones?showall=1\" target=\"_blank\" rel=\"noopener\">Resfriado con complicaciones<\/a><\/li>\n<li><a href=\"http:\/\/www.farmaceuticonline.com\/ca\/familia\/548-tos?showall=1\" target=\"_blank\" rel=\"noopener\">La tos<\/a><\/li>\n<li><a href=\"http:\/\/www.farmaceuticonline.com\/ca\/familia\/527-plantas-medicinales-en-invierno?showall=1\" target=\"_blank\" rel=\"noopener\">Plantas medicinales en invierno<\/a><strong><\/div><\/strong><\/li>\n<\/ul>\n<p>&nbsp;<\/p>","protected":false},"excerpt":{"rendered":"<p>Las patolog\u00edas otorrinolaringol\u00f3gicas son la causa de consulta m\u00e9dica mayoritaria tanto en atenci\u00f3n primaria como en atenci\u00f3n farmac\u00e9utica. Pueden desarrollarse como un proceso leve o presentar complicaciones de repercusi\u00f3n cl\u00ednica importante. A menudo, las patolog\u00edas infecciosas son de etiolog\u00eda v\u00edrica y se resuelven en pocos d\u00edas. El hecho de que en algunos [\u2026]<\/p>","protected":false},"author":1,"featured_media":27898,"comment_status":"open","ping_status":"open","sticky":false,"template":"","format":"standard","meta":{"_uag_custom_page_level_css":"","site-sidebar-layout":"default","site-content-layout":"","ast-site-content-layout":"default","site-content-style":"default","site-sidebar-style":"default","ast-global-header-display":"","ast-banner-title-visibility":"","ast-main-header-display":"","ast-hfb-above-header-display":"","ast-hfb-below-header-display":"","ast-hfb-mobile-header-display":"","site-post-title":"","ast-breadcrumbs-content":"","ast-featured-img":"disabled","footer-sml-layout":"","theme-transparent-header-meta":"","adv-header-id-meta":"","stick-header-meta":"","header-above-stick-meta":"","header-main-stick-meta":"","header-below-stick-meta":"","astra-migrate-meta-layouts":"default","ast-page-background-enabled":"default","ast-page-background-meta":{"desktop":{"background-color":"var(--ast-global-color-4)","background-image":"","background-repeat":"repeat","background-position":"center center","background-size":"auto","background-attachment":"scroll","background-type":"","background-media":"","overlay-type":"","overlay-color":"","overlay-opacity":"","overlay-gradient":""},"tablet":{"background-color":"","background-image":"","background-repeat":"repeat","background-position":"center center","background-size":"auto","background-attachment":"scroll","background-type":"","background-media":"","overlay-type":"","overlay-color":"","overlay-opacity":"","overlay-gradient":""},"mobile":{"background-color":"","background-image":"","background-repeat":"repeat","background-position":"center center","background-size":"auto","background-attachment":"scroll","background-type":"","background-media":"","overlay-type":"","overlay-color":"","overlay-opacity":"","overlay-gradient":""}},"ast-content-background-meta":{"desktop":{"background-color":"var(--ast-global-color-5)","background-image":"","background-repeat":"repeat","background-position":"center center","background-size":"auto","background-attachment":"scroll","background-type":"","background-media":"","overlay-type":"","overlay-color":"","overlay-opacity":"","overlay-gradient":""},"tablet":{"background-color":"var(--ast-global-color-5)","background-image":"","background-repeat":"repeat","background-position":"center center","background-size":"auto","background-attachment":"scroll","background-type":"","background-media":"","overlay-type":"","overlay-color":"","overlay-opacity":"","overlay-gradient":""},"mobile":{"background-color":"var(--ast-global-color-5)","background-image":"","background-repeat":"repeat","background-position":"center center","background-size":"auto","background-attachment":"scroll","background-type":"","background-media":"","overlay-type":"","overlay-color":"","overlay-opacity":"","overlay-gradient":""}},"footnotes":""},"categories":[57],"tags":[2672,2673,2674,2675,69,70,2676,2677,2678,2679,2680,988,2681,2682],"class_list":["post-27891","post","type-post","status-publish","format-standard","has-post-thumbnail","hentry","category-mon-collegial","tag-acufens","tag-alteracions-otorinolaringologiques","tag-epistaxis","tag-faringoamigdalitis","tag-farmacia-comunitaria","tag-formacio","tag-hipoacusies","tag-laringitis","tag-otitis-i-cerumens","tag-polips-nasals","tag-rinitis","tag-sinusitis","tag-substancies-ototoxiques","tag-vertigens"],"yoast_head":"<!-- This site is optimized with the Yoast SEO plugin v22.4 - https:\/\/yoast.com\/wordpress\/plugins\/seo\/ -->\n<title>Tractament de les alteracions otorinolaringol\u00f2giques de m\u00e9s prevalen\u00e7a<\/title>\n<meta name=\"description\" content=\"Tractament de les alteracions otorinolaringol\u00f2giques de m\u00e9s prevalen\u00e7a\" \/>\n<meta name=\"robots\" content=\"index, follow, max-snippet:-1, max-image-preview:large, max-video-preview:-1\" \/>\n<link rel=\"canonical\" href=\"https:\/\/novaorg.cofb.net\/2017\/02\/08\/tractament-de-les-alteracions-otorinolaringologiques-de-mes-prevalenca\/\" \/>\n<meta property=\"og:locale\" content=\"es_ES\" \/>\n<meta property=\"og:type\" content=\"article\" \/>\n<meta property=\"og:title\" content=\"Tractament de les alteracions otorinolaringol\u00f2giques de m\u00e9s prevalen\u00e7a\" \/>\n<meta property=\"og:description\" content=\"Tractament de les alteracions otorinolaringol\u00f2giques de m\u00e9s prevalen\u00e7a\" \/>\n<meta property=\"og:url\" content=\"https:\/\/novaorg.cofb.net\/2017\/02\/08\/tractament-de-les-alteracions-otorinolaringologiques-de-mes-prevalenca\/\" \/>\n<meta property=\"og:site_name\" content=\"Col\u00b7legi de Farmac\u00e8utics de Barcelona\" \/>\n<meta property=\"article:publisher\" content=\"https:\/\/www.facebook.com\/farmaceuticsbcn\/\" \/>\n<meta property=\"article:published_time\" content=\"2017-02-08T16:34:29+00:00\" \/>\n<meta name=\"author\" content=\"wpAdminCofbOrg\" \/>\n<meta name=\"twitter:card\" content=\"summary_large_image\" \/>\n<meta name=\"twitter:creator\" content=\"@farmaceuticsbcn\" \/>\n<meta name=\"twitter:site\" content=\"@farmaceuticsbcn\" \/>\n<meta name=\"twitter:label1\" content=\"Escrito por\" \/>\n\t<meta name=\"twitter:data1\" content=\"wpAdminCofbOrg\" \/>\n\t<meta name=\"twitter:label2\" content=\"Tiempo de lectura\" \/>\n\t<meta name=\"twitter:data2\" content=\"2 minutos\" \/>\n<script type=\"application\/ld+json\" class=\"yoast-schema-graph\">{\"@context\":\"https:\/\/schema.org\",\"@graph\":[{\"@type\":\"Article\",\"@id\":\"https:\/\/novaorg.cofb.net\/2017\/02\/08\/tractament-de-les-alteracions-otorinolaringologiques-de-mes-prevalenca\/#article\",\"isPartOf\":{\"@id\":\"https:\/\/novaorg.cofb.net\/2017\/02\/08\/tractament-de-les-alteracions-otorinolaringologiques-de-mes-prevalenca\/\"},\"author\":{\"name\":\"wpAdminCofbOrg\",\"@id\":\"https:\/\/www.cofb.org\/#\/schema\/person\/22ed7eea88da74b0fa4d3154ad87ffcb\"},\"headline\":\"Tractament de les alteracions otorinolaringol\u00f2giques de m\u00e9s prevalen\u00e7a\",\"datePublished\":\"2017-02-08T16:34:29+00:00\",\"dateModified\":\"2017-02-08T16:34:29+00:00\",\"mainEntityOfPage\":{\"@id\":\"https:\/\/novaorg.cofb.net\/2017\/02\/08\/tractament-de-les-alteracions-otorinolaringologiques-de-mes-prevalenca\/\"},\"wordCount\":414,\"commentCount\":0,\"publisher\":{\"@id\":\"https:\/\/www.cofb.org\/#organization\"},\"image\":{\"@id\":\"https:\/\/novaorg.cofb.net\/2017\/02\/08\/tractament-de-les-alteracions-otorinolaringologiques-de-mes-prevalenca\/#primaryimage\"},\"thumbnailUrl\":\"\",\"keywords\":[\"ac\u00fafens\",\"alteracions otorinolaringol\u00f2giques\",\"epistaxis\",\"faringoamigdalitis\",\"farm\u00e0cia comunit\u00e0ria\",\"Formaci\u00f3\",\"hipoac\u00fasies\",\"laringitis\",\"otitis i cer\u00famens\",\"p\u00f2lips nasals\",\"rinitis\",\"sinusitis\",\"subst\u00e0ncies otot\u00f2xiques\",\"vert\u00edgens\"],\"articleSection\":[\"M\u00f3n col\u00b7legial\"],\"inLanguage\":\"es\",\"potentialAction\":[{\"@type\":\"CommentAction\",\"name\":\"Comment\",\"target\":[\"https:\/\/novaorg.cofb.net\/2017\/02\/08\/tractament-de-les-alteracions-otorinolaringologiques-de-mes-prevalenca\/#respond\"]}]},{\"@type\":\"WebPage\",\"@id\":\"https:\/\/novaorg.cofb.net\/2017\/02\/08\/tractament-de-les-alteracions-otorinolaringologiques-de-mes-prevalenca\/\",\"url\":\"https:\/\/novaorg.cofb.net\/2017\/02\/08\/tractament-de-les-alteracions-otorinolaringologiques-de-mes-prevalenca\/\",\"name\":\"Tractament de les alteracions otorinolaringol\u00f2giques de m\u00e9s prevalen\u00e7a\",\"isPartOf\":{\"@id\":\"https:\/\/www.cofb.org\/#website\"},\"primaryImageOfPage\":{\"@id\":\"https:\/\/novaorg.cofb.net\/2017\/02\/08\/tractament-de-les-alteracions-otorinolaringologiques-de-mes-prevalenca\/#primaryimage\"},\"image\":{\"@id\":\"https:\/\/novaorg.cofb.net\/2017\/02\/08\/tractament-de-les-alteracions-otorinolaringologiques-de-mes-prevalenca\/#primaryimage\"},\"thumbnailUrl\":\"\",\"datePublished\":\"2017-02-08T16:34:29+00:00\",\"dateModified\":\"2017-02-08T16:34:29+00:00\",\"description\":\"Tractament de les alteracions otorinolaringol\u00f2giques de m\u00e9s prevalen\u00e7a\",\"breadcrumb\":{\"@id\":\"https:\/\/novaorg.cofb.net\/2017\/02\/08\/tractament-de-les-alteracions-otorinolaringologiques-de-mes-prevalenca\/#breadcrumb\"},\"inLanguage\":\"es\",\"potentialAction\":[{\"@type\":\"ReadAction\",\"target\":[\"https:\/\/novaorg.cofb.net\/2017\/02\/08\/tractament-de-les-alteracions-otorinolaringologiques-de-mes-prevalenca\/\"]}]},{\"@type\":\"ImageObject\",\"inLanguage\":\"es\",\"@id\":\"https:\/\/novaorg.cofb.net\/2017\/02\/08\/tractament-de-les-alteracions-otorinolaringologiques-de-mes-prevalenca\/#primaryimage\",\"url\":\"\",\"contentUrl\":\"\"},{\"@type\":\"BreadcrumbList\",\"@id\":\"https:\/\/novaorg.cofb.net\/2017\/02\/08\/tractament-de-les-alteracions-otorinolaringologiques-de-mes-prevalenca\/#breadcrumb\",\"itemListElement\":[{\"@type\":\"ListItem\",\"position\":1,\"name\":\"Inici\",\"item\":\"https:\/\/novaorg.cofb.net\/\"},{\"@type\":\"ListItem\",\"position\":2,\"name\":\"Tractament de les alteracions otorinolaringol\u00f2giques de m\u00e9s prevalen\u00e7a\"}]},{\"@type\":\"WebSite\",\"@id\":\"https:\/\/www.cofb.org\/#website\",\"url\":\"https:\/\/www.cofb.org\/\",\"name\":\"Col\u00b7legi de Farmac\u00e8utics de Barcelona\",\"description\":\"\",\"publisher\":{\"@id\":\"https:\/\/www.cofb.org\/#organization\"},\"potentialAction\":[{\"@type\":\"SearchAction\",\"target\":{\"@type\":\"EntryPoint\",\"urlTemplate\":\"https:\/\/www.cofb.org\/?s={search_term_string}\"},\"query-input\":\"required name=search_term_string\"}],\"inLanguage\":\"es\"},{\"@type\":\"Organization\",\"@id\":\"https:\/\/www.cofb.org\/#organization\",\"name\":\"Col\u00b7legi de Farmac\u00e8utics de Barcelona\",\"url\":\"https:\/\/www.cofb.org\/\",\"logo\":{\"@type\":\"ImageObject\",\"inLanguage\":\"es\",\"@id\":\"https:\/\/www.cofb.org\/#\/schema\/logo\/image\/\",\"url\":\"https:\/\/www.cofb.org\/wp-content\/uploads\/2023\/11\/cropped-Logotip-COFB.png\",\"contentUrl\":\"https:\/\/www.cofb.org\/wp-content\/uploads\/2023\/11\/cropped-Logotip-COFB.png\",\"width\":500,\"height\":105,\"caption\":\"Col\u00b7legi de Farmac\u00e8utics de Barcelona\"},\"image\":{\"@id\":\"https:\/\/www.cofb.org\/#\/schema\/logo\/image\/\"},\"sameAs\":[\"https:\/\/www.facebook.com\/farmaceuticsbcn\/\",\"https:\/\/twitter.com\/farmaceuticsbcn\",\"https:\/\/www.instagram.com\/farmaceuticsbcn\/\",\"https:\/\/www.linkedin.com\/company\/farmaceuticsbcn\/\"]},{\"@type\":\"Person\",\"@id\":\"https:\/\/www.cofb.org\/#\/schema\/person\/22ed7eea88da74b0fa4d3154ad87ffcb\",\"name\":\"wpAdminCofbOrg\",\"image\":{\"@type\":\"ImageObject\",\"inLanguage\":\"es\",\"@id\":\"https:\/\/www.cofb.org\/#\/schema\/person\/image\/\",\"url\":\"https:\/\/secure.gravatar.com\/avatar\/1721b20b3b8ca882c3b56ec6c978c594fff670e40c0718e9190eaeeb76aae7d8?s=96&d=mm&r=g\",\"contentUrl\":\"https:\/\/secure.gravatar.com\/avatar\/1721b20b3b8ca882c3b56ec6c978c594fff670e40c0718e9190eaeeb76aae7d8?s=96&d=mm&r=g\",\"caption\":\"wpAdminCofbOrg\"},\"sameAs\":[\"http:\/\/192.168.64.122\/wordpress\"],\"url\":\"https:\/\/www.cofb.org\/es\/author\/wpadmincofborg\/\"}]}<\/script>\n<!-- \/ Yoast SEO plugin. -->","yoast_head_json":{"title":"Tractament de les alteracions otorinolaringol\u00f2giques de m\u00e9s prevalen\u00e7a","description":"Tractament de les alteracions otorinolaringol\u00f2giques de m\u00e9s prevalen\u00e7a","robots":{"index":"index","follow":"follow","max-snippet":"max-snippet:-1","max-image-preview":"max-image-preview:large","max-video-preview":"max-video-preview:-1"},"canonical":"https:\/\/novaorg.cofb.net\/2017\/02\/08\/tractament-de-les-alteracions-otorinolaringologiques-de-mes-prevalenca\/","og_locale":"es_ES","og_type":"article","og_title":"Tractament de les alteracions otorinolaringol\u00f2giques de m\u00e9s prevalen\u00e7a","og_description":"Tractament de les alteracions otorinolaringol\u00f2giques de m\u00e9s prevalen\u00e7a","og_url":"https:\/\/novaorg.cofb.net\/2017\/02\/08\/tractament-de-les-alteracions-otorinolaringologiques-de-mes-prevalenca\/","og_site_name":"Col\u00b7legi de Farmac\u00e8utics de Barcelona","article_publisher":"https:\/\/www.facebook.com\/farmaceuticsbcn\/","article_published_time":"2017-02-08T16:34:29+00:00","author":"wpAdminCofbOrg","twitter_card":"summary_large_image","twitter_creator":"@farmaceuticsbcn","twitter_site":"@farmaceuticsbcn","twitter_misc":{"Escrito por":"wpAdminCofbOrg","Tiempo de lectura":"2 minutos"},"schema":{"@context":"https:\/\/schema.org","@graph":[{"@type":"Article","@id":"https:\/\/novaorg.cofb.net\/2017\/02\/08\/tractament-de-les-alteracions-otorinolaringologiques-de-mes-prevalenca\/#article","isPartOf":{"@id":"https:\/\/novaorg.cofb.net\/2017\/02\/08\/tractament-de-les-alteracions-otorinolaringologiques-de-mes-prevalenca\/"},"author":{"name":"wpAdminCofbOrg","@id":"https:\/\/www.cofb.org\/#\/schema\/person\/22ed7eea88da74b0fa4d3154ad87ffcb"},"headline":"Tractament de les alteracions otorinolaringol\u00f2giques de m\u00e9s prevalen\u00e7a","datePublished":"2017-02-08T16:34:29+00:00","dateModified":"2017-02-08T16:34:29+00:00","mainEntityOfPage":{"@id":"https:\/\/novaorg.cofb.net\/2017\/02\/08\/tractament-de-les-alteracions-otorinolaringologiques-de-mes-prevalenca\/"},"wordCount":414,"commentCount":0,"publisher":{"@id":"https:\/\/www.cofb.org\/#organization"},"image":{"@id":"https:\/\/novaorg.cofb.net\/2017\/02\/08\/tractament-de-les-alteracions-otorinolaringologiques-de-mes-prevalenca\/#primaryimage"},"thumbnailUrl":"","keywords":["ac\u00fafens","alteracions otorinolaringol\u00f2giques","epistaxis","faringoamigdalitis","farm\u00e0cia comunit\u00e0ria","Formaci\u00f3","hipoac\u00fasies","laringitis","otitis i cer\u00famens","p\u00f2lips nasals","rinitis","sinusitis","subst\u00e0ncies otot\u00f2xiques","vert\u00edgens"],"articleSection":["M\u00f3n col\u00b7legial"],"inLanguage":"es","potentialAction":[{"@type":"CommentAction","name":"Comment","target":["https:\/\/novaorg.cofb.net\/2017\/02\/08\/tractament-de-les-alteracions-otorinolaringologiques-de-mes-prevalenca\/#respond"]}]},{"@type":"WebPage","@id":"https:\/\/novaorg.cofb.net\/2017\/02\/08\/tractament-de-les-alteracions-otorinolaringologiques-de-mes-prevalenca\/","url":"https:\/\/novaorg.cofb.net\/2017\/02\/08\/tractament-de-les-alteracions-otorinolaringologiques-de-mes-prevalenca\/","name":"Tractament de les alteracions otorinolaringol\u00f2giques de m\u00e9s prevalen\u00e7a","isPartOf":{"@id":"https:\/\/www.cofb.org\/#website"},"primaryImageOfPage":{"@id":"https:\/\/novaorg.cofb.net\/2017\/02\/08\/tractament-de-les-alteracions-otorinolaringologiques-de-mes-prevalenca\/#primaryimage"},"image":{"@id":"https:\/\/novaorg.cofb.net\/2017\/02\/08\/tractament-de-les-alteracions-otorinolaringologiques-de-mes-prevalenca\/#primaryimage"},"thumbnailUrl":"","datePublished":"2017-02-08T16:34:29+00:00","dateModified":"2017-02-08T16:34:29+00:00","description":"Tractament de les alteracions otorinolaringol\u00f2giques de m\u00e9s prevalen\u00e7a","breadcrumb":{"@id":"https:\/\/novaorg.cofb.net\/2017\/02\/08\/tractament-de-les-alteracions-otorinolaringologiques-de-mes-prevalenca\/#breadcrumb"},"inLanguage":"es","potentialAction":[{"@type":"ReadAction","target":["https:\/\/novaorg.cofb.net\/2017\/02\/08\/tractament-de-les-alteracions-otorinolaringologiques-de-mes-prevalenca\/"]}]},{"@type":"ImageObject","inLanguage":"es","@id":"https:\/\/novaorg.cofb.net\/2017\/02\/08\/tractament-de-les-alteracions-otorinolaringologiques-de-mes-prevalenca\/#primaryimage","url":"","contentUrl":""},{"@type":"BreadcrumbList","@id":"https:\/\/novaorg.cofb.net\/2017\/02\/08\/tractament-de-les-alteracions-otorinolaringologiques-de-mes-prevalenca\/#breadcrumb","itemListElement":[{"@type":"ListItem","position":1,"name":"Inici","item":"https:\/\/novaorg.cofb.net\/"},{"@type":"ListItem","position":2,"name":"Tractament de les alteracions otorinolaringol\u00f2giques de m\u00e9s prevalen\u00e7a"}]},{"@type":"WebSite","@id":"https:\/\/www.cofb.org\/#website","url":"https:\/\/www.cofb.org\/","name":"Col\u00b7legi de Farmac\u00e8utics de Barcelona","description":"","publisher":{"@id":"https:\/\/www.cofb.org\/#organization"},"potentialAction":[{"@type":"SearchAction","target":{"@type":"EntryPoint","urlTemplate":"https:\/\/www.cofb.org\/?s={search_term_string}"},"query-input":"required name=search_term_string"}],"inLanguage":"es"},{"@type":"Organization","@id":"https:\/\/www.cofb.org\/#organization","name":"Col\u00b7legi de Farmac\u00e8utics de Barcelona","url":"https:\/\/www.cofb.org\/","logo":{"@type":"ImageObject","inLanguage":"es","@id":"https:\/\/www.cofb.org\/#\/schema\/logo\/image\/","url":"https:\/\/www.cofb.org\/wp-content\/uploads\/2023\/11\/cropped-Logotip-COFB.png","contentUrl":"https:\/\/www.cofb.org\/wp-content\/uploads\/2023\/11\/cropped-Logotip-COFB.png","width":500,"height":105,"caption":"Col\u00b7legi de Farmac\u00e8utics de Barcelona"},"image":{"@id":"https:\/\/www.cofb.org\/#\/schema\/logo\/image\/"},"sameAs":["https:\/\/www.facebook.com\/farmaceuticsbcn\/","https:\/\/twitter.com\/farmaceuticsbcn","https:\/\/www.instagram.com\/farmaceuticsbcn\/","https:\/\/www.linkedin.com\/company\/farmaceuticsbcn\/"]},{"@type":"Person","@id":"https:\/\/www.cofb.org\/#\/schema\/person\/22ed7eea88da74b0fa4d3154ad87ffcb","name":"wpAdminCofbOrg","image":{"@type":"ImageObject","inLanguage":"es","@id":"https:\/\/www.cofb.org\/#\/schema\/person\/image\/","url":"https:\/\/secure.gravatar.com\/avatar\/1721b20b3b8ca882c3b56ec6c978c594fff670e40c0718e9190eaeeb76aae7d8?s=96&d=mm&r=g","contentUrl":"https:\/\/secure.gravatar.com\/avatar\/1721b20b3b8ca882c3b56ec6c978c594fff670e40c0718e9190eaeeb76aae7d8?s=96&d=mm&r=g","caption":"wpAdminCofbOrg"},"sameAs":["http:\/\/192.168.64.122\/wordpress"],"url":"https:\/\/www.cofb.org\/es\/author\/wpadmincofborg\/"}]}},"uagb_featured_image_src":{"full":false,"thumbnail":false,"medium":false,"medium_large":false,"large":false,"1536x1536":false,"2048x2048":false,"trp-custom-language-flag":false},"uagb_author_info":{"display_name":"wpAdminCofbOrg","author_link":"https:\/\/www.cofb.org\/es\/author\/wpadmincofborg\/"},"uagb_comment_info":0,"uagb_excerpt":"Les patologies otorinolaringol\u00f2giques s\u00f3n la causa de consulta m\u00e8dica majorit\u00e0ria tant en atenci\u00f3 prim\u00e0ria com en atenci\u00f3 farmac\u00e8utica. Es poden desenvolupar com un proc\u00e9s lleu o presentar complicacions de repercussi\u00f3 cl\u00ednica important. Sovint les patologies infeccioses s\u00f3n d\u2019etiologia v\u00edrica i es resolen en pocs dies. El fet que en alguns [&hellip;]","_links":{"self":[{"href":"https:\/\/www.cofb.org\/es\/wp-json\/wp\/v2\/posts\/27891","targetHints":{"allow":["GET"]}}],"collection":[{"href":"https:\/\/www.cofb.org\/es\/wp-json\/wp\/v2\/posts"}],"about":[{"href":"https:\/\/www.cofb.org\/es\/wp-json\/wp\/v2\/types\/post"}],"author":[{"embeddable":true,"href":"https:\/\/www.cofb.org\/es\/wp-json\/wp\/v2\/users\/1"}],"replies":[{"embeddable":true,"href":"https:\/\/www.cofb.org\/es\/wp-json\/wp\/v2\/comments?post=27891"}],"version-history":[{"count":0,"href":"https:\/\/www.cofb.org\/es\/wp-json\/wp\/v2\/posts\/27891\/revisions"}],"wp:featuredmedia":[{"embeddable":true,"href":"https:\/\/www.cofb.org\/es\/wp-json\/"}],"wp:attachment":[{"href":"https:\/\/www.cofb.org\/es\/wp-json\/wp\/v2\/media?parent=27891"}],"wp:term":[{"taxonomy":"category","embeddable":true,"href":"https:\/\/www.cofb.org\/es\/wp-json\/wp\/v2\/categories?post=27891"},{"taxonomy":"post_tag","embeddable":true,"href":"https:\/\/www.cofb.org\/es\/wp-json\/wp\/v2\/tags?post=27891"}],"curies":[{"name":"wp","href":"https:\/\/api.w.org\/{rel}","templated":true}]}}