{"id":26954,"date":"2017-01-02T11:26:25","date_gmt":"2017-01-02T10:26:25","guid":{"rendered":"http:\/\/blog.cofb.cat\/?p=26954"},"modified":"2017-01-02T11:26:25","modified_gmt":"2017-01-02T10:26:25","slug":"pneumonia-pneumococcica-estrategies-de-prevencio-per-vacunacio","status":"publish","type":"post","link":"https:\/\/www.cofb.org\/es\/2017\/01\/02\/pneumonia-pneumococcica-estrategies-de-prevencio-per-vacunacio\/","title":{"rendered":"Neumon\u00eda neumoc\u00f3cica: estrategias de prevenci\u00f3n por vacunaci\u00f3n"},"content":{"rendered":"<p>Aunque se puede sufrir neumon\u00eda en cualquier momento de la vida, <strong>a partir de los 60 a\u00f1os se produce una disminuci\u00f3n de la capacidad de respuesta del sistema inmune ante la infecci\u00f3n por neumococo<\/strong>. Asimismo, el riesgo de neumon\u00eda aumenta con la presencia de otros factores de riesgo como las enfermedades cr\u00f3nicas (diabetes, EPOC) u otras que generen estados de inmunosupresi\u00f3n. Las complicaciones y la mortalidad en estos colectivos aumentan considerablemente. Por estos motivos, se destaca la importancia de proteger a los adultos frente a la neumon\u00eda neumoc\u00f3cica utilizando como estrategia preventiva la vacunaci\u00f3n.<\/p>\n<p>La conferencia que acogi\u00f3 el COFB el pasado 1 de diciembre corri\u00f3 a cargo de<b>Oriol Sibila<\/b>, del Servicio de Neumolog\u00eda del Hospital de la Santa Cruz y San Pablo de Barcelona, y de\u00a0<b>Ricard Casas<\/b>, farmac\u00e9utico comunitario de Terrassa. moder\u00f3 el acto\u00a0<b>Aina Surroca<\/b>, vocal de la Junta de Gobierno del COF Barcelona.<\/p>\n<figure id=\"attachment_26965\" aria-describedby=\"caption-attachment-26965\" style=\"width: 295px\" class=\"wp-caption alignleft\"><a href=\"http:\/\/blog.cofb.cat\/wp-content\/uploads\/2016\/12\/vacuna-pneumonia-COFB-2.jpg\"><img fetchpriority=\"high\" decoding=\"async\" class=\"wp-image-26965\" alt=\"vacuna-pneumonia-COFB (2)\" src=\"http:\/\/blog.cofb.cat\/wp-content\/uploads\/2016\/12\/vacuna-pneumonia-COFB-2.jpg\" width=\"295\" height=\"197\" \/><\/a><figcaption id=\"caption-attachment-26965\" class=\"wp-caption-text\">Ricard Casas (farmac\u00e9utico comunitario Terrassa)<\/figcaption><\/figure>\n<figure id=\"attachment_26964\" aria-describedby=\"caption-attachment-26964\" style=\"width: 281px\" class=\"wp-caption alignright\"><a href=\"http:\/\/blog.cofb.cat\/wp-content\/uploads\/2016\/12\/vacuna-pneumonia-COFB-1.jpg\"><img decoding=\"async\" class=\"wp-image-26964\" alt=\"vacuna-pneumonia-COFB (1)\" src=\"http:\/\/blog.cofb.cat\/wp-content\/uploads\/2016\/12\/vacuna-pneumonia-COFB-1.jpg\" width=\"281\" height=\"187\" \/><\/a><figcaption id=\"caption-attachment-26964\" class=\"wp-caption-text\">Oriol Sibila (Hospital de la Santa Cruz y San Pablo de Barcelona)<\/figcaption><\/figure>\n<p>&nbsp;<\/p>\n<p>&nbsp;<\/p>\n<p>&nbsp;<\/p>\n<p>&nbsp;<\/p>\n<p>&nbsp;<\/p>\n<p>&nbsp;<\/p>\n<p>&nbsp;<\/p>\n<div class=\"box shadow\"><strong>Saber m\u00e1s:<\/strong><\/p>\n<p><strong><br \/>\n<\/strong>Las personas <b>con mayor riesgo son las mayores de sesenta y cinco a\u00f1os, las menores de dos y las que tienen alg\u00fan problema de salud<\/b>. En criaturas, es una de las infecciones m\u00e1s comunes de las v\u00edas respiratorias bajas. La neumon\u00eda neumoc\u00f3cica tambi\u00e9n es m\u00e1s frecuente y grave en las personas con enfermedades pulmonares y card\u00edacas cr\u00f3nicas y las que padecen insuficiencia renal, diabetes y enfermedades que producen inmunodeficiencias (sida, por ejemplo).<\/p>\n<p><strong>Vacunaci\u00f3n<br \/>\n<\/strong>Actualmente hay varias <strong>vacunas disponibles contra la neumon\u00eda: de polisac\u00e1ridos y las conjugadas<\/strong>. La<strong> vacuna de polisac\u00e1ridos<\/strong> tiene la capacidad de proteger contra veintitr\u00e9s tipos distintos de neumococos que son los responsables de la pr\u00e1ctica totalidad de las neumon\u00edas m\u00e1s graves. Esta vacuna est\u00e1 indicada <strong>para personas mayores de dos a\u00f1os con enfermedad de riesgo y, en general, a todas las personas mayores de sesenta y cinco a\u00f1os<\/strong>.<\/p>\n<p>La <strong>vacuna antineumoc\u00f3cica decavalente<\/strong>, que contiene diez serotipos, o la vacuna antineumoc\u00f3cica 13-valiente, que incluye trece serotipos, son vacunas conjugadas. El nuevo calendario de 2016 incluye la vacunaci\u00f3n contra el neumococo<strong> a los dos, cuatro y once meses con una vacuna conjugada y en los mayores de sesenta y cinco a\u00f1os con vacuna de polisac\u00e1ridos<\/strong>.<\/p>\n<p><a href=\"http:\/\/canalsalut.gencat.cat\/web\/.content\/home_canal_salut\/professionals\/temes_de_salut\/vacunacions\/documents\/t4.pdf\" target=\"_blank\" rel=\"noopener\">\u00bfQu\u00e9 saber sobre la vacunaci\u00f3n neumon\u00eda neumoc\u00f3cica?<\/a> (documento PDF)<\/p>\n<p><a href=\"http:\/\/canalsalut.gencat.cat\/web\/.content\/contingut_responsiu\/salutAZ\/V\/vacunacions\/documents\/calendari_vacunacions.pdf\" target=\"_blank\" rel=\"noopener\">Calendario de vacunaciones sistem\u00e1ticas 2016<\/a> (documento PDF)<\/p>\n<p><strong>Fuente y m\u00e1s informaci\u00f3n:<\/strong>\u00a0<a href=\"http:\/\/canalsalut.gencat.cat\/ca\/detalls\/article\/Pneumonia-00001\" target=\"_blank\" rel=\"noopener\">Neumon\u00eda<\/a>, v\u00eda Canal Salud de la Generalitat. <\/div>\n<p align=\"right\"><b>Con la colaboraci\u00f3n de:<\/b><\/p>\n<p align=\"right\"><a href=\"https:\/\/www.pfizer.es\/\" target=\"_blank\" rel=\"noopener\"><img decoding=\"async\" class=\"wp-image-26955 alignright\" alt=\"PFIZER\" src=\"http:\/\/blog.cofb.cat\/wp-content\/uploads\/2016\/12\/PFIZER.jpg\" width=\"120\" height=\"70\" \/><\/a><\/p>","protected":false},"excerpt":{"rendered":"<p>Aunque se puede sufrir neumon\u00eda en cualquier momento de la vida, a partir de los 60 a\u00f1os se produce una disminuci\u00f3n de la capacidad de respuesta del sistema inmune frente a la infecci\u00f3n por neumococo. Asimismo, el riesgo de neumon\u00eda aumenta con la presencia de otros factores de riesgo como [\u2026]<\/p>","protected":false},"author":1,"featured_media":26966,"comment_status":"open","ping_status":"open","sticky":false,"template":"","format":"standard","meta":{"_uag_custom_page_level_css":"","site-sidebar-layout":"default","site-content-layout":"","ast-site-content-layout":"default","site-content-style":"default","site-sidebar-style":"default","ast-global-header-display":"","ast-banner-title-visibility":"","ast-main-header-display":"","ast-hfb-above-header-display":"","ast-hfb-below-header-display":"","ast-hfb-mobile-header-display":"","site-post-title":"","ast-breadcrumbs-content":"","ast-featured-img":"disabled","footer-sml-layout":"","theme-transparent-header-meta":"","adv-header-id-meta":"","stick-header-meta":"","header-above-stick-meta":"","header-main-stick-meta":"","header-below-stick-meta":"","astra-migrate-meta-layouts":"default","ast-page-background-enabled":"default","ast-page-background-meta":{"desktop":{"background-color":"var(--ast-global-color-4)","background-image":"","background-repeat":"repeat","background-position":"center center","background-size":"auto","background-attachment":"scroll","background-type":"","background-media":"","overlay-type":"","overlay-color":"","overlay-opacity":"","overlay-gradient":""},"tablet":{"background-color":"","background-image":"","background-repeat":"repeat","background-position":"center center","background-size":"auto","background-attachment":"scroll","background-type":"","background-media":"","overlay-type":"","overlay-color":"","overlay-opacity":"","overlay-gradient":""},"mobile":{"background-color":"","background-image":"","background-repeat":"repeat","background-position":"center center","background-size":"auto","background-attachment":"scroll","background-type":"","background-media":"","overlay-type":"","overlay-color":"","overlay-opacity":"","overlay-gradient":""}},"ast-content-background-meta":{"desktop":{"background-color":"var(--ast-global-color-5)","background-image":"","background-repeat":"repeat","background-position":"center center","background-size":"auto","background-attachment":"scroll","background-type":"","background-media":"","overlay-type":"","overlay-color":"","overlay-opacity":"","overlay-gradient":""},"tablet":{"background-color":"var(--ast-global-color-5)","background-image":"","background-repeat":"repeat","background-position":"center center","background-size":"auto","background-attachment":"scroll","background-type":"","background-media":"","overlay-type":"","overlay-color":"","overlay-opacity":"","overlay-gradient":""},"mobile":{"background-color":"var(--ast-global-color-5)","background-image":"","background-repeat":"repeat","background-position":"center center","background-size":"auto","background-attachment":"scroll","background-type":"","background-media":"","overlay-type":"","overlay-color":"","overlay-opacity":"","overlay-gradient":""}},"footnotes":""},"categories":[57],"tags":[2612,2613,69,2293,2614,814,2194],"class_list":["post-26954","post","type-post","status-publish","format-standard","has-post-thumbnail","hentry","category-mon-collegial","tag-calendari-de-vacunacions-sistematiques-2016","tag-canal-salut","tag-farmacia-comunitaria","tag-pneumonia","tag-pneumonia-pneumococcica","tag-vacunacio","tag-vacunes"],"yoast_head":"<!-- This site is optimized with the Yoast SEO plugin v22.4 - https:\/\/yoast.com\/wordpress\/plugins\/seo\/ -->\n<title>Pneum\u00f2nia pneumoc\u00f2ccica: estrat\u00e8gies de prevenci\u00f3 per vacunaci\u00f3<\/title>\n<meta name=\"description\" content=\"Pneum\u00f2nia pneumoc\u00f2ccica: estrat\u00e8gies de prevenci\u00f3 per vacunaci\u00f3. Confer\u00e8ncia al COFB. Article amb informaci\u00f3 sobre laquesta malaltia i la seva vacunaci\u00f3.\" \/>\n<meta name=\"robots\" content=\"index, follow, max-snippet:-1, max-image-preview:large, max-video-preview:-1\" \/>\n<link rel=\"canonical\" href=\"https:\/\/novaorg.cofb.net\/2017\/01\/02\/pneumonia-pneumococcica-estrategies-de-prevencio-per-vacunacio\/\" \/>\n<meta property=\"og:locale\" content=\"es_ES\" \/>\n<meta property=\"og:type\" content=\"article\" \/>\n<meta property=\"og:title\" content=\"Pneum\u00f2nia pneumoc\u00f2ccica: estrat\u00e8gies de prevenci\u00f3 per vacunaci\u00f3\" \/>\n<meta property=\"og:description\" content=\"Pneum\u00f2nia pneumoc\u00f2ccica: estrat\u00e8gies de prevenci\u00f3 per vacunaci\u00f3. Confer\u00e8ncia al COFB. Article amb informaci\u00f3 sobre laquesta malaltia i la seva vacunaci\u00f3.\" \/>\n<meta property=\"og:url\" content=\"https:\/\/novaorg.cofb.net\/2017\/01\/02\/pneumonia-pneumococcica-estrategies-de-prevencio-per-vacunacio\/\" \/>\n<meta property=\"og:site_name\" content=\"Col\u00b7legi de Farmac\u00e8utics de Barcelona\" \/>\n<meta property=\"article:publisher\" content=\"https:\/\/www.facebook.com\/farmaceuticsbcn\/\" \/>\n<meta property=\"article:published_time\" content=\"2017-01-02T10:26:25+00:00\" \/>\n<meta name=\"author\" content=\"wpAdminCofbOrg\" \/>\n<meta name=\"twitter:card\" content=\"summary_large_image\" \/>\n<meta name=\"twitter:creator\" content=\"@farmaceuticsbcn\" \/>\n<meta name=\"twitter:site\" content=\"@farmaceuticsbcn\" \/>\n<meta name=\"twitter:label1\" content=\"Escrito por\" \/>\n\t<meta name=\"twitter:data1\" content=\"wpAdminCofbOrg\" \/>\n\t<meta name=\"twitter:label2\" content=\"Tiempo de lectura\" \/>\n\t<meta name=\"twitter:data2\" content=\"2 minutos\" \/>\n<script type=\"application\/ld+json\" class=\"yoast-schema-graph\">{\"@context\":\"https:\/\/schema.org\",\"@graph\":[{\"@type\":\"Article\",\"@id\":\"https:\/\/novaorg.cofb.net\/2017\/01\/02\/pneumonia-pneumococcica-estrategies-de-prevencio-per-vacunacio\/#article\",\"isPartOf\":{\"@id\":\"https:\/\/novaorg.cofb.net\/2017\/01\/02\/pneumonia-pneumococcica-estrategies-de-prevencio-per-vacunacio\/\"},\"author\":{\"name\":\"wpAdminCofbOrg\",\"@id\":\"https:\/\/www.cofb.org\/#\/schema\/person\/22ed7eea88da74b0fa4d3154ad87ffcb\"},\"headline\":\"Pneum\u00f2nia pneumoc\u00f2ccica: estrat\u00e8gies de prevenci\u00f3 per vacunaci\u00f3\",\"datePublished\":\"2017-01-02T10:26:25+00:00\",\"dateModified\":\"2017-01-02T10:26:25+00:00\",\"mainEntityOfPage\":{\"@id\":\"https:\/\/novaorg.cofb.net\/2017\/01\/02\/pneumonia-pneumococcica-estrategies-de-prevencio-per-vacunacio\/\"},\"wordCount\":472,\"commentCount\":0,\"publisher\":{\"@id\":\"https:\/\/www.cofb.org\/#organization\"},\"image\":{\"@id\":\"https:\/\/novaorg.cofb.net\/2017\/01\/02\/pneumonia-pneumococcica-estrategies-de-prevencio-per-vacunacio\/#primaryimage\"},\"thumbnailUrl\":\"\",\"keywords\":[\"calendari de vacunacions sistem\u00e0tiques 2016\",\"Canal Salut\",\"farm\u00e0cia comunit\u00e0ria\",\"pneum\u00f2nia\",\"pneum\u00f2nia pneumoc\u00f2ccica\",\"vacunaci\u00f3\",\"vacunes\"],\"articleSection\":[\"M\u00f3n col\u00b7legial\"],\"inLanguage\":\"es\",\"potentialAction\":[{\"@type\":\"CommentAction\",\"name\":\"Comment\",\"target\":[\"https:\/\/novaorg.cofb.net\/2017\/01\/02\/pneumonia-pneumococcica-estrategies-de-prevencio-per-vacunacio\/#respond\"]}]},{\"@type\":\"WebPage\",\"@id\":\"https:\/\/novaorg.cofb.net\/2017\/01\/02\/pneumonia-pneumococcica-estrategies-de-prevencio-per-vacunacio\/\",\"url\":\"https:\/\/novaorg.cofb.net\/2017\/01\/02\/pneumonia-pneumococcica-estrategies-de-prevencio-per-vacunacio\/\",\"name\":\"Pneum\u00f2nia pneumoc\u00f2ccica: estrat\u00e8gies de prevenci\u00f3 per vacunaci\u00f3\",\"isPartOf\":{\"@id\":\"https:\/\/www.cofb.org\/#website\"},\"primaryImageOfPage\":{\"@id\":\"https:\/\/novaorg.cofb.net\/2017\/01\/02\/pneumonia-pneumococcica-estrategies-de-prevencio-per-vacunacio\/#primaryimage\"},\"image\":{\"@id\":\"https:\/\/novaorg.cofb.net\/2017\/01\/02\/pneumonia-pneumococcica-estrategies-de-prevencio-per-vacunacio\/#primaryimage\"},\"thumbnailUrl\":\"\",\"datePublished\":\"2017-01-02T10:26:25+00:00\",\"dateModified\":\"2017-01-02T10:26:25+00:00\",\"description\":\"Pneum\u00f2nia pneumoc\u00f2ccica: estrat\u00e8gies de prevenci\u00f3 per vacunaci\u00f3. Confer\u00e8ncia al COFB. Article amb informaci\u00f3 sobre laquesta malaltia i la seva vacunaci\u00f3.\",\"breadcrumb\":{\"@id\":\"https:\/\/novaorg.cofb.net\/2017\/01\/02\/pneumonia-pneumococcica-estrategies-de-prevencio-per-vacunacio\/#breadcrumb\"},\"inLanguage\":\"es\",\"potentialAction\":[{\"@type\":\"ReadAction\",\"target\":[\"https:\/\/novaorg.cofb.net\/2017\/01\/02\/pneumonia-pneumococcica-estrategies-de-prevencio-per-vacunacio\/\"]}]},{\"@type\":\"ImageObject\",\"inLanguage\":\"es\",\"@id\":\"https:\/\/novaorg.cofb.net\/2017\/01\/02\/pneumonia-pneumococcica-estrategies-de-prevencio-per-vacunacio\/#primaryimage\",\"url\":\"\",\"contentUrl\":\"\"},{\"@type\":\"BreadcrumbList\",\"@id\":\"https:\/\/novaorg.cofb.net\/2017\/01\/02\/pneumonia-pneumococcica-estrategies-de-prevencio-per-vacunacio\/#breadcrumb\",\"itemListElement\":[{\"@type\":\"ListItem\",\"position\":1,\"name\":\"Inici\",\"item\":\"https:\/\/novaorg.cofb.net\/\"},{\"@type\":\"ListItem\",\"position\":2,\"name\":\"Pneum\u00f2nia pneumoc\u00f2ccica: estrat\u00e8gies de prevenci\u00f3 per vacunaci\u00f3\"}]},{\"@type\":\"WebSite\",\"@id\":\"https:\/\/www.cofb.org\/#website\",\"url\":\"https:\/\/www.cofb.org\/\",\"name\":\"Col\u00b7legi de Farmac\u00e8utics de Barcelona\",\"description\":\"\",\"publisher\":{\"@id\":\"https:\/\/www.cofb.org\/#organization\"},\"potentialAction\":[{\"@type\":\"SearchAction\",\"target\":{\"@type\":\"EntryPoint\",\"urlTemplate\":\"https:\/\/www.cofb.org\/?s={search_term_string}\"},\"query-input\":\"required name=search_term_string\"}],\"inLanguage\":\"es\"},{\"@type\":\"Organization\",\"@id\":\"https:\/\/www.cofb.org\/#organization\",\"name\":\"Col\u00b7legi de Farmac\u00e8utics de Barcelona\",\"url\":\"https:\/\/www.cofb.org\/\",\"logo\":{\"@type\":\"ImageObject\",\"inLanguage\":\"es\",\"@id\":\"https:\/\/www.cofb.org\/#\/schema\/logo\/image\/\",\"url\":\"https:\/\/www.cofb.org\/wp-content\/uploads\/2023\/11\/cropped-Logotip-COFB.png\",\"contentUrl\":\"https:\/\/www.cofb.org\/wp-content\/uploads\/2023\/11\/cropped-Logotip-COFB.png\",\"width\":500,\"height\":105,\"caption\":\"Col\u00b7legi de Farmac\u00e8utics de Barcelona\"},\"image\":{\"@id\":\"https:\/\/www.cofb.org\/#\/schema\/logo\/image\/\"},\"sameAs\":[\"https:\/\/www.facebook.com\/farmaceuticsbcn\/\",\"https:\/\/twitter.com\/farmaceuticsbcn\",\"https:\/\/www.instagram.com\/farmaceuticsbcn\/\",\"https:\/\/www.linkedin.com\/company\/farmaceuticsbcn\/\"]},{\"@type\":\"Person\",\"@id\":\"https:\/\/www.cofb.org\/#\/schema\/person\/22ed7eea88da74b0fa4d3154ad87ffcb\",\"name\":\"wpAdminCofbOrg\",\"image\":{\"@type\":\"ImageObject\",\"inLanguage\":\"es\",\"@id\":\"https:\/\/www.cofb.org\/#\/schema\/person\/image\/\",\"url\":\"https:\/\/secure.gravatar.com\/avatar\/1721b20b3b8ca882c3b56ec6c978c594fff670e40c0718e9190eaeeb76aae7d8?s=96&d=mm&r=g\",\"contentUrl\":\"https:\/\/secure.gravatar.com\/avatar\/1721b20b3b8ca882c3b56ec6c978c594fff670e40c0718e9190eaeeb76aae7d8?s=96&d=mm&r=g\",\"caption\":\"wpAdminCofbOrg\"},\"sameAs\":[\"http:\/\/192.168.64.122\/wordpress\"],\"url\":\"https:\/\/www.cofb.org\/es\/author\/wpadmincofborg\/\"}]}<\/script>\n<!-- \/ Yoast SEO plugin. -->","yoast_head_json":{"title":"Pneum\u00f2nia pneumoc\u00f2ccica: estrat\u00e8gies de prevenci\u00f3 per vacunaci\u00f3","description":"Pneum\u00f2nia pneumoc\u00f2ccica: estrat\u00e8gies de prevenci\u00f3 per vacunaci\u00f3. Confer\u00e8ncia al COFB. Article amb informaci\u00f3 sobre laquesta malaltia i la seva vacunaci\u00f3.","robots":{"index":"index","follow":"follow","max-snippet":"max-snippet:-1","max-image-preview":"max-image-preview:large","max-video-preview":"max-video-preview:-1"},"canonical":"https:\/\/novaorg.cofb.net\/2017\/01\/02\/pneumonia-pneumococcica-estrategies-de-prevencio-per-vacunacio\/","og_locale":"es_ES","og_type":"article","og_title":"Pneum\u00f2nia pneumoc\u00f2ccica: estrat\u00e8gies de prevenci\u00f3 per vacunaci\u00f3","og_description":"Pneum\u00f2nia pneumoc\u00f2ccica: estrat\u00e8gies de prevenci\u00f3 per vacunaci\u00f3. Confer\u00e8ncia al COFB. Article amb informaci\u00f3 sobre laquesta malaltia i la seva vacunaci\u00f3.","og_url":"https:\/\/novaorg.cofb.net\/2017\/01\/02\/pneumonia-pneumococcica-estrategies-de-prevencio-per-vacunacio\/","og_site_name":"Col\u00b7legi de Farmac\u00e8utics de Barcelona","article_publisher":"https:\/\/www.facebook.com\/farmaceuticsbcn\/","article_published_time":"2017-01-02T10:26:25+00:00","author":"wpAdminCofbOrg","twitter_card":"summary_large_image","twitter_creator":"@farmaceuticsbcn","twitter_site":"@farmaceuticsbcn","twitter_misc":{"Escrito por":"wpAdminCofbOrg","Tiempo de lectura":"2 minutos"},"schema":{"@context":"https:\/\/schema.org","@graph":[{"@type":"Article","@id":"https:\/\/novaorg.cofb.net\/2017\/01\/02\/pneumonia-pneumococcica-estrategies-de-prevencio-per-vacunacio\/#article","isPartOf":{"@id":"https:\/\/novaorg.cofb.net\/2017\/01\/02\/pneumonia-pneumococcica-estrategies-de-prevencio-per-vacunacio\/"},"author":{"name":"wpAdminCofbOrg","@id":"https:\/\/www.cofb.org\/#\/schema\/person\/22ed7eea88da74b0fa4d3154ad87ffcb"},"headline":"Pneum\u00f2nia pneumoc\u00f2ccica: estrat\u00e8gies de prevenci\u00f3 per vacunaci\u00f3","datePublished":"2017-01-02T10:26:25+00:00","dateModified":"2017-01-02T10:26:25+00:00","mainEntityOfPage":{"@id":"https:\/\/novaorg.cofb.net\/2017\/01\/02\/pneumonia-pneumococcica-estrategies-de-prevencio-per-vacunacio\/"},"wordCount":472,"commentCount":0,"publisher":{"@id":"https:\/\/www.cofb.org\/#organization"},"image":{"@id":"https:\/\/novaorg.cofb.net\/2017\/01\/02\/pneumonia-pneumococcica-estrategies-de-prevencio-per-vacunacio\/#primaryimage"},"thumbnailUrl":"","keywords":["calendari de vacunacions sistem\u00e0tiques 2016","Canal Salut","farm\u00e0cia comunit\u00e0ria","pneum\u00f2nia","pneum\u00f2nia pneumoc\u00f2ccica","vacunaci\u00f3","vacunes"],"articleSection":["M\u00f3n col\u00b7legial"],"inLanguage":"es","potentialAction":[{"@type":"CommentAction","name":"Comment","target":["https:\/\/novaorg.cofb.net\/2017\/01\/02\/pneumonia-pneumococcica-estrategies-de-prevencio-per-vacunacio\/#respond"]}]},{"@type":"WebPage","@id":"https:\/\/novaorg.cofb.net\/2017\/01\/02\/pneumonia-pneumococcica-estrategies-de-prevencio-per-vacunacio\/","url":"https:\/\/novaorg.cofb.net\/2017\/01\/02\/pneumonia-pneumococcica-estrategies-de-prevencio-per-vacunacio\/","name":"Pneum\u00f2nia pneumoc\u00f2ccica: estrat\u00e8gies de prevenci\u00f3 per vacunaci\u00f3","isPartOf":{"@id":"https:\/\/www.cofb.org\/#website"},"primaryImageOfPage":{"@id":"https:\/\/novaorg.cofb.net\/2017\/01\/02\/pneumonia-pneumococcica-estrategies-de-prevencio-per-vacunacio\/#primaryimage"},"image":{"@id":"https:\/\/novaorg.cofb.net\/2017\/01\/02\/pneumonia-pneumococcica-estrategies-de-prevencio-per-vacunacio\/#primaryimage"},"thumbnailUrl":"","datePublished":"2017-01-02T10:26:25+00:00","dateModified":"2017-01-02T10:26:25+00:00","description":"Pneum\u00f2nia pneumoc\u00f2ccica: estrat\u00e8gies de prevenci\u00f3 per vacunaci\u00f3. Confer\u00e8ncia al COFB. Article amb informaci\u00f3 sobre laquesta malaltia i la seva vacunaci\u00f3.","breadcrumb":{"@id":"https:\/\/novaorg.cofb.net\/2017\/01\/02\/pneumonia-pneumococcica-estrategies-de-prevencio-per-vacunacio\/#breadcrumb"},"inLanguage":"es","potentialAction":[{"@type":"ReadAction","target":["https:\/\/novaorg.cofb.net\/2017\/01\/02\/pneumonia-pneumococcica-estrategies-de-prevencio-per-vacunacio\/"]}]},{"@type":"ImageObject","inLanguage":"es","@id":"https:\/\/novaorg.cofb.net\/2017\/01\/02\/pneumonia-pneumococcica-estrategies-de-prevencio-per-vacunacio\/#primaryimage","url":"","contentUrl":""},{"@type":"BreadcrumbList","@id":"https:\/\/novaorg.cofb.net\/2017\/01\/02\/pneumonia-pneumococcica-estrategies-de-prevencio-per-vacunacio\/#breadcrumb","itemListElement":[{"@type":"ListItem","position":1,"name":"Inici","item":"https:\/\/novaorg.cofb.net\/"},{"@type":"ListItem","position":2,"name":"Pneum\u00f2nia pneumoc\u00f2ccica: estrat\u00e8gies de prevenci\u00f3 per vacunaci\u00f3"}]},{"@type":"WebSite","@id":"https:\/\/www.cofb.org\/#website","url":"https:\/\/www.cofb.org\/","name":"Col\u00b7legi de Farmac\u00e8utics de Barcelona","description":"","publisher":{"@id":"https:\/\/www.cofb.org\/#organization"},"potentialAction":[{"@type":"SearchAction","target":{"@type":"EntryPoint","urlTemplate":"https:\/\/www.cofb.org\/?s={search_term_string}"},"query-input":"required name=search_term_string"}],"inLanguage":"es"},{"@type":"Organization","@id":"https:\/\/www.cofb.org\/#organization","name":"Col\u00b7legi de Farmac\u00e8utics de Barcelona","url":"https:\/\/www.cofb.org\/","logo":{"@type":"ImageObject","inLanguage":"es","@id":"https:\/\/www.cofb.org\/#\/schema\/logo\/image\/","url":"https:\/\/www.cofb.org\/wp-content\/uploads\/2023\/11\/cropped-Logotip-COFB.png","contentUrl":"https:\/\/www.cofb.org\/wp-content\/uploads\/2023\/11\/cropped-Logotip-COFB.png","width":500,"height":105,"caption":"Col\u00b7legi de Farmac\u00e8utics de Barcelona"},"image":{"@id":"https:\/\/www.cofb.org\/#\/schema\/logo\/image\/"},"sameAs":["https:\/\/www.facebook.com\/farmaceuticsbcn\/","https:\/\/twitter.com\/farmaceuticsbcn","https:\/\/www.instagram.com\/farmaceuticsbcn\/","https:\/\/www.linkedin.com\/company\/farmaceuticsbcn\/"]},{"@type":"Person","@id":"https:\/\/www.cofb.org\/#\/schema\/person\/22ed7eea88da74b0fa4d3154ad87ffcb","name":"wpAdminCofbOrg","image":{"@type":"ImageObject","inLanguage":"es","@id":"https:\/\/www.cofb.org\/#\/schema\/person\/image\/","url":"https:\/\/secure.gravatar.com\/avatar\/1721b20b3b8ca882c3b56ec6c978c594fff670e40c0718e9190eaeeb76aae7d8?s=96&d=mm&r=g","contentUrl":"https:\/\/secure.gravatar.com\/avatar\/1721b20b3b8ca882c3b56ec6c978c594fff670e40c0718e9190eaeeb76aae7d8?s=96&d=mm&r=g","caption":"wpAdminCofbOrg"},"sameAs":["http:\/\/192.168.64.122\/wordpress"],"url":"https:\/\/www.cofb.org\/es\/author\/wpadmincofborg\/"}]}},"uagb_featured_image_src":{"full":false,"thumbnail":false,"medium":false,"medium_large":false,"large":false,"1536x1536":false,"2048x2048":false,"trp-custom-language-flag":false},"uagb_author_info":{"display_name":"wpAdminCofbOrg","author_link":"https:\/\/www.cofb.org\/es\/author\/wpadmincofborg\/"},"uagb_comment_info":0,"uagb_excerpt":"Tot i que es pot patir pneum\u00f2nia en qualsevol moment de la vida, a partir dels 60 anys es produeix una disminuci\u00f3 de la capacitat de resposta del sistema immune davant la infecci\u00f3 per pneumococ. Aix\u00ed mateix, el risc de pneum\u00f2nia augmenta amb la pres\u00e8ncia d&#8217;altres factors de risc com [&hellip;]","_links":{"self":[{"href":"https:\/\/www.cofb.org\/es\/wp-json\/wp\/v2\/posts\/26954","targetHints":{"allow":["GET"]}}],"collection":[{"href":"https:\/\/www.cofb.org\/es\/wp-json\/wp\/v2\/posts"}],"about":[{"href":"https:\/\/www.cofb.org\/es\/wp-json\/wp\/v2\/types\/post"}],"author":[{"embeddable":true,"href":"https:\/\/www.cofb.org\/es\/wp-json\/wp\/v2\/users\/1"}],"replies":[{"embeddable":true,"href":"https:\/\/www.cofb.org\/es\/wp-json\/wp\/v2\/comments?post=26954"}],"version-history":[{"count":0,"href":"https:\/\/www.cofb.org\/es\/wp-json\/wp\/v2\/posts\/26954\/revisions"}],"wp:featuredmedia":[{"embeddable":true,"href":"https:\/\/www.cofb.org\/es\/wp-json\/"}],"wp:attachment":[{"href":"https:\/\/www.cofb.org\/es\/wp-json\/wp\/v2\/media?parent=26954"}],"wp:term":[{"taxonomy":"category","embeddable":true,"href":"https:\/\/www.cofb.org\/es\/wp-json\/wp\/v2\/categories?post=26954"},{"taxonomy":"post_tag","embeddable":true,"href":"https:\/\/www.cofb.org\/es\/wp-json\/wp\/v2\/tags?post=26954"}],"curies":[{"name":"wp","href":"https:\/\/api.w.org\/{rel}","templated":true}]}}