{"id":26651,"date":"2017-01-11T13:51:20","date_gmt":"2017-01-11T12:51:20","guid":{"rendered":"http:\/\/blog.cofb.cat\/?p=26651"},"modified":"2017-01-11T13:51:20","modified_gmt":"2017-01-11T12:51:20","slug":"conferencia-laventura-dels-7-cims-video","status":"publish","type":"post","link":"https:\/\/www.cofb.org\/es\/2017\/01\/11\/conferencia-laventura-dels-7-cims-video\/","title":{"rendered":"Conferencia &#039;La aventura de las 7 cumbres&#039; (v\u00eddeo)"},"content":{"rendered":"<figure id=\"attachment_26656\" aria-describedby=\"caption-attachment-26656\" style=\"width: 298px\" class=\"wp-caption alignright\"><a href=\"http:\/\/blog.cofb.cat\/wp-content\/uploads\/2016\/12\/conferencia-7cims-cultura-2.jpg\"><img fetchpriority=\"high\" decoding=\"async\" class=\"wp-image-26656\" alt=\"conferencia-7cims-cultura (2)\" src=\"http:\/\/blog.cofb.cat\/wp-content\/uploads\/2016\/12\/conferencia-7cims-cultura-2.jpg\" width=\"298\" height=\"199\" \/><\/a><figcaption id=\"caption-attachment-26656\" class=\"wp-caption-text\">Pujante, en su conferencia en el COFB<\/figcaption><\/figure>\n<p>\u00bfQu\u00e9 se siente mirando al mundo desde sus cimas m\u00e1s altas? \u00bfQu\u00e9 nos ense\u00f1a la monta\u00f1a? A estas y otras cuestiones relacionadas con la salud y la monta\u00f1a dio respuesta la <strong>conferencia &#039;La aventura de las 7 cumbres&#039; del doctor Josep Antonio Pujante <\/strong>organizada por la Comisi\u00f3n de Cultura del COF Barcelona. Esta conferencia se encuentra disponible en <a href=\"https:\/\/vimeo.com\/193895345\" target=\"_blank\" rel=\"noopener\"><strong>v\u00eddeo<\/strong><\/a>.<\/p>\n<p>Pujante\u00a0<strong>fue el primer alpinista catal\u00e1n en completar las cimas m\u00e1s altas de cada continente, \u201cSeven Summits<\/strong>\u201d. Es garante internacional de\u00a0<i>Mountain Wilderness<\/i>\u00a0y miembro de diversas asociaciones m\u00e9dicas y deportivas, como la\u00a0<i>Royal Geographical Society<\/i>\u00a0(Londres). Asimismo, es presidente del\u00a0<i>Panathlon<\/i>\u00a0<i>de Barcelona<\/i>\u00a0(fundador de Sport Cultura Barcelona) y desarrolla su labor profesional como jefe del \u00c1rea de Relaciones Internacionales y Cooperaci\u00f3n del Departament de Salut. Ha escrito 18 libros y ha sido distinguido con 19 condecoraciones nacionales e internacionales, entre ellas<strong>Orden Ol\u00edmpica del Comit\u00e9 Ol\u00edmpico Internacional.<\/strong><\/p>\n<p><span style=\"color: #888888;\"><strong>Una frase: \u201cLa vida no deja de ser una gran monta\u00f1a en la que no sabes d\u00f3nde est\u00e1 la cima\u201d<\/strong><\/span><\/p>\n<div class=\"box shadow\"><strong>7 cimas?\u00a0<\/strong>Elbr\u00fas (Europa) + Aconcagua (Am\u00e9rica) + Kilimanjaro (\u00c1frica) + Mount Vinson (Ant\u00e1rtida) + Everest (Asia) + McKinley (Am\u00e9rica del Norte) + Kosciusko (Australia)<\/div>\n<div class=\"box info\"><strong>\u00bfNo pudiste asistir? Aqu\u00ed tienes el v\u00eddeo de la conferencia<\/strong><\/p>\n<p><iframe src=\"https:\/\/player.vimeo.com\/video\/193895345\" height=\"360\" width=\"640\" allowfullscreen=\"\" frameborder=\"0\"><\/iframe><\/div>","protected":false},"excerpt":{"rendered":"<p>\u00bfQu\u00e9 se siente mirando al mundo desde sus cimas m\u00e1s altas? \u00bfQu\u00e9 nos ense\u00f1a la monta\u00f1a? A estas y otras cuestiones relacionadas con la salud y la monta\u00f1a dio respuesta la conferencia &#039;La aventura de las 7 cumbres&#039; del doctor Josep Antonio Pujante organizada por la Comisi\u00f3n de Cultura del [\u2026]<\/p>","protected":false},"author":1,"featured_media":26655,"comment_status":"open","ping_status":"open","sticky":false,"template":"","format":"standard","meta":{"_uag_custom_page_level_css":"","site-sidebar-layout":"default","site-content-layout":"","ast-site-content-layout":"default","site-content-style":"default","site-sidebar-style":"default","ast-global-header-display":"","ast-banner-title-visibility":"","ast-main-header-display":"","ast-hfb-above-header-display":"","ast-hfb-below-header-display":"","ast-hfb-mobile-header-display":"","site-post-title":"","ast-breadcrumbs-content":"","ast-featured-img":"disabled","footer-sml-layout":"","theme-transparent-header-meta":"","adv-header-id-meta":"","stick-header-meta":"","header-above-stick-meta":"","header-main-stick-meta":"","header-below-stick-meta":"","astra-migrate-meta-layouts":"default","ast-page-background-enabled":"default","ast-page-background-meta":{"desktop":{"background-color":"var(--ast-global-color-4)","background-image":"","background-repeat":"repeat","background-position":"center center","background-size":"auto","background-attachment":"scroll","background-type":"","background-media":"","overlay-type":"","overlay-color":"","overlay-opacity":"","overlay-gradient":""},"tablet":{"background-color":"","background-image":"","background-repeat":"repeat","background-position":"center center","background-size":"auto","background-attachment":"scroll","background-type":"","background-media":"","overlay-type":"","overlay-color":"","overlay-opacity":"","overlay-gradient":""},"mobile":{"background-color":"","background-image":"","background-repeat":"repeat","background-position":"center center","background-size":"auto","background-attachment":"scroll","background-type":"","background-media":"","overlay-type":"","overlay-color":"","overlay-opacity":"","overlay-gradient":""}},"ast-content-background-meta":{"desktop":{"background-color":"var(--ast-global-color-5)","background-image":"","background-repeat":"repeat","background-position":"center center","background-size":"auto","background-attachment":"scroll","background-type":"","background-media":"","overlay-type":"","overlay-color":"","overlay-opacity":"","overlay-gradient":""},"tablet":{"background-color":"var(--ast-global-color-5)","background-image":"","background-repeat":"repeat","background-position":"center center","background-size":"auto","background-attachment":"scroll","background-type":"","background-media":"","overlay-type":"","overlay-color":"","overlay-opacity":"","overlay-gradient":""},"mobile":{"background-color":"var(--ast-global-color-5)","background-image":"","background-repeat":"repeat","background-position":"center center","background-size":"auto","background-attachment":"scroll","background-type":"","background-media":"","overlay-type":"","overlay-color":"","overlay-opacity":"","overlay-gradient":""}},"footnotes":""},"categories":[57],"tags":[2632,2562,2154,2199,2633,2566],"class_list":["post-26651","post","type-post","status-publish","format-standard","has-post-thumbnail","hentry","category-mon-collegial","tag-7-cims","tag-alpinisme","tag-comissio-de-cultura","tag-cultura","tag-josep-antonio-pujante","tag-muntanya"],"yoast_head":"<!-- This site is optimized with the Yoast SEO plugin v22.4 - https:\/\/yoast.com\/wordpress\/plugins\/seo\/ -->\n<title>Confer\u00e8ncia &#039;L&#039;aventura dels 7 cims&#039; (v\u00eddeo)<\/title>\n<meta name=\"description\" content=\"Confer\u00e8ncia &#039;L&#039;aventura dels 7 cims&#039; (v\u00eddeo) del doctor Josep Antonio Pujante, primer alpinista catal\u00e0 en completar els cims m\u00e9s alts de cada continental\" \/>\n<meta name=\"robots\" content=\"index, follow, max-snippet:-1, max-image-preview:large, max-video-preview:-1\" \/>\n<link rel=\"canonical\" href=\"https:\/\/novaorg.cofb.net\/2017\/01\/11\/conferencia-laventura-dels-7-cims-video\/\" \/>\n<meta property=\"og:locale\" content=\"es_ES\" \/>\n<meta property=\"og:type\" content=\"article\" \/>\n<meta property=\"og:title\" content=\"Confer\u00e8ncia &#039;L&#039;aventura dels 7 cims&#039; (v\u00eddeo)\" \/>\n<meta property=\"og:description\" content=\"Confer\u00e8ncia &#039;L&#039;aventura dels 7 cims&#039; (v\u00eddeo) del doctor Josep Antonio Pujante, primer alpinista catal\u00e0 en completar els cims m\u00e9s alts de cada continental\" \/>\n<meta property=\"og:url\" content=\"https:\/\/novaorg.cofb.net\/2017\/01\/11\/conferencia-laventura-dels-7-cims-video\/\" \/>\n<meta property=\"og:site_name\" content=\"Col\u00b7legi de Farmac\u00e8utics de Barcelona\" \/>\n<meta property=\"article:publisher\" content=\"https:\/\/www.facebook.com\/farmaceuticsbcn\/\" \/>\n<meta property=\"article:published_time\" content=\"2017-01-11T12:51:20+00:00\" \/>\n<meta name=\"author\" content=\"wpAdminCofbOrg\" \/>\n<meta name=\"twitter:card\" content=\"summary_large_image\" \/>\n<meta name=\"twitter:creator\" content=\"@farmaceuticsbcn\" \/>\n<meta name=\"twitter:site\" content=\"@farmaceuticsbcn\" \/>\n<meta name=\"twitter:label1\" content=\"Escrito por\" \/>\n\t<meta name=\"twitter:data1\" content=\"wpAdminCofbOrg\" \/>\n\t<meta name=\"twitter:label2\" content=\"Tiempo de lectura\" \/>\n\t<meta name=\"twitter:data2\" content=\"1 minuto\" \/>\n<script type=\"application\/ld+json\" class=\"yoast-schema-graph\">{\"@context\":\"https:\/\/schema.org\",\"@graph\":[{\"@type\":\"Article\",\"@id\":\"https:\/\/novaorg.cofb.net\/2017\/01\/11\/conferencia-laventura-dels-7-cims-video\/#article\",\"isPartOf\":{\"@id\":\"https:\/\/novaorg.cofb.net\/2017\/01\/11\/conferencia-laventura-dels-7-cims-video\/\"},\"author\":{\"name\":\"wpAdminCofbOrg\",\"@id\":\"https:\/\/www.cofb.org\/#\/schema\/person\/22ed7eea88da74b0fa4d3154ad87ffcb\"},\"headline\":\"Confer\u00e8ncia &#8216;L&#8217;aventura dels 7 cims&#8217; (v\u00eddeo)\",\"datePublished\":\"2017-01-11T12:51:20+00:00\",\"dateModified\":\"2017-01-11T12:51:20+00:00\",\"mainEntityOfPage\":{\"@id\":\"https:\/\/novaorg.cofb.net\/2017\/01\/11\/conferencia-laventura-dels-7-cims-video\/\"},\"wordCount\":248,\"commentCount\":0,\"publisher\":{\"@id\":\"https:\/\/www.cofb.org\/#organization\"},\"image\":{\"@id\":\"https:\/\/novaorg.cofb.net\/2017\/01\/11\/conferencia-laventura-dels-7-cims-video\/#primaryimage\"},\"thumbnailUrl\":\"\",\"keywords\":[\"7 cims\",\"Alpinisme\",\"Comissi\u00f3 de Cultura\",\"Cultura\",\"Josep Antonio Pujante\",\"Muntanya\"],\"articleSection\":[\"M\u00f3n col\u00b7legial\"],\"inLanguage\":\"es\",\"potentialAction\":[{\"@type\":\"CommentAction\",\"name\":\"Comment\",\"target\":[\"https:\/\/novaorg.cofb.net\/2017\/01\/11\/conferencia-laventura-dels-7-cims-video\/#respond\"]}]},{\"@type\":\"WebPage\",\"@id\":\"https:\/\/novaorg.cofb.net\/2017\/01\/11\/conferencia-laventura-dels-7-cims-video\/\",\"url\":\"https:\/\/novaorg.cofb.net\/2017\/01\/11\/conferencia-laventura-dels-7-cims-video\/\",\"name\":\"Confer\u00e8ncia 'L'aventura dels 7 cims' (v\u00eddeo)\",\"isPartOf\":{\"@id\":\"https:\/\/www.cofb.org\/#website\"},\"primaryImageOfPage\":{\"@id\":\"https:\/\/novaorg.cofb.net\/2017\/01\/11\/conferencia-laventura-dels-7-cims-video\/#primaryimage\"},\"image\":{\"@id\":\"https:\/\/novaorg.cofb.net\/2017\/01\/11\/conferencia-laventura-dels-7-cims-video\/#primaryimage\"},\"thumbnailUrl\":\"\",\"datePublished\":\"2017-01-11T12:51:20+00:00\",\"dateModified\":\"2017-01-11T12:51:20+00:00\",\"description\":\"Confer\u00e8ncia 'L'aventura dels 7 cims' (v\u00eddeo) del doctor Josep Antonio Pujante, primer alpinista catal\u00e0 en completar els cims m\u00e9s alts de cada continental\",\"breadcrumb\":{\"@id\":\"https:\/\/novaorg.cofb.net\/2017\/01\/11\/conferencia-laventura-dels-7-cims-video\/#breadcrumb\"},\"inLanguage\":\"es\",\"potentialAction\":[{\"@type\":\"ReadAction\",\"target\":[\"https:\/\/novaorg.cofb.net\/2017\/01\/11\/conferencia-laventura-dels-7-cims-video\/\"]}]},{\"@type\":\"ImageObject\",\"inLanguage\":\"es\",\"@id\":\"https:\/\/novaorg.cofb.net\/2017\/01\/11\/conferencia-laventura-dels-7-cims-video\/#primaryimage\",\"url\":\"\",\"contentUrl\":\"\"},{\"@type\":\"BreadcrumbList\",\"@id\":\"https:\/\/novaorg.cofb.net\/2017\/01\/11\/conferencia-laventura-dels-7-cims-video\/#breadcrumb\",\"itemListElement\":[{\"@type\":\"ListItem\",\"position\":1,\"name\":\"Inici\",\"item\":\"https:\/\/novaorg.cofb.net\/\"},{\"@type\":\"ListItem\",\"position\":2,\"name\":\"Confer\u00e8ncia &#8216;L&#8217;aventura dels 7 cims&#8217; (v\u00eddeo)\"}]},{\"@type\":\"WebSite\",\"@id\":\"https:\/\/www.cofb.org\/#website\",\"url\":\"https:\/\/www.cofb.org\/\",\"name\":\"Col\u00b7legi de Farmac\u00e8utics de Barcelona\",\"description\":\"\",\"publisher\":{\"@id\":\"https:\/\/www.cofb.org\/#organization\"},\"potentialAction\":[{\"@type\":\"SearchAction\",\"target\":{\"@type\":\"EntryPoint\",\"urlTemplate\":\"https:\/\/www.cofb.org\/?s={search_term_string}\"},\"query-input\":\"required name=search_term_string\"}],\"inLanguage\":\"es\"},{\"@type\":\"Organization\",\"@id\":\"https:\/\/www.cofb.org\/#organization\",\"name\":\"Col\u00b7legi de Farmac\u00e8utics de Barcelona\",\"url\":\"https:\/\/www.cofb.org\/\",\"logo\":{\"@type\":\"ImageObject\",\"inLanguage\":\"es\",\"@id\":\"https:\/\/www.cofb.org\/#\/schema\/logo\/image\/\",\"url\":\"https:\/\/www.cofb.org\/wp-content\/uploads\/2023\/11\/cropped-Logotip-COFB.png\",\"contentUrl\":\"https:\/\/www.cofb.org\/wp-content\/uploads\/2023\/11\/cropped-Logotip-COFB.png\",\"width\":500,\"height\":105,\"caption\":\"Col\u00b7legi de Farmac\u00e8utics de Barcelona\"},\"image\":{\"@id\":\"https:\/\/www.cofb.org\/#\/schema\/logo\/image\/\"},\"sameAs\":[\"https:\/\/www.facebook.com\/farmaceuticsbcn\/\",\"https:\/\/twitter.com\/farmaceuticsbcn\",\"https:\/\/www.instagram.com\/farmaceuticsbcn\/\",\"https:\/\/www.linkedin.com\/company\/farmaceuticsbcn\/\"]},{\"@type\":\"Person\",\"@id\":\"https:\/\/www.cofb.org\/#\/schema\/person\/22ed7eea88da74b0fa4d3154ad87ffcb\",\"name\":\"wpAdminCofbOrg\",\"image\":{\"@type\":\"ImageObject\",\"inLanguage\":\"es\",\"@id\":\"https:\/\/www.cofb.org\/#\/schema\/person\/image\/\",\"url\":\"https:\/\/secure.gravatar.com\/avatar\/1721b20b3b8ca882c3b56ec6c978c594fff670e40c0718e9190eaeeb76aae7d8?s=96&d=mm&r=g\",\"contentUrl\":\"https:\/\/secure.gravatar.com\/avatar\/1721b20b3b8ca882c3b56ec6c978c594fff670e40c0718e9190eaeeb76aae7d8?s=96&d=mm&r=g\",\"caption\":\"wpAdminCofbOrg\"},\"sameAs\":[\"http:\/\/192.168.64.122\/wordpress\"],\"url\":\"https:\/\/www.cofb.org\/es\/author\/wpadmincofborg\/\"}]}<\/script>\n<!-- \/ Yoast SEO plugin. -->","yoast_head_json":{"title":"Confer\u00e8ncia 'L'aventura dels 7 cims' (v\u00eddeo)","description":"Confer\u00e8ncia 'L'aventura dels 7 cims' (v\u00eddeo) del doctor Josep Antonio Pujante, primer alpinista catal\u00e0 en completar els cims m\u00e9s alts de cada continental","robots":{"index":"index","follow":"follow","max-snippet":"max-snippet:-1","max-image-preview":"max-image-preview:large","max-video-preview":"max-video-preview:-1"},"canonical":"https:\/\/novaorg.cofb.net\/2017\/01\/11\/conferencia-laventura-dels-7-cims-video\/","og_locale":"es_ES","og_type":"article","og_title":"Confer\u00e8ncia 'L'aventura dels 7 cims' (v\u00eddeo)","og_description":"Confer\u00e8ncia 'L'aventura dels 7 cims' (v\u00eddeo) del doctor Josep Antonio Pujante, primer alpinista catal\u00e0 en completar els cims m\u00e9s alts de cada continental","og_url":"https:\/\/novaorg.cofb.net\/2017\/01\/11\/conferencia-laventura-dels-7-cims-video\/","og_site_name":"Col\u00b7legi de Farmac\u00e8utics de Barcelona","article_publisher":"https:\/\/www.facebook.com\/farmaceuticsbcn\/","article_published_time":"2017-01-11T12:51:20+00:00","author":"wpAdminCofbOrg","twitter_card":"summary_large_image","twitter_creator":"@farmaceuticsbcn","twitter_site":"@farmaceuticsbcn","twitter_misc":{"Escrito por":"wpAdminCofbOrg","Tiempo de lectura":"1 minuto"},"schema":{"@context":"https:\/\/schema.org","@graph":[{"@type":"Article","@id":"https:\/\/novaorg.cofb.net\/2017\/01\/11\/conferencia-laventura-dels-7-cims-video\/#article","isPartOf":{"@id":"https:\/\/novaorg.cofb.net\/2017\/01\/11\/conferencia-laventura-dels-7-cims-video\/"},"author":{"name":"wpAdminCofbOrg","@id":"https:\/\/www.cofb.org\/#\/schema\/person\/22ed7eea88da74b0fa4d3154ad87ffcb"},"headline":"Confer\u00e8ncia &#8216;L&#8217;aventura dels 7 cims&#8217; (v\u00eddeo)","datePublished":"2017-01-11T12:51:20+00:00","dateModified":"2017-01-11T12:51:20+00:00","mainEntityOfPage":{"@id":"https:\/\/novaorg.cofb.net\/2017\/01\/11\/conferencia-laventura-dels-7-cims-video\/"},"wordCount":248,"commentCount":0,"publisher":{"@id":"https:\/\/www.cofb.org\/#organization"},"image":{"@id":"https:\/\/novaorg.cofb.net\/2017\/01\/11\/conferencia-laventura-dels-7-cims-video\/#primaryimage"},"thumbnailUrl":"","keywords":["7 cims","Alpinisme","Comissi\u00f3 de Cultura","Cultura","Josep Antonio Pujante","Muntanya"],"articleSection":["M\u00f3n col\u00b7legial"],"inLanguage":"es","potentialAction":[{"@type":"CommentAction","name":"Comment","target":["https:\/\/novaorg.cofb.net\/2017\/01\/11\/conferencia-laventura-dels-7-cims-video\/#respond"]}]},{"@type":"WebPage","@id":"https:\/\/novaorg.cofb.net\/2017\/01\/11\/conferencia-laventura-dels-7-cims-video\/","url":"https:\/\/novaorg.cofb.net\/2017\/01\/11\/conferencia-laventura-dels-7-cims-video\/","name":"Confer\u00e8ncia 'L'aventura dels 7 cims' (v\u00eddeo)","isPartOf":{"@id":"https:\/\/www.cofb.org\/#website"},"primaryImageOfPage":{"@id":"https:\/\/novaorg.cofb.net\/2017\/01\/11\/conferencia-laventura-dels-7-cims-video\/#primaryimage"},"image":{"@id":"https:\/\/novaorg.cofb.net\/2017\/01\/11\/conferencia-laventura-dels-7-cims-video\/#primaryimage"},"thumbnailUrl":"","datePublished":"2017-01-11T12:51:20+00:00","dateModified":"2017-01-11T12:51:20+00:00","description":"Confer\u00e8ncia 'L'aventura dels 7 cims' (v\u00eddeo) del doctor Josep Antonio Pujante, primer alpinista catal\u00e0 en completar els cims m\u00e9s alts de cada continental","breadcrumb":{"@id":"https:\/\/novaorg.cofb.net\/2017\/01\/11\/conferencia-laventura-dels-7-cims-video\/#breadcrumb"},"inLanguage":"es","potentialAction":[{"@type":"ReadAction","target":["https:\/\/novaorg.cofb.net\/2017\/01\/11\/conferencia-laventura-dels-7-cims-video\/"]}]},{"@type":"ImageObject","inLanguage":"es","@id":"https:\/\/novaorg.cofb.net\/2017\/01\/11\/conferencia-laventura-dels-7-cims-video\/#primaryimage","url":"","contentUrl":""},{"@type":"BreadcrumbList","@id":"https:\/\/novaorg.cofb.net\/2017\/01\/11\/conferencia-laventura-dels-7-cims-video\/#breadcrumb","itemListElement":[{"@type":"ListItem","position":1,"name":"Inici","item":"https:\/\/novaorg.cofb.net\/"},{"@type":"ListItem","position":2,"name":"Confer\u00e8ncia &#8216;L&#8217;aventura dels 7 cims&#8217; (v\u00eddeo)"}]},{"@type":"WebSite","@id":"https:\/\/www.cofb.org\/#website","url":"https:\/\/www.cofb.org\/","name":"Col\u00b7legi de Farmac\u00e8utics de Barcelona","description":"","publisher":{"@id":"https:\/\/www.cofb.org\/#organization"},"potentialAction":[{"@type":"SearchAction","target":{"@type":"EntryPoint","urlTemplate":"https:\/\/www.cofb.org\/?s={search_term_string}"},"query-input":"required name=search_term_string"}],"inLanguage":"es"},{"@type":"Organization","@id":"https:\/\/www.cofb.org\/#organization","name":"Col\u00b7legi de Farmac\u00e8utics de Barcelona","url":"https:\/\/www.cofb.org\/","logo":{"@type":"ImageObject","inLanguage":"es","@id":"https:\/\/www.cofb.org\/#\/schema\/logo\/image\/","url":"https:\/\/www.cofb.org\/wp-content\/uploads\/2023\/11\/cropped-Logotip-COFB.png","contentUrl":"https:\/\/www.cofb.org\/wp-content\/uploads\/2023\/11\/cropped-Logotip-COFB.png","width":500,"height":105,"caption":"Col\u00b7legi de Farmac\u00e8utics de Barcelona"},"image":{"@id":"https:\/\/www.cofb.org\/#\/schema\/logo\/image\/"},"sameAs":["https:\/\/www.facebook.com\/farmaceuticsbcn\/","https:\/\/twitter.com\/farmaceuticsbcn","https:\/\/www.instagram.com\/farmaceuticsbcn\/","https:\/\/www.linkedin.com\/company\/farmaceuticsbcn\/"]},{"@type":"Person","@id":"https:\/\/www.cofb.org\/#\/schema\/person\/22ed7eea88da74b0fa4d3154ad87ffcb","name":"wpAdminCofbOrg","image":{"@type":"ImageObject","inLanguage":"es","@id":"https:\/\/www.cofb.org\/#\/schema\/person\/image\/","url":"https:\/\/secure.gravatar.com\/avatar\/1721b20b3b8ca882c3b56ec6c978c594fff670e40c0718e9190eaeeb76aae7d8?s=96&d=mm&r=g","contentUrl":"https:\/\/secure.gravatar.com\/avatar\/1721b20b3b8ca882c3b56ec6c978c594fff670e40c0718e9190eaeeb76aae7d8?s=96&d=mm&r=g","caption":"wpAdminCofbOrg"},"sameAs":["http:\/\/192.168.64.122\/wordpress"],"url":"https:\/\/www.cofb.org\/es\/author\/wpadmincofborg\/"}]}},"uagb_featured_image_src":{"full":false,"thumbnail":false,"medium":false,"medium_large":false,"large":false,"1536x1536":false,"2048x2048":false,"trp-custom-language-flag":false},"uagb_author_info":{"display_name":"wpAdminCofbOrg","author_link":"https:\/\/www.cofb.org\/es\/author\/wpadmincofborg\/"},"uagb_comment_info":0,"uagb_excerpt":"Qu\u00e8 se sent mirant el m\u00f3n des dels seus cims m\u00e9s alts? Qu\u00e8 ens ensenya la muntanya? A aquestes i altres q\u00fcestions relacionades amb la salut i la muntanya va donar resposta la confer\u00e8ncia &#8216;L\u2019aventura dels 7 cims&#8217; del doctor Josep Antonio Pujante organitzada per la Comissi\u00f3 de Cultura del [&hellip;]","_links":{"self":[{"href":"https:\/\/www.cofb.org\/es\/wp-json\/wp\/v2\/posts\/26651","targetHints":{"allow":["GET"]}}],"collection":[{"href":"https:\/\/www.cofb.org\/es\/wp-json\/wp\/v2\/posts"}],"about":[{"href":"https:\/\/www.cofb.org\/es\/wp-json\/wp\/v2\/types\/post"}],"author":[{"embeddable":true,"href":"https:\/\/www.cofb.org\/es\/wp-json\/wp\/v2\/users\/1"}],"replies":[{"embeddable":true,"href":"https:\/\/www.cofb.org\/es\/wp-json\/wp\/v2\/comments?post=26651"}],"version-history":[{"count":0,"href":"https:\/\/www.cofb.org\/es\/wp-json\/wp\/v2\/posts\/26651\/revisions"}],"wp:featuredmedia":[{"embeddable":true,"href":"https:\/\/www.cofb.org\/es\/wp-json\/"}],"wp:attachment":[{"href":"https:\/\/www.cofb.org\/es\/wp-json\/wp\/v2\/media?parent=26651"}],"wp:term":[{"taxonomy":"category","embeddable":true,"href":"https:\/\/www.cofb.org\/es\/wp-json\/wp\/v2\/categories?post=26651"},{"taxonomy":"post_tag","embeddable":true,"href":"https:\/\/www.cofb.org\/es\/wp-json\/wp\/v2\/tags?post=26651"}],"curies":[{"name":"wp","href":"https:\/\/api.w.org\/{rel}","templated":true}]}}