{"id":26617,"date":"2016-12-13T13:13:42","date_gmt":"2016-12-13T12:13:42","guid":{"rendered":"http:\/\/blog.cofb.cat\/?p=26617"},"modified":"2016-12-13T13:13:42","modified_gmt":"2016-12-13T12:13:42","slug":"com-oferir-serveis-professionals-la-farmacia","status":"publish","type":"post","link":"https:\/\/www.cofb.org\/es\/2016\/12\/13\/com-oferir-serveis-professionals-la-farmacia\/","title":{"rendered":"\u00bfC\u00f3mo ofrecer servicios profesionales en la farmacia?"},"content":{"rendered":"<p>La implantaci\u00f3n de servicios profesionales en Catalu\u00f1a crece cada d\u00eda m\u00e1s. <strong>Prevenci\u00f3n de la enfermedad, promoci\u00f3n de la salud, seguimiento de la medicaci\u00f3n y de los efectos sobre los pacientes<\/strong> son \u00e1mbitos en los que el profesional farmac\u00e9utico no ha dejado de crecer en los \u00faltimos veinte a\u00f1os. La farmacia comunitaria tiene recursos para llevar a cabo proyectos que utilicen el potencial de los farmac\u00e9uticos que los hacen posibles, para que reviertan en beneficios a los pacientes y al conjunto de la sociedad. A la hora de ofrecer un servicio profesional, el farmac\u00e9utico debe tener herramientas para proponer el servicio desde un punto de vista fuerte y para seguir, introducir, conducir y cerrar el ofrecimiento de este servicio al paciente.<\/p>\n<figure id=\"attachment_26622\" aria-describedby=\"caption-attachment-26622\" style=\"width: 299px\" class=\"wp-caption alignright\"><a href=\"http:\/\/blog.cofb.cat\/wp-content\/uploads\/2016\/12\/oferir-serveis-professionals-4.jpg\"><img fetchpriority=\"high\" decoding=\"async\" class=\"wp-image-26622\" alt=\"oferir-serveis-professionals (4)\" src=\"http:\/\/blog.cofb.cat\/wp-content\/uploads\/2016\/12\/oferir-serveis-professionals-4.jpg\" width=\"299\" height=\"200\" \/><\/a><figcaption id=\"caption-attachment-26622\" class=\"wp-caption-text\">Rafael Guayta-Escolies (Consejo de Colegios Farmac\u00e9uticos de Catalu\u00f1a)<\/figcaption><\/figure>\n<p>El<strong> curso \u201cT\u00e9cnicas de venta de un servicio profesional farmac\u00e9utico\u201d<\/strong>, que tuvo lugar en el COF Barcelona el pasado mes de noviembre, permiti\u00f3 a los farmac\u00e9uticos asistentes saber qu\u00e9 es un servicio profesional farmac\u00e9utico (SPF), c\u00f3mo est\u00e1n presentes en la farmacia y en el Plan de Salud de Catalu\u00f1a y cu\u00e1l es el procedimiento para presentar uno nuevo. Asimismo, aprendieron cu\u00e1les son los servicios profesionales que pueden ofrecerse a la farmacia comunitaria y las t\u00e9cnicas para hacerlo posible.<\/p>\n<p><span style=\"color: #888888;\"><b>Es necesario establecer una relaci\u00f3n de calidad entre el farmac\u00e9utico y el usuario para garantizar un espacio id\u00f3neo para esta gesti\u00f3n y facilitar la formaci\u00f3n para que la farmacia aumente las posibilidades de ofrecer este servicio y supere las dificultades del experto en esta \u00e1rea.<\/b><\/span><\/p>\n<figure id=\"attachment_26619\" aria-describedby=\"caption-attachment-26619\" style=\"width: 298px\" class=\"wp-caption alignleft\"><a href=\"http:\/\/blog.cofb.cat\/wp-content\/uploads\/2016\/12\/oferir-serveis-professionals-1.jpg\"><img decoding=\"async\" class=\"wp-image-26619\" alt=\"oferir-serveis-professionals (1)\" src=\"http:\/\/blog.cofb.cat\/wp-content\/uploads\/2016\/12\/oferir-serveis-professionals-1.jpg\" width=\"298\" height=\"199\" \/><\/a><figcaption id=\"caption-attachment-26619\" class=\"wp-caption-text\">De izquierda a derecha: Xavier Fust\u00e9, Guillermo Bagaria y Rafael Guayta-Escolies<\/figcaption><\/figure>\n<div class=\"box shadow\">El cuadro docente estuvo formado por <b>Guillermo Bagar\u00eda<\/b>, farmac\u00e9utico comunitario en L&#039;Hospitalet de Llobregat y vocal de la Junta de Gobierno del COFB; <b>Xavier Fust\u00e9<\/b>, farmac\u00e9utico, <i>Certified Professional Co-Active Coach<\/i> (CPCC), <i>Associated Certified Coach<\/i> (ACC) y formador; y <b>Rafael Guayta-Escolies<\/b>, director de Proyectos e Investigaci\u00f3n del Consejo de Colegios Farmac\u00e9uticos de Catalunya. <strong>Cristina Rodr\u00edguez<\/strong>, jefe del Departamento de Formaci\u00f3n y Desarrollo Profesional del COF de Barcelona, coordin\u00f3 esta formaci\u00f3n.<\/div>\n<p>&quot;Con esta formaci\u00f3n los participantes han podido poner nombre, claridad y conciencia de lo que ya iban aplicando, adem\u00e1s de ser m\u00e1s conscientes del discurso interno del usuario y el impacto que tienen a la hora de ofrecer un servicio&quot; explica <b>Fust\u00e9<\/b>. \u201cHan adquirido nuevas herramientas de relaci\u00f3n y estructura para conducir este ofrecimiento, haciendo \u00e9nfasis en la importancia de la relaci\u00f3n que se crea entre el usuario y el experto (t\u00e9cnico, auxiliar, farmac\u00e9utico) cuando debe indicar servicios farmac\u00e9uticos\u201d.<\/p>\n<figure id=\"attachment_26620\" aria-describedby=\"caption-attachment-26620\" style=\"width: 298px\" class=\"wp-caption alignright\"><a href=\"http:\/\/blog.cofb.cat\/wp-content\/uploads\/2016\/12\/oferir-serveis-professionals-2.jpg\"><img decoding=\"async\" class=\"wp-image-26620\" alt=\"oferir-serveis-professionals (2)\" src=\"http:\/\/blog.cofb.cat\/wp-content\/uploads\/2016\/12\/oferir-serveis-professionals-2.jpg\" width=\"298\" height=\"199\" \/><\/a><figcaption id=\"caption-attachment-26620\" class=\"wp-caption-text\">Guillermo Bagaria, Colegio de Farmac\u00e9uticos de Barcelona<\/figcaption><\/figure>\n<p>La formaci\u00f3n, organizada en base a sesiones pr\u00e1cticas con casos y <i>role playing<\/i> de ofrecimiento de un servicio profesional \u201cha sido din\u00e1mica, participativa, divertida, enriquecedora\u2026 Un c\u00f3ctel para explorar, probar y aprender. Los participantes ten\u00edan muchas ganas de conocer y salir empoderados de sus propias capacidades\u201d relata Fust\u00e9.<\/p>\n<p><b><div class=\"box shadow\">\u00bfQu\u00e9 hace que un servicio funcione o no?<\/b><\/p>\n<p>Durante la <a href=\"http:\/\/blog.cofb.cat\/cap-sorienten-els-serveis-professionals\/\" target=\"_blank\" rel=\"noopener\">2a Jornada de Estrategia y Acciones para la farmacia comunitaria 2016-2018<\/a> del Consejo de Colegios de Farmac\u00e9uticos de Catalunya, que tuvo lugar el 15 de noviembre, se reflexion\u00f3 sobre lo que hace que un servicio funcione. En este sentido, <b>Ma Jos\u00e9 Gaspar<\/b>, jefe del Servicio de Ordenaci\u00f3n y Calidad Farmac\u00e9uticas del Departamento de Salud, destac\u00f3 el entusiasmo y la motivaci\u00f3n como claves, y afirm\u00f3 que existe potencialidad para seguir haciendo crecer los servicios que ofrecen las farmacias.<\/p>\n<p>Por su parte, <b>Felipe Burgos<\/b>, del Centro de diagn\u00f3stico respiratorio del Hospital Cl\u00ednic, explic\u00f3 la experiencia de la intervenci\u00f3n de las farmacias en patolog\u00edas respiratorias como la Enfermedad Pulmonar Obstructiva Cr\u00f3nica (EPOC), o en la mejora del uso y efectividad de los inhaladores. Durante su ponencia, Burgos defendi\u00f3 la importancia del acceso a la historia cl\u00ednica por parte del farmac\u00e9utico.<\/p>\n<p><b>Paqui Moreno<\/b>, presidenta de SEFAC Catalunya, que reflexion\u00f3 sobre servicios como el de cese tab\u00e1quico y el test de estreptococo desde las farmacias, puso el \u00e9nfasis en la necesidad de que los servicios sean de utilidad para los pacientes, y en los que los profesionales tengan una actitud proactiva a la hora de ofrecerles. En este punto ha coincidido con Guillermo Bagaria, vocal del COFB, quien habl\u00f3 sobre el servicio de detecci\u00f3n precoz del riesgo cardiovascular desde las farmacias, concertado por primera vez por una entidad aseguradora privada, M\u00fatua General de Catalunya.<\/p>\n<p><strong>Fuente y m\u00e1s informaci\u00f3n:<\/strong><\/p>\n<ul>\n<li>15\/11\/2016 \u2013 \u201cLos farmac\u00e9uticos, a trav\u00e9s de los servicios profesionales, queremos lograr nuevos roles en una profesi\u00f3n indispensable\u201d<\/li>\n<li>16\/11\/2016 \u2013 \u201cDesarrollar nuevos servicios asistenciales contribuye a hacer m\u00e1s fuerte la farmacia comunitaria ya facilitar su integraci\u00f3n efectiva en el sistema sanitario\u201d<\/li>\n<\/ul>\n<p>Notas de prensa disponibles en la <a href=\"http:\/\/www.cofb.org\/es\/web\/guest\/notes-de-premsa\/\" target=\"_blank\" rel=\"noopener\">Sala de Prensa<\/a> de la web institucional del COFB<b><\/div><\/b><\/p>","protected":false},"excerpt":{"rendered":"<p>La implantaci\u00f3n de servicios profesionales en Catalu\u00f1a crece cada d\u00eda m\u00e1s. Prevenci\u00f3n de la enfermedad, promoci\u00f3n de la salud, seguimiento de la medicaci\u00f3n y los efectos sobre los pacientes son \u00e1mbitos en los que el profesional farmac\u00e9utico no ha dejado de crecer en los \u00faltimos veinte a\u00f1os. La farmacia comunitaria [\u2026]<\/p>","protected":false},"author":1,"featured_media":26621,"comment_status":"open","ping_status":"open","sticky":false,"template":"","format":"standard","meta":{"_uag_custom_page_level_css":"","site-sidebar-layout":"default","site-content-layout":"","ast-site-content-layout":"default","site-content-style":"default","site-sidebar-style":"default","ast-global-header-display":"","ast-banner-title-visibility":"","ast-main-header-display":"","ast-hfb-above-header-display":"","ast-hfb-below-header-display":"","ast-hfb-mobile-header-display":"","site-post-title":"","ast-breadcrumbs-content":"","ast-featured-img":"disabled","footer-sml-layout":"","theme-transparent-header-meta":"","adv-header-id-meta":"","stick-header-meta":"","header-above-stick-meta":"","header-main-stick-meta":"","header-below-stick-meta":"","astra-migrate-meta-layouts":"default","ast-page-background-enabled":"default","ast-page-background-meta":{"desktop":{"background-color":"var(--ast-global-color-4)","background-image":"","background-repeat":"repeat","background-position":"center center","background-size":"auto","background-attachment":"scroll","background-type":"","background-media":"","overlay-type":"","overlay-color":"","overlay-opacity":"","overlay-gradient":""},"tablet":{"background-color":"","background-image":"","background-repeat":"repeat","background-position":"center center","background-size":"auto","background-attachment":"scroll","background-type":"","background-media":"","overlay-type":"","overlay-color":"","overlay-opacity":"","overlay-gradient":""},"mobile":{"background-color":"","background-image":"","background-repeat":"repeat","background-position":"center center","background-size":"auto","background-attachment":"scroll","background-type":"","background-media":"","overlay-type":"","overlay-color":"","overlay-opacity":"","overlay-gradient":""}},"ast-content-background-meta":{"desktop":{"background-color":"var(--ast-global-color-5)","background-image":"","background-repeat":"repeat","background-position":"center center","background-size":"auto","background-attachment":"scroll","background-type":"","background-media":"","overlay-type":"","overlay-color":"","overlay-opacity":"","overlay-gradient":""},"tablet":{"background-color":"var(--ast-global-color-5)","background-image":"","background-repeat":"repeat","background-position":"center center","background-size":"auto","background-attachment":"scroll","background-type":"","background-media":"","overlay-type":"","overlay-color":"","overlay-opacity":"","overlay-gradient":""},"mobile":{"background-color":"var(--ast-global-color-5)","background-image":"","background-repeat":"repeat","background-position":"center center","background-size":"auto","background-attachment":"scroll","background-type":"","background-media":"","overlay-type":"","overlay-color":"","overlay-opacity":"","overlay-gradient":""}},"footnotes":""},"categories":[57],"tags":[2176,113,69,70,118],"class_list":["post-26617","post","type-post","status-publish","format-standard","has-post-thumbnail","hentry","category-mon-collegial","tag-cartera-de-serveis","tag-farmacia-assistencial","tag-farmacia-comunitaria","tag-formacio","tag-serveis-professionals"],"yoast_head":"<!-- This site is optimized with the Yoast SEO plugin v22.4 - https:\/\/yoast.com\/wordpress\/plugins\/seo\/ -->\n<title>Com oferir serveis professionals a la farm\u00e0cia?<\/title>\n<meta name=\"description\" content=\"Com oferir serveis professionals a la farm\u00e0cia? Curs \u201cT\u00e8cniques de venda d&#039;un servei professional farmac\u00e8utic\u201d al COF Barcelona.\" \/>\n<meta name=\"robots\" content=\"index, follow, max-snippet:-1, max-image-preview:large, max-video-preview:-1\" \/>\n<link rel=\"canonical\" href=\"https:\/\/novaorg.cofb.net\/2016\/12\/13\/com-oferir-serveis-professionals-la-farmacia\/\" \/>\n<meta property=\"og:locale\" content=\"es_ES\" \/>\n<meta property=\"og:type\" content=\"article\" \/>\n<meta property=\"og:title\" content=\"Com oferir serveis professionals a la farm\u00e0cia?\" \/>\n<meta property=\"og:description\" content=\"Com oferir serveis professionals a la farm\u00e0cia? Curs \u201cT\u00e8cniques de venda d&#039;un servei professional farmac\u00e8utic\u201d al COF Barcelona.\" \/>\n<meta property=\"og:url\" content=\"https:\/\/novaorg.cofb.net\/2016\/12\/13\/com-oferir-serveis-professionals-la-farmacia\/\" \/>\n<meta property=\"og:site_name\" content=\"Col\u00b7legi de Farmac\u00e8utics de Barcelona\" \/>\n<meta property=\"article:publisher\" content=\"https:\/\/www.facebook.com\/farmaceuticsbcn\/\" \/>\n<meta property=\"article:published_time\" content=\"2016-12-13T12:13:42+00:00\" \/>\n<meta name=\"author\" content=\"wpAdminCofbOrg\" \/>\n<meta name=\"twitter:card\" content=\"summary_large_image\" \/>\n<meta name=\"twitter:creator\" content=\"@farmaceuticsbcn\" \/>\n<meta name=\"twitter:site\" content=\"@farmaceuticsbcn\" \/>\n<meta name=\"twitter:label1\" content=\"Escrito por\" \/>\n\t<meta name=\"twitter:data1\" content=\"wpAdminCofbOrg\" \/>\n\t<meta name=\"twitter:label2\" content=\"Tiempo de lectura\" \/>\n\t<meta name=\"twitter:data2\" content=\"4 minutos\" \/>\n<script type=\"application\/ld+json\" class=\"yoast-schema-graph\">{\"@context\":\"https:\/\/schema.org\",\"@graph\":[{\"@type\":\"Article\",\"@id\":\"https:\/\/novaorg.cofb.net\/2016\/12\/13\/com-oferir-serveis-professionals-la-farmacia\/#article\",\"isPartOf\":{\"@id\":\"https:\/\/novaorg.cofb.net\/2016\/12\/13\/com-oferir-serveis-professionals-la-farmacia\/\"},\"author\":{\"name\":\"wpAdminCofbOrg\",\"@id\":\"https:\/\/www.cofb.org\/#\/schema\/person\/22ed7eea88da74b0fa4d3154ad87ffcb\"},\"headline\":\"Com oferir serveis professionals a la farm\u00e0cia?\",\"datePublished\":\"2016-12-13T12:13:42+00:00\",\"dateModified\":\"2016-12-13T12:13:42+00:00\",\"mainEntityOfPage\":{\"@id\":\"https:\/\/novaorg.cofb.net\/2016\/12\/13\/com-oferir-serveis-professionals-la-farmacia\/\"},\"wordCount\":890,\"commentCount\":0,\"publisher\":{\"@id\":\"https:\/\/www.cofb.org\/#organization\"},\"image\":{\"@id\":\"https:\/\/novaorg.cofb.net\/2016\/12\/13\/com-oferir-serveis-professionals-la-farmacia\/#primaryimage\"},\"thumbnailUrl\":\"\",\"keywords\":[\"cartera de serveis\",\"farm\u00e0cia assistencial\",\"farm\u00e0cia comunit\u00e0ria\",\"Formaci\u00f3\",\"Serveis professionals\"],\"articleSection\":[\"M\u00f3n col\u00b7legial\"],\"inLanguage\":\"es\",\"potentialAction\":[{\"@type\":\"CommentAction\",\"name\":\"Comment\",\"target\":[\"https:\/\/novaorg.cofb.net\/2016\/12\/13\/com-oferir-serveis-professionals-la-farmacia\/#respond\"]}]},{\"@type\":\"WebPage\",\"@id\":\"https:\/\/novaorg.cofb.net\/2016\/12\/13\/com-oferir-serveis-professionals-la-farmacia\/\",\"url\":\"https:\/\/novaorg.cofb.net\/2016\/12\/13\/com-oferir-serveis-professionals-la-farmacia\/\",\"name\":\"Com oferir serveis professionals a la farm\u00e0cia?\",\"isPartOf\":{\"@id\":\"https:\/\/www.cofb.org\/#website\"},\"primaryImageOfPage\":{\"@id\":\"https:\/\/novaorg.cofb.net\/2016\/12\/13\/com-oferir-serveis-professionals-la-farmacia\/#primaryimage\"},\"image\":{\"@id\":\"https:\/\/novaorg.cofb.net\/2016\/12\/13\/com-oferir-serveis-professionals-la-farmacia\/#primaryimage\"},\"thumbnailUrl\":\"\",\"datePublished\":\"2016-12-13T12:13:42+00:00\",\"dateModified\":\"2016-12-13T12:13:42+00:00\",\"description\":\"Com oferir serveis professionals a la farm\u00e0cia? Curs \u201cT\u00e8cniques de venda d'un servei professional farmac\u00e8utic\u201d al COF Barcelona.\",\"breadcrumb\":{\"@id\":\"https:\/\/novaorg.cofb.net\/2016\/12\/13\/com-oferir-serveis-professionals-la-farmacia\/#breadcrumb\"},\"inLanguage\":\"es\",\"potentialAction\":[{\"@type\":\"ReadAction\",\"target\":[\"https:\/\/novaorg.cofb.net\/2016\/12\/13\/com-oferir-serveis-professionals-la-farmacia\/\"]}]},{\"@type\":\"ImageObject\",\"inLanguage\":\"es\",\"@id\":\"https:\/\/novaorg.cofb.net\/2016\/12\/13\/com-oferir-serveis-professionals-la-farmacia\/#primaryimage\",\"url\":\"\",\"contentUrl\":\"\"},{\"@type\":\"BreadcrumbList\",\"@id\":\"https:\/\/novaorg.cofb.net\/2016\/12\/13\/com-oferir-serveis-professionals-la-farmacia\/#breadcrumb\",\"itemListElement\":[{\"@type\":\"ListItem\",\"position\":1,\"name\":\"Inici\",\"item\":\"https:\/\/novaorg.cofb.net\/\"},{\"@type\":\"ListItem\",\"position\":2,\"name\":\"Com oferir serveis professionals a la farm\u00e0cia?\"}]},{\"@type\":\"WebSite\",\"@id\":\"https:\/\/www.cofb.org\/#website\",\"url\":\"https:\/\/www.cofb.org\/\",\"name\":\"Col\u00b7legi de Farmac\u00e8utics de Barcelona\",\"description\":\"\",\"publisher\":{\"@id\":\"https:\/\/www.cofb.org\/#organization\"},\"potentialAction\":[{\"@type\":\"SearchAction\",\"target\":{\"@type\":\"EntryPoint\",\"urlTemplate\":\"https:\/\/www.cofb.org\/?s={search_term_string}\"},\"query-input\":\"required name=search_term_string\"}],\"inLanguage\":\"es\"},{\"@type\":\"Organization\",\"@id\":\"https:\/\/www.cofb.org\/#organization\",\"name\":\"Col\u00b7legi de Farmac\u00e8utics de Barcelona\",\"url\":\"https:\/\/www.cofb.org\/\",\"logo\":{\"@type\":\"ImageObject\",\"inLanguage\":\"es\",\"@id\":\"https:\/\/www.cofb.org\/#\/schema\/logo\/image\/\",\"url\":\"https:\/\/www.cofb.org\/wp-content\/uploads\/2023\/11\/cropped-Logotip-COFB.png\",\"contentUrl\":\"https:\/\/www.cofb.org\/wp-content\/uploads\/2023\/11\/cropped-Logotip-COFB.png\",\"width\":500,\"height\":105,\"caption\":\"Col\u00b7legi de Farmac\u00e8utics de Barcelona\"},\"image\":{\"@id\":\"https:\/\/www.cofb.org\/#\/schema\/logo\/image\/\"},\"sameAs\":[\"https:\/\/www.facebook.com\/farmaceuticsbcn\/\",\"https:\/\/twitter.com\/farmaceuticsbcn\",\"https:\/\/www.instagram.com\/farmaceuticsbcn\/\",\"https:\/\/www.linkedin.com\/company\/farmaceuticsbcn\/\"]},{\"@type\":\"Person\",\"@id\":\"https:\/\/www.cofb.org\/#\/schema\/person\/22ed7eea88da74b0fa4d3154ad87ffcb\",\"name\":\"wpAdminCofbOrg\",\"image\":{\"@type\":\"ImageObject\",\"inLanguage\":\"es\",\"@id\":\"https:\/\/www.cofb.org\/#\/schema\/person\/image\/\",\"url\":\"https:\/\/secure.gravatar.com\/avatar\/1721b20b3b8ca882c3b56ec6c978c594fff670e40c0718e9190eaeeb76aae7d8?s=96&d=mm&r=g\",\"contentUrl\":\"https:\/\/secure.gravatar.com\/avatar\/1721b20b3b8ca882c3b56ec6c978c594fff670e40c0718e9190eaeeb76aae7d8?s=96&d=mm&r=g\",\"caption\":\"wpAdminCofbOrg\"},\"sameAs\":[\"http:\/\/192.168.64.122\/wordpress\"],\"url\":\"https:\/\/www.cofb.org\/es\/author\/wpadmincofborg\/\"}]}<\/script>\n<!-- \/ Yoast SEO plugin. -->","yoast_head_json":{"title":"Com oferir serveis professionals a la farm\u00e0cia?","description":"Com oferir serveis professionals a la farm\u00e0cia? Curs \u201cT\u00e8cniques de venda d'un servei professional farmac\u00e8utic\u201d al COF Barcelona.","robots":{"index":"index","follow":"follow","max-snippet":"max-snippet:-1","max-image-preview":"max-image-preview:large","max-video-preview":"max-video-preview:-1"},"canonical":"https:\/\/novaorg.cofb.net\/2016\/12\/13\/com-oferir-serveis-professionals-la-farmacia\/","og_locale":"es_ES","og_type":"article","og_title":"Com oferir serveis professionals a la farm\u00e0cia?","og_description":"Com oferir serveis professionals a la farm\u00e0cia? Curs \u201cT\u00e8cniques de venda d'un servei professional farmac\u00e8utic\u201d al COF Barcelona.","og_url":"https:\/\/novaorg.cofb.net\/2016\/12\/13\/com-oferir-serveis-professionals-la-farmacia\/","og_site_name":"Col\u00b7legi de Farmac\u00e8utics de Barcelona","article_publisher":"https:\/\/www.facebook.com\/farmaceuticsbcn\/","article_published_time":"2016-12-13T12:13:42+00:00","author":"wpAdminCofbOrg","twitter_card":"summary_large_image","twitter_creator":"@farmaceuticsbcn","twitter_site":"@farmaceuticsbcn","twitter_misc":{"Escrito por":"wpAdminCofbOrg","Tiempo de lectura":"4 minutos"},"schema":{"@context":"https:\/\/schema.org","@graph":[{"@type":"Article","@id":"https:\/\/novaorg.cofb.net\/2016\/12\/13\/com-oferir-serveis-professionals-la-farmacia\/#article","isPartOf":{"@id":"https:\/\/novaorg.cofb.net\/2016\/12\/13\/com-oferir-serveis-professionals-la-farmacia\/"},"author":{"name":"wpAdminCofbOrg","@id":"https:\/\/www.cofb.org\/#\/schema\/person\/22ed7eea88da74b0fa4d3154ad87ffcb"},"headline":"Com oferir serveis professionals a la farm\u00e0cia?","datePublished":"2016-12-13T12:13:42+00:00","dateModified":"2016-12-13T12:13:42+00:00","mainEntityOfPage":{"@id":"https:\/\/novaorg.cofb.net\/2016\/12\/13\/com-oferir-serveis-professionals-la-farmacia\/"},"wordCount":890,"commentCount":0,"publisher":{"@id":"https:\/\/www.cofb.org\/#organization"},"image":{"@id":"https:\/\/novaorg.cofb.net\/2016\/12\/13\/com-oferir-serveis-professionals-la-farmacia\/#primaryimage"},"thumbnailUrl":"","keywords":["cartera de serveis","farm\u00e0cia assistencial","farm\u00e0cia comunit\u00e0ria","Formaci\u00f3","Serveis professionals"],"articleSection":["M\u00f3n col\u00b7legial"],"inLanguage":"es","potentialAction":[{"@type":"CommentAction","name":"Comment","target":["https:\/\/novaorg.cofb.net\/2016\/12\/13\/com-oferir-serveis-professionals-la-farmacia\/#respond"]}]},{"@type":"WebPage","@id":"https:\/\/novaorg.cofb.net\/2016\/12\/13\/com-oferir-serveis-professionals-la-farmacia\/","url":"https:\/\/novaorg.cofb.net\/2016\/12\/13\/com-oferir-serveis-professionals-la-farmacia\/","name":"Com oferir serveis professionals a la farm\u00e0cia?","isPartOf":{"@id":"https:\/\/www.cofb.org\/#website"},"primaryImageOfPage":{"@id":"https:\/\/novaorg.cofb.net\/2016\/12\/13\/com-oferir-serveis-professionals-la-farmacia\/#primaryimage"},"image":{"@id":"https:\/\/novaorg.cofb.net\/2016\/12\/13\/com-oferir-serveis-professionals-la-farmacia\/#primaryimage"},"thumbnailUrl":"","datePublished":"2016-12-13T12:13:42+00:00","dateModified":"2016-12-13T12:13:42+00:00","description":"Com oferir serveis professionals a la farm\u00e0cia? Curs \u201cT\u00e8cniques de venda d'un servei professional farmac\u00e8utic\u201d al COF Barcelona.","breadcrumb":{"@id":"https:\/\/novaorg.cofb.net\/2016\/12\/13\/com-oferir-serveis-professionals-la-farmacia\/#breadcrumb"},"inLanguage":"es","potentialAction":[{"@type":"ReadAction","target":["https:\/\/novaorg.cofb.net\/2016\/12\/13\/com-oferir-serveis-professionals-la-farmacia\/"]}]},{"@type":"ImageObject","inLanguage":"es","@id":"https:\/\/novaorg.cofb.net\/2016\/12\/13\/com-oferir-serveis-professionals-la-farmacia\/#primaryimage","url":"","contentUrl":""},{"@type":"BreadcrumbList","@id":"https:\/\/novaorg.cofb.net\/2016\/12\/13\/com-oferir-serveis-professionals-la-farmacia\/#breadcrumb","itemListElement":[{"@type":"ListItem","position":1,"name":"Inici","item":"https:\/\/novaorg.cofb.net\/"},{"@type":"ListItem","position":2,"name":"Com oferir serveis professionals a la farm\u00e0cia?"}]},{"@type":"WebSite","@id":"https:\/\/www.cofb.org\/#website","url":"https:\/\/www.cofb.org\/","name":"Col\u00b7legi de Farmac\u00e8utics de Barcelona","description":"","publisher":{"@id":"https:\/\/www.cofb.org\/#organization"},"potentialAction":[{"@type":"SearchAction","target":{"@type":"EntryPoint","urlTemplate":"https:\/\/www.cofb.org\/?s={search_term_string}"},"query-input":"required name=search_term_string"}],"inLanguage":"es"},{"@type":"Organization","@id":"https:\/\/www.cofb.org\/#organization","name":"Col\u00b7legi de Farmac\u00e8utics de Barcelona","url":"https:\/\/www.cofb.org\/","logo":{"@type":"ImageObject","inLanguage":"es","@id":"https:\/\/www.cofb.org\/#\/schema\/logo\/image\/","url":"https:\/\/www.cofb.org\/wp-content\/uploads\/2023\/11\/cropped-Logotip-COFB.png","contentUrl":"https:\/\/www.cofb.org\/wp-content\/uploads\/2023\/11\/cropped-Logotip-COFB.png","width":500,"height":105,"caption":"Col\u00b7legi de Farmac\u00e8utics de Barcelona"},"image":{"@id":"https:\/\/www.cofb.org\/#\/schema\/logo\/image\/"},"sameAs":["https:\/\/www.facebook.com\/farmaceuticsbcn\/","https:\/\/twitter.com\/farmaceuticsbcn","https:\/\/www.instagram.com\/farmaceuticsbcn\/","https:\/\/www.linkedin.com\/company\/farmaceuticsbcn\/"]},{"@type":"Person","@id":"https:\/\/www.cofb.org\/#\/schema\/person\/22ed7eea88da74b0fa4d3154ad87ffcb","name":"wpAdminCofbOrg","image":{"@type":"ImageObject","inLanguage":"es","@id":"https:\/\/www.cofb.org\/#\/schema\/person\/image\/","url":"https:\/\/secure.gravatar.com\/avatar\/1721b20b3b8ca882c3b56ec6c978c594fff670e40c0718e9190eaeeb76aae7d8?s=96&d=mm&r=g","contentUrl":"https:\/\/secure.gravatar.com\/avatar\/1721b20b3b8ca882c3b56ec6c978c594fff670e40c0718e9190eaeeb76aae7d8?s=96&d=mm&r=g","caption":"wpAdminCofbOrg"},"sameAs":["http:\/\/192.168.64.122\/wordpress"],"url":"https:\/\/www.cofb.org\/es\/author\/wpadmincofborg\/"}]}},"uagb_featured_image_src":{"full":false,"thumbnail":false,"medium":false,"medium_large":false,"large":false,"1536x1536":false,"2048x2048":false,"trp-custom-language-flag":false},"uagb_author_info":{"display_name":"wpAdminCofbOrg","author_link":"https:\/\/www.cofb.org\/es\/author\/wpadmincofborg\/"},"uagb_comment_info":0,"uagb_excerpt":"La implantaci\u00f3 de serveis professionals a Catalunya creix cada dia m\u00e9s. Prevenci\u00f3 de la malaltia, promoci\u00f3 de la salut, seguiment de la medicaci\u00f3 i dels efectes sobre els pacients s\u00f3n \u00e0mbits en els quals el professional farmac\u00e8utic no ha deixat de cr\u00e9ixer en els darrers vint anys. La farm\u00e0cia comunit\u00e0ria [&hellip;]","_links":{"self":[{"href":"https:\/\/www.cofb.org\/es\/wp-json\/wp\/v2\/posts\/26617","targetHints":{"allow":["GET"]}}],"collection":[{"href":"https:\/\/www.cofb.org\/es\/wp-json\/wp\/v2\/posts"}],"about":[{"href":"https:\/\/www.cofb.org\/es\/wp-json\/wp\/v2\/types\/post"}],"author":[{"embeddable":true,"href":"https:\/\/www.cofb.org\/es\/wp-json\/wp\/v2\/users\/1"}],"replies":[{"embeddable":true,"href":"https:\/\/www.cofb.org\/es\/wp-json\/wp\/v2\/comments?post=26617"}],"version-history":[{"count":0,"href":"https:\/\/www.cofb.org\/es\/wp-json\/wp\/v2\/posts\/26617\/revisions"}],"wp:featuredmedia":[{"embeddable":true,"href":"https:\/\/www.cofb.org\/es\/wp-json\/"}],"wp:attachment":[{"href":"https:\/\/www.cofb.org\/es\/wp-json\/wp\/v2\/media?parent=26617"}],"wp:term":[{"taxonomy":"category","embeddable":true,"href":"https:\/\/www.cofb.org\/es\/wp-json\/wp\/v2\/categories?post=26617"},{"taxonomy":"post_tag","embeddable":true,"href":"https:\/\/www.cofb.org\/es\/wp-json\/wp\/v2\/tags?post=26617"}],"curies":[{"name":"wp","href":"https:\/\/api.w.org\/{rel}","templated":true}]}}