{"id":26583,"date":"2016-12-07T17:47:24","date_gmt":"2016-12-07T16:47:24","guid":{"rendered":"http:\/\/blog.cofb.cat\/?p=26583"},"modified":"2016-12-07T17:47:24","modified_gmt":"2016-12-07T16:47:24","slug":"formulacio-en-dermatologia-novetats-personalitzacio-de-tractaments","status":"publish","type":"post","link":"https:\/\/www.cofb.org\/es\/2016\/12\/07\/formulacio-en-dermatologia-novetats-personalitzacio-de-tractaments\/","title":{"rendered":"Formulaci\u00f3n en Dermatolog\u00eda: novedades y personalizaci\u00f3n de tratamientos"},"content":{"rendered":"<p>En la <strong>X edici\u00f3n del curso de Formulaci\u00f3n en Dermatolog\u00eda<\/strong>, organizado entre la Asociaci\u00f3n Dermatol\u00f3gica P. Umbert, <a href=\"http:\/\/www.aprofarm.org\/\">Aprofarm<\/a> y el<a href=\"http:\/\/www.hscor.com\/ca\" target=\"_blank\" rel=\"noopener\">Hospital Universitario Sagrat Cor<\/a>\u00a0con la colaboraci\u00f3n del Colegio, se presentaron las \u00faltimas novedades en tratamientos dermatol\u00f3gicos y su aplicaci\u00f3n mediante f\u00f3rmulas magistrales. La formaci\u00f3n, que tuvo lugar el 11 de noviembre, plante\u00f3 los tratamientos de diversas patolog\u00edas dermatol\u00f3gicas desde diferentes aspectos, repasar el tratamiento de primera elecci\u00f3n, las aportaciones que pueden realizar las formulaciones, las novedades terap\u00e9uticas que la formulaci\u00f3n permite incorporar y los tratamientos individualizados por casos m\u00e1s concretos.<\/p>\n<figure id=\"attachment_26589\" aria-describedby=\"caption-attachment-26589\" style=\"width: 333px\" class=\"wp-caption alignright\"><a href=\"http:\/\/blog.cofb.cat\/wp-content\/uploads\/2016\/12\/formulacio-en-dermatologia-1.jpg\"><img fetchpriority=\"high\" decoding=\"async\" class=\"wp-image-26589\" alt=\"formulacio-en-dermatologia (1)\" src=\"http:\/\/blog.cofb.cat\/wp-content\/uploads\/2016\/12\/formulacio-en-dermatologia-1.jpg\" width=\"333\" height=\"203\" \/><\/a><figcaption id=\"caption-attachment-26589\" class=\"wp-caption-text\">Pau Umbert (Hospital Sagrat Cor) y Francesc Llamb\u00ed (Aprofarm). Utilidades de la formulaci\u00f3n en la dermatolog\u00eda actual<\/figcaption><\/figure>\n<p>El curso, dirigido por la Dra. Montse Salleras (jefe del Servicio de Dermatolog\u00eda del Hospital Sagrat Cor), el dr. Pau Umbert (profesor em\u00e9rito del mismo servicio de hospital) y Francesc Llamb\u00ed (vocal de la Junta de Gobierno del COFB y presidente de Aprofarm), se inici\u00f3 con una breve introducci\u00f3n sobre lo que representa la formulaci\u00f3n dermatol\u00f3gica hoy en d\u00eda, sus utilidades y ventajas, <b>destacando la posibilidad que ofrece en dermatolog\u00eda a la hora de tratar patolog\u00edas superpuestas<\/b>. A continuaci\u00f3n, una charla con casos pr\u00e1cticos sobre elecci\u00f3n de veh\u00edculos, dio paso a las conferencias sobre tratamiento de acn\u00e9, c\u00e1ncer cut\u00e1neo, ros\u00e1cea y dermatitis seborreica. La primera sesi\u00f3n de casos pr\u00e1cticos y las formulaciones en mucosa vulvar y mucosa oral completaron la sesi\u00f3n de la ma\u00f1ana.<\/p>\n<figure id=\"attachment_26590\" aria-describedby=\"caption-attachment-26590\" style=\"width: 341px\" class=\"wp-caption alignleft\"><a href=\"http:\/\/blog.cofb.cat\/wp-content\/uploads\/2016\/12\/formulacio-en-dermatologia-2.jpg\"><img decoding=\"async\" class=\"wp-image-26590\" alt=\"formulacio-en-dermatologia (2)\" src=\"http:\/\/blog.cofb.cat\/wp-content\/uploads\/2016\/12\/formulacio-en-dermatologia-2.jpg\" width=\"341\" height=\"226\" \/><\/a><figcaption id=\"caption-attachment-26590\" class=\"wp-caption-text\">Montserrat Torrell y Carme Bau, de Aprofarm. Taller de veh\u00edculos en dermatolog\u00eda<\/figcaption><\/figure>\n<p>Por la tarde se presentaron las nuevas formulaciones disponibles para tratamientos oft\u00e1lmicos, \u00f3ticos y un repaso de las <b>muchas posibilidades que la formulaci\u00f3n ofrece en el tratamiento de alopecias y psoriasis con m\u00faltiples casos cl\u00ednicos que se resuelven con formulaci\u00f3n<\/b>. Tambi\u00e9n tuvieron cabida las formulaciones que pueden utilizarse durante el embarazo y la lactancia con interesantes enlaces donde poder consultar la idoneidad de ciertos tratamientos; y un nuevo tema sobre formulaci\u00f3n en farmacia hospitalaria que ofreci\u00f3 una visi\u00f3n distinta a esta disciplina.<\/p>\n<p>Las empresas que colaboraron en la formaci\u00f3n presentaron las posibilidades de la formulaci\u00f3n en bases comercializadas, antes de terminar con una selecci\u00f3n de las 15 f\u00f3rmulas b\u00e1sicas seg\u00fan la experiencia de la Dra. Montse Salleras. En esta ocasi\u00f3n, la mayor parte de conferencias se basaron en numerosos casos pr\u00e1cticos que plantean los dermat\u00f3logos.<\/p>\n<p style=\"text-align: center;\"><a href=\"http:\/\/blog.cofb.cat\/wp-content\/uploads\/2016\/12\/formulacio-en-dermatologia-3.jpg\"><img decoding=\"async\" class=\"wp-image-26591 aligncenter\" alt=\"formulacio-en-dermatologia (3)\" src=\"http:\/\/blog.cofb.cat\/wp-content\/uploads\/2016\/12\/formulacio-en-dermatologia-3.jpg\" width=\"448\" height=\"298\" \/><\/a><\/p>\n<p align=\"right\"><b>Con la colaboraci\u00f3n de:\u00a0 <\/b><\/p>\n<p align=\"right\"><b><img loading=\"lazy\" decoding=\"async\" class=\"alignright size-full wp-image-26592\" alt=\"logos patrocinadors curs\" src=\"http:\/\/blog.cofb.cat\/wp-content\/uploads\/2016\/12\/logos-patrocinadors-curs.jpg\" width=\"338\" height=\"64\" \/>\u00a0 \u00a0<\/b><\/p>\n<p style=\"text-align: left;\" align=\"right\"><b>Otras noticias relacionadas con la formulaci\u00f3n magistral, publicadas en el Blog:<\/b><\/p>\n<ul>\n<li><a href=\"http:\/\/blog.cofb.cat\/dermofarmacia-dermoanalitzadors-medicina-estetica-i-gestio-per-categories\/\" target=\"_blank\" rel=\"noopener\">Dermofarmacia: dermoanalizadores, medicina est\u00e9tica y gesti\u00f3n por categor\u00edas<\/a><\/li>\n<li><a href=\"http:\/\/blog.cofb.cat\/ix-forum-aprofarm-20-anys-al-costat-del-formulador\/\" target=\"_blank\" rel=\"noopener\">IX Foro Aprofarm: \u201c20 a\u00f1os junto al formulador\u201d<\/a><\/li>\n<li><a href=\"http:\/\/blog.cofb.cat\/atopia-farmacologia-formulacio-i-cosmetica\/\" target=\"_blank\" rel=\"noopener\">Atop\u00eda: farmacolog\u00eda, formulaci\u00f3n y cosm\u00e9tica<\/a><\/li>\n<li><a href=\"http:\/\/blog.cofb.cat\/el-cof-de-barcelona-edita-un-formulari-per-personalitzar-els-tractaments-pal%C2%B7liatius-dels-pacients\/\" target=\"_blank\" rel=\"noopener\">El COF de Barcelona edita un formulario para personalizar los tratamientos paliativos de los pacientes<\/a><\/li>\n<\/ul>\n<p>&nbsp;<\/p>","protected":false},"excerpt":{"rendered":"<p>En la X edici\u00f3n del curso de Formulaci\u00f3n en Dermatolog\u00eda, organizado entre la Asociaci\u00f3n Dermatol\u00f3gica P. Umbert, Aprofarm y el Hospital Universitario Sagrat Cor con la colaboraci\u00f3n del Colegio, se presentaron las \u00faltimas novedades en tratamientos dermatol\u00f3gicos y la su aplicaci\u00f3n mediante f\u00f3rmulas magistrales. La formaci\u00f3n, que tuvo lugar el 11 de [\u2026]<\/p>","protected":false},"author":1,"featured_media":26590,"comment_status":"open","ping_status":"open","sticky":false,"template":"","format":"standard","meta":{"_uag_custom_page_level_css":"","site-sidebar-layout":"default","site-content-layout":"","ast-site-content-layout":"default","site-content-style":"default","site-sidebar-style":"default","ast-global-header-display":"","ast-banner-title-visibility":"","ast-main-header-display":"","ast-hfb-above-header-display":"","ast-hfb-below-header-display":"","ast-hfb-mobile-header-display":"","site-post-title":"","ast-breadcrumbs-content":"","ast-featured-img":"disabled","footer-sml-layout":"","theme-transparent-header-meta":"","adv-header-id-meta":"","stick-header-meta":"","header-above-stick-meta":"","header-main-stick-meta":"","header-below-stick-meta":"","astra-migrate-meta-layouts":"default","ast-page-background-enabled":"default","ast-page-background-meta":{"desktop":{"background-color":"var(--ast-global-color-4)","background-image":"","background-repeat":"repeat","background-position":"center center","background-size":"auto","background-attachment":"scroll","background-type":"","background-media":"","overlay-type":"","overlay-color":"","overlay-opacity":"","overlay-gradient":""},"tablet":{"background-color":"","background-image":"","background-repeat":"repeat","background-position":"center center","background-size":"auto","background-attachment":"scroll","background-type":"","background-media":"","overlay-type":"","overlay-color":"","overlay-opacity":"","overlay-gradient":""},"mobile":{"background-color":"","background-image":"","background-repeat":"repeat","background-position":"center center","background-size":"auto","background-attachment":"scroll","background-type":"","background-media":"","overlay-type":"","overlay-color":"","overlay-opacity":"","overlay-gradient":""}},"ast-content-background-meta":{"desktop":{"background-color":"var(--ast-global-color-5)","background-image":"","background-repeat":"repeat","background-position":"center center","background-size":"auto","background-attachment":"scroll","background-type":"","background-media":"","overlay-type":"","overlay-color":"","overlay-opacity":"","overlay-gradient":""},"tablet":{"background-color":"var(--ast-global-color-5)","background-image":"","background-repeat":"repeat","background-position":"center center","background-size":"auto","background-attachment":"scroll","background-type":"","background-media":"","overlay-type":"","overlay-color":"","overlay-opacity":"","overlay-gradient":""},"mobile":{"background-color":"var(--ast-global-color-5)","background-image":"","background-repeat":"repeat","background-position":"center center","background-size":"auto","background-attachment":"scroll","background-type":"","background-media":"","overlay-type":"","overlay-color":"","overlay-opacity":"","overlay-gradient":""}},"footnotes":""},"categories":[32],"tags":[2231,79,70,2592,650],"class_list":["post-26583","post","type-post","status-publish","format-standard","has-post-thumbnail","hentry","category-noticies-farmacia","tag-aprofarm","tag-dermatologia","tag-formacio","tag-formulacio-en-dermatologia","tag-formulacio-magistral"],"yoast_head":"<!-- This site is optimized with the Yoast SEO plugin v22.4 - https:\/\/yoast.com\/wordpress\/plugins\/seo\/ -->\n<title>Formulaci\u00f3 en Dermatologia: novetats i personalitzaci\u00f3 de tractaments<\/title>\n<meta name=\"description\" content=\"Formulaci\u00f3 en Dermatologia: novetats i personalitzaci\u00f3 de tractaments\" \/>\n<meta name=\"robots\" content=\"index, follow, max-snippet:-1, max-image-preview:large, max-video-preview:-1\" \/>\n<link rel=\"canonical\" href=\"https:\/\/novaorg.cofb.net\/2016\/12\/07\/formulacio-en-dermatologia-novetats-personalitzacio-de-tractaments\/\" \/>\n<meta property=\"og:locale\" content=\"es_ES\" \/>\n<meta property=\"og:type\" content=\"article\" \/>\n<meta property=\"og:title\" content=\"Formulaci\u00f3 en Dermatologia: novetats i personalitzaci\u00f3 de tractaments\" \/>\n<meta property=\"og:description\" content=\"Formulaci\u00f3 en Dermatologia: novetats i personalitzaci\u00f3 de tractaments\" \/>\n<meta property=\"og:url\" content=\"https:\/\/novaorg.cofb.net\/2016\/12\/07\/formulacio-en-dermatologia-novetats-personalitzacio-de-tractaments\/\" \/>\n<meta property=\"og:site_name\" content=\"Col\u00b7legi de Farmac\u00e8utics de Barcelona\" \/>\n<meta property=\"article:publisher\" content=\"https:\/\/www.facebook.com\/farmaceuticsbcn\/\" \/>\n<meta property=\"article:published_time\" content=\"2016-12-07T16:47:24+00:00\" \/>\n<meta name=\"author\" content=\"wpAdminCofbOrg\" \/>\n<meta name=\"twitter:card\" content=\"summary_large_image\" \/>\n<meta name=\"twitter:creator\" content=\"@farmaceuticsbcn\" \/>\n<meta name=\"twitter:site\" content=\"@farmaceuticsbcn\" \/>\n<meta name=\"twitter:label1\" content=\"Escrito por\" \/>\n\t<meta name=\"twitter:data1\" content=\"wpAdminCofbOrg\" \/>\n\t<meta name=\"twitter:label2\" content=\"Tiempo de lectura\" \/>\n\t<meta name=\"twitter:data2\" content=\"2 minutos\" \/>\n<script type=\"application\/ld+json\" class=\"yoast-schema-graph\">{\"@context\":\"https:\/\/schema.org\",\"@graph\":[{\"@type\":\"Article\",\"@id\":\"https:\/\/novaorg.cofb.net\/2016\/12\/07\/formulacio-en-dermatologia-novetats-personalitzacio-de-tractaments\/#article\",\"isPartOf\":{\"@id\":\"https:\/\/novaorg.cofb.net\/2016\/12\/07\/formulacio-en-dermatologia-novetats-personalitzacio-de-tractaments\/\"},\"author\":{\"name\":\"wpAdminCofbOrg\",\"@id\":\"https:\/\/www.cofb.org\/#\/schema\/person\/22ed7eea88da74b0fa4d3154ad87ffcb\"},\"headline\":\"Formulaci\u00f3 en Dermatologia: novetats i personalitzaci\u00f3 de tractaments\",\"datePublished\":\"2016-12-07T16:47:24+00:00\",\"dateModified\":\"2016-12-07T16:47:24+00:00\",\"mainEntityOfPage\":{\"@id\":\"https:\/\/novaorg.cofb.net\/2016\/12\/07\/formulacio-en-dermatologia-novetats-personalitzacio-de-tractaments\/\"},\"wordCount\":508,\"commentCount\":0,\"publisher\":{\"@id\":\"https:\/\/www.cofb.org\/#organization\"},\"image\":{\"@id\":\"https:\/\/novaorg.cofb.net\/2016\/12\/07\/formulacio-en-dermatologia-novetats-personalitzacio-de-tractaments\/#primaryimage\"},\"thumbnailUrl\":\"\",\"keywords\":[\"Aprofarm\",\"dermatologia\",\"Formaci\u00f3\",\"formulaci\u00f3 en dermatologia\",\"Formulaci\u00f3 magistral\"],\"articleSection\":[\"Not\u00edcies farm\u00e0cia\"],\"inLanguage\":\"es\",\"potentialAction\":[{\"@type\":\"CommentAction\",\"name\":\"Comment\",\"target\":[\"https:\/\/novaorg.cofb.net\/2016\/12\/07\/formulacio-en-dermatologia-novetats-personalitzacio-de-tractaments\/#respond\"]}]},{\"@type\":\"WebPage\",\"@id\":\"https:\/\/novaorg.cofb.net\/2016\/12\/07\/formulacio-en-dermatologia-novetats-personalitzacio-de-tractaments\/\",\"url\":\"https:\/\/novaorg.cofb.net\/2016\/12\/07\/formulacio-en-dermatologia-novetats-personalitzacio-de-tractaments\/\",\"name\":\"Formulaci\u00f3 en Dermatologia: novetats i personalitzaci\u00f3 de tractaments\",\"isPartOf\":{\"@id\":\"https:\/\/www.cofb.org\/#website\"},\"primaryImageOfPage\":{\"@id\":\"https:\/\/novaorg.cofb.net\/2016\/12\/07\/formulacio-en-dermatologia-novetats-personalitzacio-de-tractaments\/#primaryimage\"},\"image\":{\"@id\":\"https:\/\/novaorg.cofb.net\/2016\/12\/07\/formulacio-en-dermatologia-novetats-personalitzacio-de-tractaments\/#primaryimage\"},\"thumbnailUrl\":\"\",\"datePublished\":\"2016-12-07T16:47:24+00:00\",\"dateModified\":\"2016-12-07T16:47:24+00:00\",\"description\":\"Formulaci\u00f3 en Dermatologia: novetats i personalitzaci\u00f3 de tractaments\",\"breadcrumb\":{\"@id\":\"https:\/\/novaorg.cofb.net\/2016\/12\/07\/formulacio-en-dermatologia-novetats-personalitzacio-de-tractaments\/#breadcrumb\"},\"inLanguage\":\"es\",\"potentialAction\":[{\"@type\":\"ReadAction\",\"target\":[\"https:\/\/novaorg.cofb.net\/2016\/12\/07\/formulacio-en-dermatologia-novetats-personalitzacio-de-tractaments\/\"]}]},{\"@type\":\"ImageObject\",\"inLanguage\":\"es\",\"@id\":\"https:\/\/novaorg.cofb.net\/2016\/12\/07\/formulacio-en-dermatologia-novetats-personalitzacio-de-tractaments\/#primaryimage\",\"url\":\"\",\"contentUrl\":\"\"},{\"@type\":\"BreadcrumbList\",\"@id\":\"https:\/\/novaorg.cofb.net\/2016\/12\/07\/formulacio-en-dermatologia-novetats-personalitzacio-de-tractaments\/#breadcrumb\",\"itemListElement\":[{\"@type\":\"ListItem\",\"position\":1,\"name\":\"Inici\",\"item\":\"https:\/\/novaorg.cofb.net\/\"},{\"@type\":\"ListItem\",\"position\":2,\"name\":\"Formulaci\u00f3 en Dermatologia: novetats i personalitzaci\u00f3 de tractaments\"}]},{\"@type\":\"WebSite\",\"@id\":\"https:\/\/www.cofb.org\/#website\",\"url\":\"https:\/\/www.cofb.org\/\",\"name\":\"Col\u00b7legi de Farmac\u00e8utics de Barcelona\",\"description\":\"\",\"publisher\":{\"@id\":\"https:\/\/www.cofb.org\/#organization\"},\"potentialAction\":[{\"@type\":\"SearchAction\",\"target\":{\"@type\":\"EntryPoint\",\"urlTemplate\":\"https:\/\/www.cofb.org\/?s={search_term_string}\"},\"query-input\":\"required name=search_term_string\"}],\"inLanguage\":\"es\"},{\"@type\":\"Organization\",\"@id\":\"https:\/\/www.cofb.org\/#organization\",\"name\":\"Col\u00b7legi de Farmac\u00e8utics de Barcelona\",\"url\":\"https:\/\/www.cofb.org\/\",\"logo\":{\"@type\":\"ImageObject\",\"inLanguage\":\"es\",\"@id\":\"https:\/\/www.cofb.org\/#\/schema\/logo\/image\/\",\"url\":\"https:\/\/www.cofb.org\/wp-content\/uploads\/2023\/11\/cropped-Logotip-COFB.png\",\"contentUrl\":\"https:\/\/www.cofb.org\/wp-content\/uploads\/2023\/11\/cropped-Logotip-COFB.png\",\"width\":500,\"height\":105,\"caption\":\"Col\u00b7legi de Farmac\u00e8utics de Barcelona\"},\"image\":{\"@id\":\"https:\/\/www.cofb.org\/#\/schema\/logo\/image\/\"},\"sameAs\":[\"https:\/\/www.facebook.com\/farmaceuticsbcn\/\",\"https:\/\/twitter.com\/farmaceuticsbcn\",\"https:\/\/www.instagram.com\/farmaceuticsbcn\/\",\"https:\/\/www.linkedin.com\/company\/farmaceuticsbcn\/\"]},{\"@type\":\"Person\",\"@id\":\"https:\/\/www.cofb.org\/#\/schema\/person\/22ed7eea88da74b0fa4d3154ad87ffcb\",\"name\":\"wpAdminCofbOrg\",\"image\":{\"@type\":\"ImageObject\",\"inLanguage\":\"es\",\"@id\":\"https:\/\/www.cofb.org\/#\/schema\/person\/image\/\",\"url\":\"https:\/\/secure.gravatar.com\/avatar\/1721b20b3b8ca882c3b56ec6c978c594fff670e40c0718e9190eaeeb76aae7d8?s=96&d=mm&r=g\",\"contentUrl\":\"https:\/\/secure.gravatar.com\/avatar\/1721b20b3b8ca882c3b56ec6c978c594fff670e40c0718e9190eaeeb76aae7d8?s=96&d=mm&r=g\",\"caption\":\"wpAdminCofbOrg\"},\"sameAs\":[\"http:\/\/192.168.64.122\/wordpress\"],\"url\":\"https:\/\/www.cofb.org\/es\/author\/wpadmincofborg\/\"}]}<\/script>\n<!-- \/ Yoast SEO plugin. -->","yoast_head_json":{"title":"Formulaci\u00f3 en Dermatologia: novetats i personalitzaci\u00f3 de tractaments","description":"Formulaci\u00f3 en Dermatologia: novetats i personalitzaci\u00f3 de tractaments","robots":{"index":"index","follow":"follow","max-snippet":"max-snippet:-1","max-image-preview":"max-image-preview:large","max-video-preview":"max-video-preview:-1"},"canonical":"https:\/\/novaorg.cofb.net\/2016\/12\/07\/formulacio-en-dermatologia-novetats-personalitzacio-de-tractaments\/","og_locale":"es_ES","og_type":"article","og_title":"Formulaci\u00f3 en Dermatologia: novetats i personalitzaci\u00f3 de tractaments","og_description":"Formulaci\u00f3 en Dermatologia: novetats i personalitzaci\u00f3 de tractaments","og_url":"https:\/\/novaorg.cofb.net\/2016\/12\/07\/formulacio-en-dermatologia-novetats-personalitzacio-de-tractaments\/","og_site_name":"Col\u00b7legi de Farmac\u00e8utics de Barcelona","article_publisher":"https:\/\/www.facebook.com\/farmaceuticsbcn\/","article_published_time":"2016-12-07T16:47:24+00:00","author":"wpAdminCofbOrg","twitter_card":"summary_large_image","twitter_creator":"@farmaceuticsbcn","twitter_site":"@farmaceuticsbcn","twitter_misc":{"Escrito por":"wpAdminCofbOrg","Tiempo de lectura":"2 minutos"},"schema":{"@context":"https:\/\/schema.org","@graph":[{"@type":"Article","@id":"https:\/\/novaorg.cofb.net\/2016\/12\/07\/formulacio-en-dermatologia-novetats-personalitzacio-de-tractaments\/#article","isPartOf":{"@id":"https:\/\/novaorg.cofb.net\/2016\/12\/07\/formulacio-en-dermatologia-novetats-personalitzacio-de-tractaments\/"},"author":{"name":"wpAdminCofbOrg","@id":"https:\/\/www.cofb.org\/#\/schema\/person\/22ed7eea88da74b0fa4d3154ad87ffcb"},"headline":"Formulaci\u00f3 en Dermatologia: novetats i personalitzaci\u00f3 de tractaments","datePublished":"2016-12-07T16:47:24+00:00","dateModified":"2016-12-07T16:47:24+00:00","mainEntityOfPage":{"@id":"https:\/\/novaorg.cofb.net\/2016\/12\/07\/formulacio-en-dermatologia-novetats-personalitzacio-de-tractaments\/"},"wordCount":508,"commentCount":0,"publisher":{"@id":"https:\/\/www.cofb.org\/#organization"},"image":{"@id":"https:\/\/novaorg.cofb.net\/2016\/12\/07\/formulacio-en-dermatologia-novetats-personalitzacio-de-tractaments\/#primaryimage"},"thumbnailUrl":"","keywords":["Aprofarm","dermatologia","Formaci\u00f3","formulaci\u00f3 en dermatologia","Formulaci\u00f3 magistral"],"articleSection":["Not\u00edcies farm\u00e0cia"],"inLanguage":"es","potentialAction":[{"@type":"CommentAction","name":"Comment","target":["https:\/\/novaorg.cofb.net\/2016\/12\/07\/formulacio-en-dermatologia-novetats-personalitzacio-de-tractaments\/#respond"]}]},{"@type":"WebPage","@id":"https:\/\/novaorg.cofb.net\/2016\/12\/07\/formulacio-en-dermatologia-novetats-personalitzacio-de-tractaments\/","url":"https:\/\/novaorg.cofb.net\/2016\/12\/07\/formulacio-en-dermatologia-novetats-personalitzacio-de-tractaments\/","name":"Formulaci\u00f3 en Dermatologia: novetats i personalitzaci\u00f3 de tractaments","isPartOf":{"@id":"https:\/\/www.cofb.org\/#website"},"primaryImageOfPage":{"@id":"https:\/\/novaorg.cofb.net\/2016\/12\/07\/formulacio-en-dermatologia-novetats-personalitzacio-de-tractaments\/#primaryimage"},"image":{"@id":"https:\/\/novaorg.cofb.net\/2016\/12\/07\/formulacio-en-dermatologia-novetats-personalitzacio-de-tractaments\/#primaryimage"},"thumbnailUrl":"","datePublished":"2016-12-07T16:47:24+00:00","dateModified":"2016-12-07T16:47:24+00:00","description":"Formulaci\u00f3 en Dermatologia: novetats i personalitzaci\u00f3 de tractaments","breadcrumb":{"@id":"https:\/\/novaorg.cofb.net\/2016\/12\/07\/formulacio-en-dermatologia-novetats-personalitzacio-de-tractaments\/#breadcrumb"},"inLanguage":"es","potentialAction":[{"@type":"ReadAction","target":["https:\/\/novaorg.cofb.net\/2016\/12\/07\/formulacio-en-dermatologia-novetats-personalitzacio-de-tractaments\/"]}]},{"@type":"ImageObject","inLanguage":"es","@id":"https:\/\/novaorg.cofb.net\/2016\/12\/07\/formulacio-en-dermatologia-novetats-personalitzacio-de-tractaments\/#primaryimage","url":"","contentUrl":""},{"@type":"BreadcrumbList","@id":"https:\/\/novaorg.cofb.net\/2016\/12\/07\/formulacio-en-dermatologia-novetats-personalitzacio-de-tractaments\/#breadcrumb","itemListElement":[{"@type":"ListItem","position":1,"name":"Inici","item":"https:\/\/novaorg.cofb.net\/"},{"@type":"ListItem","position":2,"name":"Formulaci\u00f3 en Dermatologia: novetats i personalitzaci\u00f3 de tractaments"}]},{"@type":"WebSite","@id":"https:\/\/www.cofb.org\/#website","url":"https:\/\/www.cofb.org\/","name":"Col\u00b7legi de Farmac\u00e8utics de Barcelona","description":"","publisher":{"@id":"https:\/\/www.cofb.org\/#organization"},"potentialAction":[{"@type":"SearchAction","target":{"@type":"EntryPoint","urlTemplate":"https:\/\/www.cofb.org\/?s={search_term_string}"},"query-input":"required name=search_term_string"}],"inLanguage":"es"},{"@type":"Organization","@id":"https:\/\/www.cofb.org\/#organization","name":"Col\u00b7legi de Farmac\u00e8utics de Barcelona","url":"https:\/\/www.cofb.org\/","logo":{"@type":"ImageObject","inLanguage":"es","@id":"https:\/\/www.cofb.org\/#\/schema\/logo\/image\/","url":"https:\/\/www.cofb.org\/wp-content\/uploads\/2023\/11\/cropped-Logotip-COFB.png","contentUrl":"https:\/\/www.cofb.org\/wp-content\/uploads\/2023\/11\/cropped-Logotip-COFB.png","width":500,"height":105,"caption":"Col\u00b7legi de Farmac\u00e8utics de Barcelona"},"image":{"@id":"https:\/\/www.cofb.org\/#\/schema\/logo\/image\/"},"sameAs":["https:\/\/www.facebook.com\/farmaceuticsbcn\/","https:\/\/twitter.com\/farmaceuticsbcn","https:\/\/www.instagram.com\/farmaceuticsbcn\/","https:\/\/www.linkedin.com\/company\/farmaceuticsbcn\/"]},{"@type":"Person","@id":"https:\/\/www.cofb.org\/#\/schema\/person\/22ed7eea88da74b0fa4d3154ad87ffcb","name":"wpAdminCofbOrg","image":{"@type":"ImageObject","inLanguage":"es","@id":"https:\/\/www.cofb.org\/#\/schema\/person\/image\/","url":"https:\/\/secure.gravatar.com\/avatar\/1721b20b3b8ca882c3b56ec6c978c594fff670e40c0718e9190eaeeb76aae7d8?s=96&d=mm&r=g","contentUrl":"https:\/\/secure.gravatar.com\/avatar\/1721b20b3b8ca882c3b56ec6c978c594fff670e40c0718e9190eaeeb76aae7d8?s=96&d=mm&r=g","caption":"wpAdminCofbOrg"},"sameAs":["http:\/\/192.168.64.122\/wordpress"],"url":"https:\/\/www.cofb.org\/es\/author\/wpadmincofborg\/"}]}},"uagb_featured_image_src":{"full":false,"thumbnail":false,"medium":false,"medium_large":false,"large":false,"1536x1536":false,"2048x2048":false,"trp-custom-language-flag":false},"uagb_author_info":{"display_name":"wpAdminCofbOrg","author_link":"https:\/\/www.cofb.org\/es\/author\/wpadmincofborg\/"},"uagb_comment_info":0,"uagb_excerpt":"En la X edici\u00f3 del curs de Formulaci\u00f3 en Dermatologia, organitzat entre l\u2019Associaci\u00f3 Dermatol\u00f2gica P. Umbert, Aprofarm i l&#8217;Hospital Universitari Sagrat Cor\u00a0amb la col\u00b7laboraci\u00f3 del Col\u00b7legi, es van presentar les \u00faltimes novetats en tractaments dermatol\u00f2gics i la seva aplicaci\u00f3 mitjan\u00e7ant f\u00f3rmules magistrals. La formaci\u00f3, que va tenir lloc l\u201911 de [&hellip;]","_links":{"self":[{"href":"https:\/\/www.cofb.org\/es\/wp-json\/wp\/v2\/posts\/26583","targetHints":{"allow":["GET"]}}],"collection":[{"href":"https:\/\/www.cofb.org\/es\/wp-json\/wp\/v2\/posts"}],"about":[{"href":"https:\/\/www.cofb.org\/es\/wp-json\/wp\/v2\/types\/post"}],"author":[{"embeddable":true,"href":"https:\/\/www.cofb.org\/es\/wp-json\/wp\/v2\/users\/1"}],"replies":[{"embeddable":true,"href":"https:\/\/www.cofb.org\/es\/wp-json\/wp\/v2\/comments?post=26583"}],"version-history":[{"count":0,"href":"https:\/\/www.cofb.org\/es\/wp-json\/wp\/v2\/posts\/26583\/revisions"}],"wp:featuredmedia":[{"embeddable":true,"href":"https:\/\/www.cofb.org\/es\/wp-json\/"}],"wp:attachment":[{"href":"https:\/\/www.cofb.org\/es\/wp-json\/wp\/v2\/media?parent=26583"}],"wp:term":[{"taxonomy":"category","embeddable":true,"href":"https:\/\/www.cofb.org\/es\/wp-json\/wp\/v2\/categories?post=26583"},{"taxonomy":"post_tag","embeddable":true,"href":"https:\/\/www.cofb.org\/es\/wp-json\/wp\/v2\/tags?post=26583"}],"curies":[{"name":"wp","href":"https:\/\/api.w.org\/{rel}","templated":true}]}}