{"id":26562,"date":"2016-12-09T12:14:50","date_gmt":"2016-12-09T11:14:50","guid":{"rendered":"http:\/\/blog.cofb.cat\/?p=26562"},"modified":"2016-12-09T12:14:50","modified_gmt":"2016-12-09T11:14:50","slug":"lensenyament-de-latencio-farmaceutica-la-universitat","status":"publish","type":"post","link":"https:\/\/www.cofb.org\/es\/2016\/12\/09\/lensenyament-de-latencio-farmaceutica-la-universitat\/","title":{"rendered":"La ense\u00f1anza de la Atenci\u00f3n Farmac\u00e9utica en la Universidad"},"content":{"rendered":"<p><a href=\"http:\/\/blog.cofb.cat\/wp-content\/uploads\/2016\/12\/ATFarma-Universidad.jpg\"><img fetchpriority=\"high\" decoding=\"async\" class=\"alignright  wp-image-26566\" alt=\"ATFarma-Universidad\" src=\"http:\/\/blog.cofb.cat\/wp-content\/uploads\/2016\/12\/ATFarma-Universidad.jpg\" width=\"292\" height=\"195\" \/><\/a>El Foro de Atenci\u00f3n Farmac\u00e9utica en Farmacia Comunitaria (Foro AF-FC) organiz\u00f3 en Granada la <b>3\u00aa Jornada-Taller \u201cLa ense\u00f1anza de la Atenci\u00f3n Farmac\u00e9utica en la Universidad. Hacia una disciplina de farmacia asistencial\u201d<\/b>\u00a0con el objetivo de continuar el trabajo iniciado en las dos Jornadas anteriores, asentando los fundamentos de una relaci\u00f3n m\u00e1s estrecha y eficaz entre la Universidad y la Profesi\u00f3n en lo que a las necesidades formativas de los graduados en Farmacia se refiere. La Jornada-Taller tuvo lugar en junio y cont\u00f3 con la asistencia de m\u00e1s de 70 personas, entre representantes de estudiantes de farmacia, colegios de farmac\u00e9uticos, sociedades cient\u00edficas y universidades de Espa\u00f1a, Portugal, M\u00e9xico, Argentina, Per\u00fa, Australia, Guatemala, Panam\u00e1, Costa Rica, Chile y Brasil.<\/p>\n<p>Las <b>conclusiones de este encuentro se han hecho p\u00fablicas recientemente\u00a0<\/b>y se encuentran disponibles en el portal web del Consejo General de Colegios Oficiales Farmac\u00e9uticos Portalfarma, junto al resto de los trabajos de la Comisi\u00f3n de Foro de Atenci\u00f3n Farmac\u00e9utica en Farmacia Comunitaria y Universidad, que cuenta con la colaboraci\u00f3n de laboratorios Cinfa.<\/p>\n<p><b><div class=\"box download\"><a href=\"http:\/\/www.portalfarma.com\/Profesionales\/Documents\/2016-AF-CONCLUSIONES-FORO-JORNADA-UNIVERSIDADES.pdf\" target=\"_blank\" rel=\"noopener\">Descargar documento Conclusiones 3\u00aa Jornada-Taller \u201cLa ense\u00f1anza de la Atenci\u00f3n Farmac\u00e9utica en la Universidad\u201d<\/a>\u00a0\u2013 formato PDF (1 MB) \u2013 v\u00eda Portalfarma\u00a0<\/b><b><\/div><\/b><\/p>\n<div class=\"box shadow\">&quot;El documento recoge el resultado compilado de los acuerdos adoptados por los integrantes de los grupos de trabajo implicados en la Jornada-Taller. Participaron representantes de la profesi\u00f3n y responsables de facultades de farmacia a nivel nacional e internacional que fueron distribuidos en grupos, despu\u00e9s de diversas exposiciones orales, donde se profundiz\u00f3, con un debate constructivo, sobre una futura disciplina de Farmacia Assistencia<strong> Pilar Gasc\u00f3n, vocal de Investigaci\u00f3n y Docencia del COF Barcelona<\/strong>. \u201cConcretamente, <b>se debati\u00f3 sobre los objetivos de aprendizaje y los contenidos de cada uno de los temas que podr\u00edan formar la disciplina, desde la perspectiva de los distintos Servicios Profesionales Farmac\u00e9uticos Asistenciales.<\/b> De esta forma <b>Profesi\u00f3n y Universidad est\u00e1n colaborando en dar respuesta a las necesidades de formaci\u00f3n asistencial<\/b> que todo profesional requiere para su pr\u00e1ctica diaria con pacientes que necesitan o utilicen medicamentos\u201d.<\/div>\n<p><b>Fuente y m\u00e1s informaci\u00f3n:<\/b>\u00a0<a href=\"http:\/\/www.portalfarma.com\/Profesionales\/consejoinforma\/Paginas\/Conclusiones-3a-Jornada-Ensenanza-Atencion-Farmaceutica-Universidad.aspx\" target=\"_blank\" rel=\"noopener\">Conclusiones Jornada \u201cLa ense\u00f1anza de la Atenci\u00f3n Farmac\u00e9utica en la Universidad. Hacia una disciplina de Farmacia asistencial\u201d<\/a> (v\u00eda Portalfarma)<\/p>","protected":false},"excerpt":{"rendered":"<p>El Foro de Atenci\u00f3n Farmac\u00e9utica en Farmacia Comunitaria (F\u00f3rum AF-FC) organiz\u00f3 en Granada la 3\u00aa Jornada-Taller \u201cLa ense\u00f1anza de la Atenci\u00f3n Farmac\u00e9utica en la Universidad. Hacia una disciplina de farmacia asistencial\u201d con el objetivo de continuar el trabajo iniciado en las dos Jornadas anteriores, asentando los fundamentos de una relaci\u00f3n m\u00e1s estrecha y eficaz [\u2026]<\/p>","protected":false},"author":1,"featured_media":26574,"comment_status":"open","ping_status":"open","sticky":false,"template":"","format":"standard","meta":{"_uag_custom_page_level_css":"","site-sidebar-layout":"default","site-content-layout":"","ast-site-content-layout":"default","site-content-style":"default","site-sidebar-style":"default","ast-global-header-display":"","ast-banner-title-visibility":"","ast-main-header-display":"","ast-hfb-above-header-display":"","ast-hfb-below-header-display":"","ast-hfb-mobile-header-display":"","site-post-title":"","ast-breadcrumbs-content":"","ast-featured-img":"disabled","footer-sml-layout":"","theme-transparent-header-meta":"","adv-header-id-meta":"","stick-header-meta":"","header-above-stick-meta":"","header-main-stick-meta":"","header-below-stick-meta":"","astra-migrate-meta-layouts":"default","ast-page-background-enabled":"default","ast-page-background-meta":{"desktop":{"background-color":"var(--ast-global-color-4)","background-image":"","background-repeat":"repeat","background-position":"center center","background-size":"auto","background-attachment":"scroll","background-type":"","background-media":"","overlay-type":"","overlay-color":"","overlay-opacity":"","overlay-gradient":""},"tablet":{"background-color":"","background-image":"","background-repeat":"repeat","background-position":"center center","background-size":"auto","background-attachment":"scroll","background-type":"","background-media":"","overlay-type":"","overlay-color":"","overlay-opacity":"","overlay-gradient":""},"mobile":{"background-color":"","background-image":"","background-repeat":"repeat","background-position":"center center","background-size":"auto","background-attachment":"scroll","background-type":"","background-media":"","overlay-type":"","overlay-color":"","overlay-opacity":"","overlay-gradient":""}},"ast-content-background-meta":{"desktop":{"background-color":"var(--ast-global-color-5)","background-image":"","background-repeat":"repeat","background-position":"center center","background-size":"auto","background-attachment":"scroll","background-type":"","background-media":"","overlay-type":"","overlay-color":"","overlay-opacity":"","overlay-gradient":""},"tablet":{"background-color":"var(--ast-global-color-5)","background-image":"","background-repeat":"repeat","background-position":"center center","background-size":"auto","background-attachment":"scroll","background-type":"","background-media":"","overlay-type":"","overlay-color":"","overlay-opacity":"","overlay-gradient":""},"mobile":{"background-color":"var(--ast-global-color-5)","background-image":"","background-repeat":"repeat","background-position":"center center","background-size":"auto","background-attachment":"scroll","background-type":"","background-media":"","overlay-type":"","overlay-color":"","overlay-opacity":"","overlay-gradient":""}},"footnotes":""},"categories":[32],"tags":[2588,64,162,971,2589,113,2590,565,2591],"class_list":["post-26562","post","type-post","status-publish","format-standard","has-post-thumbnail","hentry","category-noticies-farmacia","tag-3a-jornada-taller-lensenyament-de-latencio-farmaceutica-a-la-universitat-cap-a-una-disciplina-de-farmacia-assistencial","tag-atencio-farmaceutica","tag-consejo-general-de-colegios-farmaceuticos","tag-docencia","tag-ensenyament","tag-farmacia-assistencial","tag-forum-datencio-farmaceutica-en-farmacia-comunitaria","tag-investigacio-i-docencia","tag-universitat"],"yoast_head":"<!-- This site is optimized with the Yoast SEO plugin v22.4 - https:\/\/yoast.com\/wordpress\/plugins\/seo\/ -->\n<title>L&#039;ensenyament de l&#039;Atenci\u00f3 Farmac\u00e8utica a la Universitat<\/title>\n<meta name=\"description\" content=\"L&#039;ensenyament de l&#039;Atenci\u00f3 Farmac\u00e8utica a la Universitat: conclusions de la Jornada del F\u00f2rum d&#039;Atenci\u00f3 Farmac\u00e8utica en Farm\u00e0cia Comunit\u00e0ria (F\u00f2rum AF-FC)\" \/>\n<meta name=\"robots\" content=\"index, follow, max-snippet:-1, max-image-preview:large, max-video-preview:-1\" \/>\n<link rel=\"canonical\" href=\"https:\/\/novaorg.cofb.net\/2016\/12\/09\/lensenyament-de-latencio-farmaceutica-la-universitat\/\" \/>\n<meta property=\"og:locale\" content=\"es_ES\" \/>\n<meta property=\"og:type\" content=\"article\" \/>\n<meta property=\"og:title\" content=\"L&#039;ensenyament de l&#039;Atenci\u00f3 Farmac\u00e8utica a la Universitat\" \/>\n<meta property=\"og:description\" content=\"L&#039;ensenyament de l&#039;Atenci\u00f3 Farmac\u00e8utica a la Universitat: conclusions de la Jornada del F\u00f2rum d&#039;Atenci\u00f3 Farmac\u00e8utica en Farm\u00e0cia Comunit\u00e0ria (F\u00f2rum AF-FC)\" \/>\n<meta property=\"og:url\" content=\"https:\/\/novaorg.cofb.net\/2016\/12\/09\/lensenyament-de-latencio-farmaceutica-la-universitat\/\" \/>\n<meta property=\"og:site_name\" content=\"Col\u00b7legi de Farmac\u00e8utics de Barcelona\" \/>\n<meta property=\"article:publisher\" content=\"https:\/\/www.facebook.com\/farmaceuticsbcn\/\" \/>\n<meta property=\"article:published_time\" content=\"2016-12-09T11:14:50+00:00\" \/>\n<meta name=\"author\" content=\"wpAdminCofbOrg\" \/>\n<meta name=\"twitter:card\" content=\"summary_large_image\" \/>\n<meta name=\"twitter:creator\" content=\"@farmaceuticsbcn\" \/>\n<meta name=\"twitter:site\" content=\"@farmaceuticsbcn\" \/>\n<meta name=\"twitter:label1\" content=\"Escrito por\" \/>\n\t<meta name=\"twitter:data1\" content=\"wpAdminCofbOrg\" \/>\n\t<meta name=\"twitter:label2\" content=\"Tiempo de lectura\" \/>\n\t<meta name=\"twitter:data2\" content=\"2 minutos\" \/>\n<script type=\"application\/ld+json\" class=\"yoast-schema-graph\">{\"@context\":\"https:\/\/schema.org\",\"@graph\":[{\"@type\":\"Article\",\"@id\":\"https:\/\/novaorg.cofb.net\/2016\/12\/09\/lensenyament-de-latencio-farmaceutica-la-universitat\/#article\",\"isPartOf\":{\"@id\":\"https:\/\/novaorg.cofb.net\/2016\/12\/09\/lensenyament-de-latencio-farmaceutica-la-universitat\/\"},\"author\":{\"name\":\"wpAdminCofbOrg\",\"@id\":\"https:\/\/www.cofb.org\/#\/schema\/person\/22ed7eea88da74b0fa4d3154ad87ffcb\"},\"headline\":\"L&#8217;ensenyament de l&#8217;Atenci\u00f3 Farmac\u00e8utica a la Universitat\",\"datePublished\":\"2016-12-09T11:14:50+00:00\",\"dateModified\":\"2016-12-09T11:14:50+00:00\",\"mainEntityOfPage\":{\"@id\":\"https:\/\/novaorg.cofb.net\/2016\/12\/09\/lensenyament-de-latencio-farmaceutica-la-universitat\/\"},\"wordCount\":417,\"commentCount\":0,\"publisher\":{\"@id\":\"https:\/\/www.cofb.org\/#organization\"},\"image\":{\"@id\":\"https:\/\/novaorg.cofb.net\/2016\/12\/09\/lensenyament-de-latencio-farmaceutica-la-universitat\/#primaryimage\"},\"thumbnailUrl\":\"\",\"keywords\":[\"3a Jornada-Taller \u201cL'ensenyament de l'Atenci\u00f3 Farmac\u00e8utica a la Universitat. Cap a una disciplina de farm\u00e0cia assistencial\",\"Atenci\u00f3 farmac\u00e8utica\",\"Consejo General de Colegios Farmac\u00e9uticos\",\"doc\u00e8ncia\",\"ensenyament\",\"farm\u00e0cia assistencial\",\"F\u00f2rum d'Atenci\u00f3 Farmac\u00e8utica en Farm\u00e0cia Comunit\u00e0ria\",\"Investigaci\u00f3 i doc\u00e8ncia\",\"universitat\"],\"articleSection\":[\"Not\u00edcies farm\u00e0cia\"],\"inLanguage\":\"es\",\"potentialAction\":[{\"@type\":\"CommentAction\",\"name\":\"Comment\",\"target\":[\"https:\/\/novaorg.cofb.net\/2016\/12\/09\/lensenyament-de-latencio-farmaceutica-la-universitat\/#respond\"]}]},{\"@type\":\"WebPage\",\"@id\":\"https:\/\/novaorg.cofb.net\/2016\/12\/09\/lensenyament-de-latencio-farmaceutica-la-universitat\/\",\"url\":\"https:\/\/novaorg.cofb.net\/2016\/12\/09\/lensenyament-de-latencio-farmaceutica-la-universitat\/\",\"name\":\"L'ensenyament de l'Atenci\u00f3 Farmac\u00e8utica a la Universitat\",\"isPartOf\":{\"@id\":\"https:\/\/www.cofb.org\/#website\"},\"primaryImageOfPage\":{\"@id\":\"https:\/\/novaorg.cofb.net\/2016\/12\/09\/lensenyament-de-latencio-farmaceutica-la-universitat\/#primaryimage\"},\"image\":{\"@id\":\"https:\/\/novaorg.cofb.net\/2016\/12\/09\/lensenyament-de-latencio-farmaceutica-la-universitat\/#primaryimage\"},\"thumbnailUrl\":\"\",\"datePublished\":\"2016-12-09T11:14:50+00:00\",\"dateModified\":\"2016-12-09T11:14:50+00:00\",\"description\":\"L'ensenyament de l'Atenci\u00f3 Farmac\u00e8utica a la Universitat: conclusions de la Jornada del F\u00f2rum d'Atenci\u00f3 Farmac\u00e8utica en Farm\u00e0cia Comunit\u00e0ria (F\u00f2rum AF-FC)\",\"breadcrumb\":{\"@id\":\"https:\/\/novaorg.cofb.net\/2016\/12\/09\/lensenyament-de-latencio-farmaceutica-la-universitat\/#breadcrumb\"},\"inLanguage\":\"es\",\"potentialAction\":[{\"@type\":\"ReadAction\",\"target\":[\"https:\/\/novaorg.cofb.net\/2016\/12\/09\/lensenyament-de-latencio-farmaceutica-la-universitat\/\"]}]},{\"@type\":\"ImageObject\",\"inLanguage\":\"es\",\"@id\":\"https:\/\/novaorg.cofb.net\/2016\/12\/09\/lensenyament-de-latencio-farmaceutica-la-universitat\/#primaryimage\",\"url\":\"\",\"contentUrl\":\"\"},{\"@type\":\"BreadcrumbList\",\"@id\":\"https:\/\/novaorg.cofb.net\/2016\/12\/09\/lensenyament-de-latencio-farmaceutica-la-universitat\/#breadcrumb\",\"itemListElement\":[{\"@type\":\"ListItem\",\"position\":1,\"name\":\"Inici\",\"item\":\"https:\/\/novaorg.cofb.net\/\"},{\"@type\":\"ListItem\",\"position\":2,\"name\":\"L&#8217;ensenyament de l&#8217;Atenci\u00f3 Farmac\u00e8utica a la Universitat\"}]},{\"@type\":\"WebSite\",\"@id\":\"https:\/\/www.cofb.org\/#website\",\"url\":\"https:\/\/www.cofb.org\/\",\"name\":\"Col\u00b7legi de Farmac\u00e8utics de Barcelona\",\"description\":\"\",\"publisher\":{\"@id\":\"https:\/\/www.cofb.org\/#organization\"},\"potentialAction\":[{\"@type\":\"SearchAction\",\"target\":{\"@type\":\"EntryPoint\",\"urlTemplate\":\"https:\/\/www.cofb.org\/?s={search_term_string}\"},\"query-input\":\"required name=search_term_string\"}],\"inLanguage\":\"es\"},{\"@type\":\"Organization\",\"@id\":\"https:\/\/www.cofb.org\/#organization\",\"name\":\"Col\u00b7legi de Farmac\u00e8utics de Barcelona\",\"url\":\"https:\/\/www.cofb.org\/\",\"logo\":{\"@type\":\"ImageObject\",\"inLanguage\":\"es\",\"@id\":\"https:\/\/www.cofb.org\/#\/schema\/logo\/image\/\",\"url\":\"https:\/\/www.cofb.org\/wp-content\/uploads\/2023\/11\/cropped-Logotip-COFB.png\",\"contentUrl\":\"https:\/\/www.cofb.org\/wp-content\/uploads\/2023\/11\/cropped-Logotip-COFB.png\",\"width\":500,\"height\":105,\"caption\":\"Col\u00b7legi de Farmac\u00e8utics de Barcelona\"},\"image\":{\"@id\":\"https:\/\/www.cofb.org\/#\/schema\/logo\/image\/\"},\"sameAs\":[\"https:\/\/www.facebook.com\/farmaceuticsbcn\/\",\"https:\/\/twitter.com\/farmaceuticsbcn\",\"https:\/\/www.instagram.com\/farmaceuticsbcn\/\",\"https:\/\/www.linkedin.com\/company\/farmaceuticsbcn\/\"]},{\"@type\":\"Person\",\"@id\":\"https:\/\/www.cofb.org\/#\/schema\/person\/22ed7eea88da74b0fa4d3154ad87ffcb\",\"name\":\"wpAdminCofbOrg\",\"image\":{\"@type\":\"ImageObject\",\"inLanguage\":\"es\",\"@id\":\"https:\/\/www.cofb.org\/#\/schema\/person\/image\/\",\"url\":\"https:\/\/secure.gravatar.com\/avatar\/1721b20b3b8ca882c3b56ec6c978c594fff670e40c0718e9190eaeeb76aae7d8?s=96&d=mm&r=g\",\"contentUrl\":\"https:\/\/secure.gravatar.com\/avatar\/1721b20b3b8ca882c3b56ec6c978c594fff670e40c0718e9190eaeeb76aae7d8?s=96&d=mm&r=g\",\"caption\":\"wpAdminCofbOrg\"},\"sameAs\":[\"http:\/\/192.168.64.122\/wordpress\"],\"url\":\"https:\/\/www.cofb.org\/es\/author\/wpadmincofborg\/\"}]}<\/script>\n<!-- \/ Yoast SEO plugin. -->","yoast_head_json":{"title":"L'ensenyament de l'Atenci\u00f3 Farmac\u00e8utica a la Universitat","description":"L'ensenyament de l'Atenci\u00f3 Farmac\u00e8utica a la Universitat: conclusions de la Jornada del F\u00f2rum d'Atenci\u00f3 Farmac\u00e8utica en Farm\u00e0cia Comunit\u00e0ria (F\u00f2rum AF-FC)","robots":{"index":"index","follow":"follow","max-snippet":"max-snippet:-1","max-image-preview":"max-image-preview:large","max-video-preview":"max-video-preview:-1"},"canonical":"https:\/\/novaorg.cofb.net\/2016\/12\/09\/lensenyament-de-latencio-farmaceutica-la-universitat\/","og_locale":"es_ES","og_type":"article","og_title":"L'ensenyament de l'Atenci\u00f3 Farmac\u00e8utica a la Universitat","og_description":"L'ensenyament de l'Atenci\u00f3 Farmac\u00e8utica a la Universitat: conclusions de la Jornada del F\u00f2rum d'Atenci\u00f3 Farmac\u00e8utica en Farm\u00e0cia Comunit\u00e0ria (F\u00f2rum AF-FC)","og_url":"https:\/\/novaorg.cofb.net\/2016\/12\/09\/lensenyament-de-latencio-farmaceutica-la-universitat\/","og_site_name":"Col\u00b7legi de Farmac\u00e8utics de Barcelona","article_publisher":"https:\/\/www.facebook.com\/farmaceuticsbcn\/","article_published_time":"2016-12-09T11:14:50+00:00","author":"wpAdminCofbOrg","twitter_card":"summary_large_image","twitter_creator":"@farmaceuticsbcn","twitter_site":"@farmaceuticsbcn","twitter_misc":{"Escrito por":"wpAdminCofbOrg","Tiempo de lectura":"2 minutos"},"schema":{"@context":"https:\/\/schema.org","@graph":[{"@type":"Article","@id":"https:\/\/novaorg.cofb.net\/2016\/12\/09\/lensenyament-de-latencio-farmaceutica-la-universitat\/#article","isPartOf":{"@id":"https:\/\/novaorg.cofb.net\/2016\/12\/09\/lensenyament-de-latencio-farmaceutica-la-universitat\/"},"author":{"name":"wpAdminCofbOrg","@id":"https:\/\/www.cofb.org\/#\/schema\/person\/22ed7eea88da74b0fa4d3154ad87ffcb"},"headline":"L&#8217;ensenyament de l&#8217;Atenci\u00f3 Farmac\u00e8utica a la Universitat","datePublished":"2016-12-09T11:14:50+00:00","dateModified":"2016-12-09T11:14:50+00:00","mainEntityOfPage":{"@id":"https:\/\/novaorg.cofb.net\/2016\/12\/09\/lensenyament-de-latencio-farmaceutica-la-universitat\/"},"wordCount":417,"commentCount":0,"publisher":{"@id":"https:\/\/www.cofb.org\/#organization"},"image":{"@id":"https:\/\/novaorg.cofb.net\/2016\/12\/09\/lensenyament-de-latencio-farmaceutica-la-universitat\/#primaryimage"},"thumbnailUrl":"","keywords":["3a Jornada-Taller \u201cL'ensenyament de l'Atenci\u00f3 Farmac\u00e8utica a la Universitat. Cap a una disciplina de farm\u00e0cia assistencial","Atenci\u00f3 farmac\u00e8utica","Consejo General de Colegios Farmac\u00e9uticos","doc\u00e8ncia","ensenyament","farm\u00e0cia assistencial","F\u00f2rum d'Atenci\u00f3 Farmac\u00e8utica en Farm\u00e0cia Comunit\u00e0ria","Investigaci\u00f3 i doc\u00e8ncia","universitat"],"articleSection":["Not\u00edcies farm\u00e0cia"],"inLanguage":"es","potentialAction":[{"@type":"CommentAction","name":"Comment","target":["https:\/\/novaorg.cofb.net\/2016\/12\/09\/lensenyament-de-latencio-farmaceutica-la-universitat\/#respond"]}]},{"@type":"WebPage","@id":"https:\/\/novaorg.cofb.net\/2016\/12\/09\/lensenyament-de-latencio-farmaceutica-la-universitat\/","url":"https:\/\/novaorg.cofb.net\/2016\/12\/09\/lensenyament-de-latencio-farmaceutica-la-universitat\/","name":"L'ensenyament de l'Atenci\u00f3 Farmac\u00e8utica a la Universitat","isPartOf":{"@id":"https:\/\/www.cofb.org\/#website"},"primaryImageOfPage":{"@id":"https:\/\/novaorg.cofb.net\/2016\/12\/09\/lensenyament-de-latencio-farmaceutica-la-universitat\/#primaryimage"},"image":{"@id":"https:\/\/novaorg.cofb.net\/2016\/12\/09\/lensenyament-de-latencio-farmaceutica-la-universitat\/#primaryimage"},"thumbnailUrl":"","datePublished":"2016-12-09T11:14:50+00:00","dateModified":"2016-12-09T11:14:50+00:00","description":"L'ensenyament de l'Atenci\u00f3 Farmac\u00e8utica a la Universitat: conclusions de la Jornada del F\u00f2rum d'Atenci\u00f3 Farmac\u00e8utica en Farm\u00e0cia Comunit\u00e0ria (F\u00f2rum AF-FC)","breadcrumb":{"@id":"https:\/\/novaorg.cofb.net\/2016\/12\/09\/lensenyament-de-latencio-farmaceutica-la-universitat\/#breadcrumb"},"inLanguage":"es","potentialAction":[{"@type":"ReadAction","target":["https:\/\/novaorg.cofb.net\/2016\/12\/09\/lensenyament-de-latencio-farmaceutica-la-universitat\/"]}]},{"@type":"ImageObject","inLanguage":"es","@id":"https:\/\/novaorg.cofb.net\/2016\/12\/09\/lensenyament-de-latencio-farmaceutica-la-universitat\/#primaryimage","url":"","contentUrl":""},{"@type":"BreadcrumbList","@id":"https:\/\/novaorg.cofb.net\/2016\/12\/09\/lensenyament-de-latencio-farmaceutica-la-universitat\/#breadcrumb","itemListElement":[{"@type":"ListItem","position":1,"name":"Inici","item":"https:\/\/novaorg.cofb.net\/"},{"@type":"ListItem","position":2,"name":"L&#8217;ensenyament de l&#8217;Atenci\u00f3 Farmac\u00e8utica a la Universitat"}]},{"@type":"WebSite","@id":"https:\/\/www.cofb.org\/#website","url":"https:\/\/www.cofb.org\/","name":"Col\u00b7legi de Farmac\u00e8utics de Barcelona","description":"","publisher":{"@id":"https:\/\/www.cofb.org\/#organization"},"potentialAction":[{"@type":"SearchAction","target":{"@type":"EntryPoint","urlTemplate":"https:\/\/www.cofb.org\/?s={search_term_string}"},"query-input":"required name=search_term_string"}],"inLanguage":"es"},{"@type":"Organization","@id":"https:\/\/www.cofb.org\/#organization","name":"Col\u00b7legi de Farmac\u00e8utics de Barcelona","url":"https:\/\/www.cofb.org\/","logo":{"@type":"ImageObject","inLanguage":"es","@id":"https:\/\/www.cofb.org\/#\/schema\/logo\/image\/","url":"https:\/\/www.cofb.org\/wp-content\/uploads\/2023\/11\/cropped-Logotip-COFB.png","contentUrl":"https:\/\/www.cofb.org\/wp-content\/uploads\/2023\/11\/cropped-Logotip-COFB.png","width":500,"height":105,"caption":"Col\u00b7legi de Farmac\u00e8utics de Barcelona"},"image":{"@id":"https:\/\/www.cofb.org\/#\/schema\/logo\/image\/"},"sameAs":["https:\/\/www.facebook.com\/farmaceuticsbcn\/","https:\/\/twitter.com\/farmaceuticsbcn","https:\/\/www.instagram.com\/farmaceuticsbcn\/","https:\/\/www.linkedin.com\/company\/farmaceuticsbcn\/"]},{"@type":"Person","@id":"https:\/\/www.cofb.org\/#\/schema\/person\/22ed7eea88da74b0fa4d3154ad87ffcb","name":"wpAdminCofbOrg","image":{"@type":"ImageObject","inLanguage":"es","@id":"https:\/\/www.cofb.org\/#\/schema\/person\/image\/","url":"https:\/\/secure.gravatar.com\/avatar\/1721b20b3b8ca882c3b56ec6c978c594fff670e40c0718e9190eaeeb76aae7d8?s=96&d=mm&r=g","contentUrl":"https:\/\/secure.gravatar.com\/avatar\/1721b20b3b8ca882c3b56ec6c978c594fff670e40c0718e9190eaeeb76aae7d8?s=96&d=mm&r=g","caption":"wpAdminCofbOrg"},"sameAs":["http:\/\/192.168.64.122\/wordpress"],"url":"https:\/\/www.cofb.org\/es\/author\/wpadmincofborg\/"}]}},"uagb_featured_image_src":{"full":false,"thumbnail":false,"medium":false,"medium_large":false,"large":false,"1536x1536":false,"2048x2048":false,"trp-custom-language-flag":false},"uagb_author_info":{"display_name":"wpAdminCofbOrg","author_link":"https:\/\/www.cofb.org\/es\/author\/wpadmincofborg\/"},"uagb_comment_info":0,"uagb_excerpt":"El F\u00f2rum d&#8217;Atenci\u00f3 Farmac\u00e8utica en Farm\u00e0cia Comunit\u00e0ria (F\u00f2rum AF-FC) va organitzar a Granada la 3a Jornada-Taller \u201cL&#8217;ensenyament de l&#8217;Atenci\u00f3 Farmac\u00e8utica a la Universitat. Cap a una disciplina de farm\u00e0cia assistencial\u201d\u00a0amb l&#8217;objectiu de continuar el treball iniciat en les dues Jornades anteriors, assentant els fonaments d&#8217;una relaci\u00f3 m\u00e9s estreta i efica\u00e7 [&hellip;]","_links":{"self":[{"href":"https:\/\/www.cofb.org\/es\/wp-json\/wp\/v2\/posts\/26562","targetHints":{"allow":["GET"]}}],"collection":[{"href":"https:\/\/www.cofb.org\/es\/wp-json\/wp\/v2\/posts"}],"about":[{"href":"https:\/\/www.cofb.org\/es\/wp-json\/wp\/v2\/types\/post"}],"author":[{"embeddable":true,"href":"https:\/\/www.cofb.org\/es\/wp-json\/wp\/v2\/users\/1"}],"replies":[{"embeddable":true,"href":"https:\/\/www.cofb.org\/es\/wp-json\/wp\/v2\/comments?post=26562"}],"version-history":[{"count":0,"href":"https:\/\/www.cofb.org\/es\/wp-json\/wp\/v2\/posts\/26562\/revisions"}],"wp:featuredmedia":[{"embeddable":true,"href":"https:\/\/www.cofb.org\/es\/wp-json\/"}],"wp:attachment":[{"href":"https:\/\/www.cofb.org\/es\/wp-json\/wp\/v2\/media?parent=26562"}],"wp:term":[{"taxonomy":"category","embeddable":true,"href":"https:\/\/www.cofb.org\/es\/wp-json\/wp\/v2\/categories?post=26562"},{"taxonomy":"post_tag","embeddable":true,"href":"https:\/\/www.cofb.org\/es\/wp-json\/wp\/v2\/tags?post=26562"}],"curies":[{"name":"wp","href":"https:\/\/api.w.org\/{rel}","templated":true}]}}