{"id":25299,"date":"2016-10-27T15:43:03","date_gmt":"2016-10-27T14:43:03","guid":{"rendered":"http:\/\/blog.cofb.cat\/?p=25299"},"modified":"2016-10-27T15:43:03","modified_gmt":"2016-10-27T14:43:03","slug":"campanya-petons-per-la-psoriasi-per-sensibilitzar-sobre-la-malaltia","status":"publish","type":"post","link":"https:\/\/www.cofb.org\/es\/2016\/10\/27\/campanya-petons-per-la-psoriasi-per-sensibilitzar-sobre-la-malaltia\/","title":{"rendered":"Campa\u00f1a &#039;Besos por la psoriasis&#039; para sensibilizar sobre la enfermedad"},"content":{"rendered":"<figure id=\"attachment_25304\" aria-describedby=\"caption-attachment-25304\" style=\"width: 298px\" class=\"wp-caption alignright\"><a href=\"http:\/\/blog.cofb.cat\/wp-content\/uploads\/2016\/10\/poster-campanya-petons-per-la-psoriasi_P\u00e1gina_1.jpg\"><img fetchpriority=\"high\" decoding=\"async\" class=\"wp-image-25304\" alt=\"poster-campanya-petons-per-la-psoriasi_P\u00e1gina_1\" src=\"http:\/\/blog.cofb.cat\/wp-content\/uploads\/2016\/10\/poster-campanya-petons-per-la-psoriasi_P\u00e1gina_1-716x1024.jpg\" width=\"298\" height=\"426\" \/><\/a><figcaption id=\"caption-attachment-25304\" class=\"wp-caption-text\">P\u00f3ster de la campa\u00f1a \u201cBesos por la psorisis\u201d<\/figcaption><\/figure>\n<p>En el marco del D\u00eda Mundial (29 de octubre), <a href=\"http:\/\/www.accionpsoriasis.org\/\" target=\"_blank\" rel=\"noopener\">Acci\u00f3n Psoriasis<\/a> y Novartis dan pistoletazo de salida a la <b>iniciativa &#039;Besos por la psoriasis&#039;<\/b>, una <b>campa\u00f1a de concienciaci\u00f3n social sobre el impacto de la enfermedad en la calidad de vida de los pacientes<\/b>. En Barcelona, la acci\u00f3n -que cuenta con el apoyo del Colegio gracias a un convenio de colaboraci\u00f3n- se desarrolla en la Facultad de Econom\u00eda y Empresariales de la UB, donde los peatones pueden visitar un punto informativo sobre psoriasis y compartir fotograf\u00edas bajo el<b> hashtag #besosporlapsoriasis.<\/b>\u00a0Toda la informaci\u00f3n sobre la campa\u00f1a se encuentra disponible en\u00a0<a href=\"http:\/\/www.accionpsoriasis.org\/vivetupiel\/index.html\">esta web<\/a>.<\/p>\n<p><span style=\"color: #888888;\"><b>La psoriasis es una patolog\u00eda sist\u00e9mica con afectaci\u00f3n cut\u00e1nea que provoca inflamaci\u00f3n de la piel y, ocasionalmente, de las articulaciones, y que afecta a m\u00e1s de un mill\u00f3n de personas en Espa\u00f1a, con una prevalencia del 2,3% de la poblaci\u00f3n\u00a0<\/b>(datos de Acci\u00f3n Psoriasis)<\/span><\/p>\n<p>La campa\u00f1a se ha presentado en rueda de prensa en la Facultad de Econom\u00eda y Empresariales de la Universidad de Barcelona (UB). <strong>Guillermo Bagaria, vocal del Colegio, ha mostrado el apoyo del COFB a la iniciativa y ha explicado el papel del farmac\u00e9utico en psoriasis<\/strong>.<\/p>\n<p>Bagaria, ha destacado el compromiso de los farmac\u00e9uticos con la mejora de la calidad de vida de los pacientes, tanto a trav\u00e9s del consejo sanitario como trasladando la necesidad de realizar un buen seguimiento de los tratamientos. \u201cEl farmac\u00e9utico es un profesional sanitario cercano y accesible, que puede dar <strong>recomendaciones para garantizar algo fundamental: la adherencia a los tratamientos para que tengan el efecto buscado<\/strong>. Adem\u00e1s de aportar <strong>recomendaciones higi\u00e9nico-diet\u00e9ticas<\/strong> que contribuyan a espaciar los brotes y mejorar la calidad de vida. Para todo ello, <strong>es b\u00e1sico el trabajo sin\u00e9rgico con el resto de agentes sanitarios y asociaciones de pacientes<\/strong> como Acci\u00f3 Psoriasi, con la que nos une un convenio de colaboraci\u00f3n que nos ayuda a ser a\u00fan m\u00e1s sensibles a sus necesidades\u201d.<\/p>\n<figure id=\"attachment_25358\" aria-describedby=\"caption-attachment-25358\" style=\"width: 333px\" class=\"wp-caption alignleft\"><a href=\"http:\/\/blog.cofb.cat\/wp-content\/uploads\/2016\/10\/20161027_BesosporlaPsoriasisBCN.jpg\"><img decoding=\"async\" class=\"wp-image-25358\" alt=\"20161027_BesosporlaPsoriasisBCN\" src=\"http:\/\/blog.cofb.cat\/wp-content\/uploads\/2016\/10\/20161027_BesosporlaPsoriasisBCN.jpg\" width=\"333\" height=\"260\" \/><\/a><figcaption id=\"caption-attachment-25358\" class=\"wp-caption-text\">De izquierda a derecha: Bagaria (COFB), Ribera (Hospital Sabadell), Gin\u00e9s (Acci\u00f3n Psoriasis), Costa (Novartis) y Alfonso (Acci\u00f3n Psoriasis)<\/figcaption><\/figure>\n<p>Al encuentro tambi\u00e9n ha asistido <strong>Santiago Alfonso<\/strong>, director de Acci\u00f3n Psoriasis; <strong>Montse Gin\u00e9s<\/strong>, vicepresidenta de Acci\u00f3n Psoriasis; el <strong>Dr. Miquel Ribera<\/strong>, dermat\u00f3logo del Hospital de Sabadell \u2013 Corporaci\u00f3n Parc Taul\u00ed y asesor m\u00e9dico de Acci\u00f3 Psoriasi, y la Dra. <strong>\u00c0ngels Costa<\/strong>, responsable de relaciones con pacientes del \u00c1rea de Inmunolog\u00eda y Dermatolog\u00eda de Novartis en Espa\u00f1a.<\/p>\n<p>La campa\u00f1a tambi\u00e9n se desarrolla en <strong>Madrid<\/strong> el 25 y 26 de octubre en la Plaza de Ram\u00f3n y Cajal, dentro del Campus de la Ciudad Universitaria de la Universidad Complutense, y el d\u00eda 27 de octubre en <strong>Sevilla<\/strong>, en el Patio del Coronel de la Facultad de Derecho y Ciencias del Trabajo de la Universidad de Sevilla.<\/p>\n<p>&nbsp;<\/p>\n<p><a href=\"http:\/\/blog.cofb.cat\/wp-content\/uploads\/2016\/10\/instagram-accio-psoriasis1.jpg\"><img decoding=\"async\" class=\"wp-image-25309 alignright\" alt=\"instagram-accio-psoriasis\" src=\"http:\/\/blog.cofb.cat\/wp-content\/uploads\/2016\/10\/instagram-accio-psoriasis1.jpg\" width=\"314\" height=\"258\" \/><\/a><div class=\"box info\">Con motivo del D\u00eda Mundial de la Psoriasis (#WPD16) <strong>comparte en las redes sociales una foto con tu beso y el hashtag #besosporlapsoriasis<\/strong>. \u00a1Tu beso puede dar mucho! Ayuda a visibilizar esta enfermedad.<\/p>\n<p><strong><a href=\"https:\/\/www.instagram.com\/accionpsoriasis\/\">Instagram<\/a>\u00a0de la campa\u00f1a<\/strong>a<\/div><\/p>\n<p><strong>V\u00eddeo de la campa\u00f1a<\/strong><\/p>\n<p><iframe src=\"https:\/\/www.youtube.com\/embed\/3Qi9j3HvyaY\" height=\"315\" width=\"560\" allowfullscreen=\"\" frameborder=\"0\"><\/iframe><\/p>\n<p><b>M\u00e1s informaci\u00f3n de inter\u00e9s:<\/b><\/p>\n<ul>\n<li><a href=\"http:\/\/www.accionpsoriasis.org\/actualidad\/581-dia-mundial-de-la-psoriasis-2016-rompiendobarreras.html\">D\u00eda Mundial de la Psoriasis 2016: #rompiendobarreras<\/a> (v\u00eda Acci\u00f3n Psoriasis)<\/li>\n<li><a href=\"file:\/\/\/F:\/Blog\/Not%C3%ADcies\/acci%C3%B3%20psoriasi\/2016\/DM%20octubre\/Psoriasi\">Informaci\u00f3n sobre la psoriasis en nuestra web de salud, Farmaceuticonline<\/a><\/li>\n<li><a href=\"https:\/\/prod.novartis.es\/noticias\/centro-de-informacion\/centro-de-informacion\/psoriasis\" target=\"_blank\" rel=\"noopener\">Nota de prensa de la presentaci\u00f3n<\/a> (v\u00eda Novartis)<\/li>\n<\/ul>","protected":false},"excerpt":{"rendered":"<p>En el marco del D\u00eda Mundial (29 de octubre), Acci\u00f3n Psoriasis y Novartis dan pistoletazo de salida a la iniciativa &#039;Besos por la psoriasis&#039;, una campa\u00f1a de concienciaci\u00f3n social sobre el impacto de la enfermedad en la calidad de vida de los pacientes . En Barcelona, la acci\u00f3n -que cuenta con el apoyo del Colegio [\u2026]<\/p>","protected":false},"author":1,"featured_media":25333,"comment_status":"open","ping_status":"open","sticky":false,"template":"","format":"standard","meta":{"_uag_custom_page_level_css":"","site-sidebar-layout":"default","site-content-layout":"","ast-site-content-layout":"default","site-content-style":"default","site-sidebar-style":"default","ast-global-header-display":"","ast-banner-title-visibility":"","ast-main-header-display":"","ast-hfb-above-header-display":"","ast-hfb-below-header-display":"","ast-hfb-mobile-header-display":"","site-post-title":"","ast-breadcrumbs-content":"","ast-featured-img":"disabled","footer-sml-layout":"","theme-transparent-header-meta":"","adv-header-id-meta":"","stick-header-meta":"","header-above-stick-meta":"","header-main-stick-meta":"","header-below-stick-meta":"","astra-migrate-meta-layouts":"default","ast-page-background-enabled":"default","ast-page-background-meta":{"desktop":{"background-color":"var(--ast-global-color-4)","background-image":"","background-repeat":"repeat","background-position":"center center","background-size":"auto","background-attachment":"scroll","background-type":"","background-media":"","overlay-type":"","overlay-color":"","overlay-opacity":"","overlay-gradient":""},"tablet":{"background-color":"","background-image":"","background-repeat":"repeat","background-position":"center center","background-size":"auto","background-attachment":"scroll","background-type":"","background-media":"","overlay-type":"","overlay-color":"","overlay-opacity":"","overlay-gradient":""},"mobile":{"background-color":"","background-image":"","background-repeat":"repeat","background-position":"center center","background-size":"auto","background-attachment":"scroll","background-type":"","background-media":"","overlay-type":"","overlay-color":"","overlay-opacity":"","overlay-gradient":""}},"ast-content-background-meta":{"desktop":{"background-color":"var(--ast-global-color-5)","background-image":"","background-repeat":"repeat","background-position":"center center","background-size":"auto","background-attachment":"scroll","background-type":"","background-media":"","overlay-type":"","overlay-color":"","overlay-opacity":"","overlay-gradient":""},"tablet":{"background-color":"var(--ast-global-color-5)","background-image":"","background-repeat":"repeat","background-position":"center center","background-size":"auto","background-attachment":"scroll","background-type":"","background-media":"","overlay-type":"","overlay-color":"","overlay-opacity":"","overlay-gradient":""},"mobile":{"background-color":"var(--ast-global-color-5)","background-image":"","background-repeat":"repeat","background-position":"center center","background-size":"auto","background-attachment":"scroll","background-type":"","background-media":"","overlay-type":"","overlay-color":"","overlay-opacity":"","overlay-gradient":""}},"footnotes":""},"categories":[32],"tags":[802,2187,64,2530,231],"class_list":["post-25299","post","type-post","status-publish","format-standard","has-post-thumbnail","hentry","category-noticies-farmacia","tag-accio-psoriasi","tag-adherencia","tag-atencio-farmaceutica","tag-petons-per-la-psoriasi","tag-psoriasi"],"yoast_head":"<!-- This site is optimized with the Yoast SEO plugin v22.4 - https:\/\/yoast.com\/wordpress\/plugins\/seo\/ -->\n<title>Campanya \u2018Petons per la psoriasi\u2019 per sensibilitzar sobre la malaltia<\/title>\n<meta name=\"description\" content=\"Comen\u00e7a la campanya \u2018Petons per la psoriasi\u2019 per sensibilitzar sobre la malaltia. Campanya de conscienciaci\u00f3 social d&#039;Acci\u00f3 Psoriasi.\" \/>\n<meta name=\"robots\" content=\"index, follow, max-snippet:-1, max-image-preview:large, max-video-preview:-1\" \/>\n<link rel=\"canonical\" href=\"https:\/\/novaorg.cofb.net\/2016\/10\/27\/campanya-petons-per-la-psoriasi-per-sensibilitzar-sobre-la-malaltia\/\" \/>\n<meta property=\"og:locale\" content=\"es_ES\" \/>\n<meta property=\"og:type\" content=\"article\" \/>\n<meta property=\"og:title\" content=\"Campanya \u2018Petons per la psoriasi\u2019 per sensibilitzar sobre la malaltia\" \/>\n<meta property=\"og:description\" content=\"Comen\u00e7a la campanya \u2018Petons per la psoriasi\u2019 per sensibilitzar sobre la malaltia. Campanya de conscienciaci\u00f3 social d&#039;Acci\u00f3 Psoriasi.\" \/>\n<meta property=\"og:url\" content=\"https:\/\/novaorg.cofb.net\/2016\/10\/27\/campanya-petons-per-la-psoriasi-per-sensibilitzar-sobre-la-malaltia\/\" \/>\n<meta property=\"og:site_name\" content=\"Col\u00b7legi de Farmac\u00e8utics de Barcelona\" \/>\n<meta property=\"article:publisher\" content=\"https:\/\/www.facebook.com\/farmaceuticsbcn\/\" \/>\n<meta property=\"article:published_time\" content=\"2016-10-27T14:43:03+00:00\" \/>\n<meta name=\"author\" content=\"wpAdminCofbOrg\" \/>\n<meta name=\"twitter:card\" content=\"summary_large_image\" \/>\n<meta name=\"twitter:creator\" content=\"@farmaceuticsbcn\" \/>\n<meta name=\"twitter:site\" content=\"@farmaceuticsbcn\" \/>\n<meta name=\"twitter:label1\" content=\"Escrito por\" \/>\n\t<meta name=\"twitter:data1\" content=\"wpAdminCofbOrg\" \/>\n\t<meta name=\"twitter:label2\" content=\"Tiempo de lectura\" \/>\n\t<meta name=\"twitter:data2\" content=\"3 minutos\" \/>\n<script type=\"application\/ld+json\" class=\"yoast-schema-graph\">{\"@context\":\"https:\/\/schema.org\",\"@graph\":[{\"@type\":\"Article\",\"@id\":\"https:\/\/novaorg.cofb.net\/2016\/10\/27\/campanya-petons-per-la-psoriasi-per-sensibilitzar-sobre-la-malaltia\/#article\",\"isPartOf\":{\"@id\":\"https:\/\/novaorg.cofb.net\/2016\/10\/27\/campanya-petons-per-la-psoriasi-per-sensibilitzar-sobre-la-malaltia\/\"},\"author\":{\"name\":\"wpAdminCofbOrg\",\"@id\":\"https:\/\/www.cofb.org\/#\/schema\/person\/22ed7eea88da74b0fa4d3154ad87ffcb\"},\"headline\":\"Campanya &#8216;Petons per la psoriasi&#8217; per sensibilitzar sobre la malaltia\",\"datePublished\":\"2016-10-27T14:43:03+00:00\",\"dateModified\":\"2016-10-27T14:43:03+00:00\",\"mainEntityOfPage\":{\"@id\":\"https:\/\/novaorg.cofb.net\/2016\/10\/27\/campanya-petons-per-la-psoriasi-per-sensibilitzar-sobre-la-malaltia\/\"},\"wordCount\":584,\"commentCount\":0,\"publisher\":{\"@id\":\"https:\/\/www.cofb.org\/#organization\"},\"image\":{\"@id\":\"https:\/\/novaorg.cofb.net\/2016\/10\/27\/campanya-petons-per-la-psoriasi-per-sensibilitzar-sobre-la-malaltia\/#primaryimage\"},\"thumbnailUrl\":\"\",\"keywords\":[\"Acci\u00f3 Psoriasi\",\"adher\u00e8ncia\",\"Atenci\u00f3 farmac\u00e8utica\",\"petons per la psoriasi\",\"psoriasi\"],\"articleSection\":[\"Not\u00edcies farm\u00e0cia\"],\"inLanguage\":\"es\",\"potentialAction\":[{\"@type\":\"CommentAction\",\"name\":\"Comment\",\"target\":[\"https:\/\/novaorg.cofb.net\/2016\/10\/27\/campanya-petons-per-la-psoriasi-per-sensibilitzar-sobre-la-malaltia\/#respond\"]}]},{\"@type\":\"WebPage\",\"@id\":\"https:\/\/novaorg.cofb.net\/2016\/10\/27\/campanya-petons-per-la-psoriasi-per-sensibilitzar-sobre-la-malaltia\/\",\"url\":\"https:\/\/novaorg.cofb.net\/2016\/10\/27\/campanya-petons-per-la-psoriasi-per-sensibilitzar-sobre-la-malaltia\/\",\"name\":\"Campanya \u2018Petons per la psoriasi\u2019 per sensibilitzar sobre la malaltia\",\"isPartOf\":{\"@id\":\"https:\/\/www.cofb.org\/#website\"},\"primaryImageOfPage\":{\"@id\":\"https:\/\/novaorg.cofb.net\/2016\/10\/27\/campanya-petons-per-la-psoriasi-per-sensibilitzar-sobre-la-malaltia\/#primaryimage\"},\"image\":{\"@id\":\"https:\/\/novaorg.cofb.net\/2016\/10\/27\/campanya-petons-per-la-psoriasi-per-sensibilitzar-sobre-la-malaltia\/#primaryimage\"},\"thumbnailUrl\":\"\",\"datePublished\":\"2016-10-27T14:43:03+00:00\",\"dateModified\":\"2016-10-27T14:43:03+00:00\",\"description\":\"Comen\u00e7a la campanya \u2018Petons per la psoriasi\u2019 per sensibilitzar sobre la malaltia. Campanya de conscienciaci\u00f3 social d'Acci\u00f3 Psoriasi.\",\"breadcrumb\":{\"@id\":\"https:\/\/novaorg.cofb.net\/2016\/10\/27\/campanya-petons-per-la-psoriasi-per-sensibilitzar-sobre-la-malaltia\/#breadcrumb\"},\"inLanguage\":\"es\",\"potentialAction\":[{\"@type\":\"ReadAction\",\"target\":[\"https:\/\/novaorg.cofb.net\/2016\/10\/27\/campanya-petons-per-la-psoriasi-per-sensibilitzar-sobre-la-malaltia\/\"]}]},{\"@type\":\"ImageObject\",\"inLanguage\":\"es\",\"@id\":\"https:\/\/novaorg.cofb.net\/2016\/10\/27\/campanya-petons-per-la-psoriasi-per-sensibilitzar-sobre-la-malaltia\/#primaryimage\",\"url\":\"\",\"contentUrl\":\"\"},{\"@type\":\"BreadcrumbList\",\"@id\":\"https:\/\/novaorg.cofb.net\/2016\/10\/27\/campanya-petons-per-la-psoriasi-per-sensibilitzar-sobre-la-malaltia\/#breadcrumb\",\"itemListElement\":[{\"@type\":\"ListItem\",\"position\":1,\"name\":\"Inici\",\"item\":\"https:\/\/novaorg.cofb.net\/\"},{\"@type\":\"ListItem\",\"position\":2,\"name\":\"Campanya &#8216;Petons per la psoriasi&#8217; per sensibilitzar sobre la malaltia\"}]},{\"@type\":\"WebSite\",\"@id\":\"https:\/\/www.cofb.org\/#website\",\"url\":\"https:\/\/www.cofb.org\/\",\"name\":\"Col\u00b7legi de Farmac\u00e8utics de Barcelona\",\"description\":\"\",\"publisher\":{\"@id\":\"https:\/\/www.cofb.org\/#organization\"},\"potentialAction\":[{\"@type\":\"SearchAction\",\"target\":{\"@type\":\"EntryPoint\",\"urlTemplate\":\"https:\/\/www.cofb.org\/?s={search_term_string}\"},\"query-input\":\"required name=search_term_string\"}],\"inLanguage\":\"es\"},{\"@type\":\"Organization\",\"@id\":\"https:\/\/www.cofb.org\/#organization\",\"name\":\"Col\u00b7legi de Farmac\u00e8utics de Barcelona\",\"url\":\"https:\/\/www.cofb.org\/\",\"logo\":{\"@type\":\"ImageObject\",\"inLanguage\":\"es\",\"@id\":\"https:\/\/www.cofb.org\/#\/schema\/logo\/image\/\",\"url\":\"https:\/\/www.cofb.org\/wp-content\/uploads\/2023\/11\/cropped-Logotip-COFB.png\",\"contentUrl\":\"https:\/\/www.cofb.org\/wp-content\/uploads\/2023\/11\/cropped-Logotip-COFB.png\",\"width\":500,\"height\":105,\"caption\":\"Col\u00b7legi de Farmac\u00e8utics de Barcelona\"},\"image\":{\"@id\":\"https:\/\/www.cofb.org\/#\/schema\/logo\/image\/\"},\"sameAs\":[\"https:\/\/www.facebook.com\/farmaceuticsbcn\/\",\"https:\/\/twitter.com\/farmaceuticsbcn\",\"https:\/\/www.instagram.com\/farmaceuticsbcn\/\",\"https:\/\/www.linkedin.com\/company\/farmaceuticsbcn\/\"]},{\"@type\":\"Person\",\"@id\":\"https:\/\/www.cofb.org\/#\/schema\/person\/22ed7eea88da74b0fa4d3154ad87ffcb\",\"name\":\"wpAdminCofbOrg\",\"image\":{\"@type\":\"ImageObject\",\"inLanguage\":\"es\",\"@id\":\"https:\/\/www.cofb.org\/#\/schema\/person\/image\/\",\"url\":\"https:\/\/secure.gravatar.com\/avatar\/1721b20b3b8ca882c3b56ec6c978c594fff670e40c0718e9190eaeeb76aae7d8?s=96&d=mm&r=g\",\"contentUrl\":\"https:\/\/secure.gravatar.com\/avatar\/1721b20b3b8ca882c3b56ec6c978c594fff670e40c0718e9190eaeeb76aae7d8?s=96&d=mm&r=g\",\"caption\":\"wpAdminCofbOrg\"},\"sameAs\":[\"http:\/\/192.168.64.122\/wordpress\"],\"url\":\"https:\/\/www.cofb.org\/es\/author\/wpadmincofborg\/\"}]}<\/script>\n<!-- \/ Yoast SEO plugin. -->","yoast_head_json":{"title":"Campanya \u2018Petons per la psoriasi\u2019 per sensibilitzar sobre la malaltia","description":"Comen\u00e7a la campanya \u2018Petons per la psoriasi\u2019 per sensibilitzar sobre la malaltia. Campanya de conscienciaci\u00f3 social d'Acci\u00f3 Psoriasi.","robots":{"index":"index","follow":"follow","max-snippet":"max-snippet:-1","max-image-preview":"max-image-preview:large","max-video-preview":"max-video-preview:-1"},"canonical":"https:\/\/novaorg.cofb.net\/2016\/10\/27\/campanya-petons-per-la-psoriasi-per-sensibilitzar-sobre-la-malaltia\/","og_locale":"es_ES","og_type":"article","og_title":"Campanya \u2018Petons per la psoriasi\u2019 per sensibilitzar sobre la malaltia","og_description":"Comen\u00e7a la campanya \u2018Petons per la psoriasi\u2019 per sensibilitzar sobre la malaltia. Campanya de conscienciaci\u00f3 social d'Acci\u00f3 Psoriasi.","og_url":"https:\/\/novaorg.cofb.net\/2016\/10\/27\/campanya-petons-per-la-psoriasi-per-sensibilitzar-sobre-la-malaltia\/","og_site_name":"Col\u00b7legi de Farmac\u00e8utics de Barcelona","article_publisher":"https:\/\/www.facebook.com\/farmaceuticsbcn\/","article_published_time":"2016-10-27T14:43:03+00:00","author":"wpAdminCofbOrg","twitter_card":"summary_large_image","twitter_creator":"@farmaceuticsbcn","twitter_site":"@farmaceuticsbcn","twitter_misc":{"Escrito por":"wpAdminCofbOrg","Tiempo de lectura":"3 minutos"},"schema":{"@context":"https:\/\/schema.org","@graph":[{"@type":"Article","@id":"https:\/\/novaorg.cofb.net\/2016\/10\/27\/campanya-petons-per-la-psoriasi-per-sensibilitzar-sobre-la-malaltia\/#article","isPartOf":{"@id":"https:\/\/novaorg.cofb.net\/2016\/10\/27\/campanya-petons-per-la-psoriasi-per-sensibilitzar-sobre-la-malaltia\/"},"author":{"name":"wpAdminCofbOrg","@id":"https:\/\/www.cofb.org\/#\/schema\/person\/22ed7eea88da74b0fa4d3154ad87ffcb"},"headline":"Campanya &#8216;Petons per la psoriasi&#8217; per sensibilitzar sobre la malaltia","datePublished":"2016-10-27T14:43:03+00:00","dateModified":"2016-10-27T14:43:03+00:00","mainEntityOfPage":{"@id":"https:\/\/novaorg.cofb.net\/2016\/10\/27\/campanya-petons-per-la-psoriasi-per-sensibilitzar-sobre-la-malaltia\/"},"wordCount":584,"commentCount":0,"publisher":{"@id":"https:\/\/www.cofb.org\/#organization"},"image":{"@id":"https:\/\/novaorg.cofb.net\/2016\/10\/27\/campanya-petons-per-la-psoriasi-per-sensibilitzar-sobre-la-malaltia\/#primaryimage"},"thumbnailUrl":"","keywords":["Acci\u00f3 Psoriasi","adher\u00e8ncia","Atenci\u00f3 farmac\u00e8utica","petons per la psoriasi","psoriasi"],"articleSection":["Not\u00edcies farm\u00e0cia"],"inLanguage":"es","potentialAction":[{"@type":"CommentAction","name":"Comment","target":["https:\/\/novaorg.cofb.net\/2016\/10\/27\/campanya-petons-per-la-psoriasi-per-sensibilitzar-sobre-la-malaltia\/#respond"]}]},{"@type":"WebPage","@id":"https:\/\/novaorg.cofb.net\/2016\/10\/27\/campanya-petons-per-la-psoriasi-per-sensibilitzar-sobre-la-malaltia\/","url":"https:\/\/novaorg.cofb.net\/2016\/10\/27\/campanya-petons-per-la-psoriasi-per-sensibilitzar-sobre-la-malaltia\/","name":"Campanya \u2018Petons per la psoriasi\u2019 per sensibilitzar sobre la malaltia","isPartOf":{"@id":"https:\/\/www.cofb.org\/#website"},"primaryImageOfPage":{"@id":"https:\/\/novaorg.cofb.net\/2016\/10\/27\/campanya-petons-per-la-psoriasi-per-sensibilitzar-sobre-la-malaltia\/#primaryimage"},"image":{"@id":"https:\/\/novaorg.cofb.net\/2016\/10\/27\/campanya-petons-per-la-psoriasi-per-sensibilitzar-sobre-la-malaltia\/#primaryimage"},"thumbnailUrl":"","datePublished":"2016-10-27T14:43:03+00:00","dateModified":"2016-10-27T14:43:03+00:00","description":"Comen\u00e7a la campanya \u2018Petons per la psoriasi\u2019 per sensibilitzar sobre la malaltia. Campanya de conscienciaci\u00f3 social d'Acci\u00f3 Psoriasi.","breadcrumb":{"@id":"https:\/\/novaorg.cofb.net\/2016\/10\/27\/campanya-petons-per-la-psoriasi-per-sensibilitzar-sobre-la-malaltia\/#breadcrumb"},"inLanguage":"es","potentialAction":[{"@type":"ReadAction","target":["https:\/\/novaorg.cofb.net\/2016\/10\/27\/campanya-petons-per-la-psoriasi-per-sensibilitzar-sobre-la-malaltia\/"]}]},{"@type":"ImageObject","inLanguage":"es","@id":"https:\/\/novaorg.cofb.net\/2016\/10\/27\/campanya-petons-per-la-psoriasi-per-sensibilitzar-sobre-la-malaltia\/#primaryimage","url":"","contentUrl":""},{"@type":"BreadcrumbList","@id":"https:\/\/novaorg.cofb.net\/2016\/10\/27\/campanya-petons-per-la-psoriasi-per-sensibilitzar-sobre-la-malaltia\/#breadcrumb","itemListElement":[{"@type":"ListItem","position":1,"name":"Inici","item":"https:\/\/novaorg.cofb.net\/"},{"@type":"ListItem","position":2,"name":"Campanya &#8216;Petons per la psoriasi&#8217; per sensibilitzar sobre la malaltia"}]},{"@type":"WebSite","@id":"https:\/\/www.cofb.org\/#website","url":"https:\/\/www.cofb.org\/","name":"Col\u00b7legi de Farmac\u00e8utics de Barcelona","description":"","publisher":{"@id":"https:\/\/www.cofb.org\/#organization"},"potentialAction":[{"@type":"SearchAction","target":{"@type":"EntryPoint","urlTemplate":"https:\/\/www.cofb.org\/?s={search_term_string}"},"query-input":"required name=search_term_string"}],"inLanguage":"es"},{"@type":"Organization","@id":"https:\/\/www.cofb.org\/#organization","name":"Col\u00b7legi de Farmac\u00e8utics de Barcelona","url":"https:\/\/www.cofb.org\/","logo":{"@type":"ImageObject","inLanguage":"es","@id":"https:\/\/www.cofb.org\/#\/schema\/logo\/image\/","url":"https:\/\/www.cofb.org\/wp-content\/uploads\/2023\/11\/cropped-Logotip-COFB.png","contentUrl":"https:\/\/www.cofb.org\/wp-content\/uploads\/2023\/11\/cropped-Logotip-COFB.png","width":500,"height":105,"caption":"Col\u00b7legi de Farmac\u00e8utics de Barcelona"},"image":{"@id":"https:\/\/www.cofb.org\/#\/schema\/logo\/image\/"},"sameAs":["https:\/\/www.facebook.com\/farmaceuticsbcn\/","https:\/\/twitter.com\/farmaceuticsbcn","https:\/\/www.instagram.com\/farmaceuticsbcn\/","https:\/\/www.linkedin.com\/company\/farmaceuticsbcn\/"]},{"@type":"Person","@id":"https:\/\/www.cofb.org\/#\/schema\/person\/22ed7eea88da74b0fa4d3154ad87ffcb","name":"wpAdminCofbOrg","image":{"@type":"ImageObject","inLanguage":"es","@id":"https:\/\/www.cofb.org\/#\/schema\/person\/image\/","url":"https:\/\/secure.gravatar.com\/avatar\/1721b20b3b8ca882c3b56ec6c978c594fff670e40c0718e9190eaeeb76aae7d8?s=96&d=mm&r=g","contentUrl":"https:\/\/secure.gravatar.com\/avatar\/1721b20b3b8ca882c3b56ec6c978c594fff670e40c0718e9190eaeeb76aae7d8?s=96&d=mm&r=g","caption":"wpAdminCofbOrg"},"sameAs":["http:\/\/192.168.64.122\/wordpress"],"url":"https:\/\/www.cofb.org\/es\/author\/wpadmincofborg\/"}]}},"uagb_featured_image_src":{"full":false,"thumbnail":false,"medium":false,"medium_large":false,"large":false,"1536x1536":false,"2048x2048":false,"trp-custom-language-flag":false},"uagb_author_info":{"display_name":"wpAdminCofbOrg","author_link":"https:\/\/www.cofb.org\/es\/author\/wpadmincofborg\/"},"uagb_comment_info":0,"uagb_excerpt":"En el marc del Dia Mundial (29 d\u2019octubre), Acci\u00f3 Psoriasi i Novartis donen tret de sortida a la iniciativa \u2018Petons per la psoriasi\u2019, una campanya de conscienciaci\u00f3 social sobre l&#8217;impacte de la malaltia en la qualitat de vida dels pacients. A Barcelona, l&#8217;acci\u00f3 -que compta amb el suport del Col\u00b7legi [&hellip;]","_links":{"self":[{"href":"https:\/\/www.cofb.org\/es\/wp-json\/wp\/v2\/posts\/25299","targetHints":{"allow":["GET"]}}],"collection":[{"href":"https:\/\/www.cofb.org\/es\/wp-json\/wp\/v2\/posts"}],"about":[{"href":"https:\/\/www.cofb.org\/es\/wp-json\/wp\/v2\/types\/post"}],"author":[{"embeddable":true,"href":"https:\/\/www.cofb.org\/es\/wp-json\/wp\/v2\/users\/1"}],"replies":[{"embeddable":true,"href":"https:\/\/www.cofb.org\/es\/wp-json\/wp\/v2\/comments?post=25299"}],"version-history":[{"count":0,"href":"https:\/\/www.cofb.org\/es\/wp-json\/wp\/v2\/posts\/25299\/revisions"}],"wp:featuredmedia":[{"embeddable":true,"href":"https:\/\/www.cofb.org\/es\/wp-json\/"}],"wp:attachment":[{"href":"https:\/\/www.cofb.org\/es\/wp-json\/wp\/v2\/media?parent=25299"}],"wp:term":[{"taxonomy":"category","embeddable":true,"href":"https:\/\/www.cofb.org\/es\/wp-json\/wp\/v2\/categories?post=25299"},{"taxonomy":"post_tag","embeddable":true,"href":"https:\/\/www.cofb.org\/es\/wp-json\/wp\/v2\/tags?post=25299"}],"curies":[{"name":"wp","href":"https:\/\/api.w.org\/{rel}","templated":true}]}}