{"id":25255,"date":"2016-10-25T12:05:49","date_gmt":"2016-10-25T11:05:49","guid":{"rendered":"http:\/\/blog.cofb.cat\/?p=25255"},"modified":"2016-10-25T12:05:49","modified_gmt":"2016-10-25T11:05:49","slug":"la-farmacia-es-reuneix-per-debatre-sobre-innovacio-professional-en-benefici-del-pacient","status":"publish","type":"post","link":"https:\/\/www.cofb.org\/es\/2016\/10\/25\/la-farmacia-es-reuneix-per-debatre-sobre-innovacio-professional-en-benefici-del-pacient\/","title":{"rendered":"La farmacia se re\u00fane para debatir sobre innovaci\u00f3n profesional en beneficio del paciente"},"content":{"rendered":"<p><a href=\"http:\/\/blog.cofb.cat\/wp-content\/uploads\/2016\/10\/logo_jornada_2016.jpg\"><img fetchpriority=\"high\" decoding=\"async\" class=\"wp-image-25257 alignright\" alt=\"logo_jornada_2016\" src=\"http:\/\/blog.cofb.cat\/wp-content\/uploads\/2016\/10\/logo_jornada_2016.jpg\" width=\"284\" height=\"189\" \/><\/a>\u00bfEn qu\u00e9 \u00e1mbitos pueden innovar los farmac\u00e9uticos en beneficio del paciente? \u00bfQu\u00e9 pueden hacer estos profesionales para mejorar la salud junto con el resto de profesionales sanitarios? \u00bfY en qu\u00e9 campos de la farmacia ya se est\u00e1 trabajando con ese objetivo? Son algunas de las preguntas a las que dar\u00e1 respuesta la <b>2a Jornada de Estrategia y Acciones para la farmacia 2016-2018 <\/b>que, organizada por el Consejo de Colegios Farmac\u00e9uticos de Catalu\u00f1a (CCFC), tendr\u00e1 lugar el pr\u00f3ximo <b>15 <\/b><b>de noviembre <\/b>en el<b>Academia de Ciencias M\u00e9dicas y de la Salud de Catalu\u00f1a y Baleares. <\/b><\/p>\n<p><b><span style=\"text-decoration: underline;\">Servicios profesionales en la farmacia: \u00bfqu\u00e9 se est\u00e1 haciendo?<\/span><\/b><\/p>\n<p>Bajo el lema <b>\u201cInnovaci\u00f3n profesional en beneficio del paciente\u201d, <\/b>la Jornada acoger\u00e1 una serie de mesas redondas con el objetivo de <b>\u201cponer sobre la mesa qu\u00e9 se est\u00e1 haciendo en relaci\u00f3n a los servicios que ofrece la farmacia al paciente<\/b> de acuerdo con el Plan de Salud -el documento estrat\u00e9gico de la sanidad catalana-<b>, debatir y definir hasta d\u00f3nde se quiere llegar, trabajando con el objetivo com\u00fan de contribuir a mejorar la salud de los pacientes\u201d<\/b>, explica Jordi de Dalmases, presidente del Consejo de Colegios Farmac\u00e9uticos de Catalunya.<\/p>\n<p>\u00c9ste es el caso, por ejemplo, del <b>panel<\/b> <b>inaugural \u201cLos servicios de atenci\u00f3n farmac\u00e9utica: d\u00f3nde estamos, d\u00f3nde queremos ser y qu\u00e9 estamos haciendo para conseguirlo\u201d, <\/b>en qu\u00e9 <b>se dar\u00e1n datos sobre c\u00f3mo han evolucionado los servicios que ofrece la farmacia desde la <a href=\"http:\/\/blog.cofb.cat\/mes-de-300-farmaceutics-es-reuneixen-per-abordar-el-seu-futur-assistencial\/\" target=\"_blank\" rel=\"noopener\">1a Jornada del CCFC <\/a><\/b>-que tuvo lugar en 2014- y se presentar\u00e1n las l\u00edneas que se est\u00e1n siguiendo en pa\u00edses del entorno europeo e internacional.<\/p>\n<p>Tambi\u00e9n se concretar\u00e1 <b>qu\u00e9 hace que un servicio funcione en el primer panel de expertos, <\/b>en la que se expondr\u00e1n los puntos fuertes y d\u00e9biles de los proyectos que se han puesto en marcha, como la red de Farmacias Centinelas, el Proyecto de Atenci\u00f3n Farmac\u00e9utica a pacientes cr\u00f3nicos complejos y la Detecci\u00f3n del riesgo cardiovascular. <b>En cuanto al segundo panel de expertos, se responder\u00e1 a la pregunta de qui\u00e9n pone el precio de los servicios y qu\u00e9 conceptos clave deben tenerse en cuenta en la oferta y la demanda. <\/b><\/p>\n<p><b><i><span style=\"text-decoration: underline;\"><a href=\"http:\/\/blog.cofb.cat\/wp-content\/uploads\/2016\/10\/jornada-consell-programa.jpg\"><img decoding=\"async\" class=\"alignright  wp-image-25256\" alt=\"jornada-consell-programa\" src=\"http:\/\/blog.cofb.cat\/wp-content\/uploads\/2016\/10\/jornada-consell-programa.jpg\" width=\"269\" height=\"403\" \/><\/a>Healthy living farmacias <\/span><\/i><\/b><b><span style=\"text-decoration: underline;\">y el papel de la tecnolog\u00eda, las dos conferencias de la Jornada <\/span><\/b><\/p>\n<p>Las <b><i>Healthy living farmacias<\/i> <\/b>estar\u00e1n presentes en la Jornada a trav\u00e9s de una conferencia en la que se explicar\u00e1 qu\u00e9 hace esta<b> red de farmacias del Reino Unido en materia de promoci\u00f3n de la salud y prevenci\u00f3n de la enfermedad. <\/b>Por otra parte, se debatir\u00e1 sobre el<b> papel imprescindible de la tecnolog\u00eda en la gesti\u00f3n eficiente de los servicios <\/b>y la importancia de implementar las TIC.<\/p>\n<p><b><span style=\"text-decoration: underline;\">M\u00e1s de 300 farmac\u00e9uticos participaron en la 1a Jornada del Consejo <\/span><\/b><\/p>\n<p><a href=\"http:\/\/blog.cofb.cat\/mes-de-300-farmaceutics-es-reuneixen-per-abordar-el-seu-futur-assistencial\/\" target=\"_blank\" rel=\"noopener\">La <b>1a Jornada de Estrategia y Acciones para la farmacia 2014-2016<\/b> organizada por el Consejo tuvo lugar en junio de 2014 y <\/a><b><a href=\"http:\/\/blog.cofb.cat\/mes-de-300-farmaceutics-es-reuneixen-per-abordar-el-seu-futur-assistencial\/\" target=\"_blank\" rel=\"noopener\">cont\u00f3 con la participaci\u00f3n de m\u00e1s de 300 farmac\u00e9uticos<\/a>. <\/b>Durante el encuentro, el CCFC y el Departamento de Salud coincidieron en la <b>conveniencia de que la farmacia ofreciera nuevos servicios de salud y tuviera un papel m\u00e1s integrado en el sistema sanitario,<\/b> y tambi\u00e9n se reflexion\u00f3 sobre la necesidad de contar con evidencias sobre la efectividad de la actuaci\u00f3n de los farmac\u00e9uticos y que los servicios fueran remunerados.<\/p>\n<p><strong><span style=\"color: #888888;\">Nota de prensa enviada a los medios de comunicaci\u00f3n (tambi\u00e9n se puede consultar en la <a href=\"http:\/\/www.cofb.org\/es\/web\/guest\/Noticia\/-\/journal_content\/56_INSTANCE_V6ao\/10136\/949033\/\" target=\"_blank\" rel=\"noopener\">Sala de Prensa<\/a> de la web institucional)<\/span><\/strong><\/p>","protected":false},"excerpt":{"rendered":"<p>\u00bfEn qu\u00e9 \u00e1mbitos pueden innovar los farmac\u00e9uticos en beneficio del paciente? \u00bfQu\u00e9 pueden hacer estos profesionales para mejorar la salud junto con el resto de profesionales sanitarios? \u00bfY en qu\u00e9 campos de la farmacia ya se est\u00e1 trabajando con ese objetivo? Son algunas de las preguntas a las que dar\u00e1 respuesta [\u2026]<\/p>","protected":false},"author":1,"featured_media":25257,"comment_status":"open","ping_status":"open","sticky":false,"template":"","format":"standard","meta":{"_uag_custom_page_level_css":"","site-sidebar-layout":"default","site-content-layout":"","ast-site-content-layout":"default","site-content-style":"default","site-sidebar-style":"default","ast-global-header-display":"","ast-banner-title-visibility":"","ast-main-header-display":"","ast-hfb-above-header-display":"","ast-hfb-below-header-display":"","ast-hfb-mobile-header-display":"","site-post-title":"","ast-breadcrumbs-content":"","ast-featured-img":"disabled","footer-sml-layout":"","theme-transparent-header-meta":"","adv-header-id-meta":"","stick-header-meta":"","header-above-stick-meta":"","header-main-stick-meta":"","header-below-stick-meta":"","astra-migrate-meta-layouts":"default","ast-page-background-enabled":"default","ast-page-background-meta":{"desktop":{"background-color":"var(--ast-global-color-4)","background-image":"","background-repeat":"repeat","background-position":"center center","background-size":"auto","background-attachment":"scroll","background-type":"","background-media":"","overlay-type":"","overlay-color":"","overlay-opacity":"","overlay-gradient":""},"tablet":{"background-color":"","background-image":"","background-repeat":"repeat","background-position":"center center","background-size":"auto","background-attachment":"scroll","background-type":"","background-media":"","overlay-type":"","overlay-color":"","overlay-opacity":"","overlay-gradient":""},"mobile":{"background-color":"","background-image":"","background-repeat":"repeat","background-position":"center center","background-size":"auto","background-attachment":"scroll","background-type":"","background-media":"","overlay-type":"","overlay-color":"","overlay-opacity":"","overlay-gradient":""}},"ast-content-background-meta":{"desktop":{"background-color":"var(--ast-global-color-5)","background-image":"","background-repeat":"repeat","background-position":"center center","background-size":"auto","background-attachment":"scroll","background-type":"","background-media":"","overlay-type":"","overlay-color":"","overlay-opacity":"","overlay-gradient":""},"tablet":{"background-color":"var(--ast-global-color-5)","background-image":"","background-repeat":"repeat","background-position":"center center","background-size":"auto","background-attachment":"scroll","background-type":"","background-media":"","overlay-type":"","overlay-color":"","overlay-opacity":"","overlay-gradient":""},"mobile":{"background-color":"var(--ast-global-color-5)","background-image":"","background-repeat":"repeat","background-position":"center center","background-size":"auto","background-attachment":"scroll","background-type":"","background-media":"","overlay-type":"","overlay-color":"","overlay-opacity":"","overlay-gradient":""}},"footnotes":""},"categories":[32],"tags":[64,163,113,69,2527,575,2528,290,2131,118,2206],"class_list":["post-25255","post","type-post","status-publish","format-standard","has-post-thumbnail","hentry","category-noticies-farmacia","tag-atencio-farmaceutica","tag-consell-de-collegis-farmaceutics-de-catalunya","tag-farmacia-assistencial","tag-farmacia-comunitaria","tag-healthy-living-pharmacies","tag-innovacio","tag-jornada","tag-pacient","tag-pla-de-salut","tag-serveis-professionals","tag-tic"],"yoast_head":"<!-- This site is optimized with the Yoast SEO plugin v22.4 - https:\/\/yoast.com\/wordpress\/plugins\/seo\/ -->\n<title>La farm\u00e0cia es reuneix per debatre sobre innovaci\u00f3 professional en benefici del pacient<\/title>\n<meta name=\"description\" content=\"2a Jornada d\u2019Estrat\u00e8gia i Accions per a la farm\u00e0cia 2016-18 (CCFC). La farm\u00e0cia es reuneix per debatre sobre innovaci\u00f3 professional en benefici del pacient\" \/>\n<meta name=\"robots\" content=\"index, follow, max-snippet:-1, max-image-preview:large, max-video-preview:-1\" \/>\n<link rel=\"canonical\" href=\"https:\/\/novaorg.cofb.net\/2016\/10\/25\/la-farmacia-es-reuneix-per-debatre-sobre-innovacio-professional-en-benefici-del-pacient\/\" \/>\n<meta property=\"og:locale\" content=\"es_ES\" \/>\n<meta property=\"og:type\" content=\"article\" \/>\n<meta property=\"og:title\" content=\"La farm\u00e0cia es reuneix per debatre sobre innovaci\u00f3 professional en benefici del pacient\" \/>\n<meta property=\"og:description\" content=\"2a Jornada d\u2019Estrat\u00e8gia i Accions per a la farm\u00e0cia 2016-18 (CCFC). La farm\u00e0cia es reuneix per debatre sobre innovaci\u00f3 professional en benefici del pacient\" \/>\n<meta property=\"og:url\" content=\"https:\/\/novaorg.cofb.net\/2016\/10\/25\/la-farmacia-es-reuneix-per-debatre-sobre-innovacio-professional-en-benefici-del-pacient\/\" \/>\n<meta property=\"og:site_name\" content=\"Col\u00b7legi de Farmac\u00e8utics de Barcelona\" \/>\n<meta property=\"article:publisher\" content=\"https:\/\/www.facebook.com\/farmaceuticsbcn\/\" \/>\n<meta property=\"article:published_time\" content=\"2016-10-25T11:05:49+00:00\" \/>\n<meta name=\"author\" content=\"wpAdminCofbOrg\" \/>\n<meta name=\"twitter:card\" content=\"summary_large_image\" \/>\n<meta name=\"twitter:creator\" content=\"@farmaceuticsbcn\" \/>\n<meta name=\"twitter:site\" content=\"@farmaceuticsbcn\" \/>\n<meta name=\"twitter:label1\" content=\"Escrito por\" \/>\n\t<meta name=\"twitter:data1\" content=\"wpAdminCofbOrg\" \/>\n\t<meta name=\"twitter:label2\" content=\"Tiempo de lectura\" \/>\n\t<meta name=\"twitter:data2\" content=\"3 minutos\" \/>\n<script type=\"application\/ld+json\" class=\"yoast-schema-graph\">{\"@context\":\"https:\/\/schema.org\",\"@graph\":[{\"@type\":\"Article\",\"@id\":\"https:\/\/novaorg.cofb.net\/2016\/10\/25\/la-farmacia-es-reuneix-per-debatre-sobre-innovacio-professional-en-benefici-del-pacient\/#article\",\"isPartOf\":{\"@id\":\"https:\/\/novaorg.cofb.net\/2016\/10\/25\/la-farmacia-es-reuneix-per-debatre-sobre-innovacio-professional-en-benefici-del-pacient\/\"},\"author\":{\"name\":\"wpAdminCofbOrg\",\"@id\":\"https:\/\/www.cofb.org\/#\/schema\/person\/22ed7eea88da74b0fa4d3154ad87ffcb\"},\"headline\":\"La farm\u00e0cia es reuneix per debatre sobre innovaci\u00f3 professional en benefici del pacient\",\"datePublished\":\"2016-10-25T11:05:49+00:00\",\"dateModified\":\"2016-10-25T11:05:49+00:00\",\"mainEntityOfPage\":{\"@id\":\"https:\/\/novaorg.cofb.net\/2016\/10\/25\/la-farmacia-es-reuneix-per-debatre-sobre-innovacio-professional-en-benefici-del-pacient\/\"},\"wordCount\":600,\"commentCount\":0,\"publisher\":{\"@id\":\"https:\/\/www.cofb.org\/#organization\"},\"image\":{\"@id\":\"https:\/\/novaorg.cofb.net\/2016\/10\/25\/la-farmacia-es-reuneix-per-debatre-sobre-innovacio-professional-en-benefici-del-pacient\/#primaryimage\"},\"thumbnailUrl\":\"\",\"keywords\":[\"Atenci\u00f3 farmac\u00e8utica\",\"Consell de Col\u00b7legis Farmac\u00e8utics de Catalunya\",\"farm\u00e0cia assistencial\",\"farm\u00e0cia comunit\u00e0ria\",\"Healthy living pharmacies\",\"innovaci\u00f3\",\"jornada\",\"pacient\",\"Pla de Salut\",\"Serveis professionals\",\"TIC\"],\"articleSection\":[\"Not\u00edcies farm\u00e0cia\"],\"inLanguage\":\"es\",\"potentialAction\":[{\"@type\":\"CommentAction\",\"name\":\"Comment\",\"target\":[\"https:\/\/novaorg.cofb.net\/2016\/10\/25\/la-farmacia-es-reuneix-per-debatre-sobre-innovacio-professional-en-benefici-del-pacient\/#respond\"]}]},{\"@type\":\"WebPage\",\"@id\":\"https:\/\/novaorg.cofb.net\/2016\/10\/25\/la-farmacia-es-reuneix-per-debatre-sobre-innovacio-professional-en-benefici-del-pacient\/\",\"url\":\"https:\/\/novaorg.cofb.net\/2016\/10\/25\/la-farmacia-es-reuneix-per-debatre-sobre-innovacio-professional-en-benefici-del-pacient\/\",\"name\":\"La farm\u00e0cia es reuneix per debatre sobre innovaci\u00f3 professional en benefici del pacient\",\"isPartOf\":{\"@id\":\"https:\/\/www.cofb.org\/#website\"},\"primaryImageOfPage\":{\"@id\":\"https:\/\/novaorg.cofb.net\/2016\/10\/25\/la-farmacia-es-reuneix-per-debatre-sobre-innovacio-professional-en-benefici-del-pacient\/#primaryimage\"},\"image\":{\"@id\":\"https:\/\/novaorg.cofb.net\/2016\/10\/25\/la-farmacia-es-reuneix-per-debatre-sobre-innovacio-professional-en-benefici-del-pacient\/#primaryimage\"},\"thumbnailUrl\":\"\",\"datePublished\":\"2016-10-25T11:05:49+00:00\",\"dateModified\":\"2016-10-25T11:05:49+00:00\",\"description\":\"2a Jornada d\u2019Estrat\u00e8gia i Accions per a la farm\u00e0cia 2016-18 (CCFC). La farm\u00e0cia es reuneix per debatre sobre innovaci\u00f3 professional en benefici del pacient\",\"breadcrumb\":{\"@id\":\"https:\/\/novaorg.cofb.net\/2016\/10\/25\/la-farmacia-es-reuneix-per-debatre-sobre-innovacio-professional-en-benefici-del-pacient\/#breadcrumb\"},\"inLanguage\":\"es\",\"potentialAction\":[{\"@type\":\"ReadAction\",\"target\":[\"https:\/\/novaorg.cofb.net\/2016\/10\/25\/la-farmacia-es-reuneix-per-debatre-sobre-innovacio-professional-en-benefici-del-pacient\/\"]}]},{\"@type\":\"ImageObject\",\"inLanguage\":\"es\",\"@id\":\"https:\/\/novaorg.cofb.net\/2016\/10\/25\/la-farmacia-es-reuneix-per-debatre-sobre-innovacio-professional-en-benefici-del-pacient\/#primaryimage\",\"url\":\"\",\"contentUrl\":\"\"},{\"@type\":\"BreadcrumbList\",\"@id\":\"https:\/\/novaorg.cofb.net\/2016\/10\/25\/la-farmacia-es-reuneix-per-debatre-sobre-innovacio-professional-en-benefici-del-pacient\/#breadcrumb\",\"itemListElement\":[{\"@type\":\"ListItem\",\"position\":1,\"name\":\"Inici\",\"item\":\"https:\/\/novaorg.cofb.net\/\"},{\"@type\":\"ListItem\",\"position\":2,\"name\":\"La farm\u00e0cia es reuneix per debatre sobre innovaci\u00f3 professional en benefici del pacient\"}]},{\"@type\":\"WebSite\",\"@id\":\"https:\/\/www.cofb.org\/#website\",\"url\":\"https:\/\/www.cofb.org\/\",\"name\":\"Col\u00b7legi de Farmac\u00e8utics de Barcelona\",\"description\":\"\",\"publisher\":{\"@id\":\"https:\/\/www.cofb.org\/#organization\"},\"potentialAction\":[{\"@type\":\"SearchAction\",\"target\":{\"@type\":\"EntryPoint\",\"urlTemplate\":\"https:\/\/www.cofb.org\/?s={search_term_string}\"},\"query-input\":\"required name=search_term_string\"}],\"inLanguage\":\"es\"},{\"@type\":\"Organization\",\"@id\":\"https:\/\/www.cofb.org\/#organization\",\"name\":\"Col\u00b7legi de Farmac\u00e8utics de Barcelona\",\"url\":\"https:\/\/www.cofb.org\/\",\"logo\":{\"@type\":\"ImageObject\",\"inLanguage\":\"es\",\"@id\":\"https:\/\/www.cofb.org\/#\/schema\/logo\/image\/\",\"url\":\"https:\/\/www.cofb.org\/wp-content\/uploads\/2023\/11\/cropped-Logotip-COFB.png\",\"contentUrl\":\"https:\/\/www.cofb.org\/wp-content\/uploads\/2023\/11\/cropped-Logotip-COFB.png\",\"width\":500,\"height\":105,\"caption\":\"Col\u00b7legi de Farmac\u00e8utics de Barcelona\"},\"image\":{\"@id\":\"https:\/\/www.cofb.org\/#\/schema\/logo\/image\/\"},\"sameAs\":[\"https:\/\/www.facebook.com\/farmaceuticsbcn\/\",\"https:\/\/twitter.com\/farmaceuticsbcn\",\"https:\/\/www.instagram.com\/farmaceuticsbcn\/\",\"https:\/\/www.linkedin.com\/company\/farmaceuticsbcn\/\"]},{\"@type\":\"Person\",\"@id\":\"https:\/\/www.cofb.org\/#\/schema\/person\/22ed7eea88da74b0fa4d3154ad87ffcb\",\"name\":\"wpAdminCofbOrg\",\"image\":{\"@type\":\"ImageObject\",\"inLanguage\":\"es\",\"@id\":\"https:\/\/www.cofb.org\/#\/schema\/person\/image\/\",\"url\":\"https:\/\/secure.gravatar.com\/avatar\/1721b20b3b8ca882c3b56ec6c978c594fff670e40c0718e9190eaeeb76aae7d8?s=96&d=mm&r=g\",\"contentUrl\":\"https:\/\/secure.gravatar.com\/avatar\/1721b20b3b8ca882c3b56ec6c978c594fff670e40c0718e9190eaeeb76aae7d8?s=96&d=mm&r=g\",\"caption\":\"wpAdminCofbOrg\"},\"sameAs\":[\"http:\/\/192.168.64.122\/wordpress\"],\"url\":\"https:\/\/www.cofb.org\/es\/author\/wpadmincofborg\/\"}]}<\/script>\n<!-- \/ Yoast SEO plugin. -->","yoast_head_json":{"title":"La farm\u00e0cia es reuneix per debatre sobre innovaci\u00f3 professional en benefici del pacient","description":"2a Jornada d\u2019Estrat\u00e8gia i Accions per a la farm\u00e0cia 2016-18 (CCFC). La farm\u00e0cia es reuneix per debatre sobre innovaci\u00f3 professional en benefici del pacient","robots":{"index":"index","follow":"follow","max-snippet":"max-snippet:-1","max-image-preview":"max-image-preview:large","max-video-preview":"max-video-preview:-1"},"canonical":"https:\/\/novaorg.cofb.net\/2016\/10\/25\/la-farmacia-es-reuneix-per-debatre-sobre-innovacio-professional-en-benefici-del-pacient\/","og_locale":"es_ES","og_type":"article","og_title":"La farm\u00e0cia es reuneix per debatre sobre innovaci\u00f3 professional en benefici del pacient","og_description":"2a Jornada d\u2019Estrat\u00e8gia i Accions per a la farm\u00e0cia 2016-18 (CCFC). La farm\u00e0cia es reuneix per debatre sobre innovaci\u00f3 professional en benefici del pacient","og_url":"https:\/\/novaorg.cofb.net\/2016\/10\/25\/la-farmacia-es-reuneix-per-debatre-sobre-innovacio-professional-en-benefici-del-pacient\/","og_site_name":"Col\u00b7legi de Farmac\u00e8utics de Barcelona","article_publisher":"https:\/\/www.facebook.com\/farmaceuticsbcn\/","article_published_time":"2016-10-25T11:05:49+00:00","author":"wpAdminCofbOrg","twitter_card":"summary_large_image","twitter_creator":"@farmaceuticsbcn","twitter_site":"@farmaceuticsbcn","twitter_misc":{"Escrito por":"wpAdminCofbOrg","Tiempo de lectura":"3 minutos"},"schema":{"@context":"https:\/\/schema.org","@graph":[{"@type":"Article","@id":"https:\/\/novaorg.cofb.net\/2016\/10\/25\/la-farmacia-es-reuneix-per-debatre-sobre-innovacio-professional-en-benefici-del-pacient\/#article","isPartOf":{"@id":"https:\/\/novaorg.cofb.net\/2016\/10\/25\/la-farmacia-es-reuneix-per-debatre-sobre-innovacio-professional-en-benefici-del-pacient\/"},"author":{"name":"wpAdminCofbOrg","@id":"https:\/\/www.cofb.org\/#\/schema\/person\/22ed7eea88da74b0fa4d3154ad87ffcb"},"headline":"La farm\u00e0cia es reuneix per debatre sobre innovaci\u00f3 professional en benefici del pacient","datePublished":"2016-10-25T11:05:49+00:00","dateModified":"2016-10-25T11:05:49+00:00","mainEntityOfPage":{"@id":"https:\/\/novaorg.cofb.net\/2016\/10\/25\/la-farmacia-es-reuneix-per-debatre-sobre-innovacio-professional-en-benefici-del-pacient\/"},"wordCount":600,"commentCount":0,"publisher":{"@id":"https:\/\/www.cofb.org\/#organization"},"image":{"@id":"https:\/\/novaorg.cofb.net\/2016\/10\/25\/la-farmacia-es-reuneix-per-debatre-sobre-innovacio-professional-en-benefici-del-pacient\/#primaryimage"},"thumbnailUrl":"","keywords":["Atenci\u00f3 farmac\u00e8utica","Consell de Col\u00b7legis Farmac\u00e8utics de Catalunya","farm\u00e0cia assistencial","farm\u00e0cia comunit\u00e0ria","Healthy living pharmacies","innovaci\u00f3","jornada","pacient","Pla de Salut","Serveis professionals","TIC"],"articleSection":["Not\u00edcies farm\u00e0cia"],"inLanguage":"es","potentialAction":[{"@type":"CommentAction","name":"Comment","target":["https:\/\/novaorg.cofb.net\/2016\/10\/25\/la-farmacia-es-reuneix-per-debatre-sobre-innovacio-professional-en-benefici-del-pacient\/#respond"]}]},{"@type":"WebPage","@id":"https:\/\/novaorg.cofb.net\/2016\/10\/25\/la-farmacia-es-reuneix-per-debatre-sobre-innovacio-professional-en-benefici-del-pacient\/","url":"https:\/\/novaorg.cofb.net\/2016\/10\/25\/la-farmacia-es-reuneix-per-debatre-sobre-innovacio-professional-en-benefici-del-pacient\/","name":"La farm\u00e0cia es reuneix per debatre sobre innovaci\u00f3 professional en benefici del pacient","isPartOf":{"@id":"https:\/\/www.cofb.org\/#website"},"primaryImageOfPage":{"@id":"https:\/\/novaorg.cofb.net\/2016\/10\/25\/la-farmacia-es-reuneix-per-debatre-sobre-innovacio-professional-en-benefici-del-pacient\/#primaryimage"},"image":{"@id":"https:\/\/novaorg.cofb.net\/2016\/10\/25\/la-farmacia-es-reuneix-per-debatre-sobre-innovacio-professional-en-benefici-del-pacient\/#primaryimage"},"thumbnailUrl":"","datePublished":"2016-10-25T11:05:49+00:00","dateModified":"2016-10-25T11:05:49+00:00","description":"2a Jornada d\u2019Estrat\u00e8gia i Accions per a la farm\u00e0cia 2016-18 (CCFC). La farm\u00e0cia es reuneix per debatre sobre innovaci\u00f3 professional en benefici del pacient","breadcrumb":{"@id":"https:\/\/novaorg.cofb.net\/2016\/10\/25\/la-farmacia-es-reuneix-per-debatre-sobre-innovacio-professional-en-benefici-del-pacient\/#breadcrumb"},"inLanguage":"es","potentialAction":[{"@type":"ReadAction","target":["https:\/\/novaorg.cofb.net\/2016\/10\/25\/la-farmacia-es-reuneix-per-debatre-sobre-innovacio-professional-en-benefici-del-pacient\/"]}]},{"@type":"ImageObject","inLanguage":"es","@id":"https:\/\/novaorg.cofb.net\/2016\/10\/25\/la-farmacia-es-reuneix-per-debatre-sobre-innovacio-professional-en-benefici-del-pacient\/#primaryimage","url":"","contentUrl":""},{"@type":"BreadcrumbList","@id":"https:\/\/novaorg.cofb.net\/2016\/10\/25\/la-farmacia-es-reuneix-per-debatre-sobre-innovacio-professional-en-benefici-del-pacient\/#breadcrumb","itemListElement":[{"@type":"ListItem","position":1,"name":"Inici","item":"https:\/\/novaorg.cofb.net\/"},{"@type":"ListItem","position":2,"name":"La farm\u00e0cia es reuneix per debatre sobre innovaci\u00f3 professional en benefici del pacient"}]},{"@type":"WebSite","@id":"https:\/\/www.cofb.org\/#website","url":"https:\/\/www.cofb.org\/","name":"Col\u00b7legi de Farmac\u00e8utics de Barcelona","description":"","publisher":{"@id":"https:\/\/www.cofb.org\/#organization"},"potentialAction":[{"@type":"SearchAction","target":{"@type":"EntryPoint","urlTemplate":"https:\/\/www.cofb.org\/?s={search_term_string}"},"query-input":"required name=search_term_string"}],"inLanguage":"es"},{"@type":"Organization","@id":"https:\/\/www.cofb.org\/#organization","name":"Col\u00b7legi de Farmac\u00e8utics de Barcelona","url":"https:\/\/www.cofb.org\/","logo":{"@type":"ImageObject","inLanguage":"es","@id":"https:\/\/www.cofb.org\/#\/schema\/logo\/image\/","url":"https:\/\/www.cofb.org\/wp-content\/uploads\/2023\/11\/cropped-Logotip-COFB.png","contentUrl":"https:\/\/www.cofb.org\/wp-content\/uploads\/2023\/11\/cropped-Logotip-COFB.png","width":500,"height":105,"caption":"Col\u00b7legi de Farmac\u00e8utics de Barcelona"},"image":{"@id":"https:\/\/www.cofb.org\/#\/schema\/logo\/image\/"},"sameAs":["https:\/\/www.facebook.com\/farmaceuticsbcn\/","https:\/\/twitter.com\/farmaceuticsbcn","https:\/\/www.instagram.com\/farmaceuticsbcn\/","https:\/\/www.linkedin.com\/company\/farmaceuticsbcn\/"]},{"@type":"Person","@id":"https:\/\/www.cofb.org\/#\/schema\/person\/22ed7eea88da74b0fa4d3154ad87ffcb","name":"wpAdminCofbOrg","image":{"@type":"ImageObject","inLanguage":"es","@id":"https:\/\/www.cofb.org\/#\/schema\/person\/image\/","url":"https:\/\/secure.gravatar.com\/avatar\/1721b20b3b8ca882c3b56ec6c978c594fff670e40c0718e9190eaeeb76aae7d8?s=96&d=mm&r=g","contentUrl":"https:\/\/secure.gravatar.com\/avatar\/1721b20b3b8ca882c3b56ec6c978c594fff670e40c0718e9190eaeeb76aae7d8?s=96&d=mm&r=g","caption":"wpAdminCofbOrg"},"sameAs":["http:\/\/192.168.64.122\/wordpress"],"url":"https:\/\/www.cofb.org\/es\/author\/wpadmincofborg\/"}]}},"uagb_featured_image_src":{"full":false,"thumbnail":false,"medium":false,"medium_large":false,"large":false,"1536x1536":false,"2048x2048":false,"trp-custom-language-flag":false},"uagb_author_info":{"display_name":"wpAdminCofbOrg","author_link":"https:\/\/www.cofb.org\/es\/author\/wpadmincofborg\/"},"uagb_comment_info":0,"uagb_excerpt":"En quins \u00e0mbits poden innovar els farmac\u00e8utics en benefici del pacient? Qu\u00e8 poden fer aquests professionals per millorar la salut juntament a la resta de professionals sanitaris? I en quins camps de la farm\u00e0cia ja s\u2019est\u00e0 treballant amb aquest objectiu? S\u00f3n algunes de les preguntes a les quals donar\u00e0 resposta [&hellip;]","_links":{"self":[{"href":"https:\/\/www.cofb.org\/es\/wp-json\/wp\/v2\/posts\/25255","targetHints":{"allow":["GET"]}}],"collection":[{"href":"https:\/\/www.cofb.org\/es\/wp-json\/wp\/v2\/posts"}],"about":[{"href":"https:\/\/www.cofb.org\/es\/wp-json\/wp\/v2\/types\/post"}],"author":[{"embeddable":true,"href":"https:\/\/www.cofb.org\/es\/wp-json\/wp\/v2\/users\/1"}],"replies":[{"embeddable":true,"href":"https:\/\/www.cofb.org\/es\/wp-json\/wp\/v2\/comments?post=25255"}],"version-history":[{"count":0,"href":"https:\/\/www.cofb.org\/es\/wp-json\/wp\/v2\/posts\/25255\/revisions"}],"wp:featuredmedia":[{"embeddable":true,"href":"https:\/\/www.cofb.org\/es\/wp-json\/"}],"wp:attachment":[{"href":"https:\/\/www.cofb.org\/es\/wp-json\/wp\/v2\/media?parent=25255"}],"wp:term":[{"taxonomy":"category","embeddable":true,"href":"https:\/\/www.cofb.org\/es\/wp-json\/wp\/v2\/categories?post=25255"},{"taxonomy":"post_tag","embeddable":true,"href":"https:\/\/www.cofb.org\/es\/wp-json\/wp\/v2\/tags?post=25255"}],"curies":[{"name":"wp","href":"https:\/\/api.w.org\/{rel}","templated":true}]}}