{"id":25177,"date":"2016-10-28T12:24:07","date_gmt":"2016-10-28T10:24:07","guid":{"rendered":"http:\/\/blog.cofb.cat\/?p=25177"},"modified":"2016-10-28T12:24:07","modified_gmt":"2016-10-28T10:24:07","slug":"que-han-destacat-els-mitjans-de-comunicacio-al-setembre","status":"publish","type":"post","link":"https:\/\/www.cofb.org\/es\/2016\/10\/28\/que-han-destacat-els-mitjans-de-comunicacio-al-setembre\/","title":{"rendered":"\u00bfQu\u00e9 han destacado los medios de comunicaci\u00f3n en septiembre?"},"content":{"rendered":"<p><b><div class=\"box shadow\">Servicios asistenciales: Programa de detecci\u00f3n precoz de c\u00e1ncer de colon y la detecci\u00f3n precoz del VIH<\/b><\/p>\n[caption id=&quot;&quot; align=&quot;alignleft&quot; width=&quot;175&quot;]<a href=\"http:\/\/www.diariofarma.com\/2016\/09\/19\/la-oficina-de-farmacia-muy-bien-valorada-en-deteccion-del-cancer-de-colon?id=27647?\" target=\"_blank\" rel=\"noopener\"><img decoding=\"async\" class=\"\" title=\"http:\/\/www.diariofarma.com\/2016\/09\/19\/la-oficina-de-farmacia-muy-bien-valorada-en-deteccion-del-cancer-de-colon?id=27647?\" alt=\"7Dfarma\" src=\"http:\/\/blog.cofb.cat\/wp-content\/uploads\/2016\/10\/7Dfarma-291x300.jpg\" width=\"175\" height=\"180\" \/><\/a> Diariofarma resalta la buena valoraci\u00f3n obtenida por las farmacias en relaci\u00f3n al programa de detecci\u00f3n de c\u00e1ncer de colon[\/caption]\n<p><a href=\"http:\/\/www.correofarmaceutico.com\/2016\/09\/19\/al-dia\/entorno\/los-usuarios-avalan-a-la-farmacia-en-el-cribado-de-cancer-de-colon\" target=\"_blank\" rel=\"noopener\">Correo Farmac\u00e9utico<\/a>\u00a0y\u00a0<a href=\"http:\/\/www.diariofarma.com\/2016\/09\/19\/la-oficina-de-farmacia-muy-bien-valorada-en-deteccion-del-cancer-de-colon?id=27647?\" target=\"_blank\" rel=\"noopener\">Diariofarma<\/a>\u00a0publicaron los resultados de un estudio publicado en\u00a0<em>Gastroenterolog\u00eda y Hepatolog\u00eda<\/em>\u00a0donde se puntuaba con un\u00a0<b>9,5 sobre 10 la acci\u00f3n de las farmacias comunitarias implicadas en el Programa de detecci\u00f3n precoz de c\u00e1ncer de colon de Barcelona.<\/b>\u00a0Correo Farmac\u00e9utico, recogi\u00f3 declaraciones de Rafael Guayta, director de Proyectos e Investigaci\u00f3n del CCFC, quien, entre otras cuestiones, enfatiz\u00f3 que se trata de un \u201cmodelo integrativo en el que trabajan conjuntamente las farmacias, con los hospitales y los centros de salud,<b>\u00a0y en el que todos son indispensables<\/b>\u201d.<\/p>\n[caption id=&quot;&quot; align=&quot;alignright&quot; width=&quot;174&quot;]<a href=\"http:\/\/www.correofarmaceutico.com\/2016\/09\/26\/al-dia\/profesion\/una-botica-mas-sanitaria-refuerza-el-modelo-dicen-partidos-y-ccaa\" target=\"_blank\" rel=\"noopener\"><img decoding=\"async\" alt=\"Serveis assitencials al Correo Farmac\u00e9utico\" src=\"http:\/\/blog.cofb.cat\/wp-content\/uploads\/2016\/10\/7CF-290x300.jpg\" width=\"174\" height=\"180\" \/><\/a> Servicios asistenciales en Correo Farmac\u00e9utico[\/caption]\n<p>Por otra parte,\u00a0<a href=\"http:\/\/www.elglobal.net\/farmacia\/el-cribado-del-vih-se-afianza-como-el-servicio-remunerado-mas-presente-en-las-farmacias-MX473907\" target=\"_blank\" rel=\"noopener\">El Global<\/a>\u00a0publicaba una noticia sobre la detecci\u00f3n precoz del VIH e informaba que se\u00a0<b>trata del servicio farmac\u00e9utico profesional por el que m\u00e1s apuestan las Administraciones<\/b>, ya que, con la reciente incorporaci\u00f3n de Asturias, son seis las comunidades aut\u00f3nomas que apuestan por este servicio, entre ellas, Catalu\u00f1a, que lo realiza desde 2009.<\/p>\n<p>Finalmente, las farmacias catalanas eran de nuevo noticia en el\u00a0<a href=\"http:\/\/www.correofarmaceutico.com\/2016\/09\/26\/al-dia\/profesion\/una-botica-mas-sanitaria-refuerza-el-modelo-dicen-partidos-y-ccaa\" target=\"_blank\" rel=\"noopener\">Correo Farmac\u00e9utico<\/a>, debido a la publicaci\u00f3n que el medio hac\u00eda sobre este modelo de farmacia cada vez m\u00e1s asistencial.<b><\/div><\/b><\/p>\n<p><b><div class=\"box shadow\"><a href=\"http:\/\/blog.cofb.cat\/el-cof-de-barcelona-posa-en-marxa-la-comissio-de-compromis-social-per-impulsar-la-rsc-a-la-farmacia\/\" target=\"_blank\" rel=\"noopener\">Se presenta la Comisi\u00f3n de Compromiso Social del Colegio<\/a>y<\/b><\/p>\n[caption id=&quot;&quot; align=&quot;alignright&quot; width=&quot;300&quot;]<a href=\"http:\/\/www.redaccionmedica.com\/secciones\/responsabilidad-sociosanitaria\/los-farmaceuticos-de-barcelona-crean-una-comision-de-compromiso-social-8994\" target=\"_blank\" rel=\"noopener\"><img decoding=\"async\" alt=\"6RM\" src=\"http:\/\/blog.cofb.cat\/wp-content\/uploads\/2016\/10\/6RM-300x97.jpg\" width=\"300\" height=\"97\" \/><\/a> Publicaci\u00f3n de Redacci\u00f3n M\u00e9dica sobre la presentaci\u00f3n de la Comisi\u00f3n en el Colegio[\/caption]\n<p><b>&quot;La profesi\u00f3n farmac\u00e9utica est\u00e1 implicada con la sociedad, ya trav\u00e9s de la Responsabilidad Social Corporativa (RSC), tiene la oportunidad de realizar acciones que aporten valor&quot;.<\/b>\u00a0Son palabras de Joan Calduch, tesorero del Colegio, en la inauguraci\u00f3n de la Comisi\u00f3n de Compromiso Social que se puso en marcha a finales del pasado mes.\u00a0<a href=\"http:\/\/www.correofarmaceutico.com\/2016\/09\/28\/al-dia\/profesion\/barcelona-el-cof-pone-en-marcha-la-comision-de-compromiso-social-para-impulsar-la-rsc-en-la-farmacia\" target=\"_blank\" rel=\"noopener\">Correo Farmac\u00e9utico<\/a>,\u00a0<a href=\"http:\/\/elfarmaceutico.es\/index.php\/noticias-actualidad-farmaceutica\/item\/7385-el-cof-de-barcelona-pone-en-marcha-la-comision-de-compromiso-social-para-impulsar-la-rsc-en-la-farmacia#.V-vravmLRD\" target=\"_blank\" rel=\"noopener\">El Farmac\u00e9utico<\/a>, Redacci\u00f3n M\u00e9dica (<a href=\"http:\/\/www.redaccionmedica.com\/secciones\/responsabilidad-sociosanitaria\/los-farmaceuticos-de-barcelona-crean-una-comision-de-compromiso-social-8994\" target=\"_blank\" rel=\"noopener\">1<\/a>\u00a0y\u00a0<a href=\"http:\/\/www.redaccionmedica.com\/bisturi\/el-cof-de-barcelona-ilusionado-con-la-rsc-el-de-madrid-con-retraso-1211\" target=\"_blank\" rel=\"noopener\">2<\/a>),\u00a0<a href=\"http:\/\/www.imfarmacias.es\/noticia\/10559\/el-cofb-impulsa-la-rsc-en-la-farmacia-con-la-comision-de-compromiso-social\" target=\"_blank\" rel=\"noopener\">IM Farmacias<\/a>,\u00a0<a href=\"http:\/\/www.diariofarma.com\/2016\/09\/29\/el-cof-de-barcelona-crea-la-comision-de-compromiso-social?id=27876\" target=\"_blank\" rel=\"noopener\">Diariofarma<\/a>,\u00a0<a href=\"http:\/\/www.actasanitaria.com\/colegio-farmaceuticos-barcelona-pone-marcha-la-comision-compromiso-social\/\" target=\"_blank\" rel=\"noopener\">Acta Sanitaria<\/a>\u00a0y Sanifax las recogieron informando de esta nueva Comisi\u00f3n definida, por sus propios miembros, con las palabras\u00a0<b>&quot;motor, implicaci\u00f3n, compromiso, valores, mejorar, solidaridad, \u00e9tica y conciencia&quot;<\/b>.<\/p>\n<p>En el acto, tambi\u00e9n participaron el<a href=\"https:\/\/www.bancofarmaceutico.es\/ca\/\" target=\"_blank\" rel=\"noopener\">ONG Banco Farmac\u00e9utico<\/a>\u00a0y Joan Fontrodona, director del Departamento de \u00c9tica Empresarial del<a href=\"http:\/\/www.iese.edu\/es\/index-default.html\" target=\"_blank\" rel=\"noopener\">IESE<\/a>.<b><\/div><\/b><\/p>\n<p><strong><b><div class=\"box shadow\"><\/b><\/strong><strong>Situaci\u00f3n financiera: retraso en los\u00a0<\/strong><strong>pagos y cobro de intereses<\/strong><\/p>\n[caption id=&quot;attachment_25203&quot; align=&quot;alignright&quot; width=&quot;300&quot;]<a href=\"http:\/\/www.elglobal.net\/farmacia\/cataluna-la-deuda-con-las-boticas-entra-en-una-etapa-guadianesca-AG383741\" target=\"_blank\" rel=\"noopener\"><img loading=\"lazy\" decoding=\"async\" class=\"size-medium wp-image-25203\" alt=\"El Global determina quina \u00e9s la situaci\u00f3 financera de les farm\u00e0cies catalanes\" src=\"http:\/\/blog.cofb.cat\/wp-content\/uploads\/2016\/10\/1EG-300x73.jpg\" width=\"300\" height=\"73\" \/><\/a> El Global determina cu\u00e1l es la situaci\u00f3n financiera de las farmacias catalanas[\/caption]\n<p>Durante el mes de septiembre, los medios han continuado haci\u00e9ndose eco de la situaci\u00f3n de pago en las farmacias catalanas. Informaron: <a href=\"http:\/\/www.elconfidencial.com\/empresas\/2016-09-08\/incertidumbre-farmacias-periodo-medio-de-pago-fla_1256588\/\" target=\"_blank\" rel=\"noopener\">El Confidencial<\/a>, El Global (<a href=\"http:\/\/www.elglobal.net\/farmacia\/cataluna-la-deuda-con-las-boticas-entra-en-una-etapa-guadianesca-AG383741\" target=\"_blank\" rel=\"noopener\">1<\/a>\u00a0y <a href=\"http:\/\/www.elglobal.net\/noticias-medicamento\/2016-08-31\/farmacia\/cataluna-pone-a-cero-de-forma-fugaz-la-deuda-con-sus-boticas\/pagina.aspx?idart=995806\" target=\"_blank\" rel=\"noopener\">2<\/a>), Correo Farmac\u00e9utico (<a href=\"http:\/\/www.correofarmaceutico.com\/2016\/08\/31\/al-dia\/profesion\/las-farmacias-catalanas-cobran-la-factura-de-medicamentos-de-junio\" target=\"_blank\" rel=\"noopener\">1<\/a> y <a href=\"http:\/\/www.correofarmaceutico.com\/2016\/09\/05\/al-dia\/profesion\/pagos-siguen-los-retrasos-en-cataluna-y-se-normalizan-en-aragon\" target=\"_blank\" rel=\"noopener\">2<\/a>), IM Farmacias (<a href=\"http:\/\/www.imfarmacias.es\/noticia\/10315\/las-farmacias-catalanas-cobran-la-factura-de-junio-pero-esperan-un-nuevo-impago-este-lunes\" target=\"_blank\" rel=\"noopener\">1<\/a> y <a href=\"http:\/\/www.imfarmacias.es\/noticia\/10388\/cataluna-la-incertidumbre-de-los-impagos-no-abandona-a-la-farmacia_utm_source=news_2016-09-12&amp;utm_medium=2016-09-12&amp;utm_campaign=mailing&amp;email=0\" target=\"_blank\" rel=\"noopener\">2<\/a>), <a href=\"http:\/\/consalud.es\/comunidades-autonomas\/cataluna-saldo-su-deuda-con-las-farmacias-pero-solo-durante-cinco-dias-29638\" target=\"_blank\" rel=\"noopener\">ConSalud<\/a> y <a href=\"http:\/\/intereconomia.com\/economia\/puigdemont-ira-la-diada-separatista-sin-pagar-las-farmacias-catalanas-20160909-1103\" target=\"_blank\" rel=\"noopener\">Intereconom\u00eda<\/a>.<\/p>\n<p>&nbsp;<\/p>\n[caption id=&quot;attachment_25189&quot; align=&quot;alignleft&quot; width=&quot;300&quot;]<a href=\"http:\/\/www.ccma.cat\/tv3\/alacarta\/els-matins\/les-noticies-del-270916\/video\/5622007\/\" target=\"_blank\" rel=\"noopener\"><img loading=\"lazy\" decoding=\"async\" class=\"size-medium wp-image-25189\" alt=\"1TV3\" src=\"http:\/\/blog.cofb.cat\/wp-content\/uploads\/2016\/10\/1TV3-300x220.jpg\" width=\"300\" height=\"220\" \/><\/a> Els Matins de TV3 informaron sobre el cobro de la reclamaci\u00f3n de intereses[\/caption]\n<p>Al finalizar el mes, surgi\u00f3 una noticia que tuvo un fuerte impacto por los medios tanto generalistas como especializados: se informaba que el Servei Catal\u00e0 de Salut (CatSalut) <b>hab\u00eda tenido que abonar 9,3 millones a las farmacias catalanas<\/b> despu\u00e9s de que el juez dictaminase sentencia en relaci\u00f3n con los intereses por las facturas que se cobraron con retraso entre <b>en enero y abril de 2013 y de septiembre de 2013 hasta marzo de 2014<\/b>, un per\u00edodo en el que las farmacias tuvimos una demora en el pago de hasta <b>4 meses<\/b> que, en cifras, lleg\u00f3 a los <b>110 millones de euros<\/b>.<\/p>\n<p><a href=\"http:\/\/www.ccma.cat\/tv3\/alacarta\/els-matins\/les-noticies-del-270916\/video\/5622007\/\" target=\"_blank\" rel=\"noopener\"><i>Les Matins <\/i>de TV3<\/a> (del minuto 17&#039;19&#039;&#039; al 17&#039;47&#039;&#039;) y\u00a0<a href=\"http:\/\/play.cadenaser.com\/audio\/ser_cat_elbalco_20160926_190000_200000\/\" target=\"_blank\" rel=\"noopener\"><i>El Balc\u00f3n <\/i>de Cadena<\/a> Ser (del minuto 11&#039;35&#039; al 12&#039;16&#039;&#039;), lo compartieron, as\u00ed como <a href=\"http:\/\/www.lavanguardia.com\/vida\/20160926\/41590778186\/el-juez-obliga-a-generalitat-a-pagar-9-millones-de-intereses-a-farmaceuticos.html\" target=\"_blank\" rel=\"noopener\">La Vanguardia<\/a>, <a href=\"http:\/\/www.elperiodico.com\/es\/noticias\/sanidad\/salut-paga-millones-las-farmacias-por-intereses-demora-los-pagos-5416810\" target=\"_blank\" rel=\"noopener\">El Peri\u00f3dico<\/a>, <a href=\"http:\/\/cat.elpais.com\/cat\/2016\/09\/26\/economia\/1474917106_376045.html?id_externo_rsoc=TW_CM\" target=\"_blank\" rel=\"noopener\">El Pa\u00eds<\/a>, <a href=\"http:\/\/www.ara.cat\/societat\/impagaments-farmaceutics-deute-farmacies-govern-generalitat-receptes-medicaments_0_1657634403.html\" target=\"_blank\" rel=\"noopener\">AHORA<\/a>, <a href=\"http:\/\/ecodiario.eleconomista.es\/salud\/noticias\/7850379\/09\/16\/El-juez-obliga-a-la-Generalitat-a-pagar-9-millones-de-intereses-a-los-farmaceuticos.html\" target=\"_blank\" rel=\"noopener\">El Economista<\/a>, <a href=\"http:\/\/www.abc.es\/espana\/catalunya\/politica\/abci-juez-obliga-generalitat-pagar-9-millones-intereses-farmaceuticos-201609261805_noticia.html\" target=\"_blank\" rel=\"noopener\">ABC<\/a>, <a href=\"http:\/\/www.elpuntavui.cat\/article\/2-societat\/5-societat\/1007354-la-generalitat-ha-pagat-9-milions-en-interessos-als-farmaceutics.html\" target=\"_blank\" rel=\"noopener\">El Punt Avui<\/a>, <a href=\"http:\/\/www.elmundo.es\/cataluna\/2016\/09\/26\/57e94d5c46163fc0148b461e.html\" target=\"_blank\" rel=\"noopener\">El Mundo<\/a>, 20 minutos, <a href=\"http:\/\/www.vilaweb.cat\/noticies\/la-generalitat-paga-93-milions-deuros-en-interessos-als-farmaceutics-per-ordre-del-jutge\/\" target=\"_blank\" rel=\"noopener\">Vilaweb<\/a>, <a href=\"http:\/\/www.catalunyapress.cat\/texto-diario\/mostrar\/503338\/catsalut-condemnat-pagar-93-milions-deuros-per-seva-demora-amb-farmcies\" target=\"_blank\" rel=\"noopener\">Catalu\u00f1a Press<\/a>, <a href=\"http:\/\/www.economiadigital.es\/es\/notices\/2016\/09\/cataluna-paga-9-millones-a-las-farmacias-por-las-facturas-retrasadas-86269.php\" target=\"_blank\" rel=\"noopener\">Econom\u00eda Digital<\/a>, Expansi\u00f3n Catalu\u00f1a, <a href=\"http:\/\/cronicaglobal.elespanol.com\/business\/generalitat-paga-9-3-millones-intereses-impagos-farmaceuticos_61020_102.html\" target=\"_blank\" rel=\"noopener\">Cr\u00f3nica Global<\/a>, <a href=\"http:\/\/www.diaridegirona.cat\/comarques\/2016\/09\/27\/alianca-farmaceutics-contra-productes-homeopatics\/806222.html\" target=\"_blank\" rel=\"noopener\">La Opini\u00f3n de Zamora<\/a>, Diario de Tarragona, <a href=\"http:\/\/www.regio7.cat\/arreu-catalunya-espanya-mon\/2016\/09\/27\/generalitat-ha-pagar-9-milions\/380793.html\" target=\"_blank\" rel=\"noopener\">Regi\u00f3n 7<\/a>, <a href=\"http:\/\/www.emporda.info\/economia\/2016\/09\/26\/generalitat-paga-9-milions-deuros\/329948.html\" target=\"_blank\" rel=\"noopener\">Empord\u00e0<\/a>, en prensa generalista y, en especializada, Correo Farmac\u00e9utico (<a href=\"http:\/\/www.correofarmaceutico.com\/2016\/09\/16\/al-dia\/profesion\/las-farmacias-catalanas-reciben-9-millones-de-intereses-por-impagos\" target=\"_blank\" rel=\"noopener\">1<\/a> y <a href=\"http:\/\/www.correofarmaceutico.com\/2016\/09\/26\/al-dia\/profesion\/las-farmacias-catalanas-cobran-intereses-por-retrasos-en-los-pagos\" target=\"_blank\" rel=\"noopener\">2<\/a>), <a href=\"http:\/\/www.imfarmacias.es\/noticia\/10451\/el-catsalut-paga-a-las-farmacias-catalanas-93-millones-de-euros-en-concepto-de-intereses-por-impagos\" target=\"_blank\" rel=\"noopener\">IM Farmacias<\/a>, <a href=\"http:\/\/www.diariofarma.com\/2016\/09\/15\/las-farmacias-catalanas-cobran-parte-de-los-intereses-generados-por-los-retrasos?id=27607\" target=\"_blank\" rel=\"noopener\">Diariofarma<\/a>, <a href=\"http:\/\/www.redaccionmedica.com\/autonomias\/cataluna\/salud-condenada-a-pagar-9-millones-a-los-farmaceuticos-por-los-impagos-7046\" target=\"_blank\" rel=\"noopener\">Redacci\u00f3n M\u00e9dica<\/a> y <a href=\"http:\/\/consalud.es\/comunidades-autonomas\/la-deuda-de-cataluna-con-las-farmacias-le-cuesta-a-los-catalanes-nueve-millones-de-euros-30070\" target=\"_blank\" rel=\"noopener\">ConSalud<\/a>.<b><\/div><\/b><\/p>\n<p><b><div class=\"box shadow\"><a href=\"http:\/\/blog.cofb.cat\/els-farmaceutics-destaquen-en-el-seu-dia-mundial-el-compromis-amb-la-salut-dels-pacients\/\" target=\"_blank\" rel=\"noopener\">Los farmac\u00e9uticos conmemoran su d\u00eda mundial<\/a><\/b><\/p>\n[caption id=&quot;attachment_25204&quot; align=&quot;alignright&quot; width=&quot;300&quot;]<a href=\"http:\/\/www.lavanguardia.com\/vida\/20160923\/41523983109\/el-colegio-de-farmaceuticos-de-cataluna-celebrara-el-domingo-su-dia-mundial.html\" target=\"_blank\" rel=\"noopener\"><img loading=\"lazy\" decoding=\"async\" class=\"size-medium wp-image-25204\" alt=\"\" src=\"http:\/\/blog.cofb.cat\/wp-content\/uploads\/2016\/10\/2LV-300x81.jpg\" width=\"300\" height=\"81\" \/><\/a> La Vanguardia y el D\u00eda Mundial del Farmac\u00e9utico[\/caption]\n<p>Un a\u00f1o m\u00e1s, el <b>25 de septiembre celebramos el d\u00eda mundial de nuestra profesi\u00f3n<\/b> que, este a\u00f1o, reg\u00eda bajo el lema <b>&quot;Farmac\u00e9uticos: cuidando de ti&quot;<\/b>. Desde el Colegio enviamos una nota de prensa que recogieron, entre otros, medios como <a href=\"http:\/\/www.lavanguardia.com\/vida\/20160923\/41523983109\/el-colegio-de-farmaceuticos-de-cataluna-celebrara-el-domingo-su-dia-mundial.html\" target=\"_blank\" rel=\"noopener\">La Vanguardia<\/a>, <a href=\"http:\/\/agencias.abc.es\/agencias\/noticia.asp?noticia=2325705\" target=\"_blank\" rel=\"noopener\">ABC<\/a>, <a href=\"http:\/\/www.aldia.cat\/gent\/noticia-farmaceutics-barcelonins-destaquen-compromis-amb-els-pacients-dia-mundial-20160923135219.html\" target=\"_blank\" rel=\"noopener\">En el D\u00eda<\/a>, <a href=\"http:\/\/www.elglobal.net\/farmacia\/dia-mundial-farmaceutico\/un-dia-del-farmaceutico-para-plasmar-otros-365-de-compromiso-con-la-salud-NL490429\" target=\"_blank\" rel=\"noopener\">El Global<\/a>, <a href=\"http:\/\/www.correofarmaceutico.com\/2016\/09\/23\/al-dia\/entorno\/los-farmaceuticos-destacan-en-su-dia-mundial-el-compromiso-con-la-salud-de-los-pacientes\" target=\"_blank\" rel=\"noopener\">Correo Farmac\u00e9utico<\/a> y Sanifax. <b><\/div><\/b><\/p>\n<p><b><div class=\"box shadow\"><a href=\"http:\/\/blog.cofb.cat\/infarma-2017-21-22-i-23-de-marc-al-recinte-de-gran-via-de-la-fira-de-barcelona\/\" target=\"_blank\" rel=\"noopener\">Primera reuni\u00f3n de Comit\u00e9 Cient\u00edfico de Infarma Barcelona 2017<\/a><\/b><\/p>\n[caption id=&quot;attachment_25191&quot; align=&quot;alignleft&quot; width=&quot;216&quot;]<a href=\"http:\/\/elfarmaceutico.es\/index.php\/noticias-actualidad-farmaceutica\/item\/7333-primera-reunion-del-comite-cientifico-de-infarma-barcelona-2017#.V9phKfmLRMw\" target=\"_blank\" rel=\"noopener\"><img loading=\"lazy\" decoding=\"async\" class=\"wp-image-25191\" alt=\"3EF\" src=\"http:\/\/blog.cofb.cat\/wp-content\/uploads\/2016\/10\/3EF-300x194.jpg\" width=\"216\" height=\"140\" \/><\/a> Infarma Barcelona 2017, noticia en El Farmac\u00e9utico[\/caption]\n<p>Primeros pasos de<a href=\"http:\/\/www.infarma.interalia.es\/\" target=\"_blank\" rel=\"noopener\">Infarma Barcelona 2017<\/a>. Medios de la prensa especializada, <a href=\"http:\/\/www.elglobal.net\/farmacia\/minuto-cero-de-infarma-2017-CX473703\" target=\"_blank\" rel=\"noopener\">El Globa<\/a>l, <a href=\"http:\/\/elfarmaceutico.es\/index.php\/noticias-actualidad-farmaceutica\/item\/7333-primera-reunion-del-comite-cientifico-de-infarma-barcelona-2017#.V9phKfmLRMw\" target=\"_blank\" rel=\"noopener\">El Farmac\u00e9utico<\/a>, <a href=\"http:\/\/www.imfarmacias.es\/noticia\/10418\/en-marcha-la-organizacion-de-la-29-edicion-del-congreso-y-salon-europeo-de-farmacia-infarma\" target=\"_blank\" rel=\"noopener\">IM Farmacias<\/a>, <a href=\"http:\/\/www.actasanitaria.com\/primera-reunion-del-comite-cientifico-infarma-barcelona-2017-poner-marcha-la-29a-edicion\/\" target=\"_blank\" rel=\"noopener\">Acta Sanitaria<\/a>, <a href=\"http:\/\/www.diariofarma.com\/2016\/09\/15\/el-comite-cientifico-de-infarma-2017-se-reune-para-iniciar-su-andadura\" target=\"_blank\" rel=\"noopener\">Diariofarma<\/a> y Sanifax, informaron a mediados de septiembre, que se hab\u00eda llevado a cabo <b>la primera reuni\u00f3n del Comit\u00e9 Cient\u00edfico del congreso<\/b>.<\/p>\n<p>Esta nueva edici\u00f3n, la <b>29a<\/b>, tendr\u00e1 lugar los pr\u00f3ximos 21, 22 y 23 de marzo en el recinto de Gran V\u00eda de Fira de Barcelona.<\/p>\n<p><b><\/div><\/b><\/p>\n<p><b><div class=\"box shadow\"><a href=\"http:\/\/blog.cofb.cat\/els-farmaceutics-de-barcelona-participen-en-diferents-activitats-per-millorar-la-seva-qualitat-de-vida\/\" target=\"_blank\" rel=\"noopener\">Cursos y proyectos relacionados con la gente mayor, en su d\u00eda internacional<\/a><\/b><\/p>\n[caption id=&quot;attachment_25192&quot; align=&quot;alignright&quot; width=&quot;216&quot;]<a href=\"http:\/\/www.imfarmacias.es\/noticia\/10587\/el-cofb-impulsa-diferentes-cursos-y-servicios-paramejorar-la-calidad-devida-de-las-personas-mayores#.V-50E1O39Yg.twitter\" target=\"_blank\" rel=\"noopener\"><img loading=\"lazy\" decoding=\"async\" class=\"wp-image-25192\" alt=\"\" src=\"http:\/\/blog.cofb.cat\/wp-content\/uploads\/2016\/10\/4IM-300x231.jpg\" width=\"216\" height=\"167\" \/><\/a> IM Farmacias destaca las diferentes acciones que desde el Colegio se llevan a cabo en relaci\u00f3n con la gente mayor[\/caption]\n<p>Con motivo del D\u00eda Internacional de las Personas Mayores, el Colegio hizo balance de los diferentes cursos y servicios que mejoran la calidad de vida de este segmento de la sociedad. Los medios <a href=\"http:\/\/www.imfarmacias.es\/noticia\/10587\/el-cofb-impulsa-diferentes-cursos-y-servicios-paramejorar-la-calidad-devida-de-las-personas-mayores#.V-50E1O39Yg.twitter\" target=\"_blank\" rel=\"noopener\">IM Farmacias<\/a>, <a href=\"http:\/\/www.diariofarma.com\/2016\/10\/01\/los-farmaceuticos-barcelona-se-vuelcan-la-atencion-los-mayores\" target=\"_blank\" rel=\"noopener\">Diariofarma<\/a> y Sanifax se hicieron eco y compartieron acciones como el curso <a href=\"http:\/\/www.agorasanitaria.com\/web\/guest\/inscripcio-curs-seniors\" target=\"_blank\" rel=\"noopener\"><b>&quot;Seniors, \u00e1reas de inter\u00e9s de la farmacia&quot;<\/b><\/a> de \u00c1gora Sanitaria, el grupo que desde la Vocal\u00eda de Alimentaci\u00f3n y Nutrici\u00f3n del COFB cre\u00f3 c<b>entr\u00e1ndose en el envejecimiento activo y saludable<\/b>, o diferentes proyectos, como los <b><a href=\"http:\/\/www.farmaceuticonline.com\/ca\/farmacies\/serveis-addicionals\/662?showall=1\" target=\"_blank\" rel=\"noopener\">Sistemas Personalizados de Dosificaci\u00f3n<\/a> (SPD), el Programa de Educaci\u00f3n Sanitaria para las Personas Mayores <\/b>o\u00a0<b><a href=\"http:\/\/blog.cofb.cat\/161-farmaceutics-al-projecte-radars-per-reduir-el-risc-daillament-de-la-gent-gran\/\" target=\"_blank\" rel=\"noopener\">Radares<\/a>.<\/b><\/p>\n<p><b><b><\/div><\/b><\/b><\/p>\n<p><b><div class=\"box shadow\"><a href=\"http:\/\/blog.cofb.cat\/els-cofb-sadhereix-a-anefp-per-fomentar-el-millor-consell-en-medicaments-publicitaris-i-productes-dautocura\/\" target=\"_blank\" rel=\"noopener\">Los COFs de Barcelona y Madrid se adhieren a anefp<\/a><\/b><\/p>\n[caption id=&quot;attachment_25193&quot; align=&quot;alignleft&quot; width=&quot;192&quot;]<a href=\"http:\/\/prnoticias.com\/salud\/profesionales-sanitarios\/20156265-consejos-de-medicamentos-publicitarios-y-productos-de-autocuidado\" target=\"_blank\" rel=\"noopener\"><img loading=\"lazy\" decoding=\"async\" class=\"wp-image-25193\" alt=\"5PRnot\" src=\"http:\/\/blog.cofb.cat\/wp-content\/uploads\/2016\/10\/5PRnot-300x274.jpg\" width=\"192\" height=\"175\" \/><\/a> PR Noticias explica la uni\u00f3n de los colegios de Barcelona y Madrid[\/caption]\n<p>En septiembre se conoc\u00eda la noticia del<strong>adhesi\u00f3n<\/strong><b>\u00a0de los COFs de Barcelona y Madrid en la <a href=\"http:\/\/www.anefp.org\/\" target=\"_blank\" rel=\"noopener\">Asociaci\u00f3n para el Autociodado de la Salud<\/a> (anefp)<\/b>, con el objetivo de contribuir a <b>mejorar el apoyo que se puede dar a la farmacia comunitaria en la dispensaci\u00f3n de medicamentos y productos sanitarios destinados al autocuidado<\/b>. Como lo califica la mayor\u00eda de la prensa, se trata de un hecho hist\u00f3rico, puesto que es la <b>primera vez que un colegio de farmac\u00e9uticos se adhiere a esta asociaci\u00f3n.<\/b><\/p>\n<p>Informaron: <a href=\"http:\/\/prnoticias.com\/salud\/profesionales-sanitarios\/20156265-consejos-de-medicamentos-publicitarios-y-productos-de-autocuidado\" target=\"_blank\" rel=\"noopener\">PR Noticias<\/a>, El Global (<a href=\"http:\/\/www.elglobal.net\/farmacia\/los-cof-de-madrid-y-barcelona-se-incorporan-a-anefp-KJ496590\" target=\"_blank\" rel=\"noopener\">1<\/a> y <a href=\"http:\/\/www.elglobal.net\/farmacia\/los-cof-de-madrid-y-barcelona-se-incorporan-a-anefp-KJ496590\" target=\"_blank\" rel=\"noopener\">2<\/a>), <a href=\"http:\/\/www.correofarmaceutico.com\/2016\/10\/01\/al-dia\/entorno\/anefp-tiende-la-mano-a-los-cof-para-impulsar-el-autocuidado-en-farmacias\" target=\"_blank\" rel=\"noopener\">Correo Farmac\u00e9utico<\/a>, <a href=\"http:\/\/elfarmaceutico.es\/index.php\/noticias-actualidad-farmaceutica\/item\/7372-los-colegios-de-farmaceuticos-de-barcelona-y-madrid-se-adhieren-a-anefp#.V-jwp_mLRMw\" target=\"_blank\" rel=\"noopener\">El Farmac\u00e9utico<\/a>, <a href=\"http:\/\/www.redaccionmedica.com\/secciones\/farmacia\/los-colegios-de-farmaceuticos-de-barcelona-y-madrid-se-suman-a-anefp-7701\" target=\"_blank\" rel=\"noopener\">Redacci\u00f3n M\u00e9dica<\/a>, <a href=\"http:\/\/www.actasanitaria.com\/los-colegios-de-farmaceuticos-de-madrid-y-barcelona-se-adhieren-a-anefp\/?platform=hootsuite\" target=\"_blank\" rel=\"noopener\">Acta Sanitaria<\/a>, <a href=\"http:\/\/www.imfarmacias.es\/noticia\/10533\/cof-barcelona-y-cof-madrid-pasan-a-formar-parte-de-la-asociacion-para-el-autocuidado-de-la-salud_utm_source=news_2016-09-27&amp;utm_medium=2016-09-27&amp;utm_campaign=mailing&amp;email=0\" target=\"_blank\" rel=\"noopener\">IM Farmacias<\/a>, <a href=\"http:\/\/www.diariofarma.com\/2016\/09\/26\/los-cof-de-madrid-y-barcelona-se-integran-en-anefp?id=27803?\" target=\"_blank\" rel=\"noopener\">Diariofarma<\/a>, <a href=\"http:\/\/revistafarmanatur.com\/gestion-farmaceutica\/los-cof-barcelona-madrid-se-adhieren-anefp\/\" target=\"_blank\" rel=\"noopener\">Farmanaturo<\/a>, <a href=\"http:\/\/www.revistaacofar.com\/revista\/actualidad\/actualidades\/8481-los-cofs-de-barcelona-y-madrid-se-adhieren-a-anefp-para-fomentar-el-mejor-consejo-en-medicamentos-publicitarios-y-productos-de-autocuidado\" target=\"_blank\" rel=\"noopener\">Acostar<\/a>, <a href=\"http:\/\/consalud.es\/empresas\/empresas-con-salud\/hito-en-la-farmacia-los-cofs-de-barcelona-y-madrid-se-adhieren-a-anefp-30064\" target=\"_blank\" rel=\"noopener\">ConSalud<\/a>\u00a0y Sanifax.<b><\/div><\/b><\/p>\n<p><b><div class=\"box shadow\">Tribuna sobre mastitis y probi\u00f3ticos<\/b><\/p>\n[caption id=&quot;attachment_25198&quot; align=&quot;alignleft&quot; width=&quot;300&quot;]<a href=\"http:\/\/www.correofarmaceutico.com\/2016\/09\/05\/opinion-participacion\/tribunas\/atencion-farmaceutica-en-el-abordaje-de-la-mastitis\" target=\"_blank\" rel=\"noopener\"><img loading=\"lazy\" decoding=\"async\" class=\"size-medium wp-image-25198\" title=\"http:\/\/www.correofarmaceutico.com\/2016\/09\/05\/opinion-participacion\/tribunas\/atencion-farmaceutica-en-el-abordaje-de-la-mastitis\" alt=\"8CF\" src=\"http:\/\/blog.cofb.cat\/wp-content\/uploads\/2016\/10\/8CF-300x86.jpg\" width=\"300\" height=\"86\" \/><\/a> Titular del art\u00edculo de Guillermo Bagaria en el Correo Farmac\u00e9utico[\/caption]\n<p>Guillermo Bagaria, vocal de la Junta del Colegio, public\u00f3 un art\u00edculo en\u00a0<a href=\"http:\/\/www.correofarmaceutico.com\/2016\/09\/05\/opinion-participacion\/tribunas\/atencion-farmaceutica-en-el-abordaje-de-la-mastitis\" target=\"_blank\" rel=\"noopener\">Correo Farmac\u00e9utico<\/a> sobre la mastitis y la forma de tratarla en la farmacia. Bajo el t\u00edtulo <b>&quot;Atenci\u00f3n farmac\u00e9utico en el abordaje de la mastitis&quot;<\/b>, Bagaria procura <b>definir y describir qu\u00e9 es la mastitis y los problemas que pueden derivarse de esta patolog\u00eda<\/b> y, al mismo tiempo, <b>abarcar los tratamientos que se dan<\/b>, analiz\u00e1ndonos y ofreciendo otros recursos que tambi\u00e9n pueden ayudar a mejorar el abordaje terap\u00e9utico de esta enfermedad.<b><\/div><\/b><\/p>\n<p><b><b><div class=\"box shadow\">Entrevista a Jordi de Dalmases, presidente del COFB, en el Anuario de IM Farmacias<\/b><\/b><\/p>\n[caption id=&quot;attachment_25199&quot; align=&quot;alignright&quot; width=&quot;300&quot;]<a href=\"http:\/\/www.imfarmacias.es\/noticia\/10389\/la-situacion-de-las-farmacias-es-la-de-una-doble-resaca-por-la-crisis-y-por-las-dificultades-financieras-recientes-en-cataluna_utm_source=news_2016-09-12&amp;utm_medium=2016-09-12&amp;utm_campaign=mailing&amp;email=0\" target=\"_blank\" rel=\"noopener\"><img loading=\"lazy\" decoding=\"async\" class=\"size-medium wp-image-25199\" alt=\"L'entrevista d'IM Farmacias a Jordi de Dalmases, president del Col\u00b7legi\" src=\"http:\/\/blog.cofb.cat\/wp-content\/uploads\/2016\/10\/9IM-300x74.jpg\" width=\"300\" height=\"74\" \/><\/a> La entrevista de IM Farmacias a Jordi de Dalmases, presidente del Colegio[\/caption]\n<p><b>&quot;La situaci\u00f3n de las farmacias es la de una doble resaca, por la crisis y por las dificultades financieras recientes en Catalu\u00f1a&quot;<\/b>. De esta forma titula <a href=\"http:\/\/www.imfarmacias.es\/noticia\/10389\/la-situacion-de-las-farmacias-es-la-de-una-doble-resaca-por-la-crisis-y-por-las-dificultades-financieras-recientes-en-cataluna_utm_source=news_2016-09-12&amp;utm_medium=2016-09-12&amp;utm_campaign=mailing&amp;email=0\" target=\"_blank\" rel=\"noopener\">IM Farmacias<\/a> la entrevista a Jordi de Dalmases, presidente del Colegio, en el que se pone en contexto a los lectores y concreta que \u201c<b>a pesar de la situaci\u00f3n relativamente establecida de las farmacias catalanas<\/b>, lo han pasado tan mal que una de las <b>sus mayores preocupaciones sigue siendo el tema de los impagos<\/b>\u201d.<b><\/div><\/b><\/p>\n<p><b><div class=\"box shadow\">Entrevista a Ramon Bonet, vocal de Industria del Colegio, en &#039;Industria farmac\u00e9utica y cosm\u00e9tica&#039; (Interempresas)<\/b><\/p>\n[caption id=&quot;attachment_25200&quot; align=&quot;alignleft&quot; width=&quot;300&quot;]<a href=\"http:\/\/www.interempresas.net\/Farmacia\/Articulos\/161028-Entrevista-a-Ramon-Bonet-vocal-de-Industria-del-COFB.html\" target=\"_blank\" rel=\"noopener\"><img loading=\"lazy\" decoding=\"async\" class=\"size-medium wp-image-25200\" alt=\"10inter\" src=\"http:\/\/blog.cofb.cat\/wp-content\/uploads\/2016\/10\/10inter-300x77.jpg\" width=\"300\" height=\"77\" \/><\/a> Ramon Bonet, vocal de Industria del COFB, entrevistado en Interempresas[\/caption]\n<p>El grupo editorial Interempresas (<a href=\"http:\/\/www.interempresas.net\/Farmacia\/Articulos\/161028-Entrevista-a-Ramon-Bonet-vocal-de-Industria-del-COFB.html\" target=\"_blank\" rel=\"noopener\">1<\/a> y <a href=\"http:\/\/www.interempresas.net\/Farmacia\/Articulos\/161124-Biofarmacologia-convergencia-de-la-excelencia.html\" target=\"_blank\" rel=\"noopener\">2<\/a>) public\u00f3, el mes pasado, dos piezas sobre industria farmac\u00e9utica,<b> una entrevista en el vocal de Industria del COFB, Ramon Bonet<\/b>, y una noticia sobre <b>biofarmacolog\u00eda, la biotecnolog\u00eda en la farmacia<\/b>, tambi\u00e9n con declaraciones de Bonet. La entrevista aborda el sector desde los \u00e1mbitos de <b>la<\/b> <b>investigaci\u00f3n, el mercado y la sociedad<\/b>. Por otra parte, la segunda publicaci\u00f3n rige bajo el t\u00edtulo <b>\u201cBiofarmacolog\u00eda: convergencia de la excelencia\u201d<\/b> y pretende aportar un conjunto de informaci\u00f3n sobre el universo biotecnol\u00f3gico que puede dotar de herramientas que faciliten el d\u00eda a d\u00eda en la oficina de farmacia.<b><b><\/div><\/b><\/b><\/p>\n<p><strong><b><div class=\"box shadow\"><\/b>El Colegio como fuente de referencia<\/strong><\/p>\n[caption id=&quot;attachment_25201&quot; align=&quot;alignright&quot; width=&quot;300&quot;]<a href=\"http:\/\/www.correofarmaceutico.com\/2016\/09\/10\/gestion\/bolsas-de-trabajo-de-los-cof-opcion-preferente-en-la-busqueda-de-empleo\" target=\"_blank\" rel=\"noopener\"><img loading=\"lazy\" decoding=\"async\" class=\"size-medium wp-image-25201\" alt=\"Correo Farmac\u00e9utico va recollir declaracions de M\u00f2nica Gallach, responsable de l'\u00e0rea de Formaci\u00f3 del Departament de Formaci\u00f3 i Desenvolupament del COFB, en la not\u00edcia sobre formaci\u00f3 als COFs\" src=\"http:\/\/blog.cofb.cat\/wp-content\/uploads\/2016\/10\/11CF-300x72.jpg\" width=\"300\" height=\"72\" \/><\/a> Correo Farmac\u00e9utico recogi\u00f3 declaraciones de M\u00f2nica Gallach, responsable del \u00e1rea de Formaci\u00f3n del Departamento de Formaci\u00f3n y Desarrollo del COFB, en la noticia sobre formaci\u00f3n a los COFs[\/caption]\n<p>El COFB sigue siendo una fuente de referencia por los medios. <a href=\"http:\/\/www.correofarmaceutico.com\/2016\/09\/10\/gestion\/bolsas-de-trabajo-de-los-cof-opcion-preferente-en-la-busqueda-de-empleo\" target=\"_blank\" rel=\"noopener\">Correo Farmac\u00e9utico<\/a> y <a href=\"http:\/\/www.lavanguardia.com\/vivo\/salud\/20160915\/41304113478\/botiquin-perfecto-casa.html\" target=\"_blank\" rel=\"noopener\">La Vanguardia<\/a> publicaron dos noticias con declaraciones de miembros del Colegio. En el caso de la primera, el medio de prensa especializada public\u00f3 un art\u00edculo sobre las bolsas de trabajo de los COFs con declaraciones de M\u00f2nica Gallach, responsable del \u00e1rea de Formaci\u00f3n del Departamento de Formaci\u00f3n y Desarrollo del COFB.<\/p>\n[caption id=&quot;attachment_25202&quot; align=&quot;alignleft&quot; width=&quot;300&quot;]<a href=\"http:\/\/www.lavanguardia.com\/vivo\/salud\/20160915\/41304113478\/botiquin-perfecto-casa.html\" target=\"_blank\" rel=\"noopener\"><img loading=\"lazy\" decoding=\"async\" class=\"size-medium wp-image-25202\" alt=\"11LV\" src=\"http:\/\/blog.cofb.cat\/wp-content\/uploads\/2016\/10\/11LV-300x42.jpg\" width=\"300\" height=\"42\" \/><\/a> El botiqu\u00edn de casa, noticia en La Vanguardia[\/caption]\n<p>Por \u00faltimo, Carme Capdevila, del departamento de Deontolog\u00eda del COFB, Maria Estrada, del departamento de Formaci\u00f3n y Desarrollo del COFB, y Mireia Massot, <strong>c<\/strong><b>oncretan algunos detalles que deben tenerse en cuenta para tener bien preparado el botiqu\u00edn de casa<\/b> en la publicaci\u00f3n de La Vanguardia dirigida a este tema.\u00a0<b><\/div><\/b><\/p>","protected":false},"excerpt":{"rendered":"","protected":false},"author":1,"featured_media":25226,"comment_status":"open","ping_status":"open","sticky":false,"template":"","format":"standard","meta":{"_uag_custom_page_level_css":"","site-sidebar-layout":"default","site-content-layout":"","ast-site-content-layout":"default","site-content-style":"default","site-sidebar-style":"default","ast-global-header-display":"","ast-banner-title-visibility":"","ast-main-header-display":"","ast-hfb-above-header-display":"","ast-hfb-below-header-display":"","ast-hfb-mobile-header-display":"","site-post-title":"","ast-breadcrumbs-content":"","ast-featured-img":"disabled","footer-sml-layout":"","theme-transparent-header-meta":"","adv-header-id-meta":"","stick-header-meta":"","header-above-stick-meta":"","header-main-stick-meta":"","header-below-stick-meta":"","astra-migrate-meta-layouts":"default","ast-page-background-enabled":"default","ast-page-background-meta":{"desktop":{"background-color":"var(--ast-global-color-4)","background-image":"","background-repeat":"repeat","background-position":"center center","background-size":"auto","background-attachment":"scroll","background-type":"","background-media":"","overlay-type":"","overlay-color":"","overlay-opacity":"","overlay-gradient":""},"tablet":{"background-color":"","background-image":"","background-repeat":"repeat","background-position":"center center","background-size":"auto","background-attachment":"scroll","background-type":"","background-media":"","overlay-type":"","overlay-color":"","overlay-opacity":"","overlay-gradient":""},"mobile":{"background-color":"","background-image":"","background-repeat":"repeat","background-position":"center center","background-size":"auto","background-attachment":"scroll","background-type":"","background-media":"","overlay-type":"","overlay-color":"","overlay-opacity":"","overlay-gradient":""}},"ast-content-background-meta":{"desktop":{"background-color":"var(--ast-global-color-5)","background-image":"","background-repeat":"repeat","background-position":"center center","background-size":"auto","background-attachment":"scroll","background-type":"","background-media":"","overlay-type":"","overlay-color":"","overlay-opacity":"","overlay-gradient":""},"tablet":{"background-color":"var(--ast-global-color-5)","background-image":"","background-repeat":"repeat","background-position":"center center","background-size":"auto","background-attachment":"scroll","background-type":"","background-media":"","overlay-type":"","overlay-color":"","overlay-opacity":"","overlay-gradient":""},"mobile":{"background-color":"var(--ast-global-color-5)","background-image":"","background-repeat":"repeat","background-position":"center center","background-size":"auto","background-attachment":"scroll","background-type":"","background-media":"","overlay-type":"","overlay-color":"","overlay-opacity":"","overlay-gradient":""}},"footnotes":""},"categories":[23,32],"tags":[985,157,2519,2176,2520,2521,2522,2523,70,2524,2525,2133,2412,2491,2266,459,2502,2386,2258,118,2526,232],"class_list":["post-25177","post","type-post","status-publish","format-standard","has-post-thumbnail","hentry","category-destacats","category-noticies-farmacia","tag-anefp","tag-banc-farmaceutic","tag-biofarmacologia","tag-cartera-de-serveis","tag-cobrament-interessos","tag-comissio-compromis-social","tag-dia-internacional-gent-gran","tag-dia-mundial-farmaceutic","tag-formacio","tag-framaciola","tag-iese","tag-impagaments","tag-industria-farmaceutica","tag-infarma-barcelona-2017","tag-mastitis","tag-mitjans","tag-programa-deducacio-sanitaria-a-la-gent-gran","tag-programa-de-deteccio-precoc-del-cancer-de-colon","tag-radars","tag-serveis-professionals","tag-sistemes-personalitzats-de-dosificacio","tag-vih"],"yoast_head":"<!-- This site is optimized with the Yoast SEO plugin v22.4 - https:\/\/yoast.com\/wordpress\/plugins\/seo\/ -->\n<title>Qu\u00e8 han destacat els mitjans de comunicaci\u00f3 al setembre?<\/title>\n<meta name=\"description\" content=\"Qu\u00e8 han destacat els mitjans de comunicaci\u00f3 al setembre? Situaci\u00f3 econ\u00f2mica, Dia Mundial del Farmac\u00e8utic i Infarma Bacerlona 2017, entre d&#039;altres\" \/>\n<meta name=\"robots\" content=\"index, follow, max-snippet:-1, max-image-preview:large, max-video-preview:-1\" \/>\n<link rel=\"canonical\" href=\"https:\/\/novaorg.cofb.net\/2016\/10\/28\/que-han-destacat-els-mitjans-de-comunicacio-al-setembre\/\" \/>\n<meta property=\"og:locale\" content=\"es_ES\" \/>\n<meta property=\"og:type\" content=\"article\" \/>\n<meta property=\"og:title\" content=\"Qu\u00e8 han destacat els mitjans de comunicaci\u00f3 al setembre?\" \/>\n<meta property=\"og:description\" content=\"Qu\u00e8 han destacat els mitjans de comunicaci\u00f3 al setembre? Situaci\u00f3 econ\u00f2mica, Dia Mundial del Farmac\u00e8utic i Infarma Bacerlona 2017, entre d&#039;altres\" \/>\n<meta property=\"og:url\" content=\"https:\/\/novaorg.cofb.net\/2016\/10\/28\/que-han-destacat-els-mitjans-de-comunicacio-al-setembre\/\" \/>\n<meta property=\"og:site_name\" content=\"Col\u00b7legi de Farmac\u00e8utics de Barcelona\" \/>\n<meta property=\"article:publisher\" content=\"https:\/\/www.facebook.com\/farmaceuticsbcn\/\" \/>\n<meta property=\"article:published_time\" content=\"2016-10-28T10:24:07+00:00\" \/>\n<meta name=\"author\" content=\"wpAdminCofbOrg\" \/>\n<meta name=\"twitter:card\" content=\"summary_large_image\" \/>\n<meta name=\"twitter:creator\" content=\"@farmaceuticsbcn\" \/>\n<meta name=\"twitter:site\" content=\"@farmaceuticsbcn\" \/>\n<meta name=\"twitter:label1\" content=\"Escrito por\" \/>\n\t<meta name=\"twitter:data1\" content=\"wpAdminCofbOrg\" \/>\n\t<meta name=\"twitter:label2\" content=\"Tiempo de lectura\" \/>\n\t<meta name=\"twitter:data2\" content=\"9 minutos\" \/>\n<script type=\"application\/ld+json\" class=\"yoast-schema-graph\">{\"@context\":\"https:\/\/schema.org\",\"@graph\":[{\"@type\":\"Article\",\"@id\":\"https:\/\/novaorg.cofb.net\/2016\/10\/28\/que-han-destacat-els-mitjans-de-comunicacio-al-setembre\/#article\",\"isPartOf\":{\"@id\":\"https:\/\/novaorg.cofb.net\/2016\/10\/28\/que-han-destacat-els-mitjans-de-comunicacio-al-setembre\/\"},\"author\":{\"name\":\"wpAdminCofbOrg\",\"@id\":\"https:\/\/www.cofb.org\/#\/schema\/person\/22ed7eea88da74b0fa4d3154ad87ffcb\"},\"headline\":\"Qu\u00e8 han destacat els mitjans de comunicaci\u00f3 al setembre?\",\"datePublished\":\"2016-10-28T10:24:07+00:00\",\"dateModified\":\"2016-10-28T10:24:07+00:00\",\"mainEntityOfPage\":{\"@id\":\"https:\/\/novaorg.cofb.net\/2016\/10\/28\/que-han-destacat-els-mitjans-de-comunicacio-al-setembre\/\"},\"wordCount\":1770,\"commentCount\":0,\"publisher\":{\"@id\":\"https:\/\/www.cofb.org\/#organization\"},\"image\":{\"@id\":\"https:\/\/novaorg.cofb.net\/2016\/10\/28\/que-han-destacat-els-mitjans-de-comunicacio-al-setembre\/#primaryimage\"},\"thumbnailUrl\":\"\",\"keywords\":[\"anefp\",\"Banc Farmac\u00e8utic\",\"biofarmacologia\",\"cartera de serveis\",\"cobrament interessos\",\"Comissi\u00f3 Comprom\u00eds Social\",\"Dia Internacional Gent Gran\",\"Dia Mundial Farmac\u00e8utic\",\"Formaci\u00f3\",\"framaciola\",\"IESE\",\"Impagaments\",\"ind\u00fastria farmac\u00e8utica\",\"Infarma Barcelona 2017\",\"mastitis\",\"Mitjans\",\"Programa d\u2019Educaci\u00f3 Sanit\u00e0ria a la Gent Gran\",\"Programa de Detecci\u00f3 Preco\u00e7 del C\u00e0ncer de Colon\",\"Radars\",\"Serveis professionals\",\"Sistemes Personalitzats de Dosificaci\u00f3\",\"VIH\"],\"articleSection\":[\"Destacats\",\"Not\u00edcies farm\u00e0cia\"],\"inLanguage\":\"es\",\"potentialAction\":[{\"@type\":\"CommentAction\",\"name\":\"Comment\",\"target\":[\"https:\/\/novaorg.cofb.net\/2016\/10\/28\/que-han-destacat-els-mitjans-de-comunicacio-al-setembre\/#respond\"]}]},{\"@type\":\"WebPage\",\"@id\":\"https:\/\/novaorg.cofb.net\/2016\/10\/28\/que-han-destacat-els-mitjans-de-comunicacio-al-setembre\/\",\"url\":\"https:\/\/novaorg.cofb.net\/2016\/10\/28\/que-han-destacat-els-mitjans-de-comunicacio-al-setembre\/\",\"name\":\"Qu\u00e8 han destacat els mitjans de comunicaci\u00f3 al setembre?\",\"isPartOf\":{\"@id\":\"https:\/\/www.cofb.org\/#website\"},\"primaryImageOfPage\":{\"@id\":\"https:\/\/novaorg.cofb.net\/2016\/10\/28\/que-han-destacat-els-mitjans-de-comunicacio-al-setembre\/#primaryimage\"},\"image\":{\"@id\":\"https:\/\/novaorg.cofb.net\/2016\/10\/28\/que-han-destacat-els-mitjans-de-comunicacio-al-setembre\/#primaryimage\"},\"thumbnailUrl\":\"\",\"datePublished\":\"2016-10-28T10:24:07+00:00\",\"dateModified\":\"2016-10-28T10:24:07+00:00\",\"description\":\"Qu\u00e8 han destacat els mitjans de comunicaci\u00f3 al setembre? Situaci\u00f3 econ\u00f2mica, Dia Mundial del Farmac\u00e8utic i Infarma Bacerlona 2017, entre d'altres\",\"breadcrumb\":{\"@id\":\"https:\/\/novaorg.cofb.net\/2016\/10\/28\/que-han-destacat-els-mitjans-de-comunicacio-al-setembre\/#breadcrumb\"},\"inLanguage\":\"es\",\"potentialAction\":[{\"@type\":\"ReadAction\",\"target\":[\"https:\/\/novaorg.cofb.net\/2016\/10\/28\/que-han-destacat-els-mitjans-de-comunicacio-al-setembre\/\"]}]},{\"@type\":\"ImageObject\",\"inLanguage\":\"es\",\"@id\":\"https:\/\/novaorg.cofb.net\/2016\/10\/28\/que-han-destacat-els-mitjans-de-comunicacio-al-setembre\/#primaryimage\",\"url\":\"\",\"contentUrl\":\"\"},{\"@type\":\"BreadcrumbList\",\"@id\":\"https:\/\/novaorg.cofb.net\/2016\/10\/28\/que-han-destacat-els-mitjans-de-comunicacio-al-setembre\/#breadcrumb\",\"itemListElement\":[{\"@type\":\"ListItem\",\"position\":1,\"name\":\"Inici\",\"item\":\"https:\/\/novaorg.cofb.net\/\"},{\"@type\":\"ListItem\",\"position\":2,\"name\":\"Qu\u00e8 han destacat els mitjans de comunicaci\u00f3 al setembre?\"}]},{\"@type\":\"WebSite\",\"@id\":\"https:\/\/www.cofb.org\/#website\",\"url\":\"https:\/\/www.cofb.org\/\",\"name\":\"Col\u00b7legi de Farmac\u00e8utics de Barcelona\",\"description\":\"\",\"publisher\":{\"@id\":\"https:\/\/www.cofb.org\/#organization\"},\"potentialAction\":[{\"@type\":\"SearchAction\",\"target\":{\"@type\":\"EntryPoint\",\"urlTemplate\":\"https:\/\/www.cofb.org\/?s={search_term_string}\"},\"query-input\":\"required name=search_term_string\"}],\"inLanguage\":\"es\"},{\"@type\":\"Organization\",\"@id\":\"https:\/\/www.cofb.org\/#organization\",\"name\":\"Col\u00b7legi de Farmac\u00e8utics de Barcelona\",\"url\":\"https:\/\/www.cofb.org\/\",\"logo\":{\"@type\":\"ImageObject\",\"inLanguage\":\"es\",\"@id\":\"https:\/\/www.cofb.org\/#\/schema\/logo\/image\/\",\"url\":\"https:\/\/www.cofb.org\/wp-content\/uploads\/2023\/11\/cropped-Logotip-COFB.png\",\"contentUrl\":\"https:\/\/www.cofb.org\/wp-content\/uploads\/2023\/11\/cropped-Logotip-COFB.png\",\"width\":500,\"height\":105,\"caption\":\"Col\u00b7legi de Farmac\u00e8utics de Barcelona\"},\"image\":{\"@id\":\"https:\/\/www.cofb.org\/#\/schema\/logo\/image\/\"},\"sameAs\":[\"https:\/\/www.facebook.com\/farmaceuticsbcn\/\",\"https:\/\/twitter.com\/farmaceuticsbcn\",\"https:\/\/www.instagram.com\/farmaceuticsbcn\/\",\"https:\/\/www.linkedin.com\/company\/farmaceuticsbcn\/\"]},{\"@type\":\"Person\",\"@id\":\"https:\/\/www.cofb.org\/#\/schema\/person\/22ed7eea88da74b0fa4d3154ad87ffcb\",\"name\":\"wpAdminCofbOrg\",\"image\":{\"@type\":\"ImageObject\",\"inLanguage\":\"es\",\"@id\":\"https:\/\/www.cofb.org\/#\/schema\/person\/image\/\",\"url\":\"https:\/\/secure.gravatar.com\/avatar\/1721b20b3b8ca882c3b56ec6c978c594fff670e40c0718e9190eaeeb76aae7d8?s=96&d=mm&r=g\",\"contentUrl\":\"https:\/\/secure.gravatar.com\/avatar\/1721b20b3b8ca882c3b56ec6c978c594fff670e40c0718e9190eaeeb76aae7d8?s=96&d=mm&r=g\",\"caption\":\"wpAdminCofbOrg\"},\"sameAs\":[\"http:\/\/192.168.64.122\/wordpress\"],\"url\":\"https:\/\/www.cofb.org\/es\/author\/wpadmincofborg\/\"}]}<\/script>\n<!-- \/ Yoast SEO plugin. -->","yoast_head_json":{"title":"Qu\u00e8 han destacat els mitjans de comunicaci\u00f3 al setembre?","description":"Qu\u00e8 han destacat els mitjans de comunicaci\u00f3 al setembre? Situaci\u00f3 econ\u00f2mica, Dia Mundial del Farmac\u00e8utic i Infarma Bacerlona 2017, entre d'altres","robots":{"index":"index","follow":"follow","max-snippet":"max-snippet:-1","max-image-preview":"max-image-preview:large","max-video-preview":"max-video-preview:-1"},"canonical":"https:\/\/novaorg.cofb.net\/2016\/10\/28\/que-han-destacat-els-mitjans-de-comunicacio-al-setembre\/","og_locale":"es_ES","og_type":"article","og_title":"Qu\u00e8 han destacat els mitjans de comunicaci\u00f3 al setembre?","og_description":"Qu\u00e8 han destacat els mitjans de comunicaci\u00f3 al setembre? Situaci\u00f3 econ\u00f2mica, Dia Mundial del Farmac\u00e8utic i Infarma Bacerlona 2017, entre d'altres","og_url":"https:\/\/novaorg.cofb.net\/2016\/10\/28\/que-han-destacat-els-mitjans-de-comunicacio-al-setembre\/","og_site_name":"Col\u00b7legi de Farmac\u00e8utics de Barcelona","article_publisher":"https:\/\/www.facebook.com\/farmaceuticsbcn\/","article_published_time":"2016-10-28T10:24:07+00:00","author":"wpAdminCofbOrg","twitter_card":"summary_large_image","twitter_creator":"@farmaceuticsbcn","twitter_site":"@farmaceuticsbcn","twitter_misc":{"Escrito por":"wpAdminCofbOrg","Tiempo de lectura":"9 minutos"},"schema":{"@context":"https:\/\/schema.org","@graph":[{"@type":"Article","@id":"https:\/\/novaorg.cofb.net\/2016\/10\/28\/que-han-destacat-els-mitjans-de-comunicacio-al-setembre\/#article","isPartOf":{"@id":"https:\/\/novaorg.cofb.net\/2016\/10\/28\/que-han-destacat-els-mitjans-de-comunicacio-al-setembre\/"},"author":{"name":"wpAdminCofbOrg","@id":"https:\/\/www.cofb.org\/#\/schema\/person\/22ed7eea88da74b0fa4d3154ad87ffcb"},"headline":"Qu\u00e8 han destacat els mitjans de comunicaci\u00f3 al setembre?","datePublished":"2016-10-28T10:24:07+00:00","dateModified":"2016-10-28T10:24:07+00:00","mainEntityOfPage":{"@id":"https:\/\/novaorg.cofb.net\/2016\/10\/28\/que-han-destacat-els-mitjans-de-comunicacio-al-setembre\/"},"wordCount":1770,"commentCount":0,"publisher":{"@id":"https:\/\/www.cofb.org\/#organization"},"image":{"@id":"https:\/\/novaorg.cofb.net\/2016\/10\/28\/que-han-destacat-els-mitjans-de-comunicacio-al-setembre\/#primaryimage"},"thumbnailUrl":"","keywords":["anefp","Banc Farmac\u00e8utic","biofarmacologia","cartera de serveis","cobrament interessos","Comissi\u00f3 Comprom\u00eds Social","Dia Internacional Gent Gran","Dia Mundial Farmac\u00e8utic","Formaci\u00f3","framaciola","IESE","Impagaments","ind\u00fastria farmac\u00e8utica","Infarma Barcelona 2017","mastitis","Mitjans","Programa d\u2019Educaci\u00f3 Sanit\u00e0ria a la Gent Gran","Programa de Detecci\u00f3 Preco\u00e7 del C\u00e0ncer de Colon","Radars","Serveis professionals","Sistemes Personalitzats de Dosificaci\u00f3","VIH"],"articleSection":["Destacats","Not\u00edcies farm\u00e0cia"],"inLanguage":"es","potentialAction":[{"@type":"CommentAction","name":"Comment","target":["https:\/\/novaorg.cofb.net\/2016\/10\/28\/que-han-destacat-els-mitjans-de-comunicacio-al-setembre\/#respond"]}]},{"@type":"WebPage","@id":"https:\/\/novaorg.cofb.net\/2016\/10\/28\/que-han-destacat-els-mitjans-de-comunicacio-al-setembre\/","url":"https:\/\/novaorg.cofb.net\/2016\/10\/28\/que-han-destacat-els-mitjans-de-comunicacio-al-setembre\/","name":"Qu\u00e8 han destacat els mitjans de comunicaci\u00f3 al setembre?","isPartOf":{"@id":"https:\/\/www.cofb.org\/#website"},"primaryImageOfPage":{"@id":"https:\/\/novaorg.cofb.net\/2016\/10\/28\/que-han-destacat-els-mitjans-de-comunicacio-al-setembre\/#primaryimage"},"image":{"@id":"https:\/\/novaorg.cofb.net\/2016\/10\/28\/que-han-destacat-els-mitjans-de-comunicacio-al-setembre\/#primaryimage"},"thumbnailUrl":"","datePublished":"2016-10-28T10:24:07+00:00","dateModified":"2016-10-28T10:24:07+00:00","description":"Qu\u00e8 han destacat els mitjans de comunicaci\u00f3 al setembre? Situaci\u00f3 econ\u00f2mica, Dia Mundial del Farmac\u00e8utic i Infarma Bacerlona 2017, entre d'altres","breadcrumb":{"@id":"https:\/\/novaorg.cofb.net\/2016\/10\/28\/que-han-destacat-els-mitjans-de-comunicacio-al-setembre\/#breadcrumb"},"inLanguage":"es","potentialAction":[{"@type":"ReadAction","target":["https:\/\/novaorg.cofb.net\/2016\/10\/28\/que-han-destacat-els-mitjans-de-comunicacio-al-setembre\/"]}]},{"@type":"ImageObject","inLanguage":"es","@id":"https:\/\/novaorg.cofb.net\/2016\/10\/28\/que-han-destacat-els-mitjans-de-comunicacio-al-setembre\/#primaryimage","url":"","contentUrl":""},{"@type":"BreadcrumbList","@id":"https:\/\/novaorg.cofb.net\/2016\/10\/28\/que-han-destacat-els-mitjans-de-comunicacio-al-setembre\/#breadcrumb","itemListElement":[{"@type":"ListItem","position":1,"name":"Inici","item":"https:\/\/novaorg.cofb.net\/"},{"@type":"ListItem","position":2,"name":"Qu\u00e8 han destacat els mitjans de comunicaci\u00f3 al setembre?"}]},{"@type":"WebSite","@id":"https:\/\/www.cofb.org\/#website","url":"https:\/\/www.cofb.org\/","name":"Col\u00b7legi de Farmac\u00e8utics de Barcelona","description":"","publisher":{"@id":"https:\/\/www.cofb.org\/#organization"},"potentialAction":[{"@type":"SearchAction","target":{"@type":"EntryPoint","urlTemplate":"https:\/\/www.cofb.org\/?s={search_term_string}"},"query-input":"required name=search_term_string"}],"inLanguage":"es"},{"@type":"Organization","@id":"https:\/\/www.cofb.org\/#organization","name":"Col\u00b7legi de Farmac\u00e8utics de Barcelona","url":"https:\/\/www.cofb.org\/","logo":{"@type":"ImageObject","inLanguage":"es","@id":"https:\/\/www.cofb.org\/#\/schema\/logo\/image\/","url":"https:\/\/www.cofb.org\/wp-content\/uploads\/2023\/11\/cropped-Logotip-COFB.png","contentUrl":"https:\/\/www.cofb.org\/wp-content\/uploads\/2023\/11\/cropped-Logotip-COFB.png","width":500,"height":105,"caption":"Col\u00b7legi de Farmac\u00e8utics de Barcelona"},"image":{"@id":"https:\/\/www.cofb.org\/#\/schema\/logo\/image\/"},"sameAs":["https:\/\/www.facebook.com\/farmaceuticsbcn\/","https:\/\/twitter.com\/farmaceuticsbcn","https:\/\/www.instagram.com\/farmaceuticsbcn\/","https:\/\/www.linkedin.com\/company\/farmaceuticsbcn\/"]},{"@type":"Person","@id":"https:\/\/www.cofb.org\/#\/schema\/person\/22ed7eea88da74b0fa4d3154ad87ffcb","name":"wpAdminCofbOrg","image":{"@type":"ImageObject","inLanguage":"es","@id":"https:\/\/www.cofb.org\/#\/schema\/person\/image\/","url":"https:\/\/secure.gravatar.com\/avatar\/1721b20b3b8ca882c3b56ec6c978c594fff670e40c0718e9190eaeeb76aae7d8?s=96&d=mm&r=g","contentUrl":"https:\/\/secure.gravatar.com\/avatar\/1721b20b3b8ca882c3b56ec6c978c594fff670e40c0718e9190eaeeb76aae7d8?s=96&d=mm&r=g","caption":"wpAdminCofbOrg"},"sameAs":["http:\/\/192.168.64.122\/wordpress"],"url":"https:\/\/www.cofb.org\/es\/author\/wpadmincofborg\/"}]}},"uagb_featured_image_src":{"full":false,"thumbnail":false,"medium":false,"medium_large":false,"large":false,"1536x1536":false,"2048x2048":false,"trp-custom-language-flag":false},"uagb_author_info":{"display_name":"wpAdminCofbOrg","author_link":"https:\/\/www.cofb.org\/es\/author\/wpadmincofborg\/"},"uagb_comment_info":0,"uagb_excerpt":null,"_links":{"self":[{"href":"https:\/\/www.cofb.org\/es\/wp-json\/wp\/v2\/posts\/25177","targetHints":{"allow":["GET"]}}],"collection":[{"href":"https:\/\/www.cofb.org\/es\/wp-json\/wp\/v2\/posts"}],"about":[{"href":"https:\/\/www.cofb.org\/es\/wp-json\/wp\/v2\/types\/post"}],"author":[{"embeddable":true,"href":"https:\/\/www.cofb.org\/es\/wp-json\/wp\/v2\/users\/1"}],"replies":[{"embeddable":true,"href":"https:\/\/www.cofb.org\/es\/wp-json\/wp\/v2\/comments?post=25177"}],"version-history":[{"count":0,"href":"https:\/\/www.cofb.org\/es\/wp-json\/wp\/v2\/posts\/25177\/revisions"}],"wp:featuredmedia":[{"embeddable":true,"href":"https:\/\/www.cofb.org\/es\/wp-json\/"}],"wp:attachment":[{"href":"https:\/\/www.cofb.org\/es\/wp-json\/wp\/v2\/media?parent=25177"}],"wp:term":[{"taxonomy":"category","embeddable":true,"href":"https:\/\/www.cofb.org\/es\/wp-json\/wp\/v2\/categories?post=25177"},{"taxonomy":"post_tag","embeddable":true,"href":"https:\/\/www.cofb.org\/es\/wp-json\/wp\/v2\/tags?post=25177"}],"curies":[{"name":"wp","href":"https:\/\/api.w.org\/{rel}","templated":true}]}}