{"id":24959,"date":"2016-10-14T09:12:57","date_gmt":"2016-10-14T08:12:57","guid":{"rendered":"http:\/\/blog.cofb.cat\/?p=24959"},"modified":"2016-10-14T09:12:57","modified_gmt":"2016-10-14T08:12:57","slug":"dia-mundial-de-lalimentacio-16-doctubre","status":"publish","type":"post","link":"https:\/\/www.cofb.org\/es\/2016\/10\/14\/dia-mundial-de-lalimentacio-16-doctubre\/","title":{"rendered":"D\u00eda Mundial de la Alimentaci\u00f3n, 16 de octubre"},"content":{"rendered":"<p><a href=\"http:\/\/blog.cofb.cat\/wp-content\/uploads\/2016\/10\/Dia-mundial-alimentacio-2016-FAO.jpg\"><img fetchpriority=\"high\" decoding=\"async\" class=\"wp-image-24961 alignleft\" alt=\"Dia-mundial-alimentacio-2016-FAO\" src=\"http:\/\/blog.cofb.cat\/wp-content\/uploads\/2016\/10\/Dia-mundial-alimentacio-2016-FAO.jpg\" width=\"249\" height=\"494\" \/><\/a>Las personas m\u00e1s pobres del mundo -muchas de ellas agricultores, pescadores y pastores- son las m\u00e1s afectadas por el cambio clim\u00e1tico. Si fortalecemos la resiliencia de los peque\u00f1os campesinos, podemos garantizar la seguridad alimentaria para la creciente poblaci\u00f3n del planeta y al mismo tiempo reducir las emisiones de gases de efecto invernadero. Es el mensaje que transmite <b>la Organizaci\u00f3n de las Naciones Unidas para la Alimentaci\u00f3n y la Agricultura (FAO)<\/b>, impulsora del <a href=\"http:\/\/www.fao.org\/world-food-day\/2016\/home\/es\/\" target=\"_blank\" rel=\"noopener\"><b>D\u00eda Mundial de la Alimentaci\u00f3n <\/b><\/a>que anualmente tiene lugar el 16 de octubre. Este a\u00f1o, con su mensaje global es \u201cEl clima est\u00e1 cambiando. La alimentaci\u00f3n y la agricultura tambi\u00e9n\u201d, la FAO hace un llamamiento a los pa\u00edses para abordar la alimentaci\u00f3n y la agricultura en sus planes de acci\u00f3n clim\u00e1tica e invertir m\u00e1s en desarrollo rural.<\/p>\n<p><b>\u00bfPodemos ayudar?<\/b> <b>\u00bfQu\u00e9 podemos hacer para luchar contra el cambio clim\u00e1tico y el apetito?<\/b> Modificando nuestros h\u00e1bitos cotidianos y tomando decisiones sencillas todos podemos mejorar la situaci\u00f3n: conservando los valiosos recursos naturales del planeta, derrochando menos, generando menos basura o siendo un consumidor consciente, son algunas de las <a href=\"http:\/\/www.fao.org\/world-food-day\/2016\/climate-actions\/es\/\" target=\"_blank\" rel=\"noopener\">iniciativas que promueve la FAO<\/a>.<\/p>\n<p><strong style=\"color: #888888;\">El objetivo mundial de conseguir la Gana Zero se ha fijado para 2030: un objetivo ambicioso y que no puede lograrse sin hacer frente al cambio clim\u00e1tico.<\/strong><\/p>\n<div class=\"box shadow\"><b>A\u00f1o 2016, A\u00f1o Internacional de las Legumbres<\/b><\/p>\n<p>[caption id=&quot;attachment_24960&quot; align=&quot;alignright&quot; width=&quot;245&quot;]<a href=\"http:\/\/blog.cofb.cat\/wp-content\/uploads\/2016\/10\/beneficis-llegums-salut-FAO-infografia.jpg\"><img decoding=\"async\" class=\"wp-image-24960\" alt=\"beneficis-llegums-salut-FAO-infografia\" src=\"http:\/\/blog.cofb.cat\/wp-content\/uploads\/2016\/10\/beneficis-llegums-salut-FAO-infografia-724x1024.jpg\" width=\"245\" height=\"348\" \/><\/a> Infograf\u00eda de los beneficios de las legumbres para la salud (v\u00eda FAO). Haga clic en la imagen para hacerla m\u00e1s grande y facilitar la lectura[\/caption]<\/p>\n<p>Este A\u00f1o Internacional se propone <b>sensibilizar a la opini\u00f3n p\u00fablica sobre las ventajas nutricionales de las legumbres como parte de una producci\u00f3n de alimentos sostenible encaminada a conseguir la seguridad alimentaria y la nutrici\u00f3n<\/b>. El A\u00f1o brinda una oportunidad \u00fanica de fomentar conexiones a lo largo de toda la cadena alimentaria para aprovechar mejor las prote\u00ednas derivadas de las legumbres, incrementar la producci\u00f3n mundial de legumbres, utilizar de forma m\u00e1s apropiada la rotaci\u00f3n de cultivos y hacer frente a los retos que existen en el comercio de legumbres.<\/p>\n<p>La dieta es un factor importante para la salud y la enfermedad. La mayor\u00eda de los pa\u00edses se enfrentan a problemas de nutrici\u00f3n, de la desnutrici\u00f3n y deficiencias de micronutrientes a la obesidad y las enfermedades relacionadas con la dieta (como la diabetes tipo II y determinados tipos de c\u00e1ncer), o una mezcla de ellos . <strong>Las legumbres son un alimento rico en nutrientes que, como parte de una dieta saludable, pueden ayudar a combatir la desnutrici\u00f3n en los pa\u00edses desarrollados y en desarrollo<\/strong>.<\/p>\n<p>Tiene m\u00e1s material informativo en formato infograf\u00eda en <a href=\"http:\/\/www.fao.org\/pulses-2016\/communications-toolkit\/infographics\/es\/\">este enlace<\/a>.<\/p>\n<p><a href=\"http:\/\/canalsalut.gencat.cat\/web\/.content\/home_canal_salut\/ciutadania\/vida_saludable\/alimentacio\/els_aliments\/llegums\/Llegums_17.pdf\">Monogr\u00e1fico de las Legumbres<\/a> con motivo A\u00f1o 2016 Internacional de las Legumbres v\u00eda Agencia de Salud P\u00fablica de Catalu\u00f1a (ASPCAT).<\/p>\n<p><a href=\"http:\/\/www.fao.org\/pulses-2016\/es\/\" target=\"_blank\" rel=\"noopener\">P\u00e1gina web dedicada al A\u00f1o Internacional de las Legumbres (v\u00eda FAO<\/a>) <\/div>\n<p>La <b>vocal\u00eda de Alimentaci\u00f3n y Nutrici\u00f3n del Colegio<\/b> quiere consolidar el p<strong>apero del farmac\u00e9utico como profesional promotor de la salud en temas de consejo alimentario y educaci\u00f3n nutricional<\/strong>. Por eso trabaja para proporcionar herramientas al farmac\u00e9utico comunitario como gu\u00edas sobre consejo alimentario, etiquetado, interacci\u00f3n alimento-medicamento, etc., as\u00ed como para dotarlo de formaci\u00f3n cient\u00edfica actualizada en el \u00e1rea de alimentaci\u00f3n y nutrici\u00f3n.<\/p>\n<p><iframe src=\"https:\/\/www.youtube.com\/embed\/yj1ItpOHzXU\" height=\"315\" width=\"560\" allowfullscreen=\"\" frameborder=\"0\"><\/iframe><\/p>\n<p><a href=\"http:\/\/blog.cofb.cat\/wp-content\/uploads\/2016\/02\/twitter-LOGO.jpg\"><img decoding=\"async\" class=\"wp-image-19080 alignleft\" alt=\"twitter-LOGO\" src=\"http:\/\/blog.cofb.cat\/wp-content\/uploads\/2016\/02\/twitter-LOGO-150x150.jpg\" width=\"43\" height=\"43\" \/><\/a>El hashtag para seguir todo lo que se est\u00e1 diciendo en Twitter relacionado con este D\u00eda Mundial es <a href=\"https:\/\/twitter.com\/search?q=%23WFD2016&amp;src=typd\" target=\"_blank\" rel=\"noopener\"><strong>#WFD2016<\/strong><\/a>.<\/p>\n<p><b>Otros enlaces de inter\u00e9s:<\/b><\/p>\n<ul>\n<li>Toda la informaci\u00f3n sobre el D\u00eda Mundial de la Alimentaci\u00f3n en el\u00a0<a href=\"http:\/\/www.fao.org\/world-food-day\/2016\/home\/es\/\">web de la FAO<\/a><\/li>\n<li><a href=\"http:\/\/salutpublica.gencat.cat\/web\/.content\/minisite\/aspcat\/promocio_salut\/alimentacio_saludable\/menjarSaAmbMenysDiners_11_2014.pdf\">Comida sana con menos dinero<\/a> PDF \u2013 v\u00eda ASPCAT<\/li>\n<li><a href=\"http:\/\/www.chgeharvard.org\/category\/healthy-and-sustainable-food\">Healthy and Sustainable Food<\/a> (v\u00eda Center for Health and the Global Environment at the Harvard TH Chan School of Public Health).<\/li>\n<li><a href=\"http:\/\/ec.europa.eu\/environment\/eussd\/food.htm\">Sustainable Food<\/a> (v\u00eda Comisi\u00f3n Europea)<\/li>\n<li><a href=\"http:\/\/www.portalfarma.com\/Ciudadanos\/Destacados_ciudadanos\/Paginas\/Dia-Mundial-Alimentacion.aspx\" target=\"_blank\" rel=\"noopener\">D\u00eda Mundial de la Alimentaci\u00f3n <\/a>(v\u00eda Portalfarma)<\/li>\n<\/ul>","protected":false},"excerpt":{"rendered":"<p>Las personas m\u00e1s pobres del mundo -muchas de ellas agricultores, pescadores y pastores- son las m\u00e1s afectadas por el cambio clim\u00e1tico. Si fortalecemos la resiliencia de los peque\u00f1os campesinos, podemos garantizar la seguridad alimentaria para la creciente poblaci\u00f3n del planeta y al mismo tiempo reducir las emisiones de gases de efecto invernadero. [\u2026]<\/p>","protected":false},"author":1,"featured_media":24972,"comment_status":"open","ping_status":"open","sticky":false,"template":"","format":"standard","meta":{"_uag_custom_page_level_css":"","site-sidebar-layout":"default","site-content-layout":"","ast-site-content-layout":"default","site-content-style":"default","site-sidebar-style":"default","ast-global-header-display":"","ast-banner-title-visibility":"","ast-main-header-display":"","ast-hfb-above-header-display":"","ast-hfb-below-header-display":"","ast-hfb-mobile-header-display":"","site-post-title":"","ast-breadcrumbs-content":"","ast-featured-img":"disabled","footer-sml-layout":"","theme-transparent-header-meta":"","adv-header-id-meta":"","stick-header-meta":"","header-above-stick-meta":"","header-main-stick-meta":"","header-below-stick-meta":"","astra-migrate-meta-layouts":"default","ast-page-background-enabled":"default","ast-page-background-meta":{"desktop":{"background-color":"var(--ast-global-color-4)","background-image":"","background-repeat":"repeat","background-position":"center center","background-size":"auto","background-attachment":"scroll","background-type":"","background-media":"","overlay-type":"","overlay-color":"","overlay-opacity":"","overlay-gradient":""},"tablet":{"background-color":"","background-image":"","background-repeat":"repeat","background-position":"center center","background-size":"auto","background-attachment":"scroll","background-type":"","background-media":"","overlay-type":"","overlay-color":"","overlay-opacity":"","overlay-gradient":""},"mobile":{"background-color":"","background-image":"","background-repeat":"repeat","background-position":"center center","background-size":"auto","background-attachment":"scroll","background-type":"","background-media":"","overlay-type":"","overlay-color":"","overlay-opacity":"","overlay-gradient":""}},"ast-content-background-meta":{"desktop":{"background-color":"var(--ast-global-color-5)","background-image":"","background-repeat":"repeat","background-position":"center center","background-size":"auto","background-attachment":"scroll","background-type":"","background-media":"","overlay-type":"","overlay-color":"","overlay-opacity":"","overlay-gradient":""},"tablet":{"background-color":"var(--ast-global-color-5)","background-image":"","background-repeat":"repeat","background-position":"center center","background-size":"auto","background-attachment":"scroll","background-type":"","background-media":"","overlay-type":"","overlay-color":"","overlay-opacity":"","overlay-gradient":""},"mobile":{"background-color":"var(--ast-global-color-5)","background-image":"","background-repeat":"repeat","background-position":"center center","background-size":"auto","background-attachment":"scroll","background-type":"","background-media":"","overlay-type":"","overlay-color":"","overlay-opacity":"","overlay-gradient":""}},"footnotes":""},"categories":[32],"tags":[16,2515,2268,2516,2517],"class_list":["post-24959","post","type-post","status-publish","format-standard","has-post-thumbnail","hentry","category-noticies-farmacia","tag-alimentacio-i-nutricio","tag-any-internacional-de-les-llegums","tag-dia-mundial-de-lalimentacio","tag-fao","tag-llegums"],"yoast_head":"<!-- This site is optimized with the Yoast SEO plugin v22.4 - https:\/\/yoast.com\/wordpress\/plugins\/seo\/ -->\n<title>Dia Mundial de l\u2019Alimentaci\u00f3, 16 d\u2019octubre<\/title>\n<meta name=\"description\" content=\"Dia Mundial de l\u2019Alimentaci\u00f3, 16 d\u2019octubre. \u201cEl clima est\u00e0 canviant. L&#039;alimentaci\u00f3 i l&#039;agricultura tamb\u00e9\u201d.\" \/>\n<meta name=\"robots\" content=\"index, follow, max-snippet:-1, max-image-preview:large, max-video-preview:-1\" \/>\n<link rel=\"canonical\" href=\"https:\/\/novaorg.cofb.net\/2016\/10\/14\/dia-mundial-de-lalimentacio-16-doctubre\/\" \/>\n<meta property=\"og:locale\" content=\"es_ES\" \/>\n<meta property=\"og:type\" content=\"article\" \/>\n<meta property=\"og:title\" content=\"Dia Mundial de l\u2019Alimentaci\u00f3, 16 d\u2019octubre\" \/>\n<meta property=\"og:description\" content=\"Dia Mundial de l\u2019Alimentaci\u00f3, 16 d\u2019octubre. \u201cEl clima est\u00e0 canviant. L&#039;alimentaci\u00f3 i l&#039;agricultura tamb\u00e9\u201d.\" \/>\n<meta property=\"og:url\" content=\"https:\/\/novaorg.cofb.net\/2016\/10\/14\/dia-mundial-de-lalimentacio-16-doctubre\/\" \/>\n<meta property=\"og:site_name\" content=\"Col\u00b7legi de Farmac\u00e8utics de Barcelona\" \/>\n<meta property=\"article:publisher\" content=\"https:\/\/www.facebook.com\/farmaceuticsbcn\/\" \/>\n<meta property=\"article:published_time\" content=\"2016-10-14T08:12:57+00:00\" \/>\n<meta name=\"author\" content=\"wpAdminCofbOrg\" \/>\n<meta name=\"twitter:card\" content=\"summary_large_image\" \/>\n<meta name=\"twitter:creator\" content=\"@farmaceuticsbcn\" \/>\n<meta name=\"twitter:site\" content=\"@farmaceuticsbcn\" \/>\n<meta name=\"twitter:label1\" content=\"Escrito por\" \/>\n\t<meta name=\"twitter:data1\" content=\"wpAdminCofbOrg\" \/>\n\t<meta name=\"twitter:label2\" content=\"Tiempo de lectura\" \/>\n\t<meta name=\"twitter:data2\" content=\"3 minutos\" \/>\n<script type=\"application\/ld+json\" class=\"yoast-schema-graph\">{\"@context\":\"https:\/\/schema.org\",\"@graph\":[{\"@type\":\"Article\",\"@id\":\"https:\/\/novaorg.cofb.net\/2016\/10\/14\/dia-mundial-de-lalimentacio-16-doctubre\/#article\",\"isPartOf\":{\"@id\":\"https:\/\/novaorg.cofb.net\/2016\/10\/14\/dia-mundial-de-lalimentacio-16-doctubre\/\"},\"author\":{\"name\":\"wpAdminCofbOrg\",\"@id\":\"https:\/\/www.cofb.org\/#\/schema\/person\/22ed7eea88da74b0fa4d3154ad87ffcb\"},\"headline\":\"Dia Mundial de l\u2019Alimentaci\u00f3, 16 d\u2019octubre\",\"datePublished\":\"2016-10-14T08:12:57+00:00\",\"dateModified\":\"2016-10-14T08:12:57+00:00\",\"mainEntityOfPage\":{\"@id\":\"https:\/\/novaorg.cofb.net\/2016\/10\/14\/dia-mundial-de-lalimentacio-16-doctubre\/\"},\"wordCount\":643,\"commentCount\":0,\"publisher\":{\"@id\":\"https:\/\/www.cofb.org\/#organization\"},\"image\":{\"@id\":\"https:\/\/novaorg.cofb.net\/2016\/10\/14\/dia-mundial-de-lalimentacio-16-doctubre\/#primaryimage\"},\"thumbnailUrl\":\"\",\"keywords\":[\"Alimentaci\u00f3 i nutrici\u00f3\",\"Any Internacional de les Llegums\",\"Dia Mundial de l'Alimentaci\u00f3\",\"FAO\",\"llegums\"],\"articleSection\":[\"Not\u00edcies farm\u00e0cia\"],\"inLanguage\":\"es\",\"potentialAction\":[{\"@type\":\"CommentAction\",\"name\":\"Comment\",\"target\":[\"https:\/\/novaorg.cofb.net\/2016\/10\/14\/dia-mundial-de-lalimentacio-16-doctubre\/#respond\"]}]},{\"@type\":\"WebPage\",\"@id\":\"https:\/\/novaorg.cofb.net\/2016\/10\/14\/dia-mundial-de-lalimentacio-16-doctubre\/\",\"url\":\"https:\/\/novaorg.cofb.net\/2016\/10\/14\/dia-mundial-de-lalimentacio-16-doctubre\/\",\"name\":\"Dia Mundial de l\u2019Alimentaci\u00f3, 16 d\u2019octubre\",\"isPartOf\":{\"@id\":\"https:\/\/www.cofb.org\/#website\"},\"primaryImageOfPage\":{\"@id\":\"https:\/\/novaorg.cofb.net\/2016\/10\/14\/dia-mundial-de-lalimentacio-16-doctubre\/#primaryimage\"},\"image\":{\"@id\":\"https:\/\/novaorg.cofb.net\/2016\/10\/14\/dia-mundial-de-lalimentacio-16-doctubre\/#primaryimage\"},\"thumbnailUrl\":\"\",\"datePublished\":\"2016-10-14T08:12:57+00:00\",\"dateModified\":\"2016-10-14T08:12:57+00:00\",\"description\":\"Dia Mundial de l\u2019Alimentaci\u00f3, 16 d\u2019octubre. \u201cEl clima est\u00e0 canviant. L'alimentaci\u00f3 i l'agricultura tamb\u00e9\u201d.\",\"breadcrumb\":{\"@id\":\"https:\/\/novaorg.cofb.net\/2016\/10\/14\/dia-mundial-de-lalimentacio-16-doctubre\/#breadcrumb\"},\"inLanguage\":\"es\",\"potentialAction\":[{\"@type\":\"ReadAction\",\"target\":[\"https:\/\/novaorg.cofb.net\/2016\/10\/14\/dia-mundial-de-lalimentacio-16-doctubre\/\"]}]},{\"@type\":\"ImageObject\",\"inLanguage\":\"es\",\"@id\":\"https:\/\/novaorg.cofb.net\/2016\/10\/14\/dia-mundial-de-lalimentacio-16-doctubre\/#primaryimage\",\"url\":\"\",\"contentUrl\":\"\"},{\"@type\":\"BreadcrumbList\",\"@id\":\"https:\/\/novaorg.cofb.net\/2016\/10\/14\/dia-mundial-de-lalimentacio-16-doctubre\/#breadcrumb\",\"itemListElement\":[{\"@type\":\"ListItem\",\"position\":1,\"name\":\"Inici\",\"item\":\"https:\/\/novaorg.cofb.net\/\"},{\"@type\":\"ListItem\",\"position\":2,\"name\":\"Dia Mundial de l\u2019Alimentaci\u00f3, 16 d\u2019octubre\"}]},{\"@type\":\"WebSite\",\"@id\":\"https:\/\/www.cofb.org\/#website\",\"url\":\"https:\/\/www.cofb.org\/\",\"name\":\"Col\u00b7legi de Farmac\u00e8utics de Barcelona\",\"description\":\"\",\"publisher\":{\"@id\":\"https:\/\/www.cofb.org\/#organization\"},\"potentialAction\":[{\"@type\":\"SearchAction\",\"target\":{\"@type\":\"EntryPoint\",\"urlTemplate\":\"https:\/\/www.cofb.org\/?s={search_term_string}\"},\"query-input\":\"required name=search_term_string\"}],\"inLanguage\":\"es\"},{\"@type\":\"Organization\",\"@id\":\"https:\/\/www.cofb.org\/#organization\",\"name\":\"Col\u00b7legi de Farmac\u00e8utics de Barcelona\",\"url\":\"https:\/\/www.cofb.org\/\",\"logo\":{\"@type\":\"ImageObject\",\"inLanguage\":\"es\",\"@id\":\"https:\/\/www.cofb.org\/#\/schema\/logo\/image\/\",\"url\":\"https:\/\/www.cofb.org\/wp-content\/uploads\/2023\/11\/cropped-Logotip-COFB.png\",\"contentUrl\":\"https:\/\/www.cofb.org\/wp-content\/uploads\/2023\/11\/cropped-Logotip-COFB.png\",\"width\":500,\"height\":105,\"caption\":\"Col\u00b7legi de Farmac\u00e8utics de Barcelona\"},\"image\":{\"@id\":\"https:\/\/www.cofb.org\/#\/schema\/logo\/image\/\"},\"sameAs\":[\"https:\/\/www.facebook.com\/farmaceuticsbcn\/\",\"https:\/\/twitter.com\/farmaceuticsbcn\",\"https:\/\/www.instagram.com\/farmaceuticsbcn\/\",\"https:\/\/www.linkedin.com\/company\/farmaceuticsbcn\/\"]},{\"@type\":\"Person\",\"@id\":\"https:\/\/www.cofb.org\/#\/schema\/person\/22ed7eea88da74b0fa4d3154ad87ffcb\",\"name\":\"wpAdminCofbOrg\",\"image\":{\"@type\":\"ImageObject\",\"inLanguage\":\"es\",\"@id\":\"https:\/\/www.cofb.org\/#\/schema\/person\/image\/\",\"url\":\"https:\/\/secure.gravatar.com\/avatar\/1721b20b3b8ca882c3b56ec6c978c594fff670e40c0718e9190eaeeb76aae7d8?s=96&d=mm&r=g\",\"contentUrl\":\"https:\/\/secure.gravatar.com\/avatar\/1721b20b3b8ca882c3b56ec6c978c594fff670e40c0718e9190eaeeb76aae7d8?s=96&d=mm&r=g\",\"caption\":\"wpAdminCofbOrg\"},\"sameAs\":[\"http:\/\/192.168.64.122\/wordpress\"],\"url\":\"https:\/\/www.cofb.org\/es\/author\/wpadmincofborg\/\"}]}<\/script>\n<!-- \/ Yoast SEO plugin. -->","yoast_head_json":{"title":"Dia Mundial de l\u2019Alimentaci\u00f3, 16 d\u2019octubre","description":"Dia Mundial de l\u2019Alimentaci\u00f3, 16 d\u2019octubre. \u201cEl clima est\u00e0 canviant. L'alimentaci\u00f3 i l'agricultura tamb\u00e9\u201d.","robots":{"index":"index","follow":"follow","max-snippet":"max-snippet:-1","max-image-preview":"max-image-preview:large","max-video-preview":"max-video-preview:-1"},"canonical":"https:\/\/novaorg.cofb.net\/2016\/10\/14\/dia-mundial-de-lalimentacio-16-doctubre\/","og_locale":"es_ES","og_type":"article","og_title":"Dia Mundial de l\u2019Alimentaci\u00f3, 16 d\u2019octubre","og_description":"Dia Mundial de l\u2019Alimentaci\u00f3, 16 d\u2019octubre. \u201cEl clima est\u00e0 canviant. L'alimentaci\u00f3 i l'agricultura tamb\u00e9\u201d.","og_url":"https:\/\/novaorg.cofb.net\/2016\/10\/14\/dia-mundial-de-lalimentacio-16-doctubre\/","og_site_name":"Col\u00b7legi de Farmac\u00e8utics de Barcelona","article_publisher":"https:\/\/www.facebook.com\/farmaceuticsbcn\/","article_published_time":"2016-10-14T08:12:57+00:00","author":"wpAdminCofbOrg","twitter_card":"summary_large_image","twitter_creator":"@farmaceuticsbcn","twitter_site":"@farmaceuticsbcn","twitter_misc":{"Escrito por":"wpAdminCofbOrg","Tiempo de lectura":"3 minutos"},"schema":{"@context":"https:\/\/schema.org","@graph":[{"@type":"Article","@id":"https:\/\/novaorg.cofb.net\/2016\/10\/14\/dia-mundial-de-lalimentacio-16-doctubre\/#article","isPartOf":{"@id":"https:\/\/novaorg.cofb.net\/2016\/10\/14\/dia-mundial-de-lalimentacio-16-doctubre\/"},"author":{"name":"wpAdminCofbOrg","@id":"https:\/\/www.cofb.org\/#\/schema\/person\/22ed7eea88da74b0fa4d3154ad87ffcb"},"headline":"Dia Mundial de l\u2019Alimentaci\u00f3, 16 d\u2019octubre","datePublished":"2016-10-14T08:12:57+00:00","dateModified":"2016-10-14T08:12:57+00:00","mainEntityOfPage":{"@id":"https:\/\/novaorg.cofb.net\/2016\/10\/14\/dia-mundial-de-lalimentacio-16-doctubre\/"},"wordCount":643,"commentCount":0,"publisher":{"@id":"https:\/\/www.cofb.org\/#organization"},"image":{"@id":"https:\/\/novaorg.cofb.net\/2016\/10\/14\/dia-mundial-de-lalimentacio-16-doctubre\/#primaryimage"},"thumbnailUrl":"","keywords":["Alimentaci\u00f3 i nutrici\u00f3","Any Internacional de les Llegums","Dia Mundial de l'Alimentaci\u00f3","FAO","llegums"],"articleSection":["Not\u00edcies farm\u00e0cia"],"inLanguage":"es","potentialAction":[{"@type":"CommentAction","name":"Comment","target":["https:\/\/novaorg.cofb.net\/2016\/10\/14\/dia-mundial-de-lalimentacio-16-doctubre\/#respond"]}]},{"@type":"WebPage","@id":"https:\/\/novaorg.cofb.net\/2016\/10\/14\/dia-mundial-de-lalimentacio-16-doctubre\/","url":"https:\/\/novaorg.cofb.net\/2016\/10\/14\/dia-mundial-de-lalimentacio-16-doctubre\/","name":"Dia Mundial de l\u2019Alimentaci\u00f3, 16 d\u2019octubre","isPartOf":{"@id":"https:\/\/www.cofb.org\/#website"},"primaryImageOfPage":{"@id":"https:\/\/novaorg.cofb.net\/2016\/10\/14\/dia-mundial-de-lalimentacio-16-doctubre\/#primaryimage"},"image":{"@id":"https:\/\/novaorg.cofb.net\/2016\/10\/14\/dia-mundial-de-lalimentacio-16-doctubre\/#primaryimage"},"thumbnailUrl":"","datePublished":"2016-10-14T08:12:57+00:00","dateModified":"2016-10-14T08:12:57+00:00","description":"Dia Mundial de l\u2019Alimentaci\u00f3, 16 d\u2019octubre. \u201cEl clima est\u00e0 canviant. L'alimentaci\u00f3 i l'agricultura tamb\u00e9\u201d.","breadcrumb":{"@id":"https:\/\/novaorg.cofb.net\/2016\/10\/14\/dia-mundial-de-lalimentacio-16-doctubre\/#breadcrumb"},"inLanguage":"es","potentialAction":[{"@type":"ReadAction","target":["https:\/\/novaorg.cofb.net\/2016\/10\/14\/dia-mundial-de-lalimentacio-16-doctubre\/"]}]},{"@type":"ImageObject","inLanguage":"es","@id":"https:\/\/novaorg.cofb.net\/2016\/10\/14\/dia-mundial-de-lalimentacio-16-doctubre\/#primaryimage","url":"","contentUrl":""},{"@type":"BreadcrumbList","@id":"https:\/\/novaorg.cofb.net\/2016\/10\/14\/dia-mundial-de-lalimentacio-16-doctubre\/#breadcrumb","itemListElement":[{"@type":"ListItem","position":1,"name":"Inici","item":"https:\/\/novaorg.cofb.net\/"},{"@type":"ListItem","position":2,"name":"Dia Mundial de l\u2019Alimentaci\u00f3, 16 d\u2019octubre"}]},{"@type":"WebSite","@id":"https:\/\/www.cofb.org\/#website","url":"https:\/\/www.cofb.org\/","name":"Col\u00b7legi de Farmac\u00e8utics de Barcelona","description":"","publisher":{"@id":"https:\/\/www.cofb.org\/#organization"},"potentialAction":[{"@type":"SearchAction","target":{"@type":"EntryPoint","urlTemplate":"https:\/\/www.cofb.org\/?s={search_term_string}"},"query-input":"required name=search_term_string"}],"inLanguage":"es"},{"@type":"Organization","@id":"https:\/\/www.cofb.org\/#organization","name":"Col\u00b7legi de Farmac\u00e8utics de Barcelona","url":"https:\/\/www.cofb.org\/","logo":{"@type":"ImageObject","inLanguage":"es","@id":"https:\/\/www.cofb.org\/#\/schema\/logo\/image\/","url":"https:\/\/www.cofb.org\/wp-content\/uploads\/2023\/11\/cropped-Logotip-COFB.png","contentUrl":"https:\/\/www.cofb.org\/wp-content\/uploads\/2023\/11\/cropped-Logotip-COFB.png","width":500,"height":105,"caption":"Col\u00b7legi de Farmac\u00e8utics de Barcelona"},"image":{"@id":"https:\/\/www.cofb.org\/#\/schema\/logo\/image\/"},"sameAs":["https:\/\/www.facebook.com\/farmaceuticsbcn\/","https:\/\/twitter.com\/farmaceuticsbcn","https:\/\/www.instagram.com\/farmaceuticsbcn\/","https:\/\/www.linkedin.com\/company\/farmaceuticsbcn\/"]},{"@type":"Person","@id":"https:\/\/www.cofb.org\/#\/schema\/person\/22ed7eea88da74b0fa4d3154ad87ffcb","name":"wpAdminCofbOrg","image":{"@type":"ImageObject","inLanguage":"es","@id":"https:\/\/www.cofb.org\/#\/schema\/person\/image\/","url":"https:\/\/secure.gravatar.com\/avatar\/1721b20b3b8ca882c3b56ec6c978c594fff670e40c0718e9190eaeeb76aae7d8?s=96&d=mm&r=g","contentUrl":"https:\/\/secure.gravatar.com\/avatar\/1721b20b3b8ca882c3b56ec6c978c594fff670e40c0718e9190eaeeb76aae7d8?s=96&d=mm&r=g","caption":"wpAdminCofbOrg"},"sameAs":["http:\/\/192.168.64.122\/wordpress"],"url":"https:\/\/www.cofb.org\/es\/author\/wpadmincofborg\/"}]}},"uagb_featured_image_src":{"full":false,"thumbnail":false,"medium":false,"medium_large":false,"large":false,"1536x1536":false,"2048x2048":false,"trp-custom-language-flag":false},"uagb_author_info":{"display_name":"wpAdminCofbOrg","author_link":"https:\/\/www.cofb.org\/es\/author\/wpadmincofborg\/"},"uagb_comment_info":0,"uagb_excerpt":"Les persones m\u00e9s pobres del m\u00f3n -moltes de les quals s\u00f3n agricultors, pescadors i pastors- s\u00f3n les m\u00e9s afectades pel canvi clim\u00e0tic. Si enfortim la resili\u00e8ncia dels petits camperols, podem garantir la seguretat aliment\u00e0ria per a la creixent poblaci\u00f3 del planeta i alhora reduir les emissions de gasos d&#8217;efecte hivernacle. [&hellip;]","_links":{"self":[{"href":"https:\/\/www.cofb.org\/es\/wp-json\/wp\/v2\/posts\/24959","targetHints":{"allow":["GET"]}}],"collection":[{"href":"https:\/\/www.cofb.org\/es\/wp-json\/wp\/v2\/posts"}],"about":[{"href":"https:\/\/www.cofb.org\/es\/wp-json\/wp\/v2\/types\/post"}],"author":[{"embeddable":true,"href":"https:\/\/www.cofb.org\/es\/wp-json\/wp\/v2\/users\/1"}],"replies":[{"embeddable":true,"href":"https:\/\/www.cofb.org\/es\/wp-json\/wp\/v2\/comments?post=24959"}],"version-history":[{"count":0,"href":"https:\/\/www.cofb.org\/es\/wp-json\/wp\/v2\/posts\/24959\/revisions"}],"wp:featuredmedia":[{"embeddable":true,"href":"https:\/\/www.cofb.org\/es\/wp-json\/"}],"wp:attachment":[{"href":"https:\/\/www.cofb.org\/es\/wp-json\/wp\/v2\/media?parent=24959"}],"wp:term":[{"taxonomy":"category","embeddable":true,"href":"https:\/\/www.cofb.org\/es\/wp-json\/wp\/v2\/categories?post=24959"},{"taxonomy":"post_tag","embeddable":true,"href":"https:\/\/www.cofb.org\/es\/wp-json\/wp\/v2\/tags?post=24959"}],"curies":[{"name":"wp","href":"https:\/\/api.w.org\/{rel}","templated":true}]}}