{"id":24439,"date":"2016-09-22T16:02:27","date_gmt":"2016-09-22T15:02:27","guid":{"rendered":"http:\/\/blog.cofb.cat\/?p=24439"},"modified":"2016-09-22T16:02:27","modified_gmt":"2016-09-22T15:02:27","slug":"trobada-de-responsabilitat-social-al-cofb-per-recolzar-i-potenciar-projectes-solidaris","status":"publish","type":"post","link":"https:\/\/www.cofb.org\/es\/2016\/09\/22\/trobada-de-responsabilitat-social-al-cofb-per-recolzar-i-potenciar-projectes-solidaris\/","title":{"rendered":"Encuentro de Responsabilidad Social en el COFB para apoyar y potenciar proyectos solidarios"},"content":{"rendered":"<figure id=\"attachment_24442\" aria-describedby=\"caption-attachment-24442\" style=\"width: 600px\" class=\"wp-caption aligncenter\"><a href=\"http:\/\/blog.cofb.cat\/wp-content\/uploads\/2016\/09\/Paraules-RSC-1.jpg\"><img fetchpriority=\"high\" decoding=\"async\" class=\"wp-image-24442\" src=\"http:\/\/blog.cofb.cat\/wp-content\/uploads\/2016\/09\/Paraules-RSC-1.jpg\" alt=\"Paraules RSC 1\" width=\"600\" height=\"312\" \/><\/a><figcaption id=\"caption-attachment-24442\" class=\"wp-caption-text\">Los miembros de la Comisi\u00f3n de RSC del COFB<\/figcaption><\/figure>\n<p><strong>\u00bfQu\u00e9 proyectos solidarios tiene el COFB en marcha? \u00bfQu\u00e9 podemos hacer para aportar mayor valor a nuestro entorno? \u00bfC\u00f3mo implicarnos en la Comisi\u00f3n de Compromiso Social?<\/strong><\/p>\n<p>Se ha organizado un encuentro en el Colegio para hablar de ello, revisar proyectos interesantes con los que los farmac\u00e9uticos participan o han colaborado y animarlos en las futuras actividades que se ir\u00e1n desarrollando.<\/p>\n<p><b><div class=\"box note\">\u00bfCu\u00e1ndo?<br \/>\n<\/b><br \/>\n27 de septiembre, de 14:30 a 16:00 h<\/p>\n<p><b>\u00bfDe qu\u00e9 se hablar\u00e1 en el encuentro?<\/b><\/p>\n<p>Se presenta la <b>Comisi\u00f3n de Compromiso Social del Colegio<\/b>, creada para apoyar y potenciar actuaciones responsables.<\/p>\n<p><b>Charla <\/b>de<b> Joan Fontrodona<\/b>, director del departamento de \u00c9tica empresarial del IESE: expondr\u00e1 qu\u00e9 oportunidades y retos presenta la Responsabilidad Social Corporativa, factores que contribuir\u00e1n a definir y enmarcar nuestras acciones en este campo.<\/p>\n<p>Se dar\u00e1n a conocer realidades como la del <a href=\"http:\/\/www.bancofarmaceutico.es\/ca\/que-fem\/fons-social-de-medicaments\/\" target=\"_blank\" rel=\"noopener\">Fondo Social de Medicamentos<\/a>, organizado por la ONG Banco Farmac\u00e9utico, y la experiencia de algunos farmac\u00e9uticos que ya han participado.<\/p>\n<p><b><a href=\"http:\/\/farmaceutics.cofb.net\/group\/guest\/activitats-col-legials?p_p_id=portletllistatactivitats_WAR_webportletLlistatActivitats_INSTANCE_xJQBT267CooA&amp;p_p_lifecycle=0&amp;p_p_state=normal&amp;p_p_mode=view&amp;p_p_col_id=layout-column_column-1&amp;p_p_col_count=1&amp;_portletllistatactivitats_WAR_webportletLlistatActivitats_INSTANCE_xJQBT267CooA_strutsAction=\/view\/detall&amp;_portletllistatactivitats_WAR_webportletLlistatActivitats_INSTANCE_xJQBT267CooA_id=1780\" target=\"_blank\" rel=\"noopener\">INSCR\u00cdBETE<\/a>!<\/b> (<strong>s\u00f3lo para colegiados<\/strong>, v\u00eda intranet colegial)<b><\/div><\/b><\/p>","protected":false},"excerpt":{"rendered":"<p>\u00bfQu\u00e9 proyectos solidarios tiene el COFB en marcha? \u00bfQu\u00e9 podemos hacer para aportar mayor valor a nuestro entorno? \u00bfC\u00f3mo implicarnos en la Comisi\u00f3n de Compromiso Social? Se ha organizado un encuentro en el Colegio para hablar, revisar proyectos interesantes con los que los farmac\u00e9uticos participan o han colaborado y animarlos en [\u2026]<\/p>","protected":false},"author":1,"featured_media":24442,"comment_status":"open","ping_status":"open","sticky":false,"template":"","format":"standard","meta":{"_uag_custom_page_level_css":"","site-sidebar-layout":"default","site-content-layout":"","ast-site-content-layout":"default","site-content-style":"default","site-sidebar-style":"default","ast-global-header-display":"","ast-banner-title-visibility":"","ast-main-header-display":"","ast-hfb-above-header-display":"","ast-hfb-below-header-display":"","ast-hfb-mobile-header-display":"","site-post-title":"","ast-breadcrumbs-content":"","ast-featured-img":"disabled","footer-sml-layout":"","theme-transparent-header-meta":"","adv-header-id-meta":"","stick-header-meta":"","header-above-stick-meta":"","header-main-stick-meta":"","header-below-stick-meta":"","astra-migrate-meta-layouts":"default","ast-page-background-enabled":"default","ast-page-background-meta":{"desktop":{"background-color":"var(--ast-global-color-4)","background-image":"","background-repeat":"repeat","background-position":"center center","background-size":"auto","background-attachment":"scroll","background-type":"","background-media":"","overlay-type":"","overlay-color":"","overlay-opacity":"","overlay-gradient":""},"tablet":{"background-color":"","background-image":"","background-repeat":"repeat","background-position":"center center","background-size":"auto","background-attachment":"scroll","background-type":"","background-media":"","overlay-type":"","overlay-color":"","overlay-opacity":"","overlay-gradient":""},"mobile":{"background-color":"","background-image":"","background-repeat":"repeat","background-position":"center center","background-size":"auto","background-attachment":"scroll","background-type":"","background-media":"","overlay-type":"","overlay-color":"","overlay-opacity":"","overlay-gradient":""}},"ast-content-background-meta":{"desktop":{"background-color":"var(--ast-global-color-5)","background-image":"","background-repeat":"repeat","background-position":"center center","background-size":"auto","background-attachment":"scroll","background-type":"","background-media":"","overlay-type":"","overlay-color":"","overlay-opacity":"","overlay-gradient":""},"tablet":{"background-color":"var(--ast-global-color-5)","background-image":"","background-repeat":"repeat","background-position":"center center","background-size":"auto","background-attachment":"scroll","background-type":"","background-media":"","overlay-type":"","overlay-color":"","overlay-opacity":"","overlay-gradient":""},"mobile":{"background-color":"var(--ast-global-color-5)","background-image":"","background-repeat":"repeat","background-position":"center center","background-size":"auto","background-attachment":"scroll","background-type":"","background-media":"","overlay-type":"","overlay-color":"","overlay-opacity":"","overlay-gradient":""}},"footnotes":""},"categories":[57],"tags":[2497,924,2498,586],"class_list":["post-24439","post","type-post","status-publish","format-standard","has-post-thumbnail","hentry","category-mon-collegial","tag-comissions","tag-responsabilitat-social-corporativa","tag-rsc","tag-solidaritat"],"yoast_head":"<!-- This site is optimized with the Yoast SEO plugin v22.4 - https:\/\/yoast.com\/wordpress\/plugins\/seo\/ -->\n<title>Trobada de Responsabilitat Social al COFB per recolzar i potenciar projectes solidaris - Col\u00b7legi de Farmac\u00e8utics de Barcelona<\/title>\n<meta name=\"robots\" content=\"index, follow, max-snippet:-1, max-image-preview:large, max-video-preview:-1\" \/>\n<link rel=\"canonical\" href=\"https:\/\/novaorg.cofb.net\/2016\/09\/22\/trobada-de-responsabilitat-social-al-cofb-per-recolzar-i-potenciar-projectes-solidaris\/\" \/>\n<meta property=\"og:locale\" content=\"es_ES\" \/>\n<meta property=\"og:type\" content=\"article\" \/>\n<meta property=\"og:title\" content=\"Trobada de Responsabilitat Social al COFB per recolzar i potenciar projectes solidaris - Col\u00b7legi de Farmac\u00e8utics de Barcelona\" \/>\n<meta property=\"og:description\" content=\"Quins projectes solidaris t\u00e9 el COFB en marxa? Qu\u00e8 podem fer per aportar m\u00e9s valor al nostre entorn? Com podem implicar-nos en la Comissi\u00f3 de Comprom\u00eds Social? S&#8217;ha organitzat una trobada al Col\u00b7legi per parlar-ne, revisar projectes interessants amb els quals els farmac\u00e8utics participen o han col\u00b7laborat i engrescar-los en [&hellip;]\" \/>\n<meta property=\"og:url\" content=\"https:\/\/novaorg.cofb.net\/2016\/09\/22\/trobada-de-responsabilitat-social-al-cofb-per-recolzar-i-potenciar-projectes-solidaris\/\" \/>\n<meta property=\"og:site_name\" content=\"Col\u00b7legi de Farmac\u00e8utics de Barcelona\" \/>\n<meta property=\"article:publisher\" content=\"https:\/\/www.facebook.com\/farmaceuticsbcn\/\" \/>\n<meta property=\"article:published_time\" content=\"2016-09-22T15:02:27+00:00\" \/>\n<meta name=\"author\" content=\"wpAdminCofbOrg\" \/>\n<meta name=\"twitter:card\" content=\"summary_large_image\" \/>\n<meta name=\"twitter:creator\" content=\"@farmaceuticsbcn\" \/>\n<meta name=\"twitter:site\" content=\"@farmaceuticsbcn\" \/>\n<meta name=\"twitter:label1\" content=\"Escrito por\" \/>\n\t<meta name=\"twitter:data1\" content=\"wpAdminCofbOrg\" \/>\n\t<meta name=\"twitter:label2\" content=\"Tiempo de lectura\" \/>\n\t<meta name=\"twitter:data2\" content=\"1 minuto\" \/>\n<script type=\"application\/ld+json\" class=\"yoast-schema-graph\">{\"@context\":\"https:\/\/schema.org\",\"@graph\":[{\"@type\":\"Article\",\"@id\":\"https:\/\/novaorg.cofb.net\/2016\/09\/22\/trobada-de-responsabilitat-social-al-cofb-per-recolzar-i-potenciar-projectes-solidaris\/#article\",\"isPartOf\":{\"@id\":\"https:\/\/novaorg.cofb.net\/2016\/09\/22\/trobada-de-responsabilitat-social-al-cofb-per-recolzar-i-potenciar-projectes-solidaris\/\"},\"author\":{\"name\":\"wpAdminCofbOrg\",\"@id\":\"https:\/\/www.cofb.org\/#\/schema\/person\/22ed7eea88da74b0fa4d3154ad87ffcb\"},\"headline\":\"Trobada de Responsabilitat Social al COFB per recolzar i potenciar projectes solidaris\",\"datePublished\":\"2016-09-22T15:02:27+00:00\",\"dateModified\":\"2016-09-22T15:02:27+00:00\",\"mainEntityOfPage\":{\"@id\":\"https:\/\/novaorg.cofb.net\/2016\/09\/22\/trobada-de-responsabilitat-social-al-cofb-per-recolzar-i-potenciar-projectes-solidaris\/\"},\"wordCount\":206,\"commentCount\":0,\"publisher\":{\"@id\":\"https:\/\/www.cofb.org\/#organization\"},\"image\":{\"@id\":\"https:\/\/novaorg.cofb.net\/2016\/09\/22\/trobada-de-responsabilitat-social-al-cofb-per-recolzar-i-potenciar-projectes-solidaris\/#primaryimage\"},\"thumbnailUrl\":\"\",\"keywords\":[\"comissions\",\"Responsabilitat Social Corporativa\",\"RSC\",\"solidaritat\"],\"articleSection\":[\"M\u00f3n col\u00b7legial\"],\"inLanguage\":\"es\",\"potentialAction\":[{\"@type\":\"CommentAction\",\"name\":\"Comment\",\"target\":[\"https:\/\/novaorg.cofb.net\/2016\/09\/22\/trobada-de-responsabilitat-social-al-cofb-per-recolzar-i-potenciar-projectes-solidaris\/#respond\"]}]},{\"@type\":\"WebPage\",\"@id\":\"https:\/\/novaorg.cofb.net\/2016\/09\/22\/trobada-de-responsabilitat-social-al-cofb-per-recolzar-i-potenciar-projectes-solidaris\/\",\"url\":\"https:\/\/novaorg.cofb.net\/2016\/09\/22\/trobada-de-responsabilitat-social-al-cofb-per-recolzar-i-potenciar-projectes-solidaris\/\",\"name\":\"Trobada de Responsabilitat Social al COFB per recolzar i potenciar projectes solidaris - Col\u00b7legi de Farmac\u00e8utics de Barcelona\",\"isPartOf\":{\"@id\":\"https:\/\/www.cofb.org\/#website\"},\"primaryImageOfPage\":{\"@id\":\"https:\/\/novaorg.cofb.net\/2016\/09\/22\/trobada-de-responsabilitat-social-al-cofb-per-recolzar-i-potenciar-projectes-solidaris\/#primaryimage\"},\"image\":{\"@id\":\"https:\/\/novaorg.cofb.net\/2016\/09\/22\/trobada-de-responsabilitat-social-al-cofb-per-recolzar-i-potenciar-projectes-solidaris\/#primaryimage\"},\"thumbnailUrl\":\"\",\"datePublished\":\"2016-09-22T15:02:27+00:00\",\"dateModified\":\"2016-09-22T15:02:27+00:00\",\"breadcrumb\":{\"@id\":\"https:\/\/novaorg.cofb.net\/2016\/09\/22\/trobada-de-responsabilitat-social-al-cofb-per-recolzar-i-potenciar-projectes-solidaris\/#breadcrumb\"},\"inLanguage\":\"es\",\"potentialAction\":[{\"@type\":\"ReadAction\",\"target\":[\"https:\/\/novaorg.cofb.net\/2016\/09\/22\/trobada-de-responsabilitat-social-al-cofb-per-recolzar-i-potenciar-projectes-solidaris\/\"]}]},{\"@type\":\"ImageObject\",\"inLanguage\":\"es\",\"@id\":\"https:\/\/novaorg.cofb.net\/2016\/09\/22\/trobada-de-responsabilitat-social-al-cofb-per-recolzar-i-potenciar-projectes-solidaris\/#primaryimage\",\"url\":\"\",\"contentUrl\":\"\"},{\"@type\":\"BreadcrumbList\",\"@id\":\"https:\/\/novaorg.cofb.net\/2016\/09\/22\/trobada-de-responsabilitat-social-al-cofb-per-recolzar-i-potenciar-projectes-solidaris\/#breadcrumb\",\"itemListElement\":[{\"@type\":\"ListItem\",\"position\":1,\"name\":\"Inici\",\"item\":\"https:\/\/novaorg.cofb.net\/\"},{\"@type\":\"ListItem\",\"position\":2,\"name\":\"Trobada de Responsabilitat Social al COFB per recolzar i potenciar projectes solidaris\"}]},{\"@type\":\"WebSite\",\"@id\":\"https:\/\/www.cofb.org\/#website\",\"url\":\"https:\/\/www.cofb.org\/\",\"name\":\"Col\u00b7legi de Farmac\u00e8utics de Barcelona\",\"description\":\"\",\"publisher\":{\"@id\":\"https:\/\/www.cofb.org\/#organization\"},\"potentialAction\":[{\"@type\":\"SearchAction\",\"target\":{\"@type\":\"EntryPoint\",\"urlTemplate\":\"https:\/\/www.cofb.org\/?s={search_term_string}\"},\"query-input\":\"required name=search_term_string\"}],\"inLanguage\":\"es\"},{\"@type\":\"Organization\",\"@id\":\"https:\/\/www.cofb.org\/#organization\",\"name\":\"Col\u00b7legi de Farmac\u00e8utics de Barcelona\",\"url\":\"https:\/\/www.cofb.org\/\",\"logo\":{\"@type\":\"ImageObject\",\"inLanguage\":\"es\",\"@id\":\"https:\/\/www.cofb.org\/#\/schema\/logo\/image\/\",\"url\":\"https:\/\/www.cofb.org\/wp-content\/uploads\/2023\/11\/cropped-Logotip-COFB.png\",\"contentUrl\":\"https:\/\/www.cofb.org\/wp-content\/uploads\/2023\/11\/cropped-Logotip-COFB.png\",\"width\":500,\"height\":105,\"caption\":\"Col\u00b7legi de Farmac\u00e8utics de Barcelona\"},\"image\":{\"@id\":\"https:\/\/www.cofb.org\/#\/schema\/logo\/image\/\"},\"sameAs\":[\"https:\/\/www.facebook.com\/farmaceuticsbcn\/\",\"https:\/\/twitter.com\/farmaceuticsbcn\",\"https:\/\/www.instagram.com\/farmaceuticsbcn\/\",\"https:\/\/www.linkedin.com\/company\/farmaceuticsbcn\/\"]},{\"@type\":\"Person\",\"@id\":\"https:\/\/www.cofb.org\/#\/schema\/person\/22ed7eea88da74b0fa4d3154ad87ffcb\",\"name\":\"wpAdminCofbOrg\",\"image\":{\"@type\":\"ImageObject\",\"inLanguage\":\"es\",\"@id\":\"https:\/\/www.cofb.org\/#\/schema\/person\/image\/\",\"url\":\"https:\/\/secure.gravatar.com\/avatar\/1721b20b3b8ca882c3b56ec6c978c594fff670e40c0718e9190eaeeb76aae7d8?s=96&d=mm&r=g\",\"contentUrl\":\"https:\/\/secure.gravatar.com\/avatar\/1721b20b3b8ca882c3b56ec6c978c594fff670e40c0718e9190eaeeb76aae7d8?s=96&d=mm&r=g\",\"caption\":\"wpAdminCofbOrg\"},\"sameAs\":[\"http:\/\/192.168.64.122\/wordpress\"],\"url\":\"https:\/\/www.cofb.org\/es\/author\/wpadmincofborg\/\"}]}<\/script>\n<!-- \/ Yoast SEO plugin. -->","yoast_head_json":{"title":"Trobada de Responsabilitat Social al COFB per recolzar i potenciar projectes solidaris - Col\u00b7legi de Farmac\u00e8utics de Barcelona","robots":{"index":"index","follow":"follow","max-snippet":"max-snippet:-1","max-image-preview":"max-image-preview:large","max-video-preview":"max-video-preview:-1"},"canonical":"https:\/\/novaorg.cofb.net\/2016\/09\/22\/trobada-de-responsabilitat-social-al-cofb-per-recolzar-i-potenciar-projectes-solidaris\/","og_locale":"es_ES","og_type":"article","og_title":"Trobada de Responsabilitat Social al COFB per recolzar i potenciar projectes solidaris - Col\u00b7legi de Farmac\u00e8utics de Barcelona","og_description":"Quins projectes solidaris t\u00e9 el COFB en marxa? Qu\u00e8 podem fer per aportar m\u00e9s valor al nostre entorn? Com podem implicar-nos en la Comissi\u00f3 de Comprom\u00eds Social? S&#8217;ha organitzat una trobada al Col\u00b7legi per parlar-ne, revisar projectes interessants amb els quals els farmac\u00e8utics participen o han col\u00b7laborat i engrescar-los en [&hellip;]","og_url":"https:\/\/novaorg.cofb.net\/2016\/09\/22\/trobada-de-responsabilitat-social-al-cofb-per-recolzar-i-potenciar-projectes-solidaris\/","og_site_name":"Col\u00b7legi de Farmac\u00e8utics de Barcelona","article_publisher":"https:\/\/www.facebook.com\/farmaceuticsbcn\/","article_published_time":"2016-09-22T15:02:27+00:00","author":"wpAdminCofbOrg","twitter_card":"summary_large_image","twitter_creator":"@farmaceuticsbcn","twitter_site":"@farmaceuticsbcn","twitter_misc":{"Escrito por":"wpAdminCofbOrg","Tiempo de lectura":"1 minuto"},"schema":{"@context":"https:\/\/schema.org","@graph":[{"@type":"Article","@id":"https:\/\/novaorg.cofb.net\/2016\/09\/22\/trobada-de-responsabilitat-social-al-cofb-per-recolzar-i-potenciar-projectes-solidaris\/#article","isPartOf":{"@id":"https:\/\/novaorg.cofb.net\/2016\/09\/22\/trobada-de-responsabilitat-social-al-cofb-per-recolzar-i-potenciar-projectes-solidaris\/"},"author":{"name":"wpAdminCofbOrg","@id":"https:\/\/www.cofb.org\/#\/schema\/person\/22ed7eea88da74b0fa4d3154ad87ffcb"},"headline":"Trobada de Responsabilitat Social al COFB per recolzar i potenciar projectes solidaris","datePublished":"2016-09-22T15:02:27+00:00","dateModified":"2016-09-22T15:02:27+00:00","mainEntityOfPage":{"@id":"https:\/\/novaorg.cofb.net\/2016\/09\/22\/trobada-de-responsabilitat-social-al-cofb-per-recolzar-i-potenciar-projectes-solidaris\/"},"wordCount":206,"commentCount":0,"publisher":{"@id":"https:\/\/www.cofb.org\/#organization"},"image":{"@id":"https:\/\/novaorg.cofb.net\/2016\/09\/22\/trobada-de-responsabilitat-social-al-cofb-per-recolzar-i-potenciar-projectes-solidaris\/#primaryimage"},"thumbnailUrl":"","keywords":["comissions","Responsabilitat Social Corporativa","RSC","solidaritat"],"articleSection":["M\u00f3n col\u00b7legial"],"inLanguage":"es","potentialAction":[{"@type":"CommentAction","name":"Comment","target":["https:\/\/novaorg.cofb.net\/2016\/09\/22\/trobada-de-responsabilitat-social-al-cofb-per-recolzar-i-potenciar-projectes-solidaris\/#respond"]}]},{"@type":"WebPage","@id":"https:\/\/novaorg.cofb.net\/2016\/09\/22\/trobada-de-responsabilitat-social-al-cofb-per-recolzar-i-potenciar-projectes-solidaris\/","url":"https:\/\/novaorg.cofb.net\/2016\/09\/22\/trobada-de-responsabilitat-social-al-cofb-per-recolzar-i-potenciar-projectes-solidaris\/","name":"Trobada de Responsabilitat Social al COFB per recolzar i potenciar projectes solidaris - Col\u00b7legi de Farmac\u00e8utics de Barcelona","isPartOf":{"@id":"https:\/\/www.cofb.org\/#website"},"primaryImageOfPage":{"@id":"https:\/\/novaorg.cofb.net\/2016\/09\/22\/trobada-de-responsabilitat-social-al-cofb-per-recolzar-i-potenciar-projectes-solidaris\/#primaryimage"},"image":{"@id":"https:\/\/novaorg.cofb.net\/2016\/09\/22\/trobada-de-responsabilitat-social-al-cofb-per-recolzar-i-potenciar-projectes-solidaris\/#primaryimage"},"thumbnailUrl":"","datePublished":"2016-09-22T15:02:27+00:00","dateModified":"2016-09-22T15:02:27+00:00","breadcrumb":{"@id":"https:\/\/novaorg.cofb.net\/2016\/09\/22\/trobada-de-responsabilitat-social-al-cofb-per-recolzar-i-potenciar-projectes-solidaris\/#breadcrumb"},"inLanguage":"es","potentialAction":[{"@type":"ReadAction","target":["https:\/\/novaorg.cofb.net\/2016\/09\/22\/trobada-de-responsabilitat-social-al-cofb-per-recolzar-i-potenciar-projectes-solidaris\/"]}]},{"@type":"ImageObject","inLanguage":"es","@id":"https:\/\/novaorg.cofb.net\/2016\/09\/22\/trobada-de-responsabilitat-social-al-cofb-per-recolzar-i-potenciar-projectes-solidaris\/#primaryimage","url":"","contentUrl":""},{"@type":"BreadcrumbList","@id":"https:\/\/novaorg.cofb.net\/2016\/09\/22\/trobada-de-responsabilitat-social-al-cofb-per-recolzar-i-potenciar-projectes-solidaris\/#breadcrumb","itemListElement":[{"@type":"ListItem","position":1,"name":"Inici","item":"https:\/\/novaorg.cofb.net\/"},{"@type":"ListItem","position":2,"name":"Trobada de Responsabilitat Social al COFB per recolzar i potenciar projectes solidaris"}]},{"@type":"WebSite","@id":"https:\/\/www.cofb.org\/#website","url":"https:\/\/www.cofb.org\/","name":"Col\u00b7legi de Farmac\u00e8utics de Barcelona","description":"","publisher":{"@id":"https:\/\/www.cofb.org\/#organization"},"potentialAction":[{"@type":"SearchAction","target":{"@type":"EntryPoint","urlTemplate":"https:\/\/www.cofb.org\/?s={search_term_string}"},"query-input":"required name=search_term_string"}],"inLanguage":"es"},{"@type":"Organization","@id":"https:\/\/www.cofb.org\/#organization","name":"Col\u00b7legi de Farmac\u00e8utics de Barcelona","url":"https:\/\/www.cofb.org\/","logo":{"@type":"ImageObject","inLanguage":"es","@id":"https:\/\/www.cofb.org\/#\/schema\/logo\/image\/","url":"https:\/\/www.cofb.org\/wp-content\/uploads\/2023\/11\/cropped-Logotip-COFB.png","contentUrl":"https:\/\/www.cofb.org\/wp-content\/uploads\/2023\/11\/cropped-Logotip-COFB.png","width":500,"height":105,"caption":"Col\u00b7legi de Farmac\u00e8utics de Barcelona"},"image":{"@id":"https:\/\/www.cofb.org\/#\/schema\/logo\/image\/"},"sameAs":["https:\/\/www.facebook.com\/farmaceuticsbcn\/","https:\/\/twitter.com\/farmaceuticsbcn","https:\/\/www.instagram.com\/farmaceuticsbcn\/","https:\/\/www.linkedin.com\/company\/farmaceuticsbcn\/"]},{"@type":"Person","@id":"https:\/\/www.cofb.org\/#\/schema\/person\/22ed7eea88da74b0fa4d3154ad87ffcb","name":"wpAdminCofbOrg","image":{"@type":"ImageObject","inLanguage":"es","@id":"https:\/\/www.cofb.org\/#\/schema\/person\/image\/","url":"https:\/\/secure.gravatar.com\/avatar\/1721b20b3b8ca882c3b56ec6c978c594fff670e40c0718e9190eaeeb76aae7d8?s=96&d=mm&r=g","contentUrl":"https:\/\/secure.gravatar.com\/avatar\/1721b20b3b8ca882c3b56ec6c978c594fff670e40c0718e9190eaeeb76aae7d8?s=96&d=mm&r=g","caption":"wpAdminCofbOrg"},"sameAs":["http:\/\/192.168.64.122\/wordpress"],"url":"https:\/\/www.cofb.org\/es\/author\/wpadmincofborg\/"}]}},"uagb_featured_image_src":{"full":false,"thumbnail":false,"medium":false,"medium_large":false,"large":false,"1536x1536":false,"2048x2048":false,"trp-custom-language-flag":false},"uagb_author_info":{"display_name":"wpAdminCofbOrg","author_link":"https:\/\/www.cofb.org\/es\/author\/wpadmincofborg\/"},"uagb_comment_info":0,"uagb_excerpt":"Quins projectes solidaris t\u00e9 el COFB en marxa? Qu\u00e8 podem fer per aportar m\u00e9s valor al nostre entorn? Com podem implicar-nos en la Comissi\u00f3 de Comprom\u00eds Social? S&#8217;ha organitzat una trobada al Col\u00b7legi per parlar-ne, revisar projectes interessants amb els quals els farmac\u00e8utics participen o han col\u00b7laborat i engrescar-los en [&hellip;]","_links":{"self":[{"href":"https:\/\/www.cofb.org\/es\/wp-json\/wp\/v2\/posts\/24439","targetHints":{"allow":["GET"]}}],"collection":[{"href":"https:\/\/www.cofb.org\/es\/wp-json\/wp\/v2\/posts"}],"about":[{"href":"https:\/\/www.cofb.org\/es\/wp-json\/wp\/v2\/types\/post"}],"author":[{"embeddable":true,"href":"https:\/\/www.cofb.org\/es\/wp-json\/wp\/v2\/users\/1"}],"replies":[{"embeddable":true,"href":"https:\/\/www.cofb.org\/es\/wp-json\/wp\/v2\/comments?post=24439"}],"version-history":[{"count":0,"href":"https:\/\/www.cofb.org\/es\/wp-json\/wp\/v2\/posts\/24439\/revisions"}],"wp:featuredmedia":[{"embeddable":true,"href":"https:\/\/www.cofb.org\/es\/wp-json\/"}],"wp:attachment":[{"href":"https:\/\/www.cofb.org\/es\/wp-json\/wp\/v2\/media?parent=24439"}],"wp:term":[{"taxonomy":"category","embeddable":true,"href":"https:\/\/www.cofb.org\/es\/wp-json\/wp\/v2\/categories?post=24439"},{"taxonomy":"post_tag","embeddable":true,"href":"https:\/\/www.cofb.org\/es\/wp-json\/wp\/v2\/tags?post=24439"}],"curies":[{"name":"wp","href":"https:\/\/api.w.org\/{rel}","templated":true}]}}