{"id":23153,"date":"2016-07-15T12:12:26","date_gmt":"2016-07-15T11:12:26","guid":{"rendered":"http:\/\/blog.cofb.cat\/?p=23153"},"modified":"2016-07-15T12:12:26","modified_gmt":"2016-07-15T11:12:26","slug":"juny-els-impagaments-i-la-campanya-contra-el-cancer-de-pell-entre-els-temes-mes-destacats-als-mitjans-de-comunicacio","status":"publish","type":"post","link":"https:\/\/www.cofb.org\/es\/2016\/07\/15\/juny-els-impagaments-i-la-campanya-contra-el-cancer-de-pell-entre-els-temes-mes-destacats-als-mitjans-de-comunicacio\/","title":{"rendered":"Junio: los impagos y la campa\u00f1a contra el c\u00e1ncer de piel, entre los temas m\u00e1s destacados en los medios de comunicaci\u00f3n"},"content":{"rendered":"<div class=\"box shadow\"><b>Situaci\u00f3n econ\u00f3mica <\/b><\/p>\n<p>[caption id=&quot;attachment_23185&quot; align=&quot;alignleft&quot; width=&quot;270&quot;]<a href=\"http:\/\/www.correofarmaceutico.com\/2016\/05\/31\/al-dia\/profesion\/cataluna-cobra-parte-de-las-facturas-pendientes-de-febrero-y-marzo\" target=\"_blank\" rel=\"noopener\"><img decoding=\"async\" class=\"wp-image-23185\" alt=\"1. CF\" src=\"http:\/\/blog.cofb.cat\/wp-content\/uploads\/2016\/07\/1.-CF1-300x98.jpg\" width=\"270\" height=\"88\" \/><\/a> Noticia del Correo Farmac\u00e9utico informando del cobro[\/caption]<\/p>\n<p>[caption id=&quot;attachment_23208&quot; align=&quot;alignright&quot; width=&quot;230&quot;]<a href=\"http:\/\/www.europapress.es\/catalunya\/noticia-farmacias-catalanas-acumulan-deuda-mas-200-millones-euros-20160603133915.html\" target=\"_blank\" rel=\"noopener\"><img decoding=\"async\" class=\"wp-image-23208\" alt=\"1.2 EP\" src=\"http:\/\/blog.cofb.cat\/wp-content\/uploads\/2016\/07\/1.2-EP.jpg\" width=\"230\" height=\"213\" \/><\/a> Europa Press explica la deuda[\/caption]<\/p>\n<p>&nbsp;<\/p>\n<p>&nbsp;<\/p>\n<p>&nbsp;<\/p>\n<p>&nbsp;<\/p>\n<p>Pusimos en junio con el\u00a0<b>cobro parcial de dos meses atrasados<\/b>, concretamente, el 76% de febrero y el 24% de marzo y con<b>\u00a0<a href=\"http:\/\/blog.cofb.cat\/sacumula-amb-les-farmacies-catalanes-un-deute-que-supera-els-200me\/\">el impago<\/a> por parte de la Administraci\u00f3n en las farmacias catalanas que hac\u00eda aumentar la deuda a m\u00e1s de 200 millones de euros<\/b>\u00a0<strong>y que volvimos a denunciar a los medios de comunicaci\u00f3n<\/strong>.\u00a0<a href=\"http:\/\/www.elglobal.net\/noticias-medicamento\/2016-06-01\/farmacia\/el-fla-alivia-una-vez-mas-la-deuda-de-cataluna-con-sus-farmacias-y-baleares-pone-fin-al-retraso\/pagina.aspx?idart=985769\" target=\"_blank\" rel=\"noopener\">El Global<\/a>, <a href=\"http:\/\/www.correofarmaceutico.com\/2016\/05\/31\/al-dia\/profesion\/cataluna-cobra-parte-de-las-facturas-pendientes-de-febrero-y-marzo\" target=\"_blank\" rel=\"noopener\">Correo Farmac\u00e9utico<\/a> y <a href=\"http:\/\/www.imfarmacias.es\/noticia\/9804\/las-farmacias-catalanas-ingresan-116-millones-de-hacienda_utm_source=news_2016-06-02&amp;utm_medium=2016-06-02&amp;utm_campaign=mailing&amp;email=0\" target=\"_blank\" rel=\"noopener\">IM Farmacias<\/a>, hicieron eco del cobro y, por otra parte, <a href=\"http:\/\/www.europapress.es\/catalunya\/noticia-farmacias-catalanas-acumulan-deuda-mas-200-millones-euros-20160603133915.html\" target=\"_blank\" rel=\"noopener\">Europa Press<\/a>,\u00a0<a href=\"http:\/\/www.elmundo.es\/cataluna\/2016\/06\/03\/57516680e5fdeac0118b4571.html\" target=\"_blank\" rel=\"noopener\">El Mundo<\/a>, <a href=\"http:\/\/www.20minutos.es\/noticia\/2763478\/0\/generalitat-aumenta\/deuda-farmacias\/208-millones\/#xtor=AD-15&amp;xts=467263\" target=\"_blank\" rel=\"noopener\">20 minutos<\/a>,\u00a0<a href=\"http:\/\/www.eleconomista.es\/comunidades_autonomas\/noticias\/7612267\/06\/16\/Las-farmacias-catalanas-acumulan-una-deuda-de-mas-de-200-millones-de-euros.html\" target=\"_blank\" rel=\"noopener\">El Economista<\/a>, La Raz\u00f3n Catalu\u00f1a,\u00a0<a href=\"http:\/\/www.diaridegirona.cat\/catalunya\/2016\/06\/04\/generalitat-torna-augmentar-fins-208\/786799.html\" target=\"_blank\" rel=\"noopener\">La Opini\u00f3n de Zamora<\/a>, Diario de Tarragona, Regi\u00f3n 7, \u00a0<a href=\"http:\/\/noticias.lainformacion.com\/salud\/medicamentos\/farmacias-catalanas-acumulan-millones-euros_0_922708433.html\" target=\"_blank\" rel=\"noopener\">La Informaci\u00f3n<\/a>, <a href=\"http:\/\/www.catalunyapress.es\/texto-diario\/mostrar\/452980\/farmaceuticos-no-notan-cambio-200-millones-deuda-acumulada\" target=\"_blank\" rel=\"noopener\">Catalu\u00f1a Press<\/a>, <a href=\"http:\/\/eldia.es\/agencias\/8715011-IMPAGO-FARMACIAS-Generalitat-vuelve-aumentar-millones-deuda-farmacias\" target=\"_blank\" rel=\"noopener\">El D\u00eda<\/a>, <a href=\"http:\/\/www.gentedigital.es\/barcelona\/noticia\/1922813\/las-farmacias-catalanas-acumulan-una-deuda-de-mas-de-200-millones-de-euros\/\" target=\"_blank\" rel=\"noopener\">Gente en Barcelona<\/a>, <a href=\"http:\/\/www.aldia.cat\/gent\/noticia-les-farmacies-catalanes-acumulen-deute-mes-200-milions-deuros-20160603134450.html\" target=\"_blank\" rel=\"noopener\">En el D\u00eda<\/a>, en prensa generalista, y El Global (<a href=\"http:\/\/www.elglobal.net\/noticias-medicamento\/2016-06-03\/politica-sanitaria\/el-presupuesto-farmaceutico-catalan-crece-50-puntos-por-debajo-de-lo-que-querrian-los-cof\/pagina.aspx?idart=985850\" target=\"_blank\" rel=\"noopener\">1<\/a>\u00a0y <a href=\"http:\/\/www.elglobal.net\/noticias-medicamento\/2016-06-03\/politica-sanitaria\/hacienda-toma-el-control-de-ocho-comunidades-y-espera-a-la-comunidad-valenciana\/pagina.aspx?idart=985848\" target=\"_blank\" rel=\"noopener\">2<\/a>), <a href=\"http:\/\/www.correofarmaceutico.com\/2016\/06\/03\/al-dia\/profesion\/la-deuda-con-las-farmacias-catalanas-vuelve-a-superar-los-200-millones\" target=\"_blank\" rel=\"noopener\">Correo Farmac\u00e9utico<\/a>, <a href=\"http:\/\/www.elfarmaceutico.es\/index.php\/noticias-actualidad-farmaceutica\/item\/7132-la-deuda-a-las-farmacias-catalanas-supera-los-200-millones-de-euros#.V1Uq-fmLRD8\" target=\"_blank\" rel=\"noopener\">El Farmac\u00e9utico<\/a>, <a href=\"http:\/\/www.imfarmacias.es\/noticia\/9832\/el-cofb-confirma-un-nuevo-impago-a-las-farmacias-catalanas-y-la-deuda-vuelve-a-superar-los-200-millones-de-euros\" target=\"_blank\" rel=\"noopener\">IM Farmacias<\/a>, <a href=\"http:\/\/www.diariofarma.com\/2016\/06\/03\/la-deuda-con-las-farmacias-catalanas-alcanza-los-208-millones?id=26472\" target=\"_blank\" rel=\"noopener\">Diariofarma<\/a>,\u00a0<a href=\"http:\/\/www.consalud.es\/comunidades-autonomas\/nuevo-impago-de-cataluna-a-las-farmacias-la-deuda-supera-los-200-millones-de-euros-27272\" target=\"_blank\" rel=\"noopener\">ConSalud<\/a>, <a href=\"http:\/\/www.actasanitaria.com\/la-deuda-de-la-generalitat-con-las-farmacias-catalanas-supera-ya-los-200me\/\" target=\"_blank\" rel=\"noopener\">Acta Sanitaria<\/a>, <a href=\"http:\/\/www.revistaacofar.com\/revista\/actualidad\/actualidades\/8181-se-acumula-con-las-farmacias-catalanas-una-deuda-que-supera-los-200m\" target=\"_blank\" rel=\"noopener\">Revista Acofar<\/a>, <a href=\"http:\/\/revistafarmanatur.com\/gestion-farmaceutica\/la-deuda-las-farmacias-catalanas-supera-los-200me\/\" target=\"_blank\" rel=\"noopener\">Farmanaturo<\/a> y Sanifax en especializada, informaron sobre la deuda.<\/p>\n<p>[caption id=&quot;attachment_23285&quot; align=&quot;alignleft&quot; width=&quot;300&quot;]<a href=\"http:\/\/www.lavanguardia.com\/vida\/20160616\/402554369200\/el-govern-es-compromet-a-rebaixar-a-60-dies-els-pagaments-a-les-farmacies-de-juliol-i-agost.html\" target=\"_blank\" rel=\"noopener\"><img decoding=\"async\" class=\"size-medium wp-image-23285\" alt=\"1.3 LV\" src=\"http:\/\/blog.cofb.cat\/wp-content\/uploads\/2016\/07\/1.3-LV-300x82.jpg\" width=\"300\" height=\"82\" \/><\/a> La Vanguardia era uno de los medios que explicaba la reducci\u00f3n del impago de 80 a 60 d\u00edas durante julio y agosto[\/caption]<\/p>\n<p>Dos semanas despu\u00e9s algunos medios (<a href=\"http:\/\/www.lavanguardia.com\/vida\/20160616\/402554369200\/el-govern-es-compromet-a-rebaixar-a-60-dies-els-pagaments-a-les-farmacies-de-juliol-i-agost.html\" target=\"_blank\" rel=\"noopener\">La Vanguardia<\/a>, <a href=\"http:\/\/www.vilaweb.cat\/noticies\/el-govern-es-compromet-a-rebaixar-a-60-dies-els-pagaments-a-les-farmacies-de-juliol-i-agost\/\" target=\"_blank\" rel=\"noopener\">Vilaweb<\/a>, <a href=\"http:\/\/www.naciodigital.cat\/noticia\/110596\/govern\/es\/compromet\/rebaixar\/60\/dies\/pagaments\/farmacies\/juliol\/agost\" target=\"_blank\" rel=\"noopener\">Naci\u00f3n Digital<\/a>,\u00a0<a href=\"http:\/\/www.directe.cat\/acn\/718458\/el-govern-es-compromet-a-rebaixar-a-60-dies-els-pagaments-a-les-farmacies-de-juliol-i-agos\" target=\"_blank\" rel=\"noopener\">Directo.cat<\/a>, <a href=\"http:\/\/www.elglobal.net\/noticias-medicamento\/2016-06-17\/farmacia\/la-recepcion-del-fla-permite-a-cataluna-reducir-los-retrasos-en-el-pago-de-recetas\/pagina.aspx?idart=988150\" target=\"_blank\" rel=\"noopener\">El Global<\/a>,\u00a0<a href=\"http:\/\/www.correofarmaceutico.com\/2016\/06\/20\/al-dia\/profesion\/cataluna-dice-que-pagara-en-julio-y-agosto-a-60-dias-\" target=\"_blank\" rel=\"noopener\">Correo Farmac\u00e9utico<\/a>, <a href=\"http:\/\/www.imfarmacias.es\/noticia\/9946\/cataluna-reducira-este-verano-el-pago-a-las-farmacias-y-lo-ejecutara-a-60-dias_utm_source=news_2016-06-20&amp;utm_medium=2016-06-20&amp;utm_campaign=mailing&amp;email=0\" target=\"_blank\" rel=\"noopener\">IM Farmacias<\/a> y <a href=\"http:\/\/www.diariofarma.com\/2016\/06\/17\/cataluna-mejorara-el-pago-a-las-farmacias-de-80-a-60-dias?id=26740\" target=\"_blank\" rel=\"noopener\">Diariofarma<\/a>) recog\u00edan que<b>\u00a0el Gobierno de Catalu\u00f1a se compromet\u00eda a reducir el retraso en 60 d\u00edas durante los meses de julio y agosto.<\/b><\/div>\n<p><b><div class=\"box shadow\"><\/b><\/p>\n[caption id=&quot;attachment_23173&quot; align=&quot;alignright&quot; width=&quot;300&quot;]<a href=\"http:\/\/www.ccma.cat\/tv3\/alacarta\/programa\/farmacies-de-barcelona-comencen-una-campanya-de-prevencio-del-cancer-de-pell\/video\/5605130\/\"><img loading=\"lazy\" decoding=\"async\" class=\"size-medium wp-image-23173\" alt=\"2 TV3 (opci\u00f32)\" src=\"http:\/\/blog.cofb.cat\/wp-content\/uploads\/2016\/07\/2-TV3-opci\u00f32-300x278.jpg\" width=\"300\" height=\"278\" \/><\/a> TV3 reserv\u00f3 un espacio para explicar la campa\u00f1a[\/caption]\n<p><a href=\"http:\/\/blog.cofb.cat\/amplia-participacio-a-la-campanya-per-detectar-els-riscos-de-patir-un-cancer-de-pell-engegada-des-de-les-farmacies-de-barcelona-i-lhospital-clinic\/\" target=\"_blank\" rel=\"noopener\"><b>Campa\u00f1a de prevenci\u00f3n del c\u00e1ncer de piel \u201cAntes de dejarte la piel, consulta\u201d<\/b><\/a><\/p>\n<p>En junio finaliz\u00f3 <b>una de las campa\u00f1as que ha obtenido mayor repercusi\u00f3n por parte de los medios<\/b>. Se trata de una iniciativa que puso en marcha entre el 23 de mayo, D\u00eda Mundial del Melanoma, y el 13 de junio, coincidiendo con el D\u00eda Europeo de la Prevenci\u00f3n del C\u00e1ncer de Piel, el Colegio y la Unidad de Melanoma del Hospital Cl\u00ednic de Barcelona para prevenir el c\u00e1ncer de piel <a href=\"http:\/\/blog.cofb.cat\/amplia-participacio-a-la-campanya-per-detectar-els-riscos-de-patir-un-cancer-de-pell-engegada-des-de-les-farmacies-de-barcelona-i-lhospital-clinic\/\" target=\"_blank\" rel=\"noopener\">El proyecto, bajo el lema <b>\u201cAntes de dejarte la piel, consulta\u201d<\/b>, permit\u00eda que los ciudadanos se dirigieran a las farmacias para evaluar sus factores de riesgo a la hora de sufrir un c\u00e1ncer de piel<\/a>.<\/p>\n[caption id=&quot;attachment_23234&quot; align=&quot;alignleft&quot; width=&quot;300&quot;]<a href=\"http:\/\/www.elperiodico.cat\/ca\/noticias\/barcelona\/campanya-per-prevenir-cancer-pell-farmacies-barcelona-5184575\" target=\"_blank\" rel=\"noopener\"><img loading=\"lazy\" decoding=\"async\" class=\"size-medium wp-image-23234\" alt=\"2.1 ElPer\" src=\"http:\/\/blog.cofb.cat\/wp-content\/uploads\/2016\/07\/2.1-ElPer1-300x265.jpg\" width=\"300\" height=\"265\" \/><\/a> Repercusi\u00f3n de El Peri\u00f3dico informando de la campa\u00f1a[\/caption]\n<p>El COFB convoc\u00f3 una rueda de prensa para informar de ello con <strong>N\u00faria Bosch<\/strong>, <strong>anterior vocal de Dermofarmacia y Productos Sanitarios y actual vicetesorera del Colegio, y el dr. Josep Malvehy, director y coordinador de la Unidad de Melanoma del Hospital Cl\u00ednic de Barcelona<\/strong>, como portavoces. Numerosos medios se hicieron eco:\u00a0<a href=\"http:\/\/www.ccma.cat\/tv3\/alacarta\/programa\/farmacies-de-barcelona-comencen-una-campanya-de-prevencio-del-cancer-de-pell\/video\/5605130\/\" target=\"_blank\" rel=\"noopener\">TV3 Comarcas<\/a>, <a href=\"http:\/\/www.rtve.es\/alacarta\/videos\/linformatiu\/informatiu-06juny\/3625942\/\" target=\"_blank\" rel=\"noopener\">TVE1 Catalu\u00f1a<\/a>\u00a0(del minuto 13&#039;49\u201d al 15&#039;30\u201d), <a href=\"http:\/\/www.btv.cat\/btvnoticies\/2016\/06\/06\/campanya-farmacies-cancer-de-pell\/\" target=\"_blank\" rel=\"noopener\">BTV<\/a> en televisi\u00f3n; Rac1, <a href=\"http:\/\/www.ccma.cat\/catradio\/alacarta\/la-vida\/les-farmacies-contra-el-melanoma\/audio\/924207\/#.V1VobCfWS2s.twitter\" target=\"_blank\" rel=\"noopener\">Catalu\u00f1a Radio<\/a>, Cope Catalu\u00f1a (<a href=\"http:\/\/www.cope.es\/player\/20160606_informatiu_migdia&amp;id=2016060710040001&amp;activo=10\" target=\"_blank\" rel=\"noopener\">1<\/a> y <a href=\"http:\/\/www.cope.es\/player\/280-farmacies-barcelonines-ofereixen-consells-per-prevenir-el-cancer-de-pell-amb-larrribada-de-la-temporada-de-platja-nuria-bosch-vicetesorera-del-cofb&amp;id=2016060618510001&amp;activo=10\" target=\"_blank\" rel=\"noopener\">2<\/a>), <a href=\"http:\/\/www.ivoox.com\/2016-06-20-i-com-estas-salut-audios-mp3_rf_11961767_1.html\" target=\"_blank\" rel=\"noopener\">Matar\u00f3 Radio<\/a>\u00a0(del minuto 41&#039;06\u201d al 53\u2032) y <a href=\"http:\/\/podcast.radiocubelles.cat\/images\/stories\/media\/audio\/programes\/informatiu\/2016\/2016_06_13_INFORMATIU.MP3\" target=\"_blank\" rel=\"noopener\">Radio Cubelles<\/a>\u00a0(del minuto 9&#039;31\u201d al 11&#039;32\u201d) en radio, y <a href=\"http:\/\/www.lavanguardia.com\/vida\/20160606\/402319351205\/medicos-y-farmaceuticos-advierten-del-peligro-del-sol-como-origen-cancer-piel.html\" target=\"_blank\" rel=\"noopener\">La Vanguardia<\/a>, <a href=\"http:\/\/www.elperiodico.cat\/ca\/noticias\/barcelona\/campanya-per-prevenir-cancer-pell-farmacies-barcelona-5184575\" target=\"_blank\" rel=\"noopener\">El Peri\u00f3dico<\/a>, La Raz\u00f3n, <a href=\"http:\/\/ecodiario.eleconomista.es\/salud\/noticias\/7615921\/06\/16\/Medicos-y-farmaceuticos-advierten-del-peligro-del-sol-como-origen-del-cancer-de-piel.html\" target=\"_blank\" rel=\"noopener\">El Economista<\/a>, <a href=\"http:\/\/www.aldia.cat\/gent\/noticia-unes-280-farmacies-barcelona-ofereixen-consells-per-prevenir-cancer-pell-20160606130502.html\" target=\"_blank\" rel=\"noopener\">En el D\u00eda<\/a>, <a href=\"http:\/\/www.diaridetarragona.com\/catalunya\/63913\/metges-i-farmaceutics-avisen-del-perill-del-sol-com-a-origen-del-cancer-de-pell#.V1cAFMUvnSw.twitter\" target=\"_blank\" rel=\"noopener\">Diario de Tarragona<\/a>, <a href=\"http:\/\/www.diarideterrassa.es\/terrassa\/2016\/06\/12\/sol-procura-cremar\/31770.html\" target=\"_blank\" rel=\"noopener\">Diario de Terrassa<\/a>, <a href=\"http:\/\/www.eixdiari.cat\/societat\/doc\/63690\/mes-de-2500-persones-participen-en-una-campanya-de-les-farmacies-per-detectar-cancer-de-pell.html\" target=\"_blank\" rel=\"noopener\">Eje Diario<\/a>, <a href=\"http:\/\/www.terrassadigital.cat\/detall_actualitat\/?id=30790&amp;key=b7fa8bc20294ba389e3442e4c6fd920d#.V2EeFLuLRMx\" target=\"_blank\" rel=\"noopener\">Canal Terrassa<\/a>, <a href=\"http:\/\/www.elglobal.net\/noticias-medicamento\/2016-06-08\/portada\/los-farmaceuticos-de-barcelona-se-dejan-la-piel-detectando-riesgos-de-cancer-cutaneo-en-la-poblacion\/pagina.aspx?idart=986985\" target=\"_blank\" rel=\"noopener\">El Global<\/a>, <a href=\"http:\/\/www.correofarmaceutico.com\/2016\/06\/06\/al-dia\/entorno\/farmacias-de-barcelona-criban-pacientes-con-indicios-de-cancer-de-piel\" target=\"_blank\" rel=\"noopener\">Correo Farmac\u00e9utico<\/a> (<a href=\"http:\/\/www.correofarmaceutico.com\/tododermo\/tu-gestionas\/farmacias-de-barcelona-contra-el-cancer-de-piel\" target=\"_blank\" rel=\"noopener\">Todo Dermo<\/a>), <a href=\"http:\/\/www.elfarmaceutico.es\/index.php\/noticias-actualidad-farmaceutica\/item\/7087-la-campana-antes-de-dejarte-la-piel-consulta-enfila-su-ultima-semana#.V1aQ__mLRMw\" target=\"_blank\" rel=\"noopener\">El Farmac\u00e9utico<\/a>, <a href=\"http:\/\/www.imfarmacias.es\/noticia\/9843\/mas-de-2500-personas-ya-han-participado-en-la-campana-antes-de-dejarte-la-piel-consulta\" target=\"_blank\" rel=\"noopener\">IM Farmacias<\/a>, <a href=\"http:\/\/www.actasanitaria.com\/el-colegio-farmaceutico-de-barcelona-destaca-la-participacion-en-su-campana-de-cancer-de-piel\/\" target=\"_blank\" rel=\"noopener\">Acta Sanitaria<\/a>, <a href=\"http:\/\/www.diariofarma.com\/2016\/06\/06\/las-farmacias-de-barcelona-han-informado-ya-a-2-500-personas-sobre-factores-de-riesgo-en-cancer-de-piel-2?id=26499\" target=\"_blank\" rel=\"noopener\">DiarioFarma<\/a>, Gaceta M\u00e9dica, <a href=\"http:\/\/www.revistaacofar.com\/revista\/actualidad\/actualidades\/8175-amplia-participacion-en-la-campana-para-detectar-los-riesgos-de-sufrir-un-cancer-de-piel-puesta-en-marcha-desde-las-farmacias-de-barcelona-y-el-hospital-clinic\" target=\"_blank\" rel=\"noopener\">Revista Acofar<\/a>, <a href=\"http:\/\/pfarma.es\/los-farmaceuticos-de-barcelona-evaluan-los-factores-de-riesgo-de-sufrir-cancer-de-piel\/\" target=\"_blank\" rel=\"noopener\">PM Farma<\/a> y Sanifax en prensa de papel y digital.<b><\/div><\/b><\/p>\n<figure id=\"attachment_23243\" aria-describedby=\"caption-attachment-23243\" style=\"width: 208px\" class=\"wp-caption alignright\"><a href=\"http:\/\/www.elglobal.net\/noticias-medicamento\/2016-06-16\/farmacia\/los-farmaceuticos-de-barcelona-analizan-el-estado-de-la-implementacion-de-las-bpd\/pagina.aspx?idart=988327\" target=\"_blank\" rel=\"noopener\"><img loading=\"lazy\" decoding=\"async\" class=\"wp-image-23243\" alt=\"3. EG\" src=\"http:\/\/blog.cofb.cat\/wp-content\/uploads\/2016\/07\/3.-EG-231x300.jpg\" width=\"208\" height=\"270\" \/><\/a><figcaption id=\"caption-attachment-23243\" class=\"wp-caption-text\">El Global fue uno de los medios que profundiz\u00f3 sobre esta Jornada de Distribuci\u00f3n<\/figcaption><\/figure>\n<p><b><div class=\"box shadow\"><\/b><a href=\"http:\/\/blog.cofb.cat\/la-implementacio-de-les-bones-practiques-de-distribucio-de-medicaments-a-debat-entre-els-professionals-farmaceutics\/\" target=\"_blank\" rel=\"noopener\"><b>Jornada de distribuci\u00f3n en el COFB<\/b><\/a><\/p>\n<p><a href=\"http:\/\/www.elglobal.net\/noticias-medicamento\/2016-06-16\/farmacia\/los-farmaceuticos-de-barcelona-analizan-el-estado-de-la-implementacion-de-las-bpd\/pagina.aspx?idart=988327\" target=\"_blank\" rel=\"noopener\">El Global<\/a>, <a href=\"http:\/\/elfarmaceutico.es\/index.php\/noticias-actualidad-farmaceutica\/item\/7174-los-profesionales-farmaceuticos-debaten-sobre-situacion-actual-de-la-implementacion-de-las-buenas-practicas-de-distribucion-de-medicamentos#.V2OyTruLRMw\" target=\"_blank\" rel=\"noopener\">El Farmac\u00e9utico<\/a>, <a href=\"http:\/\/www.imfarmacias.es\/noticia\/9942\/cofb-y-aefi-analizan-el-estado-de-la-implementacion-de-las-buenas-practicas-de-distribucion-de-medicamentos\" target=\"_blank\" rel=\"noopener\">IM Farmacias<\/a>, <a href=\"http:\/\/www.actasanitaria.com\/el-cofb-insta-implementar-un-sistema-que-verifique-la-autenticidad-de-los-medicamentos\/\" target=\"_blank\" rel=\"noopener\">Acta Sanitaria<\/a>, <a href=\"http:\/\/www.diariofarma.com\/2016\/06\/16\/los-actuales-retos-de-la-distribucion-a-debate-en-barcelona?id=26734\" target=\"_blank\" rel=\"noopener\">Diariofarma<\/a> y Sanifax informaron sobre la<b> Jornada de distribuci\u00f3n farmac\u00e9utica <\/b>del 15 de junio organizada conjuntamente por el Colegio, el Departamento de Salud y la AEFI. Durante la inauguraci\u00f3n del acto, se hizo \u00e9nfasis en el <b>valor del sector de la distribuci\u00f3n farmac\u00e9utica y los nuevos retos a los que debe hacer frente<\/b>. <b>La actualidad y el futuro de las Buenas Pr\u00e1cticas de Distribuci\u00f3n (BPD), as\u00ed como aspectos a tener en cuenta en el transporte de medicamentos<\/b>, fueron los dos temas centrales de la Jornada, que sirvi\u00f3 como un espacio de reflexi\u00f3n y debate entre los profesionales farmac\u00e9uticos.<b><\/div><\/b><\/p>\n<p><b><div class=\"box shadow\"><\/b><a href=\"http:\/\/blog.cofb.cat\/beques-col%C2%B7legials-2014-2015-que-sha-aconseguit\/\" target=\"_blank\" rel=\"noopener\"><b>Proyectos becados por el Colegio<\/b><\/a><\/p>\n[caption id=&quot;attachment_23177&quot; align=&quot;alignleft&quot; width=&quot;300&quot;]<a href=\"http:\/\/www.imfarmacias.es\/noticia\/10033\/el-seguimiento-de-la-medicacion-desde-la-farmacia-aumentaria-en-mas-de-cinco-anos-la-calidad-de-vida-de-los-pacientes_utm_source=news_2016-06-30&amp;utm_medium=2016-06-30&amp;utm_campaign=mailing&amp;email=0\" target=\"_blank\" rel=\"noopener\"><img loading=\"lazy\" decoding=\"async\" class=\"size-medium wp-image-23177\" alt=\"4. IM\" src=\"http:\/\/blog.cofb.cat\/wp-content\/uploads\/2016\/07\/4.-IM-300x241.jpg\" width=\"300\" height=\"241\" \/><\/a> El medio especializado IM Farmacias publicaba esta noticia haciendo referencia a uno de los proyectos becados del Colegio[\/caption]\n<p>En junio tambi\u00e9n enviamos <a href=\"http:\/\/www.cofb.org\/es\/web\/guest\/Noticia\/-\/journal_content\/56_INSTANCE_V6ao\/10136\/927689\/\" target=\"_blank\" rel=\"noopener\">nota de prensa<\/a> a los medios para comunicar que uno de los proyectos becados por el Colegio hab\u00eda concluido que \u201c<b>se aumentar\u00eda en m\u00e1s de cinco a\u00f1os la calidad de vida de los pacientes a quienes se hace seguimiento de la medicaci\u00f3n desde la farmacia\u201d<\/b>. El estudio, llevado a cabo por un grupo de cinco investigadores -Martha Milena Silva Castro, Anna Font Olivet, Laura Rius Font, Clara Berm\u00fadez Tamayo y Gerardo Colorado D\u00edaz-Caneja- se centr\u00f3 en realizar el seguimiento de 252 pacientes atendidos en la Unidad de Optimizaci\u00f3n de la Farmacoterapia (UOF) de una farmacia de Granollers (Barcelona) durante cuatro a\u00f1os (desde abril de 2011 hasta julio de 2015).<\/p>\n<p>La investigaci\u00f3n, \u201c<b>Evaluaci\u00f3n del Seguimiento Farmacoterap\u00e9utico en Pacientes de una Unidad de Optimizaci\u00f3n de la Farmacoterapia\u201d<\/b>, se ha podido llevar a cabo gracias al apoyo de una de las tres becas que el Colegio otorg\u00f3 durante el curso 2014-2015.<\/p>\n<p>Lo contaron <a href=\"http:\/\/www.elglobal.net\/noticias-medicamento\/2016-06-29\/farmacia\/el-sft-desde-la-botica-aumentaria-en-mas-de-cinco-anos-la-calidad-de-vida-de-los-pacientes\/pagina.aspx?idart=990322&amp;utm_source=mail&amp;utm_medium=newsletter&amp;utm_campaign=elglobal\" target=\"_blank\" rel=\"noopener\">El Global<\/a>, <a href=\"http:\/\/www.correofarmaceutico.com\/2016\/06\/29\/al-dia\/profesion\/el-sft-aumentaria-en-mas-de-cinco-anos-la-calidad-de-vida-de-los-pacientes\" target=\"_blank\" rel=\"noopener\">Correo Farmac\u00e9utico<\/a>, <a href=\"http:\/\/www.redaccionmedica.com\/secciones\/farmacia\/el-seguimiento-farmacoterapeutico-aumenta-5-anos-la-vida-del-paciente-6913\" target=\"_blank\" rel=\"noopener\">Redacci\u00f3n M\u00e9dica<\/a>,\u00a0<a href=\"http:\/\/www.imfarmacias.es\/noticia\/10033\/el-seguimiento-de-la-medicacion-desde-la-farmacia-aumentaria-en-mas-de-cinco-anos-la-calidad-de-vida-de-los-pacientes_utm_source=news_2016-06-30&amp;utm_medium=2016-06-30&amp;utm_campaign=mailing&amp;email=0\" target=\"_blank\" rel=\"noopener\">IM Farmacias<\/a>, <a href=\"http:\/\/www.actasanitaria.com\/un-estudio-gestado-en-el-cofb-revela-que-seguir-la-medicacion-en-farmacia-sube-la-calidad-de-vida\/\" target=\"_blank\" rel=\"noopener\">Acta Sanitaria<\/a>, <a href=\"http:\/\/www.consejosdetufarmaceutico.com\/seguimiento-la-medicacion-la-farmacia-aumenta-mas-5-anos-la-calidad-vida\/\" target=\"_blank\" rel=\"noopener\">Consejos de ti Farmac\u00e9utico<\/a> y Sanifax.<b><\/div><\/b><\/p>\n<p><b><div class=\"box shadow\"><\/b><b>Farmacia asistencial: detecci\u00f3n precoz de c\u00e1ncer de colon<\/b><\/p>\n[caption id=&quot;attachment_23179&quot; align=&quot;alignleft&quot; width=&quot;240&quot;]<a href=\"http:\/\/www.diariofarma.com\/2016\/06\/28\/buena-participacion-en-el-programa-de-deteccion-de-cancer-de-colon-en-farmacias?id=26896?\" target=\"_blank\" rel=\"noopener\"><img loading=\"lazy\" decoding=\"async\" class=\"wp-image-23179\" alt=\"6. Diariofarma\" src=\"http:\/\/blog.cofb.cat\/wp-content\/uploads\/2016\/07\/6.-Diariofarma-300x274.jpg\" width=\"240\" height=\"219\" \/><\/a> Noticia de Diariofarma donde se hace eco del servicio y del informe que detalla las cifras[\/caption]\n<p>El Programa de Detecci\u00f3n Precoz de C\u00e1ncer de Colon y Recto ha vuelto a ser noticia en junio gracias al informe <a href=\"http:\/\/aquas.gencat.cat\/web\/.content\/minisite\/aquas\/publicacions\/2015\/documents\/Resultados_cartera_serveis_salut_publica_2015.pdf\" target=\"_blank\" rel=\"noopener\">\u201cResultados de una cartera de Servicios de salud p\u00fablica en la farmacia comunitaria: cribado de c\u00e1ncer de colon\u201d<\/a> que detallaba los resultados de ese servicio. <b>Hasta cinco miembros del Colegio colaboraron en este estudio<\/b>, Rafael Guayta-Escolies, director de Proyectos e Investigaci\u00f3n del CCFC, Cristina Rodr\u00edguez, jefe del Departamento de Formaci\u00f3n y Desarrollo Profesional del COFB, Mar\u00eda Estrada, del Departamento de Proyectos del COFB, y Merc\u00e8 Barau, anterior vocal de Atenci\u00f3n Farmac\u00e9utica del COFB , cuyo, <a href=\"http:\/\/www.diariofarma.com\/2016\/06\/28\/buena-participacion-en-el-programa-de-deteccion-de-cancer-de-colon-en-farmacias?id=26896?\" target=\"_blank\" rel=\"noopener\">Diariofarma<\/a>, hizo eco.<\/p>\n<p>El medio especializado destaca, entre otras cuestiones, <b>el papel del programa en Catalu\u00f1a, la amplia participaci\u00f3n de la ciudadan\u00eda en este cribado y la apuesta del Departamento de Salud por desplegar este programa en toda Catalu\u00f1a con la participaci\u00f3n de las farmacias.<b><\/div><\/b><\/b><\/p>\n<p><b><b><div class=\"box shadow\"><\/b>Seguimos siendo referencia<\/b><\/p>\n<ul>\n<li><b>Medicamentos que contienen opioisedano<\/b>\n<p>[caption id=&quot;attachment_23181&quot; align=&quot;alignright&quot; width=&quot;206&quot;]<a href=\"http:\/\/www.ara.cat\/societat\/medicaments-dificil-acces-Catalunya_0_1599440066.html\"><img loading=\"lazy\" decoding=\"async\" class=\"wp-image-23181\" alt=\"7.1 ARA\" src=\"http:\/\/blog.cofb.cat\/wp-content\/uploads\/2016\/07\/7.1-ARA-258x300.jpg\" width=\"206\" height=\"240\" \/><\/a> El ARA public\u00f3 este art\u00edculo el 21 de junio con declaraciones de Rafael Guayta, director de proyectos e investigaci\u00f3n del Consell[\/caption]<\/li>\n<\/ul>\n<div>El 21 de junio, el ARA public\u00f3 un art\u00edculo sobre los f\u00e1rmacos derivados del opio presentes en el sistema sanitario, que son <b>la morfina, la code\u00edna y el fenantil<\/b>. Para complementar la noticia, el diario recogi\u00f3 declaraciones de<strong> Rafael Guayta, director de proyectos e investigaci\u00f3n del Consejo de Colegios Farmac\u00e9uticos de Catalunya (CCFC)<\/strong>, donde aseguraba que el consumo de estos medicamentos est\u00e1 &quot;muy regulado&quot; y que el acceso se produce &quot;v\u00eda mercado negro o venta a trav\u00e9s de internet&quot;.<\/div>\n<ul>\n<li><b>Consejos y medidas para el calor<\/b><\/li>\n<\/ul>\n<p>Con la llegada del verano, algunos medios deciden compartir consejos y medidas para hacer frente al calor. En junio, dos radios hablaron y entrevistaron, por un lado, en <strong>Rafael Guayta<\/strong> y, por otra, en <strong>Marta Alcalde, vocal de Dermofarmacia y Productos Sanitarios del Colegio<\/strong>.<\/p>\n<p><a href=\"https:\/\/soundcloud.com\/barcelonafm-91-0\/entrevista-rafael-guaita-consells-prevencio-calor\" target=\"_blank\" rel=\"noopener\">Barcelona FM<\/a> decidi\u00f3 emitir un especial en el que, Guayta, expon\u00eda un conjunto de consejos para prevenir el calor. En cambio, en <a href=\"http:\/\/www.ccma.cat\/catradio\/alacarta\/la-vida\/solucionem-els-problemes-de-suor-excessiva\/audio\/925253\/\" target=\"_blank\" rel=\"noopener\">Catalu\u00f1a Radio<\/a>, en el programa \u201cLa vida\u201d (del minuto 11&#039;03\u201d al 13&#039;47\u201d y del 23&#039;18\u201d al 24&#039;25\u201d), se habl\u00f3 sobre los problemas del sudor excesivo y, Alcalde, aport\u00f3 soluciones a ese problema.<\/p>\n<ul>\n<li><b>La tendencia en formaci\u00f3n: \u201cCursos m\u00e1s pr\u00e1cticos, mucha gesti\u00f3n y servicios\u201d<\/b><\/li>\n<\/ul>\n[caption id=&quot;attachment_23250&quot; align=&quot;alignleft&quot; width=&quot;240&quot;]<a href=\"http:\/\/www.correofarmaceutico.com\/2016\/06\/06\/gestion\/docencia\/cursos-mas-practicos-mucha-gestion-y-servicios\" target=\"_blank\" rel=\"noopener\"><img loading=\"lazy\" decoding=\"async\" class=\"wp-image-23250\" alt=\"7.3 CF\" src=\"http:\/\/blog.cofb.cat\/wp-content\/uploads\/2016\/07\/7.3-CF1-300x105.jpg\" width=\"240\" height=\"84\" \/><\/a> La formaci\u00f3n farmac\u00e9utica, noticia en el Correo Farmac\u00e9utico[\/caption]\n<p>Seg\u00fan una noticia de\u00a0<a href=\"http:\/\/www.correofarmaceutico.com\/2016\/06\/06\/gestion\/docencia\/cursos-mas-practicos-mucha-gestion-y-servicios\" target=\"_blank\" rel=\"noopener\">Correo Farmac\u00e9utico<\/a>, diferentes colegios profesionales del sector confirmaban <strong>una tendencia hacia la formaci\u00f3n pr\u00e1ctica e interactiva<\/strong>, a diferencia de la que se realizaba anteriormente, muy te\u00f3rica. <strong>M\u00f2nica Gallach, responsable del \u00e1rea de Formaci\u00f3n del Departamento de Formaci\u00f3n y Desarrollo del Colegio<\/strong>, corroboraba que esta metodolog\u00eda busca <strong>&quot;fomentar la capacidad de reflexi\u00f3n, el trabajo cooperativo y la transmisi\u00f3n del conocimiento entre los asistentes&quot;.<\/strong><\/p>\n<ul>\n<li><b>Interinidad en farmac\u00e9uticos<\/b>\n<p>[caption id=&quot;attachment_23253&quot; align=&quot;alignright&quot; width=&quot;240&quot;]<a href=\"http:\/\/www.redaccionmedica.com\/secciones\/derecho\/el-constitucional-niega-que-la-interinidad-deba-sumar-en-una-oposicion-1132\" target=\"_blank\" rel=\"noopener\"><img loading=\"lazy\" decoding=\"async\" class=\"wp-image-23253\" alt=\"7.4 RM\" src=\"http:\/\/blog.cofb.cat\/wp-content\/uploads\/2016\/07\/7.4-RM1-300x194.jpg\" width=\"240\" height=\"155\" \/><\/a> Redacci\u00f3n M\u00e9dica informaba de la sentencia del Consitucional[\/caption]<\/li>\n<\/ul>\n<p>El Tribunal Constitucional dict\u00f3<strong> &quot;no considerar la interinidad de los farmac\u00e9uticos como algo que valorar doblemente a cara de acceder a una plaza de funcionario en el Instituto Catal\u00e1n de Salud&quot;<\/strong>, tal y como lo explica <a href=\"http:\/\/www.redaccionmedica.com\/secciones\/derecho\/el-constitucional-niega-que-la-interinidad-deba-sumar-en-una-oposicion-1132\" target=\"_blank\" rel=\"noopener\">Redacci\u00f3n M\u00e9dica<\/a>. El medio cita al Colegio aclarando que la instituci\u00f3n \u201cse encuentra a la espera\u201d de que el Supremo se decante al respecto.<\/p>\n<ul>\n<li><strong>Alimentaci\u00f3n y Nutrici\u00f3n<\/strong><\/li>\n<\/ul>\n<p>Tres medios (<a href=\"http:\/\/www.elimparcial.es\/noticia\/165883\/sociedad\/\" target=\"_blank\" rel=\"noopener\">Lo imparcial<\/a>, <a href=\"http:\/\/www.imfarmacias.es\/noticia\/9888\/el-cofb-con-la-dieta-mediterranea-y-el-consumo-moderado-de-vino-como-fuente-de-salud\" target=\"_blank\" rel=\"noopener\">IM Farmacias<\/a> y <a href=\"https:\/\/www.vinetur.com\/2016060924254\/la-dieta-mediterranea-y-el-consumo-moderado-de-vino-como-fuente-de-salud.html\" target=\"_blank\" rel=\"noopener\">Vinetur<\/a>) compartieron el seminario<strong> \u201cDieta mediterr\u00e1nea, vino y salud\u201d<\/strong> organizado por la Fundaci\u00f3n para la investigaci\u00f3n del vino y la Nutrici\u00f3n (FIVIN) realizada en el Colegio.<\/p>\n[caption id=&quot;attachment_23184&quot; align=&quot;alignleft&quot; width=&quot;240&quot;]<a href=\"http:\/\/www.imfarmacias.es\/noticia\/9888\/el-cofb-con-la-dieta-mediterranea-y-el-consumo-moderado-de-vino-como-fuente-de-salud\" target=\"_blank\" rel=\"noopener\"><img loading=\"lazy\" decoding=\"async\" class=\"wp-image-23184\" alt=\"7.5 IM\" src=\"http:\/\/blog.cofb.cat\/wp-content\/uploads\/2016\/07\/7.5-IM-300x176.jpg\" width=\"240\" height=\"141\" \/><\/a> Repercusi\u00f3n sobre la ponencia \u201cDieta mediterr\u00e1nea, vino y salud\u201d de IM Farmacias[\/caption]\n<p>La ponencia cont\u00f3 con la participaci\u00f3n de un buen n\u00famero de expertos en nutrici\u00f3n y moder\u00f3 el acto<strong> vocal de Alimentaci\u00f3n y Nutrici\u00f3n del Colegio, Anna Bach<\/strong>.<\/p>\n<p>Por \u00faltimo, cabe destacar<strong> la entrevista que la Cope le hizo a Bach en el programa <a href=\"http:\/\/www.cope.es\/player\/elmaticope-2-6-16&amp;id=2016060213570001&amp;activo=10\" target=\"_blank\" rel=\"noopener\">&quot;La ma\u00f1ana de Cope Catalunya y Andorra&quot;<\/a>\u00a0<\/strong>(del minuto 50&#039;54\u201d al 54&#039;04\u201d), donde se habl\u00f3 de la <a href=\"http:\/\/blog.cofb.cat\/dia-nacional-de-la-nutricio-els-farmaceutics-recorden-la-importancia-de-la-hidratacio-en-gent-gran-i-esportistes\/\" target=\"_blank\" rel=\"noopener\">Campa\u00f1a de hidrataci\u00f3n<\/a> promovida por el Colegio.<\/p>\n<p><b><\/div><\/b><\/p>","protected":false},"excerpt":{"rendered":"","protected":false},"author":1,"featured_media":23418,"comment_status":"open","ping_status":"open","sticky":false,"template":"","format":"standard","meta":{"_uag_custom_page_level_css":"","site-sidebar-layout":"default","site-content-layout":"","ast-site-content-layout":"default","site-content-style":"default","site-sidebar-style":"default","ast-global-header-display":"","ast-banner-title-visibility":"","ast-main-header-display":"","ast-hfb-above-header-display":"","ast-hfb-below-header-display":"","ast-hfb-mobile-header-display":"","site-post-title":"","ast-breadcrumbs-content":"","ast-featured-img":"disabled","footer-sml-layout":"","theme-transparent-header-meta":"","adv-header-id-meta":"","stick-header-meta":"","header-above-stick-meta":"","header-main-stick-meta":"","header-below-stick-meta":"","astra-migrate-meta-layouts":"default","ast-page-background-enabled":"default","ast-page-background-meta":{"desktop":{"background-color":"var(--ast-global-color-4)","background-image":"","background-repeat":"repeat","background-position":"center center","background-size":"auto","background-attachment":"scroll","background-type":"","background-media":"","overlay-type":"","overlay-color":"","overlay-opacity":"","overlay-gradient":""},"tablet":{"background-color":"","background-image":"","background-repeat":"repeat","background-position":"center center","background-size":"auto","background-attachment":"scroll","background-type":"","background-media":"","overlay-type":"","overlay-color":"","overlay-opacity":"","overlay-gradient":""},"mobile":{"background-color":"","background-image":"","background-repeat":"repeat","background-position":"center center","background-size":"auto","background-attachment":"scroll","background-type":"","background-media":"","overlay-type":"","overlay-color":"","overlay-opacity":"","overlay-gradient":""}},"ast-content-background-meta":{"desktop":{"background-color":"var(--ast-global-color-5)","background-image":"","background-repeat":"repeat","background-position":"center center","background-size":"auto","background-attachment":"scroll","background-type":"","background-media":"","overlay-type":"","overlay-color":"","overlay-opacity":"","overlay-gradient":""},"tablet":{"background-color":"var(--ast-global-color-5)","background-image":"","background-repeat":"repeat","background-position":"center center","background-size":"auto","background-attachment":"scroll","background-type":"","background-media":"","overlay-type":"","overlay-color":"","overlay-opacity":"","overlay-gradient":""},"mobile":{"background-color":"var(--ast-global-color-5)","background-image":"","background-repeat":"repeat","background-position":"center center","background-size":"auto","background-attachment":"scroll","background-type":"","background-media":"","overlay-type":"","overlay-color":"","overlay-opacity":"","overlay-gradient":""}},"footnotes":""},"categories":[23,32],"tags":[2442,16,2231,2229,2230,2443,2444,2445,70,2209,83,2133,2422,2420,2386,62],"class_list":["post-23153","post","type-post","status-publish","format-standard","has-post-thumbnail","hentry","category-destacats","category-noticies-farmacia","tag-abans-de-deixar-thi-la-pell","tag-alimentacio-i-nutricio","tag-aprofarm","tag-bones-practiques-de-distribucio","tag-bpd","tag-campanya-prevencio-cancer-de-pell","tag-consulta","tag-deute","tag-formacio","tag-forum-aprofarm","tag-hidratacio","tag-impagaments","tag-ix-forum-aprofarm","tag-jornada-de-distribucio-farmaceutica","tag-programa-de-deteccio-precoc-del-cancer-de-colon","tag-projectes-becats"],"yoast_head":"<!-- This site is optimized with the Yoast SEO plugin v22.4 - https:\/\/yoast.com\/wordpress\/plugins\/seo\/ -->\n<title>Juny: els impagaments i la campanya contra el c\u00e0ncer de pell, entre els temes m\u00e9s destacats als mitjans de comunicaci\u00f3 - Col\u00b7legi de Farmac\u00e8utics de Barcelona<\/title>\n<meta name=\"robots\" content=\"index, follow, max-snippet:-1, max-image-preview:large, max-video-preview:-1\" \/>\n<link rel=\"canonical\" href=\"https:\/\/novaorg.cofb.net\/2016\/07\/15\/juny-els-impagaments-i-la-campanya-contra-el-cancer-de-pell-entre-els-temes-mes-destacats-als-mitjans-de-comunicacio\/\" \/>\n<meta property=\"og:locale\" content=\"es_ES\" \/>\n<meta property=\"og:type\" content=\"article\" \/>\n<meta property=\"og:title\" content=\"Juny: els impagaments i la campanya contra el c\u00e0ncer de pell, entre els temes m\u00e9s destacats als mitjans de comunicaci\u00f3 - Col\u00b7legi de Farmac\u00e8utics de Barcelona\" \/>\n<meta property=\"og:url\" content=\"https:\/\/novaorg.cofb.net\/2016\/07\/15\/juny-els-impagaments-i-la-campanya-contra-el-cancer-de-pell-entre-els-temes-mes-destacats-als-mitjans-de-comunicacio\/\" \/>\n<meta property=\"og:site_name\" content=\"Col\u00b7legi de Farmac\u00e8utics de Barcelona\" \/>\n<meta property=\"article:publisher\" content=\"https:\/\/www.facebook.com\/farmaceuticsbcn\/\" \/>\n<meta property=\"article:published_time\" content=\"2016-07-15T11:12:26+00:00\" \/>\n<meta name=\"author\" content=\"wpAdminCofbOrg\" \/>\n<meta name=\"twitter:card\" content=\"summary_large_image\" \/>\n<meta name=\"twitter:creator\" content=\"@farmaceuticsbcn\" \/>\n<meta name=\"twitter:site\" content=\"@farmaceuticsbcn\" \/>\n<meta name=\"twitter:label1\" content=\"Escrito por\" \/>\n\t<meta name=\"twitter:data1\" content=\"wpAdminCofbOrg\" \/>\n\t<meta name=\"twitter:label2\" content=\"Tiempo de lectura\" \/>\n\t<meta name=\"twitter:data2\" content=\"9 minutos\" \/>\n<script type=\"application\/ld+json\" class=\"yoast-schema-graph\">{\"@context\":\"https:\/\/schema.org\",\"@graph\":[{\"@type\":\"Article\",\"@id\":\"https:\/\/novaorg.cofb.net\/2016\/07\/15\/juny-els-impagaments-i-la-campanya-contra-el-cancer-de-pell-entre-els-temes-mes-destacats-als-mitjans-de-comunicacio\/#article\",\"isPartOf\":{\"@id\":\"https:\/\/novaorg.cofb.net\/2016\/07\/15\/juny-els-impagaments-i-la-campanya-contra-el-cancer-de-pell-entre-els-temes-mes-destacats-als-mitjans-de-comunicacio\/\"},\"author\":{\"name\":\"wpAdminCofbOrg\",\"@id\":\"https:\/\/www.cofb.org\/#\/schema\/person\/22ed7eea88da74b0fa4d3154ad87ffcb\"},\"headline\":\"Juny: els impagaments i la campanya contra el c\u00e0ncer de pell, entre els temes m\u00e9s destacats als mitjans de comunicaci\u00f3\",\"datePublished\":\"2016-07-15T11:12:26+00:00\",\"dateModified\":\"2016-07-15T11:12:26+00:00\",\"mainEntityOfPage\":{\"@id\":\"https:\/\/novaorg.cofb.net\/2016\/07\/15\/juny-els-impagaments-i-la-campanya-contra-el-cancer-de-pell-entre-els-temes-mes-destacats-als-mitjans-de-comunicacio\/\"},\"wordCount\":1710,\"commentCount\":0,\"publisher\":{\"@id\":\"https:\/\/www.cofb.org\/#organization\"},\"image\":{\"@id\":\"https:\/\/novaorg.cofb.net\/2016\/07\/15\/juny-els-impagaments-i-la-campanya-contra-el-cancer-de-pell-entre-els-temes-mes-destacats-als-mitjans-de-comunicacio\/#primaryimage\"},\"thumbnailUrl\":\"\",\"keywords\":[\"Abans de deixar-t'hi la pell\",\"Alimentaci\u00f3 i nutrici\u00f3\",\"Aprofarm\",\"bones pr\u00e0ctiques de distribuci\u00f3\",\"BPD\",\"Campanya prevenci\u00f3 c\u00e0ncer de pell\",\"consulta\",\"deute\",\"Formaci\u00f3\",\"f\u00f2rum Aprofarm\",\"hidrataci\u00f3\",\"Impagaments\",\"IX F\u00f2rum Aprofarm\",\"Jornada de distribuci\u00f3 farmac\u00e8utica\",\"Programa de Detecci\u00f3 Preco\u00e7 del C\u00e0ncer de Colon\",\"projectes becats\"],\"articleSection\":[\"Destacats\",\"Not\u00edcies farm\u00e0cia\"],\"inLanguage\":\"es\",\"potentialAction\":[{\"@type\":\"CommentAction\",\"name\":\"Comment\",\"target\":[\"https:\/\/novaorg.cofb.net\/2016\/07\/15\/juny-els-impagaments-i-la-campanya-contra-el-cancer-de-pell-entre-els-temes-mes-destacats-als-mitjans-de-comunicacio\/#respond\"]}]},{\"@type\":\"WebPage\",\"@id\":\"https:\/\/novaorg.cofb.net\/2016\/07\/15\/juny-els-impagaments-i-la-campanya-contra-el-cancer-de-pell-entre-els-temes-mes-destacats-als-mitjans-de-comunicacio\/\",\"url\":\"https:\/\/novaorg.cofb.net\/2016\/07\/15\/juny-els-impagaments-i-la-campanya-contra-el-cancer-de-pell-entre-els-temes-mes-destacats-als-mitjans-de-comunicacio\/\",\"name\":\"Juny: els impagaments i la campanya contra el c\u00e0ncer de pell, entre els temes m\u00e9s destacats als mitjans de comunicaci\u00f3 - Col\u00b7legi de Farmac\u00e8utics de Barcelona\",\"isPartOf\":{\"@id\":\"https:\/\/www.cofb.org\/#website\"},\"primaryImageOfPage\":{\"@id\":\"https:\/\/novaorg.cofb.net\/2016\/07\/15\/juny-els-impagaments-i-la-campanya-contra-el-cancer-de-pell-entre-els-temes-mes-destacats-als-mitjans-de-comunicacio\/#primaryimage\"},\"image\":{\"@id\":\"https:\/\/novaorg.cofb.net\/2016\/07\/15\/juny-els-impagaments-i-la-campanya-contra-el-cancer-de-pell-entre-els-temes-mes-destacats-als-mitjans-de-comunicacio\/#primaryimage\"},\"thumbnailUrl\":\"\",\"datePublished\":\"2016-07-15T11:12:26+00:00\",\"dateModified\":\"2016-07-15T11:12:26+00:00\",\"breadcrumb\":{\"@id\":\"https:\/\/novaorg.cofb.net\/2016\/07\/15\/juny-els-impagaments-i-la-campanya-contra-el-cancer-de-pell-entre-els-temes-mes-destacats-als-mitjans-de-comunicacio\/#breadcrumb\"},\"inLanguage\":\"es\",\"potentialAction\":[{\"@type\":\"ReadAction\",\"target\":[\"https:\/\/novaorg.cofb.net\/2016\/07\/15\/juny-els-impagaments-i-la-campanya-contra-el-cancer-de-pell-entre-els-temes-mes-destacats-als-mitjans-de-comunicacio\/\"]}]},{\"@type\":\"ImageObject\",\"inLanguage\":\"es\",\"@id\":\"https:\/\/novaorg.cofb.net\/2016\/07\/15\/juny-els-impagaments-i-la-campanya-contra-el-cancer-de-pell-entre-els-temes-mes-destacats-als-mitjans-de-comunicacio\/#primaryimage\",\"url\":\"\",\"contentUrl\":\"\"},{\"@type\":\"BreadcrumbList\",\"@id\":\"https:\/\/novaorg.cofb.net\/2016\/07\/15\/juny-els-impagaments-i-la-campanya-contra-el-cancer-de-pell-entre-els-temes-mes-destacats-als-mitjans-de-comunicacio\/#breadcrumb\",\"itemListElement\":[{\"@type\":\"ListItem\",\"position\":1,\"name\":\"Inici\",\"item\":\"https:\/\/novaorg.cofb.net\/\"},{\"@type\":\"ListItem\",\"position\":2,\"name\":\"Juny: els impagaments i la campanya contra el c\u00e0ncer de pell, entre els temes m\u00e9s destacats als mitjans de comunicaci\u00f3\"}]},{\"@type\":\"WebSite\",\"@id\":\"https:\/\/www.cofb.org\/#website\",\"url\":\"https:\/\/www.cofb.org\/\",\"name\":\"Col\u00b7legi de Farmac\u00e8utics de Barcelona\",\"description\":\"\",\"publisher\":{\"@id\":\"https:\/\/www.cofb.org\/#organization\"},\"potentialAction\":[{\"@type\":\"SearchAction\",\"target\":{\"@type\":\"EntryPoint\",\"urlTemplate\":\"https:\/\/www.cofb.org\/?s={search_term_string}\"},\"query-input\":\"required name=search_term_string\"}],\"inLanguage\":\"es\"},{\"@type\":\"Organization\",\"@id\":\"https:\/\/www.cofb.org\/#organization\",\"name\":\"Col\u00b7legi de Farmac\u00e8utics de Barcelona\",\"url\":\"https:\/\/www.cofb.org\/\",\"logo\":{\"@type\":\"ImageObject\",\"inLanguage\":\"es\",\"@id\":\"https:\/\/www.cofb.org\/#\/schema\/logo\/image\/\",\"url\":\"https:\/\/www.cofb.org\/wp-content\/uploads\/2023\/11\/cropped-Logotip-COFB.png\",\"contentUrl\":\"https:\/\/www.cofb.org\/wp-content\/uploads\/2023\/11\/cropped-Logotip-COFB.png\",\"width\":500,\"height\":105,\"caption\":\"Col\u00b7legi de Farmac\u00e8utics de Barcelona\"},\"image\":{\"@id\":\"https:\/\/www.cofb.org\/#\/schema\/logo\/image\/\"},\"sameAs\":[\"https:\/\/www.facebook.com\/farmaceuticsbcn\/\",\"https:\/\/twitter.com\/farmaceuticsbcn\",\"https:\/\/www.instagram.com\/farmaceuticsbcn\/\",\"https:\/\/www.linkedin.com\/company\/farmaceuticsbcn\/\"]},{\"@type\":\"Person\",\"@id\":\"https:\/\/www.cofb.org\/#\/schema\/person\/22ed7eea88da74b0fa4d3154ad87ffcb\",\"name\":\"wpAdminCofbOrg\",\"image\":{\"@type\":\"ImageObject\",\"inLanguage\":\"es\",\"@id\":\"https:\/\/www.cofb.org\/#\/schema\/person\/image\/\",\"url\":\"https:\/\/secure.gravatar.com\/avatar\/1721b20b3b8ca882c3b56ec6c978c594fff670e40c0718e9190eaeeb76aae7d8?s=96&d=mm&r=g\",\"contentUrl\":\"https:\/\/secure.gravatar.com\/avatar\/1721b20b3b8ca882c3b56ec6c978c594fff670e40c0718e9190eaeeb76aae7d8?s=96&d=mm&r=g\",\"caption\":\"wpAdminCofbOrg\"},\"sameAs\":[\"http:\/\/192.168.64.122\/wordpress\"],\"url\":\"https:\/\/www.cofb.org\/es\/author\/wpadmincofborg\/\"}]}<\/script>\n<!-- \/ Yoast SEO plugin. -->","yoast_head_json":{"title":"Juny: els impagaments i la campanya contra el c\u00e0ncer de pell, entre els temes m\u00e9s destacats als mitjans de comunicaci\u00f3 - Col\u00b7legi de Farmac\u00e8utics de Barcelona","robots":{"index":"index","follow":"follow","max-snippet":"max-snippet:-1","max-image-preview":"max-image-preview:large","max-video-preview":"max-video-preview:-1"},"canonical":"https:\/\/novaorg.cofb.net\/2016\/07\/15\/juny-els-impagaments-i-la-campanya-contra-el-cancer-de-pell-entre-els-temes-mes-destacats-als-mitjans-de-comunicacio\/","og_locale":"es_ES","og_type":"article","og_title":"Juny: els impagaments i la campanya contra el c\u00e0ncer de pell, entre els temes m\u00e9s destacats als mitjans de comunicaci\u00f3 - Col\u00b7legi de Farmac\u00e8utics de Barcelona","og_url":"https:\/\/novaorg.cofb.net\/2016\/07\/15\/juny-els-impagaments-i-la-campanya-contra-el-cancer-de-pell-entre-els-temes-mes-destacats-als-mitjans-de-comunicacio\/","og_site_name":"Col\u00b7legi de Farmac\u00e8utics de Barcelona","article_publisher":"https:\/\/www.facebook.com\/farmaceuticsbcn\/","article_published_time":"2016-07-15T11:12:26+00:00","author":"wpAdminCofbOrg","twitter_card":"summary_large_image","twitter_creator":"@farmaceuticsbcn","twitter_site":"@farmaceuticsbcn","twitter_misc":{"Escrito por":"wpAdminCofbOrg","Tiempo de lectura":"9 minutos"},"schema":{"@context":"https:\/\/schema.org","@graph":[{"@type":"Article","@id":"https:\/\/novaorg.cofb.net\/2016\/07\/15\/juny-els-impagaments-i-la-campanya-contra-el-cancer-de-pell-entre-els-temes-mes-destacats-als-mitjans-de-comunicacio\/#article","isPartOf":{"@id":"https:\/\/novaorg.cofb.net\/2016\/07\/15\/juny-els-impagaments-i-la-campanya-contra-el-cancer-de-pell-entre-els-temes-mes-destacats-als-mitjans-de-comunicacio\/"},"author":{"name":"wpAdminCofbOrg","@id":"https:\/\/www.cofb.org\/#\/schema\/person\/22ed7eea88da74b0fa4d3154ad87ffcb"},"headline":"Juny: els impagaments i la campanya contra el c\u00e0ncer de pell, entre els temes m\u00e9s destacats als mitjans de comunicaci\u00f3","datePublished":"2016-07-15T11:12:26+00:00","dateModified":"2016-07-15T11:12:26+00:00","mainEntityOfPage":{"@id":"https:\/\/novaorg.cofb.net\/2016\/07\/15\/juny-els-impagaments-i-la-campanya-contra-el-cancer-de-pell-entre-els-temes-mes-destacats-als-mitjans-de-comunicacio\/"},"wordCount":1710,"commentCount":0,"publisher":{"@id":"https:\/\/www.cofb.org\/#organization"},"image":{"@id":"https:\/\/novaorg.cofb.net\/2016\/07\/15\/juny-els-impagaments-i-la-campanya-contra-el-cancer-de-pell-entre-els-temes-mes-destacats-als-mitjans-de-comunicacio\/#primaryimage"},"thumbnailUrl":"","keywords":["Abans de deixar-t'hi la pell","Alimentaci\u00f3 i nutrici\u00f3","Aprofarm","bones pr\u00e0ctiques de distribuci\u00f3","BPD","Campanya prevenci\u00f3 c\u00e0ncer de pell","consulta","deute","Formaci\u00f3","f\u00f2rum Aprofarm","hidrataci\u00f3","Impagaments","IX F\u00f2rum Aprofarm","Jornada de distribuci\u00f3 farmac\u00e8utica","Programa de Detecci\u00f3 Preco\u00e7 del C\u00e0ncer de Colon","projectes becats"],"articleSection":["Destacats","Not\u00edcies farm\u00e0cia"],"inLanguage":"es","potentialAction":[{"@type":"CommentAction","name":"Comment","target":["https:\/\/novaorg.cofb.net\/2016\/07\/15\/juny-els-impagaments-i-la-campanya-contra-el-cancer-de-pell-entre-els-temes-mes-destacats-als-mitjans-de-comunicacio\/#respond"]}]},{"@type":"WebPage","@id":"https:\/\/novaorg.cofb.net\/2016\/07\/15\/juny-els-impagaments-i-la-campanya-contra-el-cancer-de-pell-entre-els-temes-mes-destacats-als-mitjans-de-comunicacio\/","url":"https:\/\/novaorg.cofb.net\/2016\/07\/15\/juny-els-impagaments-i-la-campanya-contra-el-cancer-de-pell-entre-els-temes-mes-destacats-als-mitjans-de-comunicacio\/","name":"Juny: els impagaments i la campanya contra el c\u00e0ncer de pell, entre els temes m\u00e9s destacats als mitjans de comunicaci\u00f3 - Col\u00b7legi de Farmac\u00e8utics de Barcelona","isPartOf":{"@id":"https:\/\/www.cofb.org\/#website"},"primaryImageOfPage":{"@id":"https:\/\/novaorg.cofb.net\/2016\/07\/15\/juny-els-impagaments-i-la-campanya-contra-el-cancer-de-pell-entre-els-temes-mes-destacats-als-mitjans-de-comunicacio\/#primaryimage"},"image":{"@id":"https:\/\/novaorg.cofb.net\/2016\/07\/15\/juny-els-impagaments-i-la-campanya-contra-el-cancer-de-pell-entre-els-temes-mes-destacats-als-mitjans-de-comunicacio\/#primaryimage"},"thumbnailUrl":"","datePublished":"2016-07-15T11:12:26+00:00","dateModified":"2016-07-15T11:12:26+00:00","breadcrumb":{"@id":"https:\/\/novaorg.cofb.net\/2016\/07\/15\/juny-els-impagaments-i-la-campanya-contra-el-cancer-de-pell-entre-els-temes-mes-destacats-als-mitjans-de-comunicacio\/#breadcrumb"},"inLanguage":"es","potentialAction":[{"@type":"ReadAction","target":["https:\/\/novaorg.cofb.net\/2016\/07\/15\/juny-els-impagaments-i-la-campanya-contra-el-cancer-de-pell-entre-els-temes-mes-destacats-als-mitjans-de-comunicacio\/"]}]},{"@type":"ImageObject","inLanguage":"es","@id":"https:\/\/novaorg.cofb.net\/2016\/07\/15\/juny-els-impagaments-i-la-campanya-contra-el-cancer-de-pell-entre-els-temes-mes-destacats-als-mitjans-de-comunicacio\/#primaryimage","url":"","contentUrl":""},{"@type":"BreadcrumbList","@id":"https:\/\/novaorg.cofb.net\/2016\/07\/15\/juny-els-impagaments-i-la-campanya-contra-el-cancer-de-pell-entre-els-temes-mes-destacats-als-mitjans-de-comunicacio\/#breadcrumb","itemListElement":[{"@type":"ListItem","position":1,"name":"Inici","item":"https:\/\/novaorg.cofb.net\/"},{"@type":"ListItem","position":2,"name":"Juny: els impagaments i la campanya contra el c\u00e0ncer de pell, entre els temes m\u00e9s destacats als mitjans de comunicaci\u00f3"}]},{"@type":"WebSite","@id":"https:\/\/www.cofb.org\/#website","url":"https:\/\/www.cofb.org\/","name":"Col\u00b7legi de Farmac\u00e8utics de Barcelona","description":"","publisher":{"@id":"https:\/\/www.cofb.org\/#organization"},"potentialAction":[{"@type":"SearchAction","target":{"@type":"EntryPoint","urlTemplate":"https:\/\/www.cofb.org\/?s={search_term_string}"},"query-input":"required name=search_term_string"}],"inLanguage":"es"},{"@type":"Organization","@id":"https:\/\/www.cofb.org\/#organization","name":"Col\u00b7legi de Farmac\u00e8utics de Barcelona","url":"https:\/\/www.cofb.org\/","logo":{"@type":"ImageObject","inLanguage":"es","@id":"https:\/\/www.cofb.org\/#\/schema\/logo\/image\/","url":"https:\/\/www.cofb.org\/wp-content\/uploads\/2023\/11\/cropped-Logotip-COFB.png","contentUrl":"https:\/\/www.cofb.org\/wp-content\/uploads\/2023\/11\/cropped-Logotip-COFB.png","width":500,"height":105,"caption":"Col\u00b7legi de Farmac\u00e8utics de Barcelona"},"image":{"@id":"https:\/\/www.cofb.org\/#\/schema\/logo\/image\/"},"sameAs":["https:\/\/www.facebook.com\/farmaceuticsbcn\/","https:\/\/twitter.com\/farmaceuticsbcn","https:\/\/www.instagram.com\/farmaceuticsbcn\/","https:\/\/www.linkedin.com\/company\/farmaceuticsbcn\/"]},{"@type":"Person","@id":"https:\/\/www.cofb.org\/#\/schema\/person\/22ed7eea88da74b0fa4d3154ad87ffcb","name":"wpAdminCofbOrg","image":{"@type":"ImageObject","inLanguage":"es","@id":"https:\/\/www.cofb.org\/#\/schema\/person\/image\/","url":"https:\/\/secure.gravatar.com\/avatar\/1721b20b3b8ca882c3b56ec6c978c594fff670e40c0718e9190eaeeb76aae7d8?s=96&d=mm&r=g","contentUrl":"https:\/\/secure.gravatar.com\/avatar\/1721b20b3b8ca882c3b56ec6c978c594fff670e40c0718e9190eaeeb76aae7d8?s=96&d=mm&r=g","caption":"wpAdminCofbOrg"},"sameAs":["http:\/\/192.168.64.122\/wordpress"],"url":"https:\/\/www.cofb.org\/es\/author\/wpadmincofborg\/"}]}},"uagb_featured_image_src":{"full":false,"thumbnail":false,"medium":false,"medium_large":false,"large":false,"1536x1536":false,"2048x2048":false,"trp-custom-language-flag":false},"uagb_author_info":{"display_name":"wpAdminCofbOrg","author_link":"https:\/\/www.cofb.org\/es\/author\/wpadmincofborg\/"},"uagb_comment_info":0,"uagb_excerpt":null,"_links":{"self":[{"href":"https:\/\/www.cofb.org\/es\/wp-json\/wp\/v2\/posts\/23153","targetHints":{"allow":["GET"]}}],"collection":[{"href":"https:\/\/www.cofb.org\/es\/wp-json\/wp\/v2\/posts"}],"about":[{"href":"https:\/\/www.cofb.org\/es\/wp-json\/wp\/v2\/types\/post"}],"author":[{"embeddable":true,"href":"https:\/\/www.cofb.org\/es\/wp-json\/wp\/v2\/users\/1"}],"replies":[{"embeddable":true,"href":"https:\/\/www.cofb.org\/es\/wp-json\/wp\/v2\/comments?post=23153"}],"version-history":[{"count":0,"href":"https:\/\/www.cofb.org\/es\/wp-json\/wp\/v2\/posts\/23153\/revisions"}],"wp:featuredmedia":[{"embeddable":true,"href":"https:\/\/www.cofb.org\/es\/wp-json\/"}],"wp:attachment":[{"href":"https:\/\/www.cofb.org\/es\/wp-json\/wp\/v2\/media?parent=23153"}],"wp:term":[{"taxonomy":"category","embeddable":true,"href":"https:\/\/www.cofb.org\/es\/wp-json\/wp\/v2\/categories?post=23153"},{"taxonomy":"post_tag","embeddable":true,"href":"https:\/\/www.cofb.org\/es\/wp-json\/wp\/v2\/tags?post=23153"}],"curies":[{"name":"wp","href":"https:\/\/api.w.org\/{rel}","templated":true}]}}