{"id":22664,"date":"2016-07-01T09:01:43","date_gmt":"2016-07-01T08:01:43","guid":{"rendered":"http:\/\/blog.cofb.cat\/?p=22664"},"modified":"2016-07-01T09:01:43","modified_gmt":"2016-07-01T08:01:43","slug":"dermofarmacia-dermoanalitzadors-medicina-estetica-i-gestio-per-categories","status":"publish","type":"post","link":"https:\/\/www.cofb.org\/es\/2016\/07\/01\/dermofarmacia-dermoanalitzadors-medicina-estetica-i-gestio-per-categories\/","title":{"rendered":"Dermofarmacia: dermoanalizadores, medicina est\u00e9tica y gesti\u00f3n por categor\u00edas"},"content":{"rendered":"<p style=\"text-align: left;\"><a href=\"http:\/\/blog.cofb.cat\/wp-content\/uploads\/2016\/06\/dermoanalitzadors-dermofarmacia-COFB-3.jpg\"><img fetchpriority=\"high\" decoding=\"async\" class=\"alignright  wp-image-22670\" alt=\"dermoanalitzadors-dermofarmacia-COFB (3)\" src=\"http:\/\/blog.cofb.cat\/wp-content\/uploads\/2016\/06\/dermoanalitzadors-dermofarmacia-COFB-3.jpg\" width=\"334\" height=\"176\" \/><\/a>El<strong>uso de aparatos dermoanalizadores como complemento de la dispensaci\u00f3n de cosm\u00e9tica y productos dermofarmac\u00e9uticos<\/strong> permite realizar una recomendaci\u00f3n personalizada con valor diferencial al usuario. Es una <strong>posible \u00e1rea de especializaci\u00f3n<\/strong> de las farmacias en la dispensaci\u00f3n y el consejo dermofarmac\u00e9utico mediante el diagn\u00f3stico de tipos de piel, estado fisiol\u00f3gico y grado de fotoenvejecimiento. De esta forma daremos un valor a\u00f1adido a los tratamientos dermocosm\u00e9ticos ajustado a las diferentes necesidades de los usuarios.<\/p>\n<p>La tercera edici\u00f3n de la conferencia \u201c<b>Uso de dermonalizadores para un consejo personalizado<\/b>\u201d (7 de abril) permiti\u00f3 a los alumnos asistentes conocer el uso y la funcionalidad de estos aparatos y aprender a utilizarlos en situaciones concretas tanto para recomendar el tratamiento m\u00e1s adecuado como para realizar seguimiento de los tratamientos dispensados.<\/p>\n<figure id=\"attachment_22669\" aria-describedby=\"caption-attachment-22669\" style=\"width: 340px\" class=\"wp-caption alignleft\"><a href=\"http:\/\/blog.cofb.cat\/wp-content\/uploads\/2016\/06\/dermoanalitzadors-dermofarmacia-COFB-2.jpg\"><img decoding=\"async\" class=\"wp-image-22669\" alt=\"dermoanalitzadors-dermofarmacia-COFB (2)\" src=\"http:\/\/blog.cofb.cat\/wp-content\/uploads\/2016\/06\/dermoanalitzadors-dermofarmacia-COFB-2.jpg\" width=\"340\" height=\"227\" \/><\/a><figcaption id=\"caption-attachment-22669\" class=\"wp-caption-text\">Montserrat Rib\u00f3, Marta Sanz y N\u00faria Bosch<\/figcaption><\/figure>\n<p>El cuadro docente lo formaron <b>Montserrat Rib\u00f3<\/b>, doctora en farmacia, directora de la Unidad Dermocosm\u00e9tica y Gal\u00e9nica en el Instituto de Dermatolog\u00eda I. Umbert, y responsable de formulaci\u00f3n magistral en farmacia comunitaria; y <b>Marta Sanz,<\/b> farmac\u00e9utica y responsable de formaci\u00f3n de Microcaya, SA.<\/p>\n<p>El farmac\u00e9utico experto en dermofarmacia se puede diferenciar en profesionalidad y calidad de su consejo &quot;por eso es importante marcar las caracter\u00edsticas m\u00ednimas de calidad de las mediciones que realizamos: hidrataci\u00f3n, grasa capilar, elasticidad, fototipo, descamaci\u00f3n de la piel, etc.&quot; matiza <b>N\u00faria Bosch, ex vocal de Dermofarmacia y Productos Sanitarios del COFB\u00a0<\/b>\u00a0y coordinadora<b>\u00a0<\/b>de la formaci\u00f3n. \u201cAsimismo, es importante tener en cuenta que<strong> la piel debe estar en condiciones \u00f3ptimas para que las medidas sean fiables<\/strong> (humedad, temperatura, limpieza de la piel, etc.)\u201d<\/p>\n<p>El farmac\u00e9utico tambi\u00e9n es experto en el medicamento y en salud: debe tener en cuenta la<strong> medicaci\u00f3n que est\u00e1 tomando el paciente, posibles efectos secundarios<\/strong> que puedan afectar al estado de la piel o al<strong>existencia de enfermedades que requieren un especial cuidado de la piel<\/strong>, \u201cy en este campo podemos analizar y valorar cu\u00e1les son los par\u00e1metros que debemos tener en cuenta y que pueden ser \u00fatiles para realizar un seguimiento del paciente, <strong>aportando valor al consejo profesional<\/strong>\u201d explica Bosch.<\/p>\n<div class=\"custom-divider\"><\/div>\n<figure id=\"attachment_22672\" aria-describedby=\"caption-attachment-22672\" style=\"width: 268px\" class=\"wp-caption alignright\"><a href=\"http:\/\/blog.cofb.cat\/wp-content\/uploads\/2016\/06\/medicina-estetica-farmacia-COFB-1.jpg\"><img decoding=\"async\" class=\"wp-image-22672\" alt=\"medicina-estetica-farmacia-COFB (1)\" src=\"http:\/\/blog.cofb.cat\/wp-content\/uploads\/2016\/06\/medicina-estetica-farmacia-COFB-1.jpg\" width=\"268\" height=\"179\" \/><\/a><figcaption id=\"caption-attachment-22672\" class=\"wp-caption-text\">Paloma Cornejo<\/figcaption><\/figure>\n<p>Por otra parte, la conferencia \u201c<strong>Medicina est\u00e9tica y dermofarmacia: dos grandes aliados<\/strong>\u201d (3 de mayo) sirvi\u00f3 para transmitir en qu\u00e9 consisten los diferentes tratamientos de medicina est\u00e9tica actuales y c\u00f3mo <strong>el consejo farmac\u00e9utico puede complementar estos tratamientos para conseguir mejores resultados<\/strong>. La conferencia cont\u00f3 con la experiencia de la dermat\u00f3loga<b> Paloma Cornejo<\/b>, especializada en medicina est\u00e9tica y laserterapia con m\u00e1s de veinte a\u00f1os de experiencia. moder\u00f3 el acto <strong>N\u00faria Bosch<\/strong>.<\/p>\n<figure id=\"attachment_22673\" aria-describedby=\"caption-attachment-22673\" style=\"width: 296px\" class=\"wp-caption alignleft\"><a href=\"http:\/\/blog.cofb.cat\/wp-content\/uploads\/2016\/06\/medicina-estetica-farmacia-COFB-2.jpg\"><img loading=\"lazy\" decoding=\"async\" class=\"wp-image-22673\" alt=\"medicina-estetica-farmacia-COFB (2)\" src=\"http:\/\/blog.cofb.cat\/wp-content\/uploads\/2016\/06\/medicina-estetica-farmacia-COFB-2.jpg\" width=\"296\" height=\"204\" \/><\/a><figcaption id=\"caption-attachment-22673\" class=\"wp-caption-text\">Paloma Cornejo y N\u00faria Bosch<\/figcaption><\/figure>\n<p>&nbsp;<\/p>\n<p>El conocimiento de las distintas t\u00e9cnicas, indicaciones, efectos y productos cosm\u00e9ticos necesarios mejorar\u00e1 el consejo que pueda facilitar el farmac\u00e9utico al usuario. \u201cEl resultado de los tratamientos de medicina est\u00e9tica no s\u00f3lo depende del tratamiento en s\u00ed, sino que<strong>\u00a0juegan un papel importante la t\u00e9cnica, su aplicaci\u00f3n y tambi\u00e9n las rutinas de cuidado de la piel que se hacen, tanto antes como despu\u00e9s del tratamiento<\/strong>\u201d explica <b>Nuria Bosch, <\/b>que coordin\u00f3 y present\u00f3 el acto.<\/p>\n<p>La <b>fotoprotecci\u00f3n resulta imprescindible tanto en la previa como en el tratamiento posterior<\/b>: \u201ca menudo se da importancia a la intervenci\u00f3n pero no sabemos que debe evitarse la exposici\u00f3n al sol; por ejemplo, en el caso del l\u00e1ser, es necesario evitar el sol antes porque capta la melanina y, despu\u00e9s, porque puede provocar quemaduras importantes\u201d explica Bosch. Los tratamientos m\u00e9dico-est\u00e9ticos requieren <b>cuidados previos, durante y despu\u00e9s y la colaboraci\u00f3n del farmac\u00e9utico es esencial<\/b>: &quot;el farmac\u00e9utico puede orientar a muchos pacientes, ayudando al cumplimiento oa la prevenci\u00f3n y al tratamiento de las complicaciones que pueden aparecer, tambi\u00e9n potenciar y asegurar el buen resultado de los mismos&quot;.<\/p>\n<div class=\"custom-divider\"><\/div>\n<figure id=\"attachment_22675\" aria-describedby=\"caption-attachment-22675\" style=\"width: 298px\" class=\"wp-caption alignleft\"><a href=\"http:\/\/blog.cofb.cat\/wp-content\/uploads\/2016\/06\/vendre-cosmetica-dermofarmacia-COFB-2.jpg\"><img loading=\"lazy\" decoding=\"async\" class=\"wp-image-22675\" alt=\"vendre-cosmetica-dermofarmacia-COFB (2)\" src=\"http:\/\/blog.cofb.cat\/wp-content\/uploads\/2016\/06\/vendre-cosmetica-dermofarmacia-COFB-2.jpg\" width=\"298\" height=\"199\" \/><\/a><figcaption id=\"caption-attachment-22675\" class=\"wp-caption-text\">N\u00faria Bosch<\/figcaption><\/figure>\n<p>El <b>curso \u201cEl arte de vender cosm\u00e9tica de forma rentable: gesti\u00f3n por categor\u00edas\u201d<\/b> (9 y 10 de mayo) hac\u00eda expl\u00edcitas las estrategias para optimizar la rentabilidad de la farmacia con soluciones espec\u00edficas y pr\u00e1cticas: cada usuario es \u00fanico y especial. La formaci\u00f3n ten\u00eda por objetivos ense\u00f1ar a rentabilizar el espacio de exposici\u00f3n de la farmacia y tambi\u00e9n las categor\u00edas de venta libre m\u00e1s importantes, definir el surtido \u00f3ptimo -qu\u00e9, para qu\u00e9 y por qu\u00e9 trabajar determinadas marcas-, hacer an\u00e1lisis DAFO de la farmacia -puntos d\u00e9biles, amenazas, puntos fuertes y oportunidades- y aprender a planificar, controlar y definir las estrategias eficientes en la gesti\u00f3n de la cosm\u00e9tica en la farmacia.<\/p>\n<p>\u201cLa farmacia debe conocer los <b>factores claves de la gesti\u00f3n de la dermofarmacia,<\/b> para poder evolucionar en este campo, y la importancia de la planificaci\u00f3n de las campa\u00f1as\u201d explica <b>Nuria Bosch, <\/b>coordinadora de esta formaci\u00f3n. \u201cNos encontramos ante un usuario que quiere comprar divirti\u00e9ndose, uno <b>usuario que es muy experto, es m\u00e1s emocional y cada d\u00eda est\u00e1 mejor informado<\/b>\u201d.<\/p>\n<figure id=\"attachment_22674\" aria-describedby=\"caption-attachment-22674\" style=\"width: 199px\" class=\"wp-caption alignright\"><a href=\"http:\/\/blog.cofb.cat\/wp-content\/uploads\/2016\/06\/vendre-cosmetica-dermofarmacia-COFB-1.jpg\"><img loading=\"lazy\" decoding=\"async\" class=\"wp-image-22674\" alt=\"vendre-cosmetica-dermofarmacia-COFB (1)\" src=\"http:\/\/blog.cofb.cat\/wp-content\/uploads\/2016\/06\/vendre-cosmetica-dermofarmacia-COFB-1.jpg\" width=\"199\" height=\"298\" \/><\/a><figcaption id=\"caption-attachment-22674\" class=\"wp-caption-text\">Asun Arias<\/figcaption><\/figure>\n<p>Entre los apuntes m\u00e1s destacados de la formaci\u00f3n: la importancia de la <b>gesti\u00f3n de las personas<\/b>, tanto de los usuarios como de los colaboradores, conocer y planificar la <b>gesti\u00f3n de categor\u00edas<\/b> (distribuci\u00f3n del espacio, gesti\u00f3n de la selecci\u00f3n de las marcas y laboratorios a trabajar) y saber <b>diferenciarse como profesional especializado en dermofarmacia<\/b>. Para conseguirlo, la formaci\u00f3n es esencial: conocimientos te\u00f3ricos de la estructura de la piel, tipos de piel, envejecimiento, etc. \u201c<b>Una buena formaci\u00f3n t\u00e9cnica nos permitir\u00e1 ofrecer un buen consejo a nuestro usuario diferenci\u00e1ndonos por nuestra profesionalidad y conocimientos<\/b>\u201d matiza Bosch. Como <b>puntos claves:<\/b> saber preguntar, conocer las rutinas cosm\u00e9ticas, conocer los tratamientos que queremos recomendar al usuario que viene a la farmacia, y practicar.<\/p>\n<p>La docente del curso fue <b>Asun Arias<\/b>, socia y directora general de Asun Arias Consultores, especializada en gesti\u00f3n por categor\u00edas y RH en la oficina de farmacia, m\u00e1ster en gesti\u00f3n de empresa y marketing por el Instituto Directivos de Empresa, m\u00e1ster en inteligencia emocional y coaching y profesora de tres m\u00e1steres internacionales en el CESIF.<\/p>\n<p style=\"text-align: center;\"><a href=\"http:\/\/blog.cofb.cat\/wp-content\/uploads\/2016\/06\/vendre-cosmetica-dermofarmacia-COFB-3.jpg\"><img loading=\"lazy\" decoding=\"async\" class=\"wp-image-22676 aligncenter\" alt=\"vendre-cosmetica-dermofarmacia-COFB (3)\" src=\"http:\/\/blog.cofb.cat\/wp-content\/uploads\/2016\/06\/vendre-cosmetica-dermofarmacia-COFB-3.jpg\" width=\"545\" height=\"318\" \/><\/a><\/p>\n<p style=\"text-align: right;\" align=\"right\"><b>Con la colaboraci\u00f3n de:<\/b><\/p>\n<p style=\"text-align: right;\" align=\"right\"><b>Conferencia &quot;Uso de dermonalizadores para un consejo personalizado&quot;<\/b><\/p>\n<p style=\"text-align: right;\" align=\"right\"><b><a href=\"http:\/\/www.microcaya.com\/\" target=\"_blank\" rel=\"noopener\"><img loading=\"lazy\" decoding=\"async\" class=\"alignright  wp-image-13904\" alt=\"microcaya\" src=\"http:\/\/blog.cofb.cat\/wp-content\/uploads\/2015\/05\/microcaya.png\" width=\"117\" height=\"42\" \/><br \/>\n<\/a><\/b><\/p>\n<p style=\"text-align: right;\" align=\"right\">\n<p style=\"text-align: right;\" align=\"right\">\n<p style=\"text-align: right;\" align=\"right\"><b>Conferencia \u201cMedicina est\u00e9tica y dermofarmacia: dos grandes aliados\u201d<\/b><\/p>\n<p style=\"text-align: right;\" align=\"right\"><a href=\"http:\/\/www.isdin.com\/\" target=\"_blank\" rel=\"noopener\"><img loading=\"lazy\" decoding=\"async\" class=\"alignright  wp-image-7316\" alt=\"isdin\" src=\"http:\/\/blog.cofb.cat\/wp-content\/uploads\/2014\/06\/isdin.jpg\" width=\"117\" height=\"23\" \/><\/a><\/p>\n<p style=\"text-align: right;\" align=\"right\">\n<p style=\"text-align: right;\" align=\"right\">\n<p style=\"text-align: right;\" align=\"right\"><b>Curso \u201cEl arte de vender cosm\u00e9tica de forma rentable: gesti\u00f3n por categor\u00edas\u201d<\/b><\/p>\n<p align=\"right\"><b><a href=\"http:\/\/es.nuxe.com\/\" target=\"_blank\" rel=\"noopener\"><img loading=\"lazy\" decoding=\"async\" class=\"alignright  wp-image-22665\" alt=\"NUXE\" src=\"http:\/\/blog.cofb.cat\/wp-content\/uploads\/2016\/06\/NUXE-150x75.jpg\" width=\"120\" height=\"60\" \/><\/a><\/b><\/p>","protected":false},"excerpt":{"rendered":"<p>El uso de aparatos dermoanalizadores como complemento de la dispensaci\u00f3n de cosm\u00e9tica y productos dermofarmac\u00e9uticos permite realizar una recomendaci\u00f3n personalizada con valor diferencial al usuario. Es una posible \u00e1rea de especializaci\u00f3n de las farmacias en la dispensaci\u00f3n y el consejo dermofarmac\u00e9utico mediante el diagn\u00f3stico de tipos de piel, estado fisiol\u00f3gico y [\u2026]<\/p>","protected":false},"author":1,"featured_media":22677,"comment_status":"open","ping_status":"open","sticky":false,"template":"","format":"standard","meta":{"_uag_custom_page_level_css":"","site-sidebar-layout":"default","site-content-layout":"","ast-site-content-layout":"default","site-content-style":"default","site-sidebar-style":"default","ast-global-header-display":"","ast-banner-title-visibility":"","ast-main-header-display":"","ast-hfb-above-header-display":"","ast-hfb-below-header-display":"","ast-hfb-mobile-header-display":"","site-post-title":"","ast-breadcrumbs-content":"","ast-featured-img":"disabled","footer-sml-layout":"","theme-transparent-header-meta":"","adv-header-id-meta":"","stick-header-meta":"","header-above-stick-meta":"","header-main-stick-meta":"","header-below-stick-meta":"","astra-migrate-meta-layouts":"default","ast-page-background-enabled":"default","ast-page-background-meta":{"desktop":{"background-color":"var(--ast-global-color-4)","background-image":"","background-repeat":"repeat","background-position":"center center","background-size":"auto","background-attachment":"scroll","background-type":"","background-media":"","overlay-type":"","overlay-color":"","overlay-opacity":"","overlay-gradient":""},"tablet":{"background-color":"","background-image":"","background-repeat":"repeat","background-position":"center center","background-size":"auto","background-attachment":"scroll","background-type":"","background-media":"","overlay-type":"","overlay-color":"","overlay-opacity":"","overlay-gradient":""},"mobile":{"background-color":"","background-image":"","background-repeat":"repeat","background-position":"center center","background-size":"auto","background-attachment":"scroll","background-type":"","background-media":"","overlay-type":"","overlay-color":"","overlay-opacity":"","overlay-gradient":""}},"ast-content-background-meta":{"desktop":{"background-color":"var(--ast-global-color-5)","background-image":"","background-repeat":"repeat","background-position":"center center","background-size":"auto","background-attachment":"scroll","background-type":"","background-media":"","overlay-type":"","overlay-color":"","overlay-opacity":"","overlay-gradient":""},"tablet":{"background-color":"var(--ast-global-color-5)","background-image":"","background-repeat":"repeat","background-position":"center center","background-size":"auto","background-attachment":"scroll","background-type":"","background-media":"","overlay-type":"","overlay-color":"","overlay-opacity":"","overlay-gradient":""},"mobile":{"background-color":"var(--ast-global-color-5)","background-image":"","background-repeat":"repeat","background-position":"center center","background-size":"auto","background-attachment":"scroll","background-type":"","background-media":"","overlay-type":"","overlay-color":"","overlay-opacity":"","overlay-gradient":""}},"footnotes":""},"categories":[57],"tags":[80,81,2426,2427,237],"class_list":["post-22664","post","type-post","status-publish","format-standard","has-post-thumbnail","hentry","category-mon-collegial","tag-dermoanalitzador","tag-dermofarmacia","tag-gestio-per-categories","tag-medicina-estetica","tag-productes-sanitaris"],"yoast_head":"<!-- This site is optimized with the Yoast SEO plugin v22.4 - https:\/\/yoast.com\/wordpress\/plugins\/seo\/ -->\n<title>Dermofarm\u00e0cia: dermoanalitzadors, medicina est\u00e8tica i gesti\u00f3 per categories - Col\u00b7legi de Farmac\u00e8utics de Barcelona<\/title>\n<meta name=\"robots\" content=\"index, follow, max-snippet:-1, max-image-preview:large, max-video-preview:-1\" \/>\n<link rel=\"canonical\" href=\"https:\/\/novaorg.cofb.net\/2016\/07\/01\/dermofarmacia-dermoanalitzadors-medicina-estetica-i-gestio-per-categories\/\" \/>\n<meta property=\"og:locale\" content=\"es_ES\" \/>\n<meta property=\"og:type\" content=\"article\" \/>\n<meta property=\"og:title\" content=\"Dermofarm\u00e0cia: dermoanalitzadors, medicina est\u00e8tica i gesti\u00f3 per categories - Col\u00b7legi de Farmac\u00e8utics de Barcelona\" \/>\n<meta property=\"og:description\" content=\"L\u2019\u00fas d&#8217;aparells dermoanalitzadors com a complement de la dispensaci\u00f3 de cosm\u00e8tica i productes dermofarmac\u00e8utics permet fer una recomanaci\u00f3 personalitzada amb valor diferencial a l\u2019usuari. \u00c9s una possible \u00e0rea d&#8217;especialitzaci\u00f3 de les farm\u00e0cies en la dispensaci\u00f3 i el consell dermofarmac\u00e8utic per mitj\u00e0 del diagn\u00f2stic de tipus de pell, estat fisiol\u00f2gic i [&hellip;]\" \/>\n<meta property=\"og:url\" content=\"https:\/\/novaorg.cofb.net\/2016\/07\/01\/dermofarmacia-dermoanalitzadors-medicina-estetica-i-gestio-per-categories\/\" \/>\n<meta property=\"og:site_name\" content=\"Col\u00b7legi de Farmac\u00e8utics de Barcelona\" \/>\n<meta property=\"article:publisher\" content=\"https:\/\/www.facebook.com\/farmaceuticsbcn\/\" \/>\n<meta property=\"article:published_time\" content=\"2016-07-01T08:01:43+00:00\" \/>\n<meta name=\"author\" content=\"wpAdminCofbOrg\" \/>\n<meta name=\"twitter:card\" content=\"summary_large_image\" \/>\n<meta name=\"twitter:creator\" content=\"@farmaceuticsbcn\" \/>\n<meta name=\"twitter:site\" content=\"@farmaceuticsbcn\" \/>\n<meta name=\"twitter:label1\" content=\"Escrito por\" \/>\n\t<meta name=\"twitter:data1\" content=\"wpAdminCofbOrg\" \/>\n\t<meta name=\"twitter:label2\" content=\"Tiempo de lectura\" \/>\n\t<meta name=\"twitter:data2\" content=\"6 minutos\" \/>\n<script type=\"application\/ld+json\" class=\"yoast-schema-graph\">{\"@context\":\"https:\/\/schema.org\",\"@graph\":[{\"@type\":\"Article\",\"@id\":\"https:\/\/novaorg.cofb.net\/2016\/07\/01\/dermofarmacia-dermoanalitzadors-medicina-estetica-i-gestio-per-categories\/#article\",\"isPartOf\":{\"@id\":\"https:\/\/novaorg.cofb.net\/2016\/07\/01\/dermofarmacia-dermoanalitzadors-medicina-estetica-i-gestio-per-categories\/\"},\"author\":{\"name\":\"wpAdminCofbOrg\",\"@id\":\"https:\/\/www.cofb.org\/#\/schema\/person\/22ed7eea88da74b0fa4d3154ad87ffcb\"},\"headline\":\"Dermofarm\u00e0cia: dermoanalitzadors, medicina est\u00e8tica i gesti\u00f3 per categories\",\"datePublished\":\"2016-07-01T08:01:43+00:00\",\"dateModified\":\"2016-07-01T08:01:43+00:00\",\"mainEntityOfPage\":{\"@id\":\"https:\/\/novaorg.cofb.net\/2016\/07\/01\/dermofarmacia-dermoanalitzadors-medicina-estetica-i-gestio-per-categories\/\"},\"wordCount\":1145,\"commentCount\":0,\"publisher\":{\"@id\":\"https:\/\/www.cofb.org\/#organization\"},\"image\":{\"@id\":\"https:\/\/novaorg.cofb.net\/2016\/07\/01\/dermofarmacia-dermoanalitzadors-medicina-estetica-i-gestio-per-categories\/#primaryimage\"},\"thumbnailUrl\":\"\",\"keywords\":[\"dermoanalitzador\",\"Dermofarm\u00e0cia\",\"gesti\u00f3 per categories\",\"medicina est\u00e8tica\",\"productes sanitaris\"],\"articleSection\":[\"M\u00f3n col\u00b7legial\"],\"inLanguage\":\"es\",\"potentialAction\":[{\"@type\":\"CommentAction\",\"name\":\"Comment\",\"target\":[\"https:\/\/novaorg.cofb.net\/2016\/07\/01\/dermofarmacia-dermoanalitzadors-medicina-estetica-i-gestio-per-categories\/#respond\"]}]},{\"@type\":\"WebPage\",\"@id\":\"https:\/\/novaorg.cofb.net\/2016\/07\/01\/dermofarmacia-dermoanalitzadors-medicina-estetica-i-gestio-per-categories\/\",\"url\":\"https:\/\/novaorg.cofb.net\/2016\/07\/01\/dermofarmacia-dermoanalitzadors-medicina-estetica-i-gestio-per-categories\/\",\"name\":\"Dermofarm\u00e0cia: dermoanalitzadors, medicina est\u00e8tica i gesti\u00f3 per categories - Col\u00b7legi de Farmac\u00e8utics de Barcelona\",\"isPartOf\":{\"@id\":\"https:\/\/www.cofb.org\/#website\"},\"primaryImageOfPage\":{\"@id\":\"https:\/\/novaorg.cofb.net\/2016\/07\/01\/dermofarmacia-dermoanalitzadors-medicina-estetica-i-gestio-per-categories\/#primaryimage\"},\"image\":{\"@id\":\"https:\/\/novaorg.cofb.net\/2016\/07\/01\/dermofarmacia-dermoanalitzadors-medicina-estetica-i-gestio-per-categories\/#primaryimage\"},\"thumbnailUrl\":\"\",\"datePublished\":\"2016-07-01T08:01:43+00:00\",\"dateModified\":\"2016-07-01T08:01:43+00:00\",\"breadcrumb\":{\"@id\":\"https:\/\/novaorg.cofb.net\/2016\/07\/01\/dermofarmacia-dermoanalitzadors-medicina-estetica-i-gestio-per-categories\/#breadcrumb\"},\"inLanguage\":\"es\",\"potentialAction\":[{\"@type\":\"ReadAction\",\"target\":[\"https:\/\/novaorg.cofb.net\/2016\/07\/01\/dermofarmacia-dermoanalitzadors-medicina-estetica-i-gestio-per-categories\/\"]}]},{\"@type\":\"ImageObject\",\"inLanguage\":\"es\",\"@id\":\"https:\/\/novaorg.cofb.net\/2016\/07\/01\/dermofarmacia-dermoanalitzadors-medicina-estetica-i-gestio-per-categories\/#primaryimage\",\"url\":\"\",\"contentUrl\":\"\"},{\"@type\":\"BreadcrumbList\",\"@id\":\"https:\/\/novaorg.cofb.net\/2016\/07\/01\/dermofarmacia-dermoanalitzadors-medicina-estetica-i-gestio-per-categories\/#breadcrumb\",\"itemListElement\":[{\"@type\":\"ListItem\",\"position\":1,\"name\":\"Inici\",\"item\":\"https:\/\/novaorg.cofb.net\/\"},{\"@type\":\"ListItem\",\"position\":2,\"name\":\"Dermofarm\u00e0cia: dermoanalitzadors, medicina est\u00e8tica i gesti\u00f3 per categories\"}]},{\"@type\":\"WebSite\",\"@id\":\"https:\/\/www.cofb.org\/#website\",\"url\":\"https:\/\/www.cofb.org\/\",\"name\":\"Col\u00b7legi de Farmac\u00e8utics de Barcelona\",\"description\":\"\",\"publisher\":{\"@id\":\"https:\/\/www.cofb.org\/#organization\"},\"potentialAction\":[{\"@type\":\"SearchAction\",\"target\":{\"@type\":\"EntryPoint\",\"urlTemplate\":\"https:\/\/www.cofb.org\/?s={search_term_string}\"},\"query-input\":\"required name=search_term_string\"}],\"inLanguage\":\"es\"},{\"@type\":\"Organization\",\"@id\":\"https:\/\/www.cofb.org\/#organization\",\"name\":\"Col\u00b7legi de Farmac\u00e8utics de Barcelona\",\"url\":\"https:\/\/www.cofb.org\/\",\"logo\":{\"@type\":\"ImageObject\",\"inLanguage\":\"es\",\"@id\":\"https:\/\/www.cofb.org\/#\/schema\/logo\/image\/\",\"url\":\"https:\/\/www.cofb.org\/wp-content\/uploads\/2023\/11\/cropped-Logotip-COFB.png\",\"contentUrl\":\"https:\/\/www.cofb.org\/wp-content\/uploads\/2023\/11\/cropped-Logotip-COFB.png\",\"width\":500,\"height\":105,\"caption\":\"Col\u00b7legi de Farmac\u00e8utics de Barcelona\"},\"image\":{\"@id\":\"https:\/\/www.cofb.org\/#\/schema\/logo\/image\/\"},\"sameAs\":[\"https:\/\/www.facebook.com\/farmaceuticsbcn\/\",\"https:\/\/twitter.com\/farmaceuticsbcn\",\"https:\/\/www.instagram.com\/farmaceuticsbcn\/\",\"https:\/\/www.linkedin.com\/company\/farmaceuticsbcn\/\"]},{\"@type\":\"Person\",\"@id\":\"https:\/\/www.cofb.org\/#\/schema\/person\/22ed7eea88da74b0fa4d3154ad87ffcb\",\"name\":\"wpAdminCofbOrg\",\"image\":{\"@type\":\"ImageObject\",\"inLanguage\":\"es\",\"@id\":\"https:\/\/www.cofb.org\/#\/schema\/person\/image\/\",\"url\":\"https:\/\/secure.gravatar.com\/avatar\/1721b20b3b8ca882c3b56ec6c978c594fff670e40c0718e9190eaeeb76aae7d8?s=96&d=mm&r=g\",\"contentUrl\":\"https:\/\/secure.gravatar.com\/avatar\/1721b20b3b8ca882c3b56ec6c978c594fff670e40c0718e9190eaeeb76aae7d8?s=96&d=mm&r=g\",\"caption\":\"wpAdminCofbOrg\"},\"sameAs\":[\"http:\/\/192.168.64.122\/wordpress\"],\"url\":\"https:\/\/www.cofb.org\/es\/author\/wpadmincofborg\/\"}]}<\/script>\n<!-- \/ Yoast SEO plugin. -->","yoast_head_json":{"title":"Dermofarm\u00e0cia: dermoanalitzadors, medicina est\u00e8tica i gesti\u00f3 per categories - Col\u00b7legi de Farmac\u00e8utics de Barcelona","robots":{"index":"index","follow":"follow","max-snippet":"max-snippet:-1","max-image-preview":"max-image-preview:large","max-video-preview":"max-video-preview:-1"},"canonical":"https:\/\/novaorg.cofb.net\/2016\/07\/01\/dermofarmacia-dermoanalitzadors-medicina-estetica-i-gestio-per-categories\/","og_locale":"es_ES","og_type":"article","og_title":"Dermofarm\u00e0cia: dermoanalitzadors, medicina est\u00e8tica i gesti\u00f3 per categories - Col\u00b7legi de Farmac\u00e8utics de Barcelona","og_description":"L\u2019\u00fas d&#8217;aparells dermoanalitzadors com a complement de la dispensaci\u00f3 de cosm\u00e8tica i productes dermofarmac\u00e8utics permet fer una recomanaci\u00f3 personalitzada amb valor diferencial a l\u2019usuari. \u00c9s una possible \u00e0rea d&#8217;especialitzaci\u00f3 de les farm\u00e0cies en la dispensaci\u00f3 i el consell dermofarmac\u00e8utic per mitj\u00e0 del diagn\u00f2stic de tipus de pell, estat fisiol\u00f2gic i [&hellip;]","og_url":"https:\/\/novaorg.cofb.net\/2016\/07\/01\/dermofarmacia-dermoanalitzadors-medicina-estetica-i-gestio-per-categories\/","og_site_name":"Col\u00b7legi de Farmac\u00e8utics de Barcelona","article_publisher":"https:\/\/www.facebook.com\/farmaceuticsbcn\/","article_published_time":"2016-07-01T08:01:43+00:00","author":"wpAdminCofbOrg","twitter_card":"summary_large_image","twitter_creator":"@farmaceuticsbcn","twitter_site":"@farmaceuticsbcn","twitter_misc":{"Escrito por":"wpAdminCofbOrg","Tiempo de lectura":"6 minutos"},"schema":{"@context":"https:\/\/schema.org","@graph":[{"@type":"Article","@id":"https:\/\/novaorg.cofb.net\/2016\/07\/01\/dermofarmacia-dermoanalitzadors-medicina-estetica-i-gestio-per-categories\/#article","isPartOf":{"@id":"https:\/\/novaorg.cofb.net\/2016\/07\/01\/dermofarmacia-dermoanalitzadors-medicina-estetica-i-gestio-per-categories\/"},"author":{"name":"wpAdminCofbOrg","@id":"https:\/\/www.cofb.org\/#\/schema\/person\/22ed7eea88da74b0fa4d3154ad87ffcb"},"headline":"Dermofarm\u00e0cia: dermoanalitzadors, medicina est\u00e8tica i gesti\u00f3 per categories","datePublished":"2016-07-01T08:01:43+00:00","dateModified":"2016-07-01T08:01:43+00:00","mainEntityOfPage":{"@id":"https:\/\/novaorg.cofb.net\/2016\/07\/01\/dermofarmacia-dermoanalitzadors-medicina-estetica-i-gestio-per-categories\/"},"wordCount":1145,"commentCount":0,"publisher":{"@id":"https:\/\/www.cofb.org\/#organization"},"image":{"@id":"https:\/\/novaorg.cofb.net\/2016\/07\/01\/dermofarmacia-dermoanalitzadors-medicina-estetica-i-gestio-per-categories\/#primaryimage"},"thumbnailUrl":"","keywords":["dermoanalitzador","Dermofarm\u00e0cia","gesti\u00f3 per categories","medicina est\u00e8tica","productes sanitaris"],"articleSection":["M\u00f3n col\u00b7legial"],"inLanguage":"es","potentialAction":[{"@type":"CommentAction","name":"Comment","target":["https:\/\/novaorg.cofb.net\/2016\/07\/01\/dermofarmacia-dermoanalitzadors-medicina-estetica-i-gestio-per-categories\/#respond"]}]},{"@type":"WebPage","@id":"https:\/\/novaorg.cofb.net\/2016\/07\/01\/dermofarmacia-dermoanalitzadors-medicina-estetica-i-gestio-per-categories\/","url":"https:\/\/novaorg.cofb.net\/2016\/07\/01\/dermofarmacia-dermoanalitzadors-medicina-estetica-i-gestio-per-categories\/","name":"Dermofarm\u00e0cia: dermoanalitzadors, medicina est\u00e8tica i gesti\u00f3 per categories - Col\u00b7legi de Farmac\u00e8utics de Barcelona","isPartOf":{"@id":"https:\/\/www.cofb.org\/#website"},"primaryImageOfPage":{"@id":"https:\/\/novaorg.cofb.net\/2016\/07\/01\/dermofarmacia-dermoanalitzadors-medicina-estetica-i-gestio-per-categories\/#primaryimage"},"image":{"@id":"https:\/\/novaorg.cofb.net\/2016\/07\/01\/dermofarmacia-dermoanalitzadors-medicina-estetica-i-gestio-per-categories\/#primaryimage"},"thumbnailUrl":"","datePublished":"2016-07-01T08:01:43+00:00","dateModified":"2016-07-01T08:01:43+00:00","breadcrumb":{"@id":"https:\/\/novaorg.cofb.net\/2016\/07\/01\/dermofarmacia-dermoanalitzadors-medicina-estetica-i-gestio-per-categories\/#breadcrumb"},"inLanguage":"es","potentialAction":[{"@type":"ReadAction","target":["https:\/\/novaorg.cofb.net\/2016\/07\/01\/dermofarmacia-dermoanalitzadors-medicina-estetica-i-gestio-per-categories\/"]}]},{"@type":"ImageObject","inLanguage":"es","@id":"https:\/\/novaorg.cofb.net\/2016\/07\/01\/dermofarmacia-dermoanalitzadors-medicina-estetica-i-gestio-per-categories\/#primaryimage","url":"","contentUrl":""},{"@type":"BreadcrumbList","@id":"https:\/\/novaorg.cofb.net\/2016\/07\/01\/dermofarmacia-dermoanalitzadors-medicina-estetica-i-gestio-per-categories\/#breadcrumb","itemListElement":[{"@type":"ListItem","position":1,"name":"Inici","item":"https:\/\/novaorg.cofb.net\/"},{"@type":"ListItem","position":2,"name":"Dermofarm\u00e0cia: dermoanalitzadors, medicina est\u00e8tica i gesti\u00f3 per categories"}]},{"@type":"WebSite","@id":"https:\/\/www.cofb.org\/#website","url":"https:\/\/www.cofb.org\/","name":"Col\u00b7legi de Farmac\u00e8utics de Barcelona","description":"","publisher":{"@id":"https:\/\/www.cofb.org\/#organization"},"potentialAction":[{"@type":"SearchAction","target":{"@type":"EntryPoint","urlTemplate":"https:\/\/www.cofb.org\/?s={search_term_string}"},"query-input":"required name=search_term_string"}],"inLanguage":"es"},{"@type":"Organization","@id":"https:\/\/www.cofb.org\/#organization","name":"Col\u00b7legi de Farmac\u00e8utics de Barcelona","url":"https:\/\/www.cofb.org\/","logo":{"@type":"ImageObject","inLanguage":"es","@id":"https:\/\/www.cofb.org\/#\/schema\/logo\/image\/","url":"https:\/\/www.cofb.org\/wp-content\/uploads\/2023\/11\/cropped-Logotip-COFB.png","contentUrl":"https:\/\/www.cofb.org\/wp-content\/uploads\/2023\/11\/cropped-Logotip-COFB.png","width":500,"height":105,"caption":"Col\u00b7legi de Farmac\u00e8utics de Barcelona"},"image":{"@id":"https:\/\/www.cofb.org\/#\/schema\/logo\/image\/"},"sameAs":["https:\/\/www.facebook.com\/farmaceuticsbcn\/","https:\/\/twitter.com\/farmaceuticsbcn","https:\/\/www.instagram.com\/farmaceuticsbcn\/","https:\/\/www.linkedin.com\/company\/farmaceuticsbcn\/"]},{"@type":"Person","@id":"https:\/\/www.cofb.org\/#\/schema\/person\/22ed7eea88da74b0fa4d3154ad87ffcb","name":"wpAdminCofbOrg","image":{"@type":"ImageObject","inLanguage":"es","@id":"https:\/\/www.cofb.org\/#\/schema\/person\/image\/","url":"https:\/\/secure.gravatar.com\/avatar\/1721b20b3b8ca882c3b56ec6c978c594fff670e40c0718e9190eaeeb76aae7d8?s=96&d=mm&r=g","contentUrl":"https:\/\/secure.gravatar.com\/avatar\/1721b20b3b8ca882c3b56ec6c978c594fff670e40c0718e9190eaeeb76aae7d8?s=96&d=mm&r=g","caption":"wpAdminCofbOrg"},"sameAs":["http:\/\/192.168.64.122\/wordpress"],"url":"https:\/\/www.cofb.org\/es\/author\/wpadmincofborg\/"}]}},"uagb_featured_image_src":{"full":false,"thumbnail":false,"medium":false,"medium_large":false,"large":false,"1536x1536":false,"2048x2048":false,"trp-custom-language-flag":false},"uagb_author_info":{"display_name":"wpAdminCofbOrg","author_link":"https:\/\/www.cofb.org\/es\/author\/wpadmincofborg\/"},"uagb_comment_info":0,"uagb_excerpt":"L\u2019\u00fas d&#8217;aparells dermoanalitzadors com a complement de la dispensaci\u00f3 de cosm\u00e8tica i productes dermofarmac\u00e8utics permet fer una recomanaci\u00f3 personalitzada amb valor diferencial a l\u2019usuari. \u00c9s una possible \u00e0rea d&#8217;especialitzaci\u00f3 de les farm\u00e0cies en la dispensaci\u00f3 i el consell dermofarmac\u00e8utic per mitj\u00e0 del diagn\u00f2stic de tipus de pell, estat fisiol\u00f2gic i [&hellip;]","_links":{"self":[{"href":"https:\/\/www.cofb.org\/es\/wp-json\/wp\/v2\/posts\/22664","targetHints":{"allow":["GET"]}}],"collection":[{"href":"https:\/\/www.cofb.org\/es\/wp-json\/wp\/v2\/posts"}],"about":[{"href":"https:\/\/www.cofb.org\/es\/wp-json\/wp\/v2\/types\/post"}],"author":[{"embeddable":true,"href":"https:\/\/www.cofb.org\/es\/wp-json\/wp\/v2\/users\/1"}],"replies":[{"embeddable":true,"href":"https:\/\/www.cofb.org\/es\/wp-json\/wp\/v2\/comments?post=22664"}],"version-history":[{"count":0,"href":"https:\/\/www.cofb.org\/es\/wp-json\/wp\/v2\/posts\/22664\/revisions"}],"wp:featuredmedia":[{"embeddable":true,"href":"https:\/\/www.cofb.org\/es\/wp-json\/"}],"wp:attachment":[{"href":"https:\/\/www.cofb.org\/es\/wp-json\/wp\/v2\/media?parent=22664"}],"wp:term":[{"taxonomy":"category","embeddable":true,"href":"https:\/\/www.cofb.org\/es\/wp-json\/wp\/v2\/categories?post=22664"},{"taxonomy":"post_tag","embeddable":true,"href":"https:\/\/www.cofb.org\/es\/wp-json\/wp\/v2\/tags?post=22664"}],"curies":[{"name":"wp","href":"https:\/\/api.w.org\/{rel}","templated":true}]}}