{"id":21998,"date":"2016-06-13T17:28:54","date_gmt":"2016-06-13T16:28:54","guid":{"rendered":"http:\/\/blog.cofb.cat\/?p=21998"},"modified":"2016-06-13T17:28:54","modified_gmt":"2016-06-13T16:28:54","slug":"direccio-duna-industria-farmaceutica","status":"publish","type":"post","link":"https:\/\/www.cofb.org\/es\/2016\/06\/13\/direccio-duna-industria-farmaceutica\/","title":{"rendered":"Direcci\u00f3n de una industria farmac\u00e9utica"},"content":{"rendered":"<p><a href=\"http:\/\/blog.cofb.cat\/wp-content\/uploads\/2016\/05\/curs-direccio-industria-farmaceutica-abril2016-1.jpg\"><img fetchpriority=\"high\" decoding=\"async\" class=\"alignright  wp-image-21999\" alt=\"curs-direccio-industria-farmaceutica-abril2016 (1)\" src=\"http:\/\/blog.cofb.cat\/wp-content\/uploads\/2016\/05\/curs-direccio-industria-farmaceutica-abril2016-1-1024x560.jpg\" width=\"347\" height=\"190\" \/><\/a>El departamento t\u00e9cnico de un laboratorio farmac\u00e9utico es el responsable del f\u00e1rmaco frente a las autoridades sanitarias tanto si lo ha producido como si s\u00f3lo lo ha comercializado.<strong> El \u00e1mbito de actuaci\u00f3n incluye desde el control del punto de vista farmac\u00e9utico-sanitario del f\u00e1rmaco hasta el establecimiento de contactos con otros fabricantes de productos<\/strong>. El conocimiento de esta \u00e1rea permite valorar su importancia, saber c\u00f3mo funciona y discernir las caracter\u00edsticas a tener en cuenta para desarrollar la tarea encomendada.<\/p>\n<p>Con el objetivo de iniciar al alumno en los <strong>conceptos de direcci\u00f3n t\u00e9cnica a partir de la visi\u00f3n y la experiencia de profesionales de la industria farmac\u00e9utica para proveerle de unos conocimientos generales de las \u00e1reas implicadas, y repasar las funciones que desarrolla un director t\u00e9cnico en la industria farmac\u00e9utica y el t\u00e9cnico garante de sectores afin<\/strong>s, el COFB acogi\u00f3 el curso \u201cDirecci\u00f3n de una industria farmac\u00e9utica\u201d el pasado mes de abril.<\/p>\n<p><b><a href=\"http:\/\/blog.cofb.cat\/wp-content\/uploads\/2016\/05\/curs-direccio-industria-farmaceutica-abril2016-2.jpg\"><img decoding=\"async\" class=\"wp-image-22000 alignleft\" alt=\"curs-direccio-industria-farmaceutica-abril2016 (2)\" src=\"http:\/\/blog.cofb.cat\/wp-content\/uploads\/2016\/05\/curs-direccio-industria-farmaceutica-abril2016-2-1024x683.jpg\" width=\"372\" height=\"248\" \/><\/a><div class=\"box shadow\">Ramon Bonet,<\/b>\u00a0doctor en farmacia, especialista en farmacia industrial y gal\u00e9nica y an\u00e1lisis y control de medicamentos y drogas, director adjunto de estrategia comercial canal retail y atenci\u00f3n al cliente Iberia Sanofi y vocal de Industria del COF de Barcelona fue el coordinador y el docente responsable de la formaci\u00f3n. <\/div><\/p>\n<p>La formaci\u00f3n incluy\u00f3 a su <strong>programa varios puntos<\/strong>: direcci\u00f3n t\u00e9cnica de un laboratorio farmac\u00e9utico, t\u00e9cnicos garantes de sectores afines, tipos de laboratorios, legislaci\u00f3n farmac\u00e9utica relacionada, ley de garant\u00edas y principales normativas, normas de fabricaci\u00f3n correcta, aspectos generales de direcci\u00f3n t\u00e9cnica, almacenamiento, transporte, distribuci\u00f3n, suministro de medicamentos y trazabilidad, administraci\u00f3n central y auton\u00f3mica, comercio internacional, subcontrataci\u00f3n a terceros, auditor\u00edas a terceros, devoluciones, reclamaciones, retiradas, complementos alimenticios y productos sanitarios.<\/p>","protected":false},"excerpt":{"rendered":"<p>El departamento t\u00e9cnico de un laboratorio farmac\u00e9utico es el responsable del f\u00e1rmaco frente a las autoridades sanitarias tanto si lo ha producido como si s\u00f3lo lo ha comercializado. El \u00e1mbito de actuaci\u00f3n incluye desde el control del punto de vista farmac\u00e9utico-sanitario del f\u00e1rmaco hasta el establecimiento de contactos con otros fabricantes de productos. El conocimiento [\u2026]<\/p>","protected":false},"author":1,"featured_media":21999,"comment_status":"open","ping_status":"open","sticky":false,"template":"","format":"standard","meta":{"_uag_custom_page_level_css":"","site-sidebar-layout":"default","site-content-layout":"","ast-site-content-layout":"default","site-content-style":"default","site-sidebar-style":"default","ast-global-header-display":"","ast-banner-title-visibility":"","ast-main-header-display":"","ast-hfb-above-header-display":"","ast-hfb-below-header-display":"","ast-hfb-mobile-header-display":"","site-post-title":"","ast-breadcrumbs-content":"","ast-featured-img":"disabled","footer-sml-layout":"","theme-transparent-header-meta":"","adv-header-id-meta":"","stick-header-meta":"","header-above-stick-meta":"","header-main-stick-meta":"","header-below-stick-meta":"","astra-migrate-meta-layouts":"default","ast-page-background-enabled":"default","ast-page-background-meta":{"desktop":{"background-color":"var(--ast-global-color-4)","background-image":"","background-repeat":"repeat","background-position":"center center","background-size":"auto","background-attachment":"scroll","background-type":"","background-media":"","overlay-type":"","overlay-color":"","overlay-opacity":"","overlay-gradient":""},"tablet":{"background-color":"","background-image":"","background-repeat":"repeat","background-position":"center center","background-size":"auto","background-attachment":"scroll","background-type":"","background-media":"","overlay-type":"","overlay-color":"","overlay-opacity":"","overlay-gradient":""},"mobile":{"background-color":"","background-image":"","background-repeat":"repeat","background-position":"center center","background-size":"auto","background-attachment":"scroll","background-type":"","background-media":"","overlay-type":"","overlay-color":"","overlay-opacity":"","overlay-gradient":""}},"ast-content-background-meta":{"desktop":{"background-color":"var(--ast-global-color-5)","background-image":"","background-repeat":"repeat","background-position":"center center","background-size":"auto","background-attachment":"scroll","background-type":"","background-media":"","overlay-type":"","overlay-color":"","overlay-opacity":"","overlay-gradient":""},"tablet":{"background-color":"var(--ast-global-color-5)","background-image":"","background-repeat":"repeat","background-position":"center center","background-size":"auto","background-attachment":"scroll","background-type":"","background-media":"","overlay-type":"","overlay-color":"","overlay-opacity":"","overlay-gradient":""},"mobile":{"background-color":"var(--ast-global-color-5)","background-image":"","background-repeat":"repeat","background-position":"center center","background-size":"auto","background-attachment":"scroll","background-type":"","background-media":"","overlay-type":"","overlay-color":"","overlay-opacity":"","overlay-gradient":""}},"footnotes":""},"categories":[57],"tags":[2203,70,2156,2412],"class_list":["post-21998","post","type-post","status-publish","format-standard","has-post-thumbnail","hentry","category-mon-collegial","tag-direccio-tecnica-industria-farmaceutica","tag-formacio","tag-industria","tag-industria-farmaceutica"],"yoast_head":"<!-- This site is optimized with the Yoast SEO plugin v22.4 - https:\/\/yoast.com\/wordpress\/plugins\/seo\/ -->\n<title>Direcci\u00f3 d\u2019una ind\u00fastria farmac\u00e8utica - Col\u00b7legi de Farmac\u00e8utics de Barcelona<\/title>\n<meta name=\"robots\" content=\"index, follow, max-snippet:-1, max-image-preview:large, max-video-preview:-1\" \/>\n<link rel=\"canonical\" href=\"https:\/\/novaorg.cofb.net\/2016\/06\/13\/direccio-duna-industria-farmaceutica\/\" \/>\n<meta property=\"og:locale\" content=\"es_ES\" \/>\n<meta property=\"og:type\" content=\"article\" \/>\n<meta property=\"og:title\" content=\"Direcci\u00f3 d\u2019una ind\u00fastria farmac\u00e8utica - Col\u00b7legi de Farmac\u00e8utics de Barcelona\" \/>\n<meta property=\"og:description\" content=\"El departament t\u00e8cnic d\u2019un laboratori farmac\u00e8utic \u00e9s el responsable del f\u00e0rmac davant de les autoritats sanit\u00e0ries tant si l\u2019ha produ\u00eft com si nom\u00e9s l\u2019ha comercialitzat. L\u2019\u00e0mbit d\u2019actuaci\u00f3 inclou des del control del punt de vista farmaceuticosanitari del f\u00e0rmac fins a l\u2019establiment de contactes amb altres fabricants de productes. El coneixement [&hellip;]\" \/>\n<meta property=\"og:url\" content=\"https:\/\/novaorg.cofb.net\/2016\/06\/13\/direccio-duna-industria-farmaceutica\/\" \/>\n<meta property=\"og:site_name\" content=\"Col\u00b7legi de Farmac\u00e8utics de Barcelona\" \/>\n<meta property=\"article:publisher\" content=\"https:\/\/www.facebook.com\/farmaceuticsbcn\/\" \/>\n<meta property=\"article:published_time\" content=\"2016-06-13T16:28:54+00:00\" \/>\n<meta name=\"author\" content=\"wpAdminCofbOrg\" \/>\n<meta name=\"twitter:card\" content=\"summary_large_image\" \/>\n<meta name=\"twitter:creator\" content=\"@farmaceuticsbcn\" \/>\n<meta name=\"twitter:site\" content=\"@farmaceuticsbcn\" \/>\n<meta name=\"twitter:label1\" content=\"Escrito por\" \/>\n\t<meta name=\"twitter:data1\" content=\"wpAdminCofbOrg\" \/>\n\t<meta name=\"twitter:label2\" content=\"Tiempo de lectura\" \/>\n\t<meta name=\"twitter:data2\" content=\"2 minutos\" \/>\n<script type=\"application\/ld+json\" class=\"yoast-schema-graph\">{\"@context\":\"https:\/\/schema.org\",\"@graph\":[{\"@type\":\"Article\",\"@id\":\"https:\/\/novaorg.cofb.net\/2016\/06\/13\/direccio-duna-industria-farmaceutica\/#article\",\"isPartOf\":{\"@id\":\"https:\/\/novaorg.cofb.net\/2016\/06\/13\/direccio-duna-industria-farmaceutica\/\"},\"author\":{\"name\":\"wpAdminCofbOrg\",\"@id\":\"https:\/\/www.cofb.org\/#\/schema\/person\/22ed7eea88da74b0fa4d3154ad87ffcb\"},\"headline\":\"Direcci\u00f3 d\u2019una ind\u00fastria farmac\u00e8utica\",\"datePublished\":\"2016-06-13T16:28:54+00:00\",\"dateModified\":\"2016-06-13T16:28:54+00:00\",\"mainEntityOfPage\":{\"@id\":\"https:\/\/novaorg.cofb.net\/2016\/06\/13\/direccio-duna-industria-farmaceutica\/\"},\"wordCount\":315,\"commentCount\":0,\"publisher\":{\"@id\":\"https:\/\/www.cofb.org\/#organization\"},\"image\":{\"@id\":\"https:\/\/novaorg.cofb.net\/2016\/06\/13\/direccio-duna-industria-farmaceutica\/#primaryimage\"},\"thumbnailUrl\":\"\",\"keywords\":[\"direcci\u00f3 t\u00e8cnica ind\u00fastria farmac\u00e8utica\",\"Formaci\u00f3\",\"Ind\u00fastria\",\"ind\u00fastria farmac\u00e8utica\"],\"articleSection\":[\"M\u00f3n col\u00b7legial\"],\"inLanguage\":\"es\",\"potentialAction\":[{\"@type\":\"CommentAction\",\"name\":\"Comment\",\"target\":[\"https:\/\/novaorg.cofb.net\/2016\/06\/13\/direccio-duna-industria-farmaceutica\/#respond\"]}]},{\"@type\":\"WebPage\",\"@id\":\"https:\/\/novaorg.cofb.net\/2016\/06\/13\/direccio-duna-industria-farmaceutica\/\",\"url\":\"https:\/\/novaorg.cofb.net\/2016\/06\/13\/direccio-duna-industria-farmaceutica\/\",\"name\":\"Direcci\u00f3 d\u2019una ind\u00fastria farmac\u00e8utica - Col\u00b7legi de Farmac\u00e8utics de Barcelona\",\"isPartOf\":{\"@id\":\"https:\/\/www.cofb.org\/#website\"},\"primaryImageOfPage\":{\"@id\":\"https:\/\/novaorg.cofb.net\/2016\/06\/13\/direccio-duna-industria-farmaceutica\/#primaryimage\"},\"image\":{\"@id\":\"https:\/\/novaorg.cofb.net\/2016\/06\/13\/direccio-duna-industria-farmaceutica\/#primaryimage\"},\"thumbnailUrl\":\"\",\"datePublished\":\"2016-06-13T16:28:54+00:00\",\"dateModified\":\"2016-06-13T16:28:54+00:00\",\"breadcrumb\":{\"@id\":\"https:\/\/novaorg.cofb.net\/2016\/06\/13\/direccio-duna-industria-farmaceutica\/#breadcrumb\"},\"inLanguage\":\"es\",\"potentialAction\":[{\"@type\":\"ReadAction\",\"target\":[\"https:\/\/novaorg.cofb.net\/2016\/06\/13\/direccio-duna-industria-farmaceutica\/\"]}]},{\"@type\":\"ImageObject\",\"inLanguage\":\"es\",\"@id\":\"https:\/\/novaorg.cofb.net\/2016\/06\/13\/direccio-duna-industria-farmaceutica\/#primaryimage\",\"url\":\"\",\"contentUrl\":\"\"},{\"@type\":\"BreadcrumbList\",\"@id\":\"https:\/\/novaorg.cofb.net\/2016\/06\/13\/direccio-duna-industria-farmaceutica\/#breadcrumb\",\"itemListElement\":[{\"@type\":\"ListItem\",\"position\":1,\"name\":\"Inici\",\"item\":\"https:\/\/novaorg.cofb.net\/\"},{\"@type\":\"ListItem\",\"position\":2,\"name\":\"Direcci\u00f3 d\u2019una ind\u00fastria farmac\u00e8utica\"}]},{\"@type\":\"WebSite\",\"@id\":\"https:\/\/www.cofb.org\/#website\",\"url\":\"https:\/\/www.cofb.org\/\",\"name\":\"Col\u00b7legi de Farmac\u00e8utics de Barcelona\",\"description\":\"\",\"publisher\":{\"@id\":\"https:\/\/www.cofb.org\/#organization\"},\"potentialAction\":[{\"@type\":\"SearchAction\",\"target\":{\"@type\":\"EntryPoint\",\"urlTemplate\":\"https:\/\/www.cofb.org\/?s={search_term_string}\"},\"query-input\":\"required name=search_term_string\"}],\"inLanguage\":\"es\"},{\"@type\":\"Organization\",\"@id\":\"https:\/\/www.cofb.org\/#organization\",\"name\":\"Col\u00b7legi de Farmac\u00e8utics de Barcelona\",\"url\":\"https:\/\/www.cofb.org\/\",\"logo\":{\"@type\":\"ImageObject\",\"inLanguage\":\"es\",\"@id\":\"https:\/\/www.cofb.org\/#\/schema\/logo\/image\/\",\"url\":\"https:\/\/www.cofb.org\/wp-content\/uploads\/2023\/11\/cropped-Logotip-COFB.png\",\"contentUrl\":\"https:\/\/www.cofb.org\/wp-content\/uploads\/2023\/11\/cropped-Logotip-COFB.png\",\"width\":500,\"height\":105,\"caption\":\"Col\u00b7legi de Farmac\u00e8utics de Barcelona\"},\"image\":{\"@id\":\"https:\/\/www.cofb.org\/#\/schema\/logo\/image\/\"},\"sameAs\":[\"https:\/\/www.facebook.com\/farmaceuticsbcn\/\",\"https:\/\/twitter.com\/farmaceuticsbcn\",\"https:\/\/www.instagram.com\/farmaceuticsbcn\/\",\"https:\/\/www.linkedin.com\/company\/farmaceuticsbcn\/\"]},{\"@type\":\"Person\",\"@id\":\"https:\/\/www.cofb.org\/#\/schema\/person\/22ed7eea88da74b0fa4d3154ad87ffcb\",\"name\":\"wpAdminCofbOrg\",\"image\":{\"@type\":\"ImageObject\",\"inLanguage\":\"es\",\"@id\":\"https:\/\/www.cofb.org\/#\/schema\/person\/image\/\",\"url\":\"https:\/\/secure.gravatar.com\/avatar\/1721b20b3b8ca882c3b56ec6c978c594fff670e40c0718e9190eaeeb76aae7d8?s=96&d=mm&r=g\",\"contentUrl\":\"https:\/\/secure.gravatar.com\/avatar\/1721b20b3b8ca882c3b56ec6c978c594fff670e40c0718e9190eaeeb76aae7d8?s=96&d=mm&r=g\",\"caption\":\"wpAdminCofbOrg\"},\"sameAs\":[\"http:\/\/192.168.64.122\/wordpress\"],\"url\":\"https:\/\/www.cofb.org\/es\/author\/wpadmincofborg\/\"}]}<\/script>\n<!-- \/ Yoast SEO plugin. -->","yoast_head_json":{"title":"Direcci\u00f3 d\u2019una ind\u00fastria farmac\u00e8utica - Col\u00b7legi de Farmac\u00e8utics de Barcelona","robots":{"index":"index","follow":"follow","max-snippet":"max-snippet:-1","max-image-preview":"max-image-preview:large","max-video-preview":"max-video-preview:-1"},"canonical":"https:\/\/novaorg.cofb.net\/2016\/06\/13\/direccio-duna-industria-farmaceutica\/","og_locale":"es_ES","og_type":"article","og_title":"Direcci\u00f3 d\u2019una ind\u00fastria farmac\u00e8utica - Col\u00b7legi de Farmac\u00e8utics de Barcelona","og_description":"El departament t\u00e8cnic d\u2019un laboratori farmac\u00e8utic \u00e9s el responsable del f\u00e0rmac davant de les autoritats sanit\u00e0ries tant si l\u2019ha produ\u00eft com si nom\u00e9s l\u2019ha comercialitzat. L\u2019\u00e0mbit d\u2019actuaci\u00f3 inclou des del control del punt de vista farmaceuticosanitari del f\u00e0rmac fins a l\u2019establiment de contactes amb altres fabricants de productes. El coneixement [&hellip;]","og_url":"https:\/\/novaorg.cofb.net\/2016\/06\/13\/direccio-duna-industria-farmaceutica\/","og_site_name":"Col\u00b7legi de Farmac\u00e8utics de Barcelona","article_publisher":"https:\/\/www.facebook.com\/farmaceuticsbcn\/","article_published_time":"2016-06-13T16:28:54+00:00","author":"wpAdminCofbOrg","twitter_card":"summary_large_image","twitter_creator":"@farmaceuticsbcn","twitter_site":"@farmaceuticsbcn","twitter_misc":{"Escrito por":"wpAdminCofbOrg","Tiempo de lectura":"2 minutos"},"schema":{"@context":"https:\/\/schema.org","@graph":[{"@type":"Article","@id":"https:\/\/novaorg.cofb.net\/2016\/06\/13\/direccio-duna-industria-farmaceutica\/#article","isPartOf":{"@id":"https:\/\/novaorg.cofb.net\/2016\/06\/13\/direccio-duna-industria-farmaceutica\/"},"author":{"name":"wpAdminCofbOrg","@id":"https:\/\/www.cofb.org\/#\/schema\/person\/22ed7eea88da74b0fa4d3154ad87ffcb"},"headline":"Direcci\u00f3 d\u2019una ind\u00fastria farmac\u00e8utica","datePublished":"2016-06-13T16:28:54+00:00","dateModified":"2016-06-13T16:28:54+00:00","mainEntityOfPage":{"@id":"https:\/\/novaorg.cofb.net\/2016\/06\/13\/direccio-duna-industria-farmaceutica\/"},"wordCount":315,"commentCount":0,"publisher":{"@id":"https:\/\/www.cofb.org\/#organization"},"image":{"@id":"https:\/\/novaorg.cofb.net\/2016\/06\/13\/direccio-duna-industria-farmaceutica\/#primaryimage"},"thumbnailUrl":"","keywords":["direcci\u00f3 t\u00e8cnica ind\u00fastria farmac\u00e8utica","Formaci\u00f3","Ind\u00fastria","ind\u00fastria farmac\u00e8utica"],"articleSection":["M\u00f3n col\u00b7legial"],"inLanguage":"es","potentialAction":[{"@type":"CommentAction","name":"Comment","target":["https:\/\/novaorg.cofb.net\/2016\/06\/13\/direccio-duna-industria-farmaceutica\/#respond"]}]},{"@type":"WebPage","@id":"https:\/\/novaorg.cofb.net\/2016\/06\/13\/direccio-duna-industria-farmaceutica\/","url":"https:\/\/novaorg.cofb.net\/2016\/06\/13\/direccio-duna-industria-farmaceutica\/","name":"Direcci\u00f3 d\u2019una ind\u00fastria farmac\u00e8utica - Col\u00b7legi de Farmac\u00e8utics de Barcelona","isPartOf":{"@id":"https:\/\/www.cofb.org\/#website"},"primaryImageOfPage":{"@id":"https:\/\/novaorg.cofb.net\/2016\/06\/13\/direccio-duna-industria-farmaceutica\/#primaryimage"},"image":{"@id":"https:\/\/novaorg.cofb.net\/2016\/06\/13\/direccio-duna-industria-farmaceutica\/#primaryimage"},"thumbnailUrl":"","datePublished":"2016-06-13T16:28:54+00:00","dateModified":"2016-06-13T16:28:54+00:00","breadcrumb":{"@id":"https:\/\/novaorg.cofb.net\/2016\/06\/13\/direccio-duna-industria-farmaceutica\/#breadcrumb"},"inLanguage":"es","potentialAction":[{"@type":"ReadAction","target":["https:\/\/novaorg.cofb.net\/2016\/06\/13\/direccio-duna-industria-farmaceutica\/"]}]},{"@type":"ImageObject","inLanguage":"es","@id":"https:\/\/novaorg.cofb.net\/2016\/06\/13\/direccio-duna-industria-farmaceutica\/#primaryimage","url":"","contentUrl":""},{"@type":"BreadcrumbList","@id":"https:\/\/novaorg.cofb.net\/2016\/06\/13\/direccio-duna-industria-farmaceutica\/#breadcrumb","itemListElement":[{"@type":"ListItem","position":1,"name":"Inici","item":"https:\/\/novaorg.cofb.net\/"},{"@type":"ListItem","position":2,"name":"Direcci\u00f3 d\u2019una ind\u00fastria farmac\u00e8utica"}]},{"@type":"WebSite","@id":"https:\/\/www.cofb.org\/#website","url":"https:\/\/www.cofb.org\/","name":"Col\u00b7legi de Farmac\u00e8utics de Barcelona","description":"","publisher":{"@id":"https:\/\/www.cofb.org\/#organization"},"potentialAction":[{"@type":"SearchAction","target":{"@type":"EntryPoint","urlTemplate":"https:\/\/www.cofb.org\/?s={search_term_string}"},"query-input":"required name=search_term_string"}],"inLanguage":"es"},{"@type":"Organization","@id":"https:\/\/www.cofb.org\/#organization","name":"Col\u00b7legi de Farmac\u00e8utics de Barcelona","url":"https:\/\/www.cofb.org\/","logo":{"@type":"ImageObject","inLanguage":"es","@id":"https:\/\/www.cofb.org\/#\/schema\/logo\/image\/","url":"https:\/\/www.cofb.org\/wp-content\/uploads\/2023\/11\/cropped-Logotip-COFB.png","contentUrl":"https:\/\/www.cofb.org\/wp-content\/uploads\/2023\/11\/cropped-Logotip-COFB.png","width":500,"height":105,"caption":"Col\u00b7legi de Farmac\u00e8utics de Barcelona"},"image":{"@id":"https:\/\/www.cofb.org\/#\/schema\/logo\/image\/"},"sameAs":["https:\/\/www.facebook.com\/farmaceuticsbcn\/","https:\/\/twitter.com\/farmaceuticsbcn","https:\/\/www.instagram.com\/farmaceuticsbcn\/","https:\/\/www.linkedin.com\/company\/farmaceuticsbcn\/"]},{"@type":"Person","@id":"https:\/\/www.cofb.org\/#\/schema\/person\/22ed7eea88da74b0fa4d3154ad87ffcb","name":"wpAdminCofbOrg","image":{"@type":"ImageObject","inLanguage":"es","@id":"https:\/\/www.cofb.org\/#\/schema\/person\/image\/","url":"https:\/\/secure.gravatar.com\/avatar\/1721b20b3b8ca882c3b56ec6c978c594fff670e40c0718e9190eaeeb76aae7d8?s=96&d=mm&r=g","contentUrl":"https:\/\/secure.gravatar.com\/avatar\/1721b20b3b8ca882c3b56ec6c978c594fff670e40c0718e9190eaeeb76aae7d8?s=96&d=mm&r=g","caption":"wpAdminCofbOrg"},"sameAs":["http:\/\/192.168.64.122\/wordpress"],"url":"https:\/\/www.cofb.org\/es\/author\/wpadmincofborg\/"}]}},"uagb_featured_image_src":{"full":false,"thumbnail":false,"medium":false,"medium_large":false,"large":false,"1536x1536":false,"2048x2048":false,"trp-custom-language-flag":false},"uagb_author_info":{"display_name":"wpAdminCofbOrg","author_link":"https:\/\/www.cofb.org\/es\/author\/wpadmincofborg\/"},"uagb_comment_info":0,"uagb_excerpt":"El departament t\u00e8cnic d\u2019un laboratori farmac\u00e8utic \u00e9s el responsable del f\u00e0rmac davant de les autoritats sanit\u00e0ries tant si l\u2019ha produ\u00eft com si nom\u00e9s l\u2019ha comercialitzat. L\u2019\u00e0mbit d\u2019actuaci\u00f3 inclou des del control del punt de vista farmaceuticosanitari del f\u00e0rmac fins a l\u2019establiment de contactes amb altres fabricants de productes. El coneixement [&hellip;]","_links":{"self":[{"href":"https:\/\/www.cofb.org\/es\/wp-json\/wp\/v2\/posts\/21998","targetHints":{"allow":["GET"]}}],"collection":[{"href":"https:\/\/www.cofb.org\/es\/wp-json\/wp\/v2\/posts"}],"about":[{"href":"https:\/\/www.cofb.org\/es\/wp-json\/wp\/v2\/types\/post"}],"author":[{"embeddable":true,"href":"https:\/\/www.cofb.org\/es\/wp-json\/wp\/v2\/users\/1"}],"replies":[{"embeddable":true,"href":"https:\/\/www.cofb.org\/es\/wp-json\/wp\/v2\/comments?post=21998"}],"version-history":[{"count":0,"href":"https:\/\/www.cofb.org\/es\/wp-json\/wp\/v2\/posts\/21998\/revisions"}],"wp:featuredmedia":[{"embeddable":true,"href":"https:\/\/www.cofb.org\/es\/wp-json\/"}],"wp:attachment":[{"href":"https:\/\/www.cofb.org\/es\/wp-json\/wp\/v2\/media?parent=21998"}],"wp:term":[{"taxonomy":"category","embeddable":true,"href":"https:\/\/www.cofb.org\/es\/wp-json\/wp\/v2\/categories?post=21998"},{"taxonomy":"post_tag","embeddable":true,"href":"https:\/\/www.cofb.org\/es\/wp-json\/wp\/v2\/tags?post=21998"}],"curies":[{"name":"wp","href":"https:\/\/api.w.org\/{rel}","templated":true}]}}