{"id":20444,"date":"2016-04-07T11:17:04","date_gmt":"2016-04-07T10:17:04","guid":{"rendered":"http:\/\/blog.cofb.cat\/?p=20444"},"modified":"2016-04-07T11:17:04","modified_gmt":"2016-04-07T10:17:04","slug":"dia-mundial-de-la-salut-2016-diabetis","status":"publish","type":"post","link":"https:\/\/www.cofb.org\/es\/2016\/04\/07\/dia-mundial-de-la-salut-2016-diabetis\/","title":{"rendered":"D\u00eda Mundial de la Salud 2016: diabetes"},"content":{"rendered":"<figure id=\"attachment_20448\" aria-describedby=\"caption-attachment-20448\" style=\"width: 238px\" class=\"wp-caption alignright\"><a href=\"http:\/\/blog.cofb.cat\/wp-content\/uploads\/2016\/04\/cartell-dia-mundial-salut-2016-diabetis.jpg\"><img fetchpriority=\"high\" decoding=\"async\" class=\"wp-image-20448\" alt=\"cartell-dia-mundial-salut-2016-diabetis\" src=\"http:\/\/blog.cofb.cat\/wp-content\/uploads\/2016\/04\/cartell-dia-mundial-salut-2016-diabetis-723x1024.jpg\" width=\"238\" height=\"338\" \/><\/a><figcaption id=\"caption-attachment-20448\" class=\"wp-caption-text\">Uno de los carteles promocionales de la OMS para el D\u00eda Mundial de la Salud<\/figcaption><\/figure>\n<p>Hoy se celebra el <strong>D\u00eda Mundial de la Salud<\/strong>. Esta edici\u00f3n se centra en aumentar la concienciaci\u00f3n de la sociedad sobre la <strong>diabetes<\/strong> y promover el desarrollo de medidas concretas para su prevenci\u00f3n, diagn\u00f3stico precoz y tratamiento. Se estima que en 2008 unos 347 millones de personas en todo el mundo ten\u00edan diabetes, enfermedad cuya prevalencia va en aumento, especialmente en los pa\u00edses de ingresos bajos y medios.<\/p>\n<p>La Organizaci\u00f3n Mundial de la Salud (OMS) promueve cada a\u00f1o, el 7 de abril, la celebraci\u00f3n del <a href=\"http:\/\/www.who.int\/campaigns\/world-health-day\/2016\/event\/es\/\" target=\"_blank\" rel=\"noopener\">D\u00eda Mundial de la Salud<\/a>, que constituye una oportunidad para llamar la atenci\u00f3n del mundo sobre un tema prioritario para la salud internacional. Este a\u00f1o el lema elegido es <strong>\u201cVence a la diabetes\u201d<\/strong>, con el objetivo de hacer hincapi\u00e9 en el alarmante aumento de esta patolog\u00eda e impulsar actividades espec\u00edficas para su prevenci\u00f3n, diagn\u00f3stico precoz y tratamiento de la enfermedad.<\/p>\n<p>En esta Jornada, la OMS pretende transmitir los siguientes mensajes clave:<\/p>\n<ul>\n<li>La diabetes es una epidemia que est\u00e1 aumentando a gran velocidad en muchos pa\u00edses.<\/li>\n<li>Muchos casos pueden prevenirse con un estilo de vida adecuado y evitando el sobrepeso.<\/li>\n<li>La diabetes puede tratarse para prevenir complicaciones.<\/li>\n<li>Es fundamental la educaci\u00f3n sobre el control de la enfermedad para conseguir resultados satisfactorios.<\/li>\n<li>Deben tomar conciencia e implicarse en todos los niveles implicados: gobiernos, autoridades sanitarias, profesionales sanitarios y pacientes y familiares.<\/li>\n<\/ul>\n<p><a href=\"http:\/\/www.who.int\/features\/factfiles\/diabetes\/facts\/es\/\" target=\"_blank\" rel=\"noopener\">Diez datos sobre la diabetes, v\u00eda OMS<\/a><\/p>\n<p>[Fuente:\u00a0<a href=\"http:\/\/www.portalfarma.com\/Ciudadanos\/Destacados_ciudadanos\/Paginas\/Dia-Mundial-Salud-2016.aspx\" target=\"_blank\" rel=\"noopener\">D\u00eda Mundial de la Salud <\/a>-V\u00eda Portalfarma-]<\/p>\n<p>&nbsp;<\/p>\n<div class=\"box shadow\"><strong>\u00bfQu\u00e9 es la diabetes?<\/strong><\/p>\n<p>La diabetes -diabetes mellitus- es una<strong> enfermedad en la que el nivel de glucosa (az\u00facar) de la sangre se encuentra alterado<\/strong>. El nivel aumenta porque el cuerpo es incapaz de metabolizarlo bien. La glucosa la obtenemos de los alimentos. Todas las c\u00e9lulas del cuerpo necesitan glucosa para vivir. La hormona insulina es la que controla la cantidad de glucosa en sangre. El p\u00e1ncreas es la gl\u00e1ndula que sintetiza la insulina, y se encuentra junto al est\u00f3mago. La insulina ayuda a la glucosa a introducirse en las c\u00e9lulas, y una vez dentro se utiliza como combustible del cuerpo.<\/p>\n<p>La diabetes es una <strong>enfermedad cr\u00f3nica<\/strong>, lo que significa que cuanto m\u00e1s joven se contrae, m\u00e1s bien se ver\u00e1 afectada a la persona por los riesgos a largo plazo. Si por factores gen\u00e9ticos (hereditarios) o por problemas de sobrepeso, se considera en riesgo de contraerla, existen una serie de medidas que pueden, en cierto modo, evitar su aparici\u00f3n o retrasar su desarrollo en el organismo. Se recomienda<strong> hacer una dieta equilibrada y mantener un peso adecuado<\/strong>.<\/p>\n<p>El control de la enfermedad de la diabetes es, fundamentalmente, el <strong>control de las complicaciones que puede comportar<\/strong>. El apego principal se produce en las arterias, y puede distinguirse entre <strong>complicaciones microvasculares, macrovasculares o del sistema nervioso<\/strong>.<\/p>\n<p>\u00bfSe contagia la diabetes? \u00bfComer mucho puede causar diabetes? \u00bfPuede afectar a la seguridad de la conducci\u00f3n? Encontrar\u00e1 la respuesta a estas preguntas y m\u00e1s informaci\u00f3n sobre la enfermedad en<a href=\"http:\/\/www.farmaceuticonline.com\/ca\/familia\/590-diabetes?showall=1\" target=\"_blank\" rel=\"noopener\"> tema de salud \u201cDiabetes\u201d de nuestra web de salud, Farmaceuticonline<\/a>.<\/div>\n<p><a href=\"http:\/\/blog.cofb.cat\/wp-content\/uploads\/2016\/02\/twitter-LOGO.jpg\"><img decoding=\"async\" class=\"alignleft  wp-image-19080\" alt=\"twitter-LOGO\" src=\"http:\/\/blog.cofb.cat\/wp-content\/uploads\/2016\/02\/twitter-LOGO-150x150.jpg\" width=\"46\" height=\"46\" \/><\/a>Sigue el tema en Twitter con los hashtag <strong>#DMS2016, #WorldHealthDay #DiaMundialdelaSalud<\/strong><\/p>\n<p><strong>M\u00e1s informaci\u00f3n:<\/strong><\/p>\n<p><a href=\"http:\/\/who.int\/mediacentre\/news\/releases\/2016\/world-health-day\/en\/\" target=\"_blank\" rel=\"noopener\">World Health Day 2016: WHO calls para global action to holt rise in and improve care for people with diabetes<\/a>\u00a0(World Health Organization)<\/p>\n<p><a href=\"http:\/\/premsa.gencat.cat\/pres_fsvp\/AppJava\/notapremsavw\/291939\/ca\/530-000-persones-tenen-diabetis-catalunya-lesca-2015.do\" target=\"_blank\" rel=\"noopener\">Unas 530.000 personas tienen diabetes en Catalu\u00f1a, seg\u00fan la ESCA 2015<\/a> (v\u00eda Salud)<\/p>","protected":false},"excerpt":{"rendered":"<p>Hoy se celebra el D\u00eda Mundial de la Salud. Esta edici\u00f3n se centra en aumentar la concienciaci\u00f3n de la sociedad sobre la diabetes y promover el desarrollo de medidas concretas para su prevenci\u00f3n, diagn\u00f3stico precoz y tratamiento. Se estima que en 2008 unos 347 millones de personas [...]<\/p>","protected":false},"author":1,"featured_media":20448,"comment_status":"open","ping_status":"open","sticky":false,"template":"","format":"standard","meta":{"_uag_custom_page_level_css":"","site-sidebar-layout":"default","site-content-layout":"","ast-site-content-layout":"default","site-content-style":"default","site-sidebar-style":"default","ast-global-header-display":"","ast-banner-title-visibility":"","ast-main-header-display":"","ast-hfb-above-header-display":"","ast-hfb-below-header-display":"","ast-hfb-mobile-header-display":"","site-post-title":"","ast-breadcrumbs-content":"","ast-featured-img":"disabled","footer-sml-layout":"","theme-transparent-header-meta":"","adv-header-id-meta":"","stick-header-meta":"","header-above-stick-meta":"","header-main-stick-meta":"","header-below-stick-meta":"","astra-migrate-meta-layouts":"default","ast-page-background-enabled":"default","ast-page-background-meta":{"desktop":{"background-color":"var(--ast-global-color-4)","background-image":"","background-repeat":"repeat","background-position":"center center","background-size":"auto","background-attachment":"scroll","background-type":"","background-media":"","overlay-type":"","overlay-color":"","overlay-opacity":"","overlay-gradient":""},"tablet":{"background-color":"","background-image":"","background-repeat":"repeat","background-position":"center center","background-size":"auto","background-attachment":"scroll","background-type":"","background-media":"","overlay-type":"","overlay-color":"","overlay-opacity":"","overlay-gradient":""},"mobile":{"background-color":"","background-image":"","background-repeat":"repeat","background-position":"center center","background-size":"auto","background-attachment":"scroll","background-type":"","background-media":"","overlay-type":"","overlay-color":"","overlay-opacity":"","overlay-gradient":""}},"ast-content-background-meta":{"desktop":{"background-color":"var(--ast-global-color-5)","background-image":"","background-repeat":"repeat","background-position":"center center","background-size":"auto","background-attachment":"scroll","background-type":"","background-media":"","overlay-type":"","overlay-color":"","overlay-opacity":"","overlay-gradient":""},"tablet":{"background-color":"var(--ast-global-color-5)","background-image":"","background-repeat":"repeat","background-position":"center center","background-size":"auto","background-attachment":"scroll","background-type":"","background-media":"","overlay-type":"","overlay-color":"","overlay-opacity":"","overlay-gradient":""},"mobile":{"background-color":"var(--ast-global-color-5)","background-image":"","background-repeat":"repeat","background-position":"center center","background-size":"auto","background-attachment":"scroll","background-type":"","background-media":"","overlay-type":"","overlay-color":"","overlay-opacity":"","overlay-gradient":""}},"footnotes":""},"categories":[32],"tags":[2311,2366,197,117,96,2367],"class_list":["post-20444","post","type-post","status-publish","format-standard","has-post-thumbnail","hentry","category-noticies-farmacia","tag-dia-mundial","tag-dia-mundial-de-la-salut","tag-diabetis","tag-salut","tag-salut-publica","tag-world-health-day"],"yoast_head":"<!-- This site is optimized with the Yoast SEO plugin v22.4 - https:\/\/yoast.com\/wordpress\/plugins\/seo\/ -->\n<title>Dia Mundial de la Salut 2016: diabetis - Col\u00b7legi de Farmac\u00e8utics de Barcelona<\/title>\n<meta name=\"robots\" content=\"index, follow, max-snippet:-1, max-image-preview:large, max-video-preview:-1\" \/>\n<link rel=\"canonical\" href=\"https:\/\/novaorg.cofb.net\/2016\/04\/07\/dia-mundial-de-la-salut-2016-diabetis\/\" \/>\n<meta property=\"og:locale\" content=\"es_ES\" \/>\n<meta property=\"og:type\" content=\"article\" \/>\n<meta property=\"og:title\" content=\"Dia Mundial de la Salut 2016: diabetis - Col\u00b7legi de Farmac\u00e8utics de Barcelona\" \/>\n<meta property=\"og:description\" content=\"Avui se celebra el Dia Mundial de la Salut. Aquesta edici\u00f3 se centra a augmentar la conscienciaci\u00f3 de la societat sobre la diabetis i promoure el desenvolupament de mesures concretes per a la seva prevenci\u00f3, diagn\u00f2stic preco\u00e7 i tractament. S&#8217;estima que en 2008 uns 347 milions de persones a tot [&hellip;]\" \/>\n<meta property=\"og:url\" content=\"https:\/\/novaorg.cofb.net\/2016\/04\/07\/dia-mundial-de-la-salut-2016-diabetis\/\" \/>\n<meta property=\"og:site_name\" content=\"Col\u00b7legi de Farmac\u00e8utics de Barcelona\" \/>\n<meta property=\"article:publisher\" content=\"https:\/\/www.facebook.com\/farmaceuticsbcn\/\" \/>\n<meta property=\"article:published_time\" content=\"2016-04-07T10:17:04+00:00\" \/>\n<meta name=\"author\" content=\"wpAdminCofbOrg\" \/>\n<meta name=\"twitter:card\" content=\"summary_large_image\" \/>\n<meta name=\"twitter:creator\" content=\"@farmaceuticsbcn\" \/>\n<meta name=\"twitter:site\" content=\"@farmaceuticsbcn\" \/>\n<meta name=\"twitter:label1\" content=\"Escrito por\" \/>\n\t<meta name=\"twitter:data1\" content=\"wpAdminCofbOrg\" \/>\n\t<meta name=\"twitter:label2\" content=\"Tiempo de lectura\" \/>\n\t<meta name=\"twitter:data2\" content=\"3 minutos\" \/>\n<script type=\"application\/ld+json\" class=\"yoast-schema-graph\">{\"@context\":\"https:\/\/schema.org\",\"@graph\":[{\"@type\":\"Article\",\"@id\":\"https:\/\/novaorg.cofb.net\/2016\/04\/07\/dia-mundial-de-la-salut-2016-diabetis\/#article\",\"isPartOf\":{\"@id\":\"https:\/\/novaorg.cofb.net\/2016\/04\/07\/dia-mundial-de-la-salut-2016-diabetis\/\"},\"author\":{\"name\":\"wpAdminCofbOrg\",\"@id\":\"https:\/\/www.cofb.org\/#\/schema\/person\/22ed7eea88da74b0fa4d3154ad87ffcb\"},\"headline\":\"Dia Mundial de la Salut 2016: diabetis\",\"datePublished\":\"2016-04-07T10:17:04+00:00\",\"dateModified\":\"2016-04-07T10:17:04+00:00\",\"mainEntityOfPage\":{\"@id\":\"https:\/\/novaorg.cofb.net\/2016\/04\/07\/dia-mundial-de-la-salut-2016-diabetis\/\"},\"wordCount\":610,\"commentCount\":0,\"publisher\":{\"@id\":\"https:\/\/www.cofb.org\/#organization\"},\"image\":{\"@id\":\"https:\/\/novaorg.cofb.net\/2016\/04\/07\/dia-mundial-de-la-salut-2016-diabetis\/#primaryimage\"},\"thumbnailUrl\":\"\",\"keywords\":[\"dia mundial\",\"Dia Mundial de la Salut\",\"diabetis\",\"salut\",\"Salut p\u00fablica\",\"World Health Day\"],\"articleSection\":[\"Not\u00edcies farm\u00e0cia\"],\"inLanguage\":\"es\",\"potentialAction\":[{\"@type\":\"CommentAction\",\"name\":\"Comment\",\"target\":[\"https:\/\/novaorg.cofb.net\/2016\/04\/07\/dia-mundial-de-la-salut-2016-diabetis\/#respond\"]}]},{\"@type\":\"WebPage\",\"@id\":\"https:\/\/novaorg.cofb.net\/2016\/04\/07\/dia-mundial-de-la-salut-2016-diabetis\/\",\"url\":\"https:\/\/novaorg.cofb.net\/2016\/04\/07\/dia-mundial-de-la-salut-2016-diabetis\/\",\"name\":\"Dia Mundial de la Salut 2016: diabetis - Col\u00b7legi de Farmac\u00e8utics de Barcelona\",\"isPartOf\":{\"@id\":\"https:\/\/www.cofb.org\/#website\"},\"primaryImageOfPage\":{\"@id\":\"https:\/\/novaorg.cofb.net\/2016\/04\/07\/dia-mundial-de-la-salut-2016-diabetis\/#primaryimage\"},\"image\":{\"@id\":\"https:\/\/novaorg.cofb.net\/2016\/04\/07\/dia-mundial-de-la-salut-2016-diabetis\/#primaryimage\"},\"thumbnailUrl\":\"\",\"datePublished\":\"2016-04-07T10:17:04+00:00\",\"dateModified\":\"2016-04-07T10:17:04+00:00\",\"breadcrumb\":{\"@id\":\"https:\/\/novaorg.cofb.net\/2016\/04\/07\/dia-mundial-de-la-salut-2016-diabetis\/#breadcrumb\"},\"inLanguage\":\"es\",\"potentialAction\":[{\"@type\":\"ReadAction\",\"target\":[\"https:\/\/novaorg.cofb.net\/2016\/04\/07\/dia-mundial-de-la-salut-2016-diabetis\/\"]}]},{\"@type\":\"ImageObject\",\"inLanguage\":\"es\",\"@id\":\"https:\/\/novaorg.cofb.net\/2016\/04\/07\/dia-mundial-de-la-salut-2016-diabetis\/#primaryimage\",\"url\":\"\",\"contentUrl\":\"\"},{\"@type\":\"BreadcrumbList\",\"@id\":\"https:\/\/novaorg.cofb.net\/2016\/04\/07\/dia-mundial-de-la-salut-2016-diabetis\/#breadcrumb\",\"itemListElement\":[{\"@type\":\"ListItem\",\"position\":1,\"name\":\"Inici\",\"item\":\"https:\/\/novaorg.cofb.net\/\"},{\"@type\":\"ListItem\",\"position\":2,\"name\":\"Dia Mundial de la Salut 2016: diabetis\"}]},{\"@type\":\"WebSite\",\"@id\":\"https:\/\/www.cofb.org\/#website\",\"url\":\"https:\/\/www.cofb.org\/\",\"name\":\"Col\u00b7legi de Farmac\u00e8utics de Barcelona\",\"description\":\"\",\"publisher\":{\"@id\":\"https:\/\/www.cofb.org\/#organization\"},\"potentialAction\":[{\"@type\":\"SearchAction\",\"target\":{\"@type\":\"EntryPoint\",\"urlTemplate\":\"https:\/\/www.cofb.org\/?s={search_term_string}\"},\"query-input\":\"required name=search_term_string\"}],\"inLanguage\":\"es\"},{\"@type\":\"Organization\",\"@id\":\"https:\/\/www.cofb.org\/#organization\",\"name\":\"Col\u00b7legi de Farmac\u00e8utics de Barcelona\",\"url\":\"https:\/\/www.cofb.org\/\",\"logo\":{\"@type\":\"ImageObject\",\"inLanguage\":\"es\",\"@id\":\"https:\/\/www.cofb.org\/#\/schema\/logo\/image\/\",\"url\":\"https:\/\/www.cofb.org\/wp-content\/uploads\/2023\/11\/cropped-Logotip-COFB.png\",\"contentUrl\":\"https:\/\/www.cofb.org\/wp-content\/uploads\/2023\/11\/cropped-Logotip-COFB.png\",\"width\":500,\"height\":105,\"caption\":\"Col\u00b7legi de Farmac\u00e8utics de Barcelona\"},\"image\":{\"@id\":\"https:\/\/www.cofb.org\/#\/schema\/logo\/image\/\"},\"sameAs\":[\"https:\/\/www.facebook.com\/farmaceuticsbcn\/\",\"https:\/\/twitter.com\/farmaceuticsbcn\",\"https:\/\/www.instagram.com\/farmaceuticsbcn\/\",\"https:\/\/www.linkedin.com\/company\/farmaceuticsbcn\/\"]},{\"@type\":\"Person\",\"@id\":\"https:\/\/www.cofb.org\/#\/schema\/person\/22ed7eea88da74b0fa4d3154ad87ffcb\",\"name\":\"wpAdminCofbOrg\",\"image\":{\"@type\":\"ImageObject\",\"inLanguage\":\"es\",\"@id\":\"https:\/\/www.cofb.org\/#\/schema\/person\/image\/\",\"url\":\"https:\/\/secure.gravatar.com\/avatar\/1721b20b3b8ca882c3b56ec6c978c594fff670e40c0718e9190eaeeb76aae7d8?s=96&d=mm&r=g\",\"contentUrl\":\"https:\/\/secure.gravatar.com\/avatar\/1721b20b3b8ca882c3b56ec6c978c594fff670e40c0718e9190eaeeb76aae7d8?s=96&d=mm&r=g\",\"caption\":\"wpAdminCofbOrg\"},\"sameAs\":[\"http:\/\/192.168.64.122\/wordpress\"],\"url\":\"https:\/\/www.cofb.org\/es\/author\/wpadmincofborg\/\"}]}<\/script>\n<!-- \/ Yoast SEO plugin. -->","yoast_head_json":{"title":"Dia Mundial de la Salut 2016: diabetis - Col\u00b7legi de Farmac\u00e8utics de Barcelona","robots":{"index":"index","follow":"follow","max-snippet":"max-snippet:-1","max-image-preview":"max-image-preview:large","max-video-preview":"max-video-preview:-1"},"canonical":"https:\/\/novaorg.cofb.net\/2016\/04\/07\/dia-mundial-de-la-salut-2016-diabetis\/","og_locale":"es_ES","og_type":"article","og_title":"Dia Mundial de la Salut 2016: diabetis - Col\u00b7legi de Farmac\u00e8utics de Barcelona","og_description":"Avui se celebra el Dia Mundial de la Salut. Aquesta edici\u00f3 se centra a augmentar la conscienciaci\u00f3 de la societat sobre la diabetis i promoure el desenvolupament de mesures concretes per a la seva prevenci\u00f3, diagn\u00f2stic preco\u00e7 i tractament. S&#8217;estima que en 2008 uns 347 milions de persones a tot [&hellip;]","og_url":"https:\/\/novaorg.cofb.net\/2016\/04\/07\/dia-mundial-de-la-salut-2016-diabetis\/","og_site_name":"Col\u00b7legi de Farmac\u00e8utics de Barcelona","article_publisher":"https:\/\/www.facebook.com\/farmaceuticsbcn\/","article_published_time":"2016-04-07T10:17:04+00:00","author":"wpAdminCofbOrg","twitter_card":"summary_large_image","twitter_creator":"@farmaceuticsbcn","twitter_site":"@farmaceuticsbcn","twitter_misc":{"Escrito por":"wpAdminCofbOrg","Tiempo de lectura":"3 minutos"},"schema":{"@context":"https:\/\/schema.org","@graph":[{"@type":"Article","@id":"https:\/\/novaorg.cofb.net\/2016\/04\/07\/dia-mundial-de-la-salut-2016-diabetis\/#article","isPartOf":{"@id":"https:\/\/novaorg.cofb.net\/2016\/04\/07\/dia-mundial-de-la-salut-2016-diabetis\/"},"author":{"name":"wpAdminCofbOrg","@id":"https:\/\/www.cofb.org\/#\/schema\/person\/22ed7eea88da74b0fa4d3154ad87ffcb"},"headline":"Dia Mundial de la Salut 2016: diabetis","datePublished":"2016-04-07T10:17:04+00:00","dateModified":"2016-04-07T10:17:04+00:00","mainEntityOfPage":{"@id":"https:\/\/novaorg.cofb.net\/2016\/04\/07\/dia-mundial-de-la-salut-2016-diabetis\/"},"wordCount":610,"commentCount":0,"publisher":{"@id":"https:\/\/www.cofb.org\/#organization"},"image":{"@id":"https:\/\/novaorg.cofb.net\/2016\/04\/07\/dia-mundial-de-la-salut-2016-diabetis\/#primaryimage"},"thumbnailUrl":"","keywords":["dia mundial","Dia Mundial de la Salut","diabetis","salut","Salut p\u00fablica","World Health Day"],"articleSection":["Not\u00edcies farm\u00e0cia"],"inLanguage":"es","potentialAction":[{"@type":"CommentAction","name":"Comment","target":["https:\/\/novaorg.cofb.net\/2016\/04\/07\/dia-mundial-de-la-salut-2016-diabetis\/#respond"]}]},{"@type":"WebPage","@id":"https:\/\/novaorg.cofb.net\/2016\/04\/07\/dia-mundial-de-la-salut-2016-diabetis\/","url":"https:\/\/novaorg.cofb.net\/2016\/04\/07\/dia-mundial-de-la-salut-2016-diabetis\/","name":"Dia Mundial de la Salut 2016: diabetis - Col\u00b7legi de Farmac\u00e8utics de Barcelona","isPartOf":{"@id":"https:\/\/www.cofb.org\/#website"},"primaryImageOfPage":{"@id":"https:\/\/novaorg.cofb.net\/2016\/04\/07\/dia-mundial-de-la-salut-2016-diabetis\/#primaryimage"},"image":{"@id":"https:\/\/novaorg.cofb.net\/2016\/04\/07\/dia-mundial-de-la-salut-2016-diabetis\/#primaryimage"},"thumbnailUrl":"","datePublished":"2016-04-07T10:17:04+00:00","dateModified":"2016-04-07T10:17:04+00:00","breadcrumb":{"@id":"https:\/\/novaorg.cofb.net\/2016\/04\/07\/dia-mundial-de-la-salut-2016-diabetis\/#breadcrumb"},"inLanguage":"es","potentialAction":[{"@type":"ReadAction","target":["https:\/\/novaorg.cofb.net\/2016\/04\/07\/dia-mundial-de-la-salut-2016-diabetis\/"]}]},{"@type":"ImageObject","inLanguage":"es","@id":"https:\/\/novaorg.cofb.net\/2016\/04\/07\/dia-mundial-de-la-salut-2016-diabetis\/#primaryimage","url":"","contentUrl":""},{"@type":"BreadcrumbList","@id":"https:\/\/novaorg.cofb.net\/2016\/04\/07\/dia-mundial-de-la-salut-2016-diabetis\/#breadcrumb","itemListElement":[{"@type":"ListItem","position":1,"name":"Inici","item":"https:\/\/novaorg.cofb.net\/"},{"@type":"ListItem","position":2,"name":"Dia Mundial de la Salut 2016: diabetis"}]},{"@type":"WebSite","@id":"https:\/\/www.cofb.org\/#website","url":"https:\/\/www.cofb.org\/","name":"Col\u00b7legi de Farmac\u00e8utics de Barcelona","description":"","publisher":{"@id":"https:\/\/www.cofb.org\/#organization"},"potentialAction":[{"@type":"SearchAction","target":{"@type":"EntryPoint","urlTemplate":"https:\/\/www.cofb.org\/?s={search_term_string}"},"query-input":"required name=search_term_string"}],"inLanguage":"es"},{"@type":"Organization","@id":"https:\/\/www.cofb.org\/#organization","name":"Col\u00b7legi de Farmac\u00e8utics de Barcelona","url":"https:\/\/www.cofb.org\/","logo":{"@type":"ImageObject","inLanguage":"es","@id":"https:\/\/www.cofb.org\/#\/schema\/logo\/image\/","url":"https:\/\/www.cofb.org\/wp-content\/uploads\/2023\/11\/cropped-Logotip-COFB.png","contentUrl":"https:\/\/www.cofb.org\/wp-content\/uploads\/2023\/11\/cropped-Logotip-COFB.png","width":500,"height":105,"caption":"Col\u00b7legi de Farmac\u00e8utics de Barcelona"},"image":{"@id":"https:\/\/www.cofb.org\/#\/schema\/logo\/image\/"},"sameAs":["https:\/\/www.facebook.com\/farmaceuticsbcn\/","https:\/\/twitter.com\/farmaceuticsbcn","https:\/\/www.instagram.com\/farmaceuticsbcn\/","https:\/\/www.linkedin.com\/company\/farmaceuticsbcn\/"]},{"@type":"Person","@id":"https:\/\/www.cofb.org\/#\/schema\/person\/22ed7eea88da74b0fa4d3154ad87ffcb","name":"wpAdminCofbOrg","image":{"@type":"ImageObject","inLanguage":"es","@id":"https:\/\/www.cofb.org\/#\/schema\/person\/image\/","url":"https:\/\/secure.gravatar.com\/avatar\/1721b20b3b8ca882c3b56ec6c978c594fff670e40c0718e9190eaeeb76aae7d8?s=96&d=mm&r=g","contentUrl":"https:\/\/secure.gravatar.com\/avatar\/1721b20b3b8ca882c3b56ec6c978c594fff670e40c0718e9190eaeeb76aae7d8?s=96&d=mm&r=g","caption":"wpAdminCofbOrg"},"sameAs":["http:\/\/192.168.64.122\/wordpress"],"url":"https:\/\/www.cofb.org\/es\/author\/wpadmincofborg\/"}]}},"uagb_featured_image_src":{"full":false,"thumbnail":false,"medium":false,"medium_large":false,"large":false,"1536x1536":false,"2048x2048":false,"trp-custom-language-flag":false},"uagb_author_info":{"display_name":"wpAdminCofbOrg","author_link":"https:\/\/www.cofb.org\/es\/author\/wpadmincofborg\/"},"uagb_comment_info":0,"uagb_excerpt":"Avui se celebra el Dia Mundial de la Salut. Aquesta edici\u00f3 se centra a augmentar la conscienciaci\u00f3 de la societat sobre la diabetis i promoure el desenvolupament de mesures concretes per a la seva prevenci\u00f3, diagn\u00f2stic preco\u00e7 i tractament. S&#8217;estima que en 2008 uns 347 milions de persones a tot [&hellip;]","_links":{"self":[{"href":"https:\/\/www.cofb.org\/es\/wp-json\/wp\/v2\/posts\/20444","targetHints":{"allow":["GET"]}}],"collection":[{"href":"https:\/\/www.cofb.org\/es\/wp-json\/wp\/v2\/posts"}],"about":[{"href":"https:\/\/www.cofb.org\/es\/wp-json\/wp\/v2\/types\/post"}],"author":[{"embeddable":true,"href":"https:\/\/www.cofb.org\/es\/wp-json\/wp\/v2\/users\/1"}],"replies":[{"embeddable":true,"href":"https:\/\/www.cofb.org\/es\/wp-json\/wp\/v2\/comments?post=20444"}],"version-history":[{"count":0,"href":"https:\/\/www.cofb.org\/es\/wp-json\/wp\/v2\/posts\/20444\/revisions"}],"wp:featuredmedia":[{"embeddable":true,"href":"https:\/\/www.cofb.org\/es\/wp-json\/"}],"wp:attachment":[{"href":"https:\/\/www.cofb.org\/es\/wp-json\/wp\/v2\/media?parent=20444"}],"wp:term":[{"taxonomy":"category","embeddable":true,"href":"https:\/\/www.cofb.org\/es\/wp-json\/wp\/v2\/categories?post=20444"},{"taxonomy":"post_tag","embeddable":true,"href":"https:\/\/www.cofb.org\/es\/wp-json\/wp\/v2\/tags?post=20444"}],"curies":[{"name":"wp","href":"https:\/\/api.w.org\/{rel}","templated":true}]}}