{"id":20202,"date":"2016-04-04T07:19:36","date_gmt":"2016-04-04T06:19:36","guid":{"rendered":"http:\/\/blog.cofb.cat\/?p=20202"},"modified":"2016-04-04T07:19:36","modified_gmt":"2016-04-04T06:19:36","slug":"la-farmacia-present-en-la-vi-jornada-de-la-societat-catalana-datencio-i-tractament-del-consum-de-tabac","status":"publish","type":"post","link":"https:\/\/www.cofb.org\/es\/2016\/04\/04\/la-farmacia-present-en-la-vi-jornada-de-la-societat-catalana-datencio-i-tractament-del-consum-de-tabac\/","title":{"rendered":"La farmacia, presente en la VI Jornada de la Sociedad Catalana de Atenci\u00f3n y Tratamiento del Consumo de Tabaco"},"content":{"rendered":"<p><a href=\"http:\/\/blog.cofb.cat\/wp-content\/uploads\/2016\/03\/jornada-SCATT.jpg\"><img fetchpriority=\"high\" decoding=\"async\" class=\"alignleft  wp-image-20204\" alt=\"jornada-SCATT\" src=\"http:\/\/blog.cofb.cat\/wp-content\/uploads\/2016\/03\/jornada-SCATT.jpg\" width=\"282\" height=\"213\" \/><\/a>La <b><a href=\"http:\/\/www.academia.cat\/activitat?id_activitat=9871\" target=\"_blank\" rel=\"noopener\">VI Jornada de la Sociedad Catalana de Atenci\u00f3n y Tratamiento del consumo de Tabaco (SCATT)<\/a>, <\/b>bajo el lema \u201cJuntos por la salud, \u00a1ning\u00fan paso atr\u00e1s!\u201d, uni\u00f3 al CaixaForum de Barcelona el pasado 5 de febrero los principales actores en la lucha contra el tabaquismo. Organizada por el SCATT, que forma parte del<a href=\"http:\/\/www.academia.cat\/\" target=\"_blank\" rel=\"noopener\">Academia de Ciencias M\u00e9dicas de Catalu\u00f1a y de Baleares<\/a>, cont\u00f3 con la asistencia de m\u00e1s de 350 profesionales de diferentes \u00e1mbitos. La farmacia estuvo presente en una de las tablas y en el contenido de varios de los p\u00f3sters presentados, \u201cporque queremos <strong>poner en valor todo lo que hace la farmacia comunitaria en la lucha contra el tabaquismo<\/strong>\u201d explica <strong>Montserrat Moral,<\/strong> farmac\u00e9utica y vicepresidenta del SCATT: &quot;y desde hace tres a\u00f1os siempre trabajamos para que est\u00e9 presente en este evento anual&quot;.<\/p>\n<figure id=\"attachment_20243\" aria-describedby=\"caption-attachment-20243\" style=\"width: 330px\" class=\"wp-caption alignright\"><a href=\"http:\/\/blog.cofb.cat\/wp-content\/uploads\/2016\/03\/signatura-conveni-consell-scatt-academia-tabaquisme.jpg\"><img decoding=\"async\" class=\"wp-image-20243\" alt=\"signatura-conveni-consell-scatt-academia-tabaquisme\" src=\"http:\/\/blog.cofb.cat\/wp-content\/uploads\/2016\/03\/signatura-conveni-consell-scatt-academia-tabaquisme.jpg\" width=\"330\" height=\"245\" \/><\/a><figcaption id=\"caption-attachment-20243\" class=\"wp-caption-text\">Firma del convenio. De izquierda a derecha: Merc\u00e8 Barau, vocal de la Junta del COFB, Jordi de Dalmases, presidente del Consejo de Colegios Farmac\u00e9uticos de Catalunya, \u00c0ngela Mart\u00ednez y Montserrat Moral, presidenta y vicepresidenta del SCATT respectivamente<\/figcaption><\/figure>\n<p>Destacar que durante la jornada tuvo lugar la firma de un<strong> convenio de colaboraci\u00f3n entre la SCATT, la Academia y el Consejo de Colegios Farmac\u00e9uticos de Catalu\u00f1a<\/strong> para establecer sinergias y din\u00e1micas conjuntas para ayudar a los fumadores.<\/p>\n<p>El tabaquismo sigue siendo uno de los primeros problemas de salud p\u00fablica, ya que <strong>provoca 6 millones de muertes al a\u00f1o<\/strong>. Aunque en los \u00faltimos a\u00f1os se ha producido una clara disminuci\u00f3n del tabaquismo en Catalunya \u2013con 200.000 fumadores menos desde el 2011\u2013, todav\u00eda fuman m\u00e1s de 1,6 millones de personas. La prevalencia de fumadores en Catalu\u00f1a es del 25,91 TP3T. El objetivo que la SCATT persegu\u00eda con esta jornada, era reunir a los profesionales sanitarios, agentes, entidades e instituciones sociales para alinearlos en un <b>frente com\u00fan y trabajar intensamente para promover el tratamiento del tabaquismo<\/b>. Este a\u00f1o, como novedad, la jornada trat\u00f3 las nuevas patolog\u00edas en tabaquismo, como las enfermedades reum\u00e1ticas, osteoporosis, esclerosis m\u00faltiple y enfermedad de Crohn.<\/p>\n<p><span style=\"color: #888888;\"><b>En la mesa redonda \u201cAbordaje comunitario del tabaquismo\u201d, la farmac\u00e9utica de San Andr\u00e9s de Llavaneres Marta Burniol explic\u00f3 el proyecto colaborativo entre el EAP y la farmacia comunitaria.<\/b><\/span><\/p>\n<p>Asimismo, a lo largo de la Jornada se presentaron <b>60 comunicaciones cient\u00edficas<\/b>, el doble de las que se presentaron el pasado a\u00f1o. Muchas de ellas hablaban de<strong> temas relacionados con la farmacia<\/strong>, es el caso de:<\/p>\n<ul>\n<li><a href=\"http:\/\/postersdigitals.academia.cat\/posterDetall.php?idDiapo=2395\">Cese Tab\u00e1quica en Farmacia Comunitaria. Programa CESAR en Catalu\u00f1a<\/a><\/li>\n<li><a href=\"http:\/\/postersdigitals.academia.cat\/posterDetall.php?idDiapo=2412\">Papel de Farmac\u00e9utico comunitario en la adherencia del tratamiento farmacol\u00f3gico de Cese de Tabaquismo<\/a><\/li>\n<li><a href=\"http:\/\/postersdigitals.academia.cat\/posterDetall.php?idDiapo=2413\">Papel del Farmac\u00e9utico Comunitario en el cribado del paciente fumador<\/a><\/li>\n<li><a href=\"http:\/\/postersdigitals.academia.cat\/posterDetall.php?idDiapo=2414\">Actuaci\u00f3n conjunta de Farmacia con Atenci\u00f3n Primaria en la detecci\u00f3n de un paciente fumador no diagnosticado hipertenso<\/a><\/li>\n<li><a href=\"http:\/\/postersdigitals.academia.cat\/posterDetall.php?idDiapo=2415\">Medicina Familiar y Farmacia Comunitaria unidas con un protocolo para el tratamiento del paciente fumador<\/a><\/li>\n<li><a href=\"http:\/\/postersdigitals.academia.cat\/posterDetall.php?idDiapo=2416\">Abordaje del paciente psiqui\u00e1trico fumador desde farmacia. Monitorizaci\u00f3n de la eliminaci\u00f3n del efecto inductor al dejar de fumar en f\u00e1rmaco antipsic\u00f3tico<\/a><\/li>\n<\/ul>\n<p>Puede consultar todas las comunicaciones en <a href=\"http:\/\/postersdigitals.academia.cat\/posters.php?idEsdev=51\">este enlace<\/a>.<\/p>\n<p><b>Para m\u00e1s informaci\u00f3n:<\/b><\/p>\n<p>Nota de prensa <a href=\"http:\/\/www.academia.cat\/Portal\/academia\/Gabinet-de-premsa\/Detall-Notes\/__OpeedyQck4D20VfcML5jx7s_3BdGJEN\" target=\"_blank\" rel=\"noopener\">&quot;La VI Jornada de la Sociedad Catalana de Atenci\u00f3n y Tratamiento del Consumo de Tabaco contar\u00e1 con m\u00e1s de 350 profesionales de diferentes \u00e1mbitos&quot;<\/a> (v\u00eda La Academia)<\/p>\n<p><strong>Quiz\u00e1s tambi\u00e9n te interesa:<\/strong><\/p>\n<ul>\n<li><a href=\"http:\/\/blog.cofb.cat\/vols-deixar-de-fumar-aqui-tajudem-preguntans-setmana-sense-fum-a-les-farmacies-catalanes-del-25-al-31-de-maig\/\" target=\"_blank\" rel=\"noopener\">\u201c\u00bfQuieres dejar de fumar? Aqu\u00ed te ayudamos. Preg\u00fantanos!\u201d: Semana sin humo en las farmacias catalanas (del 25 al 31 de mayo) <\/a>(Blog)<\/li>\n<li><a href=\"http:\/\/blog.cofb.cat\/histories-dexfumadors-un-web-per-ajudar-a-superar-el-tabaquisme\/\" target=\"_blank\" rel=\"noopener\">Historias de exfumadores, una web para ayudar a superar el tabaquismo<\/a> (Blog)<\/li>\n<li><a href=\"http:\/\/blog.cofb.cat\/les-farmacies-de-pineda-de-mar-fan-front-comu-contra-el-tabaquisme\/\" target=\"_blank\" rel=\"noopener\">Las farmacias de Pineda de Mar hacen frente com\u00fan contra el tabaquismo<\/a> (Blog)<\/li>\n<li><a href=\"http:\/\/blog.cofb.cat\/intervencio-integral-en-la-persona-fumadora\/\" target=\"_blank\" rel=\"noopener\">Dejar de fumar: las farmacias ofrecen consejo espec\u00edfico<\/a> (Blog)<\/li>\n<\/ul>","protected":false},"excerpt":{"rendered":"<p>La VI Jornada de la Sociedad Catalana de Atenci\u00f3n y Tratamiento del consumo de Tabaco (SCATT), bajo el lema \u201cJuntos por la salud, \u00a1ning\u00fan paso atr\u00e1s!\u201d, uni\u00f3 al CaixaForum de Barcelona el pasado 5 de febrero los principales actores en la lucha contra el tabaquismo. Organizada por el SCATT, que forma [\u2026]<\/p>","protected":false},"author":1,"featured_media":20205,"comment_status":"open","ping_status":"open","sticky":false,"template":"","format":"standard","meta":{"_uag_custom_page_level_css":"","site-sidebar-layout":"default","site-content-layout":"","ast-site-content-layout":"default","site-content-style":"default","site-sidebar-style":"default","ast-global-header-display":"","ast-banner-title-visibility":"","ast-main-header-display":"","ast-hfb-above-header-display":"","ast-hfb-below-header-display":"","ast-hfb-mobile-header-display":"","site-post-title":"","ast-breadcrumbs-content":"","ast-featured-img":"disabled","footer-sml-layout":"","theme-transparent-header-meta":"","adv-header-id-meta":"","stick-header-meta":"","header-above-stick-meta":"","header-main-stick-meta":"","header-below-stick-meta":"","astra-migrate-meta-layouts":"default","ast-page-background-enabled":"default","ast-page-background-meta":{"desktop":{"background-color":"var(--ast-global-color-4)","background-image":"","background-repeat":"repeat","background-position":"center center","background-size":"auto","background-attachment":"scroll","background-type":"","background-media":"","overlay-type":"","overlay-color":"","overlay-opacity":"","overlay-gradient":""},"tablet":{"background-color":"","background-image":"","background-repeat":"repeat","background-position":"center center","background-size":"auto","background-attachment":"scroll","background-type":"","background-media":"","overlay-type":"","overlay-color":"","overlay-opacity":"","overlay-gradient":""},"mobile":{"background-color":"","background-image":"","background-repeat":"repeat","background-position":"center center","background-size":"auto","background-attachment":"scroll","background-type":"","background-media":"","overlay-type":"","overlay-color":"","overlay-opacity":"","overlay-gradient":""}},"ast-content-background-meta":{"desktop":{"background-color":"var(--ast-global-color-5)","background-image":"","background-repeat":"repeat","background-position":"center center","background-size":"auto","background-attachment":"scroll","background-type":"","background-media":"","overlay-type":"","overlay-color":"","overlay-opacity":"","overlay-gradient":""},"tablet":{"background-color":"var(--ast-global-color-5)","background-image":"","background-repeat":"repeat","background-position":"center center","background-size":"auto","background-attachment":"scroll","background-type":"","background-media":"","overlay-type":"","overlay-color":"","overlay-opacity":"","overlay-gradient":""},"mobile":{"background-color":"var(--ast-global-color-5)","background-image":"","background-repeat":"repeat","background-position":"center center","background-size":"auto","background-attachment":"scroll","background-type":"","background-media":"","overlay-type":"","overlay-color":"","overlay-opacity":"","overlay-gradient":""}},"footnotes":""},"categories":[32],"tags":[64,308,163,96,2358,137,138],"class_list":["post-20202","post","type-post","status-publish","format-standard","has-post-thumbnail","hentry","category-noticies-farmacia","tag-atencio-farmaceutica","tag-ccfc","tag-consell-de-collegis-farmaceutics-de-catalunya","tag-salut-publica","tag-scatt","tag-tabac","tag-tabaquisme"],"yoast_head":"<!-- This site is optimized with the Yoast SEO plugin v22.4 - https:\/\/yoast.com\/wordpress\/plugins\/seo\/ -->\n<title>La farm\u00e0cia, present en la VI Jornada de la Societat Catalana d&#039;Atenci\u00f3 i Tractament del Consum de Tabac - Col\u00b7legi de Farmac\u00e8utics de Barcelona<\/title>\n<meta name=\"robots\" content=\"index, follow, max-snippet:-1, max-image-preview:large, max-video-preview:-1\" \/>\n<link rel=\"canonical\" href=\"https:\/\/novaorg.cofb.net\/2016\/04\/04\/la-farmacia-present-en-la-vi-jornada-de-la-societat-catalana-datencio-i-tractament-del-consum-de-tabac\/\" \/>\n<meta property=\"og:locale\" content=\"es_ES\" \/>\n<meta property=\"og:type\" content=\"article\" \/>\n<meta property=\"og:title\" content=\"La farm\u00e0cia, present en la VI Jornada de la Societat Catalana d&#039;Atenci\u00f3 i Tractament del Consum de Tabac - Col\u00b7legi de Farmac\u00e8utics de Barcelona\" \/>\n<meta property=\"og:description\" content=\"La VI Jornada de la Societat Catalana d\u2019Atenci\u00f3 i Tractament del consum de Tabac (SCATT), sota el lema \u201cJunts per la salut, cap pas enrere!\u201d, va unir al CaixaForum de Barcelona el passat 5 de febrer els principals actors en la lluita contra el tabaquisme. Organitzada per l&#8217;SCATT, que forma [&hellip;]\" \/>\n<meta property=\"og:url\" content=\"https:\/\/novaorg.cofb.net\/2016\/04\/04\/la-farmacia-present-en-la-vi-jornada-de-la-societat-catalana-datencio-i-tractament-del-consum-de-tabac\/\" \/>\n<meta property=\"og:site_name\" content=\"Col\u00b7legi de Farmac\u00e8utics de Barcelona\" \/>\n<meta property=\"article:publisher\" content=\"https:\/\/www.facebook.com\/farmaceuticsbcn\/\" \/>\n<meta property=\"article:published_time\" content=\"2016-04-04T06:19:36+00:00\" \/>\n<meta name=\"author\" content=\"wpAdminCofbOrg\" \/>\n<meta name=\"twitter:card\" content=\"summary_large_image\" \/>\n<meta name=\"twitter:creator\" content=\"@farmaceuticsbcn\" \/>\n<meta name=\"twitter:site\" content=\"@farmaceuticsbcn\" \/>\n<meta name=\"twitter:label1\" content=\"Escrito por\" \/>\n\t<meta name=\"twitter:data1\" content=\"wpAdminCofbOrg\" \/>\n\t<meta name=\"twitter:label2\" content=\"Tiempo de lectura\" \/>\n\t<meta name=\"twitter:data2\" content=\"3 minutos\" \/>\n<script type=\"application\/ld+json\" class=\"yoast-schema-graph\">{\"@context\":\"https:\/\/schema.org\",\"@graph\":[{\"@type\":\"Article\",\"@id\":\"https:\/\/novaorg.cofb.net\/2016\/04\/04\/la-farmacia-present-en-la-vi-jornada-de-la-societat-catalana-datencio-i-tractament-del-consum-de-tabac\/#article\",\"isPartOf\":{\"@id\":\"https:\/\/novaorg.cofb.net\/2016\/04\/04\/la-farmacia-present-en-la-vi-jornada-de-la-societat-catalana-datencio-i-tractament-del-consum-de-tabac\/\"},\"author\":{\"name\":\"wpAdminCofbOrg\",\"@id\":\"https:\/\/www.cofb.org\/#\/schema\/person\/22ed7eea88da74b0fa4d3154ad87ffcb\"},\"headline\":\"La farm\u00e0cia, present en la VI Jornada de la Societat Catalana d&#8217;Atenci\u00f3 i Tractament del Consum de Tabac\",\"datePublished\":\"2016-04-04T06:19:36+00:00\",\"dateModified\":\"2016-04-04T06:19:36+00:00\",\"mainEntityOfPage\":{\"@id\":\"https:\/\/novaorg.cofb.net\/2016\/04\/04\/la-farmacia-present-en-la-vi-jornada-de-la-societat-catalana-datencio-i-tractament-del-consum-de-tabac\/\"},\"wordCount\":655,\"commentCount\":0,\"publisher\":{\"@id\":\"https:\/\/www.cofb.org\/#organization\"},\"image\":{\"@id\":\"https:\/\/novaorg.cofb.net\/2016\/04\/04\/la-farmacia-present-en-la-vi-jornada-de-la-societat-catalana-datencio-i-tractament-del-consum-de-tabac\/#primaryimage\"},\"thumbnailUrl\":\"\",\"keywords\":[\"Atenci\u00f3 farmac\u00e8utica\",\"CCFC\",\"Consell de Col\u00b7legis Farmac\u00e8utics de Catalunya\",\"Salut p\u00fablica\",\"SCATT\",\"tabac\",\"tabaquisme\"],\"articleSection\":[\"Not\u00edcies farm\u00e0cia\"],\"inLanguage\":\"es\",\"potentialAction\":[{\"@type\":\"CommentAction\",\"name\":\"Comment\",\"target\":[\"https:\/\/novaorg.cofb.net\/2016\/04\/04\/la-farmacia-present-en-la-vi-jornada-de-la-societat-catalana-datencio-i-tractament-del-consum-de-tabac\/#respond\"]}]},{\"@type\":\"WebPage\",\"@id\":\"https:\/\/novaorg.cofb.net\/2016\/04\/04\/la-farmacia-present-en-la-vi-jornada-de-la-societat-catalana-datencio-i-tractament-del-consum-de-tabac\/\",\"url\":\"https:\/\/novaorg.cofb.net\/2016\/04\/04\/la-farmacia-present-en-la-vi-jornada-de-la-societat-catalana-datencio-i-tractament-del-consum-de-tabac\/\",\"name\":\"La farm\u00e0cia, present en la VI Jornada de la Societat Catalana d'Atenci\u00f3 i Tractament del Consum de Tabac - Col\u00b7legi de Farmac\u00e8utics de Barcelona\",\"isPartOf\":{\"@id\":\"https:\/\/www.cofb.org\/#website\"},\"primaryImageOfPage\":{\"@id\":\"https:\/\/novaorg.cofb.net\/2016\/04\/04\/la-farmacia-present-en-la-vi-jornada-de-la-societat-catalana-datencio-i-tractament-del-consum-de-tabac\/#primaryimage\"},\"image\":{\"@id\":\"https:\/\/novaorg.cofb.net\/2016\/04\/04\/la-farmacia-present-en-la-vi-jornada-de-la-societat-catalana-datencio-i-tractament-del-consum-de-tabac\/#primaryimage\"},\"thumbnailUrl\":\"\",\"datePublished\":\"2016-04-04T06:19:36+00:00\",\"dateModified\":\"2016-04-04T06:19:36+00:00\",\"breadcrumb\":{\"@id\":\"https:\/\/novaorg.cofb.net\/2016\/04\/04\/la-farmacia-present-en-la-vi-jornada-de-la-societat-catalana-datencio-i-tractament-del-consum-de-tabac\/#breadcrumb\"},\"inLanguage\":\"es\",\"potentialAction\":[{\"@type\":\"ReadAction\",\"target\":[\"https:\/\/novaorg.cofb.net\/2016\/04\/04\/la-farmacia-present-en-la-vi-jornada-de-la-societat-catalana-datencio-i-tractament-del-consum-de-tabac\/\"]}]},{\"@type\":\"ImageObject\",\"inLanguage\":\"es\",\"@id\":\"https:\/\/novaorg.cofb.net\/2016\/04\/04\/la-farmacia-present-en-la-vi-jornada-de-la-societat-catalana-datencio-i-tractament-del-consum-de-tabac\/#primaryimage\",\"url\":\"\",\"contentUrl\":\"\"},{\"@type\":\"BreadcrumbList\",\"@id\":\"https:\/\/novaorg.cofb.net\/2016\/04\/04\/la-farmacia-present-en-la-vi-jornada-de-la-societat-catalana-datencio-i-tractament-del-consum-de-tabac\/#breadcrumb\",\"itemListElement\":[{\"@type\":\"ListItem\",\"position\":1,\"name\":\"Inici\",\"item\":\"https:\/\/novaorg.cofb.net\/\"},{\"@type\":\"ListItem\",\"position\":2,\"name\":\"La farm\u00e0cia, present en la VI Jornada de la Societat Catalana d&#8217;Atenci\u00f3 i Tractament del Consum de Tabac\"}]},{\"@type\":\"WebSite\",\"@id\":\"https:\/\/www.cofb.org\/#website\",\"url\":\"https:\/\/www.cofb.org\/\",\"name\":\"Col\u00b7legi de Farmac\u00e8utics de Barcelona\",\"description\":\"\",\"publisher\":{\"@id\":\"https:\/\/www.cofb.org\/#organization\"},\"potentialAction\":[{\"@type\":\"SearchAction\",\"target\":{\"@type\":\"EntryPoint\",\"urlTemplate\":\"https:\/\/www.cofb.org\/?s={search_term_string}\"},\"query-input\":\"required name=search_term_string\"}],\"inLanguage\":\"es\"},{\"@type\":\"Organization\",\"@id\":\"https:\/\/www.cofb.org\/#organization\",\"name\":\"Col\u00b7legi de Farmac\u00e8utics de Barcelona\",\"url\":\"https:\/\/www.cofb.org\/\",\"logo\":{\"@type\":\"ImageObject\",\"inLanguage\":\"es\",\"@id\":\"https:\/\/www.cofb.org\/#\/schema\/logo\/image\/\",\"url\":\"https:\/\/www.cofb.org\/wp-content\/uploads\/2023\/11\/cropped-Logotip-COFB.png\",\"contentUrl\":\"https:\/\/www.cofb.org\/wp-content\/uploads\/2023\/11\/cropped-Logotip-COFB.png\",\"width\":500,\"height\":105,\"caption\":\"Col\u00b7legi de Farmac\u00e8utics de Barcelona\"},\"image\":{\"@id\":\"https:\/\/www.cofb.org\/#\/schema\/logo\/image\/\"},\"sameAs\":[\"https:\/\/www.facebook.com\/farmaceuticsbcn\/\",\"https:\/\/twitter.com\/farmaceuticsbcn\",\"https:\/\/www.instagram.com\/farmaceuticsbcn\/\",\"https:\/\/www.linkedin.com\/company\/farmaceuticsbcn\/\"]},{\"@type\":\"Person\",\"@id\":\"https:\/\/www.cofb.org\/#\/schema\/person\/22ed7eea88da74b0fa4d3154ad87ffcb\",\"name\":\"wpAdminCofbOrg\",\"image\":{\"@type\":\"ImageObject\",\"inLanguage\":\"es\",\"@id\":\"https:\/\/www.cofb.org\/#\/schema\/person\/image\/\",\"url\":\"https:\/\/secure.gravatar.com\/avatar\/1721b20b3b8ca882c3b56ec6c978c594fff670e40c0718e9190eaeeb76aae7d8?s=96&d=mm&r=g\",\"contentUrl\":\"https:\/\/secure.gravatar.com\/avatar\/1721b20b3b8ca882c3b56ec6c978c594fff670e40c0718e9190eaeeb76aae7d8?s=96&d=mm&r=g\",\"caption\":\"wpAdminCofbOrg\"},\"sameAs\":[\"http:\/\/192.168.64.122\/wordpress\"],\"url\":\"https:\/\/www.cofb.org\/es\/author\/wpadmincofborg\/\"}]}<\/script>\n<!-- \/ Yoast SEO plugin. -->","yoast_head_json":{"title":"La farm\u00e0cia, present en la VI Jornada de la Societat Catalana d'Atenci\u00f3 i Tractament del Consum de Tabac - Col\u00b7legi de Farmac\u00e8utics de Barcelona","robots":{"index":"index","follow":"follow","max-snippet":"max-snippet:-1","max-image-preview":"max-image-preview:large","max-video-preview":"max-video-preview:-1"},"canonical":"https:\/\/novaorg.cofb.net\/2016\/04\/04\/la-farmacia-present-en-la-vi-jornada-de-la-societat-catalana-datencio-i-tractament-del-consum-de-tabac\/","og_locale":"es_ES","og_type":"article","og_title":"La farm\u00e0cia, present en la VI Jornada de la Societat Catalana d'Atenci\u00f3 i Tractament del Consum de Tabac - Col\u00b7legi de Farmac\u00e8utics de Barcelona","og_description":"La VI Jornada de la Societat Catalana d\u2019Atenci\u00f3 i Tractament del consum de Tabac (SCATT), sota el lema \u201cJunts per la salut, cap pas enrere!\u201d, va unir al CaixaForum de Barcelona el passat 5 de febrer els principals actors en la lluita contra el tabaquisme. Organitzada per l&#8217;SCATT, que forma [&hellip;]","og_url":"https:\/\/novaorg.cofb.net\/2016\/04\/04\/la-farmacia-present-en-la-vi-jornada-de-la-societat-catalana-datencio-i-tractament-del-consum-de-tabac\/","og_site_name":"Col\u00b7legi de Farmac\u00e8utics de Barcelona","article_publisher":"https:\/\/www.facebook.com\/farmaceuticsbcn\/","article_published_time":"2016-04-04T06:19:36+00:00","author":"wpAdminCofbOrg","twitter_card":"summary_large_image","twitter_creator":"@farmaceuticsbcn","twitter_site":"@farmaceuticsbcn","twitter_misc":{"Escrito por":"wpAdminCofbOrg","Tiempo de lectura":"3 minutos"},"schema":{"@context":"https:\/\/schema.org","@graph":[{"@type":"Article","@id":"https:\/\/novaorg.cofb.net\/2016\/04\/04\/la-farmacia-present-en-la-vi-jornada-de-la-societat-catalana-datencio-i-tractament-del-consum-de-tabac\/#article","isPartOf":{"@id":"https:\/\/novaorg.cofb.net\/2016\/04\/04\/la-farmacia-present-en-la-vi-jornada-de-la-societat-catalana-datencio-i-tractament-del-consum-de-tabac\/"},"author":{"name":"wpAdminCofbOrg","@id":"https:\/\/www.cofb.org\/#\/schema\/person\/22ed7eea88da74b0fa4d3154ad87ffcb"},"headline":"La farm\u00e0cia, present en la VI Jornada de la Societat Catalana d&#8217;Atenci\u00f3 i Tractament del Consum de Tabac","datePublished":"2016-04-04T06:19:36+00:00","dateModified":"2016-04-04T06:19:36+00:00","mainEntityOfPage":{"@id":"https:\/\/novaorg.cofb.net\/2016\/04\/04\/la-farmacia-present-en-la-vi-jornada-de-la-societat-catalana-datencio-i-tractament-del-consum-de-tabac\/"},"wordCount":655,"commentCount":0,"publisher":{"@id":"https:\/\/www.cofb.org\/#organization"},"image":{"@id":"https:\/\/novaorg.cofb.net\/2016\/04\/04\/la-farmacia-present-en-la-vi-jornada-de-la-societat-catalana-datencio-i-tractament-del-consum-de-tabac\/#primaryimage"},"thumbnailUrl":"","keywords":["Atenci\u00f3 farmac\u00e8utica","CCFC","Consell de Col\u00b7legis Farmac\u00e8utics de Catalunya","Salut p\u00fablica","SCATT","tabac","tabaquisme"],"articleSection":["Not\u00edcies farm\u00e0cia"],"inLanguage":"es","potentialAction":[{"@type":"CommentAction","name":"Comment","target":["https:\/\/novaorg.cofb.net\/2016\/04\/04\/la-farmacia-present-en-la-vi-jornada-de-la-societat-catalana-datencio-i-tractament-del-consum-de-tabac\/#respond"]}]},{"@type":"WebPage","@id":"https:\/\/novaorg.cofb.net\/2016\/04\/04\/la-farmacia-present-en-la-vi-jornada-de-la-societat-catalana-datencio-i-tractament-del-consum-de-tabac\/","url":"https:\/\/novaorg.cofb.net\/2016\/04\/04\/la-farmacia-present-en-la-vi-jornada-de-la-societat-catalana-datencio-i-tractament-del-consum-de-tabac\/","name":"La farm\u00e0cia, present en la VI Jornada de la Societat Catalana d'Atenci\u00f3 i Tractament del Consum de Tabac - Col\u00b7legi de Farmac\u00e8utics de Barcelona","isPartOf":{"@id":"https:\/\/www.cofb.org\/#website"},"primaryImageOfPage":{"@id":"https:\/\/novaorg.cofb.net\/2016\/04\/04\/la-farmacia-present-en-la-vi-jornada-de-la-societat-catalana-datencio-i-tractament-del-consum-de-tabac\/#primaryimage"},"image":{"@id":"https:\/\/novaorg.cofb.net\/2016\/04\/04\/la-farmacia-present-en-la-vi-jornada-de-la-societat-catalana-datencio-i-tractament-del-consum-de-tabac\/#primaryimage"},"thumbnailUrl":"","datePublished":"2016-04-04T06:19:36+00:00","dateModified":"2016-04-04T06:19:36+00:00","breadcrumb":{"@id":"https:\/\/novaorg.cofb.net\/2016\/04\/04\/la-farmacia-present-en-la-vi-jornada-de-la-societat-catalana-datencio-i-tractament-del-consum-de-tabac\/#breadcrumb"},"inLanguage":"es","potentialAction":[{"@type":"ReadAction","target":["https:\/\/novaorg.cofb.net\/2016\/04\/04\/la-farmacia-present-en-la-vi-jornada-de-la-societat-catalana-datencio-i-tractament-del-consum-de-tabac\/"]}]},{"@type":"ImageObject","inLanguage":"es","@id":"https:\/\/novaorg.cofb.net\/2016\/04\/04\/la-farmacia-present-en-la-vi-jornada-de-la-societat-catalana-datencio-i-tractament-del-consum-de-tabac\/#primaryimage","url":"","contentUrl":""},{"@type":"BreadcrumbList","@id":"https:\/\/novaorg.cofb.net\/2016\/04\/04\/la-farmacia-present-en-la-vi-jornada-de-la-societat-catalana-datencio-i-tractament-del-consum-de-tabac\/#breadcrumb","itemListElement":[{"@type":"ListItem","position":1,"name":"Inici","item":"https:\/\/novaorg.cofb.net\/"},{"@type":"ListItem","position":2,"name":"La farm\u00e0cia, present en la VI Jornada de la Societat Catalana d&#8217;Atenci\u00f3 i Tractament del Consum de Tabac"}]},{"@type":"WebSite","@id":"https:\/\/www.cofb.org\/#website","url":"https:\/\/www.cofb.org\/","name":"Col\u00b7legi de Farmac\u00e8utics de Barcelona","description":"","publisher":{"@id":"https:\/\/www.cofb.org\/#organization"},"potentialAction":[{"@type":"SearchAction","target":{"@type":"EntryPoint","urlTemplate":"https:\/\/www.cofb.org\/?s={search_term_string}"},"query-input":"required name=search_term_string"}],"inLanguage":"es"},{"@type":"Organization","@id":"https:\/\/www.cofb.org\/#organization","name":"Col\u00b7legi de Farmac\u00e8utics de Barcelona","url":"https:\/\/www.cofb.org\/","logo":{"@type":"ImageObject","inLanguage":"es","@id":"https:\/\/www.cofb.org\/#\/schema\/logo\/image\/","url":"https:\/\/www.cofb.org\/wp-content\/uploads\/2023\/11\/cropped-Logotip-COFB.png","contentUrl":"https:\/\/www.cofb.org\/wp-content\/uploads\/2023\/11\/cropped-Logotip-COFB.png","width":500,"height":105,"caption":"Col\u00b7legi de Farmac\u00e8utics de Barcelona"},"image":{"@id":"https:\/\/www.cofb.org\/#\/schema\/logo\/image\/"},"sameAs":["https:\/\/www.facebook.com\/farmaceuticsbcn\/","https:\/\/twitter.com\/farmaceuticsbcn","https:\/\/www.instagram.com\/farmaceuticsbcn\/","https:\/\/www.linkedin.com\/company\/farmaceuticsbcn\/"]},{"@type":"Person","@id":"https:\/\/www.cofb.org\/#\/schema\/person\/22ed7eea88da74b0fa4d3154ad87ffcb","name":"wpAdminCofbOrg","image":{"@type":"ImageObject","inLanguage":"es","@id":"https:\/\/www.cofb.org\/#\/schema\/person\/image\/","url":"https:\/\/secure.gravatar.com\/avatar\/1721b20b3b8ca882c3b56ec6c978c594fff670e40c0718e9190eaeeb76aae7d8?s=96&d=mm&r=g","contentUrl":"https:\/\/secure.gravatar.com\/avatar\/1721b20b3b8ca882c3b56ec6c978c594fff670e40c0718e9190eaeeb76aae7d8?s=96&d=mm&r=g","caption":"wpAdminCofbOrg"},"sameAs":["http:\/\/192.168.64.122\/wordpress"],"url":"https:\/\/www.cofb.org\/es\/author\/wpadmincofborg\/"}]}},"uagb_featured_image_src":{"full":false,"thumbnail":false,"medium":false,"medium_large":false,"large":false,"1536x1536":false,"2048x2048":false,"trp-custom-language-flag":false},"uagb_author_info":{"display_name":"wpAdminCofbOrg","author_link":"https:\/\/www.cofb.org\/es\/author\/wpadmincofborg\/"},"uagb_comment_info":0,"uagb_excerpt":"La VI Jornada de la Societat Catalana d\u2019Atenci\u00f3 i Tractament del consum de Tabac (SCATT), sota el lema \u201cJunts per la salut, cap pas enrere!\u201d, va unir al CaixaForum de Barcelona el passat 5 de febrer els principals actors en la lluita contra el tabaquisme. Organitzada per l&#8217;SCATT, que forma [&hellip;]","_links":{"self":[{"href":"https:\/\/www.cofb.org\/es\/wp-json\/wp\/v2\/posts\/20202","targetHints":{"allow":["GET"]}}],"collection":[{"href":"https:\/\/www.cofb.org\/es\/wp-json\/wp\/v2\/posts"}],"about":[{"href":"https:\/\/www.cofb.org\/es\/wp-json\/wp\/v2\/types\/post"}],"author":[{"embeddable":true,"href":"https:\/\/www.cofb.org\/es\/wp-json\/wp\/v2\/users\/1"}],"replies":[{"embeddable":true,"href":"https:\/\/www.cofb.org\/es\/wp-json\/wp\/v2\/comments?post=20202"}],"version-history":[{"count":0,"href":"https:\/\/www.cofb.org\/es\/wp-json\/wp\/v2\/posts\/20202\/revisions"}],"wp:featuredmedia":[{"embeddable":true,"href":"https:\/\/www.cofb.org\/es\/wp-json\/"}],"wp:attachment":[{"href":"https:\/\/www.cofb.org\/es\/wp-json\/wp\/v2\/media?parent=20202"}],"wp:term":[{"taxonomy":"category","embeddable":true,"href":"https:\/\/www.cofb.org\/es\/wp-json\/wp\/v2\/categories?post=20202"},{"taxonomy":"post_tag","embeddable":true,"href":"https:\/\/www.cofb.org\/es\/wp-json\/wp\/v2\/tags?post=20202"}],"curies":[{"name":"wp","href":"https:\/\/api.w.org\/{rel}","templated":true}]}}