{"id":18254,"date":"2015-12-17T14:35:45","date_gmt":"2015-12-17T13:35:45","guid":{"rendered":"http:\/\/blog.cofb.cat\/?p=18254"},"modified":"2015-12-17T14:35:45","modified_gmt":"2015-12-17T13:35:45","slug":"les-farmacies-cobren-dues-factures-pero-segueix-pendent-la-dels-medicaments-dispensats-a-loctubre","status":"publish","type":"post","link":"https:\/\/www.cofb.org\/es\/2015\/12\/17\/les-farmacies-cobren-dues-factures-pero-segueix-pendent-la-dels-medicaments-dispensats-a-loctubre\/","title":{"rendered":"Las farmacias cobran dos facturas pero sigue pendiente la de los medicamentos dispensados en octubre"},"content":{"rendered":"<p style=\"text-align: left;\" align=\"center\"><b><span style=\"text-decoration: underline;\">Llegada del FLA extraordinario: insuficiente para acabar con la deuda<\/span><\/b><\/p>\n<p>Hoy las farmacias catalanas han cobrado <b>213M\u20ac a trav\u00e9s del Fondo de Liquidez Auton\u00f3mica (FLA) Extraordinario, correspondientes a los meses de agosto y septiembre. Esta cantidad es insuficiente para cubrir la totalidad de la deuda, que asciende a 330M\u20ac<\/b>. Teniendo esto en cuenta, <b>los farmac\u00e9uticos catalanes reclaman a la Generalitat que <\/b>se pague, antes de que acabe el a\u00f1o,<b> la factura que todav\u00eda queda pendiente, la de los medicamentos dispensados en octubre (117,8M\u20ac) <\/b>y que deber\u00eda haberse hecho efectiva el 5 de diciembre. Ser\u00eda la \u00fanica forma de empezar 2016 con la cuenta de la deuda a cero.<\/p>\n<div class=\"box shadow\">Los 213M\u20ac destinados a farmacia permiten <strong>hacer frente a las facturas de agosto y septiembre<\/strong>, pero todav\u00eda <strong>queda pendiente la de octubre<\/strong> (117,8M\u20ac)<\/p>\n<p>Reclaman a la Generalitat que la <strong>factura se pague antes de que acabe el a\u00f1o<\/strong>, si no es as\u00ed, y el pr\u00f3ximo 5 de enero tampoco se paga la de noviembre, la deuda acumulada volver\u00e1 a ser de 2 meses<\/div>\n<p><b><span style=\"text-decoration: underline;\">Si no se cobra nada m\u00e1s este diciembre, el pr\u00f3ximo 5 de enero volver\u00edan a acumular dos meses de deuda <\/span><\/b><\/p>\n<p>Si no se produce este pago y <b>el pr\u00f3ximo 5 de enero la Administraci\u00f3n tampoco hace efectiva la factura<\/b> de los medicamentos dispensados en noviembre, tal y como establece el Concierto, <b>la deuda con las farmacias catalanas volver\u00eda a aumentar a dos meses y los farmac\u00e9uticos volver\u00edan a cobrar los medicamentos 90 d\u00edas despu\u00e9s de haberlos dispensado<\/b>, repiti\u00e9ndose el mismo escenario con el que empezaron en el 2015.<\/p>\n<p><b><span style=\"text-decoration: underline;\">\u201cCon el FLA Extraordinario deb\u00eda ponerse a cero la deuda\u201d <\/span><\/b><\/p>\n<p><b>&quot;El FLA Extraordinario deb\u00eda servir para poner a cero la deuda y hacer un replanteamiento para que no se vuelvan a repetir los mismos errores&quot;<\/b>, reclama <strong>Jordi de Dalmases, presidente del Consejo de Colegios Farmac\u00e9uticos de Catalu\u00f1a<\/strong>. <b>\u201cSi volvemos a empezar el a\u00f1o con dos meses de retraso y los presupuestos tampoco reflejan el gasto que sabemos que ser\u00e1 necesario para hacer frente al pago de los medicamentos, es evidente que no se habr\u00e1 dado soluci\u00f3n a la problem\u00e1tica que sufrimos desde hace cuatro a\u00f1os\u201d, <\/b>a\u00f1ade. \u201c<b>No es de recibo que,<\/b> en un momento de recuperaci\u00f3n econ\u00f3mica del pa\u00eds y con sistemas de financiaci\u00f3n disponibles, <b>se siga arrastrando la deuda de los farmac\u00e9uticos<\/b>, que llevan cuatro a\u00f1os cargando sobre sus hombros una <b>responsabilidad que le corresponde a la Administraci\u00f3n, la de hacer frente a un derecho b\u00e1sico de la poblaci\u00f3n como es el acceso a su medicaci\u00f3n\u201d<\/b>, denuncia Antoni Torres, presidente de la Federaci\u00f3n de Asociaciones de Farmacias de Catalunya.<\/p>\n<p>En esta l\u00ednea, los<b> farmac\u00e9uticos exigen responsabilidad a las Administraciones<\/b>, tal y como lo recog\u00eda la <b><a href=\"http:\/\/blog.cofb.cat\/les-farmacies-catalanes-posen-en-marxa-una-campanya-per-denunciar-els-retards-en-el-pagament-dels-medicaments\/\" target=\"_blank\" rel=\"noopener\">campa\u00f1a de sensibilizaci\u00f3n<\/a> que pusieron en marcha el pasado 5 de noviembre.<\/b> Y en todo caso, que el pago de los medicamentos sea una prioridad al igual que lo es para los pacientes.<\/p>\n<p style=\"text-align: center;\">\u00a0<a href=\"http:\/\/blog.cofb.cat\/wp-content\/uploads\/2015\/12\/requadre-pagament-desembre.jpg\"><img fetchpriority=\"high\" decoding=\"async\" class=\"wp-image-18257 aligncenter\" alt=\"requadre-pagament-desembre\" src=\"http:\/\/blog.cofb.cat\/wp-content\/uploads\/2015\/12\/requadre-pagament-desembre.jpg\" width=\"585\" height=\"213\" \/><\/a><\/p>\n<p><span style=\"color: #808080;\"><strong>Nota de prensa enviada a los medios de comunicaci\u00f3n (se puede consultar en la <a href=\"http:\/\/www.cofb.org\/es\/web\/guest\/notes-de-premsa\/\" target=\"_blank\" rel=\"noopener\">Sala de Prensa<\/a> de la web institucional www.cofb.org)<\/strong><\/span><\/p>","protected":false},"excerpt":{"rendered":"<p>Llegada del FLA extraordinario: insuficiente para acabar con la deuda Hoy las farmacias catalanas han cobrado 213M\u20ac a trav\u00e9s del Fondo de Liquidez Auton\u00f3mica (FLA) Extraordinario, correspondientes a los meses de agosto y septiembre. Esta cantidad es insuficiente para cubrir la totalidad de la deuda, que asciende a 330M\u20ac. Teniendo esto en cuenta, [\u2026]<\/p>","protected":false},"author":1,"featured_media":3017,"comment_status":"open","ping_status":"open","sticky":false,"template":"","format":"standard","meta":{"_uag_custom_page_level_css":"","site-sidebar-layout":"default","site-content-layout":"","ast-site-content-layout":"default","site-content-style":"default","site-sidebar-style":"default","ast-global-header-display":"","ast-banner-title-visibility":"","ast-main-header-display":"","ast-hfb-above-header-display":"","ast-hfb-below-header-display":"","ast-hfb-mobile-header-display":"","site-post-title":"","ast-breadcrumbs-content":"","ast-featured-img":"disabled","footer-sml-layout":"","theme-transparent-header-meta":"","adv-header-id-meta":"","stick-header-meta":"","header-above-stick-meta":"","header-main-stick-meta":"","header-below-stick-meta":"","astra-migrate-meta-layouts":"default","ast-page-background-enabled":"default","ast-page-background-meta":{"desktop":{"background-color":"var(--ast-global-color-4)","background-image":"","background-repeat":"repeat","background-position":"center center","background-size":"auto","background-attachment":"scroll","background-type":"","background-media":"","overlay-type":"","overlay-color":"","overlay-opacity":"","overlay-gradient":""},"tablet":{"background-color":"","background-image":"","background-repeat":"repeat","background-position":"center center","background-size":"auto","background-attachment":"scroll","background-type":"","background-media":"","overlay-type":"","overlay-color":"","overlay-opacity":"","overlay-gradient":""},"mobile":{"background-color":"","background-image":"","background-repeat":"repeat","background-position":"center center","background-size":"auto","background-attachment":"scroll","background-type":"","background-media":"","overlay-type":"","overlay-color":"","overlay-opacity":"","overlay-gradient":""}},"ast-content-background-meta":{"desktop":{"background-color":"var(--ast-global-color-5)","background-image":"","background-repeat":"repeat","background-position":"center center","background-size":"auto","background-attachment":"scroll","background-type":"","background-media":"","overlay-type":"","overlay-color":"","overlay-opacity":"","overlay-gradient":""},"tablet":{"background-color":"var(--ast-global-color-5)","background-image":"","background-repeat":"repeat","background-position":"center center","background-size":"auto","background-attachment":"scroll","background-type":"","background-media":"","overlay-type":"","overlay-color":"","overlay-opacity":"","overlay-gradient":""},"mobile":{"background-color":"var(--ast-global-color-5)","background-image":"","background-repeat":"repeat","background-position":"center center","background-size":"auto","background-attachment":"scroll","background-type":"","background-media":"","overlay-type":"","overlay-color":"","overlay-opacity":"","overlay-gradient":""}},"footnotes":""},"categories":[32],"tags":[163,2297,2133,2123,76,2255],"class_list":["post-18254","post","type-post","status-publish","format-standard","has-post-thumbnail","hentry","category-noticies-farmacia","tag-consell-de-collegis-farmaceutics-de-catalunya","tag-fla-extraordinari","tag-impagaments","tag-jordi-de-dalmases","tag-oficina-de-farmacia","tag-retards-en-els-pagaments"],"yoast_head":"<!-- This site is optimized with the Yoast SEO plugin v22.4 - https:\/\/yoast.com\/wordpress\/plugins\/seo\/ -->\n<title>Les farm\u00e0cies cobren dues factures per\u00f2 segueix pendent la dels medicaments dispensats a l\u2019octubre - Col\u00b7legi de Farmac\u00e8utics de Barcelona<\/title>\n<meta name=\"robots\" content=\"index, follow, max-snippet:-1, max-image-preview:large, max-video-preview:-1\" \/>\n<link rel=\"canonical\" href=\"https:\/\/novaorg.cofb.net\/2015\/12\/17\/les-farmacies-cobren-dues-factures-pero-segueix-pendent-la-dels-medicaments-dispensats-a-loctubre\/\" \/>\n<meta property=\"og:locale\" content=\"es_ES\" \/>\n<meta property=\"og:type\" content=\"article\" \/>\n<meta property=\"og:title\" content=\"Les farm\u00e0cies cobren dues factures per\u00f2 segueix pendent la dels medicaments dispensats a l\u2019octubre - Col\u00b7legi de Farmac\u00e8utics de Barcelona\" \/>\n<meta property=\"og:description\" content=\"Arribada del FLA extraordinari: insuficient per acabar amb el deute Avui les farm\u00e0cies catalanes han cobrat 213M\u20ac a trav\u00e9s del Fons de Liquiditat Auton\u00f2mica (FLA) Extraordinari, corresponents als mesos d\u2019agost i setembre. Aquesta quantitat \u00e9s insuficient per cobrir la totalitat del deute, que ascendeix a 330M\u20ac. Tenint aix\u00f2 en compte, [&hellip;]\" \/>\n<meta property=\"og:url\" content=\"https:\/\/novaorg.cofb.net\/2015\/12\/17\/les-farmacies-cobren-dues-factures-pero-segueix-pendent-la-dels-medicaments-dispensats-a-loctubre\/\" \/>\n<meta property=\"og:site_name\" content=\"Col\u00b7legi de Farmac\u00e8utics de Barcelona\" \/>\n<meta property=\"article:publisher\" content=\"https:\/\/www.facebook.com\/farmaceuticsbcn\/\" \/>\n<meta property=\"article:published_time\" content=\"2015-12-17T13:35:45+00:00\" \/>\n<meta name=\"author\" content=\"wpAdminCofbOrg\" \/>\n<meta name=\"twitter:card\" content=\"summary_large_image\" \/>\n<meta name=\"twitter:creator\" content=\"@farmaceuticsbcn\" \/>\n<meta name=\"twitter:site\" content=\"@farmaceuticsbcn\" \/>\n<meta name=\"twitter:label1\" content=\"Escrito por\" \/>\n\t<meta name=\"twitter:data1\" content=\"wpAdminCofbOrg\" \/>\n\t<meta name=\"twitter:label2\" content=\"Tiempo de lectura\" \/>\n\t<meta name=\"twitter:data2\" content=\"3 minutos\" \/>\n<script type=\"application\/ld+json\" class=\"yoast-schema-graph\">{\"@context\":\"https:\/\/schema.org\",\"@graph\":[{\"@type\":\"Article\",\"@id\":\"https:\/\/novaorg.cofb.net\/2015\/12\/17\/les-farmacies-cobren-dues-factures-pero-segueix-pendent-la-dels-medicaments-dispensats-a-loctubre\/#article\",\"isPartOf\":{\"@id\":\"https:\/\/novaorg.cofb.net\/2015\/12\/17\/les-farmacies-cobren-dues-factures-pero-segueix-pendent-la-dels-medicaments-dispensats-a-loctubre\/\"},\"author\":{\"name\":\"wpAdminCofbOrg\",\"@id\":\"https:\/\/www.cofb.org\/#\/schema\/person\/22ed7eea88da74b0fa4d3154ad87ffcb\"},\"headline\":\"Les farm\u00e0cies cobren dues factures per\u00f2 segueix pendent la dels medicaments dispensats a l\u2019octubre\",\"datePublished\":\"2015-12-17T13:35:45+00:00\",\"dateModified\":\"2015-12-17T13:35:45+00:00\",\"mainEntityOfPage\":{\"@id\":\"https:\/\/novaorg.cofb.net\/2015\/12\/17\/les-farmacies-cobren-dues-factures-pero-segueix-pendent-la-dels-medicaments-dispensats-a-loctubre\/\"},\"wordCount\":540,\"commentCount\":0,\"publisher\":{\"@id\":\"https:\/\/www.cofb.org\/#organization\"},\"image\":{\"@id\":\"https:\/\/novaorg.cofb.net\/2015\/12\/17\/les-farmacies-cobren-dues-factures-pero-segueix-pendent-la-dels-medicaments-dispensats-a-loctubre\/#primaryimage\"},\"thumbnailUrl\":\"\",\"keywords\":[\"Consell de Col\u00b7legis Farmac\u00e8utics de Catalunya\",\"FLA extraordinari\",\"Impagaments\",\"Jordi de Dalmases\",\"Oficina de farm\u00e0cia\",\"Retards en els pagaments\"],\"articleSection\":[\"Not\u00edcies farm\u00e0cia\"],\"inLanguage\":\"es\",\"potentialAction\":[{\"@type\":\"CommentAction\",\"name\":\"Comment\",\"target\":[\"https:\/\/novaorg.cofb.net\/2015\/12\/17\/les-farmacies-cobren-dues-factures-pero-segueix-pendent-la-dels-medicaments-dispensats-a-loctubre\/#respond\"]}]},{\"@type\":\"WebPage\",\"@id\":\"https:\/\/novaorg.cofb.net\/2015\/12\/17\/les-farmacies-cobren-dues-factures-pero-segueix-pendent-la-dels-medicaments-dispensats-a-loctubre\/\",\"url\":\"https:\/\/novaorg.cofb.net\/2015\/12\/17\/les-farmacies-cobren-dues-factures-pero-segueix-pendent-la-dels-medicaments-dispensats-a-loctubre\/\",\"name\":\"Les farm\u00e0cies cobren dues factures per\u00f2 segueix pendent la dels medicaments dispensats a l\u2019octubre - Col\u00b7legi de Farmac\u00e8utics de Barcelona\",\"isPartOf\":{\"@id\":\"https:\/\/www.cofb.org\/#website\"},\"primaryImageOfPage\":{\"@id\":\"https:\/\/novaorg.cofb.net\/2015\/12\/17\/les-farmacies-cobren-dues-factures-pero-segueix-pendent-la-dels-medicaments-dispensats-a-loctubre\/#primaryimage\"},\"image\":{\"@id\":\"https:\/\/novaorg.cofb.net\/2015\/12\/17\/les-farmacies-cobren-dues-factures-pero-segueix-pendent-la-dels-medicaments-dispensats-a-loctubre\/#primaryimage\"},\"thumbnailUrl\":\"\",\"datePublished\":\"2015-12-17T13:35:45+00:00\",\"dateModified\":\"2015-12-17T13:35:45+00:00\",\"breadcrumb\":{\"@id\":\"https:\/\/novaorg.cofb.net\/2015\/12\/17\/les-farmacies-cobren-dues-factures-pero-segueix-pendent-la-dels-medicaments-dispensats-a-loctubre\/#breadcrumb\"},\"inLanguage\":\"es\",\"potentialAction\":[{\"@type\":\"ReadAction\",\"target\":[\"https:\/\/novaorg.cofb.net\/2015\/12\/17\/les-farmacies-cobren-dues-factures-pero-segueix-pendent-la-dels-medicaments-dispensats-a-loctubre\/\"]}]},{\"@type\":\"ImageObject\",\"inLanguage\":\"es\",\"@id\":\"https:\/\/novaorg.cofb.net\/2015\/12\/17\/les-farmacies-cobren-dues-factures-pero-segueix-pendent-la-dels-medicaments-dispensats-a-loctubre\/#primaryimage\",\"url\":\"\",\"contentUrl\":\"\"},{\"@type\":\"BreadcrumbList\",\"@id\":\"https:\/\/novaorg.cofb.net\/2015\/12\/17\/les-farmacies-cobren-dues-factures-pero-segueix-pendent-la-dels-medicaments-dispensats-a-loctubre\/#breadcrumb\",\"itemListElement\":[{\"@type\":\"ListItem\",\"position\":1,\"name\":\"Inici\",\"item\":\"https:\/\/novaorg.cofb.net\/\"},{\"@type\":\"ListItem\",\"position\":2,\"name\":\"Les farm\u00e0cies cobren dues factures per\u00f2 segueix pendent la dels medicaments dispensats a l\u2019octubre\"}]},{\"@type\":\"WebSite\",\"@id\":\"https:\/\/www.cofb.org\/#website\",\"url\":\"https:\/\/www.cofb.org\/\",\"name\":\"Col\u00b7legi de Farmac\u00e8utics de Barcelona\",\"description\":\"\",\"publisher\":{\"@id\":\"https:\/\/www.cofb.org\/#organization\"},\"potentialAction\":[{\"@type\":\"SearchAction\",\"target\":{\"@type\":\"EntryPoint\",\"urlTemplate\":\"https:\/\/www.cofb.org\/?s={search_term_string}\"},\"query-input\":\"required name=search_term_string\"}],\"inLanguage\":\"es\"},{\"@type\":\"Organization\",\"@id\":\"https:\/\/www.cofb.org\/#organization\",\"name\":\"Col\u00b7legi de Farmac\u00e8utics de Barcelona\",\"url\":\"https:\/\/www.cofb.org\/\",\"logo\":{\"@type\":\"ImageObject\",\"inLanguage\":\"es\",\"@id\":\"https:\/\/www.cofb.org\/#\/schema\/logo\/image\/\",\"url\":\"https:\/\/www.cofb.org\/wp-content\/uploads\/2023\/11\/cropped-Logotip-COFB.png\",\"contentUrl\":\"https:\/\/www.cofb.org\/wp-content\/uploads\/2023\/11\/cropped-Logotip-COFB.png\",\"width\":500,\"height\":105,\"caption\":\"Col\u00b7legi de Farmac\u00e8utics de Barcelona\"},\"image\":{\"@id\":\"https:\/\/www.cofb.org\/#\/schema\/logo\/image\/\"},\"sameAs\":[\"https:\/\/www.facebook.com\/farmaceuticsbcn\/\",\"https:\/\/twitter.com\/farmaceuticsbcn\",\"https:\/\/www.instagram.com\/farmaceuticsbcn\/\",\"https:\/\/www.linkedin.com\/company\/farmaceuticsbcn\/\"]},{\"@type\":\"Person\",\"@id\":\"https:\/\/www.cofb.org\/#\/schema\/person\/22ed7eea88da74b0fa4d3154ad87ffcb\",\"name\":\"wpAdminCofbOrg\",\"image\":{\"@type\":\"ImageObject\",\"inLanguage\":\"es\",\"@id\":\"https:\/\/www.cofb.org\/#\/schema\/person\/image\/\",\"url\":\"https:\/\/secure.gravatar.com\/avatar\/1721b20b3b8ca882c3b56ec6c978c594fff670e40c0718e9190eaeeb76aae7d8?s=96&d=mm&r=g\",\"contentUrl\":\"https:\/\/secure.gravatar.com\/avatar\/1721b20b3b8ca882c3b56ec6c978c594fff670e40c0718e9190eaeeb76aae7d8?s=96&d=mm&r=g\",\"caption\":\"wpAdminCofbOrg\"},\"sameAs\":[\"http:\/\/192.168.64.122\/wordpress\"],\"url\":\"https:\/\/www.cofb.org\/es\/author\/wpadmincofborg\/\"}]}<\/script>\n<!-- \/ Yoast SEO plugin. -->","yoast_head_json":{"title":"Les farm\u00e0cies cobren dues factures per\u00f2 segueix pendent la dels medicaments dispensats a l\u2019octubre - Col\u00b7legi de Farmac\u00e8utics de Barcelona","robots":{"index":"index","follow":"follow","max-snippet":"max-snippet:-1","max-image-preview":"max-image-preview:large","max-video-preview":"max-video-preview:-1"},"canonical":"https:\/\/novaorg.cofb.net\/2015\/12\/17\/les-farmacies-cobren-dues-factures-pero-segueix-pendent-la-dels-medicaments-dispensats-a-loctubre\/","og_locale":"es_ES","og_type":"article","og_title":"Les farm\u00e0cies cobren dues factures per\u00f2 segueix pendent la dels medicaments dispensats a l\u2019octubre - Col\u00b7legi de Farmac\u00e8utics de Barcelona","og_description":"Arribada del FLA extraordinari: insuficient per acabar amb el deute Avui les farm\u00e0cies catalanes han cobrat 213M\u20ac a trav\u00e9s del Fons de Liquiditat Auton\u00f2mica (FLA) Extraordinari, corresponents als mesos d\u2019agost i setembre. Aquesta quantitat \u00e9s insuficient per cobrir la totalitat del deute, que ascendeix a 330M\u20ac. Tenint aix\u00f2 en compte, [&hellip;]","og_url":"https:\/\/novaorg.cofb.net\/2015\/12\/17\/les-farmacies-cobren-dues-factures-pero-segueix-pendent-la-dels-medicaments-dispensats-a-loctubre\/","og_site_name":"Col\u00b7legi de Farmac\u00e8utics de Barcelona","article_publisher":"https:\/\/www.facebook.com\/farmaceuticsbcn\/","article_published_time":"2015-12-17T13:35:45+00:00","author":"wpAdminCofbOrg","twitter_card":"summary_large_image","twitter_creator":"@farmaceuticsbcn","twitter_site":"@farmaceuticsbcn","twitter_misc":{"Escrito por":"wpAdminCofbOrg","Tiempo de lectura":"3 minutos"},"schema":{"@context":"https:\/\/schema.org","@graph":[{"@type":"Article","@id":"https:\/\/novaorg.cofb.net\/2015\/12\/17\/les-farmacies-cobren-dues-factures-pero-segueix-pendent-la-dels-medicaments-dispensats-a-loctubre\/#article","isPartOf":{"@id":"https:\/\/novaorg.cofb.net\/2015\/12\/17\/les-farmacies-cobren-dues-factures-pero-segueix-pendent-la-dels-medicaments-dispensats-a-loctubre\/"},"author":{"name":"wpAdminCofbOrg","@id":"https:\/\/www.cofb.org\/#\/schema\/person\/22ed7eea88da74b0fa4d3154ad87ffcb"},"headline":"Les farm\u00e0cies cobren dues factures per\u00f2 segueix pendent la dels medicaments dispensats a l\u2019octubre","datePublished":"2015-12-17T13:35:45+00:00","dateModified":"2015-12-17T13:35:45+00:00","mainEntityOfPage":{"@id":"https:\/\/novaorg.cofb.net\/2015\/12\/17\/les-farmacies-cobren-dues-factures-pero-segueix-pendent-la-dels-medicaments-dispensats-a-loctubre\/"},"wordCount":540,"commentCount":0,"publisher":{"@id":"https:\/\/www.cofb.org\/#organization"},"image":{"@id":"https:\/\/novaorg.cofb.net\/2015\/12\/17\/les-farmacies-cobren-dues-factures-pero-segueix-pendent-la-dels-medicaments-dispensats-a-loctubre\/#primaryimage"},"thumbnailUrl":"","keywords":["Consell de Col\u00b7legis Farmac\u00e8utics de Catalunya","FLA extraordinari","Impagaments","Jordi de Dalmases","Oficina de farm\u00e0cia","Retards en els pagaments"],"articleSection":["Not\u00edcies farm\u00e0cia"],"inLanguage":"es","potentialAction":[{"@type":"CommentAction","name":"Comment","target":["https:\/\/novaorg.cofb.net\/2015\/12\/17\/les-farmacies-cobren-dues-factures-pero-segueix-pendent-la-dels-medicaments-dispensats-a-loctubre\/#respond"]}]},{"@type":"WebPage","@id":"https:\/\/novaorg.cofb.net\/2015\/12\/17\/les-farmacies-cobren-dues-factures-pero-segueix-pendent-la-dels-medicaments-dispensats-a-loctubre\/","url":"https:\/\/novaorg.cofb.net\/2015\/12\/17\/les-farmacies-cobren-dues-factures-pero-segueix-pendent-la-dels-medicaments-dispensats-a-loctubre\/","name":"Les farm\u00e0cies cobren dues factures per\u00f2 segueix pendent la dels medicaments dispensats a l\u2019octubre - Col\u00b7legi de Farmac\u00e8utics de Barcelona","isPartOf":{"@id":"https:\/\/www.cofb.org\/#website"},"primaryImageOfPage":{"@id":"https:\/\/novaorg.cofb.net\/2015\/12\/17\/les-farmacies-cobren-dues-factures-pero-segueix-pendent-la-dels-medicaments-dispensats-a-loctubre\/#primaryimage"},"image":{"@id":"https:\/\/novaorg.cofb.net\/2015\/12\/17\/les-farmacies-cobren-dues-factures-pero-segueix-pendent-la-dels-medicaments-dispensats-a-loctubre\/#primaryimage"},"thumbnailUrl":"","datePublished":"2015-12-17T13:35:45+00:00","dateModified":"2015-12-17T13:35:45+00:00","breadcrumb":{"@id":"https:\/\/novaorg.cofb.net\/2015\/12\/17\/les-farmacies-cobren-dues-factures-pero-segueix-pendent-la-dels-medicaments-dispensats-a-loctubre\/#breadcrumb"},"inLanguage":"es","potentialAction":[{"@type":"ReadAction","target":["https:\/\/novaorg.cofb.net\/2015\/12\/17\/les-farmacies-cobren-dues-factures-pero-segueix-pendent-la-dels-medicaments-dispensats-a-loctubre\/"]}]},{"@type":"ImageObject","inLanguage":"es","@id":"https:\/\/novaorg.cofb.net\/2015\/12\/17\/les-farmacies-cobren-dues-factures-pero-segueix-pendent-la-dels-medicaments-dispensats-a-loctubre\/#primaryimage","url":"","contentUrl":""},{"@type":"BreadcrumbList","@id":"https:\/\/novaorg.cofb.net\/2015\/12\/17\/les-farmacies-cobren-dues-factures-pero-segueix-pendent-la-dels-medicaments-dispensats-a-loctubre\/#breadcrumb","itemListElement":[{"@type":"ListItem","position":1,"name":"Inici","item":"https:\/\/novaorg.cofb.net\/"},{"@type":"ListItem","position":2,"name":"Les farm\u00e0cies cobren dues factures per\u00f2 segueix pendent la dels medicaments dispensats a l\u2019octubre"}]},{"@type":"WebSite","@id":"https:\/\/www.cofb.org\/#website","url":"https:\/\/www.cofb.org\/","name":"Col\u00b7legi de Farmac\u00e8utics de Barcelona","description":"","publisher":{"@id":"https:\/\/www.cofb.org\/#organization"},"potentialAction":[{"@type":"SearchAction","target":{"@type":"EntryPoint","urlTemplate":"https:\/\/www.cofb.org\/?s={search_term_string}"},"query-input":"required name=search_term_string"}],"inLanguage":"es"},{"@type":"Organization","@id":"https:\/\/www.cofb.org\/#organization","name":"Col\u00b7legi de Farmac\u00e8utics de Barcelona","url":"https:\/\/www.cofb.org\/","logo":{"@type":"ImageObject","inLanguage":"es","@id":"https:\/\/www.cofb.org\/#\/schema\/logo\/image\/","url":"https:\/\/www.cofb.org\/wp-content\/uploads\/2023\/11\/cropped-Logotip-COFB.png","contentUrl":"https:\/\/www.cofb.org\/wp-content\/uploads\/2023\/11\/cropped-Logotip-COFB.png","width":500,"height":105,"caption":"Col\u00b7legi de Farmac\u00e8utics de Barcelona"},"image":{"@id":"https:\/\/www.cofb.org\/#\/schema\/logo\/image\/"},"sameAs":["https:\/\/www.facebook.com\/farmaceuticsbcn\/","https:\/\/twitter.com\/farmaceuticsbcn","https:\/\/www.instagram.com\/farmaceuticsbcn\/","https:\/\/www.linkedin.com\/company\/farmaceuticsbcn\/"]},{"@type":"Person","@id":"https:\/\/www.cofb.org\/#\/schema\/person\/22ed7eea88da74b0fa4d3154ad87ffcb","name":"wpAdminCofbOrg","image":{"@type":"ImageObject","inLanguage":"es","@id":"https:\/\/www.cofb.org\/#\/schema\/person\/image\/","url":"https:\/\/secure.gravatar.com\/avatar\/1721b20b3b8ca882c3b56ec6c978c594fff670e40c0718e9190eaeeb76aae7d8?s=96&d=mm&r=g","contentUrl":"https:\/\/secure.gravatar.com\/avatar\/1721b20b3b8ca882c3b56ec6c978c594fff670e40c0718e9190eaeeb76aae7d8?s=96&d=mm&r=g","caption":"wpAdminCofbOrg"},"sameAs":["http:\/\/192.168.64.122\/wordpress"],"url":"https:\/\/www.cofb.org\/es\/author\/wpadmincofborg\/"}]}},"uagb_featured_image_src":{"full":false,"thumbnail":false,"medium":false,"medium_large":false,"large":false,"1536x1536":false,"2048x2048":false,"trp-custom-language-flag":false},"uagb_author_info":{"display_name":"wpAdminCofbOrg","author_link":"https:\/\/www.cofb.org\/es\/author\/wpadmincofborg\/"},"uagb_comment_info":0,"uagb_excerpt":"Arribada del FLA extraordinari: insuficient per acabar amb el deute Avui les farm\u00e0cies catalanes han cobrat 213M\u20ac a trav\u00e9s del Fons de Liquiditat Auton\u00f2mica (FLA) Extraordinari, corresponents als mesos d\u2019agost i setembre. Aquesta quantitat \u00e9s insuficient per cobrir la totalitat del deute, que ascendeix a 330M\u20ac. Tenint aix\u00f2 en compte, [&hellip;]","_links":{"self":[{"href":"https:\/\/www.cofb.org\/es\/wp-json\/wp\/v2\/posts\/18254","targetHints":{"allow":["GET"]}}],"collection":[{"href":"https:\/\/www.cofb.org\/es\/wp-json\/wp\/v2\/posts"}],"about":[{"href":"https:\/\/www.cofb.org\/es\/wp-json\/wp\/v2\/types\/post"}],"author":[{"embeddable":true,"href":"https:\/\/www.cofb.org\/es\/wp-json\/wp\/v2\/users\/1"}],"replies":[{"embeddable":true,"href":"https:\/\/www.cofb.org\/es\/wp-json\/wp\/v2\/comments?post=18254"}],"version-history":[{"count":0,"href":"https:\/\/www.cofb.org\/es\/wp-json\/wp\/v2\/posts\/18254\/revisions"}],"wp:featuredmedia":[{"embeddable":true,"href":"https:\/\/www.cofb.org\/es\/wp-json\/"}],"wp:attachment":[{"href":"https:\/\/www.cofb.org\/es\/wp-json\/wp\/v2\/media?parent=18254"}],"wp:term":[{"taxonomy":"category","embeddable":true,"href":"https:\/\/www.cofb.org\/es\/wp-json\/wp\/v2\/categories?post=18254"},{"taxonomy":"post_tag","embeddable":true,"href":"https:\/\/www.cofb.org\/es\/wp-json\/wp\/v2\/tags?post=18254"}],"curies":[{"name":"wp","href":"https:\/\/api.w.org\/{rel}","templated":true}]}}