{"id":18162,"date":"2015-12-16T15:17:31","date_gmt":"2015-12-16T14:17:31","guid":{"rendered":"http:\/\/blog.cofb.cat\/?p=18162"},"modified":"2015-12-16T15:17:31","modified_gmt":"2015-12-16T14:17:31","slug":"paper-de-la-farmacia-comunitaria-en-la-prevencio-i-control-de-lmpoc","status":"publish","type":"post","link":"https:\/\/www.cofb.org\/es\/2015\/12\/16\/paper-de-la-farmacia-comunitaria-en-la-prevencio-i-control-de-lmpoc\/","title":{"rendered":"Papel de la farmacia comunitaria en la prevenci\u00f3n y control de la EPOC"},"content":{"rendered":"<p>El Plan interdepartamental de atenci\u00f3n y el Programa de prevenci\u00f3n y atenci\u00f3n a la Interacci\u00f3n social y sanitaria cronicidad del Departamento de Salud de la Generalidad de Catalu\u00f1a organizaron el 10 de diciembre la \u201c<b>Jornada de debate 2.0: modelo integrado en la atenci\u00f3n de las personas con EPOC en Catalu\u00f1a\u201d<\/b> con el objetivo de reflexionar sobre la multiplicidad de agentes implicados en el cuidado de la enfermedad pulmonar obstructiva cr\u00f3nica (EPOC) y el valor que cada uno aporta. La jornada tambi\u00e9n quer\u00eda enfatizar la necesidad de aplicar buenas pr\u00e1cticas colaborativas para el \u00f3ptimo abordaje de la enfermedad y aportar elementos cr\u00edticos de \u00e9xito para la atenci\u00f3n integrada de la EPOC en contextos de complejidad.<\/p>\n<figure id=\"attachment_18164\" aria-describedby=\"caption-attachment-18164\" style=\"width: 317px\" class=\"wp-caption alignright\"><a href=\"http:\/\/blog.cofb.cat\/wp-content\/uploads\/2015\/12\/Foto-EPOC2.0-1.jpg\"><img fetchpriority=\"high\" decoding=\"async\" class=\"wp-image-18164\" alt=\"Foto-EPOC2.0-1\" src=\"http:\/\/blog.cofb.cat\/wp-content\/uploads\/2015\/12\/Foto-EPOC2.0-1.jpg\" width=\"317\" height=\"218\" \/><\/a><figcaption id=\"caption-attachment-18164\" class=\"wp-caption-text\">El doctor Felip Burgos durante su intervenci\u00f3n en la jornada<\/figcaption><\/figure>\n<p>El <strong>doctor<\/strong> <b>Felipe Burgos<\/b>, enfermero del Centro Diagn\u00f3stico Respiratorio (ICR) del Hospital Cl\u00ednic de Barcelona y miembro del grupo de investigaci\u00f3n del estudio FarmaEPOC, present\u00f3 en la ponencia \u201cPapel de la farmacia comunitaria en la prevenci\u00f3n y control de la EPOC\u201d la experiencia y los resultados de este proyecto de cribado oportunista de la EPOC en las farmacias comunitarias.<\/p>\n<p>Burgos hizo una introducci\u00f3n de la epidemiolog\u00eda de la EPOC, destacando la alta prevalencia, mortalidad y morbilidad, as\u00ed como su alto coste econ\u00f3mico. Seguidamente, describi\u00f3 el grave problema que representa su infradiagn\u00f3stico -de m\u00e1s del 70% en toda Espa\u00f1a- con mayor incidencia en las mujeres (86%), seg\u00fan los \u00faltimos datos (referencia: <a href=\"http:\/\/www.ncbi.nlm.nih.gov\/pubmed\/23317767\" target=\"_blank\" rel=\"noopener\">Underdiagnosis of chronic obstructive pulmonary disease in women: cuantification of the problem, determinants and proposed actions<\/a>, v\u00eda Pubmed).<\/p>\n<p>La espirometr\u00eda es el instrumento fundamental en el diagn\u00f3stico de la EPOC aunque se encuentra infrautilizada (referencia: <a href=\"http:\/\/www.ncbi.nlm.nih.gov\/pubmed\/19716965\" target=\"_blank\" rel=\"noopener\">Screening for and early detection of chronic obstructive pulmonary disease<\/a>, v\u00eda PubMed)<b>. <\/b>&quot;Para mejorar el diagn\u00f3stico debemos implicar a todos los agentes sanitarios y la farmacia comunitaria es una pieza fundamental: realiza una gran labor en el campo de la prevenci\u00f3n de las enfermedades y en el seguimiento de pacientes cr\u00f3nicos&quot; explica Burgos, y a\u00f1ade: \u201c<b>la deshabituaci\u00f3n tab\u00e1quica es el mejor tratamiento por la EPOC y existe evidencia cient\u00edfica que avala la incorporaci\u00f3n e integraci\u00f3n de las farmacias en los programas de deshabituaci\u00f3n, en cooperaci\u00f3n con los centros de atenci\u00f3n primaria y de atenci\u00f3n hospitalaria<\/b>\u201d.<\/p>\n<p>Actualmente la farmacia comunitaria ya participa con \u00e9xito en programas de detecci\u00f3n precoz de enfermedades como es el caso del <a href=\"http:\/\/blog.cofb.cat\/el-programa-de-deteccio-precoc-del-cancer-de-colon-sesten-a-tota-la-provincia-de-barcelona-amb-la-implicacio-de-les-farmacies\/\" target=\"_blank\" rel=\"noopener\">c\u00e1ncer colorrectal<\/a> o el<a href=\"http:\/\/blog.cofb.cat\/la-farmacia-comunitaria-peca-clau-en-la-deteccio-precoc-del-vih\/\">VIH<\/a>. En el estudio pionero FarmaEPOC (m\u00e1s informaci\u00f3n en el art\u00edculo <a href=\"http:\/\/www.ncbi.nlm.nih.gov\/pubmed\/25754101\">Airflow obstruction case finding in community-pharmacies: en novela strategy to reducce COPD underdiagnosis<\/a>, v\u00eda PubMed), una iniciativa del Colegio de Farmac\u00e9uticos de Barcelona y la Sociedad Espa\u00f1ola de Neumolog\u00eda y Cirug\u00eda Tor\u00e1cica (SEPAR), se demostr\u00f3 que los <b>farmac\u00e9uticos est\u00e1n en contacto con sujetos de riesgo de sufrir la EPOC<\/b> -en general son adultos de mediana edad, no estudiados- y tambi\u00e9n que la farmacia comunitaria es un buen sistema para hacer la selecci\u00f3n y estudiar a los pacientes utilizando un cuestionario y realizando una espirometr\u00eda de calidad, si se utilizan las tecnolog\u00edas de la informaci\u00f3n y comunicaci\u00f3n (TIC).<\/p>\n<p>En su intervenci\u00f3n en la jornada, Burgos tambi\u00e9n destac\u00f3 el <b>potencial que tiene la farmacia comunitaria en el seguimiento de enfermos respiratorios cr\u00f3nicos<\/b>, puesto que se trata de un servicio que est\u00e1 muy estudiado en la bibliograf\u00eda cient\u00edfica (referencia v\u00eda PubMed: <a href=\"http:\/\/www.ncbi.nlm.nih.gov\/pubmed\/24367463\">El rol de comunidades farmac\u00e9uticas en screening and subsequent management of chronic respiratory diseases: en systematic review<\/a> y <a href=\"http:\/\/www.ncbi.nlm.nih.gov\/pubmed\/23270495\">Fesibilidad y efectividad de la evidencia-based asma servicio en Australian community farmacias: en pragm\u00e1tico cluster randomized trial<\/a>) sobre todo en dos de las enfermedades cr\u00f3nicas m\u00e1s prevalentes, el asma y la EPOC. En cuanto a esta \u00faltima, se ha demostrado que <b>la farmacia comunitaria puede incidir con la adherencia al tratamiento, la t\u00e9cnica inhalatoria, la vacunaci\u00f3n antigripal y la deshabituaci\u00f3n tab\u00e1quica<\/b>. En la presentaci\u00f3n se consider\u00f3 la necesidad de mejorar los v\u00ednculos entre la farmacia comunitaria y la atenci\u00f3n primaria y se incidi\u00f3 en el papel de la farmacia en el tratamiento de la EPOC: puede ser un <b>elemento de valor en el manejo ambulatorio de las enfermedades respiratorias cr\u00f3nicas y en la lucha contra su infradiagn\u00f3stico<\/b>. &quot;Es necesaria la implantaci\u00f3n de programas innovadores que puedan contribuir al automanejo del asma y la EPOC incidiendo en enfermos con mal control de su enfermedad&quot; concluye Burgos (referencia:<a href=\"http:\/\/www.ncbi.nlm.nih.gov\/pubmed\/26143131\" target=\"_blank\" rel=\"noopener\">\u00a0The Role of Community Pharmacies in Respiratory Disease Control<\/a>, v\u00eda PubMed).<\/p>\n<p>&nbsp;<\/p>\n<div>\n<figure id=\"attachment_16728\" aria-describedby=\"caption-attachment-16728\" style=\"width: 224px\" class=\"wp-caption alignleft\"><a href=\"http:\/\/blog.cofb.cat\/wp-content\/uploads\/2015\/10\/poster-Farmaepoc.jpg\"><img decoding=\"async\" class=\"wp-image-16728\" alt=\"poster-Farmaepoc\" src=\"http:\/\/blog.cofb.cat\/wp-content\/uploads\/2015\/10\/poster-Farmaepoc.jpg\" width=\"224\" height=\"293\" \/><\/a><figcaption id=\"caption-attachment-16728\" class=\"wp-caption-text\">P\u00f3ster informativo de las farmacias que participaron en el estudio FarmaEPOC realizando espirometr\u00edas<\/figcaption><\/figure>\n<p><div class=\"box shadow\"><strong>Tu farmacia puede ayudarte a dejar de fumar<br \/>\n<\/strong><br \/>\nEl farmac\u00e9utico es un profesional formado en el \u00e1mbito de la promoci\u00f3n de la salud y de la prevenci\u00f3n de la enfermedad, lo que le implica directamente en las intervenciones de deshabituaci\u00f3n tab\u00e1quica.<\/p>\n<p>Cada final de a\u00f1o las consultas para dejar de fumar se hacen notar en las farmacias. M\u00e1s all\u00e1 de productos como los sustitutivos de nicotina (parches, chicles, etc.), las farmacias de Barcelona ofrecen seguimiento a los usuarios que decidan que quieren dejarlo. Lo hacen a trav\u00e9s del Programa de Cese Tab\u00e1quica del Colegio.<\/p>\n<p>En nuestra web de salud, Farmaceuticonline, puede consultar el <a href=\"http:\/\/www.farmaceuticonline.com\/scripts\/addicionals.php?nt=tabac&amp;lang=ca\">listado de farmacias que participan en este programa.<\/a><b><\/div><\/b><\/p>\n<\/div>\n<p><b> Quiz\u00e1s tambi\u00e9n te interesa:<br \/>\n<\/b><a href=\"http:\/\/blog.cofb.cat\/publicat-article-sobre-el-paper-de-les-farmacies-comunitaries-en-el-control-de-les-malalties-respiratories\/\">Publicado un art\u00edculo sobre el papel de las farmacias comunitarias en el control de las enfermedades respiratorias<\/a> (Blog)<\/p>","protected":false},"excerpt":{"rendered":"<p>El Plan interdepartamental de atenci\u00f3n y el Programa de prevenci\u00f3n y atenci\u00f3n a la Interacci\u00f3n social y sanitaria cronicidad del Departamento de Salud de la Generalidad de Catalu\u00f1a organizaron el 10 de diciembre la \u201cJornada de debate 2.0: modelo integrado en la atenci\u00f3n de las personas con EPOC en Catalu\u00f1a\u201d con [\u2026]<\/p>","protected":false},"author":1,"featured_media":18172,"comment_status":"open","ping_status":"open","sticky":false,"template":"","format":"standard","meta":{"_uag_custom_page_level_css":"","site-sidebar-layout":"default","site-content-layout":"","ast-site-content-layout":"default","site-content-style":"default","site-sidebar-style":"default","ast-global-header-display":"","ast-banner-title-visibility":"","ast-main-header-display":"","ast-hfb-above-header-display":"","ast-hfb-below-header-display":"","ast-hfb-mobile-header-display":"","site-post-title":"","ast-breadcrumbs-content":"","ast-featured-img":"disabled","footer-sml-layout":"","theme-transparent-header-meta":"","adv-header-id-meta":"","stick-header-meta":"","header-above-stick-meta":"","header-main-stick-meta":"","header-below-stick-meta":"","astra-migrate-meta-layouts":"default","ast-page-background-enabled":"default","ast-page-background-meta":{"desktop":{"background-color":"var(--ast-global-color-4)","background-image":"","background-repeat":"repeat","background-position":"center center","background-size":"auto","background-attachment":"scroll","background-type":"","background-media":"","overlay-type":"","overlay-color":"","overlay-opacity":"","overlay-gradient":""},"tablet":{"background-color":"","background-image":"","background-repeat":"repeat","background-position":"center center","background-size":"auto","background-attachment":"scroll","background-type":"","background-media":"","overlay-type":"","overlay-color":"","overlay-opacity":"","overlay-gradient":""},"mobile":{"background-color":"","background-image":"","background-repeat":"repeat","background-position":"center center","background-size":"auto","background-attachment":"scroll","background-type":"","background-media":"","overlay-type":"","overlay-color":"","overlay-opacity":"","overlay-gradient":""}},"ast-content-background-meta":{"desktop":{"background-color":"var(--ast-global-color-5)","background-image":"","background-repeat":"repeat","background-position":"center center","background-size":"auto","background-attachment":"scroll","background-type":"","background-media":"","overlay-type":"","overlay-color":"","overlay-opacity":"","overlay-gradient":""},"tablet":{"background-color":"var(--ast-global-color-5)","background-image":"","background-repeat":"repeat","background-position":"center center","background-size":"auto","background-attachment":"scroll","background-type":"","background-media":"","overlay-type":"","overlay-color":"","overlay-opacity":"","overlay-gradient":""},"mobile":{"background-color":"var(--ast-global-color-5)","background-image":"","background-repeat":"repeat","background-position":"center center","background-size":"auto","background-attachment":"scroll","background-type":"","background-media":"","overlay-type":"","overlay-color":"","overlay-opacity":"","overlay-gradient":""}},"footnotes":""},"categories":[32],"tags":[113,69,226,1004],"class_list":["post-18162","post","type-post","status-publish","format-standard","has-post-thumbnail","hentry","category-noticies-farmacia","tag-farmacia-assistencial","tag-farmacia-comunitaria","tag-malalties-respiratories","tag-mpoc"],"yoast_head":"<!-- This site is optimized with the Yoast SEO plugin v22.4 - https:\/\/yoast.com\/wordpress\/plugins\/seo\/ -->\n<title>Paper de la farm\u00e0cia comunit\u00e0ria en la prevenci\u00f3 i control de l\u2019MPOC - Col\u00b7legi de Farmac\u00e8utics de Barcelona<\/title>\n<meta name=\"robots\" content=\"index, follow, max-snippet:-1, max-image-preview:large, max-video-preview:-1\" \/>\n<link rel=\"canonical\" href=\"https:\/\/novaorg.cofb.net\/2015\/12\/16\/paper-de-la-farmacia-comunitaria-en-la-prevencio-i-control-de-lmpoc\/\" \/>\n<meta property=\"og:locale\" content=\"es_ES\" \/>\n<meta property=\"og:type\" content=\"article\" \/>\n<meta property=\"og:title\" content=\"Paper de la farm\u00e0cia comunit\u00e0ria en la prevenci\u00f3 i control de l\u2019MPOC - Col\u00b7legi de Farmac\u00e8utics de Barcelona\" \/>\n<meta property=\"og:description\" content=\"El Pla interdepartamental d\u2019atenci\u00f3 i el Programa de prevenci\u00f3 i atenci\u00f3 a la Interacci\u00f3 social i sanit\u00e0ria cronicitat del Departament de Salut de la Generalitat de Catalunya van organitzar el 10 de desembre la \u201cJornada de debat 2.0: model integrat en l\u2019atenci\u00f3 de les persones amb MPOC a Catalunya\u201d amb [&hellip;]\" \/>\n<meta property=\"og:url\" content=\"https:\/\/novaorg.cofb.net\/2015\/12\/16\/paper-de-la-farmacia-comunitaria-en-la-prevencio-i-control-de-lmpoc\/\" \/>\n<meta property=\"og:site_name\" content=\"Col\u00b7legi de Farmac\u00e8utics de Barcelona\" \/>\n<meta property=\"article:publisher\" content=\"https:\/\/www.facebook.com\/farmaceuticsbcn\/\" \/>\n<meta property=\"article:published_time\" content=\"2015-12-16T14:17:31+00:00\" \/>\n<meta name=\"author\" content=\"wpAdminCofbOrg\" \/>\n<meta name=\"twitter:card\" content=\"summary_large_image\" \/>\n<meta name=\"twitter:creator\" content=\"@farmaceuticsbcn\" \/>\n<meta name=\"twitter:site\" content=\"@farmaceuticsbcn\" \/>\n<meta name=\"twitter:label1\" content=\"Escrito por\" \/>\n\t<meta name=\"twitter:data1\" content=\"wpAdminCofbOrg\" \/>\n\t<meta name=\"twitter:label2\" content=\"Tiempo de lectura\" \/>\n\t<meta name=\"twitter:data2\" content=\"5 minutos\" \/>\n<script type=\"application\/ld+json\" class=\"yoast-schema-graph\">{\"@context\":\"https:\/\/schema.org\",\"@graph\":[{\"@type\":\"Article\",\"@id\":\"https:\/\/novaorg.cofb.net\/2015\/12\/16\/paper-de-la-farmacia-comunitaria-en-la-prevencio-i-control-de-lmpoc\/#article\",\"isPartOf\":{\"@id\":\"https:\/\/novaorg.cofb.net\/2015\/12\/16\/paper-de-la-farmacia-comunitaria-en-la-prevencio-i-control-de-lmpoc\/\"},\"author\":{\"name\":\"wpAdminCofbOrg\",\"@id\":\"https:\/\/www.cofb.org\/#\/schema\/person\/22ed7eea88da74b0fa4d3154ad87ffcb\"},\"headline\":\"Paper de la farm\u00e0cia comunit\u00e0ria en la prevenci\u00f3 i control de l\u2019MPOC\",\"datePublished\":\"2015-12-16T14:17:31+00:00\",\"dateModified\":\"2015-12-16T14:17:31+00:00\",\"mainEntityOfPage\":{\"@id\":\"https:\/\/novaorg.cofb.net\/2015\/12\/16\/paper-de-la-farmacia-comunitaria-en-la-prevencio-i-control-de-lmpoc\/\"},\"wordCount\":997,\"commentCount\":0,\"publisher\":{\"@id\":\"https:\/\/www.cofb.org\/#organization\"},\"image\":{\"@id\":\"https:\/\/novaorg.cofb.net\/2015\/12\/16\/paper-de-la-farmacia-comunitaria-en-la-prevencio-i-control-de-lmpoc\/#primaryimage\"},\"thumbnailUrl\":\"\",\"keywords\":[\"farm\u00e0cia assistencial\",\"farm\u00e0cia comunit\u00e0ria\",\"malalties respirat\u00f2ries\",\"MPOC\"],\"articleSection\":[\"Not\u00edcies farm\u00e0cia\"],\"inLanguage\":\"es\",\"potentialAction\":[{\"@type\":\"CommentAction\",\"name\":\"Comment\",\"target\":[\"https:\/\/novaorg.cofb.net\/2015\/12\/16\/paper-de-la-farmacia-comunitaria-en-la-prevencio-i-control-de-lmpoc\/#respond\"]}]},{\"@type\":\"WebPage\",\"@id\":\"https:\/\/novaorg.cofb.net\/2015\/12\/16\/paper-de-la-farmacia-comunitaria-en-la-prevencio-i-control-de-lmpoc\/\",\"url\":\"https:\/\/novaorg.cofb.net\/2015\/12\/16\/paper-de-la-farmacia-comunitaria-en-la-prevencio-i-control-de-lmpoc\/\",\"name\":\"Paper de la farm\u00e0cia comunit\u00e0ria en la prevenci\u00f3 i control de l\u2019MPOC - Col\u00b7legi de Farmac\u00e8utics de Barcelona\",\"isPartOf\":{\"@id\":\"https:\/\/www.cofb.org\/#website\"},\"primaryImageOfPage\":{\"@id\":\"https:\/\/novaorg.cofb.net\/2015\/12\/16\/paper-de-la-farmacia-comunitaria-en-la-prevencio-i-control-de-lmpoc\/#primaryimage\"},\"image\":{\"@id\":\"https:\/\/novaorg.cofb.net\/2015\/12\/16\/paper-de-la-farmacia-comunitaria-en-la-prevencio-i-control-de-lmpoc\/#primaryimage\"},\"thumbnailUrl\":\"\",\"datePublished\":\"2015-12-16T14:17:31+00:00\",\"dateModified\":\"2015-12-16T14:17:31+00:00\",\"breadcrumb\":{\"@id\":\"https:\/\/novaorg.cofb.net\/2015\/12\/16\/paper-de-la-farmacia-comunitaria-en-la-prevencio-i-control-de-lmpoc\/#breadcrumb\"},\"inLanguage\":\"es\",\"potentialAction\":[{\"@type\":\"ReadAction\",\"target\":[\"https:\/\/novaorg.cofb.net\/2015\/12\/16\/paper-de-la-farmacia-comunitaria-en-la-prevencio-i-control-de-lmpoc\/\"]}]},{\"@type\":\"ImageObject\",\"inLanguage\":\"es\",\"@id\":\"https:\/\/novaorg.cofb.net\/2015\/12\/16\/paper-de-la-farmacia-comunitaria-en-la-prevencio-i-control-de-lmpoc\/#primaryimage\",\"url\":\"\",\"contentUrl\":\"\"},{\"@type\":\"BreadcrumbList\",\"@id\":\"https:\/\/novaorg.cofb.net\/2015\/12\/16\/paper-de-la-farmacia-comunitaria-en-la-prevencio-i-control-de-lmpoc\/#breadcrumb\",\"itemListElement\":[{\"@type\":\"ListItem\",\"position\":1,\"name\":\"Inici\",\"item\":\"https:\/\/novaorg.cofb.net\/\"},{\"@type\":\"ListItem\",\"position\":2,\"name\":\"Paper de la farm\u00e0cia comunit\u00e0ria en la prevenci\u00f3 i control de l\u2019MPOC\"}]},{\"@type\":\"WebSite\",\"@id\":\"https:\/\/www.cofb.org\/#website\",\"url\":\"https:\/\/www.cofb.org\/\",\"name\":\"Col\u00b7legi de Farmac\u00e8utics de Barcelona\",\"description\":\"\",\"publisher\":{\"@id\":\"https:\/\/www.cofb.org\/#organization\"},\"potentialAction\":[{\"@type\":\"SearchAction\",\"target\":{\"@type\":\"EntryPoint\",\"urlTemplate\":\"https:\/\/www.cofb.org\/?s={search_term_string}\"},\"query-input\":\"required name=search_term_string\"}],\"inLanguage\":\"es\"},{\"@type\":\"Organization\",\"@id\":\"https:\/\/www.cofb.org\/#organization\",\"name\":\"Col\u00b7legi de Farmac\u00e8utics de Barcelona\",\"url\":\"https:\/\/www.cofb.org\/\",\"logo\":{\"@type\":\"ImageObject\",\"inLanguage\":\"es\",\"@id\":\"https:\/\/www.cofb.org\/#\/schema\/logo\/image\/\",\"url\":\"https:\/\/www.cofb.org\/wp-content\/uploads\/2023\/11\/cropped-Logotip-COFB.png\",\"contentUrl\":\"https:\/\/www.cofb.org\/wp-content\/uploads\/2023\/11\/cropped-Logotip-COFB.png\",\"width\":500,\"height\":105,\"caption\":\"Col\u00b7legi de Farmac\u00e8utics de Barcelona\"},\"image\":{\"@id\":\"https:\/\/www.cofb.org\/#\/schema\/logo\/image\/\"},\"sameAs\":[\"https:\/\/www.facebook.com\/farmaceuticsbcn\/\",\"https:\/\/twitter.com\/farmaceuticsbcn\",\"https:\/\/www.instagram.com\/farmaceuticsbcn\/\",\"https:\/\/www.linkedin.com\/company\/farmaceuticsbcn\/\"]},{\"@type\":\"Person\",\"@id\":\"https:\/\/www.cofb.org\/#\/schema\/person\/22ed7eea88da74b0fa4d3154ad87ffcb\",\"name\":\"wpAdminCofbOrg\",\"image\":{\"@type\":\"ImageObject\",\"inLanguage\":\"es\",\"@id\":\"https:\/\/www.cofb.org\/#\/schema\/person\/image\/\",\"url\":\"https:\/\/secure.gravatar.com\/avatar\/1721b20b3b8ca882c3b56ec6c978c594fff670e40c0718e9190eaeeb76aae7d8?s=96&d=mm&r=g\",\"contentUrl\":\"https:\/\/secure.gravatar.com\/avatar\/1721b20b3b8ca882c3b56ec6c978c594fff670e40c0718e9190eaeeb76aae7d8?s=96&d=mm&r=g\",\"caption\":\"wpAdminCofbOrg\"},\"sameAs\":[\"http:\/\/192.168.64.122\/wordpress\"],\"url\":\"https:\/\/www.cofb.org\/es\/author\/wpadmincofborg\/\"}]}<\/script>\n<!-- \/ Yoast SEO plugin. -->","yoast_head_json":{"title":"Paper de la farm\u00e0cia comunit\u00e0ria en la prevenci\u00f3 i control de l\u2019MPOC - Col\u00b7legi de Farmac\u00e8utics de Barcelona","robots":{"index":"index","follow":"follow","max-snippet":"max-snippet:-1","max-image-preview":"max-image-preview:large","max-video-preview":"max-video-preview:-1"},"canonical":"https:\/\/novaorg.cofb.net\/2015\/12\/16\/paper-de-la-farmacia-comunitaria-en-la-prevencio-i-control-de-lmpoc\/","og_locale":"es_ES","og_type":"article","og_title":"Paper de la farm\u00e0cia comunit\u00e0ria en la prevenci\u00f3 i control de l\u2019MPOC - Col\u00b7legi de Farmac\u00e8utics de Barcelona","og_description":"El Pla interdepartamental d\u2019atenci\u00f3 i el Programa de prevenci\u00f3 i atenci\u00f3 a la Interacci\u00f3 social i sanit\u00e0ria cronicitat del Departament de Salut de la Generalitat de Catalunya van organitzar el 10 de desembre la \u201cJornada de debat 2.0: model integrat en l\u2019atenci\u00f3 de les persones amb MPOC a Catalunya\u201d amb [&hellip;]","og_url":"https:\/\/novaorg.cofb.net\/2015\/12\/16\/paper-de-la-farmacia-comunitaria-en-la-prevencio-i-control-de-lmpoc\/","og_site_name":"Col\u00b7legi de Farmac\u00e8utics de Barcelona","article_publisher":"https:\/\/www.facebook.com\/farmaceuticsbcn\/","article_published_time":"2015-12-16T14:17:31+00:00","author":"wpAdminCofbOrg","twitter_card":"summary_large_image","twitter_creator":"@farmaceuticsbcn","twitter_site":"@farmaceuticsbcn","twitter_misc":{"Escrito por":"wpAdminCofbOrg","Tiempo de lectura":"5 minutos"},"schema":{"@context":"https:\/\/schema.org","@graph":[{"@type":"Article","@id":"https:\/\/novaorg.cofb.net\/2015\/12\/16\/paper-de-la-farmacia-comunitaria-en-la-prevencio-i-control-de-lmpoc\/#article","isPartOf":{"@id":"https:\/\/novaorg.cofb.net\/2015\/12\/16\/paper-de-la-farmacia-comunitaria-en-la-prevencio-i-control-de-lmpoc\/"},"author":{"name":"wpAdminCofbOrg","@id":"https:\/\/www.cofb.org\/#\/schema\/person\/22ed7eea88da74b0fa4d3154ad87ffcb"},"headline":"Paper de la farm\u00e0cia comunit\u00e0ria en la prevenci\u00f3 i control de l\u2019MPOC","datePublished":"2015-12-16T14:17:31+00:00","dateModified":"2015-12-16T14:17:31+00:00","mainEntityOfPage":{"@id":"https:\/\/novaorg.cofb.net\/2015\/12\/16\/paper-de-la-farmacia-comunitaria-en-la-prevencio-i-control-de-lmpoc\/"},"wordCount":997,"commentCount":0,"publisher":{"@id":"https:\/\/www.cofb.org\/#organization"},"image":{"@id":"https:\/\/novaorg.cofb.net\/2015\/12\/16\/paper-de-la-farmacia-comunitaria-en-la-prevencio-i-control-de-lmpoc\/#primaryimage"},"thumbnailUrl":"","keywords":["farm\u00e0cia assistencial","farm\u00e0cia comunit\u00e0ria","malalties respirat\u00f2ries","MPOC"],"articleSection":["Not\u00edcies farm\u00e0cia"],"inLanguage":"es","potentialAction":[{"@type":"CommentAction","name":"Comment","target":["https:\/\/novaorg.cofb.net\/2015\/12\/16\/paper-de-la-farmacia-comunitaria-en-la-prevencio-i-control-de-lmpoc\/#respond"]}]},{"@type":"WebPage","@id":"https:\/\/novaorg.cofb.net\/2015\/12\/16\/paper-de-la-farmacia-comunitaria-en-la-prevencio-i-control-de-lmpoc\/","url":"https:\/\/novaorg.cofb.net\/2015\/12\/16\/paper-de-la-farmacia-comunitaria-en-la-prevencio-i-control-de-lmpoc\/","name":"Paper de la farm\u00e0cia comunit\u00e0ria en la prevenci\u00f3 i control de l\u2019MPOC - Col\u00b7legi de Farmac\u00e8utics de Barcelona","isPartOf":{"@id":"https:\/\/www.cofb.org\/#website"},"primaryImageOfPage":{"@id":"https:\/\/novaorg.cofb.net\/2015\/12\/16\/paper-de-la-farmacia-comunitaria-en-la-prevencio-i-control-de-lmpoc\/#primaryimage"},"image":{"@id":"https:\/\/novaorg.cofb.net\/2015\/12\/16\/paper-de-la-farmacia-comunitaria-en-la-prevencio-i-control-de-lmpoc\/#primaryimage"},"thumbnailUrl":"","datePublished":"2015-12-16T14:17:31+00:00","dateModified":"2015-12-16T14:17:31+00:00","breadcrumb":{"@id":"https:\/\/novaorg.cofb.net\/2015\/12\/16\/paper-de-la-farmacia-comunitaria-en-la-prevencio-i-control-de-lmpoc\/#breadcrumb"},"inLanguage":"es","potentialAction":[{"@type":"ReadAction","target":["https:\/\/novaorg.cofb.net\/2015\/12\/16\/paper-de-la-farmacia-comunitaria-en-la-prevencio-i-control-de-lmpoc\/"]}]},{"@type":"ImageObject","inLanguage":"es","@id":"https:\/\/novaorg.cofb.net\/2015\/12\/16\/paper-de-la-farmacia-comunitaria-en-la-prevencio-i-control-de-lmpoc\/#primaryimage","url":"","contentUrl":""},{"@type":"BreadcrumbList","@id":"https:\/\/novaorg.cofb.net\/2015\/12\/16\/paper-de-la-farmacia-comunitaria-en-la-prevencio-i-control-de-lmpoc\/#breadcrumb","itemListElement":[{"@type":"ListItem","position":1,"name":"Inici","item":"https:\/\/novaorg.cofb.net\/"},{"@type":"ListItem","position":2,"name":"Paper de la farm\u00e0cia comunit\u00e0ria en la prevenci\u00f3 i control de l\u2019MPOC"}]},{"@type":"WebSite","@id":"https:\/\/www.cofb.org\/#website","url":"https:\/\/www.cofb.org\/","name":"Col\u00b7legi de Farmac\u00e8utics de Barcelona","description":"","publisher":{"@id":"https:\/\/www.cofb.org\/#organization"},"potentialAction":[{"@type":"SearchAction","target":{"@type":"EntryPoint","urlTemplate":"https:\/\/www.cofb.org\/?s={search_term_string}"},"query-input":"required name=search_term_string"}],"inLanguage":"es"},{"@type":"Organization","@id":"https:\/\/www.cofb.org\/#organization","name":"Col\u00b7legi de Farmac\u00e8utics de Barcelona","url":"https:\/\/www.cofb.org\/","logo":{"@type":"ImageObject","inLanguage":"es","@id":"https:\/\/www.cofb.org\/#\/schema\/logo\/image\/","url":"https:\/\/www.cofb.org\/wp-content\/uploads\/2023\/11\/cropped-Logotip-COFB.png","contentUrl":"https:\/\/www.cofb.org\/wp-content\/uploads\/2023\/11\/cropped-Logotip-COFB.png","width":500,"height":105,"caption":"Col\u00b7legi de Farmac\u00e8utics de Barcelona"},"image":{"@id":"https:\/\/www.cofb.org\/#\/schema\/logo\/image\/"},"sameAs":["https:\/\/www.facebook.com\/farmaceuticsbcn\/","https:\/\/twitter.com\/farmaceuticsbcn","https:\/\/www.instagram.com\/farmaceuticsbcn\/","https:\/\/www.linkedin.com\/company\/farmaceuticsbcn\/"]},{"@type":"Person","@id":"https:\/\/www.cofb.org\/#\/schema\/person\/22ed7eea88da74b0fa4d3154ad87ffcb","name":"wpAdminCofbOrg","image":{"@type":"ImageObject","inLanguage":"es","@id":"https:\/\/www.cofb.org\/#\/schema\/person\/image\/","url":"https:\/\/secure.gravatar.com\/avatar\/1721b20b3b8ca882c3b56ec6c978c594fff670e40c0718e9190eaeeb76aae7d8?s=96&d=mm&r=g","contentUrl":"https:\/\/secure.gravatar.com\/avatar\/1721b20b3b8ca882c3b56ec6c978c594fff670e40c0718e9190eaeeb76aae7d8?s=96&d=mm&r=g","caption":"wpAdminCofbOrg"},"sameAs":["http:\/\/192.168.64.122\/wordpress"],"url":"https:\/\/www.cofb.org\/es\/author\/wpadmincofborg\/"}]}},"uagb_featured_image_src":{"full":false,"thumbnail":false,"medium":false,"medium_large":false,"large":false,"1536x1536":false,"2048x2048":false,"trp-custom-language-flag":false},"uagb_author_info":{"display_name":"wpAdminCofbOrg","author_link":"https:\/\/www.cofb.org\/es\/author\/wpadmincofborg\/"},"uagb_comment_info":0,"uagb_excerpt":"El Pla interdepartamental d\u2019atenci\u00f3 i el Programa de prevenci\u00f3 i atenci\u00f3 a la Interacci\u00f3 social i sanit\u00e0ria cronicitat del Departament de Salut de la Generalitat de Catalunya van organitzar el 10 de desembre la \u201cJornada de debat 2.0: model integrat en l\u2019atenci\u00f3 de les persones amb MPOC a Catalunya\u201d amb [&hellip;]","_links":{"self":[{"href":"https:\/\/www.cofb.org\/es\/wp-json\/wp\/v2\/posts\/18162","targetHints":{"allow":["GET"]}}],"collection":[{"href":"https:\/\/www.cofb.org\/es\/wp-json\/wp\/v2\/posts"}],"about":[{"href":"https:\/\/www.cofb.org\/es\/wp-json\/wp\/v2\/types\/post"}],"author":[{"embeddable":true,"href":"https:\/\/www.cofb.org\/es\/wp-json\/wp\/v2\/users\/1"}],"replies":[{"embeddable":true,"href":"https:\/\/www.cofb.org\/es\/wp-json\/wp\/v2\/comments?post=18162"}],"version-history":[{"count":0,"href":"https:\/\/www.cofb.org\/es\/wp-json\/wp\/v2\/posts\/18162\/revisions"}],"wp:featuredmedia":[{"embeddable":true,"href":"https:\/\/www.cofb.org\/es\/wp-json\/"}],"wp:attachment":[{"href":"https:\/\/www.cofb.org\/es\/wp-json\/wp\/v2\/media?parent=18162"}],"wp:term":[{"taxonomy":"category","embeddable":true,"href":"https:\/\/www.cofb.org\/es\/wp-json\/wp\/v2\/categories?post=18162"},{"taxonomy":"post_tag","embeddable":true,"href":"https:\/\/www.cofb.org\/es\/wp-json\/wp\/v2\/tags?post=18162"}],"curies":[{"name":"wp","href":"https:\/\/api.w.org\/{rel}","templated":true}]}}