{"id":18105,"date":"2015-12-22T12:14:31","date_gmt":"2015-12-22T11:14:31","guid":{"rendered":"http:\/\/blog.cofb.cat\/?p=18105"},"modified":"2015-12-22T12:14:31","modified_gmt":"2015-12-22T11:14:31","slug":"beques-col%c2%b7legials-2014-2015-que-sha-aconseguit","status":"publish","type":"post","link":"https:\/\/www.cofb.org\/es\/2015\/12\/22\/beques-col%c2%b7legials-2014-2015-que-sha-aconseguit\/","title":{"rendered":"Becas colegiales 2014-2015: \u00bfqu\u00e9 se ha logrado?"},"content":{"rendered":"<p>En la convocatoria de<b>\u00a0<a href=\"http:\/\/blog.cofb.cat\/beques-col%C2%B7legials-2014-2015-reconeixement-a-la-investigacio\/\" target=\"_blank\" rel=\"noopener\">becas 2014-2015 del Colegio<\/a><\/b>\u00a0se han becado dos proyectos y otorgado un acc\u00e9sit a un tercer trabajo despu\u00e9s de valorar el inter\u00e9s profesional, la multidisciplinaridad, el impacto social, la novedad cient\u00edfica, la metodolog\u00eda y la viabilidad de cada proyecto presentado.<\/p>\n<div>\n<p>Hemos pedido a los autores de los proyectos becados que resuman qu\u00e9 resultados han obtenido con los trabajos desarrollados con el apoyo de las becas colegiales. \u00c9stas son las conclusiones de los proyectos, que se presentaron en la sede colegial el 16 de noviembre:<\/p>\n<figure id=\"attachment_18107\" aria-describedby=\"caption-attachment-18107\" style=\"width: 298px\" class=\"wp-caption alignleft\"><a href=\"http:\/\/blog.cofb.cat\/wp-content\/uploads\/2015\/12\/beques-resultats-novembre-1.jpg\"><img fetchpriority=\"high\" decoding=\"async\" class=\"wp-image-18107\" alt=\"beques-resultats-novembre (1)\" src=\"http:\/\/blog.cofb.cat\/wp-content\/uploads\/2015\/12\/beques-resultats-novembre-1.jpg\" width=\"298\" height=\"199\" \/><\/a><figcaption id=\"caption-attachment-18107\" class=\"wp-caption-text\">De izquierda a derecha: Gerardo Colorado, Martha Milena Silva, Anna Font y Laura Rius<\/figcaption><\/figure>\n<p><b><\/p>\n<div class=\"destacat-blog\">Evaluaci\u00f3n del seguimiento farmacoterap\u00e9utico realizado en pacientes de una Unidad de Optimizaci\u00f3n de la Farmacoterapia.\u00a0<\/b>En una farmacia comunitaria de Granollers (Barcelona) se llev\u00f3 a cabo la evaluaci\u00f3n de variables de impacto del seguimiento farmacoterap\u00e9utico en comparaci\u00f3n con la alternativa de otros servicios cl\u00ednicos de la cartera de servicios de la Unidad.<\/p>\n<p><b><i>Autores: Marta Milena Silva Castro, Anna Maria Font Olivet, Laura Rius Font, Clara Berm\u00fadez Tamayo, Gerardo Colorado Diaz-Caneja (oficina de farmacia).<\/i><\/b><\/p>\n<p><b>Martha Milena Silva<\/b>, que ejerci\u00f3 como portavoz de este trabajo, forma parte del equipo de la farmacia Olivet de Granollers. Han presentado los resultados de implantaci\u00f3n de cuatro a\u00f1os de seguimiento farmacoterap\u00e9utico en esta farmacia y lo han comparado con alternativas de otros servicios que se encuentran en la cartera de servicios. Una de las conclusiones m\u00e1s interesantes extra\u00eddas de este trabajo es que \u201ccomparando el grupo control, que son los pacientes que han recibido otros servicios cl\u00ednicos, con los pacientes que han recibido seguimiento en la farmacia,\u00a0<b>aumentamos casi seis a\u00f1os la calidad de vida asociada a la salud de estos pacientes que se hacen seguimiento<\/b>\u201d explica Silva. \u201cEsta alternativa es, evidentemente m\u00e1s costosa, pero no impide que tenga un buen Ratio de Coste-Utilidad (RCUI) -expresado en AVAC, a\u00f1os de vida ajustado por la calidad, corresponder\u00eda a 47,12 \u20ac\/AVAC-. La tecnolog\u00eda sanitaria est\u00e1 a favor del seguimiento, esto es importante\u201d matiza esta farmac\u00e9utica.<\/p>\n<p>Han calculado minuciosamente todos los costes asociados a prestar servicios cl\u00ednicos \u201cpor lo que consideramos que es un\u00a0<b>punto de partida concreto para hablar de remuneraci\u00f3n<\/b>, porque siempre queremos que nos paguen los servicios, pero no sabemos qu\u00e9 costes tienen\u201d dice Silva. El estudio tiene una serie de costes muy tipificados: utilizaron la metodolog\u00eda ABC (<i>Activity-Based-Costing<\/i>) para establecer el precio de servicios cl\u00ednicos ofrecidos en la farmacia comunitaria. &quot;No hemos llegado a calcular temas de cu\u00e1ndo deber\u00eda pagarse, pero s\u00ed sabemos cu\u00e1ndo cuestan en una farmacia de Catalu\u00f1a, en esta \u00e9poca, que es diferente a la \u00e9poca anterior, una \u00e9poca de mayores dificultades econ\u00f3micas&quot; concreta Silva.<\/p>\n<p>Para todo el equipo \u201cha sido un reto muy grande porque intentar realizar una valoraci\u00f3n econ\u00f3mica al uso de una pr\u00e1ctica habitual dentro de una farmacia comunitaria supuso muchos temas metodol\u00f3gicos que valorar y discutir, pero al mismo tiempo te das cuenta que es posible y que, de alguna manera,\u00a0<b>podemos generar un grado de evidencia de las actividades cl\u00ednicas que se realizan en farmacia comunitaria\u201d\u00a0<\/b>explica esta farmac\u00e9utica que desarrolla su labor sanitaria en Granollers.<b><\/div>\n<p><\/b><\/p>\n<figure id=\"attachment_18108\" aria-describedby=\"caption-attachment-18108\" style=\"width: 298px\" class=\"wp-caption alignright\"><a href=\"http:\/\/blog.cofb.cat\/wp-content\/uploads\/2015\/12\/beques-resultats-novembre-2.jpg\"><img decoding=\"async\" class=\"wp-image-18108\" alt=\"beques-resultats-novembre (2)\" src=\"http:\/\/blog.cofb.cat\/wp-content\/uploads\/2015\/12\/beques-resultats-novembre-2.jpg\" width=\"298\" height=\"199\" \/><\/a><figcaption id=\"caption-attachment-18108\" class=\"wp-caption-text\">Ariadna P\u00e9rez y Jos\u00e9 Bruno Montoro<\/figcaption><\/figure>\n<p><b><div class=\"box shadow\"><\/div>Evaluaci\u00f3n de la efectividad y seguridad en la pr\u00e1ctica cl\u00ednica habitual del cinacalcet en pacientes con enfermedad renal cr\u00f3nica e hiperparatiroidismo secundario sin tratamiento renal sustitutivo.\u00a0<\/b>El proyecto buscaba determinar la efectividad en la pr\u00e1ctica cl\u00ednica del uso del cinacalcet en el hiperparatiroidismo secundario a enfermedad renal cr\u00f3nica en pacientes no sometidos a terapia renal sustitutiva -hemodi\u00e1lisis-, una indicaci\u00f3n terap\u00e9utica a\u00fan no incluida en ficha t\u00e9cnica pero de pr\u00e1ctica cl\u00ednica habitual.<\/p>\n<p><b><i>Autores: Ariadna P\u00e9rez Ricart, Mar\u00eda Alcalde Rodrigo, Dolores Comas Sugra\u00f1es, Jos\u00e9 Mar\u00eda Cruzado Garrit, Alfonso Segarra Medrano, Jos\u00e9 Bruno Montoro Ronsano (Servicio de farmacia de hospital).<\/i><\/b><\/p>\n<p><b>Ariadna P\u00e9rez<\/b>, farmac\u00e9utica de hospital, nos habl\u00f3 en nombre del equipo de este proyecto. Con su trabajo, han observado que <b>el cinacalceto ser\u00eda \u00fatil<\/b> en pacientes sin tratamiento renal sustitutivo. \u201cHemos visto que disminuye de forma importante el valor de parathormona y que esta respuesta ya se observa en los primeros tres meses de tratamiento\u201d explica P\u00e9rez. &quot;Adem\u00e1s, la efectividad vendr\u00eda condicionada por los niveles de parathormona basales m\u00e1s que por el estadio renal, lo que ser\u00eda un argumento a favor para utilizar el cinacalcet en los estadios tempranos de la enfermedad renal cr\u00f3nica&quot;, a\u00f1ade. El estudio tambi\u00e9n permite constatar que <b>deber\u00eda monitorizarse el calcio y el fosfato<\/b>. \u201cHemos detectado que el cinacalcito puede disminuir los niveles de calcio. Y tambi\u00e9n hemos observado, como alg\u00fan otro estudio apuntaba, que puede incrementar los niveles de fosfato\u201d, indica P\u00e9rez. El estudio determina que <b>este f\u00e1rmaco es v\u00e1lido en pacientes no dializados<\/b>. &quot;Este proyecto abre nuevos interrogantes y nuevas opciones para seguir investigando en este \u00e1mbito&quot;, concluye esta farmac\u00e9utica de hospital.<b><\/div>\n<p><\/b><\/p>\n<figure id=\"attachment_18110\" aria-describedby=\"caption-attachment-18110\" style=\"width: 298px\" class=\"wp-caption alignleft\"><a href=\"http:\/\/blog.cofb.cat\/wp-content\/uploads\/2015\/12\/beques-resultats-novembre-4.jpg\"><img decoding=\"async\" class=\"wp-image-18110\" alt=\"beques-resultats-novembre (4)\" src=\"http:\/\/blog.cofb.cat\/wp-content\/uploads\/2015\/12\/beques-resultats-novembre-4.jpg\" width=\"298\" height=\"199\" \/><\/a><figcaption id=\"caption-attachment-18110\" class=\"wp-caption-text\">De izquierda a derecha: Pere Trav\u00e9, Maria \u00c0ngels Via, Marian March y Maria Rubio<\/figcaption><\/figure>\n<p><b><div class=\"box shadow\"><\/div><\/b><strong> (acc\u00e9sit) Evaluaci\u00f3n cl\u00ednica y econ\u00f3mica de la integraci\u00f3n del farmac\u00e9utico en un equipo de atenci\u00f3n domiciliaria multidisciplinar<\/strong>. Un trabajo que ten\u00eda por objetivo realizar una revisi\u00f3n de los tratamientos de los pacientes del servicio de atenci\u00f3n domiciliaria y detectar problemas en la medicaci\u00f3n, poniendo el \u00e9nfasis en el coste relativo que tendr\u00eda remunerar este servicio en unos pacientes que generan un gran gasto.<\/p>\n<p><b><i>Autores: Maria Rubio Valera, M\u00aa Antonia March Pujol, Mar\u00eda \u00c1ngeles Via Sosa, Dra. Dolores Lumbreras Garuz, Nieves Blancas Bernuz, Pedro Trav\u00e9 y Mercad\u00e9, M\u00aa Bel\u00e9n Guerra Barrero (Facultad de Farmacia <\/i><\/b><b><i>e Instituto Catal\u00e1n de la Salud).<\/i><\/b><\/p>\n<p><b>Maria Rubio<\/b>, profesora asociada de la Universidad de Barcelona, nos detall\u00f3 los resultados del trabajo al que se otorg\u00f3 el acc\u00e9sit. El estudio ha permitido<b>\u00a0incorporar a farmac\u00e9uticas en un equipo de atenci\u00f3n domiciliaria del CAP<\/b>, que est\u00e1 muy bien instaurado. Seg\u00fan explica Rubio \u201caunque siempre hay cierta dificultad en integrar un nuevo profesional, la colaboraci\u00f3n con m\u00e9dicos y enfermeros del Instituto Catal\u00e1n de la Salud ha supuesto una serie de retos, unos que nos esperaban y otros que no , y de eso hemos aprendido mucho\u201d. Los pacientes objetos de estudio llevaban un control muy estricto, bajo la supervisi\u00f3n de m\u00e9dico y enfermera, pero a\u00fan as\u00ed,\u00a0<b>la aportaci\u00f3n de las farmac\u00e9uticas ha permitido detectar muchos problemas relacionados con la medicaci\u00f3n<\/b>. \u201cLa media rondaba los 5 problemas relacionados con la medicaci\u00f3n (PRM) por paciente, que es un dato muy elevado.<b>\u00a0Se han propuesto una serie de intervenciones, algunas relacionadas con cambios en la posolog\u00eda, dosis o incluso principio activo, que han sido muy bien recibidas<\/b>\u201d indica Rubio, y concreta: \u201cEl 76% de las intervenciones que propusimos han sido aceptadas; las que menos, las relacionadas con un cambio en el principio activo porque en varias ocasiones la m\u00e9dica o enfermera ya hab\u00edan probado previamente un determinado principio activo. Sin embargo, en general, la aceptaci\u00f3n ha sido muy buena, aparte de los resultados obtenidos\u201d.<\/p>\n<p>El equipo ha querido\u00a0<b>analizar cu\u00e1l era el coste por paciente para el sistema sanitario<\/b>, como m\u00ednimo, desde la perspectiva de CatSalut, que es quien concierta los servicios: \u201cIntegrar en el farmac\u00e9utico supone un gasto que no llega a un incremento del 10%. Si hacemos un estudio en el futuro, habr\u00e1 que ver c\u00f3mo trabajamos estos pacientes porque generan mucho gasto pero tambi\u00e9n tienen una tasa elevada de mortalidad: es dif\u00edcil ver c\u00f3mo esta inversi\u00f3n extra ahorra dinero en el CatSalut\u201d, explica Rubio. Sin embargo, los pacientes pueden salir ganando: \u201c<b>Es posible que el ahorro no sea monetario, pero los pacientes pueden ganar en calidad de vida y tambi\u00e9n a sus cuidadores<\/b>: alrededor del 95% de los pacientes que hemos tratado en el estudio viv\u00edan solos y los cuidadores siempre eran familiares. Quiz\u00e1s deber\u00eda medirse como<b>\u00a0proyecto de futuro cu\u00e1l es la carga para el cuidador<\/b>, una persona que est\u00e1 en activo y que, en muchas ocasiones, debe dejar el trabajo para cuidar del paciente\u201d. Y concluye: \u201cHabr\u00eda que ver qu\u00e9 impacto tiene en la mejora de la salud de estos pacientes, por ejemplo, reducir la medicaci\u00f3n y posibles interacciones, y si esto tambi\u00e9n tiene un impacto sobre el cuidador y puede suponer un alivio de la su carga. Creo que \u00e9sta podr\u00eda ser una l\u00ednea de trabajo futuro\u201d.\u00a0<\/div>\n<div>\u00a0<a href=\"http:\/\/blog.cofb.cat\/wp-content\/uploads\/2015\/12\/beques-resultats-novembre-3.jpg\"><img loading=\"lazy\" decoding=\"async\" class=\"wp-image-18109 aligncenter\" alt=\"beques-resultats-novembre (3)\" src=\"http:\/\/blog.cofb.cat\/wp-content\/uploads\/2015\/12\/beques-resultats-novembre-3.jpg\" width=\"546\" height=\"278\" \/><\/a><\/div>\n<div><\/div>\n<p><b>Quiz\u00e1s tambi\u00e9n te interesa:<\/b><\/p>\n<ul>\n<li><a href=\"http:\/\/blog.cofb.cat\/beques-col%C2%B7legials-2014-2015-reconeixement-a-la-investigacio\/\" target=\"_blank\" rel=\"noopener\">Becas colegiales 2014-2015: reconocimiento a la investigaci\u00f3n<\/a>\u00a0(Blog)<\/li>\n<li><a href=\"http:\/\/blog.cofb.cat\/beques-col%C2%B7legials-2013-2014-suport-a-noves-investigacions\/\" target=\"_blank\" rel=\"noopener\">Becas colegiales 2013-2014: apoyo a nuevas investigaciones<\/a>\u00a0(Blog)<\/li>\n<li><a href=\"http:\/\/blog.cofb.cat\/quins-son-els-projectes-becats-a-la-convocatoria-2015-2016\/\" target=\"_blank\" rel=\"noopener\">\u00bfCu\u00e1les son los proyectos becados en la convocatoria 2015-2016?<\/a>\u00a0(Blog)<\/li>\n<\/ul>\n<p>&nbsp;<\/p>\n<\/div>","protected":false},"excerpt":{"rendered":"<p>En la convocatoria de becas 2014-2015 del Colegio se han becado dos proyectos y otorgado un acc\u00e9sit a un tercer trabajo despu\u00e9s de valorar el inter\u00e9s profesional, la multidisciplinaridad, el impacto social, la novedad cient\u00edfica, la metodolog\u00eda y la viabilidad de cada proyecto presentado. Hemos pedido a los autores de los proyectos becados que nos resuman cu\u00e1les [\u2026]<\/p>","protected":false},"author":1,"featured_media":18109,"comment_status":"open","ping_status":"open","sticky":false,"template":"","format":"standard","meta":{"_uag_custom_page_level_css":"","site-sidebar-layout":"default","site-content-layout":"","ast-site-content-layout":"default","site-content-style":"default","site-sidebar-style":"default","ast-global-header-display":"","ast-banner-title-visibility":"","ast-main-header-display":"","ast-hfb-above-header-display":"","ast-hfb-below-header-display":"","ast-hfb-mobile-header-display":"","site-post-title":"","ast-breadcrumbs-content":"","ast-featured-img":"disabled","footer-sml-layout":"","theme-transparent-header-meta":"","adv-header-id-meta":"","stick-header-meta":"","header-above-stick-meta":"","header-main-stick-meta":"","header-below-stick-meta":"","astra-migrate-meta-layouts":"default","ast-page-background-enabled":"default","ast-page-background-meta":{"desktop":{"background-color":"var(--ast-global-color-4)","background-image":"","background-repeat":"repeat","background-position":"center center","background-size":"auto","background-attachment":"scroll","background-type":"","background-media":"","overlay-type":"","overlay-color":"","overlay-opacity":"","overlay-gradient":""},"tablet":{"background-color":"","background-image":"","background-repeat":"repeat","background-position":"center center","background-size":"auto","background-attachment":"scroll","background-type":"","background-media":"","overlay-type":"","overlay-color":"","overlay-opacity":"","overlay-gradient":""},"mobile":{"background-color":"","background-image":"","background-repeat":"repeat","background-position":"center center","background-size":"auto","background-attachment":"scroll","background-type":"","background-media":"","overlay-type":"","overlay-color":"","overlay-opacity":"","overlay-gradient":""}},"ast-content-background-meta":{"desktop":{"background-color":"var(--ast-global-color-5)","background-image":"","background-repeat":"repeat","background-position":"center center","background-size":"auto","background-attachment":"scroll","background-type":"","background-media":"","overlay-type":"","overlay-color":"","overlay-opacity":"","overlay-gradient":""},"tablet":{"background-color":"var(--ast-global-color-5)","background-image":"","background-repeat":"repeat","background-position":"center center","background-size":"auto","background-attachment":"scroll","background-type":"","background-media":"","overlay-type":"","overlay-color":"","overlay-opacity":"","overlay-gradient":""},"mobile":{"background-color":"var(--ast-global-color-5)","background-image":"","background-repeat":"repeat","background-position":"center center","background-size":"auto","background-attachment":"scroll","background-type":"","background-media":"","overlay-type":"","overlay-color":"","overlay-opacity":"","overlay-gradient":""}},"footnotes":""},"categories":[57],"tags":[513,2295,2296,565,844,267],"class_list":["post-18105","post","type-post","status-publish","format-standard","has-post-thumbnail","hentry","category-mon-collegial","tag-beques-collegials","tag-cinacalcet","tag-equip-datencio-domiciliaria","tag-investigacio-i-docencia","tag-recerca","tag-seguiment-farmacoterapeutic"],"yoast_head":"<!-- This site is optimized with the Yoast SEO plugin v22.4 - https:\/\/yoast.com\/wordpress\/plugins\/seo\/ -->\n<title>Beques col\u00b7legials 2014-2015: qu\u00e8 s&#039;ha aconseguit? - Col\u00b7legi de Farmac\u00e8utics de Barcelona<\/title>\n<meta name=\"robots\" content=\"index, follow, max-snippet:-1, max-image-preview:large, max-video-preview:-1\" \/>\n<link rel=\"canonical\" href=\"https:\/\/novaorg.cofb.net\/2015\/12\/22\/beques-col\u00b7legials-2014-2015-que-sha-aconseguit\/\" \/>\n<meta property=\"og:locale\" content=\"es_ES\" \/>\n<meta property=\"og:type\" content=\"article\" \/>\n<meta property=\"og:title\" content=\"Beques col\u00b7legials 2014-2015: qu\u00e8 s&#039;ha aconseguit? - Col\u00b7legi de Farmac\u00e8utics de Barcelona\" \/>\n<meta property=\"og:description\" content=\"En la convocat\u00f2ria de\u00a0beques 2014-2015 del Col\u00b7legi\u00a0s\u2019han becat dos projectes i atorgat un acc\u00e8ssit a un tercer treball despr\u00e9s de valorar l\u2019inter\u00e8s professional, la multidisciplinaritat, l\u2019impacte social, la novetat cient\u00edfica, la metodologia i la viabilitat de cada projecte presentat. Hem demanat als autors dels projectes becats que ens resumeixin quins [&hellip;]\" \/>\n<meta property=\"og:url\" content=\"https:\/\/novaorg.cofb.net\/2015\/12\/22\/beques-col\u00b7legials-2014-2015-que-sha-aconseguit\/\" \/>\n<meta property=\"og:site_name\" content=\"Col\u00b7legi de Farmac\u00e8utics de Barcelona\" \/>\n<meta property=\"article:publisher\" content=\"https:\/\/www.facebook.com\/farmaceuticsbcn\/\" \/>\n<meta property=\"article:published_time\" content=\"2015-12-22T11:14:31+00:00\" \/>\n<meta name=\"author\" content=\"wpAdminCofbOrg\" \/>\n<meta name=\"twitter:card\" content=\"summary_large_image\" \/>\n<meta name=\"twitter:creator\" content=\"@farmaceuticsbcn\" \/>\n<meta name=\"twitter:site\" content=\"@farmaceuticsbcn\" \/>\n<meta name=\"twitter:label1\" content=\"Escrito por\" \/>\n\t<meta name=\"twitter:data1\" content=\"wpAdminCofbOrg\" \/>\n\t<meta name=\"twitter:label2\" content=\"Tiempo de lectura\" \/>\n\t<meta name=\"twitter:data2\" content=\"8 minutos\" \/>\n<script type=\"application\/ld+json\" class=\"yoast-schema-graph\">{\"@context\":\"https:\/\/schema.org\",\"@graph\":[{\"@type\":\"Article\",\"@id\":\"https:\/\/novaorg.cofb.net\/2015\/12\/22\/beques-col%c2%b7legials-2014-2015-que-sha-aconseguit\/#article\",\"isPartOf\":{\"@id\":\"https:\/\/novaorg.cofb.net\/2015\/12\/22\/beques-col%c2%b7legials-2014-2015-que-sha-aconseguit\/\"},\"author\":{\"name\":\"wpAdminCofbOrg\",\"@id\":\"https:\/\/www.cofb.org\/#\/schema\/person\/22ed7eea88da74b0fa4d3154ad87ffcb\"},\"headline\":\"Beques col\u00b7legials 2014-2015: qu\u00e8 s&#8217;ha aconseguit?\",\"datePublished\":\"2015-12-22T11:14:31+00:00\",\"dateModified\":\"2015-12-22T11:14:31+00:00\",\"mainEntityOfPage\":{\"@id\":\"https:\/\/novaorg.cofb.net\/2015\/12\/22\/beques-col%c2%b7legials-2014-2015-que-sha-aconseguit\/\"},\"wordCount\":1529,\"commentCount\":0,\"publisher\":{\"@id\":\"https:\/\/www.cofb.org\/#organization\"},\"image\":{\"@id\":\"https:\/\/novaorg.cofb.net\/2015\/12\/22\/beques-col%c2%b7legials-2014-2015-que-sha-aconseguit\/#primaryimage\"},\"thumbnailUrl\":\"\",\"keywords\":[\"Beques col\u00b7legials\",\"cinacalcet\",\"equip d'atenci\u00f3 domicili\u00e0ria\",\"Investigaci\u00f3 i doc\u00e8ncia\",\"Recerca\",\"seguiment farmacoterap\u00e8utic\"],\"articleSection\":[\"M\u00f3n col\u00b7legial\"],\"inLanguage\":\"es\",\"potentialAction\":[{\"@type\":\"CommentAction\",\"name\":\"Comment\",\"target\":[\"https:\/\/novaorg.cofb.net\/2015\/12\/22\/beques-col%c2%b7legials-2014-2015-que-sha-aconseguit\/#respond\"]}]},{\"@type\":\"WebPage\",\"@id\":\"https:\/\/novaorg.cofb.net\/2015\/12\/22\/beques-col%c2%b7legials-2014-2015-que-sha-aconseguit\/\",\"url\":\"https:\/\/novaorg.cofb.net\/2015\/12\/22\/beques-col%c2%b7legials-2014-2015-que-sha-aconseguit\/\",\"name\":\"Beques col\u00b7legials 2014-2015: qu\u00e8 s'ha aconseguit? - Col\u00b7legi de Farmac\u00e8utics de Barcelona\",\"isPartOf\":{\"@id\":\"https:\/\/www.cofb.org\/#website\"},\"primaryImageOfPage\":{\"@id\":\"https:\/\/novaorg.cofb.net\/2015\/12\/22\/beques-col%c2%b7legials-2014-2015-que-sha-aconseguit\/#primaryimage\"},\"image\":{\"@id\":\"https:\/\/novaorg.cofb.net\/2015\/12\/22\/beques-col%c2%b7legials-2014-2015-que-sha-aconseguit\/#primaryimage\"},\"thumbnailUrl\":\"\",\"datePublished\":\"2015-12-22T11:14:31+00:00\",\"dateModified\":\"2015-12-22T11:14:31+00:00\",\"breadcrumb\":{\"@id\":\"https:\/\/novaorg.cofb.net\/2015\/12\/22\/beques-col%c2%b7legials-2014-2015-que-sha-aconseguit\/#breadcrumb\"},\"inLanguage\":\"es\",\"potentialAction\":[{\"@type\":\"ReadAction\",\"target\":[\"https:\/\/novaorg.cofb.net\/2015\/12\/22\/beques-col%c2%b7legials-2014-2015-que-sha-aconseguit\/\"]}]},{\"@type\":\"ImageObject\",\"inLanguage\":\"es\",\"@id\":\"https:\/\/novaorg.cofb.net\/2015\/12\/22\/beques-col%c2%b7legials-2014-2015-que-sha-aconseguit\/#primaryimage\",\"url\":\"\",\"contentUrl\":\"\"},{\"@type\":\"BreadcrumbList\",\"@id\":\"https:\/\/novaorg.cofb.net\/2015\/12\/22\/beques-col%c2%b7legials-2014-2015-que-sha-aconseguit\/#breadcrumb\",\"itemListElement\":[{\"@type\":\"ListItem\",\"position\":1,\"name\":\"Inici\",\"item\":\"https:\/\/novaorg.cofb.net\/\"},{\"@type\":\"ListItem\",\"position\":2,\"name\":\"Beques col\u00b7legials 2014-2015: qu\u00e8 s&#8217;ha aconseguit?\"}]},{\"@type\":\"WebSite\",\"@id\":\"https:\/\/www.cofb.org\/#website\",\"url\":\"https:\/\/www.cofb.org\/\",\"name\":\"Col\u00b7legi de Farmac\u00e8utics de Barcelona\",\"description\":\"\",\"publisher\":{\"@id\":\"https:\/\/www.cofb.org\/#organization\"},\"potentialAction\":[{\"@type\":\"SearchAction\",\"target\":{\"@type\":\"EntryPoint\",\"urlTemplate\":\"https:\/\/www.cofb.org\/?s={search_term_string}\"},\"query-input\":\"required name=search_term_string\"}],\"inLanguage\":\"es\"},{\"@type\":\"Organization\",\"@id\":\"https:\/\/www.cofb.org\/#organization\",\"name\":\"Col\u00b7legi de Farmac\u00e8utics de Barcelona\",\"url\":\"https:\/\/www.cofb.org\/\",\"logo\":{\"@type\":\"ImageObject\",\"inLanguage\":\"es\",\"@id\":\"https:\/\/www.cofb.org\/#\/schema\/logo\/image\/\",\"url\":\"https:\/\/www.cofb.org\/wp-content\/uploads\/2023\/11\/cropped-Logotip-COFB.png\",\"contentUrl\":\"https:\/\/www.cofb.org\/wp-content\/uploads\/2023\/11\/cropped-Logotip-COFB.png\",\"width\":500,\"height\":105,\"caption\":\"Col\u00b7legi de Farmac\u00e8utics de Barcelona\"},\"image\":{\"@id\":\"https:\/\/www.cofb.org\/#\/schema\/logo\/image\/\"},\"sameAs\":[\"https:\/\/www.facebook.com\/farmaceuticsbcn\/\",\"https:\/\/twitter.com\/farmaceuticsbcn\",\"https:\/\/www.instagram.com\/farmaceuticsbcn\/\",\"https:\/\/www.linkedin.com\/company\/farmaceuticsbcn\/\"]},{\"@type\":\"Person\",\"@id\":\"https:\/\/www.cofb.org\/#\/schema\/person\/22ed7eea88da74b0fa4d3154ad87ffcb\",\"name\":\"wpAdminCofbOrg\",\"image\":{\"@type\":\"ImageObject\",\"inLanguage\":\"es\",\"@id\":\"https:\/\/www.cofb.org\/#\/schema\/person\/image\/\",\"url\":\"https:\/\/secure.gravatar.com\/avatar\/1721b20b3b8ca882c3b56ec6c978c594fff670e40c0718e9190eaeeb76aae7d8?s=96&d=mm&r=g\",\"contentUrl\":\"https:\/\/secure.gravatar.com\/avatar\/1721b20b3b8ca882c3b56ec6c978c594fff670e40c0718e9190eaeeb76aae7d8?s=96&d=mm&r=g\",\"caption\":\"wpAdminCofbOrg\"},\"sameAs\":[\"http:\/\/192.168.64.122\/wordpress\"],\"url\":\"https:\/\/www.cofb.org\/es\/author\/wpadmincofborg\/\"}]}<\/script>\n<!-- \/ Yoast SEO plugin. -->","yoast_head_json":{"title":"Beques col\u00b7legials 2014-2015: qu\u00e8 s'ha aconseguit? - Col\u00b7legi de Farmac\u00e8utics de Barcelona","robots":{"index":"index","follow":"follow","max-snippet":"max-snippet:-1","max-image-preview":"max-image-preview:large","max-video-preview":"max-video-preview:-1"},"canonical":"https:\/\/novaorg.cofb.net\/2015\/12\/22\/beques-col\u00b7legials-2014-2015-que-sha-aconseguit\/","og_locale":"es_ES","og_type":"article","og_title":"Beques col\u00b7legials 2014-2015: qu\u00e8 s'ha aconseguit? - Col\u00b7legi de Farmac\u00e8utics de Barcelona","og_description":"En la convocat\u00f2ria de\u00a0beques 2014-2015 del Col\u00b7legi\u00a0s\u2019han becat dos projectes i atorgat un acc\u00e8ssit a un tercer treball despr\u00e9s de valorar l\u2019inter\u00e8s professional, la multidisciplinaritat, l\u2019impacte social, la novetat cient\u00edfica, la metodologia i la viabilitat de cada projecte presentat. Hem demanat als autors dels projectes becats que ens resumeixin quins [&hellip;]","og_url":"https:\/\/novaorg.cofb.net\/2015\/12\/22\/beques-col\u00b7legials-2014-2015-que-sha-aconseguit\/","og_site_name":"Col\u00b7legi de Farmac\u00e8utics de Barcelona","article_publisher":"https:\/\/www.facebook.com\/farmaceuticsbcn\/","article_published_time":"2015-12-22T11:14:31+00:00","author":"wpAdminCofbOrg","twitter_card":"summary_large_image","twitter_creator":"@farmaceuticsbcn","twitter_site":"@farmaceuticsbcn","twitter_misc":{"Escrito por":"wpAdminCofbOrg","Tiempo de lectura":"8 minutos"},"schema":{"@context":"https:\/\/schema.org","@graph":[{"@type":"Article","@id":"https:\/\/novaorg.cofb.net\/2015\/12\/22\/beques-col%c2%b7legials-2014-2015-que-sha-aconseguit\/#article","isPartOf":{"@id":"https:\/\/novaorg.cofb.net\/2015\/12\/22\/beques-col%c2%b7legials-2014-2015-que-sha-aconseguit\/"},"author":{"name":"wpAdminCofbOrg","@id":"https:\/\/www.cofb.org\/#\/schema\/person\/22ed7eea88da74b0fa4d3154ad87ffcb"},"headline":"Beques col\u00b7legials 2014-2015: qu\u00e8 s&#8217;ha aconseguit?","datePublished":"2015-12-22T11:14:31+00:00","dateModified":"2015-12-22T11:14:31+00:00","mainEntityOfPage":{"@id":"https:\/\/novaorg.cofb.net\/2015\/12\/22\/beques-col%c2%b7legials-2014-2015-que-sha-aconseguit\/"},"wordCount":1529,"commentCount":0,"publisher":{"@id":"https:\/\/www.cofb.org\/#organization"},"image":{"@id":"https:\/\/novaorg.cofb.net\/2015\/12\/22\/beques-col%c2%b7legials-2014-2015-que-sha-aconseguit\/#primaryimage"},"thumbnailUrl":"","keywords":["Beques col\u00b7legials","cinacalcet","equip d'atenci\u00f3 domicili\u00e0ria","Investigaci\u00f3 i doc\u00e8ncia","Recerca","seguiment farmacoterap\u00e8utic"],"articleSection":["M\u00f3n col\u00b7legial"],"inLanguage":"es","potentialAction":[{"@type":"CommentAction","name":"Comment","target":["https:\/\/novaorg.cofb.net\/2015\/12\/22\/beques-col%c2%b7legials-2014-2015-que-sha-aconseguit\/#respond"]}]},{"@type":"WebPage","@id":"https:\/\/novaorg.cofb.net\/2015\/12\/22\/beques-col%c2%b7legials-2014-2015-que-sha-aconseguit\/","url":"https:\/\/novaorg.cofb.net\/2015\/12\/22\/beques-col%c2%b7legials-2014-2015-que-sha-aconseguit\/","name":"Beques col\u00b7legials 2014-2015: qu\u00e8 s'ha aconseguit? - Col\u00b7legi de Farmac\u00e8utics de Barcelona","isPartOf":{"@id":"https:\/\/www.cofb.org\/#website"},"primaryImageOfPage":{"@id":"https:\/\/novaorg.cofb.net\/2015\/12\/22\/beques-col%c2%b7legials-2014-2015-que-sha-aconseguit\/#primaryimage"},"image":{"@id":"https:\/\/novaorg.cofb.net\/2015\/12\/22\/beques-col%c2%b7legials-2014-2015-que-sha-aconseguit\/#primaryimage"},"thumbnailUrl":"","datePublished":"2015-12-22T11:14:31+00:00","dateModified":"2015-12-22T11:14:31+00:00","breadcrumb":{"@id":"https:\/\/novaorg.cofb.net\/2015\/12\/22\/beques-col%c2%b7legials-2014-2015-que-sha-aconseguit\/#breadcrumb"},"inLanguage":"es","potentialAction":[{"@type":"ReadAction","target":["https:\/\/novaorg.cofb.net\/2015\/12\/22\/beques-col%c2%b7legials-2014-2015-que-sha-aconseguit\/"]}]},{"@type":"ImageObject","inLanguage":"es","@id":"https:\/\/novaorg.cofb.net\/2015\/12\/22\/beques-col%c2%b7legials-2014-2015-que-sha-aconseguit\/#primaryimage","url":"","contentUrl":""},{"@type":"BreadcrumbList","@id":"https:\/\/novaorg.cofb.net\/2015\/12\/22\/beques-col%c2%b7legials-2014-2015-que-sha-aconseguit\/#breadcrumb","itemListElement":[{"@type":"ListItem","position":1,"name":"Inici","item":"https:\/\/novaorg.cofb.net\/"},{"@type":"ListItem","position":2,"name":"Beques col\u00b7legials 2014-2015: qu\u00e8 s&#8217;ha aconseguit?"}]},{"@type":"WebSite","@id":"https:\/\/www.cofb.org\/#website","url":"https:\/\/www.cofb.org\/","name":"Col\u00b7legi de Farmac\u00e8utics de Barcelona","description":"","publisher":{"@id":"https:\/\/www.cofb.org\/#organization"},"potentialAction":[{"@type":"SearchAction","target":{"@type":"EntryPoint","urlTemplate":"https:\/\/www.cofb.org\/?s={search_term_string}"},"query-input":"required name=search_term_string"}],"inLanguage":"es"},{"@type":"Organization","@id":"https:\/\/www.cofb.org\/#organization","name":"Col\u00b7legi de Farmac\u00e8utics de Barcelona","url":"https:\/\/www.cofb.org\/","logo":{"@type":"ImageObject","inLanguage":"es","@id":"https:\/\/www.cofb.org\/#\/schema\/logo\/image\/","url":"https:\/\/www.cofb.org\/wp-content\/uploads\/2023\/11\/cropped-Logotip-COFB.png","contentUrl":"https:\/\/www.cofb.org\/wp-content\/uploads\/2023\/11\/cropped-Logotip-COFB.png","width":500,"height":105,"caption":"Col\u00b7legi de Farmac\u00e8utics de Barcelona"},"image":{"@id":"https:\/\/www.cofb.org\/#\/schema\/logo\/image\/"},"sameAs":["https:\/\/www.facebook.com\/farmaceuticsbcn\/","https:\/\/twitter.com\/farmaceuticsbcn","https:\/\/www.instagram.com\/farmaceuticsbcn\/","https:\/\/www.linkedin.com\/company\/farmaceuticsbcn\/"]},{"@type":"Person","@id":"https:\/\/www.cofb.org\/#\/schema\/person\/22ed7eea88da74b0fa4d3154ad87ffcb","name":"wpAdminCofbOrg","image":{"@type":"ImageObject","inLanguage":"es","@id":"https:\/\/www.cofb.org\/#\/schema\/person\/image\/","url":"https:\/\/secure.gravatar.com\/avatar\/1721b20b3b8ca882c3b56ec6c978c594fff670e40c0718e9190eaeeb76aae7d8?s=96&d=mm&r=g","contentUrl":"https:\/\/secure.gravatar.com\/avatar\/1721b20b3b8ca882c3b56ec6c978c594fff670e40c0718e9190eaeeb76aae7d8?s=96&d=mm&r=g","caption":"wpAdminCofbOrg"},"sameAs":["http:\/\/192.168.64.122\/wordpress"],"url":"https:\/\/www.cofb.org\/es\/author\/wpadmincofborg\/"}]}},"uagb_featured_image_src":{"full":false,"thumbnail":false,"medium":false,"medium_large":false,"large":false,"1536x1536":false,"2048x2048":false,"trp-custom-language-flag":false},"uagb_author_info":{"display_name":"wpAdminCofbOrg","author_link":"https:\/\/www.cofb.org\/es\/author\/wpadmincofborg\/"},"uagb_comment_info":0,"uagb_excerpt":"En la convocat\u00f2ria de\u00a0beques 2014-2015 del Col\u00b7legi\u00a0s\u2019han becat dos projectes i atorgat un acc\u00e8ssit a un tercer treball despr\u00e9s de valorar l\u2019inter\u00e8s professional, la multidisciplinaritat, l\u2019impacte social, la novetat cient\u00edfica, la metodologia i la viabilitat de cada projecte presentat. Hem demanat als autors dels projectes becats que ens resumeixin quins [&hellip;]","_links":{"self":[{"href":"https:\/\/www.cofb.org\/es\/wp-json\/wp\/v2\/posts\/18105","targetHints":{"allow":["GET"]}}],"collection":[{"href":"https:\/\/www.cofb.org\/es\/wp-json\/wp\/v2\/posts"}],"about":[{"href":"https:\/\/www.cofb.org\/es\/wp-json\/wp\/v2\/types\/post"}],"author":[{"embeddable":true,"href":"https:\/\/www.cofb.org\/es\/wp-json\/wp\/v2\/users\/1"}],"replies":[{"embeddable":true,"href":"https:\/\/www.cofb.org\/es\/wp-json\/wp\/v2\/comments?post=18105"}],"version-history":[{"count":0,"href":"https:\/\/www.cofb.org\/es\/wp-json\/wp\/v2\/posts\/18105\/revisions"}],"wp:featuredmedia":[{"embeddable":true,"href":"https:\/\/www.cofb.org\/es\/wp-json\/"}],"wp:attachment":[{"href":"https:\/\/www.cofb.org\/es\/wp-json\/wp\/v2\/media?parent=18105"}],"wp:term":[{"taxonomy":"category","embeddable":true,"href":"https:\/\/www.cofb.org\/es\/wp-json\/wp\/v2\/categories?post=18105"},{"taxonomy":"post_tag","embeddable":true,"href":"https:\/\/www.cofb.org\/es\/wp-json\/wp\/v2\/tags?post=18105"}],"curies":[{"name":"wp","href":"https:\/\/api.w.org\/{rel}","templated":true}]}}