{"id":17962,"date":"2015-12-09T17:52:45","date_gmt":"2015-12-09T16:52:45","guid":{"rendered":"http:\/\/blog.cofb.cat\/?p=17962"},"modified":"2015-12-09T17:52:45","modified_gmt":"2015-12-09T16:52:45","slug":"agora-sanitaria-formacio-per-ajudar-a-reduir-labandonament-precoc-de-la-lactancia-materna-a-causa-del-dolor-i-la-mastitis","status":"publish","type":"post","link":"https:\/\/www.cofb.org\/es\/2015\/12\/09\/agora-sanitaria-formacio-per-ajudar-a-reduir-labandonament-precoc-de-la-lactancia-materna-a-causa-del-dolor-i-la-mastitis\/","title":{"rendered":"\u00c1gora Sanitaria: formaci\u00f3n para ayudar a reducir el abandono precoz de la lactancia materna a causa del dolor y la mastitis"},"content":{"rendered":"<p><a href=\"http:\/\/www.agorasanitaria.com\/web\/guest\/oferta-formativa?p_p_id=portletllistatactivitats_WAR_portletllistatactivitats_INSTANCE_O4dm&amp;p_p_lifecycle=0&amp;p_p_state=normal&amp;p_p_mode=view&amp;p_p_col_id=column-1&amp;p_p_col_pos=1&amp;p_p_col_count=2&amp;_portletllistatactivitats_WAR_portletllistatactivitats_INSTANCE_O4dm_strutsAction=%2Fview%2Fdetall&amp;_portletllistatactivitats_WAR_portletllistatactivitats_INSTANCE_O4dm_id=231\" target=\"_blank\" rel=\"noopener\"><img decoding=\"async\" class=\"wp-image-13306 alignright\" alt=\"logo_agora\" src=\"http:\/\/blog.cofb.cat\/wp-content\/uploads\/2015\/04\/logo_agora.jpg\" width=\"341\" height=\"98\" \/><\/a>En numerosos estudios se ha demostrado la importancia de la lactancia materna para el beb\u00e9 que, entre otros beneficios, fomenta su desarrollo sensorial y cognitivo, y le protege de las enfermedades infecciosas y cr\u00f3nicas, tal y como apunta la OMS. <b>Para dar m\u00e1s herramientas a los farmac\u00e9uticos que ayuden a evitar el abandono precoz de la lactancia materna a causa de afecciones como la mastitis, \u00c1gora Sanitaria,<\/b> el portal de formaci\u00f3n online de los Colegios de Farmac\u00e9uticos de Barcelona y Madrid, <b>ha puesto en marcha el curso &quot;Lactancia sin dolor: mastitis y probi\u00f3ticos&quot;<\/b>.<\/p>\n<p><a href=\"http:\/\/www.agorasanitaria.com\/web\/guest\/oferta-formativa?p_p_id=portletllistatactivitats_WAR_portletllistatactivitats_INSTANCE_O4dm&amp;p_p_lifecycle=0&amp;p_p_state=normal&amp;p_p_mode=view&amp;p_p_col_id=column-1&amp;p_p_col_pos=2&amp;p_p_col_count=3&amp;_portletllistatactivitats_WAR_portletllistatactivitats_INSTANCE_O4dm_strutsAction=%2Fview%2Fdetall&amp;_portletllistatactivitats_WAR_portletllistatactivitats_INSTANCE_O4dm_id=231\" target=\"_blank\" rel=\"noopener\"><strong>INSCR\u00cdBETE<\/strong><\/a>! Inscripciones abiertas hasta el 18 de noviembre de 2016 a trav\u00e9s de la <a href=\"http:\/\/www.agorasanitaria.com\/web\/guest\" target=\"_blank\" rel=\"noopener\">web de \u00c1gora Sanitaria<\/a>.<\/p>\n<p><b>Probi\u00f3ticos, una nueva herramienta en el campo de las mastitis<\/b><\/p>\n<p>Con esta formaci\u00f3n, que cuenta con el <b>patrocinio de Angelini Farmac\u00e9utica,<\/b> \u00c1gora persigue proporcionar<b> m\u00e1s herramientas a los farmac\u00e9uticos para abordar las consultas sobre mastitis, <\/b>una de las m\u00e1s habituales en el postparto, y realizar, de esta forma, una <b>correcta recomendaci\u00f3n farmac\u00e9utica, contando con el recurso de los probi\u00f3ticos.<\/b> Estos microorganismos vivos, al ingerirse en cantidades adecuadas, ayudan a equilibrar la flora bacteriana de la gl\u00e1ndula mamaria ya restablecer el equilibrio de la flora mamaria.<\/p>\n<p>La formaci\u00f3n \u2013elaborada por un equipo multidisciplinar que cuenta con la participaci\u00f3n de una matrona y una farmac\u00e9utica comunitaria\u2013 se centra tambi\u00e9n en la correcta aplicaci\u00f3n de las recomendaciones de actuaci\u00f3n farmac\u00e9utica ante una consulta por dolor en el pecho durante la lactancia, c\u00f3mo acompa\u00f1ar la indicaci\u00f3n farmac\u00e9utica de informaci\u00f3n personalizada y qu\u00e9 medidas higi\u00e9nico-diet\u00e9ticas proporcionar para el tratamiento y prevenci\u00f3n de las mastitis.<\/p>\n<p><b><div class=\"box shadow\">\u00c1gora express, nuevo formato puesto en marcha en el portal\u00a0<\/b><\/p>\n<p>Este curso sobre mastitis se enmarca en el nuevo formato que se ha puesto en marcha llamado <b>\u00c1gora Express.<\/b> Gracias a este sistema, se ofrecen c<b>ursos de temas espec\u00edficos de no m\u00e1s de una hora duraci\u00f3n, <\/b>que responden a actualizaciones puntuales o necesidades concretas manifestadas por parte de los alumnos. A su vez, tambi\u00e9n se proporciona una <b>formaci\u00f3n r\u00e1pida y efectiva en cuestiones que el farmac\u00e9utico necesita en su d\u00eda a d\u00eda,<\/b> y el eje de aprendizaje se basa en el enfoque pr\u00e1ctico de los contenidos y la colaboraci\u00f3n e intercambio de experiencias entre los participantes.<b><\/div><\/b><\/p>\n<p><strong><span style=\"color: #888888;\">Nota de prensa enviada a los medios de comunicaci\u00f3n (tambi\u00e9n puedes consultarla en la\u00a0<a href=\"http:\/\/www.cofb.org\/es\/web\/guest\/Noticia\/-\/journal_content\/56_INSTANCE_V6ao\/10136\/888206\/\" target=\"_blank\" rel=\"noopener\">Sala de Prensa<\/a> de la web www.cofb.org).<\/span><\/strong><\/p>\n<p style=\"text-align: right;\"><strong>Esta formaci\u00f3n cuenta con el patrocinio de:<\/strong><\/p>\n<p><a href=\"https:\/\/www.angelini.es\/\" target=\"_blank\" rel=\"noopener\"><img decoding=\"async\" class=\"wp-image-5342 alignright\" alt=\"angelini\" src=\"http:\/\/blog.cofb.cat\/wp-content\/uploads\/2014\/02\/angelini.jpg\" width=\"102\" height=\"112\" \/><\/a><\/p>","protected":false},"excerpt":{"rendered":"<p>En numerosos estudios se ha demostrado la importancia de la lactancia materna para el beb\u00e9 que, entre otros beneficios, fomenta su desarrollo sensorial y cognitivo, y le protege de las enfermedades infecciosas y cr\u00f3nicas, tal y como apunta la OMS. Para dar m\u00e1s herramientas a los farmac\u00e9uticos que ayuden a evitar el abandono precoz [\u2026]<\/p>","protected":false},"author":1,"featured_media":17983,"comment_status":"open","ping_status":"open","sticky":false,"template":"","format":"standard","meta":{"_uag_custom_page_level_css":"","site-sidebar-layout":"default","site-content-layout":"","ast-site-content-layout":"default","site-content-style":"default","site-sidebar-style":"default","ast-global-header-display":"","ast-banner-title-visibility":"","ast-main-header-display":"","ast-hfb-above-header-display":"","ast-hfb-below-header-display":"","ast-hfb-mobile-header-display":"","site-post-title":"","ast-breadcrumbs-content":"","ast-featured-img":"disabled","footer-sml-layout":"","theme-transparent-header-meta":"","adv-header-id-meta":"","stick-header-meta":"","header-above-stick-meta":"","header-main-stick-meta":"","header-below-stick-meta":"","astra-migrate-meta-layouts":"default","ast-page-background-enabled":"default","ast-page-background-meta":{"desktop":{"background-color":"var(--ast-global-color-4)","background-image":"","background-repeat":"repeat","background-position":"center center","background-size":"auto","background-attachment":"scroll","background-type":"","background-media":"","overlay-type":"","overlay-color":"","overlay-opacity":"","overlay-gradient":""},"tablet":{"background-color":"","background-image":"","background-repeat":"repeat","background-position":"center center","background-size":"auto","background-attachment":"scroll","background-type":"","background-media":"","overlay-type":"","overlay-color":"","overlay-opacity":"","overlay-gradient":""},"mobile":{"background-color":"","background-image":"","background-repeat":"repeat","background-position":"center center","background-size":"auto","background-attachment":"scroll","background-type":"","background-media":"","overlay-type":"","overlay-color":"","overlay-opacity":"","overlay-gradient":""}},"ast-content-background-meta":{"desktop":{"background-color":"var(--ast-global-color-5)","background-image":"","background-repeat":"repeat","background-position":"center center","background-size":"auto","background-attachment":"scroll","background-type":"","background-media":"","overlay-type":"","overlay-color":"","overlay-opacity":"","overlay-gradient":""},"tablet":{"background-color":"var(--ast-global-color-5)","background-image":"","background-repeat":"repeat","background-position":"center center","background-size":"auto","background-attachment":"scroll","background-type":"","background-media":"","overlay-type":"","overlay-color":"","overlay-opacity":"","overlay-gradient":""},"mobile":{"background-color":"var(--ast-global-color-5)","background-image":"","background-repeat":"repeat","background-position":"center center","background-size":"auto","background-attachment":"scroll","background-type":"","background-media":"","overlay-type":"","overlay-color":"","overlay-opacity":"","overlay-gradient":""}},"footnotes":""},"categories":[57],"tags":[109,70,351,2266,95],"class_list":["post-17962","post","type-post","status-publish","format-standard","has-post-thumbnail","hentry","category-mon-collegial","tag-agora-sanitaria","tag-formacio","tag-lactancia","tag-mastitis","tag-probiotics"],"yoast_head":"<!-- This site is optimized with the Yoast SEO plugin v22.4 - https:\/\/yoast.com\/wordpress\/plugins\/seo\/ -->\n<title>\u00c0gora Sanit\u00e0ria: formaci\u00f3 per ajudar a reduir l&#039;abandonament preco\u00e7 de la lact\u00e0ncia materna a causa del dolor i la mastitis - Col\u00b7legi de Farmac\u00e8utics de Barcelona<\/title>\n<meta name=\"robots\" content=\"index, follow, max-snippet:-1, max-image-preview:large, max-video-preview:-1\" \/>\n<link rel=\"canonical\" href=\"https:\/\/novaorg.cofb.net\/2015\/12\/09\/agora-sanitaria-formacio-per-ajudar-a-reduir-labandonament-precoc-de-la-lactancia-materna-a-causa-del-dolor-i-la-mastitis\/\" \/>\n<meta property=\"og:locale\" content=\"es_ES\" \/>\n<meta property=\"og:type\" content=\"article\" \/>\n<meta property=\"og:title\" content=\"\u00c0gora Sanit\u00e0ria: formaci\u00f3 per ajudar a reduir l&#039;abandonament preco\u00e7 de la lact\u00e0ncia materna a causa del dolor i la mastitis - Col\u00b7legi de Farmac\u00e8utics de Barcelona\" \/>\n<meta property=\"og:description\" content=\"En nombrosos estudis s&#8217;ha demostrat la import\u00e0ncia de la lact\u00e0ncia materna per al beb\u00e8 que, entre altres beneficis, fomenta el seu desenvolupament sensorial i cognitiu, i el protegeix de les malalties infeccioses i cr\u00f2niques, tal com apunta l&#8217;OMS. Per donar m\u00e9s eines als farmac\u00e8utics que ajudin a evitar l&#8217;abandonament preco\u00e7 [&hellip;]\" \/>\n<meta property=\"og:url\" content=\"https:\/\/novaorg.cofb.net\/2015\/12\/09\/agora-sanitaria-formacio-per-ajudar-a-reduir-labandonament-precoc-de-la-lactancia-materna-a-causa-del-dolor-i-la-mastitis\/\" \/>\n<meta property=\"og:site_name\" content=\"Col\u00b7legi de Farmac\u00e8utics de Barcelona\" \/>\n<meta property=\"article:publisher\" content=\"https:\/\/www.facebook.com\/farmaceuticsbcn\/\" \/>\n<meta property=\"article:published_time\" content=\"2015-12-09T16:52:45+00:00\" \/>\n<meta name=\"author\" content=\"wpAdminCofbOrg\" \/>\n<meta name=\"twitter:card\" content=\"summary_large_image\" \/>\n<meta name=\"twitter:creator\" content=\"@farmaceuticsbcn\" \/>\n<meta name=\"twitter:site\" content=\"@farmaceuticsbcn\" \/>\n<meta name=\"twitter:label1\" content=\"Escrito por\" \/>\n\t<meta name=\"twitter:data1\" content=\"wpAdminCofbOrg\" \/>\n\t<meta name=\"twitter:label2\" content=\"Tiempo de lectura\" \/>\n\t<meta name=\"twitter:data2\" content=\"2 minutos\" \/>\n<script type=\"application\/ld+json\" class=\"yoast-schema-graph\">{\"@context\":\"https:\/\/schema.org\",\"@graph\":[{\"@type\":\"Article\",\"@id\":\"https:\/\/novaorg.cofb.net\/2015\/12\/09\/agora-sanitaria-formacio-per-ajudar-a-reduir-labandonament-precoc-de-la-lactancia-materna-a-causa-del-dolor-i-la-mastitis\/#article\",\"isPartOf\":{\"@id\":\"https:\/\/novaorg.cofb.net\/2015\/12\/09\/agora-sanitaria-formacio-per-ajudar-a-reduir-labandonament-precoc-de-la-lactancia-materna-a-causa-del-dolor-i-la-mastitis\/\"},\"author\":{\"name\":\"wpAdminCofbOrg\",\"@id\":\"https:\/\/www.cofb.org\/#\/schema\/person\/22ed7eea88da74b0fa4d3154ad87ffcb\"},\"headline\":\"\u00c0gora Sanit\u00e0ria: formaci\u00f3 per ajudar a reduir l&#8217;abandonament preco\u00e7 de la lact\u00e0ncia materna a causa del dolor i la mastitis\",\"datePublished\":\"2015-12-09T16:52:45+00:00\",\"dateModified\":\"2015-12-09T16:52:45+00:00\",\"mainEntityOfPage\":{\"@id\":\"https:\/\/novaorg.cofb.net\/2015\/12\/09\/agora-sanitaria-formacio-per-ajudar-a-reduir-labandonament-precoc-de-la-lactancia-materna-a-causa-del-dolor-i-la-mastitis\/\"},\"wordCount\":450,\"commentCount\":0,\"publisher\":{\"@id\":\"https:\/\/www.cofb.org\/#organization\"},\"image\":{\"@id\":\"https:\/\/novaorg.cofb.net\/2015\/12\/09\/agora-sanitaria-formacio-per-ajudar-a-reduir-labandonament-precoc-de-la-lactancia-materna-a-causa-del-dolor-i-la-mastitis\/#primaryimage\"},\"thumbnailUrl\":\"\",\"keywords\":[\"\u00c1gora Sanitaria\",\"Formaci\u00f3\",\"lact\u00e0ncia\",\"mastitis\",\"probi\u00f2tics\"],\"articleSection\":[\"M\u00f3n col\u00b7legial\"],\"inLanguage\":\"es\",\"potentialAction\":[{\"@type\":\"CommentAction\",\"name\":\"Comment\",\"target\":[\"https:\/\/novaorg.cofb.net\/2015\/12\/09\/agora-sanitaria-formacio-per-ajudar-a-reduir-labandonament-precoc-de-la-lactancia-materna-a-causa-del-dolor-i-la-mastitis\/#respond\"]}]},{\"@type\":\"WebPage\",\"@id\":\"https:\/\/novaorg.cofb.net\/2015\/12\/09\/agora-sanitaria-formacio-per-ajudar-a-reduir-labandonament-precoc-de-la-lactancia-materna-a-causa-del-dolor-i-la-mastitis\/\",\"url\":\"https:\/\/novaorg.cofb.net\/2015\/12\/09\/agora-sanitaria-formacio-per-ajudar-a-reduir-labandonament-precoc-de-la-lactancia-materna-a-causa-del-dolor-i-la-mastitis\/\",\"name\":\"\u00c0gora Sanit\u00e0ria: formaci\u00f3 per ajudar a reduir l'abandonament preco\u00e7 de la lact\u00e0ncia materna a causa del dolor i la mastitis - Col\u00b7legi de Farmac\u00e8utics de Barcelona\",\"isPartOf\":{\"@id\":\"https:\/\/www.cofb.org\/#website\"},\"primaryImageOfPage\":{\"@id\":\"https:\/\/novaorg.cofb.net\/2015\/12\/09\/agora-sanitaria-formacio-per-ajudar-a-reduir-labandonament-precoc-de-la-lactancia-materna-a-causa-del-dolor-i-la-mastitis\/#primaryimage\"},\"image\":{\"@id\":\"https:\/\/novaorg.cofb.net\/2015\/12\/09\/agora-sanitaria-formacio-per-ajudar-a-reduir-labandonament-precoc-de-la-lactancia-materna-a-causa-del-dolor-i-la-mastitis\/#primaryimage\"},\"thumbnailUrl\":\"\",\"datePublished\":\"2015-12-09T16:52:45+00:00\",\"dateModified\":\"2015-12-09T16:52:45+00:00\",\"breadcrumb\":{\"@id\":\"https:\/\/novaorg.cofb.net\/2015\/12\/09\/agora-sanitaria-formacio-per-ajudar-a-reduir-labandonament-precoc-de-la-lactancia-materna-a-causa-del-dolor-i-la-mastitis\/#breadcrumb\"},\"inLanguage\":\"es\",\"potentialAction\":[{\"@type\":\"ReadAction\",\"target\":[\"https:\/\/novaorg.cofb.net\/2015\/12\/09\/agora-sanitaria-formacio-per-ajudar-a-reduir-labandonament-precoc-de-la-lactancia-materna-a-causa-del-dolor-i-la-mastitis\/\"]}]},{\"@type\":\"ImageObject\",\"inLanguage\":\"es\",\"@id\":\"https:\/\/novaorg.cofb.net\/2015\/12\/09\/agora-sanitaria-formacio-per-ajudar-a-reduir-labandonament-precoc-de-la-lactancia-materna-a-causa-del-dolor-i-la-mastitis\/#primaryimage\",\"url\":\"\",\"contentUrl\":\"\"},{\"@type\":\"BreadcrumbList\",\"@id\":\"https:\/\/novaorg.cofb.net\/2015\/12\/09\/agora-sanitaria-formacio-per-ajudar-a-reduir-labandonament-precoc-de-la-lactancia-materna-a-causa-del-dolor-i-la-mastitis\/#breadcrumb\",\"itemListElement\":[{\"@type\":\"ListItem\",\"position\":1,\"name\":\"Inici\",\"item\":\"https:\/\/novaorg.cofb.net\/\"},{\"@type\":\"ListItem\",\"position\":2,\"name\":\"\u00c0gora Sanit\u00e0ria: formaci\u00f3 per ajudar a reduir l&#8217;abandonament preco\u00e7 de la lact\u00e0ncia materna a causa del dolor i la mastitis\"}]},{\"@type\":\"WebSite\",\"@id\":\"https:\/\/www.cofb.org\/#website\",\"url\":\"https:\/\/www.cofb.org\/\",\"name\":\"Col\u00b7legi de Farmac\u00e8utics de Barcelona\",\"description\":\"\",\"publisher\":{\"@id\":\"https:\/\/www.cofb.org\/#organization\"},\"potentialAction\":[{\"@type\":\"SearchAction\",\"target\":{\"@type\":\"EntryPoint\",\"urlTemplate\":\"https:\/\/www.cofb.org\/?s={search_term_string}\"},\"query-input\":\"required name=search_term_string\"}],\"inLanguage\":\"es\"},{\"@type\":\"Organization\",\"@id\":\"https:\/\/www.cofb.org\/#organization\",\"name\":\"Col\u00b7legi de Farmac\u00e8utics de Barcelona\",\"url\":\"https:\/\/www.cofb.org\/\",\"logo\":{\"@type\":\"ImageObject\",\"inLanguage\":\"es\",\"@id\":\"https:\/\/www.cofb.org\/#\/schema\/logo\/image\/\",\"url\":\"https:\/\/www.cofb.org\/wp-content\/uploads\/2023\/11\/cropped-Logotip-COFB.png\",\"contentUrl\":\"https:\/\/www.cofb.org\/wp-content\/uploads\/2023\/11\/cropped-Logotip-COFB.png\",\"width\":500,\"height\":105,\"caption\":\"Col\u00b7legi de Farmac\u00e8utics de Barcelona\"},\"image\":{\"@id\":\"https:\/\/www.cofb.org\/#\/schema\/logo\/image\/\"},\"sameAs\":[\"https:\/\/www.facebook.com\/farmaceuticsbcn\/\",\"https:\/\/twitter.com\/farmaceuticsbcn\",\"https:\/\/www.instagram.com\/farmaceuticsbcn\/\",\"https:\/\/www.linkedin.com\/company\/farmaceuticsbcn\/\"]},{\"@type\":\"Person\",\"@id\":\"https:\/\/www.cofb.org\/#\/schema\/person\/22ed7eea88da74b0fa4d3154ad87ffcb\",\"name\":\"wpAdminCofbOrg\",\"image\":{\"@type\":\"ImageObject\",\"inLanguage\":\"es\",\"@id\":\"https:\/\/www.cofb.org\/#\/schema\/person\/image\/\",\"url\":\"https:\/\/secure.gravatar.com\/avatar\/1721b20b3b8ca882c3b56ec6c978c594fff670e40c0718e9190eaeeb76aae7d8?s=96&d=mm&r=g\",\"contentUrl\":\"https:\/\/secure.gravatar.com\/avatar\/1721b20b3b8ca882c3b56ec6c978c594fff670e40c0718e9190eaeeb76aae7d8?s=96&d=mm&r=g\",\"caption\":\"wpAdminCofbOrg\"},\"sameAs\":[\"http:\/\/192.168.64.122\/wordpress\"],\"url\":\"https:\/\/www.cofb.org\/es\/author\/wpadmincofborg\/\"}]}<\/script>\n<!-- \/ Yoast SEO plugin. -->","yoast_head_json":{"title":"\u00c0gora Sanit\u00e0ria: formaci\u00f3 per ajudar a reduir l'abandonament preco\u00e7 de la lact\u00e0ncia materna a causa del dolor i la mastitis - Col\u00b7legi de Farmac\u00e8utics de Barcelona","robots":{"index":"index","follow":"follow","max-snippet":"max-snippet:-1","max-image-preview":"max-image-preview:large","max-video-preview":"max-video-preview:-1"},"canonical":"https:\/\/novaorg.cofb.net\/2015\/12\/09\/agora-sanitaria-formacio-per-ajudar-a-reduir-labandonament-precoc-de-la-lactancia-materna-a-causa-del-dolor-i-la-mastitis\/","og_locale":"es_ES","og_type":"article","og_title":"\u00c0gora Sanit\u00e0ria: formaci\u00f3 per ajudar a reduir l'abandonament preco\u00e7 de la lact\u00e0ncia materna a causa del dolor i la mastitis - Col\u00b7legi de Farmac\u00e8utics de Barcelona","og_description":"En nombrosos estudis s&#8217;ha demostrat la import\u00e0ncia de la lact\u00e0ncia materna per al beb\u00e8 que, entre altres beneficis, fomenta el seu desenvolupament sensorial i cognitiu, i el protegeix de les malalties infeccioses i cr\u00f2niques, tal com apunta l&#8217;OMS. Per donar m\u00e9s eines als farmac\u00e8utics que ajudin a evitar l&#8217;abandonament preco\u00e7 [&hellip;]","og_url":"https:\/\/novaorg.cofb.net\/2015\/12\/09\/agora-sanitaria-formacio-per-ajudar-a-reduir-labandonament-precoc-de-la-lactancia-materna-a-causa-del-dolor-i-la-mastitis\/","og_site_name":"Col\u00b7legi de Farmac\u00e8utics de Barcelona","article_publisher":"https:\/\/www.facebook.com\/farmaceuticsbcn\/","article_published_time":"2015-12-09T16:52:45+00:00","author":"wpAdminCofbOrg","twitter_card":"summary_large_image","twitter_creator":"@farmaceuticsbcn","twitter_site":"@farmaceuticsbcn","twitter_misc":{"Escrito por":"wpAdminCofbOrg","Tiempo de lectura":"2 minutos"},"schema":{"@context":"https:\/\/schema.org","@graph":[{"@type":"Article","@id":"https:\/\/novaorg.cofb.net\/2015\/12\/09\/agora-sanitaria-formacio-per-ajudar-a-reduir-labandonament-precoc-de-la-lactancia-materna-a-causa-del-dolor-i-la-mastitis\/#article","isPartOf":{"@id":"https:\/\/novaorg.cofb.net\/2015\/12\/09\/agora-sanitaria-formacio-per-ajudar-a-reduir-labandonament-precoc-de-la-lactancia-materna-a-causa-del-dolor-i-la-mastitis\/"},"author":{"name":"wpAdminCofbOrg","@id":"https:\/\/www.cofb.org\/#\/schema\/person\/22ed7eea88da74b0fa4d3154ad87ffcb"},"headline":"\u00c0gora Sanit\u00e0ria: formaci\u00f3 per ajudar a reduir l&#8217;abandonament preco\u00e7 de la lact\u00e0ncia materna a causa del dolor i la mastitis","datePublished":"2015-12-09T16:52:45+00:00","dateModified":"2015-12-09T16:52:45+00:00","mainEntityOfPage":{"@id":"https:\/\/novaorg.cofb.net\/2015\/12\/09\/agora-sanitaria-formacio-per-ajudar-a-reduir-labandonament-precoc-de-la-lactancia-materna-a-causa-del-dolor-i-la-mastitis\/"},"wordCount":450,"commentCount":0,"publisher":{"@id":"https:\/\/www.cofb.org\/#organization"},"image":{"@id":"https:\/\/novaorg.cofb.net\/2015\/12\/09\/agora-sanitaria-formacio-per-ajudar-a-reduir-labandonament-precoc-de-la-lactancia-materna-a-causa-del-dolor-i-la-mastitis\/#primaryimage"},"thumbnailUrl":"","keywords":["\u00c1gora Sanitaria","Formaci\u00f3","lact\u00e0ncia","mastitis","probi\u00f2tics"],"articleSection":["M\u00f3n col\u00b7legial"],"inLanguage":"es","potentialAction":[{"@type":"CommentAction","name":"Comment","target":["https:\/\/novaorg.cofb.net\/2015\/12\/09\/agora-sanitaria-formacio-per-ajudar-a-reduir-labandonament-precoc-de-la-lactancia-materna-a-causa-del-dolor-i-la-mastitis\/#respond"]}]},{"@type":"WebPage","@id":"https:\/\/novaorg.cofb.net\/2015\/12\/09\/agora-sanitaria-formacio-per-ajudar-a-reduir-labandonament-precoc-de-la-lactancia-materna-a-causa-del-dolor-i-la-mastitis\/","url":"https:\/\/novaorg.cofb.net\/2015\/12\/09\/agora-sanitaria-formacio-per-ajudar-a-reduir-labandonament-precoc-de-la-lactancia-materna-a-causa-del-dolor-i-la-mastitis\/","name":"\u00c0gora Sanit\u00e0ria: formaci\u00f3 per ajudar a reduir l'abandonament preco\u00e7 de la lact\u00e0ncia materna a causa del dolor i la mastitis - Col\u00b7legi de Farmac\u00e8utics de Barcelona","isPartOf":{"@id":"https:\/\/www.cofb.org\/#website"},"primaryImageOfPage":{"@id":"https:\/\/novaorg.cofb.net\/2015\/12\/09\/agora-sanitaria-formacio-per-ajudar-a-reduir-labandonament-precoc-de-la-lactancia-materna-a-causa-del-dolor-i-la-mastitis\/#primaryimage"},"image":{"@id":"https:\/\/novaorg.cofb.net\/2015\/12\/09\/agora-sanitaria-formacio-per-ajudar-a-reduir-labandonament-precoc-de-la-lactancia-materna-a-causa-del-dolor-i-la-mastitis\/#primaryimage"},"thumbnailUrl":"","datePublished":"2015-12-09T16:52:45+00:00","dateModified":"2015-12-09T16:52:45+00:00","breadcrumb":{"@id":"https:\/\/novaorg.cofb.net\/2015\/12\/09\/agora-sanitaria-formacio-per-ajudar-a-reduir-labandonament-precoc-de-la-lactancia-materna-a-causa-del-dolor-i-la-mastitis\/#breadcrumb"},"inLanguage":"es","potentialAction":[{"@type":"ReadAction","target":["https:\/\/novaorg.cofb.net\/2015\/12\/09\/agora-sanitaria-formacio-per-ajudar-a-reduir-labandonament-precoc-de-la-lactancia-materna-a-causa-del-dolor-i-la-mastitis\/"]}]},{"@type":"ImageObject","inLanguage":"es","@id":"https:\/\/novaorg.cofb.net\/2015\/12\/09\/agora-sanitaria-formacio-per-ajudar-a-reduir-labandonament-precoc-de-la-lactancia-materna-a-causa-del-dolor-i-la-mastitis\/#primaryimage","url":"","contentUrl":""},{"@type":"BreadcrumbList","@id":"https:\/\/novaorg.cofb.net\/2015\/12\/09\/agora-sanitaria-formacio-per-ajudar-a-reduir-labandonament-precoc-de-la-lactancia-materna-a-causa-del-dolor-i-la-mastitis\/#breadcrumb","itemListElement":[{"@type":"ListItem","position":1,"name":"Inici","item":"https:\/\/novaorg.cofb.net\/"},{"@type":"ListItem","position":2,"name":"\u00c0gora Sanit\u00e0ria: formaci\u00f3 per ajudar a reduir l&#8217;abandonament preco\u00e7 de la lact\u00e0ncia materna a causa del dolor i la mastitis"}]},{"@type":"WebSite","@id":"https:\/\/www.cofb.org\/#website","url":"https:\/\/www.cofb.org\/","name":"Col\u00b7legi de Farmac\u00e8utics de Barcelona","description":"","publisher":{"@id":"https:\/\/www.cofb.org\/#organization"},"potentialAction":[{"@type":"SearchAction","target":{"@type":"EntryPoint","urlTemplate":"https:\/\/www.cofb.org\/?s={search_term_string}"},"query-input":"required name=search_term_string"}],"inLanguage":"es"},{"@type":"Organization","@id":"https:\/\/www.cofb.org\/#organization","name":"Col\u00b7legi de Farmac\u00e8utics de Barcelona","url":"https:\/\/www.cofb.org\/","logo":{"@type":"ImageObject","inLanguage":"es","@id":"https:\/\/www.cofb.org\/#\/schema\/logo\/image\/","url":"https:\/\/www.cofb.org\/wp-content\/uploads\/2023\/11\/cropped-Logotip-COFB.png","contentUrl":"https:\/\/www.cofb.org\/wp-content\/uploads\/2023\/11\/cropped-Logotip-COFB.png","width":500,"height":105,"caption":"Col\u00b7legi de Farmac\u00e8utics de Barcelona"},"image":{"@id":"https:\/\/www.cofb.org\/#\/schema\/logo\/image\/"},"sameAs":["https:\/\/www.facebook.com\/farmaceuticsbcn\/","https:\/\/twitter.com\/farmaceuticsbcn","https:\/\/www.instagram.com\/farmaceuticsbcn\/","https:\/\/www.linkedin.com\/company\/farmaceuticsbcn\/"]},{"@type":"Person","@id":"https:\/\/www.cofb.org\/#\/schema\/person\/22ed7eea88da74b0fa4d3154ad87ffcb","name":"wpAdminCofbOrg","image":{"@type":"ImageObject","inLanguage":"es","@id":"https:\/\/www.cofb.org\/#\/schema\/person\/image\/","url":"https:\/\/secure.gravatar.com\/avatar\/1721b20b3b8ca882c3b56ec6c978c594fff670e40c0718e9190eaeeb76aae7d8?s=96&d=mm&r=g","contentUrl":"https:\/\/secure.gravatar.com\/avatar\/1721b20b3b8ca882c3b56ec6c978c594fff670e40c0718e9190eaeeb76aae7d8?s=96&d=mm&r=g","caption":"wpAdminCofbOrg"},"sameAs":["http:\/\/192.168.64.122\/wordpress"],"url":"https:\/\/www.cofb.org\/es\/author\/wpadmincofborg\/"}]}},"uagb_featured_image_src":{"full":false,"thumbnail":false,"medium":false,"medium_large":false,"large":false,"1536x1536":false,"2048x2048":false,"trp-custom-language-flag":false},"uagb_author_info":{"display_name":"wpAdminCofbOrg","author_link":"https:\/\/www.cofb.org\/es\/author\/wpadmincofborg\/"},"uagb_comment_info":0,"uagb_excerpt":"En nombrosos estudis s&#8217;ha demostrat la import\u00e0ncia de la lact\u00e0ncia materna per al beb\u00e8 que, entre altres beneficis, fomenta el seu desenvolupament sensorial i cognitiu, i el protegeix de les malalties infeccioses i cr\u00f2niques, tal com apunta l&#8217;OMS. Per donar m\u00e9s eines als farmac\u00e8utics que ajudin a evitar l&#8217;abandonament preco\u00e7 [&hellip;]","_links":{"self":[{"href":"https:\/\/www.cofb.org\/es\/wp-json\/wp\/v2\/posts\/17962","targetHints":{"allow":["GET"]}}],"collection":[{"href":"https:\/\/www.cofb.org\/es\/wp-json\/wp\/v2\/posts"}],"about":[{"href":"https:\/\/www.cofb.org\/es\/wp-json\/wp\/v2\/types\/post"}],"author":[{"embeddable":true,"href":"https:\/\/www.cofb.org\/es\/wp-json\/wp\/v2\/users\/1"}],"replies":[{"embeddable":true,"href":"https:\/\/www.cofb.org\/es\/wp-json\/wp\/v2\/comments?post=17962"}],"version-history":[{"count":0,"href":"https:\/\/www.cofb.org\/es\/wp-json\/wp\/v2\/posts\/17962\/revisions"}],"wp:featuredmedia":[{"embeddable":true,"href":"https:\/\/www.cofb.org\/es\/wp-json\/"}],"wp:attachment":[{"href":"https:\/\/www.cofb.org\/es\/wp-json\/wp\/v2\/media?parent=17962"}],"wp:term":[{"taxonomy":"category","embeddable":true,"href":"https:\/\/www.cofb.org\/es\/wp-json\/wp\/v2\/categories?post=17962"},{"taxonomy":"post_tag","embeddable":true,"href":"https:\/\/www.cofb.org\/es\/wp-json\/wp\/v2\/tags?post=17962"}],"curies":[{"name":"wp","href":"https:\/\/api.w.org\/{rel}","templated":true}]}}