{"id":17282,"date":"2015-11-04T18:47:43","date_gmt":"2015-11-04T17:47:43","guid":{"rendered":"http:\/\/blog.cofb.cat\/?p=17282"},"modified":"2015-11-04T18:47:43","modified_gmt":"2015-11-04T17:47:43","slug":"la-denuncia-del-retard-en-el-pagament-els-serveis-a-les-farmacies-i-linforme-de-la-cnmc-entre-molts-altres-temes-recollits-pels-mitjans-a-loctubre","status":"publish","type":"post","link":"https:\/\/www.cofb.org\/es\/2015\/11\/04\/la-denuncia-del-retard-en-el-pagament-els-serveis-a-les-farmacies-i-linforme-de-la-cnmc-entre-molts-altres-temes-recollits-pels-mitjans-a-loctubre\/","title":{"rendered":"La denuncia del retraso en el pago, los servicios en las farmacias y el informe de la CNMC, entre otros muchos temas recogidos por los medios en octubre"},"content":{"rendered":"<figure id=\"attachment_17284\" aria-describedby=\"caption-attachment-17284\" style=\"width: 337px\" class=\"wp-caption alignleft\"><a href=\"http:\/\/www.ccma.cat\/tv3\/alacarta\/canal-324\/entrevista-jordi-de-dalmases-president-consell-de-collegis-farmaceutics-de-catalunya\/video\/5560954\/\" target=\"_blank\" rel=\"noopener\"><img fetchpriority=\"high\" decoding=\"async\" class=\"wp-image-17284\" alt=\"324-president\" src=\"http:\/\/blog.cofb.cat\/wp-content\/uploads\/2015\/11\/324-president.jpg\" width=\"337\" height=\"190\" \/><\/a><figcaption id=\"caption-attachment-17284\" class=\"wp-caption-text\">El presidente del Consejo de Colegios Farmac\u00e9uticos de Catalunya y del Colegio de Farmac\u00e9uticos de Barcelona, Jordi de Dalmases, en una entrevista en 324 de TV3<\/figcaption><\/figure>\n<p><div class=\"box shadow\"><strong><a href=\"http:\/\/blog.cofb.cat\/la-generalitat-anuncia-als-farmaceutics-que-shan-acabat-els-diners-per-pagar-els-medicaments\/\" target=\"_blank\" rel=\"noopener\">Nuevo retraso en el pago a las farmacias: se agrava la deuda<br \/>\n<\/a><\/strong><br \/>\nOctubre ha sido un mes muy intenso para las farmacias, que han aparecido en los medios con temas muy diversos. La noticia m\u00e1s contundente lleg\u00f3 el 30 de octubre, con el anuncio de la Generalitat del<strong>agravamiento de la deuda, ante la imposibilidad de poder pagar ninguna factura hasta final de a\u00f1o<\/strong>. El Colegio lo va <strong><a href=\"http:\/\/blog.cofb.cat\/la-generalitat-anuncia-als-farmaceutics-que-shan-acabat-els-diners-per-pagar-els-medicaments\/\" target=\"_blank\" rel=\"noopener\">denunciar con contundencia a los medios<\/a><\/strong>: se envi\u00f3 nota de prensa a todos los medios de comunicaci\u00f3n y las repercusiones se registraron a todos los niveles, tanto prensa escrita como online, radio y televisi\u00f3n. Tanto el<strong> presidente del Colegio, Jordi de Dalmases, como el vicepresidente, Francesc Pla, y el vicetesorero, Jordi Casas<\/strong>, atendieron a las m\u00faltiples peticiones que formularon los medios, interesados en dar a conocer a la opini\u00f3n p\u00fablica este nuevo impago, una situaci\u00f3n que los farmac\u00e9uticos llevan sufriendo cuatro a\u00f1os. La Administraci\u00f3n ya estaba pagando los medicamentos a 90 d\u00edas respecto a la fecha de factura, con ese agravamiento no se cobrar\u00e1n hasta 4 meses despu\u00e9s. Se ha denunciado insensibilidad y falta de previsi\u00f3n, apelando a la responsabilidad de todos los administradores para garantizar un bien esencial como es el acceso a los medicamentos a la poblaci\u00f3n.<\/p>\n<p><strong>El mismo d\u00eda 30, se registraron m\u00e1s de un centenar de repercusiones<\/strong>. Destacan la entrevista al presidente en el <a href=\"http:\/\/www.ccma.cat\/tv3\/alacarta\/canal-324\/entrevista-jordi-de-dalmases-president-consell-de-collegis-farmaceutics-de-catalunya\/video\/5560954\/\">324 de TV3<\/a>, o sus declaraciones en <a href=\"http:\/\/www.ccma.cat\/tv3\/alacarta\/telenoticies-migdia\/telenoticies-migdia-30102015\/video\/5560906\/\">TV3 TN mediod\u00eda<\/a> (a partir del minuto 09&#039;22&#039;&#039;), <a href=\"http:\/\/www.ccma.cat\/tv3\/alacarta\/telenoticies-vespre\/telenoticies-vespre-30102015\/video\/5560983\/\">TV3 TN tarde<\/a> (a sufrir del minuto 13&#039;46\u201d), en <a href=\"http:\/\/www.rtve.es\/alacarta\/videos\/linformatiu\/infmigdia-20151030-1353\/3341559\/\">TVE1 Catalu\u00f1a<\/a> (a partir del minuto 10&#039;44\u201d) y en su edici\u00f3n nacional <a href=\"http:\/\/www.rtve.es\/alacarta\/videos\/telediario\/telediario-15-horas-30-10-15\/3341650\/\">TVE1 Telediario 1<\/a> (a partir del minuto 09&#039;07\u201d) o la edici\u00f3n vespertina de\u00a0<a href=\"http:\/\/www.rtve.es\/alacarta\/videos\/telediario\/telediario-21-horas-30-10-15\/3341995\/\">TVE1 Telediario 2<\/a> (a partir del minuto 02&#039;17\u201d); tambi\u00e9n al d\u00eda siguiente, en <a href=\"http:\/\/www.telemadrid.es\/programas\/diario-de-la-noche\/diario-de-la-noche-31102015\">Telemadrid Diario de la noche<\/a> (a partir del minuto 11&#039;51\u201d). En radio, destacan sus intervenciones en los informativos de <a href=\"http:\/\/www.rac1.org\/a-la-carta\/\">Rac1 14\/15<\/a> (a partir del minuto 09&#039;20\u201d), <a href=\"http:\/\/play.cadenaser.com\/audio\/cadenaser_hora14_20151030_140000_150000\/\">Cadena Ser Hora 14<\/a> (a partir del minuto 54&#039;20\u201d) y su edici\u00f3n catalana <a href=\"http:\/\/play.cadenaser.com\/audio\/002RD010000001012893\/\">Cadena Ser Hora 14 Catalu\u00f1a<\/a> (a partir del minuto 15&#039;12\u201d), o <a href=\"http:\/\/play.cadenaser.com\/audio\/cadenaser_laventana_20151030_190000_200000\/\">Cadena Ser La ventana<\/a> (a partir del minuto 05&#039;30\u201d).<\/p>\n<p>Por su parte, Francesc Pla intervino en <a href=\"http:\/\/www.8tv.cat\/8aldia\/videos\/informatiu-30-doctubre-del-2015\/\">8TV 8 al D\u00eda<\/a> (a partir del minuto 14&#039;40\u201d), <a href=\"http:\/\/www.atresplayer.com\/television\/noticias\/antena-3\/noticias-2\/2015\/octubre\/dia-30-mariano-rajoy-pedido-fuerzas-polticas-tener-debates-estriles_2015103000423.html\">Antena 3 Noticias 2<\/a> (a partir del minuto 13&#039;54\u201d), <a href=\"http:\/\/www.telecinco.es\/informativos\/informativos-diferidos.html\">Tele 5 Informativos T5<\/a> \u00a0(a partir del minuto 08&#039;40\u201d), <a href=\"http:\/\/www.atresplayer.com\/television\/noticias\/lasexta-noticias\/noticias-2\/2015\/octubre\/dia-30-mariano-rajoy-asumo-liderar-respuesta-desafo_2015103000411.html\">La Sexta Noticias 2a edici\u00f3n<\/a> (a partir del minuto 16&#039;21\u201d) o el d\u00eda 31 a <a href=\"http:\/\/www.cuatro.com\/noticias-cuatro\/en-directo\/noticias-cuatro-fds\/Noticias_Fin_de_Semana-Roberto_Arce-Marta_Reyero_2_2076405031.html\">Cuatro Noticias Cuatro1<\/a> (a partir del minuto 16&#039;29\u201d). En radio, intervenciones destacadas en <a href=\"http:\/\/www.rtve.es\/alacarta\/audios\/edicio-migdia-catalunya\/edicio-migdia-catalunya-cdc-erc-aniran-separats-20-pero-coordinats-amb-jxsi\/3341420\/\">RNE Informativo mediod\u00eda<\/a> (a partir del minuto 34&#039;23&#039;&#039;) o <a href=\"http:\/\/programes.laxarxa.com\/audio\/102771\">La Red Noticias en red v\u00edspera<\/a> (a partir del minuto 38&#039;15&#039;&#039;).<\/p>\n<p>Jordi Casas atendi\u00f3 a varias radios: <a href=\"http:\/\/www.ondacero.es\/programas\/noticias-mediodia\/programas-completos\/noticias-mediodia-30102015_2015103056337b644beb28fbf7dbbf6d.html\">Onda Cero Noticias mediod\u00eda<\/a> (a partir del minuto 00&#039;46\u201d), <a href=\"http:\/\/esradio.libertaddigital.com\/fonoteca\/2015-10-30\/es-noticia-la-reunion-de-rajoy-para-luchar-contra-el-separatismo-93783.html\">Es Radio Es noticia<\/a> (a partir del minuto 46&#039;10\u201d) o <a href=\"http:\/\/www.gestionaradio.com\/27201-pulso-empresarial-ruben-gil-1-2015-10-30-180000-96kbps-mp3\/\">Gestiona radio Pulso empresarial<\/a> (a partir del minuto 55&#039;54&#039;&#039;). Y tambi\u00e9n al d\u00eda siguiente en <a href=\"http:\/\/www.cope.es\/player\/La-Manana-Fin-de-Semana-de-6-a-830-sabado-31-de-octubre-de-2015&amp;id=2015103108560001&amp;activo=10\">Cadena Cope La ma\u00f1ana del s\u00e1bado<\/a> (a partir del minuto 01h 11&#039;14\u201d), entre otros.<\/p>\n<p>Asimismo, la noticia la ha recogido extensamente la prensa generalista -es el caso de medios como <a href=\"http:\/\/www.lavanguardia.com\/economia\/20151030\/54437561977\/generalitat-comunica-farmacias-dinero.html\">La Vanguardia<\/a>, <a href=\"http:\/\/www.elmundo.es\/cataluna\/2015\/10\/30\/56334d4546163fc9598b45c2.html\">El Mundo<\/a>, <a href=\"http:\/\/ccaa.elpais.com\/ccaa\/2015\/10\/30\/catalunya\/1446206514_134842.html\">El Pa\u00eds<\/a>, <a href=\"http:\/\/www.elperiodico.com\/es\/noticias\/sociedad\/farmacias-catalanas-tardaron-cuatro-meses-cobrar-deuda-generalitat-4631594\">El Peri\u00f3dico<\/a> o la agencia de noticias <a href=\"http:\/\/www.europapress.es\/catalunya\/noticia-govern-dice-farmaceuticos-no-podra-pagar-lleguen-fondos-20151030120423.html\">Europa Press<\/a>\u2013 y la prensa especializada en cabeceras como <a href=\"file:\/\/srv-fitxers\/Premsa$\/Blog\/Not%C3%ADcies\/MITJANS\/octubre%202015\/Catalu%C3%B1a%20dice%20que%20no%20pagar%C3%A1%20a%20las%20farmacias%20si%20no%20llega%20FLA%20en%20lo%20que%20queda%20de%20a%C3%B1o\">Correo Farmac\u00e9utico<\/a> o <a href=\"http:\/\/www.elglobal.net\/noticias-medicamento\/2015-10-30\/farmacia\/cataluna-no-pagara-mas-facturas-a-sus-boticas-en-2015-si-no-llega-un-fla-extraordinario\/pagina.aspx?idart=945780\">El Global<\/a>, entre otros.<\/p>\n<p>Ante esta denuncia de falta de financiaci\u00f3n para hacer frente a las facturas en medicamentos, <strong>el ministro de Sanidad, Alfonso Alonso, afirm\u00f3 al d\u00eda siguiente, el pasado 31 de octubre, que no dejar\u00e1 las oficinas de farmacia catalanas sin cobrar.<\/strong> Puede consultar la noticia en <a href=\"http:\/\/www.atresplayer.com\/television\/noticias\/antena-3\/noticias-fin-de-semana\/2015\/Octubre\/dia-31-rusia-niega-que-avin-siniestrado-sufriera-atentado_2015103100151.html\">Antena 3 Noticias 2<\/a> (minuto 20&#039;12\u201d), <a href=\"http:\/\/www.rtve.es\/alacarta\/videos\/telediario\/telediario-15-horas-31-10-15\/3342659\/\">TVE1 Telediario 1<\/a> (minuto 18&#039;25\u201d) o el diario de prensa especializada <a href=\"http:\/\/www.redaccionmedica.com\/secciones\/farmacia\/sanidad-rescatar-a-las-farmacias-catalanas-89479\">Redacci\u00f3n M\u00e9dica<\/a>.<\/p>\n<p><b>En breve, en la <a href=\"http:\/\/www.cofb.org\/es\/web\/guest\/el-cofb-als-mitjans\/\" target=\"_blank\" rel=\"noopener\">sala de prensa de la web institucional<\/a>, se podr\u00e1n consultar todas las repercusiones. Tambi\u00e9n en la pr\u00f3xima recopilaci\u00f3n de mediados de noviembre de este Blog encontrar\u00e1 el resto de repercusiones que se han ido registrando en los primeros d\u00edas del mes.<b><a href=\"http:\/\/blog.cofb.cat\/la-generalitat-anuncia-als-farmaceutics-que-shan-acabat-els-diners-per-pagar-els-medicaments\/\"><\/div><\/a><\/b><\/b><\/p>\n<p><b> <div class=\"box shadow\"><\/b><b><a href=\"http:\/\/blog.cofb.cat\/el-programa-de-deteccio-precoc-del-cancer-de-colon-sesten-a-tota-la-provincia-de-barcelona-amb-la-implicacio-de-les-farmacies\/\">Servicios en la farmacia: se extiende el programa de cribado de c\u00e1ncer de colon<\/a><\/b><\/p>\n[caption id=&quot;attachment_17285&quot; align=&quot;alignright&quot; width=&quot;289&quot;]<a href=\"http:\/\/www.ccma.cat\/tv3\/alacarta\/telenoticies-migdia\/els-experts-asseguren-que-les-campanyes-i-controls-preventius-contra-el-cancer-de-colon-son-encara-escasses\/video\/5560132\/\" target=\"_blank\" rel=\"noopener\"><img decoding=\"async\" class=\"wp-image-17285\" alt=\"TV3-colon\" src=\"http:\/\/blog.cofb.cat\/wp-content\/uploads\/2015\/11\/TV3-colon.jpg\" width=\"289\" height=\"253\" \/><\/a> TV3 se hizo eco de la extensi\u00f3n del programa de cribado de c\u00e1ncer de colon en el que participan las farmacias. La noticia incluye im\u00e1genes de la farmacia Sindreu de Argentona[\/caption]\n<p>Los servicios profesionales en la farmacia tambi\u00e9n han sido noticia. Contin\u00faa el<a href=\"http:\/\/blog.cofb.cat\/el-programa-de-deteccio-precoc-del-cancer-de-colon-sesten-a-tota-la-provincia-de-barcelona-amb-la-implicacio-de-les-farmacies\/\" target=\"_blank\" rel=\"noopener\"><strong>extensi\u00f3n del Programa de detecci\u00f3n precoz del c\u00e1ncer de colon<\/strong> por toda la provincia de Barcelona con la implicaci\u00f3n de las farmacias<\/a>. Desde el mes de septiembre ha iniciado su extensi\u00f3n en el resto de Barcelona ciudad, el \u00c1rea Metropolitana Sur, \u00c1mbito del Barcelon\u00e8s Nord, Maresme y Vall\u00e8s Occidental y hasta finales de a\u00f1o se ir\u00e1 desplegando en el resto del territorio de la regi\u00f3n, que abarca los municipios de las comarcas del Garraf, Vall\u00e8s Oriental, Anoia y Bages-Bergued\u00e0. El <a href=\"http:\/\/www.ccma.cat\/tv3\/alacarta\/telenoticies-migdia\/els-experts-asseguren-que-les-campanyes-i-controls-preventius-contra-el-cancer-de-colon-son-encara-escasses\/video\/5560132\/\">TN mediod\u00eda de TV3<\/a> lo recogi\u00f3, con im\u00e1genes de la farmacia Sindreu de Argentona. Tambi\u00e9n se han hecho eco <a href=\"http:\/\/elprat.tv\/2015\/10\/02\/prova-de-deteccio-precoc-del-cancer-de-colon-a-les-farmacies-del-prat\/\">El Prat TV<\/a>, con declaraciones de Jordi Casas, vicetesorero del COFB, y \u00a0<a href=\"http:\/\/www.canalblau.cat\/programa-de-deteccio-precoc-de-cancer-de-colon-i-recte\/\">Canal Azul<\/a>, con declaraciones de la farmac\u00e9utica Cristina Lobato de Vilanova y la Geltr\u00fa.<\/p>\n<p>Asimismo, del 15 al 17 de octubre, tuvo lugar el<strong> <a href=\"http:\/\/blog.cofb.cat\/la-farmacia-catalana-accepta-el-repte-de-la-cronicitat-al-congres-datencio-farmaceutica-de-toledo\/\">IX Congreso Nacional de Atenci\u00f3n Farmac\u00e9utica<\/a><\/strong>. Varios medios de la prensa especializada se hicieron eco de proyectos vinculados a las farmacias catalanas que se presentaron en el marco de estos congresos: es el caso del <strong>pilotaje de un nuevo servicio de detecci\u00f3n de apnea<\/strong> impulsado desde el Colegio a <a href=\"http:\/\/www.correofarmaceutico.com\/2015\/10\/26\/al-dia\/entorno\/el-cof-de-barcelona-pilota-un-nuevo-servicio-de-deteccion-de-apnea\">Correo Farmac\u00e9utico<\/a>, con declaraciones de Francisca Aranzana, vocal de Oficina de Farmacia del COFB, y del<strong> Programa de educaci\u00f3n sanitaria a personas mayores de Catalu\u00f1a sobre el buen uso del medicamento<\/strong>, tambi\u00e9n publicado en <a href=\"http:\/\/www.correofarmaceutico.com\/2015\/10\/03\/al-dia\/entorno\/boticarios-de-cataluna-aumentan-la-adherencia-con-formacion\">Correo Farmac\u00e9utico<\/a>, que recoge declaraciones de la secretaria t\u00e9cnica del Consejo de Colegios Farmac\u00e9uticos de Catalunya, Pilar Rius.<\/p>\n<p>Asimismo, la secretaria del Consejo, Pilar Gasc\u00f3n, public\u00f3 en <a href=\"http:\/\/www.elglobal.net\/noticias-medicamento\/2015-10-18\/gestion-farmaceutica\/opinion-remuneracion-de-servicios-cuestion-inapelable\/pagina.aspx?idart=942438\">El Global<\/a> un art\u00edculo de opini\u00f3n hablando de la<strong> remunaci\u00f3n de los servicios como \u201ccuesti\u00f3n inapelable\u201d<\/strong>. Estas declaraciones tambi\u00e9n las recoge <a href=\"http:\/\/www.imfarmacias.es\/noticia\/8017\/hay-que-construir-una-marca-ligada-a-la-farmacia-asistencial\">imFarmacias<\/a> y <a href=\"http:\/\/www.correofarmaceutico.com\/2015\/10\/26\/al-dia\/entorno\/el-paciente-prefiere-servicios-ligados-a-su-terapia\">Correo Farmac\u00e9utico<\/a>.<b><\/div><\/b><\/p>\n<p><b><a href=\"http:\/\/blog.cofb.cat\/reaccions-a-linforme-de-la-comissio-nacional-dels-mercats-i-la-competencia\/\"><div class=\"box shadow\">Reacciones en el informe de la Comisi\u00f3n Nacional de los Mercados y la Competencia<\/a><\/b><\/p>\n[caption id=&quot;attachment_17021&quot; align=&quot;alignleft&quot; width=&quot;291&quot;]<a href=\"http:\/\/www.ccma.cat\/tv3\/alacarta\/telenoticies-migdia\/telenoticies-migdia-22102015\/video\/5559165\/\" target=\"_blank\" rel=\"noopener\"><img decoding=\"async\" class=\"wp-image-17021\" alt=\"TV3Pla\" src=\"http:\/\/blog.cofb.cat\/wp-content\/uploads\/2015\/10\/TV3Pla.jpg\" width=\"291\" height=\"175\" \/><\/a> Francesc Pla, vicepresidente delm Colegio, explica en TV3 nuestro posicionamiento ante el informe de la CNMC[\/caption]\n<p>El 21 de octubre la Comisi\u00f3n Nacional de los Mercados y la Competencia (CNMC) public\u00f3 el <a href=\"http:\/\/www.cnmc.es\/Portals\/0\/Ficheros\/Promocion\/Informes_y_Estudios_Sectoriales\/2015\/20151021_%20E_CNMC_003_15_Farmacia_FINAL.pdf\">Estudio sobre el Mercado de Distribuci\u00f3n Minorista de Medicamentos en Espa\u00f1a<\/a> donde se cuestionaba, de nuevo, el actual modelo de farmacia y se planteaban propuestas como la venta de medicamentos sin receta fuera del canal farmac\u00e9utico. Las reacciones a ese anuncio han llegado desde todos los estamentos de la Sanidad. El consejero de Salud, Boi Ruiz, defendi\u00f3 al <a href=\"http:\/\/www.ccma.cat\/tv3\/alacarta\/telenoticies-migdia\/telenoticies-migdia-22102015\/video\/5559165\/\">TN mediod\u00eda de TV3<\/a> nuestro modelo de farmacia y declar\u00f3 que \u201cla farmacia es un agente de salud y, el medicamento, un producto que utilizan los agentes de salud, no un producto que se puede comercializar como si fuera un producto de consumo cualquiera\u201d. Por su parte, Francesc Pla, vicepresidente del Colegio, explic\u00f3 <a href=\"http:\/\/www.ccma.cat\/tv3\/alacarta\/telenoticies-migdia\/telenoticies-migdia-22102015\/video\/5559165\/\">en el mismo medio<\/a> (minuto 29&#039;) que no se tiene en cuenta los efectos que pueden tener sobre los pacientes estas propuestas, como por ejemplo las interacciones entre medicamentos. El<a href=\"http:\/\/www.directe.cat\/acn\/691057\/els-farmaceutics-s-oposen-a-la-venda-de-medicaments-fora-de-les-farmacies-per-la-seguretat-21\">Agencia Catalana de Noticias<\/a>,\u00a0<a href=\"http:\/\/www.elpuntavui.cat\/societat\/article\/5-societat\/907971-govern-i-farmaceutics-soposen-a-la-venda-de-farmacs-a-establiments-com-benzineres.html\">El Punt Avui<\/a>, Diario de Tarragona, La Raz\u00f3n y su suplemento A tu salud, <a href=\"http:\/\/www.directe.cat\/acn\/691057\/els-farmaceutics-s-oposen-a-la-venda-de-medicaments-fora-de-les-farmacies-per-la-seguretat-21\">Directo.cat<\/a>\u00a0y\u00a0<a href=\"http:\/\/www.eixdiari.cat\/societat\/doc\/58355\/els-farmaceutics-soposen-a-la-venda-de-medicaments-fora-de-les-farmacies-per-seguretat.html\">Eixdiario<\/a>\u00a0y <a href=\"http:\/\/www.diariofarma.com\/2015\/10\/23\/la-farmacia-en-cataluna-defiende-el-modelo-actual-frente-al-propuesto-por-la-cnmc\">Diariofarma<\/a> tambi\u00e9n recogieron declaraciones de Pla al respecto.<b><a href=\"http:\/\/blog.cofb.cat\/reaccions-a-linforme-de-la-comissio-nacional-dels-mercats-i-la-competencia\/\"><\/div><\/a><\/b><\/p>\n<figure id=\"attachment_17307\" aria-describedby=\"caption-attachment-17307\" style=\"width: 212px\" class=\"wp-caption alignright\"><a href=\"http:\/\/www.imfarmacias.es\/noticia\/7881\/la-formacion-al-farmaceutico-pilar-fundamental-del-proximo-curso-de-agora-sanitaria\" target=\"_blank\" rel=\"noopener\"><img loading=\"lazy\" decoding=\"async\" class=\"wp-image-17307\" alt=\"imfarmacias-agora\" src=\"http:\/\/blog.cofb.cat\/wp-content\/uploads\/2015\/11\/imfarmacias-agora.jpg\" width=\"212\" height=\"244\" \/><\/a><figcaption id=\"caption-attachment-17307\" class=\"wp-caption-text\">imFarmacias<\/figcaption><\/figure>\n<p><b><div class=\"box shadow\">Novedades del programa formativo del nuevo curso de \u00c0gora Sanit\u00e0ria<br \/>\n<\/b><br \/>\nEste mes de octubre tambi\u00e9n se ha enviado nota de prensa para informar de las <strong>novedades del programa formativo del 3r trimestre en el portal de formaci\u00f3n <a href=\"http:\/\/www.agorasanitaria.com\/web\/guest\" target=\"_blank\" rel=\"noopener\">\u00c1gora Sanitaria<\/a><\/strong>. La nota inclu\u00eda declaraciones de Cristina Rodr\u00edguez, jefe del departamento de Formaci\u00f3n y Desarrollo profesional del COFB. Se hicieron eco varios medios de la prensa especializada: <a href=\"http:\/\/www.imfarmacias.es\/noticia\/7881\/la-formacion-al-farmaceutico-pilar-fundamental-del-proximo-curso-de-agora-sanitaria\">imFarmacias<\/a>, <a href=\"http:\/\/www.elglobal.net\/noticias-medicamento\/2015-10-01\/farmacia\/la-formacion-es-clave-en-la-mejora-profesional-de-la-farmacia\/pagina.aspx?idart=939330&amp;utm_source=direct&amp;utm_medium=web&amp;utm_campaign=buscador_global\">El Global<\/a> y <a href=\"http:\/\/www.diariofarma.com\/2015\/10\/01\/la-formacion-es-clave-para-el-desarrollo-profesional-y-valor-sanitario-de-la-farmacia?id=22711\">Diariofarma<\/a>.<b><a href=\"http:\/\/blog.cofb.cat\/quines-son-les-novetats-del-programa-formatiu-del-nou-curs-dagora-sanitaria\/\"><\/div><\/a><\/b><\/p>\n<figure id=\"attachment_17309\" aria-describedby=\"caption-attachment-17309\" style=\"width: 208px\" class=\"wp-caption alignleft\"><a href=\"http:\/\/www.elfarmaceutico.es\/index.php\/noticias-actualidad-farmaceutica\/item\/6343-el-cof-de-barcelona-renueva-el-portal-de-comunicacion-con-los-colegiados#.VjoS5rcvdMz\" target=\"_blank\" rel=\"noopener\"><img loading=\"lazy\" decoding=\"async\" class=\"wp-image-17309\" alt=\"elfarmaceutico-novabbs\" src=\"http:\/\/blog.cofb.cat\/wp-content\/uploads\/2015\/11\/elfarmaceutico-novabbs.jpg\" width=\"208\" height=\"219\" \/><\/a><figcaption id=\"caption-attachment-17309\" class=\"wp-caption-text\">El Farmac\u00e9utico<\/figcaption><\/figure>\n<p><b><div class=\"box shadow\">Renovaci\u00f3n del portal de comunicaci\u00f3n con los colegiados<br \/>\n<\/b><br \/>\nTambi\u00e9n hemos estado proactivos comunicando a la prensa la puesta <b>marcha de la renovaci\u00f3n del portal de comunicaci\u00f3n del COFB con sus colegiados llamado \u201ccofb.net\u201d<\/b>, que con 6.563.840 p\u00e1ginas vistas durante 2014 se ha consolidado como herramienta de trabajo. Los medios de prensa especializada <a href=\"http:\/\/www.elglobal.net\/noticias-medicamento\/articulo.aspx?idart=940892&amp;idcat=784&amp;tipo=2\">El Global<\/a>, <a href=\"http:\/\/www.elfarmaceutico.es\/index.php\/noticias-actualidad-farmaceutica\/item\/6343-el-cof-de-barcelona-renueva-el-portal-de-comunicacion-con-los-colegiados#.VjiWQbcvdMz\">El Farmac\u00e9utico<\/a>, <a href=\"http:\/\/www.correofarmaceutico.com\/2015\/10\/07\/gestion\/el-cof-de-barcelona-renueva-el-portal-de-comunicacion-con-los-colegiados\">Correo Farmac\u00e9utico<\/a>, Sanifax, <a href=\"http:\/\/revistafarmanatur.com\/noticias\/el-cof-de-barcelona-renueva-el-portal-de-comunicacion-con-los-colegiados\/\">Farmanaturo<\/a> y <a href=\"http:\/\/www.imfarmacias.es\/noticia\/7942\/el-cof-de-barcelona-pone-en-marcha-la-renovacion-del-portal-de-comunicacion-con-sus-colegiados\">imFarmacias<\/a> lo recogieron en sus cabeceras.<b><\/div><\/b><\/p>\n<figure id=\"attachment_17308\" aria-describedby=\"caption-attachment-17308\" style=\"width: 195px\" class=\"wp-caption alignright\"><a href=\"http:\/\/www.elglobal.net\/noticias-medicamento\/2015-10-02\/farmacia\/los-mayores-tan-recordados-como-olvidadizos\/pagina.aspx?idart=939458\" target=\"_blank\" rel=\"noopener\"><img loading=\"lazy\" decoding=\"async\" class=\"wp-image-17308\" alt=\"elglobal-diagentgran\" src=\"http:\/\/blog.cofb.cat\/wp-content\/uploads\/2015\/11\/elglobal-diagentgran.jpg\" width=\"195\" height=\"321\" \/><\/a><figcaption id=\"caption-attachment-17308\" class=\"wp-caption-text\">El Global<\/figcaption><\/figure>\n<p><b> <div class=\"box shadow\"><\/b><b><a href=\"http:\/\/blog.cofb.cat\/1-doctubre-dia-internacional-de-la-gent-gran-els-farmaceutics-donen-eines-per-millorar-el-seguiment-dels-tractaments\/\">1 de octubre, D\u00eda Internacional de las Personas Mayores<br \/>\n<\/a><\/b><br \/>\nEl primer d\u00eda del mes conmemoramos esta efem\u00e9ride explicando a los medios c\u00f3mo <strong>los farmac\u00e9uticos dan herramientas para mejorar el seguimiento de los tratamientos<\/strong>. Seguir correctamente los tratamientos es uno de los retos a los que debemos enfrentarnos a medida que nos hacemos mayores y acumulamos diferentes enfermedades de car\u00e1cter cr\u00f3nico. La diferencia entre hacerlo bien o no, puede tener importantes implicaciones para la salud del paciente, por eso los farmac\u00e9uticos se han implicado en dar herramientas y formaci\u00f3n que faciliten un buen uso de los medicamentos para que tengan el efecto deseado. <a href=\"http:\/\/www.correofarmaceutico.com\/2015\/10\/03\/al-dia\/entorno\/boticarios-de-cataluna-aumentan-la-adherencia-con-formacion\">Correo Farmac\u00e9utico<\/a>, <a href=\"http:\/\/www.elglobal.net\/noticias-medicamento\/2015-10-02\/farmacia\/los-mayores-tan-recordados-como-olvidadizos\/pagina.aspx?idart=939458\">El Global<\/a> (con declaraciones de Merc\u00e8 Barau, vocal de la Junta del COFB), <a href=\"http:\/\/www.auladelafarmacia.com\/af\/plantillasAula\/login\/?web=http:\/\/www.auladelafarmacia.com\/aula_de_la_farmacia\/noticias\/134869\/mejorar-el-seguimiento-de-los-tratamientos-uno-de-los-retos-en-edades-avanzadas\">Aula de Farmacia<\/a>, <a href=\"http:\/\/www.saludemia.com\/-\/noticia-dia-internacional-de-la-gente-mayor\">Saludemia<\/a> y Sanifax lo publicaron.<b><\/div><\/b><\/p>\n<figure id=\"attachment_17310\" aria-describedby=\"caption-attachment-17310\" style=\"width: 182px\" class=\"wp-caption alignleft\"><a href=\"http:\/\/www.diariofarma.com\/2015\/10\/06\/infarma-2016-presenta-sus-comites-cientifico-y-organizador?id=22797\" target=\"_blank\" rel=\"noopener\"><img loading=\"lazy\" decoding=\"async\" class=\"wp-image-17310\" alt=\"diariofarma-infarma2016\" src=\"http:\/\/blog.cofb.cat\/wp-content\/uploads\/2015\/11\/diariofarma-infarma2016.jpg\" width=\"182\" height=\"193\" \/><\/a><figcaption id=\"caption-attachment-17310\" class=\"wp-caption-text\">Diariofarma<\/figcaption><\/figure>\n<p><b><div class=\"box shadow\">Infarma Madrid 2016<br \/>\n<\/b><br \/>\nLa pr\u00f3xima edici\u00f3n de Infarma present\u00f3 en el mes de octubre sus <strong>Comit\u00e9s Cient\u00edfico y Organizador<\/strong>. <a href=\"http:\/\/www.diariofarma.com\/2015\/10\/06\/infarma-2016-presenta-sus-comites-cientifico-y-organizador?id=22797\">Diariofarma<\/a> public\u00f3 la noticia con menci\u00f3n a <strong>Jordi de Dalmases, presidente del COFB<\/strong>. Tambi\u00e9n se hicieron eco Sanifax, <a href=\"http:\/\/www.actasanitaria.com\/infarma-madrid-2016-fija-la-apertura-de-sus-puertas-para-el-proximo-8-de-marzo\/\">Acta Sanitaria<\/a> y <a href=\"http:\/\/www.elglobal.net\/noticias-medicamento\/2015-10-09\/farmacia\/infarma-madrid-abrira-sus-puertas-el-8-de-marzo-con-nuevo-formato\/pagina.aspx?idart=940985\">El Global<\/a>.<b><\/div><\/b><\/p>\n<figure id=\"attachment_17311\" aria-describedby=\"caption-attachment-17311\" style=\"width: 198px\" class=\"wp-caption alignright\"><a href=\"http:\/\/www.correofarmaceutico.com\/2015\/10\/08\/al-dia\/entorno\/el-paciente-tiene-que-ser-una-de-las-principales-motivaciones-del-farmaceutico\" target=\"_blank\" rel=\"noopener\"><img loading=\"lazy\" decoding=\"async\" class=\"wp-image-17311\" alt=\"correofarmaceutico-diada\" src=\"http:\/\/blog.cofb.cat\/wp-content\/uploads\/2015\/11\/correofarmaceutico-diada.jpg\" width=\"198\" height=\"228\" \/><\/a><figcaption id=\"caption-attachment-17311\" class=\"wp-caption-text\">Correo Farmac\u00e9utico<\/figcaption><\/figure>\n<p><b><a href=\"http:\/\/blog.cofb.cat\/diada-del-farmaceutic-2015-celebrem-la-professio\/\"><div class=\"box shadow\">Celebramos la profesi\u00f3n: Diada del Farmac\u00e9utico<br \/>\n<\/a><\/b><br \/>\nEl 7 de octubre el Colegio celebr\u00f3 la <strong>Fiesta del Farmac\u00e9utico 2015<\/strong>, que tuvo lugar en el Palau de la M\u00fasica de Barcelona por <strong>rendir homenaje a los profesionales de la farmacia que han cumplido 25 y 50 a\u00f1os de colegiaci\u00f3n<\/strong>. Tambi\u00e9n informamos a la prensa especializada y <a href=\"http:\/\/www.correofarmaceutico.com\/2015\/10\/08\/al-dia\/entorno\/el-paciente-tiene-que-ser-una-de-las-principales-motivaciones-del-farmaceutico\">Correo Farmac\u00e9utico<\/a>, <a href=\"http:\/\/www.imfarmacias.es\/noticia\/7956\/el-cofb-celebra-la-diada-del-farmaceutic-2015-apostando-por-el-crecimiento-progresivo-de-la-cartera-de-servicios\">imFarmacias<\/a>, <a href=\"http:\/\/www.diariofarma.com\/2015\/10\/08\/dalmases-pide-a-los-farmaceuticos-hacerse-imprescindibles-con-resultados-de-salud?id=22832\">Diariofarma<\/a>, <a href=\"http:\/\/www.elglobal.net\/noticias-medicamento\/2015-10-08\/farmacia\/los-farmaceuticos-barceloneses-celebran-su-diada-anual\/pagina.aspx?idart=941135\">El Global<\/a>, Sanifax lo recogieron. Esta \u00faltima publicaci\u00f3n tambi\u00e9n nombr\u00f3 \u201cFigura del d\u00eda\u201d en <strong>presidente del Colegio, Jordi de Dalmases<\/strong>, por la organizaci\u00f3n del acto y su discurso en el evento.<b><a href=\"http:\/\/blog.cofb.cat\/diada-del-farmaceutic-2015-celebrem-la-professio\/\"><\/div><\/a><\/b><\/p>\n<figure id=\"attachment_17306\" aria-describedby=\"caption-attachment-17306\" style=\"width: 291px\" class=\"wp-caption alignleft\"><a href=\"http:\/\/www.rtve.es\/alacarta\/videos\/linformatiu\/infmigdia-20151001-1355\/3307260\/\"><img loading=\"lazy\" decoding=\"async\" class=\"wp-image-17306\" alt=\"tve-vacuna-barau\" src=\"http:\/\/blog.cofb.cat\/wp-content\/uploads\/2015\/11\/tve-vacuna-barau.jpg\" width=\"291\" height=\"174\" \/><\/a><figcaption id=\"caption-attachment-17306\" class=\"wp-caption-text\">Merc\u00e8 Barau, vocal del COFB, hablando de la vacuna de la meningitis en TVE<\/figcaption><\/figure>\n<p><b><div class=\"box shadow\">Portavoces en varios temas<br \/>\n<\/b><br \/>\nLa<strong> vacuna de la meningitis<\/strong> se empez\u00f3 a comercializar el 1 de octubre en las farmacias y Merc\u00e8 Barau, vocal del COFB, dio nuestro posicionamiento en\u00a0<a href=\"http:\/\/televisions.laxarxa.com\/emissio_directe.export?program=12845\">Noticias en red de La Xarxa TV<\/a> ya los <a href=\"http:\/\/www.rtve.es\/alacarta\/videos\/linformatiu\/infmigdia-20151001-1355\/3307260\/\">El informativo mediod\u00eda de TVE Catalunya<\/a> (a partir del minuto 13&#039;55&#039;&#039;).<\/p>\n<p>Este mes tambi\u00e9n tuvo lugar el<strong> IX Congreso Farmac\u00e9utico de Castilla y Le\u00f3n.<\/strong> Asisti\u00f3 el <strong>presidente del COFB, Jordi de Dalmases<\/strong>, y sus declaraciones las recoge <a href=\"http:\/\/www.correofarmaceutico.com\/2015\/10\/24\/al-dia\/profesion\/la-farmacia-urgida-a-afrontar-un-cambio-decisivo\">Correo Farmac\u00e9utico<\/a>.<\/p>\n<p>Por su parte, Maria Jos\u00e9 Alonso, vocal de Plantas Medicinales y Homeopat\u00eda, explic\u00f3 a <a href=\"https:\/\/www.youtube.com\/watch?v=sBUsE8gWh6g\">Televisi\u00f3n de Badalona \u2013 <i>La Gran Vida<\/i><\/a>\u00a0la <a href=\"http:\/\/blog.cofb.cat\/farmaceutics-inicien-una-campanya-de-promocio-de-lus-adequat-de-les-plantes-medicinals\/\">campa\u00f1a sanitaria que iniciamos el mes de septiembre sobre el<strong>uso adecuado de los medicamentos tradicionales a base de plantas<\/strong><\/a>, en colaboraci\u00f3n con el Consejo General de Colegios Farmac\u00e9uticos y el Centro de Investigaci\u00f3n sobre Fitoterapia (INFITO). Alonso tambi\u00e9n fue part\u00edcipe del III Congreso de Autocuidado. Lo contaron <a href=\"http:\/\/www.elglobal.net\/noticias-medicamento\/2015-10-23\/autocuidado\/los-profesionales-debatiran-sobre-farmacos-homeopaticos\/pagina.aspx?idart=943363\">El Global<\/a> y <a href=\"http:\/\/www.imfarmacias.es\/noticia\/8079\/los-complementos-alimenticios-protagonistas-del-congreso-autocuidado-2015\">imFarmacias<\/a>.<\/p>\n<p>A su vez, N\u00faria Bosch, vocal de Dermofarmacia y Productos Sanitarios particip\u00f3 en la <strong>III Jornada Profesional de Farmac\u00e9uticos en la Dermofarmacia<\/strong> moderando una de las tablas: <a href=\"http:\/\/www.redaccionmedica.com\/secciones\/farmacia\/la-dermofarmacia-a-debate-89065\">Redacci\u00f3n M\u00e9dica<\/a> y <a href=\"http:\/\/www.imfarmacias.es\/noticia\/8081\/el-cgcof-sigue-con-los-preparativos-de-la-jornada-la-dermofarmacia-del-siglo-xxi\">imFarmacias<\/a>\u00a0lo explicaron.<\/p>\n<p>Los<strong> piojos<\/strong>\u00a0es uno de los temas recurrentes con la vuelta a las escuelas. Desde el COFB ejercemos como portavoces explicando las recomendaciones que el farmac\u00e9utico puede facilitar desde la farmacia. Es el caso del reportaje del diario <a href=\"http:\/\/www.ara.cat\/suplements\/criatures\/No-rasquis-Hi-mes-polls_0_1442255766.html\">Ahora<\/a> que menciona la aportaci\u00f3n del Colegio.<b><\/div><\/b><\/p>","protected":false},"excerpt":{"rendered":"","protected":false},"author":1,"featured_media":17352,"comment_status":"open","ping_status":"open","sticky":false,"template":"","format":"standard","meta":{"_uag_custom_page_level_css":"","site-sidebar-layout":"default","site-content-layout":"","ast-site-content-layout":"default","site-content-style":"default","site-sidebar-style":"default","ast-global-header-display":"","ast-banner-title-visibility":"","ast-main-header-display":"","ast-hfb-above-header-display":"","ast-hfb-below-header-display":"","ast-hfb-mobile-header-display":"","site-post-title":"","ast-breadcrumbs-content":"","ast-featured-img":"disabled","footer-sml-layout":"","theme-transparent-header-meta":"","adv-header-id-meta":"","stick-header-meta":"","header-above-stick-meta":"","header-main-stick-meta":"","header-below-stick-meta":"","astra-migrate-meta-layouts":"default","ast-page-background-enabled":"default","ast-page-background-meta":{"desktop":{"background-color":"var(--ast-global-color-4)","background-image":"","background-repeat":"repeat","background-position":"center center","background-size":"auto","background-attachment":"scroll","background-type":"","background-media":"","overlay-type":"","overlay-color":"","overlay-opacity":"","overlay-gradient":""},"tablet":{"background-color":"","background-image":"","background-repeat":"repeat","background-position":"center center","background-size":"auto","background-attachment":"scroll","background-type":"","background-media":"","overlay-type":"","overlay-color":"","overlay-opacity":"","overlay-gradient":""},"mobile":{"background-color":"","background-image":"","background-repeat":"repeat","background-position":"center center","background-size":"auto","background-attachment":"scroll","background-type":"","background-media":"","overlay-type":"","overlay-color":"","overlay-opacity":"","overlay-gradient":""}},"ast-content-background-meta":{"desktop":{"background-color":"var(--ast-global-color-5)","background-image":"","background-repeat":"repeat","background-position":"center center","background-size":"auto","background-attachment":"scroll","background-type":"","background-media":"","overlay-type":"","overlay-color":"","overlay-opacity":"","overlay-gradient":""},"tablet":{"background-color":"var(--ast-global-color-5)","background-image":"","background-repeat":"repeat","background-position":"center center","background-size":"auto","background-attachment":"scroll","background-type":"","background-media":"","overlay-type":"","overlay-color":"","overlay-opacity":"","overlay-gradient":""},"mobile":{"background-color":"var(--ast-global-color-5)","background-image":"","background-repeat":"repeat","background-position":"center center","background-size":"auto","background-attachment":"scroll","background-type":"","background-media":"","overlay-type":"","overlay-color":"","overlay-opacity":"","overlay-gradient":""}},"footnotes":""},"categories":[23,32],"tags":[109,64,957,2176,18,163,81,969,2228,2133,28,2123,2275,459,2272,94,2276,2188,2194],"class_list":["post-17282","post","type-post","status-publish","format-standard","has-post-thumbnail","hentry","category-destacats","category-noticies-farmacia","tag-agora-sanitaria","tag-atencio-farmaceutica","tag-cancer-de-colon","tag-cartera-de-serveis","tag-cofb","tag-consell-de-collegis-farmaceutics-de-catalunya","tag-dermofarmacia","tag-diada","tag-gent-gran","tag-impagaments","tag-infarma","tag-jordi-de-dalmases","tag-meningitis","tag-mitjans","tag-model-de-farmacia","tag-plantes-medicinals","tag-polls","tag-professio","tag-vacunes"],"yoast_head":"<!-- This site is optimized with the Yoast SEO plugin v22.4 - https:\/\/yoast.com\/wordpress\/plugins\/seo\/ -->\n<title>La den\u00fancia del retard en el pagament, els serveis a les farm\u00e0cies i l&#039;informe de la CNMC, entre molts altres temes recollits pels mitjans a l&#039;octubre - Col\u00b7legi de Farmac\u00e8utics de Barcelona<\/title>\n<meta name=\"robots\" content=\"index, follow, max-snippet:-1, max-image-preview:large, max-video-preview:-1\" \/>\n<link rel=\"canonical\" href=\"https:\/\/novaorg.cofb.net\/2015\/11\/04\/la-denuncia-del-retard-en-el-pagament-els-serveis-a-les-farmacies-i-linforme-de-la-cnmc-entre-molts-altres-temes-recollits-pels-mitjans-a-loctubre\/\" \/>\n<meta property=\"og:locale\" content=\"es_ES\" \/>\n<meta property=\"og:type\" content=\"article\" \/>\n<meta property=\"og:title\" content=\"La den\u00fancia del retard en el pagament, els serveis a les farm\u00e0cies i l&#039;informe de la CNMC, entre molts altres temes recollits pels mitjans a l&#039;octubre - Col\u00b7legi de Farmac\u00e8utics de Barcelona\" \/>\n<meta property=\"og:url\" content=\"https:\/\/novaorg.cofb.net\/2015\/11\/04\/la-denuncia-del-retard-en-el-pagament-els-serveis-a-les-farmacies-i-linforme-de-la-cnmc-entre-molts-altres-temes-recollits-pels-mitjans-a-loctubre\/\" \/>\n<meta property=\"og:site_name\" content=\"Col\u00b7legi de Farmac\u00e8utics de Barcelona\" \/>\n<meta property=\"article:publisher\" content=\"https:\/\/www.facebook.com\/farmaceuticsbcn\/\" \/>\n<meta property=\"article:published_time\" content=\"2015-11-04T17:47:43+00:00\" \/>\n<meta name=\"author\" content=\"wpAdminCofbOrg\" \/>\n<meta name=\"twitter:card\" content=\"summary_large_image\" \/>\n<meta name=\"twitter:creator\" content=\"@farmaceuticsbcn\" \/>\n<meta name=\"twitter:site\" content=\"@farmaceuticsbcn\" \/>\n<meta name=\"twitter:label1\" content=\"Escrito por\" \/>\n\t<meta name=\"twitter:data1\" content=\"wpAdminCofbOrg\" \/>\n\t<meta name=\"twitter:label2\" content=\"Tiempo de lectura\" \/>\n\t<meta name=\"twitter:data2\" content=\"11 minutos\" \/>\n<script type=\"application\/ld+json\" class=\"yoast-schema-graph\">{\"@context\":\"https:\/\/schema.org\",\"@graph\":[{\"@type\":\"Article\",\"@id\":\"https:\/\/novaorg.cofb.net\/2015\/11\/04\/la-denuncia-del-retard-en-el-pagament-els-serveis-a-les-farmacies-i-linforme-de-la-cnmc-entre-molts-altres-temes-recollits-pels-mitjans-a-loctubre\/#article\",\"isPartOf\":{\"@id\":\"https:\/\/novaorg.cofb.net\/2015\/11\/04\/la-denuncia-del-retard-en-el-pagament-els-serveis-a-les-farmacies-i-linforme-de-la-cnmc-entre-molts-altres-temes-recollits-pels-mitjans-a-loctubre\/\"},\"author\":{\"name\":\"wpAdminCofbOrg\",\"@id\":\"https:\/\/www.cofb.org\/#\/schema\/person\/22ed7eea88da74b0fa4d3154ad87ffcb\"},\"headline\":\"La den\u00fancia del retard en el pagament, els serveis a les farm\u00e0cies i l&#8217;informe de la CNMC, entre molts altres temes recollits pels mitjans a l&#8217;octubre\",\"datePublished\":\"2015-11-04T17:47:43+00:00\",\"dateModified\":\"2015-11-04T17:47:43+00:00\",\"mainEntityOfPage\":{\"@id\":\"https:\/\/novaorg.cofb.net\/2015\/11\/04\/la-denuncia-del-retard-en-el-pagament-els-serveis-a-les-farmacies-i-linforme-de-la-cnmc-entre-molts-altres-temes-recollits-pels-mitjans-a-loctubre\/\"},\"wordCount\":2138,\"commentCount\":0,\"publisher\":{\"@id\":\"https:\/\/www.cofb.org\/#organization\"},\"image\":{\"@id\":\"https:\/\/novaorg.cofb.net\/2015\/11\/04\/la-denuncia-del-retard-en-el-pagament-els-serveis-a-les-farmacies-i-linforme-de-la-cnmc-entre-molts-altres-temes-recollits-pels-mitjans-a-loctubre\/#primaryimage\"},\"thumbnailUrl\":\"\",\"keywords\":[\"\u00c1gora Sanitaria\",\"Atenci\u00f3 farmac\u00e8utica\",\"c\u00e0ncer de c\u00f2lon\",\"cartera de serveis\",\"COFB\",\"Consell de Col\u00b7legis Farmac\u00e8utics de Catalunya\",\"Dermofarm\u00e0cia\",\"Diada\",\"gent gran\",\"Impagaments\",\"Infarma\",\"Jordi de Dalmases\",\"meningitis\",\"Mitjans\",\"model de Farm\u00e0cia\",\"Plantes Medicinals\",\"polls\",\"professi\u00f3\",\"vacunes\"],\"articleSection\":[\"Destacats\",\"Not\u00edcies farm\u00e0cia\"],\"inLanguage\":\"es\",\"potentialAction\":[{\"@type\":\"CommentAction\",\"name\":\"Comment\",\"target\":[\"https:\/\/novaorg.cofb.net\/2015\/11\/04\/la-denuncia-del-retard-en-el-pagament-els-serveis-a-les-farmacies-i-linforme-de-la-cnmc-entre-molts-altres-temes-recollits-pels-mitjans-a-loctubre\/#respond\"]}]},{\"@type\":\"WebPage\",\"@id\":\"https:\/\/novaorg.cofb.net\/2015\/11\/04\/la-denuncia-del-retard-en-el-pagament-els-serveis-a-les-farmacies-i-linforme-de-la-cnmc-entre-molts-altres-temes-recollits-pels-mitjans-a-loctubre\/\",\"url\":\"https:\/\/novaorg.cofb.net\/2015\/11\/04\/la-denuncia-del-retard-en-el-pagament-els-serveis-a-les-farmacies-i-linforme-de-la-cnmc-entre-molts-altres-temes-recollits-pels-mitjans-a-loctubre\/\",\"name\":\"La den\u00fancia del retard en el pagament, els serveis a les farm\u00e0cies i l'informe de la CNMC, entre molts altres temes recollits pels mitjans a l'octubre - Col\u00b7legi de Farmac\u00e8utics de Barcelona\",\"isPartOf\":{\"@id\":\"https:\/\/www.cofb.org\/#website\"},\"primaryImageOfPage\":{\"@id\":\"https:\/\/novaorg.cofb.net\/2015\/11\/04\/la-denuncia-del-retard-en-el-pagament-els-serveis-a-les-farmacies-i-linforme-de-la-cnmc-entre-molts-altres-temes-recollits-pels-mitjans-a-loctubre\/#primaryimage\"},\"image\":{\"@id\":\"https:\/\/novaorg.cofb.net\/2015\/11\/04\/la-denuncia-del-retard-en-el-pagament-els-serveis-a-les-farmacies-i-linforme-de-la-cnmc-entre-molts-altres-temes-recollits-pels-mitjans-a-loctubre\/#primaryimage\"},\"thumbnailUrl\":\"\",\"datePublished\":\"2015-11-04T17:47:43+00:00\",\"dateModified\":\"2015-11-04T17:47:43+00:00\",\"breadcrumb\":{\"@id\":\"https:\/\/novaorg.cofb.net\/2015\/11\/04\/la-denuncia-del-retard-en-el-pagament-els-serveis-a-les-farmacies-i-linforme-de-la-cnmc-entre-molts-altres-temes-recollits-pels-mitjans-a-loctubre\/#breadcrumb\"},\"inLanguage\":\"es\",\"potentialAction\":[{\"@type\":\"ReadAction\",\"target\":[\"https:\/\/novaorg.cofb.net\/2015\/11\/04\/la-denuncia-del-retard-en-el-pagament-els-serveis-a-les-farmacies-i-linforme-de-la-cnmc-entre-molts-altres-temes-recollits-pels-mitjans-a-loctubre\/\"]}]},{\"@type\":\"ImageObject\",\"inLanguage\":\"es\",\"@id\":\"https:\/\/novaorg.cofb.net\/2015\/11\/04\/la-denuncia-del-retard-en-el-pagament-els-serveis-a-les-farmacies-i-linforme-de-la-cnmc-entre-molts-altres-temes-recollits-pels-mitjans-a-loctubre\/#primaryimage\",\"url\":\"\",\"contentUrl\":\"\"},{\"@type\":\"BreadcrumbList\",\"@id\":\"https:\/\/novaorg.cofb.net\/2015\/11\/04\/la-denuncia-del-retard-en-el-pagament-els-serveis-a-les-farmacies-i-linforme-de-la-cnmc-entre-molts-altres-temes-recollits-pels-mitjans-a-loctubre\/#breadcrumb\",\"itemListElement\":[{\"@type\":\"ListItem\",\"position\":1,\"name\":\"Inici\",\"item\":\"https:\/\/novaorg.cofb.net\/\"},{\"@type\":\"ListItem\",\"position\":2,\"name\":\"La den\u00fancia del retard en el pagament, els serveis a les farm\u00e0cies i l&#8217;informe de la CNMC, entre molts altres temes recollits pels mitjans a l&#8217;octubre\"}]},{\"@type\":\"WebSite\",\"@id\":\"https:\/\/www.cofb.org\/#website\",\"url\":\"https:\/\/www.cofb.org\/\",\"name\":\"Col\u00b7legi de Farmac\u00e8utics de Barcelona\",\"description\":\"\",\"publisher\":{\"@id\":\"https:\/\/www.cofb.org\/#organization\"},\"potentialAction\":[{\"@type\":\"SearchAction\",\"target\":{\"@type\":\"EntryPoint\",\"urlTemplate\":\"https:\/\/www.cofb.org\/?s={search_term_string}\"},\"query-input\":\"required name=search_term_string\"}],\"inLanguage\":\"es\"},{\"@type\":\"Organization\",\"@id\":\"https:\/\/www.cofb.org\/#organization\",\"name\":\"Col\u00b7legi de Farmac\u00e8utics de Barcelona\",\"url\":\"https:\/\/www.cofb.org\/\",\"logo\":{\"@type\":\"ImageObject\",\"inLanguage\":\"es\",\"@id\":\"https:\/\/www.cofb.org\/#\/schema\/logo\/image\/\",\"url\":\"https:\/\/www.cofb.org\/wp-content\/uploads\/2023\/11\/cropped-Logotip-COFB.png\",\"contentUrl\":\"https:\/\/www.cofb.org\/wp-content\/uploads\/2023\/11\/cropped-Logotip-COFB.png\",\"width\":500,\"height\":105,\"caption\":\"Col\u00b7legi de Farmac\u00e8utics de Barcelona\"},\"image\":{\"@id\":\"https:\/\/www.cofb.org\/#\/schema\/logo\/image\/\"},\"sameAs\":[\"https:\/\/www.facebook.com\/farmaceuticsbcn\/\",\"https:\/\/twitter.com\/farmaceuticsbcn\",\"https:\/\/www.instagram.com\/farmaceuticsbcn\/\",\"https:\/\/www.linkedin.com\/company\/farmaceuticsbcn\/\"]},{\"@type\":\"Person\",\"@id\":\"https:\/\/www.cofb.org\/#\/schema\/person\/22ed7eea88da74b0fa4d3154ad87ffcb\",\"name\":\"wpAdminCofbOrg\",\"image\":{\"@type\":\"ImageObject\",\"inLanguage\":\"es\",\"@id\":\"https:\/\/www.cofb.org\/#\/schema\/person\/image\/\",\"url\":\"https:\/\/secure.gravatar.com\/avatar\/1721b20b3b8ca882c3b56ec6c978c594fff670e40c0718e9190eaeeb76aae7d8?s=96&d=mm&r=g\",\"contentUrl\":\"https:\/\/secure.gravatar.com\/avatar\/1721b20b3b8ca882c3b56ec6c978c594fff670e40c0718e9190eaeeb76aae7d8?s=96&d=mm&r=g\",\"caption\":\"wpAdminCofbOrg\"},\"sameAs\":[\"http:\/\/192.168.64.122\/wordpress\"],\"url\":\"https:\/\/www.cofb.org\/es\/author\/wpadmincofborg\/\"}]}<\/script>\n<!-- \/ Yoast SEO plugin. -->","yoast_head_json":{"title":"La den\u00fancia del retard en el pagament, els serveis a les farm\u00e0cies i l'informe de la CNMC, entre molts altres temes recollits pels mitjans a l'octubre - Col\u00b7legi de Farmac\u00e8utics de Barcelona","robots":{"index":"index","follow":"follow","max-snippet":"max-snippet:-1","max-image-preview":"max-image-preview:large","max-video-preview":"max-video-preview:-1"},"canonical":"https:\/\/novaorg.cofb.net\/2015\/11\/04\/la-denuncia-del-retard-en-el-pagament-els-serveis-a-les-farmacies-i-linforme-de-la-cnmc-entre-molts-altres-temes-recollits-pels-mitjans-a-loctubre\/","og_locale":"es_ES","og_type":"article","og_title":"La den\u00fancia del retard en el pagament, els serveis a les farm\u00e0cies i l'informe de la CNMC, entre molts altres temes recollits pels mitjans a l'octubre - Col\u00b7legi de Farmac\u00e8utics de Barcelona","og_url":"https:\/\/novaorg.cofb.net\/2015\/11\/04\/la-denuncia-del-retard-en-el-pagament-els-serveis-a-les-farmacies-i-linforme-de-la-cnmc-entre-molts-altres-temes-recollits-pels-mitjans-a-loctubre\/","og_site_name":"Col\u00b7legi de Farmac\u00e8utics de Barcelona","article_publisher":"https:\/\/www.facebook.com\/farmaceuticsbcn\/","article_published_time":"2015-11-04T17:47:43+00:00","author":"wpAdminCofbOrg","twitter_card":"summary_large_image","twitter_creator":"@farmaceuticsbcn","twitter_site":"@farmaceuticsbcn","twitter_misc":{"Escrito por":"wpAdminCofbOrg","Tiempo de lectura":"11 minutos"},"schema":{"@context":"https:\/\/schema.org","@graph":[{"@type":"Article","@id":"https:\/\/novaorg.cofb.net\/2015\/11\/04\/la-denuncia-del-retard-en-el-pagament-els-serveis-a-les-farmacies-i-linforme-de-la-cnmc-entre-molts-altres-temes-recollits-pels-mitjans-a-loctubre\/#article","isPartOf":{"@id":"https:\/\/novaorg.cofb.net\/2015\/11\/04\/la-denuncia-del-retard-en-el-pagament-els-serveis-a-les-farmacies-i-linforme-de-la-cnmc-entre-molts-altres-temes-recollits-pels-mitjans-a-loctubre\/"},"author":{"name":"wpAdminCofbOrg","@id":"https:\/\/www.cofb.org\/#\/schema\/person\/22ed7eea88da74b0fa4d3154ad87ffcb"},"headline":"La den\u00fancia del retard en el pagament, els serveis a les farm\u00e0cies i l&#8217;informe de la CNMC, entre molts altres temes recollits pels mitjans a l&#8217;octubre","datePublished":"2015-11-04T17:47:43+00:00","dateModified":"2015-11-04T17:47:43+00:00","mainEntityOfPage":{"@id":"https:\/\/novaorg.cofb.net\/2015\/11\/04\/la-denuncia-del-retard-en-el-pagament-els-serveis-a-les-farmacies-i-linforme-de-la-cnmc-entre-molts-altres-temes-recollits-pels-mitjans-a-loctubre\/"},"wordCount":2138,"commentCount":0,"publisher":{"@id":"https:\/\/www.cofb.org\/#organization"},"image":{"@id":"https:\/\/novaorg.cofb.net\/2015\/11\/04\/la-denuncia-del-retard-en-el-pagament-els-serveis-a-les-farmacies-i-linforme-de-la-cnmc-entre-molts-altres-temes-recollits-pels-mitjans-a-loctubre\/#primaryimage"},"thumbnailUrl":"","keywords":["\u00c1gora Sanitaria","Atenci\u00f3 farmac\u00e8utica","c\u00e0ncer de c\u00f2lon","cartera de serveis","COFB","Consell de Col\u00b7legis Farmac\u00e8utics de Catalunya","Dermofarm\u00e0cia","Diada","gent gran","Impagaments","Infarma","Jordi de Dalmases","meningitis","Mitjans","model de Farm\u00e0cia","Plantes Medicinals","polls","professi\u00f3","vacunes"],"articleSection":["Destacats","Not\u00edcies farm\u00e0cia"],"inLanguage":"es","potentialAction":[{"@type":"CommentAction","name":"Comment","target":["https:\/\/novaorg.cofb.net\/2015\/11\/04\/la-denuncia-del-retard-en-el-pagament-els-serveis-a-les-farmacies-i-linforme-de-la-cnmc-entre-molts-altres-temes-recollits-pels-mitjans-a-loctubre\/#respond"]}]},{"@type":"WebPage","@id":"https:\/\/novaorg.cofb.net\/2015\/11\/04\/la-denuncia-del-retard-en-el-pagament-els-serveis-a-les-farmacies-i-linforme-de-la-cnmc-entre-molts-altres-temes-recollits-pels-mitjans-a-loctubre\/","url":"https:\/\/novaorg.cofb.net\/2015\/11\/04\/la-denuncia-del-retard-en-el-pagament-els-serveis-a-les-farmacies-i-linforme-de-la-cnmc-entre-molts-altres-temes-recollits-pels-mitjans-a-loctubre\/","name":"La den\u00fancia del retard en el pagament, els serveis a les farm\u00e0cies i l'informe de la CNMC, entre molts altres temes recollits pels mitjans a l'octubre - Col\u00b7legi de Farmac\u00e8utics de Barcelona","isPartOf":{"@id":"https:\/\/www.cofb.org\/#website"},"primaryImageOfPage":{"@id":"https:\/\/novaorg.cofb.net\/2015\/11\/04\/la-denuncia-del-retard-en-el-pagament-els-serveis-a-les-farmacies-i-linforme-de-la-cnmc-entre-molts-altres-temes-recollits-pels-mitjans-a-loctubre\/#primaryimage"},"image":{"@id":"https:\/\/novaorg.cofb.net\/2015\/11\/04\/la-denuncia-del-retard-en-el-pagament-els-serveis-a-les-farmacies-i-linforme-de-la-cnmc-entre-molts-altres-temes-recollits-pels-mitjans-a-loctubre\/#primaryimage"},"thumbnailUrl":"","datePublished":"2015-11-04T17:47:43+00:00","dateModified":"2015-11-04T17:47:43+00:00","breadcrumb":{"@id":"https:\/\/novaorg.cofb.net\/2015\/11\/04\/la-denuncia-del-retard-en-el-pagament-els-serveis-a-les-farmacies-i-linforme-de-la-cnmc-entre-molts-altres-temes-recollits-pels-mitjans-a-loctubre\/#breadcrumb"},"inLanguage":"es","potentialAction":[{"@type":"ReadAction","target":["https:\/\/novaorg.cofb.net\/2015\/11\/04\/la-denuncia-del-retard-en-el-pagament-els-serveis-a-les-farmacies-i-linforme-de-la-cnmc-entre-molts-altres-temes-recollits-pels-mitjans-a-loctubre\/"]}]},{"@type":"ImageObject","inLanguage":"es","@id":"https:\/\/novaorg.cofb.net\/2015\/11\/04\/la-denuncia-del-retard-en-el-pagament-els-serveis-a-les-farmacies-i-linforme-de-la-cnmc-entre-molts-altres-temes-recollits-pels-mitjans-a-loctubre\/#primaryimage","url":"","contentUrl":""},{"@type":"BreadcrumbList","@id":"https:\/\/novaorg.cofb.net\/2015\/11\/04\/la-denuncia-del-retard-en-el-pagament-els-serveis-a-les-farmacies-i-linforme-de-la-cnmc-entre-molts-altres-temes-recollits-pels-mitjans-a-loctubre\/#breadcrumb","itemListElement":[{"@type":"ListItem","position":1,"name":"Inici","item":"https:\/\/novaorg.cofb.net\/"},{"@type":"ListItem","position":2,"name":"La den\u00fancia del retard en el pagament, els serveis a les farm\u00e0cies i l&#8217;informe de la CNMC, entre molts altres temes recollits pels mitjans a l&#8217;octubre"}]},{"@type":"WebSite","@id":"https:\/\/www.cofb.org\/#website","url":"https:\/\/www.cofb.org\/","name":"Col\u00b7legi de Farmac\u00e8utics de Barcelona","description":"","publisher":{"@id":"https:\/\/www.cofb.org\/#organization"},"potentialAction":[{"@type":"SearchAction","target":{"@type":"EntryPoint","urlTemplate":"https:\/\/www.cofb.org\/?s={search_term_string}"},"query-input":"required name=search_term_string"}],"inLanguage":"es"},{"@type":"Organization","@id":"https:\/\/www.cofb.org\/#organization","name":"Col\u00b7legi de Farmac\u00e8utics de Barcelona","url":"https:\/\/www.cofb.org\/","logo":{"@type":"ImageObject","inLanguage":"es","@id":"https:\/\/www.cofb.org\/#\/schema\/logo\/image\/","url":"https:\/\/www.cofb.org\/wp-content\/uploads\/2023\/11\/cropped-Logotip-COFB.png","contentUrl":"https:\/\/www.cofb.org\/wp-content\/uploads\/2023\/11\/cropped-Logotip-COFB.png","width":500,"height":105,"caption":"Col\u00b7legi de Farmac\u00e8utics de Barcelona"},"image":{"@id":"https:\/\/www.cofb.org\/#\/schema\/logo\/image\/"},"sameAs":["https:\/\/www.facebook.com\/farmaceuticsbcn\/","https:\/\/twitter.com\/farmaceuticsbcn","https:\/\/www.instagram.com\/farmaceuticsbcn\/","https:\/\/www.linkedin.com\/company\/farmaceuticsbcn\/"]},{"@type":"Person","@id":"https:\/\/www.cofb.org\/#\/schema\/person\/22ed7eea88da74b0fa4d3154ad87ffcb","name":"wpAdminCofbOrg","image":{"@type":"ImageObject","inLanguage":"es","@id":"https:\/\/www.cofb.org\/#\/schema\/person\/image\/","url":"https:\/\/secure.gravatar.com\/avatar\/1721b20b3b8ca882c3b56ec6c978c594fff670e40c0718e9190eaeeb76aae7d8?s=96&d=mm&r=g","contentUrl":"https:\/\/secure.gravatar.com\/avatar\/1721b20b3b8ca882c3b56ec6c978c594fff670e40c0718e9190eaeeb76aae7d8?s=96&d=mm&r=g","caption":"wpAdminCofbOrg"},"sameAs":["http:\/\/192.168.64.122\/wordpress"],"url":"https:\/\/www.cofb.org\/es\/author\/wpadmincofborg\/"}]}},"uagb_featured_image_src":{"full":false,"thumbnail":false,"medium":false,"medium_large":false,"large":false,"1536x1536":false,"2048x2048":false,"trp-custom-language-flag":false},"uagb_author_info":{"display_name":"wpAdminCofbOrg","author_link":"https:\/\/www.cofb.org\/es\/author\/wpadmincofborg\/"},"uagb_comment_info":0,"uagb_excerpt":null,"_links":{"self":[{"href":"https:\/\/www.cofb.org\/es\/wp-json\/wp\/v2\/posts\/17282","targetHints":{"allow":["GET"]}}],"collection":[{"href":"https:\/\/www.cofb.org\/es\/wp-json\/wp\/v2\/posts"}],"about":[{"href":"https:\/\/www.cofb.org\/es\/wp-json\/wp\/v2\/types\/post"}],"author":[{"embeddable":true,"href":"https:\/\/www.cofb.org\/es\/wp-json\/wp\/v2\/users\/1"}],"replies":[{"embeddable":true,"href":"https:\/\/www.cofb.org\/es\/wp-json\/wp\/v2\/comments?post=17282"}],"version-history":[{"count":0,"href":"https:\/\/www.cofb.org\/es\/wp-json\/wp\/v2\/posts\/17282\/revisions"}],"wp:featuredmedia":[{"embeddable":true,"href":"https:\/\/www.cofb.org\/es\/wp-json\/"}],"wp:attachment":[{"href":"https:\/\/www.cofb.org\/es\/wp-json\/wp\/v2\/media?parent=17282"}],"wp:term":[{"taxonomy":"category","embeddable":true,"href":"https:\/\/www.cofb.org\/es\/wp-json\/wp\/v2\/categories?post=17282"},{"taxonomy":"post_tag","embeddable":true,"href":"https:\/\/www.cofb.org\/es\/wp-json\/wp\/v2\/tags?post=17282"}],"curies":[{"name":"wp","href":"https:\/\/api.w.org\/{rel}","templated":true}]}}