{"id":1686,"date":"2013-05-29T12:35:34","date_gmt":"2013-05-29T11:35:34","guid":{"rendered":"http:\/\/blog.cofb.cat\/?p=1686"},"modified":"2013-05-29T12:35:34","modified_gmt":"2013-05-29T11:35:34","slug":"els-farmaceutics-lliuren-400-000-signatures-al-parlament","status":"publish","type":"post","link":"https:\/\/www.cofb.org\/es\/2013\/05\/29\/els-farmaceutics-lliuren-400-000-signatures-al-parlament\/","title":{"rendered":"Los farmac\u00e9uticos entregan 400.000 firmas en el Parlament"},"content":{"rendered":"<p><strong style=\"color: #808080;\">Jordi de Dalmases, presidente del Consejo de Colegios Farmac\u00e9uticos de Catalunya, ha vuelto a recordar la &quot;situaci\u00f3n de angustia&quot; que sufren las farmacias por los impagos y ha pedido &quot;concreciones&quot; a la Administraci\u00f3n.<\/strong><strong><\/p>\n<p><\/strong><\/p>\n<p>El Consejo de Colegios Farmac\u00e9uticos de Catalu\u00f1a (CCFC) ha entregado las cerca de <b>400.000 firmas<\/b> recogidas en las farmacias catalanas en la Presidenta del Parlamento de Catalu\u00f1a, N\u00faria de Gispert. Con esta acci\u00f3n se ha querido<b> pedir al Parlamento que la Administraci\u00f3n priorice el pago de los medicamentos<\/b> <b>ya dispensados porque es un bien necesario y esencial de los ciudadanos.<\/b><\/p>\n<p>El presidente del CCFC, Jordi de Dalmases, ha hecho referencia a la &quot;situaci\u00f3n de angustia y preocupaci\u00f3n&quot; que sufren las farmacias catalanas por los retrasos acumulados en el pago de los medicamentos que dispensan. El <b>deuda de la Administraci\u00f3n es de 301,5 millones de euros<\/b>. Dalmases ha explicado que la respuesta de la Presidenta del Parlament ha sido &quot;muy receptiva&quot; y que se ha comprometido a trasladar el problema a los partidos pol\u00edticos para buscar posibles soluciones. Sin embargo, el presidente del Consell le ha pedido &quot;concreciones&quot; para que se resuelva esta situaci\u00f3n.<\/p>\n<p>Dalmases tambi\u00e9n ha anunciado que el CCFC reclamar\u00e1 la pr\u00f3xima semana <b>10 millones de euros al Gobierno en concepto de intereses de demora <\/b>por el retraso en el pago. El presidente del Consell ha recordado el &quot;gran esfuerzo&quot; que est\u00e1n haciendo todos los profesionales de la farmacia para poder seguir prestando su servicio a los ciudadanos.<\/p>\n<p><span style=\"text-decoration: underline;\"><a title=\"Declaraciones de Jordi de Dalmases en el Parlament\" href=\"http:\/\/blog.cofb.cat\/declaracions-de-jordi-de-dalmases-al-parlament\/\">Declaraciones de Jordi de Dalmases en el Parlament (v\u00eddeo)<\/a><\/span><\/p>","protected":false},"excerpt":{"rendered":"<p>Jordi de Dalmases, presidente del Consejo de Colegios Farmac\u00e9uticos de Catalunya, ha vuelto a recordar la &quot;situaci\u00f3n de angustia&quot; que sufren las farmacias por los impagos y ha pedido &quot;concreciones&quot; a la Administraci\u00f3n. El Consejo de Colegios Farmac\u00e9uticos de Catalu\u00f1a (CCFC) ha entregado las cerca de 400.000 firmas recogidas en las farmacias catalanas [\u2026]<\/p>","protected":false},"author":1,"featured_media":1688,"comment_status":"open","ping_status":"open","sticky":false,"template":"","format":"standard","meta":{"_uag_custom_page_level_css":"","site-sidebar-layout":"default","site-content-layout":"","ast-site-content-layout":"default","site-content-style":"default","site-sidebar-style":"default","ast-global-header-display":"","ast-banner-title-visibility":"","ast-main-header-display":"","ast-hfb-above-header-display":"","ast-hfb-below-header-display":"","ast-hfb-mobile-header-display":"","site-post-title":"","ast-breadcrumbs-content":"","ast-featured-img":"disabled","footer-sml-layout":"","theme-transparent-header-meta":"","adv-header-id-meta":"","stick-header-meta":"","header-above-stick-meta":"","header-main-stick-meta":"","header-below-stick-meta":"","astra-migrate-meta-layouts":"default","ast-page-background-enabled":"default","ast-page-background-meta":{"desktop":{"background-color":"var(--ast-global-color-4)","background-image":"","background-repeat":"repeat","background-position":"center center","background-size":"auto","background-attachment":"scroll","background-type":"","background-media":"","overlay-type":"","overlay-color":"","overlay-opacity":"","overlay-gradient":""},"tablet":{"background-color":"","background-image":"","background-repeat":"repeat","background-position":"center center","background-size":"auto","background-attachment":"scroll","background-type":"","background-media":"","overlay-type":"","overlay-color":"","overlay-opacity":"","overlay-gradient":""},"mobile":{"background-color":"","background-image":"","background-repeat":"repeat","background-position":"center center","background-size":"auto","background-attachment":"scroll","background-type":"","background-media":"","overlay-type":"","overlay-color":"","overlay-opacity":"","overlay-gradient":""}},"ast-content-background-meta":{"desktop":{"background-color":"var(--ast-global-color-5)","background-image":"","background-repeat":"repeat","background-position":"center center","background-size":"auto","background-attachment":"scroll","background-type":"","background-media":"","overlay-type":"","overlay-color":"","overlay-opacity":"","overlay-gradient":""},"tablet":{"background-color":"var(--ast-global-color-5)","background-image":"","background-repeat":"repeat","background-position":"center center","background-size":"auto","background-attachment":"scroll","background-type":"","background-media":"","overlay-type":"","overlay-color":"","overlay-opacity":"","overlay-gradient":""},"mobile":{"background-color":"var(--ast-global-color-5)","background-image":"","background-repeat":"repeat","background-position":"center center","background-size":"auto","background-attachment":"scroll","background-type":"","background-media":"","overlay-type":"","overlay-color":"","overlay-opacity":"","overlay-gradient":""}},"footnotes":""},"categories":[23,32],"tags":[2133,76],"class_list":["post-1686","post","type-post","status-publish","format-standard","has-post-thumbnail","hentry","category-destacats","category-noticies-farmacia","tag-impagaments","tag-oficina-de-farmacia"],"yoast_head":"<!-- This site is optimized with the Yoast SEO plugin v22.4 - https:\/\/yoast.com\/wordpress\/plugins\/seo\/ -->\n<title>Els farmac\u00e8utics lliuren 400.000 signatures al Parlament - Col\u00b7legi de Farmac\u00e8utics de Barcelona<\/title>\n<meta name=\"robots\" content=\"index, follow, max-snippet:-1, max-image-preview:large, max-video-preview:-1\" \/>\n<link rel=\"canonical\" href=\"https:\/\/novaorg.cofb.net\/2013\/05\/29\/els-farmaceutics-lliuren-400-000-signatures-al-parlament\/\" \/>\n<meta property=\"og:locale\" content=\"es_ES\" \/>\n<meta property=\"og:type\" content=\"article\" \/>\n<meta property=\"og:title\" content=\"Els farmac\u00e8utics lliuren 400.000 signatures al Parlament - Col\u00b7legi de Farmac\u00e8utics de Barcelona\" \/>\n<meta property=\"og:description\" content=\"Jordi de Dalmases, president del Consell de Col\u00b7legis Farmac\u00e8utics de Catalunya, ha tornat a recordar la &#8220;situaci\u00f3 d&#8217;angoixa&#8221; que pateixen les farm\u00e0cies pels impagaments i ha demanat &#8220;concrecions&#8221; a l&#8217;Administraci\u00f3. El Consell de Col\u00b7legis Farmac\u00e8utics de Catalunya (CCFC) ha lliurat les prop de 400.000 signatures recollides a les farm\u00e0cies catalanes [&hellip;]\" \/>\n<meta property=\"og:url\" content=\"https:\/\/novaorg.cofb.net\/2013\/05\/29\/els-farmaceutics-lliuren-400-000-signatures-al-parlament\/\" \/>\n<meta property=\"og:site_name\" content=\"Col\u00b7legi de Farmac\u00e8utics de Barcelona\" \/>\n<meta property=\"article:publisher\" content=\"https:\/\/www.facebook.com\/farmaceuticsbcn\/\" \/>\n<meta property=\"article:published_time\" content=\"2013-05-29T11:35:34+00:00\" \/>\n<meta name=\"author\" content=\"wpAdminCofbOrg\" \/>\n<meta name=\"twitter:card\" content=\"summary_large_image\" \/>\n<meta name=\"twitter:creator\" content=\"@farmaceuticsbcn\" \/>\n<meta name=\"twitter:site\" content=\"@farmaceuticsbcn\" \/>\n<meta name=\"twitter:label1\" content=\"Escrito por\" \/>\n\t<meta name=\"twitter:data1\" content=\"wpAdminCofbOrg\" \/>\n\t<meta name=\"twitter:label2\" content=\"Tiempo de lectura\" \/>\n\t<meta name=\"twitter:data2\" content=\"1 minuto\" \/>\n<script type=\"application\/ld+json\" class=\"yoast-schema-graph\">{\"@context\":\"https:\/\/schema.org\",\"@graph\":[{\"@type\":\"Article\",\"@id\":\"https:\/\/novaorg.cofb.net\/2013\/05\/29\/els-farmaceutics-lliuren-400-000-signatures-al-parlament\/#article\",\"isPartOf\":{\"@id\":\"https:\/\/novaorg.cofb.net\/2013\/05\/29\/els-farmaceutics-lliuren-400-000-signatures-al-parlament\/\"},\"author\":{\"name\":\"wpAdminCofbOrg\",\"@id\":\"https:\/\/www.cofb.org\/#\/schema\/person\/22ed7eea88da74b0fa4d3154ad87ffcb\"},\"headline\":\"Els farmac\u00e8utics lliuren 400.000 signatures al Parlament\",\"datePublished\":\"2013-05-29T11:35:34+00:00\",\"dateModified\":\"2013-05-29T11:35:34+00:00\",\"mainEntityOfPage\":{\"@id\":\"https:\/\/novaorg.cofb.net\/2013\/05\/29\/els-farmaceutics-lliuren-400-000-signatures-al-parlament\/\"},\"wordCount\":262,\"commentCount\":0,\"publisher\":{\"@id\":\"https:\/\/www.cofb.org\/#organization\"},\"image\":{\"@id\":\"https:\/\/novaorg.cofb.net\/2013\/05\/29\/els-farmaceutics-lliuren-400-000-signatures-al-parlament\/#primaryimage\"},\"thumbnailUrl\":\"\",\"keywords\":[\"Impagaments\",\"Oficina de farm\u00e0cia\"],\"articleSection\":[\"Destacats\",\"Not\u00edcies farm\u00e0cia\"],\"inLanguage\":\"es\",\"potentialAction\":[{\"@type\":\"CommentAction\",\"name\":\"Comment\",\"target\":[\"https:\/\/novaorg.cofb.net\/2013\/05\/29\/els-farmaceutics-lliuren-400-000-signatures-al-parlament\/#respond\"]}]},{\"@type\":\"WebPage\",\"@id\":\"https:\/\/novaorg.cofb.net\/2013\/05\/29\/els-farmaceutics-lliuren-400-000-signatures-al-parlament\/\",\"url\":\"https:\/\/novaorg.cofb.net\/2013\/05\/29\/els-farmaceutics-lliuren-400-000-signatures-al-parlament\/\",\"name\":\"Els farmac\u00e8utics lliuren 400.000 signatures al Parlament - Col\u00b7legi de Farmac\u00e8utics de Barcelona\",\"isPartOf\":{\"@id\":\"https:\/\/www.cofb.org\/#website\"},\"primaryImageOfPage\":{\"@id\":\"https:\/\/novaorg.cofb.net\/2013\/05\/29\/els-farmaceutics-lliuren-400-000-signatures-al-parlament\/#primaryimage\"},\"image\":{\"@id\":\"https:\/\/novaorg.cofb.net\/2013\/05\/29\/els-farmaceutics-lliuren-400-000-signatures-al-parlament\/#primaryimage\"},\"thumbnailUrl\":\"\",\"datePublished\":\"2013-05-29T11:35:34+00:00\",\"dateModified\":\"2013-05-29T11:35:34+00:00\",\"breadcrumb\":{\"@id\":\"https:\/\/novaorg.cofb.net\/2013\/05\/29\/els-farmaceutics-lliuren-400-000-signatures-al-parlament\/#breadcrumb\"},\"inLanguage\":\"es\",\"potentialAction\":[{\"@type\":\"ReadAction\",\"target\":[\"https:\/\/novaorg.cofb.net\/2013\/05\/29\/els-farmaceutics-lliuren-400-000-signatures-al-parlament\/\"]}]},{\"@type\":\"ImageObject\",\"inLanguage\":\"es\",\"@id\":\"https:\/\/novaorg.cofb.net\/2013\/05\/29\/els-farmaceutics-lliuren-400-000-signatures-al-parlament\/#primaryimage\",\"url\":\"\",\"contentUrl\":\"\"},{\"@type\":\"BreadcrumbList\",\"@id\":\"https:\/\/novaorg.cofb.net\/2013\/05\/29\/els-farmaceutics-lliuren-400-000-signatures-al-parlament\/#breadcrumb\",\"itemListElement\":[{\"@type\":\"ListItem\",\"position\":1,\"name\":\"Inici\",\"item\":\"https:\/\/novaorg.cofb.net\/\"},{\"@type\":\"ListItem\",\"position\":2,\"name\":\"Els farmac\u00e8utics lliuren 400.000 signatures al Parlament\"}]},{\"@type\":\"WebSite\",\"@id\":\"https:\/\/www.cofb.org\/#website\",\"url\":\"https:\/\/www.cofb.org\/\",\"name\":\"Col\u00b7legi de Farmac\u00e8utics de Barcelona\",\"description\":\"\",\"publisher\":{\"@id\":\"https:\/\/www.cofb.org\/#organization\"},\"potentialAction\":[{\"@type\":\"SearchAction\",\"target\":{\"@type\":\"EntryPoint\",\"urlTemplate\":\"https:\/\/www.cofb.org\/?s={search_term_string}\"},\"query-input\":\"required name=search_term_string\"}],\"inLanguage\":\"es\"},{\"@type\":\"Organization\",\"@id\":\"https:\/\/www.cofb.org\/#organization\",\"name\":\"Col\u00b7legi de Farmac\u00e8utics de Barcelona\",\"url\":\"https:\/\/www.cofb.org\/\",\"logo\":{\"@type\":\"ImageObject\",\"inLanguage\":\"es\",\"@id\":\"https:\/\/www.cofb.org\/#\/schema\/logo\/image\/\",\"url\":\"https:\/\/www.cofb.org\/wp-content\/uploads\/2023\/11\/cropped-Logotip-COFB.png\",\"contentUrl\":\"https:\/\/www.cofb.org\/wp-content\/uploads\/2023\/11\/cropped-Logotip-COFB.png\",\"width\":500,\"height\":105,\"caption\":\"Col\u00b7legi de Farmac\u00e8utics de Barcelona\"},\"image\":{\"@id\":\"https:\/\/www.cofb.org\/#\/schema\/logo\/image\/\"},\"sameAs\":[\"https:\/\/www.facebook.com\/farmaceuticsbcn\/\",\"https:\/\/twitter.com\/farmaceuticsbcn\",\"https:\/\/www.instagram.com\/farmaceuticsbcn\/\",\"https:\/\/www.linkedin.com\/company\/farmaceuticsbcn\/\"]},{\"@type\":\"Person\",\"@id\":\"https:\/\/www.cofb.org\/#\/schema\/person\/22ed7eea88da74b0fa4d3154ad87ffcb\",\"name\":\"wpAdminCofbOrg\",\"image\":{\"@type\":\"ImageObject\",\"inLanguage\":\"es\",\"@id\":\"https:\/\/www.cofb.org\/#\/schema\/person\/image\/\",\"url\":\"https:\/\/secure.gravatar.com\/avatar\/1721b20b3b8ca882c3b56ec6c978c594fff670e40c0718e9190eaeeb76aae7d8?s=96&d=mm&r=g\",\"contentUrl\":\"https:\/\/secure.gravatar.com\/avatar\/1721b20b3b8ca882c3b56ec6c978c594fff670e40c0718e9190eaeeb76aae7d8?s=96&d=mm&r=g\",\"caption\":\"wpAdminCofbOrg\"},\"sameAs\":[\"http:\/\/192.168.64.122\/wordpress\"],\"url\":\"https:\/\/www.cofb.org\/es\/author\/wpadmincofborg\/\"}]}<\/script>\n<!-- \/ Yoast SEO plugin. -->","yoast_head_json":{"title":"Els farmac\u00e8utics lliuren 400.000 signatures al Parlament - Col\u00b7legi de Farmac\u00e8utics de Barcelona","robots":{"index":"index","follow":"follow","max-snippet":"max-snippet:-1","max-image-preview":"max-image-preview:large","max-video-preview":"max-video-preview:-1"},"canonical":"https:\/\/novaorg.cofb.net\/2013\/05\/29\/els-farmaceutics-lliuren-400-000-signatures-al-parlament\/","og_locale":"es_ES","og_type":"article","og_title":"Els farmac\u00e8utics lliuren 400.000 signatures al Parlament - Col\u00b7legi de Farmac\u00e8utics de Barcelona","og_description":"Jordi de Dalmases, president del Consell de Col\u00b7legis Farmac\u00e8utics de Catalunya, ha tornat a recordar la &#8220;situaci\u00f3 d&#8217;angoixa&#8221; que pateixen les farm\u00e0cies pels impagaments i ha demanat &#8220;concrecions&#8221; a l&#8217;Administraci\u00f3. El Consell de Col\u00b7legis Farmac\u00e8utics de Catalunya (CCFC) ha lliurat les prop de 400.000 signatures recollides a les farm\u00e0cies catalanes [&hellip;]","og_url":"https:\/\/novaorg.cofb.net\/2013\/05\/29\/els-farmaceutics-lliuren-400-000-signatures-al-parlament\/","og_site_name":"Col\u00b7legi de Farmac\u00e8utics de Barcelona","article_publisher":"https:\/\/www.facebook.com\/farmaceuticsbcn\/","article_published_time":"2013-05-29T11:35:34+00:00","author":"wpAdminCofbOrg","twitter_card":"summary_large_image","twitter_creator":"@farmaceuticsbcn","twitter_site":"@farmaceuticsbcn","twitter_misc":{"Escrito por":"wpAdminCofbOrg","Tiempo de lectura":"1 minuto"},"schema":{"@context":"https:\/\/schema.org","@graph":[{"@type":"Article","@id":"https:\/\/novaorg.cofb.net\/2013\/05\/29\/els-farmaceutics-lliuren-400-000-signatures-al-parlament\/#article","isPartOf":{"@id":"https:\/\/novaorg.cofb.net\/2013\/05\/29\/els-farmaceutics-lliuren-400-000-signatures-al-parlament\/"},"author":{"name":"wpAdminCofbOrg","@id":"https:\/\/www.cofb.org\/#\/schema\/person\/22ed7eea88da74b0fa4d3154ad87ffcb"},"headline":"Els farmac\u00e8utics lliuren 400.000 signatures al Parlament","datePublished":"2013-05-29T11:35:34+00:00","dateModified":"2013-05-29T11:35:34+00:00","mainEntityOfPage":{"@id":"https:\/\/novaorg.cofb.net\/2013\/05\/29\/els-farmaceutics-lliuren-400-000-signatures-al-parlament\/"},"wordCount":262,"commentCount":0,"publisher":{"@id":"https:\/\/www.cofb.org\/#organization"},"image":{"@id":"https:\/\/novaorg.cofb.net\/2013\/05\/29\/els-farmaceutics-lliuren-400-000-signatures-al-parlament\/#primaryimage"},"thumbnailUrl":"","keywords":["Impagaments","Oficina de farm\u00e0cia"],"articleSection":["Destacats","Not\u00edcies farm\u00e0cia"],"inLanguage":"es","potentialAction":[{"@type":"CommentAction","name":"Comment","target":["https:\/\/novaorg.cofb.net\/2013\/05\/29\/els-farmaceutics-lliuren-400-000-signatures-al-parlament\/#respond"]}]},{"@type":"WebPage","@id":"https:\/\/novaorg.cofb.net\/2013\/05\/29\/els-farmaceutics-lliuren-400-000-signatures-al-parlament\/","url":"https:\/\/novaorg.cofb.net\/2013\/05\/29\/els-farmaceutics-lliuren-400-000-signatures-al-parlament\/","name":"Els farmac\u00e8utics lliuren 400.000 signatures al Parlament - Col\u00b7legi de Farmac\u00e8utics de Barcelona","isPartOf":{"@id":"https:\/\/www.cofb.org\/#website"},"primaryImageOfPage":{"@id":"https:\/\/novaorg.cofb.net\/2013\/05\/29\/els-farmaceutics-lliuren-400-000-signatures-al-parlament\/#primaryimage"},"image":{"@id":"https:\/\/novaorg.cofb.net\/2013\/05\/29\/els-farmaceutics-lliuren-400-000-signatures-al-parlament\/#primaryimage"},"thumbnailUrl":"","datePublished":"2013-05-29T11:35:34+00:00","dateModified":"2013-05-29T11:35:34+00:00","breadcrumb":{"@id":"https:\/\/novaorg.cofb.net\/2013\/05\/29\/els-farmaceutics-lliuren-400-000-signatures-al-parlament\/#breadcrumb"},"inLanguage":"es","potentialAction":[{"@type":"ReadAction","target":["https:\/\/novaorg.cofb.net\/2013\/05\/29\/els-farmaceutics-lliuren-400-000-signatures-al-parlament\/"]}]},{"@type":"ImageObject","inLanguage":"es","@id":"https:\/\/novaorg.cofb.net\/2013\/05\/29\/els-farmaceutics-lliuren-400-000-signatures-al-parlament\/#primaryimage","url":"","contentUrl":""},{"@type":"BreadcrumbList","@id":"https:\/\/novaorg.cofb.net\/2013\/05\/29\/els-farmaceutics-lliuren-400-000-signatures-al-parlament\/#breadcrumb","itemListElement":[{"@type":"ListItem","position":1,"name":"Inici","item":"https:\/\/novaorg.cofb.net\/"},{"@type":"ListItem","position":2,"name":"Els farmac\u00e8utics lliuren 400.000 signatures al Parlament"}]},{"@type":"WebSite","@id":"https:\/\/www.cofb.org\/#website","url":"https:\/\/www.cofb.org\/","name":"Col\u00b7legi de Farmac\u00e8utics de Barcelona","description":"","publisher":{"@id":"https:\/\/www.cofb.org\/#organization"},"potentialAction":[{"@type":"SearchAction","target":{"@type":"EntryPoint","urlTemplate":"https:\/\/www.cofb.org\/?s={search_term_string}"},"query-input":"required name=search_term_string"}],"inLanguage":"es"},{"@type":"Organization","@id":"https:\/\/www.cofb.org\/#organization","name":"Col\u00b7legi de Farmac\u00e8utics de Barcelona","url":"https:\/\/www.cofb.org\/","logo":{"@type":"ImageObject","inLanguage":"es","@id":"https:\/\/www.cofb.org\/#\/schema\/logo\/image\/","url":"https:\/\/www.cofb.org\/wp-content\/uploads\/2023\/11\/cropped-Logotip-COFB.png","contentUrl":"https:\/\/www.cofb.org\/wp-content\/uploads\/2023\/11\/cropped-Logotip-COFB.png","width":500,"height":105,"caption":"Col\u00b7legi de Farmac\u00e8utics de Barcelona"},"image":{"@id":"https:\/\/www.cofb.org\/#\/schema\/logo\/image\/"},"sameAs":["https:\/\/www.facebook.com\/farmaceuticsbcn\/","https:\/\/twitter.com\/farmaceuticsbcn","https:\/\/www.instagram.com\/farmaceuticsbcn\/","https:\/\/www.linkedin.com\/company\/farmaceuticsbcn\/"]},{"@type":"Person","@id":"https:\/\/www.cofb.org\/#\/schema\/person\/22ed7eea88da74b0fa4d3154ad87ffcb","name":"wpAdminCofbOrg","image":{"@type":"ImageObject","inLanguage":"es","@id":"https:\/\/www.cofb.org\/#\/schema\/person\/image\/","url":"https:\/\/secure.gravatar.com\/avatar\/1721b20b3b8ca882c3b56ec6c978c594fff670e40c0718e9190eaeeb76aae7d8?s=96&d=mm&r=g","contentUrl":"https:\/\/secure.gravatar.com\/avatar\/1721b20b3b8ca882c3b56ec6c978c594fff670e40c0718e9190eaeeb76aae7d8?s=96&d=mm&r=g","caption":"wpAdminCofbOrg"},"sameAs":["http:\/\/192.168.64.122\/wordpress"],"url":"https:\/\/www.cofb.org\/es\/author\/wpadmincofborg\/"}]}},"uagb_featured_image_src":{"full":false,"thumbnail":false,"medium":false,"medium_large":false,"large":false,"1536x1536":false,"2048x2048":false,"trp-custom-language-flag":false},"uagb_author_info":{"display_name":"wpAdminCofbOrg","author_link":"https:\/\/www.cofb.org\/es\/author\/wpadmincofborg\/"},"uagb_comment_info":0,"uagb_excerpt":"Jordi de Dalmases, president del Consell de Col\u00b7legis Farmac\u00e8utics de Catalunya, ha tornat a recordar la &#8220;situaci\u00f3 d&#8217;angoixa&#8221; que pateixen les farm\u00e0cies pels impagaments i ha demanat &#8220;concrecions&#8221; a l&#8217;Administraci\u00f3. El Consell de Col\u00b7legis Farmac\u00e8utics de Catalunya (CCFC) ha lliurat les prop de 400.000 signatures recollides a les farm\u00e0cies catalanes [&hellip;]","_links":{"self":[{"href":"https:\/\/www.cofb.org\/es\/wp-json\/wp\/v2\/posts\/1686","targetHints":{"allow":["GET"]}}],"collection":[{"href":"https:\/\/www.cofb.org\/es\/wp-json\/wp\/v2\/posts"}],"about":[{"href":"https:\/\/www.cofb.org\/es\/wp-json\/wp\/v2\/types\/post"}],"author":[{"embeddable":true,"href":"https:\/\/www.cofb.org\/es\/wp-json\/wp\/v2\/users\/1"}],"replies":[{"embeddable":true,"href":"https:\/\/www.cofb.org\/es\/wp-json\/wp\/v2\/comments?post=1686"}],"version-history":[{"count":0,"href":"https:\/\/www.cofb.org\/es\/wp-json\/wp\/v2\/posts\/1686\/revisions"}],"wp:featuredmedia":[{"embeddable":true,"href":"https:\/\/www.cofb.org\/es\/wp-json\/"}],"wp:attachment":[{"href":"https:\/\/www.cofb.org\/es\/wp-json\/wp\/v2\/media?parent=1686"}],"wp:term":[{"taxonomy":"category","embeddable":true,"href":"https:\/\/www.cofb.org\/es\/wp-json\/wp\/v2\/categories?post=1686"},{"taxonomy":"post_tag","embeddable":true,"href":"https:\/\/www.cofb.org\/es\/wp-json\/wp\/v2\/tags?post=1686"}],"curies":[{"name":"wp","href":"https:\/\/api.w.org\/{rel}","templated":true}]}}