{"id":16847,"date":"2015-10-21T10:05:11","date_gmt":"2015-10-21T09:05:11","guid":{"rendered":"http:\/\/blog.cofb.cat\/?p=16847"},"modified":"2015-10-21T10:05:11","modified_gmt":"2015-10-21T09:05:11","slug":"la-farmacia-catalana-accepta-el-repte-de-la-cronicitat-al-congres-datencio-farmaceutica-de-toledo","status":"publish","type":"post","link":"https:\/\/www.cofb.org\/es\/2015\/10\/21\/la-farmacia-catalana-accepta-el-repte-de-la-cronicitat-al-congres-datencio-farmaceutica-de-toledo\/","title":{"rendered":"La farmacia catalana acepta el reto de la cronicidad en el congreso de Atenci\u00f3n Farmac\u00e9utica de Toledo"},"content":{"rendered":"<p style=\"text-align: left;\"><a href=\"http:\/\/blog.cofb.cat\/wp-content\/uploads\/2015\/10\/baner-congresAF.jpg\"><img decoding=\"async\" class=\"wp-image-16863 aligncenter\" alt=\"baner-congresAF\" src=\"http:\/\/blog.cofb.cat\/wp-content\/uploads\/2015\/10\/baner-congresAF.jpg\" width=\"486\" height=\"74\" \/><\/a><br \/>\nCerca de 800 farmac\u00e9uticos asistieron, del 15 al 17 de octubre, al <strong><a href=\"http:\/\/www.congresoaf.com\/congreso_atencion_farmaceutica\/inicio.html\" target=\"_blank\" rel=\"noopener\">IX Congreso Nacional de Atenci\u00f3n Farmac\u00e9utica<\/a> <\/strong>organizado por la Fundaci\u00f3n Pharmaceutical Care y el Colegio Oficial de Farmac\u00e9uticos de Toledo. Este a\u00f1o el lema fue \u201c<strong>La atenci\u00f3n farmac\u00e9utica ante el reto de la cronicidad<\/strong>\u201d, un fen\u00f3meno que suscita la m\u00e1xima preocupaci\u00f3n de los sistemas sanitarios, tanto en Espa\u00f1a como en el \u00e1mbito internacional. Seg\u00fan la Estrategia de Cronicidad del Sistema Nacional de Salud de 2012, el 45,6% de la poblaci\u00f3n mayor de 16 a\u00f1os sufre un proceso cr\u00f3nico, ligados en muchas ocasiones a situaciones complejas como la pluripatolog\u00eda, la polimedicaci\u00f3n, el envejecimiento y la dependencia . Por eso, las enfermedades cr\u00f3nicas, aparte de constituir un problema sanitario de primera magnitud, tienen un enorme impacto social y econ\u00f3mico.<\/p>\n<p>El Congreso gir\u00f3 en torno a proyectos, experiencias, estudios y debates sobre el <strong>papel del farmac\u00e9utico en la gesti\u00f3n del paciente cr\u00f3nico<\/strong>, porque el sistema sanitario se est\u00e1 adaptando a esta situaci\u00f3n, y en la atenci\u00f3n sanitaria se est\u00e1n produciendo cambios trascendentales para dar respuesta a este escenario, en un entorno de limitaci\u00f3n de recursos que hace necesaria la b\u00fasqueda de sostenibilidad pero manteniendo una adecuada prestaci\u00f3n de servicios. Tambi\u00e9n fue un espacio abierto al debate en el que se hicieron aportaciones relevantes a la mejora de la asistencia sanitaria, ya la salud y el bienestar de los ciudadanos, y tambi\u00e9n en la aportaci\u00f3n que puede realizar el farmac\u00e9utico.<\/p>\n<blockquote><p>El farmac\u00e9utico, en colaboraci\u00f3n con el equipo sanitario, debe aportar un papel activo y relevante en el abordaje de la cronicidad, ofreciendo una continuidad asistencial que permita obtener el m\u00e1ximo beneficio de los medicamentos, mediante el desarrollo de servicios como el seguimiento farmacoterap\u00e9utico, la educaci\u00f3n sanitaria y la colaboraci\u00f3n en la detecci\u00f3n precoz de enfermedades. Ana Dago, presidenta del Comit\u00e9 Organizador, y Julio Andr\u00e9s, presidente del Comit\u00e9 Cient\u00edfico.<\/p><\/blockquote>\n<p>El Colegio estuvo presente en el congreso presentando tres p\u00f3sters de los siguientes trabajos:<\/p>\n<figure id=\"attachment_16858\" aria-describedby=\"caption-attachment-16858\" style=\"width: 245px\" class=\"wp-caption alignleft\"><a href=\"http:\/\/blog.cofb.cat\/wp-content\/uploads\/2015\/10\/POSTER-PHCARE-2015-APNEA.pdf\" target=\"_blank\" rel=\"noopener\"><img fetchpriority=\"high\" decoding=\"async\" class=\"wp-image-16858\" alt=\"apnea\" src=\"http:\/\/blog.cofb.cat\/wp-content\/uploads\/2015\/10\/apnea.jpg\" width=\"245\" height=\"326\" \/><\/a><figcaption id=\"caption-attachment-16858\" class=\"wp-caption-text\">Pulsa en la imagen para consultar el p\u00f3ster en PDF<\/figcaption><\/figure>\n<p><b>Detecci\u00f3n del riesgo de apnea obstructiva del sue\u00f1o (SAHOS) en las farmacias comunitarias. Evaluaci\u00f3n del proceso.<\/b> Autores: Francisca Aranzana, Cristina Rodriguez, Maribel G\u00f3mez y Maria Estrada, del COFB, y Andreu Mart\u00ednez y Oriol Dom\u00e8nech, de la Mutua General de Catalunya.<\/p>\n<p><strong>\u00bfPrincipales conclusiones? <\/strong>La obtenci\u00f3n de resultados cl\u00ednicos satisfactorios en la realizaci\u00f3n de poligraf\u00edas respiratorias domiciliarias desde la farmacia permite considerar la integraci\u00f3n del servicio en el cat\u00e1logo de la cartera profesional siempre que se resuelvan o minimicen los factores limitantes descritos en la prueba control.<\/p>\n<figure id=\"attachment_16859\" aria-describedby=\"caption-attachment-16859\" style=\"width: 229px\" class=\"wp-caption alignright\"><a href=\"http:\/\/blog.cofb.cat\/wp-content\/uploads\/2015\/10\/POSTER-PHCARE-2015-RCV.pdf\" target=\"_blank\" rel=\"noopener\"><img decoding=\"async\" class=\"wp-image-16859\" alt=\"cardiovascular\" src=\"http:\/\/blog.cofb.cat\/wp-content\/uploads\/2015\/10\/cardiovascular.jpg\" width=\"229\" height=\"305\" \/><\/a><figcaption id=\"caption-attachment-16859\" class=\"wp-caption-text\">Pulsa en la imagen para consultar el p\u00f3ster en PDF<\/figcaption><\/figure>\n<p>&nbsp;<\/p>\n<p>&nbsp;<\/p>\n<p>&nbsp;<\/p>\n<p>&nbsp;<\/p>\n<p><b>Programa de detecci\u00f3n del riesgo cardiovascular concertado por una mutualidad privada: resultados de la prueba piloto<\/b>. Autores: Merc\u00e8 Barau, Cristina Rodr\u00edguez, Maria Estrada y Pau Lozano, del COFB, y Andreu Mart\u00ednez y Oriol Dom\u00e8nech, de la Mutua General de Catalunya.<\/p>\n<p><strong>\u00bfPrincipales conclusiones?<\/strong> La evaluaci\u00f3n de la primera experiencia en el \u00e1mbito estatal de concertaci\u00f3n con una mutualidad de seguro privado permite consolidar la oferta de los servicios profesionales farmac\u00e9uticos como proveedor de diferentes gestores\/concertadores.<\/p>\n<p>&nbsp;<\/p>\n<figure id=\"attachment_16860\" aria-describedby=\"caption-attachment-16860\" style=\"width: 228px\" class=\"wp-caption alignleft\"><a href=\"http:\/\/blog.cofb.cat\/wp-content\/uploads\/2015\/10\/POSTER-PHCARE-2015-STREPTOTEST.pdf\" target=\"_blank\" rel=\"noopener\"><img loading=\"lazy\" decoding=\"async\" class=\"wp-image-16860\" alt=\"mal de gola\" src=\"http:\/\/blog.cofb.cat\/wp-content\/uploads\/2015\/10\/mal-de-gola.jpg\" width=\"228\" height=\"301\" \/><\/a><figcaption id=\"caption-attachment-16860\" class=\"wp-caption-text\">Pulsa en la imagen para consultar el p\u00f3ster en PDF<\/figcaption><\/figure>\n<p>&nbsp;<\/p>\n<p><b>Viabilidad de la implantaci\u00f3n de un protocolo de actuaci\u00f3n ante el dolor de garganta en la farmacia comunitaria<\/b>. Autores: Merc\u00e8 Barau, Cristina Rodr\u00edguez, Maria Estrada y Pau Lozano, del COFB.<\/p>\n<p><strong>\u00bfPrincipales conclusiones? <\/strong>La implantaci\u00f3n del protocolo de actuaci\u00f3n farmac\u00e9utica ante el dolor de garganta presenta una serie de limitaciones que dificultan su implantaci\u00f3n. Ser\u00eda conveniente abordar los factores limitantes para consolidar el servicio en la cartera profesional.<\/p>\n<p>El resto de p\u00f3sters se podr\u00e1n consultar en PDF en el apartado &quot;Comunicaciones - Publicaciones online&quot; web del congreso a lo largo de los pr\u00f3ximos d\u00edas.<\/p>\n<p>&nbsp;<\/p>\n<p><b>Participaci\u00f3n del Consejo de Colegios Farmac\u00e9uticos de Catalu\u00f1a<\/b><\/p>\n<figure id=\"attachment_16861\" aria-describedby=\"caption-attachment-16861\" style=\"width: 248px\" class=\"wp-caption alignright\"><a href=\"http:\/\/blog.cofb.cat\/wp-content\/uploads\/2015\/10\/Poster_PESGG_vdef.pdf\" target=\"_blank\" rel=\"noopener\"><img loading=\"lazy\" decoding=\"async\" class=\"wp-image-16861\" alt=\"mal us medicaments\" src=\"http:\/\/blog.cofb.cat\/wp-content\/uploads\/2015\/10\/mal-us-medicaments.jpg\" width=\"248\" height=\"331\" \/><\/a><figcaption id=\"caption-attachment-16861\" class=\"wp-caption-text\">Pulsa en la imagen para consultar el p\u00f3ster en PDF<\/figcaption><\/figure>\n<p>Entre las comunicaciones orales seleccionadas, destaca una del Consejo de Colegios Farmac\u00e9uticos de Catalu\u00f1a (CCFC): \u201c<strong>Programa de educaci\u00f3n sanitaria a personas mayores sobre el buen uso del medicamento en Catalu\u00f1a (PESGC). Nueva etapa 2014<\/strong>\u201d. Autores: Pilar Rius, del CCFC; Maria Estrada, del COFB; Jordi Blanch, del Colegio de Farmac\u00e9uticos de Tarragona; Silvia Cabarrocas, del Colegio de Farmac\u00e9uticos de Girona; Teresa Hern\u00e1ndez, del Colegio de Farmac\u00e9uticos de Lleida; y Pilar L\u00f3pez, del departamento de Gerencia de Farmacia y del Medicamento del CatSalut.<\/p>\n<p>El trabajo concluye que la incorporaci\u00f3n del farmac\u00e9utico comunitario &quot;aumenta la idoneidad de los programas de educaci\u00f3n sobre el buen uso de los medicamentos, logr\u00e1ndose aumentos significativos tanto en el grado de conocimiento como en la satisfacci\u00f3n del usuario&quot;.<\/p>\n<p>Y en la \u00faltima mesa del congreso, <i>Remuneraci\u00f3n de los Servicios profesionales farmac\u00e9uticos<\/i>, Pilar Gasc\u00f3n, secretaria y patrona de la Fundaci\u00f3n Pharmaceutical Care, expuso el proyecto \u201c<strong>Detecci\u00f3n de riesgo cardiovascular y Atenci\u00f3n a pacientes cr\u00f3nicos complejos. Ejemplos de remuneraci\u00f3n<\/strong>\u201d, defendiendo que los servicios farmac\u00e9uticos deben contar con una remuneraci\u00f3n espec\u00edfica, al tratarse de un binomio inseparable.<\/p>\n<p>El Consejo present\u00f3 tambi\u00e9n otros dos p\u00f3sters:<\/p>\n<ul>\n<li><a href=\"http:\/\/blog.cofb.cat\/wp-content\/uploads\/2015\/10\/Poster_servicios_profesionales_vdef.pdf\" target=\"_blank\" rel=\"noopener\">Presencia de la farmacia y los servicios profesionales en el Plan de Salud de Catalunya (PDF)<\/a><\/li>\n<li><a href=\"http:\/\/blog.cofb.cat\/wp-content\/uploads\/2015\/10\/Poster_plataforma_tec_vdef.pdf\" target=\"_blank\" rel=\"noopener\">Plataforma tecnol\u00f3gica para la gesti\u00f3n compartida de procesos. Un elemento estructural clave en la planificaci\u00f3n estrat\u00e9gica (PDF)\u00a0<\/a><\/li>\n<\/ul>\n<div class=\"box shadow\">En el transcurso del congreso tuvo lugar la entrega de premios de la <b>cuarta edici\u00f3n de Foro Atenci\u00f3n Farmac\u00e9utica Farmacia Comunitaria<\/b> que en esta ocasi\u00f3n recay\u00f3 en el farmac\u00e9utico <b>Roberto Vilari\u00f1o<\/b>, del Colegio Oficial de Farmac\u00e9uticos de A Coru\u00f1a, implicado en el programa conSIGUE, con el caso \u201cServicio de Seguimiento Farmacoterap\u00e9utico a un paciente con antecedentes de ictus y tromboembolismo venoso\u201d.<\/p>\n<p>Fuente y m\u00e1s informaci\u00f3n: <a href=\"http:\/\/www.portalfarma.com\/Profesionales\/Notas-de-prensa\/Paginas\/Roberto-Vilarino-ganador-cuarta-edicion-Premios-Foro-Atencion-Farmaceutica-Farmacia-Comunitaria.aspx\">Consejo General de Colegios Farmac\u00e9uticos<\/a><\/div>\n<p><b>Quiz\u00e1s tambi\u00e9n te interesa:<\/b><\/p>\n<p>En relaci\u00f3n a los p\u00f3sters presentados:<\/p>\n<ul>\n<li><a href=\"http:\/\/blog.cofb.cat\/neix-la-primera-guia-dactuacio-farmaceutica-en-mal-de-gola\/\">Nace la primera Gu\u00eda de Actuaci\u00f3n Farmac\u00e9utica en dolor de garganta<\/a> (Blog)<\/li>\n<li><a href=\"http:\/\/blog.cofb.cat\/bon-acolliment-del-programa-de-deteccio-de-risc-cardiovascular\/\">Buena acogida del programa de detecci\u00f3n de riesgo cardiovascular<\/a> (Blog)<\/li>\n<li><a href=\"http:\/\/blog.cofb.cat\/1-doctubre-dia-internacional-de-la-gent-gran-els-farmaceutics-donen-eines-per-millorar-el-seguiment-dels-tractaments\/\">1 de octubre, D\u00eda Internacional de las Personas Mayores: los farmac\u00e9uticos dan herramientas para mejorar el seguimiento de los tratamientos<\/a> (Blog)<\/li>\n<\/ul>\n<p>Proyectos del Consejo General:<\/p>\n<ul>\n<li><a href=\"http:\/\/www.portalfarma.com\/Profesionales\/Notas-de-prensa\/Paginas\/Resultados-preliminares-IX-Congreso-Atencion-Farmaceutica.aspx\">Nota de prensa \u2013 Estudio Aspira: la intervenci\u00f3n del Farmac\u00e9utico incrementa en 8,6 puntos la calidad de vida de los pacientes<\/a> (v\u00eda Consejo General de Colegios Farmac\u00e9uticos)<\/li>\n<li><a href=\"http:\/\/www.portalfarma.com\/Profesionales\/Notas-de-prensa\/Paginas\/Datos-preliminares-conSIGUE-IX-Congreso-Atencion-Farmaceutica.aspx\">Nota de prensa \u2013 Programa conSIGUE: Datos preliminares confirman los beneficios del Servicio de seguimiento farmacoterap\u00e9utico a pacientes mayores, cr\u00f3nicos y polimedicados desde las farmacias comunitarias<\/a> (v\u00eda Consejo General de Colegios Farmac\u00e9uticos)<\/li>\n<\/ul>\n<p><strong><a href=\"http:\/\/www.congresoaf.com\/congreso_atencion_farmaceutica_toledo\/17\/41_programa.html\" target=\"_blank\" rel=\"noopener\">Consultar el programa cient\u00edfico del Congreso<\/a><\/strong><\/p>\n<p><strong><a href=\"http:\/\/www.congresoaf.com\/posters_congreso\/\/posters_congreso_atencion_farmaceutica.html\" target=\"_blank\" rel=\"noopener\">Acceder a todos los p\u00f3ster presentados en el Congreso<\/a><\/strong><\/p>\n<p>&nbsp;<\/p>","protected":false},"excerpt":{"rendered":"<p>Cerca de 800 farmac\u00e9uticos asistieron, del 15 al 17 de octubre, al IX Congreso Nacional de Atenci\u00f3n Farmac\u00e9utica organizado por la Fundaci\u00f3n Pharmaceutical Care y el Colegio Oficial de Farmac\u00e9uticos de Toledo. Este a\u00f1o el lema fue \u201cLa atenci\u00f3n farmac\u00e9utica ante el reto de la cronicidad\u201d, un fen\u00f3meno que suscita la m\u00e1xima [\u2026]<\/p>","protected":false},"author":1,"featured_media":16984,"comment_status":"open","ping_status":"open","sticky":false,"template":"","format":"standard","meta":{"_uag_custom_page_level_css":"","site-sidebar-layout":"default","site-content-layout":"","ast-site-content-layout":"default","site-content-style":"default","site-sidebar-style":"default","ast-global-header-display":"","ast-banner-title-visibility":"","ast-main-header-display":"","ast-hfb-above-header-display":"","ast-hfb-below-header-display":"","ast-hfb-mobile-header-display":"","site-post-title":"","ast-breadcrumbs-content":"","ast-featured-img":"disabled","footer-sml-layout":"","theme-transparent-header-meta":"","adv-header-id-meta":"","stick-header-meta":"","header-above-stick-meta":"","header-main-stick-meta":"","header-below-stick-meta":"","astra-migrate-meta-layouts":"default","ast-page-background-enabled":"default","ast-page-background-meta":{"desktop":{"background-color":"var(--ast-global-color-4)","background-image":"","background-repeat":"repeat","background-position":"center center","background-size":"auto","background-attachment":"scroll","background-type":"","background-media":"","overlay-type":"","overlay-color":"","overlay-opacity":"","overlay-gradient":""},"tablet":{"background-color":"","background-image":"","background-repeat":"repeat","background-position":"center center","background-size":"auto","background-attachment":"scroll","background-type":"","background-media":"","overlay-type":"","overlay-color":"","overlay-opacity":"","overlay-gradient":""},"mobile":{"background-color":"","background-image":"","background-repeat":"repeat","background-position":"center center","background-size":"auto","background-attachment":"scroll","background-type":"","background-media":"","overlay-type":"","overlay-color":"","overlay-opacity":"","overlay-gradient":""}},"ast-content-background-meta":{"desktop":{"background-color":"var(--ast-global-color-5)","background-image":"","background-repeat":"repeat","background-position":"center center","background-size":"auto","background-attachment":"scroll","background-type":"","background-media":"","overlay-type":"","overlay-color":"","overlay-opacity":"","overlay-gradient":""},"tablet":{"background-color":"var(--ast-global-color-5)","background-image":"","background-repeat":"repeat","background-position":"center center","background-size":"auto","background-attachment":"scroll","background-type":"","background-media":"","overlay-type":"","overlay-color":"","overlay-opacity":"","overlay-gradient":""},"mobile":{"background-color":"var(--ast-global-color-5)","background-image":"","background-repeat":"repeat","background-position":"center center","background-size":"auto","background-attachment":"scroll","background-type":"","background-media":"","overlay-type":"","overlay-color":"","overlay-opacity":"","overlay-gradient":""}},"footnotes":""},"categories":[32],"tags":[64,2257,111,2121,449],"class_list":["post-16847","post","type-post","status-publish","format-standard","has-post-thumbnail","hentry","category-noticies-farmacia","tag-atencio-farmaceutica","tag-bon-us-medicaments","tag-congres","tag-congressos","tag-cronicitat"],"yoast_head":"<!-- This site is optimized with the Yoast SEO plugin v22.4 - https:\/\/yoast.com\/wordpress\/plugins\/seo\/ -->\n<title>La farm\u00e0cia catalana accepta el repte de la cronicitat al congr\u00e9s d\u2019Atenci\u00f3 Farmac\u00e8utica de Toledo - Col\u00b7legi de Farmac\u00e8utics de Barcelona<\/title>\n<meta name=\"robots\" content=\"index, follow, max-snippet:-1, max-image-preview:large, max-video-preview:-1\" \/>\n<link rel=\"canonical\" href=\"https:\/\/novaorg.cofb.net\/2015\/10\/21\/la-farmacia-catalana-accepta-el-repte-de-la-cronicitat-al-congres-datencio-farmaceutica-de-toledo\/\" \/>\n<meta property=\"og:locale\" content=\"es_ES\" \/>\n<meta property=\"og:type\" content=\"article\" \/>\n<meta property=\"og:title\" content=\"La farm\u00e0cia catalana accepta el repte de la cronicitat al congr\u00e9s d\u2019Atenci\u00f3 Farmac\u00e8utica de Toledo - Col\u00b7legi de Farmac\u00e8utics de Barcelona\" \/>\n<meta property=\"og:description\" content=\"Prop de 800 farmac\u00e8utics van assistir, del 15 al 17 d&#8217;octubre, al IX Congr\u00e9s Nacional d&#8217;Atenci\u00f3 Farmac\u00e8utica organitzat per la Fundaci\u00f3 Pharmaceutical Care i el Col\u00b7legi Oficial de Farmac\u00e8utics de Toledo. Enguany el lema va ser \u201cL&#8217;atenci\u00f3 farmac\u00e8utica davant el repte de la cronicitat\u201d, un fenomen que suscita la m\u00e0xima [&hellip;]\" \/>\n<meta property=\"og:url\" content=\"https:\/\/novaorg.cofb.net\/2015\/10\/21\/la-farmacia-catalana-accepta-el-repte-de-la-cronicitat-al-congres-datencio-farmaceutica-de-toledo\/\" \/>\n<meta property=\"og:site_name\" content=\"Col\u00b7legi de Farmac\u00e8utics de Barcelona\" \/>\n<meta property=\"article:publisher\" content=\"https:\/\/www.facebook.com\/farmaceuticsbcn\/\" \/>\n<meta property=\"article:published_time\" content=\"2015-10-21T09:05:11+00:00\" \/>\n<meta name=\"author\" content=\"wpAdminCofbOrg\" \/>\n<meta name=\"twitter:card\" content=\"summary_large_image\" \/>\n<meta name=\"twitter:creator\" content=\"@farmaceuticsbcn\" \/>\n<meta name=\"twitter:site\" content=\"@farmaceuticsbcn\" \/>\n<meta name=\"twitter:label1\" content=\"Escrito por\" \/>\n\t<meta name=\"twitter:data1\" content=\"wpAdminCofbOrg\" \/>\n\t<meta name=\"twitter:label2\" content=\"Tiempo de lectura\" \/>\n\t<meta name=\"twitter:data2\" content=\"6 minutos\" \/>\n<script type=\"application\/ld+json\" class=\"yoast-schema-graph\">{\"@context\":\"https:\/\/schema.org\",\"@graph\":[{\"@type\":\"Article\",\"@id\":\"https:\/\/novaorg.cofb.net\/2015\/10\/21\/la-farmacia-catalana-accepta-el-repte-de-la-cronicitat-al-congres-datencio-farmaceutica-de-toledo\/#article\",\"isPartOf\":{\"@id\":\"https:\/\/novaorg.cofb.net\/2015\/10\/21\/la-farmacia-catalana-accepta-el-repte-de-la-cronicitat-al-congres-datencio-farmaceutica-de-toledo\/\"},\"author\":{\"name\":\"wpAdminCofbOrg\",\"@id\":\"https:\/\/www.cofb.org\/#\/schema\/person\/22ed7eea88da74b0fa4d3154ad87ffcb\"},\"headline\":\"La farm\u00e0cia catalana accepta el repte de la cronicitat al congr\u00e9s d\u2019Atenci\u00f3 Farmac\u00e8utica de Toledo\",\"datePublished\":\"2015-10-21T09:05:11+00:00\",\"dateModified\":\"2015-10-21T09:05:11+00:00\",\"mainEntityOfPage\":{\"@id\":\"https:\/\/novaorg.cofb.net\/2015\/10\/21\/la-farmacia-catalana-accepta-el-repte-de-la-cronicitat-al-congres-datencio-farmaceutica-de-toledo\/\"},\"wordCount\":1212,\"commentCount\":0,\"publisher\":{\"@id\":\"https:\/\/www.cofb.org\/#organization\"},\"image\":{\"@id\":\"https:\/\/novaorg.cofb.net\/2015\/10\/21\/la-farmacia-catalana-accepta-el-repte-de-la-cronicitat-al-congres-datencio-farmaceutica-de-toledo\/#primaryimage\"},\"thumbnailUrl\":\"\",\"keywords\":[\"Atenci\u00f3 farmac\u00e8utica\",\"bon \u00fas medicaments\",\"Congr\u00e8s\",\"Congressos\",\"cronicitat\"],\"articleSection\":[\"Not\u00edcies farm\u00e0cia\"],\"inLanguage\":\"es\",\"potentialAction\":[{\"@type\":\"CommentAction\",\"name\":\"Comment\",\"target\":[\"https:\/\/novaorg.cofb.net\/2015\/10\/21\/la-farmacia-catalana-accepta-el-repte-de-la-cronicitat-al-congres-datencio-farmaceutica-de-toledo\/#respond\"]}]},{\"@type\":\"WebPage\",\"@id\":\"https:\/\/novaorg.cofb.net\/2015\/10\/21\/la-farmacia-catalana-accepta-el-repte-de-la-cronicitat-al-congres-datencio-farmaceutica-de-toledo\/\",\"url\":\"https:\/\/novaorg.cofb.net\/2015\/10\/21\/la-farmacia-catalana-accepta-el-repte-de-la-cronicitat-al-congres-datencio-farmaceutica-de-toledo\/\",\"name\":\"La farm\u00e0cia catalana accepta el repte de la cronicitat al congr\u00e9s d\u2019Atenci\u00f3 Farmac\u00e8utica de Toledo - Col\u00b7legi de Farmac\u00e8utics de Barcelona\",\"isPartOf\":{\"@id\":\"https:\/\/www.cofb.org\/#website\"},\"primaryImageOfPage\":{\"@id\":\"https:\/\/novaorg.cofb.net\/2015\/10\/21\/la-farmacia-catalana-accepta-el-repte-de-la-cronicitat-al-congres-datencio-farmaceutica-de-toledo\/#primaryimage\"},\"image\":{\"@id\":\"https:\/\/novaorg.cofb.net\/2015\/10\/21\/la-farmacia-catalana-accepta-el-repte-de-la-cronicitat-al-congres-datencio-farmaceutica-de-toledo\/#primaryimage\"},\"thumbnailUrl\":\"\",\"datePublished\":\"2015-10-21T09:05:11+00:00\",\"dateModified\":\"2015-10-21T09:05:11+00:00\",\"breadcrumb\":{\"@id\":\"https:\/\/novaorg.cofb.net\/2015\/10\/21\/la-farmacia-catalana-accepta-el-repte-de-la-cronicitat-al-congres-datencio-farmaceutica-de-toledo\/#breadcrumb\"},\"inLanguage\":\"es\",\"potentialAction\":[{\"@type\":\"ReadAction\",\"target\":[\"https:\/\/novaorg.cofb.net\/2015\/10\/21\/la-farmacia-catalana-accepta-el-repte-de-la-cronicitat-al-congres-datencio-farmaceutica-de-toledo\/\"]}]},{\"@type\":\"ImageObject\",\"inLanguage\":\"es\",\"@id\":\"https:\/\/novaorg.cofb.net\/2015\/10\/21\/la-farmacia-catalana-accepta-el-repte-de-la-cronicitat-al-congres-datencio-farmaceutica-de-toledo\/#primaryimage\",\"url\":\"\",\"contentUrl\":\"\"},{\"@type\":\"BreadcrumbList\",\"@id\":\"https:\/\/novaorg.cofb.net\/2015\/10\/21\/la-farmacia-catalana-accepta-el-repte-de-la-cronicitat-al-congres-datencio-farmaceutica-de-toledo\/#breadcrumb\",\"itemListElement\":[{\"@type\":\"ListItem\",\"position\":1,\"name\":\"Inici\",\"item\":\"https:\/\/novaorg.cofb.net\/\"},{\"@type\":\"ListItem\",\"position\":2,\"name\":\"La farm\u00e0cia catalana accepta el repte de la cronicitat al congr\u00e9s d\u2019Atenci\u00f3 Farmac\u00e8utica de Toledo\"}]},{\"@type\":\"WebSite\",\"@id\":\"https:\/\/www.cofb.org\/#website\",\"url\":\"https:\/\/www.cofb.org\/\",\"name\":\"Col\u00b7legi de Farmac\u00e8utics de Barcelona\",\"description\":\"\",\"publisher\":{\"@id\":\"https:\/\/www.cofb.org\/#organization\"},\"potentialAction\":[{\"@type\":\"SearchAction\",\"target\":{\"@type\":\"EntryPoint\",\"urlTemplate\":\"https:\/\/www.cofb.org\/?s={search_term_string}\"},\"query-input\":\"required name=search_term_string\"}],\"inLanguage\":\"es\"},{\"@type\":\"Organization\",\"@id\":\"https:\/\/www.cofb.org\/#organization\",\"name\":\"Col\u00b7legi de Farmac\u00e8utics de Barcelona\",\"url\":\"https:\/\/www.cofb.org\/\",\"logo\":{\"@type\":\"ImageObject\",\"inLanguage\":\"es\",\"@id\":\"https:\/\/www.cofb.org\/#\/schema\/logo\/image\/\",\"url\":\"https:\/\/www.cofb.org\/wp-content\/uploads\/2023\/11\/cropped-Logotip-COFB.png\",\"contentUrl\":\"https:\/\/www.cofb.org\/wp-content\/uploads\/2023\/11\/cropped-Logotip-COFB.png\",\"width\":500,\"height\":105,\"caption\":\"Col\u00b7legi de Farmac\u00e8utics de Barcelona\"},\"image\":{\"@id\":\"https:\/\/www.cofb.org\/#\/schema\/logo\/image\/\"},\"sameAs\":[\"https:\/\/www.facebook.com\/farmaceuticsbcn\/\",\"https:\/\/twitter.com\/farmaceuticsbcn\",\"https:\/\/www.instagram.com\/farmaceuticsbcn\/\",\"https:\/\/www.linkedin.com\/company\/farmaceuticsbcn\/\"]},{\"@type\":\"Person\",\"@id\":\"https:\/\/www.cofb.org\/#\/schema\/person\/22ed7eea88da74b0fa4d3154ad87ffcb\",\"name\":\"wpAdminCofbOrg\",\"image\":{\"@type\":\"ImageObject\",\"inLanguage\":\"es\",\"@id\":\"https:\/\/www.cofb.org\/#\/schema\/person\/image\/\",\"url\":\"https:\/\/secure.gravatar.com\/avatar\/1721b20b3b8ca882c3b56ec6c978c594fff670e40c0718e9190eaeeb76aae7d8?s=96&d=mm&r=g\",\"contentUrl\":\"https:\/\/secure.gravatar.com\/avatar\/1721b20b3b8ca882c3b56ec6c978c594fff670e40c0718e9190eaeeb76aae7d8?s=96&d=mm&r=g\",\"caption\":\"wpAdminCofbOrg\"},\"sameAs\":[\"http:\/\/192.168.64.122\/wordpress\"],\"url\":\"https:\/\/www.cofb.org\/es\/author\/wpadmincofborg\/\"}]}<\/script>\n<!-- \/ Yoast SEO plugin. -->","yoast_head_json":{"title":"La farm\u00e0cia catalana accepta el repte de la cronicitat al congr\u00e9s d\u2019Atenci\u00f3 Farmac\u00e8utica de Toledo - Col\u00b7legi de Farmac\u00e8utics de Barcelona","robots":{"index":"index","follow":"follow","max-snippet":"max-snippet:-1","max-image-preview":"max-image-preview:large","max-video-preview":"max-video-preview:-1"},"canonical":"https:\/\/novaorg.cofb.net\/2015\/10\/21\/la-farmacia-catalana-accepta-el-repte-de-la-cronicitat-al-congres-datencio-farmaceutica-de-toledo\/","og_locale":"es_ES","og_type":"article","og_title":"La farm\u00e0cia catalana accepta el repte de la cronicitat al congr\u00e9s d\u2019Atenci\u00f3 Farmac\u00e8utica de Toledo - Col\u00b7legi de Farmac\u00e8utics de Barcelona","og_description":"Prop de 800 farmac\u00e8utics van assistir, del 15 al 17 d&#8217;octubre, al IX Congr\u00e9s Nacional d&#8217;Atenci\u00f3 Farmac\u00e8utica organitzat per la Fundaci\u00f3 Pharmaceutical Care i el Col\u00b7legi Oficial de Farmac\u00e8utics de Toledo. Enguany el lema va ser \u201cL&#8217;atenci\u00f3 farmac\u00e8utica davant el repte de la cronicitat\u201d, un fenomen que suscita la m\u00e0xima [&hellip;]","og_url":"https:\/\/novaorg.cofb.net\/2015\/10\/21\/la-farmacia-catalana-accepta-el-repte-de-la-cronicitat-al-congres-datencio-farmaceutica-de-toledo\/","og_site_name":"Col\u00b7legi de Farmac\u00e8utics de Barcelona","article_publisher":"https:\/\/www.facebook.com\/farmaceuticsbcn\/","article_published_time":"2015-10-21T09:05:11+00:00","author":"wpAdminCofbOrg","twitter_card":"summary_large_image","twitter_creator":"@farmaceuticsbcn","twitter_site":"@farmaceuticsbcn","twitter_misc":{"Escrito por":"wpAdminCofbOrg","Tiempo de lectura":"6 minutos"},"schema":{"@context":"https:\/\/schema.org","@graph":[{"@type":"Article","@id":"https:\/\/novaorg.cofb.net\/2015\/10\/21\/la-farmacia-catalana-accepta-el-repte-de-la-cronicitat-al-congres-datencio-farmaceutica-de-toledo\/#article","isPartOf":{"@id":"https:\/\/novaorg.cofb.net\/2015\/10\/21\/la-farmacia-catalana-accepta-el-repte-de-la-cronicitat-al-congres-datencio-farmaceutica-de-toledo\/"},"author":{"name":"wpAdminCofbOrg","@id":"https:\/\/www.cofb.org\/#\/schema\/person\/22ed7eea88da74b0fa4d3154ad87ffcb"},"headline":"La farm\u00e0cia catalana accepta el repte de la cronicitat al congr\u00e9s d\u2019Atenci\u00f3 Farmac\u00e8utica de Toledo","datePublished":"2015-10-21T09:05:11+00:00","dateModified":"2015-10-21T09:05:11+00:00","mainEntityOfPage":{"@id":"https:\/\/novaorg.cofb.net\/2015\/10\/21\/la-farmacia-catalana-accepta-el-repte-de-la-cronicitat-al-congres-datencio-farmaceutica-de-toledo\/"},"wordCount":1212,"commentCount":0,"publisher":{"@id":"https:\/\/www.cofb.org\/#organization"},"image":{"@id":"https:\/\/novaorg.cofb.net\/2015\/10\/21\/la-farmacia-catalana-accepta-el-repte-de-la-cronicitat-al-congres-datencio-farmaceutica-de-toledo\/#primaryimage"},"thumbnailUrl":"","keywords":["Atenci\u00f3 farmac\u00e8utica","bon \u00fas medicaments","Congr\u00e8s","Congressos","cronicitat"],"articleSection":["Not\u00edcies farm\u00e0cia"],"inLanguage":"es","potentialAction":[{"@type":"CommentAction","name":"Comment","target":["https:\/\/novaorg.cofb.net\/2015\/10\/21\/la-farmacia-catalana-accepta-el-repte-de-la-cronicitat-al-congres-datencio-farmaceutica-de-toledo\/#respond"]}]},{"@type":"WebPage","@id":"https:\/\/novaorg.cofb.net\/2015\/10\/21\/la-farmacia-catalana-accepta-el-repte-de-la-cronicitat-al-congres-datencio-farmaceutica-de-toledo\/","url":"https:\/\/novaorg.cofb.net\/2015\/10\/21\/la-farmacia-catalana-accepta-el-repte-de-la-cronicitat-al-congres-datencio-farmaceutica-de-toledo\/","name":"La farm\u00e0cia catalana accepta el repte de la cronicitat al congr\u00e9s d\u2019Atenci\u00f3 Farmac\u00e8utica de Toledo - Col\u00b7legi de Farmac\u00e8utics de Barcelona","isPartOf":{"@id":"https:\/\/www.cofb.org\/#website"},"primaryImageOfPage":{"@id":"https:\/\/novaorg.cofb.net\/2015\/10\/21\/la-farmacia-catalana-accepta-el-repte-de-la-cronicitat-al-congres-datencio-farmaceutica-de-toledo\/#primaryimage"},"image":{"@id":"https:\/\/novaorg.cofb.net\/2015\/10\/21\/la-farmacia-catalana-accepta-el-repte-de-la-cronicitat-al-congres-datencio-farmaceutica-de-toledo\/#primaryimage"},"thumbnailUrl":"","datePublished":"2015-10-21T09:05:11+00:00","dateModified":"2015-10-21T09:05:11+00:00","breadcrumb":{"@id":"https:\/\/novaorg.cofb.net\/2015\/10\/21\/la-farmacia-catalana-accepta-el-repte-de-la-cronicitat-al-congres-datencio-farmaceutica-de-toledo\/#breadcrumb"},"inLanguage":"es","potentialAction":[{"@type":"ReadAction","target":["https:\/\/novaorg.cofb.net\/2015\/10\/21\/la-farmacia-catalana-accepta-el-repte-de-la-cronicitat-al-congres-datencio-farmaceutica-de-toledo\/"]}]},{"@type":"ImageObject","inLanguage":"es","@id":"https:\/\/novaorg.cofb.net\/2015\/10\/21\/la-farmacia-catalana-accepta-el-repte-de-la-cronicitat-al-congres-datencio-farmaceutica-de-toledo\/#primaryimage","url":"","contentUrl":""},{"@type":"BreadcrumbList","@id":"https:\/\/novaorg.cofb.net\/2015\/10\/21\/la-farmacia-catalana-accepta-el-repte-de-la-cronicitat-al-congres-datencio-farmaceutica-de-toledo\/#breadcrumb","itemListElement":[{"@type":"ListItem","position":1,"name":"Inici","item":"https:\/\/novaorg.cofb.net\/"},{"@type":"ListItem","position":2,"name":"La farm\u00e0cia catalana accepta el repte de la cronicitat al congr\u00e9s d\u2019Atenci\u00f3 Farmac\u00e8utica de Toledo"}]},{"@type":"WebSite","@id":"https:\/\/www.cofb.org\/#website","url":"https:\/\/www.cofb.org\/","name":"Col\u00b7legi de Farmac\u00e8utics de Barcelona","description":"","publisher":{"@id":"https:\/\/www.cofb.org\/#organization"},"potentialAction":[{"@type":"SearchAction","target":{"@type":"EntryPoint","urlTemplate":"https:\/\/www.cofb.org\/?s={search_term_string}"},"query-input":"required name=search_term_string"}],"inLanguage":"es"},{"@type":"Organization","@id":"https:\/\/www.cofb.org\/#organization","name":"Col\u00b7legi de Farmac\u00e8utics de Barcelona","url":"https:\/\/www.cofb.org\/","logo":{"@type":"ImageObject","inLanguage":"es","@id":"https:\/\/www.cofb.org\/#\/schema\/logo\/image\/","url":"https:\/\/www.cofb.org\/wp-content\/uploads\/2023\/11\/cropped-Logotip-COFB.png","contentUrl":"https:\/\/www.cofb.org\/wp-content\/uploads\/2023\/11\/cropped-Logotip-COFB.png","width":500,"height":105,"caption":"Col\u00b7legi de Farmac\u00e8utics de Barcelona"},"image":{"@id":"https:\/\/www.cofb.org\/#\/schema\/logo\/image\/"},"sameAs":["https:\/\/www.facebook.com\/farmaceuticsbcn\/","https:\/\/twitter.com\/farmaceuticsbcn","https:\/\/www.instagram.com\/farmaceuticsbcn\/","https:\/\/www.linkedin.com\/company\/farmaceuticsbcn\/"]},{"@type":"Person","@id":"https:\/\/www.cofb.org\/#\/schema\/person\/22ed7eea88da74b0fa4d3154ad87ffcb","name":"wpAdminCofbOrg","image":{"@type":"ImageObject","inLanguage":"es","@id":"https:\/\/www.cofb.org\/#\/schema\/person\/image\/","url":"https:\/\/secure.gravatar.com\/avatar\/1721b20b3b8ca882c3b56ec6c978c594fff670e40c0718e9190eaeeb76aae7d8?s=96&d=mm&r=g","contentUrl":"https:\/\/secure.gravatar.com\/avatar\/1721b20b3b8ca882c3b56ec6c978c594fff670e40c0718e9190eaeeb76aae7d8?s=96&d=mm&r=g","caption":"wpAdminCofbOrg"},"sameAs":["http:\/\/192.168.64.122\/wordpress"],"url":"https:\/\/www.cofb.org\/es\/author\/wpadmincofborg\/"}]}},"uagb_featured_image_src":{"full":false,"thumbnail":false,"medium":false,"medium_large":false,"large":false,"1536x1536":false,"2048x2048":false,"trp-custom-language-flag":false},"uagb_author_info":{"display_name":"wpAdminCofbOrg","author_link":"https:\/\/www.cofb.org\/es\/author\/wpadmincofborg\/"},"uagb_comment_info":0,"uagb_excerpt":"Prop de 800 farmac\u00e8utics van assistir, del 15 al 17 d&#8217;octubre, al IX Congr\u00e9s Nacional d&#8217;Atenci\u00f3 Farmac\u00e8utica organitzat per la Fundaci\u00f3 Pharmaceutical Care i el Col\u00b7legi Oficial de Farmac\u00e8utics de Toledo. Enguany el lema va ser \u201cL&#8217;atenci\u00f3 farmac\u00e8utica davant el repte de la cronicitat\u201d, un fenomen que suscita la m\u00e0xima [&hellip;]","_links":{"self":[{"href":"https:\/\/www.cofb.org\/es\/wp-json\/wp\/v2\/posts\/16847","targetHints":{"allow":["GET"]}}],"collection":[{"href":"https:\/\/www.cofb.org\/es\/wp-json\/wp\/v2\/posts"}],"about":[{"href":"https:\/\/www.cofb.org\/es\/wp-json\/wp\/v2\/types\/post"}],"author":[{"embeddable":true,"href":"https:\/\/www.cofb.org\/es\/wp-json\/wp\/v2\/users\/1"}],"replies":[{"embeddable":true,"href":"https:\/\/www.cofb.org\/es\/wp-json\/wp\/v2\/comments?post=16847"}],"version-history":[{"count":0,"href":"https:\/\/www.cofb.org\/es\/wp-json\/wp\/v2\/posts\/16847\/revisions"}],"wp:featuredmedia":[{"embeddable":true,"href":"https:\/\/www.cofb.org\/es\/wp-json\/"}],"wp:attachment":[{"href":"https:\/\/www.cofb.org\/es\/wp-json\/wp\/v2\/media?parent=16847"}],"wp:term":[{"taxonomy":"category","embeddable":true,"href":"https:\/\/www.cofb.org\/es\/wp-json\/wp\/v2\/categories?post=16847"},{"taxonomy":"post_tag","embeddable":true,"href":"https:\/\/www.cofb.org\/es\/wp-json\/wp\/v2\/tags?post=16847"}],"curies":[{"name":"wp","href":"https:\/\/api.w.org\/{rel}","templated":true}]}}