{"id":16680,"date":"2015-10-16T10:01:51","date_gmt":"2015-10-16T09:01:51","guid":{"rendered":"http:\/\/blog.cofb.cat\/?p=16680"},"modified":"2015-10-16T10:01:51","modified_gmt":"2015-10-16T09:01:51","slug":"16-doctubre-dia-mundial-de-lalimentacio","status":"publish","type":"post","link":"https:\/\/www.cofb.org\/es\/2015\/10\/16\/16-doctubre-dia-mundial-de-lalimentacio\/","title":{"rendered":"16 de octubre, D\u00eda Mundial de la Alimentaci\u00f3n"},"content":{"rendered":"<figure id=\"attachment_16682\" aria-describedby=\"caption-attachment-16682\" style=\"width: 248px\" class=\"wp-caption alignleft\"><a href=\"http:\/\/blog.cofb.cat\/wp-content\/uploads\/2015\/10\/cartell-dia-mundial-alimentacio-2015.jpg\"><img fetchpriority=\"high\" decoding=\"async\" class=\"wp-image-16682\" alt=\"cartell-dia-mundial-alimentacio-2015\" src=\"http:\/\/blog.cofb.cat\/wp-content\/uploads\/2015\/10\/cartell-dia-mundial-alimentacio-2015.jpg\" width=\"248\" height=\"246\" \/><\/a><figcaption id=\"caption-attachment-16682\" class=\"wp-caption-text\">Cartel oficial del D\u00eda Mundial de la Alimentaci\u00f3n 2015 de la FAO (WFD2015)<\/figcaption><\/figure>\n<p>El 16 de octubre de cada a\u00f1o se celebra el <strong><a href=\"http:\/\/www.fao.org\/world-food-day\/home\/es\/\" target=\"_blank\" rel=\"noopener\">D\u00eda Mundial de la Alimentaci\u00f3n<\/a><\/strong>, proclamado en 1979 por la Conferencia de la Organizaci\u00f3n de las Naciones Unidas para la Agricultura y la Alimentaci\u00f3n (FAO). Su finalidad es concienciar a los pueblos del mundo sobre el problema alimentario mundial y fortalecer la solidaridad en la lucha contra el hambre, la desnutrici\u00f3n y la pobreza.<\/p>\n<p>El tema de este a\u00f1o se centra en la <b>protecci\u00f3n social<\/b>, puesto que el apoyo econ\u00f3mico o en especies de los planes de protecci\u00f3n social evitan que las personas sufran hambre a corto plazo. A largo plazo, las medidas de protecci\u00f3n social estimulan la producci\u00f3n, lo que permite una mayor estabilidad de los ingresos y contribuye a reducir la pobreza y la inseguridad alimentaria.<\/p>\n<div align=\"center\"><iframe src=\"https:\/\/www.youtube.com\/embed\/xo8U_3hwsZo\" height=\"253\" width=\"450\" allowfullscreen=\"\" frameborder=\"0\"><\/iframe><\/div>\n<p style=\"text-align: left;\"><span style=\"color: #888888;\"><b>Cerca de 1.000 millones de personas en los pa\u00edses en desarrollo viven en la pobreza extrema. El setenta y ocho por ciento de ellos viven en zonas rurales, en las que la agricultura es la principal fuerza impulsora de la econom\u00eda rural y, en algunos casos, de toda la actividad econ\u00f3mica.<\/b><\/span><\/p>\n<p style=\"text-align: left;\"><div class=\"box shadow\">\u201cLa Organizaci\u00f3n Mundial de la Salud (OMS) destaca la importancia de los <strong>determinantes sociales de la salud<\/strong> y los define como las circunstancias en las que las personas nacen, crecen, viven, trabajan y envejecen, incluido el sistema de salud, es decir, el conjunto de factores personales, sociales, pol\u00edticos y ambientales que determinan el estado de salud de los individuos y las poblaciones\u201d explica Anna Bach, vocal de Alimentaci\u00f3n y Nutrici\u00f3n del Colegio, y matiza: \u201c<strong>ayudando socialmente a los m\u00e1s vulnerables tambi\u00e9n podemos mejorar indirectamente su alimentaci\u00f3n y su salud<\/strong>\u201d.<\/div><\/p>\n<p style=\"text-align: left;\"><a href=\"http:\/\/www.fao.org\/3\/a-i4882s.pdf\" target=\"_blank\" rel=\"noopener\">Folleto informativo WFD2015 de la FAO<\/a>\u00a0(PDF)<\/p>\n<p style=\"text-align: left;\"><a href=\"http:\/\/www.fao.org\/3\/a-i4646s.pdf\" target=\"_blank\" rel=\"noopener\">Estado de la inseguridad alimentaria en el mundo<\/a><a href=\"http:\/\/www.fao.org\/3\/a-i4646s.pdf\" target=\"_blank\" rel=\"noopener\">\u00a0<\/a>(PDF, v\u00eda FAO)<\/p>\n<p style=\"text-align: left;\"><a href=\"http:\/\/ebrary.ifpri.org\/utils\/getfile\/collection\/p15738coll2\/id\/129548\/filename\/129759.pdf\" target=\"_blank\" rel=\"noopener\"><img decoding=\"async\" class=\"wp-image-16801 alignright\" alt=\"GNR\" src=\"http:\/\/blog.cofb.cat\/wp-content\/uploads\/2015\/10\/GNR.jpg\" width=\"346\" height=\"244\" \/><\/a>Con motivo de esta efem\u00e9ride, <a href=\"http:\/\/www.ifpri.org\/\" target=\"_blank\" rel=\"noopener\">el Instituto Internacional de Investigaci\u00f3n sobre Pol\u00edticas Alimentarias<\/a> (IPFRI) ha coordinado el estudio \u201c<strong>Informe Mundial de la Nutrici\u00f3n<\/strong>\u201d que analiza todas las formas de malnutrici\u00f3n del mundo. Las principales conclusiones han sido presentadas por las ONG <a href=\"https:\/\/www.accioncontraelhambre.org\/es\/dia-mundial-de-la-alimentacion-la-desnutricion-retrocede-pero-los-donantes-tienen-que-cuadruplicar\" target=\"_blank\" rel=\"noopener\">Acci\u00f3n contra el Hambre<\/a> y <a href=\"https:\/\/www.savethechildren.es\/notasprensa\/la-desnutricion-retrocede-pero-los-donantes-tienen-que-cuadruplicar-su-inversion-para\" target=\"_blank\" rel=\"noopener\">Save the Children<\/a> hace unos d\u00edas. Este trabajo determina que la desnutrici\u00f3n, a pesar de haber retrocedido respecto a los datos de hace 25 a\u00f1os, <b>actualmente afecta a 2.000 millones de personas<\/b>.<\/p>\n<p style=\"text-align: left;\"><b>La dimensi\u00f3n de la malnutrici\u00f3n:<\/b><\/p>\n<ul>\n<li style=\"text-align: left;\">1.900 millones de adultos tienen sobrepeso o son obesos; y esto supone un 20% de los presupuestos sanitarios del mundo.<\/li>\n<li style=\"text-align: left;\">161 millones de ni\u00f1os menores de 5 a\u00f1os son demasiado peque\u00f1os para su edad, 51 millones no pesan lo suficiente y 42 millones sufren de sobrepeso, y ninguno de estos ni\u00f1os crece en forma saludable.<\/li>\n<li style=\"text-align: left;\">Se calcula que 794 millones de personas presentan deficiencias nutricionales.<\/li>\n<li style=\"text-align: left;\">1 de cada 12 adultos en el mundo sufre de diabetes de tipo 2.<\/li>\n<\/ul>\n<p style=\"text-align: left;\">Datos extra\u00eddos de la <a href=\"http:\/\/ebrary.ifpri.org\/utils\/getfile\/collection\/p15738coll2\/id\/129545\/filename\/129756.pdf\">sinopsis del estudio<\/a> (PDF, v\u00eda Global Nutrition Report).<\/p>\n<p style=\"text-align: left;\"><a href=\"http:\/\/ebrary.ifpri.org\/utils\/getfile\/collection\/p15738coll2\/id\/129443\/filename\/129654.pdf\" target=\"_blank\" rel=\"noopener\">Consultar el Informe Mundial de Nutrici\u00f3n 2015<\/a> \u00a0(PDF, v\u00eda Global Nutrition Report).<\/p>\n<p style=\"text-align: left;\"><div class=\"custom-divider\"><\/div>La<strong> vocal\u00eda de Alimentaci\u00f3n y Nutrici\u00f3n del Colegio<\/strong> quiere consolidar el papel del farmac\u00e9utico como profesional promotor de la salud en temas de consejo y educaci\u00f3n nutricional. Por eso trabaja para proporcionar herramientas al farmac\u00e9utico comunitario como gu\u00edas sobre consejo alimentario, etiquetado, interacci\u00f3n alimento-medicamento, etc., as\u00ed como para dotarlo de formaci\u00f3n cient\u00edfica actualizada en el \u00e1rea de alimentaci\u00f3n, nutrici\u00f3n y diet\u00e9tica. Han puesto a disposici\u00f3n de los farmac\u00e9uticos <strong>fichas de consejos nutricionales<\/strong> y est\u00e1n trabajando en\u00a0<strong>fichas de complementos alimenticios.<\/strong><\/p>\n<p style=\"text-align: left;\">Quiz\u00e1s tambi\u00e9n te interesa: <a href=\"http:\/\/blog.cofb.cat\/les-farmacies-de-barcelona-inicien-una-campanya-per-motivar-les-families-a-canviar-els-habits-alimentaris\/\" target=\"_blank\" rel=\"noopener\">Las farmacias de Barcelona inician una campa\u00f1a para motivar a las familias a mejorar los h\u00e1bitos alimentarios<\/a> (Blog)<\/p>\n<p style=\"text-align: left;\"><a href=\"http:\/\/blog.cofb.cat\/dia-nacional-de-la-nutricio-com-utilitzar-els-complements-de-lalimentacio-durant-lembaras-i-la-lactancia\/\">D\u00eda Nacional de la Nutrici\u00f3n: \u00bfc\u00f3mo utilizar los complementos de la alimentaci\u00f3n durante el embarazo y la lactancia?<\/a> (Blog)<\/p>\n<p style=\"text-align: left;\"><img decoding=\"async\" class=\"alignleft  wp-image-8694\" alt=\"twitter\" src=\"http:\/\/blog.cofb.cat\/wp-content\/uploads\/2014\/09\/twitter.png\" width=\"75\" height=\"62\" \/><strong>Sigue el tema en Twitter con el hashtag #WFD2015<\/strong><\/p>\n<\/div>","protected":false},"excerpt":{"rendered":"<p>El 16 de octubre de cada a\u00f1o se celebra el D\u00eda Mundial de la Alimentaci\u00f3n, proclamado en 1979 por la Conferencia de la Organizaci\u00f3n de Naciones Unidas para la Agricultura y la Alimentaci\u00f3n (FAO). Su finalidad es concienciar a los pueblos del mundo sobre el problema alimentario mundial y fortalecer la solidaridad en [\u2026]<\/p>","protected":false},"author":1,"featured_media":16682,"comment_status":"open","ping_status":"open","sticky":false,"template":"","format":"standard","meta":{"_uag_custom_page_level_css":"","site-sidebar-layout":"default","site-content-layout":"","ast-site-content-layout":"default","site-content-style":"default","site-sidebar-style":"default","ast-global-header-display":"","ast-banner-title-visibility":"","ast-main-header-display":"","ast-hfb-above-header-display":"","ast-hfb-below-header-display":"","ast-hfb-mobile-header-display":"","site-post-title":"","ast-breadcrumbs-content":"","ast-featured-img":"disabled","footer-sml-layout":"","theme-transparent-header-meta":"","adv-header-id-meta":"","stick-header-meta":"","header-above-stick-meta":"","header-main-stick-meta":"","header-below-stick-meta":"","astra-migrate-meta-layouts":"default","ast-page-background-enabled":"default","ast-page-background-meta":{"desktop":{"background-color":"var(--ast-global-color-4)","background-image":"","background-repeat":"repeat","background-position":"center center","background-size":"auto","background-attachment":"scroll","background-type":"","background-media":"","overlay-type":"","overlay-color":"","overlay-opacity":"","overlay-gradient":""},"tablet":{"background-color":"","background-image":"","background-repeat":"repeat","background-position":"center center","background-size":"auto","background-attachment":"scroll","background-type":"","background-media":"","overlay-type":"","overlay-color":"","overlay-opacity":"","overlay-gradient":""},"mobile":{"background-color":"","background-image":"","background-repeat":"repeat","background-position":"center center","background-size":"auto","background-attachment":"scroll","background-type":"","background-media":"","overlay-type":"","overlay-color":"","overlay-opacity":"","overlay-gradient":""}},"ast-content-background-meta":{"desktop":{"background-color":"var(--ast-global-color-5)","background-image":"","background-repeat":"repeat","background-position":"center center","background-size":"auto","background-attachment":"scroll","background-type":"","background-media":"","overlay-type":"","overlay-color":"","overlay-opacity":"","overlay-gradient":""},"tablet":{"background-color":"var(--ast-global-color-5)","background-image":"","background-repeat":"repeat","background-position":"center center","background-size":"auto","background-attachment":"scroll","background-type":"","background-media":"","overlay-type":"","overlay-color":"","overlay-opacity":"","overlay-gradient":""},"mobile":{"background-color":"var(--ast-global-color-5)","background-image":"","background-repeat":"repeat","background-position":"center center","background-size":"auto","background-attachment":"scroll","background-type":"","background-media":"","overlay-type":"","overlay-color":"","overlay-opacity":"","overlay-gradient":""}},"footnotes":""},"categories":[32],"tags":[16,2268,2269],"class_list":["post-16680","post","type-post","status-publish","format-standard","has-post-thumbnail","hentry","category-noticies-farmacia","tag-alimentacio-i-nutricio","tag-dia-mundial-de-lalimentacio","tag-wfd2015"],"yoast_head":"<!-- This site is optimized with the Yoast SEO plugin v22.4 - https:\/\/yoast.com\/wordpress\/plugins\/seo\/ -->\n<title>16 d\u2019octubre, Dia Mundial de l\u2019Alimentaci\u00f3 - Col\u00b7legi de Farmac\u00e8utics de Barcelona<\/title>\n<meta name=\"robots\" content=\"index, follow, max-snippet:-1, max-image-preview:large, max-video-preview:-1\" \/>\n<link rel=\"canonical\" href=\"https:\/\/novaorg.cofb.net\/2015\/10\/16\/16-doctubre-dia-mundial-de-lalimentacio\/\" \/>\n<meta property=\"og:locale\" content=\"es_ES\" \/>\n<meta property=\"og:type\" content=\"article\" \/>\n<meta property=\"og:title\" content=\"16 d\u2019octubre, Dia Mundial de l\u2019Alimentaci\u00f3 - Col\u00b7legi de Farmac\u00e8utics de Barcelona\" \/>\n<meta property=\"og:description\" content=\"El 16 d&#8217;octubre de cada any se celebra el Dia Mundial de l&#8217;Alimentaci\u00f3, proclamat el 1979 per la Confer\u00e8ncia de l&#8217;Organitzaci\u00f3 de les Nacions Unides per a l&#8217;Agricultura i l&#8217;Alimentaci\u00f3 (FAO). La seva finalitat \u00e9s conscienciar els pobles del m\u00f3n sobre el problema alimentari mundial i enfortir la solidaritat en [&hellip;]\" \/>\n<meta property=\"og:url\" content=\"https:\/\/novaorg.cofb.net\/2015\/10\/16\/16-doctubre-dia-mundial-de-lalimentacio\/\" \/>\n<meta property=\"og:site_name\" content=\"Col\u00b7legi de Farmac\u00e8utics de Barcelona\" \/>\n<meta property=\"article:publisher\" content=\"https:\/\/www.facebook.com\/farmaceuticsbcn\/\" \/>\n<meta property=\"article:published_time\" content=\"2015-10-16T09:01:51+00:00\" \/>\n<meta name=\"author\" content=\"wpAdminCofbOrg\" \/>\n<meta name=\"twitter:card\" content=\"summary_large_image\" \/>\n<meta name=\"twitter:creator\" content=\"@farmaceuticsbcn\" \/>\n<meta name=\"twitter:site\" content=\"@farmaceuticsbcn\" \/>\n<meta name=\"twitter:label1\" content=\"Escrito por\" \/>\n\t<meta name=\"twitter:data1\" content=\"wpAdminCofbOrg\" \/>\n\t<meta name=\"twitter:label2\" content=\"Tiempo de lectura\" \/>\n\t<meta name=\"twitter:data2\" content=\"3 minutos\" \/>\n<script type=\"application\/ld+json\" class=\"yoast-schema-graph\">{\"@context\":\"https:\/\/schema.org\",\"@graph\":[{\"@type\":\"Article\",\"@id\":\"https:\/\/novaorg.cofb.net\/2015\/10\/16\/16-doctubre-dia-mundial-de-lalimentacio\/#article\",\"isPartOf\":{\"@id\":\"https:\/\/novaorg.cofb.net\/2015\/10\/16\/16-doctubre-dia-mundial-de-lalimentacio\/\"},\"author\":{\"name\":\"wpAdminCofbOrg\",\"@id\":\"https:\/\/www.cofb.org\/#\/schema\/person\/22ed7eea88da74b0fa4d3154ad87ffcb\"},\"headline\":\"16 d\u2019octubre, Dia Mundial de l\u2019Alimentaci\u00f3\",\"datePublished\":\"2015-10-16T09:01:51+00:00\",\"dateModified\":\"2015-10-16T09:01:51+00:00\",\"mainEntityOfPage\":{\"@id\":\"https:\/\/novaorg.cofb.net\/2015\/10\/16\/16-doctubre-dia-mundial-de-lalimentacio\/\"},\"wordCount\":648,\"commentCount\":0,\"publisher\":{\"@id\":\"https:\/\/www.cofb.org\/#organization\"},\"image\":{\"@id\":\"https:\/\/novaorg.cofb.net\/2015\/10\/16\/16-doctubre-dia-mundial-de-lalimentacio\/#primaryimage\"},\"thumbnailUrl\":\"\",\"keywords\":[\"Alimentaci\u00f3 i nutrici\u00f3\",\"Dia Mundial de l'Alimentaci\u00f3\",\"WFD2015\"],\"articleSection\":[\"Not\u00edcies farm\u00e0cia\"],\"inLanguage\":\"es\",\"potentialAction\":[{\"@type\":\"CommentAction\",\"name\":\"Comment\",\"target\":[\"https:\/\/novaorg.cofb.net\/2015\/10\/16\/16-doctubre-dia-mundial-de-lalimentacio\/#respond\"]}]},{\"@type\":\"WebPage\",\"@id\":\"https:\/\/novaorg.cofb.net\/2015\/10\/16\/16-doctubre-dia-mundial-de-lalimentacio\/\",\"url\":\"https:\/\/novaorg.cofb.net\/2015\/10\/16\/16-doctubre-dia-mundial-de-lalimentacio\/\",\"name\":\"16 d\u2019octubre, Dia Mundial de l\u2019Alimentaci\u00f3 - Col\u00b7legi de Farmac\u00e8utics de Barcelona\",\"isPartOf\":{\"@id\":\"https:\/\/www.cofb.org\/#website\"},\"primaryImageOfPage\":{\"@id\":\"https:\/\/novaorg.cofb.net\/2015\/10\/16\/16-doctubre-dia-mundial-de-lalimentacio\/#primaryimage\"},\"image\":{\"@id\":\"https:\/\/novaorg.cofb.net\/2015\/10\/16\/16-doctubre-dia-mundial-de-lalimentacio\/#primaryimage\"},\"thumbnailUrl\":\"\",\"datePublished\":\"2015-10-16T09:01:51+00:00\",\"dateModified\":\"2015-10-16T09:01:51+00:00\",\"breadcrumb\":{\"@id\":\"https:\/\/novaorg.cofb.net\/2015\/10\/16\/16-doctubre-dia-mundial-de-lalimentacio\/#breadcrumb\"},\"inLanguage\":\"es\",\"potentialAction\":[{\"@type\":\"ReadAction\",\"target\":[\"https:\/\/novaorg.cofb.net\/2015\/10\/16\/16-doctubre-dia-mundial-de-lalimentacio\/\"]}]},{\"@type\":\"ImageObject\",\"inLanguage\":\"es\",\"@id\":\"https:\/\/novaorg.cofb.net\/2015\/10\/16\/16-doctubre-dia-mundial-de-lalimentacio\/#primaryimage\",\"url\":\"\",\"contentUrl\":\"\"},{\"@type\":\"BreadcrumbList\",\"@id\":\"https:\/\/novaorg.cofb.net\/2015\/10\/16\/16-doctubre-dia-mundial-de-lalimentacio\/#breadcrumb\",\"itemListElement\":[{\"@type\":\"ListItem\",\"position\":1,\"name\":\"Inici\",\"item\":\"https:\/\/novaorg.cofb.net\/\"},{\"@type\":\"ListItem\",\"position\":2,\"name\":\"16 d\u2019octubre, Dia Mundial de l\u2019Alimentaci\u00f3\"}]},{\"@type\":\"WebSite\",\"@id\":\"https:\/\/www.cofb.org\/#website\",\"url\":\"https:\/\/www.cofb.org\/\",\"name\":\"Col\u00b7legi de Farmac\u00e8utics de Barcelona\",\"description\":\"\",\"publisher\":{\"@id\":\"https:\/\/www.cofb.org\/#organization\"},\"potentialAction\":[{\"@type\":\"SearchAction\",\"target\":{\"@type\":\"EntryPoint\",\"urlTemplate\":\"https:\/\/www.cofb.org\/?s={search_term_string}\"},\"query-input\":\"required name=search_term_string\"}],\"inLanguage\":\"es\"},{\"@type\":\"Organization\",\"@id\":\"https:\/\/www.cofb.org\/#organization\",\"name\":\"Col\u00b7legi de Farmac\u00e8utics de Barcelona\",\"url\":\"https:\/\/www.cofb.org\/\",\"logo\":{\"@type\":\"ImageObject\",\"inLanguage\":\"es\",\"@id\":\"https:\/\/www.cofb.org\/#\/schema\/logo\/image\/\",\"url\":\"https:\/\/www.cofb.org\/wp-content\/uploads\/2023\/11\/cropped-Logotip-COFB.png\",\"contentUrl\":\"https:\/\/www.cofb.org\/wp-content\/uploads\/2023\/11\/cropped-Logotip-COFB.png\",\"width\":500,\"height\":105,\"caption\":\"Col\u00b7legi de Farmac\u00e8utics de Barcelona\"},\"image\":{\"@id\":\"https:\/\/www.cofb.org\/#\/schema\/logo\/image\/\"},\"sameAs\":[\"https:\/\/www.facebook.com\/farmaceuticsbcn\/\",\"https:\/\/twitter.com\/farmaceuticsbcn\",\"https:\/\/www.instagram.com\/farmaceuticsbcn\/\",\"https:\/\/www.linkedin.com\/company\/farmaceuticsbcn\/\"]},{\"@type\":\"Person\",\"@id\":\"https:\/\/www.cofb.org\/#\/schema\/person\/22ed7eea88da74b0fa4d3154ad87ffcb\",\"name\":\"wpAdminCofbOrg\",\"image\":{\"@type\":\"ImageObject\",\"inLanguage\":\"es\",\"@id\":\"https:\/\/www.cofb.org\/#\/schema\/person\/image\/\",\"url\":\"https:\/\/secure.gravatar.com\/avatar\/1721b20b3b8ca882c3b56ec6c978c594fff670e40c0718e9190eaeeb76aae7d8?s=96&d=mm&r=g\",\"contentUrl\":\"https:\/\/secure.gravatar.com\/avatar\/1721b20b3b8ca882c3b56ec6c978c594fff670e40c0718e9190eaeeb76aae7d8?s=96&d=mm&r=g\",\"caption\":\"wpAdminCofbOrg\"},\"sameAs\":[\"http:\/\/192.168.64.122\/wordpress\"],\"url\":\"https:\/\/www.cofb.org\/es\/author\/wpadmincofborg\/\"}]}<\/script>\n<!-- \/ Yoast SEO plugin. -->","yoast_head_json":{"title":"16 d\u2019octubre, Dia Mundial de l\u2019Alimentaci\u00f3 - Col\u00b7legi de Farmac\u00e8utics de Barcelona","robots":{"index":"index","follow":"follow","max-snippet":"max-snippet:-1","max-image-preview":"max-image-preview:large","max-video-preview":"max-video-preview:-1"},"canonical":"https:\/\/novaorg.cofb.net\/2015\/10\/16\/16-doctubre-dia-mundial-de-lalimentacio\/","og_locale":"es_ES","og_type":"article","og_title":"16 d\u2019octubre, Dia Mundial de l\u2019Alimentaci\u00f3 - Col\u00b7legi de Farmac\u00e8utics de Barcelona","og_description":"El 16 d&#8217;octubre de cada any se celebra el Dia Mundial de l&#8217;Alimentaci\u00f3, proclamat el 1979 per la Confer\u00e8ncia de l&#8217;Organitzaci\u00f3 de les Nacions Unides per a l&#8217;Agricultura i l&#8217;Alimentaci\u00f3 (FAO). La seva finalitat \u00e9s conscienciar els pobles del m\u00f3n sobre el problema alimentari mundial i enfortir la solidaritat en [&hellip;]","og_url":"https:\/\/novaorg.cofb.net\/2015\/10\/16\/16-doctubre-dia-mundial-de-lalimentacio\/","og_site_name":"Col\u00b7legi de Farmac\u00e8utics de Barcelona","article_publisher":"https:\/\/www.facebook.com\/farmaceuticsbcn\/","article_published_time":"2015-10-16T09:01:51+00:00","author":"wpAdminCofbOrg","twitter_card":"summary_large_image","twitter_creator":"@farmaceuticsbcn","twitter_site":"@farmaceuticsbcn","twitter_misc":{"Escrito por":"wpAdminCofbOrg","Tiempo de lectura":"3 minutos"},"schema":{"@context":"https:\/\/schema.org","@graph":[{"@type":"Article","@id":"https:\/\/novaorg.cofb.net\/2015\/10\/16\/16-doctubre-dia-mundial-de-lalimentacio\/#article","isPartOf":{"@id":"https:\/\/novaorg.cofb.net\/2015\/10\/16\/16-doctubre-dia-mundial-de-lalimentacio\/"},"author":{"name":"wpAdminCofbOrg","@id":"https:\/\/www.cofb.org\/#\/schema\/person\/22ed7eea88da74b0fa4d3154ad87ffcb"},"headline":"16 d\u2019octubre, Dia Mundial de l\u2019Alimentaci\u00f3","datePublished":"2015-10-16T09:01:51+00:00","dateModified":"2015-10-16T09:01:51+00:00","mainEntityOfPage":{"@id":"https:\/\/novaorg.cofb.net\/2015\/10\/16\/16-doctubre-dia-mundial-de-lalimentacio\/"},"wordCount":648,"commentCount":0,"publisher":{"@id":"https:\/\/www.cofb.org\/#organization"},"image":{"@id":"https:\/\/novaorg.cofb.net\/2015\/10\/16\/16-doctubre-dia-mundial-de-lalimentacio\/#primaryimage"},"thumbnailUrl":"","keywords":["Alimentaci\u00f3 i nutrici\u00f3","Dia Mundial de l'Alimentaci\u00f3","WFD2015"],"articleSection":["Not\u00edcies farm\u00e0cia"],"inLanguage":"es","potentialAction":[{"@type":"CommentAction","name":"Comment","target":["https:\/\/novaorg.cofb.net\/2015\/10\/16\/16-doctubre-dia-mundial-de-lalimentacio\/#respond"]}]},{"@type":"WebPage","@id":"https:\/\/novaorg.cofb.net\/2015\/10\/16\/16-doctubre-dia-mundial-de-lalimentacio\/","url":"https:\/\/novaorg.cofb.net\/2015\/10\/16\/16-doctubre-dia-mundial-de-lalimentacio\/","name":"16 d\u2019octubre, Dia Mundial de l\u2019Alimentaci\u00f3 - Col\u00b7legi de Farmac\u00e8utics de Barcelona","isPartOf":{"@id":"https:\/\/www.cofb.org\/#website"},"primaryImageOfPage":{"@id":"https:\/\/novaorg.cofb.net\/2015\/10\/16\/16-doctubre-dia-mundial-de-lalimentacio\/#primaryimage"},"image":{"@id":"https:\/\/novaorg.cofb.net\/2015\/10\/16\/16-doctubre-dia-mundial-de-lalimentacio\/#primaryimage"},"thumbnailUrl":"","datePublished":"2015-10-16T09:01:51+00:00","dateModified":"2015-10-16T09:01:51+00:00","breadcrumb":{"@id":"https:\/\/novaorg.cofb.net\/2015\/10\/16\/16-doctubre-dia-mundial-de-lalimentacio\/#breadcrumb"},"inLanguage":"es","potentialAction":[{"@type":"ReadAction","target":["https:\/\/novaorg.cofb.net\/2015\/10\/16\/16-doctubre-dia-mundial-de-lalimentacio\/"]}]},{"@type":"ImageObject","inLanguage":"es","@id":"https:\/\/novaorg.cofb.net\/2015\/10\/16\/16-doctubre-dia-mundial-de-lalimentacio\/#primaryimage","url":"","contentUrl":""},{"@type":"BreadcrumbList","@id":"https:\/\/novaorg.cofb.net\/2015\/10\/16\/16-doctubre-dia-mundial-de-lalimentacio\/#breadcrumb","itemListElement":[{"@type":"ListItem","position":1,"name":"Inici","item":"https:\/\/novaorg.cofb.net\/"},{"@type":"ListItem","position":2,"name":"16 d\u2019octubre, Dia Mundial de l\u2019Alimentaci\u00f3"}]},{"@type":"WebSite","@id":"https:\/\/www.cofb.org\/#website","url":"https:\/\/www.cofb.org\/","name":"Col\u00b7legi de Farmac\u00e8utics de Barcelona","description":"","publisher":{"@id":"https:\/\/www.cofb.org\/#organization"},"potentialAction":[{"@type":"SearchAction","target":{"@type":"EntryPoint","urlTemplate":"https:\/\/www.cofb.org\/?s={search_term_string}"},"query-input":"required name=search_term_string"}],"inLanguage":"es"},{"@type":"Organization","@id":"https:\/\/www.cofb.org\/#organization","name":"Col\u00b7legi de Farmac\u00e8utics de Barcelona","url":"https:\/\/www.cofb.org\/","logo":{"@type":"ImageObject","inLanguage":"es","@id":"https:\/\/www.cofb.org\/#\/schema\/logo\/image\/","url":"https:\/\/www.cofb.org\/wp-content\/uploads\/2023\/11\/cropped-Logotip-COFB.png","contentUrl":"https:\/\/www.cofb.org\/wp-content\/uploads\/2023\/11\/cropped-Logotip-COFB.png","width":500,"height":105,"caption":"Col\u00b7legi de Farmac\u00e8utics de Barcelona"},"image":{"@id":"https:\/\/www.cofb.org\/#\/schema\/logo\/image\/"},"sameAs":["https:\/\/www.facebook.com\/farmaceuticsbcn\/","https:\/\/twitter.com\/farmaceuticsbcn","https:\/\/www.instagram.com\/farmaceuticsbcn\/","https:\/\/www.linkedin.com\/company\/farmaceuticsbcn\/"]},{"@type":"Person","@id":"https:\/\/www.cofb.org\/#\/schema\/person\/22ed7eea88da74b0fa4d3154ad87ffcb","name":"wpAdminCofbOrg","image":{"@type":"ImageObject","inLanguage":"es","@id":"https:\/\/www.cofb.org\/#\/schema\/person\/image\/","url":"https:\/\/secure.gravatar.com\/avatar\/1721b20b3b8ca882c3b56ec6c978c594fff670e40c0718e9190eaeeb76aae7d8?s=96&d=mm&r=g","contentUrl":"https:\/\/secure.gravatar.com\/avatar\/1721b20b3b8ca882c3b56ec6c978c594fff670e40c0718e9190eaeeb76aae7d8?s=96&d=mm&r=g","caption":"wpAdminCofbOrg"},"sameAs":["http:\/\/192.168.64.122\/wordpress"],"url":"https:\/\/www.cofb.org\/es\/author\/wpadmincofborg\/"}]}},"uagb_featured_image_src":{"full":false,"thumbnail":false,"medium":false,"medium_large":false,"large":false,"1536x1536":false,"2048x2048":false,"trp-custom-language-flag":false},"uagb_author_info":{"display_name":"wpAdminCofbOrg","author_link":"https:\/\/www.cofb.org\/es\/author\/wpadmincofborg\/"},"uagb_comment_info":0,"uagb_excerpt":"El 16 d&#8217;octubre de cada any se celebra el Dia Mundial de l&#8217;Alimentaci\u00f3, proclamat el 1979 per la Confer\u00e8ncia de l&#8217;Organitzaci\u00f3 de les Nacions Unides per a l&#8217;Agricultura i l&#8217;Alimentaci\u00f3 (FAO). La seva finalitat \u00e9s conscienciar els pobles del m\u00f3n sobre el problema alimentari mundial i enfortir la solidaritat en [&hellip;]","_links":{"self":[{"href":"https:\/\/www.cofb.org\/es\/wp-json\/wp\/v2\/posts\/16680","targetHints":{"allow":["GET"]}}],"collection":[{"href":"https:\/\/www.cofb.org\/es\/wp-json\/wp\/v2\/posts"}],"about":[{"href":"https:\/\/www.cofb.org\/es\/wp-json\/wp\/v2\/types\/post"}],"author":[{"embeddable":true,"href":"https:\/\/www.cofb.org\/es\/wp-json\/wp\/v2\/users\/1"}],"replies":[{"embeddable":true,"href":"https:\/\/www.cofb.org\/es\/wp-json\/wp\/v2\/comments?post=16680"}],"version-history":[{"count":0,"href":"https:\/\/www.cofb.org\/es\/wp-json\/wp\/v2\/posts\/16680\/revisions"}],"wp:featuredmedia":[{"embeddable":true,"href":"https:\/\/www.cofb.org\/es\/wp-json\/"}],"wp:attachment":[{"href":"https:\/\/www.cofb.org\/es\/wp-json\/wp\/v2\/media?parent=16680"}],"wp:term":[{"taxonomy":"category","embeddable":true,"href":"https:\/\/www.cofb.org\/es\/wp-json\/wp\/v2\/categories?post=16680"},{"taxonomy":"post_tag","embeddable":true,"href":"https:\/\/www.cofb.org\/es\/wp-json\/wp\/v2\/tags?post=16680"}],"curies":[{"name":"wp","href":"https:\/\/api.w.org\/{rel}","templated":true}]}}