{"id":15985,"date":"2015-09-07T10:23:03","date_gmt":"2015-09-07T09:23:03","guid":{"rendered":"http:\/\/blog.cofb.cat\/?p=15985"},"modified":"2015-09-07T10:23:03","modified_gmt":"2015-09-07T09:23:03","slug":"nou-retard-en-el-pagament-a-les-farmacies-catalanes-mes-de-236me-de-deute-acumulat","status":"publish","type":"post","link":"https:\/\/www.cofb.org\/es\/2015\/09\/07\/nou-retard-en-el-pagament-a-les-farmacies-catalanes-mes-de-236me-de-deute-acumulat\/","title":{"rendered":"Nuevo retraso en el pago a las farmacias catalanas: m\u00e1s de 236M\u20ac de deuda acumulada"},"content":{"rendered":"<p><b>M\u00e1s de 236M\u20ac debe la Administraci\u00f3n a las farmacias catalanas. <\/b>Esta cifra sale de la <b>suma de los importes de las facturas de los medicamentos que los farmac\u00e9uticos dispensaron en julio (121,5M\u20ac),<\/b> que deber\u00eda haberse hecho efectiva <b>hoy,<\/b> y en el <b>junio (115M\u20ac),<\/b> que deber\u00eda haberse pagado <b>el pasado 5 de agosto<\/b>.<\/p>\n<p><b>La media actual con la que la Generalitat est\u00e1 pagando es de 55 d\u00edas<\/b> respecto a la fecha de pago que marca el Concierto \u2013el d\u00eda 5 de cada mes<b>\u2013 y tres meses despu\u00e9s de que se hayan dispensado los medicamentos en las farmacias.<\/b> Ante esta situaci\u00f3n, los representantes de los farmac\u00e9uticos reclaman que se acabe con los retrasos que sufren desde hace cuatro a\u00f1os y que sea una prioridad para las Administraciones cumplir con las obligaciones de pago en \u00e1mbitos de vital importancia como es el del acceso a los medicamentos por parte de los pacientes.<\/p>\n<p><strong><span style=\"color: #888888;\">Hoy la Administraci\u00f3n deber\u00eda hacer efectiva la factura de los medicamentos que los farmac\u00e9uticos dispensaron en julio (121,5M\u20ac), que se suma a la que ten\u00eda pendiente de junio (115M\u20ac).<\/span><\/strong><\/p>\n<p>Esta nota de prensa enviada a los medios tambi\u00e9n se puede consultar en <a href=\"http:\/\/www.cofb.org\/es\/web\/guest\/\" target=\"_blank\" rel=\"noopener\">web institucional del Colegio<\/a>y (<a href=\"http:\/\/www.cofb.org\/es\/web\/guest\/\" target=\"_blank\" rel=\"noopener\">www.cofb.org<\/a>).<\/p>","protected":false},"excerpt":{"rendered":"<p>M\u00e1s de 236M\u20ac debe la Administraci\u00f3n a las farmacias catalanas. Esta cifra sale de la suma de los importes de las facturas de los medicamentos que los farmac\u00e9uticos dispensaron en julio (121,5M\u20ac), que deber\u00eda haberse hecho efectiva hoy, y en junio (115M\u20ac), que se deber\u00eda de haber pagado el pasado 5 de agosto. La media [\u2026]<\/p>","protected":false},"author":1,"featured_media":2880,"comment_status":"open","ping_status":"open","sticky":false,"template":"","format":"standard","meta":{"_uag_custom_page_level_css":"","site-sidebar-layout":"default","site-content-layout":"","ast-site-content-layout":"default","site-content-style":"default","site-sidebar-style":"default","ast-global-header-display":"","ast-banner-title-visibility":"","ast-main-header-display":"","ast-hfb-above-header-display":"","ast-hfb-below-header-display":"","ast-hfb-mobile-header-display":"","site-post-title":"","ast-breadcrumbs-content":"","ast-featured-img":"disabled","footer-sml-layout":"","theme-transparent-header-meta":"","adv-header-id-meta":"","stick-header-meta":"","header-above-stick-meta":"","header-main-stick-meta":"","header-below-stick-meta":"","astra-migrate-meta-layouts":"default","ast-page-background-enabled":"default","ast-page-background-meta":{"desktop":{"background-color":"var(--ast-global-color-4)","background-image":"","background-repeat":"repeat","background-position":"center center","background-size":"auto","background-attachment":"scroll","background-type":"","background-media":"","overlay-type":"","overlay-color":"","overlay-opacity":"","overlay-gradient":""},"tablet":{"background-color":"","background-image":"","background-repeat":"repeat","background-position":"center center","background-size":"auto","background-attachment":"scroll","background-type":"","background-media":"","overlay-type":"","overlay-color":"","overlay-opacity":"","overlay-gradient":""},"mobile":{"background-color":"","background-image":"","background-repeat":"repeat","background-position":"center center","background-size":"auto","background-attachment":"scroll","background-type":"","background-media":"","overlay-type":"","overlay-color":"","overlay-opacity":"","overlay-gradient":""}},"ast-content-background-meta":{"desktop":{"background-color":"var(--ast-global-color-5)","background-image":"","background-repeat":"repeat","background-position":"center center","background-size":"auto","background-attachment":"scroll","background-type":"","background-media":"","overlay-type":"","overlay-color":"","overlay-opacity":"","overlay-gradient":""},"tablet":{"background-color":"var(--ast-global-color-5)","background-image":"","background-repeat":"repeat","background-position":"center center","background-size":"auto","background-attachment":"scroll","background-type":"","background-media":"","overlay-type":"","overlay-color":"","overlay-opacity":"","overlay-gradient":""},"mobile":{"background-color":"var(--ast-global-color-5)","background-image":"","background-repeat":"repeat","background-position":"center center","background-size":"auto","background-attachment":"scroll","background-type":"","background-media":"","overlay-type":"","overlay-color":"","overlay-opacity":"","overlay-gradient":""}},"footnotes":""},"categories":[32],"tags":[2133,76],"class_list":["post-15985","post","type-post","status-publish","format-standard","has-post-thumbnail","hentry","category-noticies-farmacia","tag-impagaments","tag-oficina-de-farmacia"],"yoast_head":"<!-- This site is optimized with the Yoast SEO plugin v22.4 - https:\/\/yoast.com\/wordpress\/plugins\/seo\/ -->\n<title>Nou retard en el pagament a les farm\u00e0cies catalanes: m\u00e9s de 236M\u20ac de deute acumulat - Col\u00b7legi de Farmac\u00e8utics de Barcelona<\/title>\n<meta name=\"robots\" content=\"index, follow, max-snippet:-1, max-image-preview:large, max-video-preview:-1\" \/>\n<link rel=\"canonical\" href=\"https:\/\/novaorg.cofb.net\/2015\/09\/07\/nou-retard-en-el-pagament-a-les-farmacies-catalanes-mes-de-236me-de-deute-acumulat\/\" \/>\n<meta property=\"og:locale\" content=\"es_ES\" \/>\n<meta property=\"og:type\" content=\"article\" \/>\n<meta property=\"og:title\" content=\"Nou retard en el pagament a les farm\u00e0cies catalanes: m\u00e9s de 236M\u20ac de deute acumulat - Col\u00b7legi de Farmac\u00e8utics de Barcelona\" \/>\n<meta property=\"og:description\" content=\"M\u00e9s de 236M\u20ac deu l\u2019Administraci\u00f3 a les farm\u00e0cies catalanes. Aquesta xifra surt de la suma dels imports de les factures dels medicaments que els farmac\u00e8utics van dispensar al juliol (121,5M\u20ac), que s\u2019hauria d\u2019haver fet efectiva avui, i al juny (115M\u20ac), que s\u2019hauria d\u2019haver pagat el passat 5 d\u2019agost. La mitjana [&hellip;]\" \/>\n<meta property=\"og:url\" content=\"https:\/\/novaorg.cofb.net\/2015\/09\/07\/nou-retard-en-el-pagament-a-les-farmacies-catalanes-mes-de-236me-de-deute-acumulat\/\" \/>\n<meta property=\"og:site_name\" content=\"Col\u00b7legi de Farmac\u00e8utics de Barcelona\" \/>\n<meta property=\"article:publisher\" content=\"https:\/\/www.facebook.com\/farmaceuticsbcn\/\" \/>\n<meta property=\"article:published_time\" content=\"2015-09-07T09:23:03+00:00\" \/>\n<meta name=\"author\" content=\"wpAdminCofbOrg\" \/>\n<meta name=\"twitter:card\" content=\"summary_large_image\" \/>\n<meta name=\"twitter:creator\" content=\"@farmaceuticsbcn\" \/>\n<meta name=\"twitter:site\" content=\"@farmaceuticsbcn\" \/>\n<meta name=\"twitter:label1\" content=\"Escrito por\" \/>\n\t<meta name=\"twitter:data1\" content=\"wpAdminCofbOrg\" \/>\n\t<meta name=\"twitter:label2\" content=\"Tiempo de lectura\" \/>\n\t<meta name=\"twitter:data2\" content=\"1 minuto\" \/>\n<script type=\"application\/ld+json\" class=\"yoast-schema-graph\">{\"@context\":\"https:\/\/schema.org\",\"@graph\":[{\"@type\":\"Article\",\"@id\":\"https:\/\/novaorg.cofb.net\/2015\/09\/07\/nou-retard-en-el-pagament-a-les-farmacies-catalanes-mes-de-236me-de-deute-acumulat\/#article\",\"isPartOf\":{\"@id\":\"https:\/\/novaorg.cofb.net\/2015\/09\/07\/nou-retard-en-el-pagament-a-les-farmacies-catalanes-mes-de-236me-de-deute-acumulat\/\"},\"author\":{\"name\":\"wpAdminCofbOrg\",\"@id\":\"https:\/\/www.cofb.org\/#\/schema\/person\/22ed7eea88da74b0fa4d3154ad87ffcb\"},\"headline\":\"Nou retard en el pagament a les farm\u00e0cies catalanes: m\u00e9s de 236M\u20ac de deute acumulat\",\"datePublished\":\"2015-09-07T09:23:03+00:00\",\"dateModified\":\"2015-09-07T09:23:03+00:00\",\"mainEntityOfPage\":{\"@id\":\"https:\/\/novaorg.cofb.net\/2015\/09\/07\/nou-retard-en-el-pagament-a-les-farmacies-catalanes-mes-de-236me-de-deute-acumulat\/\"},\"wordCount\":222,\"commentCount\":0,\"publisher\":{\"@id\":\"https:\/\/www.cofb.org\/#organization\"},\"image\":{\"@id\":\"https:\/\/novaorg.cofb.net\/2015\/09\/07\/nou-retard-en-el-pagament-a-les-farmacies-catalanes-mes-de-236me-de-deute-acumulat\/#primaryimage\"},\"thumbnailUrl\":\"\",\"keywords\":[\"Impagaments\",\"Oficina de farm\u00e0cia\"],\"articleSection\":[\"Not\u00edcies farm\u00e0cia\"],\"inLanguage\":\"es\",\"potentialAction\":[{\"@type\":\"CommentAction\",\"name\":\"Comment\",\"target\":[\"https:\/\/novaorg.cofb.net\/2015\/09\/07\/nou-retard-en-el-pagament-a-les-farmacies-catalanes-mes-de-236me-de-deute-acumulat\/#respond\"]}]},{\"@type\":\"WebPage\",\"@id\":\"https:\/\/novaorg.cofb.net\/2015\/09\/07\/nou-retard-en-el-pagament-a-les-farmacies-catalanes-mes-de-236me-de-deute-acumulat\/\",\"url\":\"https:\/\/novaorg.cofb.net\/2015\/09\/07\/nou-retard-en-el-pagament-a-les-farmacies-catalanes-mes-de-236me-de-deute-acumulat\/\",\"name\":\"Nou retard en el pagament a les farm\u00e0cies catalanes: m\u00e9s de 236M\u20ac de deute acumulat - Col\u00b7legi de Farmac\u00e8utics de Barcelona\",\"isPartOf\":{\"@id\":\"https:\/\/www.cofb.org\/#website\"},\"primaryImageOfPage\":{\"@id\":\"https:\/\/novaorg.cofb.net\/2015\/09\/07\/nou-retard-en-el-pagament-a-les-farmacies-catalanes-mes-de-236me-de-deute-acumulat\/#primaryimage\"},\"image\":{\"@id\":\"https:\/\/novaorg.cofb.net\/2015\/09\/07\/nou-retard-en-el-pagament-a-les-farmacies-catalanes-mes-de-236me-de-deute-acumulat\/#primaryimage\"},\"thumbnailUrl\":\"\",\"datePublished\":\"2015-09-07T09:23:03+00:00\",\"dateModified\":\"2015-09-07T09:23:03+00:00\",\"breadcrumb\":{\"@id\":\"https:\/\/novaorg.cofb.net\/2015\/09\/07\/nou-retard-en-el-pagament-a-les-farmacies-catalanes-mes-de-236me-de-deute-acumulat\/#breadcrumb\"},\"inLanguage\":\"es\",\"potentialAction\":[{\"@type\":\"ReadAction\",\"target\":[\"https:\/\/novaorg.cofb.net\/2015\/09\/07\/nou-retard-en-el-pagament-a-les-farmacies-catalanes-mes-de-236me-de-deute-acumulat\/\"]}]},{\"@type\":\"ImageObject\",\"inLanguage\":\"es\",\"@id\":\"https:\/\/novaorg.cofb.net\/2015\/09\/07\/nou-retard-en-el-pagament-a-les-farmacies-catalanes-mes-de-236me-de-deute-acumulat\/#primaryimage\",\"url\":\"\",\"contentUrl\":\"\"},{\"@type\":\"BreadcrumbList\",\"@id\":\"https:\/\/novaorg.cofb.net\/2015\/09\/07\/nou-retard-en-el-pagament-a-les-farmacies-catalanes-mes-de-236me-de-deute-acumulat\/#breadcrumb\",\"itemListElement\":[{\"@type\":\"ListItem\",\"position\":1,\"name\":\"Inici\",\"item\":\"https:\/\/novaorg.cofb.net\/\"},{\"@type\":\"ListItem\",\"position\":2,\"name\":\"Nou retard en el pagament a les farm\u00e0cies catalanes: m\u00e9s de 236M\u20ac de deute acumulat\"}]},{\"@type\":\"WebSite\",\"@id\":\"https:\/\/www.cofb.org\/#website\",\"url\":\"https:\/\/www.cofb.org\/\",\"name\":\"Col\u00b7legi de Farmac\u00e8utics de Barcelona\",\"description\":\"\",\"publisher\":{\"@id\":\"https:\/\/www.cofb.org\/#organization\"},\"potentialAction\":[{\"@type\":\"SearchAction\",\"target\":{\"@type\":\"EntryPoint\",\"urlTemplate\":\"https:\/\/www.cofb.org\/?s={search_term_string}\"},\"query-input\":\"required name=search_term_string\"}],\"inLanguage\":\"es\"},{\"@type\":\"Organization\",\"@id\":\"https:\/\/www.cofb.org\/#organization\",\"name\":\"Col\u00b7legi de Farmac\u00e8utics de Barcelona\",\"url\":\"https:\/\/www.cofb.org\/\",\"logo\":{\"@type\":\"ImageObject\",\"inLanguage\":\"es\",\"@id\":\"https:\/\/www.cofb.org\/#\/schema\/logo\/image\/\",\"url\":\"https:\/\/www.cofb.org\/wp-content\/uploads\/2023\/11\/cropped-Logotip-COFB.png\",\"contentUrl\":\"https:\/\/www.cofb.org\/wp-content\/uploads\/2023\/11\/cropped-Logotip-COFB.png\",\"width\":500,\"height\":105,\"caption\":\"Col\u00b7legi de Farmac\u00e8utics de Barcelona\"},\"image\":{\"@id\":\"https:\/\/www.cofb.org\/#\/schema\/logo\/image\/\"},\"sameAs\":[\"https:\/\/www.facebook.com\/farmaceuticsbcn\/\",\"https:\/\/twitter.com\/farmaceuticsbcn\",\"https:\/\/www.instagram.com\/farmaceuticsbcn\/\",\"https:\/\/www.linkedin.com\/company\/farmaceuticsbcn\/\"]},{\"@type\":\"Person\",\"@id\":\"https:\/\/www.cofb.org\/#\/schema\/person\/22ed7eea88da74b0fa4d3154ad87ffcb\",\"name\":\"wpAdminCofbOrg\",\"image\":{\"@type\":\"ImageObject\",\"inLanguage\":\"es\",\"@id\":\"https:\/\/www.cofb.org\/#\/schema\/person\/image\/\",\"url\":\"https:\/\/secure.gravatar.com\/avatar\/1721b20b3b8ca882c3b56ec6c978c594fff670e40c0718e9190eaeeb76aae7d8?s=96&d=mm&r=g\",\"contentUrl\":\"https:\/\/secure.gravatar.com\/avatar\/1721b20b3b8ca882c3b56ec6c978c594fff670e40c0718e9190eaeeb76aae7d8?s=96&d=mm&r=g\",\"caption\":\"wpAdminCofbOrg\"},\"sameAs\":[\"http:\/\/192.168.64.122\/wordpress\"],\"url\":\"https:\/\/www.cofb.org\/es\/author\/wpadmincofborg\/\"}]}<\/script>\n<!-- \/ Yoast SEO plugin. -->","yoast_head_json":{"title":"Nou retard en el pagament a les farm\u00e0cies catalanes: m\u00e9s de 236M\u20ac de deute acumulat - Col\u00b7legi de Farmac\u00e8utics de Barcelona","robots":{"index":"index","follow":"follow","max-snippet":"max-snippet:-1","max-image-preview":"max-image-preview:large","max-video-preview":"max-video-preview:-1"},"canonical":"https:\/\/novaorg.cofb.net\/2015\/09\/07\/nou-retard-en-el-pagament-a-les-farmacies-catalanes-mes-de-236me-de-deute-acumulat\/","og_locale":"es_ES","og_type":"article","og_title":"Nou retard en el pagament a les farm\u00e0cies catalanes: m\u00e9s de 236M\u20ac de deute acumulat - Col\u00b7legi de Farmac\u00e8utics de Barcelona","og_description":"M\u00e9s de 236M\u20ac deu l\u2019Administraci\u00f3 a les farm\u00e0cies catalanes. Aquesta xifra surt de la suma dels imports de les factures dels medicaments que els farmac\u00e8utics van dispensar al juliol (121,5M\u20ac), que s\u2019hauria d\u2019haver fet efectiva avui, i al juny (115M\u20ac), que s\u2019hauria d\u2019haver pagat el passat 5 d\u2019agost. La mitjana [&hellip;]","og_url":"https:\/\/novaorg.cofb.net\/2015\/09\/07\/nou-retard-en-el-pagament-a-les-farmacies-catalanes-mes-de-236me-de-deute-acumulat\/","og_site_name":"Col\u00b7legi de Farmac\u00e8utics de Barcelona","article_publisher":"https:\/\/www.facebook.com\/farmaceuticsbcn\/","article_published_time":"2015-09-07T09:23:03+00:00","author":"wpAdminCofbOrg","twitter_card":"summary_large_image","twitter_creator":"@farmaceuticsbcn","twitter_site":"@farmaceuticsbcn","twitter_misc":{"Escrito por":"wpAdminCofbOrg","Tiempo de lectura":"1 minuto"},"schema":{"@context":"https:\/\/schema.org","@graph":[{"@type":"Article","@id":"https:\/\/novaorg.cofb.net\/2015\/09\/07\/nou-retard-en-el-pagament-a-les-farmacies-catalanes-mes-de-236me-de-deute-acumulat\/#article","isPartOf":{"@id":"https:\/\/novaorg.cofb.net\/2015\/09\/07\/nou-retard-en-el-pagament-a-les-farmacies-catalanes-mes-de-236me-de-deute-acumulat\/"},"author":{"name":"wpAdminCofbOrg","@id":"https:\/\/www.cofb.org\/#\/schema\/person\/22ed7eea88da74b0fa4d3154ad87ffcb"},"headline":"Nou retard en el pagament a les farm\u00e0cies catalanes: m\u00e9s de 236M\u20ac de deute acumulat","datePublished":"2015-09-07T09:23:03+00:00","dateModified":"2015-09-07T09:23:03+00:00","mainEntityOfPage":{"@id":"https:\/\/novaorg.cofb.net\/2015\/09\/07\/nou-retard-en-el-pagament-a-les-farmacies-catalanes-mes-de-236me-de-deute-acumulat\/"},"wordCount":222,"commentCount":0,"publisher":{"@id":"https:\/\/www.cofb.org\/#organization"},"image":{"@id":"https:\/\/novaorg.cofb.net\/2015\/09\/07\/nou-retard-en-el-pagament-a-les-farmacies-catalanes-mes-de-236me-de-deute-acumulat\/#primaryimage"},"thumbnailUrl":"","keywords":["Impagaments","Oficina de farm\u00e0cia"],"articleSection":["Not\u00edcies farm\u00e0cia"],"inLanguage":"es","potentialAction":[{"@type":"CommentAction","name":"Comment","target":["https:\/\/novaorg.cofb.net\/2015\/09\/07\/nou-retard-en-el-pagament-a-les-farmacies-catalanes-mes-de-236me-de-deute-acumulat\/#respond"]}]},{"@type":"WebPage","@id":"https:\/\/novaorg.cofb.net\/2015\/09\/07\/nou-retard-en-el-pagament-a-les-farmacies-catalanes-mes-de-236me-de-deute-acumulat\/","url":"https:\/\/novaorg.cofb.net\/2015\/09\/07\/nou-retard-en-el-pagament-a-les-farmacies-catalanes-mes-de-236me-de-deute-acumulat\/","name":"Nou retard en el pagament a les farm\u00e0cies catalanes: m\u00e9s de 236M\u20ac de deute acumulat - Col\u00b7legi de Farmac\u00e8utics de Barcelona","isPartOf":{"@id":"https:\/\/www.cofb.org\/#website"},"primaryImageOfPage":{"@id":"https:\/\/novaorg.cofb.net\/2015\/09\/07\/nou-retard-en-el-pagament-a-les-farmacies-catalanes-mes-de-236me-de-deute-acumulat\/#primaryimage"},"image":{"@id":"https:\/\/novaorg.cofb.net\/2015\/09\/07\/nou-retard-en-el-pagament-a-les-farmacies-catalanes-mes-de-236me-de-deute-acumulat\/#primaryimage"},"thumbnailUrl":"","datePublished":"2015-09-07T09:23:03+00:00","dateModified":"2015-09-07T09:23:03+00:00","breadcrumb":{"@id":"https:\/\/novaorg.cofb.net\/2015\/09\/07\/nou-retard-en-el-pagament-a-les-farmacies-catalanes-mes-de-236me-de-deute-acumulat\/#breadcrumb"},"inLanguage":"es","potentialAction":[{"@type":"ReadAction","target":["https:\/\/novaorg.cofb.net\/2015\/09\/07\/nou-retard-en-el-pagament-a-les-farmacies-catalanes-mes-de-236me-de-deute-acumulat\/"]}]},{"@type":"ImageObject","inLanguage":"es","@id":"https:\/\/novaorg.cofb.net\/2015\/09\/07\/nou-retard-en-el-pagament-a-les-farmacies-catalanes-mes-de-236me-de-deute-acumulat\/#primaryimage","url":"","contentUrl":""},{"@type":"BreadcrumbList","@id":"https:\/\/novaorg.cofb.net\/2015\/09\/07\/nou-retard-en-el-pagament-a-les-farmacies-catalanes-mes-de-236me-de-deute-acumulat\/#breadcrumb","itemListElement":[{"@type":"ListItem","position":1,"name":"Inici","item":"https:\/\/novaorg.cofb.net\/"},{"@type":"ListItem","position":2,"name":"Nou retard en el pagament a les farm\u00e0cies catalanes: m\u00e9s de 236M\u20ac de deute acumulat"}]},{"@type":"WebSite","@id":"https:\/\/www.cofb.org\/#website","url":"https:\/\/www.cofb.org\/","name":"Col\u00b7legi de Farmac\u00e8utics de Barcelona","description":"","publisher":{"@id":"https:\/\/www.cofb.org\/#organization"},"potentialAction":[{"@type":"SearchAction","target":{"@type":"EntryPoint","urlTemplate":"https:\/\/www.cofb.org\/?s={search_term_string}"},"query-input":"required name=search_term_string"}],"inLanguage":"es"},{"@type":"Organization","@id":"https:\/\/www.cofb.org\/#organization","name":"Col\u00b7legi de Farmac\u00e8utics de Barcelona","url":"https:\/\/www.cofb.org\/","logo":{"@type":"ImageObject","inLanguage":"es","@id":"https:\/\/www.cofb.org\/#\/schema\/logo\/image\/","url":"https:\/\/www.cofb.org\/wp-content\/uploads\/2023\/11\/cropped-Logotip-COFB.png","contentUrl":"https:\/\/www.cofb.org\/wp-content\/uploads\/2023\/11\/cropped-Logotip-COFB.png","width":500,"height":105,"caption":"Col\u00b7legi de Farmac\u00e8utics de Barcelona"},"image":{"@id":"https:\/\/www.cofb.org\/#\/schema\/logo\/image\/"},"sameAs":["https:\/\/www.facebook.com\/farmaceuticsbcn\/","https:\/\/twitter.com\/farmaceuticsbcn","https:\/\/www.instagram.com\/farmaceuticsbcn\/","https:\/\/www.linkedin.com\/company\/farmaceuticsbcn\/"]},{"@type":"Person","@id":"https:\/\/www.cofb.org\/#\/schema\/person\/22ed7eea88da74b0fa4d3154ad87ffcb","name":"wpAdminCofbOrg","image":{"@type":"ImageObject","inLanguage":"es","@id":"https:\/\/www.cofb.org\/#\/schema\/person\/image\/","url":"https:\/\/secure.gravatar.com\/avatar\/1721b20b3b8ca882c3b56ec6c978c594fff670e40c0718e9190eaeeb76aae7d8?s=96&d=mm&r=g","contentUrl":"https:\/\/secure.gravatar.com\/avatar\/1721b20b3b8ca882c3b56ec6c978c594fff670e40c0718e9190eaeeb76aae7d8?s=96&d=mm&r=g","caption":"wpAdminCofbOrg"},"sameAs":["http:\/\/192.168.64.122\/wordpress"],"url":"https:\/\/www.cofb.org\/es\/author\/wpadmincofborg\/"}]}},"uagb_featured_image_src":{"full":false,"thumbnail":false,"medium":false,"medium_large":false,"large":false,"1536x1536":false,"2048x2048":false,"trp-custom-language-flag":false},"uagb_author_info":{"display_name":"wpAdminCofbOrg","author_link":"https:\/\/www.cofb.org\/es\/author\/wpadmincofborg\/"},"uagb_comment_info":0,"uagb_excerpt":"M\u00e9s de 236M\u20ac deu l\u2019Administraci\u00f3 a les farm\u00e0cies catalanes. Aquesta xifra surt de la suma dels imports de les factures dels medicaments que els farmac\u00e8utics van dispensar al juliol (121,5M\u20ac), que s\u2019hauria d\u2019haver fet efectiva avui, i al juny (115M\u20ac), que s\u2019hauria d\u2019haver pagat el passat 5 d\u2019agost. La mitjana [&hellip;]","_links":{"self":[{"href":"https:\/\/www.cofb.org\/es\/wp-json\/wp\/v2\/posts\/15985","targetHints":{"allow":["GET"]}}],"collection":[{"href":"https:\/\/www.cofb.org\/es\/wp-json\/wp\/v2\/posts"}],"about":[{"href":"https:\/\/www.cofb.org\/es\/wp-json\/wp\/v2\/types\/post"}],"author":[{"embeddable":true,"href":"https:\/\/www.cofb.org\/es\/wp-json\/wp\/v2\/users\/1"}],"replies":[{"embeddable":true,"href":"https:\/\/www.cofb.org\/es\/wp-json\/wp\/v2\/comments?post=15985"}],"version-history":[{"count":0,"href":"https:\/\/www.cofb.org\/es\/wp-json\/wp\/v2\/posts\/15985\/revisions"}],"wp:featuredmedia":[{"embeddable":true,"href":"https:\/\/www.cofb.org\/es\/wp-json\/wp\/v2\/pages\/2880"}],"wp:attachment":[{"href":"https:\/\/www.cofb.org\/es\/wp-json\/wp\/v2\/media?parent=15985"}],"wp:term":[{"taxonomy":"category","embeddable":true,"href":"https:\/\/www.cofb.org\/es\/wp-json\/wp\/v2\/categories?post=15985"},{"taxonomy":"post_tag","embeddable":true,"href":"https:\/\/www.cofb.org\/es\/wp-json\/wp\/v2\/tags?post=15985"}],"curies":[{"name":"wp","href":"https:\/\/api.w.org\/{rel}","templated":true}]}}