{"id":15251,"date":"2015-07-29T13:17:24","date_gmt":"2015-07-29T12:17:24","guid":{"rendered":"http:\/\/blog.cofb.cat\/?p=15251"},"modified":"2015-07-29T13:17:24","modified_gmt":"2015-07-29T12:17:24","slug":"quins-son-els-projectes-becats-a-la-convocatoria-2015-2016","status":"publish","type":"post","link":"https:\/\/www.cofb.org\/es\/2015\/07\/29\/quins-son-els-projectes-becats-a-la-convocatoria-2015-2016\/","title":{"rendered":"\u00bfCu\u00e1les son los proyectos becados en la convocatoria 2015-2016?"},"content":{"rendered":"<figure id=\"attachment_15253\" aria-describedby=\"caption-attachment-15253\" style=\"width: 337px\" class=\"wp-caption alignleft\"><a href=\"http:\/\/blog.cofb.cat\/wp-content\/uploads\/2015\/07\/beques20152016.jpg\"><img fetchpriority=\"high\" decoding=\"async\" class=\"wp-image-15253\" alt=\"beques20152016\" src=\"http:\/\/blog.cofb.cat\/wp-content\/uploads\/2015\/07\/beques20152016.jpg\" width=\"337\" height=\"226\" \/><\/a><figcaption id=\"caption-attachment-15253\" class=\"wp-caption-text\">Becados y Tribunal de Becas<\/figcaption><\/figure>\n<p>El Colegio de Farmac\u00e9uticos de Barcelona incentiva la investigaci\u00f3n con su convocatoria anual de becas. Los miembros del Tribunal de Becas han evaluado un total de 12 solicitudes valorando la novedad cient\u00edfica, la multidisciplinaridad, el impacto social, adem\u00e1s del inter\u00e9s profesional, el m\u00e9todo y la viabilidad de los trabajos.<\/p>\n<p>Los proyectos becados por el Colegio con 9.000 euros, con el fin de hacer posible su desarrollo, han sido:<\/p>\n<p>&nbsp;<\/p>\n<div class=\"box shadow\"><b>Impacto asistencial de la incorporaci\u00f3n de la Salud M\u00f3vil (mHealth) en la pr\u00e1ctica cl\u00ednica del paciente trasplantado card\u00edaco<\/b><\/p>\n<p>El paciente trasplantado card\u00edaco (TC) es un paciente cr\u00f3nico que requiere un manejo multidisciplinar. La monitorizaci\u00f3n de niveles, aparici\u00f3n de interacciones farmacol\u00f3gicas y efectos adversos del tratamiento inmunosupresor (TIS) son algunos de los ejemplos de la complejidad farmacoterap\u00e9utica de estos pacientes. Destaca que la falta de adherencia terap\u00e9utica (AT) al TIS es el principal factor condicionante de la supervivencia del injerto.<\/p>\n<p><b>Objetivo principal del estudio:<\/b> evaluar la mejora de la adherencia terap\u00e9utica del paciente trasplantado card\u00edaco mediante la implementaci\u00f3n de un programa de atenci\u00f3n farmacoterap\u00e9utica multidisciplinar, multinivel y con el soporte de la tecnolog\u00eda mHealth.<\/div>\n<p><b><div class=\"box shadow\">Riesgo de sangrado de los nuevos anticoagulantes orales en comparaci\u00f3n con acenocumarol en la pr\u00e1ctica cl\u00ednica habitual<\/b><\/p>\n<p>El acenocumarol es un anticoagulante oral que tiene descritas interacciones tanto con medicamentos como alimentos y su dosificaci\u00f3n personalizada es motivo para realizar una monitorizaci\u00f3n muy cuidadosa. Los nuevos anticoagulantes manifiestan ventajas que le aproximan al anticoagulante ideal pero todav\u00eda presentan algunos puntos a tener en cuenta a la hora de prescribirlos.<\/p>\n<p><b>Objetivo principal del estudio<\/b>: estimar el riesgo de sangrado intracraneal y gastrointestinal asociado al uso de los nuevos anticoagulantes orales (NACO) comparado con acenocumarol en la pr\u00e1ctica cl\u00ednica habitual.<b><\/div><br \/>\n<\/b>El Tribunal de Becas del Colegio lo forman <b>Tom\u00e1s Casas\u00edn<\/b>, vocal de Hospitales del COFB; <b>Pilar Gasc\u00f3n<\/b>, vocal de Investigaci\u00f3n y Docencia; <b>Merc\u00e8 Barau<\/b> y <b>Josep M. Llop<\/b>, vocales de la Junta de Gobierno; <b>Santiago Llovera<\/b>, representante del \u00e1mbito de la industria, y <b>Diego Mu\u00f1oz-Torrero<\/b>, farmac\u00e9utico, vicedecano de investigaci\u00f3n de la Facultad de Farmacia.<\/p>\n<p>Quiz\u00e1s tambi\u00e9n te interesa:<\/p>\n<ul>\n<li><a href=\"http:\/\/blog.cofb.cat\/wp-content\/uploads\/2015\/03\/Treballs5anys.pdf\" target=\"_blank\" rel=\"noopener\">Ver trabajos becados en los \u00faltimos cinco a\u00f1os (PDF)<\/a><\/li>\n<li><a href=\"http:\/\/blog.cofb.cat\/beques-col%C2%B7legials-2013-2014-suport-a-noves-investigacions\/\" target=\"_blank\" rel=\"noopener\">Resultados de los proyectos becados por el Colegio del curso 2013-2014 (Blog)<\/a><\/li>\n<li><a href=\"http:\/\/blog.cofb.cat\/actualitzacio-en-anticoagulants-orals\/\">Actualizaci\u00f3n en anticoagulantes orales<\/a> (Blog)<\/li>\n<\/ul>","protected":false},"excerpt":{"rendered":"<p>El Colegio de Farmac\u00e9uticos de Barcelona incentiva la investigaci\u00f3n con su convocatoria anual de becas. Los miembros del Tribunal de Becas han evaluado un total de 12 solicitudes valorando la novedad cient\u00edfica, la multidisciplinaridad, el impacto social, adem\u00e1s del inter\u00e9s profesional, el m\u00e9todo y la viabilidad de los trabajos. Los [\u2026]<\/p>","protected":false},"author":1,"featured_media":15253,"comment_status":"open","ping_status":"open","sticky":false,"template":"","format":"standard","meta":{"_uag_custom_page_level_css":"","site-sidebar-layout":"default","site-content-layout":"","ast-site-content-layout":"default","site-content-style":"default","site-sidebar-style":"default","ast-global-header-display":"","ast-banner-title-visibility":"","ast-main-header-display":"","ast-hfb-above-header-display":"","ast-hfb-below-header-display":"","ast-hfb-mobile-header-display":"","site-post-title":"","ast-breadcrumbs-content":"","ast-featured-img":"disabled","footer-sml-layout":"","theme-transparent-header-meta":"","adv-header-id-meta":"","stick-header-meta":"","header-above-stick-meta":"","header-main-stick-meta":"","header-below-stick-meta":"","astra-migrate-meta-layouts":"default","ast-page-background-enabled":"default","ast-page-background-meta":{"desktop":{"background-color":"var(--ast-global-color-4)","background-image":"","background-repeat":"repeat","background-position":"center center","background-size":"auto","background-attachment":"scroll","background-type":"","background-media":"","overlay-type":"","overlay-color":"","overlay-opacity":"","overlay-gradient":""},"tablet":{"background-color":"","background-image":"","background-repeat":"repeat","background-position":"center center","background-size":"auto","background-attachment":"scroll","background-type":"","background-media":"","overlay-type":"","overlay-color":"","overlay-opacity":"","overlay-gradient":""},"mobile":{"background-color":"","background-image":"","background-repeat":"repeat","background-position":"center center","background-size":"auto","background-attachment":"scroll","background-type":"","background-media":"","overlay-type":"","overlay-color":"","overlay-opacity":"","overlay-gradient":""}},"ast-content-background-meta":{"desktop":{"background-color":"var(--ast-global-color-5)","background-image":"","background-repeat":"repeat","background-position":"center center","background-size":"auto","background-attachment":"scroll","background-type":"","background-media":"","overlay-type":"","overlay-color":"","overlay-opacity":"","overlay-gradient":""},"tablet":{"background-color":"var(--ast-global-color-5)","background-image":"","background-repeat":"repeat","background-position":"center center","background-size":"auto","background-attachment":"scroll","background-type":"","background-media":"","overlay-type":"","overlay-color":"","overlay-opacity":"","overlay-gradient":""},"mobile":{"background-color":"var(--ast-global-color-5)","background-image":"","background-repeat":"repeat","background-position":"center center","background-size":"auto","background-attachment":"scroll","background-type":"","background-media":"","overlay-type":"","overlay-color":"","overlay-opacity":"","overlay-gradient":""}},"footnotes":""},"categories":[57],"tags":[1010,513,844],"class_list":["post-15251","post","type-post","status-publish","format-standard","has-post-thumbnail","hentry","category-mon-collegial","tag-anticoagulants-orals","tag-beques-collegials","tag-recerca"],"yoast_head":"<!-- This site is optimized with the Yoast SEO plugin v22.4 - https:\/\/yoast.com\/wordpress\/plugins\/seo\/ -->\n<title>Quins s\u00f3n els projectes becats a la convocat\u00f2ria 2015-2016? - Col\u00b7legi de Farmac\u00e8utics de Barcelona<\/title>\n<meta name=\"robots\" content=\"index, follow, max-snippet:-1, max-image-preview:large, max-video-preview:-1\" \/>\n<link rel=\"canonical\" href=\"https:\/\/novaorg.cofb.net\/2015\/07\/29\/quins-son-els-projectes-becats-a-la-convocatoria-2015-2016\/\" \/>\n<meta property=\"og:locale\" content=\"es_ES\" \/>\n<meta property=\"og:type\" content=\"article\" \/>\n<meta property=\"og:title\" content=\"Quins s\u00f3n els projectes becats a la convocat\u00f2ria 2015-2016? - Col\u00b7legi de Farmac\u00e8utics de Barcelona\" \/>\n<meta property=\"og:description\" content=\"El Col\u00b7legi de Farmac\u00e8utics de Barcelona incentiva la recerca amb la seva convocat\u00f2ria anual de beques. Els membres del Tribunal de Beques han avaluat un total de 12 sol\u00b7licituds valorant la novetat cient\u00edfica, la multidisciplinaritat, l\u2019impacte social, a m\u00e9s de l\u2019inter\u00e8s professional, el m\u00e8tode i la viabilitat dels treballs. Els [&hellip;]\" \/>\n<meta property=\"og:url\" content=\"https:\/\/novaorg.cofb.net\/2015\/07\/29\/quins-son-els-projectes-becats-a-la-convocatoria-2015-2016\/\" \/>\n<meta property=\"og:site_name\" content=\"Col\u00b7legi de Farmac\u00e8utics de Barcelona\" \/>\n<meta property=\"article:publisher\" content=\"https:\/\/www.facebook.com\/farmaceuticsbcn\/\" \/>\n<meta property=\"article:published_time\" content=\"2015-07-29T12:17:24+00:00\" \/>\n<meta name=\"author\" content=\"wpAdminCofbOrg\" \/>\n<meta name=\"twitter:card\" content=\"summary_large_image\" \/>\n<meta name=\"twitter:creator\" content=\"@farmaceuticsbcn\" \/>\n<meta name=\"twitter:site\" content=\"@farmaceuticsbcn\" \/>\n<meta name=\"twitter:label1\" content=\"Escrito por\" \/>\n\t<meta name=\"twitter:data1\" content=\"wpAdminCofbOrg\" \/>\n\t<meta name=\"twitter:label2\" content=\"Tiempo de lectura\" \/>\n\t<meta name=\"twitter:data2\" content=\"2 minutos\" \/>\n<script type=\"application\/ld+json\" class=\"yoast-schema-graph\">{\"@context\":\"https:\/\/schema.org\",\"@graph\":[{\"@type\":\"Article\",\"@id\":\"https:\/\/novaorg.cofb.net\/2015\/07\/29\/quins-son-els-projectes-becats-a-la-convocatoria-2015-2016\/#article\",\"isPartOf\":{\"@id\":\"https:\/\/novaorg.cofb.net\/2015\/07\/29\/quins-son-els-projectes-becats-a-la-convocatoria-2015-2016\/\"},\"author\":{\"name\":\"wpAdminCofbOrg\",\"@id\":\"https:\/\/www.cofb.org\/#\/schema\/person\/22ed7eea88da74b0fa4d3154ad87ffcb\"},\"headline\":\"Quins s\u00f3n els projectes becats a la convocat\u00f2ria 2015-2016?\",\"datePublished\":\"2015-07-29T12:17:24+00:00\",\"dateModified\":\"2015-07-29T12:17:24+00:00\",\"mainEntityOfPage\":{\"@id\":\"https:\/\/novaorg.cofb.net\/2015\/07\/29\/quins-son-els-projectes-becats-a-la-convocatoria-2015-2016\/\"},\"wordCount\":438,\"commentCount\":0,\"publisher\":{\"@id\":\"https:\/\/www.cofb.org\/#organization\"},\"image\":{\"@id\":\"https:\/\/novaorg.cofb.net\/2015\/07\/29\/quins-son-els-projectes-becats-a-la-convocatoria-2015-2016\/#primaryimage\"},\"thumbnailUrl\":\"\",\"keywords\":[\"anticoagulants orals\",\"Beques col\u00b7legials\",\"Recerca\"],\"articleSection\":[\"M\u00f3n col\u00b7legial\"],\"inLanguage\":\"es\",\"potentialAction\":[{\"@type\":\"CommentAction\",\"name\":\"Comment\",\"target\":[\"https:\/\/novaorg.cofb.net\/2015\/07\/29\/quins-son-els-projectes-becats-a-la-convocatoria-2015-2016\/#respond\"]}]},{\"@type\":\"WebPage\",\"@id\":\"https:\/\/novaorg.cofb.net\/2015\/07\/29\/quins-son-els-projectes-becats-a-la-convocatoria-2015-2016\/\",\"url\":\"https:\/\/novaorg.cofb.net\/2015\/07\/29\/quins-son-els-projectes-becats-a-la-convocatoria-2015-2016\/\",\"name\":\"Quins s\u00f3n els projectes becats a la convocat\u00f2ria 2015-2016? - Col\u00b7legi de Farmac\u00e8utics de Barcelona\",\"isPartOf\":{\"@id\":\"https:\/\/www.cofb.org\/#website\"},\"primaryImageOfPage\":{\"@id\":\"https:\/\/novaorg.cofb.net\/2015\/07\/29\/quins-son-els-projectes-becats-a-la-convocatoria-2015-2016\/#primaryimage\"},\"image\":{\"@id\":\"https:\/\/novaorg.cofb.net\/2015\/07\/29\/quins-son-els-projectes-becats-a-la-convocatoria-2015-2016\/#primaryimage\"},\"thumbnailUrl\":\"\",\"datePublished\":\"2015-07-29T12:17:24+00:00\",\"dateModified\":\"2015-07-29T12:17:24+00:00\",\"breadcrumb\":{\"@id\":\"https:\/\/novaorg.cofb.net\/2015\/07\/29\/quins-son-els-projectes-becats-a-la-convocatoria-2015-2016\/#breadcrumb\"},\"inLanguage\":\"es\",\"potentialAction\":[{\"@type\":\"ReadAction\",\"target\":[\"https:\/\/novaorg.cofb.net\/2015\/07\/29\/quins-son-els-projectes-becats-a-la-convocatoria-2015-2016\/\"]}]},{\"@type\":\"ImageObject\",\"inLanguage\":\"es\",\"@id\":\"https:\/\/novaorg.cofb.net\/2015\/07\/29\/quins-son-els-projectes-becats-a-la-convocatoria-2015-2016\/#primaryimage\",\"url\":\"\",\"contentUrl\":\"\"},{\"@type\":\"BreadcrumbList\",\"@id\":\"https:\/\/novaorg.cofb.net\/2015\/07\/29\/quins-son-els-projectes-becats-a-la-convocatoria-2015-2016\/#breadcrumb\",\"itemListElement\":[{\"@type\":\"ListItem\",\"position\":1,\"name\":\"Inici\",\"item\":\"https:\/\/novaorg.cofb.net\/\"},{\"@type\":\"ListItem\",\"position\":2,\"name\":\"Quins s\u00f3n els projectes becats a la convocat\u00f2ria 2015-2016?\"}]},{\"@type\":\"WebSite\",\"@id\":\"https:\/\/www.cofb.org\/#website\",\"url\":\"https:\/\/www.cofb.org\/\",\"name\":\"Col\u00b7legi de Farmac\u00e8utics de Barcelona\",\"description\":\"\",\"publisher\":{\"@id\":\"https:\/\/www.cofb.org\/#organization\"},\"potentialAction\":[{\"@type\":\"SearchAction\",\"target\":{\"@type\":\"EntryPoint\",\"urlTemplate\":\"https:\/\/www.cofb.org\/?s={search_term_string}\"},\"query-input\":\"required name=search_term_string\"}],\"inLanguage\":\"es\"},{\"@type\":\"Organization\",\"@id\":\"https:\/\/www.cofb.org\/#organization\",\"name\":\"Col\u00b7legi de Farmac\u00e8utics de Barcelona\",\"url\":\"https:\/\/www.cofb.org\/\",\"logo\":{\"@type\":\"ImageObject\",\"inLanguage\":\"es\",\"@id\":\"https:\/\/www.cofb.org\/#\/schema\/logo\/image\/\",\"url\":\"https:\/\/www.cofb.org\/wp-content\/uploads\/2023\/11\/cropped-Logotip-COFB.png\",\"contentUrl\":\"https:\/\/www.cofb.org\/wp-content\/uploads\/2023\/11\/cropped-Logotip-COFB.png\",\"width\":500,\"height\":105,\"caption\":\"Col\u00b7legi de Farmac\u00e8utics de Barcelona\"},\"image\":{\"@id\":\"https:\/\/www.cofb.org\/#\/schema\/logo\/image\/\"},\"sameAs\":[\"https:\/\/www.facebook.com\/farmaceuticsbcn\/\",\"https:\/\/twitter.com\/farmaceuticsbcn\",\"https:\/\/www.instagram.com\/farmaceuticsbcn\/\",\"https:\/\/www.linkedin.com\/company\/farmaceuticsbcn\/\"]},{\"@type\":\"Person\",\"@id\":\"https:\/\/www.cofb.org\/#\/schema\/person\/22ed7eea88da74b0fa4d3154ad87ffcb\",\"name\":\"wpAdminCofbOrg\",\"image\":{\"@type\":\"ImageObject\",\"inLanguage\":\"es\",\"@id\":\"https:\/\/www.cofb.org\/#\/schema\/person\/image\/\",\"url\":\"https:\/\/secure.gravatar.com\/avatar\/1721b20b3b8ca882c3b56ec6c978c594fff670e40c0718e9190eaeeb76aae7d8?s=96&d=mm&r=g\",\"contentUrl\":\"https:\/\/secure.gravatar.com\/avatar\/1721b20b3b8ca882c3b56ec6c978c594fff670e40c0718e9190eaeeb76aae7d8?s=96&d=mm&r=g\",\"caption\":\"wpAdminCofbOrg\"},\"sameAs\":[\"http:\/\/192.168.64.122\/wordpress\"],\"url\":\"https:\/\/www.cofb.org\/es\/author\/wpadmincofborg\/\"}]}<\/script>\n<!-- \/ Yoast SEO plugin. -->","yoast_head_json":{"title":"Quins s\u00f3n els projectes becats a la convocat\u00f2ria 2015-2016? - Col\u00b7legi de Farmac\u00e8utics de Barcelona","robots":{"index":"index","follow":"follow","max-snippet":"max-snippet:-1","max-image-preview":"max-image-preview:large","max-video-preview":"max-video-preview:-1"},"canonical":"https:\/\/novaorg.cofb.net\/2015\/07\/29\/quins-son-els-projectes-becats-a-la-convocatoria-2015-2016\/","og_locale":"es_ES","og_type":"article","og_title":"Quins s\u00f3n els projectes becats a la convocat\u00f2ria 2015-2016? - Col\u00b7legi de Farmac\u00e8utics de Barcelona","og_description":"El Col\u00b7legi de Farmac\u00e8utics de Barcelona incentiva la recerca amb la seva convocat\u00f2ria anual de beques. Els membres del Tribunal de Beques han avaluat un total de 12 sol\u00b7licituds valorant la novetat cient\u00edfica, la multidisciplinaritat, l\u2019impacte social, a m\u00e9s de l\u2019inter\u00e8s professional, el m\u00e8tode i la viabilitat dels treballs. Els [&hellip;]","og_url":"https:\/\/novaorg.cofb.net\/2015\/07\/29\/quins-son-els-projectes-becats-a-la-convocatoria-2015-2016\/","og_site_name":"Col\u00b7legi de Farmac\u00e8utics de Barcelona","article_publisher":"https:\/\/www.facebook.com\/farmaceuticsbcn\/","article_published_time":"2015-07-29T12:17:24+00:00","author":"wpAdminCofbOrg","twitter_card":"summary_large_image","twitter_creator":"@farmaceuticsbcn","twitter_site":"@farmaceuticsbcn","twitter_misc":{"Escrito por":"wpAdminCofbOrg","Tiempo de lectura":"2 minutos"},"schema":{"@context":"https:\/\/schema.org","@graph":[{"@type":"Article","@id":"https:\/\/novaorg.cofb.net\/2015\/07\/29\/quins-son-els-projectes-becats-a-la-convocatoria-2015-2016\/#article","isPartOf":{"@id":"https:\/\/novaorg.cofb.net\/2015\/07\/29\/quins-son-els-projectes-becats-a-la-convocatoria-2015-2016\/"},"author":{"name":"wpAdminCofbOrg","@id":"https:\/\/www.cofb.org\/#\/schema\/person\/22ed7eea88da74b0fa4d3154ad87ffcb"},"headline":"Quins s\u00f3n els projectes becats a la convocat\u00f2ria 2015-2016?","datePublished":"2015-07-29T12:17:24+00:00","dateModified":"2015-07-29T12:17:24+00:00","mainEntityOfPage":{"@id":"https:\/\/novaorg.cofb.net\/2015\/07\/29\/quins-son-els-projectes-becats-a-la-convocatoria-2015-2016\/"},"wordCount":438,"commentCount":0,"publisher":{"@id":"https:\/\/www.cofb.org\/#organization"},"image":{"@id":"https:\/\/novaorg.cofb.net\/2015\/07\/29\/quins-son-els-projectes-becats-a-la-convocatoria-2015-2016\/#primaryimage"},"thumbnailUrl":"","keywords":["anticoagulants orals","Beques col\u00b7legials","Recerca"],"articleSection":["M\u00f3n col\u00b7legial"],"inLanguage":"es","potentialAction":[{"@type":"CommentAction","name":"Comment","target":["https:\/\/novaorg.cofb.net\/2015\/07\/29\/quins-son-els-projectes-becats-a-la-convocatoria-2015-2016\/#respond"]}]},{"@type":"WebPage","@id":"https:\/\/novaorg.cofb.net\/2015\/07\/29\/quins-son-els-projectes-becats-a-la-convocatoria-2015-2016\/","url":"https:\/\/novaorg.cofb.net\/2015\/07\/29\/quins-son-els-projectes-becats-a-la-convocatoria-2015-2016\/","name":"Quins s\u00f3n els projectes becats a la convocat\u00f2ria 2015-2016? - Col\u00b7legi de Farmac\u00e8utics de Barcelona","isPartOf":{"@id":"https:\/\/www.cofb.org\/#website"},"primaryImageOfPage":{"@id":"https:\/\/novaorg.cofb.net\/2015\/07\/29\/quins-son-els-projectes-becats-a-la-convocatoria-2015-2016\/#primaryimage"},"image":{"@id":"https:\/\/novaorg.cofb.net\/2015\/07\/29\/quins-son-els-projectes-becats-a-la-convocatoria-2015-2016\/#primaryimage"},"thumbnailUrl":"","datePublished":"2015-07-29T12:17:24+00:00","dateModified":"2015-07-29T12:17:24+00:00","breadcrumb":{"@id":"https:\/\/novaorg.cofb.net\/2015\/07\/29\/quins-son-els-projectes-becats-a-la-convocatoria-2015-2016\/#breadcrumb"},"inLanguage":"es","potentialAction":[{"@type":"ReadAction","target":["https:\/\/novaorg.cofb.net\/2015\/07\/29\/quins-son-els-projectes-becats-a-la-convocatoria-2015-2016\/"]}]},{"@type":"ImageObject","inLanguage":"es","@id":"https:\/\/novaorg.cofb.net\/2015\/07\/29\/quins-son-els-projectes-becats-a-la-convocatoria-2015-2016\/#primaryimage","url":"","contentUrl":""},{"@type":"BreadcrumbList","@id":"https:\/\/novaorg.cofb.net\/2015\/07\/29\/quins-son-els-projectes-becats-a-la-convocatoria-2015-2016\/#breadcrumb","itemListElement":[{"@type":"ListItem","position":1,"name":"Inici","item":"https:\/\/novaorg.cofb.net\/"},{"@type":"ListItem","position":2,"name":"Quins s\u00f3n els projectes becats a la convocat\u00f2ria 2015-2016?"}]},{"@type":"WebSite","@id":"https:\/\/www.cofb.org\/#website","url":"https:\/\/www.cofb.org\/","name":"Col\u00b7legi de Farmac\u00e8utics de Barcelona","description":"","publisher":{"@id":"https:\/\/www.cofb.org\/#organization"},"potentialAction":[{"@type":"SearchAction","target":{"@type":"EntryPoint","urlTemplate":"https:\/\/www.cofb.org\/?s={search_term_string}"},"query-input":"required name=search_term_string"}],"inLanguage":"es"},{"@type":"Organization","@id":"https:\/\/www.cofb.org\/#organization","name":"Col\u00b7legi de Farmac\u00e8utics de Barcelona","url":"https:\/\/www.cofb.org\/","logo":{"@type":"ImageObject","inLanguage":"es","@id":"https:\/\/www.cofb.org\/#\/schema\/logo\/image\/","url":"https:\/\/www.cofb.org\/wp-content\/uploads\/2023\/11\/cropped-Logotip-COFB.png","contentUrl":"https:\/\/www.cofb.org\/wp-content\/uploads\/2023\/11\/cropped-Logotip-COFB.png","width":500,"height":105,"caption":"Col\u00b7legi de Farmac\u00e8utics de Barcelona"},"image":{"@id":"https:\/\/www.cofb.org\/#\/schema\/logo\/image\/"},"sameAs":["https:\/\/www.facebook.com\/farmaceuticsbcn\/","https:\/\/twitter.com\/farmaceuticsbcn","https:\/\/www.instagram.com\/farmaceuticsbcn\/","https:\/\/www.linkedin.com\/company\/farmaceuticsbcn\/"]},{"@type":"Person","@id":"https:\/\/www.cofb.org\/#\/schema\/person\/22ed7eea88da74b0fa4d3154ad87ffcb","name":"wpAdminCofbOrg","image":{"@type":"ImageObject","inLanguage":"es","@id":"https:\/\/www.cofb.org\/#\/schema\/person\/image\/","url":"https:\/\/secure.gravatar.com\/avatar\/1721b20b3b8ca882c3b56ec6c978c594fff670e40c0718e9190eaeeb76aae7d8?s=96&d=mm&r=g","contentUrl":"https:\/\/secure.gravatar.com\/avatar\/1721b20b3b8ca882c3b56ec6c978c594fff670e40c0718e9190eaeeb76aae7d8?s=96&d=mm&r=g","caption":"wpAdminCofbOrg"},"sameAs":["http:\/\/192.168.64.122\/wordpress"],"url":"https:\/\/www.cofb.org\/es\/author\/wpadmincofborg\/"}]}},"uagb_featured_image_src":{"full":false,"thumbnail":false,"medium":false,"medium_large":false,"large":false,"1536x1536":false,"2048x2048":false,"trp-custom-language-flag":false},"uagb_author_info":{"display_name":"wpAdminCofbOrg","author_link":"https:\/\/www.cofb.org\/es\/author\/wpadmincofborg\/"},"uagb_comment_info":0,"uagb_excerpt":"El Col\u00b7legi de Farmac\u00e8utics de Barcelona incentiva la recerca amb la seva convocat\u00f2ria anual de beques. Els membres del Tribunal de Beques han avaluat un total de 12 sol\u00b7licituds valorant la novetat cient\u00edfica, la multidisciplinaritat, l\u2019impacte social, a m\u00e9s de l\u2019inter\u00e8s professional, el m\u00e8tode i la viabilitat dels treballs. Els [&hellip;]","_links":{"self":[{"href":"https:\/\/www.cofb.org\/es\/wp-json\/wp\/v2\/posts\/15251","targetHints":{"allow":["GET"]}}],"collection":[{"href":"https:\/\/www.cofb.org\/es\/wp-json\/wp\/v2\/posts"}],"about":[{"href":"https:\/\/www.cofb.org\/es\/wp-json\/wp\/v2\/types\/post"}],"author":[{"embeddable":true,"href":"https:\/\/www.cofb.org\/es\/wp-json\/wp\/v2\/users\/1"}],"replies":[{"embeddable":true,"href":"https:\/\/www.cofb.org\/es\/wp-json\/wp\/v2\/comments?post=15251"}],"version-history":[{"count":0,"href":"https:\/\/www.cofb.org\/es\/wp-json\/wp\/v2\/posts\/15251\/revisions"}],"wp:featuredmedia":[{"embeddable":true,"href":"https:\/\/www.cofb.org\/es\/wp-json\/"}],"wp:attachment":[{"href":"https:\/\/www.cofb.org\/es\/wp-json\/wp\/v2\/media?parent=15251"}],"wp:term":[{"taxonomy":"category","embeddable":true,"href":"https:\/\/www.cofb.org\/es\/wp-json\/wp\/v2\/categories?post=15251"},{"taxonomy":"post_tag","embeddable":true,"href":"https:\/\/www.cofb.org\/es\/wp-json\/wp\/v2\/tags?post=15251"}],"curies":[{"name":"wp","href":"https:\/\/api.w.org\/{rel}","templated":true}]}}