{"id":14193,"date":"2015-06-04T14:35:01","date_gmt":"2015-06-04T13:35:01","guid":{"rendered":"http:\/\/blog.cofb.cat\/?p=14193"},"modified":"2015-06-04T14:35:01","modified_gmt":"2015-06-04T13:35:01","slug":"disponibles-els-videos-dinfarma-barcelona-2015","status":"publish","type":"post","link":"https:\/\/www.cofb.org\/es\/2015\/06\/04\/disponibles-els-videos-dinfarma-barcelona-2015\/","title":{"rendered":"Disponibles los v\u00eddeos de Infarma Barcelona 2015"},"content":{"rendered":"<figure id=\"attachment_14194\" aria-describedby=\"caption-attachment-14194\" style=\"width: 275px\" class=\"wp-caption alignleft\"><a href=\"http:\/\/blog.cofb.cat\/wp-content\/uploads\/2015\/06\/confeinaugural-infarma2015.jpg\"><img fetchpriority=\"high\" decoding=\"async\" class=\"wp-image-14194\" alt=\"confeinaugural-infarma2015\" src=\"http:\/\/blog.cofb.cat\/wp-content\/uploads\/2015\/06\/confeinaugural-infarma2015.jpg\" width=\"275\" height=\"184\" \/><\/a><figcaption id=\"caption-attachment-14194\" class=\"wp-caption-text\">La conferencia inaugural corri\u00f3 a cargo del cardi\u00f3logo Josep Brugada<\/figcaption><\/figure>\n<p>Ya est\u00e1n <strong>disponibles en la <a href=\"http:\/\/www.infarma.es\/ca\/web\/infarma-2015\/inicio\" target=\"_blank\" rel=\"noopener\">web de Infarma<\/a> los v\u00eddeos de las conferencias<\/strong> que se llevaron a cabo en el Congreso, que tuvo lugar del 24 al 26 de marzo. Bajo el lema \u201cOrientados a la acci\u00f3n. Experiencias para mejorar la farmacia desde el presente\u201d, los tres d\u00edas de conferencias y debates contaron con la asistencia de<strong> m\u00e1s de 2.500 congresistas y 25.000 profesionales del sector farmac\u00e9utico<\/strong> y la presencia de <strong>m\u00e1s de 200 ponentes y m\u00e1s de 328 expositores<\/strong>.<\/p>\n<p><a href=\"http:\/\/www.infarma.es\/ca\/web\/infarma-2015\/videoconferencias1\" target=\"_blank\" rel=\"noopener\"><div class=\"box shadow\"><strong>Accede a todas las videoconferencias del Congreso Infarma Barcelona 2015<\/strong><\/div><br \/>\n<\/a>Las m\u00e1s de<strong> 60 aulas activas, conferencias y mesas de debate<\/strong>\u00a0de Infarma 2015<strong>\u00a0sirvieron de punto de encuentro para abordar algunos de los principales retos que est\u00e1 afrontando el sector farmac\u00e9utico<\/strong>. Un tema destacado fue el de los servicios que se prestan en la farmacia, que permiten avanzar hacia un papel cada vez m\u00e1s asistencial del farmac\u00e9utico, como agente de salud integrado en la cadena sanitaria. El acceso de los pacientes a nuevos f\u00e1rmacos, la innovaci\u00f3n en la prestaci\u00f3n farmac\u00e9utica o la venta a trav\u00e9s de Internet son otros temas de actualidad que se trataron en la pasada edici\u00f3n de Infarma.<\/p>\n<p style=\"text-align: center;\"><img decoding=\"async\" class=\"wp-image-14204 aligncenter\" alt=\"congres-infarma2015\" src=\"http:\/\/blog.cofb.cat\/wp-content\/uploads\/2015\/06\/congres-infarma2015.jpg\" width=\"427\" height=\"256\" \/><\/p>\n<p><strong>Quiz\u00e1s tambi\u00e9n te interesa:<\/strong><\/p>\n<p><a href=\"http:\/\/blog.cofb.cat\/aquests-son-els-posters-cientifics-guanyadors-a-infarma-barcelona-2015\/\">Estos son los p\u00f3sters cient\u00edficos ganadores en Infarma Barcelona 2015<\/a> (Blog)<br \/>\n<a href=\"http:\/\/blog.cofb.cat\/infarma-barcelona-2015-nou-exit-de-participacio-mes-de-25-000-visitants-i-2-500-congressistes\/\">Infarma Barcelona 2015, nuevo \u00e9xito de participaci\u00f3n: m\u00e1s de 25.000 visitantes y 2.500 congresistas<\/a> (Blog)<\/p>","protected":false},"excerpt":{"rendered":"<p>Ya est\u00e1n disponibles en la web de Infarma los v\u00eddeos de las conferencias que se llevaron a cabo en el Congreso, que tuvo lugar del 24 al 26 de marzo. Bajo el lema \u201cOrientados a la acci\u00f3n. Experiencias para mejorar la farmacia desde el presente\u201d, los tres d\u00edas de conferencias y [\u2026]<\/p>","protected":false},"author":1,"featured_media":14196,"comment_status":"open","ping_status":"open","sticky":false,"template":"","format":"standard","meta":{"_uag_custom_page_level_css":"","site-sidebar-layout":"default","site-content-layout":"","ast-site-content-layout":"default","site-content-style":"default","site-sidebar-style":"default","ast-global-header-display":"","ast-banner-title-visibility":"","ast-main-header-display":"","ast-hfb-above-header-display":"","ast-hfb-below-header-display":"","ast-hfb-mobile-header-display":"","site-post-title":"","ast-breadcrumbs-content":"","ast-featured-img":"disabled","footer-sml-layout":"","theme-transparent-header-meta":"","adv-header-id-meta":"","stick-header-meta":"","header-above-stick-meta":"","header-main-stick-meta":"","header-below-stick-meta":"","astra-migrate-meta-layouts":"default","ast-page-background-enabled":"default","ast-page-background-meta":{"desktop":{"background-color":"var(--ast-global-color-4)","background-image":"","background-repeat":"repeat","background-position":"center center","background-size":"auto","background-attachment":"scroll","background-type":"","background-media":"","overlay-type":"","overlay-color":"","overlay-opacity":"","overlay-gradient":""},"tablet":{"background-color":"","background-image":"","background-repeat":"repeat","background-position":"center center","background-size":"auto","background-attachment":"scroll","background-type":"","background-media":"","overlay-type":"","overlay-color":"","overlay-opacity":"","overlay-gradient":""},"mobile":{"background-color":"","background-image":"","background-repeat":"repeat","background-position":"center center","background-size":"auto","background-attachment":"scroll","background-type":"","background-media":"","overlay-type":"","overlay-color":"","overlay-opacity":"","overlay-gradient":""}},"ast-content-background-meta":{"desktop":{"background-color":"var(--ast-global-color-5)","background-image":"","background-repeat":"repeat","background-position":"center center","background-size":"auto","background-attachment":"scroll","background-type":"","background-media":"","overlay-type":"","overlay-color":"","overlay-opacity":"","overlay-gradient":""},"tablet":{"background-color":"var(--ast-global-color-5)","background-image":"","background-repeat":"repeat","background-position":"center center","background-size":"auto","background-attachment":"scroll","background-type":"","background-media":"","overlay-type":"","overlay-color":"","overlay-opacity":"","overlay-gradient":""},"mobile":{"background-color":"var(--ast-global-color-5)","background-image":"","background-repeat":"repeat","background-position":"center center","background-size":"auto","background-attachment":"scroll","background-type":"","background-media":"","overlay-type":"","overlay-color":"","overlay-opacity":"","overlay-gradient":""}},"footnotes":""},"categories":[2165],"tags":[28,2212],"class_list":["post-14193","post","type-post","status-publish","format-standard","has-post-thumbnail","hentry","category-infarma","tag-infarma","tag-videos"],"yoast_head":"<!-- This site is optimized with the Yoast SEO plugin v22.4 - https:\/\/yoast.com\/wordpress\/plugins\/seo\/ -->\n<title>Disponibles els v\u00eddeos d\u2019Infarma Barcelona 2015 - Col\u00b7legi de Farmac\u00e8utics de Barcelona<\/title>\n<meta name=\"robots\" content=\"index, follow, max-snippet:-1, max-image-preview:large, max-video-preview:-1\" \/>\n<link rel=\"canonical\" href=\"https:\/\/www.cofb.org\/es\/2015\/06\/04\/disponibles-els-videos-dinfarma-barcelona-2015\/\" \/>\n<meta property=\"og:locale\" content=\"es_ES\" \/>\n<meta property=\"og:type\" content=\"article\" \/>\n<meta property=\"og:title\" content=\"Disponibles els v\u00eddeos d\u2019Infarma Barcelona 2015 - Col\u00b7legi de Farmac\u00e8utics de Barcelona\" \/>\n<meta property=\"og:description\" content=\"Ja estan disponibles a la web d\u2019Infarma els v\u00eddeos de les confer\u00e8ncies que es van dur a terme al Congr\u00e9s, que va tenir lloc del 24 al 26 de mar\u00e7. Amb el lema \u201cOrientats a l\u2019acci\u00f3. Experi\u00e8ncies per millorar la farm\u00e0cia des del present\u201d, els tres dies de confer\u00e8ncies i [&hellip;]\" \/>\n<meta property=\"og:url\" content=\"https:\/\/www.cofb.org\/es\/2015\/06\/04\/disponibles-els-videos-dinfarma-barcelona-2015\/\" \/>\n<meta property=\"og:site_name\" content=\"Col\u00b7legi de Farmac\u00e8utics de Barcelona\" \/>\n<meta property=\"article:publisher\" content=\"https:\/\/www.facebook.com\/farmaceuticsbcn\/\" \/>\n<meta property=\"article:published_time\" content=\"2015-06-04T13:35:01+00:00\" \/>\n<meta name=\"author\" content=\"wpAdminCofbOrg\" \/>\n<meta name=\"twitter:card\" content=\"summary_large_image\" \/>\n<meta name=\"twitter:creator\" content=\"@farmaceuticsbcn\" \/>\n<meta name=\"twitter:site\" content=\"@farmaceuticsbcn\" \/>\n<meta name=\"twitter:label1\" content=\"Escrito por\" \/>\n\t<meta name=\"twitter:data1\" content=\"wpAdminCofbOrg\" \/>\n\t<meta name=\"twitter:label2\" content=\"Tiempo de lectura\" \/>\n\t<meta name=\"twitter:data2\" content=\"1 minuto\" \/>\n<script type=\"application\/ld+json\" class=\"yoast-schema-graph\">{\"@context\":\"https:\/\/schema.org\",\"@graph\":[{\"@type\":\"Article\",\"@id\":\"https:\/\/www.cofb.org\/2015\/06\/04\/disponibles-els-videos-dinfarma-barcelona-2015\/#article\",\"isPartOf\":{\"@id\":\"https:\/\/www.cofb.org\/2015\/06\/04\/disponibles-els-videos-dinfarma-barcelona-2015\/\"},\"author\":{\"name\":\"wpAdminCofbOrg\",\"@id\":\"https:\/\/www.cofb.org\/#\/schema\/person\/22ed7eea88da74b0fa4d3154ad87ffcb\"},\"headline\":\"Disponibles els v\u00eddeos d\u2019Infarma Barcelona 2015\",\"datePublished\":\"2015-06-04T13:35:01+00:00\",\"dateModified\":\"2015-06-04T13:35:01+00:00\",\"mainEntityOfPage\":{\"@id\":\"https:\/\/www.cofb.org\/2015\/06\/04\/disponibles-els-videos-dinfarma-barcelona-2015\/\"},\"wordCount\":275,\"commentCount\":0,\"publisher\":{\"@id\":\"https:\/\/www.cofb.org\/#organization\"},\"image\":{\"@id\":\"https:\/\/www.cofb.org\/2015\/06\/04\/disponibles-els-videos-dinfarma-barcelona-2015\/#primaryimage\"},\"thumbnailUrl\":\"\",\"keywords\":[\"Infarma\",\"v\u00eddeos\"],\"articleSection\":[\"Infarma\"],\"inLanguage\":\"es\",\"potentialAction\":[{\"@type\":\"CommentAction\",\"name\":\"Comment\",\"target\":[\"https:\/\/www.cofb.org\/2015\/06\/04\/disponibles-els-videos-dinfarma-barcelona-2015\/#respond\"]}]},{\"@type\":\"WebPage\",\"@id\":\"https:\/\/www.cofb.org\/2015\/06\/04\/disponibles-els-videos-dinfarma-barcelona-2015\/\",\"url\":\"https:\/\/www.cofb.org\/2015\/06\/04\/disponibles-els-videos-dinfarma-barcelona-2015\/\",\"name\":\"Disponibles els v\u00eddeos d\u2019Infarma Barcelona 2015 - Col\u00b7legi de Farmac\u00e8utics de Barcelona\",\"isPartOf\":{\"@id\":\"https:\/\/www.cofb.org\/#website\"},\"primaryImageOfPage\":{\"@id\":\"https:\/\/www.cofb.org\/2015\/06\/04\/disponibles-els-videos-dinfarma-barcelona-2015\/#primaryimage\"},\"image\":{\"@id\":\"https:\/\/www.cofb.org\/2015\/06\/04\/disponibles-els-videos-dinfarma-barcelona-2015\/#primaryimage\"},\"thumbnailUrl\":\"\",\"datePublished\":\"2015-06-04T13:35:01+00:00\",\"dateModified\":\"2015-06-04T13:35:01+00:00\",\"breadcrumb\":{\"@id\":\"https:\/\/www.cofb.org\/2015\/06\/04\/disponibles-els-videos-dinfarma-barcelona-2015\/#breadcrumb\"},\"inLanguage\":\"es\",\"potentialAction\":[{\"@type\":\"ReadAction\",\"target\":[\"https:\/\/www.cofb.org\/2015\/06\/04\/disponibles-els-videos-dinfarma-barcelona-2015\/\"]}]},{\"@type\":\"ImageObject\",\"inLanguage\":\"es\",\"@id\":\"https:\/\/www.cofb.org\/2015\/06\/04\/disponibles-els-videos-dinfarma-barcelona-2015\/#primaryimage\",\"url\":\"\",\"contentUrl\":\"\"},{\"@type\":\"BreadcrumbList\",\"@id\":\"https:\/\/www.cofb.org\/2015\/06\/04\/disponibles-els-videos-dinfarma-barcelona-2015\/#breadcrumb\",\"itemListElement\":[{\"@type\":\"ListItem\",\"position\":1,\"name\":\"Inici\",\"item\":\"https:\/\/novaorg.cofb.net\/\"},{\"@type\":\"ListItem\",\"position\":2,\"name\":\"Disponibles els v\u00eddeos d\u2019Infarma Barcelona 2015\"}]},{\"@type\":\"WebSite\",\"@id\":\"https:\/\/www.cofb.org\/#website\",\"url\":\"https:\/\/www.cofb.org\/\",\"name\":\"Col\u00b7legi de Farmac\u00e8utics de Barcelona\",\"description\":\"\",\"publisher\":{\"@id\":\"https:\/\/www.cofb.org\/#organization\"},\"potentialAction\":[{\"@type\":\"SearchAction\",\"target\":{\"@type\":\"EntryPoint\",\"urlTemplate\":\"https:\/\/www.cofb.org\/?s={search_term_string}\"},\"query-input\":\"required name=search_term_string\"}],\"inLanguage\":\"es\"},{\"@type\":\"Organization\",\"@id\":\"https:\/\/www.cofb.org\/#organization\",\"name\":\"Col\u00b7legi de Farmac\u00e8utics de Barcelona\",\"url\":\"https:\/\/www.cofb.org\/\",\"logo\":{\"@type\":\"ImageObject\",\"inLanguage\":\"es\",\"@id\":\"https:\/\/www.cofb.org\/#\/schema\/logo\/image\/\",\"url\":\"https:\/\/www.cofb.org\/wp-content\/uploads\/2023\/11\/cropped-Logotip-COFB.png\",\"contentUrl\":\"https:\/\/www.cofb.org\/wp-content\/uploads\/2023\/11\/cropped-Logotip-COFB.png\",\"width\":500,\"height\":105,\"caption\":\"Col\u00b7legi de Farmac\u00e8utics de Barcelona\"},\"image\":{\"@id\":\"https:\/\/www.cofb.org\/#\/schema\/logo\/image\/\"},\"sameAs\":[\"https:\/\/www.facebook.com\/farmaceuticsbcn\/\",\"https:\/\/twitter.com\/farmaceuticsbcn\",\"https:\/\/www.instagram.com\/farmaceuticsbcn\/\",\"https:\/\/www.linkedin.com\/company\/farmaceuticsbcn\/\"]},{\"@type\":\"Person\",\"@id\":\"https:\/\/www.cofb.org\/#\/schema\/person\/22ed7eea88da74b0fa4d3154ad87ffcb\",\"name\":\"wpAdminCofbOrg\",\"image\":{\"@type\":\"ImageObject\",\"inLanguage\":\"es\",\"@id\":\"https:\/\/www.cofb.org\/#\/schema\/person\/image\/\",\"url\":\"https:\/\/secure.gravatar.com\/avatar\/1721b20b3b8ca882c3b56ec6c978c594fff670e40c0718e9190eaeeb76aae7d8?s=96&d=mm&r=g\",\"contentUrl\":\"https:\/\/secure.gravatar.com\/avatar\/1721b20b3b8ca882c3b56ec6c978c594fff670e40c0718e9190eaeeb76aae7d8?s=96&d=mm&r=g\",\"caption\":\"wpAdminCofbOrg\"},\"sameAs\":[\"http:\/\/192.168.64.122\/wordpress\"],\"url\":\"https:\/\/www.cofb.org\/es\/author\/wpadmincofborg\/\"}]}<\/script>\n<!-- \/ Yoast SEO plugin. -->","yoast_head_json":{"title":"Disponibles els v\u00eddeos d\u2019Infarma Barcelona 2015 - Col\u00b7legi de Farmac\u00e8utics de Barcelona","robots":{"index":"index","follow":"follow","max-snippet":"max-snippet:-1","max-image-preview":"max-image-preview:large","max-video-preview":"max-video-preview:-1"},"canonical":"https:\/\/www.cofb.org\/es\/2015\/06\/04\/disponibles-els-videos-dinfarma-barcelona-2015\/","og_locale":"es_ES","og_type":"article","og_title":"Disponibles els v\u00eddeos d\u2019Infarma Barcelona 2015 - Col\u00b7legi de Farmac\u00e8utics de Barcelona","og_description":"Ja estan disponibles a la web d\u2019Infarma els v\u00eddeos de les confer\u00e8ncies que es van dur a terme al Congr\u00e9s, que va tenir lloc del 24 al 26 de mar\u00e7. Amb el lema \u201cOrientats a l\u2019acci\u00f3. Experi\u00e8ncies per millorar la farm\u00e0cia des del present\u201d, els tres dies de confer\u00e8ncies i [&hellip;]","og_url":"https:\/\/www.cofb.org\/es\/2015\/06\/04\/disponibles-els-videos-dinfarma-barcelona-2015\/","og_site_name":"Col\u00b7legi de Farmac\u00e8utics de Barcelona","article_publisher":"https:\/\/www.facebook.com\/farmaceuticsbcn\/","article_published_time":"2015-06-04T13:35:01+00:00","author":"wpAdminCofbOrg","twitter_card":"summary_large_image","twitter_creator":"@farmaceuticsbcn","twitter_site":"@farmaceuticsbcn","twitter_misc":{"Escrito por":"wpAdminCofbOrg","Tiempo de lectura":"1 minuto"},"schema":{"@context":"https:\/\/schema.org","@graph":[{"@type":"Article","@id":"https:\/\/www.cofb.org\/2015\/06\/04\/disponibles-els-videos-dinfarma-barcelona-2015\/#article","isPartOf":{"@id":"https:\/\/www.cofb.org\/2015\/06\/04\/disponibles-els-videos-dinfarma-barcelona-2015\/"},"author":{"name":"wpAdminCofbOrg","@id":"https:\/\/www.cofb.org\/#\/schema\/person\/22ed7eea88da74b0fa4d3154ad87ffcb"},"headline":"Disponibles els v\u00eddeos d\u2019Infarma Barcelona 2015","datePublished":"2015-06-04T13:35:01+00:00","dateModified":"2015-06-04T13:35:01+00:00","mainEntityOfPage":{"@id":"https:\/\/www.cofb.org\/2015\/06\/04\/disponibles-els-videos-dinfarma-barcelona-2015\/"},"wordCount":275,"commentCount":0,"publisher":{"@id":"https:\/\/www.cofb.org\/#organization"},"image":{"@id":"https:\/\/www.cofb.org\/2015\/06\/04\/disponibles-els-videos-dinfarma-barcelona-2015\/#primaryimage"},"thumbnailUrl":"","keywords":["Infarma","v\u00eddeos"],"articleSection":["Infarma"],"inLanguage":"es","potentialAction":[{"@type":"CommentAction","name":"Comment","target":["https:\/\/www.cofb.org\/2015\/06\/04\/disponibles-els-videos-dinfarma-barcelona-2015\/#respond"]}]},{"@type":"WebPage","@id":"https:\/\/www.cofb.org\/2015\/06\/04\/disponibles-els-videos-dinfarma-barcelona-2015\/","url":"https:\/\/www.cofb.org\/2015\/06\/04\/disponibles-els-videos-dinfarma-barcelona-2015\/","name":"Disponibles els v\u00eddeos d\u2019Infarma Barcelona 2015 - Col\u00b7legi de Farmac\u00e8utics de Barcelona","isPartOf":{"@id":"https:\/\/www.cofb.org\/#website"},"primaryImageOfPage":{"@id":"https:\/\/www.cofb.org\/2015\/06\/04\/disponibles-els-videos-dinfarma-barcelona-2015\/#primaryimage"},"image":{"@id":"https:\/\/www.cofb.org\/2015\/06\/04\/disponibles-els-videos-dinfarma-barcelona-2015\/#primaryimage"},"thumbnailUrl":"","datePublished":"2015-06-04T13:35:01+00:00","dateModified":"2015-06-04T13:35:01+00:00","breadcrumb":{"@id":"https:\/\/www.cofb.org\/2015\/06\/04\/disponibles-els-videos-dinfarma-barcelona-2015\/#breadcrumb"},"inLanguage":"es","potentialAction":[{"@type":"ReadAction","target":["https:\/\/www.cofb.org\/2015\/06\/04\/disponibles-els-videos-dinfarma-barcelona-2015\/"]}]},{"@type":"ImageObject","inLanguage":"es","@id":"https:\/\/www.cofb.org\/2015\/06\/04\/disponibles-els-videos-dinfarma-barcelona-2015\/#primaryimage","url":"","contentUrl":""},{"@type":"BreadcrumbList","@id":"https:\/\/www.cofb.org\/2015\/06\/04\/disponibles-els-videos-dinfarma-barcelona-2015\/#breadcrumb","itemListElement":[{"@type":"ListItem","position":1,"name":"Inici","item":"https:\/\/novaorg.cofb.net\/"},{"@type":"ListItem","position":2,"name":"Disponibles els v\u00eddeos d\u2019Infarma Barcelona 2015"}]},{"@type":"WebSite","@id":"https:\/\/www.cofb.org\/#website","url":"https:\/\/www.cofb.org\/","name":"Col\u00b7legi de Farmac\u00e8utics de Barcelona","description":"","publisher":{"@id":"https:\/\/www.cofb.org\/#organization"},"potentialAction":[{"@type":"SearchAction","target":{"@type":"EntryPoint","urlTemplate":"https:\/\/www.cofb.org\/?s={search_term_string}"},"query-input":"required name=search_term_string"}],"inLanguage":"es"},{"@type":"Organization","@id":"https:\/\/www.cofb.org\/#organization","name":"Col\u00b7legi de Farmac\u00e8utics de Barcelona","url":"https:\/\/www.cofb.org\/","logo":{"@type":"ImageObject","inLanguage":"es","@id":"https:\/\/www.cofb.org\/#\/schema\/logo\/image\/","url":"https:\/\/www.cofb.org\/wp-content\/uploads\/2023\/11\/cropped-Logotip-COFB.png","contentUrl":"https:\/\/www.cofb.org\/wp-content\/uploads\/2023\/11\/cropped-Logotip-COFB.png","width":500,"height":105,"caption":"Col\u00b7legi de Farmac\u00e8utics de Barcelona"},"image":{"@id":"https:\/\/www.cofb.org\/#\/schema\/logo\/image\/"},"sameAs":["https:\/\/www.facebook.com\/farmaceuticsbcn\/","https:\/\/twitter.com\/farmaceuticsbcn","https:\/\/www.instagram.com\/farmaceuticsbcn\/","https:\/\/www.linkedin.com\/company\/farmaceuticsbcn\/"]},{"@type":"Person","@id":"https:\/\/www.cofb.org\/#\/schema\/person\/22ed7eea88da74b0fa4d3154ad87ffcb","name":"wpAdminCofbOrg","image":{"@type":"ImageObject","inLanguage":"es","@id":"https:\/\/www.cofb.org\/#\/schema\/person\/image\/","url":"https:\/\/secure.gravatar.com\/avatar\/1721b20b3b8ca882c3b56ec6c978c594fff670e40c0718e9190eaeeb76aae7d8?s=96&d=mm&r=g","contentUrl":"https:\/\/secure.gravatar.com\/avatar\/1721b20b3b8ca882c3b56ec6c978c594fff670e40c0718e9190eaeeb76aae7d8?s=96&d=mm&r=g","caption":"wpAdminCofbOrg"},"sameAs":["http:\/\/192.168.64.122\/wordpress"],"url":"https:\/\/www.cofb.org\/es\/author\/wpadmincofborg\/"}]}},"uagb_featured_image_src":{"full":false,"thumbnail":false,"medium":false,"medium_large":false,"large":false,"1536x1536":false,"2048x2048":false,"trp-custom-language-flag":false},"uagb_author_info":{"display_name":"wpAdminCofbOrg","author_link":"https:\/\/www.cofb.org\/es\/author\/wpadmincofborg\/"},"uagb_comment_info":0,"uagb_excerpt":"Ja estan disponibles a la web d\u2019Infarma els v\u00eddeos de les confer\u00e8ncies que es van dur a terme al Congr\u00e9s, que va tenir lloc del 24 al 26 de mar\u00e7. Amb el lema \u201cOrientats a l\u2019acci\u00f3. Experi\u00e8ncies per millorar la farm\u00e0cia des del present\u201d, els tres dies de confer\u00e8ncies i [&hellip;]","_links":{"self":[{"href":"https:\/\/www.cofb.org\/es\/wp-json\/wp\/v2\/posts\/14193","targetHints":{"allow":["GET"]}}],"collection":[{"href":"https:\/\/www.cofb.org\/es\/wp-json\/wp\/v2\/posts"}],"about":[{"href":"https:\/\/www.cofb.org\/es\/wp-json\/wp\/v2\/types\/post"}],"author":[{"embeddable":true,"href":"https:\/\/www.cofb.org\/es\/wp-json\/wp\/v2\/users\/1"}],"replies":[{"embeddable":true,"href":"https:\/\/www.cofb.org\/es\/wp-json\/wp\/v2\/comments?post=14193"}],"version-history":[{"count":0,"href":"https:\/\/www.cofb.org\/es\/wp-json\/wp\/v2\/posts\/14193\/revisions"}],"wp:featuredmedia":[{"embeddable":true,"href":"https:\/\/www.cofb.org\/es\/wp-json\/"}],"wp:attachment":[{"href":"https:\/\/www.cofb.org\/es\/wp-json\/wp\/v2\/media?parent=14193"}],"wp:term":[{"taxonomy":"category","embeddable":true,"href":"https:\/\/www.cofb.org\/es\/wp-json\/wp\/v2\/categories?post=14193"},{"taxonomy":"post_tag","embeddable":true,"href":"https:\/\/www.cofb.org\/es\/wp-json\/wp\/v2\/tags?post=14193"}],"curies":[{"name":"wp","href":"https:\/\/api.w.org\/{rel}","templated":true}]}}