{"id":13432,"date":"2015-05-04T13:57:20","date_gmt":"2015-05-04T12:57:20","guid":{"rendered":"http:\/\/blog.cofb.cat\/?p=13432"},"modified":"2015-05-04T13:57:20","modified_gmt":"2015-05-04T12:57:20","slug":"planificant-un-gran-viatge-taller-de-finances-personals","status":"publish","type":"post","link":"https:\/\/www.cofb.org\/es\/2015\/05\/04\/planificant-un-gran-viatge-taller-de-finances-personals\/","title":{"rendered":"Planificando un gran viaje: taller de finanzas personales"},"content":{"rendered":"<p>Durante el mes de marzo y como iniciativa del<a href=\"http:\/\/www.efpa.es\/\" target=\"_blank\" rel=\"noopener\">EFPA<\/a>\u00a0(European Finacial Planning Association) en Espa\u00f1a, tuvieron lugar en el Colegio unos talleres bajo el t\u00edtulo \u201cIntroducci\u00f3n a las finanzas personales. Planificando un gran viaje\u201d. A lo largo de tres d\u00edas, se dio respuesta a estas y otras preguntas que muchos farmac\u00e9uticos se plantean: \u00bfqu\u00e9 porcentaje de gastos no tengo controlado? \u00bfS\u00e9 qui\u00e9n es mi patrimonio neto? \u00bfActivos\/Deudas? \u00bfQu\u00e9 parte de ingresos deber\u00eda ahorrar? \u00bfCu\u00e1les son los enemigos de mi jubilaci\u00f3n..?<\/p>\n<p>Los talleres fueron impartidos de forma voluntaria por asesores financieros miembros de la EFPA -asociaci\u00f3n de asesores y planificadores financieros patrimoniales que quiere ayudar a mejorar las capacidades financieras de la sociedad con formaci\u00f3n y proyectos de educaci\u00f3n financiera-, con el objetivo de<b>incrementar la cultura financiera del colectivo farmac\u00e9utico<\/b>. El profesorado ayud\u00f3 a los asistentes a saber planificar sus finanzas personales teniendo en cuenta todas las posibles variables vitales y financieras. Tambi\u00e9n les dieron a conocer las herramientas que pueden ayudar a aumentar su capacidad financiera personal.<\/p>\n<figure id=\"attachment_13441\" aria-describedby=\"caption-attachment-13441\" style=\"width: 306px\" class=\"wp-caption alignleft\"><a href=\"http:\/\/blog.cofb.cat\/wp-content\/uploads\/2015\/04\/taller-finances-personals-3.jpg\"><img fetchpriority=\"high\" decoding=\"async\" class=\"wp-image-13441\" alt=\"taller-finances-personals (3)\" src=\"http:\/\/blog.cofb.cat\/wp-content\/uploads\/2015\/04\/taller-finances-personals-3.jpg\" width=\"306\" height=\"205\" \/><\/a><figcaption id=\"caption-attachment-13441\" class=\"wp-caption-text\">El tesorero del COFB, Joan Calduch, en el centro de la imagen, con los asesores de la EFPA<\/figcaption><\/figure>\n<div class=\"box shadow\">\u201cAceptar que la rentabilidad y el riesgo van de la mano, que el horizonte temporal es una variable relevante, que es necesario definir una situaci\u00f3n deseada en un horizonte temporal concreto y que para acercarnos hay que planificar las etapas y que hay que tener y comunicar a las personas m\u00e1s cercanas un registro de todo lo que llevamos en la &#039;mochila&#039; financieras, son algunos de los conceptos. la educaci\u00f3n reglada ni de la universitaria en el caso de los farmac\u00e9uticos. Estos talleres han sido una primera aproximaci\u00f3n a estos conceptos ya las finanzas personales. Creo que el tiempo empleado por los asistentes no ha sido en vano y que les ha transmitido conocimientos financieros \u00fatiles\u201d <b>Joan Calduch, tesorero del Colegio<\/b>. &quot;En estos talleres se dot\u00f3 a los asistentes de nociones y criterios financieros b\u00e1sicos para gestionar las finanzas personales de forma efectiva. Conceptos como fondos de emergencia, volatilidad, PIAS, tipos de riesgos financieros\u2026 ya forman parte del bagaje de los asistentes&quot;.<\/div>\n<p>Las sesiones empezaron por determinar los objetivos y el punto de partida de los alumnos, profundizando en su visi\u00f3n vital y financiera, para pasar a estructurar \u201cel gran viaje\u201d, la planificaci\u00f3n financiera personal.<a href=\"http:\/\/blog.cofb.cat\/wp-content\/uploads\/2015\/04\/taller-finances-personals-2.jpg\"><img decoding=\"async\" class=\"wp-image-13440 alignright\" alt=\"taller-finances-personals (2)\" src=\"http:\/\/blog.cofb.cat\/wp-content\/uploads\/2015\/04\/taller-finances-personals-2.jpg\" width=\"333\" height=\"195\" \/><\/a><\/p>\n<ol start=\"1\">\n<li>En la primera etapa se respondi\u00f3 a la pregunta &quot;\u00bfD\u00f3nde estoy?&quot; haciendo balance familiar, conociendo el presupuesto y el control de gastos.<\/li>\n<li>En la segunda etapa, para determinar los preparativos antes del viaje, los alumnos supieron c\u00f3mo conseguir seguridad econ\u00f3mica para su familia, c\u00f3mo constituir el fondo de emergencia y adquirieron conocimientos financieros b\u00e1sicos.<\/li>\n<li>Ya en la tercera etapa se respondi\u00f3 a otra pregunta: &quot;\u00bfcu\u00e1nto me costar\u00e1?, por ejemplo: la jubilaci\u00f3n&quot;. En esta sesi\u00f3n se habl\u00f3 del endeudamiento, de si es mejor comprar o alquilar \u2013conociendo la visi\u00f3n vital y la financiera-, para acabar de adquirir conceptos para decidir si con el dinero es mejor invertir en una renta fija o renta variable .<\/li>\n<li>Finalmente, en la cuarta etapa de este \u201cviaje\u201d, se propon\u00eda \u201c\u00bfqu\u00e9 medio de transporte voy a utilizar?\u201d: en esta parte del taller, se plante\u00f3 a los alumnos la posibilidad de tratar con un asesor sobre cu\u00e1les son las preguntas que m\u00e1s interesan en funci\u00f3n de su situaci\u00f3n y necesidades, previamente analizadas.<\/li>\n<\/ol>\n<p>&quot;La elevada asistencia a los talleres as\u00ed como la puntuaci\u00f3n de 8 como valoraci\u00f3n global del curso nos hacen concluir que fue un acierto aceptar la propuesta de la EFPA y que las finanzas personales son motivo de inter\u00e9s de nuestro colectivo&quot; concluye Calduch.<\/p>\n<p align=\"right\"><b>Con la colaboraci\u00f3n de:<\/b><\/p>\n<p>&nbsp;<\/p>\n<p align=\"right\"><img decoding=\"async\" class=\"size-full wp-image-13437 alignright\" alt=\"efpa\" src=\"http:\/\/blog.cofb.cat\/wp-content\/uploads\/2015\/04\/efpa.jpg\" width=\"240\" height=\"109\" \/><\/p>\n<p>&nbsp;<\/p>\n<p>&nbsp;<\/p>\n<p>&nbsp;<\/p>","protected":false},"excerpt":{"rendered":"<p>Durante el mes de marzo y como iniciativa de la EFPA (European Finacial Planning Association) en Espa\u00f1a, tuvieron lugar en el Colegio unos talleres bajo el t\u00edtulo \u201cIntroducci\u00f3n a las finanzas personales. Planificando un gran viaje\u201d. A lo largo de tres d\u00edas, se dio respuesta a estas y otras preguntas que [\u2026]<\/p>","protected":false},"author":1,"featured_media":13439,"comment_status":"open","ping_status":"open","sticky":false,"template":"","format":"standard","meta":{"_uag_custom_page_level_css":"","site-sidebar-layout":"default","site-content-layout":"","ast-site-content-layout":"default","site-content-style":"default","site-sidebar-style":"default","ast-global-header-display":"","ast-banner-title-visibility":"","ast-main-header-display":"","ast-hfb-above-header-display":"","ast-hfb-below-header-display":"","ast-hfb-mobile-header-display":"","site-post-title":"","ast-breadcrumbs-content":"","ast-featured-img":"disabled","footer-sml-layout":"","theme-transparent-header-meta":"","adv-header-id-meta":"","stick-header-meta":"","header-above-stick-meta":"","header-main-stick-meta":"","header-below-stick-meta":"","astra-migrate-meta-layouts":"default","ast-page-background-enabled":"default","ast-page-background-meta":{"desktop":{"background-color":"var(--ast-global-color-4)","background-image":"","background-repeat":"repeat","background-position":"center center","background-size":"auto","background-attachment":"scroll","background-type":"","background-media":"","overlay-type":"","overlay-color":"","overlay-opacity":"","overlay-gradient":""},"tablet":{"background-color":"","background-image":"","background-repeat":"repeat","background-position":"center center","background-size":"auto","background-attachment":"scroll","background-type":"","background-media":"","overlay-type":"","overlay-color":"","overlay-opacity":"","overlay-gradient":""},"mobile":{"background-color":"","background-image":"","background-repeat":"repeat","background-position":"center center","background-size":"auto","background-attachment":"scroll","background-type":"","background-media":"","overlay-type":"","overlay-color":"","overlay-opacity":"","overlay-gradient":""}},"ast-content-background-meta":{"desktop":{"background-color":"var(--ast-global-color-5)","background-image":"","background-repeat":"repeat","background-position":"center center","background-size":"auto","background-attachment":"scroll","background-type":"","background-media":"","overlay-type":"","overlay-color":"","overlay-opacity":"","overlay-gradient":""},"tablet":{"background-color":"var(--ast-global-color-5)","background-image":"","background-repeat":"repeat","background-position":"center center","background-size":"auto","background-attachment":"scroll","background-type":"","background-media":"","overlay-type":"","overlay-color":"","overlay-opacity":"","overlay-gradient":""},"mobile":{"background-color":"var(--ast-global-color-5)","background-image":"","background-repeat":"repeat","background-position":"center center","background-size":"auto","background-attachment":"scroll","background-type":"","background-media":"","overlay-type":"","overlay-color":"","overlay-opacity":"","overlay-gradient":""}},"footnotes":""},"categories":[57],"tags":[2202,70,76,1029],"class_list":["post-13432","post","type-post","status-publish","format-standard","has-post-thumbnail","hentry","category-mon-collegial","tag-finances-personals","tag-formacio","tag-oficina-de-farmacia","tag-tresoreria"],"yoast_head":"<!-- This site is optimized with the Yoast SEO plugin v22.4 - https:\/\/yoast.com\/wordpress\/plugins\/seo\/ -->\n<title>Planificant un gran viatge: taller de finances personals - Col\u00b7legi de Farmac\u00e8utics de Barcelona<\/title>\n<meta name=\"robots\" content=\"index, follow, max-snippet:-1, max-image-preview:large, max-video-preview:-1\" \/>\n<link rel=\"canonical\" href=\"https:\/\/novaorg.cofb.net\/2015\/05\/04\/planificant-un-gran-viatge-taller-de-finances-personals\/\" \/>\n<meta property=\"og:locale\" content=\"es_ES\" \/>\n<meta property=\"og:type\" content=\"article\" \/>\n<meta property=\"og:title\" content=\"Planificant un gran viatge: taller de finances personals - Col\u00b7legi de Farmac\u00e8utics de Barcelona\" \/>\n<meta property=\"og:description\" content=\"Durant el mes de mar\u00e7 i com a iniciativa de l\u2019EFPA\u00a0(European Finacial Planning Association) a Espanya, van tenir lloc al Col\u00b7legi uns tallers sota el t\u00edtol \u201cIntroducci\u00f3 a les finances personals. Planificant un gran viatge\u201d. Al llarg de tres dies, es va donar resposta a aquestes i d\u2019altres preguntes que [&hellip;]\" \/>\n<meta property=\"og:url\" content=\"https:\/\/novaorg.cofb.net\/2015\/05\/04\/planificant-un-gran-viatge-taller-de-finances-personals\/\" \/>\n<meta property=\"og:site_name\" content=\"Col\u00b7legi de Farmac\u00e8utics de Barcelona\" \/>\n<meta property=\"article:publisher\" content=\"https:\/\/www.facebook.com\/farmaceuticsbcn\/\" \/>\n<meta property=\"article:published_time\" content=\"2015-05-04T12:57:20+00:00\" \/>\n<meta name=\"author\" content=\"wpAdminCofbOrg\" \/>\n<meta name=\"twitter:card\" content=\"summary_large_image\" \/>\n<meta name=\"twitter:creator\" content=\"@farmaceuticsbcn\" \/>\n<meta name=\"twitter:site\" content=\"@farmaceuticsbcn\" \/>\n<meta name=\"twitter:label1\" content=\"Escrito por\" \/>\n\t<meta name=\"twitter:data1\" content=\"wpAdminCofbOrg\" \/>\n\t<meta name=\"twitter:label2\" content=\"Tiempo de lectura\" \/>\n\t<meta name=\"twitter:data2\" content=\"3 minutos\" \/>\n<script type=\"application\/ld+json\" class=\"yoast-schema-graph\">{\"@context\":\"https:\/\/schema.org\",\"@graph\":[{\"@type\":\"Article\",\"@id\":\"https:\/\/novaorg.cofb.net\/2015\/05\/04\/planificant-un-gran-viatge-taller-de-finances-personals\/#article\",\"isPartOf\":{\"@id\":\"https:\/\/novaorg.cofb.net\/2015\/05\/04\/planificant-un-gran-viatge-taller-de-finances-personals\/\"},\"author\":{\"name\":\"wpAdminCofbOrg\",\"@id\":\"https:\/\/www.cofb.org\/#\/schema\/person\/22ed7eea88da74b0fa4d3154ad87ffcb\"},\"headline\":\"Planificant un gran viatge: taller de finances personals\",\"datePublished\":\"2015-05-04T12:57:20+00:00\",\"dateModified\":\"2015-05-04T12:57:20+00:00\",\"mainEntityOfPage\":{\"@id\":\"https:\/\/novaorg.cofb.net\/2015\/05\/04\/planificant-un-gran-viatge-taller-de-finances-personals\/\"},\"wordCount\":673,\"commentCount\":0,\"publisher\":{\"@id\":\"https:\/\/www.cofb.org\/#organization\"},\"image\":{\"@id\":\"https:\/\/novaorg.cofb.net\/2015\/05\/04\/planificant-un-gran-viatge-taller-de-finances-personals\/#primaryimage\"},\"thumbnailUrl\":\"\",\"keywords\":[\"finances personals\",\"Formaci\u00f3\",\"Oficina de farm\u00e0cia\",\"tresoreria\"],\"articleSection\":[\"M\u00f3n col\u00b7legial\"],\"inLanguage\":\"es\",\"potentialAction\":[{\"@type\":\"CommentAction\",\"name\":\"Comment\",\"target\":[\"https:\/\/novaorg.cofb.net\/2015\/05\/04\/planificant-un-gran-viatge-taller-de-finances-personals\/#respond\"]}]},{\"@type\":\"WebPage\",\"@id\":\"https:\/\/novaorg.cofb.net\/2015\/05\/04\/planificant-un-gran-viatge-taller-de-finances-personals\/\",\"url\":\"https:\/\/novaorg.cofb.net\/2015\/05\/04\/planificant-un-gran-viatge-taller-de-finances-personals\/\",\"name\":\"Planificant un gran viatge: taller de finances personals - Col\u00b7legi de Farmac\u00e8utics de Barcelona\",\"isPartOf\":{\"@id\":\"https:\/\/www.cofb.org\/#website\"},\"primaryImageOfPage\":{\"@id\":\"https:\/\/novaorg.cofb.net\/2015\/05\/04\/planificant-un-gran-viatge-taller-de-finances-personals\/#primaryimage\"},\"image\":{\"@id\":\"https:\/\/novaorg.cofb.net\/2015\/05\/04\/planificant-un-gran-viatge-taller-de-finances-personals\/#primaryimage\"},\"thumbnailUrl\":\"\",\"datePublished\":\"2015-05-04T12:57:20+00:00\",\"dateModified\":\"2015-05-04T12:57:20+00:00\",\"breadcrumb\":{\"@id\":\"https:\/\/novaorg.cofb.net\/2015\/05\/04\/planificant-un-gran-viatge-taller-de-finances-personals\/#breadcrumb\"},\"inLanguage\":\"es\",\"potentialAction\":[{\"@type\":\"ReadAction\",\"target\":[\"https:\/\/novaorg.cofb.net\/2015\/05\/04\/planificant-un-gran-viatge-taller-de-finances-personals\/\"]}]},{\"@type\":\"ImageObject\",\"inLanguage\":\"es\",\"@id\":\"https:\/\/novaorg.cofb.net\/2015\/05\/04\/planificant-un-gran-viatge-taller-de-finances-personals\/#primaryimage\",\"url\":\"\",\"contentUrl\":\"\"},{\"@type\":\"BreadcrumbList\",\"@id\":\"https:\/\/novaorg.cofb.net\/2015\/05\/04\/planificant-un-gran-viatge-taller-de-finances-personals\/#breadcrumb\",\"itemListElement\":[{\"@type\":\"ListItem\",\"position\":1,\"name\":\"Inici\",\"item\":\"https:\/\/novaorg.cofb.net\/\"},{\"@type\":\"ListItem\",\"position\":2,\"name\":\"Planificant un gran viatge: taller de finances personals\"}]},{\"@type\":\"WebSite\",\"@id\":\"https:\/\/www.cofb.org\/#website\",\"url\":\"https:\/\/www.cofb.org\/\",\"name\":\"Col\u00b7legi de Farmac\u00e8utics de Barcelona\",\"description\":\"\",\"publisher\":{\"@id\":\"https:\/\/www.cofb.org\/#organization\"},\"potentialAction\":[{\"@type\":\"SearchAction\",\"target\":{\"@type\":\"EntryPoint\",\"urlTemplate\":\"https:\/\/www.cofb.org\/?s={search_term_string}\"},\"query-input\":\"required name=search_term_string\"}],\"inLanguage\":\"es\"},{\"@type\":\"Organization\",\"@id\":\"https:\/\/www.cofb.org\/#organization\",\"name\":\"Col\u00b7legi de Farmac\u00e8utics de Barcelona\",\"url\":\"https:\/\/www.cofb.org\/\",\"logo\":{\"@type\":\"ImageObject\",\"inLanguage\":\"es\",\"@id\":\"https:\/\/www.cofb.org\/#\/schema\/logo\/image\/\",\"url\":\"https:\/\/www.cofb.org\/wp-content\/uploads\/2023\/11\/cropped-Logotip-COFB.png\",\"contentUrl\":\"https:\/\/www.cofb.org\/wp-content\/uploads\/2023\/11\/cropped-Logotip-COFB.png\",\"width\":500,\"height\":105,\"caption\":\"Col\u00b7legi de Farmac\u00e8utics de Barcelona\"},\"image\":{\"@id\":\"https:\/\/www.cofb.org\/#\/schema\/logo\/image\/\"},\"sameAs\":[\"https:\/\/www.facebook.com\/farmaceuticsbcn\/\",\"https:\/\/twitter.com\/farmaceuticsbcn\",\"https:\/\/www.instagram.com\/farmaceuticsbcn\/\",\"https:\/\/www.linkedin.com\/company\/farmaceuticsbcn\/\"]},{\"@type\":\"Person\",\"@id\":\"https:\/\/www.cofb.org\/#\/schema\/person\/22ed7eea88da74b0fa4d3154ad87ffcb\",\"name\":\"wpAdminCofbOrg\",\"image\":{\"@type\":\"ImageObject\",\"inLanguage\":\"es\",\"@id\":\"https:\/\/www.cofb.org\/#\/schema\/person\/image\/\",\"url\":\"https:\/\/secure.gravatar.com\/avatar\/1721b20b3b8ca882c3b56ec6c978c594fff670e40c0718e9190eaeeb76aae7d8?s=96&d=mm&r=g\",\"contentUrl\":\"https:\/\/secure.gravatar.com\/avatar\/1721b20b3b8ca882c3b56ec6c978c594fff670e40c0718e9190eaeeb76aae7d8?s=96&d=mm&r=g\",\"caption\":\"wpAdminCofbOrg\"},\"sameAs\":[\"http:\/\/192.168.64.122\/wordpress\"],\"url\":\"https:\/\/www.cofb.org\/es\/author\/wpadmincofborg\/\"}]}<\/script>\n<!-- \/ Yoast SEO plugin. -->","yoast_head_json":{"title":"Planificant un gran viatge: taller de finances personals - Col\u00b7legi de Farmac\u00e8utics de Barcelona","robots":{"index":"index","follow":"follow","max-snippet":"max-snippet:-1","max-image-preview":"max-image-preview:large","max-video-preview":"max-video-preview:-1"},"canonical":"https:\/\/novaorg.cofb.net\/2015\/05\/04\/planificant-un-gran-viatge-taller-de-finances-personals\/","og_locale":"es_ES","og_type":"article","og_title":"Planificant un gran viatge: taller de finances personals - Col\u00b7legi de Farmac\u00e8utics de Barcelona","og_description":"Durant el mes de mar\u00e7 i com a iniciativa de l\u2019EFPA\u00a0(European Finacial Planning Association) a Espanya, van tenir lloc al Col\u00b7legi uns tallers sota el t\u00edtol \u201cIntroducci\u00f3 a les finances personals. Planificant un gran viatge\u201d. Al llarg de tres dies, es va donar resposta a aquestes i d\u2019altres preguntes que [&hellip;]","og_url":"https:\/\/novaorg.cofb.net\/2015\/05\/04\/planificant-un-gran-viatge-taller-de-finances-personals\/","og_site_name":"Col\u00b7legi de Farmac\u00e8utics de Barcelona","article_publisher":"https:\/\/www.facebook.com\/farmaceuticsbcn\/","article_published_time":"2015-05-04T12:57:20+00:00","author":"wpAdminCofbOrg","twitter_card":"summary_large_image","twitter_creator":"@farmaceuticsbcn","twitter_site":"@farmaceuticsbcn","twitter_misc":{"Escrito por":"wpAdminCofbOrg","Tiempo de lectura":"3 minutos"},"schema":{"@context":"https:\/\/schema.org","@graph":[{"@type":"Article","@id":"https:\/\/novaorg.cofb.net\/2015\/05\/04\/planificant-un-gran-viatge-taller-de-finances-personals\/#article","isPartOf":{"@id":"https:\/\/novaorg.cofb.net\/2015\/05\/04\/planificant-un-gran-viatge-taller-de-finances-personals\/"},"author":{"name":"wpAdminCofbOrg","@id":"https:\/\/www.cofb.org\/#\/schema\/person\/22ed7eea88da74b0fa4d3154ad87ffcb"},"headline":"Planificant un gran viatge: taller de finances personals","datePublished":"2015-05-04T12:57:20+00:00","dateModified":"2015-05-04T12:57:20+00:00","mainEntityOfPage":{"@id":"https:\/\/novaorg.cofb.net\/2015\/05\/04\/planificant-un-gran-viatge-taller-de-finances-personals\/"},"wordCount":673,"commentCount":0,"publisher":{"@id":"https:\/\/www.cofb.org\/#organization"},"image":{"@id":"https:\/\/novaorg.cofb.net\/2015\/05\/04\/planificant-un-gran-viatge-taller-de-finances-personals\/#primaryimage"},"thumbnailUrl":"","keywords":["finances personals","Formaci\u00f3","Oficina de farm\u00e0cia","tresoreria"],"articleSection":["M\u00f3n col\u00b7legial"],"inLanguage":"es","potentialAction":[{"@type":"CommentAction","name":"Comment","target":["https:\/\/novaorg.cofb.net\/2015\/05\/04\/planificant-un-gran-viatge-taller-de-finances-personals\/#respond"]}]},{"@type":"WebPage","@id":"https:\/\/novaorg.cofb.net\/2015\/05\/04\/planificant-un-gran-viatge-taller-de-finances-personals\/","url":"https:\/\/novaorg.cofb.net\/2015\/05\/04\/planificant-un-gran-viatge-taller-de-finances-personals\/","name":"Planificant un gran viatge: taller de finances personals - Col\u00b7legi de Farmac\u00e8utics de Barcelona","isPartOf":{"@id":"https:\/\/www.cofb.org\/#website"},"primaryImageOfPage":{"@id":"https:\/\/novaorg.cofb.net\/2015\/05\/04\/planificant-un-gran-viatge-taller-de-finances-personals\/#primaryimage"},"image":{"@id":"https:\/\/novaorg.cofb.net\/2015\/05\/04\/planificant-un-gran-viatge-taller-de-finances-personals\/#primaryimage"},"thumbnailUrl":"","datePublished":"2015-05-04T12:57:20+00:00","dateModified":"2015-05-04T12:57:20+00:00","breadcrumb":{"@id":"https:\/\/novaorg.cofb.net\/2015\/05\/04\/planificant-un-gran-viatge-taller-de-finances-personals\/#breadcrumb"},"inLanguage":"es","potentialAction":[{"@type":"ReadAction","target":["https:\/\/novaorg.cofb.net\/2015\/05\/04\/planificant-un-gran-viatge-taller-de-finances-personals\/"]}]},{"@type":"ImageObject","inLanguage":"es","@id":"https:\/\/novaorg.cofb.net\/2015\/05\/04\/planificant-un-gran-viatge-taller-de-finances-personals\/#primaryimage","url":"","contentUrl":""},{"@type":"BreadcrumbList","@id":"https:\/\/novaorg.cofb.net\/2015\/05\/04\/planificant-un-gran-viatge-taller-de-finances-personals\/#breadcrumb","itemListElement":[{"@type":"ListItem","position":1,"name":"Inici","item":"https:\/\/novaorg.cofb.net\/"},{"@type":"ListItem","position":2,"name":"Planificant un gran viatge: taller de finances personals"}]},{"@type":"WebSite","@id":"https:\/\/www.cofb.org\/#website","url":"https:\/\/www.cofb.org\/","name":"Col\u00b7legi de Farmac\u00e8utics de Barcelona","description":"","publisher":{"@id":"https:\/\/www.cofb.org\/#organization"},"potentialAction":[{"@type":"SearchAction","target":{"@type":"EntryPoint","urlTemplate":"https:\/\/www.cofb.org\/?s={search_term_string}"},"query-input":"required name=search_term_string"}],"inLanguage":"es"},{"@type":"Organization","@id":"https:\/\/www.cofb.org\/#organization","name":"Col\u00b7legi de Farmac\u00e8utics de Barcelona","url":"https:\/\/www.cofb.org\/","logo":{"@type":"ImageObject","inLanguage":"es","@id":"https:\/\/www.cofb.org\/#\/schema\/logo\/image\/","url":"https:\/\/www.cofb.org\/wp-content\/uploads\/2023\/11\/cropped-Logotip-COFB.png","contentUrl":"https:\/\/www.cofb.org\/wp-content\/uploads\/2023\/11\/cropped-Logotip-COFB.png","width":500,"height":105,"caption":"Col\u00b7legi de Farmac\u00e8utics de Barcelona"},"image":{"@id":"https:\/\/www.cofb.org\/#\/schema\/logo\/image\/"},"sameAs":["https:\/\/www.facebook.com\/farmaceuticsbcn\/","https:\/\/twitter.com\/farmaceuticsbcn","https:\/\/www.instagram.com\/farmaceuticsbcn\/","https:\/\/www.linkedin.com\/company\/farmaceuticsbcn\/"]},{"@type":"Person","@id":"https:\/\/www.cofb.org\/#\/schema\/person\/22ed7eea88da74b0fa4d3154ad87ffcb","name":"wpAdminCofbOrg","image":{"@type":"ImageObject","inLanguage":"es","@id":"https:\/\/www.cofb.org\/#\/schema\/person\/image\/","url":"https:\/\/secure.gravatar.com\/avatar\/1721b20b3b8ca882c3b56ec6c978c594fff670e40c0718e9190eaeeb76aae7d8?s=96&d=mm&r=g","contentUrl":"https:\/\/secure.gravatar.com\/avatar\/1721b20b3b8ca882c3b56ec6c978c594fff670e40c0718e9190eaeeb76aae7d8?s=96&d=mm&r=g","caption":"wpAdminCofbOrg"},"sameAs":["http:\/\/192.168.64.122\/wordpress"],"url":"https:\/\/www.cofb.org\/es\/author\/wpadmincofborg\/"}]}},"uagb_featured_image_src":{"full":false,"thumbnail":false,"medium":false,"medium_large":false,"large":false,"1536x1536":false,"2048x2048":false,"trp-custom-language-flag":false},"uagb_author_info":{"display_name":"wpAdminCofbOrg","author_link":"https:\/\/www.cofb.org\/es\/author\/wpadmincofborg\/"},"uagb_comment_info":0,"uagb_excerpt":"Durant el mes de mar\u00e7 i com a iniciativa de l\u2019EFPA\u00a0(European Finacial Planning Association) a Espanya, van tenir lloc al Col\u00b7legi uns tallers sota el t\u00edtol \u201cIntroducci\u00f3 a les finances personals. Planificant un gran viatge\u201d. Al llarg de tres dies, es va donar resposta a aquestes i d\u2019altres preguntes que [&hellip;]","_links":{"self":[{"href":"https:\/\/www.cofb.org\/es\/wp-json\/wp\/v2\/posts\/13432","targetHints":{"allow":["GET"]}}],"collection":[{"href":"https:\/\/www.cofb.org\/es\/wp-json\/wp\/v2\/posts"}],"about":[{"href":"https:\/\/www.cofb.org\/es\/wp-json\/wp\/v2\/types\/post"}],"author":[{"embeddable":true,"href":"https:\/\/www.cofb.org\/es\/wp-json\/wp\/v2\/users\/1"}],"replies":[{"embeddable":true,"href":"https:\/\/www.cofb.org\/es\/wp-json\/wp\/v2\/comments?post=13432"}],"version-history":[{"count":0,"href":"https:\/\/www.cofb.org\/es\/wp-json\/wp\/v2\/posts\/13432\/revisions"}],"wp:featuredmedia":[{"embeddable":true,"href":"https:\/\/www.cofb.org\/es\/wp-json\/"}],"wp:attachment":[{"href":"https:\/\/www.cofb.org\/es\/wp-json\/wp\/v2\/media?parent=13432"}],"wp:term":[{"taxonomy":"category","embeddable":true,"href":"https:\/\/www.cofb.org\/es\/wp-json\/wp\/v2\/categories?post=13432"},{"taxonomy":"post_tag","embeddable":true,"href":"https:\/\/www.cofb.org\/es\/wp-json\/wp\/v2\/tags?post=13432"}],"curies":[{"name":"wp","href":"https:\/\/api.w.org\/{rel}","templated":true}]}}