{"id":12252,"date":"2015-03-04T17:09:56","date_gmt":"2015-03-04T16:09:56","guid":{"rendered":"http:\/\/blog.cofb.cat\/?p=12252"},"modified":"2015-03-04T17:09:56","modified_gmt":"2015-03-04T16:09:56","slug":"tractament-del-vih-quina-es-la-situacio-de-la-vacuna","status":"publish","type":"post","link":"https:\/\/www.cofb.org\/es\/2015\/03\/04\/tractament-del-vih-quina-es-la-situacio-de-la-vacuna\/","title":{"rendered":"Tratamiento del VIH: \u00bfcu\u00e1l es la situaci\u00f3n de la vacuna?"},"content":{"rendered":"<figure id=\"attachment_12257\" aria-describedby=\"caption-attachment-12257\" style=\"width: 182px\" class=\"wp-caption alignleft\"><a href=\"http:\/\/commons.wikimedia.org\/wiki\/File:Human_Immunodeficency_Virus_-_stylized_rendering.jpg\" target=\"_blank\" rel=\"noopener\"><img decoding=\"async\" class=\"wp-image-12257\" alt=\"Human_Immunodeficency_Virus_-_stylized_rendering\" src=\"http:\/\/blog.cofb.cat\/wp-content\/uploads\/2015\/03\/Human_Immunodeficency_Virus_-_stylized_rendering.jpg\" width=\"182\" height=\"177\" \/><\/a><figcaption id=\"caption-attachment-12257\" class=\"wp-caption-text\">Diagrama de una secci\u00f3n del virus de la inmunodeficiencia humana (simulaci\u00f3n gr\u00e1fica). Fuente: Los Alamos National Laboratory \u2013 Wikimedia Commons<\/figcaption><\/figure>\n<p>La infecci\u00f3n del <strong>Virus de la inmunodeficiencia humana (VIH)<\/strong> y la gran incidencia que ha tenido en la poblaci\u00f3n mundial ha propiciado un cambio cuantitativo y cualitativo en la investigaci\u00f3n. Los avances de los \u00faltimos a\u00f1os han permitido ampliar el conocimiento sobre el virus, definir las pautas de tratamiento antirretroviral, fijar las bases para el desarrollo de vacunas, incorporar nuevas estrategias de erradicaci\u00f3n y hacer de la retrovirolog\u00eda humana una de las \u00e1reas m\u00e1s din\u00e1micas de la biomedicina. La investigaci\u00f3n biom\u00e9dica de medicamentos incorpora nuevos f\u00e1rmacos en los sistemas sanitarios y, en ocasiones, cuando estos f\u00e1rmacos empiezan a comercializarse, la evidencia de la efectividad y la seguridad es todav\u00eda parcial o insuficiente, especialmente en lo que se refiere a datos comparativos con otras alternativas terap\u00e9uticas.<\/p>\n<p>Para profundizar en el conocimiento de las nuevas estrategias en el tratamiento antirretroviral (TAR), evidenciar el coste-eficacia del TAR y exponer la situaci\u00f3n actual de la vacuna por el VIH, el Colegio organiz\u00f3 el 5 de febrero, conjuntamente con la\u00a0<span style=\"text-decoration: underline;\"><a href=\"http:\/\/www.scfarmclin.org\/\" target=\"_blank\" rel=\"noopener\">Sociedad Catalana de Farmacia Cl\u00ednica<\/a><\/span>\u00a0(SCFC), la conferencia \u201cActualizaci\u00f3n en el tratamiento del VIH. Situaci\u00f3n de la vacuna\u201d a la que asistieron farmac\u00e9uticos de hospitales, centros de atenci\u00f3n primaria y administraci\u00f3n sanitaria.<\/p>\n<p><b>Tom\u00e1s Casas\u00edn<\/b> (vocal de Hospitales del COFB) coordinador del acto -junto con Julio Mart\u00ednez de SCFC- destaca algunos de los puntos m\u00e1s interesantes tratados en la conferencia:<\/p>\n<p>En la primera ponencia, <em>Actualizaci\u00f3n en el tratamiento del VIH. Nuevas estrategias de tratamiento<b>,<\/b><\/em> <strong>Esteve Ribera<\/strong>, jefe cl\u00ednico de la Unidad VIH, Hospital Universitario Vall d&#039;Hebron de Barcelona, habl\u00f3 de las terapias libres de an\u00e1logos recogidas en las gu\u00edas de tratamiento antirretroviral internacionales y se realiz\u00f3 una revisi\u00f3n de la evidencia cient\u00edfica, novedades publicadas de las terapias libres de an\u00e1logos comparadas con las terapias triples y monoterapia, profundizando en qu\u00e9 factores del paciente es necesario tener en cuenta a la hora de iniciar el tratamiento y cu\u00e1les son candidatos a las diferentes opciones terap\u00e9uticas, teniendo en cuenta la propia experiencia cl\u00ednica como a factor que puede predisponer.<\/p>\n<p style=\"text-align: center;\"><img fetchpriority=\"high\" decoding=\"async\" class=\"aligncenter\" alt=\"actualitzacioVIH (2)\" src=\"http:\/\/blog.cofb.cat\/wp-content\/uploads\/2015\/03\/actualitzacioVIH-2.jpg\" width=\"593\" height=\"272\" \/><\/p>\n<p><span style=\"color: #888888;\"><strong>Del tratamiento con nuevos inhibidores de la integrasa, tanto en paciente naif como en paciente no naif, Ribera destac\u00f3 su eficacia, mayor potencia, mejor perfil de seguridad y bajo grado de interacciones. Tambi\u00e9n se realiz\u00f3 una reflexi\u00f3n sobre la falta de estudios y experiencia cl\u00ednica a m\u00e1s largo plazo.<\/strong><\/span><\/p>\n<p>La segunda ponencia,\u00a0<em>El punto de vista del farmac\u00e9utico. Coste-eficacia<\/em>, corri\u00f3 a cargo de <strong>Joaqu\u00edn Mach\u00ed<\/strong>, farmac\u00e9utico <a href=\"http:\/\/blog.cofb.cat\/wp-content\/uploads\/2015\/03\/actualitzacioVIH-1.jpg\"><img decoding=\"async\" class=\"wp-image-12255 alignright\" alt=\"actualitzacioVIH (1)\" src=\"http:\/\/blog.cofb.cat\/wp-content\/uploads\/2015\/03\/actualitzacioVIH-1.jpg\" width=\"245\" height=\"163\" \/><\/a>especialista del Servicio de Farmacia del Hospital de Viladecans, y puso en evidencia que la utilizaci\u00f3n de las diferentes estrategias terap\u00e9uticas tiene una repercusi\u00f3n econ\u00f3mica muy importante en un entorno de recursos limitados como el sanitario. Se destac\u00f3 la falta de coherencia entre las nuevas gu\u00edas publicadas por el grupo de estudio de la SEIMC (Sociedad Espa\u00f1ola de Enfermedades Infecciosas y Microbiolog\u00eda Cl\u00ednica) <a href=\"http:\/\/www.gesida-seimc.org\/\" target=\"_blank\" rel=\"noopener\">GeSIDA<\/a> y la tarifa plana que ha instaurado CatSalut como sistema de pago por los tratamientos antirretrovirales, dejando entrever que este sistema de control del gasto puede ser inviable o muy dif\u00edcil de cumplir. Se analiz\u00f3 el coste-eficacia de los tratamientos existentes en las gu\u00edas GeSIDA 2015 y de las terapias libres de an\u00e1logos existentes, as\u00ed como de las biterapias y monoterapias.<\/p>\n<p><span style=\"color: #888888;\"><strong>Importancia de incorporar elementos de variables coste-eficacia o coste-efectividad a la hora de decidir entre diferentes estrategias terap\u00e9uticas en el tratamiento antirretroviral.<\/strong><\/span><\/p>\n<p>En la tercera ponencia, <em>Experiencia en simplificaci\u00f3n del tratamiento antirretroviral<\/em>, <strong>Joaqu\u00edn Serrano<\/strong>, farmac\u00e9utico del Servicio de Farmacia del Hospital Son Ll\u00e0tzer de Palma de Mallorca, realiz\u00f3 una descripci\u00f3n detallada de la experiencia en simplificaci\u00f3n en este hospital.<\/p>\n<p><span style=\"color: #888888;\"><strong>Buenos resultados con biterapias y sobre todo en monoterapias pese a la desconfianza, que va en aumento, a la hora de utilizar estas estrategias.<\/strong><\/span><\/p>\n<p>Para concluir el acto, <strong>Beatriz Mothe<\/strong>, de la Fundaci\u00f3n Irsicaixa del Hospital Germans Trias y Pujol de Badalona, habl\u00f3 de la <em>Situaci\u00f3n de la vacuna contra el VIH<\/em><b><em>.<\/em> <\/b>Expuso con mucho detalle la situaci\u00f3n actual de la vacuna para el VIH y las bases para el desarrollo de nuevas vacunas, destacando la dificultad de sintetizar una vacuna que resulte eficaz.<\/p>\n<p><span style=\"color: #888888;\"><strong>Importancia de la investigaci\u00f3n biom\u00e9dica en el campo de los diferentes tipos de vacunas preventivas o terap\u00e9uticas, y dificultad para encontrar un indicador adecuado para monitorizar su eficacia, dejando bien claro que todav\u00eda queda mucho camino por recorrer en el hallazgo de una vacuna adecuada.<\/strong><\/span><\/p>\n<p><b><a href=\"http:\/\/www.portalfarma.com\/Profesionales\/Notas-de-prensa\/Paginas\/Comunicado-Organizacion-Farmaceutica-Colegial-Distribucion-ilegal-de-medicamentos.aspx\" target=\"_blank\" rel=\"noopener\"><div class=\"box shadow\"><\/a>VIH: Programa de detecci\u00f3n mediante test r\u00e1pido<\/b><\/p>\n<p>Conocer en breve la posibilidad de estar infectado por el virus del sida, permite un diagn\u00f3stico precoz, y establecer un tratamiento lo antes posible mejora extraordinariamente el pron\u00f3stico. La determinaci\u00f3n de la infecci\u00f3n por VIH mediante test r\u00e1pido en las oficinas de farmacia pretende favorecer la accesibilidad al diagn\u00f3stico a todas aquellas personas que presenten conductas de riesgo para la infecci\u00f3n. La prueba, que dura unos 20 minutos, es totalmente an\u00f3nima.<\/p>\n<p>Consulta el <span style=\"text-decoration: underline;\"><a href=\"http:\/\/www.farmaceuticonline.com\/scripts\/addicionals.php?nt=vih&amp;lang=ca\" target=\"_blank\" rel=\"noopener\">listado de farmacias que participa<\/a><\/span>.<\/div><\/p>\n<p align=\"right\"><b>Con el patrocinio de:<\/b><\/p>\n<p align=\"right\">\u00a0<a href=\"http:\/\/www.janssen.es\/\" target=\"_blank\" rel=\"noopener\"><img loading=\"lazy\" decoding=\"async\" class=\"size-full wp-image-6780 alignright\" alt=\"janssen_logo\" src=\"http:\/\/blog.cofb.cat\/wp-content\/uploads\/2014\/06\/janssen_logo.jpg\" width=\"100\" height=\"49\" \/><\/a><\/p>","protected":false},"excerpt":{"rendered":"<p>La infecci\u00f3n del Virus de la inmunodeficiencia humana (VIH) y su gran incidencia en la poblaci\u00f3n mundial han propiciado un cambio cuantitativo y cualitativo en la investigaci\u00f3n. Los avances de los \u00faltimos a\u00f1os han permitido ampliar el conocimiento sobre el virus, definir las pautas de tratamiento antirretroviral, fijar [\u2026]<\/p>","protected":false},"author":1,"featured_media":12258,"comment_status":"open","ping_status":"open","sticky":false,"template":"","format":"standard","meta":{"_uag_custom_page_level_css":"","site-sidebar-layout":"default","site-content-layout":"","ast-site-content-layout":"default","site-content-style":"default","site-sidebar-style":"default","ast-global-header-display":"","ast-banner-title-visibility":"","ast-main-header-display":"","ast-hfb-above-header-display":"","ast-hfb-below-header-display":"","ast-hfb-mobile-header-display":"","site-post-title":"","ast-breadcrumbs-content":"","ast-featured-img":"disabled","footer-sml-layout":"","theme-transparent-header-meta":"","adv-header-id-meta":"","stick-header-meta":"","header-above-stick-meta":"","header-main-stick-meta":"","header-below-stick-meta":"","astra-migrate-meta-layouts":"default","ast-page-background-enabled":"default","ast-page-background-meta":{"desktop":{"background-color":"var(--ast-global-color-4)","background-image":"","background-repeat":"repeat","background-position":"center center","background-size":"auto","background-attachment":"scroll","background-type":"","background-media":"","overlay-type":"","overlay-color":"","overlay-opacity":"","overlay-gradient":""},"tablet":{"background-color":"","background-image":"","background-repeat":"repeat","background-position":"center center","background-size":"auto","background-attachment":"scroll","background-type":"","background-media":"","overlay-type":"","overlay-color":"","overlay-opacity":"","overlay-gradient":""},"mobile":{"background-color":"","background-image":"","background-repeat":"repeat","background-position":"center center","background-size":"auto","background-attachment":"scroll","background-type":"","background-media":"","overlay-type":"","overlay-color":"","overlay-opacity":"","overlay-gradient":""}},"ast-content-background-meta":{"desktop":{"background-color":"var(--ast-global-color-5)","background-image":"","background-repeat":"repeat","background-position":"center center","background-size":"auto","background-attachment":"scroll","background-type":"","background-media":"","overlay-type":"","overlay-color":"","overlay-opacity":"","overlay-gradient":""},"tablet":{"background-color":"var(--ast-global-color-5)","background-image":"","background-repeat":"repeat","background-position":"center center","background-size":"auto","background-attachment":"scroll","background-type":"","background-media":"","overlay-type":"","overlay-color":"","overlay-opacity":"","overlay-gradient":""},"mobile":{"background-color":"var(--ast-global-color-5)","background-image":"","background-repeat":"repeat","background-position":"center center","background-size":"auto","background-attachment":"scroll","background-type":"","background-media":"","overlay-type":"","overlay-color":"","overlay-opacity":"","overlay-gradient":""}},"footnotes":""},"categories":[57],"tags":[480,70,232],"class_list":["post-12252","post","type-post","status-publish","format-standard","has-post-thumbnail","hentry","category-mon-collegial","tag-farmacia-hospitalaria","tag-formacio","tag-vih"],"yoast_head":"<!-- This site is optimized with the Yoast SEO plugin v22.4 - https:\/\/yoast.com\/wordpress\/plugins\/seo\/ -->\n<title>Tractament del VIH: quina \u00e9s la situaci\u00f3 de la vacuna? - Col\u00b7legi de Farmac\u00e8utics de Barcelona<\/title>\n<meta name=\"robots\" content=\"index, follow, max-snippet:-1, max-image-preview:large, max-video-preview:-1\" \/>\n<link rel=\"canonical\" href=\"https:\/\/novaorg.cofb.net\/2015\/03\/04\/tractament-del-vih-quina-es-la-situacio-de-la-vacuna\/\" \/>\n<meta property=\"og:locale\" content=\"es_ES\" \/>\n<meta property=\"og:type\" content=\"article\" \/>\n<meta property=\"og:title\" content=\"Tractament del VIH: quina \u00e9s la situaci\u00f3 de la vacuna? - Col\u00b7legi de Farmac\u00e8utics de Barcelona\" \/>\n<meta property=\"og:description\" content=\"La infecci\u00f3 del Virus de la immunodefici\u00e8ncia humana (VIH) i la gran incid\u00e8ncia que ha tingut en la poblaci\u00f3 mundial han propiciat un canvi quantitatiu i qualitatiu en la investigaci\u00f3. Els aven\u00e7os dels \u00faltims anys han perm\u00e8s ampliar el coneixement sobre el virus, definir les pautes de tractament antiretroviral, fixar [&hellip;]\" \/>\n<meta property=\"og:url\" content=\"https:\/\/novaorg.cofb.net\/2015\/03\/04\/tractament-del-vih-quina-es-la-situacio-de-la-vacuna\/\" \/>\n<meta property=\"og:site_name\" content=\"Col\u00b7legi de Farmac\u00e8utics de Barcelona\" \/>\n<meta property=\"article:publisher\" content=\"https:\/\/www.facebook.com\/farmaceuticsbcn\/\" \/>\n<meta property=\"article:published_time\" content=\"2015-03-04T16:09:56+00:00\" \/>\n<meta name=\"author\" content=\"wpAdminCofbOrg\" \/>\n<meta name=\"twitter:card\" content=\"summary_large_image\" \/>\n<meta name=\"twitter:creator\" content=\"@farmaceuticsbcn\" \/>\n<meta name=\"twitter:site\" content=\"@farmaceuticsbcn\" \/>\n<meta name=\"twitter:label1\" content=\"Escrito por\" \/>\n\t<meta name=\"twitter:data1\" content=\"wpAdminCofbOrg\" \/>\n\t<meta name=\"twitter:label2\" content=\"Tiempo de lectura\" \/>\n\t<meta name=\"twitter:data2\" content=\"5 minutos\" \/>\n<script type=\"application\/ld+json\" class=\"yoast-schema-graph\">{\"@context\":\"https:\/\/schema.org\",\"@graph\":[{\"@type\":\"Article\",\"@id\":\"https:\/\/novaorg.cofb.net\/2015\/03\/04\/tractament-del-vih-quina-es-la-situacio-de-la-vacuna\/#article\",\"isPartOf\":{\"@id\":\"https:\/\/novaorg.cofb.net\/2015\/03\/04\/tractament-del-vih-quina-es-la-situacio-de-la-vacuna\/\"},\"author\":{\"name\":\"wpAdminCofbOrg\",\"@id\":\"https:\/\/www.cofb.org\/#\/schema\/person\/22ed7eea88da74b0fa4d3154ad87ffcb\"},\"headline\":\"Tractament del VIH: quina \u00e9s la situaci\u00f3 de la vacuna?\",\"datePublished\":\"2015-03-04T16:09:56+00:00\",\"dateModified\":\"2015-03-04T16:09:56+00:00\",\"mainEntityOfPage\":{\"@id\":\"https:\/\/novaorg.cofb.net\/2015\/03\/04\/tractament-del-vih-quina-es-la-situacio-de-la-vacuna\/\"},\"wordCount\":961,\"commentCount\":0,\"publisher\":{\"@id\":\"https:\/\/www.cofb.org\/#organization\"},\"image\":{\"@id\":\"https:\/\/novaorg.cofb.net\/2015\/03\/04\/tractament-del-vih-quina-es-la-situacio-de-la-vacuna\/#primaryimage\"},\"thumbnailUrl\":\"\",\"keywords\":[\"farm\u00e0cia hospital\u00e0ria\",\"Formaci\u00f3\",\"VIH\"],\"articleSection\":[\"M\u00f3n col\u00b7legial\"],\"inLanguage\":\"es\",\"potentialAction\":[{\"@type\":\"CommentAction\",\"name\":\"Comment\",\"target\":[\"https:\/\/novaorg.cofb.net\/2015\/03\/04\/tractament-del-vih-quina-es-la-situacio-de-la-vacuna\/#respond\"]}]},{\"@type\":\"WebPage\",\"@id\":\"https:\/\/novaorg.cofb.net\/2015\/03\/04\/tractament-del-vih-quina-es-la-situacio-de-la-vacuna\/\",\"url\":\"https:\/\/novaorg.cofb.net\/2015\/03\/04\/tractament-del-vih-quina-es-la-situacio-de-la-vacuna\/\",\"name\":\"Tractament del VIH: quina \u00e9s la situaci\u00f3 de la vacuna? - Col\u00b7legi de Farmac\u00e8utics de Barcelona\",\"isPartOf\":{\"@id\":\"https:\/\/www.cofb.org\/#website\"},\"primaryImageOfPage\":{\"@id\":\"https:\/\/novaorg.cofb.net\/2015\/03\/04\/tractament-del-vih-quina-es-la-situacio-de-la-vacuna\/#primaryimage\"},\"image\":{\"@id\":\"https:\/\/novaorg.cofb.net\/2015\/03\/04\/tractament-del-vih-quina-es-la-situacio-de-la-vacuna\/#primaryimage\"},\"thumbnailUrl\":\"\",\"datePublished\":\"2015-03-04T16:09:56+00:00\",\"dateModified\":\"2015-03-04T16:09:56+00:00\",\"breadcrumb\":{\"@id\":\"https:\/\/novaorg.cofb.net\/2015\/03\/04\/tractament-del-vih-quina-es-la-situacio-de-la-vacuna\/#breadcrumb\"},\"inLanguage\":\"es\",\"potentialAction\":[{\"@type\":\"ReadAction\",\"target\":[\"https:\/\/novaorg.cofb.net\/2015\/03\/04\/tractament-del-vih-quina-es-la-situacio-de-la-vacuna\/\"]}]},{\"@type\":\"ImageObject\",\"inLanguage\":\"es\",\"@id\":\"https:\/\/novaorg.cofb.net\/2015\/03\/04\/tractament-del-vih-quina-es-la-situacio-de-la-vacuna\/#primaryimage\",\"url\":\"\",\"contentUrl\":\"\"},{\"@type\":\"BreadcrumbList\",\"@id\":\"https:\/\/novaorg.cofb.net\/2015\/03\/04\/tractament-del-vih-quina-es-la-situacio-de-la-vacuna\/#breadcrumb\",\"itemListElement\":[{\"@type\":\"ListItem\",\"position\":1,\"name\":\"Inici\",\"item\":\"https:\/\/novaorg.cofb.net\/\"},{\"@type\":\"ListItem\",\"position\":2,\"name\":\"Tractament del VIH: quina \u00e9s la situaci\u00f3 de la vacuna?\"}]},{\"@type\":\"WebSite\",\"@id\":\"https:\/\/www.cofb.org\/#website\",\"url\":\"https:\/\/www.cofb.org\/\",\"name\":\"Col\u00b7legi de Farmac\u00e8utics de Barcelona\",\"description\":\"\",\"publisher\":{\"@id\":\"https:\/\/www.cofb.org\/#organization\"},\"potentialAction\":[{\"@type\":\"SearchAction\",\"target\":{\"@type\":\"EntryPoint\",\"urlTemplate\":\"https:\/\/www.cofb.org\/?s={search_term_string}\"},\"query-input\":\"required name=search_term_string\"}],\"inLanguage\":\"es\"},{\"@type\":\"Organization\",\"@id\":\"https:\/\/www.cofb.org\/#organization\",\"name\":\"Col\u00b7legi de Farmac\u00e8utics de Barcelona\",\"url\":\"https:\/\/www.cofb.org\/\",\"logo\":{\"@type\":\"ImageObject\",\"inLanguage\":\"es\",\"@id\":\"https:\/\/www.cofb.org\/#\/schema\/logo\/image\/\",\"url\":\"https:\/\/www.cofb.org\/wp-content\/uploads\/2023\/11\/cropped-Logotip-COFB.png\",\"contentUrl\":\"https:\/\/www.cofb.org\/wp-content\/uploads\/2023\/11\/cropped-Logotip-COFB.png\",\"width\":500,\"height\":105,\"caption\":\"Col\u00b7legi de Farmac\u00e8utics de Barcelona\"},\"image\":{\"@id\":\"https:\/\/www.cofb.org\/#\/schema\/logo\/image\/\"},\"sameAs\":[\"https:\/\/www.facebook.com\/farmaceuticsbcn\/\",\"https:\/\/twitter.com\/farmaceuticsbcn\",\"https:\/\/www.instagram.com\/farmaceuticsbcn\/\",\"https:\/\/www.linkedin.com\/company\/farmaceuticsbcn\/\"]},{\"@type\":\"Person\",\"@id\":\"https:\/\/www.cofb.org\/#\/schema\/person\/22ed7eea88da74b0fa4d3154ad87ffcb\",\"name\":\"wpAdminCofbOrg\",\"image\":{\"@type\":\"ImageObject\",\"inLanguage\":\"es\",\"@id\":\"https:\/\/www.cofb.org\/#\/schema\/person\/image\/\",\"url\":\"https:\/\/secure.gravatar.com\/avatar\/1721b20b3b8ca882c3b56ec6c978c594fff670e40c0718e9190eaeeb76aae7d8?s=96&d=mm&r=g\",\"contentUrl\":\"https:\/\/secure.gravatar.com\/avatar\/1721b20b3b8ca882c3b56ec6c978c594fff670e40c0718e9190eaeeb76aae7d8?s=96&d=mm&r=g\",\"caption\":\"wpAdminCofbOrg\"},\"sameAs\":[\"http:\/\/192.168.64.122\/wordpress\"],\"url\":\"https:\/\/www.cofb.org\/es\/author\/wpadmincofborg\/\"}]}<\/script>\n<!-- \/ Yoast SEO plugin. -->","yoast_head_json":{"title":"Tractament del VIH: quina \u00e9s la situaci\u00f3 de la vacuna? - Col\u00b7legi de Farmac\u00e8utics de Barcelona","robots":{"index":"index","follow":"follow","max-snippet":"max-snippet:-1","max-image-preview":"max-image-preview:large","max-video-preview":"max-video-preview:-1"},"canonical":"https:\/\/novaorg.cofb.net\/2015\/03\/04\/tractament-del-vih-quina-es-la-situacio-de-la-vacuna\/","og_locale":"es_ES","og_type":"article","og_title":"Tractament del VIH: quina \u00e9s la situaci\u00f3 de la vacuna? - Col\u00b7legi de Farmac\u00e8utics de Barcelona","og_description":"La infecci\u00f3 del Virus de la immunodefici\u00e8ncia humana (VIH) i la gran incid\u00e8ncia que ha tingut en la poblaci\u00f3 mundial han propiciat un canvi quantitatiu i qualitatiu en la investigaci\u00f3. Els aven\u00e7os dels \u00faltims anys han perm\u00e8s ampliar el coneixement sobre el virus, definir les pautes de tractament antiretroviral, fixar [&hellip;]","og_url":"https:\/\/novaorg.cofb.net\/2015\/03\/04\/tractament-del-vih-quina-es-la-situacio-de-la-vacuna\/","og_site_name":"Col\u00b7legi de Farmac\u00e8utics de Barcelona","article_publisher":"https:\/\/www.facebook.com\/farmaceuticsbcn\/","article_published_time":"2015-03-04T16:09:56+00:00","author":"wpAdminCofbOrg","twitter_card":"summary_large_image","twitter_creator":"@farmaceuticsbcn","twitter_site":"@farmaceuticsbcn","twitter_misc":{"Escrito por":"wpAdminCofbOrg","Tiempo de lectura":"5 minutos"},"schema":{"@context":"https:\/\/schema.org","@graph":[{"@type":"Article","@id":"https:\/\/novaorg.cofb.net\/2015\/03\/04\/tractament-del-vih-quina-es-la-situacio-de-la-vacuna\/#article","isPartOf":{"@id":"https:\/\/novaorg.cofb.net\/2015\/03\/04\/tractament-del-vih-quina-es-la-situacio-de-la-vacuna\/"},"author":{"name":"wpAdminCofbOrg","@id":"https:\/\/www.cofb.org\/#\/schema\/person\/22ed7eea88da74b0fa4d3154ad87ffcb"},"headline":"Tractament del VIH: quina \u00e9s la situaci\u00f3 de la vacuna?","datePublished":"2015-03-04T16:09:56+00:00","dateModified":"2015-03-04T16:09:56+00:00","mainEntityOfPage":{"@id":"https:\/\/novaorg.cofb.net\/2015\/03\/04\/tractament-del-vih-quina-es-la-situacio-de-la-vacuna\/"},"wordCount":961,"commentCount":0,"publisher":{"@id":"https:\/\/www.cofb.org\/#organization"},"image":{"@id":"https:\/\/novaorg.cofb.net\/2015\/03\/04\/tractament-del-vih-quina-es-la-situacio-de-la-vacuna\/#primaryimage"},"thumbnailUrl":"","keywords":["farm\u00e0cia hospital\u00e0ria","Formaci\u00f3","VIH"],"articleSection":["M\u00f3n col\u00b7legial"],"inLanguage":"es","potentialAction":[{"@type":"CommentAction","name":"Comment","target":["https:\/\/novaorg.cofb.net\/2015\/03\/04\/tractament-del-vih-quina-es-la-situacio-de-la-vacuna\/#respond"]}]},{"@type":"WebPage","@id":"https:\/\/novaorg.cofb.net\/2015\/03\/04\/tractament-del-vih-quina-es-la-situacio-de-la-vacuna\/","url":"https:\/\/novaorg.cofb.net\/2015\/03\/04\/tractament-del-vih-quina-es-la-situacio-de-la-vacuna\/","name":"Tractament del VIH: quina \u00e9s la situaci\u00f3 de la vacuna? - Col\u00b7legi de Farmac\u00e8utics de Barcelona","isPartOf":{"@id":"https:\/\/www.cofb.org\/#website"},"primaryImageOfPage":{"@id":"https:\/\/novaorg.cofb.net\/2015\/03\/04\/tractament-del-vih-quina-es-la-situacio-de-la-vacuna\/#primaryimage"},"image":{"@id":"https:\/\/novaorg.cofb.net\/2015\/03\/04\/tractament-del-vih-quina-es-la-situacio-de-la-vacuna\/#primaryimage"},"thumbnailUrl":"","datePublished":"2015-03-04T16:09:56+00:00","dateModified":"2015-03-04T16:09:56+00:00","breadcrumb":{"@id":"https:\/\/novaorg.cofb.net\/2015\/03\/04\/tractament-del-vih-quina-es-la-situacio-de-la-vacuna\/#breadcrumb"},"inLanguage":"es","potentialAction":[{"@type":"ReadAction","target":["https:\/\/novaorg.cofb.net\/2015\/03\/04\/tractament-del-vih-quina-es-la-situacio-de-la-vacuna\/"]}]},{"@type":"ImageObject","inLanguage":"es","@id":"https:\/\/novaorg.cofb.net\/2015\/03\/04\/tractament-del-vih-quina-es-la-situacio-de-la-vacuna\/#primaryimage","url":"","contentUrl":""},{"@type":"BreadcrumbList","@id":"https:\/\/novaorg.cofb.net\/2015\/03\/04\/tractament-del-vih-quina-es-la-situacio-de-la-vacuna\/#breadcrumb","itemListElement":[{"@type":"ListItem","position":1,"name":"Inici","item":"https:\/\/novaorg.cofb.net\/"},{"@type":"ListItem","position":2,"name":"Tractament del VIH: quina \u00e9s la situaci\u00f3 de la vacuna?"}]},{"@type":"WebSite","@id":"https:\/\/www.cofb.org\/#website","url":"https:\/\/www.cofb.org\/","name":"Col\u00b7legi de Farmac\u00e8utics de Barcelona","description":"","publisher":{"@id":"https:\/\/www.cofb.org\/#organization"},"potentialAction":[{"@type":"SearchAction","target":{"@type":"EntryPoint","urlTemplate":"https:\/\/www.cofb.org\/?s={search_term_string}"},"query-input":"required name=search_term_string"}],"inLanguage":"es"},{"@type":"Organization","@id":"https:\/\/www.cofb.org\/#organization","name":"Col\u00b7legi de Farmac\u00e8utics de Barcelona","url":"https:\/\/www.cofb.org\/","logo":{"@type":"ImageObject","inLanguage":"es","@id":"https:\/\/www.cofb.org\/#\/schema\/logo\/image\/","url":"https:\/\/www.cofb.org\/wp-content\/uploads\/2023\/11\/cropped-Logotip-COFB.png","contentUrl":"https:\/\/www.cofb.org\/wp-content\/uploads\/2023\/11\/cropped-Logotip-COFB.png","width":500,"height":105,"caption":"Col\u00b7legi de Farmac\u00e8utics de Barcelona"},"image":{"@id":"https:\/\/www.cofb.org\/#\/schema\/logo\/image\/"},"sameAs":["https:\/\/www.facebook.com\/farmaceuticsbcn\/","https:\/\/twitter.com\/farmaceuticsbcn","https:\/\/www.instagram.com\/farmaceuticsbcn\/","https:\/\/www.linkedin.com\/company\/farmaceuticsbcn\/"]},{"@type":"Person","@id":"https:\/\/www.cofb.org\/#\/schema\/person\/22ed7eea88da74b0fa4d3154ad87ffcb","name":"wpAdminCofbOrg","image":{"@type":"ImageObject","inLanguage":"es","@id":"https:\/\/www.cofb.org\/#\/schema\/person\/image\/","url":"https:\/\/secure.gravatar.com\/avatar\/1721b20b3b8ca882c3b56ec6c978c594fff670e40c0718e9190eaeeb76aae7d8?s=96&d=mm&r=g","contentUrl":"https:\/\/secure.gravatar.com\/avatar\/1721b20b3b8ca882c3b56ec6c978c594fff670e40c0718e9190eaeeb76aae7d8?s=96&d=mm&r=g","caption":"wpAdminCofbOrg"},"sameAs":["http:\/\/192.168.64.122\/wordpress"],"url":"https:\/\/www.cofb.org\/es\/author\/wpadmincofborg\/"}]}},"uagb_featured_image_src":{"full":false,"thumbnail":false,"medium":false,"medium_large":false,"large":false,"1536x1536":false,"2048x2048":false,"trp-custom-language-flag":false},"uagb_author_info":{"display_name":"wpAdminCofbOrg","author_link":"https:\/\/www.cofb.org\/es\/author\/wpadmincofborg\/"},"uagb_comment_info":1,"uagb_excerpt":"La infecci\u00f3 del Virus de la immunodefici\u00e8ncia humana (VIH) i la gran incid\u00e8ncia que ha tingut en la poblaci\u00f3 mundial han propiciat un canvi quantitatiu i qualitatiu en la investigaci\u00f3. Els aven\u00e7os dels \u00faltims anys han perm\u00e8s ampliar el coneixement sobre el virus, definir les pautes de tractament antiretroviral, fixar [&hellip;]","_links":{"self":[{"href":"https:\/\/www.cofb.org\/es\/wp-json\/wp\/v2\/posts\/12252","targetHints":{"allow":["GET"]}}],"collection":[{"href":"https:\/\/www.cofb.org\/es\/wp-json\/wp\/v2\/posts"}],"about":[{"href":"https:\/\/www.cofb.org\/es\/wp-json\/wp\/v2\/types\/post"}],"author":[{"embeddable":true,"href":"https:\/\/www.cofb.org\/es\/wp-json\/wp\/v2\/users\/1"}],"replies":[{"embeddable":true,"href":"https:\/\/www.cofb.org\/es\/wp-json\/wp\/v2\/comments?post=12252"}],"version-history":[{"count":0,"href":"https:\/\/www.cofb.org\/es\/wp-json\/wp\/v2\/posts\/12252\/revisions"}],"wp:featuredmedia":[{"embeddable":true,"href":"https:\/\/www.cofb.org\/es\/wp-json\/"}],"wp:attachment":[{"href":"https:\/\/www.cofb.org\/es\/wp-json\/wp\/v2\/media?parent=12252"}],"wp:term":[{"taxonomy":"category","embeddable":true,"href":"https:\/\/www.cofb.org\/es\/wp-json\/wp\/v2\/categories?post=12252"},{"taxonomy":"post_tag","embeddable":true,"href":"https:\/\/www.cofb.org\/es\/wp-json\/wp\/v2\/tags?post=12252"}],"curies":[{"name":"wp","href":"https:\/\/api.w.org\/{rel}","templated":true}]}}