{"id":10807,"date":"2014-12-24T09:52:35","date_gmt":"2014-12-24T08:52:35","guid":{"rendered":"http:\/\/blog.cofb.cat\/?p=10807"},"modified":"2014-12-24T09:52:35","modified_gmt":"2014-12-24T08:52:35","slug":"el-col%c2%b7legi-acull-una-festa-per-als-mes-petits","status":"publish","type":"post","link":"https:\/\/www.cofb.org\/es\/2014\/12\/24\/el-col%c2%b7legi-acull-una-festa-per-als-mes-petits\/","title":{"rendered":"El Colegio acoge una fiesta para los m\u00e1s peque\u00f1os"},"content":{"rendered":"<p>Los m\u00e1s peque\u00f1os volvieron a ser protagonistas de la <strong>fiesta infantil<\/strong> que anualmente organiza el Colegio. Previamente al espect\u00e1culo, los ni\u00f1os pudieron explorar su vertiente m\u00e1s creativa en el taller de chapas, una actividad en colaboraci\u00f3n con <span style=\"text-decoration: underline;\"><a href=\"http:\/\/blog.cofb.cat\/les-farmacies-catalanes-acullen-la-campanya-solidaria-larbre-dels-petits-valents\/\" target=\"_blank\" rel=\"noopener\">la campa\u00f1a de \u201cEl \u00c1rbol de los Valientes\u201d del Hospital de San Juan de Dios<\/a><\/span>.<\/p>\n\n<p>El espect\u00e1culo \u201cMagia por aqu\u00ed, risas por all\u00e1\u201d de\u00a0<span style=\"text-decoration: underline;\"><a href=\"http:\/\/pablosuperstar.com\/\" target=\"_blank\" rel=\"noopener\">Pablo Superstar<\/a><\/span>, que combina elementos de magia y de clown, hizo las delicias de los ni\u00f1os, y les rob\u00f3 m\u00e1s de una sonrisa.<\/p>\n\n<p>Hubo regalos para todos los asistentes gracias a las empresas que han colaborado: Cartostyl, L&#039;Auditori, Embutidos Salgot, Ecogranja Salgot, Puleva, Ordesa, Carpel, MyEntrada, Museo del Chocolate y Cosmocaixa.<\/p>\n<div class=\"box shadow\">Al finalizar, se entregaron los premios a los dibujos ganadores del <strong><span style=\"text-decoration: underline;\"><a href=\"http:\/\/blog.cofb.cat\/nova-edicio-del-concurs-de-dibuix-infantil\/\" target=\"_blank\" rel=\"noopener\">VI Concurso de Dibujo Infantil<\/a><\/span><\/strong> del COFB. Maria Jos\u00e9 Alonso, vocal de Plantas Medicinales y Homeopat\u00eda, y Ramon Bonet, vocal de Industria del Colegio, fueron los encargados, junto al mago Pablo Superestar, de entregar a los ni\u00f1os premiados el lote de material did\u00e1ctico. Estos son los ganadores de la edici\u00f3n de este a\u00f1o:<\/p>\n<p><a href=\"http:\/\/blog.cofb.cat\/wp-content\/uploads\/2014\/12\/aina-lucas.jpg\"><img decoding=\"async\" class=\"alignleft  wp-image-10826\" alt=\"aina-lucas\" src=\"http:\/\/blog.cofb.cat\/wp-content\/uploads\/2014\/12\/aina-lucas.jpg\" width=\"139\" height=\"197\" \/><\/a>En la categor\u00eda de 4 a 5 a\u00f1os: <strong>Ana Lucas Villegas<\/strong> (5 a\u00f1os)\u00a0<a href=\"http:\/\/blog.cofb.cat\/wp-content\/uploads\/2014\/12\/Ana-Lucas-premi-concurs-infantil-de-dibuix-5-anys.jpg\"><img decoding=\"async\" class=\"wp-image-10827 alignright\" alt=\"Ana Lucas, premi concurs infantil de dibuix, 5 anys\" src=\"http:\/\/blog.cofb.cat\/wp-content\/uploads\/2014\/12\/Ana-Lucas-premi-concurs-infantil-de-dibuix-5-anys.jpg\" width=\"258\" height=\"172\" \/><\/a><\/p>\n<p>&nbsp;<\/p>\n<p>&nbsp;<\/p>\n<p>&nbsp;<\/p>\n<p>&nbsp;<\/p>\n<p>&nbsp;<\/p>\n<p><a href=\"http:\/\/blog.cofb.cat\/wp-content\/uploads\/2014\/12\/carla-roca.jpg\"><img decoding=\"async\" class=\"alignleft  wp-image-10829\" alt=\"carla-roca\" src=\"http:\/\/blog.cofb.cat\/wp-content\/uploads\/2014\/12\/carla-roca.jpg\" width=\"143\" height=\"200\" \/><\/a>En la categor\u00eda de 6 a 7 a\u00f1os <strong>Carla Roca Canals<\/strong> (7 a\u00f1os)\u00a0<a href=\"http:\/\/blog.cofb.cat\/wp-content\/uploads\/2014\/12\/Carla-Roca-premi-concurs-infantil-de-dibuix-7-anys.jpg\"><img loading=\"lazy\" decoding=\"async\" class=\"wp-image-10828 alignright\" alt=\"Carla Roca, premi concurs infantil de dibuix, 7 anys\" src=\"http:\/\/blog.cofb.cat\/wp-content\/uploads\/2014\/12\/Carla-Roca-premi-concurs-infantil-de-dibuix-7-anys.jpg\" width=\"259\" height=\"174\" \/><\/a><\/p>\n<p>&nbsp;<\/p>\n<p>&nbsp;<\/p>\n<p>&nbsp;<\/p>\n<p>&nbsp;<\/p>\n<p>&nbsp;<\/p>\n<p><a href=\"http:\/\/blog.cofb.cat\/wp-content\/uploads\/2014\/12\/elsa-valdezate.jpg\"><img loading=\"lazy\" decoding=\"async\" class=\"alignleft  wp-image-10830\" alt=\"elsa-valdezate\" src=\"http:\/\/blog.cofb.cat\/wp-content\/uploads\/2014\/12\/elsa-valdezate.jpg\" width=\"150\" height=\"207\" \/><\/a>En la categor\u00eda de 8 a 9 a\u00f1os <strong>Elsa Valdezate L\u00f3pez<\/strong> (9 a\u00f1os). Recoge el premio su hermano Jon<a href=\"http:\/\/blog.cofb.cat\/wp-content\/uploads\/2014\/12\/Jon-Valdezate-recull-el-premi-concurs-infantil-de-dibuix-9-anys-en-nom-de-la-seva-germana-Elsa-que-ha-estat-la-guanyadora.jpg\"><img loading=\"lazy\" decoding=\"async\" class=\"wp-image-10831 alignright\" alt=\"Jon Valdezate recull el premi concurs infantil de dibuix, 9 anys en nom de la seva germana Elsa, que ha estat la guanyadora\" src=\"http:\/\/blog.cofb.cat\/wp-content\/uploads\/2014\/12\/Jon-Valdezate-recull-el-premi-concurs-infantil-de-dibuix-9-anys-en-nom-de-la-seva-germana-Elsa-que-ha-estat-la-guanyadora.jpg\" width=\"258\" height=\"172\" \/><\/a><\/p>\n<p>&nbsp;<\/p>\n<p>&nbsp;<\/p>\n<p>&nbsp;<\/p>\n<p>&nbsp;<\/p>\n<p><\/div>\n<p><span style=\"color: #888888;\">Tanto la fiesta infantil como el concurso de dibujo han sido organizados por la <b>Comisi\u00f3n de Cultura del Colegio.<\/b><\/span><\/p>","protected":false},"excerpt":{"rendered":"<p>Los m\u00e1s peque\u00f1os volvieron a ser protagonistas de la fiesta infantil que anualmente organiza el Colegio. Previamente al espect\u00e1culo, los ni\u00f1os pudieron explorar su vertiente m\u00e1s creativa en el taller de chapas, una actividad en colaboraci\u00f3n con la campa\u00f1a de \u201cEl \u00c1rbol de los Valientes\u201d del Hospital de Sant Joan [\u2026]<\/p>","protected":false},"author":1,"featured_media":10825,"comment_status":"open","ping_status":"open","sticky":false,"template":"","format":"standard","meta":{"_uag_custom_page_level_css":"","site-sidebar-layout":"default","site-content-layout":"","ast-site-content-layout":"default","site-content-style":"default","site-sidebar-style":"default","ast-global-header-display":"","ast-banner-title-visibility":"","ast-main-header-display":"","ast-hfb-above-header-display":"","ast-hfb-below-header-display":"","ast-hfb-mobile-header-display":"","site-post-title":"","ast-breadcrumbs-content":"","ast-featured-img":"disabled","footer-sml-layout":"","theme-transparent-header-meta":"","adv-header-id-meta":"","stick-header-meta":"","header-above-stick-meta":"","header-main-stick-meta":"","header-below-stick-meta":"","astra-migrate-meta-layouts":"default","ast-page-background-enabled":"default","ast-page-background-meta":{"desktop":{"background-color":"var(--ast-global-color-4)","background-image":"","background-repeat":"repeat","background-position":"center center","background-size":"auto","background-attachment":"scroll","background-type":"","background-media":"","overlay-type":"","overlay-color":"","overlay-opacity":"","overlay-gradient":""},"tablet":{"background-color":"","background-image":"","background-repeat":"repeat","background-position":"center center","background-size":"auto","background-attachment":"scroll","background-type":"","background-media":"","overlay-type":"","overlay-color":"","overlay-opacity":"","overlay-gradient":""},"mobile":{"background-color":"","background-image":"","background-repeat":"repeat","background-position":"center center","background-size":"auto","background-attachment":"scroll","background-type":"","background-media":"","overlay-type":"","overlay-color":"","overlay-opacity":"","overlay-gradient":""}},"ast-content-background-meta":{"desktop":{"background-color":"var(--ast-global-color-5)","background-image":"","background-repeat":"repeat","background-position":"center center","background-size":"auto","background-attachment":"scroll","background-type":"","background-media":"","overlay-type":"","overlay-color":"","overlay-opacity":"","overlay-gradient":""},"tablet":{"background-color":"var(--ast-global-color-5)","background-image":"","background-repeat":"repeat","background-position":"center center","background-size":"auto","background-attachment":"scroll","background-type":"","background-media":"","overlay-type":"","overlay-color":"","overlay-opacity":"","overlay-gradient":""},"mobile":{"background-color":"var(--ast-global-color-5)","background-image":"","background-repeat":"repeat","background-position":"center center","background-size":"auto","background-attachment":"scroll","background-type":"","background-media":"","overlay-type":"","overlay-color":"","overlay-opacity":"","overlay-gradient":""}},"footnotes":""},"categories":[57],"tags":[2154,994],"class_list":["post-10807","post","type-post","status-publish","format-standard","has-post-thumbnail","hentry","category-mon-collegial","tag-comissio-de-cultura","tag-festa-infantil"],"yoast_head":"<!-- This site is optimized with the Yoast SEO plugin v22.4 - https:\/\/yoast.com\/wordpress\/plugins\/seo\/ -->\n<title>El Col\u00b7legi acull una festa per als m\u00e9s petits - Col\u00b7legi de Farmac\u00e8utics de Barcelona<\/title>\n<meta name=\"robots\" content=\"index, follow, max-snippet:-1, max-image-preview:large, max-video-preview:-1\" \/>\n<link rel=\"canonical\" href=\"https:\/\/novaorg.cofb.net\/2014\/12\/24\/el-col\u00b7legi-acull-una-festa-per-als-mes-petits\/\" \/>\n<meta property=\"og:locale\" content=\"es_ES\" \/>\n<meta property=\"og:type\" content=\"article\" \/>\n<meta property=\"og:title\" content=\"El Col\u00b7legi acull una festa per als m\u00e9s petits - Col\u00b7legi de Farmac\u00e8utics de Barcelona\" \/>\n<meta property=\"og:description\" content=\"Els m\u00e9s petits van tornar a ser protagonistes de la festa infantil que anualment organitza el Col\u00b7legi. Pr\u00e8viament a l\u2019espectacle, els nens van poder explorar la seva vessant m\u00e9s creativa al taller de xapes, una activitat en col\u00b7laboraci\u00f3 amb la campanya de &#8220;L&#8217;Arbre dels Valents&#8221; de l&#8217;Hospital de Sant Joan [&hellip;]\" \/>\n<meta property=\"og:url\" content=\"https:\/\/novaorg.cofb.net\/2014\/12\/24\/el-col\u00b7legi-acull-una-festa-per-als-mes-petits\/\" \/>\n<meta property=\"og:site_name\" content=\"Col\u00b7legi de Farmac\u00e8utics de Barcelona\" \/>\n<meta property=\"article:publisher\" content=\"https:\/\/www.facebook.com\/farmaceuticsbcn\/\" \/>\n<meta property=\"article:published_time\" content=\"2014-12-24T08:52:35+00:00\" \/>\n<meta name=\"author\" content=\"wpAdminCofbOrg\" \/>\n<meta name=\"twitter:card\" content=\"summary_large_image\" \/>\n<meta name=\"twitter:creator\" content=\"@farmaceuticsbcn\" \/>\n<meta name=\"twitter:site\" content=\"@farmaceuticsbcn\" \/>\n<meta name=\"twitter:label1\" content=\"Escrito por\" \/>\n\t<meta name=\"twitter:data1\" content=\"wpAdminCofbOrg\" \/>\n\t<meta name=\"twitter:label2\" content=\"Tiempo de lectura\" \/>\n\t<meta name=\"twitter:data2\" content=\"1 minuto\" \/>\n<script type=\"application\/ld+json\" class=\"yoast-schema-graph\">{\"@context\":\"https:\/\/schema.org\",\"@graph\":[{\"@type\":\"Article\",\"@id\":\"https:\/\/novaorg.cofb.net\/2014\/12\/24\/el-col%c2%b7legi-acull-una-festa-per-als-mes-petits\/#article\",\"isPartOf\":{\"@id\":\"https:\/\/novaorg.cofb.net\/2014\/12\/24\/el-col%c2%b7legi-acull-una-festa-per-als-mes-petits\/\"},\"author\":{\"name\":\"wpAdminCofbOrg\",\"@id\":\"https:\/\/www.cofb.org\/#\/schema\/person\/22ed7eea88da74b0fa4d3154ad87ffcb\"},\"headline\":\"El Col\u00b7legi acull una festa per als m\u00e9s petits\",\"datePublished\":\"2014-12-24T08:52:35+00:00\",\"dateModified\":\"2014-12-24T08:52:35+00:00\",\"mainEntityOfPage\":{\"@id\":\"https:\/\/novaorg.cofb.net\/2014\/12\/24\/el-col%c2%b7legi-acull-una-festa-per-als-mes-petits\/\"},\"wordCount\":297,\"commentCount\":0,\"publisher\":{\"@id\":\"https:\/\/www.cofb.org\/#organization\"},\"image\":{\"@id\":\"https:\/\/novaorg.cofb.net\/2014\/12\/24\/el-col%c2%b7legi-acull-una-festa-per-als-mes-petits\/#primaryimage\"},\"thumbnailUrl\":\"\",\"keywords\":[\"Comissi\u00f3 de Cultura\",\"festa infantil\"],\"articleSection\":[\"M\u00f3n col\u00b7legial\"],\"inLanguage\":\"es\",\"potentialAction\":[{\"@type\":\"CommentAction\",\"name\":\"Comment\",\"target\":[\"https:\/\/novaorg.cofb.net\/2014\/12\/24\/el-col%c2%b7legi-acull-una-festa-per-als-mes-petits\/#respond\"]}]},{\"@type\":\"WebPage\",\"@id\":\"https:\/\/novaorg.cofb.net\/2014\/12\/24\/el-col%c2%b7legi-acull-una-festa-per-als-mes-petits\/\",\"url\":\"https:\/\/novaorg.cofb.net\/2014\/12\/24\/el-col%c2%b7legi-acull-una-festa-per-als-mes-petits\/\",\"name\":\"El Col\u00b7legi acull una festa per als m\u00e9s petits - Col\u00b7legi de Farmac\u00e8utics de Barcelona\",\"isPartOf\":{\"@id\":\"https:\/\/www.cofb.org\/#website\"},\"primaryImageOfPage\":{\"@id\":\"https:\/\/novaorg.cofb.net\/2014\/12\/24\/el-col%c2%b7legi-acull-una-festa-per-als-mes-petits\/#primaryimage\"},\"image\":{\"@id\":\"https:\/\/novaorg.cofb.net\/2014\/12\/24\/el-col%c2%b7legi-acull-una-festa-per-als-mes-petits\/#primaryimage\"},\"thumbnailUrl\":\"\",\"datePublished\":\"2014-12-24T08:52:35+00:00\",\"dateModified\":\"2014-12-24T08:52:35+00:00\",\"breadcrumb\":{\"@id\":\"https:\/\/novaorg.cofb.net\/2014\/12\/24\/el-col%c2%b7legi-acull-una-festa-per-als-mes-petits\/#breadcrumb\"},\"inLanguage\":\"es\",\"potentialAction\":[{\"@type\":\"ReadAction\",\"target\":[\"https:\/\/novaorg.cofb.net\/2014\/12\/24\/el-col%c2%b7legi-acull-una-festa-per-als-mes-petits\/\"]}]},{\"@type\":\"ImageObject\",\"inLanguage\":\"es\",\"@id\":\"https:\/\/novaorg.cofb.net\/2014\/12\/24\/el-col%c2%b7legi-acull-una-festa-per-als-mes-petits\/#primaryimage\",\"url\":\"\",\"contentUrl\":\"\"},{\"@type\":\"BreadcrumbList\",\"@id\":\"https:\/\/novaorg.cofb.net\/2014\/12\/24\/el-col%c2%b7legi-acull-una-festa-per-als-mes-petits\/#breadcrumb\",\"itemListElement\":[{\"@type\":\"ListItem\",\"position\":1,\"name\":\"Inici\",\"item\":\"https:\/\/novaorg.cofb.net\/\"},{\"@type\":\"ListItem\",\"position\":2,\"name\":\"El Col\u00b7legi acull una festa per als m\u00e9s petits\"}]},{\"@type\":\"WebSite\",\"@id\":\"https:\/\/www.cofb.org\/#website\",\"url\":\"https:\/\/www.cofb.org\/\",\"name\":\"Col\u00b7legi de Farmac\u00e8utics de Barcelona\",\"description\":\"\",\"publisher\":{\"@id\":\"https:\/\/www.cofb.org\/#organization\"},\"potentialAction\":[{\"@type\":\"SearchAction\",\"target\":{\"@type\":\"EntryPoint\",\"urlTemplate\":\"https:\/\/www.cofb.org\/?s={search_term_string}\"},\"query-input\":\"required name=search_term_string\"}],\"inLanguage\":\"es\"},{\"@type\":\"Organization\",\"@id\":\"https:\/\/www.cofb.org\/#organization\",\"name\":\"Col\u00b7legi de Farmac\u00e8utics de Barcelona\",\"url\":\"https:\/\/www.cofb.org\/\",\"logo\":{\"@type\":\"ImageObject\",\"inLanguage\":\"es\",\"@id\":\"https:\/\/www.cofb.org\/#\/schema\/logo\/image\/\",\"url\":\"https:\/\/www.cofb.org\/wp-content\/uploads\/2023\/11\/cropped-Logotip-COFB.png\",\"contentUrl\":\"https:\/\/www.cofb.org\/wp-content\/uploads\/2023\/11\/cropped-Logotip-COFB.png\",\"width\":500,\"height\":105,\"caption\":\"Col\u00b7legi de Farmac\u00e8utics de Barcelona\"},\"image\":{\"@id\":\"https:\/\/www.cofb.org\/#\/schema\/logo\/image\/\"},\"sameAs\":[\"https:\/\/www.facebook.com\/farmaceuticsbcn\/\",\"https:\/\/twitter.com\/farmaceuticsbcn\",\"https:\/\/www.instagram.com\/farmaceuticsbcn\/\",\"https:\/\/www.linkedin.com\/company\/farmaceuticsbcn\/\"]},{\"@type\":\"Person\",\"@id\":\"https:\/\/www.cofb.org\/#\/schema\/person\/22ed7eea88da74b0fa4d3154ad87ffcb\",\"name\":\"wpAdminCofbOrg\",\"image\":{\"@type\":\"ImageObject\",\"inLanguage\":\"es\",\"@id\":\"https:\/\/www.cofb.org\/#\/schema\/person\/image\/\",\"url\":\"https:\/\/secure.gravatar.com\/avatar\/1721b20b3b8ca882c3b56ec6c978c594fff670e40c0718e9190eaeeb76aae7d8?s=96&d=mm&r=g\",\"contentUrl\":\"https:\/\/secure.gravatar.com\/avatar\/1721b20b3b8ca882c3b56ec6c978c594fff670e40c0718e9190eaeeb76aae7d8?s=96&d=mm&r=g\",\"caption\":\"wpAdminCofbOrg\"},\"sameAs\":[\"http:\/\/192.168.64.122\/wordpress\"],\"url\":\"https:\/\/www.cofb.org\/es\/author\/wpadmincofborg\/\"}]}<\/script>\n<!-- \/ Yoast SEO plugin. -->","yoast_head_json":{"title":"El Col\u00b7legi acull una festa per als m\u00e9s petits - Col\u00b7legi de Farmac\u00e8utics de Barcelona","robots":{"index":"index","follow":"follow","max-snippet":"max-snippet:-1","max-image-preview":"max-image-preview:large","max-video-preview":"max-video-preview:-1"},"canonical":"https:\/\/novaorg.cofb.net\/2014\/12\/24\/el-col\u00b7legi-acull-una-festa-per-als-mes-petits\/","og_locale":"es_ES","og_type":"article","og_title":"El Col\u00b7legi acull una festa per als m\u00e9s petits - Col\u00b7legi de Farmac\u00e8utics de Barcelona","og_description":"Els m\u00e9s petits van tornar a ser protagonistes de la festa infantil que anualment organitza el Col\u00b7legi. Pr\u00e8viament a l\u2019espectacle, els nens van poder explorar la seva vessant m\u00e9s creativa al taller de xapes, una activitat en col\u00b7laboraci\u00f3 amb la campanya de &#8220;L&#8217;Arbre dels Valents&#8221; de l&#8217;Hospital de Sant Joan [&hellip;]","og_url":"https:\/\/novaorg.cofb.net\/2014\/12\/24\/el-col\u00b7legi-acull-una-festa-per-als-mes-petits\/","og_site_name":"Col\u00b7legi de Farmac\u00e8utics de Barcelona","article_publisher":"https:\/\/www.facebook.com\/farmaceuticsbcn\/","article_published_time":"2014-12-24T08:52:35+00:00","author":"wpAdminCofbOrg","twitter_card":"summary_large_image","twitter_creator":"@farmaceuticsbcn","twitter_site":"@farmaceuticsbcn","twitter_misc":{"Escrito por":"wpAdminCofbOrg","Tiempo de lectura":"1 minuto"},"schema":{"@context":"https:\/\/schema.org","@graph":[{"@type":"Article","@id":"https:\/\/novaorg.cofb.net\/2014\/12\/24\/el-col%c2%b7legi-acull-una-festa-per-als-mes-petits\/#article","isPartOf":{"@id":"https:\/\/novaorg.cofb.net\/2014\/12\/24\/el-col%c2%b7legi-acull-una-festa-per-als-mes-petits\/"},"author":{"name":"wpAdminCofbOrg","@id":"https:\/\/www.cofb.org\/#\/schema\/person\/22ed7eea88da74b0fa4d3154ad87ffcb"},"headline":"El Col\u00b7legi acull una festa per als m\u00e9s petits","datePublished":"2014-12-24T08:52:35+00:00","dateModified":"2014-12-24T08:52:35+00:00","mainEntityOfPage":{"@id":"https:\/\/novaorg.cofb.net\/2014\/12\/24\/el-col%c2%b7legi-acull-una-festa-per-als-mes-petits\/"},"wordCount":297,"commentCount":0,"publisher":{"@id":"https:\/\/www.cofb.org\/#organization"},"image":{"@id":"https:\/\/novaorg.cofb.net\/2014\/12\/24\/el-col%c2%b7legi-acull-una-festa-per-als-mes-petits\/#primaryimage"},"thumbnailUrl":"","keywords":["Comissi\u00f3 de Cultura","festa infantil"],"articleSection":["M\u00f3n col\u00b7legial"],"inLanguage":"es","potentialAction":[{"@type":"CommentAction","name":"Comment","target":["https:\/\/novaorg.cofb.net\/2014\/12\/24\/el-col%c2%b7legi-acull-una-festa-per-als-mes-petits\/#respond"]}]},{"@type":"WebPage","@id":"https:\/\/novaorg.cofb.net\/2014\/12\/24\/el-col%c2%b7legi-acull-una-festa-per-als-mes-petits\/","url":"https:\/\/novaorg.cofb.net\/2014\/12\/24\/el-col%c2%b7legi-acull-una-festa-per-als-mes-petits\/","name":"El Col\u00b7legi acull una festa per als m\u00e9s petits - Col\u00b7legi de Farmac\u00e8utics de Barcelona","isPartOf":{"@id":"https:\/\/www.cofb.org\/#website"},"primaryImageOfPage":{"@id":"https:\/\/novaorg.cofb.net\/2014\/12\/24\/el-col%c2%b7legi-acull-una-festa-per-als-mes-petits\/#primaryimage"},"image":{"@id":"https:\/\/novaorg.cofb.net\/2014\/12\/24\/el-col%c2%b7legi-acull-una-festa-per-als-mes-petits\/#primaryimage"},"thumbnailUrl":"","datePublished":"2014-12-24T08:52:35+00:00","dateModified":"2014-12-24T08:52:35+00:00","breadcrumb":{"@id":"https:\/\/novaorg.cofb.net\/2014\/12\/24\/el-col%c2%b7legi-acull-una-festa-per-als-mes-petits\/#breadcrumb"},"inLanguage":"es","potentialAction":[{"@type":"ReadAction","target":["https:\/\/novaorg.cofb.net\/2014\/12\/24\/el-col%c2%b7legi-acull-una-festa-per-als-mes-petits\/"]}]},{"@type":"ImageObject","inLanguage":"es","@id":"https:\/\/novaorg.cofb.net\/2014\/12\/24\/el-col%c2%b7legi-acull-una-festa-per-als-mes-petits\/#primaryimage","url":"","contentUrl":""},{"@type":"BreadcrumbList","@id":"https:\/\/novaorg.cofb.net\/2014\/12\/24\/el-col%c2%b7legi-acull-una-festa-per-als-mes-petits\/#breadcrumb","itemListElement":[{"@type":"ListItem","position":1,"name":"Inici","item":"https:\/\/novaorg.cofb.net\/"},{"@type":"ListItem","position":2,"name":"El Col\u00b7legi acull una festa per als m\u00e9s petits"}]},{"@type":"WebSite","@id":"https:\/\/www.cofb.org\/#website","url":"https:\/\/www.cofb.org\/","name":"Col\u00b7legi de Farmac\u00e8utics de Barcelona","description":"","publisher":{"@id":"https:\/\/www.cofb.org\/#organization"},"potentialAction":[{"@type":"SearchAction","target":{"@type":"EntryPoint","urlTemplate":"https:\/\/www.cofb.org\/?s={search_term_string}"},"query-input":"required name=search_term_string"}],"inLanguage":"es"},{"@type":"Organization","@id":"https:\/\/www.cofb.org\/#organization","name":"Col\u00b7legi de Farmac\u00e8utics de Barcelona","url":"https:\/\/www.cofb.org\/","logo":{"@type":"ImageObject","inLanguage":"es","@id":"https:\/\/www.cofb.org\/#\/schema\/logo\/image\/","url":"https:\/\/www.cofb.org\/wp-content\/uploads\/2023\/11\/cropped-Logotip-COFB.png","contentUrl":"https:\/\/www.cofb.org\/wp-content\/uploads\/2023\/11\/cropped-Logotip-COFB.png","width":500,"height":105,"caption":"Col\u00b7legi de Farmac\u00e8utics de Barcelona"},"image":{"@id":"https:\/\/www.cofb.org\/#\/schema\/logo\/image\/"},"sameAs":["https:\/\/www.facebook.com\/farmaceuticsbcn\/","https:\/\/twitter.com\/farmaceuticsbcn","https:\/\/www.instagram.com\/farmaceuticsbcn\/","https:\/\/www.linkedin.com\/company\/farmaceuticsbcn\/"]},{"@type":"Person","@id":"https:\/\/www.cofb.org\/#\/schema\/person\/22ed7eea88da74b0fa4d3154ad87ffcb","name":"wpAdminCofbOrg","image":{"@type":"ImageObject","inLanguage":"es","@id":"https:\/\/www.cofb.org\/#\/schema\/person\/image\/","url":"https:\/\/secure.gravatar.com\/avatar\/1721b20b3b8ca882c3b56ec6c978c594fff670e40c0718e9190eaeeb76aae7d8?s=96&d=mm&r=g","contentUrl":"https:\/\/secure.gravatar.com\/avatar\/1721b20b3b8ca882c3b56ec6c978c594fff670e40c0718e9190eaeeb76aae7d8?s=96&d=mm&r=g","caption":"wpAdminCofbOrg"},"sameAs":["http:\/\/192.168.64.122\/wordpress"],"url":"https:\/\/www.cofb.org\/es\/author\/wpadmincofborg\/"}]}},"uagb_featured_image_src":{"full":false,"thumbnail":false,"medium":false,"medium_large":false,"large":false,"1536x1536":false,"2048x2048":false,"trp-custom-language-flag":false},"uagb_author_info":{"display_name":"wpAdminCofbOrg","author_link":"https:\/\/www.cofb.org\/es\/author\/wpadmincofborg\/"},"uagb_comment_info":0,"uagb_excerpt":"Els m\u00e9s petits van tornar a ser protagonistes de la festa infantil que anualment organitza el Col\u00b7legi. Pr\u00e8viament a l\u2019espectacle, els nens van poder explorar la seva vessant m\u00e9s creativa al taller de xapes, una activitat en col\u00b7laboraci\u00f3 amb la campanya de &#8220;L&#8217;Arbre dels Valents&#8221; de l&#8217;Hospital de Sant Joan [&hellip;]","_links":{"self":[{"href":"https:\/\/www.cofb.org\/es\/wp-json\/wp\/v2\/posts\/10807","targetHints":{"allow":["GET"]}}],"collection":[{"href":"https:\/\/www.cofb.org\/es\/wp-json\/wp\/v2\/posts"}],"about":[{"href":"https:\/\/www.cofb.org\/es\/wp-json\/wp\/v2\/types\/post"}],"author":[{"embeddable":true,"href":"https:\/\/www.cofb.org\/es\/wp-json\/wp\/v2\/users\/1"}],"replies":[{"embeddable":true,"href":"https:\/\/www.cofb.org\/es\/wp-json\/wp\/v2\/comments?post=10807"}],"version-history":[{"count":0,"href":"https:\/\/www.cofb.org\/es\/wp-json\/wp\/v2\/posts\/10807\/revisions"}],"wp:featuredmedia":[{"embeddable":true,"href":"https:\/\/www.cofb.org\/es\/wp-json\/"}],"wp:attachment":[{"href":"https:\/\/www.cofb.org\/es\/wp-json\/wp\/v2\/media?parent=10807"}],"wp:term":[{"taxonomy":"category","embeddable":true,"href":"https:\/\/www.cofb.org\/es\/wp-json\/wp\/v2\/categories?post=10807"},{"taxonomy":"post_tag","embeddable":true,"href":"https:\/\/www.cofb.org\/es\/wp-json\/wp\/v2\/tags?post=10807"}],"curies":[{"name":"wp","href":"https:\/\/api.w.org\/{rel}","templated":true}]}}