{"id":10716,"date":"2014-12-18T14:54:40","date_gmt":"2014-12-18T13:54:40","guid":{"rendered":"http:\/\/blog.cofb.cat\/?p=10716"},"modified":"2014-12-18T14:54:40","modified_gmt":"2014-12-18T13:54:40","slug":"el-programa-de-deteccio-precoc-de-cancer-de-colon-i-recte-sesten-a-les-comarques-dosona-la-garrotxa-i-el-ripolles","status":"publish","type":"post","link":"https:\/\/www.cofb.org\/es\/2014\/12\/18\/el-programa-de-deteccio-precoc-de-cancer-de-colon-i-recte-sesten-a-les-comarques-dosona-la-garrotxa-i-el-ripolles\/","title":{"rendered":"El Programa de Detecci\u00f3n Precoz de C\u00e1ncer de Colon y Recto se extiende a las comarcas de Osona, la Garrotxa y el Ripoll\u00e8s"},"content":{"rendered":"<figure id=\"attachment_10719\" aria-describedby=\"caption-attachment-10719\" style=\"width: 236px\" class=\"wp-caption alignleft\"><a href=\"http:\/\/blog.cofb.cat\/wp-content\/uploads\/2014\/12\/programa-deteccio-cancer-colon-farmacies.jpg\"><img fetchpriority=\"high\" decoding=\"async\" class=\"wp-image-10719\" alt=\"Cartell del programa de detecci\u00f3 de c\u00e0ncer de c\u00f2lon a les farm\u00e0cies\" src=\"http:\/\/blog.cofb.cat\/wp-content\/uploads\/2014\/12\/programa-deteccio-cancer-colon-farmacies.jpg\" width=\"236\" height=\"334\" \/><\/a><figcaption id=\"caption-attachment-10719\" class=\"wp-caption-text\">Cartel del programa de detecci\u00f3n de c\u00e1ncer de colon en las farmacias de Barcelona<\/figcaption><\/figure>\n<p>En enero se pondr\u00e1 en marcha el Programa de Detecci\u00f3n Precoz de C\u00e1ncer de Colon y Recto (PDPCCR) en las comarcas de Osona, la Garrotxa y el Ripoll\u00e8s, en el marco de su despliegue progresivo en toda Catalu\u00f1a.<\/p>\n<p>Este programa <strong>forma parte del Plan de Salud de Catalu\u00f1a 2011-2015<\/strong>, tiene el objetivo de potenciar la prevenci\u00f3n y est\u00e1 dirigido a la poblaci\u00f3n con mayor riesgo de sufrir este tipo de tumores: todos los hombres y mujeres que tengan entre 50 y 69 a\u00f1os durante el a\u00f1o en curso.<\/p>\n<p>La organizaci\u00f3n ha implicado a los Colegios de Farmac\u00e9uticos de Girona y de Barcelona en la coordinaci\u00f3n, atenci\u00f3n primaria, las unidades de endoscopias de los hospitales de Vic, Olot y Campdev\u00e0nol y la Oficina T\u00e9cnica de Cribado, gestionada por la Instituto de Asistencia Sanitaria (IAS) en las comarcas de la Garrotxa y el Ripoll\u00e8s y por el Consorcio Hospitalario de Vic en la comarca de Osona. El despliegue cuenta con la colaboraci\u00f3n de los Rotary Club de Vic-Osona, Olot-la Garrotxa y del Ripoll\u00e8s.<\/p>\n<p>El m\u00e9todo de cribado se realiza a partir de una <b>an\u00e1lisis para detectar si hay restos de sangre en las heces<\/b>. La participaci\u00f3n en el programa es voluntaria, con realizaci\u00f3n bienal. La poblaci\u00f3n diana recibir\u00e1 una carta en su casa donde se les explicar\u00e1 el programa y se les informar\u00e1 de c\u00f3mo participar.<\/p>\n<p>Para llevar a cabo la implantaci\u00f3n del PDPCCR <b>ha sido muy importante la implicaci\u00f3n de las farmacias como centros de salud informadores y facilitadores de los kits<\/b>. La proximidad y accesibilidad de estos profesionales sanitarios ha incrementado la participaci\u00f3n de la poblaci\u00f3n susceptible de realizarse la prueba.<\/p>\n<div class=\"box shadow\">&quot;El dise\u00f1o de un modelo organizativo es uno de los puntos primordiales en el \u00e9xito de un programa de cribado. En este sentido, art\u00edculos publicados en las revistas especializadas destacan la <b>contribuci\u00f3n positiva del farmac\u00e9utico comunitario en el aumento de la participaci\u00f3n ciudadana<\/b> que ha superado con creces el objetivo. Participaciones del 40% ya tienen un impacto muy positivo en la salud p\u00fablica, y en segunda ronda en algunos distritos se supera el 50% y m\u00e1s. La contribuci\u00f3n del farmac\u00e9utico comunitario en la prevenci\u00f3n secundaria del c\u00e1ncer es la traslaci\u00f3n del encargo impl\u00edcito en las l\u00edneas 3.4 y 2.2 del Plan de Salud en Catalu\u00f1a, que hace referencia a la implantaci\u00f3n decisiva y gradual de la cartera de servicios\u201d explica <strong>Rafa Guayta, director de Proyectos e investigaci\u00f3n del Consejo de Colegios de Farmac\u00e9uticos de Catalunya<\/strong>.<\/div>\n<p>Las personas interesadas tendr\u00e1n que dirigirse a una farmacia con la carta que hayan recibido, donde habr\u00e1 impreso un c\u00f3digo de identificaci\u00f3n personal. A la farmacia le dar\u00e1n un kit para depositar la muestra de heces, y las instrucciones de c\u00f3mo conservarla hasta que la lleve de nuevo a la farmacia. Las farmacias que participan en el Programa enviar\u00e1n dos veces a la semana las muestras en el laboratorio del PDPCCR. Si los resultados son negativos, los participantes recibir\u00e1n una carta en la que se les informar\u00e1 de este resultado. Si son positivos, ser\u00e1n citados para una visita a la unidad de endoscopias del centro respectivo, donde se les informar\u00e1 del resultado y del proceso a seguir a partir de entonces, que parte de la realizaci\u00f3n de una colonoscopia diagn\u00f3stica.<\/p>\n<p>Los resultados de la efectividad del programa se publican en la web <span style=\"text-decoration: underline;\"><a href=\"http:\/\/www.prevenciocolonbcn.org\/\" target=\"_blank\" rel=\"noopener\">www.prevenciocolonbcn.org<\/a><\/span>, que incluye las tasas de participaci\u00f3n y las incidencias de c\u00e1ncer y adenomas por distritos.<\/p>\n<p><b>Despliegue por comarcas<\/b><\/p>\n<p>En total se invitar\u00e1 a participar a 56.554 hombres y mujeres de las tres comarcas de entre 50 y 69 a\u00f1os: 13.456 de la Garrotxa, 6.809 del Ripoll\u00e8s y 36.289 de Osona. Un 6% de los participantes en el Programa suelen tener resultados positivos a estudiar. <b>Todas las farmacias de la zona se han adherido al PDPCCR.<\/b><\/p>\n<p><b>El c\u00e1ncer de colon y recto<\/b><\/p>\n<p>En Catalu\u00f1a cada a\u00f1o se diagnostican m\u00e1s de 4.000 nuevos casos de c\u00e1ncer de colon y recto y <b>actualmente se ha convertido en la segunda causa de muerte por c\u00e1ncer en Catalu\u00f1a<\/b>, tanto en hombres como en mujeres, con 1.900 defunciones al a\u00f1o. As\u00ed pues, la supervivencia a los cinco a\u00f1os se sit\u00faa en torno al 50%. La reciente tendencia indica una clara estabilizaci\u00f3n de la mortalidad en hombres y un descenso en mujeres.<\/p>\n<p>La mayor\u00eda de los c\u00e1nceres de colon y recto se desarrollan a partir de p\u00f3lipos adenomatosos. Sin embargo, la presencia de p\u00f3lipos es frecuente en la poblaci\u00f3n y s\u00f3lo un peque\u00f1o porcentaje progresa a c\u00e1ncer. El tiempo medio necesario para completar esta progresi\u00f3n es largo, probablemente de 10 o m\u00e1s a\u00f1os, lo que permite prevenir o detectar precozmente el c\u00e1ncer de colon y recto y mejorar su pron\u00f3stico.<\/p>\n<p>Dado que <b>este c\u00e1ncer es asintom\u00e1tico hasta que est\u00e1 muy avanzado, es muy importante la participaci\u00f3n en este tipo de programas de detecci\u00f3n precoz<\/b>. La prueba de detecci\u00f3n de sangre oculta en heces es la \u00fanica que ha demostrado su eficacia en ensayos controlados aleatorizados.<\/p>\n<p><span style=\"color: #888888;\"><strong>Fuente: Departamento de Salud<\/strong><\/span><br \/>\n<span style=\"text-decoration: underline;\"><a href=\"http:\/\/premsa.gencat.cat\/pres_fsvp\/AppJava\/notapremsavw\/detall.do?id=277539&amp;idioma=0&amp;departament=9&amp;canal=10\" target=\"_blank\" rel=\"noopener\">M\u00e1s informaci\u00f3n: Nota de prensa del Departamento de Salud<\/a><\/span><\/p>\n<p>Enlaces de inter\u00e9s:<\/p>\n<ul>\n<li><span style=\"text-decoration: underline;\"><a href=\"http:\/\/www.farmaceuticonline.com\/ca\/farmacies\/serveis-addicionals\/659-cancer-colon\" target=\"_blank\" rel=\"noopener\">Farmacias de Barcelona que participan en el Programa de detecci\u00f3n precoz de c\u00e1ncer de colon y recto (v\u00eda Farmaceuticonline)<\/a><\/span><\/li>\n<li><span style=\"text-decoration: underline;\"><a href=\"http:\/\/blog.cofb.cat\/les-farmacies-tornen-a-participar-al-programa-de-deteccio-precoc-de-cancer-de-colon\/\" target=\"_blank\" rel=\"noopener\">Las farmacias vuelven a participar en el programa de detecci\u00f3n precoz de c\u00e1ncer de colon<\/a><\/span><\/li>\n<\/ul>","protected":false},"excerpt":{"rendered":"<p>En enero se pondr\u00e1 en marcha el Programa de Detecci\u00f3n Precoz de C\u00e1ncer de Colon y Recto (PDPCCR) en las comarcas de Osona, la Garrotxa y el Ripoll\u00e8s, en el marco de su despliegue progresivo en toda Catalu\u00f1a. Este programa forma parte del Plan de Salud de Catalu\u00f1a 2011-2015, [\u2026]<\/p>","protected":false},"author":1,"featured_media":10756,"comment_status":"open","ping_status":"open","sticky":false,"template":"","format":"standard","meta":{"_uag_custom_page_level_css":"","site-sidebar-layout":"default","site-content-layout":"","ast-site-content-layout":"default","site-content-style":"default","site-sidebar-style":"default","ast-global-header-display":"","ast-banner-title-visibility":"","ast-main-header-display":"","ast-hfb-above-header-display":"","ast-hfb-below-header-display":"","ast-hfb-mobile-header-display":"","site-post-title":"","ast-breadcrumbs-content":"","ast-featured-img":"disabled","footer-sml-layout":"","theme-transparent-header-meta":"","adv-header-id-meta":"","stick-header-meta":"","header-above-stick-meta":"","header-main-stick-meta":"","header-below-stick-meta":"","astra-migrate-meta-layouts":"default","ast-page-background-enabled":"default","ast-page-background-meta":{"desktop":{"background-color":"var(--ast-global-color-4)","background-image":"","background-repeat":"repeat","background-position":"center center","background-size":"auto","background-attachment":"scroll","background-type":"","background-media":"","overlay-type":"","overlay-color":"","overlay-opacity":"","overlay-gradient":""},"tablet":{"background-color":"","background-image":"","background-repeat":"repeat","background-position":"center center","background-size":"auto","background-attachment":"scroll","background-type":"","background-media":"","overlay-type":"","overlay-color":"","overlay-opacity":"","overlay-gradient":""},"mobile":{"background-color":"","background-image":"","background-repeat":"repeat","background-position":"center center","background-size":"auto","background-attachment":"scroll","background-type":"","background-media":"","overlay-type":"","overlay-color":"","overlay-opacity":"","overlay-gradient":""}},"ast-content-background-meta":{"desktop":{"background-color":"var(--ast-global-color-5)","background-image":"","background-repeat":"repeat","background-position":"center center","background-size":"auto","background-attachment":"scroll","background-type":"","background-media":"","overlay-type":"","overlay-color":"","overlay-opacity":"","overlay-gradient":""},"tablet":{"background-color":"var(--ast-global-color-5)","background-image":"","background-repeat":"repeat","background-position":"center center","background-size":"auto","background-attachment":"scroll","background-type":"","background-media":"","overlay-type":"","overlay-color":"","overlay-opacity":"","overlay-gradient":""},"mobile":{"background-color":"var(--ast-global-color-5)","background-image":"","background-repeat":"repeat","background-position":"center center","background-size":"auto","background-attachment":"scroll","background-type":"","background-media":"","overlay-type":"","overlay-color":"","overlay-opacity":"","overlay-gradient":""}},"footnotes":""},"categories":[32],"tags":[957,2176,2151,76],"class_list":["post-10716","post","type-post","status-publish","format-standard","has-post-thumbnail","hentry","category-noticies-farmacia","tag-cancer-de-colon","tag-cartera-de-serveis","tag-deteccio-precoc-malalties","tag-oficina-de-farmacia"],"yoast_head":"<!-- This site is optimized with the Yoast SEO plugin v22.4 - https:\/\/yoast.com\/wordpress\/plugins\/seo\/ -->\n<title>El Programa de Detecci\u00f3 Preco\u00e7 de C\u00e0ncer de C\u00f2lon i Recte s\u2019est\u00e9n a les comarques d&#039;Osona, la Garrotxa i el Ripoll\u00e8s - Col\u00b7legi de Farmac\u00e8utics de Barcelona<\/title>\n<meta name=\"robots\" content=\"index, follow, max-snippet:-1, max-image-preview:large, max-video-preview:-1\" \/>\n<link rel=\"canonical\" href=\"https:\/\/novaorg.cofb.net\/2014\/12\/18\/el-programa-de-deteccio-precoc-de-cancer-de-colon-i-recte-sesten-a-les-comarques-dosona-la-garrotxa-i-el-ripolles\/\" \/>\n<meta property=\"og:locale\" content=\"es_ES\" \/>\n<meta property=\"og:type\" content=\"article\" \/>\n<meta property=\"og:title\" content=\"El Programa de Detecci\u00f3 Preco\u00e7 de C\u00e0ncer de C\u00f2lon i Recte s\u2019est\u00e9n a les comarques d&#039;Osona, la Garrotxa i el Ripoll\u00e8s - Col\u00b7legi de Farmac\u00e8utics de Barcelona\" \/>\n<meta property=\"og:description\" content=\"Al mes de gener es posar\u00e0 en marxa el Programa de Detecci\u00f3 Preco\u00e7 de C\u00e0ncer de C\u00f2lon i Recte (PDPCCR) a les comarques d\u2019Osona, la Garrotxa i el Ripoll\u00e8s, en el marc del seu desplegament progressiu a tota Catalunya. Aquest programa forma part del Pla de Salut de Catalunya 2011-2015, [&hellip;]\" \/>\n<meta property=\"og:url\" content=\"https:\/\/novaorg.cofb.net\/2014\/12\/18\/el-programa-de-deteccio-precoc-de-cancer-de-colon-i-recte-sesten-a-les-comarques-dosona-la-garrotxa-i-el-ripolles\/\" \/>\n<meta property=\"og:site_name\" content=\"Col\u00b7legi de Farmac\u00e8utics de Barcelona\" \/>\n<meta property=\"article:publisher\" content=\"https:\/\/www.facebook.com\/farmaceuticsbcn\/\" \/>\n<meta property=\"article:published_time\" content=\"2014-12-18T13:54:40+00:00\" \/>\n<meta name=\"author\" content=\"wpAdminCofbOrg\" \/>\n<meta name=\"twitter:card\" content=\"summary_large_image\" \/>\n<meta name=\"twitter:creator\" content=\"@farmaceuticsbcn\" \/>\n<meta name=\"twitter:site\" content=\"@farmaceuticsbcn\" \/>\n<meta name=\"twitter:label1\" content=\"Escrito por\" \/>\n\t<meta name=\"twitter:data1\" content=\"wpAdminCofbOrg\" \/>\n\t<meta name=\"twitter:label2\" content=\"Tiempo de lectura\" \/>\n\t<meta name=\"twitter:data2\" content=\"5 minutos\" \/>\n<script type=\"application\/ld+json\" class=\"yoast-schema-graph\">{\"@context\":\"https:\/\/schema.org\",\"@graph\":[{\"@type\":\"Article\",\"@id\":\"https:\/\/novaorg.cofb.net\/2014\/12\/18\/el-programa-de-deteccio-precoc-de-cancer-de-colon-i-recte-sesten-a-les-comarques-dosona-la-garrotxa-i-el-ripolles\/#article\",\"isPartOf\":{\"@id\":\"https:\/\/novaorg.cofb.net\/2014\/12\/18\/el-programa-de-deteccio-precoc-de-cancer-de-colon-i-recte-sesten-a-les-comarques-dosona-la-garrotxa-i-el-ripolles\/\"},\"author\":{\"name\":\"wpAdminCofbOrg\",\"@id\":\"https:\/\/www.cofb.org\/#\/schema\/person\/22ed7eea88da74b0fa4d3154ad87ffcb\"},\"headline\":\"El Programa de Detecci\u00f3 Preco\u00e7 de C\u00e0ncer de C\u00f2lon i Recte s\u2019est\u00e9n a les comarques d&#8217;Osona, la Garrotxa i el Ripoll\u00e8s\",\"datePublished\":\"2014-12-18T13:54:40+00:00\",\"dateModified\":\"2014-12-18T13:54:40+00:00\",\"mainEntityOfPage\":{\"@id\":\"https:\/\/novaorg.cofb.net\/2014\/12\/18\/el-programa-de-deteccio-precoc-de-cancer-de-colon-i-recte-sesten-a-les-comarques-dosona-la-garrotxa-i-el-ripolles\/\"},\"wordCount\":986,\"commentCount\":0,\"publisher\":{\"@id\":\"https:\/\/www.cofb.org\/#organization\"},\"image\":{\"@id\":\"https:\/\/novaorg.cofb.net\/2014\/12\/18\/el-programa-de-deteccio-precoc-de-cancer-de-colon-i-recte-sesten-a-les-comarques-dosona-la-garrotxa-i-el-ripolles\/#primaryimage\"},\"thumbnailUrl\":\"\",\"keywords\":[\"c\u00e0ncer de c\u00f2lon\",\"cartera de serveis\",\"Detecci\u00f3 preco\u00e7 malalties\",\"Oficina de farm\u00e0cia\"],\"articleSection\":[\"Not\u00edcies farm\u00e0cia\"],\"inLanguage\":\"es\",\"potentialAction\":[{\"@type\":\"CommentAction\",\"name\":\"Comment\",\"target\":[\"https:\/\/novaorg.cofb.net\/2014\/12\/18\/el-programa-de-deteccio-precoc-de-cancer-de-colon-i-recte-sesten-a-les-comarques-dosona-la-garrotxa-i-el-ripolles\/#respond\"]}]},{\"@type\":\"WebPage\",\"@id\":\"https:\/\/novaorg.cofb.net\/2014\/12\/18\/el-programa-de-deteccio-precoc-de-cancer-de-colon-i-recte-sesten-a-les-comarques-dosona-la-garrotxa-i-el-ripolles\/\",\"url\":\"https:\/\/novaorg.cofb.net\/2014\/12\/18\/el-programa-de-deteccio-precoc-de-cancer-de-colon-i-recte-sesten-a-les-comarques-dosona-la-garrotxa-i-el-ripolles\/\",\"name\":\"El Programa de Detecci\u00f3 Preco\u00e7 de C\u00e0ncer de C\u00f2lon i Recte s\u2019est\u00e9n a les comarques d'Osona, la Garrotxa i el Ripoll\u00e8s - Col\u00b7legi de Farmac\u00e8utics de Barcelona\",\"isPartOf\":{\"@id\":\"https:\/\/www.cofb.org\/#website\"},\"primaryImageOfPage\":{\"@id\":\"https:\/\/novaorg.cofb.net\/2014\/12\/18\/el-programa-de-deteccio-precoc-de-cancer-de-colon-i-recte-sesten-a-les-comarques-dosona-la-garrotxa-i-el-ripolles\/#primaryimage\"},\"image\":{\"@id\":\"https:\/\/novaorg.cofb.net\/2014\/12\/18\/el-programa-de-deteccio-precoc-de-cancer-de-colon-i-recte-sesten-a-les-comarques-dosona-la-garrotxa-i-el-ripolles\/#primaryimage\"},\"thumbnailUrl\":\"\",\"datePublished\":\"2014-12-18T13:54:40+00:00\",\"dateModified\":\"2014-12-18T13:54:40+00:00\",\"breadcrumb\":{\"@id\":\"https:\/\/novaorg.cofb.net\/2014\/12\/18\/el-programa-de-deteccio-precoc-de-cancer-de-colon-i-recte-sesten-a-les-comarques-dosona-la-garrotxa-i-el-ripolles\/#breadcrumb\"},\"inLanguage\":\"es\",\"potentialAction\":[{\"@type\":\"ReadAction\",\"target\":[\"https:\/\/novaorg.cofb.net\/2014\/12\/18\/el-programa-de-deteccio-precoc-de-cancer-de-colon-i-recte-sesten-a-les-comarques-dosona-la-garrotxa-i-el-ripolles\/\"]}]},{\"@type\":\"ImageObject\",\"inLanguage\":\"es\",\"@id\":\"https:\/\/novaorg.cofb.net\/2014\/12\/18\/el-programa-de-deteccio-precoc-de-cancer-de-colon-i-recte-sesten-a-les-comarques-dosona-la-garrotxa-i-el-ripolles\/#primaryimage\",\"url\":\"\",\"contentUrl\":\"\"},{\"@type\":\"BreadcrumbList\",\"@id\":\"https:\/\/novaorg.cofb.net\/2014\/12\/18\/el-programa-de-deteccio-precoc-de-cancer-de-colon-i-recte-sesten-a-les-comarques-dosona-la-garrotxa-i-el-ripolles\/#breadcrumb\",\"itemListElement\":[{\"@type\":\"ListItem\",\"position\":1,\"name\":\"Inici\",\"item\":\"https:\/\/novaorg.cofb.net\/\"},{\"@type\":\"ListItem\",\"position\":2,\"name\":\"El Programa de Detecci\u00f3 Preco\u00e7 de C\u00e0ncer de C\u00f2lon i Recte s\u2019est\u00e9n a les comarques d&#8217;Osona, la Garrotxa i el Ripoll\u00e8s\"}]},{\"@type\":\"WebSite\",\"@id\":\"https:\/\/www.cofb.org\/#website\",\"url\":\"https:\/\/www.cofb.org\/\",\"name\":\"Col\u00b7legi de Farmac\u00e8utics de Barcelona\",\"description\":\"\",\"publisher\":{\"@id\":\"https:\/\/www.cofb.org\/#organization\"},\"potentialAction\":[{\"@type\":\"SearchAction\",\"target\":{\"@type\":\"EntryPoint\",\"urlTemplate\":\"https:\/\/www.cofb.org\/?s={search_term_string}\"},\"query-input\":\"required name=search_term_string\"}],\"inLanguage\":\"es\"},{\"@type\":\"Organization\",\"@id\":\"https:\/\/www.cofb.org\/#organization\",\"name\":\"Col\u00b7legi de Farmac\u00e8utics de Barcelona\",\"url\":\"https:\/\/www.cofb.org\/\",\"logo\":{\"@type\":\"ImageObject\",\"inLanguage\":\"es\",\"@id\":\"https:\/\/www.cofb.org\/#\/schema\/logo\/image\/\",\"url\":\"https:\/\/www.cofb.org\/wp-content\/uploads\/2023\/11\/cropped-Logotip-COFB.png\",\"contentUrl\":\"https:\/\/www.cofb.org\/wp-content\/uploads\/2023\/11\/cropped-Logotip-COFB.png\",\"width\":500,\"height\":105,\"caption\":\"Col\u00b7legi de Farmac\u00e8utics de Barcelona\"},\"image\":{\"@id\":\"https:\/\/www.cofb.org\/#\/schema\/logo\/image\/\"},\"sameAs\":[\"https:\/\/www.facebook.com\/farmaceuticsbcn\/\",\"https:\/\/twitter.com\/farmaceuticsbcn\",\"https:\/\/www.instagram.com\/farmaceuticsbcn\/\",\"https:\/\/www.linkedin.com\/company\/farmaceuticsbcn\/\"]},{\"@type\":\"Person\",\"@id\":\"https:\/\/www.cofb.org\/#\/schema\/person\/22ed7eea88da74b0fa4d3154ad87ffcb\",\"name\":\"wpAdminCofbOrg\",\"image\":{\"@type\":\"ImageObject\",\"inLanguage\":\"es\",\"@id\":\"https:\/\/www.cofb.org\/#\/schema\/person\/image\/\",\"url\":\"https:\/\/secure.gravatar.com\/avatar\/1721b20b3b8ca882c3b56ec6c978c594fff670e40c0718e9190eaeeb76aae7d8?s=96&d=mm&r=g\",\"contentUrl\":\"https:\/\/secure.gravatar.com\/avatar\/1721b20b3b8ca882c3b56ec6c978c594fff670e40c0718e9190eaeeb76aae7d8?s=96&d=mm&r=g\",\"caption\":\"wpAdminCofbOrg\"},\"sameAs\":[\"http:\/\/192.168.64.122\/wordpress\"],\"url\":\"https:\/\/www.cofb.org\/es\/author\/wpadmincofborg\/\"}]}<\/script>\n<!-- \/ Yoast SEO plugin. -->","yoast_head_json":{"title":"El Programa de Detecci\u00f3 Preco\u00e7 de C\u00e0ncer de C\u00f2lon i Recte s\u2019est\u00e9n a les comarques d'Osona, la Garrotxa i el Ripoll\u00e8s - Col\u00b7legi de Farmac\u00e8utics de Barcelona","robots":{"index":"index","follow":"follow","max-snippet":"max-snippet:-1","max-image-preview":"max-image-preview:large","max-video-preview":"max-video-preview:-1"},"canonical":"https:\/\/novaorg.cofb.net\/2014\/12\/18\/el-programa-de-deteccio-precoc-de-cancer-de-colon-i-recte-sesten-a-les-comarques-dosona-la-garrotxa-i-el-ripolles\/","og_locale":"es_ES","og_type":"article","og_title":"El Programa de Detecci\u00f3 Preco\u00e7 de C\u00e0ncer de C\u00f2lon i Recte s\u2019est\u00e9n a les comarques d'Osona, la Garrotxa i el Ripoll\u00e8s - Col\u00b7legi de Farmac\u00e8utics de Barcelona","og_description":"Al mes de gener es posar\u00e0 en marxa el Programa de Detecci\u00f3 Preco\u00e7 de C\u00e0ncer de C\u00f2lon i Recte (PDPCCR) a les comarques d\u2019Osona, la Garrotxa i el Ripoll\u00e8s, en el marc del seu desplegament progressiu a tota Catalunya. Aquest programa forma part del Pla de Salut de Catalunya 2011-2015, [&hellip;]","og_url":"https:\/\/novaorg.cofb.net\/2014\/12\/18\/el-programa-de-deteccio-precoc-de-cancer-de-colon-i-recte-sesten-a-les-comarques-dosona-la-garrotxa-i-el-ripolles\/","og_site_name":"Col\u00b7legi de Farmac\u00e8utics de Barcelona","article_publisher":"https:\/\/www.facebook.com\/farmaceuticsbcn\/","article_published_time":"2014-12-18T13:54:40+00:00","author":"wpAdminCofbOrg","twitter_card":"summary_large_image","twitter_creator":"@farmaceuticsbcn","twitter_site":"@farmaceuticsbcn","twitter_misc":{"Escrito por":"wpAdminCofbOrg","Tiempo de lectura":"5 minutos"},"schema":{"@context":"https:\/\/schema.org","@graph":[{"@type":"Article","@id":"https:\/\/novaorg.cofb.net\/2014\/12\/18\/el-programa-de-deteccio-precoc-de-cancer-de-colon-i-recte-sesten-a-les-comarques-dosona-la-garrotxa-i-el-ripolles\/#article","isPartOf":{"@id":"https:\/\/novaorg.cofb.net\/2014\/12\/18\/el-programa-de-deteccio-precoc-de-cancer-de-colon-i-recte-sesten-a-les-comarques-dosona-la-garrotxa-i-el-ripolles\/"},"author":{"name":"wpAdminCofbOrg","@id":"https:\/\/www.cofb.org\/#\/schema\/person\/22ed7eea88da74b0fa4d3154ad87ffcb"},"headline":"El Programa de Detecci\u00f3 Preco\u00e7 de C\u00e0ncer de C\u00f2lon i Recte s\u2019est\u00e9n a les comarques d&#8217;Osona, la Garrotxa i el Ripoll\u00e8s","datePublished":"2014-12-18T13:54:40+00:00","dateModified":"2014-12-18T13:54:40+00:00","mainEntityOfPage":{"@id":"https:\/\/novaorg.cofb.net\/2014\/12\/18\/el-programa-de-deteccio-precoc-de-cancer-de-colon-i-recte-sesten-a-les-comarques-dosona-la-garrotxa-i-el-ripolles\/"},"wordCount":986,"commentCount":0,"publisher":{"@id":"https:\/\/www.cofb.org\/#organization"},"image":{"@id":"https:\/\/novaorg.cofb.net\/2014\/12\/18\/el-programa-de-deteccio-precoc-de-cancer-de-colon-i-recte-sesten-a-les-comarques-dosona-la-garrotxa-i-el-ripolles\/#primaryimage"},"thumbnailUrl":"","keywords":["c\u00e0ncer de c\u00f2lon","cartera de serveis","Detecci\u00f3 preco\u00e7 malalties","Oficina de farm\u00e0cia"],"articleSection":["Not\u00edcies farm\u00e0cia"],"inLanguage":"es","potentialAction":[{"@type":"CommentAction","name":"Comment","target":["https:\/\/novaorg.cofb.net\/2014\/12\/18\/el-programa-de-deteccio-precoc-de-cancer-de-colon-i-recte-sesten-a-les-comarques-dosona-la-garrotxa-i-el-ripolles\/#respond"]}]},{"@type":"WebPage","@id":"https:\/\/novaorg.cofb.net\/2014\/12\/18\/el-programa-de-deteccio-precoc-de-cancer-de-colon-i-recte-sesten-a-les-comarques-dosona-la-garrotxa-i-el-ripolles\/","url":"https:\/\/novaorg.cofb.net\/2014\/12\/18\/el-programa-de-deteccio-precoc-de-cancer-de-colon-i-recte-sesten-a-les-comarques-dosona-la-garrotxa-i-el-ripolles\/","name":"El Programa de Detecci\u00f3 Preco\u00e7 de C\u00e0ncer de C\u00f2lon i Recte s\u2019est\u00e9n a les comarques d'Osona, la Garrotxa i el Ripoll\u00e8s - Col\u00b7legi de Farmac\u00e8utics de Barcelona","isPartOf":{"@id":"https:\/\/www.cofb.org\/#website"},"primaryImageOfPage":{"@id":"https:\/\/novaorg.cofb.net\/2014\/12\/18\/el-programa-de-deteccio-precoc-de-cancer-de-colon-i-recte-sesten-a-les-comarques-dosona-la-garrotxa-i-el-ripolles\/#primaryimage"},"image":{"@id":"https:\/\/novaorg.cofb.net\/2014\/12\/18\/el-programa-de-deteccio-precoc-de-cancer-de-colon-i-recte-sesten-a-les-comarques-dosona-la-garrotxa-i-el-ripolles\/#primaryimage"},"thumbnailUrl":"","datePublished":"2014-12-18T13:54:40+00:00","dateModified":"2014-12-18T13:54:40+00:00","breadcrumb":{"@id":"https:\/\/novaorg.cofb.net\/2014\/12\/18\/el-programa-de-deteccio-precoc-de-cancer-de-colon-i-recte-sesten-a-les-comarques-dosona-la-garrotxa-i-el-ripolles\/#breadcrumb"},"inLanguage":"es","potentialAction":[{"@type":"ReadAction","target":["https:\/\/novaorg.cofb.net\/2014\/12\/18\/el-programa-de-deteccio-precoc-de-cancer-de-colon-i-recte-sesten-a-les-comarques-dosona-la-garrotxa-i-el-ripolles\/"]}]},{"@type":"ImageObject","inLanguage":"es","@id":"https:\/\/novaorg.cofb.net\/2014\/12\/18\/el-programa-de-deteccio-precoc-de-cancer-de-colon-i-recte-sesten-a-les-comarques-dosona-la-garrotxa-i-el-ripolles\/#primaryimage","url":"","contentUrl":""},{"@type":"BreadcrumbList","@id":"https:\/\/novaorg.cofb.net\/2014\/12\/18\/el-programa-de-deteccio-precoc-de-cancer-de-colon-i-recte-sesten-a-les-comarques-dosona-la-garrotxa-i-el-ripolles\/#breadcrumb","itemListElement":[{"@type":"ListItem","position":1,"name":"Inici","item":"https:\/\/novaorg.cofb.net\/"},{"@type":"ListItem","position":2,"name":"El Programa de Detecci\u00f3 Preco\u00e7 de C\u00e0ncer de C\u00f2lon i Recte s\u2019est\u00e9n a les comarques d&#8217;Osona, la Garrotxa i el Ripoll\u00e8s"}]},{"@type":"WebSite","@id":"https:\/\/www.cofb.org\/#website","url":"https:\/\/www.cofb.org\/","name":"Col\u00b7legi de Farmac\u00e8utics de Barcelona","description":"","publisher":{"@id":"https:\/\/www.cofb.org\/#organization"},"potentialAction":[{"@type":"SearchAction","target":{"@type":"EntryPoint","urlTemplate":"https:\/\/www.cofb.org\/?s={search_term_string}"},"query-input":"required name=search_term_string"}],"inLanguage":"es"},{"@type":"Organization","@id":"https:\/\/www.cofb.org\/#organization","name":"Col\u00b7legi de Farmac\u00e8utics de Barcelona","url":"https:\/\/www.cofb.org\/","logo":{"@type":"ImageObject","inLanguage":"es","@id":"https:\/\/www.cofb.org\/#\/schema\/logo\/image\/","url":"https:\/\/www.cofb.org\/wp-content\/uploads\/2023\/11\/cropped-Logotip-COFB.png","contentUrl":"https:\/\/www.cofb.org\/wp-content\/uploads\/2023\/11\/cropped-Logotip-COFB.png","width":500,"height":105,"caption":"Col\u00b7legi de Farmac\u00e8utics de Barcelona"},"image":{"@id":"https:\/\/www.cofb.org\/#\/schema\/logo\/image\/"},"sameAs":["https:\/\/www.facebook.com\/farmaceuticsbcn\/","https:\/\/twitter.com\/farmaceuticsbcn","https:\/\/www.instagram.com\/farmaceuticsbcn\/","https:\/\/www.linkedin.com\/company\/farmaceuticsbcn\/"]},{"@type":"Person","@id":"https:\/\/www.cofb.org\/#\/schema\/person\/22ed7eea88da74b0fa4d3154ad87ffcb","name":"wpAdminCofbOrg","image":{"@type":"ImageObject","inLanguage":"es","@id":"https:\/\/www.cofb.org\/#\/schema\/person\/image\/","url":"https:\/\/secure.gravatar.com\/avatar\/1721b20b3b8ca882c3b56ec6c978c594fff670e40c0718e9190eaeeb76aae7d8?s=96&d=mm&r=g","contentUrl":"https:\/\/secure.gravatar.com\/avatar\/1721b20b3b8ca882c3b56ec6c978c594fff670e40c0718e9190eaeeb76aae7d8?s=96&d=mm&r=g","caption":"wpAdminCofbOrg"},"sameAs":["http:\/\/192.168.64.122\/wordpress"],"url":"https:\/\/www.cofb.org\/es\/author\/wpadmincofborg\/"}]}},"uagb_featured_image_src":{"full":false,"thumbnail":false,"medium":false,"medium_large":false,"large":false,"1536x1536":false,"2048x2048":false,"trp-custom-language-flag":false},"uagb_author_info":{"display_name":"wpAdminCofbOrg","author_link":"https:\/\/www.cofb.org\/es\/author\/wpadmincofborg\/"},"uagb_comment_info":0,"uagb_excerpt":"Al mes de gener es posar\u00e0 en marxa el Programa de Detecci\u00f3 Preco\u00e7 de C\u00e0ncer de C\u00f2lon i Recte (PDPCCR) a les comarques d\u2019Osona, la Garrotxa i el Ripoll\u00e8s, en el marc del seu desplegament progressiu a tota Catalunya. Aquest programa forma part del Pla de Salut de Catalunya 2011-2015, [&hellip;]","_links":{"self":[{"href":"https:\/\/www.cofb.org\/es\/wp-json\/wp\/v2\/posts\/10716","targetHints":{"allow":["GET"]}}],"collection":[{"href":"https:\/\/www.cofb.org\/es\/wp-json\/wp\/v2\/posts"}],"about":[{"href":"https:\/\/www.cofb.org\/es\/wp-json\/wp\/v2\/types\/post"}],"author":[{"embeddable":true,"href":"https:\/\/www.cofb.org\/es\/wp-json\/wp\/v2\/users\/1"}],"replies":[{"embeddable":true,"href":"https:\/\/www.cofb.org\/es\/wp-json\/wp\/v2\/comments?post=10716"}],"version-history":[{"count":0,"href":"https:\/\/www.cofb.org\/es\/wp-json\/wp\/v2\/posts\/10716\/revisions"}],"wp:featuredmedia":[{"embeddable":true,"href":"https:\/\/www.cofb.org\/es\/wp-json\/"}],"wp:attachment":[{"href":"https:\/\/www.cofb.org\/es\/wp-json\/wp\/v2\/media?parent=10716"}],"wp:term":[{"taxonomy":"category","embeddable":true,"href":"https:\/\/www.cofb.org\/es\/wp-json\/wp\/v2\/categories?post=10716"},{"taxonomy":"post_tag","embeddable":true,"href":"https:\/\/www.cofb.org\/es\/wp-json\/wp\/v2\/tags?post=10716"}],"curies":[{"name":"wp","href":"https:\/\/api.w.org\/{rel}","templated":true}]}}