{"id":10551,"date":"2014-12-17T14:56:14","date_gmt":"2014-12-17T13:56:14","guid":{"rendered":"http:\/\/blog.cofb.cat\/?p=10551"},"modified":"2014-12-17T14:56:14","modified_gmt":"2014-12-17T13:56:14","slug":"les-apotecaries-de-barcelona-al-1714-quantes-nhi-havia-i-quantes-en-queden","status":"publish","type":"post","link":"https:\/\/www.cofb.org\/es\/2014\/12\/17\/les-apotecaries-de-barcelona-al-1714-quantes-nhi-havia-i-quantes-en-queden\/","title":{"rendered":"Las farmacias de Barcelona en 1714: \u00bfcu\u00e1ntas hab\u00eda y cu\u00e1ntas quedan?"},"content":{"rendered":"<figure id=\"attachment_10560\" aria-describedby=\"caption-attachment-10560\" style=\"width: 250px\" class=\"wp-caption alignright\"><a href=\"http:\/\/blog.cofb.cat\/wp-content\/uploads\/2014\/12\/cofb.141203-21.jpg\"><img decoding=\"async\" class=\"wp-image-10560\" alt=\"cofb.141203-21\" src=\"http:\/\/blog.cofb.cat\/wp-content\/uploads\/2014\/12\/cofb.141203-21.jpg\" width=\"250\" height=\"167\" \/><\/a><figcaption id=\"caption-attachment-10560\" class=\"wp-caption-text\">Josep Anton Poch, miembro de la Comisi\u00f3n de Jubilados del Colegio<\/figcaption><\/figure>\n<p>El pasado 3 de diciembre el COFB acogi\u00f3 la conferencia<strong><em> Las farmacias de Barcelona en 1714: cu\u00e1ntas hab\u00eda y cu\u00e1ntas quedan<\/em>, de la mano del doctor Josep Anton Poch, miembro de la Comisi\u00f3n de Jubilados del Colegio<\/strong>. El contenido de la conferencia fue el <strong>resultado de m\u00e1s de un a\u00f1o de trabajo de investigaci\u00f3n<\/strong> hecho por los miembros de esta comisi\u00f3n.<\/p>\n<p>El acto gir\u00f3 en torno a diferentes temas que se contextualizan en Barcelona a partir del once de septiembre de 1714, cuando la ciudad viv\u00eda las consecuencias de la derrota. Entre ellos destacan los boticarios, sobre todo en lo que se refiere a su situaci\u00f3n social de entonces ya las pruebas que deb\u00edan hacer para titularse; los medicamentos, cu\u00e1les eran y c\u00f3mo se preparaban; el Colegio de Boticarios de Barcelona, que data de 1445 y es el primero que empez\u00f3 a hacer las primeras farmacopeas, que se llaman concordias; y las apotecarias, aquellas derribadas en 1716 y las que sobrevivieron, cu\u00e1l era su situaci\u00f3n en 1714 y cu\u00e1l es su situaci\u00f3n actual.<\/p>\n<p>A ra\u00edz de la investigaci\u00f3n,\u00a0<strong>la Comisi\u00f3n de Jubilados ha conseguido identificar 23 apotecarias en la Barcelona de 1714<\/strong>\u00a0(aunque dos fueron derribadas posteriormente),\u00a0<strong>de las que actualmente s\u00f3lo quedan 3<\/strong>:<\/p>\n<p style=\"padding-left: 30px;\">\u2022 La farmacia Vilardaga, en la calle Montcada 10 (1598).<\/p>\n<p style=\"padding-left: 30px;\">\u2022 La farmacia Saurina, en la plaza de la Llana 11 (1600).<\/p>\n<p style=\"padding-left: 30px;\">\u2022 La farmacia Padrell, en la calle Sant Pere m\u00e1s bajo 52 (1561).<\/p>\n\n<p>Las dem\u00e1s apotecarias han ido desapareciendo, algunas de ellas en el<a href=\"http:\/\/www.enciclopedia.cat\/enciclop%C3%A8dies\/gran-enciclop%C3%A8dia-catalana\/EC-GEC-0017934.xml#.VJFpFtKG-VM\" target=\"_blank\" rel=\"noopener\">derribo de 1716<\/a>, cuando se dio la orden de echar al suelo unas 1.200 casas en el barrio de la Ribera, lo que supuso que entre 4 mil y 6 mil personas se quedaran en la calle. Otras apotecarias no fueron derribadas pero fueron desapareciendo a lo largo de los a\u00f1os. Un factor a destacar son las largas estirpes que las representaron; es un ejemplo de ello la farmacia Padrell, presente a lo largo de 222 a\u00f1os.<\/p>\n<p>La Comisi\u00f3n de Jubilados ha podido encontrar, gracias a la ayuda del\u00a0<a href=\"http:\/\/elborncentrecultural.bcn.cat\/es\/portada\" target=\"_blank\" rel=\"noopener\">Centro Cultural del Born<\/a>, una de las apotecarias que se derribaron entonces:\u00a0<strong>la boticar\u00eda Mollar. \u00c9sta se puede localizar en la plaza del Born<\/strong>\u00a0(aunque posteriormente se traslad\u00f3 al Paseo del Borne), donde se encuentra el monumento del m\u00e1stil, dedicado a los luchadores de 1714. All\u00ed en el suelo est\u00e1 marcada con una l\u00ednea la botica, que estar\u00eda en la planta baja, al nivel del yacimiento del Born, mientras que en el primer piso hab\u00eda una cofrad\u00eda.<\/p>\n\n<p>Otra de las apotecarias derribadas es<strong>\u00a0la Padrell<\/strong>. Esta, sin embargo, despu\u00e9s de ser derribada se traslad\u00f3 a la calle Sant Pere m\u00e1s bajo, y hoy en d\u00eda sigue con su actividad.\u00a0<strong>Datada de 1561, es considerada no s\u00f3lo la botica m\u00e1s antigua de Barcelona, sino tambi\u00e9n la tienda con m\u00e1s a\u00f1os de la ciudad<\/strong>, porque cuando un establecimiento se traslada este hecho no invalida su antig\u00fcedad.<\/p>\n<figure id=\"attachment_10761\" aria-describedby=\"caption-attachment-10761\" style=\"width: 308px\" class=\"wp-caption aligncenter\"><a href=\"http:\/\/blog.cofb.cat\/wp-content\/uploads\/2014\/12\/Apotecaria-Padrell.jpg\"><img fetchpriority=\"high\" decoding=\"async\" class=\"wp-image-10761\" alt=\"Apotecaria Padrell\" src=\"http:\/\/blog.cofb.cat\/wp-content\/uploads\/2014\/12\/Apotecaria-Padrell.jpg\" width=\"308\" height=\"289\" \/><\/a><figcaption id=\"caption-attachment-10761\" class=\"wp-caption-text\">Farmacia que hay donde estaba la boticar\u00eda Padrell<\/figcaption><\/figure>\n<div class=\"box shadow\"> <strong>\u00bfQu\u00e9 deb\u00eda hacerse para ser boticario?<\/strong> En cuanto a la obtenci\u00f3n del t\u00edtulo de boticario, seg\u00fan el doctor Poch no era nada f\u00e1cil, porque los boticarios deb\u00edan hacer un examen te\u00f3rico (en el que deb\u00edan memorizar preguntas y respuestas de los libros de la \u00e9poca, los cuales se llamaban cartillas), despu\u00e9s deb\u00edan realizar cinco a\u00f1os de pr\u00e1cticas en una botica, con un maestro reconocido y, finalmente, deb\u00edan pasar un examen pr\u00e1ctico. \u00c9ste consist\u00eda en la preparaci\u00f3n pr\u00e1ctica de una receta de una farmacopea de la concordia 1587, que se les daba para comprobar que sab\u00edan hacerla.<\/p>\n<p>Por otra parte, <strong>si un boticario quer\u00eda abrir una nueva botica deber\u00eda demostrar ante el Colegio de Boticarios de Barcelona 8 a\u00f1os de experiencia<\/strong> en una botica.<\/div>\n<p style=\"text-align: right;\">Con el patrocinio de Moritz:<\/p>\n<p>\u00a0<a href=\"http:\/\/moritz.com\/es\/mas_18?url_from=es\" target=\"_blank\" rel=\"http:\/\/moritz.com\/es\/mas_18?url_from=es noopener\"><img decoding=\"async\" class=\"wp-image-10565 alignright\" alt=\"imgres\" src=\"http:\/\/blog.cofb.cat\/wp-content\/uploads\/2014\/12\/imgres.jpg\" width=\"117\" height=\"117\" \/><\/a><\/p>","protected":false},"excerpt":{"rendered":"<p>El pasado 3 de diciembre el COFB acogi\u00f3 la conferencia Las apotecarias de Barcelona en 1714: cu\u00e1ntas hab\u00eda y cu\u00e1ntas quedan, de la mano del doctor Josep Anton Poch, miembro de la Comisi\u00f3n de Jubilados del Colegio. El contenido de la conferencia fue el resultado de m\u00e1s [\u2026]<\/p>","protected":false},"author":1,"featured_media":10761,"comment_status":"open","ping_status":"open","sticky":false,"template":"","format":"standard","meta":{"_uag_custom_page_level_css":"","site-sidebar-layout":"default","site-content-layout":"","ast-site-content-layout":"default","site-content-style":"default","site-sidebar-style":"default","ast-global-header-display":"","ast-banner-title-visibility":"","ast-main-header-display":"","ast-hfb-above-header-display":"","ast-hfb-below-header-display":"","ast-hfb-mobile-header-display":"","site-post-title":"","ast-breadcrumbs-content":"","ast-featured-img":"disabled","footer-sml-layout":"","theme-transparent-header-meta":"","adv-header-id-meta":"","stick-header-meta":"","header-above-stick-meta":"","header-main-stick-meta":"","header-below-stick-meta":"","astra-migrate-meta-layouts":"default","ast-page-background-enabled":"default","ast-page-background-meta":{"desktop":{"background-color":"var(--ast-global-color-4)","background-image":"","background-repeat":"repeat","background-position":"center center","background-size":"auto","background-attachment":"scroll","background-type":"","background-media":"","overlay-type":"","overlay-color":"","overlay-opacity":"","overlay-gradient":""},"tablet":{"background-color":"","background-image":"","background-repeat":"repeat","background-position":"center center","background-size":"auto","background-attachment":"scroll","background-type":"","background-media":"","overlay-type":"","overlay-color":"","overlay-opacity":"","overlay-gradient":""},"mobile":{"background-color":"","background-image":"","background-repeat":"repeat","background-position":"center center","background-size":"auto","background-attachment":"scroll","background-type":"","background-media":"","overlay-type":"","overlay-color":"","overlay-opacity":"","overlay-gradient":""}},"ast-content-background-meta":{"desktop":{"background-color":"var(--ast-global-color-5)","background-image":"","background-repeat":"repeat","background-position":"center center","background-size":"auto","background-attachment":"scroll","background-type":"","background-media":"","overlay-type":"","overlay-color":"","overlay-opacity":"","overlay-gradient":""},"tablet":{"background-color":"var(--ast-global-color-5)","background-image":"","background-repeat":"repeat","background-position":"center center","background-size":"auto","background-attachment":"scroll","background-type":"","background-media":"","overlay-type":"","overlay-color":"","overlay-opacity":"","overlay-gradient":""},"mobile":{"background-color":"var(--ast-global-color-5)","background-image":"","background-repeat":"repeat","background-position":"center center","background-size":"auto","background-attachment":"scroll","background-type":"","background-media":"","overlay-type":"","overlay-color":"","overlay-opacity":"","overlay-gradient":""}},"footnotes":""},"categories":[57],"tags":[2174,2175,689,2150,76,844],"class_list":["post-10551","post","type-post","status-publish","format-standard","has-post-thumbnail","hentry","category-mon-collegial","tag-2174","tag-apotecaries","tag-barcelona","tag-comissio-de-jubilats","tag-oficina-de-farmacia","tag-recerca"],"yoast_head":"<!-- This site is optimized with the Yoast SEO plugin v22.4 - https:\/\/yoast.com\/wordpress\/plugins\/seo\/ -->\n<title>Les apotecaries de Barcelona al 1714: quantes n\u2019hi havia i quantes en queden? - Col\u00b7legi de Farmac\u00e8utics de Barcelona<\/title>\n<meta name=\"robots\" content=\"index, follow, max-snippet:-1, max-image-preview:large, max-video-preview:-1\" \/>\n<link rel=\"canonical\" href=\"https:\/\/novaorg.cofb.net\/2014\/12\/17\/les-apotecaries-de-barcelona-al-1714-quantes-nhi-havia-i-quantes-en-queden\/\" \/>\n<meta property=\"og:locale\" content=\"es_ES\" \/>\n<meta property=\"og:type\" content=\"article\" \/>\n<meta property=\"og:title\" content=\"Les apotecaries de Barcelona al 1714: quantes n\u2019hi havia i quantes en queden? - Col\u00b7legi de Farmac\u00e8utics de Barcelona\" \/>\n<meta property=\"og:description\" content=\"El passat 3 de desembre el COFB va acollir la confer\u00e8ncia Les apotecaries de Barcelona el 1714: quantes n\u2019hi havia i quantes queden, de la m\u00e0 del doctor Josep Anton Poch, membre de la Comissi\u00f3 de Jubilats del Col\u00b7legi. El contingut de la confer\u00e8ncia va ser el resultat de m\u00e9s [&hellip;]\" \/>\n<meta property=\"og:url\" content=\"https:\/\/novaorg.cofb.net\/2014\/12\/17\/les-apotecaries-de-barcelona-al-1714-quantes-nhi-havia-i-quantes-en-queden\/\" \/>\n<meta property=\"og:site_name\" content=\"Col\u00b7legi de Farmac\u00e8utics de Barcelona\" \/>\n<meta property=\"article:publisher\" content=\"https:\/\/www.facebook.com\/farmaceuticsbcn\/\" \/>\n<meta property=\"article:published_time\" content=\"2014-12-17T13:56:14+00:00\" \/>\n<meta name=\"author\" content=\"wpAdminCofbOrg\" \/>\n<meta name=\"twitter:card\" content=\"summary_large_image\" \/>\n<meta name=\"twitter:creator\" content=\"@farmaceuticsbcn\" \/>\n<meta name=\"twitter:site\" content=\"@farmaceuticsbcn\" \/>\n<meta name=\"twitter:label1\" content=\"Escrito por\" \/>\n\t<meta name=\"twitter:data1\" content=\"wpAdminCofbOrg\" \/>\n\t<meta name=\"twitter:label2\" content=\"Tiempo de lectura\" \/>\n\t<meta name=\"twitter:data2\" content=\"3 minutos\" \/>\n<script type=\"application\/ld+json\" class=\"yoast-schema-graph\">{\"@context\":\"https:\/\/schema.org\",\"@graph\":[{\"@type\":\"Article\",\"@id\":\"https:\/\/novaorg.cofb.net\/2014\/12\/17\/les-apotecaries-de-barcelona-al-1714-quantes-nhi-havia-i-quantes-en-queden\/#article\",\"isPartOf\":{\"@id\":\"https:\/\/novaorg.cofb.net\/2014\/12\/17\/les-apotecaries-de-barcelona-al-1714-quantes-nhi-havia-i-quantes-en-queden\/\"},\"author\":{\"name\":\"wpAdminCofbOrg\",\"@id\":\"https:\/\/www.cofb.org\/#\/schema\/person\/22ed7eea88da74b0fa4d3154ad87ffcb\"},\"headline\":\"Les apotecaries de Barcelona al 1714: quantes n\u2019hi havia i quantes en queden?\",\"datePublished\":\"2014-12-17T13:56:14+00:00\",\"dateModified\":\"2014-12-17T13:56:14+00:00\",\"mainEntityOfPage\":{\"@id\":\"https:\/\/novaorg.cofb.net\/2014\/12\/17\/les-apotecaries-de-barcelona-al-1714-quantes-nhi-havia-i-quantes-en-queden\/\"},\"wordCount\":699,\"commentCount\":1,\"publisher\":{\"@id\":\"https:\/\/www.cofb.org\/#organization\"},\"image\":{\"@id\":\"https:\/\/novaorg.cofb.net\/2014\/12\/17\/les-apotecaries-de-barcelona-al-1714-quantes-nhi-havia-i-quantes-en-queden\/#primaryimage\"},\"thumbnailUrl\":\"\",\"keywords\":[\"1714\",\"apotecaries\",\"Barcelona\",\"Comissi\u00f3 de Jubilats\",\"Oficina de farm\u00e0cia\",\"Recerca\"],\"articleSection\":[\"M\u00f3n col\u00b7legial\"],\"inLanguage\":\"es\",\"potentialAction\":[{\"@type\":\"CommentAction\",\"name\":\"Comment\",\"target\":[\"https:\/\/novaorg.cofb.net\/2014\/12\/17\/les-apotecaries-de-barcelona-al-1714-quantes-nhi-havia-i-quantes-en-queden\/#respond\"]}]},{\"@type\":\"WebPage\",\"@id\":\"https:\/\/novaorg.cofb.net\/2014\/12\/17\/les-apotecaries-de-barcelona-al-1714-quantes-nhi-havia-i-quantes-en-queden\/\",\"url\":\"https:\/\/novaorg.cofb.net\/2014\/12\/17\/les-apotecaries-de-barcelona-al-1714-quantes-nhi-havia-i-quantes-en-queden\/\",\"name\":\"Les apotecaries de Barcelona al 1714: quantes n\u2019hi havia i quantes en queden? - Col\u00b7legi de Farmac\u00e8utics de Barcelona\",\"isPartOf\":{\"@id\":\"https:\/\/www.cofb.org\/#website\"},\"primaryImageOfPage\":{\"@id\":\"https:\/\/novaorg.cofb.net\/2014\/12\/17\/les-apotecaries-de-barcelona-al-1714-quantes-nhi-havia-i-quantes-en-queden\/#primaryimage\"},\"image\":{\"@id\":\"https:\/\/novaorg.cofb.net\/2014\/12\/17\/les-apotecaries-de-barcelona-al-1714-quantes-nhi-havia-i-quantes-en-queden\/#primaryimage\"},\"thumbnailUrl\":\"\",\"datePublished\":\"2014-12-17T13:56:14+00:00\",\"dateModified\":\"2014-12-17T13:56:14+00:00\",\"breadcrumb\":{\"@id\":\"https:\/\/novaorg.cofb.net\/2014\/12\/17\/les-apotecaries-de-barcelona-al-1714-quantes-nhi-havia-i-quantes-en-queden\/#breadcrumb\"},\"inLanguage\":\"es\",\"potentialAction\":[{\"@type\":\"ReadAction\",\"target\":[\"https:\/\/novaorg.cofb.net\/2014\/12\/17\/les-apotecaries-de-barcelona-al-1714-quantes-nhi-havia-i-quantes-en-queden\/\"]}]},{\"@type\":\"ImageObject\",\"inLanguage\":\"es\",\"@id\":\"https:\/\/novaorg.cofb.net\/2014\/12\/17\/les-apotecaries-de-barcelona-al-1714-quantes-nhi-havia-i-quantes-en-queden\/#primaryimage\",\"url\":\"\",\"contentUrl\":\"\"},{\"@type\":\"BreadcrumbList\",\"@id\":\"https:\/\/novaorg.cofb.net\/2014\/12\/17\/les-apotecaries-de-barcelona-al-1714-quantes-nhi-havia-i-quantes-en-queden\/#breadcrumb\",\"itemListElement\":[{\"@type\":\"ListItem\",\"position\":1,\"name\":\"Inici\",\"item\":\"https:\/\/novaorg.cofb.net\/\"},{\"@type\":\"ListItem\",\"position\":2,\"name\":\"Les apotecaries de Barcelona al 1714: quantes n\u2019hi havia i quantes en queden?\"}]},{\"@type\":\"WebSite\",\"@id\":\"https:\/\/www.cofb.org\/#website\",\"url\":\"https:\/\/www.cofb.org\/\",\"name\":\"Col\u00b7legi de Farmac\u00e8utics de Barcelona\",\"description\":\"\",\"publisher\":{\"@id\":\"https:\/\/www.cofb.org\/#organization\"},\"potentialAction\":[{\"@type\":\"SearchAction\",\"target\":{\"@type\":\"EntryPoint\",\"urlTemplate\":\"https:\/\/www.cofb.org\/?s={search_term_string}\"},\"query-input\":\"required name=search_term_string\"}],\"inLanguage\":\"es\"},{\"@type\":\"Organization\",\"@id\":\"https:\/\/www.cofb.org\/#organization\",\"name\":\"Col\u00b7legi de Farmac\u00e8utics de Barcelona\",\"url\":\"https:\/\/www.cofb.org\/\",\"logo\":{\"@type\":\"ImageObject\",\"inLanguage\":\"es\",\"@id\":\"https:\/\/www.cofb.org\/#\/schema\/logo\/image\/\",\"url\":\"https:\/\/www.cofb.org\/wp-content\/uploads\/2023\/11\/cropped-Logotip-COFB.png\",\"contentUrl\":\"https:\/\/www.cofb.org\/wp-content\/uploads\/2023\/11\/cropped-Logotip-COFB.png\",\"width\":500,\"height\":105,\"caption\":\"Col\u00b7legi de Farmac\u00e8utics de Barcelona\"},\"image\":{\"@id\":\"https:\/\/www.cofb.org\/#\/schema\/logo\/image\/\"},\"sameAs\":[\"https:\/\/www.facebook.com\/farmaceuticsbcn\/\",\"https:\/\/twitter.com\/farmaceuticsbcn\",\"https:\/\/www.instagram.com\/farmaceuticsbcn\/\",\"https:\/\/www.linkedin.com\/company\/farmaceuticsbcn\/\"]},{\"@type\":\"Person\",\"@id\":\"https:\/\/www.cofb.org\/#\/schema\/person\/22ed7eea88da74b0fa4d3154ad87ffcb\",\"name\":\"wpAdminCofbOrg\",\"image\":{\"@type\":\"ImageObject\",\"inLanguage\":\"es\",\"@id\":\"https:\/\/www.cofb.org\/#\/schema\/person\/image\/\",\"url\":\"https:\/\/secure.gravatar.com\/avatar\/1721b20b3b8ca882c3b56ec6c978c594fff670e40c0718e9190eaeeb76aae7d8?s=96&d=mm&r=g\",\"contentUrl\":\"https:\/\/secure.gravatar.com\/avatar\/1721b20b3b8ca882c3b56ec6c978c594fff670e40c0718e9190eaeeb76aae7d8?s=96&d=mm&r=g\",\"caption\":\"wpAdminCofbOrg\"},\"sameAs\":[\"http:\/\/192.168.64.122\/wordpress\"],\"url\":\"https:\/\/www.cofb.org\/es\/author\/wpadmincofborg\/\"}]}<\/script>\n<!-- \/ Yoast SEO plugin. -->","yoast_head_json":{"title":"Les apotecaries de Barcelona al 1714: quantes n\u2019hi havia i quantes en queden? - Col\u00b7legi de Farmac\u00e8utics de Barcelona","robots":{"index":"index","follow":"follow","max-snippet":"max-snippet:-1","max-image-preview":"max-image-preview:large","max-video-preview":"max-video-preview:-1"},"canonical":"https:\/\/novaorg.cofb.net\/2014\/12\/17\/les-apotecaries-de-barcelona-al-1714-quantes-nhi-havia-i-quantes-en-queden\/","og_locale":"es_ES","og_type":"article","og_title":"Les apotecaries de Barcelona al 1714: quantes n\u2019hi havia i quantes en queden? - Col\u00b7legi de Farmac\u00e8utics de Barcelona","og_description":"El passat 3 de desembre el COFB va acollir la confer\u00e8ncia Les apotecaries de Barcelona el 1714: quantes n\u2019hi havia i quantes queden, de la m\u00e0 del doctor Josep Anton Poch, membre de la Comissi\u00f3 de Jubilats del Col\u00b7legi. El contingut de la confer\u00e8ncia va ser el resultat de m\u00e9s [&hellip;]","og_url":"https:\/\/novaorg.cofb.net\/2014\/12\/17\/les-apotecaries-de-barcelona-al-1714-quantes-nhi-havia-i-quantes-en-queden\/","og_site_name":"Col\u00b7legi de Farmac\u00e8utics de Barcelona","article_publisher":"https:\/\/www.facebook.com\/farmaceuticsbcn\/","article_published_time":"2014-12-17T13:56:14+00:00","author":"wpAdminCofbOrg","twitter_card":"summary_large_image","twitter_creator":"@farmaceuticsbcn","twitter_site":"@farmaceuticsbcn","twitter_misc":{"Escrito por":"wpAdminCofbOrg","Tiempo de lectura":"3 minutos"},"schema":{"@context":"https:\/\/schema.org","@graph":[{"@type":"Article","@id":"https:\/\/novaorg.cofb.net\/2014\/12\/17\/les-apotecaries-de-barcelona-al-1714-quantes-nhi-havia-i-quantes-en-queden\/#article","isPartOf":{"@id":"https:\/\/novaorg.cofb.net\/2014\/12\/17\/les-apotecaries-de-barcelona-al-1714-quantes-nhi-havia-i-quantes-en-queden\/"},"author":{"name":"wpAdminCofbOrg","@id":"https:\/\/www.cofb.org\/#\/schema\/person\/22ed7eea88da74b0fa4d3154ad87ffcb"},"headline":"Les apotecaries de Barcelona al 1714: quantes n\u2019hi havia i quantes en queden?","datePublished":"2014-12-17T13:56:14+00:00","dateModified":"2014-12-17T13:56:14+00:00","mainEntityOfPage":{"@id":"https:\/\/novaorg.cofb.net\/2014\/12\/17\/les-apotecaries-de-barcelona-al-1714-quantes-nhi-havia-i-quantes-en-queden\/"},"wordCount":699,"commentCount":1,"publisher":{"@id":"https:\/\/www.cofb.org\/#organization"},"image":{"@id":"https:\/\/novaorg.cofb.net\/2014\/12\/17\/les-apotecaries-de-barcelona-al-1714-quantes-nhi-havia-i-quantes-en-queden\/#primaryimage"},"thumbnailUrl":"","keywords":["1714","apotecaries","Barcelona","Comissi\u00f3 de Jubilats","Oficina de farm\u00e0cia","Recerca"],"articleSection":["M\u00f3n col\u00b7legial"],"inLanguage":"es","potentialAction":[{"@type":"CommentAction","name":"Comment","target":["https:\/\/novaorg.cofb.net\/2014\/12\/17\/les-apotecaries-de-barcelona-al-1714-quantes-nhi-havia-i-quantes-en-queden\/#respond"]}]},{"@type":"WebPage","@id":"https:\/\/novaorg.cofb.net\/2014\/12\/17\/les-apotecaries-de-barcelona-al-1714-quantes-nhi-havia-i-quantes-en-queden\/","url":"https:\/\/novaorg.cofb.net\/2014\/12\/17\/les-apotecaries-de-barcelona-al-1714-quantes-nhi-havia-i-quantes-en-queden\/","name":"Les apotecaries de Barcelona al 1714: quantes n\u2019hi havia i quantes en queden? - Col\u00b7legi de Farmac\u00e8utics de Barcelona","isPartOf":{"@id":"https:\/\/www.cofb.org\/#website"},"primaryImageOfPage":{"@id":"https:\/\/novaorg.cofb.net\/2014\/12\/17\/les-apotecaries-de-barcelona-al-1714-quantes-nhi-havia-i-quantes-en-queden\/#primaryimage"},"image":{"@id":"https:\/\/novaorg.cofb.net\/2014\/12\/17\/les-apotecaries-de-barcelona-al-1714-quantes-nhi-havia-i-quantes-en-queden\/#primaryimage"},"thumbnailUrl":"","datePublished":"2014-12-17T13:56:14+00:00","dateModified":"2014-12-17T13:56:14+00:00","breadcrumb":{"@id":"https:\/\/novaorg.cofb.net\/2014\/12\/17\/les-apotecaries-de-barcelona-al-1714-quantes-nhi-havia-i-quantes-en-queden\/#breadcrumb"},"inLanguage":"es","potentialAction":[{"@type":"ReadAction","target":["https:\/\/novaorg.cofb.net\/2014\/12\/17\/les-apotecaries-de-barcelona-al-1714-quantes-nhi-havia-i-quantes-en-queden\/"]}]},{"@type":"ImageObject","inLanguage":"es","@id":"https:\/\/novaorg.cofb.net\/2014\/12\/17\/les-apotecaries-de-barcelona-al-1714-quantes-nhi-havia-i-quantes-en-queden\/#primaryimage","url":"","contentUrl":""},{"@type":"BreadcrumbList","@id":"https:\/\/novaorg.cofb.net\/2014\/12\/17\/les-apotecaries-de-barcelona-al-1714-quantes-nhi-havia-i-quantes-en-queden\/#breadcrumb","itemListElement":[{"@type":"ListItem","position":1,"name":"Inici","item":"https:\/\/novaorg.cofb.net\/"},{"@type":"ListItem","position":2,"name":"Les apotecaries de Barcelona al 1714: quantes n\u2019hi havia i quantes en queden?"}]},{"@type":"WebSite","@id":"https:\/\/www.cofb.org\/#website","url":"https:\/\/www.cofb.org\/","name":"Col\u00b7legi de Farmac\u00e8utics de Barcelona","description":"","publisher":{"@id":"https:\/\/www.cofb.org\/#organization"},"potentialAction":[{"@type":"SearchAction","target":{"@type":"EntryPoint","urlTemplate":"https:\/\/www.cofb.org\/?s={search_term_string}"},"query-input":"required name=search_term_string"}],"inLanguage":"es"},{"@type":"Organization","@id":"https:\/\/www.cofb.org\/#organization","name":"Col\u00b7legi de Farmac\u00e8utics de Barcelona","url":"https:\/\/www.cofb.org\/","logo":{"@type":"ImageObject","inLanguage":"es","@id":"https:\/\/www.cofb.org\/#\/schema\/logo\/image\/","url":"https:\/\/www.cofb.org\/wp-content\/uploads\/2023\/11\/cropped-Logotip-COFB.png","contentUrl":"https:\/\/www.cofb.org\/wp-content\/uploads\/2023\/11\/cropped-Logotip-COFB.png","width":500,"height":105,"caption":"Col\u00b7legi de Farmac\u00e8utics de Barcelona"},"image":{"@id":"https:\/\/www.cofb.org\/#\/schema\/logo\/image\/"},"sameAs":["https:\/\/www.facebook.com\/farmaceuticsbcn\/","https:\/\/twitter.com\/farmaceuticsbcn","https:\/\/www.instagram.com\/farmaceuticsbcn\/","https:\/\/www.linkedin.com\/company\/farmaceuticsbcn\/"]},{"@type":"Person","@id":"https:\/\/www.cofb.org\/#\/schema\/person\/22ed7eea88da74b0fa4d3154ad87ffcb","name":"wpAdminCofbOrg","image":{"@type":"ImageObject","inLanguage":"es","@id":"https:\/\/www.cofb.org\/#\/schema\/person\/image\/","url":"https:\/\/secure.gravatar.com\/avatar\/1721b20b3b8ca882c3b56ec6c978c594fff670e40c0718e9190eaeeb76aae7d8?s=96&d=mm&r=g","contentUrl":"https:\/\/secure.gravatar.com\/avatar\/1721b20b3b8ca882c3b56ec6c978c594fff670e40c0718e9190eaeeb76aae7d8?s=96&d=mm&r=g","caption":"wpAdminCofbOrg"},"sameAs":["http:\/\/192.168.64.122\/wordpress"],"url":"https:\/\/www.cofb.org\/es\/author\/wpadmincofborg\/"}]}},"uagb_featured_image_src":{"full":false,"thumbnail":false,"medium":false,"medium_large":false,"large":false,"1536x1536":false,"2048x2048":false,"trp-custom-language-flag":false},"uagb_author_info":{"display_name":"wpAdminCofbOrg","author_link":"https:\/\/www.cofb.org\/es\/author\/wpadmincofborg\/"},"uagb_comment_info":1,"uagb_excerpt":"El passat 3 de desembre el COFB va acollir la confer\u00e8ncia Les apotecaries de Barcelona el 1714: quantes n\u2019hi havia i quantes queden, de la m\u00e0 del doctor Josep Anton Poch, membre de la Comissi\u00f3 de Jubilats del Col\u00b7legi. El contingut de la confer\u00e8ncia va ser el resultat de m\u00e9s [&hellip;]","_links":{"self":[{"href":"https:\/\/www.cofb.org\/es\/wp-json\/wp\/v2\/posts\/10551","targetHints":{"allow":["GET"]}}],"collection":[{"href":"https:\/\/www.cofb.org\/es\/wp-json\/wp\/v2\/posts"}],"about":[{"href":"https:\/\/www.cofb.org\/es\/wp-json\/wp\/v2\/types\/post"}],"author":[{"embeddable":true,"href":"https:\/\/www.cofb.org\/es\/wp-json\/wp\/v2\/users\/1"}],"replies":[{"embeddable":true,"href":"https:\/\/www.cofb.org\/es\/wp-json\/wp\/v2\/comments?post=10551"}],"version-history":[{"count":0,"href":"https:\/\/www.cofb.org\/es\/wp-json\/wp\/v2\/posts\/10551\/revisions"}],"wp:featuredmedia":[{"embeddable":true,"href":"https:\/\/www.cofb.org\/es\/wp-json\/"}],"wp:attachment":[{"href":"https:\/\/www.cofb.org\/es\/wp-json\/wp\/v2\/media?parent=10551"}],"wp:term":[{"taxonomy":"category","embeddable":true,"href":"https:\/\/www.cofb.org\/es\/wp-json\/wp\/v2\/categories?post=10551"},{"taxonomy":"post_tag","embeddable":true,"href":"https:\/\/www.cofb.org\/es\/wp-json\/wp\/v2\/tags?post=10551"}],"curies":[{"name":"wp","href":"https:\/\/api.w.org\/{rel}","templated":true}]}}