{"id":10349,"date":"2014-12-11T13:28:12","date_gmt":"2014-12-11T12:28:12","guid":{"rendered":"http:\/\/blog.cofb.cat\/?p=10349"},"modified":"2014-12-11T13:28:12","modified_gmt":"2014-12-11T12:28:12","slug":"les-farmacies-de-pineda-de-mar-fan-front-comu-contra-el-tabaquisme","status":"publish","type":"post","link":"https:\/\/www.cofb.org\/es\/2014\/12\/11\/les-farmacies-de-pineda-de-mar-fan-front-comu-contra-el-tabaquisme\/","title":{"rendered":"Las farmacias de Pineda de Mar hacen frente com\u00fan contra el tabaquismo"},"content":{"rendered":"<p><a href=\"http:\/\/blog.cofb.cat\/wp-content\/uploads\/2014\/12\/pinedasensefums.png\"><img decoding=\"async\" class=\"alignleft  wp-image-10351\" alt=\"pinedasensefums\" src=\"http:\/\/blog.cofb.cat\/wp-content\/uploads\/2014\/12\/pinedasensefums.png\" width=\"158\" height=\"196\" \/><\/a>Las farmacias de Pineda de Mar se han adherido a la <strong>campa\u00f1a de salud comunitaria \u201cPineda Sense Fums\u201d<\/strong> impulsada por el Ayuntamiento de este municipio. Es la tercera campa\u00f1a en el \u00e1mbito sanitario en el que participan, conjuntamente con los centros de atenci\u00f3n primaria, despu\u00e9s del \u00e9xito participativo de las campa\u00f1as anteriores \u201cCon el Cor no juegues\u201d y \u201cSalut Mental: Mejor haciendo pi\u00f1a\u201d. La campa\u00f1a quiere animar a los fumadores a dejarlo, a hacer todo lo posible para reducir el n\u00famero de nuevos fumadores, incidiendo en los m\u00e1s j\u00f3venes, y promoviendo estilos de vida m\u00e1s saludables, y luchar contra los efectos del humo ambiental del tabaco (FAT ), especialmente en los ni\u00f1os.<\/p>\n<p><span style=\"color: #888888;\"><b>El tabaco es la causa de un listado largo de enfermedades (c\u00e1ncer, enfisema, bronquitis cr\u00f3nica, accidentes vasculares\u2026) y tiene el dudoso honor de ser la primera causa de p\u00e9rdida de salud y muerte prematura y evitable.<\/b><\/span><\/p>\n<p>El 80% de las farmacias de la localidad est\u00e1n implicadas en esta campa\u00f1a. La iniciativa tambi\u00e9n cuenta con la implicaci\u00f3n de los profesionales del centro de atenci\u00f3n primaria de la ciudad (m\u00e9dicos y enfermeras, ginec\u00f3logo y comadrona, odont\u00f3logo), la Comunidad Terap\u00e9utica del Maresme, los t\u00e9cnicos de salud p\u00fablica y otros t\u00e9cnicos (deportes, servicios sociales, comercio, etc.), la complicidad del Ayuntamiento de Pineda de Mar y el apoyo de la Generalidad de Catalu\u00f1a.<\/p>\n<div class=\"box shadow\">&quot;Las farmacias nos hemos preparado activamente para poder actuar con plenas garant\u00edas en la campa\u00f1a. Hicimos dos formaciones conjuntas con todos los sanitarios de Pineda (m\u00e9dicos, enfermeras y farmac\u00e9uticos), a cargo de un m\u00e9dico especialista en dependencias del Hospital de Calella y, posteriormente, recibimos una formaci\u00f3n espec\u00edfica para farmac\u00e9uticos&quot; <strong>Jaume Pombo<\/strong>, farmac\u00e9utico comunitario y coordinador del proyecto en las farmacias de Pineda de Mar.<\/div>\n<figure id=\"attachment_10385\" aria-describedby=\"caption-attachment-10385\" style=\"width: 304px\" class=\"wp-caption alignright\"><a href=\"http:\/\/blog.cofb.cat\/wp-content\/uploads\/2014\/12\/Presentaci\u00f3-campanya-Pinedasensefums.jpg\"><img fetchpriority=\"high\" decoding=\"async\" class=\"wp-image-10385\" alt=\"Presentaci\u00f3 campanya Pinedasensefums\" src=\"http:\/\/blog.cofb.cat\/wp-content\/uploads\/2014\/12\/Presentaci\u00f3-campanya-Pinedasensefums.jpg\" width=\"304\" height=\"229\" \/><\/a><figcaption id=\"caption-attachment-10385\" class=\"wp-caption-text\">Presentaci\u00f3n de la campa\u00f1a en el Ayuntamiento de Pineda de Mar.<br \/>Cr\u00e9dito imagen: Jaume Pombo<\/figcaption><\/figure>\n<p>La campa\u00f1a est\u00e1 en marcha y se present\u00f3 oficialmente el 29 de octubre en el Ayuntamiento de Pineda: cont\u00f3 con la asistencia la Subdirectora General de Promoci\u00f3n de la Salud, Carmen Cabezas en representaci\u00f3n de la Agencia de Salud P\u00fablica de Catalu\u00f1a , la Coordinadora de Atenci\u00f3n Primaria del ICS, Sara Rodr\u00edguez, y el presidente del Colegio de Farmac\u00e9uticos de Barcelona, Jordi de Dalmases. El acto estuvo presidido por el concejal de salud, Santiago Macip, coordinador del \u00c1rea de Calidad de Vida, y el alcalde de Pineda, Xavier Amor.<\/p>\n<p>Durante la campa\u00f1a se har\u00e1n charlas y se establecer\u00e1 un circuito de atenci\u00f3n al fumador en el CAP, y en <strong>las farmacias habr\u00e1 puntos de informaci\u00f3n y asesoramiento y seguimientos de los tratamientos<\/strong>. Tambi\u00e9n se realizar\u00e1n talleres en las escuelas e institutos, un concurso de carteles sin humo, y formaci\u00f3n en el equipo docente de los centros escolares. En el \u00e1mbito deportivo se har\u00e1 formaci\u00f3n a monitores y entrenadores, y en los establecimientos hoteleros se podr\u00e1 ver el r\u00f3tulo del sello &#039;Pineda sense Fums&#039;. Por lo que respecta a las entidades ciudadanas de Pineda, habr\u00e1 caminatas, talleres, charlas, ferias, conciertos, actuaciones art\u00edsticas y competiciones deportivas de car\u00e1cter ben\u00e9fico en favor de la campa\u00f1a. \u201cPineda sense Fums\u201d se alargar\u00e1 hasta el 31 de mayo, D\u00eda Internacional contra el Tabaco.<\/p>\n<p>Consultar <span style=\"text-decoration: underline;\"><a href=\"http:\/\/www.papsf.cat\/_Adm3\/upload\/docs\/PapsfDoc2505.pdf\" target=\"_blank\" rel=\"noopener\">folleto informativo de la campa\u00f1a<\/a><\/span>, que incluye las farmacias participantes.\u00a0<a href=\"http:\/\/www.papsf.cat\/_Adm3\/upload\/docs\/PapsfDoc2505.pdf\"><br \/>\n<\/a><\/p>\n<p>M\u00e1s informaci\u00f3n de inter\u00e9s:\u00a0<span style=\"text-decoration: underline;\"><b><a href=\"http:\/\/www.farmaceuticonline.com\/ca\/farmacies\/serveis-addicionals\/665?showall=1\" target=\"_blank\" rel=\"noopener\">Programa de Cese Tab\u00e1quica del COFB (PCT)<\/a><\/b><\/span><\/p>","protected":false},"excerpt":{"rendered":"<p>Las farmacias de Pineda de Mar se han adherido a la campa\u00f1a de salud comunitaria \u201cPineda Sense Fums\u201d impulsada por el Ayuntamiento de este municipio. Es la tercera campa\u00f1a en el \u00e1mbito sanitario en el que participan, conjuntamente con los centros de atenci\u00f3n primaria, despu\u00e9s del \u00e9xito participativo de las campa\u00f1as anteriores \u201cCon el Cor no [\u2026]<\/p>","protected":false},"author":1,"featured_media":10398,"comment_status":"open","ping_status":"open","sticky":false,"template":"","format":"standard","meta":{"_uag_custom_page_level_css":"","site-sidebar-layout":"default","site-content-layout":"","ast-site-content-layout":"default","site-content-style":"default","site-sidebar-style":"default","ast-global-header-display":"","ast-banner-title-visibility":"","ast-main-header-display":"","ast-hfb-above-header-display":"","ast-hfb-below-header-display":"","ast-hfb-mobile-header-display":"","site-post-title":"","ast-breadcrumbs-content":"","ast-featured-img":"disabled","footer-sml-layout":"","theme-transparent-header-meta":"","adv-header-id-meta":"","stick-header-meta":"","header-above-stick-meta":"","header-main-stick-meta":"","header-below-stick-meta":"","astra-migrate-meta-layouts":"default","ast-page-background-enabled":"default","ast-page-background-meta":{"desktop":{"background-color":"var(--ast-global-color-4)","background-image":"","background-repeat":"repeat","background-position":"center center","background-size":"auto","background-attachment":"scroll","background-type":"","background-media":"","overlay-type":"","overlay-color":"","overlay-opacity":"","overlay-gradient":""},"tablet":{"background-color":"","background-image":"","background-repeat":"repeat","background-position":"center center","background-size":"auto","background-attachment":"scroll","background-type":"","background-media":"","overlay-type":"","overlay-color":"","overlay-opacity":"","overlay-gradient":""},"mobile":{"background-color":"","background-image":"","background-repeat":"repeat","background-position":"center center","background-size":"auto","background-attachment":"scroll","background-type":"","background-media":"","overlay-type":"","overlay-color":"","overlay-opacity":"","overlay-gradient":""}},"ast-content-background-meta":{"desktop":{"background-color":"var(--ast-global-color-5)","background-image":"","background-repeat":"repeat","background-position":"center center","background-size":"auto","background-attachment":"scroll","background-type":"","background-media":"","overlay-type":"","overlay-color":"","overlay-opacity":"","overlay-gradient":""},"tablet":{"background-color":"var(--ast-global-color-5)","background-image":"","background-repeat":"repeat","background-position":"center center","background-size":"auto","background-attachment":"scroll","background-type":"","background-media":"","overlay-type":"","overlay-color":"","overlay-opacity":"","overlay-gradient":""},"mobile":{"background-color":"var(--ast-global-color-5)","background-image":"","background-repeat":"repeat","background-position":"center center","background-size":"auto","background-attachment":"scroll","background-type":"","background-media":"","overlay-type":"","overlay-color":"","overlay-opacity":"","overlay-gradient":""}},"footnotes":""},"categories":[32],"tags":[64,76,136,138],"class_list":["post-10349","post","type-post","status-publish","format-standard","has-post-thumbnail","hentry","category-noticies-farmacia","tag-atencio-farmaceutica","tag-oficina-de-farmacia","tag-programa-de-cessacio-tabaquica","tag-tabaquisme"],"yoast_head":"<!-- This site is optimized with the Yoast SEO plugin v22.4 - https:\/\/yoast.com\/wordpress\/plugins\/seo\/ -->\n<title>Les farm\u00e0cies de Pineda de Mar fan front com\u00fa contra el tabaquisme - Col\u00b7legi de Farmac\u00e8utics de Barcelona<\/title>\n<meta name=\"robots\" content=\"index, follow, max-snippet:-1, max-image-preview:large, max-video-preview:-1\" \/>\n<link rel=\"canonical\" href=\"https:\/\/novaorg.cofb.net\/2014\/12\/11\/les-farmacies-de-pineda-de-mar-fan-front-comu-contra-el-tabaquisme\/\" \/>\n<meta property=\"og:locale\" content=\"es_ES\" \/>\n<meta property=\"og:type\" content=\"article\" \/>\n<meta property=\"og:title\" content=\"Les farm\u00e0cies de Pineda de Mar fan front com\u00fa contra el tabaquisme - Col\u00b7legi de Farmac\u00e8utics de Barcelona\" \/>\n<meta property=\"og:description\" content=\"Les farm\u00e0cies de Pineda de Mar s\u2019han adherit a la campanya de salut comunit\u00e0ria \u201cPineda Sense Fums\u201d impulsada per l\u2019Ajuntament d\u2019aquest municipi. \u00c9s la tercera campanya en l&#8217;\u00e0mbit sanitari en qu\u00e8 participen, conjuntament amb els centres d\u2019atenci\u00f3 prim\u00e0ria, despr\u00e8s de l&#8217;\u00e8xit participatiu de les campanyes anteriors &#8220;Amb el Cor no [&hellip;]\" \/>\n<meta property=\"og:url\" content=\"https:\/\/novaorg.cofb.net\/2014\/12\/11\/les-farmacies-de-pineda-de-mar-fan-front-comu-contra-el-tabaquisme\/\" \/>\n<meta property=\"og:site_name\" content=\"Col\u00b7legi de Farmac\u00e8utics de Barcelona\" \/>\n<meta property=\"article:publisher\" content=\"https:\/\/www.facebook.com\/farmaceuticsbcn\/\" \/>\n<meta property=\"article:published_time\" content=\"2014-12-11T12:28:12+00:00\" \/>\n<meta name=\"author\" content=\"wpAdminCofbOrg\" \/>\n<meta name=\"twitter:card\" content=\"summary_large_image\" \/>\n<meta name=\"twitter:creator\" content=\"@farmaceuticsbcn\" \/>\n<meta name=\"twitter:site\" content=\"@farmaceuticsbcn\" \/>\n<meta name=\"twitter:label1\" content=\"Escrito por\" \/>\n\t<meta name=\"twitter:data1\" content=\"wpAdminCofbOrg\" \/>\n\t<meta name=\"twitter:label2\" content=\"Tiempo de lectura\" \/>\n\t<meta name=\"twitter:data2\" content=\"3 minutos\" \/>\n<script type=\"application\/ld+json\" class=\"yoast-schema-graph\">{\"@context\":\"https:\/\/schema.org\",\"@graph\":[{\"@type\":\"Article\",\"@id\":\"https:\/\/novaorg.cofb.net\/2014\/12\/11\/les-farmacies-de-pineda-de-mar-fan-front-comu-contra-el-tabaquisme\/#article\",\"isPartOf\":{\"@id\":\"https:\/\/novaorg.cofb.net\/2014\/12\/11\/les-farmacies-de-pineda-de-mar-fan-front-comu-contra-el-tabaquisme\/\"},\"author\":{\"name\":\"wpAdminCofbOrg\",\"@id\":\"https:\/\/www.cofb.org\/#\/schema\/person\/22ed7eea88da74b0fa4d3154ad87ffcb\"},\"headline\":\"Les farm\u00e0cies de Pineda de Mar fan front com\u00fa contra el tabaquisme\",\"datePublished\":\"2014-12-11T12:28:12+00:00\",\"dateModified\":\"2014-12-11T12:28:12+00:00\",\"mainEntityOfPage\":{\"@id\":\"https:\/\/novaorg.cofb.net\/2014\/12\/11\/les-farmacies-de-pineda-de-mar-fan-front-comu-contra-el-tabaquisme\/\"},\"wordCount\":611,\"commentCount\":0,\"publisher\":{\"@id\":\"https:\/\/www.cofb.org\/#organization\"},\"image\":{\"@id\":\"https:\/\/novaorg.cofb.net\/2014\/12\/11\/les-farmacies-de-pineda-de-mar-fan-front-comu-contra-el-tabaquisme\/#primaryimage\"},\"thumbnailUrl\":\"\",\"keywords\":[\"Atenci\u00f3 farmac\u00e8utica\",\"Oficina de farm\u00e0cia\",\"Programa de cessaci\u00f3 tab\u00e0quica\",\"tabaquisme\"],\"articleSection\":[\"Not\u00edcies farm\u00e0cia\"],\"inLanguage\":\"es\",\"potentialAction\":[{\"@type\":\"CommentAction\",\"name\":\"Comment\",\"target\":[\"https:\/\/novaorg.cofb.net\/2014\/12\/11\/les-farmacies-de-pineda-de-mar-fan-front-comu-contra-el-tabaquisme\/#respond\"]}]},{\"@type\":\"WebPage\",\"@id\":\"https:\/\/novaorg.cofb.net\/2014\/12\/11\/les-farmacies-de-pineda-de-mar-fan-front-comu-contra-el-tabaquisme\/\",\"url\":\"https:\/\/novaorg.cofb.net\/2014\/12\/11\/les-farmacies-de-pineda-de-mar-fan-front-comu-contra-el-tabaquisme\/\",\"name\":\"Les farm\u00e0cies de Pineda de Mar fan front com\u00fa contra el tabaquisme - Col\u00b7legi de Farmac\u00e8utics de Barcelona\",\"isPartOf\":{\"@id\":\"https:\/\/www.cofb.org\/#website\"},\"primaryImageOfPage\":{\"@id\":\"https:\/\/novaorg.cofb.net\/2014\/12\/11\/les-farmacies-de-pineda-de-mar-fan-front-comu-contra-el-tabaquisme\/#primaryimage\"},\"image\":{\"@id\":\"https:\/\/novaorg.cofb.net\/2014\/12\/11\/les-farmacies-de-pineda-de-mar-fan-front-comu-contra-el-tabaquisme\/#primaryimage\"},\"thumbnailUrl\":\"\",\"datePublished\":\"2014-12-11T12:28:12+00:00\",\"dateModified\":\"2014-12-11T12:28:12+00:00\",\"breadcrumb\":{\"@id\":\"https:\/\/novaorg.cofb.net\/2014\/12\/11\/les-farmacies-de-pineda-de-mar-fan-front-comu-contra-el-tabaquisme\/#breadcrumb\"},\"inLanguage\":\"es\",\"potentialAction\":[{\"@type\":\"ReadAction\",\"target\":[\"https:\/\/novaorg.cofb.net\/2014\/12\/11\/les-farmacies-de-pineda-de-mar-fan-front-comu-contra-el-tabaquisme\/\"]}]},{\"@type\":\"ImageObject\",\"inLanguage\":\"es\",\"@id\":\"https:\/\/novaorg.cofb.net\/2014\/12\/11\/les-farmacies-de-pineda-de-mar-fan-front-comu-contra-el-tabaquisme\/#primaryimage\",\"url\":\"\",\"contentUrl\":\"\"},{\"@type\":\"BreadcrumbList\",\"@id\":\"https:\/\/novaorg.cofb.net\/2014\/12\/11\/les-farmacies-de-pineda-de-mar-fan-front-comu-contra-el-tabaquisme\/#breadcrumb\",\"itemListElement\":[{\"@type\":\"ListItem\",\"position\":1,\"name\":\"Inici\",\"item\":\"https:\/\/novaorg.cofb.net\/\"},{\"@type\":\"ListItem\",\"position\":2,\"name\":\"Les farm\u00e0cies de Pineda de Mar fan front com\u00fa contra el tabaquisme\"}]},{\"@type\":\"WebSite\",\"@id\":\"https:\/\/www.cofb.org\/#website\",\"url\":\"https:\/\/www.cofb.org\/\",\"name\":\"Col\u00b7legi de Farmac\u00e8utics de Barcelona\",\"description\":\"\",\"publisher\":{\"@id\":\"https:\/\/www.cofb.org\/#organization\"},\"potentialAction\":[{\"@type\":\"SearchAction\",\"target\":{\"@type\":\"EntryPoint\",\"urlTemplate\":\"https:\/\/www.cofb.org\/?s={search_term_string}\"},\"query-input\":\"required name=search_term_string\"}],\"inLanguage\":\"es\"},{\"@type\":\"Organization\",\"@id\":\"https:\/\/www.cofb.org\/#organization\",\"name\":\"Col\u00b7legi de Farmac\u00e8utics de Barcelona\",\"url\":\"https:\/\/www.cofb.org\/\",\"logo\":{\"@type\":\"ImageObject\",\"inLanguage\":\"es\",\"@id\":\"https:\/\/www.cofb.org\/#\/schema\/logo\/image\/\",\"url\":\"https:\/\/www.cofb.org\/wp-content\/uploads\/2023\/11\/cropped-Logotip-COFB.png\",\"contentUrl\":\"https:\/\/www.cofb.org\/wp-content\/uploads\/2023\/11\/cropped-Logotip-COFB.png\",\"width\":500,\"height\":105,\"caption\":\"Col\u00b7legi de Farmac\u00e8utics de Barcelona\"},\"image\":{\"@id\":\"https:\/\/www.cofb.org\/#\/schema\/logo\/image\/\"},\"sameAs\":[\"https:\/\/www.facebook.com\/farmaceuticsbcn\/\",\"https:\/\/twitter.com\/farmaceuticsbcn\",\"https:\/\/www.instagram.com\/farmaceuticsbcn\/\",\"https:\/\/www.linkedin.com\/company\/farmaceuticsbcn\/\"]},{\"@type\":\"Person\",\"@id\":\"https:\/\/www.cofb.org\/#\/schema\/person\/22ed7eea88da74b0fa4d3154ad87ffcb\",\"name\":\"wpAdminCofbOrg\",\"image\":{\"@type\":\"ImageObject\",\"inLanguage\":\"es\",\"@id\":\"https:\/\/www.cofb.org\/#\/schema\/person\/image\/\",\"url\":\"https:\/\/secure.gravatar.com\/avatar\/1721b20b3b8ca882c3b56ec6c978c594fff670e40c0718e9190eaeeb76aae7d8?s=96&d=mm&r=g\",\"contentUrl\":\"https:\/\/secure.gravatar.com\/avatar\/1721b20b3b8ca882c3b56ec6c978c594fff670e40c0718e9190eaeeb76aae7d8?s=96&d=mm&r=g\",\"caption\":\"wpAdminCofbOrg\"},\"sameAs\":[\"http:\/\/192.168.64.122\/wordpress\"],\"url\":\"https:\/\/www.cofb.org\/es\/author\/wpadmincofborg\/\"}]}<\/script>\n<!-- \/ Yoast SEO plugin. -->","yoast_head_json":{"title":"Les farm\u00e0cies de Pineda de Mar fan front com\u00fa contra el tabaquisme - Col\u00b7legi de Farmac\u00e8utics de Barcelona","robots":{"index":"index","follow":"follow","max-snippet":"max-snippet:-1","max-image-preview":"max-image-preview:large","max-video-preview":"max-video-preview:-1"},"canonical":"https:\/\/novaorg.cofb.net\/2014\/12\/11\/les-farmacies-de-pineda-de-mar-fan-front-comu-contra-el-tabaquisme\/","og_locale":"es_ES","og_type":"article","og_title":"Les farm\u00e0cies de Pineda de Mar fan front com\u00fa contra el tabaquisme - Col\u00b7legi de Farmac\u00e8utics de Barcelona","og_description":"Les farm\u00e0cies de Pineda de Mar s\u2019han adherit a la campanya de salut comunit\u00e0ria \u201cPineda Sense Fums\u201d impulsada per l\u2019Ajuntament d\u2019aquest municipi. \u00c9s la tercera campanya en l&#8217;\u00e0mbit sanitari en qu\u00e8 participen, conjuntament amb els centres d\u2019atenci\u00f3 prim\u00e0ria, despr\u00e8s de l&#8217;\u00e8xit participatiu de les campanyes anteriors &#8220;Amb el Cor no [&hellip;]","og_url":"https:\/\/novaorg.cofb.net\/2014\/12\/11\/les-farmacies-de-pineda-de-mar-fan-front-comu-contra-el-tabaquisme\/","og_site_name":"Col\u00b7legi de Farmac\u00e8utics de Barcelona","article_publisher":"https:\/\/www.facebook.com\/farmaceuticsbcn\/","article_published_time":"2014-12-11T12:28:12+00:00","author":"wpAdminCofbOrg","twitter_card":"summary_large_image","twitter_creator":"@farmaceuticsbcn","twitter_site":"@farmaceuticsbcn","twitter_misc":{"Escrito por":"wpAdminCofbOrg","Tiempo de lectura":"3 minutos"},"schema":{"@context":"https:\/\/schema.org","@graph":[{"@type":"Article","@id":"https:\/\/novaorg.cofb.net\/2014\/12\/11\/les-farmacies-de-pineda-de-mar-fan-front-comu-contra-el-tabaquisme\/#article","isPartOf":{"@id":"https:\/\/novaorg.cofb.net\/2014\/12\/11\/les-farmacies-de-pineda-de-mar-fan-front-comu-contra-el-tabaquisme\/"},"author":{"name":"wpAdminCofbOrg","@id":"https:\/\/www.cofb.org\/#\/schema\/person\/22ed7eea88da74b0fa4d3154ad87ffcb"},"headline":"Les farm\u00e0cies de Pineda de Mar fan front com\u00fa contra el tabaquisme","datePublished":"2014-12-11T12:28:12+00:00","dateModified":"2014-12-11T12:28:12+00:00","mainEntityOfPage":{"@id":"https:\/\/novaorg.cofb.net\/2014\/12\/11\/les-farmacies-de-pineda-de-mar-fan-front-comu-contra-el-tabaquisme\/"},"wordCount":611,"commentCount":0,"publisher":{"@id":"https:\/\/www.cofb.org\/#organization"},"image":{"@id":"https:\/\/novaorg.cofb.net\/2014\/12\/11\/les-farmacies-de-pineda-de-mar-fan-front-comu-contra-el-tabaquisme\/#primaryimage"},"thumbnailUrl":"","keywords":["Atenci\u00f3 farmac\u00e8utica","Oficina de farm\u00e0cia","Programa de cessaci\u00f3 tab\u00e0quica","tabaquisme"],"articleSection":["Not\u00edcies farm\u00e0cia"],"inLanguage":"es","potentialAction":[{"@type":"CommentAction","name":"Comment","target":["https:\/\/novaorg.cofb.net\/2014\/12\/11\/les-farmacies-de-pineda-de-mar-fan-front-comu-contra-el-tabaquisme\/#respond"]}]},{"@type":"WebPage","@id":"https:\/\/novaorg.cofb.net\/2014\/12\/11\/les-farmacies-de-pineda-de-mar-fan-front-comu-contra-el-tabaquisme\/","url":"https:\/\/novaorg.cofb.net\/2014\/12\/11\/les-farmacies-de-pineda-de-mar-fan-front-comu-contra-el-tabaquisme\/","name":"Les farm\u00e0cies de Pineda de Mar fan front com\u00fa contra el tabaquisme - Col\u00b7legi de Farmac\u00e8utics de Barcelona","isPartOf":{"@id":"https:\/\/www.cofb.org\/#website"},"primaryImageOfPage":{"@id":"https:\/\/novaorg.cofb.net\/2014\/12\/11\/les-farmacies-de-pineda-de-mar-fan-front-comu-contra-el-tabaquisme\/#primaryimage"},"image":{"@id":"https:\/\/novaorg.cofb.net\/2014\/12\/11\/les-farmacies-de-pineda-de-mar-fan-front-comu-contra-el-tabaquisme\/#primaryimage"},"thumbnailUrl":"","datePublished":"2014-12-11T12:28:12+00:00","dateModified":"2014-12-11T12:28:12+00:00","breadcrumb":{"@id":"https:\/\/novaorg.cofb.net\/2014\/12\/11\/les-farmacies-de-pineda-de-mar-fan-front-comu-contra-el-tabaquisme\/#breadcrumb"},"inLanguage":"es","potentialAction":[{"@type":"ReadAction","target":["https:\/\/novaorg.cofb.net\/2014\/12\/11\/les-farmacies-de-pineda-de-mar-fan-front-comu-contra-el-tabaquisme\/"]}]},{"@type":"ImageObject","inLanguage":"es","@id":"https:\/\/novaorg.cofb.net\/2014\/12\/11\/les-farmacies-de-pineda-de-mar-fan-front-comu-contra-el-tabaquisme\/#primaryimage","url":"","contentUrl":""},{"@type":"BreadcrumbList","@id":"https:\/\/novaorg.cofb.net\/2014\/12\/11\/les-farmacies-de-pineda-de-mar-fan-front-comu-contra-el-tabaquisme\/#breadcrumb","itemListElement":[{"@type":"ListItem","position":1,"name":"Inici","item":"https:\/\/novaorg.cofb.net\/"},{"@type":"ListItem","position":2,"name":"Les farm\u00e0cies de Pineda de Mar fan front com\u00fa contra el tabaquisme"}]},{"@type":"WebSite","@id":"https:\/\/www.cofb.org\/#website","url":"https:\/\/www.cofb.org\/","name":"Col\u00b7legi de Farmac\u00e8utics de Barcelona","description":"","publisher":{"@id":"https:\/\/www.cofb.org\/#organization"},"potentialAction":[{"@type":"SearchAction","target":{"@type":"EntryPoint","urlTemplate":"https:\/\/www.cofb.org\/?s={search_term_string}"},"query-input":"required name=search_term_string"}],"inLanguage":"es"},{"@type":"Organization","@id":"https:\/\/www.cofb.org\/#organization","name":"Col\u00b7legi de Farmac\u00e8utics de Barcelona","url":"https:\/\/www.cofb.org\/","logo":{"@type":"ImageObject","inLanguage":"es","@id":"https:\/\/www.cofb.org\/#\/schema\/logo\/image\/","url":"https:\/\/www.cofb.org\/wp-content\/uploads\/2023\/11\/cropped-Logotip-COFB.png","contentUrl":"https:\/\/www.cofb.org\/wp-content\/uploads\/2023\/11\/cropped-Logotip-COFB.png","width":500,"height":105,"caption":"Col\u00b7legi de Farmac\u00e8utics de Barcelona"},"image":{"@id":"https:\/\/www.cofb.org\/#\/schema\/logo\/image\/"},"sameAs":["https:\/\/www.facebook.com\/farmaceuticsbcn\/","https:\/\/twitter.com\/farmaceuticsbcn","https:\/\/www.instagram.com\/farmaceuticsbcn\/","https:\/\/www.linkedin.com\/company\/farmaceuticsbcn\/"]},{"@type":"Person","@id":"https:\/\/www.cofb.org\/#\/schema\/person\/22ed7eea88da74b0fa4d3154ad87ffcb","name":"wpAdminCofbOrg","image":{"@type":"ImageObject","inLanguage":"es","@id":"https:\/\/www.cofb.org\/#\/schema\/person\/image\/","url":"https:\/\/secure.gravatar.com\/avatar\/1721b20b3b8ca882c3b56ec6c978c594fff670e40c0718e9190eaeeb76aae7d8?s=96&d=mm&r=g","contentUrl":"https:\/\/secure.gravatar.com\/avatar\/1721b20b3b8ca882c3b56ec6c978c594fff670e40c0718e9190eaeeb76aae7d8?s=96&d=mm&r=g","caption":"wpAdminCofbOrg"},"sameAs":["http:\/\/192.168.64.122\/wordpress"],"url":"https:\/\/www.cofb.org\/es\/author\/wpadmincofborg\/"}]}},"uagb_featured_image_src":{"full":false,"thumbnail":false,"medium":false,"medium_large":false,"large":false,"1536x1536":false,"2048x2048":false,"trp-custom-language-flag":false},"uagb_author_info":{"display_name":"wpAdminCofbOrg","author_link":"https:\/\/www.cofb.org\/es\/author\/wpadmincofborg\/"},"uagb_comment_info":0,"uagb_excerpt":"Les farm\u00e0cies de Pineda de Mar s\u2019han adherit a la campanya de salut comunit\u00e0ria \u201cPineda Sense Fums\u201d impulsada per l\u2019Ajuntament d\u2019aquest municipi. \u00c9s la tercera campanya en l&#8217;\u00e0mbit sanitari en qu\u00e8 participen, conjuntament amb els centres d\u2019atenci\u00f3 prim\u00e0ria, despr\u00e8s de l&#8217;\u00e8xit participatiu de les campanyes anteriors &#8220;Amb el Cor no [&hellip;]","_links":{"self":[{"href":"https:\/\/www.cofb.org\/es\/wp-json\/wp\/v2\/posts\/10349","targetHints":{"allow":["GET"]}}],"collection":[{"href":"https:\/\/www.cofb.org\/es\/wp-json\/wp\/v2\/posts"}],"about":[{"href":"https:\/\/www.cofb.org\/es\/wp-json\/wp\/v2\/types\/post"}],"author":[{"embeddable":true,"href":"https:\/\/www.cofb.org\/es\/wp-json\/wp\/v2\/users\/1"}],"replies":[{"embeddable":true,"href":"https:\/\/www.cofb.org\/es\/wp-json\/wp\/v2\/comments?post=10349"}],"version-history":[{"count":0,"href":"https:\/\/www.cofb.org\/es\/wp-json\/wp\/v2\/posts\/10349\/revisions"}],"wp:featuredmedia":[{"embeddable":true,"href":"https:\/\/www.cofb.org\/es\/wp-json\/"}],"wp:attachment":[{"href":"https:\/\/www.cofb.org\/es\/wp-json\/wp\/v2\/media?parent=10349"}],"wp:term":[{"taxonomy":"category","embeddable":true,"href":"https:\/\/www.cofb.org\/es\/wp-json\/wp\/v2\/categories?post=10349"},{"taxonomy":"post_tag","embeddable":true,"href":"https:\/\/www.cofb.org\/es\/wp-json\/wp\/v2\/tags?post=10349"}],"curies":[{"name":"wp","href":"https:\/\/api.w.org\/{rel}","templated":true}]}}