{"id":9892,"date":"2014-11-26T10:50:31","date_gmt":"2014-11-26T09:50:31","guid":{"rendered":"http:\/\/blog.cofb.cat\/?p=9892"},"modified":"2014-11-26T10:50:31","modified_gmt":"2014-11-26T09:50:31","slug":"la-caiguda-del-cabell-una-oportunitat-en-la-dispensacio-farmaceutica","status":"publish","type":"post","link":"https:\/\/www.cofb.org\/ca\/2014\/11\/26\/la-caiguda-del-cabell-una-oportunitat-en-la-dispensacio-farmaceutica\/","title":{"rendered":"La caiguda del cabell, una oportunitat en la dispensaci\u00f3 farmac\u00e8utica"},"content":{"rendered":"<p>Les consultes relacionades amb la caiguda del cabell s\u00f3n molt freq\u00fcents a l\u2019oficina de farm\u00e0cia durant tot l\u2019any, especialment a la primavera i la tardor. Es tracta d\u2019un problema que necessita orientaci\u00f3 del professional sanitari, comen\u00e7ant pel tipus de caiguda. La p\u00e8rdua del cabell, ja sigui de forma natural o no, s\u2019anomena <b>alop\u00e8cia: cal detectar si l\u2019alop\u00e8cia t\u00e9 lloc de manera cong\u00e8nita o adquirida<\/b>. L\u2019alop\u00e8cia pot ser deguda a alguna situaci\u00f3 o producte (productes qu\u00edmics, situacions postpart, febrils, traum\u00e0tiques, pertorbacions de l&#8217;estat general, diabetis, malnutrici\u00f3, c\u00e0ncer, entre d\u2019altres) o per causes heredit\u00e0ries o hormonals. Les alop\u00e8cies del primer grup es manifesten mentre la causa, producte o malaltia sigui present. Aix\u00ed mateix, tamb\u00e9 poden apar\u00e8ixer alop\u00e8cies endocrines per alteracions hormonals en la hip\u00f2fisi o les gl\u00e0ndules tiroide i suprarenal; aquest tipus d\u2019alop\u00e8cia \u00e9s m\u00e9s rara. Amb tot, <b>l\u2019alop\u00e8cia androgen\u00e8tica o calv\u00edcie vulgar \u00e9s la que es presenta m\u00e9s sovint<\/b>.<\/p>\n<p><a href=\"http:\/\/blog.cofb.cat\/wp-content\/uploads\/2014\/11\/cofb.141023-07.jpg\"><img decoding=\"async\" class=\"alignleft  wp-image-9895\" alt=\"cofb.141023-07\" src=\"http:\/\/blog.cofb.cat\/wp-content\/uploads\/2014\/11\/cofb.141023-07.jpg\" width=\"238\" height=\"158\" \/><\/a>La vocalia de Dermofarm\u00e0cia del Col\u00b7legi va organitzar el 23 d\u2019octubre la sessi\u00f3 monogr\u00e0fica \u201cQ\u00fcesti\u00f3 de pell: la caiguda del cabell, una oportunitat en la dispensaci\u00f3 farmac\u00e8utica\u201d amb l\u2019objectiu de formar als assistents en aquest tema. La confer\u00e8ncia va estar dividida en dues parts: una primera part per parlar de la p\u00e8rdua de cabell des del punt de vista dermatol\u00f2gic, analitzant l&#8217;actualitzaci\u00f3 cl\u00ednica, diagn\u00f2stica i terap\u00e8utica d&#8217;aquesta patologia que va anar a c\u00e0rrec de<strong> Xavier Guti\u00e9rrez, dermat\u00f2leg, membre de l&#8217;Acad\u00e8mia Espanyola de Dermatologia i Veneorologia (AEDV)<\/strong>. Guti\u00e9rrez va parlar del paper de la Tricologia, la ci\u00e8ncia que estudia el cuir cabellut.<\/p>\n<p><img decoding=\"async\" class=\"wp-image-9896 alignright\" alt=\"cofb.141023-09\" src=\"http:\/\/blog.cofb.cat\/wp-content\/uploads\/2014\/11\/cofb.141023-09.jpg\" width=\"238\" height=\"158\" \/><\/p>\n<p>La segona part va estar enfocada a la gesti\u00f3 i oportunitats que pot oferir aquesta categoria dins de l&#8217;oficina de farm\u00e0cia a c\u00e0rrec de<strong> Tom\u00e0s Mengual, farmac\u00e8utic comunitari de Barcelona<\/strong>. Mengual va destacar la import\u00e0ncia d\u2019interessar-se, escoltar i personalitzar l\u2019atenci\u00f3 al pacient. Va moderar l\u2019acte N\u00faria Bosch, vocal del Col\u00b7legi. La confer\u00e8ncia va comptar amb el suport de <a href=\"http:\/\/www.galderma.es\/\">Galderma<\/a>.<\/p>\n<p><b><b><div class=\"box shadow\"><\/b><\/b>\u201cLa combinaci\u00f3 de complexos vitam\u00ednics orals i complements t\u00f2pics \u00e9s molt efectiva, \u00e9s important diferenciar els diferents tipus de caiguda per aconsellar el tractament mes adequat a cada tipus d&#8217;alop\u00e8cia&#8221;, explica <strong>N\u00faria Bosch, vocal de Dermofarm\u00e0cia i Productes Sanitaris del Col\u00b7legi<\/strong>. \u201c\u00c9s imprescindible saber escoltar al pacient i saber transmetre que la const\u00e0ncia \u00e9s la base de l\u2019\u00e8xit en els tractaments. La caiguda de cabell t\u00e9 soluci\u00f3, cal saber escoltar, valorar i donar el consell que necessita cada pacient\u201d. <\/div><\/p>\n<p style=\"text-align: center;\"><a href=\"http:\/\/blog.cofb.cat\/wp-content\/uploads\/2014\/11\/cofb.141023-16.jpg\"><img fetchpriority=\"high\" decoding=\"async\" class=\" wp-image-9897 aligncenter\" alt=\"cofb.141023-16\" src=\"http:\/\/blog.cofb.cat\/wp-content\/uploads\/2014\/11\/cofb.141023-16.jpg\" width=\"559\" height=\"298\" \/><\/a><\/p>\n<p><span style=\"color: #888888;\"><strong><span style=\"text-decoration: underline;\"><a href=\"http:\/\/www.farmaceuticonline.com\/ca\/homes\/586-alopecia-mitos-y-realidades\" target=\"_blank\" rel=\"noopener\"><span style=\"color: #888888; text-decoration: underline;\">Alop\u00e8cia, mites i realitats<\/span><\/a><\/span>, article sobre la caiguda de cabell a Farmaceuticonline, el web de salut del Col\u00b7legi.<\/strong><\/span><\/p>\n<p style=\"text-align: right;\">Amb la col\u00b7laboraci\u00f3 de:<\/p>\n<p style=\"text-align: right;\"><a href=\"http:\/\/www.galderma.es\/ \" target=\"_blank\" rel=\"noopener\"><img loading=\"lazy\" decoding=\"async\" class=\"size-full wp-image-9893 alignright\" alt=\"galderma\" src=\"http:\/\/blog.cofb.cat\/wp-content\/uploads\/2014\/11\/galderma.jpg\" width=\"156\" height=\"42\" \/><\/a><\/p>\n","protected":false},"excerpt":{"rendered":"<p>Les consultes relacionades amb la caiguda del cabell s\u00f3n molt freq\u00fcents a l\u2019oficina de farm\u00e0cia durant tot l\u2019any, especialment a la primavera i la tardor. Es tracta d\u2019un problema que necessita orientaci\u00f3 del professional sanitari, comen\u00e7ant pel tipus de caiguda. La p\u00e8rdua del cabell, ja sigui de forma natural o [&hellip;]<\/p>\n","protected":false},"author":1,"featured_media":9897,"comment_status":"open","ping_status":"open","sticky":false,"template":"","format":"standard","meta":{"_uag_custom_page_level_css":"","site-sidebar-layout":"default","site-content-layout":"","ast-site-content-layout":"default","site-content-style":"default","site-sidebar-style":"default","ast-global-header-display":"","ast-banner-title-visibility":"","ast-main-header-display":"","ast-hfb-above-header-display":"","ast-hfb-below-header-display":"","ast-hfb-mobile-header-display":"","site-post-title":"","ast-breadcrumbs-content":"","ast-featured-img":"disabled","footer-sml-layout":"","theme-transparent-header-meta":"","adv-header-id-meta":"","stick-header-meta":"","header-above-stick-meta":"","header-main-stick-meta":"","header-below-stick-meta":"","astra-migrate-meta-layouts":"default","ast-page-background-enabled":"default","ast-page-background-meta":{"desktop":{"background-color":"var(--ast-global-color-4)","background-image":"","background-repeat":"repeat","background-position":"center center","background-size":"auto","background-attachment":"scroll","background-type":"","background-media":"","overlay-type":"","overlay-color":"","overlay-opacity":"","overlay-gradient":""},"tablet":{"background-color":"","background-image":"","background-repeat":"repeat","background-position":"center center","background-size":"auto","background-attachment":"scroll","background-type":"","background-media":"","overlay-type":"","overlay-color":"","overlay-opacity":"","overlay-gradient":""},"mobile":{"background-color":"","background-image":"","background-repeat":"repeat","background-position":"center center","background-size":"auto","background-attachment":"scroll","background-type":"","background-media":"","overlay-type":"","overlay-color":"","overlay-opacity":"","overlay-gradient":""}},"ast-content-background-meta":{"desktop":{"background-color":"var(--ast-global-color-5)","background-image":"","background-repeat":"repeat","background-position":"center center","background-size":"auto","background-attachment":"scroll","background-type":"","background-media":"","overlay-type":"","overlay-color":"","overlay-opacity":"","overlay-gradient":""},"tablet":{"background-color":"var(--ast-global-color-5)","background-image":"","background-repeat":"repeat","background-position":"center center","background-size":"auto","background-attachment":"scroll","background-type":"","background-media":"","overlay-type":"","overlay-color":"","overlay-opacity":"","overlay-gradient":""},"mobile":{"background-color":"var(--ast-global-color-5)","background-image":"","background-repeat":"repeat","background-position":"center center","background-size":"auto","background-attachment":"scroll","background-type":"","background-media":"","overlay-type":"","overlay-color":"","overlay-opacity":"","overlay-gradient":""}},"footnotes":""},"categories":[57],"tags":[81,70],"class_list":["post-9892","post","type-post","status-publish","format-standard","has-post-thumbnail","hentry","category-mon-collegial","tag-dermofarmacia","tag-formacio"],"yoast_head":"<!-- This site is optimized with the Yoast SEO plugin v22.4 - https:\/\/yoast.com\/wordpress\/plugins\/seo\/ -->\n<title>La caiguda del cabell, una oportunitat en la dispensaci\u00f3 farmac\u00e8utica - Col\u00b7legi de Farmac\u00e8utics de Barcelona<\/title>\n<meta name=\"robots\" content=\"index, follow, max-snippet:-1, max-image-preview:large, max-video-preview:-1\" \/>\n<link rel=\"canonical\" href=\"https:\/\/novaorg.cofb.net\/2014\/11\/26\/la-caiguda-del-cabell-una-oportunitat-en-la-dispensacio-farmaceutica\/\" \/>\n<meta property=\"og:locale\" content=\"ca_ES\" \/>\n<meta property=\"og:type\" content=\"article\" \/>\n<meta property=\"og:title\" content=\"La caiguda del cabell, una oportunitat en la dispensaci\u00f3 farmac\u00e8utica - Col\u00b7legi de Farmac\u00e8utics de Barcelona\" \/>\n<meta property=\"og:description\" content=\"Les consultes relacionades amb la caiguda del cabell s\u00f3n molt freq\u00fcents a l\u2019oficina de farm\u00e0cia durant tot l\u2019any, especialment a la primavera i la tardor. Es tracta d\u2019un problema que necessita orientaci\u00f3 del professional sanitari, comen\u00e7ant pel tipus de caiguda. La p\u00e8rdua del cabell, ja sigui de forma natural o [&hellip;]\" \/>\n<meta property=\"og:url\" content=\"https:\/\/novaorg.cofb.net\/2014\/11\/26\/la-caiguda-del-cabell-una-oportunitat-en-la-dispensacio-farmaceutica\/\" \/>\n<meta property=\"og:site_name\" content=\"Col\u00b7legi de Farmac\u00e8utics de Barcelona\" \/>\n<meta property=\"article:publisher\" content=\"https:\/\/www.facebook.com\/farmaceuticsbcn\/\" \/>\n<meta property=\"article:published_time\" content=\"2014-11-26T09:50:31+00:00\" \/>\n<meta name=\"author\" content=\"wpAdminCofbOrg\" \/>\n<meta name=\"twitter:card\" content=\"summary_large_image\" \/>\n<meta name=\"twitter:creator\" content=\"@farmaceuticsbcn\" \/>\n<meta name=\"twitter:site\" content=\"@farmaceuticsbcn\" \/>\n<meta name=\"twitter:label1\" content=\"Escrit per\" \/>\n\t<meta name=\"twitter:data1\" content=\"wpAdminCofbOrg\" \/>\n\t<meta name=\"twitter:label2\" content=\"Temps estimat de lectura\" \/>\n\t<meta name=\"twitter:data2\" content=\"2 minuts\" \/>\n<script type=\"application\/ld+json\" class=\"yoast-schema-graph\">{\"@context\":\"https:\/\/schema.org\",\"@graph\":[{\"@type\":\"Article\",\"@id\":\"https:\/\/novaorg.cofb.net\/2014\/11\/26\/la-caiguda-del-cabell-una-oportunitat-en-la-dispensacio-farmaceutica\/#article\",\"isPartOf\":{\"@id\":\"https:\/\/novaorg.cofb.net\/2014\/11\/26\/la-caiguda-del-cabell-una-oportunitat-en-la-dispensacio-farmaceutica\/\"},\"author\":{\"name\":\"wpAdminCofbOrg\",\"@id\":\"https:\/\/www.cofb.org\/#\/schema\/person\/22ed7eea88da74b0fa4d3154ad87ffcb\"},\"headline\":\"La caiguda del cabell, una oportunitat en la dispensaci\u00f3 farmac\u00e8utica\",\"datePublished\":\"2014-11-26T09:50:31+00:00\",\"dateModified\":\"2014-11-26T09:50:31+00:00\",\"mainEntityOfPage\":{\"@id\":\"https:\/\/novaorg.cofb.net\/2014\/11\/26\/la-caiguda-del-cabell-una-oportunitat-en-la-dispensacio-farmaceutica\/\"},\"wordCount\":503,\"commentCount\":0,\"publisher\":{\"@id\":\"https:\/\/www.cofb.org\/#organization\"},\"image\":{\"@id\":\"https:\/\/novaorg.cofb.net\/2014\/11\/26\/la-caiguda-del-cabell-una-oportunitat-en-la-dispensacio-farmaceutica\/#primaryimage\"},\"thumbnailUrl\":\"\",\"keywords\":[\"Dermofarm\u00e0cia\",\"Formaci\u00f3\"],\"articleSection\":[\"M\u00f3n col\u00b7legial\"],\"inLanguage\":\"ca\",\"potentialAction\":[{\"@type\":\"CommentAction\",\"name\":\"Comment\",\"target\":[\"https:\/\/novaorg.cofb.net\/2014\/11\/26\/la-caiguda-del-cabell-una-oportunitat-en-la-dispensacio-farmaceutica\/#respond\"]}]},{\"@type\":\"WebPage\",\"@id\":\"https:\/\/novaorg.cofb.net\/2014\/11\/26\/la-caiguda-del-cabell-una-oportunitat-en-la-dispensacio-farmaceutica\/\",\"url\":\"https:\/\/novaorg.cofb.net\/2014\/11\/26\/la-caiguda-del-cabell-una-oportunitat-en-la-dispensacio-farmaceutica\/\",\"name\":\"La caiguda del cabell, una oportunitat en la dispensaci\u00f3 farmac\u00e8utica - Col\u00b7legi de Farmac\u00e8utics de Barcelona\",\"isPartOf\":{\"@id\":\"https:\/\/www.cofb.org\/#website\"},\"primaryImageOfPage\":{\"@id\":\"https:\/\/novaorg.cofb.net\/2014\/11\/26\/la-caiguda-del-cabell-una-oportunitat-en-la-dispensacio-farmaceutica\/#primaryimage\"},\"image\":{\"@id\":\"https:\/\/novaorg.cofb.net\/2014\/11\/26\/la-caiguda-del-cabell-una-oportunitat-en-la-dispensacio-farmaceutica\/#primaryimage\"},\"thumbnailUrl\":\"\",\"datePublished\":\"2014-11-26T09:50:31+00:00\",\"dateModified\":\"2014-11-26T09:50:31+00:00\",\"breadcrumb\":{\"@id\":\"https:\/\/novaorg.cofb.net\/2014\/11\/26\/la-caiguda-del-cabell-una-oportunitat-en-la-dispensacio-farmaceutica\/#breadcrumb\"},\"inLanguage\":\"ca\",\"potentialAction\":[{\"@type\":\"ReadAction\",\"target\":[\"https:\/\/novaorg.cofb.net\/2014\/11\/26\/la-caiguda-del-cabell-una-oportunitat-en-la-dispensacio-farmaceutica\/\"]}]},{\"@type\":\"ImageObject\",\"inLanguage\":\"ca\",\"@id\":\"https:\/\/novaorg.cofb.net\/2014\/11\/26\/la-caiguda-del-cabell-una-oportunitat-en-la-dispensacio-farmaceutica\/#primaryimage\",\"url\":\"\",\"contentUrl\":\"\"},{\"@type\":\"BreadcrumbList\",\"@id\":\"https:\/\/novaorg.cofb.net\/2014\/11\/26\/la-caiguda-del-cabell-una-oportunitat-en-la-dispensacio-farmaceutica\/#breadcrumb\",\"itemListElement\":[{\"@type\":\"ListItem\",\"position\":1,\"name\":\"Inici\",\"item\":\"https:\/\/novaorg.cofb.net\/\"},{\"@type\":\"ListItem\",\"position\":2,\"name\":\"La caiguda del cabell, una oportunitat en la dispensaci\u00f3 farmac\u00e8utica\"}]},{\"@type\":\"WebSite\",\"@id\":\"https:\/\/www.cofb.org\/#website\",\"url\":\"https:\/\/www.cofb.org\/\",\"name\":\"Col\u00b7legi de Farmac\u00e8utics de Barcelona\",\"description\":\"\",\"publisher\":{\"@id\":\"https:\/\/www.cofb.org\/#organization\"},\"potentialAction\":[{\"@type\":\"SearchAction\",\"target\":{\"@type\":\"EntryPoint\",\"urlTemplate\":\"https:\/\/www.cofb.org\/?s={search_term_string}\"},\"query-input\":\"required name=search_term_string\"}],\"inLanguage\":\"ca\"},{\"@type\":\"Organization\",\"@id\":\"https:\/\/www.cofb.org\/#organization\",\"name\":\"Col\u00b7legi de Farmac\u00e8utics de Barcelona\",\"url\":\"https:\/\/www.cofb.org\/\",\"logo\":{\"@type\":\"ImageObject\",\"inLanguage\":\"ca\",\"@id\":\"https:\/\/www.cofb.org\/#\/schema\/logo\/image\/\",\"url\":\"https:\/\/www.cofb.org\/wp-content\/uploads\/2023\/11\/cropped-Logotip-COFB.png\",\"contentUrl\":\"https:\/\/www.cofb.org\/wp-content\/uploads\/2023\/11\/cropped-Logotip-COFB.png\",\"width\":500,\"height\":105,\"caption\":\"Col\u00b7legi de Farmac\u00e8utics de Barcelona\"},\"image\":{\"@id\":\"https:\/\/www.cofb.org\/#\/schema\/logo\/image\/\"},\"sameAs\":[\"https:\/\/www.facebook.com\/farmaceuticsbcn\/\",\"https:\/\/twitter.com\/farmaceuticsbcn\",\"https:\/\/www.instagram.com\/farmaceuticsbcn\/\",\"https:\/\/www.linkedin.com\/company\/farmaceuticsbcn\/\"]},{\"@type\":\"Person\",\"@id\":\"https:\/\/www.cofb.org\/#\/schema\/person\/22ed7eea88da74b0fa4d3154ad87ffcb\",\"name\":\"wpAdminCofbOrg\",\"image\":{\"@type\":\"ImageObject\",\"inLanguage\":\"ca\",\"@id\":\"https:\/\/www.cofb.org\/#\/schema\/person\/image\/\",\"url\":\"https:\/\/secure.gravatar.com\/avatar\/1721b20b3b8ca882c3b56ec6c978c594fff670e40c0718e9190eaeeb76aae7d8?s=96&d=mm&r=g\",\"contentUrl\":\"https:\/\/secure.gravatar.com\/avatar\/1721b20b3b8ca882c3b56ec6c978c594fff670e40c0718e9190eaeeb76aae7d8?s=96&d=mm&r=g\",\"caption\":\"wpAdminCofbOrg\"},\"sameAs\":[\"http:\/\/192.168.64.122\/wordpress\"],\"url\":\"https:\/\/www.cofb.org\/ca\/author\/wpadmincofborg\/\"}]}<\/script>\n<!-- \/ Yoast SEO plugin. -->","yoast_head_json":{"title":"La caiguda del cabell, una oportunitat en la dispensaci\u00f3 farmac\u00e8utica - Col\u00b7legi de Farmac\u00e8utics de Barcelona","robots":{"index":"index","follow":"follow","max-snippet":"max-snippet:-1","max-image-preview":"max-image-preview:large","max-video-preview":"max-video-preview:-1"},"canonical":"https:\/\/novaorg.cofb.net\/2014\/11\/26\/la-caiguda-del-cabell-una-oportunitat-en-la-dispensacio-farmaceutica\/","og_locale":"ca_ES","og_type":"article","og_title":"La caiguda del cabell, una oportunitat en la dispensaci\u00f3 farmac\u00e8utica - Col\u00b7legi de Farmac\u00e8utics de Barcelona","og_description":"Les consultes relacionades amb la caiguda del cabell s\u00f3n molt freq\u00fcents a l\u2019oficina de farm\u00e0cia durant tot l\u2019any, especialment a la primavera i la tardor. Es tracta d\u2019un problema que necessita orientaci\u00f3 del professional sanitari, comen\u00e7ant pel tipus de caiguda. La p\u00e8rdua del cabell, ja sigui de forma natural o [&hellip;]","og_url":"https:\/\/novaorg.cofb.net\/2014\/11\/26\/la-caiguda-del-cabell-una-oportunitat-en-la-dispensacio-farmaceutica\/","og_site_name":"Col\u00b7legi de Farmac\u00e8utics de Barcelona","article_publisher":"https:\/\/www.facebook.com\/farmaceuticsbcn\/","article_published_time":"2014-11-26T09:50:31+00:00","author":"wpAdminCofbOrg","twitter_card":"summary_large_image","twitter_creator":"@farmaceuticsbcn","twitter_site":"@farmaceuticsbcn","twitter_misc":{"Escrit per":"wpAdminCofbOrg","Temps estimat de lectura":"2 minuts"},"schema":{"@context":"https:\/\/schema.org","@graph":[{"@type":"Article","@id":"https:\/\/novaorg.cofb.net\/2014\/11\/26\/la-caiguda-del-cabell-una-oportunitat-en-la-dispensacio-farmaceutica\/#article","isPartOf":{"@id":"https:\/\/novaorg.cofb.net\/2014\/11\/26\/la-caiguda-del-cabell-una-oportunitat-en-la-dispensacio-farmaceutica\/"},"author":{"name":"wpAdminCofbOrg","@id":"https:\/\/www.cofb.org\/#\/schema\/person\/22ed7eea88da74b0fa4d3154ad87ffcb"},"headline":"La caiguda del cabell, una oportunitat en la dispensaci\u00f3 farmac\u00e8utica","datePublished":"2014-11-26T09:50:31+00:00","dateModified":"2014-11-26T09:50:31+00:00","mainEntityOfPage":{"@id":"https:\/\/novaorg.cofb.net\/2014\/11\/26\/la-caiguda-del-cabell-una-oportunitat-en-la-dispensacio-farmaceutica\/"},"wordCount":503,"commentCount":0,"publisher":{"@id":"https:\/\/www.cofb.org\/#organization"},"image":{"@id":"https:\/\/novaorg.cofb.net\/2014\/11\/26\/la-caiguda-del-cabell-una-oportunitat-en-la-dispensacio-farmaceutica\/#primaryimage"},"thumbnailUrl":"","keywords":["Dermofarm\u00e0cia","Formaci\u00f3"],"articleSection":["M\u00f3n col\u00b7legial"],"inLanguage":"ca","potentialAction":[{"@type":"CommentAction","name":"Comment","target":["https:\/\/novaorg.cofb.net\/2014\/11\/26\/la-caiguda-del-cabell-una-oportunitat-en-la-dispensacio-farmaceutica\/#respond"]}]},{"@type":"WebPage","@id":"https:\/\/novaorg.cofb.net\/2014\/11\/26\/la-caiguda-del-cabell-una-oportunitat-en-la-dispensacio-farmaceutica\/","url":"https:\/\/novaorg.cofb.net\/2014\/11\/26\/la-caiguda-del-cabell-una-oportunitat-en-la-dispensacio-farmaceutica\/","name":"La caiguda del cabell, una oportunitat en la dispensaci\u00f3 farmac\u00e8utica - Col\u00b7legi de Farmac\u00e8utics de Barcelona","isPartOf":{"@id":"https:\/\/www.cofb.org\/#website"},"primaryImageOfPage":{"@id":"https:\/\/novaorg.cofb.net\/2014\/11\/26\/la-caiguda-del-cabell-una-oportunitat-en-la-dispensacio-farmaceutica\/#primaryimage"},"image":{"@id":"https:\/\/novaorg.cofb.net\/2014\/11\/26\/la-caiguda-del-cabell-una-oportunitat-en-la-dispensacio-farmaceutica\/#primaryimage"},"thumbnailUrl":"","datePublished":"2014-11-26T09:50:31+00:00","dateModified":"2014-11-26T09:50:31+00:00","breadcrumb":{"@id":"https:\/\/novaorg.cofb.net\/2014\/11\/26\/la-caiguda-del-cabell-una-oportunitat-en-la-dispensacio-farmaceutica\/#breadcrumb"},"inLanguage":"ca","potentialAction":[{"@type":"ReadAction","target":["https:\/\/novaorg.cofb.net\/2014\/11\/26\/la-caiguda-del-cabell-una-oportunitat-en-la-dispensacio-farmaceutica\/"]}]},{"@type":"ImageObject","inLanguage":"ca","@id":"https:\/\/novaorg.cofb.net\/2014\/11\/26\/la-caiguda-del-cabell-una-oportunitat-en-la-dispensacio-farmaceutica\/#primaryimage","url":"","contentUrl":""},{"@type":"BreadcrumbList","@id":"https:\/\/novaorg.cofb.net\/2014\/11\/26\/la-caiguda-del-cabell-una-oportunitat-en-la-dispensacio-farmaceutica\/#breadcrumb","itemListElement":[{"@type":"ListItem","position":1,"name":"Inici","item":"https:\/\/novaorg.cofb.net\/"},{"@type":"ListItem","position":2,"name":"La caiguda del cabell, una oportunitat en la dispensaci\u00f3 farmac\u00e8utica"}]},{"@type":"WebSite","@id":"https:\/\/www.cofb.org\/#website","url":"https:\/\/www.cofb.org\/","name":"Col\u00b7legi de Farmac\u00e8utics de Barcelona","description":"","publisher":{"@id":"https:\/\/www.cofb.org\/#organization"},"potentialAction":[{"@type":"SearchAction","target":{"@type":"EntryPoint","urlTemplate":"https:\/\/www.cofb.org\/?s={search_term_string}"},"query-input":"required name=search_term_string"}],"inLanguage":"ca"},{"@type":"Organization","@id":"https:\/\/www.cofb.org\/#organization","name":"Col\u00b7legi de Farmac\u00e8utics de Barcelona","url":"https:\/\/www.cofb.org\/","logo":{"@type":"ImageObject","inLanguage":"ca","@id":"https:\/\/www.cofb.org\/#\/schema\/logo\/image\/","url":"https:\/\/www.cofb.org\/wp-content\/uploads\/2023\/11\/cropped-Logotip-COFB.png","contentUrl":"https:\/\/www.cofb.org\/wp-content\/uploads\/2023\/11\/cropped-Logotip-COFB.png","width":500,"height":105,"caption":"Col\u00b7legi de Farmac\u00e8utics de Barcelona"},"image":{"@id":"https:\/\/www.cofb.org\/#\/schema\/logo\/image\/"},"sameAs":["https:\/\/www.facebook.com\/farmaceuticsbcn\/","https:\/\/twitter.com\/farmaceuticsbcn","https:\/\/www.instagram.com\/farmaceuticsbcn\/","https:\/\/www.linkedin.com\/company\/farmaceuticsbcn\/"]},{"@type":"Person","@id":"https:\/\/www.cofb.org\/#\/schema\/person\/22ed7eea88da74b0fa4d3154ad87ffcb","name":"wpAdminCofbOrg","image":{"@type":"ImageObject","inLanguage":"ca","@id":"https:\/\/www.cofb.org\/#\/schema\/person\/image\/","url":"https:\/\/secure.gravatar.com\/avatar\/1721b20b3b8ca882c3b56ec6c978c594fff670e40c0718e9190eaeeb76aae7d8?s=96&d=mm&r=g","contentUrl":"https:\/\/secure.gravatar.com\/avatar\/1721b20b3b8ca882c3b56ec6c978c594fff670e40c0718e9190eaeeb76aae7d8?s=96&d=mm&r=g","caption":"wpAdminCofbOrg"},"sameAs":["http:\/\/192.168.64.122\/wordpress"],"url":"https:\/\/www.cofb.org\/ca\/author\/wpadmincofborg\/"}]}},"uagb_featured_image_src":{"full":false,"thumbnail":false,"medium":false,"medium_large":false,"large":false,"1536x1536":false,"2048x2048":false,"trp-custom-language-flag":false},"uagb_author_info":{"display_name":"wpAdminCofbOrg","author_link":"https:\/\/www.cofb.org\/ca\/author\/wpadmincofborg\/"},"uagb_comment_info":0,"uagb_excerpt":"Les consultes relacionades amb la caiguda del cabell s\u00f3n molt freq\u00fcents a l\u2019oficina de farm\u00e0cia durant tot l\u2019any, especialment a la primavera i la tardor. Es tracta d\u2019un problema que necessita orientaci\u00f3 del professional sanitari, comen\u00e7ant pel tipus de caiguda. La p\u00e8rdua del cabell, ja sigui de forma natural o [&hellip;]","_links":{"self":[{"href":"https:\/\/www.cofb.org\/ca\/wp-json\/wp\/v2\/posts\/9892","targetHints":{"allow":["GET"]}}],"collection":[{"href":"https:\/\/www.cofb.org\/ca\/wp-json\/wp\/v2\/posts"}],"about":[{"href":"https:\/\/www.cofb.org\/ca\/wp-json\/wp\/v2\/types\/post"}],"author":[{"embeddable":true,"href":"https:\/\/www.cofb.org\/ca\/wp-json\/wp\/v2\/users\/1"}],"replies":[{"embeddable":true,"href":"https:\/\/www.cofb.org\/ca\/wp-json\/wp\/v2\/comments?post=9892"}],"version-history":[{"count":0,"href":"https:\/\/www.cofb.org\/ca\/wp-json\/wp\/v2\/posts\/9892\/revisions"}],"wp:featuredmedia":[{"embeddable":true,"href":"https:\/\/www.cofb.org\/ca\/wp-json\/"}],"wp:attachment":[{"href":"https:\/\/www.cofb.org\/ca\/wp-json\/wp\/v2\/media?parent=9892"}],"wp:term":[{"taxonomy":"category","embeddable":true,"href":"https:\/\/www.cofb.org\/ca\/wp-json\/wp\/v2\/categories?post=9892"},{"taxonomy":"post_tag","embeddable":true,"href":"https:\/\/www.cofb.org\/ca\/wp-json\/wp\/v2\/tags?post=9892"}],"curies":[{"name":"wp","href":"https:\/\/api.w.org\/{rel}","templated":true}]}}