{"id":9554,"date":"2014-11-11T16:16:44","date_gmt":"2014-11-11T15:16:44","guid":{"rendered":"http:\/\/blog.cofb.cat\/?p=9554"},"modified":"2014-11-11T16:16:44","modified_gmt":"2014-11-11T15:16:44","slug":"les-farmacies-ja-han-recaptat-180-000-euros-per-a-la-construccio-del-nou-hospital-de-dia-de-sant-joan-de-deu","status":"publish","type":"post","link":"https:\/\/www.cofb.org\/ca\/2014\/11\/11\/les-farmacies-ja-han-recaptat-180-000-euros-per-a-la-construccio-del-nou-hospital-de-dia-de-sant-joan-de-deu\/","title":{"rendered":"Les farm\u00e0cies ja han recaptat 180.000 euros per a la construcci\u00f3 del nou Hospital de Dia de Sant Joan de D\u00e9u"},"content":{"rendered":"<p>En un mes, les farm\u00e0cies que col\u00b7laboren amb la <span style=\"text-decoration: underline;\"><a href=\"http:\/\/blog.cofb.cat\/les-farmacies-catalanes-acullen-la-campanya-solidaria-larbre-dels-petits-valents\/\">campanya solid\u00e0ria <em>Arbre dels petits valent<\/em>s<\/a><\/span>\u00a0per recaptar els fons que permetin enllestir les obres de construcci\u00f3 del nou Hospital de Dia de l\u2019Hospital Sant Joan de D\u00e9u <b>han aconseguit recaptar 180.000 euros. <\/b>Les persones que vulguin col\u00b7laborar en la campanya tamb\u00e9 poden comprar capsetes de caramels dels petits valents a trav\u00e9s de la web: <span style=\"text-decoration: underline;\"><a href=\"http:\/\/www.petitsvalents.org\/\">www.petitsvalents.org<\/a><\/span>. L\u2019objectiu de la campanya \u00e9s <strong>recaptar en les pr\u00f2ximes setmanes uns 180.000 euros m\u00e9s.<\/strong><\/p>\n<p><b> Tot el sector del medicament, implicat en la campanya<br \/>\n<\/b>La campanya solid\u00e0ria \u00e9s una iniciativa de l\u2019Hospital Sant Joan de D\u00e9u, que va demanar al Consell de Col\u00b7legis de Farmac\u00e8utics de Catalunya la seva col\u00b7laboraci\u00f3 per tal que les m\u00e9s de 3.000 farm\u00e0cies catalanes poguessin recaptar fons a trav\u00e9s de la venda de capsetes de caramels. A trav\u00e9s del Consell es va demanar tamb\u00e9 la implicaci\u00f3 de la distribuci\u00f3, que s\u2019hi va sumar des del primer moment per recolzar el projecte fent possible la distribuci\u00f3 dels expositors a les farm\u00e0cies de manera desinteressada.<\/p>\n<p><span style=\"text-decoration: underline;\"><a href=\"http:\/\/cofb.org\/web\/guest\/Noticia\/-\/journal_content\/56_INSTANCE_V6ao\/10136\/693854\" target=\"_blank\" rel=\"noopener\">M\u00e9s informaci\u00f3 a la nota de premsa<\/a><\/span> <i>(via www.cofb.org).<\/i><\/p>\n<figure id=\"attachment_9555\" aria-describedby=\"caption-attachment-9555\" style=\"width: 539px\" class=\"wp-caption aligncenter\"><a href=\"http:\/\/blog.cofb.cat\/wp-content\/uploads\/2014\/11\/acte-061114.jpg\"><img fetchpriority=\"high\" decoding=\"async\" class=\"wp-image-9555   \" alt=\"acte 061114\" src=\"http:\/\/blog.cofb.cat\/wp-content\/uploads\/2014\/11\/acte-061114.jpg\" width=\"539\" height=\"360\" \/><\/a><figcaption id=\"caption-attachment-9555\" class=\"wp-caption-text\"><strong>Representants de tot el sector del medicament davant d\u2019una imatge del futur Hospital de Dia<\/strong> <br \/>D\u2019esquerra a dreta: Oriol Bota, director de l\u2019Obra Social Sant Joan de D\u00e9u.; Anna Catas\u00fas, directora d\u2019Assumptes Regulatoris i Relacions institucionals d\u2019Angelini Farmac\u00e8utica; Manel Vera, director general de Ferrer Healthcare; M\u00edriam Ma\u00f1er, vocal del Consell Rector d\u2019Hefame a Catalunya; Manuel del Castillo, gerent de l\u2019Hospital Sant Joan de D\u00e9u; Jordi de Dalmases, president del Consell de Col\u00b7legis Farmac\u00e8utics de Catalunya; Jordi Oliveras, gerent de Relacions Corporatives de Sanofi; LAlis Fontcuberta, Relaci\u00f3 amb pacients Sanofi; Vicen\u00e7 Calduch, president de Fedefarma i vicepresident de Fedifar; Gaspar Linares, vicetresorer de Cofares; C\u00e9sar Mart\u00ednez, president d\u2019Alliance Healthcare.<\/figcaption><\/figure>\n","protected":false},"excerpt":{"rendered":"<p>En un mes, les farm\u00e0cies que col\u00b7laboren amb la campanya solid\u00e0ria Arbre dels petits valents\u00a0per recaptar els fons que permetin enllestir les obres de construcci\u00f3 del nou Hospital de Dia de l\u2019Hospital Sant Joan de D\u00e9u han aconseguit recaptar 180.000 euros. Les persones que vulguin col\u00b7laborar en la campanya tamb\u00e9 [&hellip;]<\/p>\n","protected":false},"author":1,"featured_media":9555,"comment_status":"open","ping_status":"open","sticky":false,"template":"","format":"standard","meta":{"_uag_custom_page_level_css":"","site-sidebar-layout":"default","site-content-layout":"","ast-site-content-layout":"default","site-content-style":"default","site-sidebar-style":"default","ast-global-header-display":"","ast-banner-title-visibility":"","ast-main-header-display":"","ast-hfb-above-header-display":"","ast-hfb-below-header-display":"","ast-hfb-mobile-header-display":"","site-post-title":"","ast-breadcrumbs-content":"","ast-featured-img":"disabled","footer-sml-layout":"","theme-transparent-header-meta":"","adv-header-id-meta":"","stick-header-meta":"","header-above-stick-meta":"","header-main-stick-meta":"","header-below-stick-meta":"","astra-migrate-meta-layouts":"default","ast-page-background-enabled":"default","ast-page-background-meta":{"desktop":{"background-color":"var(--ast-global-color-4)","background-image":"","background-repeat":"repeat","background-position":"center center","background-size":"auto","background-attachment":"scroll","background-type":"","background-media":"","overlay-type":"","overlay-color":"","overlay-opacity":"","overlay-gradient":""},"tablet":{"background-color":"","background-image":"","background-repeat":"repeat","background-position":"center center","background-size":"auto","background-attachment":"scroll","background-type":"","background-media":"","overlay-type":"","overlay-color":"","overlay-opacity":"","overlay-gradient":""},"mobile":{"background-color":"","background-image":"","background-repeat":"repeat","background-position":"center center","background-size":"auto","background-attachment":"scroll","background-type":"","background-media":"","overlay-type":"","overlay-color":"","overlay-opacity":"","overlay-gradient":""}},"ast-content-background-meta":{"desktop":{"background-color":"var(--ast-global-color-5)","background-image":"","background-repeat":"repeat","background-position":"center center","background-size":"auto","background-attachment":"scroll","background-type":"","background-media":"","overlay-type":"","overlay-color":"","overlay-opacity":"","overlay-gradient":""},"tablet":{"background-color":"var(--ast-global-color-5)","background-image":"","background-repeat":"repeat","background-position":"center center","background-size":"auto","background-attachment":"scroll","background-type":"","background-media":"","overlay-type":"","overlay-color":"","overlay-opacity":"","overlay-gradient":""},"mobile":{"background-color":"var(--ast-global-color-5)","background-image":"","background-repeat":"repeat","background-position":"center center","background-size":"auto","background-attachment":"scroll","background-type":"","background-media":"","overlay-type":"","overlay-color":"","overlay-opacity":"","overlay-gradient":""}},"footnotes":""},"categories":[32],"tags":[2170,76,586],"class_list":["post-9554","post","type-post","status-publish","format-standard","has-post-thumbnail","hentry","category-noticies-farmacia","tag-campanya-solidaria","tag-oficina-de-farmacia","tag-solidaritat"],"yoast_head":"<!-- This site is optimized with the Yoast SEO plugin v22.4 - https:\/\/yoast.com\/wordpress\/plugins\/seo\/ -->\n<title>Les farm\u00e0cies ja han recaptat 180.000 euros per a la construcci\u00f3 del nou Hospital de Dia de Sant Joan de D\u00e9u - Col\u00b7legi de Farmac\u00e8utics de Barcelona<\/title>\n<meta name=\"robots\" content=\"index, follow, max-snippet:-1, max-image-preview:large, max-video-preview:-1\" \/>\n<link rel=\"canonical\" href=\"https:\/\/novaorg.cofb.net\/2014\/11\/11\/les-farmacies-ja-han-recaptat-180-000-euros-per-a-la-construccio-del-nou-hospital-de-dia-de-sant-joan-de-deu\/\" \/>\n<meta property=\"og:locale\" content=\"ca_ES\" \/>\n<meta property=\"og:type\" content=\"article\" \/>\n<meta property=\"og:title\" content=\"Les farm\u00e0cies ja han recaptat 180.000 euros per a la construcci\u00f3 del nou Hospital de Dia de Sant Joan de D\u00e9u - Col\u00b7legi de Farmac\u00e8utics de Barcelona\" \/>\n<meta property=\"og:description\" content=\"En un mes, les farm\u00e0cies que col\u00b7laboren amb la campanya solid\u00e0ria Arbre dels petits valents\u00a0per recaptar els fons que permetin enllestir les obres de construcci\u00f3 del nou Hospital de Dia de l\u2019Hospital Sant Joan de D\u00e9u han aconseguit recaptar 180.000 euros. Les persones que vulguin col\u00b7laborar en la campanya tamb\u00e9 [&hellip;]\" \/>\n<meta property=\"og:url\" content=\"https:\/\/novaorg.cofb.net\/2014\/11\/11\/les-farmacies-ja-han-recaptat-180-000-euros-per-a-la-construccio-del-nou-hospital-de-dia-de-sant-joan-de-deu\/\" \/>\n<meta property=\"og:site_name\" content=\"Col\u00b7legi de Farmac\u00e8utics de Barcelona\" \/>\n<meta property=\"article:publisher\" content=\"https:\/\/www.facebook.com\/farmaceuticsbcn\/\" \/>\n<meta property=\"article:published_time\" content=\"2014-11-11T15:16:44+00:00\" \/>\n<meta name=\"author\" content=\"wpAdminCofbOrg\" \/>\n<meta name=\"twitter:card\" content=\"summary_large_image\" \/>\n<meta name=\"twitter:creator\" content=\"@farmaceuticsbcn\" \/>\n<meta name=\"twitter:site\" content=\"@farmaceuticsbcn\" \/>\n<meta name=\"twitter:label1\" content=\"Escrit per\" \/>\n\t<meta name=\"twitter:data1\" content=\"wpAdminCofbOrg\" \/>\n\t<meta name=\"twitter:label2\" content=\"Temps estimat de lectura\" \/>\n\t<meta name=\"twitter:data2\" content=\"2 minuts\" \/>\n<script type=\"application\/ld+json\" class=\"yoast-schema-graph\">{\"@context\":\"https:\/\/schema.org\",\"@graph\":[{\"@type\":\"Article\",\"@id\":\"https:\/\/novaorg.cofb.net\/2014\/11\/11\/les-farmacies-ja-han-recaptat-180-000-euros-per-a-la-construccio-del-nou-hospital-de-dia-de-sant-joan-de-deu\/#article\",\"isPartOf\":{\"@id\":\"https:\/\/novaorg.cofb.net\/2014\/11\/11\/les-farmacies-ja-han-recaptat-180-000-euros-per-a-la-construccio-del-nou-hospital-de-dia-de-sant-joan-de-deu\/\"},\"author\":{\"name\":\"wpAdminCofbOrg\",\"@id\":\"https:\/\/www.cofb.org\/#\/schema\/person\/22ed7eea88da74b0fa4d3154ad87ffcb\"},\"headline\":\"Les farm\u00e0cies ja han recaptat 180.000 euros per a la construcci\u00f3 del nou Hospital de Dia de Sant Joan de D\u00e9u\",\"datePublished\":\"2014-11-11T15:16:44+00:00\",\"dateModified\":\"2014-11-11T15:16:44+00:00\",\"mainEntityOfPage\":{\"@id\":\"https:\/\/novaorg.cofb.net\/2014\/11\/11\/les-farmacies-ja-han-recaptat-180-000-euros-per-a-la-construccio-del-nou-hospital-de-dia-de-sant-joan-de-deu\/\"},\"wordCount\":360,\"commentCount\":0,\"publisher\":{\"@id\":\"https:\/\/www.cofb.org\/#organization\"},\"image\":{\"@id\":\"https:\/\/novaorg.cofb.net\/2014\/11\/11\/les-farmacies-ja-han-recaptat-180-000-euros-per-a-la-construccio-del-nou-hospital-de-dia-de-sant-joan-de-deu\/#primaryimage\"},\"thumbnailUrl\":\"\",\"keywords\":[\"campanya solid\u00e0ria\",\"Oficina de farm\u00e0cia\",\"solidaritat\"],\"articleSection\":[\"Not\u00edcies farm\u00e0cia\"],\"inLanguage\":\"ca\",\"potentialAction\":[{\"@type\":\"CommentAction\",\"name\":\"Comment\",\"target\":[\"https:\/\/novaorg.cofb.net\/2014\/11\/11\/les-farmacies-ja-han-recaptat-180-000-euros-per-a-la-construccio-del-nou-hospital-de-dia-de-sant-joan-de-deu\/#respond\"]}]},{\"@type\":\"WebPage\",\"@id\":\"https:\/\/novaorg.cofb.net\/2014\/11\/11\/les-farmacies-ja-han-recaptat-180-000-euros-per-a-la-construccio-del-nou-hospital-de-dia-de-sant-joan-de-deu\/\",\"url\":\"https:\/\/novaorg.cofb.net\/2014\/11\/11\/les-farmacies-ja-han-recaptat-180-000-euros-per-a-la-construccio-del-nou-hospital-de-dia-de-sant-joan-de-deu\/\",\"name\":\"Les farm\u00e0cies ja han recaptat 180.000 euros per a la construcci\u00f3 del nou Hospital de Dia de Sant Joan de D\u00e9u - Col\u00b7legi de Farmac\u00e8utics de Barcelona\",\"isPartOf\":{\"@id\":\"https:\/\/www.cofb.org\/#website\"},\"primaryImageOfPage\":{\"@id\":\"https:\/\/novaorg.cofb.net\/2014\/11\/11\/les-farmacies-ja-han-recaptat-180-000-euros-per-a-la-construccio-del-nou-hospital-de-dia-de-sant-joan-de-deu\/#primaryimage\"},\"image\":{\"@id\":\"https:\/\/novaorg.cofb.net\/2014\/11\/11\/les-farmacies-ja-han-recaptat-180-000-euros-per-a-la-construccio-del-nou-hospital-de-dia-de-sant-joan-de-deu\/#primaryimage\"},\"thumbnailUrl\":\"\",\"datePublished\":\"2014-11-11T15:16:44+00:00\",\"dateModified\":\"2014-11-11T15:16:44+00:00\",\"breadcrumb\":{\"@id\":\"https:\/\/novaorg.cofb.net\/2014\/11\/11\/les-farmacies-ja-han-recaptat-180-000-euros-per-a-la-construccio-del-nou-hospital-de-dia-de-sant-joan-de-deu\/#breadcrumb\"},\"inLanguage\":\"ca\",\"potentialAction\":[{\"@type\":\"ReadAction\",\"target\":[\"https:\/\/novaorg.cofb.net\/2014\/11\/11\/les-farmacies-ja-han-recaptat-180-000-euros-per-a-la-construccio-del-nou-hospital-de-dia-de-sant-joan-de-deu\/\"]}]},{\"@type\":\"ImageObject\",\"inLanguage\":\"ca\",\"@id\":\"https:\/\/novaorg.cofb.net\/2014\/11\/11\/les-farmacies-ja-han-recaptat-180-000-euros-per-a-la-construccio-del-nou-hospital-de-dia-de-sant-joan-de-deu\/#primaryimage\",\"url\":\"\",\"contentUrl\":\"\"},{\"@type\":\"BreadcrumbList\",\"@id\":\"https:\/\/novaorg.cofb.net\/2014\/11\/11\/les-farmacies-ja-han-recaptat-180-000-euros-per-a-la-construccio-del-nou-hospital-de-dia-de-sant-joan-de-deu\/#breadcrumb\",\"itemListElement\":[{\"@type\":\"ListItem\",\"position\":1,\"name\":\"Inici\",\"item\":\"https:\/\/novaorg.cofb.net\/\"},{\"@type\":\"ListItem\",\"position\":2,\"name\":\"Les farm\u00e0cies ja han recaptat 180.000 euros per a la construcci\u00f3 del nou Hospital de Dia de Sant Joan de D\u00e9u\"}]},{\"@type\":\"WebSite\",\"@id\":\"https:\/\/www.cofb.org\/#website\",\"url\":\"https:\/\/www.cofb.org\/\",\"name\":\"Col\u00b7legi de Farmac\u00e8utics de Barcelona\",\"description\":\"\",\"publisher\":{\"@id\":\"https:\/\/www.cofb.org\/#organization\"},\"potentialAction\":[{\"@type\":\"SearchAction\",\"target\":{\"@type\":\"EntryPoint\",\"urlTemplate\":\"https:\/\/www.cofb.org\/?s={search_term_string}\"},\"query-input\":\"required name=search_term_string\"}],\"inLanguage\":\"ca\"},{\"@type\":\"Organization\",\"@id\":\"https:\/\/www.cofb.org\/#organization\",\"name\":\"Col\u00b7legi de Farmac\u00e8utics de Barcelona\",\"url\":\"https:\/\/www.cofb.org\/\",\"logo\":{\"@type\":\"ImageObject\",\"inLanguage\":\"ca\",\"@id\":\"https:\/\/www.cofb.org\/#\/schema\/logo\/image\/\",\"url\":\"https:\/\/www.cofb.org\/wp-content\/uploads\/2023\/11\/cropped-Logotip-COFB.png\",\"contentUrl\":\"https:\/\/www.cofb.org\/wp-content\/uploads\/2023\/11\/cropped-Logotip-COFB.png\",\"width\":500,\"height\":105,\"caption\":\"Col\u00b7legi de Farmac\u00e8utics de Barcelona\"},\"image\":{\"@id\":\"https:\/\/www.cofb.org\/#\/schema\/logo\/image\/\"},\"sameAs\":[\"https:\/\/www.facebook.com\/farmaceuticsbcn\/\",\"https:\/\/twitter.com\/farmaceuticsbcn\",\"https:\/\/www.instagram.com\/farmaceuticsbcn\/\",\"https:\/\/www.linkedin.com\/company\/farmaceuticsbcn\/\"]},{\"@type\":\"Person\",\"@id\":\"https:\/\/www.cofb.org\/#\/schema\/person\/22ed7eea88da74b0fa4d3154ad87ffcb\",\"name\":\"wpAdminCofbOrg\",\"image\":{\"@type\":\"ImageObject\",\"inLanguage\":\"ca\",\"@id\":\"https:\/\/www.cofb.org\/#\/schema\/person\/image\/\",\"url\":\"https:\/\/secure.gravatar.com\/avatar\/1721b20b3b8ca882c3b56ec6c978c594fff670e40c0718e9190eaeeb76aae7d8?s=96&d=mm&r=g\",\"contentUrl\":\"https:\/\/secure.gravatar.com\/avatar\/1721b20b3b8ca882c3b56ec6c978c594fff670e40c0718e9190eaeeb76aae7d8?s=96&d=mm&r=g\",\"caption\":\"wpAdminCofbOrg\"},\"sameAs\":[\"http:\/\/192.168.64.122\/wordpress\"],\"url\":\"https:\/\/www.cofb.org\/ca\/author\/wpadmincofborg\/\"}]}<\/script>\n<!-- \/ Yoast SEO plugin. -->","yoast_head_json":{"title":"Les farm\u00e0cies ja han recaptat 180.000 euros per a la construcci\u00f3 del nou Hospital de Dia de Sant Joan de D\u00e9u - Col\u00b7legi de Farmac\u00e8utics de Barcelona","robots":{"index":"index","follow":"follow","max-snippet":"max-snippet:-1","max-image-preview":"max-image-preview:large","max-video-preview":"max-video-preview:-1"},"canonical":"https:\/\/novaorg.cofb.net\/2014\/11\/11\/les-farmacies-ja-han-recaptat-180-000-euros-per-a-la-construccio-del-nou-hospital-de-dia-de-sant-joan-de-deu\/","og_locale":"ca_ES","og_type":"article","og_title":"Les farm\u00e0cies ja han recaptat 180.000 euros per a la construcci\u00f3 del nou Hospital de Dia de Sant Joan de D\u00e9u - Col\u00b7legi de Farmac\u00e8utics de Barcelona","og_description":"En un mes, les farm\u00e0cies que col\u00b7laboren amb la campanya solid\u00e0ria Arbre dels petits valents\u00a0per recaptar els fons que permetin enllestir les obres de construcci\u00f3 del nou Hospital de Dia de l\u2019Hospital Sant Joan de D\u00e9u han aconseguit recaptar 180.000 euros. Les persones que vulguin col\u00b7laborar en la campanya tamb\u00e9 [&hellip;]","og_url":"https:\/\/novaorg.cofb.net\/2014\/11\/11\/les-farmacies-ja-han-recaptat-180-000-euros-per-a-la-construccio-del-nou-hospital-de-dia-de-sant-joan-de-deu\/","og_site_name":"Col\u00b7legi de Farmac\u00e8utics de Barcelona","article_publisher":"https:\/\/www.facebook.com\/farmaceuticsbcn\/","article_published_time":"2014-11-11T15:16:44+00:00","author":"wpAdminCofbOrg","twitter_card":"summary_large_image","twitter_creator":"@farmaceuticsbcn","twitter_site":"@farmaceuticsbcn","twitter_misc":{"Escrit per":"wpAdminCofbOrg","Temps estimat de lectura":"2 minuts"},"schema":{"@context":"https:\/\/schema.org","@graph":[{"@type":"Article","@id":"https:\/\/novaorg.cofb.net\/2014\/11\/11\/les-farmacies-ja-han-recaptat-180-000-euros-per-a-la-construccio-del-nou-hospital-de-dia-de-sant-joan-de-deu\/#article","isPartOf":{"@id":"https:\/\/novaorg.cofb.net\/2014\/11\/11\/les-farmacies-ja-han-recaptat-180-000-euros-per-a-la-construccio-del-nou-hospital-de-dia-de-sant-joan-de-deu\/"},"author":{"name":"wpAdminCofbOrg","@id":"https:\/\/www.cofb.org\/#\/schema\/person\/22ed7eea88da74b0fa4d3154ad87ffcb"},"headline":"Les farm\u00e0cies ja han recaptat 180.000 euros per a la construcci\u00f3 del nou Hospital de Dia de Sant Joan de D\u00e9u","datePublished":"2014-11-11T15:16:44+00:00","dateModified":"2014-11-11T15:16:44+00:00","mainEntityOfPage":{"@id":"https:\/\/novaorg.cofb.net\/2014\/11\/11\/les-farmacies-ja-han-recaptat-180-000-euros-per-a-la-construccio-del-nou-hospital-de-dia-de-sant-joan-de-deu\/"},"wordCount":360,"commentCount":0,"publisher":{"@id":"https:\/\/www.cofb.org\/#organization"},"image":{"@id":"https:\/\/novaorg.cofb.net\/2014\/11\/11\/les-farmacies-ja-han-recaptat-180-000-euros-per-a-la-construccio-del-nou-hospital-de-dia-de-sant-joan-de-deu\/#primaryimage"},"thumbnailUrl":"","keywords":["campanya solid\u00e0ria","Oficina de farm\u00e0cia","solidaritat"],"articleSection":["Not\u00edcies farm\u00e0cia"],"inLanguage":"ca","potentialAction":[{"@type":"CommentAction","name":"Comment","target":["https:\/\/novaorg.cofb.net\/2014\/11\/11\/les-farmacies-ja-han-recaptat-180-000-euros-per-a-la-construccio-del-nou-hospital-de-dia-de-sant-joan-de-deu\/#respond"]}]},{"@type":"WebPage","@id":"https:\/\/novaorg.cofb.net\/2014\/11\/11\/les-farmacies-ja-han-recaptat-180-000-euros-per-a-la-construccio-del-nou-hospital-de-dia-de-sant-joan-de-deu\/","url":"https:\/\/novaorg.cofb.net\/2014\/11\/11\/les-farmacies-ja-han-recaptat-180-000-euros-per-a-la-construccio-del-nou-hospital-de-dia-de-sant-joan-de-deu\/","name":"Les farm\u00e0cies ja han recaptat 180.000 euros per a la construcci\u00f3 del nou Hospital de Dia de Sant Joan de D\u00e9u - Col\u00b7legi de Farmac\u00e8utics de Barcelona","isPartOf":{"@id":"https:\/\/www.cofb.org\/#website"},"primaryImageOfPage":{"@id":"https:\/\/novaorg.cofb.net\/2014\/11\/11\/les-farmacies-ja-han-recaptat-180-000-euros-per-a-la-construccio-del-nou-hospital-de-dia-de-sant-joan-de-deu\/#primaryimage"},"image":{"@id":"https:\/\/novaorg.cofb.net\/2014\/11\/11\/les-farmacies-ja-han-recaptat-180-000-euros-per-a-la-construccio-del-nou-hospital-de-dia-de-sant-joan-de-deu\/#primaryimage"},"thumbnailUrl":"","datePublished":"2014-11-11T15:16:44+00:00","dateModified":"2014-11-11T15:16:44+00:00","breadcrumb":{"@id":"https:\/\/novaorg.cofb.net\/2014\/11\/11\/les-farmacies-ja-han-recaptat-180-000-euros-per-a-la-construccio-del-nou-hospital-de-dia-de-sant-joan-de-deu\/#breadcrumb"},"inLanguage":"ca","potentialAction":[{"@type":"ReadAction","target":["https:\/\/novaorg.cofb.net\/2014\/11\/11\/les-farmacies-ja-han-recaptat-180-000-euros-per-a-la-construccio-del-nou-hospital-de-dia-de-sant-joan-de-deu\/"]}]},{"@type":"ImageObject","inLanguage":"ca","@id":"https:\/\/novaorg.cofb.net\/2014\/11\/11\/les-farmacies-ja-han-recaptat-180-000-euros-per-a-la-construccio-del-nou-hospital-de-dia-de-sant-joan-de-deu\/#primaryimage","url":"","contentUrl":""},{"@type":"BreadcrumbList","@id":"https:\/\/novaorg.cofb.net\/2014\/11\/11\/les-farmacies-ja-han-recaptat-180-000-euros-per-a-la-construccio-del-nou-hospital-de-dia-de-sant-joan-de-deu\/#breadcrumb","itemListElement":[{"@type":"ListItem","position":1,"name":"Inici","item":"https:\/\/novaorg.cofb.net\/"},{"@type":"ListItem","position":2,"name":"Les farm\u00e0cies ja han recaptat 180.000 euros per a la construcci\u00f3 del nou Hospital de Dia de Sant Joan de D\u00e9u"}]},{"@type":"WebSite","@id":"https:\/\/www.cofb.org\/#website","url":"https:\/\/www.cofb.org\/","name":"Col\u00b7legi de Farmac\u00e8utics de Barcelona","description":"","publisher":{"@id":"https:\/\/www.cofb.org\/#organization"},"potentialAction":[{"@type":"SearchAction","target":{"@type":"EntryPoint","urlTemplate":"https:\/\/www.cofb.org\/?s={search_term_string}"},"query-input":"required name=search_term_string"}],"inLanguage":"ca"},{"@type":"Organization","@id":"https:\/\/www.cofb.org\/#organization","name":"Col\u00b7legi de Farmac\u00e8utics de Barcelona","url":"https:\/\/www.cofb.org\/","logo":{"@type":"ImageObject","inLanguage":"ca","@id":"https:\/\/www.cofb.org\/#\/schema\/logo\/image\/","url":"https:\/\/www.cofb.org\/wp-content\/uploads\/2023\/11\/cropped-Logotip-COFB.png","contentUrl":"https:\/\/www.cofb.org\/wp-content\/uploads\/2023\/11\/cropped-Logotip-COFB.png","width":500,"height":105,"caption":"Col\u00b7legi de Farmac\u00e8utics de Barcelona"},"image":{"@id":"https:\/\/www.cofb.org\/#\/schema\/logo\/image\/"},"sameAs":["https:\/\/www.facebook.com\/farmaceuticsbcn\/","https:\/\/twitter.com\/farmaceuticsbcn","https:\/\/www.instagram.com\/farmaceuticsbcn\/","https:\/\/www.linkedin.com\/company\/farmaceuticsbcn\/"]},{"@type":"Person","@id":"https:\/\/www.cofb.org\/#\/schema\/person\/22ed7eea88da74b0fa4d3154ad87ffcb","name":"wpAdminCofbOrg","image":{"@type":"ImageObject","inLanguage":"ca","@id":"https:\/\/www.cofb.org\/#\/schema\/person\/image\/","url":"https:\/\/secure.gravatar.com\/avatar\/1721b20b3b8ca882c3b56ec6c978c594fff670e40c0718e9190eaeeb76aae7d8?s=96&d=mm&r=g","contentUrl":"https:\/\/secure.gravatar.com\/avatar\/1721b20b3b8ca882c3b56ec6c978c594fff670e40c0718e9190eaeeb76aae7d8?s=96&d=mm&r=g","caption":"wpAdminCofbOrg"},"sameAs":["http:\/\/192.168.64.122\/wordpress"],"url":"https:\/\/www.cofb.org\/ca\/author\/wpadmincofborg\/"}]}},"uagb_featured_image_src":{"full":false,"thumbnail":false,"medium":false,"medium_large":false,"large":false,"1536x1536":false,"2048x2048":false,"trp-custom-language-flag":false},"uagb_author_info":{"display_name":"wpAdminCofbOrg","author_link":"https:\/\/www.cofb.org\/ca\/author\/wpadmincofborg\/"},"uagb_comment_info":0,"uagb_excerpt":"En un mes, les farm\u00e0cies que col\u00b7laboren amb la campanya solid\u00e0ria Arbre dels petits valents\u00a0per recaptar els fons que permetin enllestir les obres de construcci\u00f3 del nou Hospital de Dia de l\u2019Hospital Sant Joan de D\u00e9u han aconseguit recaptar 180.000 euros. Les persones que vulguin col\u00b7laborar en la campanya tamb\u00e9 [&hellip;]","_links":{"self":[{"href":"https:\/\/www.cofb.org\/ca\/wp-json\/wp\/v2\/posts\/9554","targetHints":{"allow":["GET"]}}],"collection":[{"href":"https:\/\/www.cofb.org\/ca\/wp-json\/wp\/v2\/posts"}],"about":[{"href":"https:\/\/www.cofb.org\/ca\/wp-json\/wp\/v2\/types\/post"}],"author":[{"embeddable":true,"href":"https:\/\/www.cofb.org\/ca\/wp-json\/wp\/v2\/users\/1"}],"replies":[{"embeddable":true,"href":"https:\/\/www.cofb.org\/ca\/wp-json\/wp\/v2\/comments?post=9554"}],"version-history":[{"count":0,"href":"https:\/\/www.cofb.org\/ca\/wp-json\/wp\/v2\/posts\/9554\/revisions"}],"wp:featuredmedia":[{"embeddable":true,"href":"https:\/\/www.cofb.org\/ca\/wp-json\/"}],"wp:attachment":[{"href":"https:\/\/www.cofb.org\/ca\/wp-json\/wp\/v2\/media?parent=9554"}],"wp:term":[{"taxonomy":"category","embeddable":true,"href":"https:\/\/www.cofb.org\/ca\/wp-json\/wp\/v2\/categories?post=9554"},{"taxonomy":"post_tag","embeddable":true,"href":"https:\/\/www.cofb.org\/ca\/wp-json\/wp\/v2\/tags?post=9554"}],"curies":[{"name":"wp","href":"https:\/\/api.w.org\/{rel}","templated":true}]}}