{"id":8696,"date":"2014-09-30T10:41:37","date_gmt":"2014-09-30T09:41:37","guid":{"rendered":"http:\/\/blog.cofb.cat\/?p=8696"},"modified":"2014-09-30T10:41:37","modified_gmt":"2014-09-30T09:41:37","slug":"cordoba-acollira-el-congres-nacional-farmaceutic-2","status":"publish","type":"post","link":"https:\/\/www.cofb.org\/ca\/2014\/09\/30\/cordoba-acollira-el-congres-nacional-farmaceutic-2\/","title":{"rendered":"C\u00f3rdoba acollir\u00e0 el Congr\u00e9s Nacional Farmac\u00e8utic"},"content":{"rendered":"<p><img decoding=\"async\" class=\"size-medium wp-image-8698 alignleft\" alt=\"congreso_nacional_farmaceutico_cordoba_espana_2014_671\" src=\"http:\/\/blog.cofb.cat\/wp-content\/uploads\/2014\/09\/congreso_nacional_farmaceutico_cordoba_espana_2014_671-300x62.jpg\" width=\"300\" height=\"62\" \/>El <strong>XIX Congr\u00e9s Nacional Farmac\u00e8utic<\/strong>, que tindr\u00e0 lloc <b>del 22 al 24 d\u2019octubre<\/b>, \u00e9s una de les grans cites de la professi\u00f3 farmac\u00e8utica en la qual s&#8217;aborden els principals temes d&#8217;inter\u00e8s professional i actualitat farmac\u00e8utica. En aquesta dinovena edici\u00f3 del Congr\u00e9s, que se celebra cada dos anys, el lema escollit \u00e9s \u201cFem Farm\u00e0cia\u201d, en el qual es recull el comprom\u00eds dels farmac\u00e8utics amb el pacient i amb el sistema sanitari. Est\u00e0 organitzat pel Consejo General de Colegios Oficiales de Farmac\u00e9uticos amb la col\u00b7laboraci\u00f3 del Col\u00b7legi de Farmac\u00e8utics de C\u00f3rdoba. Jordi de Dalmases, president del Consell de Col\u00b7legis de Farmac\u00e8utics de Catalunya i del Col\u00b7legi de Barcelona i vicepresident del Consejo moderar\u00e0 la taula &#8220;Farm\u00e0cia Comunit\u00e0ria: punt de partida i futur&#8221;.<\/p>\n<p>El XIX Congr\u00e9s Nacional Farmac\u00e8utic vol fer visible l&#8217;evoluci\u00f3 de la farm\u00e0cia comunit\u00e0ria cap a una labor m\u00e9s assistencial, centrada en el pacient, que aposta pel desenvolupament de serveis professionals farmac\u00e8utics que contribueixen a millorar els resultats en salut, sent eficaces per als pacients i eficients per al sistema sanitari.<\/p>\n<p>El programa cient\u00edfic del Congr\u00e9s Nacional Farmac\u00e8utic tractar\u00e0 el desenvolupament professional del farmac\u00e8utic, les bones pr\u00e0ctiques professionals, la gesti\u00f3 cl\u00ednica en l&#8217;\u00e0mbit de la farm\u00e0cia assistencial, l&#8217;adher\u00e8ncia als tractaments i el seu impacte en el pacient i en el Sistema Nacional de Salut, la pr\u00e0ctica col\u00b7laborativa, l\u2019eSalut i la seva projecci\u00f3 en l&#8217;\u00e0mbit de la farm\u00e0cia o la construcci\u00f3 d&#8217;un espai sociosanitari com\u00fa. <span style=\"text-decoration: underline;\"><a href=\"http:\/\/www.portalfarma.com\/jornadas-congresos\/xix-congreso-nacional-farmaceutico\/documents\/xixcnf-programa.pdf\">Consulta el programa preliminar<\/a><\/span>.<\/p>\n<p>De moment, m\u00e9s de 500 professionals farmac\u00e8utics s\u2019han inscrit per assistir i participar en aquest esdeveniment. Tota la informaci\u00f3 del Congr\u00e9s \u2014el programa cient\u00edfic, inscripcions, expositors, l\u2019aplicaci\u00f3 del Congr\u00e9s per a m\u00f2bils\u2014 es troba disponible al <span style=\"text-decoration: underline;\"><a href=\"http:\/\/www.portalfarma.com\/jornadas-congresos\/xix-congreso-nacional-farmaceutico\/paginas\/presentacion.aspx#Pagina\/paginas\/default.aspx\">web del Consejo (Portalfarma)<\/a>.<\/span><\/p>\n<p><img decoding=\"async\" class=\"wp-image-8694 alignleft\" alt=\"twitter\" src=\"http:\/\/blog.cofb.cat\/wp-content\/uploads\/2014\/09\/twitter-300x243.png\" width=\"59\" height=\"48\" \/>Segueix les novetats del Congr\u00e9s al perfil de Twitter de Portalfarma <span style=\"text-decoration: underline;\"><a href=\"https:\/\/twitter.com\/Portalfarma\">@Portalfarma<\/a><\/span> i del Col\u00b7legi de Farmac\u00e8utics de C\u00f3rdoba <span style=\"text-decoration: underline;\"><a href=\"https:\/\/twitter.com\/cofcordoba\">@COFcordoba<\/a><\/span>. Per a la difusi\u00f3 de la trobada s\u2019utilitzar\u00e0 l\u2019etiqueta <b>#19CNF<\/b>.<\/p>\n","protected":false},"excerpt":{"rendered":"<p>El XIX Congr\u00e9s Nacional Farmac\u00e8utic, que tindr\u00e0 lloc del 22 al 24 d\u2019octubre, \u00e9s una de les grans cites de la professi\u00f3 farmac\u00e8utica en la qual s&#8217;aborden els principals temes d&#8217;inter\u00e8s professional i actualitat farmac\u00e8utica. En aquesta dinovena edici\u00f3 del Congr\u00e9s, que se celebra cada dos anys, el lema escollit [&hellip;]<\/p>\n","protected":false},"author":1,"featured_media":8697,"comment_status":"open","ping_status":"open","sticky":false,"template":"","format":"standard","meta":{"_uag_custom_page_level_css":"","site-sidebar-layout":"default","site-content-layout":"","ast-site-content-layout":"default","site-content-style":"default","site-sidebar-style":"default","ast-global-header-display":"","ast-banner-title-visibility":"","ast-main-header-display":"","ast-hfb-above-header-display":"","ast-hfb-below-header-display":"","ast-hfb-mobile-header-display":"","site-post-title":"","ast-breadcrumbs-content":"","ast-featured-img":"disabled","footer-sml-layout":"","theme-transparent-header-meta":"","adv-header-id-meta":"","stick-header-meta":"","header-above-stick-meta":"","header-main-stick-meta":"","header-below-stick-meta":"","astra-migrate-meta-layouts":"default","ast-page-background-enabled":"default","ast-page-background-meta":{"desktop":{"background-color":"var(--ast-global-color-4)","background-image":"","background-repeat":"repeat","background-position":"center center","background-size":"auto","background-attachment":"scroll","background-type":"","background-media":"","overlay-type":"","overlay-color":"","overlay-opacity":"","overlay-gradient":""},"tablet":{"background-color":"","background-image":"","background-repeat":"repeat","background-position":"center center","background-size":"auto","background-attachment":"scroll","background-type":"","background-media":"","overlay-type":"","overlay-color":"","overlay-opacity":"","overlay-gradient":""},"mobile":{"background-color":"","background-image":"","background-repeat":"repeat","background-position":"center center","background-size":"auto","background-attachment":"scroll","background-type":"","background-media":"","overlay-type":"","overlay-color":"","overlay-opacity":"","overlay-gradient":""}},"ast-content-background-meta":{"desktop":{"background-color":"var(--ast-global-color-5)","background-image":"","background-repeat":"repeat","background-position":"center center","background-size":"auto","background-attachment":"scroll","background-type":"","background-media":"","overlay-type":"","overlay-color":"","overlay-opacity":"","overlay-gradient":""},"tablet":{"background-color":"var(--ast-global-color-5)","background-image":"","background-repeat":"repeat","background-position":"center center","background-size":"auto","background-attachment":"scroll","background-type":"","background-media":"","overlay-type":"","overlay-color":"","overlay-opacity":"","overlay-gradient":""},"mobile":{"background-color":"var(--ast-global-color-5)","background-image":"","background-repeat":"repeat","background-position":"center center","background-size":"auto","background-attachment":"scroll","background-type":"","background-media":"","overlay-type":"","overlay-color":"","overlay-opacity":"","overlay-gradient":""}},"footnotes":""},"categories":[32],"tags":[2121],"class_list":["post-8696","post","type-post","status-publish","format-standard","has-post-thumbnail","hentry","category-noticies-farmacia","tag-congressos"],"yoast_head":"<!-- This site is optimized with the Yoast SEO plugin v22.4 - https:\/\/yoast.com\/wordpress\/plugins\/seo\/ -->\n<title>C\u00f3rdoba acollir\u00e0 el Congr\u00e9s Nacional Farmac\u00e8utic - Col\u00b7legi de Farmac\u00e8utics de Barcelona<\/title>\n<meta name=\"robots\" content=\"index, follow, max-snippet:-1, max-image-preview:large, max-video-preview:-1\" \/>\n<link rel=\"canonical\" href=\"https:\/\/novaorg.cofb.net\/2014\/09\/30\/cordoba-acollira-el-congres-nacional-farmaceutic-2\/\" \/>\n<meta property=\"og:locale\" content=\"ca_ES\" \/>\n<meta property=\"og:type\" content=\"article\" \/>\n<meta property=\"og:title\" content=\"C\u00f3rdoba acollir\u00e0 el Congr\u00e9s Nacional Farmac\u00e8utic - Col\u00b7legi de Farmac\u00e8utics de Barcelona\" \/>\n<meta property=\"og:description\" content=\"El XIX Congr\u00e9s Nacional Farmac\u00e8utic, que tindr\u00e0 lloc del 22 al 24 d\u2019octubre, \u00e9s una de les grans cites de la professi\u00f3 farmac\u00e8utica en la qual s&#8217;aborden els principals temes d&#8217;inter\u00e8s professional i actualitat farmac\u00e8utica. En aquesta dinovena edici\u00f3 del Congr\u00e9s, que se celebra cada dos anys, el lema escollit [&hellip;]\" \/>\n<meta property=\"og:url\" content=\"https:\/\/novaorg.cofb.net\/2014\/09\/30\/cordoba-acollira-el-congres-nacional-farmaceutic-2\/\" \/>\n<meta property=\"og:site_name\" content=\"Col\u00b7legi de Farmac\u00e8utics de Barcelona\" \/>\n<meta property=\"article:publisher\" content=\"https:\/\/www.facebook.com\/farmaceuticsbcn\/\" \/>\n<meta property=\"article:published_time\" content=\"2014-09-30T09:41:37+00:00\" \/>\n<meta name=\"author\" content=\"wpAdminCofbOrg\" \/>\n<meta name=\"twitter:card\" content=\"summary_large_image\" \/>\n<meta name=\"twitter:creator\" content=\"@farmaceuticsbcn\" \/>\n<meta name=\"twitter:site\" content=\"@farmaceuticsbcn\" \/>\n<meta name=\"twitter:label1\" content=\"Escrit per\" \/>\n\t<meta name=\"twitter:data1\" content=\"wpAdminCofbOrg\" \/>\n\t<meta name=\"twitter:label2\" content=\"Temps estimat de lectura\" \/>\n\t<meta name=\"twitter:data2\" content=\"2 minuts\" \/>\n<script type=\"application\/ld+json\" class=\"yoast-schema-graph\">{\"@context\":\"https:\/\/schema.org\",\"@graph\":[{\"@type\":\"Article\",\"@id\":\"https:\/\/novaorg.cofb.net\/2014\/09\/30\/cordoba-acollira-el-congres-nacional-farmaceutic-2\/#article\",\"isPartOf\":{\"@id\":\"https:\/\/novaorg.cofb.net\/2014\/09\/30\/cordoba-acollira-el-congres-nacional-farmaceutic-2\/\"},\"author\":{\"name\":\"wpAdminCofbOrg\",\"@id\":\"https:\/\/www.cofb.org\/#\/schema\/person\/22ed7eea88da74b0fa4d3154ad87ffcb\"},\"headline\":\"C\u00f3rdoba acollir\u00e0 el Congr\u00e9s Nacional Farmac\u00e8utic\",\"datePublished\":\"2014-09-30T09:41:37+00:00\",\"dateModified\":\"2014-09-30T09:41:37+00:00\",\"mainEntityOfPage\":{\"@id\":\"https:\/\/novaorg.cofb.net\/2014\/09\/30\/cordoba-acollira-el-congres-nacional-farmaceutic-2\/\"},\"wordCount\":372,\"commentCount\":1,\"publisher\":{\"@id\":\"https:\/\/www.cofb.org\/#organization\"},\"image\":{\"@id\":\"https:\/\/novaorg.cofb.net\/2014\/09\/30\/cordoba-acollira-el-congres-nacional-farmaceutic-2\/#primaryimage\"},\"thumbnailUrl\":\"\",\"keywords\":[\"Congressos\"],\"articleSection\":[\"Not\u00edcies farm\u00e0cia\"],\"inLanguage\":\"ca\",\"potentialAction\":[{\"@type\":\"CommentAction\",\"name\":\"Comment\",\"target\":[\"https:\/\/novaorg.cofb.net\/2014\/09\/30\/cordoba-acollira-el-congres-nacional-farmaceutic-2\/#respond\"]}]},{\"@type\":\"WebPage\",\"@id\":\"https:\/\/novaorg.cofb.net\/2014\/09\/30\/cordoba-acollira-el-congres-nacional-farmaceutic-2\/\",\"url\":\"https:\/\/novaorg.cofb.net\/2014\/09\/30\/cordoba-acollira-el-congres-nacional-farmaceutic-2\/\",\"name\":\"C\u00f3rdoba acollir\u00e0 el Congr\u00e9s Nacional Farmac\u00e8utic - Col\u00b7legi de Farmac\u00e8utics de Barcelona\",\"isPartOf\":{\"@id\":\"https:\/\/www.cofb.org\/#website\"},\"primaryImageOfPage\":{\"@id\":\"https:\/\/novaorg.cofb.net\/2014\/09\/30\/cordoba-acollira-el-congres-nacional-farmaceutic-2\/#primaryimage\"},\"image\":{\"@id\":\"https:\/\/novaorg.cofb.net\/2014\/09\/30\/cordoba-acollira-el-congres-nacional-farmaceutic-2\/#primaryimage\"},\"thumbnailUrl\":\"\",\"datePublished\":\"2014-09-30T09:41:37+00:00\",\"dateModified\":\"2014-09-30T09:41:37+00:00\",\"breadcrumb\":{\"@id\":\"https:\/\/novaorg.cofb.net\/2014\/09\/30\/cordoba-acollira-el-congres-nacional-farmaceutic-2\/#breadcrumb\"},\"inLanguage\":\"ca\",\"potentialAction\":[{\"@type\":\"ReadAction\",\"target\":[\"https:\/\/novaorg.cofb.net\/2014\/09\/30\/cordoba-acollira-el-congres-nacional-farmaceutic-2\/\"]}]},{\"@type\":\"ImageObject\",\"inLanguage\":\"ca\",\"@id\":\"https:\/\/novaorg.cofb.net\/2014\/09\/30\/cordoba-acollira-el-congres-nacional-farmaceutic-2\/#primaryimage\",\"url\":\"\",\"contentUrl\":\"\"},{\"@type\":\"BreadcrumbList\",\"@id\":\"https:\/\/novaorg.cofb.net\/2014\/09\/30\/cordoba-acollira-el-congres-nacional-farmaceutic-2\/#breadcrumb\",\"itemListElement\":[{\"@type\":\"ListItem\",\"position\":1,\"name\":\"Inici\",\"item\":\"https:\/\/novaorg.cofb.net\/\"},{\"@type\":\"ListItem\",\"position\":2,\"name\":\"C\u00f3rdoba acollir\u00e0 el Congr\u00e9s Nacional Farmac\u00e8utic\"}]},{\"@type\":\"WebSite\",\"@id\":\"https:\/\/www.cofb.org\/#website\",\"url\":\"https:\/\/www.cofb.org\/\",\"name\":\"Col\u00b7legi de Farmac\u00e8utics de Barcelona\",\"description\":\"\",\"publisher\":{\"@id\":\"https:\/\/www.cofb.org\/#organization\"},\"potentialAction\":[{\"@type\":\"SearchAction\",\"target\":{\"@type\":\"EntryPoint\",\"urlTemplate\":\"https:\/\/www.cofb.org\/?s={search_term_string}\"},\"query-input\":\"required name=search_term_string\"}],\"inLanguage\":\"ca\"},{\"@type\":\"Organization\",\"@id\":\"https:\/\/www.cofb.org\/#organization\",\"name\":\"Col\u00b7legi de Farmac\u00e8utics de Barcelona\",\"url\":\"https:\/\/www.cofb.org\/\",\"logo\":{\"@type\":\"ImageObject\",\"inLanguage\":\"ca\",\"@id\":\"https:\/\/www.cofb.org\/#\/schema\/logo\/image\/\",\"url\":\"https:\/\/www.cofb.org\/wp-content\/uploads\/2023\/11\/cropped-Logotip-COFB.png\",\"contentUrl\":\"https:\/\/www.cofb.org\/wp-content\/uploads\/2023\/11\/cropped-Logotip-COFB.png\",\"width\":500,\"height\":105,\"caption\":\"Col\u00b7legi de Farmac\u00e8utics de Barcelona\"},\"image\":{\"@id\":\"https:\/\/www.cofb.org\/#\/schema\/logo\/image\/\"},\"sameAs\":[\"https:\/\/www.facebook.com\/farmaceuticsbcn\/\",\"https:\/\/twitter.com\/farmaceuticsbcn\",\"https:\/\/www.instagram.com\/farmaceuticsbcn\/\",\"https:\/\/www.linkedin.com\/company\/farmaceuticsbcn\/\"]},{\"@type\":\"Person\",\"@id\":\"https:\/\/www.cofb.org\/#\/schema\/person\/22ed7eea88da74b0fa4d3154ad87ffcb\",\"name\":\"wpAdminCofbOrg\",\"image\":{\"@type\":\"ImageObject\",\"inLanguage\":\"ca\",\"@id\":\"https:\/\/www.cofb.org\/#\/schema\/person\/image\/\",\"url\":\"https:\/\/secure.gravatar.com\/avatar\/1721b20b3b8ca882c3b56ec6c978c594fff670e40c0718e9190eaeeb76aae7d8?s=96&d=mm&r=g\",\"contentUrl\":\"https:\/\/secure.gravatar.com\/avatar\/1721b20b3b8ca882c3b56ec6c978c594fff670e40c0718e9190eaeeb76aae7d8?s=96&d=mm&r=g\",\"caption\":\"wpAdminCofbOrg\"},\"sameAs\":[\"http:\/\/192.168.64.122\/wordpress\"],\"url\":\"https:\/\/www.cofb.org\/ca\/author\/wpadmincofborg\/\"}]}<\/script>\n<!-- \/ Yoast SEO plugin. -->","yoast_head_json":{"title":"C\u00f3rdoba acollir\u00e0 el Congr\u00e9s Nacional Farmac\u00e8utic - Col\u00b7legi de Farmac\u00e8utics de Barcelona","robots":{"index":"index","follow":"follow","max-snippet":"max-snippet:-1","max-image-preview":"max-image-preview:large","max-video-preview":"max-video-preview:-1"},"canonical":"https:\/\/novaorg.cofb.net\/2014\/09\/30\/cordoba-acollira-el-congres-nacional-farmaceutic-2\/","og_locale":"ca_ES","og_type":"article","og_title":"C\u00f3rdoba acollir\u00e0 el Congr\u00e9s Nacional Farmac\u00e8utic - Col\u00b7legi de Farmac\u00e8utics de Barcelona","og_description":"El XIX Congr\u00e9s Nacional Farmac\u00e8utic, que tindr\u00e0 lloc del 22 al 24 d\u2019octubre, \u00e9s una de les grans cites de la professi\u00f3 farmac\u00e8utica en la qual s&#8217;aborden els principals temes d&#8217;inter\u00e8s professional i actualitat farmac\u00e8utica. En aquesta dinovena edici\u00f3 del Congr\u00e9s, que se celebra cada dos anys, el lema escollit [&hellip;]","og_url":"https:\/\/novaorg.cofb.net\/2014\/09\/30\/cordoba-acollira-el-congres-nacional-farmaceutic-2\/","og_site_name":"Col\u00b7legi de Farmac\u00e8utics de Barcelona","article_publisher":"https:\/\/www.facebook.com\/farmaceuticsbcn\/","article_published_time":"2014-09-30T09:41:37+00:00","author":"wpAdminCofbOrg","twitter_card":"summary_large_image","twitter_creator":"@farmaceuticsbcn","twitter_site":"@farmaceuticsbcn","twitter_misc":{"Escrit per":"wpAdminCofbOrg","Temps estimat de lectura":"2 minuts"},"schema":{"@context":"https:\/\/schema.org","@graph":[{"@type":"Article","@id":"https:\/\/novaorg.cofb.net\/2014\/09\/30\/cordoba-acollira-el-congres-nacional-farmaceutic-2\/#article","isPartOf":{"@id":"https:\/\/novaorg.cofb.net\/2014\/09\/30\/cordoba-acollira-el-congres-nacional-farmaceutic-2\/"},"author":{"name":"wpAdminCofbOrg","@id":"https:\/\/www.cofb.org\/#\/schema\/person\/22ed7eea88da74b0fa4d3154ad87ffcb"},"headline":"C\u00f3rdoba acollir\u00e0 el Congr\u00e9s Nacional Farmac\u00e8utic","datePublished":"2014-09-30T09:41:37+00:00","dateModified":"2014-09-30T09:41:37+00:00","mainEntityOfPage":{"@id":"https:\/\/novaorg.cofb.net\/2014\/09\/30\/cordoba-acollira-el-congres-nacional-farmaceutic-2\/"},"wordCount":372,"commentCount":1,"publisher":{"@id":"https:\/\/www.cofb.org\/#organization"},"image":{"@id":"https:\/\/novaorg.cofb.net\/2014\/09\/30\/cordoba-acollira-el-congres-nacional-farmaceutic-2\/#primaryimage"},"thumbnailUrl":"","keywords":["Congressos"],"articleSection":["Not\u00edcies farm\u00e0cia"],"inLanguage":"ca","potentialAction":[{"@type":"CommentAction","name":"Comment","target":["https:\/\/novaorg.cofb.net\/2014\/09\/30\/cordoba-acollira-el-congres-nacional-farmaceutic-2\/#respond"]}]},{"@type":"WebPage","@id":"https:\/\/novaorg.cofb.net\/2014\/09\/30\/cordoba-acollira-el-congres-nacional-farmaceutic-2\/","url":"https:\/\/novaorg.cofb.net\/2014\/09\/30\/cordoba-acollira-el-congres-nacional-farmaceutic-2\/","name":"C\u00f3rdoba acollir\u00e0 el Congr\u00e9s Nacional Farmac\u00e8utic - Col\u00b7legi de Farmac\u00e8utics de Barcelona","isPartOf":{"@id":"https:\/\/www.cofb.org\/#website"},"primaryImageOfPage":{"@id":"https:\/\/novaorg.cofb.net\/2014\/09\/30\/cordoba-acollira-el-congres-nacional-farmaceutic-2\/#primaryimage"},"image":{"@id":"https:\/\/novaorg.cofb.net\/2014\/09\/30\/cordoba-acollira-el-congres-nacional-farmaceutic-2\/#primaryimage"},"thumbnailUrl":"","datePublished":"2014-09-30T09:41:37+00:00","dateModified":"2014-09-30T09:41:37+00:00","breadcrumb":{"@id":"https:\/\/novaorg.cofb.net\/2014\/09\/30\/cordoba-acollira-el-congres-nacional-farmaceutic-2\/#breadcrumb"},"inLanguage":"ca","potentialAction":[{"@type":"ReadAction","target":["https:\/\/novaorg.cofb.net\/2014\/09\/30\/cordoba-acollira-el-congres-nacional-farmaceutic-2\/"]}]},{"@type":"ImageObject","inLanguage":"ca","@id":"https:\/\/novaorg.cofb.net\/2014\/09\/30\/cordoba-acollira-el-congres-nacional-farmaceutic-2\/#primaryimage","url":"","contentUrl":""},{"@type":"BreadcrumbList","@id":"https:\/\/novaorg.cofb.net\/2014\/09\/30\/cordoba-acollira-el-congres-nacional-farmaceutic-2\/#breadcrumb","itemListElement":[{"@type":"ListItem","position":1,"name":"Inici","item":"https:\/\/novaorg.cofb.net\/"},{"@type":"ListItem","position":2,"name":"C\u00f3rdoba acollir\u00e0 el Congr\u00e9s Nacional Farmac\u00e8utic"}]},{"@type":"WebSite","@id":"https:\/\/www.cofb.org\/#website","url":"https:\/\/www.cofb.org\/","name":"Col\u00b7legi de Farmac\u00e8utics de Barcelona","description":"","publisher":{"@id":"https:\/\/www.cofb.org\/#organization"},"potentialAction":[{"@type":"SearchAction","target":{"@type":"EntryPoint","urlTemplate":"https:\/\/www.cofb.org\/?s={search_term_string}"},"query-input":"required name=search_term_string"}],"inLanguage":"ca"},{"@type":"Organization","@id":"https:\/\/www.cofb.org\/#organization","name":"Col\u00b7legi de Farmac\u00e8utics de Barcelona","url":"https:\/\/www.cofb.org\/","logo":{"@type":"ImageObject","inLanguage":"ca","@id":"https:\/\/www.cofb.org\/#\/schema\/logo\/image\/","url":"https:\/\/www.cofb.org\/wp-content\/uploads\/2023\/11\/cropped-Logotip-COFB.png","contentUrl":"https:\/\/www.cofb.org\/wp-content\/uploads\/2023\/11\/cropped-Logotip-COFB.png","width":500,"height":105,"caption":"Col\u00b7legi de Farmac\u00e8utics de Barcelona"},"image":{"@id":"https:\/\/www.cofb.org\/#\/schema\/logo\/image\/"},"sameAs":["https:\/\/www.facebook.com\/farmaceuticsbcn\/","https:\/\/twitter.com\/farmaceuticsbcn","https:\/\/www.instagram.com\/farmaceuticsbcn\/","https:\/\/www.linkedin.com\/company\/farmaceuticsbcn\/"]},{"@type":"Person","@id":"https:\/\/www.cofb.org\/#\/schema\/person\/22ed7eea88da74b0fa4d3154ad87ffcb","name":"wpAdminCofbOrg","image":{"@type":"ImageObject","inLanguage":"ca","@id":"https:\/\/www.cofb.org\/#\/schema\/person\/image\/","url":"https:\/\/secure.gravatar.com\/avatar\/1721b20b3b8ca882c3b56ec6c978c594fff670e40c0718e9190eaeeb76aae7d8?s=96&d=mm&r=g","contentUrl":"https:\/\/secure.gravatar.com\/avatar\/1721b20b3b8ca882c3b56ec6c978c594fff670e40c0718e9190eaeeb76aae7d8?s=96&d=mm&r=g","caption":"wpAdminCofbOrg"},"sameAs":["http:\/\/192.168.64.122\/wordpress"],"url":"https:\/\/www.cofb.org\/ca\/author\/wpadmincofborg\/"}]}},"uagb_featured_image_src":{"full":false,"thumbnail":false,"medium":false,"medium_large":false,"large":false,"1536x1536":false,"2048x2048":false,"trp-custom-language-flag":false},"uagb_author_info":{"display_name":"wpAdminCofbOrg","author_link":"https:\/\/www.cofb.org\/ca\/author\/wpadmincofborg\/"},"uagb_comment_info":1,"uagb_excerpt":"El XIX Congr\u00e9s Nacional Farmac\u00e8utic, que tindr\u00e0 lloc del 22 al 24 d\u2019octubre, \u00e9s una de les grans cites de la professi\u00f3 farmac\u00e8utica en la qual s&#8217;aborden els principals temes d&#8217;inter\u00e8s professional i actualitat farmac\u00e8utica. En aquesta dinovena edici\u00f3 del Congr\u00e9s, que se celebra cada dos anys, el lema escollit [&hellip;]","_links":{"self":[{"href":"https:\/\/www.cofb.org\/ca\/wp-json\/wp\/v2\/posts\/8696","targetHints":{"allow":["GET"]}}],"collection":[{"href":"https:\/\/www.cofb.org\/ca\/wp-json\/wp\/v2\/posts"}],"about":[{"href":"https:\/\/www.cofb.org\/ca\/wp-json\/wp\/v2\/types\/post"}],"author":[{"embeddable":true,"href":"https:\/\/www.cofb.org\/ca\/wp-json\/wp\/v2\/users\/1"}],"replies":[{"embeddable":true,"href":"https:\/\/www.cofb.org\/ca\/wp-json\/wp\/v2\/comments?post=8696"}],"version-history":[{"count":0,"href":"https:\/\/www.cofb.org\/ca\/wp-json\/wp\/v2\/posts\/8696\/revisions"}],"wp:featuredmedia":[{"embeddable":true,"href":"https:\/\/www.cofb.org\/ca\/wp-json\/"}],"wp:attachment":[{"href":"https:\/\/www.cofb.org\/ca\/wp-json\/wp\/v2\/media?parent=8696"}],"wp:term":[{"taxonomy":"category","embeddable":true,"href":"https:\/\/www.cofb.org\/ca\/wp-json\/wp\/v2\/categories?post=8696"},{"taxonomy":"post_tag","embeddable":true,"href":"https:\/\/www.cofb.org\/ca\/wp-json\/wp\/v2\/tags?post=8696"}],"curies":[{"name":"wp","href":"https:\/\/api.w.org\/{rel}","templated":true}]}}