{"id":8490,"date":"2014-09-16T12:18:17","date_gmt":"2014-09-16T11:18:17","guid":{"rendered":"http:\/\/blog.cofb.cat\/?p=8490"},"modified":"2014-09-16T12:18:17","modified_gmt":"2014-09-16T11:18:17","slug":"la-generalitat-trenca-el-seu-compromis-de-pagament-a-les-farmacies","status":"publish","type":"post","link":"https:\/\/www.cofb.org\/ca\/2014\/09\/16\/la-generalitat-trenca-el-seu-compromis-de-pagament-a-les-farmacies\/","title":{"rendered":"La Generalitat trenca el seu comprom\u00eds de pagament a les farm\u00e0cies"},"content":{"rendered":"<p style=\"text-align: left;\" align=\"center\">La Generalitat ha avan\u00e7at als farmac\u00e8utics que <strong>no podr\u00e0 pagar la factura dels medicaments dispensats el mes de juliol<\/strong>, que ascendeix a 119,7 milions d\u2019euros, i que estava previst cobrar a finals d\u2019aquest mes de setembre amb 25 dies de retard respecte a la data de factura i una mitjana de dos mesos des que els van dispensar. Des de 2011 les farm\u00e0cies estan patint irregularitats en el pagament i van arribar a suportar fins a 4 mesos de deute el novembre de 2013. Despr\u00e9s d\u2019aquell episodi, l\u2019Administraci\u00f3 catalana es va comprometre per escrit a abonar, tot i que amb retard, una factura cada mes i a intentar saldar el deute durant el 2014. Fins ara s\u2019havia complert el comprom\u00eds. Si el dia 30 es confirma l\u2019impagament anunciat, s\u2019haur\u00e0 vulnerat aquest comprom\u00eds i es tornar\u00e0 a cobrar amb un retard de 55 dies.<\/p>\n<p>Els representants dels farmac\u00e8utics coincideixen en qu\u00e8<strong> \u00e9s inadmissible que l\u2019Administraci\u00f3 torni a rec\u00f3rrer als impagaments per finan\u00e7ar-se<\/strong>. En el cas dels prove\u00efdors sanitaris posant en risc, a m\u00e9s, la qualitat dels serveis que poden oferir, quan \u201cla salut hauria de ser un tema prioritari\u201d, afirmen. Tamb\u00e9 defensen que aquest sigui un motiu de debat al Parlament, doncs afecta no nom\u00e9s als professionals sanitaris sin\u00f3 al conjunt de ciutadans i a la gesti\u00f3 dels recursos disponibles.<\/p>\n<p>Tant des del Consell de Col\u00b7legis Farmac\u00e8utics de Catalunya com des de l\u2019empresarial FEFAC s\u2019estan valorant les mesures a prendre mentre esperen m\u00e9s informaci\u00f3 d\u2019Economia, donat que des del Departament de Salut no els hi han pogut facilitar m\u00e9s arguments que el de que la factura no s\u2019ha pogut incloure en els mecanismes de pagament del Fons de Liquiditat Auton\u00f2mica. Tot plegat, malgrat que la factura del mes de juliol, que \u00e9s la que haurien de cobrar el setembre, els farmac\u00e8utics van accedir a tancar 12 hores abans la facturaci\u00f3 per tal que una xifra m\u00e9s baixa garant\u00eds a l\u2019Administraci\u00f3 poder-la incloure en aquests mecanismes.<\/p>\n<p><span style=\"color: #808080;\">Per a m\u00e9s informaci\u00f3, consulta la nota de premsa al web insitucional\u00a0<span style=\"text-decoration: underline;\"><a href=\"http:\/\/www.cofb.org\/web\/guest\/notes-de-premsa\" target=\"_blank\" rel=\"noopener\"><span style=\"color: #808080; text-decoration: underline;\">www.cofb.org<\/span><\/a><\/span><\/span><\/p>\n","protected":false},"excerpt":{"rendered":"<p>La Generalitat ha avan\u00e7at als farmac\u00e8utics que no podr\u00e0 pagar la factura dels medicaments dispensats el mes de juliol, que ascendeix a 119,7 milions d\u2019euros, i que estava previst cobrar a finals d\u2019aquest mes de setembre amb 25 dies de retard respecte a la data de factura i una mitjana [&hellip;]<\/p>\n","protected":false},"author":1,"featured_media":2880,"comment_status":"open","ping_status":"open","sticky":false,"template":"","format":"standard","meta":{"_uag_custom_page_level_css":"","site-sidebar-layout":"default","site-content-layout":"","ast-site-content-layout":"default","site-content-style":"default","site-sidebar-style":"default","ast-global-header-display":"","ast-banner-title-visibility":"","ast-main-header-display":"","ast-hfb-above-header-display":"","ast-hfb-below-header-display":"","ast-hfb-mobile-header-display":"","site-post-title":"","ast-breadcrumbs-content":"","ast-featured-img":"disabled","footer-sml-layout":"","theme-transparent-header-meta":"","adv-header-id-meta":"","stick-header-meta":"","header-above-stick-meta":"","header-main-stick-meta":"","header-below-stick-meta":"","astra-migrate-meta-layouts":"default","ast-page-background-enabled":"default","ast-page-background-meta":{"desktop":{"background-color":"var(--ast-global-color-4)","background-image":"","background-repeat":"repeat","background-position":"center center","background-size":"auto","background-attachment":"scroll","background-type":"","background-media":"","overlay-type":"","overlay-color":"","overlay-opacity":"","overlay-gradient":""},"tablet":{"background-color":"","background-image":"","background-repeat":"repeat","background-position":"center center","background-size":"auto","background-attachment":"scroll","background-type":"","background-media":"","overlay-type":"","overlay-color":"","overlay-opacity":"","overlay-gradient":""},"mobile":{"background-color":"","background-image":"","background-repeat":"repeat","background-position":"center center","background-size":"auto","background-attachment":"scroll","background-type":"","background-media":"","overlay-type":"","overlay-color":"","overlay-opacity":"","overlay-gradient":""}},"ast-content-background-meta":{"desktop":{"background-color":"var(--ast-global-color-5)","background-image":"","background-repeat":"repeat","background-position":"center center","background-size":"auto","background-attachment":"scroll","background-type":"","background-media":"","overlay-type":"","overlay-color":"","overlay-opacity":"","overlay-gradient":""},"tablet":{"background-color":"var(--ast-global-color-5)","background-image":"","background-repeat":"repeat","background-position":"center center","background-size":"auto","background-attachment":"scroll","background-type":"","background-media":"","overlay-type":"","overlay-color":"","overlay-opacity":"","overlay-gradient":""},"mobile":{"background-color":"var(--ast-global-color-5)","background-image":"","background-repeat":"repeat","background-position":"center center","background-size":"auto","background-attachment":"scroll","background-type":"","background-media":"","overlay-type":"","overlay-color":"","overlay-opacity":"","overlay-gradient":""}},"footnotes":""},"categories":[23,32],"tags":[2133,76],"class_list":["post-8490","post","type-post","status-publish","format-standard","has-post-thumbnail","hentry","category-destacats","category-noticies-farmacia","tag-impagaments","tag-oficina-de-farmacia"],"yoast_head":"<!-- This site is optimized with the Yoast SEO plugin v22.4 - https:\/\/yoast.com\/wordpress\/plugins\/seo\/ -->\n<title>La Generalitat trenca el seu comprom\u00eds de pagament a les farm\u00e0cies - Col\u00b7legi de Farmac\u00e8utics de Barcelona<\/title>\n<meta name=\"robots\" content=\"index, follow, max-snippet:-1, max-image-preview:large, max-video-preview:-1\" \/>\n<link rel=\"canonical\" href=\"https:\/\/novaorg.cofb.net\/2014\/09\/16\/la-generalitat-trenca-el-seu-compromis-de-pagament-a-les-farmacies\/\" \/>\n<meta property=\"og:locale\" content=\"ca_ES\" \/>\n<meta property=\"og:type\" content=\"article\" \/>\n<meta property=\"og:title\" content=\"La Generalitat trenca el seu comprom\u00eds de pagament a les farm\u00e0cies - Col\u00b7legi de Farmac\u00e8utics de Barcelona\" \/>\n<meta property=\"og:description\" content=\"La Generalitat ha avan\u00e7at als farmac\u00e8utics que no podr\u00e0 pagar la factura dels medicaments dispensats el mes de juliol, que ascendeix a 119,7 milions d\u2019euros, i que estava previst cobrar a finals d\u2019aquest mes de setembre amb 25 dies de retard respecte a la data de factura i una mitjana [&hellip;]\" \/>\n<meta property=\"og:url\" content=\"https:\/\/novaorg.cofb.net\/2014\/09\/16\/la-generalitat-trenca-el-seu-compromis-de-pagament-a-les-farmacies\/\" \/>\n<meta property=\"og:site_name\" content=\"Col\u00b7legi de Farmac\u00e8utics de Barcelona\" \/>\n<meta property=\"article:publisher\" content=\"https:\/\/www.facebook.com\/farmaceuticsbcn\/\" \/>\n<meta property=\"article:published_time\" content=\"2014-09-16T11:18:17+00:00\" \/>\n<meta name=\"author\" content=\"wpAdminCofbOrg\" \/>\n<meta name=\"twitter:card\" content=\"summary_large_image\" \/>\n<meta name=\"twitter:creator\" content=\"@farmaceuticsbcn\" \/>\n<meta name=\"twitter:site\" content=\"@farmaceuticsbcn\" \/>\n<meta name=\"twitter:label1\" content=\"Escrit per\" \/>\n\t<meta name=\"twitter:data1\" content=\"wpAdminCofbOrg\" \/>\n\t<meta name=\"twitter:label2\" content=\"Temps estimat de lectura\" \/>\n\t<meta name=\"twitter:data2\" content=\"2 minuts\" \/>\n<script type=\"application\/ld+json\" class=\"yoast-schema-graph\">{\"@context\":\"https:\/\/schema.org\",\"@graph\":[{\"@type\":\"Article\",\"@id\":\"https:\/\/novaorg.cofb.net\/2014\/09\/16\/la-generalitat-trenca-el-seu-compromis-de-pagament-a-les-farmacies\/#article\",\"isPartOf\":{\"@id\":\"https:\/\/novaorg.cofb.net\/2014\/09\/16\/la-generalitat-trenca-el-seu-compromis-de-pagament-a-les-farmacies\/\"},\"author\":{\"name\":\"wpAdminCofbOrg\",\"@id\":\"https:\/\/www.cofb.org\/#\/schema\/person\/22ed7eea88da74b0fa4d3154ad87ffcb\"},\"headline\":\"La Generalitat trenca el seu comprom\u00eds de pagament a les farm\u00e0cies\",\"datePublished\":\"2014-09-16T11:18:17+00:00\",\"dateModified\":\"2014-09-16T11:18:17+00:00\",\"mainEntityOfPage\":{\"@id\":\"https:\/\/novaorg.cofb.net\/2014\/09\/16\/la-generalitat-trenca-el-seu-compromis-de-pagament-a-les-farmacies\/\"},\"wordCount\":377,\"commentCount\":1,\"publisher\":{\"@id\":\"https:\/\/www.cofb.org\/#organization\"},\"image\":{\"@id\":\"https:\/\/novaorg.cofb.net\/2014\/09\/16\/la-generalitat-trenca-el-seu-compromis-de-pagament-a-les-farmacies\/#primaryimage\"},\"thumbnailUrl\":\"\",\"keywords\":[\"Impagaments\",\"Oficina de farm\u00e0cia\"],\"articleSection\":[\"Destacats\",\"Not\u00edcies farm\u00e0cia\"],\"inLanguage\":\"ca\",\"potentialAction\":[{\"@type\":\"CommentAction\",\"name\":\"Comment\",\"target\":[\"https:\/\/novaorg.cofb.net\/2014\/09\/16\/la-generalitat-trenca-el-seu-compromis-de-pagament-a-les-farmacies\/#respond\"]}]},{\"@type\":\"WebPage\",\"@id\":\"https:\/\/novaorg.cofb.net\/2014\/09\/16\/la-generalitat-trenca-el-seu-compromis-de-pagament-a-les-farmacies\/\",\"url\":\"https:\/\/novaorg.cofb.net\/2014\/09\/16\/la-generalitat-trenca-el-seu-compromis-de-pagament-a-les-farmacies\/\",\"name\":\"La Generalitat trenca el seu comprom\u00eds de pagament a les farm\u00e0cies - Col\u00b7legi de Farmac\u00e8utics de Barcelona\",\"isPartOf\":{\"@id\":\"https:\/\/www.cofb.org\/#website\"},\"primaryImageOfPage\":{\"@id\":\"https:\/\/novaorg.cofb.net\/2014\/09\/16\/la-generalitat-trenca-el-seu-compromis-de-pagament-a-les-farmacies\/#primaryimage\"},\"image\":{\"@id\":\"https:\/\/novaorg.cofb.net\/2014\/09\/16\/la-generalitat-trenca-el-seu-compromis-de-pagament-a-les-farmacies\/#primaryimage\"},\"thumbnailUrl\":\"\",\"datePublished\":\"2014-09-16T11:18:17+00:00\",\"dateModified\":\"2014-09-16T11:18:17+00:00\",\"breadcrumb\":{\"@id\":\"https:\/\/novaorg.cofb.net\/2014\/09\/16\/la-generalitat-trenca-el-seu-compromis-de-pagament-a-les-farmacies\/#breadcrumb\"},\"inLanguage\":\"ca\",\"potentialAction\":[{\"@type\":\"ReadAction\",\"target\":[\"https:\/\/novaorg.cofb.net\/2014\/09\/16\/la-generalitat-trenca-el-seu-compromis-de-pagament-a-les-farmacies\/\"]}]},{\"@type\":\"ImageObject\",\"inLanguage\":\"ca\",\"@id\":\"https:\/\/novaorg.cofb.net\/2014\/09\/16\/la-generalitat-trenca-el-seu-compromis-de-pagament-a-les-farmacies\/#primaryimage\",\"url\":\"\",\"contentUrl\":\"\"},{\"@type\":\"BreadcrumbList\",\"@id\":\"https:\/\/novaorg.cofb.net\/2014\/09\/16\/la-generalitat-trenca-el-seu-compromis-de-pagament-a-les-farmacies\/#breadcrumb\",\"itemListElement\":[{\"@type\":\"ListItem\",\"position\":1,\"name\":\"Inici\",\"item\":\"https:\/\/novaorg.cofb.net\/\"},{\"@type\":\"ListItem\",\"position\":2,\"name\":\"La Generalitat trenca el seu comprom\u00eds de pagament a les farm\u00e0cies\"}]},{\"@type\":\"WebSite\",\"@id\":\"https:\/\/www.cofb.org\/#website\",\"url\":\"https:\/\/www.cofb.org\/\",\"name\":\"Col\u00b7legi de Farmac\u00e8utics de Barcelona\",\"description\":\"\",\"publisher\":{\"@id\":\"https:\/\/www.cofb.org\/#organization\"},\"potentialAction\":[{\"@type\":\"SearchAction\",\"target\":{\"@type\":\"EntryPoint\",\"urlTemplate\":\"https:\/\/www.cofb.org\/?s={search_term_string}\"},\"query-input\":\"required name=search_term_string\"}],\"inLanguage\":\"ca\"},{\"@type\":\"Organization\",\"@id\":\"https:\/\/www.cofb.org\/#organization\",\"name\":\"Col\u00b7legi de Farmac\u00e8utics de Barcelona\",\"url\":\"https:\/\/www.cofb.org\/\",\"logo\":{\"@type\":\"ImageObject\",\"inLanguage\":\"ca\",\"@id\":\"https:\/\/www.cofb.org\/#\/schema\/logo\/image\/\",\"url\":\"https:\/\/www.cofb.org\/wp-content\/uploads\/2023\/11\/cropped-Logotip-COFB.png\",\"contentUrl\":\"https:\/\/www.cofb.org\/wp-content\/uploads\/2023\/11\/cropped-Logotip-COFB.png\",\"width\":500,\"height\":105,\"caption\":\"Col\u00b7legi de Farmac\u00e8utics de Barcelona\"},\"image\":{\"@id\":\"https:\/\/www.cofb.org\/#\/schema\/logo\/image\/\"},\"sameAs\":[\"https:\/\/www.facebook.com\/farmaceuticsbcn\/\",\"https:\/\/twitter.com\/farmaceuticsbcn\",\"https:\/\/www.instagram.com\/farmaceuticsbcn\/\",\"https:\/\/www.linkedin.com\/company\/farmaceuticsbcn\/\"]},{\"@type\":\"Person\",\"@id\":\"https:\/\/www.cofb.org\/#\/schema\/person\/22ed7eea88da74b0fa4d3154ad87ffcb\",\"name\":\"wpAdminCofbOrg\",\"image\":{\"@type\":\"ImageObject\",\"inLanguage\":\"ca\",\"@id\":\"https:\/\/www.cofb.org\/#\/schema\/person\/image\/\",\"url\":\"https:\/\/secure.gravatar.com\/avatar\/1721b20b3b8ca882c3b56ec6c978c594fff670e40c0718e9190eaeeb76aae7d8?s=96&d=mm&r=g\",\"contentUrl\":\"https:\/\/secure.gravatar.com\/avatar\/1721b20b3b8ca882c3b56ec6c978c594fff670e40c0718e9190eaeeb76aae7d8?s=96&d=mm&r=g\",\"caption\":\"wpAdminCofbOrg\"},\"sameAs\":[\"http:\/\/192.168.64.122\/wordpress\"],\"url\":\"https:\/\/www.cofb.org\/ca\/author\/wpadmincofborg\/\"}]}<\/script>\n<!-- \/ Yoast SEO plugin. -->","yoast_head_json":{"title":"La Generalitat trenca el seu comprom\u00eds de pagament a les farm\u00e0cies - Col\u00b7legi de Farmac\u00e8utics de Barcelona","robots":{"index":"index","follow":"follow","max-snippet":"max-snippet:-1","max-image-preview":"max-image-preview:large","max-video-preview":"max-video-preview:-1"},"canonical":"https:\/\/novaorg.cofb.net\/2014\/09\/16\/la-generalitat-trenca-el-seu-compromis-de-pagament-a-les-farmacies\/","og_locale":"ca_ES","og_type":"article","og_title":"La Generalitat trenca el seu comprom\u00eds de pagament a les farm\u00e0cies - Col\u00b7legi de Farmac\u00e8utics de Barcelona","og_description":"La Generalitat ha avan\u00e7at als farmac\u00e8utics que no podr\u00e0 pagar la factura dels medicaments dispensats el mes de juliol, que ascendeix a 119,7 milions d\u2019euros, i que estava previst cobrar a finals d\u2019aquest mes de setembre amb 25 dies de retard respecte a la data de factura i una mitjana [&hellip;]","og_url":"https:\/\/novaorg.cofb.net\/2014\/09\/16\/la-generalitat-trenca-el-seu-compromis-de-pagament-a-les-farmacies\/","og_site_name":"Col\u00b7legi de Farmac\u00e8utics de Barcelona","article_publisher":"https:\/\/www.facebook.com\/farmaceuticsbcn\/","article_published_time":"2014-09-16T11:18:17+00:00","author":"wpAdminCofbOrg","twitter_card":"summary_large_image","twitter_creator":"@farmaceuticsbcn","twitter_site":"@farmaceuticsbcn","twitter_misc":{"Escrit per":"wpAdminCofbOrg","Temps estimat de lectura":"2 minuts"},"schema":{"@context":"https:\/\/schema.org","@graph":[{"@type":"Article","@id":"https:\/\/novaorg.cofb.net\/2014\/09\/16\/la-generalitat-trenca-el-seu-compromis-de-pagament-a-les-farmacies\/#article","isPartOf":{"@id":"https:\/\/novaorg.cofb.net\/2014\/09\/16\/la-generalitat-trenca-el-seu-compromis-de-pagament-a-les-farmacies\/"},"author":{"name":"wpAdminCofbOrg","@id":"https:\/\/www.cofb.org\/#\/schema\/person\/22ed7eea88da74b0fa4d3154ad87ffcb"},"headline":"La Generalitat trenca el seu comprom\u00eds de pagament a les farm\u00e0cies","datePublished":"2014-09-16T11:18:17+00:00","dateModified":"2014-09-16T11:18:17+00:00","mainEntityOfPage":{"@id":"https:\/\/novaorg.cofb.net\/2014\/09\/16\/la-generalitat-trenca-el-seu-compromis-de-pagament-a-les-farmacies\/"},"wordCount":377,"commentCount":1,"publisher":{"@id":"https:\/\/www.cofb.org\/#organization"},"image":{"@id":"https:\/\/novaorg.cofb.net\/2014\/09\/16\/la-generalitat-trenca-el-seu-compromis-de-pagament-a-les-farmacies\/#primaryimage"},"thumbnailUrl":"","keywords":["Impagaments","Oficina de farm\u00e0cia"],"articleSection":["Destacats","Not\u00edcies farm\u00e0cia"],"inLanguage":"ca","potentialAction":[{"@type":"CommentAction","name":"Comment","target":["https:\/\/novaorg.cofb.net\/2014\/09\/16\/la-generalitat-trenca-el-seu-compromis-de-pagament-a-les-farmacies\/#respond"]}]},{"@type":"WebPage","@id":"https:\/\/novaorg.cofb.net\/2014\/09\/16\/la-generalitat-trenca-el-seu-compromis-de-pagament-a-les-farmacies\/","url":"https:\/\/novaorg.cofb.net\/2014\/09\/16\/la-generalitat-trenca-el-seu-compromis-de-pagament-a-les-farmacies\/","name":"La Generalitat trenca el seu comprom\u00eds de pagament a les farm\u00e0cies - Col\u00b7legi de Farmac\u00e8utics de Barcelona","isPartOf":{"@id":"https:\/\/www.cofb.org\/#website"},"primaryImageOfPage":{"@id":"https:\/\/novaorg.cofb.net\/2014\/09\/16\/la-generalitat-trenca-el-seu-compromis-de-pagament-a-les-farmacies\/#primaryimage"},"image":{"@id":"https:\/\/novaorg.cofb.net\/2014\/09\/16\/la-generalitat-trenca-el-seu-compromis-de-pagament-a-les-farmacies\/#primaryimage"},"thumbnailUrl":"","datePublished":"2014-09-16T11:18:17+00:00","dateModified":"2014-09-16T11:18:17+00:00","breadcrumb":{"@id":"https:\/\/novaorg.cofb.net\/2014\/09\/16\/la-generalitat-trenca-el-seu-compromis-de-pagament-a-les-farmacies\/#breadcrumb"},"inLanguage":"ca","potentialAction":[{"@type":"ReadAction","target":["https:\/\/novaorg.cofb.net\/2014\/09\/16\/la-generalitat-trenca-el-seu-compromis-de-pagament-a-les-farmacies\/"]}]},{"@type":"ImageObject","inLanguage":"ca","@id":"https:\/\/novaorg.cofb.net\/2014\/09\/16\/la-generalitat-trenca-el-seu-compromis-de-pagament-a-les-farmacies\/#primaryimage","url":"","contentUrl":""},{"@type":"BreadcrumbList","@id":"https:\/\/novaorg.cofb.net\/2014\/09\/16\/la-generalitat-trenca-el-seu-compromis-de-pagament-a-les-farmacies\/#breadcrumb","itemListElement":[{"@type":"ListItem","position":1,"name":"Inici","item":"https:\/\/novaorg.cofb.net\/"},{"@type":"ListItem","position":2,"name":"La Generalitat trenca el seu comprom\u00eds de pagament a les farm\u00e0cies"}]},{"@type":"WebSite","@id":"https:\/\/www.cofb.org\/#website","url":"https:\/\/www.cofb.org\/","name":"Col\u00b7legi de Farmac\u00e8utics de Barcelona","description":"","publisher":{"@id":"https:\/\/www.cofb.org\/#organization"},"potentialAction":[{"@type":"SearchAction","target":{"@type":"EntryPoint","urlTemplate":"https:\/\/www.cofb.org\/?s={search_term_string}"},"query-input":"required name=search_term_string"}],"inLanguage":"ca"},{"@type":"Organization","@id":"https:\/\/www.cofb.org\/#organization","name":"Col\u00b7legi de Farmac\u00e8utics de Barcelona","url":"https:\/\/www.cofb.org\/","logo":{"@type":"ImageObject","inLanguage":"ca","@id":"https:\/\/www.cofb.org\/#\/schema\/logo\/image\/","url":"https:\/\/www.cofb.org\/wp-content\/uploads\/2023\/11\/cropped-Logotip-COFB.png","contentUrl":"https:\/\/www.cofb.org\/wp-content\/uploads\/2023\/11\/cropped-Logotip-COFB.png","width":500,"height":105,"caption":"Col\u00b7legi de Farmac\u00e8utics de Barcelona"},"image":{"@id":"https:\/\/www.cofb.org\/#\/schema\/logo\/image\/"},"sameAs":["https:\/\/www.facebook.com\/farmaceuticsbcn\/","https:\/\/twitter.com\/farmaceuticsbcn","https:\/\/www.instagram.com\/farmaceuticsbcn\/","https:\/\/www.linkedin.com\/company\/farmaceuticsbcn\/"]},{"@type":"Person","@id":"https:\/\/www.cofb.org\/#\/schema\/person\/22ed7eea88da74b0fa4d3154ad87ffcb","name":"wpAdminCofbOrg","image":{"@type":"ImageObject","inLanguage":"ca","@id":"https:\/\/www.cofb.org\/#\/schema\/person\/image\/","url":"https:\/\/secure.gravatar.com\/avatar\/1721b20b3b8ca882c3b56ec6c978c594fff670e40c0718e9190eaeeb76aae7d8?s=96&d=mm&r=g","contentUrl":"https:\/\/secure.gravatar.com\/avatar\/1721b20b3b8ca882c3b56ec6c978c594fff670e40c0718e9190eaeeb76aae7d8?s=96&d=mm&r=g","caption":"wpAdminCofbOrg"},"sameAs":["http:\/\/192.168.64.122\/wordpress"],"url":"https:\/\/www.cofb.org\/ca\/author\/wpadmincofborg\/"}]}},"uagb_featured_image_src":{"full":false,"thumbnail":false,"medium":false,"medium_large":false,"large":false,"1536x1536":false,"2048x2048":false,"trp-custom-language-flag":false},"uagb_author_info":{"display_name":"wpAdminCofbOrg","author_link":"https:\/\/www.cofb.org\/ca\/author\/wpadmincofborg\/"},"uagb_comment_info":1,"uagb_excerpt":"La Generalitat ha avan\u00e7at als farmac\u00e8utics que no podr\u00e0 pagar la factura dels medicaments dispensats el mes de juliol, que ascendeix a 119,7 milions d\u2019euros, i que estava previst cobrar a finals d\u2019aquest mes de setembre amb 25 dies de retard respecte a la data de factura i una mitjana [&hellip;]","_links":{"self":[{"href":"https:\/\/www.cofb.org\/ca\/wp-json\/wp\/v2\/posts\/8490","targetHints":{"allow":["GET"]}}],"collection":[{"href":"https:\/\/www.cofb.org\/ca\/wp-json\/wp\/v2\/posts"}],"about":[{"href":"https:\/\/www.cofb.org\/ca\/wp-json\/wp\/v2\/types\/post"}],"author":[{"embeddable":true,"href":"https:\/\/www.cofb.org\/ca\/wp-json\/wp\/v2\/users\/1"}],"replies":[{"embeddable":true,"href":"https:\/\/www.cofb.org\/ca\/wp-json\/wp\/v2\/comments?post=8490"}],"version-history":[{"count":0,"href":"https:\/\/www.cofb.org\/ca\/wp-json\/wp\/v2\/posts\/8490\/revisions"}],"wp:featuredmedia":[{"embeddable":true,"href":"https:\/\/www.cofb.org\/ca\/wp-json\/wp\/v2\/pages\/2880"}],"wp:attachment":[{"href":"https:\/\/www.cofb.org\/ca\/wp-json\/wp\/v2\/media?parent=8490"}],"wp:term":[{"taxonomy":"category","embeddable":true,"href":"https:\/\/www.cofb.org\/ca\/wp-json\/wp\/v2\/categories?post=8490"},{"taxonomy":"post_tag","embeddable":true,"href":"https:\/\/www.cofb.org\/ca\/wp-json\/wp\/v2\/tags?post=8490"}],"curies":[{"name":"wp","href":"https:\/\/api.w.org\/{rel}","templated":true}]}}