{"id":84698,"date":"2026-04-27T14:26:03","date_gmt":"2026-04-27T14:26:03","guid":{"rendered":"https:\/\/www.cofb.org\/?p=84698"},"modified":"2026-04-29T14:27:31","modified_gmt":"2026-04-29T14:27:31","slug":"un-nou-forum-cofbserveis-aborda-la-desconnexio-digital-a-loficina-de-farmacia","status":"publish","type":"post","link":"https:\/\/www.cofb.org\/ca\/2026\/04\/27\/un-nou-forum-cofbserveis-aborda-la-desconnexio-digital-a-loficina-de-farmacia\/","title":{"rendered":"Un nou F\u00f2rum COFBServeis aborda la desconnexi\u00f3 digital a l&#8217;oficina de farm\u00e0cia"},"content":{"rendered":"\n<p>El passat 14 d\u2019abril, el <strong>Col\u00b7legi de Farmac\u00e8utics de Barcelona (COFB)<\/strong> va organitzar el <strong>F\u00f2rum COFBServeis \u201cDesconnexi\u00f3 digital a l\u2019oficina de farm\u00e0cia\u201d<\/strong>, amb la col\u00b7laboraci\u00f3 de <a href=\"https:\/\/www.cofbserveis.net\/\" target=\"_blank\" rel=\"noreferrer noopener\">COFBServeis<\/a>. La confer\u00e8ncia va ser impartida per les advocades de l\u2019equip de protecci\u00f3 de dades de COFBServeis, <strong>Maria Company<\/strong> i <strong>Laura Cisar<\/strong>. La vicetresorera del Col\u00b7legi, <strong>Elena Palau<\/strong>, va presentar i coordinar la sessi\u00f3.<\/p>\n\n\n\n<p><strong>L\u2019objectiu<\/strong> del F\u00f2rum COFBServeis va ser oferir el <strong>coneixement per implantar correctament la pol\u00edtica de desconnexi\u00f3 digital<\/strong>, garantint el compliment normatiu, explicant el protocol de desconnexi\u00f3 digital i detallant el procediment d\u2019implementaci\u00f3.<\/p>\n\n\n\n<figure class=\"wp-block-image size-large\"><a href=\"https:\/\/www.cofb.org\/?attachment_id=84703\" target=\"_blank\" rel=\" noreferrer noopener\"><img fetchpriority=\"high\" decoding=\"async\" width=\"1024\" height=\"576\" src=\"https:\/\/www.cofb.org\/wp-content\/uploads\/2026\/04\/COFB_COFBSERVEIS-DESCONNEXIO-DIGITAL_0-1-1024x576.jpg\" alt=\"\" class=\"wp-image-84703\" srcset=\"https:\/\/www.cofb.org\/wp-content\/uploads\/2026\/04\/COFB_COFBSERVEIS-DESCONNEXIO-DIGITAL_0-1-1024x576.jpg 1024w, https:\/\/www.cofb.org\/wp-content\/uploads\/2026\/04\/COFB_COFBSERVEIS-DESCONNEXIO-DIGITAL_0-1-300x169.jpg 300w, https:\/\/www.cofb.org\/wp-content\/uploads\/2026\/04\/COFB_COFBSERVEIS-DESCONNEXIO-DIGITAL_0-1-768x432.jpg 768w, https:\/\/www.cofb.org\/wp-content\/uploads\/2026\/04\/COFB_COFBSERVEIS-DESCONNEXIO-DIGITAL_0-1-1536x864.jpg 1536w, https:\/\/www.cofb.org\/wp-content\/uploads\/2026\/04\/COFB_COFBSERVEIS-DESCONNEXIO-DIGITAL_0-1-2048x1152.jpg 2048w, https:\/\/www.cofb.org\/wp-content\/uploads\/2026\/04\/COFB_COFBSERVEIS-DESCONNEXIO-DIGITAL_0-1-18x10.jpg 18w\" sizes=\"(max-width: 1024px) 100vw, 1024px\" \/><\/a><figcaption class=\"wp-element-caption\">Elena Palau en un moment de la seva exposici\u00f3 sobre COFBServeis.<\/figcaption><\/figure>\n\n\n\n<p>Abans d\u2019iniciar la confer\u00e8ncia, la vicetresorera del COFB, <strong>Elena Palau<\/strong>, va presentar les darreres <strong>novetats de l\u2019empresa de serveis<\/strong>. En la seva intervenci\u00f3, va destacar <strong>el lliurament de llums V16<\/strong> per a <strong>assegurats de motor<\/strong>, aix\u00ed com la nova cobertura <strong>d\u2019acompanyament contra l\u2019ocupaci\u00f3 il\u00b7legal<\/strong> en les <strong>p\u00f2lisses de llar<\/strong>. Aix\u00ed mateix, va recordar l\u2019\u00e0mplia oferta de COFBServeis en <strong>assegurances personals<\/strong>, que inclou assegurances de vida, salut, decessos i mascotes.<\/p>\n\n\n\n<p>L\u2019advocada, Maria Company, va comen\u00e7ar la confer\u00e8ncia explicant <strong>qu\u00e8 \u00e9s una dada personal<\/strong>, que \u00e9s <strong>\u201ctota informaci\u00f3 sobre una persona f\u00edsica identificada o identificable\u201d<\/strong>, i va repassar totes les <strong>dades personals que t\u00e9 una oficina de farm\u00e0cia <\/strong>en \u00e0mbits com: la recepta m\u00e8dica privada, el llibre receptari oficial, el llibre de comptabilitat d\u2019estupefaents, els clients, les f\u00f3rmules magistrals, el sistema personalitzat de dosificaci\u00f3, els recursos humans, l\u2019ortop\u00e8dia, la videovigil\u00e0ncia, la promoci\u00f3 de la salut i la recepta m\u00e8dica del Sistema Nacional de Salut. Tanmateix, va comentar quines <strong>figures intervenen en el tractament de les dades<\/strong>, aix\u00ed com els <strong>drets dels interessats<\/strong> a l\u2019acc\u00e9s, la rectificaci\u00f3, la supressi\u00f3, l\u2019oposici\u00f3, la portabilitat, la limitaci\u00f3, a no ser objecte de decisions individualitzades i a presentar reclamaci\u00f3 davant autoritat de control.<\/p>\n\n\n\n<figure class=\"wp-block-image size-large\"><a href=\"https:\/\/www.cofb.org\/wp-content\/uploads\/2026\/04\/COFB_COFBSERVEIS-DESCONNEXIO-DIGITAL_3.jpeg\" target=\"_blank\" rel=\" noreferrer noopener\"><img decoding=\"async\" width=\"1024\" height=\"576\" src=\"https:\/\/www.cofb.org\/wp-content\/uploads\/2026\/04\/COFB_COFBSERVEIS-DESCONNEXIO-DIGITAL_3-1024x576.jpeg\" alt=\"\" class=\"wp-image-84706\" srcset=\"https:\/\/www.cofb.org\/wp-content\/uploads\/2026\/04\/COFB_COFBSERVEIS-DESCONNEXIO-DIGITAL_3-1024x576.jpeg 1024w, https:\/\/www.cofb.org\/wp-content\/uploads\/2026\/04\/COFB_COFBSERVEIS-DESCONNEXIO-DIGITAL_3-300x169.jpeg 300w, https:\/\/www.cofb.org\/wp-content\/uploads\/2026\/04\/COFB_COFBSERVEIS-DESCONNEXIO-DIGITAL_3-768x432.jpeg 768w, https:\/\/www.cofb.org\/wp-content\/uploads\/2026\/04\/COFB_COFBSERVEIS-DESCONNEXIO-DIGITAL_3-1536x864.jpeg 1536w, https:\/\/www.cofb.org\/wp-content\/uploads\/2026\/04\/COFB_COFBSERVEIS-DESCONNEXIO-DIGITAL_3-18x10.jpeg 18w, https:\/\/www.cofb.org\/wp-content\/uploads\/2026\/04\/COFB_COFBSERVEIS-DESCONNEXIO-DIGITAL_3.jpeg 2000w\" sizes=\"(max-width: 1024px) 100vw, 1024px\" \/><\/a><figcaption class=\"wp-element-caption\">Maria Company durant la seva presentaci\u00f3. <\/figcaption><\/figure>\n\n\n\n<p>Company va explicar que el responsable del tractament <strong>\u201ct\u00e9 l\u2019obligaci\u00f3 legal d\u2019informar les persones sobre com i per qu\u00e8 es recullen i utilitzen les seves dades personals\u201d<\/strong>. Durant la seva presentaci\u00f3, tamb\u00e9 va exposar les <strong>diferents mesures de seguretat<\/strong>, el <strong>protocol d\u2019actuaci\u00f3<\/strong> i les <strong>obligacions del titular i els empleats<\/strong>.<\/p>\n\n\n\n<h2 class=\"wp-block-heading\"><strong>El dret a la desconnexi\u00f3 digital<\/strong><\/h2>\n\n\n\n<p><strong>\u201cLa desconnexi\u00f3 digital t\u00e9 com a finalitat garantir el dret de totes les persones treballadores a l\u2019aplicaci\u00f3 dels drets digitals relatius a l\u2019entorn laboral\u201d<\/strong>, va apuntar Laura Cisar a l\u2019inici de la seva exposici\u00f3. Per la seva banda, l\u2019advocada va remarcar la import\u00e0ncia de protegir el temps de descans, permisos i vacances, evitar la disponibilitat permanent i promoure un \u00fas saludable i raonable de les tecnologies digitals dels treballadors.<\/p>\n\n\n\n<figure class=\"wp-block-image size-large\"><a href=\"https:\/\/www.cofb.org\/wp-content\/uploads\/2026\/04\/COFB_COFBSERVEIS-DESCONNEXIO-DIGITAL_4-scaled.jpg\" target=\"_blank\" rel=\" noreferrer noopener\"><img decoding=\"async\" width=\"1024\" height=\"576\" src=\"https:\/\/www.cofb.org\/wp-content\/uploads\/2026\/04\/COFB_COFBSERVEIS-DESCONNEXIO-DIGITAL_4-1024x576.jpg\" alt=\"\" class=\"wp-image-84707\" srcset=\"https:\/\/www.cofb.org\/wp-content\/uploads\/2026\/04\/COFB_COFBSERVEIS-DESCONNEXIO-DIGITAL_4-1024x576.jpg 1024w, https:\/\/www.cofb.org\/wp-content\/uploads\/2026\/04\/COFB_COFBSERVEIS-DESCONNEXIO-DIGITAL_4-300x169.jpg 300w, https:\/\/www.cofb.org\/wp-content\/uploads\/2026\/04\/COFB_COFBSERVEIS-DESCONNEXIO-DIGITAL_4-768x432.jpg 768w, https:\/\/www.cofb.org\/wp-content\/uploads\/2026\/04\/COFB_COFBSERVEIS-DESCONNEXIO-DIGITAL_4-1536x864.jpg 1536w, https:\/\/www.cofb.org\/wp-content\/uploads\/2026\/04\/COFB_COFBSERVEIS-DESCONNEXIO-DIGITAL_4-2048x1152.jpg 2048w, https:\/\/www.cofb.org\/wp-content\/uploads\/2026\/04\/COFB_COFBSERVEIS-DESCONNEXIO-DIGITAL_4-18x10.jpg 18w\" sizes=\"(max-width: 1024px) 100vw, 1024px\" \/><\/a><figcaption class=\"wp-element-caption\">Laura Cisar durant la seva exposici\u00f3 sobre la desconnexi\u00f3 digital. <\/figcaption><\/figure>\n\n\n\n<p>En refer\u00e8ncia a la <strong>legislaci\u00f3 aplicable<\/strong>, Cisar va comentar que el <strong>dret a la desconnexi\u00f3 digital<\/strong> s\u2019emmarca en el <strong>dret a la intimitat personal i familiar<\/strong> recollit a l\u2019article 18.4 de la Constituci\u00f3 Espanyola, en l\u2019\u00fas de dispositius digitals en l\u2019\u00e0mbit laboral. Alhora, va afegir que tamb\u00e9 es contempla en el T\u00edtol X de la <strong>Llei Org\u00e0nica 3\/2018, de 5 de desembre, de Protecci\u00f3 de Dades Personals i garantia dels drets digitals<\/strong>; i a l\u2019article 20 bis i 34 de <strong>l\u2019Estatut dels Treballadors<\/strong>. L\u2019advocada va repassar els conceptes b\u00e0sics dels drets personals aplicables i els procediments recomanats a l\u2019oficina de farm\u00e0cia i per part del personal.<\/p>\n\n\n\n<p>Finalment, va explicar que es poden aplicar <strong>excepcions a la desconnexi\u00f3 digital<\/strong> quan el treballador hagi signat un plus de disponibilitat, concorrin causes d\u2019emerg\u00e8ncia justificades o causes de for\u00e7a major. <strong>\u201cEl responsable ha de posar a disposici\u00f3 dels treballadors un canal intern de comunicaci\u00f3 amb la finalitat que qualsevol treballador que consideri vulnerat el dret a la desconnexi\u00f3 ho pugui comunicar de manera interna\u201d<\/strong>, va dir. Aix\u00ed doncs, cal designar una <strong>persona responsable i un correu electr\u00f2nic de contacte<\/strong> en el <strong>Protocol de desconnexi\u00f3 digital<\/strong> i s\u2019ha de garantir <strong>confidencialitat de la comunicaci\u00f3<\/strong> i <strong>abs\u00e8ncia de cap mena de penalitzaci\u00f3<\/strong> al treballador que ha fet la comunicaci\u00f3.<\/p>\n\n\n\n<p class=\"has-text-align-right\"><strong>Amb el patrocini de: <\/strong><\/p>\n\n\n\n<figure class=\"wp-block-image alignright size-full is-resized\"><a href=\"https:\/\/www.cofbserveis.net\/\" target=\"_blank\" rel=\" noreferrer noopener\"><img loading=\"lazy\" decoding=\"async\" width=\"411\" height=\"77\" src=\"https:\/\/www.cofb.org\/wp-content\/uploads\/2025\/01\/COFBServeis.png\" alt=\"\" class=\"wp-image-80302\" style=\"width:288px;height:auto\" srcset=\"https:\/\/www.cofb.org\/wp-content\/uploads\/2025\/01\/COFBServeis.png 411w, https:\/\/www.cofb.org\/wp-content\/uploads\/2025\/01\/COFBServeis-300x56.png 300w, https:\/\/www.cofb.org\/wp-content\/uploads\/2025\/01\/COFBServeis-18x3.png 18w\" sizes=\"(max-width: 411px) 100vw, 411px\" \/><\/a><\/figure>\n","protected":false},"excerpt":{"rendered":"<p>El passat 14 d\u2019abril, el Col\u00b7legi de Farmac\u00e8utics de Barcelona (COFB) va organitzar el F\u00f2rum COFBServeis \u201cDesconnexi\u00f3 digital a l\u2019oficina de farm\u00e0cia\u201d, amb la col\u00b7laboraci\u00f3 de COFBServeis. La confer\u00e8ncia va ser impartida per les advocades de l\u2019equip de protecci\u00f3 de dades de COFBServeis, Maria Company i Laura Cisar. La vicetresorera [&hellip;]<\/p>\n","protected":false},"author":3,"featured_media":84703,"comment_status":"closed","ping_status":"closed","sticky":false,"template":"","format":"standard","meta":{"_uag_custom_page_level_css":"","site-sidebar-layout":"default","site-content-layout":"","ast-site-content-layout":"default","site-content-style":"default","site-sidebar-style":"default","ast-global-header-display":"","ast-banner-title-visibility":"","ast-main-header-display":"","ast-hfb-above-header-display":"","ast-hfb-below-header-display":"","ast-hfb-mobile-header-display":"","site-post-title":"","ast-breadcrumbs-content":"","ast-featured-img":"disabled","footer-sml-layout":"","theme-transparent-header-meta":"","adv-header-id-meta":"","stick-header-meta":"","header-above-stick-meta":"","header-main-stick-meta":"","header-below-stick-meta":"","astra-migrate-meta-layouts":"set","ast-page-background-enabled":"default","ast-page-background-meta":{"desktop":{"background-color":"var(--ast-global-color-4)","background-image":"","background-repeat":"repeat","background-position":"center center","background-size":"auto","background-attachment":"scroll","background-type":"","background-media":"","overlay-type":"","overlay-color":"","overlay-opacity":"","overlay-gradient":""},"tablet":{"background-color":"","background-image":"","background-repeat":"repeat","background-position":"center center","background-size":"auto","background-attachment":"scroll","background-type":"","background-media":"","overlay-type":"","overlay-color":"","overlay-opacity":"","overlay-gradient":""},"mobile":{"background-color":"","background-image":"","background-repeat":"repeat","background-position":"center center","background-size":"auto","background-attachment":"scroll","background-type":"","background-media":"","overlay-type":"","overlay-color":"","overlay-opacity":"","overlay-gradient":""}},"ast-content-background-meta":{"desktop":{"background-color":"var(--ast-global-color-5)","background-image":"","background-repeat":"repeat","background-position":"center center","background-size":"auto","background-attachment":"scroll","background-type":"","background-media":"","overlay-type":"","overlay-color":"","overlay-opacity":"","overlay-gradient":""},"tablet":{"background-color":"var(--ast-global-color-5)","background-image":"","background-repeat":"repeat","background-position":"center center","background-size":"auto","background-attachment":"scroll","background-type":"","background-media":"","overlay-type":"","overlay-color":"","overlay-opacity":"","overlay-gradient":""},"mobile":{"background-color":"var(--ast-global-color-5)","background-image":"","background-repeat":"repeat","background-position":"center center","background-size":"auto","background-attachment":"scroll","background-type":"","background-media":"","overlay-type":"","overlay-color":"","overlay-opacity":"","overlay-gradient":""}},"footnotes":""},"categories":[23,57],"tags":[18,434,19,5527,5528,53,68,69,70],"class_list":["post-84698","post","type-post","status-publish","format-standard","has-post-thumbnail","hentry","category-destacats","category-mon-collegial","tag-cofb","tag-cofbserveis","tag-collegi-de-farmaceutics-de-barcelona","tag-desconnexio-digital","tag-empresa-de-serveis","tag-farmaceutics","tag-farmacia","tag-farmacia-comunitaria","tag-formacio"],"yoast_head":"<!-- This site is optimized with the Yoast SEO plugin v22.4 - https:\/\/yoast.com\/wordpress\/plugins\/seo\/ -->\n<title>Un nou F\u00f2rum COFBServeis aborda la desconnexi\u00f3 digital a l&#039;oficina de farm\u00e0cia - Col\u00b7legi de Farmac\u00e8utics de Barcelona<\/title>\n<meta name=\"description\" content=\"El passat 14 d\u2019abril, el Col\u00b7legi de Farmac\u00e8utics de Barcelona (COFB) va organitzar el F\u00f2rum COFBServeis \u201cDesconnexi\u00f3 digital a l\u2019oficina de farm\u00e0cia\u201d.\" \/>\n<meta name=\"robots\" content=\"index, follow, max-snippet:-1, max-image-preview:large, max-video-preview:-1\" \/>\n<link rel=\"canonical\" href=\"https:\/\/www.cofb.org\/ca\/2026\/04\/27\/un-nou-forum-cofbserveis-aborda-la-desconnexio-digital-a-loficina-de-farmacia\/\" \/>\n<meta property=\"og:locale\" content=\"ca_ES\" \/>\n<meta property=\"og:type\" content=\"article\" \/>\n<meta property=\"og:title\" content=\"Un nou F\u00f2rum COFBServeis aborda la desconnexi\u00f3 digital a l&#039;oficina de farm\u00e0cia - Col\u00b7legi de Farmac\u00e8utics de Barcelona\" \/>\n<meta property=\"og:description\" content=\"El passat 14 d\u2019abril, el Col\u00b7legi de Farmac\u00e8utics de Barcelona (COFB) va organitzar el F\u00f2rum COFBServeis \u201cDesconnexi\u00f3 digital a l\u2019oficina de farm\u00e0cia\u201d.\" \/>\n<meta property=\"og:url\" content=\"https:\/\/www.cofb.org\/ca\/2026\/04\/27\/un-nou-forum-cofbserveis-aborda-la-desconnexio-digital-a-loficina-de-farmacia\/\" \/>\n<meta property=\"og:site_name\" content=\"Col\u00b7legi de Farmac\u00e8utics de Barcelona\" \/>\n<meta property=\"article:publisher\" content=\"https:\/\/www.facebook.com\/farmaceuticsbcn\/\" \/>\n<meta property=\"article:published_time\" content=\"2026-04-27T14:26:03+00:00\" \/>\n<meta property=\"article:modified_time\" content=\"2026-04-29T14:27:31+00:00\" \/>\n<meta property=\"og:image\" content=\"https:\/\/www.cofb.org\/wp-content\/uploads\/2026\/04\/COFB_COFBSERVEIS-DESCONNEXIO-DIGITAL_0-1-scaled.jpg\" \/>\n\t<meta property=\"og:image:width\" content=\"2560\" \/>\n\t<meta property=\"og:image:height\" content=\"1440\" \/>\n\t<meta property=\"og:image:type\" content=\"image\/jpeg\" \/>\n<meta name=\"author\" content=\"Berta Mart\u00ednez\" \/>\n<meta name=\"twitter:card\" content=\"summary_large_image\" \/>\n<meta name=\"twitter:creator\" content=\"@farmaceuticsbcn\" \/>\n<meta name=\"twitter:site\" content=\"@farmaceuticsbcn\" \/>\n<meta name=\"twitter:label1\" content=\"Escrit per\" \/>\n\t<meta name=\"twitter:data1\" content=\"Berta Mart\u00ednez\" \/>\n\t<meta name=\"twitter:label2\" content=\"Temps estimat de lectura\" \/>\n\t<meta name=\"twitter:data2\" content=\"5 minuts\" \/>\n<script type=\"application\/ld+json\" class=\"yoast-schema-graph\">{\"@context\":\"https:\/\/schema.org\",\"@graph\":[{\"@type\":\"Article\",\"@id\":\"https:\/\/www.cofb.org\/2026\/04\/27\/un-nou-forum-cofbserveis-aborda-la-desconnexio-digital-a-loficina-de-farmacia\/#article\",\"isPartOf\":{\"@id\":\"https:\/\/www.cofb.org\/2026\/04\/27\/un-nou-forum-cofbserveis-aborda-la-desconnexio-digital-a-loficina-de-farmacia\/\"},\"author\":{\"name\":\"Berta Mart\u00ednez\",\"@id\":\"https:\/\/www.cofb.org\/#\/schema\/person\/f32de3b41b812c85ff923cb4cc849063\"},\"headline\":\"Un nou F\u00f2rum COFBServeis aborda la desconnexi\u00f3 digital a l&#8217;oficina de farm\u00e0cia\",\"datePublished\":\"2026-04-27T14:26:03+00:00\",\"dateModified\":\"2026-04-29T14:27:31+00:00\",\"mainEntityOfPage\":{\"@id\":\"https:\/\/www.cofb.org\/2026\/04\/27\/un-nou-forum-cofbserveis-aborda-la-desconnexio-digital-a-loficina-de-farmacia\/\"},\"wordCount\":730,\"publisher\":{\"@id\":\"https:\/\/www.cofb.org\/#organization\"},\"image\":{\"@id\":\"https:\/\/www.cofb.org\/2026\/04\/27\/un-nou-forum-cofbserveis-aborda-la-desconnexio-digital-a-loficina-de-farmacia\/#primaryimage\"},\"thumbnailUrl\":\"https:\/\/www.cofb.org\/wp-content\/uploads\/2026\/04\/COFB_COFBSERVEIS-DESCONNEXIO-DIGITAL_0-1-scaled.jpg\",\"keywords\":[\"COFB\",\"COFBServeis\",\"Col\u00b7legi de Farmac\u00e8utics de Barcelona\",\"desconnexi\u00f3 digital\",\"empresa de serveis\",\"farmac\u00e8utics\",\"Farm\u00e0cia\",\"farm\u00e0cia comunit\u00e0ria\",\"Formaci\u00f3\"],\"articleSection\":[\"Destacats\",\"M\u00f3n col\u00b7legial\"],\"inLanguage\":\"ca\"},{\"@type\":\"WebPage\",\"@id\":\"https:\/\/www.cofb.org\/2026\/04\/27\/un-nou-forum-cofbserveis-aborda-la-desconnexio-digital-a-loficina-de-farmacia\/\",\"url\":\"https:\/\/www.cofb.org\/2026\/04\/27\/un-nou-forum-cofbserveis-aborda-la-desconnexio-digital-a-loficina-de-farmacia\/\",\"name\":\"Un nou F\u00f2rum COFBServeis aborda la desconnexi\u00f3 digital a l'oficina de farm\u00e0cia - Col\u00b7legi de Farmac\u00e8utics de Barcelona\",\"isPartOf\":{\"@id\":\"https:\/\/www.cofb.org\/#website\"},\"primaryImageOfPage\":{\"@id\":\"https:\/\/www.cofb.org\/2026\/04\/27\/un-nou-forum-cofbserveis-aborda-la-desconnexio-digital-a-loficina-de-farmacia\/#primaryimage\"},\"image\":{\"@id\":\"https:\/\/www.cofb.org\/2026\/04\/27\/un-nou-forum-cofbserveis-aborda-la-desconnexio-digital-a-loficina-de-farmacia\/#primaryimage\"},\"thumbnailUrl\":\"https:\/\/www.cofb.org\/wp-content\/uploads\/2026\/04\/COFB_COFBSERVEIS-DESCONNEXIO-DIGITAL_0-1-scaled.jpg\",\"datePublished\":\"2026-04-27T14:26:03+00:00\",\"dateModified\":\"2026-04-29T14:27:31+00:00\",\"description\":\"El passat 14 d\u2019abril, el Col\u00b7legi de Farmac\u00e8utics de Barcelona (COFB) va organitzar el F\u00f2rum COFBServeis \u201cDesconnexi\u00f3 digital a l\u2019oficina de farm\u00e0cia\u201d.\",\"breadcrumb\":{\"@id\":\"https:\/\/www.cofb.org\/2026\/04\/27\/un-nou-forum-cofbserveis-aborda-la-desconnexio-digital-a-loficina-de-farmacia\/#breadcrumb\"},\"inLanguage\":\"ca\",\"potentialAction\":[{\"@type\":\"ReadAction\",\"target\":[\"https:\/\/www.cofb.org\/2026\/04\/27\/un-nou-forum-cofbserveis-aborda-la-desconnexio-digital-a-loficina-de-farmacia\/\"]}]},{\"@type\":\"ImageObject\",\"inLanguage\":\"ca\",\"@id\":\"https:\/\/www.cofb.org\/2026\/04\/27\/un-nou-forum-cofbserveis-aborda-la-desconnexio-digital-a-loficina-de-farmacia\/#primaryimage\",\"url\":\"https:\/\/www.cofb.org\/wp-content\/uploads\/2026\/04\/COFB_COFBSERVEIS-DESCONNEXIO-DIGITAL_0-1-scaled.jpg\",\"contentUrl\":\"https:\/\/www.cofb.org\/wp-content\/uploads\/2026\/04\/COFB_COFBSERVEIS-DESCONNEXIO-DIGITAL_0-1-scaled.jpg\",\"width\":2560,\"height\":1440,\"caption\":\"Elena Palau en un moment de la seva exposici\u00f3 sobre COFBServeis.\"},{\"@type\":\"BreadcrumbList\",\"@id\":\"https:\/\/www.cofb.org\/2026\/04\/27\/un-nou-forum-cofbserveis-aborda-la-desconnexio-digital-a-loficina-de-farmacia\/#breadcrumb\",\"itemListElement\":[{\"@type\":\"ListItem\",\"position\":1,\"name\":\"Inici\",\"item\":\"https:\/\/novaorg.cofb.net\/\"},{\"@type\":\"ListItem\",\"position\":2,\"name\":\"Un nou F\u00f2rum COFBServeis aborda la desconnexi\u00f3 digital a l&#8217;oficina de farm\u00e0cia\"}]},{\"@type\":\"WebSite\",\"@id\":\"https:\/\/www.cofb.org\/#website\",\"url\":\"https:\/\/www.cofb.org\/\",\"name\":\"Col\u00b7legi de Farmac\u00e8utics de Barcelona\",\"description\":\"\",\"publisher\":{\"@id\":\"https:\/\/www.cofb.org\/#organization\"},\"potentialAction\":[{\"@type\":\"SearchAction\",\"target\":{\"@type\":\"EntryPoint\",\"urlTemplate\":\"https:\/\/www.cofb.org\/?s={search_term_string}\"},\"query-input\":\"required name=search_term_string\"}],\"inLanguage\":\"ca\"},{\"@type\":\"Organization\",\"@id\":\"https:\/\/www.cofb.org\/#organization\",\"name\":\"Col\u00b7legi de Farmac\u00e8utics de Barcelona\",\"url\":\"https:\/\/www.cofb.org\/\",\"logo\":{\"@type\":\"ImageObject\",\"inLanguage\":\"ca\",\"@id\":\"https:\/\/www.cofb.org\/#\/schema\/logo\/image\/\",\"url\":\"https:\/\/www.cofb.org\/wp-content\/uploads\/2023\/11\/cropped-Logotip-COFB.png\",\"contentUrl\":\"https:\/\/www.cofb.org\/wp-content\/uploads\/2023\/11\/cropped-Logotip-COFB.png\",\"width\":500,\"height\":105,\"caption\":\"Col\u00b7legi de Farmac\u00e8utics de Barcelona\"},\"image\":{\"@id\":\"https:\/\/www.cofb.org\/#\/schema\/logo\/image\/\"},\"sameAs\":[\"https:\/\/www.facebook.com\/farmaceuticsbcn\/\",\"https:\/\/twitter.com\/farmaceuticsbcn\",\"https:\/\/www.instagram.com\/farmaceuticsbcn\/\",\"https:\/\/www.linkedin.com\/company\/farmaceuticsbcn\/\"]},{\"@type\":\"Person\",\"@id\":\"https:\/\/www.cofb.org\/#\/schema\/person\/f32de3b41b812c85ff923cb4cc849063\",\"name\":\"Berta Mart\u00ednez\",\"image\":{\"@type\":\"ImageObject\",\"inLanguage\":\"ca\",\"@id\":\"https:\/\/www.cofb.org\/#\/schema\/person\/image\/\",\"url\":\"https:\/\/secure.gravatar.com\/avatar\/d4c584dab5da1ee9e3c3df161c0aabec7075cc8211cd46ffc79bfe177aa78b01?s=96&d=mm&r=g\",\"contentUrl\":\"https:\/\/secure.gravatar.com\/avatar\/d4c584dab5da1ee9e3c3df161c0aabec7075cc8211cd46ffc79bfe177aa78b01?s=96&d=mm&r=g\",\"caption\":\"Berta Mart\u00ednez\"},\"url\":\"https:\/\/www.cofb.org\/ca\/author\/bmartinez\/\"}]}<\/script>\n<!-- \/ Yoast SEO plugin. -->","yoast_head_json":{"title":"Un nou F\u00f2rum COFBServeis aborda la desconnexi\u00f3 digital a l'oficina de farm\u00e0cia - Col\u00b7legi de Farmac\u00e8utics de Barcelona","description":"El passat 14 d\u2019abril, el Col\u00b7legi de Farmac\u00e8utics de Barcelona (COFB) va organitzar el F\u00f2rum COFBServeis \u201cDesconnexi\u00f3 digital a l\u2019oficina de farm\u00e0cia\u201d.","robots":{"index":"index","follow":"follow","max-snippet":"max-snippet:-1","max-image-preview":"max-image-preview:large","max-video-preview":"max-video-preview:-1"},"canonical":"https:\/\/www.cofb.org\/ca\/2026\/04\/27\/un-nou-forum-cofbserveis-aborda-la-desconnexio-digital-a-loficina-de-farmacia\/","og_locale":"ca_ES","og_type":"article","og_title":"Un nou F\u00f2rum COFBServeis aborda la desconnexi\u00f3 digital a l'oficina de farm\u00e0cia - Col\u00b7legi de Farmac\u00e8utics de Barcelona","og_description":"El passat 14 d\u2019abril, el Col\u00b7legi de Farmac\u00e8utics de Barcelona (COFB) va organitzar el F\u00f2rum COFBServeis \u201cDesconnexi\u00f3 digital a l\u2019oficina de farm\u00e0cia\u201d.","og_url":"https:\/\/www.cofb.org\/ca\/2026\/04\/27\/un-nou-forum-cofbserveis-aborda-la-desconnexio-digital-a-loficina-de-farmacia\/","og_site_name":"Col\u00b7legi de Farmac\u00e8utics de Barcelona","article_publisher":"https:\/\/www.facebook.com\/farmaceuticsbcn\/","article_published_time":"2026-04-27T14:26:03+00:00","article_modified_time":"2026-04-29T14:27:31+00:00","og_image":[{"width":2560,"height":1440,"url":"https:\/\/www.cofb.org\/wp-content\/uploads\/2026\/04\/COFB_COFBSERVEIS-DESCONNEXIO-DIGITAL_0-1-scaled.jpg","type":"image\/jpeg"}],"author":"Berta Mart\u00ednez","twitter_card":"summary_large_image","twitter_creator":"@farmaceuticsbcn","twitter_site":"@farmaceuticsbcn","twitter_misc":{"Escrit per":"Berta Mart\u00ednez","Temps estimat de lectura":"5 minuts"},"schema":{"@context":"https:\/\/schema.org","@graph":[{"@type":"Article","@id":"https:\/\/www.cofb.org\/2026\/04\/27\/un-nou-forum-cofbserveis-aborda-la-desconnexio-digital-a-loficina-de-farmacia\/#article","isPartOf":{"@id":"https:\/\/www.cofb.org\/2026\/04\/27\/un-nou-forum-cofbserveis-aborda-la-desconnexio-digital-a-loficina-de-farmacia\/"},"author":{"name":"Berta Mart\u00ednez","@id":"https:\/\/www.cofb.org\/#\/schema\/person\/f32de3b41b812c85ff923cb4cc849063"},"headline":"Un nou F\u00f2rum COFBServeis aborda la desconnexi\u00f3 digital a l&#8217;oficina de farm\u00e0cia","datePublished":"2026-04-27T14:26:03+00:00","dateModified":"2026-04-29T14:27:31+00:00","mainEntityOfPage":{"@id":"https:\/\/www.cofb.org\/2026\/04\/27\/un-nou-forum-cofbserveis-aborda-la-desconnexio-digital-a-loficina-de-farmacia\/"},"wordCount":730,"publisher":{"@id":"https:\/\/www.cofb.org\/#organization"},"image":{"@id":"https:\/\/www.cofb.org\/2026\/04\/27\/un-nou-forum-cofbserveis-aborda-la-desconnexio-digital-a-loficina-de-farmacia\/#primaryimage"},"thumbnailUrl":"https:\/\/www.cofb.org\/wp-content\/uploads\/2026\/04\/COFB_COFBSERVEIS-DESCONNEXIO-DIGITAL_0-1-scaled.jpg","keywords":["COFB","COFBServeis","Col\u00b7legi de Farmac\u00e8utics de Barcelona","desconnexi\u00f3 digital","empresa de serveis","farmac\u00e8utics","Farm\u00e0cia","farm\u00e0cia comunit\u00e0ria","Formaci\u00f3"],"articleSection":["Destacats","M\u00f3n col\u00b7legial"],"inLanguage":"ca"},{"@type":"WebPage","@id":"https:\/\/www.cofb.org\/2026\/04\/27\/un-nou-forum-cofbserveis-aborda-la-desconnexio-digital-a-loficina-de-farmacia\/","url":"https:\/\/www.cofb.org\/2026\/04\/27\/un-nou-forum-cofbserveis-aborda-la-desconnexio-digital-a-loficina-de-farmacia\/","name":"Un nou F\u00f2rum COFBServeis aborda la desconnexi\u00f3 digital a l'oficina de farm\u00e0cia - Col\u00b7legi de Farmac\u00e8utics de Barcelona","isPartOf":{"@id":"https:\/\/www.cofb.org\/#website"},"primaryImageOfPage":{"@id":"https:\/\/www.cofb.org\/2026\/04\/27\/un-nou-forum-cofbserveis-aborda-la-desconnexio-digital-a-loficina-de-farmacia\/#primaryimage"},"image":{"@id":"https:\/\/www.cofb.org\/2026\/04\/27\/un-nou-forum-cofbserveis-aborda-la-desconnexio-digital-a-loficina-de-farmacia\/#primaryimage"},"thumbnailUrl":"https:\/\/www.cofb.org\/wp-content\/uploads\/2026\/04\/COFB_COFBSERVEIS-DESCONNEXIO-DIGITAL_0-1-scaled.jpg","datePublished":"2026-04-27T14:26:03+00:00","dateModified":"2026-04-29T14:27:31+00:00","description":"El passat 14 d\u2019abril, el Col\u00b7legi de Farmac\u00e8utics de Barcelona (COFB) va organitzar el F\u00f2rum COFBServeis \u201cDesconnexi\u00f3 digital a l\u2019oficina de farm\u00e0cia\u201d.","breadcrumb":{"@id":"https:\/\/www.cofb.org\/2026\/04\/27\/un-nou-forum-cofbserveis-aborda-la-desconnexio-digital-a-loficina-de-farmacia\/#breadcrumb"},"inLanguage":"ca","potentialAction":[{"@type":"ReadAction","target":["https:\/\/www.cofb.org\/2026\/04\/27\/un-nou-forum-cofbserveis-aborda-la-desconnexio-digital-a-loficina-de-farmacia\/"]}]},{"@type":"ImageObject","inLanguage":"ca","@id":"https:\/\/www.cofb.org\/2026\/04\/27\/un-nou-forum-cofbserveis-aborda-la-desconnexio-digital-a-loficina-de-farmacia\/#primaryimage","url":"https:\/\/www.cofb.org\/wp-content\/uploads\/2026\/04\/COFB_COFBSERVEIS-DESCONNEXIO-DIGITAL_0-1-scaled.jpg","contentUrl":"https:\/\/www.cofb.org\/wp-content\/uploads\/2026\/04\/COFB_COFBSERVEIS-DESCONNEXIO-DIGITAL_0-1-scaled.jpg","width":2560,"height":1440,"caption":"Elena Palau en un moment de la seva exposici\u00f3 sobre COFBServeis."},{"@type":"BreadcrumbList","@id":"https:\/\/www.cofb.org\/2026\/04\/27\/un-nou-forum-cofbserveis-aborda-la-desconnexio-digital-a-loficina-de-farmacia\/#breadcrumb","itemListElement":[{"@type":"ListItem","position":1,"name":"Inici","item":"https:\/\/novaorg.cofb.net\/"},{"@type":"ListItem","position":2,"name":"Un nou F\u00f2rum COFBServeis aborda la desconnexi\u00f3 digital a l&#8217;oficina de farm\u00e0cia"}]},{"@type":"WebSite","@id":"https:\/\/www.cofb.org\/#website","url":"https:\/\/www.cofb.org\/","name":"Col\u00b7legi de Farmac\u00e8utics de Barcelona","description":"","publisher":{"@id":"https:\/\/www.cofb.org\/#organization"},"potentialAction":[{"@type":"SearchAction","target":{"@type":"EntryPoint","urlTemplate":"https:\/\/www.cofb.org\/?s={search_term_string}"},"query-input":"required name=search_term_string"}],"inLanguage":"ca"},{"@type":"Organization","@id":"https:\/\/www.cofb.org\/#organization","name":"Col\u00b7legi de Farmac\u00e8utics de Barcelona","url":"https:\/\/www.cofb.org\/","logo":{"@type":"ImageObject","inLanguage":"ca","@id":"https:\/\/www.cofb.org\/#\/schema\/logo\/image\/","url":"https:\/\/www.cofb.org\/wp-content\/uploads\/2023\/11\/cropped-Logotip-COFB.png","contentUrl":"https:\/\/www.cofb.org\/wp-content\/uploads\/2023\/11\/cropped-Logotip-COFB.png","width":500,"height":105,"caption":"Col\u00b7legi de Farmac\u00e8utics de Barcelona"},"image":{"@id":"https:\/\/www.cofb.org\/#\/schema\/logo\/image\/"},"sameAs":["https:\/\/www.facebook.com\/farmaceuticsbcn\/","https:\/\/twitter.com\/farmaceuticsbcn","https:\/\/www.instagram.com\/farmaceuticsbcn\/","https:\/\/www.linkedin.com\/company\/farmaceuticsbcn\/"]},{"@type":"Person","@id":"https:\/\/www.cofb.org\/#\/schema\/person\/f32de3b41b812c85ff923cb4cc849063","name":"Berta Mart\u00ednez","image":{"@type":"ImageObject","inLanguage":"ca","@id":"https:\/\/www.cofb.org\/#\/schema\/person\/image\/","url":"https:\/\/secure.gravatar.com\/avatar\/d4c584dab5da1ee9e3c3df161c0aabec7075cc8211cd46ffc79bfe177aa78b01?s=96&d=mm&r=g","contentUrl":"https:\/\/secure.gravatar.com\/avatar\/d4c584dab5da1ee9e3c3df161c0aabec7075cc8211cd46ffc79bfe177aa78b01?s=96&d=mm&r=g","caption":"Berta Mart\u00ednez"},"url":"https:\/\/www.cofb.org\/ca\/author\/bmartinez\/"}]}},"uagb_featured_image_src":{"full":["https:\/\/www.cofb.org\/wp-content\/uploads\/2026\/04\/COFB_COFBSERVEIS-DESCONNEXIO-DIGITAL_0-1-scaled.jpg",2560,1440,false],"thumbnail":["https:\/\/www.cofb.org\/wp-content\/uploads\/2026\/04\/COFB_COFBSERVEIS-DESCONNEXIO-DIGITAL_0-1-150x150.jpg",150,150,true],"medium":["https:\/\/www.cofb.org\/wp-content\/uploads\/2026\/04\/COFB_COFBSERVEIS-DESCONNEXIO-DIGITAL_0-1-300x169.jpg",300,169,true],"medium_large":["https:\/\/www.cofb.org\/wp-content\/uploads\/2026\/04\/COFB_COFBSERVEIS-DESCONNEXIO-DIGITAL_0-1-768x432.jpg",768,432,true],"large":["https:\/\/www.cofb.org\/wp-content\/uploads\/2026\/04\/COFB_COFBSERVEIS-DESCONNEXIO-DIGITAL_0-1-1024x576.jpg",1024,576,true],"1536x1536":["https:\/\/www.cofb.org\/wp-content\/uploads\/2026\/04\/COFB_COFBSERVEIS-DESCONNEXIO-DIGITAL_0-1-1536x864.jpg",1536,864,true],"2048x2048":["https:\/\/www.cofb.org\/wp-content\/uploads\/2026\/04\/COFB_COFBSERVEIS-DESCONNEXIO-DIGITAL_0-1-2048x1152.jpg",2048,1152,true],"trp-custom-language-flag":["https:\/\/www.cofb.org\/wp-content\/uploads\/2026\/04\/COFB_COFBSERVEIS-DESCONNEXIO-DIGITAL_0-1-18x10.jpg",18,10,true]},"uagb_author_info":{"display_name":"Berta Mart\u00ednez","author_link":"https:\/\/www.cofb.org\/ca\/author\/bmartinez\/"},"uagb_comment_info":0,"uagb_excerpt":"El passat 14 d\u2019abril, el Col\u00b7legi de Farmac\u00e8utics de Barcelona (COFB) va organitzar el F\u00f2rum COFBServeis \u201cDesconnexi\u00f3 digital a l\u2019oficina de farm\u00e0cia\u201d, amb la col\u00b7laboraci\u00f3 de COFBServeis. La confer\u00e8ncia va ser impartida per les advocades de l\u2019equip de protecci\u00f3 de dades de COFBServeis, Maria Company i Laura Cisar. La vicetresorera [&hellip;]","_links":{"self":[{"href":"https:\/\/www.cofb.org\/ca\/wp-json\/wp\/v2\/posts\/84698","targetHints":{"allow":["GET"]}}],"collection":[{"href":"https:\/\/www.cofb.org\/ca\/wp-json\/wp\/v2\/posts"}],"about":[{"href":"https:\/\/www.cofb.org\/ca\/wp-json\/wp\/v2\/types\/post"}],"author":[{"embeddable":true,"href":"https:\/\/www.cofb.org\/ca\/wp-json\/wp\/v2\/users\/3"}],"replies":[{"embeddable":true,"href":"https:\/\/www.cofb.org\/ca\/wp-json\/wp\/v2\/comments?post=84698"}],"version-history":[{"count":17,"href":"https:\/\/www.cofb.org\/ca\/wp-json\/wp\/v2\/posts\/84698\/revisions"}],"predecessor-version":[{"id":84749,"href":"https:\/\/www.cofb.org\/ca\/wp-json\/wp\/v2\/posts\/84698\/revisions\/84749"}],"wp:featuredmedia":[{"embeddable":true,"href":"https:\/\/www.cofb.org\/ca\/wp-json\/wp\/v2\/media\/84703"}],"wp:attachment":[{"href":"https:\/\/www.cofb.org\/ca\/wp-json\/wp\/v2\/media?parent=84698"}],"wp:term":[{"taxonomy":"category","embeddable":true,"href":"https:\/\/www.cofb.org\/ca\/wp-json\/wp\/v2\/categories?post=84698"},{"taxonomy":"post_tag","embeddable":true,"href":"https:\/\/www.cofb.org\/ca\/wp-json\/wp\/v2\/tags?post=84698"}],"curies":[{"name":"wp","href":"https:\/\/api.w.org\/{rel}","templated":true}]}}