{"id":84345,"date":"2026-03-17T16:30:43","date_gmt":"2026-03-17T16:30:43","guid":{"rendered":"https:\/\/www.cofb.org\/?p=84345"},"modified":"2026-03-17T16:34:18","modified_gmt":"2026-03-17T16:34:18","slug":"la-farmacia-comunitaria-sintegra-en-el-circuit-assistencial-del-nou-mapa-de-salut-de-catalunya","status":"publish","type":"post","link":"https:\/\/www.cofb.org\/ca\/2026\/03\/17\/la-farmacia-comunitaria-sintegra-en-el-circuit-assistencial-del-nou-mapa-de-salut-de-catalunya\/","title":{"rendered":"La farm\u00e0cia comunit\u00e0ria s\u2019integra en el circuit assistencial del nou Mapa de Salut de Catalunya"},"content":{"rendered":"\n<h4 class=\"wp-block-heading\"><strong>Article de Jordi Casas, president del Col\u00b7legi de Farmac\u00e8utics de Barcelona (COFB) i del Consell de Col\u00b7legis Farmac\u00e8utics de Catalunya (CCFC)<\/strong><\/h4>\n\n\n\n<div class=\"destacat-blog\">\n\n\n\n<blockquote class=\"wp-block-quote is-layout-flow wp-block-quote-is-layout-flow\">\n<p>&#8220;<strong>La inclusi\u00f3 de la farm\u00e0cia comunit\u00e0ria en el Mapa de Salut de Catalunya representa un reconeixement expl\u00edcit del paper sanitari que exerceixen els farmac\u00e8utics, que formen part de l\u2019estrat\u00e8gia d\u2019atenci\u00f3 de la salut de la poblaci\u00f3 com a recurs m\u00e9s accessible, proper a la ciutadania i la primera porta d\u2019entrada al sistema sanitari&#8221;.<\/strong><\/p>\n<\/blockquote>\n\n\n\n<\/div>\n\n\n\n<p><\/p>\n\n\n\n<p>El <strong>nou Mapa de salut de Catalunya<\/strong>, presentat el passat mes de febrer pel Departament de Salut de la Generalitat de Catalunya, <strong>incorpora les farm\u00e0cies comunit\u00e0ries en les \u00c0rees Integrades de Salut (AIS)<\/strong>. Aquest nou model configura un ecosistema per donar resposta, des de l\u2019\u00e0mbit sanitari, a la necessitats actuals que t\u00e9 la poblaci\u00f3 al llarg del seu cicle de vida i el territori. Alhora, amb aquesta reorganitzaci\u00f3 el Sistema Catal\u00e0 de Salut articula de manera m\u00e9s coordinada i integrada tots els seus serveis \u2014incloses les farm\u00e0cies comunit\u00e0ries\u2014 per oferir una atenci\u00f3 basada en criteris de proximitat, coordinaci\u00f3 i integraci\u00f3, continu\u00eftat assistencial, coproducci\u00f3 amb el m\u00f3n local, equitat territorial i efici\u00e8ncia i valor.<\/p>\n\n\n\n<figure class=\"wp-block-image size-full is-resized\"><a href=\"https:\/\/www.cofb.org\/wp-content\/uploads\/2026\/03\/COFB_NOU-MAPA-SANITARI_17032026.png\" target=\"_blank\" rel=\" noreferrer noopener\"><img fetchpriority=\"high\" decoding=\"async\" width=\"552\" height=\"328\" src=\"https:\/\/www.cofb.org\/wp-content\/uploads\/2026\/03\/COFB_NOU-MAPA-SANITARI_17032026.png\" alt=\"\" class=\"wp-image-84348\" style=\"width:778px;height:auto\" srcset=\"https:\/\/www.cofb.org\/wp-content\/uploads\/2026\/03\/COFB_NOU-MAPA-SANITARI_17032026.png 552w, https:\/\/www.cofb.org\/wp-content\/uploads\/2026\/03\/COFB_NOU-MAPA-SANITARI_17032026-300x178.png 300w, https:\/\/www.cofb.org\/wp-content\/uploads\/2026\/03\/COFB_NOU-MAPA-SANITARI_17032026-18x12.png 18w\" sizes=\"(max-width: 552px) 100vw, 552px\" \/><\/a><figcaption class=\"wp-element-caption\">Nou Mapa de salut de Catalunya.<\/figcaption><\/figure>\n\n\n\n<p>La inclusi\u00f3 de la farm\u00e0cia comunit\u00e0ria en el Mapa de Salut de Catalunya representa un <strong>reconeixement expl\u00edcit del paper sanitari que exerceixen els farmac\u00e8utics<\/strong>, que formen part de l\u2019estrat\u00e8gia d\u2019atenci\u00f3 de la salut de la poblaci\u00f3<strong> com a recurs m\u00e9s accessible, proper a la ciutadania<\/strong> i la <strong>primera porta d\u2019entrada al sistema sanitari<\/strong>.<\/p>\n\n\n\n<h2 class=\"wp-block-heading\"><strong>Un recurs sanitari de confian\u00e7a per a la ciutadania: prestaci\u00f3 farmac\u00e8utica, promoci\u00f3 de la salut i prevenci\u00f3 de la malaltia<\/strong><\/h2>\n\n\n\n<p>Aquesta <strong>nova planificaci\u00f3 de la xarxa sanit\u00e0ria refor\u00e7a el rol assistencial dels farmac\u00e8utics comunitaris<\/strong> i apropar\u00e0, encara m\u00e9s, els recursos sanitaris al conjunt de la poblaci\u00f3. La <strong>proximitat de les farm\u00e0cies millora l\u2019adher\u00e8ncia als tractament<\/strong>, facilita la <strong>promoci\u00f3 d\u2019h\u00e0bits de vida saludables<\/strong> i el desenvolupament de <strong>programes de prevenci\u00f3<\/strong>.<\/p>\n\n\n\n<p>Una de les funcions principals que duem a terme \u00e9s <strong>garantir la prestaci\u00f3 farmac\u00e8utica<\/strong>, per tal que la poblaci\u00f3 pugui accedir a la seva medicaci\u00f3 i, sobretot, que la prengui adequadament. En aquest sentit, treballem per implementar la <strong>comunicaci\u00f3 entre professionals sanitaris <\/strong>i hem impulsat <strong>projectes <\/strong>com l\u2019anomenada <strong>Atenci\u00f3 farmac\u00e8utica en primeres dispensacions<\/strong>, en el marc del qual el farmac\u00e8utic ofereix <strong>consell personalitzat <\/strong>quan l\u2019usuari inicia un tractament en formes farmac\u00e8utiques complexes (inhaladors, anticoagulants i antiagregants plaquetaris, insulines i Glucag\u00f3) per aconseguir-ne un \u00fas el m\u00e0xim de segur i efectiu.<\/p>\n\n\n\n<p>Per un altre costat, a trav\u00e9s del <strong>seguiment farmacoterap\u00e8utic<\/strong> amb el <strong>Sistema Personalitzat de Dosificiaci\u00f3 (SPD)<\/strong>, vetllem per l\u2019adher\u00e8ncia i continu\u00eftat del tractament, especialment en pacients cr\u00f2nics i polimedicats. Aix\u00f2 s\u2019ha regulat recentment a Catalunya amb la publicaci\u00f3 del <strong>Decret 15\/2025<\/strong>, gr\u00e0cies al qual es dota de contingut al servei i representa un reconeixement normatiu a la feina que fem.<\/p>\n\n\n\n<p>Tamb\u00e9 referma el nostre <strong>comprom\u00eds amb la salut<\/strong> a trav\u00e9s de programes com el <strong>Programa d\u2019educaci\u00f3 sanit\u00e0ria pel bon \u00fas dels medicaments (PESBUM)<\/strong>, el <strong>Programa de Manteniment amb Metadona<\/strong> o a trav\u00e9s de la<strong> xarxa de farm\u00e0cies sentinella<\/strong>. Sense oblidar els <strong>serveis <\/strong>i el <strong>consell farmac\u00e8utic <\/strong>que oferim di\u00e0riament i que contribueixen a fomentar <strong>h\u00e0bits de vida saludable<\/strong>; alhora que donem resposta a <strong>consultes freq\u00fcents sobre s\u00edmptomes menors<\/strong>.<\/p>\n\n\n\n<p>I tamb\u00e9 tenim un important paper en la promoci\u00f3 de la salut i la <strong>prevenci\u00f3 de malaltia<\/strong>. En s\u00f3n un exemple les <strong>campanyes <\/strong>en qu\u00e8 participem coordinades amb l\u2019estrat\u00e8gia de salut p\u00fablica, com \u00e9s el cas de la <strong>vacunaci\u00f3 contra la grip i la COVID-19<\/strong>, aix\u00ed com el <strong>Programa de detecci\u00f3 preco\u00e7 del c\u00e0ncer de coll uter\u00ed<\/strong>. Aix\u00ed mateix \u00e9s important destacar iniciatives com la <strong>unitat m\u00f2bil \u201cLa meva farm\u00e0cia, la meva salut\u201d<\/strong>. Aquesta campanya ha estat clau per apropar a la ciutadania els <strong>serveis professionals <\/strong>que realitzem a la farm\u00e0cia per tenir cura de la seva salut, i refor\u00e7ar la nostra contribuci\u00f3 al bon funcionament i sostenibilitat del sistema sanitari i millorar la qualitat de vida de la poblaci\u00f3.<\/p>\n\n\n\n<h2 class=\"wp-block-heading\"><strong>Una oportunitat per a la professi\u00f3 farmac\u00e8utica<\/strong><\/h2>\n\n\n\n<p>La representaci\u00f3 de la farm\u00e0cia comunit\u00e0ria en el Mapa de salut de Catalunya<strong> consolida el cam\u00ed recorregut<\/strong> fins ara i <strong>referma la seva integraci\u00f3 dins la xarxa sanit\u00e0ria de Catalunya<\/strong>. Aix\u00ed doncs, <strong>se\u2019ns reconeix com a agents sanitaris implicats en la promoci\u00f3 de la salut i la prevenci\u00f3 de la malaltia<\/strong>. I es <strong>refor\u00e7a el paper clau dels professionals farmac\u00e8utics per donar resposta als reptes de salut presents i futurs<\/strong>.<\/p>\n\n\n\n<p>A m\u00e9s, des de les \u00c0rees Integrades de Salut <strong>es promour\u00e0 una major comunicaci\u00f3 i coordinaci\u00f3 assistencial<\/strong>, i tamb\u00e9 una <strong>participaci\u00f3 m\u00e9s activa en projectes comunitaris i decisions estrat\u00e8giques de salut<\/strong>, ajudant a garantir l\u2019acc\u00e9s equitatiu als serveis sanitaris.<\/p>\n\n\n\n<p>En definitiva, la integraci\u00f3 de la farm\u00e0cia comunit\u00e0ria en el nou Mapa de Salut de Catalunya representa una <strong>oportunitat per continuar avan\u00e7ant cap a un model de farm\u00e0cia assistencial plenament integrada al sistema de salut.<\/strong><\/p>\n\n\n\n<p><\/p>\n","protected":false},"excerpt":{"rendered":"<p>Article de Jordi Casas, president del Col\u00b7legi de Farmac\u00e8utics de Barcelona (COFB) i del Consell de Col\u00b7legis Farmac\u00e8utics de Catalunya (CCFC) &#8220;La inclusi\u00f3 de la farm\u00e0cia comunit\u00e0ria en el Mapa de Salut de Catalunya representa un reconeixement expl\u00edcit del paper sanitari que exerceixen els farmac\u00e8utics, que formen part de l\u2019estrat\u00e8gia [&hellip;]<\/p>\n","protected":false},"author":3,"featured_media":84348,"comment_status":"closed","ping_status":"closed","sticky":false,"template":"","format":"standard","meta":{"_uag_custom_page_level_css":"","site-sidebar-layout":"default","site-content-layout":"","ast-site-content-layout":"default","site-content-style":"default","site-sidebar-style":"default","ast-global-header-display":"","ast-banner-title-visibility":"","ast-main-header-display":"","ast-hfb-above-header-display":"","ast-hfb-below-header-display":"","ast-hfb-mobile-header-display":"","site-post-title":"","ast-breadcrumbs-content":"","ast-featured-img":"disabled","footer-sml-layout":"","theme-transparent-header-meta":"","adv-header-id-meta":"","stick-header-meta":"","header-above-stick-meta":"","header-main-stick-meta":"","header-below-stick-meta":"","astra-migrate-meta-layouts":"set","ast-page-background-enabled":"default","ast-page-background-meta":{"desktop":{"background-color":"var(--ast-global-color-4)","background-image":"","background-repeat":"repeat","background-position":"center center","background-size":"auto","background-attachment":"scroll","background-type":"","background-media":"","overlay-type":"","overlay-color":"","overlay-opacity":"","overlay-gradient":""},"tablet":{"background-color":"","background-image":"","background-repeat":"repeat","background-position":"center center","background-size":"auto","background-attachment":"scroll","background-type":"","background-media":"","overlay-type":"","overlay-color":"","overlay-opacity":"","overlay-gradient":""},"mobile":{"background-color":"","background-image":"","background-repeat":"repeat","background-position":"center center","background-size":"auto","background-attachment":"scroll","background-type":"","background-media":"","overlay-type":"","overlay-color":"","overlay-opacity":"","overlay-gradient":""}},"ast-content-background-meta":{"desktop":{"background-color":"var(--ast-global-color-5)","background-image":"","background-repeat":"repeat","background-position":"center center","background-size":"auto","background-attachment":"scroll","background-type":"","background-media":"","overlay-type":"","overlay-color":"","overlay-opacity":"","overlay-gradient":""},"tablet":{"background-color":"var(--ast-global-color-5)","background-image":"","background-repeat":"repeat","background-position":"center center","background-size":"auto","background-attachment":"scroll","background-type":"","background-media":"","overlay-type":"","overlay-color":"","overlay-opacity":"","overlay-gradient":""},"mobile":{"background-color":"var(--ast-global-color-5)","background-image":"","background-repeat":"repeat","background-position":"center center","background-size":"auto","background-attachment":"scroll","background-type":"","background-media":"","overlay-type":"","overlay-color":"","overlay-opacity":"","overlay-gradient":""}},"footnotes":""},"categories":[23,489],"tags":[5484,5485,5486,18,5482,5483,4852,316,318,5386],"class_list":["post-84345","post","type-post","status-publish","format-standard","has-post-thumbnail","hentry","category-destacats","category-opinions-del-collegi","tag-ais","tag-arees-integrades-de-salut","tag-arees-integrades-de-salut-ais","tag-cofb","tag-mapa-de-salut","tag-nou-mapa-de-salut-de-catalunya","tag-prestacio-farmaceutica","tag-prevencio-de-la-malaltia","tag-promocio-de-la-salut","tag-promocio-salut"],"yoast_head":"<!-- This site is optimized with the Yoast SEO plugin v22.4 - https:\/\/yoast.com\/wordpress\/plugins\/seo\/ -->\n<title>La farm\u00e0cia comunit\u00e0ria s\u2019integra en el circuit assistencial del nou Mapa de Salut de Catalunya - Col\u00b7legi de Farmac\u00e8utics de Barcelona<\/title>\n<meta name=\"description\" content=\"El nou Mapa de salut de Catalunya incorpora les farm\u00e0cies comunit\u00e0ries en les \u00c0rees Integrades de Salut (AIS).\" \/>\n<meta name=\"robots\" content=\"index, follow, max-snippet:-1, max-image-preview:large, max-video-preview:-1\" \/>\n<link rel=\"canonical\" href=\"https:\/\/www.cofb.org\/ca\/2026\/03\/17\/la-farmacia-comunitaria-sintegra-en-el-circuit-assistencial-del-nou-mapa-de-salut-de-catalunya\/\" \/>\n<meta property=\"og:locale\" content=\"ca_ES\" \/>\n<meta property=\"og:type\" content=\"article\" \/>\n<meta property=\"og:title\" content=\"La farm\u00e0cia comunit\u00e0ria s\u2019integra en el circuit assistencial del nou Mapa de Salut de Catalunya - Col\u00b7legi de Farmac\u00e8utics de Barcelona\" \/>\n<meta property=\"og:description\" content=\"El nou Mapa de salut de Catalunya incorpora les farm\u00e0cies comunit\u00e0ries en les \u00c0rees Integrades de Salut (AIS).\" \/>\n<meta property=\"og:url\" content=\"https:\/\/www.cofb.org\/ca\/2026\/03\/17\/la-farmacia-comunitaria-sintegra-en-el-circuit-assistencial-del-nou-mapa-de-salut-de-catalunya\/\" \/>\n<meta property=\"og:site_name\" content=\"Col\u00b7legi de Farmac\u00e8utics de Barcelona\" \/>\n<meta property=\"article:publisher\" content=\"https:\/\/www.facebook.com\/farmaceuticsbcn\/\" \/>\n<meta property=\"article:published_time\" content=\"2026-03-17T16:30:43+00:00\" \/>\n<meta property=\"article:modified_time\" content=\"2026-03-17T16:34:18+00:00\" \/>\n<meta property=\"og:image\" content=\"https:\/\/www.cofb.org\/wp-content\/uploads\/2026\/03\/COFB_NOU-MAPA-SANITARI_17032026.png\" \/>\n\t<meta property=\"og:image:width\" content=\"552\" \/>\n\t<meta property=\"og:image:height\" content=\"328\" \/>\n\t<meta property=\"og:image:type\" content=\"image\/png\" \/>\n<meta name=\"author\" content=\"Berta Mart\u00ednez\" \/>\n<meta name=\"twitter:card\" content=\"summary_large_image\" \/>\n<meta name=\"twitter:creator\" content=\"@farmaceuticsbcn\" \/>\n<meta name=\"twitter:site\" content=\"@farmaceuticsbcn\" \/>\n<meta name=\"twitter:label1\" content=\"Escrit per\" \/>\n\t<meta name=\"twitter:data1\" content=\"Berta Mart\u00ednez\" \/>\n\t<meta name=\"twitter:label2\" content=\"Temps estimat de lectura\" \/>\n\t<meta name=\"twitter:data2\" content=\"5 minuts\" \/>\n<script type=\"application\/ld+json\" class=\"yoast-schema-graph\">{\"@context\":\"https:\/\/schema.org\",\"@graph\":[{\"@type\":\"Article\",\"@id\":\"https:\/\/www.cofb.org\/2026\/03\/17\/la-farmacia-comunitaria-sintegra-en-el-circuit-assistencial-del-nou-mapa-de-salut-de-catalunya\/#article\",\"isPartOf\":{\"@id\":\"https:\/\/www.cofb.org\/2026\/03\/17\/la-farmacia-comunitaria-sintegra-en-el-circuit-assistencial-del-nou-mapa-de-salut-de-catalunya\/\"},\"author\":{\"name\":\"Berta Mart\u00ednez\",\"@id\":\"https:\/\/www.cofb.org\/#\/schema\/person\/f32de3b41b812c85ff923cb4cc849063\"},\"headline\":\"La farm\u00e0cia comunit\u00e0ria s\u2019integra en el circuit assistencial del nou Mapa de Salut de Catalunya\",\"datePublished\":\"2026-03-17T16:30:43+00:00\",\"dateModified\":\"2026-03-17T16:34:18+00:00\",\"mainEntityOfPage\":{\"@id\":\"https:\/\/www.cofb.org\/2026\/03\/17\/la-farmacia-comunitaria-sintegra-en-el-circuit-assistencial-del-nou-mapa-de-salut-de-catalunya\/\"},\"wordCount\":914,\"publisher\":{\"@id\":\"https:\/\/www.cofb.org\/#organization\"},\"image\":{\"@id\":\"https:\/\/www.cofb.org\/2026\/03\/17\/la-farmacia-comunitaria-sintegra-en-el-circuit-assistencial-del-nou-mapa-de-salut-de-catalunya\/#primaryimage\"},\"thumbnailUrl\":\"https:\/\/www.cofb.org\/wp-content\/uploads\/2026\/03\/COFB_NOU-MAPA-SANITARI_17032026.png\",\"keywords\":[\"AIS\",\"\u00c0rees Integrades de Salut\",\"\u00c0rees Integrades de Salut (AIS)\",\"COFB\",\"Mapa de salut\",\"nou Mapa de salut de Catalunya\",\"prestaci\u00f3 farmac\u00e8utica\",\"prevenci\u00f3 de la malaltia\",\"promoci\u00f3 de la salut\",\"promoci\u00f3 salut\"],\"articleSection\":[\"Destacats\",\"Opinions del Col\u00b7legi\"],\"inLanguage\":\"ca\"},{\"@type\":\"WebPage\",\"@id\":\"https:\/\/www.cofb.org\/2026\/03\/17\/la-farmacia-comunitaria-sintegra-en-el-circuit-assistencial-del-nou-mapa-de-salut-de-catalunya\/\",\"url\":\"https:\/\/www.cofb.org\/2026\/03\/17\/la-farmacia-comunitaria-sintegra-en-el-circuit-assistencial-del-nou-mapa-de-salut-de-catalunya\/\",\"name\":\"La farm\u00e0cia comunit\u00e0ria s\u2019integra en el circuit assistencial del nou Mapa de Salut de Catalunya - Col\u00b7legi de Farmac\u00e8utics de Barcelona\",\"isPartOf\":{\"@id\":\"https:\/\/www.cofb.org\/#website\"},\"primaryImageOfPage\":{\"@id\":\"https:\/\/www.cofb.org\/2026\/03\/17\/la-farmacia-comunitaria-sintegra-en-el-circuit-assistencial-del-nou-mapa-de-salut-de-catalunya\/#primaryimage\"},\"image\":{\"@id\":\"https:\/\/www.cofb.org\/2026\/03\/17\/la-farmacia-comunitaria-sintegra-en-el-circuit-assistencial-del-nou-mapa-de-salut-de-catalunya\/#primaryimage\"},\"thumbnailUrl\":\"https:\/\/www.cofb.org\/wp-content\/uploads\/2026\/03\/COFB_NOU-MAPA-SANITARI_17032026.png\",\"datePublished\":\"2026-03-17T16:30:43+00:00\",\"dateModified\":\"2026-03-17T16:34:18+00:00\",\"description\":\"El nou Mapa de salut de Catalunya incorpora les farm\u00e0cies comunit\u00e0ries en les \u00c0rees Integrades de Salut (AIS).\",\"breadcrumb\":{\"@id\":\"https:\/\/www.cofb.org\/2026\/03\/17\/la-farmacia-comunitaria-sintegra-en-el-circuit-assistencial-del-nou-mapa-de-salut-de-catalunya\/#breadcrumb\"},\"inLanguage\":\"ca\",\"potentialAction\":[{\"@type\":\"ReadAction\",\"target\":[\"https:\/\/www.cofb.org\/2026\/03\/17\/la-farmacia-comunitaria-sintegra-en-el-circuit-assistencial-del-nou-mapa-de-salut-de-catalunya\/\"]}]},{\"@type\":\"ImageObject\",\"inLanguage\":\"ca\",\"@id\":\"https:\/\/www.cofb.org\/2026\/03\/17\/la-farmacia-comunitaria-sintegra-en-el-circuit-assistencial-del-nou-mapa-de-salut-de-catalunya\/#primaryimage\",\"url\":\"https:\/\/www.cofb.org\/wp-content\/uploads\/2026\/03\/COFB_NOU-MAPA-SANITARI_17032026.png\",\"contentUrl\":\"https:\/\/www.cofb.org\/wp-content\/uploads\/2026\/03\/COFB_NOU-MAPA-SANITARI_17032026.png\",\"width\":552,\"height\":328,\"caption\":\"Nou Mapa de salut de Catalunya.\"},{\"@type\":\"BreadcrumbList\",\"@id\":\"https:\/\/www.cofb.org\/2026\/03\/17\/la-farmacia-comunitaria-sintegra-en-el-circuit-assistencial-del-nou-mapa-de-salut-de-catalunya\/#breadcrumb\",\"itemListElement\":[{\"@type\":\"ListItem\",\"position\":1,\"name\":\"Inici\",\"item\":\"https:\/\/novaorg.cofb.net\/\"},{\"@type\":\"ListItem\",\"position\":2,\"name\":\"La farm\u00e0cia comunit\u00e0ria s\u2019integra en el circuit assistencial del nou Mapa de Salut de Catalunya\"}]},{\"@type\":\"WebSite\",\"@id\":\"https:\/\/www.cofb.org\/#website\",\"url\":\"https:\/\/www.cofb.org\/\",\"name\":\"Col\u00b7legi de Farmac\u00e8utics de Barcelona\",\"description\":\"\",\"publisher\":{\"@id\":\"https:\/\/www.cofb.org\/#organization\"},\"potentialAction\":[{\"@type\":\"SearchAction\",\"target\":{\"@type\":\"EntryPoint\",\"urlTemplate\":\"https:\/\/www.cofb.org\/?s={search_term_string}\"},\"query-input\":\"required name=search_term_string\"}],\"inLanguage\":\"ca\"},{\"@type\":\"Organization\",\"@id\":\"https:\/\/www.cofb.org\/#organization\",\"name\":\"Col\u00b7legi de Farmac\u00e8utics de Barcelona\",\"url\":\"https:\/\/www.cofb.org\/\",\"logo\":{\"@type\":\"ImageObject\",\"inLanguage\":\"ca\",\"@id\":\"https:\/\/www.cofb.org\/#\/schema\/logo\/image\/\",\"url\":\"https:\/\/www.cofb.org\/wp-content\/uploads\/2023\/11\/cropped-Logotip-COFB.png\",\"contentUrl\":\"https:\/\/www.cofb.org\/wp-content\/uploads\/2023\/11\/cropped-Logotip-COFB.png\",\"width\":500,\"height\":105,\"caption\":\"Col\u00b7legi de Farmac\u00e8utics de Barcelona\"},\"image\":{\"@id\":\"https:\/\/www.cofb.org\/#\/schema\/logo\/image\/\"},\"sameAs\":[\"https:\/\/www.facebook.com\/farmaceuticsbcn\/\",\"https:\/\/twitter.com\/farmaceuticsbcn\",\"https:\/\/www.instagram.com\/farmaceuticsbcn\/\",\"https:\/\/www.linkedin.com\/company\/farmaceuticsbcn\/\"]},{\"@type\":\"Person\",\"@id\":\"https:\/\/www.cofb.org\/#\/schema\/person\/f32de3b41b812c85ff923cb4cc849063\",\"name\":\"Berta Mart\u00ednez\",\"image\":{\"@type\":\"ImageObject\",\"inLanguage\":\"ca\",\"@id\":\"https:\/\/www.cofb.org\/#\/schema\/person\/image\/\",\"url\":\"https:\/\/secure.gravatar.com\/avatar\/d4c584dab5da1ee9e3c3df161c0aabec7075cc8211cd46ffc79bfe177aa78b01?s=96&d=mm&r=g\",\"contentUrl\":\"https:\/\/secure.gravatar.com\/avatar\/d4c584dab5da1ee9e3c3df161c0aabec7075cc8211cd46ffc79bfe177aa78b01?s=96&d=mm&r=g\",\"caption\":\"Berta Mart\u00ednez\"},\"url\":\"https:\/\/www.cofb.org\/ca\/author\/bmartinez\/\"}]}<\/script>\n<!-- \/ Yoast SEO plugin. -->","yoast_head_json":{"title":"La farm\u00e0cia comunit\u00e0ria s\u2019integra en el circuit assistencial del nou Mapa de Salut de Catalunya - Col\u00b7legi de Farmac\u00e8utics de Barcelona","description":"El nou Mapa de salut de Catalunya incorpora les farm\u00e0cies comunit\u00e0ries en les \u00c0rees Integrades de Salut (AIS).","robots":{"index":"index","follow":"follow","max-snippet":"max-snippet:-1","max-image-preview":"max-image-preview:large","max-video-preview":"max-video-preview:-1"},"canonical":"https:\/\/www.cofb.org\/ca\/2026\/03\/17\/la-farmacia-comunitaria-sintegra-en-el-circuit-assistencial-del-nou-mapa-de-salut-de-catalunya\/","og_locale":"ca_ES","og_type":"article","og_title":"La farm\u00e0cia comunit\u00e0ria s\u2019integra en el circuit assistencial del nou Mapa de Salut de Catalunya - Col\u00b7legi de Farmac\u00e8utics de Barcelona","og_description":"El nou Mapa de salut de Catalunya incorpora les farm\u00e0cies comunit\u00e0ries en les \u00c0rees Integrades de Salut (AIS).","og_url":"https:\/\/www.cofb.org\/ca\/2026\/03\/17\/la-farmacia-comunitaria-sintegra-en-el-circuit-assistencial-del-nou-mapa-de-salut-de-catalunya\/","og_site_name":"Col\u00b7legi de Farmac\u00e8utics de Barcelona","article_publisher":"https:\/\/www.facebook.com\/farmaceuticsbcn\/","article_published_time":"2026-03-17T16:30:43+00:00","article_modified_time":"2026-03-17T16:34:18+00:00","og_image":[{"width":552,"height":328,"url":"https:\/\/www.cofb.org\/wp-content\/uploads\/2026\/03\/COFB_NOU-MAPA-SANITARI_17032026.png","type":"image\/png"}],"author":"Berta Mart\u00ednez","twitter_card":"summary_large_image","twitter_creator":"@farmaceuticsbcn","twitter_site":"@farmaceuticsbcn","twitter_misc":{"Escrit per":"Berta Mart\u00ednez","Temps estimat de lectura":"5 minuts"},"schema":{"@context":"https:\/\/schema.org","@graph":[{"@type":"Article","@id":"https:\/\/www.cofb.org\/2026\/03\/17\/la-farmacia-comunitaria-sintegra-en-el-circuit-assistencial-del-nou-mapa-de-salut-de-catalunya\/#article","isPartOf":{"@id":"https:\/\/www.cofb.org\/2026\/03\/17\/la-farmacia-comunitaria-sintegra-en-el-circuit-assistencial-del-nou-mapa-de-salut-de-catalunya\/"},"author":{"name":"Berta Mart\u00ednez","@id":"https:\/\/www.cofb.org\/#\/schema\/person\/f32de3b41b812c85ff923cb4cc849063"},"headline":"La farm\u00e0cia comunit\u00e0ria s\u2019integra en el circuit assistencial del nou Mapa de Salut de Catalunya","datePublished":"2026-03-17T16:30:43+00:00","dateModified":"2026-03-17T16:34:18+00:00","mainEntityOfPage":{"@id":"https:\/\/www.cofb.org\/2026\/03\/17\/la-farmacia-comunitaria-sintegra-en-el-circuit-assistencial-del-nou-mapa-de-salut-de-catalunya\/"},"wordCount":914,"publisher":{"@id":"https:\/\/www.cofb.org\/#organization"},"image":{"@id":"https:\/\/www.cofb.org\/2026\/03\/17\/la-farmacia-comunitaria-sintegra-en-el-circuit-assistencial-del-nou-mapa-de-salut-de-catalunya\/#primaryimage"},"thumbnailUrl":"https:\/\/www.cofb.org\/wp-content\/uploads\/2026\/03\/COFB_NOU-MAPA-SANITARI_17032026.png","keywords":["AIS","\u00c0rees Integrades de Salut","\u00c0rees Integrades de Salut (AIS)","COFB","Mapa de salut","nou Mapa de salut de Catalunya","prestaci\u00f3 farmac\u00e8utica","prevenci\u00f3 de la malaltia","promoci\u00f3 de la salut","promoci\u00f3 salut"],"articleSection":["Destacats","Opinions del Col\u00b7legi"],"inLanguage":"ca"},{"@type":"WebPage","@id":"https:\/\/www.cofb.org\/2026\/03\/17\/la-farmacia-comunitaria-sintegra-en-el-circuit-assistencial-del-nou-mapa-de-salut-de-catalunya\/","url":"https:\/\/www.cofb.org\/2026\/03\/17\/la-farmacia-comunitaria-sintegra-en-el-circuit-assistencial-del-nou-mapa-de-salut-de-catalunya\/","name":"La farm\u00e0cia comunit\u00e0ria s\u2019integra en el circuit assistencial del nou Mapa de Salut de Catalunya - Col\u00b7legi de Farmac\u00e8utics de Barcelona","isPartOf":{"@id":"https:\/\/www.cofb.org\/#website"},"primaryImageOfPage":{"@id":"https:\/\/www.cofb.org\/2026\/03\/17\/la-farmacia-comunitaria-sintegra-en-el-circuit-assistencial-del-nou-mapa-de-salut-de-catalunya\/#primaryimage"},"image":{"@id":"https:\/\/www.cofb.org\/2026\/03\/17\/la-farmacia-comunitaria-sintegra-en-el-circuit-assistencial-del-nou-mapa-de-salut-de-catalunya\/#primaryimage"},"thumbnailUrl":"https:\/\/www.cofb.org\/wp-content\/uploads\/2026\/03\/COFB_NOU-MAPA-SANITARI_17032026.png","datePublished":"2026-03-17T16:30:43+00:00","dateModified":"2026-03-17T16:34:18+00:00","description":"El nou Mapa de salut de Catalunya incorpora les farm\u00e0cies comunit\u00e0ries en les \u00c0rees Integrades de Salut (AIS).","breadcrumb":{"@id":"https:\/\/www.cofb.org\/2026\/03\/17\/la-farmacia-comunitaria-sintegra-en-el-circuit-assistencial-del-nou-mapa-de-salut-de-catalunya\/#breadcrumb"},"inLanguage":"ca","potentialAction":[{"@type":"ReadAction","target":["https:\/\/www.cofb.org\/2026\/03\/17\/la-farmacia-comunitaria-sintegra-en-el-circuit-assistencial-del-nou-mapa-de-salut-de-catalunya\/"]}]},{"@type":"ImageObject","inLanguage":"ca","@id":"https:\/\/www.cofb.org\/2026\/03\/17\/la-farmacia-comunitaria-sintegra-en-el-circuit-assistencial-del-nou-mapa-de-salut-de-catalunya\/#primaryimage","url":"https:\/\/www.cofb.org\/wp-content\/uploads\/2026\/03\/COFB_NOU-MAPA-SANITARI_17032026.png","contentUrl":"https:\/\/www.cofb.org\/wp-content\/uploads\/2026\/03\/COFB_NOU-MAPA-SANITARI_17032026.png","width":552,"height":328,"caption":"Nou Mapa de salut de Catalunya."},{"@type":"BreadcrumbList","@id":"https:\/\/www.cofb.org\/2026\/03\/17\/la-farmacia-comunitaria-sintegra-en-el-circuit-assistencial-del-nou-mapa-de-salut-de-catalunya\/#breadcrumb","itemListElement":[{"@type":"ListItem","position":1,"name":"Inici","item":"https:\/\/novaorg.cofb.net\/"},{"@type":"ListItem","position":2,"name":"La farm\u00e0cia comunit\u00e0ria s\u2019integra en el circuit assistencial del nou Mapa de Salut de Catalunya"}]},{"@type":"WebSite","@id":"https:\/\/www.cofb.org\/#website","url":"https:\/\/www.cofb.org\/","name":"Col\u00b7legi de Farmac\u00e8utics de Barcelona","description":"","publisher":{"@id":"https:\/\/www.cofb.org\/#organization"},"potentialAction":[{"@type":"SearchAction","target":{"@type":"EntryPoint","urlTemplate":"https:\/\/www.cofb.org\/?s={search_term_string}"},"query-input":"required name=search_term_string"}],"inLanguage":"ca"},{"@type":"Organization","@id":"https:\/\/www.cofb.org\/#organization","name":"Col\u00b7legi de Farmac\u00e8utics de Barcelona","url":"https:\/\/www.cofb.org\/","logo":{"@type":"ImageObject","inLanguage":"ca","@id":"https:\/\/www.cofb.org\/#\/schema\/logo\/image\/","url":"https:\/\/www.cofb.org\/wp-content\/uploads\/2023\/11\/cropped-Logotip-COFB.png","contentUrl":"https:\/\/www.cofb.org\/wp-content\/uploads\/2023\/11\/cropped-Logotip-COFB.png","width":500,"height":105,"caption":"Col\u00b7legi de Farmac\u00e8utics de Barcelona"},"image":{"@id":"https:\/\/www.cofb.org\/#\/schema\/logo\/image\/"},"sameAs":["https:\/\/www.facebook.com\/farmaceuticsbcn\/","https:\/\/twitter.com\/farmaceuticsbcn","https:\/\/www.instagram.com\/farmaceuticsbcn\/","https:\/\/www.linkedin.com\/company\/farmaceuticsbcn\/"]},{"@type":"Person","@id":"https:\/\/www.cofb.org\/#\/schema\/person\/f32de3b41b812c85ff923cb4cc849063","name":"Berta Mart\u00ednez","image":{"@type":"ImageObject","inLanguage":"ca","@id":"https:\/\/www.cofb.org\/#\/schema\/person\/image\/","url":"https:\/\/secure.gravatar.com\/avatar\/d4c584dab5da1ee9e3c3df161c0aabec7075cc8211cd46ffc79bfe177aa78b01?s=96&d=mm&r=g","contentUrl":"https:\/\/secure.gravatar.com\/avatar\/d4c584dab5da1ee9e3c3df161c0aabec7075cc8211cd46ffc79bfe177aa78b01?s=96&d=mm&r=g","caption":"Berta Mart\u00ednez"},"url":"https:\/\/www.cofb.org\/ca\/author\/bmartinez\/"}]}},"uagb_featured_image_src":{"full":["https:\/\/www.cofb.org\/wp-content\/uploads\/2026\/03\/COFB_NOU-MAPA-SANITARI_17032026.png",552,328,false],"thumbnail":["https:\/\/www.cofb.org\/wp-content\/uploads\/2026\/03\/COFB_NOU-MAPA-SANITARI_17032026-150x150.png",150,150,true],"medium":["https:\/\/www.cofb.org\/wp-content\/uploads\/2026\/03\/COFB_NOU-MAPA-SANITARI_17032026-300x178.png",300,178,true],"medium_large":["https:\/\/www.cofb.org\/wp-content\/uploads\/2026\/03\/COFB_NOU-MAPA-SANITARI_17032026.png",552,328,false],"large":["https:\/\/www.cofb.org\/wp-content\/uploads\/2026\/03\/COFB_NOU-MAPA-SANITARI_17032026.png",552,328,false],"1536x1536":["https:\/\/www.cofb.org\/wp-content\/uploads\/2026\/03\/COFB_NOU-MAPA-SANITARI_17032026.png",552,328,false],"2048x2048":["https:\/\/www.cofb.org\/wp-content\/uploads\/2026\/03\/COFB_NOU-MAPA-SANITARI_17032026.png",552,328,false],"trp-custom-language-flag":["https:\/\/www.cofb.org\/wp-content\/uploads\/2026\/03\/COFB_NOU-MAPA-SANITARI_17032026-18x12.png",18,12,true]},"uagb_author_info":{"display_name":"Berta Mart\u00ednez","author_link":"https:\/\/www.cofb.org\/ca\/author\/bmartinez\/"},"uagb_comment_info":0,"uagb_excerpt":"Article de Jordi Casas, president del Col\u00b7legi de Farmac\u00e8utics de Barcelona (COFB) i del Consell de Col\u00b7legis Farmac\u00e8utics de Catalunya (CCFC) &#8220;La inclusi\u00f3 de la farm\u00e0cia comunit\u00e0ria en el Mapa de Salut de Catalunya representa un reconeixement expl\u00edcit del paper sanitari que exerceixen els farmac\u00e8utics, que formen part de l\u2019estrat\u00e8gia [&hellip;]","_links":{"self":[{"href":"https:\/\/www.cofb.org\/ca\/wp-json\/wp\/v2\/posts\/84345","targetHints":{"allow":["GET"]}}],"collection":[{"href":"https:\/\/www.cofb.org\/ca\/wp-json\/wp\/v2\/posts"}],"about":[{"href":"https:\/\/www.cofb.org\/ca\/wp-json\/wp\/v2\/types\/post"}],"author":[{"embeddable":true,"href":"https:\/\/www.cofb.org\/ca\/wp-json\/wp\/v2\/users\/3"}],"replies":[{"embeddable":true,"href":"https:\/\/www.cofb.org\/ca\/wp-json\/wp\/v2\/comments?post=84345"}],"version-history":[{"count":4,"href":"https:\/\/www.cofb.org\/ca\/wp-json\/wp\/v2\/posts\/84345\/revisions"}],"predecessor-version":[{"id":84350,"href":"https:\/\/www.cofb.org\/ca\/wp-json\/wp\/v2\/posts\/84345\/revisions\/84350"}],"wp:featuredmedia":[{"embeddable":true,"href":"https:\/\/www.cofb.org\/ca\/wp-json\/wp\/v2\/media\/84348"}],"wp:attachment":[{"href":"https:\/\/www.cofb.org\/ca\/wp-json\/wp\/v2\/media?parent=84345"}],"wp:term":[{"taxonomy":"category","embeddable":true,"href":"https:\/\/www.cofb.org\/ca\/wp-json\/wp\/v2\/categories?post=84345"},{"taxonomy":"post_tag","embeddable":true,"href":"https:\/\/www.cofb.org\/ca\/wp-json\/wp\/v2\/tags?post=84345"}],"curies":[{"name":"wp","href":"https:\/\/api.w.org\/{rel}","templated":true}]}}