{"id":84248,"date":"2026-03-10T17:20:58","date_gmt":"2026-03-10T17:20:58","guid":{"rendered":"https:\/\/www.cofb.org\/?p=84248"},"modified":"2026-03-10T17:20:59","modified_gmt":"2026-03-10T17:20:59","slug":"lus-de-dermoanalitzadors-en-el-consell-farmaceutic","status":"publish","type":"post","link":"https:\/\/www.cofb.org\/ca\/2026\/03\/10\/lus-de-dermoanalitzadors-en-el-consell-farmaceutic\/","title":{"rendered":"L&#8217;\u00fas de dermoanalitzadors en el consell farmac\u00e8utic"},"content":{"rendered":"\n<p>El <strong>Col\u00b7legi de Farmac\u00e8utics de Barcelona (COFB)<\/strong> va celebrar el 25 de febrer la formaci\u00f3 \u201c<strong>Dermoanalitzadors en el consell farmac\u00e8utic<\/strong>\u201d, amb la col\u00b7laboraci\u00f3 de <a href=\"https:\/\/www.microcaya.com\/\" target=\"_blank\" rel=\"noreferrer noopener\">Microcaya<\/a>. La sessi\u00f3 va ser impartida per <strong>Blanca Ll\u00e1cer<\/strong>, farmac\u00e8utica i vocal de Dermofarm\u00e0cia i Formulaci\u00f3 Magistral del Col\u00b7legi Oficial de Farmac\u00e8utics d\u2019Alacant, i <strong>Marta S\u00e1nchez<\/strong>, llicenciada en Farm\u00e0cia i amb m\u00e0ster en dermocosm\u00e8tica i formulaci\u00f3. La vocal de Dermofarm\u00e0cia i Productes Sanitaris del COFB, <strong>Marta Alcalde<\/strong>, va coordinar la formaci\u00f3.<\/p>\n\n\n\n<figure class=\"wp-block-image size-large\"><a href=\"https:\/\/www.cofb.org\/wp-content\/uploads\/2026\/02\/COFB_DERMOANALITZADORS_26022026_01-scaled.jpg\" target=\"_blank\" rel=\" noreferrer noopener\"><img fetchpriority=\"high\" decoding=\"async\" width=\"1024\" height=\"576\" src=\"https:\/\/www.cofb.org\/wp-content\/uploads\/2026\/02\/COFB_DERMOANALITZADORS_26022026_01-1024x576.jpg\" alt=\"Marta Alcalde, vocal de Dermofarm\u00e0cia i Productes Sanitaris del COFB, va coordinar la formaci\u00f3.\" class=\"wp-image-84260\" srcset=\"https:\/\/www.cofb.org\/wp-content\/uploads\/2026\/02\/COFB_DERMOANALITZADORS_26022026_01-1024x576.jpg 1024w, https:\/\/www.cofb.org\/wp-content\/uploads\/2026\/02\/COFB_DERMOANALITZADORS_26022026_01-300x169.jpg 300w, https:\/\/www.cofb.org\/wp-content\/uploads\/2026\/02\/COFB_DERMOANALITZADORS_26022026_01-768x432.jpg 768w, https:\/\/www.cofb.org\/wp-content\/uploads\/2026\/02\/COFB_DERMOANALITZADORS_26022026_01-1536x864.jpg 1536w, https:\/\/www.cofb.org\/wp-content\/uploads\/2026\/02\/COFB_DERMOANALITZADORS_26022026_01-2048x1152.jpg 2048w, https:\/\/www.cofb.org\/wp-content\/uploads\/2026\/02\/COFB_DERMOANALITZADORS_26022026_01-18x10.jpg 18w\" sizes=\"(max-width: 1024px) 100vw, 1024px\" \/><\/a><figcaption class=\"wp-element-caption\">Marta Alcalde, vocal de Dermofarm\u00e0cia i Productes Sanitaris del COFB, va coordinar la formaci\u00f3.<\/figcaption><\/figure>\n\n\n\n<p>Els <strong>objectius <\/strong>de l\u2019activitat formativa van ser establir les<strong> bases dels protocols<\/strong> del consell dermofarmac\u00e8utic, revisar les<strong> eines per implementar-los<\/strong>, con\u00e8ixer el <strong>funcionament i \u00fas dels dermoanalitzadors<\/strong> i ofrerir la millor recomanaci\u00f3 dermofarmac\u00e8utica. En la seva presentaci\u00f3 de l\u2019activitat, Marta Alcalde va compartir que \u201cla idea \u00e9s sortir d\u2019aqu\u00ed amb noves idees i aprendre a usar els dermoanalitzadors per oferir consells m\u00e9s complets a la farm\u00e0cia\u201d.<\/p>\n\n\n\n<h2 class=\"wp-block-heading\">La indicaci\u00f3 farmac\u00e8utica en patologies dermatol\u00f2giques<\/h2>\n\n\n\n<p>Blanca Ll\u00e1cer va arrencar la seva presentaci\u00f3 recordant la import\u00e0ncia<strong> d\u2019usar correctament els dermoanalitzadors<\/strong> per professionalitzar el consell farmac\u00e8utic: \u201cla cosm\u00e8tica ens ajuda sempre a obtenir la nostra millor versi\u00f3. En els \u00faltims anys, el mercat cosm\u00e8tic espanyol ha anat augmentant, aconseguint un gran volum de facturaci\u00f3. Els dermoanalitzadors tenen un paper molt important en aquest aspecte\u201d.<\/p>\n\n\n\n<figure class=\"wp-block-image size-large\"><a href=\"https:\/\/www.cofb.org\/wp-content\/uploads\/2026\/02\/COFB_DERMOANALITZADORS_26022026_02-scaled.jpg\" target=\"_blank\" rel=\" noreferrer noopener\"><img decoding=\"async\" width=\"1024\" height=\"576\" src=\"https:\/\/www.cofb.org\/wp-content\/uploads\/2026\/02\/COFB_DERMOANALITZADORS_26022026_02-1024x576.jpg\" alt=\"Blanca Ll\u00e1cer, en un moment de la seva presentaci\u00f3.\" class=\"wp-image-84258\" srcset=\"https:\/\/www.cofb.org\/wp-content\/uploads\/2026\/02\/COFB_DERMOANALITZADORS_26022026_02-1024x576.jpg 1024w, https:\/\/www.cofb.org\/wp-content\/uploads\/2026\/02\/COFB_DERMOANALITZADORS_26022026_02-300x169.jpg 300w, https:\/\/www.cofb.org\/wp-content\/uploads\/2026\/02\/COFB_DERMOANALITZADORS_26022026_02-768x432.jpg 768w, https:\/\/www.cofb.org\/wp-content\/uploads\/2026\/02\/COFB_DERMOANALITZADORS_26022026_02-1536x864.jpg 1536w, https:\/\/www.cofb.org\/wp-content\/uploads\/2026\/02\/COFB_DERMOANALITZADORS_26022026_02-2048x1152.jpg 2048w, https:\/\/www.cofb.org\/wp-content\/uploads\/2026\/02\/COFB_DERMOANALITZADORS_26022026_02-18x10.jpg 18w\" sizes=\"(max-width: 1024px) 100vw, 1024px\" \/><\/a><figcaption class=\"wp-element-caption\">Blanca Ll\u00e1cer, en un moment de la seva presentaci\u00f3.<\/figcaption><\/figure>\n\n\n\n<p>La vocal de Dermofarm\u00e0cia del COF d\u2019Alacant va compartir que &#8220;l\u2019any 2023 cada persona a Espanya es <strong>gastava de mitjana 180 euros l\u2019any<\/strong> en <strong>cosm\u00e8tica<\/strong>. L\u2019any 2024, ja es va arribar a <strong>221\u20ac<\/strong>. La farm\u00e0cia \u00e9s actualment el tercer canal que la poblaci\u00f3 t\u00e9 al cap a l\u2019hora <strong>d\u2019adquirir productes cosm\u00e8tics<\/strong>\u201d. Fent refer\u00e8ncia a estudis realitzats per <strong>diferents societats cient\u00edfiques<\/strong>, \u201cles <strong>erosions cut\u00e0nies <\/strong>s\u00f3n la segona causa de problema de salut m\u00e9s consultat entre els usuaris. Pel que fa a la<strong> indicaci\u00f3 farmac\u00e8utica<\/strong> en patologies dermatol\u00f2giques, el 75% dels pacients escullen al <strong>farmac\u00e8utic comunitari<\/strong>. Finalment, cal remarcar que el<strong> 70% de les consultes no necessita derivaci\u00f3<\/strong> a l\u2019especialista\u201d.<\/p>\n\n\n\n<h2 class=\"wp-block-heading\">Practicant amb els dermoanalitzadors<\/h2>\n\n\n\n<p>Durant la part pr\u00e0ctica de la formaci\u00f3, <strong>Marta S\u00e1nchez<\/strong> va ensenyar com<strong> usar correctament els dermoanalitzadors<\/strong>, descriure les diferents funcions de l\u2019aparell i oferir a l\u2019usuari<strong> diferents alternatives <\/strong>segons els resultats obtinguts: \u201c\u00e9s important decidir a on es voldr\u00e0 <strong>mesurar el greix amb l\u2019aparell<\/strong>, que pot ser la pell facial o la capil\u00b7lar. El dermoanalitzador ens permet estudiar diverses problem\u00e0tiques de la pell, com les <strong>arrugues <\/strong>o un <strong>eritema<\/strong>\u201d.<\/p>\n\n\n\n<figure class=\"wp-block-image size-large\"><a href=\"https:\/\/www.cofb.org\/wp-content\/uploads\/2026\/02\/COFB_DERMOANALITZADORS_26022026_03-scaled.jpg\" target=\"_blank\" rel=\" noreferrer noopener\"><img decoding=\"async\" width=\"1024\" height=\"576\" src=\"https:\/\/www.cofb.org\/wp-content\/uploads\/2026\/02\/COFB_DERMOANALITZADORS_26022026_03-1024x576.jpg\" alt=\"L'\u00fas dels dermoanalitzadors va ser explicat per Marta S\u00e1nchez.\" class=\"wp-image-84259\" srcset=\"https:\/\/www.cofb.org\/wp-content\/uploads\/2026\/02\/COFB_DERMOANALITZADORS_26022026_03-1024x576.jpg 1024w, https:\/\/www.cofb.org\/wp-content\/uploads\/2026\/02\/COFB_DERMOANALITZADORS_26022026_03-300x169.jpg 300w, https:\/\/www.cofb.org\/wp-content\/uploads\/2026\/02\/COFB_DERMOANALITZADORS_26022026_03-768x432.jpg 768w, https:\/\/www.cofb.org\/wp-content\/uploads\/2026\/02\/COFB_DERMOANALITZADORS_26022026_03-1536x864.jpg 1536w, https:\/\/www.cofb.org\/wp-content\/uploads\/2026\/02\/COFB_DERMOANALITZADORS_26022026_03-2048x1152.jpg 2048w, https:\/\/www.cofb.org\/wp-content\/uploads\/2026\/02\/COFB_DERMOANALITZADORS_26022026_03-18x10.jpg 18w\" sizes=\"(max-width: 1024px) 100vw, 1024px\" \/><\/a><figcaption class=\"wp-element-caption\">L&#8217;\u00fas dels dermoanalitzadors va ser explicat per Marta S\u00e1nchez.<\/figcaption><\/figure>\n\n\n\n<p>La farmac\u00e8utica va explicar <strong>diferents protocols d\u2019actuaci\u00f3 farmac\u00e8utica<\/strong>, destacant \u201cl\u2019entrevista cl\u00ednica on el farmac\u00e8utic recopila la informaci\u00f3 necess\u00e0ria per guiar el diagn\u00f2stic i tractament. S\u2019analitza la dieta, si es pren alcohol, el nivell d\u2019estr\u00e8s, l\u2019activitat f\u00edsica, la rutina cosm\u00e8tica actual, la suplementaci\u00f3 i els tractaments de medicina est\u00e8tica\u201d.<\/p>\n\n\n\n<p>Per aconseguir que el farmac\u00e8utic <strong>s\u2019especialitzi en dermofarm\u00e0cia<\/strong>, S\u00e1nchez va remarcar \u201cel fet d\u2019agafar consci\u00e8ncia quan la pell afecta la qualitat de vida, saber escollir els productes cient\u00edfics, con\u00e8ixer la rendibilitat i, finalment, proporcionar consells que aportin valor referent en la cura de la pell\u201d.<\/p>\n\n\n\n<p class=\"has-text-align-right\"><strong>Amb la col\u00b7laboraci\u00f3 de:<\/strong><\/p>\n\n\n\n<figure class=\"wp-block-image alignright size-large is-resized\"><a href=\"https:\/\/www.microcaya.com\/\" target=\"_blank\" rel=\"noreferrer noopener\"><img loading=\"lazy\" decoding=\"async\" width=\"1024\" height=\"448\" src=\"https:\/\/www.cofb.org\/wp-content\/uploads\/2025\/12\/MICROCAYA_logo_transparent-1024x448.png\" alt=\"\" class=\"wp-image-83247\" style=\"width:197px;height:auto\" srcset=\"https:\/\/www.cofb.org\/wp-content\/uploads\/2025\/12\/MICROCAYA_logo_transparent-1024x448.png 1024w, https:\/\/www.cofb.org\/wp-content\/uploads\/2025\/12\/MICROCAYA_logo_transparent-300x131.png 300w, https:\/\/www.cofb.org\/wp-content\/uploads\/2025\/12\/MICROCAYA_logo_transparent-768x336.png 768w, https:\/\/www.cofb.org\/wp-content\/uploads\/2025\/12\/MICROCAYA_logo_transparent-1536x672.png 1536w, https:\/\/www.cofb.org\/wp-content\/uploads\/2025\/12\/MICROCAYA_logo_transparent-18x8.png 18w, https:\/\/www.cofb.org\/wp-content\/uploads\/2025\/12\/MICROCAYA_logo_transparent.png 1600w\" sizes=\"(max-width: 1024px) 100vw, 1024px\" \/><\/a><\/figure>\n\n\n\n<p><\/p>\n","protected":false},"excerpt":{"rendered":"<p>El Col\u00b7legi de Farmac\u00e8utics de Barcelona (COFB) va celebrar el 25 de febrer la formaci\u00f3 \u201cDermoanalitzadors en el consell farmac\u00e8utic\u201d, amb la col\u00b7laboraci\u00f3 de Microcaya. La sessi\u00f3 va ser impartida per Blanca Ll\u00e1cer, farmac\u00e8utica i vocal de Dermofarm\u00e0cia i Formulaci\u00f3 Magistral del Col\u00b7legi Oficial de Farmac\u00e8utics d\u2019Alacant, i Marta S\u00e1nchez, [&hellip;]<\/p>\n","protected":false},"author":10,"featured_media":84261,"comment_status":"closed","ping_status":"closed","sticky":false,"template":"","format":"standard","meta":{"_uag_custom_page_level_css":"","site-sidebar-layout":"default","site-content-layout":"","ast-site-content-layout":"default","site-content-style":"default","site-sidebar-style":"default","ast-global-header-display":"","ast-banner-title-visibility":"","ast-main-header-display":"","ast-hfb-above-header-display":"","ast-hfb-below-header-display":"","ast-hfb-mobile-header-display":"","site-post-title":"","ast-breadcrumbs-content":"","ast-featured-img":"disabled","footer-sml-layout":"","theme-transparent-header-meta":"","adv-header-id-meta":"","stick-header-meta":"","header-above-stick-meta":"","header-main-stick-meta":"","header-below-stick-meta":"","astra-migrate-meta-layouts":"set","ast-page-background-enabled":"default","ast-page-background-meta":{"desktop":{"background-color":"var(--ast-global-color-4)","background-image":"","background-repeat":"repeat","background-position":"center center","background-size":"auto","background-attachment":"scroll","background-type":"","background-media":"","overlay-type":"","overlay-color":"","overlay-opacity":"","overlay-gradient":""},"tablet":{"background-color":"","background-image":"","background-repeat":"repeat","background-position":"center center","background-size":"auto","background-attachment":"scroll","background-type":"","background-media":"","overlay-type":"","overlay-color":"","overlay-opacity":"","overlay-gradient":""},"mobile":{"background-color":"","background-image":"","background-repeat":"repeat","background-position":"center center","background-size":"auto","background-attachment":"scroll","background-type":"","background-media":"","overlay-type":"","overlay-color":"","overlay-opacity":"","overlay-gradient":""}},"ast-content-background-meta":{"desktop":{"background-color":"var(--ast-global-color-5)","background-image":"","background-repeat":"repeat","background-position":"center center","background-size":"auto","background-attachment":"scroll","background-type":"","background-media":"","overlay-type":"","overlay-color":"","overlay-opacity":"","overlay-gradient":""},"tablet":{"background-color":"var(--ast-global-color-5)","background-image":"","background-repeat":"repeat","background-position":"center center","background-size":"auto","background-attachment":"scroll","background-type":"","background-media":"","overlay-type":"","overlay-color":"","overlay-opacity":"","overlay-gradient":""},"mobile":{"background-color":"var(--ast-global-color-5)","background-image":"","background-repeat":"repeat","background-position":"center center","background-size":"auto","background-attachment":"scroll","background-type":"","background-media":"","overlay-type":"","overlay-color":"","overlay-opacity":"","overlay-gradient":""}},"footnotes":""},"categories":[23,57],"tags":[64,18,19,37,5469,5470,70,76,710,5449],"class_list":["post-84248","post","type-post","status-publish","format-standard","has-post-thumbnail","hentry","category-destacats","category-mon-collegial","tag-atencio-farmaceutica","tag-cofb","tag-collegi-de-farmaceutics-de-barcelona","tag-consell-farmaceutic","tag-dermoanalitzadors","tag-erosions-cutanies","tag-formacio","tag-oficina-de-farmacia","tag-pell","tag-protocols"],"yoast_head":"<!-- This site is optimized with the Yoast SEO plugin v22.4 - https:\/\/yoast.com\/wordpress\/plugins\/seo\/ -->\n<title>L&#039;\u00fas de dermoanalitzadors en el consell farmac\u00e8utic - Col\u00b7legi de Farmac\u00e8utics de Barcelona<\/title>\n<meta name=\"description\" content=\"El passat 25 de febrer, el COFB va organitzar la formaci\u00f3 \u201cDermoanalitzadors en el consell farmac\u00e8utic\u201d, amb la col\u00b7laboraci\u00f3 de Microcaya\" \/>\n<meta name=\"robots\" content=\"index, follow, max-snippet:-1, max-image-preview:large, max-video-preview:-1\" \/>\n<link rel=\"canonical\" href=\"https:\/\/www.cofb.org\/ca\/2026\/03\/10\/lus-de-dermoanalitzadors-en-el-consell-farmaceutic\/\" \/>\n<meta property=\"og:locale\" content=\"ca_ES\" \/>\n<meta property=\"og:type\" content=\"article\" \/>\n<meta property=\"og:title\" content=\"L&#039;\u00fas de dermoanalitzadors en el consell farmac\u00e8utic - Col\u00b7legi de Farmac\u00e8utics de Barcelona\" \/>\n<meta property=\"og:description\" content=\"El passat 25 de febrer, el COFB va organitzar la formaci\u00f3 \u201cDermoanalitzadors en el consell farmac\u00e8utic\u201d, amb la col\u00b7laboraci\u00f3 de Microcaya\" \/>\n<meta property=\"og:url\" content=\"https:\/\/www.cofb.org\/ca\/2026\/03\/10\/lus-de-dermoanalitzadors-en-el-consell-farmaceutic\/\" \/>\n<meta property=\"og:site_name\" content=\"Col\u00b7legi de Farmac\u00e8utics de Barcelona\" \/>\n<meta property=\"article:publisher\" content=\"https:\/\/www.facebook.com\/farmaceuticsbcn\/\" \/>\n<meta property=\"article:published_time\" content=\"2026-03-10T17:20:58+00:00\" \/>\n<meta property=\"article:modified_time\" content=\"2026-03-10T17:20:59+00:00\" \/>\n<meta property=\"og:image\" content=\"https:\/\/www.cofb.org\/wp-content\/uploads\/2026\/02\/COFB_DERMOANALITZADORS_26022026_04-scaled.jpg\" \/>\n\t<meta property=\"og:image:width\" content=\"2560\" \/>\n\t<meta property=\"og:image:height\" content=\"1440\" \/>\n\t<meta property=\"og:image:type\" content=\"image\/jpeg\" \/>\n<meta name=\"author\" content=\"Xavier Magraner\" \/>\n<meta name=\"twitter:card\" content=\"summary_large_image\" \/>\n<meta name=\"twitter:creator\" content=\"@farmaceuticsbcn\" \/>\n<meta name=\"twitter:site\" content=\"@farmaceuticsbcn\" \/>\n<meta name=\"twitter:label1\" content=\"Escrit per\" \/>\n\t<meta name=\"twitter:data1\" content=\"Xavier Magraner\" \/>\n\t<meta name=\"twitter:label2\" content=\"Temps estimat de lectura\" \/>\n\t<meta name=\"twitter:data2\" content=\"4 minuts\" \/>\n<script type=\"application\/ld+json\" class=\"yoast-schema-graph\">{\"@context\":\"https:\/\/schema.org\",\"@graph\":[{\"@type\":\"Article\",\"@id\":\"https:\/\/www.cofb.org\/2026\/03\/10\/lus-de-dermoanalitzadors-en-el-consell-farmaceutic\/#article\",\"isPartOf\":{\"@id\":\"https:\/\/www.cofb.org\/2026\/03\/10\/lus-de-dermoanalitzadors-en-el-consell-farmaceutic\/\"},\"author\":{\"name\":\"Xavier Magraner\",\"@id\":\"https:\/\/www.cofb.org\/#\/schema\/person\/e46d741cfb92c985a083d163d8270ae4\"},\"headline\":\"L&#8217;\u00fas de dermoanalitzadors en el consell farmac\u00e8utic\",\"datePublished\":\"2026-03-10T17:20:58+00:00\",\"dateModified\":\"2026-03-10T17:20:59+00:00\",\"mainEntityOfPage\":{\"@id\":\"https:\/\/www.cofb.org\/2026\/03\/10\/lus-de-dermoanalitzadors-en-el-consell-farmaceutic\/\"},\"wordCount\":601,\"publisher\":{\"@id\":\"https:\/\/www.cofb.org\/#organization\"},\"image\":{\"@id\":\"https:\/\/www.cofb.org\/2026\/03\/10\/lus-de-dermoanalitzadors-en-el-consell-farmaceutic\/#primaryimage\"},\"thumbnailUrl\":\"https:\/\/www.cofb.org\/wp-content\/uploads\/2026\/02\/COFB_DERMOANALITZADORS_26022026_04-scaled.jpg\",\"keywords\":[\"Atenci\u00f3 farmac\u00e8utica\",\"COFB\",\"Col\u00b7legi de Farmac\u00e8utics de Barcelona\",\"consell farmac\u00e8utic\",\"dermoanalitzadors\",\"erosions cut\u00e0nies\",\"Formaci\u00f3\",\"Oficina de farm\u00e0cia\",\"pell\",\"protocols\"],\"articleSection\":[\"Destacats\",\"M\u00f3n col\u00b7legial\"],\"inLanguage\":\"ca\"},{\"@type\":\"WebPage\",\"@id\":\"https:\/\/www.cofb.org\/2026\/03\/10\/lus-de-dermoanalitzadors-en-el-consell-farmaceutic\/\",\"url\":\"https:\/\/www.cofb.org\/2026\/03\/10\/lus-de-dermoanalitzadors-en-el-consell-farmaceutic\/\",\"name\":\"L'\u00fas de dermoanalitzadors en el consell farmac\u00e8utic - Col\u00b7legi de Farmac\u00e8utics de Barcelona\",\"isPartOf\":{\"@id\":\"https:\/\/www.cofb.org\/#website\"},\"primaryImageOfPage\":{\"@id\":\"https:\/\/www.cofb.org\/2026\/03\/10\/lus-de-dermoanalitzadors-en-el-consell-farmaceutic\/#primaryimage\"},\"image\":{\"@id\":\"https:\/\/www.cofb.org\/2026\/03\/10\/lus-de-dermoanalitzadors-en-el-consell-farmaceutic\/#primaryimage\"},\"thumbnailUrl\":\"https:\/\/www.cofb.org\/wp-content\/uploads\/2026\/02\/COFB_DERMOANALITZADORS_26022026_04-scaled.jpg\",\"datePublished\":\"2026-03-10T17:20:58+00:00\",\"dateModified\":\"2026-03-10T17:20:59+00:00\",\"description\":\"El passat 25 de febrer, el COFB va organitzar la formaci\u00f3 \u201cDermoanalitzadors en el consell farmac\u00e8utic\u201d, amb la col\u00b7laboraci\u00f3 de Microcaya\",\"breadcrumb\":{\"@id\":\"https:\/\/www.cofb.org\/2026\/03\/10\/lus-de-dermoanalitzadors-en-el-consell-farmaceutic\/#breadcrumb\"},\"inLanguage\":\"ca\",\"potentialAction\":[{\"@type\":\"ReadAction\",\"target\":[\"https:\/\/www.cofb.org\/2026\/03\/10\/lus-de-dermoanalitzadors-en-el-consell-farmaceutic\/\"]}]},{\"@type\":\"ImageObject\",\"inLanguage\":\"ca\",\"@id\":\"https:\/\/www.cofb.org\/2026\/03\/10\/lus-de-dermoanalitzadors-en-el-consell-farmaceutic\/#primaryimage\",\"url\":\"https:\/\/www.cofb.org\/wp-content\/uploads\/2026\/02\/COFB_DERMOANALITZADORS_26022026_04-scaled.jpg\",\"contentUrl\":\"https:\/\/www.cofb.org\/wp-content\/uploads\/2026\/02\/COFB_DERMOANALITZADORS_26022026_04-scaled.jpg\",\"width\":2560,\"height\":1440},{\"@type\":\"BreadcrumbList\",\"@id\":\"https:\/\/www.cofb.org\/2026\/03\/10\/lus-de-dermoanalitzadors-en-el-consell-farmaceutic\/#breadcrumb\",\"itemListElement\":[{\"@type\":\"ListItem\",\"position\":1,\"name\":\"Inici\",\"item\":\"https:\/\/novaorg.cofb.net\/\"},{\"@type\":\"ListItem\",\"position\":2,\"name\":\"L&#8217;\u00fas de dermoanalitzadors en el consell farmac\u00e8utic\"}]},{\"@type\":\"WebSite\",\"@id\":\"https:\/\/www.cofb.org\/#website\",\"url\":\"https:\/\/www.cofb.org\/\",\"name\":\"Col\u00b7legi de Farmac\u00e8utics de Barcelona\",\"description\":\"\",\"publisher\":{\"@id\":\"https:\/\/www.cofb.org\/#organization\"},\"potentialAction\":[{\"@type\":\"SearchAction\",\"target\":{\"@type\":\"EntryPoint\",\"urlTemplate\":\"https:\/\/www.cofb.org\/?s={search_term_string}\"},\"query-input\":\"required name=search_term_string\"}],\"inLanguage\":\"ca\"},{\"@type\":\"Organization\",\"@id\":\"https:\/\/www.cofb.org\/#organization\",\"name\":\"Col\u00b7legi de Farmac\u00e8utics de Barcelona\",\"url\":\"https:\/\/www.cofb.org\/\",\"logo\":{\"@type\":\"ImageObject\",\"inLanguage\":\"ca\",\"@id\":\"https:\/\/www.cofb.org\/#\/schema\/logo\/image\/\",\"url\":\"https:\/\/www.cofb.org\/wp-content\/uploads\/2023\/11\/cropped-Logotip-COFB.png\",\"contentUrl\":\"https:\/\/www.cofb.org\/wp-content\/uploads\/2023\/11\/cropped-Logotip-COFB.png\",\"width\":500,\"height\":105,\"caption\":\"Col\u00b7legi de Farmac\u00e8utics de Barcelona\"},\"image\":{\"@id\":\"https:\/\/www.cofb.org\/#\/schema\/logo\/image\/\"},\"sameAs\":[\"https:\/\/www.facebook.com\/farmaceuticsbcn\/\",\"https:\/\/twitter.com\/farmaceuticsbcn\",\"https:\/\/www.instagram.com\/farmaceuticsbcn\/\",\"https:\/\/www.linkedin.com\/company\/farmaceuticsbcn\/\"]},{\"@type\":\"Person\",\"@id\":\"https:\/\/www.cofb.org\/#\/schema\/person\/e46d741cfb92c985a083d163d8270ae4\",\"name\":\"Xavier Magraner\",\"image\":{\"@type\":\"ImageObject\",\"inLanguage\":\"ca\",\"@id\":\"https:\/\/www.cofb.org\/#\/schema\/person\/image\/\",\"url\":\"https:\/\/secure.gravatar.com\/avatar\/aa0d1d4df59f71f88eebd5796c5388ff41c58d83c5301eb6e1d65646a289c37d?s=96&d=mm&r=g\",\"contentUrl\":\"https:\/\/secure.gravatar.com\/avatar\/aa0d1d4df59f71f88eebd5796c5388ff41c58d83c5301eb6e1d65646a289c37d?s=96&d=mm&r=g\",\"caption\":\"Xavier Magraner\"},\"url\":\"https:\/\/www.cofb.org\/ca\/author\/xmagraner\/\"}]}<\/script>\n<!-- \/ Yoast SEO plugin. -->","yoast_head_json":{"title":"L'\u00fas de dermoanalitzadors en el consell farmac\u00e8utic - Col\u00b7legi de Farmac\u00e8utics de Barcelona","description":"El passat 25 de febrer, el COFB va organitzar la formaci\u00f3 \u201cDermoanalitzadors en el consell farmac\u00e8utic\u201d, amb la col\u00b7laboraci\u00f3 de Microcaya","robots":{"index":"index","follow":"follow","max-snippet":"max-snippet:-1","max-image-preview":"max-image-preview:large","max-video-preview":"max-video-preview:-1"},"canonical":"https:\/\/www.cofb.org\/ca\/2026\/03\/10\/lus-de-dermoanalitzadors-en-el-consell-farmaceutic\/","og_locale":"ca_ES","og_type":"article","og_title":"L'\u00fas de dermoanalitzadors en el consell farmac\u00e8utic - Col\u00b7legi de Farmac\u00e8utics de Barcelona","og_description":"El passat 25 de febrer, el COFB va organitzar la formaci\u00f3 \u201cDermoanalitzadors en el consell farmac\u00e8utic\u201d, amb la col\u00b7laboraci\u00f3 de Microcaya","og_url":"https:\/\/www.cofb.org\/ca\/2026\/03\/10\/lus-de-dermoanalitzadors-en-el-consell-farmaceutic\/","og_site_name":"Col\u00b7legi de Farmac\u00e8utics de Barcelona","article_publisher":"https:\/\/www.facebook.com\/farmaceuticsbcn\/","article_published_time":"2026-03-10T17:20:58+00:00","article_modified_time":"2026-03-10T17:20:59+00:00","og_image":[{"width":2560,"height":1440,"url":"https:\/\/www.cofb.org\/wp-content\/uploads\/2026\/02\/COFB_DERMOANALITZADORS_26022026_04-scaled.jpg","type":"image\/jpeg"}],"author":"Xavier Magraner","twitter_card":"summary_large_image","twitter_creator":"@farmaceuticsbcn","twitter_site":"@farmaceuticsbcn","twitter_misc":{"Escrit per":"Xavier Magraner","Temps estimat de lectura":"4 minuts"},"schema":{"@context":"https:\/\/schema.org","@graph":[{"@type":"Article","@id":"https:\/\/www.cofb.org\/2026\/03\/10\/lus-de-dermoanalitzadors-en-el-consell-farmaceutic\/#article","isPartOf":{"@id":"https:\/\/www.cofb.org\/2026\/03\/10\/lus-de-dermoanalitzadors-en-el-consell-farmaceutic\/"},"author":{"name":"Xavier Magraner","@id":"https:\/\/www.cofb.org\/#\/schema\/person\/e46d741cfb92c985a083d163d8270ae4"},"headline":"L&#8217;\u00fas de dermoanalitzadors en el consell farmac\u00e8utic","datePublished":"2026-03-10T17:20:58+00:00","dateModified":"2026-03-10T17:20:59+00:00","mainEntityOfPage":{"@id":"https:\/\/www.cofb.org\/2026\/03\/10\/lus-de-dermoanalitzadors-en-el-consell-farmaceutic\/"},"wordCount":601,"publisher":{"@id":"https:\/\/www.cofb.org\/#organization"},"image":{"@id":"https:\/\/www.cofb.org\/2026\/03\/10\/lus-de-dermoanalitzadors-en-el-consell-farmaceutic\/#primaryimage"},"thumbnailUrl":"https:\/\/www.cofb.org\/wp-content\/uploads\/2026\/02\/COFB_DERMOANALITZADORS_26022026_04-scaled.jpg","keywords":["Atenci\u00f3 farmac\u00e8utica","COFB","Col\u00b7legi de Farmac\u00e8utics de Barcelona","consell farmac\u00e8utic","dermoanalitzadors","erosions cut\u00e0nies","Formaci\u00f3","Oficina de farm\u00e0cia","pell","protocols"],"articleSection":["Destacats","M\u00f3n col\u00b7legial"],"inLanguage":"ca"},{"@type":"WebPage","@id":"https:\/\/www.cofb.org\/2026\/03\/10\/lus-de-dermoanalitzadors-en-el-consell-farmaceutic\/","url":"https:\/\/www.cofb.org\/2026\/03\/10\/lus-de-dermoanalitzadors-en-el-consell-farmaceutic\/","name":"L'\u00fas de dermoanalitzadors en el consell farmac\u00e8utic - Col\u00b7legi de Farmac\u00e8utics de Barcelona","isPartOf":{"@id":"https:\/\/www.cofb.org\/#website"},"primaryImageOfPage":{"@id":"https:\/\/www.cofb.org\/2026\/03\/10\/lus-de-dermoanalitzadors-en-el-consell-farmaceutic\/#primaryimage"},"image":{"@id":"https:\/\/www.cofb.org\/2026\/03\/10\/lus-de-dermoanalitzadors-en-el-consell-farmaceutic\/#primaryimage"},"thumbnailUrl":"https:\/\/www.cofb.org\/wp-content\/uploads\/2026\/02\/COFB_DERMOANALITZADORS_26022026_04-scaled.jpg","datePublished":"2026-03-10T17:20:58+00:00","dateModified":"2026-03-10T17:20:59+00:00","description":"El passat 25 de febrer, el COFB va organitzar la formaci\u00f3 \u201cDermoanalitzadors en el consell farmac\u00e8utic\u201d, amb la col\u00b7laboraci\u00f3 de Microcaya","breadcrumb":{"@id":"https:\/\/www.cofb.org\/2026\/03\/10\/lus-de-dermoanalitzadors-en-el-consell-farmaceutic\/#breadcrumb"},"inLanguage":"ca","potentialAction":[{"@type":"ReadAction","target":["https:\/\/www.cofb.org\/2026\/03\/10\/lus-de-dermoanalitzadors-en-el-consell-farmaceutic\/"]}]},{"@type":"ImageObject","inLanguage":"ca","@id":"https:\/\/www.cofb.org\/2026\/03\/10\/lus-de-dermoanalitzadors-en-el-consell-farmaceutic\/#primaryimage","url":"https:\/\/www.cofb.org\/wp-content\/uploads\/2026\/02\/COFB_DERMOANALITZADORS_26022026_04-scaled.jpg","contentUrl":"https:\/\/www.cofb.org\/wp-content\/uploads\/2026\/02\/COFB_DERMOANALITZADORS_26022026_04-scaled.jpg","width":2560,"height":1440},{"@type":"BreadcrumbList","@id":"https:\/\/www.cofb.org\/2026\/03\/10\/lus-de-dermoanalitzadors-en-el-consell-farmaceutic\/#breadcrumb","itemListElement":[{"@type":"ListItem","position":1,"name":"Inici","item":"https:\/\/novaorg.cofb.net\/"},{"@type":"ListItem","position":2,"name":"L&#8217;\u00fas de dermoanalitzadors en el consell farmac\u00e8utic"}]},{"@type":"WebSite","@id":"https:\/\/www.cofb.org\/#website","url":"https:\/\/www.cofb.org\/","name":"Col\u00b7legi de Farmac\u00e8utics de Barcelona","description":"","publisher":{"@id":"https:\/\/www.cofb.org\/#organization"},"potentialAction":[{"@type":"SearchAction","target":{"@type":"EntryPoint","urlTemplate":"https:\/\/www.cofb.org\/?s={search_term_string}"},"query-input":"required name=search_term_string"}],"inLanguage":"ca"},{"@type":"Organization","@id":"https:\/\/www.cofb.org\/#organization","name":"Col\u00b7legi de Farmac\u00e8utics de Barcelona","url":"https:\/\/www.cofb.org\/","logo":{"@type":"ImageObject","inLanguage":"ca","@id":"https:\/\/www.cofb.org\/#\/schema\/logo\/image\/","url":"https:\/\/www.cofb.org\/wp-content\/uploads\/2023\/11\/cropped-Logotip-COFB.png","contentUrl":"https:\/\/www.cofb.org\/wp-content\/uploads\/2023\/11\/cropped-Logotip-COFB.png","width":500,"height":105,"caption":"Col\u00b7legi de Farmac\u00e8utics de Barcelona"},"image":{"@id":"https:\/\/www.cofb.org\/#\/schema\/logo\/image\/"},"sameAs":["https:\/\/www.facebook.com\/farmaceuticsbcn\/","https:\/\/twitter.com\/farmaceuticsbcn","https:\/\/www.instagram.com\/farmaceuticsbcn\/","https:\/\/www.linkedin.com\/company\/farmaceuticsbcn\/"]},{"@type":"Person","@id":"https:\/\/www.cofb.org\/#\/schema\/person\/e46d741cfb92c985a083d163d8270ae4","name":"Xavier Magraner","image":{"@type":"ImageObject","inLanguage":"ca","@id":"https:\/\/www.cofb.org\/#\/schema\/person\/image\/","url":"https:\/\/secure.gravatar.com\/avatar\/aa0d1d4df59f71f88eebd5796c5388ff41c58d83c5301eb6e1d65646a289c37d?s=96&d=mm&r=g","contentUrl":"https:\/\/secure.gravatar.com\/avatar\/aa0d1d4df59f71f88eebd5796c5388ff41c58d83c5301eb6e1d65646a289c37d?s=96&d=mm&r=g","caption":"Xavier Magraner"},"url":"https:\/\/www.cofb.org\/ca\/author\/xmagraner\/"}]}},"uagb_featured_image_src":{"full":["https:\/\/www.cofb.org\/wp-content\/uploads\/2026\/02\/COFB_DERMOANALITZADORS_26022026_04-scaled.jpg",2560,1440,false],"thumbnail":["https:\/\/www.cofb.org\/wp-content\/uploads\/2026\/02\/COFB_DERMOANALITZADORS_26022026_04-150x150.jpg",150,150,true],"medium":["https:\/\/www.cofb.org\/wp-content\/uploads\/2026\/02\/COFB_DERMOANALITZADORS_26022026_04-300x169.jpg",300,169,true],"medium_large":["https:\/\/www.cofb.org\/wp-content\/uploads\/2026\/02\/COFB_DERMOANALITZADORS_26022026_04-768x432.jpg",768,432,true],"large":["https:\/\/www.cofb.org\/wp-content\/uploads\/2026\/02\/COFB_DERMOANALITZADORS_26022026_04-1024x576.jpg",1024,576,true],"1536x1536":["https:\/\/www.cofb.org\/wp-content\/uploads\/2026\/02\/COFB_DERMOANALITZADORS_26022026_04-1536x864.jpg",1536,864,true],"2048x2048":["https:\/\/www.cofb.org\/wp-content\/uploads\/2026\/02\/COFB_DERMOANALITZADORS_26022026_04-2048x1152.jpg",2048,1152,true],"trp-custom-language-flag":["https:\/\/www.cofb.org\/wp-content\/uploads\/2026\/02\/COFB_DERMOANALITZADORS_26022026_04-18x10.jpg",18,10,true]},"uagb_author_info":{"display_name":"Xavier Magraner","author_link":"https:\/\/www.cofb.org\/ca\/author\/xmagraner\/"},"uagb_comment_info":0,"uagb_excerpt":"El Col\u00b7legi de Farmac\u00e8utics de Barcelona (COFB) va celebrar el 25 de febrer la formaci\u00f3 \u201cDermoanalitzadors en el consell farmac\u00e8utic\u201d, amb la col\u00b7laboraci\u00f3 de Microcaya. La sessi\u00f3 va ser impartida per Blanca Ll\u00e1cer, farmac\u00e8utica i vocal de Dermofarm\u00e0cia i Formulaci\u00f3 Magistral del Col\u00b7legi Oficial de Farmac\u00e8utics d\u2019Alacant, i Marta S\u00e1nchez, [&hellip;]","_links":{"self":[{"href":"https:\/\/www.cofb.org\/ca\/wp-json\/wp\/v2\/posts\/84248","targetHints":{"allow":["GET"]}}],"collection":[{"href":"https:\/\/www.cofb.org\/ca\/wp-json\/wp\/v2\/posts"}],"about":[{"href":"https:\/\/www.cofb.org\/ca\/wp-json\/wp\/v2\/types\/post"}],"author":[{"embeddable":true,"href":"https:\/\/www.cofb.org\/ca\/wp-json\/wp\/v2\/users\/10"}],"replies":[{"embeddable":true,"href":"https:\/\/www.cofb.org\/ca\/wp-json\/wp\/v2\/comments?post=84248"}],"version-history":[{"count":17,"href":"https:\/\/www.cofb.org\/ca\/wp-json\/wp\/v2\/posts\/84248\/revisions"}],"predecessor-version":[{"id":84301,"href":"https:\/\/www.cofb.org\/ca\/wp-json\/wp\/v2\/posts\/84248\/revisions\/84301"}],"wp:featuredmedia":[{"embeddable":true,"href":"https:\/\/www.cofb.org\/ca\/wp-json\/wp\/v2\/media\/84261"}],"wp:attachment":[{"href":"https:\/\/www.cofb.org\/ca\/wp-json\/wp\/v2\/media?parent=84248"}],"wp:term":[{"taxonomy":"category","embeddable":true,"href":"https:\/\/www.cofb.org\/ca\/wp-json\/wp\/v2\/categories?post=84248"},{"taxonomy":"post_tag","embeddable":true,"href":"https:\/\/www.cofb.org\/ca\/wp-json\/wp\/v2\/tags?post=84248"}],"curies":[{"name":"wp","href":"https:\/\/api.w.org\/{rel}","templated":true}]}}