{"id":83363,"date":"2025-12-15T12:17:27","date_gmt":"2025-12-15T12:17:27","guid":{"rendered":"https:\/\/www.cofb.org\/?p=83363"},"modified":"2026-03-19T15:16:51","modified_gmt":"2026-03-19T15:16:51","slug":"la-unitat-mobil-la-meva-farmacia-la-meva-salut-finalitza-amb-exit-el-seu-recorregut-realitzant-mes-de-6-000-proves","status":"publish","type":"post","link":"https:\/\/www.cofb.org\/ca\/2025\/12\/15\/la-unitat-mobil-la-meva-farmacia-la-meva-salut-finalitza-amb-exit-el-seu-recorregut-realitzant-mes-de-6-000-proves\/","title":{"rendered":"La unitat m\u00f2bil \u201cLa meva farm\u00e0cia, la meva salut\u201d finalitza amb \u00e8xit el seu recorregut \u00a0realitzant m\u00e9s de 6.000 proves"},"content":{"rendered":"\n<ul class=\"wp-block-list\">\n<li>La farm\u00e0cia m\u00f2bil ha fet parada a 12 ciutats de la prov\u00edncia de Barcelona, aconseguint una molt bona acollida per part de la ciutadania<\/li>\n\n\n\n<li>Gaireb\u00e9 1.500 d\u2019usuaris han tingut acc\u00e9s gratu\u00eft a proves relacionades amb la mesura de la pressi\u00f3 arterial, control de pes i composici\u00f3 corporal, mesura del colesterol i glic\u00e8mia, i estudi de la pell<\/li>\n\n\n\n<li>La campanya posa en relleu el paper del farmac\u00e8utic com a agent sanitari de confian\u00e7a i de proximitat, que contribueix a la sostenibilitat del sistema de salut<\/li>\n<\/ul>\n\n\n\n<p><\/p>\n\n\n\n<p><em>Barcelona, 15 de desembre de 2025.-<\/em> Despr\u00e9s de m\u00e9s de dos mesos recorrent la prov\u00edncia de Barcelona, la unitat m\u00f2bil de la campanya <strong>\u201c<a href=\"https:\/\/www.cofb.org\/ca\/que-oferim\/ciutadans\/serveis-a-la-poblacio\/campanya-la-meva-farmacia-la-meva-salut\/\" target=\"_blank\" rel=\"noreferrer noopener\">La meva farm\u00e0cia, la meva salut<\/a>\u201d<\/strong> ha finalitzat el seu trajecte. Al llarg d\u2019aquest per\u00edode, gaireb\u00e9 260 farmac\u00e8utics voluntaris han dut a terme m\u00e9s de <strong>6.000 proves de salut<\/strong> a prop de <strong>1.500 persones<\/strong>.<\/p>\n\n\n\n<p>Aquesta campanya, impulsada pel <strong>Col\u00b7legi de Farmac\u00e8utics de Barcelona (COFB)<\/strong> i la farmac\u00e8utica <strong>Sandoz<\/strong>, amb la col\u00b7laboraci\u00f3 de <strong>CaixaBank<\/strong> i el suport dels <strong>ajuntaments<\/strong> implicats, ha arribat a les ciutats de <strong>Matar\u00f3, Manresa, Igualada, Cornell\u00e0, Vilafranca, Terrassa, Sabadell, L\u2019Hospitalet, Badalona, Granollers, Pineda de Mar <\/strong>i <strong>Vic.<\/strong><\/p>\n\n\n\n<figure class=\"wp-block-image size-large\"><img fetchpriority=\"high\" decoding=\"async\" width=\"1024\" height=\"576\" src=\"https:\/\/www.cofb.org\/wp-content\/uploads\/2025\/12\/UM_gracies_1920x1080-1024x576.png\" alt=\"\" class=\"wp-image-83365\" srcset=\"https:\/\/www.cofb.org\/wp-content\/uploads\/2025\/12\/UM_gracies_1920x1080-1024x576.png 1024w, https:\/\/www.cofb.org\/wp-content\/uploads\/2025\/12\/UM_gracies_1920x1080-300x169.png 300w, https:\/\/www.cofb.org\/wp-content\/uploads\/2025\/12\/UM_gracies_1920x1080-768x432.png 768w, https:\/\/www.cofb.org\/wp-content\/uploads\/2025\/12\/UM_gracies_1920x1080-1536x864.png 1536w, https:\/\/www.cofb.org\/wp-content\/uploads\/2025\/12\/UM_gracies_1920x1080-18x10.png 18w, https:\/\/www.cofb.org\/wp-content\/uploads\/2025\/12\/UM_gracies_1920x1080.png 1920w\" sizes=\"(max-width: 1024px) 100vw, 1024px\" \/><\/figure>\n\n\n\n<h2 class=\"wp-block-heading\">Compromesos amb la salut de les persones<\/h2>\n\n\n\n<p><strong>Jordi Casas<\/strong>, president del COFB, valora la campanya com \u201c<strong>un \u00e8xit a tots els nivells. Un \u00e8xit de participaci\u00f3, de divulgaci\u00f3, de promoci\u00f3\u201d,<\/strong> ja que la iniciativa ha perm\u00e8s arribar a nombrosos municipis de tota la prov\u00edncia de Barcelona, refor\u00e7ant la <strong>pres\u00e8ncia de la instituci\u00f3 en el territori <\/strong>i <strong>apropant els serveis farmac\u00e8utics a milers de persones<\/strong>. Alhora, destaca que \u201cla campanya ha posat en relleu el rol del farmac\u00e8utic com a agent sanitari de confian\u00e7a i de proximitat, implicat en la prevenci\u00f3 de la malaltia i la promoci\u00f3 de la salut\u201d.<\/p>\n\n\n\n<p>Per la seva banda, <strong>Fenia Makrydaki<\/strong>, directora comercial de Sandoz Iberia, posa en valor que \u201camb aquesta campanya, centrada en la prevenci\u00f3 de la salut, hem volgut donar <strong>visibilitat al paper assistencial del farmac\u00e8utic com a agent clau en el nostre sistema sanitari.<\/strong> La seva labor contribueix a un <strong>millor abordatge de desafiaments com la cronicitat i la polimedicaci\u00f3,<\/strong> i \u00e9s fonamental per <strong>construir la farm\u00e0cia del futur\u201d.<\/strong><\/p>\n\n\n\n<p>\u201cGr\u00e0cies al comprom\u00eds dels farmac\u00e8utics voluntaris, hem acostat serveis professionals a la poblaci\u00f3 de 12 localitats. Des de Sandoz, aquest projecte ens permet complir amb el nostre prop\u00f2sit: ser pioners a facilitar l&#8217;acc\u00e9s a la salut dels pacients, treballant de la m\u00e0 de la farm\u00e0cia comunit\u00e0ria. Gr\u00e0cies al COFB per acompanyar-nos en aquesta missi\u00f3\u201d, afegeix Makrydaki.<\/p>\n\n\n\n<h2 class=\"wp-block-heading\">Gaireb\u00e9 1.500 usuaris accedeixen de manera gratu\u00efta a diferents proves de salut<\/h2>\n\n\n\n<p>En total, s\u2019han at\u00e8s <strong>1.483 usuaris<\/strong> i s&#8217;han <strong>realitzat 6.052 proves gratu\u00eftes<\/strong> relacionades amb la <strong>mesura de la pressi\u00f3 arterial,<\/strong> <strong>control de pes i composici\u00f3 corporal, mesura del colesterol i glic\u00e8mia, i estudi de la pell. &nbsp;<\/strong><\/p>\n\n\n\n<p>Cada usuari ha rebut un <strong>informe impr\u00e8s<\/strong> amb els resultats i un <strong>consell farmac\u00e8utic personalitzat<\/strong>, adaptat a la seva situaci\u00f3. A m\u00e9s, se\u2019ls ha donat a con\u00e8ixer l\u2019\u00fas de l\u2019aplicaci\u00f3 digital <strong>\u201cLa Meva Farm\u00e0cia\u201d<\/strong>, que facilita la consulta segura i accessible de les dades de salut.<\/p>\n\n\n\n<p>Un dels aspectes m\u00e9s destacats pels ve\u00efns que s\u2019han apropat a la unitat m\u00f2bil \u00e9s que aquests serveis que realitzen els farmac\u00e8utics s\u00f3n la <strong>porta d\u2019entrada a prevenir problemes de salut. <\/strong>En concret, des de Vic, la <strong>Lia<\/strong> opina que la farm\u00e0cia&nbsp; \u201c\u00e9s un <strong>punt de proximitat i confian\u00e7a, <\/strong>i soluciona problemes que permet <strong>descongestionar els CAP\u201d.<\/strong><\/p>\n\n\n\n<p>&nbsp;L\u2019<strong>Helena<\/strong>, de Sabadell, destaca que no \u00e9s nom\u00e9s una iniciativa per gent gran. \u201c<strong>Els joves haur\u00edem de moure\u2019ns <\/strong>a fer aquests tipus d\u2019estudis i aix\u00ed <strong>preveure malalties de cara a un futur\u201d<\/strong>, explica. A la <strong>To\u00f1i<\/strong>, de Granollers, li ha semblat molt interessant \u201ccon\u00e8ixer aquests serveis per <strong>apropar-te a la teva farm\u00e0cia de refer\u00e8ncia<\/strong>\u201d. Finalment, <strong>l\u2019Antoni<\/strong>, de Matar\u00f3, fa una <strong>valoraci\u00f3 molt positiva<\/strong> de la iniciativa: \u201cL\u2019experi\u00e8ncia ha estat fabulosa perqu\u00e8 <strong>no coneixia tot el que fa la farm\u00e0cia per la nostra salut\u201d.<\/strong><\/p>\n\n\n\n<h2 class=\"wp-block-heading\">El paper dels farmac\u00e8utics voluntaris<\/h2>\n\n\n\n<p>La col\u00b7laboraci\u00f3 de tots els <strong>farmac\u00e8utics voluntaris<\/strong> de les ciutats visitades han estat imprescindibles per a l\u2019\u00e8xit de \u201c<strong>La meva farm\u00e0cia, la meva salut<\/strong>\u201d, permetent atendre una gran quantitat de persones i donant un consell farmac\u00e8utic individualitzat entorn els resultats obtinguts. En total, <strong>258 professionals han participat en la iniciativa<\/strong>, demostrant el comprom\u00eds amb la salut de les persones.<\/p>\n\n\n\n<h2 class=\"wp-block-heading\">Beneficis per als usuaris que han participat en \u201cLa meva farm\u00e0cia, la meva salut\u201d<\/h2>\n\n\n\n<p>Gr\u00e0cies a aquesta campanya itinerant de salut, la ciutadania ha rebut <strong>orientaci\u00f3 personalitzada <\/strong>per part dels farmac\u00e8utics per ajudar a <strong>millorar els seus h\u00e0bits de salut<\/strong> en el seu dia a dia.<\/p>\n\n\n\n<p>A m\u00e9s, la iniciativa ha perm\u00e8s <strong>fomentar la promoci\u00f3 de salut i la prevenci\u00f3 de la malaltia.<\/strong> A trav\u00e9s d\u2019informaci\u00f3 senzilla i entenedora, els participants han rebut les guies per cuidar-se millor i a prevenir malalties, com poden ser la diabetis o la hipertensi\u00f3.<\/p>\n\n\n\n<p>Amb tot plegat, es mostra el potencial de la farm\u00e0cia per contribuir al&nbsp;<strong>bon funcionament i sostenibilitat del sistema sanitari, millorar la qualitat de vida de la poblaci\u00f3 i fer front als principals reptes de salut p\u00fablica<\/strong>: l&#8217;envelliment de la poblaci\u00f3, la pres\u00e8ncia de malalties cr\u00f2niques i la polimedicaci\u00f3.<a href=\"https:\/\/www.facebook.com\/sharer.php?u=https%3A%2F%2Fwww.cofb.org%2Fca%2F2025%2F09%2F18%2Fla-farmacia-surt-al-carrer-per-donar-a-coneixer-a-15-milions-de-persones-que-pot-fer-per-la-seva-salut%2F\" target=\"_blank\" rel=\"noreferrer noopener\"><\/a><\/p>\n\n\n\n<figure class=\"wp-block-embed is-type-video is-provider-vimeo wp-block-embed-vimeo\"><div class=\"wp-block-embed__wrapper\">\n<div class=\"ast-oembed-container \" style=\"height: 100%;\"><iframe src=\"https:\/\/player.vimeo.com\/video\/1146500841?dnt=1&amp;app_id=122963\" width=\"500\" height=\"281\" frameborder=\"0\" allow=\"autoplay; fullscreen; picture-in-picture; clipboard-write; encrypted-media; web-share\" referrerpolicy=\"strict-origin-when-cross-origin\"><\/iframe><\/div>\n<\/div><\/figure>\n","protected":false},"excerpt":{"rendered":"<p>Barcelona, 15 de desembre de 2025.- Despr\u00e9s de m\u00e9s de dos mesos recorrent la prov\u00edncia de Barcelona, la unitat m\u00f2bil de la campanya \u201cLa meva farm\u00e0cia, la meva salut\u201d ha finalitzat el seu trajecte. Al llarg d\u2019aquest per\u00edode, gaireb\u00e9 260 farmac\u00e8utics voluntaris han dut a terme m\u00e9s de 6.000 proves [&hellip;]<\/p>\n","protected":false},"author":4,"featured_media":83365,"comment_status":"closed","ping_status":"closed","sticky":false,"template":"","format":"aside","meta":{"_uag_custom_page_level_css":"","site-sidebar-layout":"default","site-content-layout":"","ast-site-content-layout":"default","site-content-style":"default","site-sidebar-style":"default","ast-global-header-display":"","ast-banner-title-visibility":"","ast-main-header-display":"","ast-hfb-above-header-display":"","ast-hfb-below-header-display":"","ast-hfb-mobile-header-display":"","site-post-title":"","ast-breadcrumbs-content":"","ast-featured-img":"disabled","footer-sml-layout":"","theme-transparent-header-meta":"","adv-header-id-meta":"","stick-header-meta":"","header-above-stick-meta":"","header-main-stick-meta":"","header-below-stick-meta":"","astra-migrate-meta-layouts":"set","ast-page-background-enabled":"default","ast-page-background-meta":{"desktop":{"background-color":"var(--ast-global-color-4)","background-image":"","background-repeat":"repeat","background-position":"center center","background-size":"auto","background-attachment":"scroll","background-type":"","background-media":"","overlay-type":"","overlay-color":"","overlay-opacity":"","overlay-gradient":""},"tablet":{"background-color":"","background-image":"","background-repeat":"repeat","background-position":"center center","background-size":"auto","background-attachment":"scroll","background-type":"","background-media":"","overlay-type":"","overlay-color":"","overlay-opacity":"","overlay-gradient":""},"mobile":{"background-color":"","background-image":"","background-repeat":"repeat","background-position":"center center","background-size":"auto","background-attachment":"scroll","background-type":"","background-media":"","overlay-type":"","overlay-color":"","overlay-opacity":"","overlay-gradient":""}},"ast-content-background-meta":{"desktop":{"background-color":"var(--ast-global-color-5)","background-image":"","background-repeat":"repeat","background-position":"center center","background-size":"auto","background-attachment":"scroll","background-type":"","background-media":"","overlay-type":"","overlay-color":"","overlay-opacity":"","overlay-gradient":""},"tablet":{"background-color":"var(--ast-global-color-5)","background-image":"","background-repeat":"repeat","background-position":"center center","background-size":"auto","background-attachment":"scroll","background-type":"","background-media":"","overlay-type":"","overlay-color":"","overlay-opacity":"","overlay-gradient":""},"mobile":{"background-color":"var(--ast-global-color-5)","background-image":"","background-repeat":"repeat","background-position":"center center","background-size":"auto","background-attachment":"scroll","background-type":"","background-media":"","overlay-type":"","overlay-color":"","overlay-opacity":"","overlay-gradient":""}},"footnotes":""},"categories":[23,1060],"tags":[5426,53,69,5428,5427,117,5429,4509],"class_list":["post-83363","post","type-post","status-publish","format-aside","has-post-thumbnail","hentry","category-destacats","category-notes-premsa","tag-cofb-la-meva-farmacia","tag-farmaceutics","tag-farmacia-comunitaria","tag-farmacia-mobil","tag-la-meva-salut","tag-salut","tag-unitat-mobil","tag-voluntaris","post_format-post-format-aside"],"yoast_head":"<!-- This site is optimized with the Yoast SEO plugin v22.4 - https:\/\/yoast.com\/wordpress\/plugins\/seo\/ -->\n<title>La unitat m\u00f2bil \u201cLa meva farm\u00e0cia, la meva salut\u201d finalitza amb \u00e8xit el seu recorregut \u00a0realitzant m\u00e9s de 6.000 proves - Col\u00b7legi de Farmac\u00e8utics de Barcelona<\/title>\n<meta name=\"robots\" content=\"index, follow, max-snippet:-1, max-image-preview:large, max-video-preview:-1\" \/>\n<link rel=\"canonical\" href=\"https:\/\/www.cofb.org\/ca\/2025\/12\/15\/la-unitat-mobil-la-meva-farmacia-la-meva-salut-finalitza-amb-exit-el-seu-recorregut-realitzant-mes-de-6-000-proves\/\" \/>\n<meta property=\"og:locale\" content=\"ca_ES\" \/>\n<meta property=\"og:type\" content=\"article\" \/>\n<meta property=\"og:title\" content=\"La unitat m\u00f2bil \u201cLa meva farm\u00e0cia, la meva salut\u201d finalitza amb \u00e8xit el seu recorregut \u00a0realitzant m\u00e9s de 6.000 proves - Col\u00b7legi de Farmac\u00e8utics de Barcelona\" \/>\n<meta property=\"og:description\" content=\"Barcelona, 15 de desembre de 2025.- Despr\u00e9s de m\u00e9s de dos mesos recorrent la prov\u00edncia de Barcelona, la unitat m\u00f2bil de la campanya \u201cLa meva farm\u00e0cia, la meva salut\u201d ha finalitzat el seu trajecte. Al llarg d\u2019aquest per\u00edode, gaireb\u00e9 260 farmac\u00e8utics voluntaris han dut a terme m\u00e9s de 6.000 proves [&hellip;]\" \/>\n<meta property=\"og:url\" content=\"https:\/\/www.cofb.org\/ca\/2025\/12\/15\/la-unitat-mobil-la-meva-farmacia-la-meva-salut-finalitza-amb-exit-el-seu-recorregut-realitzant-mes-de-6-000-proves\/\" \/>\n<meta property=\"og:site_name\" content=\"Col\u00b7legi de Farmac\u00e8utics de Barcelona\" \/>\n<meta property=\"article:publisher\" content=\"https:\/\/www.facebook.com\/farmaceuticsbcn\/\" \/>\n<meta property=\"article:published_time\" content=\"2025-12-15T12:17:27+00:00\" \/>\n<meta property=\"article:modified_time\" content=\"2026-03-19T15:16:51+00:00\" \/>\n<meta property=\"og:image\" content=\"https:\/\/www.cofb.org\/wp-content\/uploads\/2025\/12\/UM_gracies_1920x1080-1024x576.png\" \/>\n\t<meta property=\"og:image:width\" content=\"1024\" \/>\n\t<meta property=\"og:image:height\" content=\"576\" \/>\n\t<meta property=\"og:image:type\" content=\"image\/png\" \/>\n<meta name=\"author\" content=\"Laia Dorca\" \/>\n<meta name=\"twitter:card\" content=\"summary_large_image\" \/>\n<meta name=\"twitter:creator\" content=\"@farmaceuticsbcn\" \/>\n<meta name=\"twitter:site\" content=\"@farmaceuticsbcn\" \/>\n<meta name=\"twitter:label1\" content=\"Escrit per\" \/>\n\t<meta name=\"twitter:data1\" content=\"Laia Dorca\" \/>\n\t<meta name=\"twitter:label2\" content=\"Temps estimat de lectura\" \/>\n\t<meta name=\"twitter:data2\" content=\"1 minut\" \/>\n<script type=\"application\/ld+json\" class=\"yoast-schema-graph\">{\"@context\":\"https:\/\/schema.org\",\"@graph\":[{\"@type\":\"Article\",\"@id\":\"https:\/\/www.cofb.org\/2025\/12\/15\/la-unitat-mobil-la-meva-farmacia-la-meva-salut-finalitza-amb-exit-el-seu-recorregut-realitzant-mes-de-6-000-proves\/#article\",\"isPartOf\":{\"@id\":\"https:\/\/www.cofb.org\/2025\/12\/15\/la-unitat-mobil-la-meva-farmacia-la-meva-salut-finalitza-amb-exit-el-seu-recorregut-realitzant-mes-de-6-000-proves\/\"},\"author\":{\"name\":\"Laia Dorca\",\"@id\":\"https:\/\/www.cofb.org\/#\/schema\/person\/3e3d51af661057bfb21343a3455c9890\"},\"headline\":\"La unitat m\u00f2bil \u201cLa meva farm\u00e0cia, la meva salut\u201d finalitza amb \u00e8xit el seu recorregut \u00a0realitzant m\u00e9s de 6.000 proves\",\"datePublished\":\"2025-12-15T12:17:27+00:00\",\"dateModified\":\"2026-03-19T15:16:51+00:00\",\"mainEntityOfPage\":{\"@id\":\"https:\/\/www.cofb.org\/2025\/12\/15\/la-unitat-mobil-la-meva-farmacia-la-meva-salut-finalitza-amb-exit-el-seu-recorregut-realitzant-mes-de-6-000-proves\/\"},\"wordCount\":973,\"publisher\":{\"@id\":\"https:\/\/www.cofb.org\/#organization\"},\"image\":{\"@id\":\"https:\/\/www.cofb.org\/2025\/12\/15\/la-unitat-mobil-la-meva-farmacia-la-meva-salut-finalitza-amb-exit-el-seu-recorregut-realitzant-mes-de-6-000-proves\/#primaryimage\"},\"thumbnailUrl\":\"https:\/\/www.cofb.org\/wp-content\/uploads\/2025\/12\/UM_gracies_1920x1080.png\",\"keywords\":[\"COFB; la meva farm\u00e0cia\",\"farmac\u00e8utics\",\"farm\u00e0cia comunit\u00e0ria\",\"farm\u00e0cia m\u00f2bil\",\"la meva salut\",\"salut\",\"unitat m\u00f2bil\",\"voluntaris\"],\"articleSection\":[\"Destacats\",\"Notes de premsa\"],\"inLanguage\":\"ca\"},{\"@type\":\"WebPage\",\"@id\":\"https:\/\/www.cofb.org\/2025\/12\/15\/la-unitat-mobil-la-meva-farmacia-la-meva-salut-finalitza-amb-exit-el-seu-recorregut-realitzant-mes-de-6-000-proves\/\",\"url\":\"https:\/\/www.cofb.org\/2025\/12\/15\/la-unitat-mobil-la-meva-farmacia-la-meva-salut-finalitza-amb-exit-el-seu-recorregut-realitzant-mes-de-6-000-proves\/\",\"name\":\"La unitat m\u00f2bil \u201cLa meva farm\u00e0cia, la meva salut\u201d finalitza amb \u00e8xit el seu recorregut \u00a0realitzant m\u00e9s de 6.000 proves - Col\u00b7legi de Farmac\u00e8utics de Barcelona\",\"isPartOf\":{\"@id\":\"https:\/\/www.cofb.org\/#website\"},\"primaryImageOfPage\":{\"@id\":\"https:\/\/www.cofb.org\/2025\/12\/15\/la-unitat-mobil-la-meva-farmacia-la-meva-salut-finalitza-amb-exit-el-seu-recorregut-realitzant-mes-de-6-000-proves\/#primaryimage\"},\"image\":{\"@id\":\"https:\/\/www.cofb.org\/2025\/12\/15\/la-unitat-mobil-la-meva-farmacia-la-meva-salut-finalitza-amb-exit-el-seu-recorregut-realitzant-mes-de-6-000-proves\/#primaryimage\"},\"thumbnailUrl\":\"https:\/\/www.cofb.org\/wp-content\/uploads\/2025\/12\/UM_gracies_1920x1080.png\",\"datePublished\":\"2025-12-15T12:17:27+00:00\",\"dateModified\":\"2026-03-19T15:16:51+00:00\",\"breadcrumb\":{\"@id\":\"https:\/\/www.cofb.org\/2025\/12\/15\/la-unitat-mobil-la-meva-farmacia-la-meva-salut-finalitza-amb-exit-el-seu-recorregut-realitzant-mes-de-6-000-proves\/#breadcrumb\"},\"inLanguage\":\"ca\",\"potentialAction\":[{\"@type\":\"ReadAction\",\"target\":[\"https:\/\/www.cofb.org\/2025\/12\/15\/la-unitat-mobil-la-meva-farmacia-la-meva-salut-finalitza-amb-exit-el-seu-recorregut-realitzant-mes-de-6-000-proves\/\"]}]},{\"@type\":\"ImageObject\",\"inLanguage\":\"ca\",\"@id\":\"https:\/\/www.cofb.org\/2025\/12\/15\/la-unitat-mobil-la-meva-farmacia-la-meva-salut-finalitza-amb-exit-el-seu-recorregut-realitzant-mes-de-6-000-proves\/#primaryimage\",\"url\":\"https:\/\/www.cofb.org\/wp-content\/uploads\/2025\/12\/UM_gracies_1920x1080.png\",\"contentUrl\":\"https:\/\/www.cofb.org\/wp-content\/uploads\/2025\/12\/UM_gracies_1920x1080.png\",\"width\":1920,\"height\":1080},{\"@type\":\"BreadcrumbList\",\"@id\":\"https:\/\/www.cofb.org\/2025\/12\/15\/la-unitat-mobil-la-meva-farmacia-la-meva-salut-finalitza-amb-exit-el-seu-recorregut-realitzant-mes-de-6-000-proves\/#breadcrumb\",\"itemListElement\":[{\"@type\":\"ListItem\",\"position\":1,\"name\":\"Inici\",\"item\":\"https:\/\/novaorg.cofb.net\/\"},{\"@type\":\"ListItem\",\"position\":2,\"name\":\"La unitat m\u00f2bil \u201cLa meva farm\u00e0cia, la meva salut\u201d finalitza amb \u00e8xit el seu recorregut \u00a0realitzant m\u00e9s de 6.000 proves\"}]},{\"@type\":\"WebSite\",\"@id\":\"https:\/\/www.cofb.org\/#website\",\"url\":\"https:\/\/www.cofb.org\/\",\"name\":\"Col\u00b7legi de Farmac\u00e8utics de Barcelona\",\"description\":\"\",\"publisher\":{\"@id\":\"https:\/\/www.cofb.org\/#organization\"},\"potentialAction\":[{\"@type\":\"SearchAction\",\"target\":{\"@type\":\"EntryPoint\",\"urlTemplate\":\"https:\/\/www.cofb.org\/?s={search_term_string}\"},\"query-input\":\"required name=search_term_string\"}],\"inLanguage\":\"ca\"},{\"@type\":\"Organization\",\"@id\":\"https:\/\/www.cofb.org\/#organization\",\"name\":\"Col\u00b7legi de Farmac\u00e8utics de Barcelona\",\"url\":\"https:\/\/www.cofb.org\/\",\"logo\":{\"@type\":\"ImageObject\",\"inLanguage\":\"ca\",\"@id\":\"https:\/\/www.cofb.org\/#\/schema\/logo\/image\/\",\"url\":\"https:\/\/www.cofb.org\/wp-content\/uploads\/2023\/11\/cropped-Logotip-COFB.png\",\"contentUrl\":\"https:\/\/www.cofb.org\/wp-content\/uploads\/2023\/11\/cropped-Logotip-COFB.png\",\"width\":500,\"height\":105,\"caption\":\"Col\u00b7legi de Farmac\u00e8utics de Barcelona\"},\"image\":{\"@id\":\"https:\/\/www.cofb.org\/#\/schema\/logo\/image\/\"},\"sameAs\":[\"https:\/\/www.facebook.com\/farmaceuticsbcn\/\",\"https:\/\/twitter.com\/farmaceuticsbcn\",\"https:\/\/www.instagram.com\/farmaceuticsbcn\/\",\"https:\/\/www.linkedin.com\/company\/farmaceuticsbcn\/\"]},{\"@type\":\"Person\",\"@id\":\"https:\/\/www.cofb.org\/#\/schema\/person\/3e3d51af661057bfb21343a3455c9890\",\"name\":\"Laia Dorca\",\"image\":{\"@type\":\"ImageObject\",\"inLanguage\":\"ca\",\"@id\":\"https:\/\/www.cofb.org\/#\/schema\/person\/image\/\",\"url\":\"https:\/\/secure.gravatar.com\/avatar\/0e1efb9f07f39395ad9f3d04a45a75878b238e88f56b95f2c02ead3253917134?s=96&d=mm&r=g\",\"contentUrl\":\"https:\/\/secure.gravatar.com\/avatar\/0e1efb9f07f39395ad9f3d04a45a75878b238e88f56b95f2c02ead3253917134?s=96&d=mm&r=g\",\"caption\":\"Laia Dorca\"},\"url\":\"https:\/\/www.cofb.org\/ca\/author\/ldorca\/\"}]}<\/script>\n<!-- \/ Yoast SEO plugin. -->","yoast_head_json":{"title":"La unitat m\u00f2bil \u201cLa meva farm\u00e0cia, la meva salut\u201d finalitza amb \u00e8xit el seu recorregut \u00a0realitzant m\u00e9s de 6.000 proves - Col\u00b7legi de Farmac\u00e8utics de Barcelona","robots":{"index":"index","follow":"follow","max-snippet":"max-snippet:-1","max-image-preview":"max-image-preview:large","max-video-preview":"max-video-preview:-1"},"canonical":"https:\/\/www.cofb.org\/ca\/2025\/12\/15\/la-unitat-mobil-la-meva-farmacia-la-meva-salut-finalitza-amb-exit-el-seu-recorregut-realitzant-mes-de-6-000-proves\/","og_locale":"ca_ES","og_type":"article","og_title":"La unitat m\u00f2bil \u201cLa meva farm\u00e0cia, la meva salut\u201d finalitza amb \u00e8xit el seu recorregut \u00a0realitzant m\u00e9s de 6.000 proves - Col\u00b7legi de Farmac\u00e8utics de Barcelona","og_description":"Barcelona, 15 de desembre de 2025.- Despr\u00e9s de m\u00e9s de dos mesos recorrent la prov\u00edncia de Barcelona, la unitat m\u00f2bil de la campanya \u201cLa meva farm\u00e0cia, la meva salut\u201d ha finalitzat el seu trajecte. Al llarg d\u2019aquest per\u00edode, gaireb\u00e9 260 farmac\u00e8utics voluntaris han dut a terme m\u00e9s de 6.000 proves [&hellip;]","og_url":"https:\/\/www.cofb.org\/ca\/2025\/12\/15\/la-unitat-mobil-la-meva-farmacia-la-meva-salut-finalitza-amb-exit-el-seu-recorregut-realitzant-mes-de-6-000-proves\/","og_site_name":"Col\u00b7legi de Farmac\u00e8utics de Barcelona","article_publisher":"https:\/\/www.facebook.com\/farmaceuticsbcn\/","article_published_time":"2025-12-15T12:17:27+00:00","article_modified_time":"2026-03-19T15:16:51+00:00","og_image":[{"width":1024,"height":576,"url":"https:\/\/www.cofb.org\/wp-content\/uploads\/2025\/12\/UM_gracies_1920x1080-1024x576.png","type":"image\/png"}],"author":"Laia Dorca","twitter_card":"summary_large_image","twitter_creator":"@farmaceuticsbcn","twitter_site":"@farmaceuticsbcn","twitter_misc":{"Escrit per":"Laia Dorca","Temps estimat de lectura":"1 minut"},"schema":{"@context":"https:\/\/schema.org","@graph":[{"@type":"Article","@id":"https:\/\/www.cofb.org\/2025\/12\/15\/la-unitat-mobil-la-meva-farmacia-la-meva-salut-finalitza-amb-exit-el-seu-recorregut-realitzant-mes-de-6-000-proves\/#article","isPartOf":{"@id":"https:\/\/www.cofb.org\/2025\/12\/15\/la-unitat-mobil-la-meva-farmacia-la-meva-salut-finalitza-amb-exit-el-seu-recorregut-realitzant-mes-de-6-000-proves\/"},"author":{"name":"Laia Dorca","@id":"https:\/\/www.cofb.org\/#\/schema\/person\/3e3d51af661057bfb21343a3455c9890"},"headline":"La unitat m\u00f2bil \u201cLa meva farm\u00e0cia, la meva salut\u201d finalitza amb \u00e8xit el seu recorregut \u00a0realitzant m\u00e9s de 6.000 proves","datePublished":"2025-12-15T12:17:27+00:00","dateModified":"2026-03-19T15:16:51+00:00","mainEntityOfPage":{"@id":"https:\/\/www.cofb.org\/2025\/12\/15\/la-unitat-mobil-la-meva-farmacia-la-meva-salut-finalitza-amb-exit-el-seu-recorregut-realitzant-mes-de-6-000-proves\/"},"wordCount":973,"publisher":{"@id":"https:\/\/www.cofb.org\/#organization"},"image":{"@id":"https:\/\/www.cofb.org\/2025\/12\/15\/la-unitat-mobil-la-meva-farmacia-la-meva-salut-finalitza-amb-exit-el-seu-recorregut-realitzant-mes-de-6-000-proves\/#primaryimage"},"thumbnailUrl":"https:\/\/www.cofb.org\/wp-content\/uploads\/2025\/12\/UM_gracies_1920x1080.png","keywords":["COFB; la meva farm\u00e0cia","farmac\u00e8utics","farm\u00e0cia comunit\u00e0ria","farm\u00e0cia m\u00f2bil","la meva salut","salut","unitat m\u00f2bil","voluntaris"],"articleSection":["Destacats","Notes de premsa"],"inLanguage":"ca"},{"@type":"WebPage","@id":"https:\/\/www.cofb.org\/2025\/12\/15\/la-unitat-mobil-la-meva-farmacia-la-meva-salut-finalitza-amb-exit-el-seu-recorregut-realitzant-mes-de-6-000-proves\/","url":"https:\/\/www.cofb.org\/2025\/12\/15\/la-unitat-mobil-la-meva-farmacia-la-meva-salut-finalitza-amb-exit-el-seu-recorregut-realitzant-mes-de-6-000-proves\/","name":"La unitat m\u00f2bil \u201cLa meva farm\u00e0cia, la meva salut\u201d finalitza amb \u00e8xit el seu recorregut \u00a0realitzant m\u00e9s de 6.000 proves - Col\u00b7legi de Farmac\u00e8utics de Barcelona","isPartOf":{"@id":"https:\/\/www.cofb.org\/#website"},"primaryImageOfPage":{"@id":"https:\/\/www.cofb.org\/2025\/12\/15\/la-unitat-mobil-la-meva-farmacia-la-meva-salut-finalitza-amb-exit-el-seu-recorregut-realitzant-mes-de-6-000-proves\/#primaryimage"},"image":{"@id":"https:\/\/www.cofb.org\/2025\/12\/15\/la-unitat-mobil-la-meva-farmacia-la-meva-salut-finalitza-amb-exit-el-seu-recorregut-realitzant-mes-de-6-000-proves\/#primaryimage"},"thumbnailUrl":"https:\/\/www.cofb.org\/wp-content\/uploads\/2025\/12\/UM_gracies_1920x1080.png","datePublished":"2025-12-15T12:17:27+00:00","dateModified":"2026-03-19T15:16:51+00:00","breadcrumb":{"@id":"https:\/\/www.cofb.org\/2025\/12\/15\/la-unitat-mobil-la-meva-farmacia-la-meva-salut-finalitza-amb-exit-el-seu-recorregut-realitzant-mes-de-6-000-proves\/#breadcrumb"},"inLanguage":"ca","potentialAction":[{"@type":"ReadAction","target":["https:\/\/www.cofb.org\/2025\/12\/15\/la-unitat-mobil-la-meva-farmacia-la-meva-salut-finalitza-amb-exit-el-seu-recorregut-realitzant-mes-de-6-000-proves\/"]}]},{"@type":"ImageObject","inLanguage":"ca","@id":"https:\/\/www.cofb.org\/2025\/12\/15\/la-unitat-mobil-la-meva-farmacia-la-meva-salut-finalitza-amb-exit-el-seu-recorregut-realitzant-mes-de-6-000-proves\/#primaryimage","url":"https:\/\/www.cofb.org\/wp-content\/uploads\/2025\/12\/UM_gracies_1920x1080.png","contentUrl":"https:\/\/www.cofb.org\/wp-content\/uploads\/2025\/12\/UM_gracies_1920x1080.png","width":1920,"height":1080},{"@type":"BreadcrumbList","@id":"https:\/\/www.cofb.org\/2025\/12\/15\/la-unitat-mobil-la-meva-farmacia-la-meva-salut-finalitza-amb-exit-el-seu-recorregut-realitzant-mes-de-6-000-proves\/#breadcrumb","itemListElement":[{"@type":"ListItem","position":1,"name":"Inici","item":"https:\/\/novaorg.cofb.net\/"},{"@type":"ListItem","position":2,"name":"La unitat m\u00f2bil \u201cLa meva farm\u00e0cia, la meva salut\u201d finalitza amb \u00e8xit el seu recorregut \u00a0realitzant m\u00e9s de 6.000 proves"}]},{"@type":"WebSite","@id":"https:\/\/www.cofb.org\/#website","url":"https:\/\/www.cofb.org\/","name":"Col\u00b7legi de Farmac\u00e8utics de Barcelona","description":"","publisher":{"@id":"https:\/\/www.cofb.org\/#organization"},"potentialAction":[{"@type":"SearchAction","target":{"@type":"EntryPoint","urlTemplate":"https:\/\/www.cofb.org\/?s={search_term_string}"},"query-input":"required name=search_term_string"}],"inLanguage":"ca"},{"@type":"Organization","@id":"https:\/\/www.cofb.org\/#organization","name":"Col\u00b7legi de Farmac\u00e8utics de Barcelona","url":"https:\/\/www.cofb.org\/","logo":{"@type":"ImageObject","inLanguage":"ca","@id":"https:\/\/www.cofb.org\/#\/schema\/logo\/image\/","url":"https:\/\/www.cofb.org\/wp-content\/uploads\/2023\/11\/cropped-Logotip-COFB.png","contentUrl":"https:\/\/www.cofb.org\/wp-content\/uploads\/2023\/11\/cropped-Logotip-COFB.png","width":500,"height":105,"caption":"Col\u00b7legi de Farmac\u00e8utics de Barcelona"},"image":{"@id":"https:\/\/www.cofb.org\/#\/schema\/logo\/image\/"},"sameAs":["https:\/\/www.facebook.com\/farmaceuticsbcn\/","https:\/\/twitter.com\/farmaceuticsbcn","https:\/\/www.instagram.com\/farmaceuticsbcn\/","https:\/\/www.linkedin.com\/company\/farmaceuticsbcn\/"]},{"@type":"Person","@id":"https:\/\/www.cofb.org\/#\/schema\/person\/3e3d51af661057bfb21343a3455c9890","name":"Laia Dorca","image":{"@type":"ImageObject","inLanguage":"ca","@id":"https:\/\/www.cofb.org\/#\/schema\/person\/image\/","url":"https:\/\/secure.gravatar.com\/avatar\/0e1efb9f07f39395ad9f3d04a45a75878b238e88f56b95f2c02ead3253917134?s=96&d=mm&r=g","contentUrl":"https:\/\/secure.gravatar.com\/avatar\/0e1efb9f07f39395ad9f3d04a45a75878b238e88f56b95f2c02ead3253917134?s=96&d=mm&r=g","caption":"Laia Dorca"},"url":"https:\/\/www.cofb.org\/ca\/author\/ldorca\/"}]}},"uagb_featured_image_src":{"full":["https:\/\/www.cofb.org\/wp-content\/uploads\/2025\/12\/UM_gracies_1920x1080.png",1920,1080,false],"thumbnail":["https:\/\/www.cofb.org\/wp-content\/uploads\/2025\/12\/UM_gracies_1920x1080-150x150.png",150,150,true],"medium":["https:\/\/www.cofb.org\/wp-content\/uploads\/2025\/12\/UM_gracies_1920x1080-300x169.png",300,169,true],"medium_large":["https:\/\/www.cofb.org\/wp-content\/uploads\/2025\/12\/UM_gracies_1920x1080-768x432.png",768,432,true],"large":["https:\/\/www.cofb.org\/wp-content\/uploads\/2025\/12\/UM_gracies_1920x1080-1024x576.png",1024,576,true],"1536x1536":["https:\/\/www.cofb.org\/wp-content\/uploads\/2025\/12\/UM_gracies_1920x1080-1536x864.png",1536,864,true],"2048x2048":["https:\/\/www.cofb.org\/wp-content\/uploads\/2025\/12\/UM_gracies_1920x1080.png",1920,1080,false],"trp-custom-language-flag":["https:\/\/www.cofb.org\/wp-content\/uploads\/2025\/12\/UM_gracies_1920x1080-18x10.png",18,10,true]},"uagb_author_info":{"display_name":"Laia Dorca","author_link":"https:\/\/www.cofb.org\/ca\/author\/ldorca\/"},"uagb_comment_info":0,"uagb_excerpt":"Barcelona, 15 de desembre de 2025.- Despr\u00e9s de m\u00e9s de dos mesos recorrent la prov\u00edncia de Barcelona, la unitat m\u00f2bil de la campanya \u201cLa meva farm\u00e0cia, la meva salut\u201d ha finalitzat el seu trajecte. Al llarg d\u2019aquest per\u00edode, gaireb\u00e9 260 farmac\u00e8utics voluntaris han dut a terme m\u00e9s de 6.000 proves [&hellip;]","_links":{"self":[{"href":"https:\/\/www.cofb.org\/ca\/wp-json\/wp\/v2\/posts\/83363","targetHints":{"allow":["GET"]}}],"collection":[{"href":"https:\/\/www.cofb.org\/ca\/wp-json\/wp\/v2\/posts"}],"about":[{"href":"https:\/\/www.cofb.org\/ca\/wp-json\/wp\/v2\/types\/post"}],"author":[{"embeddable":true,"href":"https:\/\/www.cofb.org\/ca\/wp-json\/wp\/v2\/users\/4"}],"replies":[{"embeddable":true,"href":"https:\/\/www.cofb.org\/ca\/wp-json\/wp\/v2\/comments?post=83363"}],"version-history":[{"count":6,"href":"https:\/\/www.cofb.org\/ca\/wp-json\/wp\/v2\/posts\/83363\/revisions"}],"predecessor-version":[{"id":83372,"href":"https:\/\/www.cofb.org\/ca\/wp-json\/wp\/v2\/posts\/83363\/revisions\/83372"}],"wp:featuredmedia":[{"embeddable":true,"href":"https:\/\/www.cofb.org\/ca\/wp-json\/wp\/v2\/media\/83365"}],"wp:attachment":[{"href":"https:\/\/www.cofb.org\/ca\/wp-json\/wp\/v2\/media?parent=83363"}],"wp:term":[{"taxonomy":"category","embeddable":true,"href":"https:\/\/www.cofb.org\/ca\/wp-json\/wp\/v2\/categories?post=83363"},{"taxonomy":"post_tag","embeddable":true,"href":"https:\/\/www.cofb.org\/ca\/wp-json\/wp\/v2\/tags?post=83363"}],"curies":[{"name":"wp","href":"https:\/\/api.w.org\/{rel}","templated":true}]}}