{"id":8326,"date":"2014-08-28T11:37:31","date_gmt":"2014-08-28T10:37:31","guid":{"rendered":"http:\/\/blog.cofb.cat\/?p=8326"},"modified":"2014-08-28T11:37:31","modified_gmt":"2014-08-28T10:37:31","slug":"infarma-2015-24-25-i-26-de-marc-al-nou-recinte-de-gran-via-de-la-fira-de-barcelona","status":"publish","type":"post","link":"https:\/\/www.cofb.org\/ca\/2014\/08\/28\/infarma-2015-24-25-i-26-de-marc-al-nou-recinte-de-gran-via-de-la-fira-de-barcelona\/","title":{"rendered":"Infarma Barcelona 2015: 24, 25 i 26 de mar\u00e7 al nou recinte de Gran Via de la Fira de Barcelona"},"content":{"rendered":"<p><b><br \/>\n<a href=\"http:\/\/blog.cofb.cat\/wp-content\/uploads\/2014\/08\/CARTELLInfarma2015web.jpg\"><img fetchpriority=\"high\" decoding=\"async\" class=\"wp-image-8330 alignleft\" alt=\"CARTELLInfarma2015web\" src=\"http:\/\/blog.cofb.cat\/wp-content\/uploads\/2014\/08\/CARTELLInfarma2015web.jpg\" width=\"244\" height=\"345\" \/><\/a>El Comit\u00e8 Cient\u00edfic del Congr\u00e9s i Sal\u00f3 Europeu de Farm\u00e0cia Infarma<\/b>, format per representants dels Col\u00b7legis de Farmac\u00e8utics de Barcelona i Madrid, ja ha celebrat la <b>primera reuni\u00f3<\/b> amb l\u2019objectiu de posar en marxa el disseny del programa de la <b>XXVII edici\u00f3. <\/b>Ambdues institucions, juntament amb <a href=\"http:\/\/www.interalia.es\/\">Interalia<\/a>, s\u2019encarreguen d\u2019organitzar aquest esdeveniment farmac\u00e8utic que tindr\u00e0 lloc els propers <b>24, 25 i 26 de mar\u00e7 de 2015<\/b> a la <b>Fira de Barcelona, al<\/b> <b>nou recinte de Gran Via. <\/b><\/p>\n<p><b>Infarma <\/b>\u00e9s el<b> Congr\u00e9s i fira m\u00e9s important del sector de la farm\u00e0cia comunit\u00e0ria<\/b> <b>d\u2019Espanya<\/b> i un <b>punt de trobada europeu de la professi\u00f3 farmac\u00e8utica<\/b>, tal i com ho reflecteixen els\u00a0 2.527 congressistes, 25.234 visitants professionals i 316 laboratoris i expositors que van assistir a la passada edici\u00f3 d\u2019Infarma a Ifema, Madrid. Tenint aix\u00f2 en compte, el Comit\u00e8 Cient\u00edfic est\u00e0 treballant i buscant els millors ponents i continguts amb l\u2019objectiu d\u2019organitzar un <b>Congr\u00e9s que respongui a les inquietuds dels professionals i a les necessitats del sector i de la societat<\/b>, i per tant,aconseguir que aquesta nova edici\u00f3 esdevingui un cop m\u00e9s l\u2019escenari idoni per analitzar, no nom\u00e9s novetats en quant a productes i serveis, sin\u00f3 tamb\u00e9 per debatre els temes m\u00e9s importants de la professi\u00f3.<\/p>\n<p>Infarma Barcelona 2015 tamb\u00e9 acollir\u00e0 el Sal\u00f3 de Medicaments i Parafarm\u00e0cia, tradicional cita ja per a les empreses del sector farmac\u00e8utic que tindran l&#8217;oportunitat d&#8217;apropar-se, a trav\u00e9s de la seva pres\u00e8ncia en estands, als milers de professionals que participaran a aquesta cita europea de farm\u00e0cia<i>.<\/i><\/p>\n<p>En breu tota la informaci\u00f3 de\u00a0l\u2019edici\u00f3 2015 a\u00a0<span style=\"text-decoration: underline;\"><a href=\"http:\/\/www.infarma.es\">www.infarma.es<br \/>\n<\/a><\/span><a href=\"http:\/\/www.infarma.es\">T<\/a>witter: <a href=\"https:\/\/twitter.com\/infarma_es\"><span style=\"text-decoration: underline;\">@infarma_es<\/span><\/a><\/p>\n<figure id=\"attachment_8328\" aria-describedby=\"caption-attachment-8328\" style=\"width: 544px\" class=\"wp-caption aligncenter\"><a href=\"http:\/\/blog.cofb.cat\/wp-content\/uploads\/2014\/08\/FOTO-COMIT\u00c9-CIENT\u00cdFICO-INFARMA-2015.jpg\"><img decoding=\"async\" class=\"wp-image-8328  \" alt=\"FOTO COMIT\u00c9 CIENT\u00cdFICO INFARMA 2015\" src=\"http:\/\/blog.cofb.cat\/wp-content\/uploads\/2014\/08\/FOTO-COMIT\u00c9-CIENT\u00cdFICO-INFARMA-2015.jpg\" width=\"544\" height=\"266\" \/><\/a><figcaption id=\"caption-attachment-8328\" class=\"wp-caption-text\">Membres del Comit\u00e8 Cient\u00edfic d\u2019Infarma Barcelona 2015, format per representants dels Col\u00b7legis de Farmac\u00e8utics de Barcelona i Madrid<\/figcaption><\/figure>\n","protected":false},"excerpt":{"rendered":"<p>El Comit\u00e8 Cient\u00edfic del Congr\u00e9s i Sal\u00f3 Europeu de Farm\u00e0cia Infarma, format per representants dels Col\u00b7legis de Farmac\u00e8utics de Barcelona i Madrid, ja ha celebrat la primera reuni\u00f3 amb l\u2019objectiu de posar en marxa el disseny del programa de la XXVII edici\u00f3. Ambdues institucions, juntament amb Interalia, s\u2019encarreguen d\u2019organitzar aquest [&hellip;]<\/p>\n","protected":false},"author":1,"featured_media":8329,"comment_status":"open","ping_status":"open","sticky":false,"template":"","format":"standard","meta":{"_uag_custom_page_level_css":"","site-sidebar-layout":"default","site-content-layout":"","ast-site-content-layout":"default","site-content-style":"default","site-sidebar-style":"default","ast-global-header-display":"","ast-banner-title-visibility":"","ast-main-header-display":"","ast-hfb-above-header-display":"","ast-hfb-below-header-display":"","ast-hfb-mobile-header-display":"","site-post-title":"","ast-breadcrumbs-content":"","ast-featured-img":"disabled","footer-sml-layout":"","theme-transparent-header-meta":"","adv-header-id-meta":"","stick-header-meta":"","header-above-stick-meta":"","header-main-stick-meta":"","header-below-stick-meta":"","astra-migrate-meta-layouts":"default","ast-page-background-enabled":"default","ast-page-background-meta":{"desktop":{"background-color":"var(--ast-global-color-4)","background-image":"","background-repeat":"repeat","background-position":"center center","background-size":"auto","background-attachment":"scroll","background-type":"","background-media":"","overlay-type":"","overlay-color":"","overlay-opacity":"","overlay-gradient":""},"tablet":{"background-color":"","background-image":"","background-repeat":"repeat","background-position":"center center","background-size":"auto","background-attachment":"scroll","background-type":"","background-media":"","overlay-type":"","overlay-color":"","overlay-opacity":"","overlay-gradient":""},"mobile":{"background-color":"","background-image":"","background-repeat":"repeat","background-position":"center center","background-size":"auto","background-attachment":"scroll","background-type":"","background-media":"","overlay-type":"","overlay-color":"","overlay-opacity":"","overlay-gradient":""}},"ast-content-background-meta":{"desktop":{"background-color":"var(--ast-global-color-5)","background-image":"","background-repeat":"repeat","background-position":"center center","background-size":"auto","background-attachment":"scroll","background-type":"","background-media":"","overlay-type":"","overlay-color":"","overlay-opacity":"","overlay-gradient":""},"tablet":{"background-color":"var(--ast-global-color-5)","background-image":"","background-repeat":"repeat","background-position":"center center","background-size":"auto","background-attachment":"scroll","background-type":"","background-media":"","overlay-type":"","overlay-color":"","overlay-opacity":"","overlay-gradient":""},"mobile":{"background-color":"var(--ast-global-color-5)","background-image":"","background-repeat":"repeat","background-position":"center center","background-size":"auto","background-attachment":"scroll","background-type":"","background-media":"","overlay-type":"","overlay-color":"","overlay-opacity":"","overlay-gradient":""}},"footnotes":""},"categories":[2165],"tags":[28,76],"class_list":["post-8326","post","type-post","status-publish","format-standard","has-post-thumbnail","hentry","category-infarma","tag-infarma","tag-oficina-de-farmacia"],"yoast_head":"<!-- This site is optimized with the Yoast SEO plugin v22.4 - https:\/\/yoast.com\/wordpress\/plugins\/seo\/ -->\n<title>Infarma Barcelona 2015: 24, 25 i 26 de mar\u00e7 al nou recinte de Gran Via de la Fira de Barcelona - Col\u00b7legi de Farmac\u00e8utics de Barcelona<\/title>\n<meta name=\"robots\" content=\"index, follow, max-snippet:-1, max-image-preview:large, max-video-preview:-1\" \/>\n<link rel=\"canonical\" href=\"https:\/\/www.cofb.org\/ca\/2014\/08\/28\/infarma-2015-24-25-i-26-de-marc-al-nou-recinte-de-gran-via-de-la-fira-de-barcelona\/\" \/>\n<meta property=\"og:locale\" content=\"ca_ES\" \/>\n<meta property=\"og:type\" content=\"article\" \/>\n<meta property=\"og:title\" content=\"Infarma Barcelona 2015: 24, 25 i 26 de mar\u00e7 al nou recinte de Gran Via de la Fira de Barcelona - Col\u00b7legi de Farmac\u00e8utics de Barcelona\" \/>\n<meta property=\"og:description\" content=\"El Comit\u00e8 Cient\u00edfic del Congr\u00e9s i Sal\u00f3 Europeu de Farm\u00e0cia Infarma, format per representants dels Col\u00b7legis de Farmac\u00e8utics de Barcelona i Madrid, ja ha celebrat la primera reuni\u00f3 amb l\u2019objectiu de posar en marxa el disseny del programa de la XXVII edici\u00f3. Ambdues institucions, juntament amb Interalia, s\u2019encarreguen d\u2019organitzar aquest [&hellip;]\" \/>\n<meta property=\"og:url\" content=\"https:\/\/www.cofb.org\/ca\/2014\/08\/28\/infarma-2015-24-25-i-26-de-marc-al-nou-recinte-de-gran-via-de-la-fira-de-barcelona\/\" \/>\n<meta property=\"og:site_name\" content=\"Col\u00b7legi de Farmac\u00e8utics de Barcelona\" \/>\n<meta property=\"article:publisher\" content=\"https:\/\/www.facebook.com\/farmaceuticsbcn\/\" \/>\n<meta property=\"article:published_time\" content=\"2014-08-28T10:37:31+00:00\" \/>\n<meta name=\"author\" content=\"wpAdminCofbOrg\" \/>\n<meta name=\"twitter:card\" content=\"summary_large_image\" \/>\n<meta name=\"twitter:creator\" content=\"@farmaceuticsbcn\" \/>\n<meta name=\"twitter:site\" content=\"@farmaceuticsbcn\" \/>\n<meta name=\"twitter:label1\" content=\"Escrit per\" \/>\n\t<meta name=\"twitter:data1\" content=\"wpAdminCofbOrg\" \/>\n\t<meta name=\"twitter:label2\" content=\"Temps estimat de lectura\" \/>\n\t<meta name=\"twitter:data2\" content=\"2 minuts\" \/>\n<script type=\"application\/ld+json\" class=\"yoast-schema-graph\">{\"@context\":\"https:\/\/schema.org\",\"@graph\":[{\"@type\":\"Article\",\"@id\":\"https:\/\/www.cofb.org\/2014\/08\/28\/infarma-2015-24-25-i-26-de-marc-al-nou-recinte-de-gran-via-de-la-fira-de-barcelona\/#article\",\"isPartOf\":{\"@id\":\"https:\/\/www.cofb.org\/2014\/08\/28\/infarma-2015-24-25-i-26-de-marc-al-nou-recinte-de-gran-via-de-la-fira-de-barcelona\/\"},\"author\":{\"name\":\"wpAdminCofbOrg\",\"@id\":\"https:\/\/www.cofb.org\/#\/schema\/person\/22ed7eea88da74b0fa4d3154ad87ffcb\"},\"headline\":\"Infarma Barcelona 2015: 24, 25 i 26 de mar\u00e7 al nou recinte de Gran Via de la Fira de Barcelona\",\"datePublished\":\"2014-08-28T10:37:31+00:00\",\"dateModified\":\"2014-08-28T10:37:31+00:00\",\"mainEntityOfPage\":{\"@id\":\"https:\/\/www.cofb.org\/2014\/08\/28\/infarma-2015-24-25-i-26-de-marc-al-nou-recinte-de-gran-via-de-la-fira-de-barcelona\/\"},\"wordCount\":329,\"commentCount\":0,\"publisher\":{\"@id\":\"https:\/\/www.cofb.org\/#organization\"},\"image\":{\"@id\":\"https:\/\/www.cofb.org\/2014\/08\/28\/infarma-2015-24-25-i-26-de-marc-al-nou-recinte-de-gran-via-de-la-fira-de-barcelona\/#primaryimage\"},\"thumbnailUrl\":\"\",\"keywords\":[\"Infarma\",\"Oficina de farm\u00e0cia\"],\"articleSection\":[\"Infarma\"],\"inLanguage\":\"ca\",\"potentialAction\":[{\"@type\":\"CommentAction\",\"name\":\"Comment\",\"target\":[\"https:\/\/www.cofb.org\/2014\/08\/28\/infarma-2015-24-25-i-26-de-marc-al-nou-recinte-de-gran-via-de-la-fira-de-barcelona\/#respond\"]}]},{\"@type\":\"WebPage\",\"@id\":\"https:\/\/www.cofb.org\/2014\/08\/28\/infarma-2015-24-25-i-26-de-marc-al-nou-recinte-de-gran-via-de-la-fira-de-barcelona\/\",\"url\":\"https:\/\/www.cofb.org\/2014\/08\/28\/infarma-2015-24-25-i-26-de-marc-al-nou-recinte-de-gran-via-de-la-fira-de-barcelona\/\",\"name\":\"Infarma Barcelona 2015: 24, 25 i 26 de mar\u00e7 al nou recinte de Gran Via de la Fira de Barcelona - Col\u00b7legi de Farmac\u00e8utics de Barcelona\",\"isPartOf\":{\"@id\":\"https:\/\/www.cofb.org\/#website\"},\"primaryImageOfPage\":{\"@id\":\"https:\/\/www.cofb.org\/2014\/08\/28\/infarma-2015-24-25-i-26-de-marc-al-nou-recinte-de-gran-via-de-la-fira-de-barcelona\/#primaryimage\"},\"image\":{\"@id\":\"https:\/\/www.cofb.org\/2014\/08\/28\/infarma-2015-24-25-i-26-de-marc-al-nou-recinte-de-gran-via-de-la-fira-de-barcelona\/#primaryimage\"},\"thumbnailUrl\":\"\",\"datePublished\":\"2014-08-28T10:37:31+00:00\",\"dateModified\":\"2014-08-28T10:37:31+00:00\",\"breadcrumb\":{\"@id\":\"https:\/\/www.cofb.org\/2014\/08\/28\/infarma-2015-24-25-i-26-de-marc-al-nou-recinte-de-gran-via-de-la-fira-de-barcelona\/#breadcrumb\"},\"inLanguage\":\"ca\",\"potentialAction\":[{\"@type\":\"ReadAction\",\"target\":[\"https:\/\/www.cofb.org\/2014\/08\/28\/infarma-2015-24-25-i-26-de-marc-al-nou-recinte-de-gran-via-de-la-fira-de-barcelona\/\"]}]},{\"@type\":\"ImageObject\",\"inLanguage\":\"ca\",\"@id\":\"https:\/\/www.cofb.org\/2014\/08\/28\/infarma-2015-24-25-i-26-de-marc-al-nou-recinte-de-gran-via-de-la-fira-de-barcelona\/#primaryimage\",\"url\":\"\",\"contentUrl\":\"\"},{\"@type\":\"BreadcrumbList\",\"@id\":\"https:\/\/www.cofb.org\/2014\/08\/28\/infarma-2015-24-25-i-26-de-marc-al-nou-recinte-de-gran-via-de-la-fira-de-barcelona\/#breadcrumb\",\"itemListElement\":[{\"@type\":\"ListItem\",\"position\":1,\"name\":\"Inici\",\"item\":\"https:\/\/novaorg.cofb.net\/\"},{\"@type\":\"ListItem\",\"position\":2,\"name\":\"Infarma Barcelona 2015: 24, 25 i 26 de mar\u00e7 al nou recinte de Gran Via de la Fira de Barcelona\"}]},{\"@type\":\"WebSite\",\"@id\":\"https:\/\/www.cofb.org\/#website\",\"url\":\"https:\/\/www.cofb.org\/\",\"name\":\"Col\u00b7legi de Farmac\u00e8utics de Barcelona\",\"description\":\"\",\"publisher\":{\"@id\":\"https:\/\/www.cofb.org\/#organization\"},\"potentialAction\":[{\"@type\":\"SearchAction\",\"target\":{\"@type\":\"EntryPoint\",\"urlTemplate\":\"https:\/\/www.cofb.org\/?s={search_term_string}\"},\"query-input\":\"required name=search_term_string\"}],\"inLanguage\":\"ca\"},{\"@type\":\"Organization\",\"@id\":\"https:\/\/www.cofb.org\/#organization\",\"name\":\"Col\u00b7legi de Farmac\u00e8utics de Barcelona\",\"url\":\"https:\/\/www.cofb.org\/\",\"logo\":{\"@type\":\"ImageObject\",\"inLanguage\":\"ca\",\"@id\":\"https:\/\/www.cofb.org\/#\/schema\/logo\/image\/\",\"url\":\"https:\/\/www.cofb.org\/wp-content\/uploads\/2023\/11\/cropped-Logotip-COFB.png\",\"contentUrl\":\"https:\/\/www.cofb.org\/wp-content\/uploads\/2023\/11\/cropped-Logotip-COFB.png\",\"width\":500,\"height\":105,\"caption\":\"Col\u00b7legi de Farmac\u00e8utics de Barcelona\"},\"image\":{\"@id\":\"https:\/\/www.cofb.org\/#\/schema\/logo\/image\/\"},\"sameAs\":[\"https:\/\/www.facebook.com\/farmaceuticsbcn\/\",\"https:\/\/twitter.com\/farmaceuticsbcn\",\"https:\/\/www.instagram.com\/farmaceuticsbcn\/\",\"https:\/\/www.linkedin.com\/company\/farmaceuticsbcn\/\"]},{\"@type\":\"Person\",\"@id\":\"https:\/\/www.cofb.org\/#\/schema\/person\/22ed7eea88da74b0fa4d3154ad87ffcb\",\"name\":\"wpAdminCofbOrg\",\"image\":{\"@type\":\"ImageObject\",\"inLanguage\":\"ca\",\"@id\":\"https:\/\/www.cofb.org\/#\/schema\/person\/image\/\",\"url\":\"https:\/\/secure.gravatar.com\/avatar\/1721b20b3b8ca882c3b56ec6c978c594fff670e40c0718e9190eaeeb76aae7d8?s=96&d=mm&r=g\",\"contentUrl\":\"https:\/\/secure.gravatar.com\/avatar\/1721b20b3b8ca882c3b56ec6c978c594fff670e40c0718e9190eaeeb76aae7d8?s=96&d=mm&r=g\",\"caption\":\"wpAdminCofbOrg\"},\"sameAs\":[\"http:\/\/192.168.64.122\/wordpress\"],\"url\":\"https:\/\/www.cofb.org\/ca\/author\/wpadmincofborg\/\"}]}<\/script>\n<!-- \/ Yoast SEO plugin. -->","yoast_head_json":{"title":"Infarma Barcelona 2015: 24, 25 i 26 de mar\u00e7 al nou recinte de Gran Via de la Fira de Barcelona - Col\u00b7legi de Farmac\u00e8utics de Barcelona","robots":{"index":"index","follow":"follow","max-snippet":"max-snippet:-1","max-image-preview":"max-image-preview:large","max-video-preview":"max-video-preview:-1"},"canonical":"https:\/\/www.cofb.org\/ca\/2014\/08\/28\/infarma-2015-24-25-i-26-de-marc-al-nou-recinte-de-gran-via-de-la-fira-de-barcelona\/","og_locale":"ca_ES","og_type":"article","og_title":"Infarma Barcelona 2015: 24, 25 i 26 de mar\u00e7 al nou recinte de Gran Via de la Fira de Barcelona - Col\u00b7legi de Farmac\u00e8utics de Barcelona","og_description":"El Comit\u00e8 Cient\u00edfic del Congr\u00e9s i Sal\u00f3 Europeu de Farm\u00e0cia Infarma, format per representants dels Col\u00b7legis de Farmac\u00e8utics de Barcelona i Madrid, ja ha celebrat la primera reuni\u00f3 amb l\u2019objectiu de posar en marxa el disseny del programa de la XXVII edici\u00f3. Ambdues institucions, juntament amb Interalia, s\u2019encarreguen d\u2019organitzar aquest [&hellip;]","og_url":"https:\/\/www.cofb.org\/ca\/2014\/08\/28\/infarma-2015-24-25-i-26-de-marc-al-nou-recinte-de-gran-via-de-la-fira-de-barcelona\/","og_site_name":"Col\u00b7legi de Farmac\u00e8utics de Barcelona","article_publisher":"https:\/\/www.facebook.com\/farmaceuticsbcn\/","article_published_time":"2014-08-28T10:37:31+00:00","author":"wpAdminCofbOrg","twitter_card":"summary_large_image","twitter_creator":"@farmaceuticsbcn","twitter_site":"@farmaceuticsbcn","twitter_misc":{"Escrit per":"wpAdminCofbOrg","Temps estimat de lectura":"2 minuts"},"schema":{"@context":"https:\/\/schema.org","@graph":[{"@type":"Article","@id":"https:\/\/www.cofb.org\/2014\/08\/28\/infarma-2015-24-25-i-26-de-marc-al-nou-recinte-de-gran-via-de-la-fira-de-barcelona\/#article","isPartOf":{"@id":"https:\/\/www.cofb.org\/2014\/08\/28\/infarma-2015-24-25-i-26-de-marc-al-nou-recinte-de-gran-via-de-la-fira-de-barcelona\/"},"author":{"name":"wpAdminCofbOrg","@id":"https:\/\/www.cofb.org\/#\/schema\/person\/22ed7eea88da74b0fa4d3154ad87ffcb"},"headline":"Infarma Barcelona 2015: 24, 25 i 26 de mar\u00e7 al nou recinte de Gran Via de la Fira de Barcelona","datePublished":"2014-08-28T10:37:31+00:00","dateModified":"2014-08-28T10:37:31+00:00","mainEntityOfPage":{"@id":"https:\/\/www.cofb.org\/2014\/08\/28\/infarma-2015-24-25-i-26-de-marc-al-nou-recinte-de-gran-via-de-la-fira-de-barcelona\/"},"wordCount":329,"commentCount":0,"publisher":{"@id":"https:\/\/www.cofb.org\/#organization"},"image":{"@id":"https:\/\/www.cofb.org\/2014\/08\/28\/infarma-2015-24-25-i-26-de-marc-al-nou-recinte-de-gran-via-de-la-fira-de-barcelona\/#primaryimage"},"thumbnailUrl":"","keywords":["Infarma","Oficina de farm\u00e0cia"],"articleSection":["Infarma"],"inLanguage":"ca","potentialAction":[{"@type":"CommentAction","name":"Comment","target":["https:\/\/www.cofb.org\/2014\/08\/28\/infarma-2015-24-25-i-26-de-marc-al-nou-recinte-de-gran-via-de-la-fira-de-barcelona\/#respond"]}]},{"@type":"WebPage","@id":"https:\/\/www.cofb.org\/2014\/08\/28\/infarma-2015-24-25-i-26-de-marc-al-nou-recinte-de-gran-via-de-la-fira-de-barcelona\/","url":"https:\/\/www.cofb.org\/2014\/08\/28\/infarma-2015-24-25-i-26-de-marc-al-nou-recinte-de-gran-via-de-la-fira-de-barcelona\/","name":"Infarma Barcelona 2015: 24, 25 i 26 de mar\u00e7 al nou recinte de Gran Via de la Fira de Barcelona - Col\u00b7legi de Farmac\u00e8utics de Barcelona","isPartOf":{"@id":"https:\/\/www.cofb.org\/#website"},"primaryImageOfPage":{"@id":"https:\/\/www.cofb.org\/2014\/08\/28\/infarma-2015-24-25-i-26-de-marc-al-nou-recinte-de-gran-via-de-la-fira-de-barcelona\/#primaryimage"},"image":{"@id":"https:\/\/www.cofb.org\/2014\/08\/28\/infarma-2015-24-25-i-26-de-marc-al-nou-recinte-de-gran-via-de-la-fira-de-barcelona\/#primaryimage"},"thumbnailUrl":"","datePublished":"2014-08-28T10:37:31+00:00","dateModified":"2014-08-28T10:37:31+00:00","breadcrumb":{"@id":"https:\/\/www.cofb.org\/2014\/08\/28\/infarma-2015-24-25-i-26-de-marc-al-nou-recinte-de-gran-via-de-la-fira-de-barcelona\/#breadcrumb"},"inLanguage":"ca","potentialAction":[{"@type":"ReadAction","target":["https:\/\/www.cofb.org\/2014\/08\/28\/infarma-2015-24-25-i-26-de-marc-al-nou-recinte-de-gran-via-de-la-fira-de-barcelona\/"]}]},{"@type":"ImageObject","inLanguage":"ca","@id":"https:\/\/www.cofb.org\/2014\/08\/28\/infarma-2015-24-25-i-26-de-marc-al-nou-recinte-de-gran-via-de-la-fira-de-barcelona\/#primaryimage","url":"","contentUrl":""},{"@type":"BreadcrumbList","@id":"https:\/\/www.cofb.org\/2014\/08\/28\/infarma-2015-24-25-i-26-de-marc-al-nou-recinte-de-gran-via-de-la-fira-de-barcelona\/#breadcrumb","itemListElement":[{"@type":"ListItem","position":1,"name":"Inici","item":"https:\/\/novaorg.cofb.net\/"},{"@type":"ListItem","position":2,"name":"Infarma Barcelona 2015: 24, 25 i 26 de mar\u00e7 al nou recinte de Gran Via de la Fira de Barcelona"}]},{"@type":"WebSite","@id":"https:\/\/www.cofb.org\/#website","url":"https:\/\/www.cofb.org\/","name":"Col\u00b7legi de Farmac\u00e8utics de Barcelona","description":"","publisher":{"@id":"https:\/\/www.cofb.org\/#organization"},"potentialAction":[{"@type":"SearchAction","target":{"@type":"EntryPoint","urlTemplate":"https:\/\/www.cofb.org\/?s={search_term_string}"},"query-input":"required name=search_term_string"}],"inLanguage":"ca"},{"@type":"Organization","@id":"https:\/\/www.cofb.org\/#organization","name":"Col\u00b7legi de Farmac\u00e8utics de Barcelona","url":"https:\/\/www.cofb.org\/","logo":{"@type":"ImageObject","inLanguage":"ca","@id":"https:\/\/www.cofb.org\/#\/schema\/logo\/image\/","url":"https:\/\/www.cofb.org\/wp-content\/uploads\/2023\/11\/cropped-Logotip-COFB.png","contentUrl":"https:\/\/www.cofb.org\/wp-content\/uploads\/2023\/11\/cropped-Logotip-COFB.png","width":500,"height":105,"caption":"Col\u00b7legi de Farmac\u00e8utics de Barcelona"},"image":{"@id":"https:\/\/www.cofb.org\/#\/schema\/logo\/image\/"},"sameAs":["https:\/\/www.facebook.com\/farmaceuticsbcn\/","https:\/\/twitter.com\/farmaceuticsbcn","https:\/\/www.instagram.com\/farmaceuticsbcn\/","https:\/\/www.linkedin.com\/company\/farmaceuticsbcn\/"]},{"@type":"Person","@id":"https:\/\/www.cofb.org\/#\/schema\/person\/22ed7eea88da74b0fa4d3154ad87ffcb","name":"wpAdminCofbOrg","image":{"@type":"ImageObject","inLanguage":"ca","@id":"https:\/\/www.cofb.org\/#\/schema\/person\/image\/","url":"https:\/\/secure.gravatar.com\/avatar\/1721b20b3b8ca882c3b56ec6c978c594fff670e40c0718e9190eaeeb76aae7d8?s=96&d=mm&r=g","contentUrl":"https:\/\/secure.gravatar.com\/avatar\/1721b20b3b8ca882c3b56ec6c978c594fff670e40c0718e9190eaeeb76aae7d8?s=96&d=mm&r=g","caption":"wpAdminCofbOrg"},"sameAs":["http:\/\/192.168.64.122\/wordpress"],"url":"https:\/\/www.cofb.org\/ca\/author\/wpadmincofborg\/"}]}},"uagb_featured_image_src":{"full":false,"thumbnail":false,"medium":false,"medium_large":false,"large":false,"1536x1536":false,"2048x2048":false,"trp-custom-language-flag":false},"uagb_author_info":{"display_name":"wpAdminCofbOrg","author_link":"https:\/\/www.cofb.org\/ca\/author\/wpadmincofborg\/"},"uagb_comment_info":0,"uagb_excerpt":"El Comit\u00e8 Cient\u00edfic del Congr\u00e9s i Sal\u00f3 Europeu de Farm\u00e0cia Infarma, format per representants dels Col\u00b7legis de Farmac\u00e8utics de Barcelona i Madrid, ja ha celebrat la primera reuni\u00f3 amb l\u2019objectiu de posar en marxa el disseny del programa de la XXVII edici\u00f3. Ambdues institucions, juntament amb Interalia, s\u2019encarreguen d\u2019organitzar aquest [&hellip;]","_links":{"self":[{"href":"https:\/\/www.cofb.org\/ca\/wp-json\/wp\/v2\/posts\/8326","targetHints":{"allow":["GET"]}}],"collection":[{"href":"https:\/\/www.cofb.org\/ca\/wp-json\/wp\/v2\/posts"}],"about":[{"href":"https:\/\/www.cofb.org\/ca\/wp-json\/wp\/v2\/types\/post"}],"author":[{"embeddable":true,"href":"https:\/\/www.cofb.org\/ca\/wp-json\/wp\/v2\/users\/1"}],"replies":[{"embeddable":true,"href":"https:\/\/www.cofb.org\/ca\/wp-json\/wp\/v2\/comments?post=8326"}],"version-history":[{"count":0,"href":"https:\/\/www.cofb.org\/ca\/wp-json\/wp\/v2\/posts\/8326\/revisions"}],"wp:featuredmedia":[{"embeddable":true,"href":"https:\/\/www.cofb.org\/ca\/wp-json\/"}],"wp:attachment":[{"href":"https:\/\/www.cofb.org\/ca\/wp-json\/wp\/v2\/media?parent=8326"}],"wp:term":[{"taxonomy":"category","embeddable":true,"href":"https:\/\/www.cofb.org\/ca\/wp-json\/wp\/v2\/categories?post=8326"},{"taxonomy":"post_tag","embeddable":true,"href":"https:\/\/www.cofb.org\/ca\/wp-json\/wp\/v2\/tags?post=8326"}],"curies":[{"name":"wp","href":"https:\/\/api.w.org\/{rel}","templated":true}]}}