{"id":83212,"date":"2025-12-11T12:43:36","date_gmt":"2025-12-11T12:43:36","guid":{"rendered":"https:\/\/www.cofb.org\/?p=83212"},"modified":"2025-12-11T13:23:47","modified_gmt":"2025-12-11T13:23:47","slug":"junta-general-ordinaria-aprovats-els-pressupostos-per-al-2026","status":"publish","type":"post","link":"https:\/\/www.cofb.org\/ca\/2025\/12\/11\/junta-general-ordinaria-aprovats-els-pressupostos-per-al-2026\/","title":{"rendered":"Junta General Ordin\u00e0ria: aprovats els pressupostos per al 2026"},"content":{"rendered":"\n<p>El passat dimecres, 10 de desembre, es va celebrar la <strong>Junta General Ordin\u00e0ria<\/strong> en el <strong>Col\u00b7legi de Farmac\u00e8utics de Barcelona (COFB)<\/strong>, en qu\u00e8 es va <strong>aprovar <\/strong>la<strong> proposta de pressupostos per al 2026<\/strong>. Durant la Junta Ordin\u00e0ria, que es va poder seguir en format presencial i webinar, el tresorer del COFB, <strong>Miquel Recasens<\/strong>, va presentar<strong> l\u2019Informe de Tresoreria<\/strong>; el president del COFB, <strong>Jordi Casas<\/strong>, i la vicepresidenta del COFB, <strong>N\u00faria Bosch<\/strong>, van dur a terme la presentaci\u00f3 de <strong>l\u2019Informe de Presid\u00e8ncia<\/strong>. La Junta tamb\u00e9 va comptar participaci\u00f3 de la secret\u00e0ria del COFB, <strong>Marta Gento<\/strong>.<\/p>\n\n\n\n<figure class=\"wp-block-image size-large\"><a href=\"https:\/\/www.cofb.org\/wp-content\/uploads\/2025\/12\/IMG_20251210_140405_edited-scaled.jpg\" target=\"_blank\" rel=\" noreferrer noopener\"><img fetchpriority=\"high\" decoding=\"async\" width=\"1024\" height=\"576\" src=\"https:\/\/www.cofb.org\/wp-content\/uploads\/2025\/12\/IMG_20251210_140405_edited-1024x576.jpg\" alt=\"Presentaci\u00f3 dels informes de Presid\u00e8ncia i Tresoreria a la Junta Ordin\u00e0ria per part del president, Jordi Casas; la secret\u00e0ria, Marta Gento (esquerra) i del tresorer, Miquel Recasens (dreta).\" class=\"wp-image-83325\" srcset=\"https:\/\/www.cofb.org\/wp-content\/uploads\/2025\/12\/IMG_20251210_140405_edited-1024x576.jpg 1024w, https:\/\/www.cofb.org\/wp-content\/uploads\/2025\/12\/IMG_20251210_140405_edited-300x169.jpg 300w, https:\/\/www.cofb.org\/wp-content\/uploads\/2025\/12\/IMG_20251210_140405_edited-768x432.jpg 768w, https:\/\/www.cofb.org\/wp-content\/uploads\/2025\/12\/IMG_20251210_140405_edited-1536x865.jpg 1536w, https:\/\/www.cofb.org\/wp-content\/uploads\/2025\/12\/IMG_20251210_140405_edited-2048x1153.jpg 2048w, https:\/\/www.cofb.org\/wp-content\/uploads\/2025\/12\/IMG_20251210_140405_edited-18x10.jpg 18w\" sizes=\"(max-width: 1024px) 100vw, 1024px\" \/><\/a><figcaption class=\"wp-element-caption\">Presentaci\u00f3 dels informes de Presid\u00e8ncia i Tresoreria a la Junta Ordin\u00e0ria per part del president, Jordi Casas; la secret\u00e0ria, Marta Gento (esquerra) i del tresorer, Miquel Recasens (dreta).<\/figcaption><\/figure>\n\n\n\n<h2 class=\"wp-block-heading\">Informe de Tresoreria<\/h2>\n\n\n\n<p>El tresorer del COFB,&nbsp;<strong>Miquel Recasens<\/strong>, va explicar la proposta de <strong>pressupost per al&nbsp;2026<\/strong>&nbsp;compartint les l\u00ednies priorit\u00e0ries de l\u2019equip de govern: <strong>l\u2019aposta per la tecnologia <\/strong>i la<strong> intel\u00b7lig\u00e8ncia artificial<\/strong>, el <strong>desenvolupament professional i formatiu<\/strong>, la determinaci\u00f3 de continuar<strong> incrementant l\u2019activitat de COFBserveis<\/strong> i la rellev\u00e0ncia de les diferents<strong> iniciatives de comunicaci\u00f3 institucional<\/strong>.<\/p>\n\n\n\n<h4 class=\"wp-block-heading\"><strong>Novetats en les quotes col\u00b7legials<\/strong><\/h4>\n\n\n\n<p>El tresorer del COFB va presentar les seg\u00fcents novetats en les quotes: \u201cAquest 2026 s\u2019aplicar\u00e0 un&nbsp;<strong>increment lineal del 2,4%<\/strong> a totes les quotes per acabar<strong> d\u2019ajustar el Pressupost a zero<\/strong>\u201d. Va remarcar que l\u2019aportaci\u00f3 dels ingressos de <strong>INFARMA <\/strong>i de <strong>COFBserveis <\/strong>anaven<strong> augmentant any a any i<\/strong> que ajudaven a contenir els increments de quotes. Una novetat destacable tamb\u00e9 va ser que s\u2019introduir\u00e0 una&nbsp;<strong>bonificaci\u00f3 <\/strong>del <strong>50%&nbsp;en la&nbsp;quota b\u00e0sica <\/strong>exercent, aplicable fins als 26 anys, per ajudar i afavorir la continu\u00eftat de la col\u00b7legiaci\u00f3 als m\u00e9s joves.<\/p>\n\n\n\n<p>D\u2019altra banda, Recasens va descriure una&nbsp;<strong>nova quota de col\u00b7legiaci\u00f3 de reingr\u00e9s<\/strong> de 150\u20ac pels casos de segones i posteriors col\u00b7legiacions, orientada a incentivar el manteniment de la condici\u00f3 de col\u00b7legiat en alguna de les seves formes. Aix\u00ed mateix, va destacar l\u2019actualitzaci\u00f3 despr\u00e9s de molts anys del cost dels serveis de<strong> Canvi de titularitat d\u2019oficina de farm\u00e0cia<\/strong> i de <strong>Nomenament de titulars i regents de farm\u00e0cia<\/strong>.<\/p>\n\n\n\n<h4 class=\"wp-block-heading\"><strong><strong>Apostar per la tecnologia i la intel\u00b7lig\u00e8ncia artificial<\/strong><\/strong><\/h4>\n\n\n\n<p>Recasens va afirmar que \u201ccada vegada estan agafant <strong>m\u00e9s import\u00e0ncia les&nbsp;partides lligades a la tecnologia<\/strong>\u201d. Tamb\u00e9 va informar de la decisi\u00f3 d\u2019estudiar<strong> eines d\u2019intel\u00b7lig\u00e8ncia artificial<\/strong> per aplicar-les a tasques com an\u00e0lisi de&nbsp;reclamacions i trucades&nbsp;o a un nou cercador per la&nbsp;web del COFB.<\/p>\n\n\n\n<figure class=\"wp-block-image size-large\"><a href=\"https:\/\/www.cofb.org\/wp-content\/uploads\/2025\/12\/IMG_20251210_140525_edited-scaled.jpg\" target=\"_blank\" rel=\" noreferrer noopener\"><img decoding=\"async\" width=\"1024\" height=\"576\" src=\"https:\/\/www.cofb.org\/wp-content\/uploads\/2025\/12\/IMG_20251210_140525_edited-1024x576.jpg\" alt=\"El tresorer del COFB, Miquel Recasens, en un moment de la seva presentaci\u00f3 de l'Informe de Tresoreria.\" class=\"wp-image-83279\" srcset=\"https:\/\/www.cofb.org\/wp-content\/uploads\/2025\/12\/IMG_20251210_140525_edited-1024x576.jpg 1024w, https:\/\/www.cofb.org\/wp-content\/uploads\/2025\/12\/IMG_20251210_140525_edited-300x169.jpg 300w, https:\/\/www.cofb.org\/wp-content\/uploads\/2025\/12\/IMG_20251210_140525_edited-768x432.jpg 768w, https:\/\/www.cofb.org\/wp-content\/uploads\/2025\/12\/IMG_20251210_140525_edited-1536x864.jpg 1536w, https:\/\/www.cofb.org\/wp-content\/uploads\/2025\/12\/IMG_20251210_140525_edited-2048x1152.jpg 2048w, https:\/\/www.cofb.org\/wp-content\/uploads\/2025\/12\/IMG_20251210_140525_edited-18x10.jpg 18w\" sizes=\"(max-width: 1024px) 100vw, 1024px\" \/><\/a><figcaption class=\"wp-element-caption\">El tresorer del COFB, Miquel Recasens, en un moment de la seva presentaci\u00f3 de l&#8217;Informe de Tresoreria.<\/figcaption><\/figure>\n\n\n\n<p>Alhora, va especificar que&nbsp;\u201ces mantenen les <strong>dotacions per a Beques i Premis<\/strong> i els pressupostos per donar suport a les <strong>comissions col\u00b7legials i als grups de treball<\/strong>\u201d&nbsp;i que \u201ces continua donant&nbsp;suport a l\u2019estructura de coordinadors i delegats\u201d. A m\u00e9s, Recasens va afirmar que \u201ces reservar\u00e0 una dotaci\u00f3 del pressupost de Comunicaci\u00f3 per afrontar una possible prolongaci\u00f3 de la campanya <strong>LA MEVA FARM\u00c0CIA, LA MEVA SALUT<\/strong> de les Unitats m\u00f2bils\u201d.<\/p>\n\n\n\n<p><\/p>\n\n\n\n<h2 class=\"wp-block-heading\">Informe de Presid\u00e8ncia<\/h2>\n\n\n\n<p>A continuaci\u00f3, el president del COFB, <strong>Jordi Casas<\/strong>, va presentar <strong>l\u2019Informe de Presid\u00e8ncia<\/strong>, on va compartir algunes de les novetats en relaci\u00f3 amb: l\u2019actualitat normativa, projectes estrat\u00e8gics digitals, projectes estrat\u00e8gics assistencials, prestaci\u00f3 farmac\u00e8utica i actualitat del COFB.<\/p>\n\n\n\n<h4 class=\"wp-block-heading\"><strong>Actualitat normativa<\/strong><\/h4>\n\n\n\n<p>Casas va comen\u00e7ar el primer bloc, lligat a l\u2019<strong>actualitat normativa<\/strong>, on va parlar del <a href=\"https:\/\/www.cofb.org\/ca\/que-oferim\/ciutadans\/serveis-a-la-poblacio\/seguiment-farmacoterapeutic-amb-sistemes-personalitzats-de-dosificacio-spd\/\" target=\"_blank\" rel=\"noreferrer noopener\">decret SPD<\/a>: \u201c<strong>1.234 farm\u00e0cies<\/strong> ja han presentat<strong> la declaraci\u00f3 responsable<\/strong> per prestar el servei\u201d. <\/p>\n\n\n\n<p>Tamb\u00e9 va analitzar la situaci\u00f3 de l\u2019estat de la<strong> Ley de los medicamentos y productos sanitarios<\/strong> i la<a href=\"https:\/\/www.cofb.org\/ca\/2025\/05\/29\/els-farmaceutics-catalans-defensen-una-nova-llei-dordenacio-i-atencio-farmaceutica-que-integri-la-farmacia-al-sistema-de-salut\/\" target=\"_blank\" rel=\"noreferrer noopener\"> Llei d\u2019ordenaci\u00f3 i atenci\u00f3 farmac\u00e8utica de Catalunya<\/a>, junt amb el Reial Decret 903\/2025 en refer\u00e8ncia al <strong>c\u00e0nnabis medicinal<\/strong>. Pel que fa a aquest \u00faltim Reial Decret, Casas va informar que &#8220;el COFB va fer un <strong>posicionament al respecte<\/strong> i un comunicat, defensant que era un primer pas que obria la possibilitat d&#8217;elaborar f\u00f2rmules magistrals que continguessin preparats de c\u00e0nnabis, per\u00f2 que la dispensaci\u00f3 a trav\u00e9s de les farm\u00e0cies comunit\u00e0ries \u00e9s un canal que tamb\u00e9 s\u2019hauria de contemplar&#8221;.<\/p>\n\n\n\n<p>A m\u00e9s, tamb\u00e9 es va fer refer\u00e8ncia a les <strong>Especialitats via FIR <\/strong>impulsades pel Ministeri de Sanitat, com s\u00f3n el<strong> t\u00edtol d\u2019especialista en Laboratori Cl\u00ednic<\/strong> i la creaci\u00f3 de les especialitats de <strong>Gen\u00e8tica M\u00e8dica i Gen\u00e8tica de Laboratori<\/strong>.<\/p>\n\n\n\n<h4 class=\"wp-block-heading\"><strong>Projectes estrat\u00e8gics digitals<\/strong><\/h4>\n\n\n\n<p>Seguidament, Casas va abordar durant la Junta General Ordin\u00e0ria els diferents projectes estrat\u00e8gics digitals del COFB: <strong>Oficina de farm\u00e0cia lliure de papers<\/strong> (OFLLP), les novetats a <strong>Farmaserveis <\/strong>i La <strong>Meva Farm\u00e0cia<\/strong>, la implementaci\u00f3 del <strong>gePAO <\/strong>i la tramitaci\u00f3 electr\u00f2nica del <strong>Programa de Manteniment amb Metadona<\/strong>.<\/p>\n\n\n\n<figure class=\"wp-block-image size-large\"><a href=\"https:\/\/www.cofb.org\/wp-content\/uploads\/2025\/12\/IMG_20251210_150544_edited-1-scaled.jpg\" target=\"_blank\" rel=\" noreferrer noopener\"><img decoding=\"async\" width=\"1024\" height=\"575\" src=\"https:\/\/www.cofb.org\/wp-content\/uploads\/2025\/12\/IMG_20251210_150544_edited-1-1024x575.jpg\" alt=\"\" class=\"wp-image-83335\" srcset=\"https:\/\/www.cofb.org\/wp-content\/uploads\/2025\/12\/IMG_20251210_150544_edited-1-1024x575.jpg 1024w, https:\/\/www.cofb.org\/wp-content\/uploads\/2025\/12\/IMG_20251210_150544_edited-1-300x169.jpg 300w, https:\/\/www.cofb.org\/wp-content\/uploads\/2025\/12\/IMG_20251210_150544_edited-1-768x431.jpg 768w, https:\/\/www.cofb.org\/wp-content\/uploads\/2025\/12\/IMG_20251210_150544_edited-1-1536x863.jpg 1536w, https:\/\/www.cofb.org\/wp-content\/uploads\/2025\/12\/IMG_20251210_150544_edited-1-2048x1150.jpg 2048w, https:\/\/www.cofb.org\/wp-content\/uploads\/2025\/12\/IMG_20251210_150544_edited-1-18x10.jpg 18w\" sizes=\"(max-width: 1024px) 100vw, 1024px\" \/><\/a><figcaption class=\"wp-element-caption\">El president del COFB, Jordi Casas, durant la presentaci\u00f3 de l&#8217;Informe de Presid\u00e8ncia.<\/figcaption><\/figure>\n\n\n\n<p>Pel que fa a l\u2019aplicaci\u00f3 <strong>La Meva Farm\u00e0cia<\/strong>, va enumerar les diferents actualitzacions que es realitzaran en els mesos vinents, com \u201cla incorporaci\u00f3 del xat farm\u00e0cia-pacient, la notificaci\u00f3 de dispensacions i la mostra d\u2019informes de pressi\u00f3 arterial\u201d. Per acabar, Casas va parlar de <strong>gePAO<\/strong>, &#8220;aplicatiu per <strong>digitalitzar <\/strong>tot el proc\u00e9s de <strong>prestacions ortoprot\u00e8tiques<\/strong> dins el Sistema Nacional de Salut&#8221;.<\/p>\n\n\n\n<h4 class=\"wp-block-heading\"><strong>Projectes estrat\u00e8gics assistencials<\/strong><\/h4>\n\n\n\n<p>Amb relaci\u00f3 a les novetats dels projectes estrat\u00e8gics assistencials, en el quart bloc, el president del COFB va destacar la unitat m\u00f2bil \u201c<a href=\"https:\/\/www.cofb.org\/ca\/que-oferim\/ciutadans\/serveis-a-la-poblacio\/campanya-la-meva-farmacia-la-meva-salut\/\" target=\"_blank\" rel=\"noreferrer noopener\">La meva farm\u00e0cia, la meva salut<\/a>\u201d, campanya en qu\u00e8 en un total de 12 municipis, els farmac\u00e8utics i farmac\u00e8utiques volunt\u00e0ries van oferir a la ciutadania, de manera gratu\u00efta, una <strong>mostra dels serveis professionals<\/strong> que realitzen per la cura de la seva salut, m\u00e9s enll\u00e0 de la<strong> dispensaci\u00f3 de medicaments<\/strong>.<\/p>\n\n\n\n<p>Un altre projecte destacat per Casas va ser la <a href=\"https:\/\/www.cofb.org\/ca\/2025\/10\/16\/mes-de-3-200-farmacies-catalanes-simpliquen-per-augmentar-la-cobertura-vacunal-i-protegir-la-poblacio-de-risc\/\" target=\"_blank\" rel=\"noreferrer noopener\">campanya poblacional de vacunaci\u00f3 contra la grip i la COVID-19<\/a>, impulsada pel Departament de Salut i el Consell de Col\u00b7legis Farmac\u00e8utics de Catalunya (CCFC). En aquest sentit, va fer refer\u00e8ncia al fet que aquest passat dimarts &#8220;es va decretar l&#8217;obligatorietat de mascaretes a hospitals i centres sanitaris, per\u00f2 no a farm\u00e0cies&#8221;.<\/p>\n\n\n\n<p>Pel que fa al <strong>Programa de Detecci\u00f3 Preco\u00e7 de C\u00e0ncer de Coll Uter\u00ed<\/strong>, va compartir que compta amb la participaci\u00f3 d\u2019un total de 143 farm\u00e0cies: \u201ca partir del gener de 2026 s\u2019integraran al programa 41 farm\u00e0cies de diferents municipis de la prov\u00edncia de Barcelona\u201d.<\/p>\n\n\n\n<p>Altres iniciatives que el president del COFB va valorar van ser la <strong>Xarxa de farm\u00e0cies sentinella<\/strong>, que al per\u00edode 2026-2027 comptar\u00e0 amb 19 farm\u00e0cies m\u00e9s; la <strong>guia de prevenci\u00f3 del su\u00efcidi<\/strong> i la <strong>campanya de recepta electr\u00f2nica privada<\/strong>. En aquesta \u00faltima iniciativa, el president del COFB va explicar que &#8220;es busca sensibilitzar sobre la import\u00e0ncia de disposar d&#8217;una recepta m\u00e8dica correctament completada per dispensar un medicament subjecte a prescripci\u00f3&#8221;.<\/p>\n\n\n\n<h4 class=\"wp-block-heading\"><strong>Prestaci\u00f3 farmac\u00e8utica<\/strong><\/h4>\n\n\n\n<p>A l&#8217;apartat de prestaci\u00f3 farmac\u00e8utica, es va fer refer\u00e8ncia  al cup\u00f3 precinte, els <strong>AIU<\/strong> i als algoritmes de substituci\u00f3. Alhora, va fer menci\u00f3 al grup de treball transversal i t\u00e8cnic que s&#8217;ha creat per abordar les dificultats de subministrament de medicaments a Catalunya. <\/p>\n\n\n\n<h4 class=\"wp-block-heading\"><strong>Actualitat COFB<\/strong><\/h4>\n\n\n\n<p>Al cinqu\u00e8 i \u00faltim bloc, la vicepresidenta del COFB, <strong>N\u00faria Bosch<\/strong>, va destacar l\u2019actualitat m\u00e9s immediata del col\u00b7legi, centrant-se en la inauguraci\u00f3 del <a href=\"https:\/\/www.cofb.org\/ca\/2025\/10\/16\/el-cofb-posa-en-marxa-un-certificat-dactualitzacio-per-acreditar-la-formacio-dels-collegiats\/\" target=\"_blank\" rel=\"noreferrer noopener\">Programa Formaci\u00f3 Continuada 2025-2026<\/a>: &#8220;Es dona import\u00e0ncia a l&#8217;obtenci\u00f3 de <strong>patrocinis <\/strong>per aconseguir el <strong>m\u00e0xim nombre de formacions<\/strong> per tots els col\u00b7legiats&#8221;. Tamb\u00e9 va valorar les cinc \u00e0rees d&#8217;actualitzaci\u00f3 que s&#8217;han creat (actualitzaci\u00f3 terap\u00e8utica, alimentaci\u00f3 i nutrici\u00f3, dermofarm\u00e0cia i productes sanitaris, fitoter\u00e0pia i salut animal), lligades a l&#8217;obtenci\u00f3 d&#8217;un Certificat d&#8217;Actualitzaci\u00f3 (CA).<\/p>\n\n\n\n<figure class=\"wp-block-image size-large\"><a href=\"https:\/\/www.cofb.org\/wp-content\/uploads\/2025\/12\/1765393083512_edited-scaled.jpg\" target=\"_blank\" rel=\" noreferrer noopener\"><img loading=\"lazy\" decoding=\"async\" width=\"1024\" height=\"575\" src=\"https:\/\/www.cofb.org\/wp-content\/uploads\/2025\/12\/1765393083512_edited-1024x575.jpg\" alt=\"N\u00faria Bosch, vicepresidenta del COFB, va analitzar l'actualitat del COFB.\" class=\"wp-image-83313\" srcset=\"https:\/\/www.cofb.org\/wp-content\/uploads\/2025\/12\/1765393083512_edited-1024x575.jpg 1024w, https:\/\/www.cofb.org\/wp-content\/uploads\/2025\/12\/1765393083512_edited-300x169.jpg 300w, https:\/\/www.cofb.org\/wp-content\/uploads\/2025\/12\/1765393083512_edited-768x432.jpg 768w, https:\/\/www.cofb.org\/wp-content\/uploads\/2025\/12\/1765393083512_edited-1536x863.jpg 1536w, https:\/\/www.cofb.org\/wp-content\/uploads\/2025\/12\/1765393083512_edited-2048x1151.jpg 2048w, https:\/\/www.cofb.org\/wp-content\/uploads\/2025\/12\/1765393083512_edited-18x10.jpg 18w\" sizes=\"(max-width: 1024px) 100vw, 1024px\" \/><\/a><figcaption class=\"wp-element-caption\">N\u00faria Bosch, vicepresidenta del COFB, va analitzar l&#8217;actualitat del COFB.<\/figcaption><\/figure>\n\n\n\n<p>Un altre tema que va abordar Bosch va ser la <strong>Diada del Farmac\u00e8utic 2025<\/strong> i les iniciatives de <strong>Comprom\u00eds Social <\/strong>que s&#8217;han impulsat: col\u00b7laboraci\u00f3 amb La Marat\u00f3 de 3cat i l&#8217;adaptaci\u00f3 de <strong>Farmaguia <\/strong>per a persones amb discapacitat visual. Tot seguit, va repassar els<strong> principals actes institucionals<\/strong> als quals s&#8217;ha assistit &#8220;per estar presents a tots els \u00e0mbits lligats a salut&#8221;. Tamb\u00e9 va explicar el butllet\u00ed &#8220;Posa\u2019t al dia&#8221;, una nova comunicaci\u00f3 adre\u00e7ada als diferents \u00e0mbits d&#8217;exercici per facilitar als farmac\u00e8utics que consultin qu\u00e8 \u00e9s el m\u00e9s destacat de la setmana.<\/p>\n\n\n\n<p>Finalment, la vicepresidenta del COFB va fer refer\u00e8ncia a la import\u00e0ncia que els col\u00b7legiats actualitzin le<strong>s bases de dades<\/strong> i, per acabar, va fer menci\u00f3 de les<strong> repercussions m\u00e9s destacades als mitjans<\/strong>, amb les quals s&#8217;ha continuat posant en valor el rol assistencial del farmac\u00e8utic.<\/p>\n\n\n\n<p><\/p>\n\n\n\n<p><\/p>\n","protected":false},"excerpt":{"rendered":"<p>El passat dimecres, 10 de desembre, es va celebrar la Junta General Ordin\u00e0ria en el Col\u00b7legi de Farmac\u00e8utics de Barcelona (COFB), en qu\u00e8 es va aprovar la proposta de pressupostos per al 2026. Durant la Junta Ordin\u00e0ria, que es va poder seguir en format presencial i webinar, el tresorer del [&hellip;]<\/p>\n","protected":false},"author":10,"featured_media":83325,"comment_status":"closed","ping_status":"closed","sticky":false,"template":"","format":"standard","meta":{"_uag_custom_page_level_css":"","site-sidebar-layout":"default","site-content-layout":"","ast-site-content-layout":"default","site-content-style":"default","site-sidebar-style":"default","ast-global-header-display":"","ast-banner-title-visibility":"","ast-main-header-display":"","ast-hfb-above-header-display":"","ast-hfb-below-header-display":"","ast-hfb-mobile-header-display":"","site-post-title":"","ast-breadcrumbs-content":"","ast-featured-img":"disabled","footer-sml-layout":"","theme-transparent-header-meta":"","adv-header-id-meta":"","stick-header-meta":"","header-above-stick-meta":"","header-main-stick-meta":"","header-below-stick-meta":"","astra-migrate-meta-layouts":"set","ast-page-background-enabled":"default","ast-page-background-meta":{"desktop":{"background-color":"var(--ast-global-color-4)","background-image":"","background-repeat":"repeat","background-position":"center center","background-size":"auto","background-attachment":"scroll","background-type":"","background-media":"","overlay-type":"","overlay-color":"","overlay-opacity":"","overlay-gradient":""},"tablet":{"background-color":"","background-image":"","background-repeat":"repeat","background-position":"center center","background-size":"auto","background-attachment":"scroll","background-type":"","background-media":"","overlay-type":"","overlay-color":"","overlay-opacity":"","overlay-gradient":""},"mobile":{"background-color":"","background-image":"","background-repeat":"repeat","background-position":"center center","background-size":"auto","background-attachment":"scroll","background-type":"","background-media":"","overlay-type":"","overlay-color":"","overlay-opacity":"","overlay-gradient":""}},"ast-content-background-meta":{"desktop":{"background-color":"var(--ast-global-color-5)","background-image":"","background-repeat":"repeat","background-position":"center center","background-size":"auto","background-attachment":"scroll","background-type":"","background-media":"","overlay-type":"","overlay-color":"","overlay-opacity":"","overlay-gradient":""},"tablet":{"background-color":"var(--ast-global-color-5)","background-image":"","background-repeat":"repeat","background-position":"center center","background-size":"auto","background-attachment":"scroll","background-type":"","background-media":"","overlay-type":"","overlay-color":"","overlay-opacity":"","overlay-gradient":""},"mobile":{"background-color":"var(--ast-global-color-5)","background-image":"","background-repeat":"repeat","background-position":"center center","background-size":"auto","background-attachment":"scroll","background-type":"","background-media":"","overlay-type":"","overlay-color":"","overlay-opacity":"","overlay-gradient":""}},"footnotes":""},"categories":[23,57],"tags":[5188,5419,5191,64,18,5192,4786,553,5189,52,4726,70,413,415,247,4404,4407,5190,76,5418,4852,5420],"class_list":["post-83212","post","type-post","status-publish","format-standard","has-post-thumbnail","hentry","category-destacats","category-mon-collegial","tag-actualitat-cofb","tag-actualitat-normativa","tag-atencio-al-nou-collegiat","tag-atencio-farmaceutica","tag-cofb","tag-collegiada","tag-collegiat","tag-comunicacio","tag-el-meu-cofb","tag-farmaceutic","tag-farmaceutica","tag-formacio","tag-informe-de-presidencia","tag-informe-de-tresoreria","tag-jordi-casas","tag-marta-gento","tag-miquel-recasens","tag-nou-collegiat-da","tag-oficina-de-farmacia","tag-pressupost-2026","tag-prestacio-farmaceutica","tag-projectes-estrategics-assistencials"],"yoast_head":"<!-- This site is optimized with the Yoast SEO plugin v22.4 - https:\/\/yoast.com\/wordpress\/plugins\/seo\/ -->\n<title>Junta General Ordin\u00e0ria: aprovats els pressupostos per al 2026 - Col\u00b7legi de Farmac\u00e8utics de Barcelona<\/title>\n<meta name=\"description\" content=\"El passat dimecres va tenir lloc la Junta General Ordin\u00e0ria en el COFB, en qu\u00e8 es va aprovar la proposta de pressupost per al 2026.\" \/>\n<meta name=\"robots\" content=\"index, follow, max-snippet:-1, max-image-preview:large, max-video-preview:-1\" \/>\n<link rel=\"canonical\" href=\"https:\/\/www.cofb.org\/ca\/2025\/12\/11\/junta-general-ordinaria-aprovats-els-pressupostos-per-al-2026\/\" \/>\n<meta property=\"og:locale\" content=\"ca_ES\" \/>\n<meta property=\"og:type\" content=\"article\" \/>\n<meta property=\"og:title\" content=\"Junta General Ordin\u00e0ria: aprovats els pressupostos per al 2026 - Col\u00b7legi de Farmac\u00e8utics de Barcelona\" \/>\n<meta property=\"og:description\" content=\"El passat dimecres va tenir lloc la Junta General Ordin\u00e0ria en el COFB, en qu\u00e8 es va aprovar la proposta de pressupost per al 2026.\" \/>\n<meta property=\"og:url\" content=\"https:\/\/www.cofb.org\/ca\/2025\/12\/11\/junta-general-ordinaria-aprovats-els-pressupostos-per-al-2026\/\" \/>\n<meta property=\"og:site_name\" content=\"Col\u00b7legi de Farmac\u00e8utics de Barcelona\" \/>\n<meta property=\"article:publisher\" content=\"https:\/\/www.facebook.com\/farmaceuticsbcn\/\" \/>\n<meta property=\"article:published_time\" content=\"2025-12-11T12:43:36+00:00\" \/>\n<meta property=\"article:modified_time\" content=\"2025-12-11T13:23:47+00:00\" \/>\n<meta property=\"og:image\" content=\"https:\/\/www.cofb.org\/wp-content\/uploads\/2025\/12\/IMG_20251210_140405_edited-scaled.jpg\" \/>\n\t<meta property=\"og:image:width\" content=\"2560\" \/>\n\t<meta property=\"og:image:height\" content=\"1441\" \/>\n\t<meta property=\"og:image:type\" content=\"image\/jpeg\" \/>\n<meta name=\"author\" content=\"Xavier Magraner\" \/>\n<meta name=\"twitter:card\" content=\"summary_large_image\" \/>\n<meta name=\"twitter:creator\" content=\"@farmaceuticsbcn\" \/>\n<meta name=\"twitter:site\" content=\"@farmaceuticsbcn\" \/>\n<meta name=\"twitter:label1\" content=\"Escrit per\" \/>\n\t<meta name=\"twitter:data1\" content=\"Xavier Magraner\" \/>\n\t<meta name=\"twitter:label2\" content=\"Temps estimat de lectura\" \/>\n\t<meta name=\"twitter:data2\" content=\"9 minuts\" \/>\n<script type=\"application\/ld+json\" class=\"yoast-schema-graph\">{\"@context\":\"https:\/\/schema.org\",\"@graph\":[{\"@type\":\"Article\",\"@id\":\"https:\/\/www.cofb.org\/2025\/12\/11\/junta-general-ordinaria-aprovats-els-pressupostos-per-al-2026\/#article\",\"isPartOf\":{\"@id\":\"https:\/\/www.cofb.org\/2025\/12\/11\/junta-general-ordinaria-aprovats-els-pressupostos-per-al-2026\/\"},\"author\":{\"name\":\"Xavier Magraner\",\"@id\":\"https:\/\/www.cofb.org\/#\/schema\/person\/e46d741cfb92c985a083d163d8270ae4\"},\"headline\":\"Junta General Ordin\u00e0ria: aprovats els pressupostos per al 2026\",\"datePublished\":\"2025-12-11T12:43:36+00:00\",\"dateModified\":\"2025-12-11T13:23:47+00:00\",\"mainEntityOfPage\":{\"@id\":\"https:\/\/www.cofb.org\/2025\/12\/11\/junta-general-ordinaria-aprovats-els-pressupostos-per-al-2026\/\"},\"wordCount\":1499,\"publisher\":{\"@id\":\"https:\/\/www.cofb.org\/#organization\"},\"image\":{\"@id\":\"https:\/\/www.cofb.org\/2025\/12\/11\/junta-general-ordinaria-aprovats-els-pressupostos-per-al-2026\/#primaryimage\"},\"thumbnailUrl\":\"https:\/\/www.cofb.org\/wp-content\/uploads\/2025\/12\/IMG_20251210_140405_edited-scaled.jpg\",\"keywords\":[\"actualitat COFB\",\"actualitat normativa\",\"atenci\u00f3 al nou col\u00b7legiat\",\"Atenci\u00f3 farmac\u00e8utica\",\"COFB\",\"col\u00b7legiada\",\"Col\u00b7legiat\",\"comunicaci\u00f3\",\"El meu COFB\",\"farmac\u00e8utic\",\"farmac\u00e8utica\",\"Formaci\u00f3\",\"informe de presid\u00e8ncia\",\"informe de tresoreria\",\"Jordi Casas\",\"Marta Gento\",\"Miquel Recasens\",\"nou col\u00b7legiat\/da\",\"Oficina de farm\u00e0cia\",\"pressupost 2026\",\"prestaci\u00f3 farmac\u00e8utica\",\"projectes estrat\u00e8gics assistencials\"],\"articleSection\":[\"Destacats\",\"M\u00f3n col\u00b7legial\"],\"inLanguage\":\"ca\"},{\"@type\":\"WebPage\",\"@id\":\"https:\/\/www.cofb.org\/2025\/12\/11\/junta-general-ordinaria-aprovats-els-pressupostos-per-al-2026\/\",\"url\":\"https:\/\/www.cofb.org\/2025\/12\/11\/junta-general-ordinaria-aprovats-els-pressupostos-per-al-2026\/\",\"name\":\"Junta General Ordin\u00e0ria: aprovats els pressupostos per al 2026 - Col\u00b7legi de Farmac\u00e8utics de Barcelona\",\"isPartOf\":{\"@id\":\"https:\/\/www.cofb.org\/#website\"},\"primaryImageOfPage\":{\"@id\":\"https:\/\/www.cofb.org\/2025\/12\/11\/junta-general-ordinaria-aprovats-els-pressupostos-per-al-2026\/#primaryimage\"},\"image\":{\"@id\":\"https:\/\/www.cofb.org\/2025\/12\/11\/junta-general-ordinaria-aprovats-els-pressupostos-per-al-2026\/#primaryimage\"},\"thumbnailUrl\":\"https:\/\/www.cofb.org\/wp-content\/uploads\/2025\/12\/IMG_20251210_140405_edited-scaled.jpg\",\"datePublished\":\"2025-12-11T12:43:36+00:00\",\"dateModified\":\"2025-12-11T13:23:47+00:00\",\"description\":\"El passat dimecres va tenir lloc la Junta General Ordin\u00e0ria en el COFB, en qu\u00e8 es va aprovar la proposta de pressupost per al 2026.\",\"breadcrumb\":{\"@id\":\"https:\/\/www.cofb.org\/2025\/12\/11\/junta-general-ordinaria-aprovats-els-pressupostos-per-al-2026\/#breadcrumb\"},\"inLanguage\":\"ca\",\"potentialAction\":[{\"@type\":\"ReadAction\",\"target\":[\"https:\/\/www.cofb.org\/2025\/12\/11\/junta-general-ordinaria-aprovats-els-pressupostos-per-al-2026\/\"]}]},{\"@type\":\"ImageObject\",\"inLanguage\":\"ca\",\"@id\":\"https:\/\/www.cofb.org\/2025\/12\/11\/junta-general-ordinaria-aprovats-els-pressupostos-per-al-2026\/#primaryimage\",\"url\":\"https:\/\/www.cofb.org\/wp-content\/uploads\/2025\/12\/IMG_20251210_140405_edited-scaled.jpg\",\"contentUrl\":\"https:\/\/www.cofb.org\/wp-content\/uploads\/2025\/12\/IMG_20251210_140405_edited-scaled.jpg\",\"width\":2560,\"height\":1441},{\"@type\":\"BreadcrumbList\",\"@id\":\"https:\/\/www.cofb.org\/2025\/12\/11\/junta-general-ordinaria-aprovats-els-pressupostos-per-al-2026\/#breadcrumb\",\"itemListElement\":[{\"@type\":\"ListItem\",\"position\":1,\"name\":\"Inici\",\"item\":\"https:\/\/novaorg.cofb.net\/\"},{\"@type\":\"ListItem\",\"position\":2,\"name\":\"Junta General Ordin\u00e0ria: aprovats els pressupostos per al 2026\"}]},{\"@type\":\"WebSite\",\"@id\":\"https:\/\/www.cofb.org\/#website\",\"url\":\"https:\/\/www.cofb.org\/\",\"name\":\"Col\u00b7legi de Farmac\u00e8utics de Barcelona\",\"description\":\"\",\"publisher\":{\"@id\":\"https:\/\/www.cofb.org\/#organization\"},\"potentialAction\":[{\"@type\":\"SearchAction\",\"target\":{\"@type\":\"EntryPoint\",\"urlTemplate\":\"https:\/\/www.cofb.org\/?s={search_term_string}\"},\"query-input\":\"required name=search_term_string\"}],\"inLanguage\":\"ca\"},{\"@type\":\"Organization\",\"@id\":\"https:\/\/www.cofb.org\/#organization\",\"name\":\"Col\u00b7legi de Farmac\u00e8utics de Barcelona\",\"url\":\"https:\/\/www.cofb.org\/\",\"logo\":{\"@type\":\"ImageObject\",\"inLanguage\":\"ca\",\"@id\":\"https:\/\/www.cofb.org\/#\/schema\/logo\/image\/\",\"url\":\"https:\/\/www.cofb.org\/wp-content\/uploads\/2023\/11\/cropped-Logotip-COFB.png\",\"contentUrl\":\"https:\/\/www.cofb.org\/wp-content\/uploads\/2023\/11\/cropped-Logotip-COFB.png\",\"width\":500,\"height\":105,\"caption\":\"Col\u00b7legi de Farmac\u00e8utics de Barcelona\"},\"image\":{\"@id\":\"https:\/\/www.cofb.org\/#\/schema\/logo\/image\/\"},\"sameAs\":[\"https:\/\/www.facebook.com\/farmaceuticsbcn\/\",\"https:\/\/twitter.com\/farmaceuticsbcn\",\"https:\/\/www.instagram.com\/farmaceuticsbcn\/\",\"https:\/\/www.linkedin.com\/company\/farmaceuticsbcn\/\"]},{\"@type\":\"Person\",\"@id\":\"https:\/\/www.cofb.org\/#\/schema\/person\/e46d741cfb92c985a083d163d8270ae4\",\"name\":\"Xavier Magraner\",\"image\":{\"@type\":\"ImageObject\",\"inLanguage\":\"ca\",\"@id\":\"https:\/\/www.cofb.org\/#\/schema\/person\/image\/\",\"url\":\"https:\/\/secure.gravatar.com\/avatar\/aa0d1d4df59f71f88eebd5796c5388ff41c58d83c5301eb6e1d65646a289c37d?s=96&d=mm&r=g\",\"contentUrl\":\"https:\/\/secure.gravatar.com\/avatar\/aa0d1d4df59f71f88eebd5796c5388ff41c58d83c5301eb6e1d65646a289c37d?s=96&d=mm&r=g\",\"caption\":\"Xavier Magraner\"},\"url\":\"https:\/\/www.cofb.org\/ca\/author\/xmagraner\/\"}]}<\/script>\n<!-- \/ Yoast SEO plugin. -->","yoast_head_json":{"title":"Junta General Ordin\u00e0ria: aprovats els pressupostos per al 2026 - Col\u00b7legi de Farmac\u00e8utics de Barcelona","description":"El passat dimecres va tenir lloc la Junta General Ordin\u00e0ria en el COFB, en qu\u00e8 es va aprovar la proposta de pressupost per al 2026.","robots":{"index":"index","follow":"follow","max-snippet":"max-snippet:-1","max-image-preview":"max-image-preview:large","max-video-preview":"max-video-preview:-1"},"canonical":"https:\/\/www.cofb.org\/ca\/2025\/12\/11\/junta-general-ordinaria-aprovats-els-pressupostos-per-al-2026\/","og_locale":"ca_ES","og_type":"article","og_title":"Junta General Ordin\u00e0ria: aprovats els pressupostos per al 2026 - Col\u00b7legi de Farmac\u00e8utics de Barcelona","og_description":"El passat dimecres va tenir lloc la Junta General Ordin\u00e0ria en el COFB, en qu\u00e8 es va aprovar la proposta de pressupost per al 2026.","og_url":"https:\/\/www.cofb.org\/ca\/2025\/12\/11\/junta-general-ordinaria-aprovats-els-pressupostos-per-al-2026\/","og_site_name":"Col\u00b7legi de Farmac\u00e8utics de Barcelona","article_publisher":"https:\/\/www.facebook.com\/farmaceuticsbcn\/","article_published_time":"2025-12-11T12:43:36+00:00","article_modified_time":"2025-12-11T13:23:47+00:00","og_image":[{"width":2560,"height":1441,"url":"https:\/\/www.cofb.org\/wp-content\/uploads\/2025\/12\/IMG_20251210_140405_edited-scaled.jpg","type":"image\/jpeg"}],"author":"Xavier Magraner","twitter_card":"summary_large_image","twitter_creator":"@farmaceuticsbcn","twitter_site":"@farmaceuticsbcn","twitter_misc":{"Escrit per":"Xavier Magraner","Temps estimat de lectura":"9 minuts"},"schema":{"@context":"https:\/\/schema.org","@graph":[{"@type":"Article","@id":"https:\/\/www.cofb.org\/2025\/12\/11\/junta-general-ordinaria-aprovats-els-pressupostos-per-al-2026\/#article","isPartOf":{"@id":"https:\/\/www.cofb.org\/2025\/12\/11\/junta-general-ordinaria-aprovats-els-pressupostos-per-al-2026\/"},"author":{"name":"Xavier Magraner","@id":"https:\/\/www.cofb.org\/#\/schema\/person\/e46d741cfb92c985a083d163d8270ae4"},"headline":"Junta General Ordin\u00e0ria: aprovats els pressupostos per al 2026","datePublished":"2025-12-11T12:43:36+00:00","dateModified":"2025-12-11T13:23:47+00:00","mainEntityOfPage":{"@id":"https:\/\/www.cofb.org\/2025\/12\/11\/junta-general-ordinaria-aprovats-els-pressupostos-per-al-2026\/"},"wordCount":1499,"publisher":{"@id":"https:\/\/www.cofb.org\/#organization"},"image":{"@id":"https:\/\/www.cofb.org\/2025\/12\/11\/junta-general-ordinaria-aprovats-els-pressupostos-per-al-2026\/#primaryimage"},"thumbnailUrl":"https:\/\/www.cofb.org\/wp-content\/uploads\/2025\/12\/IMG_20251210_140405_edited-scaled.jpg","keywords":["actualitat COFB","actualitat normativa","atenci\u00f3 al nou col\u00b7legiat","Atenci\u00f3 farmac\u00e8utica","COFB","col\u00b7legiada","Col\u00b7legiat","comunicaci\u00f3","El meu COFB","farmac\u00e8utic","farmac\u00e8utica","Formaci\u00f3","informe de presid\u00e8ncia","informe de tresoreria","Jordi Casas","Marta Gento","Miquel Recasens","nou col\u00b7legiat\/da","Oficina de farm\u00e0cia","pressupost 2026","prestaci\u00f3 farmac\u00e8utica","projectes estrat\u00e8gics assistencials"],"articleSection":["Destacats","M\u00f3n col\u00b7legial"],"inLanguage":"ca"},{"@type":"WebPage","@id":"https:\/\/www.cofb.org\/2025\/12\/11\/junta-general-ordinaria-aprovats-els-pressupostos-per-al-2026\/","url":"https:\/\/www.cofb.org\/2025\/12\/11\/junta-general-ordinaria-aprovats-els-pressupostos-per-al-2026\/","name":"Junta General Ordin\u00e0ria: aprovats els pressupostos per al 2026 - Col\u00b7legi de Farmac\u00e8utics de Barcelona","isPartOf":{"@id":"https:\/\/www.cofb.org\/#website"},"primaryImageOfPage":{"@id":"https:\/\/www.cofb.org\/2025\/12\/11\/junta-general-ordinaria-aprovats-els-pressupostos-per-al-2026\/#primaryimage"},"image":{"@id":"https:\/\/www.cofb.org\/2025\/12\/11\/junta-general-ordinaria-aprovats-els-pressupostos-per-al-2026\/#primaryimage"},"thumbnailUrl":"https:\/\/www.cofb.org\/wp-content\/uploads\/2025\/12\/IMG_20251210_140405_edited-scaled.jpg","datePublished":"2025-12-11T12:43:36+00:00","dateModified":"2025-12-11T13:23:47+00:00","description":"El passat dimecres va tenir lloc la Junta General Ordin\u00e0ria en el COFB, en qu\u00e8 es va aprovar la proposta de pressupost per al 2026.","breadcrumb":{"@id":"https:\/\/www.cofb.org\/2025\/12\/11\/junta-general-ordinaria-aprovats-els-pressupostos-per-al-2026\/#breadcrumb"},"inLanguage":"ca","potentialAction":[{"@type":"ReadAction","target":["https:\/\/www.cofb.org\/2025\/12\/11\/junta-general-ordinaria-aprovats-els-pressupostos-per-al-2026\/"]}]},{"@type":"ImageObject","inLanguage":"ca","@id":"https:\/\/www.cofb.org\/2025\/12\/11\/junta-general-ordinaria-aprovats-els-pressupostos-per-al-2026\/#primaryimage","url":"https:\/\/www.cofb.org\/wp-content\/uploads\/2025\/12\/IMG_20251210_140405_edited-scaled.jpg","contentUrl":"https:\/\/www.cofb.org\/wp-content\/uploads\/2025\/12\/IMG_20251210_140405_edited-scaled.jpg","width":2560,"height":1441},{"@type":"BreadcrumbList","@id":"https:\/\/www.cofb.org\/2025\/12\/11\/junta-general-ordinaria-aprovats-els-pressupostos-per-al-2026\/#breadcrumb","itemListElement":[{"@type":"ListItem","position":1,"name":"Inici","item":"https:\/\/novaorg.cofb.net\/"},{"@type":"ListItem","position":2,"name":"Junta General Ordin\u00e0ria: aprovats els pressupostos per al 2026"}]},{"@type":"WebSite","@id":"https:\/\/www.cofb.org\/#website","url":"https:\/\/www.cofb.org\/","name":"Col\u00b7legi de Farmac\u00e8utics de Barcelona","description":"","publisher":{"@id":"https:\/\/www.cofb.org\/#organization"},"potentialAction":[{"@type":"SearchAction","target":{"@type":"EntryPoint","urlTemplate":"https:\/\/www.cofb.org\/?s={search_term_string}"},"query-input":"required name=search_term_string"}],"inLanguage":"ca"},{"@type":"Organization","@id":"https:\/\/www.cofb.org\/#organization","name":"Col\u00b7legi de Farmac\u00e8utics de Barcelona","url":"https:\/\/www.cofb.org\/","logo":{"@type":"ImageObject","inLanguage":"ca","@id":"https:\/\/www.cofb.org\/#\/schema\/logo\/image\/","url":"https:\/\/www.cofb.org\/wp-content\/uploads\/2023\/11\/cropped-Logotip-COFB.png","contentUrl":"https:\/\/www.cofb.org\/wp-content\/uploads\/2023\/11\/cropped-Logotip-COFB.png","width":500,"height":105,"caption":"Col\u00b7legi de Farmac\u00e8utics de Barcelona"},"image":{"@id":"https:\/\/www.cofb.org\/#\/schema\/logo\/image\/"},"sameAs":["https:\/\/www.facebook.com\/farmaceuticsbcn\/","https:\/\/twitter.com\/farmaceuticsbcn","https:\/\/www.instagram.com\/farmaceuticsbcn\/","https:\/\/www.linkedin.com\/company\/farmaceuticsbcn\/"]},{"@type":"Person","@id":"https:\/\/www.cofb.org\/#\/schema\/person\/e46d741cfb92c985a083d163d8270ae4","name":"Xavier Magraner","image":{"@type":"ImageObject","inLanguage":"ca","@id":"https:\/\/www.cofb.org\/#\/schema\/person\/image\/","url":"https:\/\/secure.gravatar.com\/avatar\/aa0d1d4df59f71f88eebd5796c5388ff41c58d83c5301eb6e1d65646a289c37d?s=96&d=mm&r=g","contentUrl":"https:\/\/secure.gravatar.com\/avatar\/aa0d1d4df59f71f88eebd5796c5388ff41c58d83c5301eb6e1d65646a289c37d?s=96&d=mm&r=g","caption":"Xavier Magraner"},"url":"https:\/\/www.cofb.org\/ca\/author\/xmagraner\/"}]}},"uagb_featured_image_src":{"full":["https:\/\/www.cofb.org\/wp-content\/uploads\/2025\/12\/IMG_20251210_140405_edited-scaled.jpg",2560,1441,false],"thumbnail":["https:\/\/www.cofb.org\/wp-content\/uploads\/2025\/12\/IMG_20251210_140405_edited-150x150.jpg",150,150,true],"medium":["https:\/\/www.cofb.org\/wp-content\/uploads\/2025\/12\/IMG_20251210_140405_edited-300x169.jpg",300,169,true],"medium_large":["https:\/\/www.cofb.org\/wp-content\/uploads\/2025\/12\/IMG_20251210_140405_edited-768x432.jpg",768,432,true],"large":["https:\/\/www.cofb.org\/wp-content\/uploads\/2025\/12\/IMG_20251210_140405_edited-1024x576.jpg",1024,576,true],"1536x1536":["https:\/\/www.cofb.org\/wp-content\/uploads\/2025\/12\/IMG_20251210_140405_edited-1536x865.jpg",1536,865,true],"2048x2048":["https:\/\/www.cofb.org\/wp-content\/uploads\/2025\/12\/IMG_20251210_140405_edited-2048x1153.jpg",2048,1153,true],"trp-custom-language-flag":["https:\/\/www.cofb.org\/wp-content\/uploads\/2025\/12\/IMG_20251210_140405_edited-18x10.jpg",18,10,true]},"uagb_author_info":{"display_name":"Xavier Magraner","author_link":"https:\/\/www.cofb.org\/ca\/author\/xmagraner\/"},"uagb_comment_info":0,"uagb_excerpt":"El passat dimecres, 10 de desembre, es va celebrar la Junta General Ordin\u00e0ria en el Col\u00b7legi de Farmac\u00e8utics de Barcelona (COFB), en qu\u00e8 es va aprovar la proposta de pressupostos per al 2026. Durant la Junta Ordin\u00e0ria, que es va poder seguir en format presencial i webinar, el tresorer del [&hellip;]","_links":{"self":[{"href":"https:\/\/www.cofb.org\/ca\/wp-json\/wp\/v2\/posts\/83212","targetHints":{"allow":["GET"]}}],"collection":[{"href":"https:\/\/www.cofb.org\/ca\/wp-json\/wp\/v2\/posts"}],"about":[{"href":"https:\/\/www.cofb.org\/ca\/wp-json\/wp\/v2\/types\/post"}],"author":[{"embeddable":true,"href":"https:\/\/www.cofb.org\/ca\/wp-json\/wp\/v2\/users\/10"}],"replies":[{"embeddable":true,"href":"https:\/\/www.cofb.org\/ca\/wp-json\/wp\/v2\/comments?post=83212"}],"version-history":[{"count":59,"href":"https:\/\/www.cofb.org\/ca\/wp-json\/wp\/v2\/posts\/83212\/revisions"}],"predecessor-version":[{"id":83337,"href":"https:\/\/www.cofb.org\/ca\/wp-json\/wp\/v2\/posts\/83212\/revisions\/83337"}],"wp:featuredmedia":[{"embeddable":true,"href":"https:\/\/www.cofb.org\/ca\/wp-json\/wp\/v2\/media\/83325"}],"wp:attachment":[{"href":"https:\/\/www.cofb.org\/ca\/wp-json\/wp\/v2\/media?parent=83212"}],"wp:term":[{"taxonomy":"category","embeddable":true,"href":"https:\/\/www.cofb.org\/ca\/wp-json\/wp\/v2\/categories?post=83212"},{"taxonomy":"post_tag","embeddable":true,"href":"https:\/\/www.cofb.org\/ca\/wp-json\/wp\/v2\/tags?post=83212"}],"curies":[{"name":"wp","href":"https:\/\/api.w.org\/{rel}","templated":true}]}}