{"id":82954,"date":"2025-12-03T12:48:47","date_gmt":"2025-12-03T12:48:47","guid":{"rendered":"https:\/\/www.cofb.org\/?p=82954"},"modified":"2025-12-12T13:03:14","modified_gmt":"2025-12-12T13:03:14","slug":"manresa-acull-una-nova-edicio-del-taller-de-productes-de-suport-dautonomia-personal","status":"publish","type":"post","link":"https:\/\/www.cofb.org\/ca\/2025\/12\/03\/manresa-acull-una-nova-edicio-del-taller-de-productes-de-suport-dautonomia-personal\/","title":{"rendered":"Manresa acull una nova edici\u00f3 del taller de productes de suport d\u2019autonomia personal"},"content":{"rendered":"\n<p>El passat 20 de novembre, el <strong>Col\u00b7legi de Farmac\u00e8utics de Barcelona <\/strong>(COFB) va organitzar a la ciutat de <strong>Manresa <\/strong>el \u201c<strong>Taller de productes de suport d\u2019autonomia personal<\/strong>\u201d, amb el patrocini de <a href=\"https:\/\/www.prim.es\/\" target=\"_blank\" rel=\"noreferrer noopener\">PRIM<\/a>. La sessi\u00f3 va anar a c\u00e0rrec de la terapeuta ocupacional i especialista en productes de mobilitat Prim-Teyder,<strong> Ana Bonilla<\/strong>. El taller va ser coordinat per <strong>Llu\u00eds Garc\u00eda<\/strong>, vocal d\u2019Ortop\u00e8dia del COFB.<\/p>\n\n\n\n<figure class=\"wp-block-image size-large\"><a href=\"https:\/\/www.cofb.org\/wp-content\/uploads\/2025\/11\/TALLERS_AUTONOMIA_COFB_25112025_01-scaled.jpg\" target=\"_blank\" rel=\" noreferrer noopener\"><img fetchpriority=\"high\" decoding=\"async\" width=\"1024\" height=\"577\" src=\"https:\/\/www.cofb.org\/wp-content\/uploads\/2025\/11\/TALLERS_AUTONOMIA_COFB_25112025_01-1024x577.jpg\" alt=\"\" class=\"wp-image-82972\" srcset=\"https:\/\/www.cofb.org\/wp-content\/uploads\/2025\/11\/TALLERS_AUTONOMIA_COFB_25112025_01-1024x577.jpg 1024w, https:\/\/www.cofb.org\/wp-content\/uploads\/2025\/11\/TALLERS_AUTONOMIA_COFB_25112025_01-300x169.jpg 300w, https:\/\/www.cofb.org\/wp-content\/uploads\/2025\/11\/TALLERS_AUTONOMIA_COFB_25112025_01-768x432.jpg 768w, https:\/\/www.cofb.org\/wp-content\/uploads\/2025\/11\/TALLERS_AUTONOMIA_COFB_25112025_01-1536x865.jpg 1536w, https:\/\/www.cofb.org\/wp-content\/uploads\/2025\/11\/TALLERS_AUTONOMIA_COFB_25112025_01-2048x1153.jpg 2048w, https:\/\/www.cofb.org\/wp-content\/uploads\/2025\/11\/TALLERS_AUTONOMIA_COFB_25112025_01-18x10.jpg 18w\" sizes=\"(max-width: 1024px) 100vw, 1024px\" \/><\/a><figcaption class=\"wp-element-caption\">Manresa va acollir una nova edici\u00f3 de la formaci\u00f3 &#8220;Taller de productes de suport d&#8217;autonomia personal&#8221;<\/figcaption><\/figure>\n\n\n\n<p>Els principals objectius de la sessi\u00f3 formativa van ser que el farmac\u00e8utic\/a<strong> identifiqui les necessitats dels pacients<\/strong>, <strong>con\u00e8ixer les caracter\u00edstiques<\/strong> i funcionalitats dels diferents productes de suport per a l\u2019autonomia personal, saber <strong>recomanar i aconsellar <\/strong>el correcte <strong>\u00fas d\u2019aquests productes<\/strong> i con\u00e8ixer les <strong>claus per gestionar la categoria<\/strong>.<\/p>\n\n\n\n<h2 class=\"wp-block-heading\">Graus de discapacitat i productes de suport<\/h2>\n\n\n\n<p>Bonilla va comen\u00e7ar la sessi\u00f3 diferenciant una <strong>persona amb discapacitat<\/strong> i un altre amb <strong>depend\u00e8ncia<\/strong>: \u201cEl primer cas s\u2019ent\u00e9n com el d\u00e8ficit en el <strong>funcionament corporal o mental<\/strong>, o el funcionament diferent d\u2019una persona respecte a altres amb les mateixes caracter\u00edstiques o responsabilitats\u201d. Pel que fa a la depend\u00e8ncia, \u201c\u00e9s<strong> l\u2019estat en qu\u00e8 les persones<\/strong>, a causa de la <strong>p\u00e8rdua d\u2019autonomia f\u00edsica<\/strong>, <strong>psicol\u00f2gica <\/strong>o <strong>intel\u00b7lectual<\/strong>, necessiten ajuda important i assist\u00e8ncia per poder dur a terme les<strong> seves activitats di\u00e0ries<\/strong>\u201d.<\/p>\n\n\n\n<p>Despr\u00e9s de valorar els <strong>diferents graus de discapacitat<\/strong>, des del 0 fins al 4, la <strong>terapeuta ocupacional<\/strong> va deixar clar que \u201cla <strong>depend\u00e8ncia <\/strong>pot apar\u00e8ixer en qualsevol moment de la vida, tot i que <strong>l\u2019evid\u00e8ncia emp\u00edrica disponible <\/strong>mostra una estreta <strong>relaci\u00f3 <\/strong>entre la <strong>depend\u00e8ncia i l\u2019aven\u00e7 de l\u2019edat<\/strong>\u201d. Depenent del grau que el pacient pateixi, es van especificar els diferents productes de suport que es poden usar en accions di\u00e0ries com \u00e9s caminar: \u201cExisteixen els bastons, caminadors, la cadira de rodes o la cadira de rodes el\u00e8ctrica\u201d. Pel que fa a l\u2019elecci\u00f3 del material, \u201cla principal difer\u00e8ncia es basa en el pes. Com m\u00e9s actiu \u00e9s un usuari, m\u00e9s lleugera ha de ser la cadira. Com m\u00e9s pes tingui l\u2019usuari, m\u00e9s resistent haur\u00e0 de ser el material\u201d.<\/p>\n\n\n\n<figure class=\"wp-block-image size-large\"><a href=\"https:\/\/www.cofb.org\/wp-content\/uploads\/2025\/11\/TALLERS_AUTONOMIA_COFB_25112025_02-scaled.jpg\" target=\"_blank\" rel=\" noreferrer noopener\"><img decoding=\"async\" width=\"1024\" height=\"577\" src=\"https:\/\/www.cofb.org\/wp-content\/uploads\/2025\/11\/TALLERS_AUTONOMIA_COFB_25112025_02-1024x577.jpg\" alt=\"\" class=\"wp-image-82973\" srcset=\"https:\/\/www.cofb.org\/wp-content\/uploads\/2025\/11\/TALLERS_AUTONOMIA_COFB_25112025_02-1024x577.jpg 1024w, https:\/\/www.cofb.org\/wp-content\/uploads\/2025\/11\/TALLERS_AUTONOMIA_COFB_25112025_02-300x169.jpg 300w, https:\/\/www.cofb.org\/wp-content\/uploads\/2025\/11\/TALLERS_AUTONOMIA_COFB_25112025_02-768x432.jpg 768w, https:\/\/www.cofb.org\/wp-content\/uploads\/2025\/11\/TALLERS_AUTONOMIA_COFB_25112025_02-1536x865.jpg 1536w, https:\/\/www.cofb.org\/wp-content\/uploads\/2025\/11\/TALLERS_AUTONOMIA_COFB_25112025_02-2048x1153.jpg 2048w, https:\/\/www.cofb.org\/wp-content\/uploads\/2025\/11\/TALLERS_AUTONOMIA_COFB_25112025_02-18x10.jpg 18w\" sizes=\"(max-width: 1024px) 100vw, 1024px\" \/><\/a><figcaption class=\"wp-element-caption\">Ana Bonilla ensenyant de manera pr\u00e0ctica com funcionen els diferents dispositius<\/figcaption><\/figure>\n\n\n\n<p>A l\u2019hora de <strong>recomanar diferents productes de suport<\/strong>, Bonilla va explicar una guia pr\u00e0ctica per a tenir en compte entre els farmac\u00e8utics: \u201cPrimer es duu a terme una <strong>avaluaci\u00f3 inicial <\/strong>que permet identificar la necessitat i l\u2019objecte<strong>, l\u2019avaluaci\u00f3 de la persona <\/strong>i <strong>l\u2019an\u00e0lisi del seu entorn<\/strong>\u201d. La <strong>selecci\u00f3 del producte<\/strong> \u00e9s el seg\u00fcent pas, on \u201cs\u2019analitza la <strong>seguretat<\/strong>, <strong>efectivitat<\/strong>, <strong>flexibilitat<\/strong>, la <strong>simplicitat <\/strong>del seu \u00fas, els <strong>materials <\/strong>i <strong>manteniment<\/strong>\u201d. Finalment, \u201cla prova i l\u2019ajustament del producte permet testar-lo i dur a terme els<strong> ajustos necessaris<\/strong> per optimitzar el seu \u00fas\u201d.<\/p>\n\n\n\n<h2 class=\"wp-block-heading\">Ajudes i subvencions<\/h2>\n\n\n\n<p>Per concloure, Bonilla va abordar les diferents<strong> ajudes i subvencions <\/strong>que poden demanar les persones afectades: \u201cTots els usuaris del <strong>Sistema Nacional de Salut (SNS)<\/strong> tindran acc\u00e9s al <strong>cat\u00e0leg com\u00fa<\/strong>, sempre que existeixi una indicaci\u00f3 cl\u00ednica i sanit\u00e0ria per a aix\u00f2, amb independ\u00e8ncia de l\u2019\u00e0mbit geogr\u00e0fic en el qual es trobin. Aquesta prestaci\u00f3 es facilitar\u00e0 pels serveis de salut o donar\u00e0 lloc a ajudes econ\u00f2miques\u201d. En aquesta \u00faltima part de la sessi\u00f3, va compartir que \u201cles comunitats aut\u00f2nomes ofereixen de forma anual convocat\u00f2ries per a<strong> l\u2019adquisici\u00f3 i cessi\u00f3 de productes de suport<\/strong>, que inclouen subvencions individuals amb la finalitat de facilitar i promoure l\u2019autonomia de persones amb problemes motors o sensorials\u201d.<\/p>\n\n\n\n<p class=\"has-text-align-right\"><strong>Amb el patrocini de:<\/strong><\/p>\n\n\n\n<figure class=\"wp-block-image alignright size-full\"><a href=\"https:\/\/www.prim.es\/\" target=\"_blank\" rel=\"noreferrer noopener\"><img decoding=\"async\" width=\"150\" height=\"71\" src=\"https:\/\/www.cofb.org\/wp-content\/uploads\/2025\/06\/logo-prim.png\" alt=\"\" class=\"wp-image-81456\" srcset=\"https:\/\/www.cofb.org\/wp-content\/uploads\/2025\/06\/logo-prim.png 150w, https:\/\/www.cofb.org\/wp-content\/uploads\/2025\/06\/logo-prim-18x9.png 18w\" sizes=\"(max-width: 150px) 100vw, 150px\" \/><\/a><\/figure>\n","protected":false},"excerpt":{"rendered":"<p>El passat 20 de novembre, el Col\u00b7legi de Farmac\u00e8utics de Barcelona (COFB) va organitzar a la ciutat de Manresa el \u201cTaller de productes de suport d\u2019autonomia personal\u201d, amb el patrocini de PRIM. La sessi\u00f3 va anar a c\u00e0rrec de la terapeuta ocupacional i especialista en productes de mobilitat Prim-Teyder, Ana [&hellip;]<\/p>\n","protected":false},"author":10,"featured_media":82975,"comment_status":"closed","ping_status":"closed","sticky":false,"template":"","format":"standard","meta":{"_uag_custom_page_level_css":"","site-sidebar-layout":"default","site-content-layout":"","ast-site-content-layout":"default","site-content-style":"default","site-sidebar-style":"default","ast-global-header-display":"","ast-banner-title-visibility":"","ast-main-header-display":"","ast-hfb-above-header-display":"","ast-hfb-below-header-display":"","ast-hfb-mobile-header-display":"","site-post-title":"","ast-breadcrumbs-content":"","ast-featured-img":"disabled","footer-sml-layout":"","theme-transparent-header-meta":"","adv-header-id-meta":"","stick-header-meta":"","header-above-stick-meta":"","header-main-stick-meta":"","header-below-stick-meta":"","astra-migrate-meta-layouts":"set","ast-page-background-enabled":"default","ast-page-background-meta":{"desktop":{"background-color":"var(--ast-global-color-4)","background-image":"","background-repeat":"repeat","background-position":"center center","background-size":"auto","background-attachment":"scroll","background-type":"","background-media":"","overlay-type":"","overlay-color":"","overlay-opacity":"","overlay-gradient":""},"tablet":{"background-color":"","background-image":"","background-repeat":"repeat","background-position":"center center","background-size":"auto","background-attachment":"scroll","background-type":"","background-media":"","overlay-type":"","overlay-color":"","overlay-opacity":"","overlay-gradient":""},"mobile":{"background-color":"","background-image":"","background-repeat":"repeat","background-position":"center center","background-size":"auto","background-attachment":"scroll","background-type":"","background-media":"","overlay-type":"","overlay-color":"","overlay-opacity":"","overlay-gradient":""}},"ast-content-background-meta":{"desktop":{"background-color":"var(--ast-global-color-5)","background-image":"","background-repeat":"repeat","background-position":"center center","background-size":"auto","background-attachment":"scroll","background-type":"","background-media":"","overlay-type":"","overlay-color":"","overlay-opacity":"","overlay-gradient":""},"tablet":{"background-color":"var(--ast-global-color-5)","background-image":"","background-repeat":"repeat","background-position":"center center","background-size":"auto","background-attachment":"scroll","background-type":"","background-media":"","overlay-type":"","overlay-color":"","overlay-opacity":"","overlay-gradient":""},"mobile":{"background-color":"var(--ast-global-color-5)","background-image":"","background-repeat":"repeat","background-position":"center center","background-size":"auto","background-attachment":"scroll","background-type":"","background-media":"","overlay-type":"","overlay-color":"","overlay-opacity":"","overlay-gradient":""}},"footnotes":""},"categories":[23,57],"tags":[5410,18,19,70,5409,103,5385,318,206],"class_list":["post-82954","post","type-post","status-publish","format-standard","has-post-thumbnail","hentry","category-destacats","category-mon-collegial","tag-autonomia-personal","tag-cofb","tag-collegi-de-farmaceutics-de-barcelona","tag-formacio","tag-manresa","tag-ortopedia","tag-productes-de-suport","tag-promocio-de-la-salut","tag-taller"],"yoast_head":"<!-- This site is optimized with the Yoast SEO plugin v22.4 - https:\/\/yoast.com\/wordpress\/plugins\/seo\/ -->\n<title>Manresa acull una nova edici\u00f3 del taller de productes de suport d\u2019autonomia personal - Col\u00b7legi de Farmac\u00e8utics de Barcelona<\/title>\n<meta name=\"description\" content=\"El COFB organitza a Manresa el &quot;Taller de productes de suport d\u2019autonomia personal\u201d, amb el patrocini de Prim\" \/>\n<meta name=\"robots\" content=\"index, follow, max-snippet:-1, max-image-preview:large, max-video-preview:-1\" \/>\n<link rel=\"canonical\" href=\"https:\/\/www.cofb.org\/ca\/2025\/12\/03\/manresa-acull-una-nova-edicio-del-taller-de-productes-de-suport-dautonomia-personal\/\" \/>\n<meta property=\"og:locale\" content=\"ca_ES\" \/>\n<meta property=\"og:type\" content=\"article\" \/>\n<meta property=\"og:title\" content=\"Manresa acull una nova edici\u00f3 del taller de productes de suport d\u2019autonomia personal - Col\u00b7legi de Farmac\u00e8utics de Barcelona\" \/>\n<meta property=\"og:description\" content=\"El COFB organitza a Manresa el &quot;Taller de productes de suport d\u2019autonomia personal\u201d, amb el patrocini de Prim\" \/>\n<meta property=\"og:url\" content=\"https:\/\/www.cofb.org\/ca\/2025\/12\/03\/manresa-acull-una-nova-edicio-del-taller-de-productes-de-suport-dautonomia-personal\/\" \/>\n<meta property=\"og:site_name\" content=\"Col\u00b7legi de Farmac\u00e8utics de Barcelona\" \/>\n<meta property=\"article:publisher\" content=\"https:\/\/www.facebook.com\/farmaceuticsbcn\/\" \/>\n<meta property=\"article:published_time\" content=\"2025-12-03T12:48:47+00:00\" \/>\n<meta property=\"article:modified_time\" content=\"2025-12-12T13:03:14+00:00\" \/>\n<meta property=\"og:image\" content=\"https:\/\/www.cofb.org\/wp-content\/uploads\/2025\/11\/TALLERS_AUTONOMIA_COFB_25112025_03-scaled.jpg\" \/>\n\t<meta property=\"og:image:width\" content=\"2560\" \/>\n\t<meta property=\"og:image:height\" content=\"1442\" \/>\n\t<meta property=\"og:image:type\" content=\"image\/jpeg\" \/>\n<meta name=\"author\" content=\"Xavier Magraner\" \/>\n<meta name=\"twitter:card\" content=\"summary_large_image\" \/>\n<meta name=\"twitter:creator\" content=\"@farmaceuticsbcn\" \/>\n<meta name=\"twitter:site\" content=\"@farmaceuticsbcn\" \/>\n<meta name=\"twitter:label1\" content=\"Escrit per\" \/>\n\t<meta name=\"twitter:data1\" content=\"Xavier Magraner\" \/>\n\t<meta name=\"twitter:label2\" content=\"Temps estimat de lectura\" \/>\n\t<meta name=\"twitter:data2\" content=\"4 minuts\" \/>\n<script type=\"application\/ld+json\" class=\"yoast-schema-graph\">{\"@context\":\"https:\/\/schema.org\",\"@graph\":[{\"@type\":\"Article\",\"@id\":\"https:\/\/www.cofb.org\/2025\/12\/03\/manresa-acull-una-nova-edicio-del-taller-de-productes-de-suport-dautonomia-personal\/#article\",\"isPartOf\":{\"@id\":\"https:\/\/www.cofb.org\/2025\/12\/03\/manresa-acull-una-nova-edicio-del-taller-de-productes-de-suport-dautonomia-personal\/\"},\"author\":{\"name\":\"Xavier Magraner\",\"@id\":\"https:\/\/www.cofb.org\/#\/schema\/person\/e46d741cfb92c985a083d163d8270ae4\"},\"headline\":\"Manresa acull una nova edici\u00f3 del taller de productes de suport d\u2019autonomia personal\",\"datePublished\":\"2025-12-03T12:48:47+00:00\",\"dateModified\":\"2025-12-12T13:03:14+00:00\",\"mainEntityOfPage\":{\"@id\":\"https:\/\/www.cofb.org\/2025\/12\/03\/manresa-acull-una-nova-edicio-del-taller-de-productes-de-suport-dautonomia-personal\/\"},\"wordCount\":643,\"publisher\":{\"@id\":\"https:\/\/www.cofb.org\/#organization\"},\"image\":{\"@id\":\"https:\/\/www.cofb.org\/2025\/12\/03\/manresa-acull-una-nova-edicio-del-taller-de-productes-de-suport-dautonomia-personal\/#primaryimage\"},\"thumbnailUrl\":\"https:\/\/www.cofb.org\/wp-content\/uploads\/2025\/11\/TALLERS_AUTONOMIA_COFB_25112025_03-scaled.jpg\",\"keywords\":[\"autonomia personal\",\"COFB\",\"Col\u00b7legi de Farmac\u00e8utics de Barcelona\",\"Formaci\u00f3\",\"manresa\",\"Ortop\u00e8dia\",\"productes de suport\",\"promoci\u00f3 de la salut\",\"taller\"],\"articleSection\":[\"Destacats\",\"M\u00f3n col\u00b7legial\"],\"inLanguage\":\"ca\"},{\"@type\":\"WebPage\",\"@id\":\"https:\/\/www.cofb.org\/2025\/12\/03\/manresa-acull-una-nova-edicio-del-taller-de-productes-de-suport-dautonomia-personal\/\",\"url\":\"https:\/\/www.cofb.org\/2025\/12\/03\/manresa-acull-una-nova-edicio-del-taller-de-productes-de-suport-dautonomia-personal\/\",\"name\":\"Manresa acull una nova edici\u00f3 del taller de productes de suport d\u2019autonomia personal - Col\u00b7legi de Farmac\u00e8utics de Barcelona\",\"isPartOf\":{\"@id\":\"https:\/\/www.cofb.org\/#website\"},\"primaryImageOfPage\":{\"@id\":\"https:\/\/www.cofb.org\/2025\/12\/03\/manresa-acull-una-nova-edicio-del-taller-de-productes-de-suport-dautonomia-personal\/#primaryimage\"},\"image\":{\"@id\":\"https:\/\/www.cofb.org\/2025\/12\/03\/manresa-acull-una-nova-edicio-del-taller-de-productes-de-suport-dautonomia-personal\/#primaryimage\"},\"thumbnailUrl\":\"https:\/\/www.cofb.org\/wp-content\/uploads\/2025\/11\/TALLERS_AUTONOMIA_COFB_25112025_03-scaled.jpg\",\"datePublished\":\"2025-12-03T12:48:47+00:00\",\"dateModified\":\"2025-12-12T13:03:14+00:00\",\"description\":\"El COFB organitza a Manresa el \\\"Taller de productes de suport d\u2019autonomia personal\u201d, amb el patrocini de Prim\",\"breadcrumb\":{\"@id\":\"https:\/\/www.cofb.org\/2025\/12\/03\/manresa-acull-una-nova-edicio-del-taller-de-productes-de-suport-dautonomia-personal\/#breadcrumb\"},\"inLanguage\":\"ca\",\"potentialAction\":[{\"@type\":\"ReadAction\",\"target\":[\"https:\/\/www.cofb.org\/2025\/12\/03\/manresa-acull-una-nova-edicio-del-taller-de-productes-de-suport-dautonomia-personal\/\"]}]},{\"@type\":\"ImageObject\",\"inLanguage\":\"ca\",\"@id\":\"https:\/\/www.cofb.org\/2025\/12\/03\/manresa-acull-una-nova-edicio-del-taller-de-productes-de-suport-dautonomia-personal\/#primaryimage\",\"url\":\"https:\/\/www.cofb.org\/wp-content\/uploads\/2025\/11\/TALLERS_AUTONOMIA_COFB_25112025_03-scaled.jpg\",\"contentUrl\":\"https:\/\/www.cofb.org\/wp-content\/uploads\/2025\/11\/TALLERS_AUTONOMIA_COFB_25112025_03-scaled.jpg\",\"width\":2560,\"height\":1442},{\"@type\":\"BreadcrumbList\",\"@id\":\"https:\/\/www.cofb.org\/2025\/12\/03\/manresa-acull-una-nova-edicio-del-taller-de-productes-de-suport-dautonomia-personal\/#breadcrumb\",\"itemListElement\":[{\"@type\":\"ListItem\",\"position\":1,\"name\":\"Inici\",\"item\":\"https:\/\/novaorg.cofb.net\/\"},{\"@type\":\"ListItem\",\"position\":2,\"name\":\"Manresa acull una nova edici\u00f3 del taller de productes de suport d\u2019autonomia personal\"}]},{\"@type\":\"WebSite\",\"@id\":\"https:\/\/www.cofb.org\/#website\",\"url\":\"https:\/\/www.cofb.org\/\",\"name\":\"Col\u00b7legi de Farmac\u00e8utics de Barcelona\",\"description\":\"\",\"publisher\":{\"@id\":\"https:\/\/www.cofb.org\/#organization\"},\"potentialAction\":[{\"@type\":\"SearchAction\",\"target\":{\"@type\":\"EntryPoint\",\"urlTemplate\":\"https:\/\/www.cofb.org\/?s={search_term_string}\"},\"query-input\":\"required name=search_term_string\"}],\"inLanguage\":\"ca\"},{\"@type\":\"Organization\",\"@id\":\"https:\/\/www.cofb.org\/#organization\",\"name\":\"Col\u00b7legi de Farmac\u00e8utics de Barcelona\",\"url\":\"https:\/\/www.cofb.org\/\",\"logo\":{\"@type\":\"ImageObject\",\"inLanguage\":\"ca\",\"@id\":\"https:\/\/www.cofb.org\/#\/schema\/logo\/image\/\",\"url\":\"https:\/\/www.cofb.org\/wp-content\/uploads\/2023\/11\/cropped-Logotip-COFB.png\",\"contentUrl\":\"https:\/\/www.cofb.org\/wp-content\/uploads\/2023\/11\/cropped-Logotip-COFB.png\",\"width\":500,\"height\":105,\"caption\":\"Col\u00b7legi de Farmac\u00e8utics de Barcelona\"},\"image\":{\"@id\":\"https:\/\/www.cofb.org\/#\/schema\/logo\/image\/\"},\"sameAs\":[\"https:\/\/www.facebook.com\/farmaceuticsbcn\/\",\"https:\/\/twitter.com\/farmaceuticsbcn\",\"https:\/\/www.instagram.com\/farmaceuticsbcn\/\",\"https:\/\/www.linkedin.com\/company\/farmaceuticsbcn\/\"]},{\"@type\":\"Person\",\"@id\":\"https:\/\/www.cofb.org\/#\/schema\/person\/e46d741cfb92c985a083d163d8270ae4\",\"name\":\"Xavier Magraner\",\"image\":{\"@type\":\"ImageObject\",\"inLanguage\":\"ca\",\"@id\":\"https:\/\/www.cofb.org\/#\/schema\/person\/image\/\",\"url\":\"https:\/\/secure.gravatar.com\/avatar\/aa0d1d4df59f71f88eebd5796c5388ff41c58d83c5301eb6e1d65646a289c37d?s=96&d=mm&r=g\",\"contentUrl\":\"https:\/\/secure.gravatar.com\/avatar\/aa0d1d4df59f71f88eebd5796c5388ff41c58d83c5301eb6e1d65646a289c37d?s=96&d=mm&r=g\",\"caption\":\"Xavier Magraner\"},\"url\":\"https:\/\/www.cofb.org\/ca\/author\/xmagraner\/\"}]}<\/script>\n<!-- \/ Yoast SEO plugin. -->","yoast_head_json":{"title":"Manresa acull una nova edici\u00f3 del taller de productes de suport d\u2019autonomia personal - Col\u00b7legi de Farmac\u00e8utics de Barcelona","description":"El COFB organitza a Manresa el \"Taller de productes de suport d\u2019autonomia personal\u201d, amb el patrocini de Prim","robots":{"index":"index","follow":"follow","max-snippet":"max-snippet:-1","max-image-preview":"max-image-preview:large","max-video-preview":"max-video-preview:-1"},"canonical":"https:\/\/www.cofb.org\/ca\/2025\/12\/03\/manresa-acull-una-nova-edicio-del-taller-de-productes-de-suport-dautonomia-personal\/","og_locale":"ca_ES","og_type":"article","og_title":"Manresa acull una nova edici\u00f3 del taller de productes de suport d\u2019autonomia personal - Col\u00b7legi de Farmac\u00e8utics de Barcelona","og_description":"El COFB organitza a Manresa el \"Taller de productes de suport d\u2019autonomia personal\u201d, amb el patrocini de Prim","og_url":"https:\/\/www.cofb.org\/ca\/2025\/12\/03\/manresa-acull-una-nova-edicio-del-taller-de-productes-de-suport-dautonomia-personal\/","og_site_name":"Col\u00b7legi de Farmac\u00e8utics de Barcelona","article_publisher":"https:\/\/www.facebook.com\/farmaceuticsbcn\/","article_published_time":"2025-12-03T12:48:47+00:00","article_modified_time":"2025-12-12T13:03:14+00:00","og_image":[{"width":2560,"height":1442,"url":"https:\/\/www.cofb.org\/wp-content\/uploads\/2025\/11\/TALLERS_AUTONOMIA_COFB_25112025_03-scaled.jpg","type":"image\/jpeg"}],"author":"Xavier Magraner","twitter_card":"summary_large_image","twitter_creator":"@farmaceuticsbcn","twitter_site":"@farmaceuticsbcn","twitter_misc":{"Escrit per":"Xavier Magraner","Temps estimat de lectura":"4 minuts"},"schema":{"@context":"https:\/\/schema.org","@graph":[{"@type":"Article","@id":"https:\/\/www.cofb.org\/2025\/12\/03\/manresa-acull-una-nova-edicio-del-taller-de-productes-de-suport-dautonomia-personal\/#article","isPartOf":{"@id":"https:\/\/www.cofb.org\/2025\/12\/03\/manresa-acull-una-nova-edicio-del-taller-de-productes-de-suport-dautonomia-personal\/"},"author":{"name":"Xavier Magraner","@id":"https:\/\/www.cofb.org\/#\/schema\/person\/e46d741cfb92c985a083d163d8270ae4"},"headline":"Manresa acull una nova edici\u00f3 del taller de productes de suport d\u2019autonomia personal","datePublished":"2025-12-03T12:48:47+00:00","dateModified":"2025-12-12T13:03:14+00:00","mainEntityOfPage":{"@id":"https:\/\/www.cofb.org\/2025\/12\/03\/manresa-acull-una-nova-edicio-del-taller-de-productes-de-suport-dautonomia-personal\/"},"wordCount":643,"publisher":{"@id":"https:\/\/www.cofb.org\/#organization"},"image":{"@id":"https:\/\/www.cofb.org\/2025\/12\/03\/manresa-acull-una-nova-edicio-del-taller-de-productes-de-suport-dautonomia-personal\/#primaryimage"},"thumbnailUrl":"https:\/\/www.cofb.org\/wp-content\/uploads\/2025\/11\/TALLERS_AUTONOMIA_COFB_25112025_03-scaled.jpg","keywords":["autonomia personal","COFB","Col\u00b7legi de Farmac\u00e8utics de Barcelona","Formaci\u00f3","manresa","Ortop\u00e8dia","productes de suport","promoci\u00f3 de la salut","taller"],"articleSection":["Destacats","M\u00f3n col\u00b7legial"],"inLanguage":"ca"},{"@type":"WebPage","@id":"https:\/\/www.cofb.org\/2025\/12\/03\/manresa-acull-una-nova-edicio-del-taller-de-productes-de-suport-dautonomia-personal\/","url":"https:\/\/www.cofb.org\/2025\/12\/03\/manresa-acull-una-nova-edicio-del-taller-de-productes-de-suport-dautonomia-personal\/","name":"Manresa acull una nova edici\u00f3 del taller de productes de suport d\u2019autonomia personal - Col\u00b7legi de Farmac\u00e8utics de Barcelona","isPartOf":{"@id":"https:\/\/www.cofb.org\/#website"},"primaryImageOfPage":{"@id":"https:\/\/www.cofb.org\/2025\/12\/03\/manresa-acull-una-nova-edicio-del-taller-de-productes-de-suport-dautonomia-personal\/#primaryimage"},"image":{"@id":"https:\/\/www.cofb.org\/2025\/12\/03\/manresa-acull-una-nova-edicio-del-taller-de-productes-de-suport-dautonomia-personal\/#primaryimage"},"thumbnailUrl":"https:\/\/www.cofb.org\/wp-content\/uploads\/2025\/11\/TALLERS_AUTONOMIA_COFB_25112025_03-scaled.jpg","datePublished":"2025-12-03T12:48:47+00:00","dateModified":"2025-12-12T13:03:14+00:00","description":"El COFB organitza a Manresa el \"Taller de productes de suport d\u2019autonomia personal\u201d, amb el patrocini de Prim","breadcrumb":{"@id":"https:\/\/www.cofb.org\/2025\/12\/03\/manresa-acull-una-nova-edicio-del-taller-de-productes-de-suport-dautonomia-personal\/#breadcrumb"},"inLanguage":"ca","potentialAction":[{"@type":"ReadAction","target":["https:\/\/www.cofb.org\/2025\/12\/03\/manresa-acull-una-nova-edicio-del-taller-de-productes-de-suport-dautonomia-personal\/"]}]},{"@type":"ImageObject","inLanguage":"ca","@id":"https:\/\/www.cofb.org\/2025\/12\/03\/manresa-acull-una-nova-edicio-del-taller-de-productes-de-suport-dautonomia-personal\/#primaryimage","url":"https:\/\/www.cofb.org\/wp-content\/uploads\/2025\/11\/TALLERS_AUTONOMIA_COFB_25112025_03-scaled.jpg","contentUrl":"https:\/\/www.cofb.org\/wp-content\/uploads\/2025\/11\/TALLERS_AUTONOMIA_COFB_25112025_03-scaled.jpg","width":2560,"height":1442},{"@type":"BreadcrumbList","@id":"https:\/\/www.cofb.org\/2025\/12\/03\/manresa-acull-una-nova-edicio-del-taller-de-productes-de-suport-dautonomia-personal\/#breadcrumb","itemListElement":[{"@type":"ListItem","position":1,"name":"Inici","item":"https:\/\/novaorg.cofb.net\/"},{"@type":"ListItem","position":2,"name":"Manresa acull una nova edici\u00f3 del taller de productes de suport d\u2019autonomia personal"}]},{"@type":"WebSite","@id":"https:\/\/www.cofb.org\/#website","url":"https:\/\/www.cofb.org\/","name":"Col\u00b7legi de Farmac\u00e8utics de Barcelona","description":"","publisher":{"@id":"https:\/\/www.cofb.org\/#organization"},"potentialAction":[{"@type":"SearchAction","target":{"@type":"EntryPoint","urlTemplate":"https:\/\/www.cofb.org\/?s={search_term_string}"},"query-input":"required name=search_term_string"}],"inLanguage":"ca"},{"@type":"Organization","@id":"https:\/\/www.cofb.org\/#organization","name":"Col\u00b7legi de Farmac\u00e8utics de Barcelona","url":"https:\/\/www.cofb.org\/","logo":{"@type":"ImageObject","inLanguage":"ca","@id":"https:\/\/www.cofb.org\/#\/schema\/logo\/image\/","url":"https:\/\/www.cofb.org\/wp-content\/uploads\/2023\/11\/cropped-Logotip-COFB.png","contentUrl":"https:\/\/www.cofb.org\/wp-content\/uploads\/2023\/11\/cropped-Logotip-COFB.png","width":500,"height":105,"caption":"Col\u00b7legi de Farmac\u00e8utics de Barcelona"},"image":{"@id":"https:\/\/www.cofb.org\/#\/schema\/logo\/image\/"},"sameAs":["https:\/\/www.facebook.com\/farmaceuticsbcn\/","https:\/\/twitter.com\/farmaceuticsbcn","https:\/\/www.instagram.com\/farmaceuticsbcn\/","https:\/\/www.linkedin.com\/company\/farmaceuticsbcn\/"]},{"@type":"Person","@id":"https:\/\/www.cofb.org\/#\/schema\/person\/e46d741cfb92c985a083d163d8270ae4","name":"Xavier Magraner","image":{"@type":"ImageObject","inLanguage":"ca","@id":"https:\/\/www.cofb.org\/#\/schema\/person\/image\/","url":"https:\/\/secure.gravatar.com\/avatar\/aa0d1d4df59f71f88eebd5796c5388ff41c58d83c5301eb6e1d65646a289c37d?s=96&d=mm&r=g","contentUrl":"https:\/\/secure.gravatar.com\/avatar\/aa0d1d4df59f71f88eebd5796c5388ff41c58d83c5301eb6e1d65646a289c37d?s=96&d=mm&r=g","caption":"Xavier Magraner"},"url":"https:\/\/www.cofb.org\/ca\/author\/xmagraner\/"}]}},"uagb_featured_image_src":{"full":["https:\/\/www.cofb.org\/wp-content\/uploads\/2025\/11\/TALLERS_AUTONOMIA_COFB_25112025_03-scaled.jpg",2560,1442,false],"thumbnail":["https:\/\/www.cofb.org\/wp-content\/uploads\/2025\/11\/TALLERS_AUTONOMIA_COFB_25112025_03-150x150.jpg",150,150,true],"medium":["https:\/\/www.cofb.org\/wp-content\/uploads\/2025\/11\/TALLERS_AUTONOMIA_COFB_25112025_03-300x169.jpg",300,169,true],"medium_large":["https:\/\/www.cofb.org\/wp-content\/uploads\/2025\/11\/TALLERS_AUTONOMIA_COFB_25112025_03-768x432.jpg",768,432,true],"large":["https:\/\/www.cofb.org\/wp-content\/uploads\/2025\/11\/TALLERS_AUTONOMIA_COFB_25112025_03-1024x577.jpg",1024,577,true],"1536x1536":["https:\/\/www.cofb.org\/wp-content\/uploads\/2025\/11\/TALLERS_AUTONOMIA_COFB_25112025_03-1536x865.jpg",1536,865,true],"2048x2048":["https:\/\/www.cofb.org\/wp-content\/uploads\/2025\/11\/TALLERS_AUTONOMIA_COFB_25112025_03-2048x1153.jpg",2048,1153,true],"trp-custom-language-flag":["https:\/\/www.cofb.org\/wp-content\/uploads\/2025\/11\/TALLERS_AUTONOMIA_COFB_25112025_03-18x10.jpg",18,10,true]},"uagb_author_info":{"display_name":"Xavier Magraner","author_link":"https:\/\/www.cofb.org\/ca\/author\/xmagraner\/"},"uagb_comment_info":0,"uagb_excerpt":"El passat 20 de novembre, el Col\u00b7legi de Farmac\u00e8utics de Barcelona (COFB) va organitzar a la ciutat de Manresa el \u201cTaller de productes de suport d\u2019autonomia personal\u201d, amb el patrocini de PRIM. La sessi\u00f3 va anar a c\u00e0rrec de la terapeuta ocupacional i especialista en productes de mobilitat Prim-Teyder, Ana [&hellip;]","_links":{"self":[{"href":"https:\/\/www.cofb.org\/ca\/wp-json\/wp\/v2\/posts\/82954","targetHints":{"allow":["GET"]}}],"collection":[{"href":"https:\/\/www.cofb.org\/ca\/wp-json\/wp\/v2\/posts"}],"about":[{"href":"https:\/\/www.cofb.org\/ca\/wp-json\/wp\/v2\/types\/post"}],"author":[{"embeddable":true,"href":"https:\/\/www.cofb.org\/ca\/wp-json\/wp\/v2\/users\/10"}],"replies":[{"embeddable":true,"href":"https:\/\/www.cofb.org\/ca\/wp-json\/wp\/v2\/comments?post=82954"}],"version-history":[{"count":14,"href":"https:\/\/www.cofb.org\/ca\/wp-json\/wp\/v2\/posts\/82954\/revisions"}],"predecessor-version":[{"id":83353,"href":"https:\/\/www.cofb.org\/ca\/wp-json\/wp\/v2\/posts\/82954\/revisions\/83353"}],"wp:featuredmedia":[{"embeddable":true,"href":"https:\/\/www.cofb.org\/ca\/wp-json\/wp\/v2\/media\/82975"}],"wp:attachment":[{"href":"https:\/\/www.cofb.org\/ca\/wp-json\/wp\/v2\/media?parent=82954"}],"wp:term":[{"taxonomy":"category","embeddable":true,"href":"https:\/\/www.cofb.org\/ca\/wp-json\/wp\/v2\/categories?post=82954"},{"taxonomy":"post_tag","embeddable":true,"href":"https:\/\/www.cofb.org\/ca\/wp-json\/wp\/v2\/tags?post=82954"}],"curies":[{"name":"wp","href":"https:\/\/api.w.org\/{rel}","templated":true}]}}