{"id":82763,"date":"2025-11-26T13:27:20","date_gmt":"2025-11-26T13:27:20","guid":{"rendered":"https:\/\/www.cofb.org\/?p=82763"},"modified":"2025-12-04T14:17:25","modified_gmt":"2025-12-04T14:17:25","slug":"tendencies-i-oportunitats-en-dermocosmetica-per-a-la-farmacia-en-una-nova-edicio-del-forum-dermoexpert","status":"publish","type":"post","link":"https:\/\/www.cofb.org\/ca\/2025\/11\/26\/tendencies-i-oportunitats-en-dermocosmetica-per-a-la-farmacia-en-una-nova-edicio-del-forum-dermoexpert\/","title":{"rendered":"Tend\u00e8ncies i oportunitats en dermocosm\u00e8tica per a la farm\u00e0cia en una nova edici\u00f3 del F\u00f2rum Dermoexpert"},"content":{"rendered":"\n<p>El <strong>Col\u00b7legi de Farmac\u00e8utics de Barcelona (COFB)<\/strong> va presentar, el passat 11 de novembre, el F\u00f2rum Dermoexpert \u201c<strong>Tend\u00e8ncies en el mercat de la dermocosm\u00e8tica i oportunitats per a la farm\u00e0cia<\/strong>\u201d, amb el patrocini de <a href=\"https:\/\/www.lorealdermatologicalbeauty.com\/es-es\" target=\"_blank\" rel=\"noreferrer noopener\">L\u2019Or<\/a><a href=\"https:\/\/www.loreal.com\/es-es\/espana\/\" target=\"_blank\" rel=\"noreferrer noopener\">\u00e9al<\/a>. La formaci\u00f3, que va ser coordinada per <strong>Marta Alcalde<\/strong>, vocal de Dermofarm\u00e0cia i Productes Sanitaris del COFB, i va comptar amb la presentaci\u00f3 de <strong>Mar\u00eda Fern\u00e1ndez<\/strong>, m\u00e0nager de desenvolupament de negoci en canal farm\u00e0cia de L&#8217;Or\u00e9al Dermatological Beauty.<\/p>\n\n\n\n<p>Els <strong>objectius <\/strong>de la formaci\u00f3 van ser identificar les<strong> principals tend\u00e8ncies del mercat de dermocosm\u00e8tica<\/strong>, analitzar les<strong> oportunitats de negoci <\/strong>que ofereix la dermocosm\u00e8tica a l&#8217;oficina de farm\u00e0cia,<strong> dotar el farmac\u00e8utic d&#8217;eines pr\u00e0ctiques<\/strong> per integrar la <strong>dermocosm\u00e8tica <\/strong>en la seva estrat\u00e8gia comercial i interpretar les<strong> din\u00e0miques de compravenda <\/strong>i el <strong>comportament del consumidor en dermocosm\u00e8tica<\/strong>.<\/p>\n\n\n\n<figure class=\"wp-block-image size-large\"><a href=\"https:\/\/www.cofb.org\/wp-content\/uploads\/2025\/12\/COFB_TENDENCIES_MERCAT_13112025_01_edited-scaled.jpg\" target=\"_blank\" rel=\" noreferrer noopener\"><img fetchpriority=\"high\" decoding=\"async\" width=\"1024\" height=\"576\" src=\"https:\/\/www.cofb.org\/wp-content\/uploads\/2025\/12\/COFB_TENDENCIES_MERCAT_13112025_01_edited-1024x576.jpg\" alt=\"La vocal de Dermofarm\u00e0cia i Productes Sanitaris del COFB, Marta Alcalde, va ser l\u2019encarregada de presentar el f\u00f2rum.\" class=\"wp-image-83134\" srcset=\"https:\/\/www.cofb.org\/wp-content\/uploads\/2025\/12\/COFB_TENDENCIES_MERCAT_13112025_01_edited-1024x576.jpg 1024w, https:\/\/www.cofb.org\/wp-content\/uploads\/2025\/12\/COFB_TENDENCIES_MERCAT_13112025_01_edited-300x169.jpg 300w, https:\/\/www.cofb.org\/wp-content\/uploads\/2025\/12\/COFB_TENDENCIES_MERCAT_13112025_01_edited-768x432.jpg 768w, https:\/\/www.cofb.org\/wp-content\/uploads\/2025\/12\/COFB_TENDENCIES_MERCAT_13112025_01_edited-1536x864.jpg 1536w, https:\/\/www.cofb.org\/wp-content\/uploads\/2025\/12\/COFB_TENDENCIES_MERCAT_13112025_01_edited-2048x1152.jpg 2048w, https:\/\/www.cofb.org\/wp-content\/uploads\/2025\/12\/COFB_TENDENCIES_MERCAT_13112025_01_edited-18x10.jpg 18w\" sizes=\"(max-width: 1024px) 100vw, 1024px\" \/><\/a><figcaption class=\"wp-element-caption\">La vocal de Dermofarm\u00e0cia i Productes Sanitaris del COFB, Marta Alcalde, va ser l\u2019encarregada de presentar el f\u00f2rum.<br><\/figcaption><\/figure>\n\n\n\n<p>La vocal de Dermofarm\u00e0cia i Productes Sanitaris del COFB, <strong>Marta Alcalde<\/strong>, va presentar la sessi\u00f3 remarcant que \u201cels farmac\u00e8utics han de saber <strong>com preparar les seves respectives farm\u00e0cies<\/strong> i con\u00e8ixer com s\u00f3n els consumidors d\u2019avui dia lligats a la dermocosm\u00e8tica. Aquest camp ofereix productes de molta innovaci\u00f3 que satisfan necessitats, per\u00f2 els farmac\u00e8utics no estan sols. La <strong>cosm\u00e8tica \u00e9s multicanal<\/strong>, i per aix\u00f2 s\u2019han de con\u00e8ixer cap a on van les tend\u00e8ncies del mercat global\u201d. Alcalde va confirmar que, \u201ctot i que les farm\u00e0cies tenen el punt fort de comptar amb el <strong>consell farmac\u00e8utic pels clients<\/strong>, a vegades no \u00e9s suficient i s\u2019ha de continuar sent competitius\u201d.<\/p>\n\n\n\n<h2 class=\"wp-block-heading\">La dermocosm\u00e8tica a la farm\u00e0cia<\/h2>\n\n\n\n<p><strong>Mar\u00eda Fern\u00e1ndez<\/strong> va arrencar la seva presentaci\u00f3 realitzant un <strong>estudi comparatiu a escala europea<\/strong> pel que fa a la <strong>penetraci\u00f3 de compradors de dermocosm\u00e8tica<\/strong>, comparant l\u2019any 2023 amb el 2024: \u201cExisteix a Espanya una gran oportunitat de compradors que ara mateix <strong>ni s\u2019han plantejat comprar un sol producte<\/strong> d\u2019aquest camp. El pa\u00eds pot arribar lluny en aquest aspecte i els farmac\u00e8utics tenen una categoria a les seves mans que encara no ha arribat a l\u2019Everest\u201d.<\/p>\n\n\n\n<figure class=\"wp-block-image size-large\"><a href=\"https:\/\/www.cofb.org\/wp-content\/uploads\/2025\/12\/COFB_TENDENCIES_MERCAT_13112025_02_edited-scaled.jpg\" target=\"_blank\" rel=\" noreferrer noopener\"><img decoding=\"async\" width=\"1024\" height=\"576\" src=\"https:\/\/www.cofb.org\/wp-content\/uploads\/2025\/12\/COFB_TENDENCIES_MERCAT_13112025_02_edited-1024x576.jpg\" alt=\"Mar\u00eda Fern\u00e1ndez va explicar les oportunitats que ofereix la dermocosm\u00e8tica a les oficines de farm\u00e0cia.\" class=\"wp-image-83135\" srcset=\"https:\/\/www.cofb.org\/wp-content\/uploads\/2025\/12\/COFB_TENDENCIES_MERCAT_13112025_02_edited-1024x576.jpg 1024w, https:\/\/www.cofb.org\/wp-content\/uploads\/2025\/12\/COFB_TENDENCIES_MERCAT_13112025_02_edited-300x169.jpg 300w, https:\/\/www.cofb.org\/wp-content\/uploads\/2025\/12\/COFB_TENDENCIES_MERCAT_13112025_02_edited-768x432.jpg 768w, https:\/\/www.cofb.org\/wp-content\/uploads\/2025\/12\/COFB_TENDENCIES_MERCAT_13112025_02_edited-1536x864.jpg 1536w, https:\/\/www.cofb.org\/wp-content\/uploads\/2025\/12\/COFB_TENDENCIES_MERCAT_13112025_02_edited-2048x1152.jpg 2048w, https:\/\/www.cofb.org\/wp-content\/uploads\/2025\/12\/COFB_TENDENCIES_MERCAT_13112025_02_edited-18x10.jpg 18w\" sizes=\"(max-width: 1024px) 100vw, 1024px\" \/><\/a><figcaption class=\"wp-element-caption\">Mar\u00eda Fern\u00e1ndez va explicar les oportunitats que ofereix la dermocosm\u00e8tica a les oficines de farm\u00e0cia. <\/figcaption><\/figure>\n\n\n\n<p>A continuaci\u00f3, Fern\u00e1ndez va explicar que \u201ca la ciutat de Barcelona, les farm\u00e0cies van acabar molt b\u00e9 l\u2019any 2024 en comparaci\u00f3 a Catalunya i amb unes <strong>dades gaireb\u00e9 iguals que la mitjana nacional<\/strong>. Continuen havent-hi moltes oportunitats a Barcelona que els farmac\u00e8utics poden aprofitar dins el camp de la dermocosm\u00e8tica\u201d.<\/p>\n\n\n\n<h2 class=\"wp-block-heading\">Oportunitats i creixement de la categoria a la farm\u00e0cia<\/h2>\n\n\n\n<p><strong>L\u2019arsenal <\/strong>amb el qual compta la <strong>dermocosm\u00e8tica <\/strong>va ser destacat al llarg la sessi\u00f3, amb l\u2019objectiu que la farm\u00e0cia pugui identificar <strong>quines oportunitats hi ha<\/strong> i com els pot captar: \u201ctot i que el medicament \u00e9s el cor de les farm\u00e0cies, dins la categoria de cures pel consumidor la dermocosm\u00e8tica ha arribat a cr\u00e9ixer dues vegades per damunt del <strong>camp dels productes de bellesa<\/strong> en els \u00faltims anys\u201d. Fern\u00e1ndez, a m\u00e9s, va assegurar que <strong>les farm\u00e0cies han contribu\u00eft al creixement d\u2019aquest camp<\/strong>: \u201cel <strong>sector de la salut<\/strong>, des de fa vuit anys, s\u2019han convertit en una de les <strong>principals tend\u00e8ncies<\/strong>, ja s\u2019ha consolidat i cada vegada va a m\u00e9s. S\u2019est\u00e0 expandint la salut integrativa i la preventiva, i per aix\u00f2 s\u2019ha d\u2019agafar aquesta din\u00e0mica per dinamitzar el camp i que <strong>la farm\u00e0cia sigui el primer canal <\/strong>de <strong>dest\u00ed pel p\u00fablic<\/strong>. Si un client pensa a cuidar-se la pell, cabells o ungles, el circuit de les farm\u00e0cies ha de ser el primer dest\u00ed\u201d.<\/p>\n\n\n\n<figure class=\"wp-block-image size-large\"><a href=\"https:\/\/www.cofb.org\/wp-content\/uploads\/2025\/12\/COFB_TENDENCIES_MERCAT_13112025_03_edited-scaled.jpg\" target=\"_blank\" rel=\" noreferrer noopener\"><img decoding=\"async\" width=\"1024\" height=\"576\" src=\"https:\/\/www.cofb.org\/wp-content\/uploads\/2025\/12\/COFB_TENDENCIES_MERCAT_13112025_03_edited-1024x576.jpg\" alt=\"Mar\u00eda Fern\u00e1ndez en un moment de la seva presentaci\u00f3.\" class=\"wp-image-83136\" srcset=\"https:\/\/www.cofb.org\/wp-content\/uploads\/2025\/12\/COFB_TENDENCIES_MERCAT_13112025_03_edited-1024x576.jpg 1024w, https:\/\/www.cofb.org\/wp-content\/uploads\/2025\/12\/COFB_TENDENCIES_MERCAT_13112025_03_edited-300x169.jpg 300w, https:\/\/www.cofb.org\/wp-content\/uploads\/2025\/12\/COFB_TENDENCIES_MERCAT_13112025_03_edited-768x432.jpg 768w, https:\/\/www.cofb.org\/wp-content\/uploads\/2025\/12\/COFB_TENDENCIES_MERCAT_13112025_03_edited-1536x864.jpg 1536w, https:\/\/www.cofb.org\/wp-content\/uploads\/2025\/12\/COFB_TENDENCIES_MERCAT_13112025_03_edited-2048x1152.jpg 2048w, https:\/\/www.cofb.org\/wp-content\/uploads\/2025\/12\/COFB_TENDENCIES_MERCAT_13112025_03_edited-18x10.jpg 18w\" sizes=\"(max-width: 1024px) 100vw, 1024px\" \/><\/a><figcaption class=\"wp-element-caption\">Mar\u00eda Fern\u00e1ndez en un moment de la seva presentaci\u00f3.<\/figcaption><\/figure>\n\n\n\n<p>Seguidament, s\u2019han analitzat les <strong>diferents categories de dermocosm\u00e8tica<\/strong> on les farm\u00e0cies barcelonines tenen marge de millora: \u201cPel que fa als <strong>productes lligats al rostre<\/strong>, <strong>Barcelona pesa m\u00e9s que la mitjana en l\u2019\u00e0mbit nacional<\/strong>, tot i que si el mercat no \u00e9s molt din\u00e0mic, les farm\u00e0cies es ressentiran\u201d. En relaci\u00f3 amb la <strong>categoria solar<\/strong>, \u201cles estad\u00edstiques marquen que el volum de vendes pesa menys que el total nacional, i per aix\u00f2 es pateix un alentiment en aquest segment\u201d.<\/p>\n\n\n\n<p>Finalment, Fern\u00e1ndez va parlar de la <strong>categoria capil\u00b7lar<\/strong> contra la caiguda dels cabells: \u201ctot i que a Barcelona creix la venda d\u2019aquest producte, ho fa <strong>a la meitat que la resta del territori espanyol<\/strong>. Es tracta de la indicaci\u00f3 principal a l\u2019hora d\u2019acudir a la farm\u00e0cia, que \u00e9s degut a una problem\u00e0tica de cabells\u201d. A l\u2019hora de respondre al que busca el consumidor quan necessita trobar un producte a la farm\u00e0cia, els motius principals s\u00f3n \u201c<strong>l\u2019efic\u00e0cia<\/strong>, els <strong>ingredients<\/strong> i el <strong>consell<\/strong>. La <strong>tercera pota est\u00e0 molt treballada pels farmac\u00e8utics<\/strong> i ben valorada pels usuaris, tot i que cal establir una comunicaci\u00f3 clara dels altres dos camins\u201d, va concloure la ponent.<\/p>\n\n\n\n<p class=\"has-text-align-right\"><strong>Amb el patrocini de:<\/strong><\/p>\n\n\n\n<figure class=\"wp-block-image alignright size-full is-resized\"><a href=\"https:\/\/www.lorealdermatologicalbeauty.com\/es-es\" target=\"_blank\" rel=\" noreferrer noopener\"><img loading=\"lazy\" decoding=\"async\" width=\"153\" height=\"47\" src=\"https:\/\/www.cofb.org\/wp-content\/uploads\/2025\/11\/LOreal.jpg\" alt=\"\" class=\"wp-image-82766\" style=\"width:156px;height:auto\" srcset=\"https:\/\/www.cofb.org\/wp-content\/uploads\/2025\/11\/LOreal.jpg 153w, https:\/\/www.cofb.org\/wp-content\/uploads\/2025\/11\/LOreal-150x47.jpg 150w, https:\/\/www.cofb.org\/wp-content\/uploads\/2025\/11\/LOreal-18x6.jpg 18w\" sizes=\"(max-width: 153px) 100vw, 153px\" \/><\/a><\/figure>\n\n\n\n<p><\/p>\n","protected":false},"excerpt":{"rendered":"<p>El Col\u00b7legi de Farmac\u00e8utics de Barcelona (COFB) va presentar, el passat 11 de novembre, el F\u00f2rum Dermoexpert \u201cTend\u00e8ncies en el mercat de la dermocosm\u00e8tica i oportunitats per a la farm\u00e0cia\u201d, amb el patrocini de L\u2019Or\u00e9al. La formaci\u00f3, que va ser coordinada per Marta Alcalde, vocal de Dermofarm\u00e0cia i Productes Sanitaris [&hellip;]<\/p>\n","protected":false},"author":10,"featured_media":83137,"comment_status":"closed","ping_status":"closed","sticky":false,"template":"","format":"standard","meta":{"_uag_custom_page_level_css":"","site-sidebar-layout":"default","site-content-layout":"","ast-site-content-layout":"default","site-content-style":"default","site-sidebar-style":"default","ast-global-header-display":"","ast-banner-title-visibility":"","ast-main-header-display":"","ast-hfb-above-header-display":"","ast-hfb-below-header-display":"","ast-hfb-mobile-header-display":"","site-post-title":"","ast-breadcrumbs-content":"","ast-featured-img":"disabled","footer-sml-layout":"","theme-transparent-header-meta":"","adv-header-id-meta":"","stick-header-meta":"","header-above-stick-meta":"","header-main-stick-meta":"","header-below-stick-meta":"","astra-migrate-meta-layouts":"set","ast-page-background-enabled":"default","ast-page-background-meta":{"desktop":{"background-color":"var(--ast-global-color-4)","background-image":"","background-repeat":"repeat","background-position":"center center","background-size":"auto","background-attachment":"scroll","background-type":"","background-media":"","overlay-type":"","overlay-color":"","overlay-opacity":"","overlay-gradient":""},"tablet":{"background-color":"","background-image":"","background-repeat":"repeat","background-position":"center center","background-size":"auto","background-attachment":"scroll","background-type":"","background-media":"","overlay-type":"","overlay-color":"","overlay-opacity":"","overlay-gradient":""},"mobile":{"background-color":"","background-image":"","background-repeat":"repeat","background-position":"center center","background-size":"auto","background-attachment":"scroll","background-type":"","background-media":"","overlay-type":"","overlay-color":"","overlay-opacity":"","overlay-gradient":""}},"ast-content-background-meta":{"desktop":{"background-color":"var(--ast-global-color-5)","background-image":"","background-repeat":"repeat","background-position":"center center","background-size":"auto","background-attachment":"scroll","background-type":"","background-media":"","overlay-type":"","overlay-color":"","overlay-opacity":"","overlay-gradient":""},"tablet":{"background-color":"var(--ast-global-color-5)","background-image":"","background-repeat":"repeat","background-position":"center center","background-size":"auto","background-attachment":"scroll","background-type":"","background-media":"","overlay-type":"","overlay-color":"","overlay-opacity":"","overlay-gradient":""},"mobile":{"background-color":"var(--ast-global-color-5)","background-image":"","background-repeat":"repeat","background-position":"center center","background-size":"auto","background-attachment":"scroll","background-type":"","background-media":"","overlay-type":"","overlay-color":"","overlay-opacity":"","overlay-gradient":""}},"footnotes":""},"categories":[23,57],"tags":[18,19,53,68,70,711],"class_list":["post-82763","post","type-post","status-publish","format-standard","has-post-thumbnail","hentry","category-destacats","category-mon-collegial","tag-cofb","tag-collegi-de-farmaceutics-de-barcelona","tag-farmaceutics","tag-farmacia","tag-formacio","tag-procediments-dermoestetics"],"yoast_head":"<!-- This site is optimized with the Yoast SEO plugin v22.4 - https:\/\/yoast.com\/wordpress\/plugins\/seo\/ -->\n<title>Tend\u00e8ncies i oportunitats en dermocosm\u00e8tica per a la farm\u00e0cia en una nova edici\u00f3 del F\u00f2rum Dermoexpert - Col\u00b7legi de Farmac\u00e8utics de Barcelona<\/title>\n<meta name=\"description\" content=\"El COFB va organitzar la confer\u00e8ncia \u201cTend\u00e8ncies en el mercat de la dermocosm\u00e8tica i oportunitats per a la farm\u00e0cia\u201d\" \/>\n<meta name=\"robots\" content=\"index, follow, max-snippet:-1, max-image-preview:large, max-video-preview:-1\" \/>\n<link rel=\"canonical\" href=\"https:\/\/www.cofb.org\/ca\/2025\/11\/26\/tendencies-i-oportunitats-en-dermocosmetica-per-a-la-farmacia-en-una-nova-edicio-del-forum-dermoexpert\/\" \/>\n<meta property=\"og:locale\" content=\"ca_ES\" \/>\n<meta property=\"og:type\" content=\"article\" \/>\n<meta property=\"og:title\" content=\"Tend\u00e8ncies i oportunitats en dermocosm\u00e8tica per a la farm\u00e0cia en una nova edici\u00f3 del F\u00f2rum Dermoexpert - Col\u00b7legi de Farmac\u00e8utics de Barcelona\" \/>\n<meta property=\"og:description\" content=\"El COFB va organitzar la confer\u00e8ncia \u201cTend\u00e8ncies en el mercat de la dermocosm\u00e8tica i oportunitats per a la farm\u00e0cia\u201d\" \/>\n<meta property=\"og:url\" content=\"https:\/\/www.cofb.org\/ca\/2025\/11\/26\/tendencies-i-oportunitats-en-dermocosmetica-per-a-la-farmacia-en-una-nova-edicio-del-forum-dermoexpert\/\" \/>\n<meta property=\"og:site_name\" content=\"Col\u00b7legi de Farmac\u00e8utics de Barcelona\" \/>\n<meta property=\"article:publisher\" content=\"https:\/\/www.facebook.com\/farmaceuticsbcn\/\" \/>\n<meta property=\"article:published_time\" content=\"2025-11-26T13:27:20+00:00\" \/>\n<meta property=\"article:modified_time\" content=\"2025-12-04T14:17:25+00:00\" \/>\n<meta property=\"og:image\" content=\"https:\/\/www.cofb.org\/wp-content\/uploads\/2025\/12\/COFB_TENDENCIES_MERCAT_13112025_03_edited-1-scaled.jpg\" \/>\n\t<meta property=\"og:image:width\" content=\"2560\" \/>\n\t<meta property=\"og:image:height\" content=\"1440\" \/>\n\t<meta property=\"og:image:type\" content=\"image\/jpeg\" \/>\n<meta name=\"author\" content=\"Xavier Magraner\" \/>\n<meta name=\"twitter:card\" content=\"summary_large_image\" \/>\n<meta name=\"twitter:creator\" content=\"@farmaceuticsbcn\" \/>\n<meta name=\"twitter:site\" content=\"@farmaceuticsbcn\" \/>\n<meta name=\"twitter:label1\" content=\"Escrit per\" \/>\n\t<meta name=\"twitter:data1\" content=\"Xavier Magraner\" \/>\n\t<meta name=\"twitter:label2\" content=\"Temps estimat de lectura\" \/>\n\t<meta name=\"twitter:data2\" content=\"6 minuts\" \/>\n<script type=\"application\/ld+json\" class=\"yoast-schema-graph\">{\"@context\":\"https:\/\/schema.org\",\"@graph\":[{\"@type\":\"Article\",\"@id\":\"https:\/\/www.cofb.org\/2025\/11\/26\/tendencies-i-oportunitats-en-dermocosmetica-per-a-la-farmacia-en-una-nova-edicio-del-forum-dermoexpert\/#article\",\"isPartOf\":{\"@id\":\"https:\/\/www.cofb.org\/2025\/11\/26\/tendencies-i-oportunitats-en-dermocosmetica-per-a-la-farmacia-en-una-nova-edicio-del-forum-dermoexpert\/\"},\"author\":{\"name\":\"Xavier Magraner\",\"@id\":\"https:\/\/www.cofb.org\/#\/schema\/person\/e46d741cfb92c985a083d163d8270ae4\"},\"headline\":\"Tend\u00e8ncies i oportunitats en dermocosm\u00e8tica per a la farm\u00e0cia en una nova edici\u00f3 del F\u00f2rum Dermoexpert\",\"datePublished\":\"2025-11-26T13:27:20+00:00\",\"dateModified\":\"2025-12-04T14:17:25+00:00\",\"mainEntityOfPage\":{\"@id\":\"https:\/\/www.cofb.org\/2025\/11\/26\/tendencies-i-oportunitats-en-dermocosmetica-per-a-la-farmacia-en-una-nova-edicio-del-forum-dermoexpert\/\"},\"wordCount\":897,\"publisher\":{\"@id\":\"https:\/\/www.cofb.org\/#organization\"},\"image\":{\"@id\":\"https:\/\/www.cofb.org\/2025\/11\/26\/tendencies-i-oportunitats-en-dermocosmetica-per-a-la-farmacia-en-una-nova-edicio-del-forum-dermoexpert\/#primaryimage\"},\"thumbnailUrl\":\"https:\/\/www.cofb.org\/wp-content\/uploads\/2025\/12\/COFB_TENDENCIES_MERCAT_13112025_03_edited-1-scaled.jpg\",\"keywords\":[\"COFB\",\"Col\u00b7legi de Farmac\u00e8utics de Barcelona\",\"farmac\u00e8utics\",\"Farm\u00e0cia\",\"Formaci\u00f3\",\"procediments dermoest\u00e8tics\"],\"articleSection\":[\"Destacats\",\"M\u00f3n col\u00b7legial\"],\"inLanguage\":\"ca\"},{\"@type\":\"WebPage\",\"@id\":\"https:\/\/www.cofb.org\/2025\/11\/26\/tendencies-i-oportunitats-en-dermocosmetica-per-a-la-farmacia-en-una-nova-edicio-del-forum-dermoexpert\/\",\"url\":\"https:\/\/www.cofb.org\/2025\/11\/26\/tendencies-i-oportunitats-en-dermocosmetica-per-a-la-farmacia-en-una-nova-edicio-del-forum-dermoexpert\/\",\"name\":\"Tend\u00e8ncies i oportunitats en dermocosm\u00e8tica per a la farm\u00e0cia en una nova edici\u00f3 del F\u00f2rum Dermoexpert - Col\u00b7legi de Farmac\u00e8utics de Barcelona\",\"isPartOf\":{\"@id\":\"https:\/\/www.cofb.org\/#website\"},\"primaryImageOfPage\":{\"@id\":\"https:\/\/www.cofb.org\/2025\/11\/26\/tendencies-i-oportunitats-en-dermocosmetica-per-a-la-farmacia-en-una-nova-edicio-del-forum-dermoexpert\/#primaryimage\"},\"image\":{\"@id\":\"https:\/\/www.cofb.org\/2025\/11\/26\/tendencies-i-oportunitats-en-dermocosmetica-per-a-la-farmacia-en-una-nova-edicio-del-forum-dermoexpert\/#primaryimage\"},\"thumbnailUrl\":\"https:\/\/www.cofb.org\/wp-content\/uploads\/2025\/12\/COFB_TENDENCIES_MERCAT_13112025_03_edited-1-scaled.jpg\",\"datePublished\":\"2025-11-26T13:27:20+00:00\",\"dateModified\":\"2025-12-04T14:17:25+00:00\",\"description\":\"El COFB va organitzar la confer\u00e8ncia \u201cTend\u00e8ncies en el mercat de la dermocosm\u00e8tica i oportunitats per a la farm\u00e0cia\u201d\",\"breadcrumb\":{\"@id\":\"https:\/\/www.cofb.org\/2025\/11\/26\/tendencies-i-oportunitats-en-dermocosmetica-per-a-la-farmacia-en-una-nova-edicio-del-forum-dermoexpert\/#breadcrumb\"},\"inLanguage\":\"ca\",\"potentialAction\":[{\"@type\":\"ReadAction\",\"target\":[\"https:\/\/www.cofb.org\/2025\/11\/26\/tendencies-i-oportunitats-en-dermocosmetica-per-a-la-farmacia-en-una-nova-edicio-del-forum-dermoexpert\/\"]}]},{\"@type\":\"ImageObject\",\"inLanguage\":\"ca\",\"@id\":\"https:\/\/www.cofb.org\/2025\/11\/26\/tendencies-i-oportunitats-en-dermocosmetica-per-a-la-farmacia-en-una-nova-edicio-del-forum-dermoexpert\/#primaryimage\",\"url\":\"https:\/\/www.cofb.org\/wp-content\/uploads\/2025\/12\/COFB_TENDENCIES_MERCAT_13112025_03_edited-1-scaled.jpg\",\"contentUrl\":\"https:\/\/www.cofb.org\/wp-content\/uploads\/2025\/12\/COFB_TENDENCIES_MERCAT_13112025_03_edited-1-scaled.jpg\",\"width\":2560,\"height\":1440},{\"@type\":\"BreadcrumbList\",\"@id\":\"https:\/\/www.cofb.org\/2025\/11\/26\/tendencies-i-oportunitats-en-dermocosmetica-per-a-la-farmacia-en-una-nova-edicio-del-forum-dermoexpert\/#breadcrumb\",\"itemListElement\":[{\"@type\":\"ListItem\",\"position\":1,\"name\":\"Inici\",\"item\":\"https:\/\/novaorg.cofb.net\/\"},{\"@type\":\"ListItem\",\"position\":2,\"name\":\"Tend\u00e8ncies i oportunitats en dermocosm\u00e8tica per a la farm\u00e0cia en una nova edici\u00f3 del F\u00f2rum Dermoexpert\"}]},{\"@type\":\"WebSite\",\"@id\":\"https:\/\/www.cofb.org\/#website\",\"url\":\"https:\/\/www.cofb.org\/\",\"name\":\"Col\u00b7legi de Farmac\u00e8utics de Barcelona\",\"description\":\"\",\"publisher\":{\"@id\":\"https:\/\/www.cofb.org\/#organization\"},\"potentialAction\":[{\"@type\":\"SearchAction\",\"target\":{\"@type\":\"EntryPoint\",\"urlTemplate\":\"https:\/\/www.cofb.org\/?s={search_term_string}\"},\"query-input\":\"required name=search_term_string\"}],\"inLanguage\":\"ca\"},{\"@type\":\"Organization\",\"@id\":\"https:\/\/www.cofb.org\/#organization\",\"name\":\"Col\u00b7legi de Farmac\u00e8utics de Barcelona\",\"url\":\"https:\/\/www.cofb.org\/\",\"logo\":{\"@type\":\"ImageObject\",\"inLanguage\":\"ca\",\"@id\":\"https:\/\/www.cofb.org\/#\/schema\/logo\/image\/\",\"url\":\"https:\/\/www.cofb.org\/wp-content\/uploads\/2023\/11\/cropped-Logotip-COFB.png\",\"contentUrl\":\"https:\/\/www.cofb.org\/wp-content\/uploads\/2023\/11\/cropped-Logotip-COFB.png\",\"width\":500,\"height\":105,\"caption\":\"Col\u00b7legi de Farmac\u00e8utics de Barcelona\"},\"image\":{\"@id\":\"https:\/\/www.cofb.org\/#\/schema\/logo\/image\/\"},\"sameAs\":[\"https:\/\/www.facebook.com\/farmaceuticsbcn\/\",\"https:\/\/twitter.com\/farmaceuticsbcn\",\"https:\/\/www.instagram.com\/farmaceuticsbcn\/\",\"https:\/\/www.linkedin.com\/company\/farmaceuticsbcn\/\"]},{\"@type\":\"Person\",\"@id\":\"https:\/\/www.cofb.org\/#\/schema\/person\/e46d741cfb92c985a083d163d8270ae4\",\"name\":\"Xavier Magraner\",\"image\":{\"@type\":\"ImageObject\",\"inLanguage\":\"ca\",\"@id\":\"https:\/\/www.cofb.org\/#\/schema\/person\/image\/\",\"url\":\"https:\/\/secure.gravatar.com\/avatar\/aa0d1d4df59f71f88eebd5796c5388ff41c58d83c5301eb6e1d65646a289c37d?s=96&d=mm&r=g\",\"contentUrl\":\"https:\/\/secure.gravatar.com\/avatar\/aa0d1d4df59f71f88eebd5796c5388ff41c58d83c5301eb6e1d65646a289c37d?s=96&d=mm&r=g\",\"caption\":\"Xavier Magraner\"},\"url\":\"https:\/\/www.cofb.org\/ca\/author\/xmagraner\/\"}]}<\/script>\n<!-- \/ Yoast SEO plugin. -->","yoast_head_json":{"title":"Tend\u00e8ncies i oportunitats en dermocosm\u00e8tica per a la farm\u00e0cia en una nova edici\u00f3 del F\u00f2rum Dermoexpert - Col\u00b7legi de Farmac\u00e8utics de Barcelona","description":"El COFB va organitzar la confer\u00e8ncia \u201cTend\u00e8ncies en el mercat de la dermocosm\u00e8tica i oportunitats per a la farm\u00e0cia\u201d","robots":{"index":"index","follow":"follow","max-snippet":"max-snippet:-1","max-image-preview":"max-image-preview:large","max-video-preview":"max-video-preview:-1"},"canonical":"https:\/\/www.cofb.org\/ca\/2025\/11\/26\/tendencies-i-oportunitats-en-dermocosmetica-per-a-la-farmacia-en-una-nova-edicio-del-forum-dermoexpert\/","og_locale":"ca_ES","og_type":"article","og_title":"Tend\u00e8ncies i oportunitats en dermocosm\u00e8tica per a la farm\u00e0cia en una nova edici\u00f3 del F\u00f2rum Dermoexpert - Col\u00b7legi de Farmac\u00e8utics de Barcelona","og_description":"El COFB va organitzar la confer\u00e8ncia \u201cTend\u00e8ncies en el mercat de la dermocosm\u00e8tica i oportunitats per a la farm\u00e0cia\u201d","og_url":"https:\/\/www.cofb.org\/ca\/2025\/11\/26\/tendencies-i-oportunitats-en-dermocosmetica-per-a-la-farmacia-en-una-nova-edicio-del-forum-dermoexpert\/","og_site_name":"Col\u00b7legi de Farmac\u00e8utics de Barcelona","article_publisher":"https:\/\/www.facebook.com\/farmaceuticsbcn\/","article_published_time":"2025-11-26T13:27:20+00:00","article_modified_time":"2025-12-04T14:17:25+00:00","og_image":[{"width":2560,"height":1440,"url":"https:\/\/www.cofb.org\/wp-content\/uploads\/2025\/12\/COFB_TENDENCIES_MERCAT_13112025_03_edited-1-scaled.jpg","type":"image\/jpeg"}],"author":"Xavier Magraner","twitter_card":"summary_large_image","twitter_creator":"@farmaceuticsbcn","twitter_site":"@farmaceuticsbcn","twitter_misc":{"Escrit per":"Xavier Magraner","Temps estimat de lectura":"6 minuts"},"schema":{"@context":"https:\/\/schema.org","@graph":[{"@type":"Article","@id":"https:\/\/www.cofb.org\/2025\/11\/26\/tendencies-i-oportunitats-en-dermocosmetica-per-a-la-farmacia-en-una-nova-edicio-del-forum-dermoexpert\/#article","isPartOf":{"@id":"https:\/\/www.cofb.org\/2025\/11\/26\/tendencies-i-oportunitats-en-dermocosmetica-per-a-la-farmacia-en-una-nova-edicio-del-forum-dermoexpert\/"},"author":{"name":"Xavier Magraner","@id":"https:\/\/www.cofb.org\/#\/schema\/person\/e46d741cfb92c985a083d163d8270ae4"},"headline":"Tend\u00e8ncies i oportunitats en dermocosm\u00e8tica per a la farm\u00e0cia en una nova edici\u00f3 del F\u00f2rum Dermoexpert","datePublished":"2025-11-26T13:27:20+00:00","dateModified":"2025-12-04T14:17:25+00:00","mainEntityOfPage":{"@id":"https:\/\/www.cofb.org\/2025\/11\/26\/tendencies-i-oportunitats-en-dermocosmetica-per-a-la-farmacia-en-una-nova-edicio-del-forum-dermoexpert\/"},"wordCount":897,"publisher":{"@id":"https:\/\/www.cofb.org\/#organization"},"image":{"@id":"https:\/\/www.cofb.org\/2025\/11\/26\/tendencies-i-oportunitats-en-dermocosmetica-per-a-la-farmacia-en-una-nova-edicio-del-forum-dermoexpert\/#primaryimage"},"thumbnailUrl":"https:\/\/www.cofb.org\/wp-content\/uploads\/2025\/12\/COFB_TENDENCIES_MERCAT_13112025_03_edited-1-scaled.jpg","keywords":["COFB","Col\u00b7legi de Farmac\u00e8utics de Barcelona","farmac\u00e8utics","Farm\u00e0cia","Formaci\u00f3","procediments dermoest\u00e8tics"],"articleSection":["Destacats","M\u00f3n col\u00b7legial"],"inLanguage":"ca"},{"@type":"WebPage","@id":"https:\/\/www.cofb.org\/2025\/11\/26\/tendencies-i-oportunitats-en-dermocosmetica-per-a-la-farmacia-en-una-nova-edicio-del-forum-dermoexpert\/","url":"https:\/\/www.cofb.org\/2025\/11\/26\/tendencies-i-oportunitats-en-dermocosmetica-per-a-la-farmacia-en-una-nova-edicio-del-forum-dermoexpert\/","name":"Tend\u00e8ncies i oportunitats en dermocosm\u00e8tica per a la farm\u00e0cia en una nova edici\u00f3 del F\u00f2rum Dermoexpert - Col\u00b7legi de Farmac\u00e8utics de Barcelona","isPartOf":{"@id":"https:\/\/www.cofb.org\/#website"},"primaryImageOfPage":{"@id":"https:\/\/www.cofb.org\/2025\/11\/26\/tendencies-i-oportunitats-en-dermocosmetica-per-a-la-farmacia-en-una-nova-edicio-del-forum-dermoexpert\/#primaryimage"},"image":{"@id":"https:\/\/www.cofb.org\/2025\/11\/26\/tendencies-i-oportunitats-en-dermocosmetica-per-a-la-farmacia-en-una-nova-edicio-del-forum-dermoexpert\/#primaryimage"},"thumbnailUrl":"https:\/\/www.cofb.org\/wp-content\/uploads\/2025\/12\/COFB_TENDENCIES_MERCAT_13112025_03_edited-1-scaled.jpg","datePublished":"2025-11-26T13:27:20+00:00","dateModified":"2025-12-04T14:17:25+00:00","description":"El COFB va organitzar la confer\u00e8ncia \u201cTend\u00e8ncies en el mercat de la dermocosm\u00e8tica i oportunitats per a la farm\u00e0cia\u201d","breadcrumb":{"@id":"https:\/\/www.cofb.org\/2025\/11\/26\/tendencies-i-oportunitats-en-dermocosmetica-per-a-la-farmacia-en-una-nova-edicio-del-forum-dermoexpert\/#breadcrumb"},"inLanguage":"ca","potentialAction":[{"@type":"ReadAction","target":["https:\/\/www.cofb.org\/2025\/11\/26\/tendencies-i-oportunitats-en-dermocosmetica-per-a-la-farmacia-en-una-nova-edicio-del-forum-dermoexpert\/"]}]},{"@type":"ImageObject","inLanguage":"ca","@id":"https:\/\/www.cofb.org\/2025\/11\/26\/tendencies-i-oportunitats-en-dermocosmetica-per-a-la-farmacia-en-una-nova-edicio-del-forum-dermoexpert\/#primaryimage","url":"https:\/\/www.cofb.org\/wp-content\/uploads\/2025\/12\/COFB_TENDENCIES_MERCAT_13112025_03_edited-1-scaled.jpg","contentUrl":"https:\/\/www.cofb.org\/wp-content\/uploads\/2025\/12\/COFB_TENDENCIES_MERCAT_13112025_03_edited-1-scaled.jpg","width":2560,"height":1440},{"@type":"BreadcrumbList","@id":"https:\/\/www.cofb.org\/2025\/11\/26\/tendencies-i-oportunitats-en-dermocosmetica-per-a-la-farmacia-en-una-nova-edicio-del-forum-dermoexpert\/#breadcrumb","itemListElement":[{"@type":"ListItem","position":1,"name":"Inici","item":"https:\/\/novaorg.cofb.net\/"},{"@type":"ListItem","position":2,"name":"Tend\u00e8ncies i oportunitats en dermocosm\u00e8tica per a la farm\u00e0cia en una nova edici\u00f3 del F\u00f2rum Dermoexpert"}]},{"@type":"WebSite","@id":"https:\/\/www.cofb.org\/#website","url":"https:\/\/www.cofb.org\/","name":"Col\u00b7legi de Farmac\u00e8utics de Barcelona","description":"","publisher":{"@id":"https:\/\/www.cofb.org\/#organization"},"potentialAction":[{"@type":"SearchAction","target":{"@type":"EntryPoint","urlTemplate":"https:\/\/www.cofb.org\/?s={search_term_string}"},"query-input":"required name=search_term_string"}],"inLanguage":"ca"},{"@type":"Organization","@id":"https:\/\/www.cofb.org\/#organization","name":"Col\u00b7legi de Farmac\u00e8utics de Barcelona","url":"https:\/\/www.cofb.org\/","logo":{"@type":"ImageObject","inLanguage":"ca","@id":"https:\/\/www.cofb.org\/#\/schema\/logo\/image\/","url":"https:\/\/www.cofb.org\/wp-content\/uploads\/2023\/11\/cropped-Logotip-COFB.png","contentUrl":"https:\/\/www.cofb.org\/wp-content\/uploads\/2023\/11\/cropped-Logotip-COFB.png","width":500,"height":105,"caption":"Col\u00b7legi de Farmac\u00e8utics de Barcelona"},"image":{"@id":"https:\/\/www.cofb.org\/#\/schema\/logo\/image\/"},"sameAs":["https:\/\/www.facebook.com\/farmaceuticsbcn\/","https:\/\/twitter.com\/farmaceuticsbcn","https:\/\/www.instagram.com\/farmaceuticsbcn\/","https:\/\/www.linkedin.com\/company\/farmaceuticsbcn\/"]},{"@type":"Person","@id":"https:\/\/www.cofb.org\/#\/schema\/person\/e46d741cfb92c985a083d163d8270ae4","name":"Xavier Magraner","image":{"@type":"ImageObject","inLanguage":"ca","@id":"https:\/\/www.cofb.org\/#\/schema\/person\/image\/","url":"https:\/\/secure.gravatar.com\/avatar\/aa0d1d4df59f71f88eebd5796c5388ff41c58d83c5301eb6e1d65646a289c37d?s=96&d=mm&r=g","contentUrl":"https:\/\/secure.gravatar.com\/avatar\/aa0d1d4df59f71f88eebd5796c5388ff41c58d83c5301eb6e1d65646a289c37d?s=96&d=mm&r=g","caption":"Xavier Magraner"},"url":"https:\/\/www.cofb.org\/ca\/author\/xmagraner\/"}]}},"uagb_featured_image_src":{"full":["https:\/\/www.cofb.org\/wp-content\/uploads\/2025\/12\/COFB_TENDENCIES_MERCAT_13112025_03_edited-1-scaled.jpg",2560,1440,false],"thumbnail":["https:\/\/www.cofb.org\/wp-content\/uploads\/2025\/12\/COFB_TENDENCIES_MERCAT_13112025_03_edited-1-150x150.jpg",150,150,true],"medium":["https:\/\/www.cofb.org\/wp-content\/uploads\/2025\/12\/COFB_TENDENCIES_MERCAT_13112025_03_edited-1-300x169.jpg",300,169,true],"medium_large":["https:\/\/www.cofb.org\/wp-content\/uploads\/2025\/12\/COFB_TENDENCIES_MERCAT_13112025_03_edited-1-768x432.jpg",768,432,true],"large":["https:\/\/www.cofb.org\/wp-content\/uploads\/2025\/12\/COFB_TENDENCIES_MERCAT_13112025_03_edited-1-1024x576.jpg",1024,576,true],"1536x1536":["https:\/\/www.cofb.org\/wp-content\/uploads\/2025\/12\/COFB_TENDENCIES_MERCAT_13112025_03_edited-1-1536x864.jpg",1536,864,true],"2048x2048":["https:\/\/www.cofb.org\/wp-content\/uploads\/2025\/12\/COFB_TENDENCIES_MERCAT_13112025_03_edited-1-2048x1152.jpg",2048,1152,true],"trp-custom-language-flag":["https:\/\/www.cofb.org\/wp-content\/uploads\/2025\/12\/COFB_TENDENCIES_MERCAT_13112025_03_edited-1-18x10.jpg",18,10,true]},"uagb_author_info":{"display_name":"Xavier Magraner","author_link":"https:\/\/www.cofb.org\/ca\/author\/xmagraner\/"},"uagb_comment_info":0,"uagb_excerpt":"El Col\u00b7legi de Farmac\u00e8utics de Barcelona (COFB) va presentar, el passat 11 de novembre, el F\u00f2rum Dermoexpert \u201cTend\u00e8ncies en el mercat de la dermocosm\u00e8tica i oportunitats per a la farm\u00e0cia\u201d, amb el patrocini de L\u2019Or\u00e9al. La formaci\u00f3, que va ser coordinada per Marta Alcalde, vocal de Dermofarm\u00e0cia i Productes Sanitaris [&hellip;]","_links":{"self":[{"href":"https:\/\/www.cofb.org\/ca\/wp-json\/wp\/v2\/posts\/82763","targetHints":{"allow":["GET"]}}],"collection":[{"href":"https:\/\/www.cofb.org\/ca\/wp-json\/wp\/v2\/posts"}],"about":[{"href":"https:\/\/www.cofb.org\/ca\/wp-json\/wp\/v2\/types\/post"}],"author":[{"embeddable":true,"href":"https:\/\/www.cofb.org\/ca\/wp-json\/wp\/v2\/users\/10"}],"replies":[{"embeddable":true,"href":"https:\/\/www.cofb.org\/ca\/wp-json\/wp\/v2\/comments?post=82763"}],"version-history":[{"count":25,"href":"https:\/\/www.cofb.org\/ca\/wp-json\/wp\/v2\/posts\/82763\/revisions"}],"predecessor-version":[{"id":83163,"href":"https:\/\/www.cofb.org\/ca\/wp-json\/wp\/v2\/posts\/82763\/revisions\/83163"}],"wp:featuredmedia":[{"embeddable":true,"href":"https:\/\/www.cofb.org\/ca\/wp-json\/wp\/v2\/media\/83137"}],"wp:attachment":[{"href":"https:\/\/www.cofb.org\/ca\/wp-json\/wp\/v2\/media?parent=82763"}],"wp:term":[{"taxonomy":"category","embeddable":true,"href":"https:\/\/www.cofb.org\/ca\/wp-json\/wp\/v2\/categories?post=82763"},{"taxonomy":"post_tag","embeddable":true,"href":"https:\/\/www.cofb.org\/ca\/wp-json\/wp\/v2\/tags?post=82763"}],"curies":[{"name":"wp","href":"https:\/\/api.w.org\/{rel}","templated":true}]}}