{"id":82736,"date":"2025-11-24T12:36:00","date_gmt":"2025-11-24T12:36:00","guid":{"rendered":"https:\/\/www.cofb.org\/?p=82736"},"modified":"2025-11-27T12:40:16","modified_gmt":"2025-11-27T12:40:16","slug":"nova-actualitzacio-al-cofb-sobre-la-perforacio-del-lobul-de-lorella-a-loficina-de-farmacia","status":"publish","type":"post","link":"https:\/\/www.cofb.org\/ca\/2025\/11\/24\/nova-actualitzacio-al-cofb-sobre-la-perforacio-del-lobul-de-lorella-a-loficina-de-farmacia\/","title":{"rendered":"Nova actualitzaci\u00f3 al COFB sobre la perforaci\u00f3 del l\u00f2bul de l&#8217;orella a l&#8217;oficina de farm\u00e0cia"},"content":{"rendered":"\n<p>El passat 7 de novembre, el <strong>Col\u00b7legi de Farmac\u00e8utics de Barcelona (COFB) <\/strong>va organitzar una nova edici\u00f3 de la formaci\u00f3 \u201c<strong>La perforaci\u00f3 del l\u00f2bul de l\u2019orella<\/strong>\u201d amb la col\u00b7laboraci\u00f3 de <a href=\"https:\/\/www.prim.es\/\" target=\"_blank\" rel=\"noreferrer noopener\">PRIM<\/a>. La sessi\u00f3 va ser realitzada per<strong> Gema Garrig\u00f3s<\/strong>, farmac\u00e8utica i bioqu\u00edmica i responsable de negoci de PRIM. La vocal de Dermofarm\u00e0cia i Productes Sanitaris del COFB, <strong>Marta Alcade<\/strong>, va coordinar la formaci\u00f3 <strong>adre\u00e7ada a farmac\u00e8utics i farmac\u00e8utiques de farm\u00e0cia comunit\u00e0ria i t\u00e8cnics i t\u00e8cniques i auxiliars en farm\u00e0cia i parafarm\u00e0cia<\/strong>.<\/p>\n\n\n\n<figure class=\"wp-block-image size-large\"><a href=\"https:\/\/www.cofb.org\/wp-content\/uploads\/2025\/11\/PERFORACIO_LOBUL_COFB_10112025_01-scaled.jpg\" target=\"_blank\" rel=\" noreferrer noopener\"><img fetchpriority=\"high\" decoding=\"async\" width=\"1024\" height=\"576\" src=\"https:\/\/www.cofb.org\/wp-content\/uploads\/2025\/11\/PERFORACIO_LOBUL_COFB_10112025_01-1024x576.jpg\" alt=\"Marta Alcalde, vocal de Dermofarm\u00e0cia i Productes Sanitaris del COFB, va presentar la formaci\u00f3.\" class=\"wp-image-82748\" srcset=\"https:\/\/www.cofb.org\/wp-content\/uploads\/2025\/11\/PERFORACIO_LOBUL_COFB_10112025_01-1024x576.jpg 1024w, https:\/\/www.cofb.org\/wp-content\/uploads\/2025\/11\/PERFORACIO_LOBUL_COFB_10112025_01-300x169.jpg 300w, https:\/\/www.cofb.org\/wp-content\/uploads\/2025\/11\/PERFORACIO_LOBUL_COFB_10112025_01-768x432.jpg 768w, https:\/\/www.cofb.org\/wp-content\/uploads\/2025\/11\/PERFORACIO_LOBUL_COFB_10112025_01-1536x864.jpg 1536w, https:\/\/www.cofb.org\/wp-content\/uploads\/2025\/11\/PERFORACIO_LOBUL_COFB_10112025_01-2048x1152.jpg 2048w, https:\/\/www.cofb.org\/wp-content\/uploads\/2025\/11\/PERFORACIO_LOBUL_COFB_10112025_01-18x10.jpg 18w\" sizes=\"(max-width: 1024px) 100vw, 1024px\" \/><\/a><figcaption class=\"wp-element-caption\">Marta Alcalde, vocal de Dermofarm\u00e0cia i Productes Sanitaris del COFB, va presentar la formaci\u00f3.<br><\/figcaption><\/figure>\n\n\n\n<p>Els <strong>objectius <\/strong>de la formaci\u00f3 van ser <strong>saber com fer una perforaci\u00f3 del l\u00f2bul de l\u2019orella<\/strong> i com <strong>aplicar les mesures higi\u00e8niques i sanit\u00e0ries<\/strong> posteriors per prevenir riscos tant del pacient com del personal que la fa, entendre les <strong>cures posteriors a fer per prevenir reacciones adverses i identificar els possibles riscos associats<\/strong> que t\u00e9 el pacient.<\/p>\n\n\n\n<p>La vocal de Dermofarm\u00e0cia i Productes Sanitaris del COFB, va recordar que \u201ccada any es realitza aquesta formaci\u00f3, ja que \u00e9s un tema que interessa i un <strong>servei que moltes farm\u00e0cies estan realitzant<\/strong>. El taller ha estat dividit en una <strong>part te\u00f2rica<\/strong>, on s\u2019explicar\u00e0 tota la informaci\u00f3 necess\u00e0ria del l\u00f2bul de l\u2019orella, i una <strong>part t\u00e8cnica<\/strong>, on s\u2019enumeraran els <strong>diferents passos per dur-ho a terme<\/strong>\u201d. \u00a0Alcalde tamb\u00e9 va explicar els\u00a0<strong>aspectes legals i legislatius<\/strong>\u00a0a tenir presents en relaci\u00f3 amb la perforaci\u00f3 del l\u00f2bul de l\u2019orella.<\/p>\n\n\n\n<p><\/p>\n\n\n\n<h2 class=\"wp-block-heading\">Alta demanda del servei<\/h2>\n\n\n\n<p><strong>Gema Garrig\u00f3s<\/strong>, farmac\u00e8utica i bioqu\u00edmica i responsable de negoci de PRIM, va iniciar la sessi\u00f3 explicant que \u201cla perforaci\u00f3 del l\u00f2bul de l\u2019orella compta amb una gran demanda avui dia, ja que <strong>tota mena de persones demanen aquest servei<\/strong>. El m\u00e9s important \u00e9s que aquest servei, que abans era per beb\u00e8s i ara per tothom, <strong>no marxi de la farm\u00e0cia<\/strong>\u201d.<\/p>\n\n\n\n<figure class=\"wp-block-image size-large\"><a href=\"https:\/\/www.cofb.org\/wp-content\/uploads\/2025\/11\/PERFORACIO_LOBUL_COFB_10112025_02-scaled.jpg\" target=\"_blank\" rel=\" noreferrer noopener\"><img decoding=\"async\" width=\"1024\" height=\"576\" src=\"https:\/\/www.cofb.org\/wp-content\/uploads\/2025\/11\/PERFORACIO_LOBUL_COFB_10112025_02-1024x576.jpg\" alt=\"Gema Garrig\u00f3s en un moment de la seva presentaci\u00f3.\" class=\"wp-image-82750\" srcset=\"https:\/\/www.cofb.org\/wp-content\/uploads\/2025\/11\/PERFORACIO_LOBUL_COFB_10112025_02-1024x576.jpg 1024w, https:\/\/www.cofb.org\/wp-content\/uploads\/2025\/11\/PERFORACIO_LOBUL_COFB_10112025_02-300x169.jpg 300w, https:\/\/www.cofb.org\/wp-content\/uploads\/2025\/11\/PERFORACIO_LOBUL_COFB_10112025_02-768x432.jpg 768w, https:\/\/www.cofb.org\/wp-content\/uploads\/2025\/11\/PERFORACIO_LOBUL_COFB_10112025_02-1536x864.jpg 1536w, https:\/\/www.cofb.org\/wp-content\/uploads\/2025\/11\/PERFORACIO_LOBUL_COFB_10112025_02-2048x1152.jpg 2048w, https:\/\/www.cofb.org\/wp-content\/uploads\/2025\/11\/PERFORACIO_LOBUL_COFB_10112025_02-18x10.jpg 18w\" sizes=\"(max-width: 1024px) 100vw, 1024px\" \/><\/a><figcaption class=\"wp-element-caption\">Gema Garrig\u00f3s en un moment de la seva presentaci\u00f3.<\/figcaption><\/figure>\n\n\n\n<p>Garrig\u00f3s va traslladar que \u201centre un <strong>50 i 90% de la poblaci\u00f3 <\/strong>compta actualment amb<strong> una o m\u00e9s perforacions<\/strong>. Una vegada te\u2019n fas una i es t\u00e9 una bona experi\u00e8ncia, normalment vas a buscar una altra m\u00e9s\u201d. En relaci\u00f3 amb la <strong>perforaci\u00f3 del l\u00f2bul a l\u2019oficina de farm\u00e0cia<\/strong>, la farmac\u00e8utica va deixar clar que \u201cs\u2019ha de realitzar mitjan\u00e7ant <strong>sistemes de clavat i cordat <\/strong>de forma autom\u00e0tica, amb material est\u00e8ril i d\u2019un sol \u00fas&#8221;, recordant que &#8220;a les farm\u00e0cies mai es podr\u00e0 perforar el cart\u00edlag de l\u2019orella\u201d.<\/p>\n\n\n\n<h2 class=\"wp-block-heading\">Materials i procediments per a la perforaci\u00f3 del l\u00f2bul de l\u2019orella<\/h2>\n\n\n\n<p>Seguidament, la farmac\u00e8utica va repassar<strong> l\u2019anatomia i la fisiologia de l\u2019orella i<\/strong> les diferents <strong>tipologies de p\u00edrcings m\u00e9s comunes a l\u2019orella <\/strong>(l\u00f2bul, tragus, antitragus, c\u00f2clea, snug, daith, rook, industrial, h\u00e8lix). Pel que fa als <strong>materials necessaris per a la perforaci\u00f3 del l\u00f2bul de l\u2019orella<\/strong>, va especificar que cal utilitzar un<strong> instrument perforador d\u2019\u00fas manual<\/strong>, <strong>cassets est\u00e8rils d\u2019un sol \u00fas <\/strong>i que la seva esterilitat estigui garantida, <strong>marcadors d\u2019\u00fas t\u00f2pic<\/strong> i <strong>arracades de perforaci\u00f3<\/strong>. Pel que fa als passos a seguir, va indicar que primer cal netejar, despr\u00e9s marcar i, finalment, perforar.<\/p>\n\n\n\n<figure class=\"wp-block-image size-large\"><a href=\"https:\/\/www.cofb.org\/wp-content\/uploads\/2025\/11\/PERFORACIO_LOBUL_COFB_10112025_03-scaled.jpg\" target=\"_blank\" rel=\" noreferrer noopener\"><img decoding=\"async\" width=\"1024\" height=\"576\" src=\"https:\/\/www.cofb.org\/wp-content\/uploads\/2025\/11\/PERFORACIO_LOBUL_COFB_10112025_03-1024x576.jpg\" alt=\"Durant la formaci\u00f3, es va dur a terme una part pr\u00e0ctica per aprendre com s'ha de perforar correctament el l\u00f2bul de l'orella\" class=\"wp-image-82745\" srcset=\"https:\/\/www.cofb.org\/wp-content\/uploads\/2025\/11\/PERFORACIO_LOBUL_COFB_10112025_03-1024x576.jpg 1024w, https:\/\/www.cofb.org\/wp-content\/uploads\/2025\/11\/PERFORACIO_LOBUL_COFB_10112025_03-300x169.jpg 300w, https:\/\/www.cofb.org\/wp-content\/uploads\/2025\/11\/PERFORACIO_LOBUL_COFB_10112025_03-768x432.jpg 768w, https:\/\/www.cofb.org\/wp-content\/uploads\/2025\/11\/PERFORACIO_LOBUL_COFB_10112025_03-1536x864.jpg 1536w, https:\/\/www.cofb.org\/wp-content\/uploads\/2025\/11\/PERFORACIO_LOBUL_COFB_10112025_03-2048x1152.jpg 2048w, https:\/\/www.cofb.org\/wp-content\/uploads\/2025\/11\/PERFORACIO_LOBUL_COFB_10112025_03-18x10.jpg 18w\" sizes=\"(max-width: 1024px) 100vw, 1024px\" \/><\/a><figcaption class=\"wp-element-caption\">Durant la formaci\u00f3, es va dur a terme una part pr\u00e0ctica per aprendre com s&#8217;ha de perforar correctament el l\u00f2bul de l&#8217;orella.<\/figcaption><\/figure>\n\n\n\n<p>En el cas de la <strong>perforaci\u00f3 a infants<\/strong>, Garrig\u00f3s va aconsellar \u201cesperar que el beb\u00e8 tingui<strong> tres o quatre mesos<\/strong> perqu\u00e8 l\u2019orella estigui ben formada abans de <strong>perforar i evitar futures repeticions<\/strong>. La perforaci\u00f3 ha de ser com m\u00e9s aviat millor, principalment a la segona orella, per evitar que <strong>el beb\u00e8 es mogui i no generar-li estr\u00e8s<\/strong>\u201d. Pel que fa a la cicatritzaci\u00f3, per tal que es produeixi de manera r\u00e0pida i sense complicacions, la farmac\u00e8utica va deixar clar que s\u2019han de tenir una s\u00e8rie de precaucions: \u201cS\u2019han de mantenir les arracades a l\u2019orella durant sis setmanes, cuidar la perforaci\u00f3 tres vegades al dia, mantenint la zona neta i airejada i mantenir la superf\u00edcie perforada seca i neta\u201d.<\/p>\n\n\n\n<p class=\"has-text-align-right\"><strong>Amb la col\u00b7laboraci\u00f3 de:<\/strong><\/p>\n\n\n\n<figure class=\"wp-block-image alignright size-large is-resized\"><a href=\"https:\/\/www.prim.es\/\" target=\"_blank\" rel=\"noreferrer noopener\"><img loading=\"lazy\" decoding=\"async\" width=\"1024\" height=\"484\" src=\"https:\/\/www.cofb.org\/wp-content\/uploads\/2025\/06\/PRIM_logo_transparent-1024x484.png\" alt=\"\" class=\"wp-image-81358\" style=\"width:243px;height:auto\" srcset=\"https:\/\/www.cofb.org\/wp-content\/uploads\/2025\/06\/PRIM_logo_transparent-1024x484.png 1024w, https:\/\/www.cofb.org\/wp-content\/uploads\/2025\/06\/PRIM_logo_transparent-300x142.png 300w, https:\/\/www.cofb.org\/wp-content\/uploads\/2025\/06\/PRIM_logo_transparent-768x363.png 768w, https:\/\/www.cofb.org\/wp-content\/uploads\/2025\/06\/PRIM_logo_transparent-1536x725.png 1536w, https:\/\/www.cofb.org\/wp-content\/uploads\/2025\/06\/PRIM_logo_transparent-18x9.png 18w, https:\/\/www.cofb.org\/wp-content\/uploads\/2025\/06\/PRIM_logo_transparent.png 1800w\" sizes=\"(max-width: 1024px) 100vw, 1024px\" \/><\/a><\/figure>\n","protected":false},"excerpt":{"rendered":"<p>El passat 7 de novembre, el Col\u00b7legi de Farmac\u00e8utics de Barcelona (COFB) va organitzar una nova edici\u00f3 de la formaci\u00f3 \u201cLa perforaci\u00f3 del l\u00f2bul de l\u2019orella\u201d amb la col\u00b7laboraci\u00f3 de PRIM. La sessi\u00f3 va ser realitzada per Gema Garrig\u00f3s, farmac\u00e8utica i bioqu\u00edmica i responsable de negoci de PRIM. La vocal [&hellip;]<\/p>\n","protected":false},"author":10,"featured_media":82745,"comment_status":"closed","ping_status":"closed","sticky":false,"template":"","format":"standard","meta":{"_uag_custom_page_level_css":"","site-sidebar-layout":"default","site-content-layout":"","ast-site-content-layout":"default","site-content-style":"default","site-sidebar-style":"default","ast-global-header-display":"","ast-banner-title-visibility":"","ast-main-header-display":"","ast-hfb-above-header-display":"","ast-hfb-below-header-display":"","ast-hfb-mobile-header-display":"","site-post-title":"","ast-breadcrumbs-content":"","ast-featured-img":"disabled","footer-sml-layout":"","theme-transparent-header-meta":"","adv-header-id-meta":"","stick-header-meta":"","header-above-stick-meta":"","header-main-stick-meta":"","header-below-stick-meta":"","astra-migrate-meta-layouts":"set","ast-page-background-enabled":"default","ast-page-background-meta":{"desktop":{"background-color":"var(--ast-global-color-4)","background-image":"","background-repeat":"repeat","background-position":"center center","background-size":"auto","background-attachment":"scroll","background-type":"","background-media":"","overlay-type":"","overlay-color":"","overlay-opacity":"","overlay-gradient":""},"tablet":{"background-color":"","background-image":"","background-repeat":"repeat","background-position":"center center","background-size":"auto","background-attachment":"scroll","background-type":"","background-media":"","overlay-type":"","overlay-color":"","overlay-opacity":"","overlay-gradient":""},"mobile":{"background-color":"","background-image":"","background-repeat":"repeat","background-position":"center center","background-size":"auto","background-attachment":"scroll","background-type":"","background-media":"","overlay-type":"","overlay-color":"","overlay-opacity":"","overlay-gradient":""}},"ast-content-background-meta":{"desktop":{"background-color":"var(--ast-global-color-5)","background-image":"","background-repeat":"repeat","background-position":"center center","background-size":"auto","background-attachment":"scroll","background-type":"","background-media":"","overlay-type":"","overlay-color":"","overlay-opacity":"","overlay-gradient":""},"tablet":{"background-color":"var(--ast-global-color-5)","background-image":"","background-repeat":"repeat","background-position":"center center","background-size":"auto","background-attachment":"scroll","background-type":"","background-media":"","overlay-type":"","overlay-color":"","overlay-opacity":"","overlay-gradient":""},"mobile":{"background-color":"var(--ast-global-color-5)","background-image":"","background-repeat":"repeat","background-position":"center center","background-size":"auto","background-attachment":"scroll","background-type":"","background-media":"","overlay-type":"","overlay-color":"","overlay-opacity":"","overlay-gradient":""}},"footnotes":""},"categories":[23,57],"tags":[2902,18,19,53,69,70,680,341,343],"class_list":["post-82736","post","type-post","status-publish","format-standard","has-post-thumbnail","hentry","category-destacats","category-mon-collegial","tag-bebes","tag-cofb","tag-collegi-de-farmaceutics-de-barcelona","tag-farmaceutics","tag-farmacia-comunitaria","tag-formacio","tag-lobul-orella","tag-perforacio-lobul-orella","tag-servei-de-perforacio-del-lobul-de-lorella"],"yoast_head":"<!-- This site is optimized with the Yoast SEO plugin v22.4 - https:\/\/yoast.com\/wordpress\/plugins\/seo\/ -->\n<title>Nova actualitzaci\u00f3 al COFB sobre la perforaci\u00f3 del l\u00f2bul de l&#039;orella a l&#039;oficina de farm\u00e0cia - Col\u00b7legi de Farmac\u00e8utics de Barcelona<\/title>\n<meta name=\"description\" content=\"El passat 7 de novembre, el COFB va organitzar la formaci\u00f3 \u201cLa perforaci\u00f3 del l\u00f2bul de l\u2019orella\u201d amb la col\u00b7laboraci\u00f3 de PRIM.\" \/>\n<meta name=\"robots\" content=\"index, follow, max-snippet:-1, max-image-preview:large, max-video-preview:-1\" \/>\n<link rel=\"canonical\" href=\"https:\/\/www.cofb.org\/ca\/2025\/11\/24\/nova-actualitzacio-al-cofb-sobre-la-perforacio-del-lobul-de-lorella-a-loficina-de-farmacia\/\" \/>\n<meta property=\"og:locale\" content=\"ca_ES\" \/>\n<meta property=\"og:type\" content=\"article\" \/>\n<meta property=\"og:title\" content=\"Nova actualitzaci\u00f3 al COFB sobre la perforaci\u00f3 del l\u00f2bul de l&#039;orella a l&#039;oficina de farm\u00e0cia - Col\u00b7legi de Farmac\u00e8utics de Barcelona\" \/>\n<meta property=\"og:description\" content=\"El passat 7 de novembre, el COFB va organitzar la formaci\u00f3 \u201cLa perforaci\u00f3 del l\u00f2bul de l\u2019orella\u201d amb la col\u00b7laboraci\u00f3 de PRIM.\" \/>\n<meta property=\"og:url\" content=\"https:\/\/www.cofb.org\/ca\/2025\/11\/24\/nova-actualitzacio-al-cofb-sobre-la-perforacio-del-lobul-de-lorella-a-loficina-de-farmacia\/\" \/>\n<meta property=\"og:site_name\" content=\"Col\u00b7legi de Farmac\u00e8utics de Barcelona\" \/>\n<meta property=\"article:publisher\" content=\"https:\/\/www.facebook.com\/farmaceuticsbcn\/\" \/>\n<meta property=\"article:published_time\" content=\"2025-11-24T12:36:00+00:00\" \/>\n<meta property=\"article:modified_time\" content=\"2025-11-27T12:40:16+00:00\" \/>\n<meta property=\"og:image\" content=\"https:\/\/www.cofb.org\/wp-content\/uploads\/2025\/11\/PERFORACIO_LOBUL_COFB_10112025_03-scaled.jpg\" \/>\n\t<meta property=\"og:image:width\" content=\"2560\" \/>\n\t<meta property=\"og:image:height\" content=\"1440\" \/>\n\t<meta property=\"og:image:type\" content=\"image\/jpeg\" \/>\n<meta name=\"author\" content=\"Xavier Magraner\" \/>\n<meta name=\"twitter:card\" content=\"summary_large_image\" \/>\n<meta name=\"twitter:creator\" content=\"@farmaceuticsbcn\" \/>\n<meta name=\"twitter:site\" content=\"@farmaceuticsbcn\" \/>\n<meta name=\"twitter:label1\" content=\"Escrit per\" \/>\n\t<meta name=\"twitter:data1\" content=\"Xavier Magraner\" \/>\n\t<meta name=\"twitter:label2\" content=\"Temps estimat de lectura\" \/>\n\t<meta name=\"twitter:data2\" content=\"5 minuts\" \/>\n<script type=\"application\/ld+json\" class=\"yoast-schema-graph\">{\"@context\":\"https:\/\/schema.org\",\"@graph\":[{\"@type\":\"Article\",\"@id\":\"https:\/\/www.cofb.org\/2025\/11\/24\/nova-actualitzacio-al-cofb-sobre-la-perforacio-del-lobul-de-lorella-a-loficina-de-farmacia\/#article\",\"isPartOf\":{\"@id\":\"https:\/\/www.cofb.org\/2025\/11\/24\/nova-actualitzacio-al-cofb-sobre-la-perforacio-del-lobul-de-lorella-a-loficina-de-farmacia\/\"},\"author\":{\"name\":\"Xavier Magraner\",\"@id\":\"https:\/\/www.cofb.org\/#\/schema\/person\/e46d741cfb92c985a083d163d8270ae4\"},\"headline\":\"Nova actualitzaci\u00f3 al COFB sobre la perforaci\u00f3 del l\u00f2bul de l&#8217;orella a l&#8217;oficina de farm\u00e0cia\",\"datePublished\":\"2025-11-24T12:36:00+00:00\",\"dateModified\":\"2025-11-27T12:40:16+00:00\",\"mainEntityOfPage\":{\"@id\":\"https:\/\/www.cofb.org\/2025\/11\/24\/nova-actualitzacio-al-cofb-sobre-la-perforacio-del-lobul-de-lorella-a-loficina-de-farmacia\/\"},\"wordCount\":754,\"publisher\":{\"@id\":\"https:\/\/www.cofb.org\/#organization\"},\"image\":{\"@id\":\"https:\/\/www.cofb.org\/2025\/11\/24\/nova-actualitzacio-al-cofb-sobre-la-perforacio-del-lobul-de-lorella-a-loficina-de-farmacia\/#primaryimage\"},\"thumbnailUrl\":\"https:\/\/www.cofb.org\/wp-content\/uploads\/2025\/11\/PERFORACIO_LOBUL_COFB_10112025_03-scaled.jpg\",\"keywords\":[\"beb\u00e8s\",\"COFB\",\"Col\u00b7legi de Farmac\u00e8utics de Barcelona\",\"farmac\u00e8utics\",\"farm\u00e0cia comunit\u00e0ria\",\"Formaci\u00f3\",\"l\u00f2bul orella\",\"Perforaci\u00f3 l\u00f2bul orella\",\"Servei de perforaci\u00f3 del l\u00f2bul de l&#039;orella\"],\"articleSection\":[\"Destacats\",\"M\u00f3n col\u00b7legial\"],\"inLanguage\":\"ca\"},{\"@type\":\"WebPage\",\"@id\":\"https:\/\/www.cofb.org\/2025\/11\/24\/nova-actualitzacio-al-cofb-sobre-la-perforacio-del-lobul-de-lorella-a-loficina-de-farmacia\/\",\"url\":\"https:\/\/www.cofb.org\/2025\/11\/24\/nova-actualitzacio-al-cofb-sobre-la-perforacio-del-lobul-de-lorella-a-loficina-de-farmacia\/\",\"name\":\"Nova actualitzaci\u00f3 al COFB sobre la perforaci\u00f3 del l\u00f2bul de l'orella a l'oficina de farm\u00e0cia - Col\u00b7legi de Farmac\u00e8utics de Barcelona\",\"isPartOf\":{\"@id\":\"https:\/\/www.cofb.org\/#website\"},\"primaryImageOfPage\":{\"@id\":\"https:\/\/www.cofb.org\/2025\/11\/24\/nova-actualitzacio-al-cofb-sobre-la-perforacio-del-lobul-de-lorella-a-loficina-de-farmacia\/#primaryimage\"},\"image\":{\"@id\":\"https:\/\/www.cofb.org\/2025\/11\/24\/nova-actualitzacio-al-cofb-sobre-la-perforacio-del-lobul-de-lorella-a-loficina-de-farmacia\/#primaryimage\"},\"thumbnailUrl\":\"https:\/\/www.cofb.org\/wp-content\/uploads\/2025\/11\/PERFORACIO_LOBUL_COFB_10112025_03-scaled.jpg\",\"datePublished\":\"2025-11-24T12:36:00+00:00\",\"dateModified\":\"2025-11-27T12:40:16+00:00\",\"description\":\"El passat 7 de novembre, el COFB va organitzar la formaci\u00f3 \u201cLa perforaci\u00f3 del l\u00f2bul de l\u2019orella\u201d amb la col\u00b7laboraci\u00f3 de PRIM.\",\"breadcrumb\":{\"@id\":\"https:\/\/www.cofb.org\/2025\/11\/24\/nova-actualitzacio-al-cofb-sobre-la-perforacio-del-lobul-de-lorella-a-loficina-de-farmacia\/#breadcrumb\"},\"inLanguage\":\"ca\",\"potentialAction\":[{\"@type\":\"ReadAction\",\"target\":[\"https:\/\/www.cofb.org\/2025\/11\/24\/nova-actualitzacio-al-cofb-sobre-la-perforacio-del-lobul-de-lorella-a-loficina-de-farmacia\/\"]}]},{\"@type\":\"ImageObject\",\"inLanguage\":\"ca\",\"@id\":\"https:\/\/www.cofb.org\/2025\/11\/24\/nova-actualitzacio-al-cofb-sobre-la-perforacio-del-lobul-de-lorella-a-loficina-de-farmacia\/#primaryimage\",\"url\":\"https:\/\/www.cofb.org\/wp-content\/uploads\/2025\/11\/PERFORACIO_LOBUL_COFB_10112025_03-scaled.jpg\",\"contentUrl\":\"https:\/\/www.cofb.org\/wp-content\/uploads\/2025\/11\/PERFORACIO_LOBUL_COFB_10112025_03-scaled.jpg\",\"width\":2560,\"height\":1440},{\"@type\":\"BreadcrumbList\",\"@id\":\"https:\/\/www.cofb.org\/2025\/11\/24\/nova-actualitzacio-al-cofb-sobre-la-perforacio-del-lobul-de-lorella-a-loficina-de-farmacia\/#breadcrumb\",\"itemListElement\":[{\"@type\":\"ListItem\",\"position\":1,\"name\":\"Inici\",\"item\":\"https:\/\/novaorg.cofb.net\/\"},{\"@type\":\"ListItem\",\"position\":2,\"name\":\"Nova actualitzaci\u00f3 al COFB sobre la perforaci\u00f3 del l\u00f2bul de l&#8217;orella a l&#8217;oficina de farm\u00e0cia\"}]},{\"@type\":\"WebSite\",\"@id\":\"https:\/\/www.cofb.org\/#website\",\"url\":\"https:\/\/www.cofb.org\/\",\"name\":\"Col\u00b7legi de Farmac\u00e8utics de Barcelona\",\"description\":\"\",\"publisher\":{\"@id\":\"https:\/\/www.cofb.org\/#organization\"},\"potentialAction\":[{\"@type\":\"SearchAction\",\"target\":{\"@type\":\"EntryPoint\",\"urlTemplate\":\"https:\/\/www.cofb.org\/?s={search_term_string}\"},\"query-input\":\"required name=search_term_string\"}],\"inLanguage\":\"ca\"},{\"@type\":\"Organization\",\"@id\":\"https:\/\/www.cofb.org\/#organization\",\"name\":\"Col\u00b7legi de Farmac\u00e8utics de Barcelona\",\"url\":\"https:\/\/www.cofb.org\/\",\"logo\":{\"@type\":\"ImageObject\",\"inLanguage\":\"ca\",\"@id\":\"https:\/\/www.cofb.org\/#\/schema\/logo\/image\/\",\"url\":\"https:\/\/www.cofb.org\/wp-content\/uploads\/2023\/11\/cropped-Logotip-COFB.png\",\"contentUrl\":\"https:\/\/www.cofb.org\/wp-content\/uploads\/2023\/11\/cropped-Logotip-COFB.png\",\"width\":500,\"height\":105,\"caption\":\"Col\u00b7legi de Farmac\u00e8utics de Barcelona\"},\"image\":{\"@id\":\"https:\/\/www.cofb.org\/#\/schema\/logo\/image\/\"},\"sameAs\":[\"https:\/\/www.facebook.com\/farmaceuticsbcn\/\",\"https:\/\/twitter.com\/farmaceuticsbcn\",\"https:\/\/www.instagram.com\/farmaceuticsbcn\/\",\"https:\/\/www.linkedin.com\/company\/farmaceuticsbcn\/\"]},{\"@type\":\"Person\",\"@id\":\"https:\/\/www.cofb.org\/#\/schema\/person\/e46d741cfb92c985a083d163d8270ae4\",\"name\":\"Xavier Magraner\",\"image\":{\"@type\":\"ImageObject\",\"inLanguage\":\"ca\",\"@id\":\"https:\/\/www.cofb.org\/#\/schema\/person\/image\/\",\"url\":\"https:\/\/secure.gravatar.com\/avatar\/aa0d1d4df59f71f88eebd5796c5388ff41c58d83c5301eb6e1d65646a289c37d?s=96&d=mm&r=g\",\"contentUrl\":\"https:\/\/secure.gravatar.com\/avatar\/aa0d1d4df59f71f88eebd5796c5388ff41c58d83c5301eb6e1d65646a289c37d?s=96&d=mm&r=g\",\"caption\":\"Xavier Magraner\"},\"url\":\"https:\/\/www.cofb.org\/ca\/author\/xmagraner\/\"}]}<\/script>\n<!-- \/ Yoast SEO plugin. -->","yoast_head_json":{"title":"Nova actualitzaci\u00f3 al COFB sobre la perforaci\u00f3 del l\u00f2bul de l'orella a l'oficina de farm\u00e0cia - Col\u00b7legi de Farmac\u00e8utics de Barcelona","description":"El passat 7 de novembre, el COFB va organitzar la formaci\u00f3 \u201cLa perforaci\u00f3 del l\u00f2bul de l\u2019orella\u201d amb la col\u00b7laboraci\u00f3 de PRIM.","robots":{"index":"index","follow":"follow","max-snippet":"max-snippet:-1","max-image-preview":"max-image-preview:large","max-video-preview":"max-video-preview:-1"},"canonical":"https:\/\/www.cofb.org\/ca\/2025\/11\/24\/nova-actualitzacio-al-cofb-sobre-la-perforacio-del-lobul-de-lorella-a-loficina-de-farmacia\/","og_locale":"ca_ES","og_type":"article","og_title":"Nova actualitzaci\u00f3 al COFB sobre la perforaci\u00f3 del l\u00f2bul de l'orella a l'oficina de farm\u00e0cia - Col\u00b7legi de Farmac\u00e8utics de Barcelona","og_description":"El passat 7 de novembre, el COFB va organitzar la formaci\u00f3 \u201cLa perforaci\u00f3 del l\u00f2bul de l\u2019orella\u201d amb la col\u00b7laboraci\u00f3 de PRIM.","og_url":"https:\/\/www.cofb.org\/ca\/2025\/11\/24\/nova-actualitzacio-al-cofb-sobre-la-perforacio-del-lobul-de-lorella-a-loficina-de-farmacia\/","og_site_name":"Col\u00b7legi de Farmac\u00e8utics de Barcelona","article_publisher":"https:\/\/www.facebook.com\/farmaceuticsbcn\/","article_published_time":"2025-11-24T12:36:00+00:00","article_modified_time":"2025-11-27T12:40:16+00:00","og_image":[{"width":2560,"height":1440,"url":"https:\/\/www.cofb.org\/wp-content\/uploads\/2025\/11\/PERFORACIO_LOBUL_COFB_10112025_03-scaled.jpg","type":"image\/jpeg"}],"author":"Xavier Magraner","twitter_card":"summary_large_image","twitter_creator":"@farmaceuticsbcn","twitter_site":"@farmaceuticsbcn","twitter_misc":{"Escrit per":"Xavier Magraner","Temps estimat de lectura":"5 minuts"},"schema":{"@context":"https:\/\/schema.org","@graph":[{"@type":"Article","@id":"https:\/\/www.cofb.org\/2025\/11\/24\/nova-actualitzacio-al-cofb-sobre-la-perforacio-del-lobul-de-lorella-a-loficina-de-farmacia\/#article","isPartOf":{"@id":"https:\/\/www.cofb.org\/2025\/11\/24\/nova-actualitzacio-al-cofb-sobre-la-perforacio-del-lobul-de-lorella-a-loficina-de-farmacia\/"},"author":{"name":"Xavier Magraner","@id":"https:\/\/www.cofb.org\/#\/schema\/person\/e46d741cfb92c985a083d163d8270ae4"},"headline":"Nova actualitzaci\u00f3 al COFB sobre la perforaci\u00f3 del l\u00f2bul de l&#8217;orella a l&#8217;oficina de farm\u00e0cia","datePublished":"2025-11-24T12:36:00+00:00","dateModified":"2025-11-27T12:40:16+00:00","mainEntityOfPage":{"@id":"https:\/\/www.cofb.org\/2025\/11\/24\/nova-actualitzacio-al-cofb-sobre-la-perforacio-del-lobul-de-lorella-a-loficina-de-farmacia\/"},"wordCount":754,"publisher":{"@id":"https:\/\/www.cofb.org\/#organization"},"image":{"@id":"https:\/\/www.cofb.org\/2025\/11\/24\/nova-actualitzacio-al-cofb-sobre-la-perforacio-del-lobul-de-lorella-a-loficina-de-farmacia\/#primaryimage"},"thumbnailUrl":"https:\/\/www.cofb.org\/wp-content\/uploads\/2025\/11\/PERFORACIO_LOBUL_COFB_10112025_03-scaled.jpg","keywords":["beb\u00e8s","COFB","Col\u00b7legi de Farmac\u00e8utics de Barcelona","farmac\u00e8utics","farm\u00e0cia comunit\u00e0ria","Formaci\u00f3","l\u00f2bul orella","Perforaci\u00f3 l\u00f2bul orella","Servei de perforaci\u00f3 del l\u00f2bul de l&#039;orella"],"articleSection":["Destacats","M\u00f3n col\u00b7legial"],"inLanguage":"ca"},{"@type":"WebPage","@id":"https:\/\/www.cofb.org\/2025\/11\/24\/nova-actualitzacio-al-cofb-sobre-la-perforacio-del-lobul-de-lorella-a-loficina-de-farmacia\/","url":"https:\/\/www.cofb.org\/2025\/11\/24\/nova-actualitzacio-al-cofb-sobre-la-perforacio-del-lobul-de-lorella-a-loficina-de-farmacia\/","name":"Nova actualitzaci\u00f3 al COFB sobre la perforaci\u00f3 del l\u00f2bul de l'orella a l'oficina de farm\u00e0cia - Col\u00b7legi de Farmac\u00e8utics de Barcelona","isPartOf":{"@id":"https:\/\/www.cofb.org\/#website"},"primaryImageOfPage":{"@id":"https:\/\/www.cofb.org\/2025\/11\/24\/nova-actualitzacio-al-cofb-sobre-la-perforacio-del-lobul-de-lorella-a-loficina-de-farmacia\/#primaryimage"},"image":{"@id":"https:\/\/www.cofb.org\/2025\/11\/24\/nova-actualitzacio-al-cofb-sobre-la-perforacio-del-lobul-de-lorella-a-loficina-de-farmacia\/#primaryimage"},"thumbnailUrl":"https:\/\/www.cofb.org\/wp-content\/uploads\/2025\/11\/PERFORACIO_LOBUL_COFB_10112025_03-scaled.jpg","datePublished":"2025-11-24T12:36:00+00:00","dateModified":"2025-11-27T12:40:16+00:00","description":"El passat 7 de novembre, el COFB va organitzar la formaci\u00f3 \u201cLa perforaci\u00f3 del l\u00f2bul de l\u2019orella\u201d amb la col\u00b7laboraci\u00f3 de PRIM.","breadcrumb":{"@id":"https:\/\/www.cofb.org\/2025\/11\/24\/nova-actualitzacio-al-cofb-sobre-la-perforacio-del-lobul-de-lorella-a-loficina-de-farmacia\/#breadcrumb"},"inLanguage":"ca","potentialAction":[{"@type":"ReadAction","target":["https:\/\/www.cofb.org\/2025\/11\/24\/nova-actualitzacio-al-cofb-sobre-la-perforacio-del-lobul-de-lorella-a-loficina-de-farmacia\/"]}]},{"@type":"ImageObject","inLanguage":"ca","@id":"https:\/\/www.cofb.org\/2025\/11\/24\/nova-actualitzacio-al-cofb-sobre-la-perforacio-del-lobul-de-lorella-a-loficina-de-farmacia\/#primaryimage","url":"https:\/\/www.cofb.org\/wp-content\/uploads\/2025\/11\/PERFORACIO_LOBUL_COFB_10112025_03-scaled.jpg","contentUrl":"https:\/\/www.cofb.org\/wp-content\/uploads\/2025\/11\/PERFORACIO_LOBUL_COFB_10112025_03-scaled.jpg","width":2560,"height":1440},{"@type":"BreadcrumbList","@id":"https:\/\/www.cofb.org\/2025\/11\/24\/nova-actualitzacio-al-cofb-sobre-la-perforacio-del-lobul-de-lorella-a-loficina-de-farmacia\/#breadcrumb","itemListElement":[{"@type":"ListItem","position":1,"name":"Inici","item":"https:\/\/novaorg.cofb.net\/"},{"@type":"ListItem","position":2,"name":"Nova actualitzaci\u00f3 al COFB sobre la perforaci\u00f3 del l\u00f2bul de l&#8217;orella a l&#8217;oficina de farm\u00e0cia"}]},{"@type":"WebSite","@id":"https:\/\/www.cofb.org\/#website","url":"https:\/\/www.cofb.org\/","name":"Col\u00b7legi de Farmac\u00e8utics de Barcelona","description":"","publisher":{"@id":"https:\/\/www.cofb.org\/#organization"},"potentialAction":[{"@type":"SearchAction","target":{"@type":"EntryPoint","urlTemplate":"https:\/\/www.cofb.org\/?s={search_term_string}"},"query-input":"required name=search_term_string"}],"inLanguage":"ca"},{"@type":"Organization","@id":"https:\/\/www.cofb.org\/#organization","name":"Col\u00b7legi de Farmac\u00e8utics de Barcelona","url":"https:\/\/www.cofb.org\/","logo":{"@type":"ImageObject","inLanguage":"ca","@id":"https:\/\/www.cofb.org\/#\/schema\/logo\/image\/","url":"https:\/\/www.cofb.org\/wp-content\/uploads\/2023\/11\/cropped-Logotip-COFB.png","contentUrl":"https:\/\/www.cofb.org\/wp-content\/uploads\/2023\/11\/cropped-Logotip-COFB.png","width":500,"height":105,"caption":"Col\u00b7legi de Farmac\u00e8utics de Barcelona"},"image":{"@id":"https:\/\/www.cofb.org\/#\/schema\/logo\/image\/"},"sameAs":["https:\/\/www.facebook.com\/farmaceuticsbcn\/","https:\/\/twitter.com\/farmaceuticsbcn","https:\/\/www.instagram.com\/farmaceuticsbcn\/","https:\/\/www.linkedin.com\/company\/farmaceuticsbcn\/"]},{"@type":"Person","@id":"https:\/\/www.cofb.org\/#\/schema\/person\/e46d741cfb92c985a083d163d8270ae4","name":"Xavier Magraner","image":{"@type":"ImageObject","inLanguage":"ca","@id":"https:\/\/www.cofb.org\/#\/schema\/person\/image\/","url":"https:\/\/secure.gravatar.com\/avatar\/aa0d1d4df59f71f88eebd5796c5388ff41c58d83c5301eb6e1d65646a289c37d?s=96&d=mm&r=g","contentUrl":"https:\/\/secure.gravatar.com\/avatar\/aa0d1d4df59f71f88eebd5796c5388ff41c58d83c5301eb6e1d65646a289c37d?s=96&d=mm&r=g","caption":"Xavier Magraner"},"url":"https:\/\/www.cofb.org\/ca\/author\/xmagraner\/"}]}},"uagb_featured_image_src":{"full":["https:\/\/www.cofb.org\/wp-content\/uploads\/2025\/11\/PERFORACIO_LOBUL_COFB_10112025_03-scaled.jpg",2560,1440,false],"thumbnail":["https:\/\/www.cofb.org\/wp-content\/uploads\/2025\/11\/PERFORACIO_LOBUL_COFB_10112025_03-150x150.jpg",150,150,true],"medium":["https:\/\/www.cofb.org\/wp-content\/uploads\/2025\/11\/PERFORACIO_LOBUL_COFB_10112025_03-300x169.jpg",300,169,true],"medium_large":["https:\/\/www.cofb.org\/wp-content\/uploads\/2025\/11\/PERFORACIO_LOBUL_COFB_10112025_03-768x432.jpg",768,432,true],"large":["https:\/\/www.cofb.org\/wp-content\/uploads\/2025\/11\/PERFORACIO_LOBUL_COFB_10112025_03-1024x576.jpg",1024,576,true],"1536x1536":["https:\/\/www.cofb.org\/wp-content\/uploads\/2025\/11\/PERFORACIO_LOBUL_COFB_10112025_03-1536x864.jpg",1536,864,true],"2048x2048":["https:\/\/www.cofb.org\/wp-content\/uploads\/2025\/11\/PERFORACIO_LOBUL_COFB_10112025_03-2048x1152.jpg",2048,1152,true],"trp-custom-language-flag":["https:\/\/www.cofb.org\/wp-content\/uploads\/2025\/11\/PERFORACIO_LOBUL_COFB_10112025_03-18x10.jpg",18,10,true]},"uagb_author_info":{"display_name":"Xavier Magraner","author_link":"https:\/\/www.cofb.org\/ca\/author\/xmagraner\/"},"uagb_comment_info":0,"uagb_excerpt":"El passat 7 de novembre, el Col\u00b7legi de Farmac\u00e8utics de Barcelona (COFB) va organitzar una nova edici\u00f3 de la formaci\u00f3 \u201cLa perforaci\u00f3 del l\u00f2bul de l\u2019orella\u201d amb la col\u00b7laboraci\u00f3 de PRIM. La sessi\u00f3 va ser realitzada per Gema Garrig\u00f3s, farmac\u00e8utica i bioqu\u00edmica i responsable de negoci de PRIM. La vocal [&hellip;]","_links":{"self":[{"href":"https:\/\/www.cofb.org\/ca\/wp-json\/wp\/v2\/posts\/82736","targetHints":{"allow":["GET"]}}],"collection":[{"href":"https:\/\/www.cofb.org\/ca\/wp-json\/wp\/v2\/posts"}],"about":[{"href":"https:\/\/www.cofb.org\/ca\/wp-json\/wp\/v2\/types\/post"}],"author":[{"embeddable":true,"href":"https:\/\/www.cofb.org\/ca\/wp-json\/wp\/v2\/users\/10"}],"replies":[{"embeddable":true,"href":"https:\/\/www.cofb.org\/ca\/wp-json\/wp\/v2\/comments?post=82736"}],"version-history":[{"count":19,"href":"https:\/\/www.cofb.org\/ca\/wp-json\/wp\/v2\/posts\/82736\/revisions"}],"predecessor-version":[{"id":82999,"href":"https:\/\/www.cofb.org\/ca\/wp-json\/wp\/v2\/posts\/82736\/revisions\/82999"}],"wp:featuredmedia":[{"embeddable":true,"href":"https:\/\/www.cofb.org\/ca\/wp-json\/wp\/v2\/media\/82745"}],"wp:attachment":[{"href":"https:\/\/www.cofb.org\/ca\/wp-json\/wp\/v2\/media?parent=82736"}],"wp:term":[{"taxonomy":"category","embeddable":true,"href":"https:\/\/www.cofb.org\/ca\/wp-json\/wp\/v2\/categories?post=82736"},{"taxonomy":"post_tag","embeddable":true,"href":"https:\/\/www.cofb.org\/ca\/wp-json\/wp\/v2\/tags?post=82736"}],"curies":[{"name":"wp","href":"https:\/\/api.w.org\/{rel}","templated":true}]}}