{"id":82697,"date":"2025-11-25T16:59:34","date_gmt":"2025-11-25T16:59:34","guid":{"rendered":"https:\/\/www.cofb.org\/?p=82697"},"modified":"2025-12-01T17:08:34","modified_gmt":"2025-12-01T17:08:34","slug":"com-afecta-la-llei-denvasos-i-residus-a-les-farmacies","status":"publish","type":"post","link":"https:\/\/www.cofb.org\/ca\/2025\/11\/25\/com-afecta-la-llei-denvasos-i-residus-a-les-farmacies\/","title":{"rendered":"Com afecta la llei d&#8217;envasos i residus a les farm\u00e0cies?"},"content":{"rendered":"\n<p>Aquest mes de novembre ha tingut lloc al <strong>Col\u00b7legi de Farmac\u00e8utics de Barcelona (COFB)<\/strong> la tert\u00falia d\u2019actualitat \u201c<strong>Llei d\u2019envasos i residus<\/strong>\u201d, amb relaci\u00f3 al <strong>Reial decret 1055\/2022<\/strong> que regula <strong>la gesti\u00f3 d\u2019envasos i residus d\u2019envasos<\/strong> amb l\u2019objectiu de reduir el seu impacte ambiental i fomentar l\u2019economia circular. La sessi\u00f3 va ser impartida per <strong>Jordi Picas<\/strong>, cap del departament de Gesti\u00f3 d\u2019Infraestructures de l\u2019Ag\u00e8ncia de Residus de Catalunya; i <strong>Lorena Rivera<\/strong>, responsable del Centre d\u2019Informaci\u00f3 del Medicament (CIM) del COFB.<\/p>\n\n\n\n<figure class=\"wp-block-image size-large\"><a href=\"https:\/\/www.cofb.org\/wp-content\/uploads\/2025\/11\/ENVASOS_RESIDUS_COFB_5112025_03-scaled.jpg\" target=\"_blank\" rel=\" noreferrer noopener\"><img fetchpriority=\"high\" decoding=\"async\" width=\"1024\" height=\"576\" src=\"https:\/\/www.cofb.org\/wp-content\/uploads\/2025\/11\/ENVASOS_RESIDUS_COFB_5112025_03-1024x576.jpg\" alt=\"\" class=\"wp-image-82706\" srcset=\"https:\/\/www.cofb.org\/wp-content\/uploads\/2025\/11\/ENVASOS_RESIDUS_COFB_5112025_03-1024x576.jpg 1024w, https:\/\/www.cofb.org\/wp-content\/uploads\/2025\/11\/ENVASOS_RESIDUS_COFB_5112025_03-300x169.jpg 300w, https:\/\/www.cofb.org\/wp-content\/uploads\/2025\/11\/ENVASOS_RESIDUS_COFB_5112025_03-768x432.jpg 768w, https:\/\/www.cofb.org\/wp-content\/uploads\/2025\/11\/ENVASOS_RESIDUS_COFB_5112025_03-1536x864.jpg 1536w, https:\/\/www.cofb.org\/wp-content\/uploads\/2025\/11\/ENVASOS_RESIDUS_COFB_5112025_03-2048x1152.jpg 2048w, https:\/\/www.cofb.org\/wp-content\/uploads\/2025\/11\/ENVASOS_RESIDUS_COFB_5112025_03-18x10.jpg 18w\" sizes=\"(max-width: 1024px) 100vw, 1024px\" \/><\/a><\/figure>\n\n\n\n<p><strong>Elena Palau<\/strong>, vicetresorera del COFB, va moderar la tert\u00falia d\u2019actualitat que tenia com a objectius identificar <strong>a qui afecta la normativa<\/strong>, con\u00e8ixer les obligacions del <strong>productor de producte<\/strong> (PdP), <strong>registrar-se com a PdP<\/strong>, <strong>informar anualment dels envasos posats al mercat<\/strong> i <strong>saber implantar el RD 1055\/2022<\/strong> a l\u2019oficina de farm\u00e0cia.<\/p>\n\n\n\n<h2 class=\"wp-block-heading\">Evoluci\u00f3 de la normativa lligada a la gesti\u00f3 de residus<\/h2>\n\n\n\n<p>En la seva exposici\u00f3, Jordi Picas va comen\u00e7ar recordant que la <strong>gesti\u00f3 de residus<\/strong> \u201ct\u00e9 una <strong>gran implicaci\u00f3 pel que fa a les farm\u00e0cies<\/strong>, ja que s\u2019usen productes que poden esdevenir residus. \u00c9s rellevant generar un <strong>debat<\/strong> sobre quin ha de ser <strong>el paper que juguen les farm\u00e0cies<\/strong> pel que fa a la <strong>gesti\u00f3 de residus<\/strong>\u201d.<\/p>\n\n\n\n<p>Picas va deixar clar que els residus tenen, actualment, \u201cuna rellev\u00e0ncia important. Cada vegada es parla m\u00e9s del <strong>canvi clim\u00e0tic<\/strong>, arribant a un punt que els <strong>residus<\/strong> que la societat genera <strong>impacten en el nostre dia a dia<\/strong>\u201d. A causa d\u2019aquesta situaci\u00f3, \u201cla <strong>Generalitat de Catalunya<\/strong> va crear el <strong>1993<\/strong> una <strong>primera normativa<\/strong> sobre la seva correcta gesti\u00f3. Posteriorment, el <strong>1994<\/strong> i davant la problem\u00e0tica dels envasos, la <strong>Uni\u00f3 Europea<\/strong> va elaborar una <strong>primera directiva<\/strong>. Han passat m\u00e9s de 30 anys des de llavors, i per aix\u00f2 els governs van anar adaptant-se a les noves realitats\u201d.<\/p>\n\n\n\n<figure class=\"wp-block-image size-large\"><a href=\"https:\/\/www.cofb.org\/wp-content\/uploads\/2025\/11\/ENVASOS_RESIDUS_COFB_5112025_01-scaled.jpg\" target=\"_blank\" rel=\" noreferrer noopener\"><img decoding=\"async\" width=\"1024\" height=\"576\" src=\"https:\/\/www.cofb.org\/wp-content\/uploads\/2025\/11\/ENVASOS_RESIDUS_COFB_5112025_01-1024x576.jpg\" alt=\"Jordi Picas va descriure l'evoluci\u00f3 de les lleis de Residus a nivell europeu, espanyol i catal\u00e0.\" class=\"wp-image-82702\" srcset=\"https:\/\/www.cofb.org\/wp-content\/uploads\/2025\/11\/ENVASOS_RESIDUS_COFB_5112025_01-1024x576.jpg 1024w, https:\/\/www.cofb.org\/wp-content\/uploads\/2025\/11\/ENVASOS_RESIDUS_COFB_5112025_01-300x169.jpg 300w, https:\/\/www.cofb.org\/wp-content\/uploads\/2025\/11\/ENVASOS_RESIDUS_COFB_5112025_01-768x432.jpg 768w, https:\/\/www.cofb.org\/wp-content\/uploads\/2025\/11\/ENVASOS_RESIDUS_COFB_5112025_01-1536x864.jpg 1536w, https:\/\/www.cofb.org\/wp-content\/uploads\/2025\/11\/ENVASOS_RESIDUS_COFB_5112025_01-2048x1152.jpg 2048w, https:\/\/www.cofb.org\/wp-content\/uploads\/2025\/11\/ENVASOS_RESIDUS_COFB_5112025_01-18x10.jpg 18w\" sizes=\"(max-width: 1024px) 100vw, 1024px\" \/><\/a><figcaption class=\"wp-element-caption\">Jordi Picas va descriure l&#8217;evoluci\u00f3 de les lleis de Residus en l&#8217;\u00e0mbit europeu, espanyol i catal\u00e0.<\/figcaption><\/figure>\n\n\n\n<p>Seguint cronol\u00f2gicament els aven\u00e7os pel que fa a <strong>les lleis de Residus<\/strong>, el cap del departament de Gesti\u00f3 d\u2019Infraestructures de l\u2019Ag\u00e8ncia de Residus de Catalunya va recordar que la <strong>directiva europea<\/strong> va ser traspassada a <strong>l\u2019ordenament jur\u00eddic espanyol l\u2019any 1997<\/strong>: \u201cAquesta llei regulava la <strong>gesti\u00f3 dels envasos dom\u00e8stics<\/strong> susceptibles de generar-se a les <strong>llars dels ciutadans<\/strong>, mentre que deixava els <strong>envasos comercials i industrials<\/strong> a expenses que fos el que comprava el producte qui ho regul\u00e9s\u201d. Aix\u00ed doncs, Picas va aclarir que en el cas dels <strong>envasos dom\u00e8stics<\/strong>, \u201cobligava al fet que fos <strong>l\u2019envasador<\/strong> el que havia de tenir les <strong>obligacions amb els envasos<\/strong> que esdevenien residus, finan\u00e7ant el seu cost i procurant una gesti\u00f3 correcte\u201d.<\/p>\n\n\n\n<h2 class=\"wp-block-heading\">Les farm\u00e0cies i el Reial decret 1055\/2022. Afectacions i passes a seguir<\/h2>\n\n\n\n<p> <strong>Lorena Rivera<\/strong> va comen\u00e7ar la seva presentaci\u00f3 recordant com afectaria l\u2019actual <strong>Reial decret 1055\/2022<\/strong> de <strong>regulaci\u00f3 d\u2019envasos i residus<\/strong>: \u201cLes oficines de farm\u00e0cia afectades s\u00f3n les que elaboren o tenen pensat elaborar <strong>formes magistrals<\/strong> o <strong>preparats originals<\/strong> (FM\/PO). Les farm\u00e0cies que nom\u00e9s dispensen f\u00f3rmules perqu\u00e8 les elabora un tercer, <strong>no estan afectades<\/strong> per aquesta normativa\u201d. Enfront qu\u00e8 cal fer per <strong>complir amb les obligacions<\/strong> si una oficina de farm\u00e0cia s\u00ed que preveu elaborar <strong>f\u00f3rmules magistrals o preparats oficinals el 2025<\/strong>, Rivera va remarcar \u201cla necessitat <strong>d\u2019adherir-se a l\u2019SCRAP de SIGRE<\/strong> i la inscripci\u00f3 al <strong>Registre de Productors de Producte<\/strong> del Ministeri per la Transici\u00f3 Ecol\u00f2gica i el Repte Demogr\u00e0fic (<strong>MITECO<\/strong>)\u201d. A m\u00e9s, \u201cser\u00e0 necessari la declaraci\u00f3 estimada del nombre d\u2019envasos que previsiblement es posaran al mercat el primer any d\u2019adhesi\u00f3\u201d.<\/p>\n\n\n\n<figure class=\"wp-block-image size-large\"><a href=\"https:\/\/www.cofb.org\/wp-content\/uploads\/2025\/11\/ENVASOS_RESIDUS_COFB_5112025_02-scaled.jpg\" target=\"_blank\" rel=\" noreferrer noopener\"><img decoding=\"async\" width=\"1024\" height=\"576\" src=\"https:\/\/www.cofb.org\/wp-content\/uploads\/2025\/11\/ENVASOS_RESIDUS_COFB_5112025_02-1024x576.jpg\" alt=\"Els passos a seguir per les farm\u00e0cies en relaci\u00f3 al Reial decret 1055\/2022 van ser descrits per Lorena Rivera.\" class=\"wp-image-82703\" srcset=\"https:\/\/www.cofb.org\/wp-content\/uploads\/2025\/11\/ENVASOS_RESIDUS_COFB_5112025_02-1024x576.jpg 1024w, https:\/\/www.cofb.org\/wp-content\/uploads\/2025\/11\/ENVASOS_RESIDUS_COFB_5112025_02-300x169.jpg 300w, https:\/\/www.cofb.org\/wp-content\/uploads\/2025\/11\/ENVASOS_RESIDUS_COFB_5112025_02-768x432.jpg 768w, https:\/\/www.cofb.org\/wp-content\/uploads\/2025\/11\/ENVASOS_RESIDUS_COFB_5112025_02-1536x864.jpg 1536w, https:\/\/www.cofb.org\/wp-content\/uploads\/2025\/11\/ENVASOS_RESIDUS_COFB_5112025_02-2048x1152.jpg 2048w, https:\/\/www.cofb.org\/wp-content\/uploads\/2025\/11\/ENVASOS_RESIDUS_COFB_5112025_02-18x10.jpg 18w\" sizes=\"(max-width: 1024px) 100vw, 1024px\" \/><\/a><figcaption class=\"wp-element-caption\">Els passos a seguir per les farm\u00e0cies amb relaci\u00f3 al Reial decret 1055\/2022 van ser descrits per Lorena Rivera.<\/figcaption><\/figure>\n\n\n\n<p>L\u2019\u00faltim pas obligat ser\u00e0 \u201cafegir el <strong>certificat d\u2019adhesi\u00f3 a SIGRE<\/strong> al Registre de Productors de Producte del MITECO, quan el <strong>COFB el faciliti<\/strong>\u201d, va remarcar la responsable del CIM del COFB. En cas que una oficina de farm\u00e0cia hagi<strong> elaborat f\u00f3rmules magistrals o preparats originals durant el 2025<\/strong>, els haur\u00e0 de declarar el <strong>primer trimestre de 2026<\/strong>. Tal com va mencionar Rivera, \u201c\u00e9s necessari la <strong>declaraci\u00f3 de l\u2019empresa a SIGRE<\/strong> i la <strong>declaraci\u00f3 anual al MITECO<\/strong>. Aquesta gesti\u00f3 t\u00e9 un cost, tant per <strong>l\u2019adhesi\u00f3 a l\u2019SCRAP del SIGRE<\/strong> com el <strong>cost de l\u2019env\u00e0s<\/strong>\u201d.<\/p>\n\n\n\n<p>Finalment, les <strong>passes a seguir el 2026<\/strong> pel que fa a la <strong>declaraci\u00f3 anual del MITECO<\/strong> van ser explicades amb detall per Rivera: \u201cS\u2019ha de declarar la informaci\u00f3 relativa als envasos posats al mercat durant un any natural, indicant el seu pes i materials. A m\u00e9s, el ministeri permet 2 tipus de declaraci\u00f3 segons el pes. Les instruccions del <strong>Consejo General de Colegios Farmac\u00e9uticos<\/strong> (CGCOF) estan elaborades per presentar la declaraci\u00f3 simplificada, situaci\u00f3 en la qual es preveu que estiguin totes les oficines de farm\u00e0cies elaboradores d&#8217;FM\/PO\u201d.<\/p>\n","protected":false},"excerpt":{"rendered":"<p>Aquest mes de novembre ha tingut lloc al Col\u00b7legi de Farmac\u00e8utics de Barcelona (COFB) la tert\u00falia d\u2019actualitat \u201cLlei d\u2019envasos i residus\u201d, amb relaci\u00f3 al Reial decret 1055\/2022 que regula la gesti\u00f3 d\u2019envasos i residus d\u2019envasos amb l\u2019objectiu de reduir el seu impacte ambiental i fomentar l\u2019economia circular. La sessi\u00f3 va [&hellip;]<\/p>\n","protected":false},"author":10,"featured_media":82706,"comment_status":"closed","ping_status":"closed","sticky":false,"template":"","format":"standard","meta":{"_uag_custom_page_level_css":"","site-sidebar-layout":"default","site-content-layout":"","ast-site-content-layout":"default","site-content-style":"default","site-sidebar-style":"default","ast-global-header-display":"","ast-banner-title-visibility":"","ast-main-header-display":"","ast-hfb-above-header-display":"","ast-hfb-below-header-display":"","ast-hfb-mobile-header-display":"","site-post-title":"","ast-breadcrumbs-content":"","ast-featured-img":"disabled","footer-sml-layout":"","theme-transparent-header-meta":"","adv-header-id-meta":"","stick-header-meta":"","header-above-stick-meta":"","header-main-stick-meta":"","header-below-stick-meta":"","astra-migrate-meta-layouts":"set","ast-page-background-enabled":"default","ast-page-background-meta":{"desktop":{"background-color":"var(--ast-global-color-4)","background-image":"","background-repeat":"repeat","background-position":"center center","background-size":"auto","background-attachment":"scroll","background-type":"","background-media":"","overlay-type":"","overlay-color":"","overlay-opacity":"","overlay-gradient":""},"tablet":{"background-color":"","background-image":"","background-repeat":"repeat","background-position":"center center","background-size":"auto","background-attachment":"scroll","background-type":"","background-media":"","overlay-type":"","overlay-color":"","overlay-opacity":"","overlay-gradient":""},"mobile":{"background-color":"","background-image":"","background-repeat":"repeat","background-position":"center center","background-size":"auto","background-attachment":"scroll","background-type":"","background-media":"","overlay-type":"","overlay-color":"","overlay-opacity":"","overlay-gradient":""}},"ast-content-background-meta":{"desktop":{"background-color":"var(--ast-global-color-5)","background-image":"","background-repeat":"repeat","background-position":"center center","background-size":"auto","background-attachment":"scroll","background-type":"","background-media":"","overlay-type":"","overlay-color":"","overlay-opacity":"","overlay-gradient":""},"tablet":{"background-color":"var(--ast-global-color-5)","background-image":"","background-repeat":"repeat","background-position":"center center","background-size":"auto","background-attachment":"scroll","background-type":"","background-media":"","overlay-type":"","overlay-color":"","overlay-opacity":"","overlay-gradient":""},"mobile":{"background-color":"var(--ast-global-color-5)","background-image":"","background-repeat":"repeat","background-position":"center center","background-size":"auto","background-attachment":"scroll","background-type":"","background-media":"","overlay-type":"","overlay-color":"","overlay-opacity":"","overlay-gradient":""}},"footnotes":""},"categories":[23,57],"tags":[240,18,19,53,69],"class_list":["post-82697","post","type-post","status-publish","format-standard","has-post-thumbnail","hentry","category-destacats","category-mon-collegial","tag-cgcof","tag-cofb","tag-collegi-de-farmaceutics-de-barcelona","tag-farmaceutics","tag-farmacia-comunitaria"],"yoast_head":"<!-- This site is optimized with the Yoast SEO plugin v22.4 - https:\/\/yoast.com\/wordpress\/plugins\/seo\/ -->\n<title>Com afecta la llei d&#039;envasos i residus a les farm\u00e0cies? - Col\u00b7legi de Farmac\u00e8utics de Barcelona<\/title>\n<meta name=\"description\" content=\"El COFB acull la tert\u00falia \u201cLlei d\u2019envasos i residus\u201d per con\u00e8ixer quins passos han de fer les farm\u00e0cies a partir d&#039;ara\" \/>\n<meta name=\"robots\" content=\"index, follow, max-snippet:-1, max-image-preview:large, max-video-preview:-1\" \/>\n<link rel=\"canonical\" href=\"https:\/\/www.cofb.org\/ca\/2025\/11\/25\/com-afecta-la-llei-denvasos-i-residus-a-les-farmacies\/\" \/>\n<meta property=\"og:locale\" content=\"ca_ES\" \/>\n<meta property=\"og:type\" content=\"article\" \/>\n<meta property=\"og:title\" content=\"Com afecta la llei d&#039;envasos i residus a les farm\u00e0cies? - Col\u00b7legi de Farmac\u00e8utics de Barcelona\" \/>\n<meta property=\"og:description\" content=\"El COFB acull la tert\u00falia \u201cLlei d\u2019envasos i residus\u201d per con\u00e8ixer quins passos han de fer les farm\u00e0cies a partir d&#039;ara\" \/>\n<meta property=\"og:url\" content=\"https:\/\/www.cofb.org\/ca\/2025\/11\/25\/com-afecta-la-llei-denvasos-i-residus-a-les-farmacies\/\" \/>\n<meta property=\"og:site_name\" content=\"Col\u00b7legi de Farmac\u00e8utics de Barcelona\" \/>\n<meta property=\"article:publisher\" content=\"https:\/\/www.facebook.com\/farmaceuticsbcn\/\" \/>\n<meta property=\"article:published_time\" content=\"2025-11-25T16:59:34+00:00\" \/>\n<meta property=\"article:modified_time\" content=\"2025-12-01T17:08:34+00:00\" \/>\n<meta property=\"og:image\" content=\"https:\/\/www.cofb.org\/wp-content\/uploads\/2025\/11\/ENVASOS_RESIDUS_COFB_5112025_03-scaled.jpg\" \/>\n\t<meta property=\"og:image:width\" content=\"2560\" \/>\n\t<meta property=\"og:image:height\" content=\"1440\" \/>\n\t<meta property=\"og:image:type\" content=\"image\/jpeg\" \/>\n<meta name=\"author\" content=\"Xavier Magraner\" \/>\n<meta name=\"twitter:card\" content=\"summary_large_image\" \/>\n<meta name=\"twitter:creator\" content=\"@farmaceuticsbcn\" \/>\n<meta name=\"twitter:site\" content=\"@farmaceuticsbcn\" \/>\n<meta name=\"twitter:label1\" content=\"Escrit per\" \/>\n\t<meta name=\"twitter:data1\" content=\"Xavier Magraner\" \/>\n\t<meta name=\"twitter:label2\" content=\"Temps estimat de lectura\" \/>\n\t<meta name=\"twitter:data2\" content=\"5 minuts\" \/>\n<script type=\"application\/ld+json\" class=\"yoast-schema-graph\">{\"@context\":\"https:\/\/schema.org\",\"@graph\":[{\"@type\":\"Article\",\"@id\":\"https:\/\/www.cofb.org\/2025\/11\/25\/com-afecta-la-llei-denvasos-i-residus-a-les-farmacies\/#article\",\"isPartOf\":{\"@id\":\"https:\/\/www.cofb.org\/2025\/11\/25\/com-afecta-la-llei-denvasos-i-residus-a-les-farmacies\/\"},\"author\":{\"name\":\"Xavier Magraner\",\"@id\":\"https:\/\/www.cofb.org\/#\/schema\/person\/e46d741cfb92c985a083d163d8270ae4\"},\"headline\":\"Com afecta la llei d&#8217;envasos i residus a les farm\u00e0cies?\",\"datePublished\":\"2025-11-25T16:59:34+00:00\",\"dateModified\":\"2025-12-01T17:08:34+00:00\",\"mainEntityOfPage\":{\"@id\":\"https:\/\/www.cofb.org\/2025\/11\/25\/com-afecta-la-llei-denvasos-i-residus-a-les-farmacies\/\"},\"wordCount\":840,\"publisher\":{\"@id\":\"https:\/\/www.cofb.org\/#organization\"},\"image\":{\"@id\":\"https:\/\/www.cofb.org\/2025\/11\/25\/com-afecta-la-llei-denvasos-i-residus-a-les-farmacies\/#primaryimage\"},\"thumbnailUrl\":\"https:\/\/www.cofb.org\/wp-content\/uploads\/2025\/11\/ENVASOS_RESIDUS_COFB_5112025_03-scaled.jpg\",\"keywords\":[\"CGCOF\",\"COFB\",\"Col\u00b7legi de Farmac\u00e8utics de Barcelona\",\"farmac\u00e8utics\",\"farm\u00e0cia comunit\u00e0ria\"],\"articleSection\":[\"Destacats\",\"M\u00f3n col\u00b7legial\"],\"inLanguage\":\"ca\"},{\"@type\":\"WebPage\",\"@id\":\"https:\/\/www.cofb.org\/2025\/11\/25\/com-afecta-la-llei-denvasos-i-residus-a-les-farmacies\/\",\"url\":\"https:\/\/www.cofb.org\/2025\/11\/25\/com-afecta-la-llei-denvasos-i-residus-a-les-farmacies\/\",\"name\":\"Com afecta la llei d'envasos i residus a les farm\u00e0cies? - Col\u00b7legi de Farmac\u00e8utics de Barcelona\",\"isPartOf\":{\"@id\":\"https:\/\/www.cofb.org\/#website\"},\"primaryImageOfPage\":{\"@id\":\"https:\/\/www.cofb.org\/2025\/11\/25\/com-afecta-la-llei-denvasos-i-residus-a-les-farmacies\/#primaryimage\"},\"image\":{\"@id\":\"https:\/\/www.cofb.org\/2025\/11\/25\/com-afecta-la-llei-denvasos-i-residus-a-les-farmacies\/#primaryimage\"},\"thumbnailUrl\":\"https:\/\/www.cofb.org\/wp-content\/uploads\/2025\/11\/ENVASOS_RESIDUS_COFB_5112025_03-scaled.jpg\",\"datePublished\":\"2025-11-25T16:59:34+00:00\",\"dateModified\":\"2025-12-01T17:08:34+00:00\",\"description\":\"El COFB acull la tert\u00falia \u201cLlei d\u2019envasos i residus\u201d per con\u00e8ixer quins passos han de fer les farm\u00e0cies a partir d'ara\",\"breadcrumb\":{\"@id\":\"https:\/\/www.cofb.org\/2025\/11\/25\/com-afecta-la-llei-denvasos-i-residus-a-les-farmacies\/#breadcrumb\"},\"inLanguage\":\"ca\",\"potentialAction\":[{\"@type\":\"ReadAction\",\"target\":[\"https:\/\/www.cofb.org\/2025\/11\/25\/com-afecta-la-llei-denvasos-i-residus-a-les-farmacies\/\"]}]},{\"@type\":\"ImageObject\",\"inLanguage\":\"ca\",\"@id\":\"https:\/\/www.cofb.org\/2025\/11\/25\/com-afecta-la-llei-denvasos-i-residus-a-les-farmacies\/#primaryimage\",\"url\":\"https:\/\/www.cofb.org\/wp-content\/uploads\/2025\/11\/ENVASOS_RESIDUS_COFB_5112025_03-scaled.jpg\",\"contentUrl\":\"https:\/\/www.cofb.org\/wp-content\/uploads\/2025\/11\/ENVASOS_RESIDUS_COFB_5112025_03-scaled.jpg\",\"width\":2560,\"height\":1440},{\"@type\":\"BreadcrumbList\",\"@id\":\"https:\/\/www.cofb.org\/2025\/11\/25\/com-afecta-la-llei-denvasos-i-residus-a-les-farmacies\/#breadcrumb\",\"itemListElement\":[{\"@type\":\"ListItem\",\"position\":1,\"name\":\"Inici\",\"item\":\"https:\/\/novaorg.cofb.net\/\"},{\"@type\":\"ListItem\",\"position\":2,\"name\":\"Com afecta la llei d&#8217;envasos i residus a les farm\u00e0cies?\"}]},{\"@type\":\"WebSite\",\"@id\":\"https:\/\/www.cofb.org\/#website\",\"url\":\"https:\/\/www.cofb.org\/\",\"name\":\"Col\u00b7legi de Farmac\u00e8utics de Barcelona\",\"description\":\"\",\"publisher\":{\"@id\":\"https:\/\/www.cofb.org\/#organization\"},\"potentialAction\":[{\"@type\":\"SearchAction\",\"target\":{\"@type\":\"EntryPoint\",\"urlTemplate\":\"https:\/\/www.cofb.org\/?s={search_term_string}\"},\"query-input\":\"required name=search_term_string\"}],\"inLanguage\":\"ca\"},{\"@type\":\"Organization\",\"@id\":\"https:\/\/www.cofb.org\/#organization\",\"name\":\"Col\u00b7legi de Farmac\u00e8utics de Barcelona\",\"url\":\"https:\/\/www.cofb.org\/\",\"logo\":{\"@type\":\"ImageObject\",\"inLanguage\":\"ca\",\"@id\":\"https:\/\/www.cofb.org\/#\/schema\/logo\/image\/\",\"url\":\"https:\/\/www.cofb.org\/wp-content\/uploads\/2023\/11\/cropped-Logotip-COFB.png\",\"contentUrl\":\"https:\/\/www.cofb.org\/wp-content\/uploads\/2023\/11\/cropped-Logotip-COFB.png\",\"width\":500,\"height\":105,\"caption\":\"Col\u00b7legi de Farmac\u00e8utics de Barcelona\"},\"image\":{\"@id\":\"https:\/\/www.cofb.org\/#\/schema\/logo\/image\/\"},\"sameAs\":[\"https:\/\/www.facebook.com\/farmaceuticsbcn\/\",\"https:\/\/twitter.com\/farmaceuticsbcn\",\"https:\/\/www.instagram.com\/farmaceuticsbcn\/\",\"https:\/\/www.linkedin.com\/company\/farmaceuticsbcn\/\"]},{\"@type\":\"Person\",\"@id\":\"https:\/\/www.cofb.org\/#\/schema\/person\/e46d741cfb92c985a083d163d8270ae4\",\"name\":\"Xavier Magraner\",\"image\":{\"@type\":\"ImageObject\",\"inLanguage\":\"ca\",\"@id\":\"https:\/\/www.cofb.org\/#\/schema\/person\/image\/\",\"url\":\"https:\/\/secure.gravatar.com\/avatar\/aa0d1d4df59f71f88eebd5796c5388ff41c58d83c5301eb6e1d65646a289c37d?s=96&d=mm&r=g\",\"contentUrl\":\"https:\/\/secure.gravatar.com\/avatar\/aa0d1d4df59f71f88eebd5796c5388ff41c58d83c5301eb6e1d65646a289c37d?s=96&d=mm&r=g\",\"caption\":\"Xavier Magraner\"},\"url\":\"https:\/\/www.cofb.org\/ca\/author\/xmagraner\/\"}]}<\/script>\n<!-- \/ Yoast SEO plugin. -->","yoast_head_json":{"title":"Com afecta la llei d'envasos i residus a les farm\u00e0cies? - Col\u00b7legi de Farmac\u00e8utics de Barcelona","description":"El COFB acull la tert\u00falia \u201cLlei d\u2019envasos i residus\u201d per con\u00e8ixer quins passos han de fer les farm\u00e0cies a partir d'ara","robots":{"index":"index","follow":"follow","max-snippet":"max-snippet:-1","max-image-preview":"max-image-preview:large","max-video-preview":"max-video-preview:-1"},"canonical":"https:\/\/www.cofb.org\/ca\/2025\/11\/25\/com-afecta-la-llei-denvasos-i-residus-a-les-farmacies\/","og_locale":"ca_ES","og_type":"article","og_title":"Com afecta la llei d'envasos i residus a les farm\u00e0cies? - Col\u00b7legi de Farmac\u00e8utics de Barcelona","og_description":"El COFB acull la tert\u00falia \u201cLlei d\u2019envasos i residus\u201d per con\u00e8ixer quins passos han de fer les farm\u00e0cies a partir d'ara","og_url":"https:\/\/www.cofb.org\/ca\/2025\/11\/25\/com-afecta-la-llei-denvasos-i-residus-a-les-farmacies\/","og_site_name":"Col\u00b7legi de Farmac\u00e8utics de Barcelona","article_publisher":"https:\/\/www.facebook.com\/farmaceuticsbcn\/","article_published_time":"2025-11-25T16:59:34+00:00","article_modified_time":"2025-12-01T17:08:34+00:00","og_image":[{"width":2560,"height":1440,"url":"https:\/\/www.cofb.org\/wp-content\/uploads\/2025\/11\/ENVASOS_RESIDUS_COFB_5112025_03-scaled.jpg","type":"image\/jpeg"}],"author":"Xavier Magraner","twitter_card":"summary_large_image","twitter_creator":"@farmaceuticsbcn","twitter_site":"@farmaceuticsbcn","twitter_misc":{"Escrit per":"Xavier Magraner","Temps estimat de lectura":"5 minuts"},"schema":{"@context":"https:\/\/schema.org","@graph":[{"@type":"Article","@id":"https:\/\/www.cofb.org\/2025\/11\/25\/com-afecta-la-llei-denvasos-i-residus-a-les-farmacies\/#article","isPartOf":{"@id":"https:\/\/www.cofb.org\/2025\/11\/25\/com-afecta-la-llei-denvasos-i-residus-a-les-farmacies\/"},"author":{"name":"Xavier Magraner","@id":"https:\/\/www.cofb.org\/#\/schema\/person\/e46d741cfb92c985a083d163d8270ae4"},"headline":"Com afecta la llei d&#8217;envasos i residus a les farm\u00e0cies?","datePublished":"2025-11-25T16:59:34+00:00","dateModified":"2025-12-01T17:08:34+00:00","mainEntityOfPage":{"@id":"https:\/\/www.cofb.org\/2025\/11\/25\/com-afecta-la-llei-denvasos-i-residus-a-les-farmacies\/"},"wordCount":840,"publisher":{"@id":"https:\/\/www.cofb.org\/#organization"},"image":{"@id":"https:\/\/www.cofb.org\/2025\/11\/25\/com-afecta-la-llei-denvasos-i-residus-a-les-farmacies\/#primaryimage"},"thumbnailUrl":"https:\/\/www.cofb.org\/wp-content\/uploads\/2025\/11\/ENVASOS_RESIDUS_COFB_5112025_03-scaled.jpg","keywords":["CGCOF","COFB","Col\u00b7legi de Farmac\u00e8utics de Barcelona","farmac\u00e8utics","farm\u00e0cia comunit\u00e0ria"],"articleSection":["Destacats","M\u00f3n col\u00b7legial"],"inLanguage":"ca"},{"@type":"WebPage","@id":"https:\/\/www.cofb.org\/2025\/11\/25\/com-afecta-la-llei-denvasos-i-residus-a-les-farmacies\/","url":"https:\/\/www.cofb.org\/2025\/11\/25\/com-afecta-la-llei-denvasos-i-residus-a-les-farmacies\/","name":"Com afecta la llei d'envasos i residus a les farm\u00e0cies? - Col\u00b7legi de Farmac\u00e8utics de Barcelona","isPartOf":{"@id":"https:\/\/www.cofb.org\/#website"},"primaryImageOfPage":{"@id":"https:\/\/www.cofb.org\/2025\/11\/25\/com-afecta-la-llei-denvasos-i-residus-a-les-farmacies\/#primaryimage"},"image":{"@id":"https:\/\/www.cofb.org\/2025\/11\/25\/com-afecta-la-llei-denvasos-i-residus-a-les-farmacies\/#primaryimage"},"thumbnailUrl":"https:\/\/www.cofb.org\/wp-content\/uploads\/2025\/11\/ENVASOS_RESIDUS_COFB_5112025_03-scaled.jpg","datePublished":"2025-11-25T16:59:34+00:00","dateModified":"2025-12-01T17:08:34+00:00","description":"El COFB acull la tert\u00falia \u201cLlei d\u2019envasos i residus\u201d per con\u00e8ixer quins passos han de fer les farm\u00e0cies a partir d'ara","breadcrumb":{"@id":"https:\/\/www.cofb.org\/2025\/11\/25\/com-afecta-la-llei-denvasos-i-residus-a-les-farmacies\/#breadcrumb"},"inLanguage":"ca","potentialAction":[{"@type":"ReadAction","target":["https:\/\/www.cofb.org\/2025\/11\/25\/com-afecta-la-llei-denvasos-i-residus-a-les-farmacies\/"]}]},{"@type":"ImageObject","inLanguage":"ca","@id":"https:\/\/www.cofb.org\/2025\/11\/25\/com-afecta-la-llei-denvasos-i-residus-a-les-farmacies\/#primaryimage","url":"https:\/\/www.cofb.org\/wp-content\/uploads\/2025\/11\/ENVASOS_RESIDUS_COFB_5112025_03-scaled.jpg","contentUrl":"https:\/\/www.cofb.org\/wp-content\/uploads\/2025\/11\/ENVASOS_RESIDUS_COFB_5112025_03-scaled.jpg","width":2560,"height":1440},{"@type":"BreadcrumbList","@id":"https:\/\/www.cofb.org\/2025\/11\/25\/com-afecta-la-llei-denvasos-i-residus-a-les-farmacies\/#breadcrumb","itemListElement":[{"@type":"ListItem","position":1,"name":"Inici","item":"https:\/\/novaorg.cofb.net\/"},{"@type":"ListItem","position":2,"name":"Com afecta la llei d&#8217;envasos i residus a les farm\u00e0cies?"}]},{"@type":"WebSite","@id":"https:\/\/www.cofb.org\/#website","url":"https:\/\/www.cofb.org\/","name":"Col\u00b7legi de Farmac\u00e8utics de Barcelona","description":"","publisher":{"@id":"https:\/\/www.cofb.org\/#organization"},"potentialAction":[{"@type":"SearchAction","target":{"@type":"EntryPoint","urlTemplate":"https:\/\/www.cofb.org\/?s={search_term_string}"},"query-input":"required name=search_term_string"}],"inLanguage":"ca"},{"@type":"Organization","@id":"https:\/\/www.cofb.org\/#organization","name":"Col\u00b7legi de Farmac\u00e8utics de Barcelona","url":"https:\/\/www.cofb.org\/","logo":{"@type":"ImageObject","inLanguage":"ca","@id":"https:\/\/www.cofb.org\/#\/schema\/logo\/image\/","url":"https:\/\/www.cofb.org\/wp-content\/uploads\/2023\/11\/cropped-Logotip-COFB.png","contentUrl":"https:\/\/www.cofb.org\/wp-content\/uploads\/2023\/11\/cropped-Logotip-COFB.png","width":500,"height":105,"caption":"Col\u00b7legi de Farmac\u00e8utics de Barcelona"},"image":{"@id":"https:\/\/www.cofb.org\/#\/schema\/logo\/image\/"},"sameAs":["https:\/\/www.facebook.com\/farmaceuticsbcn\/","https:\/\/twitter.com\/farmaceuticsbcn","https:\/\/www.instagram.com\/farmaceuticsbcn\/","https:\/\/www.linkedin.com\/company\/farmaceuticsbcn\/"]},{"@type":"Person","@id":"https:\/\/www.cofb.org\/#\/schema\/person\/e46d741cfb92c985a083d163d8270ae4","name":"Xavier Magraner","image":{"@type":"ImageObject","inLanguage":"ca","@id":"https:\/\/www.cofb.org\/#\/schema\/person\/image\/","url":"https:\/\/secure.gravatar.com\/avatar\/aa0d1d4df59f71f88eebd5796c5388ff41c58d83c5301eb6e1d65646a289c37d?s=96&d=mm&r=g","contentUrl":"https:\/\/secure.gravatar.com\/avatar\/aa0d1d4df59f71f88eebd5796c5388ff41c58d83c5301eb6e1d65646a289c37d?s=96&d=mm&r=g","caption":"Xavier Magraner"},"url":"https:\/\/www.cofb.org\/ca\/author\/xmagraner\/"}]}},"uagb_featured_image_src":{"full":["https:\/\/www.cofb.org\/wp-content\/uploads\/2025\/11\/ENVASOS_RESIDUS_COFB_5112025_03-scaled.jpg",2560,1440,false],"thumbnail":["https:\/\/www.cofb.org\/wp-content\/uploads\/2025\/11\/ENVASOS_RESIDUS_COFB_5112025_03-150x150.jpg",150,150,true],"medium":["https:\/\/www.cofb.org\/wp-content\/uploads\/2025\/11\/ENVASOS_RESIDUS_COFB_5112025_03-300x169.jpg",300,169,true],"medium_large":["https:\/\/www.cofb.org\/wp-content\/uploads\/2025\/11\/ENVASOS_RESIDUS_COFB_5112025_03-768x432.jpg",768,432,true],"large":["https:\/\/www.cofb.org\/wp-content\/uploads\/2025\/11\/ENVASOS_RESIDUS_COFB_5112025_03-1024x576.jpg",1024,576,true],"1536x1536":["https:\/\/www.cofb.org\/wp-content\/uploads\/2025\/11\/ENVASOS_RESIDUS_COFB_5112025_03-1536x864.jpg",1536,864,true],"2048x2048":["https:\/\/www.cofb.org\/wp-content\/uploads\/2025\/11\/ENVASOS_RESIDUS_COFB_5112025_03-2048x1152.jpg",2048,1152,true],"trp-custom-language-flag":["https:\/\/www.cofb.org\/wp-content\/uploads\/2025\/11\/ENVASOS_RESIDUS_COFB_5112025_03-18x10.jpg",18,10,true]},"uagb_author_info":{"display_name":"Xavier Magraner","author_link":"https:\/\/www.cofb.org\/ca\/author\/xmagraner\/"},"uagb_comment_info":0,"uagb_excerpt":"Aquest mes de novembre ha tingut lloc al Col\u00b7legi de Farmac\u00e8utics de Barcelona (COFB) la tert\u00falia d\u2019actualitat \u201cLlei d\u2019envasos i residus\u201d, amb relaci\u00f3 al Reial decret 1055\/2022 que regula la gesti\u00f3 d\u2019envasos i residus d\u2019envasos amb l\u2019objectiu de reduir el seu impacte ambiental i fomentar l\u2019economia circular. La sessi\u00f3 va [&hellip;]","_links":{"self":[{"href":"https:\/\/www.cofb.org\/ca\/wp-json\/wp\/v2\/posts\/82697","targetHints":{"allow":["GET"]}}],"collection":[{"href":"https:\/\/www.cofb.org\/ca\/wp-json\/wp\/v2\/posts"}],"about":[{"href":"https:\/\/www.cofb.org\/ca\/wp-json\/wp\/v2\/types\/post"}],"author":[{"embeddable":true,"href":"https:\/\/www.cofb.org\/ca\/wp-json\/wp\/v2\/users\/10"}],"replies":[{"embeddable":true,"href":"https:\/\/www.cofb.org\/ca\/wp-json\/wp\/v2\/comments?post=82697"}],"version-history":[{"count":15,"href":"https:\/\/www.cofb.org\/ca\/wp-json\/wp\/v2\/posts\/82697\/revisions"}],"predecessor-version":[{"id":83049,"href":"https:\/\/www.cofb.org\/ca\/wp-json\/wp\/v2\/posts\/82697\/revisions\/83049"}],"wp:featuredmedia":[{"embeddable":true,"href":"https:\/\/www.cofb.org\/ca\/wp-json\/wp\/v2\/media\/82706"}],"wp:attachment":[{"href":"https:\/\/www.cofb.org\/ca\/wp-json\/wp\/v2\/media?parent=82697"}],"wp:term":[{"taxonomy":"category","embeddable":true,"href":"https:\/\/www.cofb.org\/ca\/wp-json\/wp\/v2\/categories?post=82697"},{"taxonomy":"post_tag","embeddable":true,"href":"https:\/\/www.cofb.org\/ca\/wp-json\/wp\/v2\/tags?post=82697"}],"curies":[{"name":"wp","href":"https:\/\/api.w.org\/{rel}","templated":true}]}}