{"id":82545,"date":"2025-10-22T11:57:21","date_gmt":"2025-10-22T11:57:21","guid":{"rendered":"https:\/\/www.cofb.org\/?p=82545"},"modified":"2026-03-19T14:30:38","modified_gmt":"2026-03-19T14:30:38","slug":"record-de-participacio-a-la-farmacia-mobil-de-vilafranca-amb-mes-de-140-veins-i-630-proves","status":"publish","type":"post","link":"https:\/\/www.cofb.org\/ca\/2025\/10\/22\/record-de-participacio-a-la-farmacia-mobil-de-vilafranca-amb-mes-de-140-veins-i-630-proves\/","title":{"rendered":"R\u00e8cord de participaci\u00f3 a la farm\u00e0cia m\u00f2bil de Vilafranca, amb m\u00e9s de 140 ve\u00efns i 630 proves"},"content":{"rendered":"\n<ul class=\"wp-block-list\">\n<li>La campanya ha estat impulsada pel Col\u00b7legi de Farmac\u00e8utics de Barcelona (COFB) i la farmac\u00e8utica Sandoz, amb la col\u00b7laboraci\u00f3 de CaixaBank i el suport de l\u2019Ajuntament de Vilafranca<\/li>\n\n\n\n<li>Gr\u00e0cies a aquesta iniciativa, la poblaci\u00f3 ha conegut diferents serveis que ofereixen les farm\u00e0cies per la cura de la seva salut: mesura de la pressi\u00f3 arterial, control de pes i composici\u00f3 corporal, mesura del colesterol i glic\u00e8mia i estudi de la pell<\/li>\n<\/ul>\n\n\n\n<p><\/p>\n\n\n\n<p><em>Barcelona, 22 d\u2019octubre de 2025.-<\/em> Fins al moment, <strong>Vilafranca<\/strong> s\u2019ha convertit en la <strong>ciutat amb m\u00e9s persones ateses i proves realitzades<\/strong> a la <strong>unitat m\u00f2bil<\/strong> de <strong>\u201cLa meva farm\u00e0cia, la meva salut\u201d. <\/strong>En total, <strong>146<\/strong> <strong>usuaris i usu\u00e0ries<\/strong> s\u2019han apropat a la farm\u00e0cia m\u00f2bil per con\u00e8ixer i viure, en primera persona, una <a href=\"https:\/\/www.cofb.org\/ca\/que-oferim\/ciutadans\/serveis-a-la-poblacio\/campanya-la-meva-farmacia-la-meva-salut\/\" target=\"_blank\" rel=\"noreferrer noopener\">mostra dels serveis que ofereixen els farmac\u00e8utics<\/a> per <strong>cuidar la seva salut. <\/strong>Alhora, una <strong>quinzena de<\/strong> <strong>farmac\u00e8utics\/ques voluntaris <\/strong>han realitzat <strong>632 proves de salut als ve\u00efns i ve\u00efnes<\/strong> de Vilafranca, cinquena ciutat on la unitat m\u00f2bil ha fet parada.<\/p>\n\n\n\n<p>Ho han fet en el marc de la campanya impulsada pel <strong>Col\u00b7legi de Farmac\u00e8utics de Barcelona<\/strong> (COFB) i la farmac\u00e8utica <strong>Sandoz, <\/strong>amb la col\u00b7laboraci\u00f3 de <strong>CaixaBank <\/strong>&nbsp;i el suport de <strong>l\u2019Ajuntament de Vilafranca.<\/strong><\/p>\n\n\n\n<p>Durant els dos dies que el tr\u00e0iler ha visitat la capital de l\u2019Alt Pened\u00e8s (20 i 21 d\u2019octubre) a la Rambla de Sant Francesc, s\u2019han fet proves relacionades amb la <strong>mesura de la pressi\u00f3 arterial, control de pes i composici\u00f3 corporal, mesura del colesterol i glic\u00e8mia i estudi de la pell. <\/strong>De cada prova, els farmac\u00e8utics lliuren un informe impr\u00e8s als usuaris i s\u2019ofereix <strong>consell farmac\u00e8utic personalitzat<\/strong>, d\u2019acord amb els resultats obtinguts i a la seva situaci\u00f3. Alhora, se\u2019ls informa sobre com funciona l\u2019aplicaci\u00f3 digital \u201c<strong>La Meva Farm\u00e0cia<\/strong>\u201d, que permet als pacients consultar els seus resultats de salut de manera segura i accessible.<\/p>\n\n\n\n<figure class=\"wp-block-image size-large\"><a href=\"https:\/\/www.cofb.org\/wp-content\/uploads\/2025\/10\/Exterior-de-la-unitat-mobil-2.jpg\" target=\"_blank\" rel=\" noreferrer noopener\"><img fetchpriority=\"high\" decoding=\"async\" width=\"1024\" height=\"683\" src=\"https:\/\/www.cofb.org\/wp-content\/uploads\/2025\/10\/Exterior-de-la-unitat-mobil-2-1024x683.jpg\" alt=\"\" class=\"wp-image-82547\" srcset=\"https:\/\/www.cofb.org\/wp-content\/uploads\/2025\/10\/Exterior-de-la-unitat-mobil-2-1024x683.jpg 1024w, https:\/\/www.cofb.org\/wp-content\/uploads\/2025\/10\/Exterior-de-la-unitat-mobil-2-300x200.jpg 300w, https:\/\/www.cofb.org\/wp-content\/uploads\/2025\/10\/Exterior-de-la-unitat-mobil-2-768x512.jpg 768w, https:\/\/www.cofb.org\/wp-content\/uploads\/2025\/10\/Exterior-de-la-unitat-mobil-2-18x12.jpg 18w, https:\/\/www.cofb.org\/wp-content\/uploads\/2025\/10\/Exterior-de-la-unitat-mobil-2.jpg 1500w\" sizes=\"(max-width: 1024px) 100vw, 1024px\" \/><\/a><figcaption class=\"wp-element-caption\">Exterior de la farm\u00e0cia m\u00f2bil a la Rambla de Sant Francesc, a Vilafranca.<\/figcaption><\/figure>\n\n\n\n<h2 class=\"wp-block-heading\"><strong>La farm\u00e0cia, present cada dia per fer front als reptes de salut p\u00fablica<\/strong><\/h2>\n\n\n\n<p><strong>Marta Gento<\/strong>, <strong>secret\u00e0ria del COFB<\/strong>, ha destacat que \u201cvivim en un moment en qu\u00e8 el <strong>sistema de salut afronta grans reptes<\/strong>: <strong>envelliment de la poblaci\u00f3, malalties cr\u00f2niques, polimedicaci\u00f3, depend\u00e8ncia<\/strong>&#8230; I davant d\u2019aquests reptes, <strong>la farm\u00e0cia comunit\u00e0ria hi \u00e9s<\/strong>. Hi \u00e9s cada dia, a peu de carrer, oberta, accessible, propera\u201d. Gento tamb\u00e9 ha remarcat que \u201camb aquesta campanya, precisament, demostrem que els farmac\u00e8utics som professionals sanitaris amb vocaci\u00f3 de servei i amb una mirada integral cap al benestar de les persones\u201d.<\/p>\n\n\n\n<p>Durant la celebraci\u00f3 de la campanya a Vilafranca, el tr\u00e0iler ha rebut la visita de <strong>Ramon Zaballa, segon tinent d\u2019alcalde de Seguretat i Conviv\u00e8ncia de l\u2019Ajuntament de Vilafranca<\/strong>, que ha defensat la necessitat de <strong>\u201cposar en valor la figura del farmac\u00e8utic<\/strong> com a persona propera a la ciutadania i que, amb els seus consells i les seves recomanacions, ens ajuda molt a fer una prevenci\u00f3 de la salut\u201d.<\/p>\n\n\n\n<p>Per la seva banda, <strong>Fenia Makrydaki, directora comercial de Sandoz Iberia<\/strong>, ha subratllat que, amb aquesta nova parada a Vilafranca, \u201cseguim avan\u00e7ant en el nostre prop\u00f2sit de <strong>facilitar l\u2019acc\u00e9s a la salut dels pacients de forma propera i directa<\/strong>. Aquesta campanya posa en valor el rol del farmac\u00e8utic m\u00e9s enll\u00e0 de la dispensaci\u00f3, apropant a la poblaci\u00f3 serveis professionals que impacten directament en el seu benestar\u201d. &nbsp;Per Sandoz, \u201c\u00e9s una forma de seguir potenciant el seu paper com a motor de prevenci\u00f3 i de cura a la comunitat\u201d.<\/p>\n\n\n\n<h2 class=\"wp-block-heading\"><strong>La farm\u00e0cia recorrer\u00e0 12 municipis de la prov\u00edncia de Barcelona<\/strong><\/h2>\n\n\n\n<p>Vilafranca ha estat la cinquena parada de la unitat m\u00f2bil, despr\u00e9s de Matar\u00f3 (23 i 24 de setembre), &nbsp;Manresa (1 i 2 d\u2019octubre), Igualada (7 i 8 d\u2019octubre) i Cornell\u00e0 (14 i 15 d\u2019octubre). En els propers dies, aquesta campanya itinerant de salut tamb\u00e9 visitar\u00e0 Terrassa (27 i 28 octubre), Sabadell (29 i 30 octubre), L\u2019Hospitalet (5 i 6 novembre), Badalona (11 i 12 novembre), Granollers (18 i 19 novembre), Pineda de Mar (25 i 26 novembre) i Vic (2 i 3 de desembre).<\/p>\n\n\n\n<p>Al llarg d\u2019aquest recorregut, la farm\u00e0cia s\u2019apropar\u00e0 als ve\u00efns de les diferents ciutats per oferir-los serveis assistencials de manera gratu\u00efta, m\u00e9s enll\u00e0 de la dispensaci\u00f3 de medicaments.<\/p>\n\n\n\n<figure class=\"wp-block-image size-large\"><a href=\"https:\/\/www.cofb.org\/wp-content\/uploads\/2025\/10\/Farmaceutics-voluntaris-1.jpg\" target=\"_blank\" rel=\" noreferrer noopener\"><img decoding=\"async\" width=\"1024\" height=\"683\" src=\"https:\/\/www.cofb.org\/wp-content\/uploads\/2025\/10\/Farmaceutics-voluntaris-1-1024x683.jpg\" alt=\"Les farmac\u00e8utiques i farmac\u00e8utic voluntaris a la farm\u00e0cia m\u00f2bil de Vilafranca.\" class=\"wp-image-82548\" srcset=\"https:\/\/www.cofb.org\/wp-content\/uploads\/2025\/10\/Farmaceutics-voluntaris-1-1024x683.jpg 1024w, https:\/\/www.cofb.org\/wp-content\/uploads\/2025\/10\/Farmaceutics-voluntaris-1-300x200.jpg 300w, https:\/\/www.cofb.org\/wp-content\/uploads\/2025\/10\/Farmaceutics-voluntaris-1-768x512.jpg 768w, https:\/\/www.cofb.org\/wp-content\/uploads\/2025\/10\/Farmaceutics-voluntaris-1-18x12.jpg 18w, https:\/\/www.cofb.org\/wp-content\/uploads\/2025\/10\/Farmaceutics-voluntaris-1.jpg 1500w\" sizes=\"(max-width: 1024px) 100vw, 1024px\" \/><\/a><figcaption class=\"wp-element-caption\">Les farmac\u00e8utiques i farmac\u00e8utic voluntaris a la farm\u00e0cia m\u00f2bil de Vilafranca.<\/figcaption><\/figure>\n\n\n\n<p><\/p>\n","protected":false},"excerpt":{"rendered":"<p>Barcelona, 22 d\u2019octubre de 2025.- Fins al moment, Vilafranca s\u2019ha convertit en la ciutat amb m\u00e9s persones ateses i proves realitzades a la unitat m\u00f2bil de \u201cLa meva farm\u00e0cia, la meva salut\u201d. En total, 146 usuaris i usu\u00e0ries s\u2019han apropat a la farm\u00e0cia m\u00f2bil per con\u00e8ixer i viure, en primera [&hellip;]<\/p>\n","protected":false},"author":10,"featured_media":82547,"comment_status":"closed","ping_status":"closed","sticky":false,"template":"","format":"aside","meta":{"_uag_custom_page_level_css":"","site-sidebar-layout":"default","site-content-layout":"","ast-site-content-layout":"default","site-content-style":"default","site-sidebar-style":"default","ast-global-header-display":"","ast-banner-title-visibility":"","ast-main-header-display":"","ast-hfb-above-header-display":"","ast-hfb-below-header-display":"","ast-hfb-mobile-header-display":"","site-post-title":"","ast-breadcrumbs-content":"","ast-featured-img":"disabled","footer-sml-layout":"","theme-transparent-header-meta":"","adv-header-id-meta":"","stick-header-meta":"","header-above-stick-meta":"","header-main-stick-meta":"","header-below-stick-meta":"","astra-migrate-meta-layouts":"set","ast-page-background-enabled":"default","ast-page-background-meta":{"desktop":{"background-color":"var(--ast-global-color-4)","background-image":"","background-repeat":"repeat","background-position":"center center","background-size":"auto","background-attachment":"scroll","background-type":"","background-media":"","overlay-type":"","overlay-color":"","overlay-opacity":"","overlay-gradient":""},"tablet":{"background-color":"","background-image":"","background-repeat":"repeat","background-position":"center center","background-size":"auto","background-attachment":"scroll","background-type":"","background-media":"","overlay-type":"","overlay-color":"","overlay-opacity":"","overlay-gradient":""},"mobile":{"background-color":"","background-image":"","background-repeat":"repeat","background-position":"center center","background-size":"auto","background-attachment":"scroll","background-type":"","background-media":"","overlay-type":"","overlay-color":"","overlay-opacity":"","overlay-gradient":""}},"ast-content-background-meta":{"desktop":{"background-color":"var(--ast-global-color-5)","background-image":"","background-repeat":"repeat","background-position":"center center","background-size":"auto","background-attachment":"scroll","background-type":"","background-media":"","overlay-type":"","overlay-color":"","overlay-opacity":"","overlay-gradient":""},"tablet":{"background-color":"var(--ast-global-color-5)","background-image":"","background-repeat":"repeat","background-position":"center center","background-size":"auto","background-attachment":"scroll","background-type":"","background-media":"","overlay-type":"","overlay-color":"","overlay-opacity":"","overlay-gradient":""},"mobile":{"background-color":"var(--ast-global-color-5)","background-image":"","background-repeat":"repeat","background-position":"center center","background-size":"auto","background-attachment":"scroll","background-type":"","background-media":"","overlay-type":"","overlay-color":"","overlay-opacity":"","overlay-gradient":""}},"footnotes":""},"categories":[23,1060],"tags":[884,18,19,4668,705],"class_list":["post-82545","post","type-post","status-publish","format-aside","has-post-thumbnail","hentry","category-destacats","category-notes-premsa","tag-campanya","tag-cofb","tag-collegi-de-farmaceutics-de-barcelona","tag-farmacia-comunitaria-2","tag-usuari","post_format-post-format-aside"],"yoast_head":"<!-- This site is optimized with the Yoast SEO plugin v22.4 - https:\/\/yoast.com\/wordpress\/plugins\/seo\/ -->\n<title>R\u00e8cord de participaci\u00f3 a la farm\u00e0cia m\u00f2bil de Vilafranca, amb m\u00e9s de 140 ve\u00efns i 630 proves - Col\u00b7legi de Farmac\u00e8utics de Barcelona<\/title>\n<meta name=\"description\" content=\"R\u00e8cord de participaci\u00f3 a la farm\u00e0cia m\u00f2bil de Vilafranca, aconseguint m\u00e9s de 140 ve\u00efns i 630 proves fetes\" \/>\n<meta name=\"robots\" content=\"index, follow, max-snippet:-1, max-image-preview:large, max-video-preview:-1\" \/>\n<link rel=\"canonical\" href=\"https:\/\/www.cofb.org\/ca\/2025\/10\/22\/record-de-participacio-a-la-farmacia-mobil-de-vilafranca-amb-mes-de-140-veins-i-630-proves\/\" \/>\n<meta property=\"og:locale\" content=\"ca_ES\" \/>\n<meta property=\"og:type\" content=\"article\" \/>\n<meta property=\"og:title\" content=\"R\u00e8cord de participaci\u00f3 a la farm\u00e0cia m\u00f2bil de Vilafranca, amb m\u00e9s de 140 ve\u00efns i 630 proves - Col\u00b7legi de Farmac\u00e8utics de Barcelona\" \/>\n<meta property=\"og:description\" content=\"R\u00e8cord de participaci\u00f3 a la farm\u00e0cia m\u00f2bil de Vilafranca, aconseguint m\u00e9s de 140 ve\u00efns i 630 proves fetes\" \/>\n<meta property=\"og:url\" content=\"https:\/\/www.cofb.org\/ca\/2025\/10\/22\/record-de-participacio-a-la-farmacia-mobil-de-vilafranca-amb-mes-de-140-veins-i-630-proves\/\" \/>\n<meta property=\"og:site_name\" content=\"Col\u00b7legi de Farmac\u00e8utics de Barcelona\" \/>\n<meta property=\"article:publisher\" content=\"https:\/\/www.facebook.com\/farmaceuticsbcn\/\" \/>\n<meta property=\"article:published_time\" content=\"2025-10-22T11:57:21+00:00\" \/>\n<meta property=\"article:modified_time\" content=\"2026-03-19T14:30:38+00:00\" \/>\n<meta property=\"og:image\" content=\"https:\/\/www.cofb.org\/wp-content\/uploads\/2025\/10\/Exterior-de-la-unitat-mobil-2.jpg\" \/>\n\t<meta property=\"og:image:width\" content=\"1500\" \/>\n\t<meta property=\"og:image:height\" content=\"1000\" \/>\n\t<meta property=\"og:image:type\" content=\"image\/jpeg\" \/>\n<meta name=\"author\" content=\"Xavier Magraner\" \/>\n<meta name=\"twitter:card\" content=\"summary_large_image\" \/>\n<meta name=\"twitter:creator\" content=\"@farmaceuticsbcn\" \/>\n<meta name=\"twitter:site\" content=\"@farmaceuticsbcn\" \/>\n<meta name=\"twitter:label1\" content=\"Escrit per\" \/>\n\t<meta name=\"twitter:data1\" content=\"Xavier Magraner\" \/>\n\t<meta name=\"twitter:label2\" content=\"Temps estimat de lectura\" \/>\n\t<meta name=\"twitter:data2\" content=\"5 minuts\" \/>\n<script type=\"application\/ld+json\" class=\"yoast-schema-graph\">{\"@context\":\"https:\/\/schema.org\",\"@graph\":[{\"@type\":\"Article\",\"@id\":\"https:\/\/www.cofb.org\/2025\/10\/22\/record-de-participacio-a-la-farmacia-mobil-de-vilafranca-amb-mes-de-140-veins-i-630-proves\/#article\",\"isPartOf\":{\"@id\":\"https:\/\/www.cofb.org\/2025\/10\/22\/record-de-participacio-a-la-farmacia-mobil-de-vilafranca-amb-mes-de-140-veins-i-630-proves\/\"},\"author\":{\"name\":\"Xavier Magraner\",\"@id\":\"https:\/\/www.cofb.org\/#\/schema\/person\/e46d741cfb92c985a083d163d8270ae4\"},\"headline\":\"R\u00e8cord de participaci\u00f3 a la farm\u00e0cia m\u00f2bil de Vilafranca, amb m\u00e9s de 140 ve\u00efns i 630 proves\",\"datePublished\":\"2025-10-22T11:57:21+00:00\",\"dateModified\":\"2026-03-19T14:30:38+00:00\",\"mainEntityOfPage\":{\"@id\":\"https:\/\/www.cofb.org\/2025\/10\/22\/record-de-participacio-a-la-farmacia-mobil-de-vilafranca-amb-mes-de-140-veins-i-630-proves\/\"},\"wordCount\":769,\"publisher\":{\"@id\":\"https:\/\/www.cofb.org\/#organization\"},\"image\":{\"@id\":\"https:\/\/www.cofb.org\/2025\/10\/22\/record-de-participacio-a-la-farmacia-mobil-de-vilafranca-amb-mes-de-140-veins-i-630-proves\/#primaryimage\"},\"thumbnailUrl\":\"https:\/\/www.cofb.org\/wp-content\/uploads\/2025\/10\/Exterior-de-la-unitat-mobil-2.jpg\",\"keywords\":[\"campanya\",\"COFB\",\"Col\u00b7legi de Farmac\u00e8utics de Barcelona\",\"farm\u00e0cia comunitaria\",\"usuari\"],\"articleSection\":[\"Destacats\",\"Notes de premsa\"],\"inLanguage\":\"ca\"},{\"@type\":\"WebPage\",\"@id\":\"https:\/\/www.cofb.org\/2025\/10\/22\/record-de-participacio-a-la-farmacia-mobil-de-vilafranca-amb-mes-de-140-veins-i-630-proves\/\",\"url\":\"https:\/\/www.cofb.org\/2025\/10\/22\/record-de-participacio-a-la-farmacia-mobil-de-vilafranca-amb-mes-de-140-veins-i-630-proves\/\",\"name\":\"R\u00e8cord de participaci\u00f3 a la farm\u00e0cia m\u00f2bil de Vilafranca, amb m\u00e9s de 140 ve\u00efns i 630 proves - Col\u00b7legi de Farmac\u00e8utics de Barcelona\",\"isPartOf\":{\"@id\":\"https:\/\/www.cofb.org\/#website\"},\"primaryImageOfPage\":{\"@id\":\"https:\/\/www.cofb.org\/2025\/10\/22\/record-de-participacio-a-la-farmacia-mobil-de-vilafranca-amb-mes-de-140-veins-i-630-proves\/#primaryimage\"},\"image\":{\"@id\":\"https:\/\/www.cofb.org\/2025\/10\/22\/record-de-participacio-a-la-farmacia-mobil-de-vilafranca-amb-mes-de-140-veins-i-630-proves\/#primaryimage\"},\"thumbnailUrl\":\"https:\/\/www.cofb.org\/wp-content\/uploads\/2025\/10\/Exterior-de-la-unitat-mobil-2.jpg\",\"datePublished\":\"2025-10-22T11:57:21+00:00\",\"dateModified\":\"2026-03-19T14:30:38+00:00\",\"description\":\"R\u00e8cord de participaci\u00f3 a la farm\u00e0cia m\u00f2bil de Vilafranca, aconseguint m\u00e9s de 140 ve\u00efns i 630 proves fetes\",\"breadcrumb\":{\"@id\":\"https:\/\/www.cofb.org\/2025\/10\/22\/record-de-participacio-a-la-farmacia-mobil-de-vilafranca-amb-mes-de-140-veins-i-630-proves\/#breadcrumb\"},\"inLanguage\":\"ca\",\"potentialAction\":[{\"@type\":\"ReadAction\",\"target\":[\"https:\/\/www.cofb.org\/2025\/10\/22\/record-de-participacio-a-la-farmacia-mobil-de-vilafranca-amb-mes-de-140-veins-i-630-proves\/\"]}]},{\"@type\":\"ImageObject\",\"inLanguage\":\"ca\",\"@id\":\"https:\/\/www.cofb.org\/2025\/10\/22\/record-de-participacio-a-la-farmacia-mobil-de-vilafranca-amb-mes-de-140-veins-i-630-proves\/#primaryimage\",\"url\":\"https:\/\/www.cofb.org\/wp-content\/uploads\/2025\/10\/Exterior-de-la-unitat-mobil-2.jpg\",\"contentUrl\":\"https:\/\/www.cofb.org\/wp-content\/uploads\/2025\/10\/Exterior-de-la-unitat-mobil-2.jpg\",\"width\":1500,\"height\":1000},{\"@type\":\"BreadcrumbList\",\"@id\":\"https:\/\/www.cofb.org\/2025\/10\/22\/record-de-participacio-a-la-farmacia-mobil-de-vilafranca-amb-mes-de-140-veins-i-630-proves\/#breadcrumb\",\"itemListElement\":[{\"@type\":\"ListItem\",\"position\":1,\"name\":\"Inici\",\"item\":\"https:\/\/novaorg.cofb.net\/\"},{\"@type\":\"ListItem\",\"position\":2,\"name\":\"R\u00e8cord de participaci\u00f3 a la farm\u00e0cia m\u00f2bil de Vilafranca, amb m\u00e9s de 140 ve\u00efns i 630 proves\"}]},{\"@type\":\"WebSite\",\"@id\":\"https:\/\/www.cofb.org\/#website\",\"url\":\"https:\/\/www.cofb.org\/\",\"name\":\"Col\u00b7legi de Farmac\u00e8utics de Barcelona\",\"description\":\"\",\"publisher\":{\"@id\":\"https:\/\/www.cofb.org\/#organization\"},\"potentialAction\":[{\"@type\":\"SearchAction\",\"target\":{\"@type\":\"EntryPoint\",\"urlTemplate\":\"https:\/\/www.cofb.org\/?s={search_term_string}\"},\"query-input\":\"required name=search_term_string\"}],\"inLanguage\":\"ca\"},{\"@type\":\"Organization\",\"@id\":\"https:\/\/www.cofb.org\/#organization\",\"name\":\"Col\u00b7legi de Farmac\u00e8utics de Barcelona\",\"url\":\"https:\/\/www.cofb.org\/\",\"logo\":{\"@type\":\"ImageObject\",\"inLanguage\":\"ca\",\"@id\":\"https:\/\/www.cofb.org\/#\/schema\/logo\/image\/\",\"url\":\"https:\/\/www.cofb.org\/wp-content\/uploads\/2023\/11\/cropped-Logotip-COFB.png\",\"contentUrl\":\"https:\/\/www.cofb.org\/wp-content\/uploads\/2023\/11\/cropped-Logotip-COFB.png\",\"width\":500,\"height\":105,\"caption\":\"Col\u00b7legi de Farmac\u00e8utics de Barcelona\"},\"image\":{\"@id\":\"https:\/\/www.cofb.org\/#\/schema\/logo\/image\/\"},\"sameAs\":[\"https:\/\/www.facebook.com\/farmaceuticsbcn\/\",\"https:\/\/twitter.com\/farmaceuticsbcn\",\"https:\/\/www.instagram.com\/farmaceuticsbcn\/\",\"https:\/\/www.linkedin.com\/company\/farmaceuticsbcn\/\"]},{\"@type\":\"Person\",\"@id\":\"https:\/\/www.cofb.org\/#\/schema\/person\/e46d741cfb92c985a083d163d8270ae4\",\"name\":\"Xavier Magraner\",\"image\":{\"@type\":\"ImageObject\",\"inLanguage\":\"ca\",\"@id\":\"https:\/\/www.cofb.org\/#\/schema\/person\/image\/\",\"url\":\"https:\/\/secure.gravatar.com\/avatar\/aa0d1d4df59f71f88eebd5796c5388ff41c58d83c5301eb6e1d65646a289c37d?s=96&d=mm&r=g\",\"contentUrl\":\"https:\/\/secure.gravatar.com\/avatar\/aa0d1d4df59f71f88eebd5796c5388ff41c58d83c5301eb6e1d65646a289c37d?s=96&d=mm&r=g\",\"caption\":\"Xavier Magraner\"},\"url\":\"https:\/\/www.cofb.org\/ca\/author\/xmagraner\/\"}]}<\/script>\n<!-- \/ Yoast SEO plugin. -->","yoast_head_json":{"title":"R\u00e8cord de participaci\u00f3 a la farm\u00e0cia m\u00f2bil de Vilafranca, amb m\u00e9s de 140 ve\u00efns i 630 proves - Col\u00b7legi de Farmac\u00e8utics de Barcelona","description":"R\u00e8cord de participaci\u00f3 a la farm\u00e0cia m\u00f2bil de Vilafranca, aconseguint m\u00e9s de 140 ve\u00efns i 630 proves fetes","robots":{"index":"index","follow":"follow","max-snippet":"max-snippet:-1","max-image-preview":"max-image-preview:large","max-video-preview":"max-video-preview:-1"},"canonical":"https:\/\/www.cofb.org\/ca\/2025\/10\/22\/record-de-participacio-a-la-farmacia-mobil-de-vilafranca-amb-mes-de-140-veins-i-630-proves\/","og_locale":"ca_ES","og_type":"article","og_title":"R\u00e8cord de participaci\u00f3 a la farm\u00e0cia m\u00f2bil de Vilafranca, amb m\u00e9s de 140 ve\u00efns i 630 proves - Col\u00b7legi de Farmac\u00e8utics de Barcelona","og_description":"R\u00e8cord de participaci\u00f3 a la farm\u00e0cia m\u00f2bil de Vilafranca, aconseguint m\u00e9s de 140 ve\u00efns i 630 proves fetes","og_url":"https:\/\/www.cofb.org\/ca\/2025\/10\/22\/record-de-participacio-a-la-farmacia-mobil-de-vilafranca-amb-mes-de-140-veins-i-630-proves\/","og_site_name":"Col\u00b7legi de Farmac\u00e8utics de Barcelona","article_publisher":"https:\/\/www.facebook.com\/farmaceuticsbcn\/","article_published_time":"2025-10-22T11:57:21+00:00","article_modified_time":"2026-03-19T14:30:38+00:00","og_image":[{"width":1500,"height":1000,"url":"https:\/\/www.cofb.org\/wp-content\/uploads\/2025\/10\/Exterior-de-la-unitat-mobil-2.jpg","type":"image\/jpeg"}],"author":"Xavier Magraner","twitter_card":"summary_large_image","twitter_creator":"@farmaceuticsbcn","twitter_site":"@farmaceuticsbcn","twitter_misc":{"Escrit per":"Xavier Magraner","Temps estimat de lectura":"5 minuts"},"schema":{"@context":"https:\/\/schema.org","@graph":[{"@type":"Article","@id":"https:\/\/www.cofb.org\/2025\/10\/22\/record-de-participacio-a-la-farmacia-mobil-de-vilafranca-amb-mes-de-140-veins-i-630-proves\/#article","isPartOf":{"@id":"https:\/\/www.cofb.org\/2025\/10\/22\/record-de-participacio-a-la-farmacia-mobil-de-vilafranca-amb-mes-de-140-veins-i-630-proves\/"},"author":{"name":"Xavier Magraner","@id":"https:\/\/www.cofb.org\/#\/schema\/person\/e46d741cfb92c985a083d163d8270ae4"},"headline":"R\u00e8cord de participaci\u00f3 a la farm\u00e0cia m\u00f2bil de Vilafranca, amb m\u00e9s de 140 ve\u00efns i 630 proves","datePublished":"2025-10-22T11:57:21+00:00","dateModified":"2026-03-19T14:30:38+00:00","mainEntityOfPage":{"@id":"https:\/\/www.cofb.org\/2025\/10\/22\/record-de-participacio-a-la-farmacia-mobil-de-vilafranca-amb-mes-de-140-veins-i-630-proves\/"},"wordCount":769,"publisher":{"@id":"https:\/\/www.cofb.org\/#organization"},"image":{"@id":"https:\/\/www.cofb.org\/2025\/10\/22\/record-de-participacio-a-la-farmacia-mobil-de-vilafranca-amb-mes-de-140-veins-i-630-proves\/#primaryimage"},"thumbnailUrl":"https:\/\/www.cofb.org\/wp-content\/uploads\/2025\/10\/Exterior-de-la-unitat-mobil-2.jpg","keywords":["campanya","COFB","Col\u00b7legi de Farmac\u00e8utics de Barcelona","farm\u00e0cia comunitaria","usuari"],"articleSection":["Destacats","Notes de premsa"],"inLanguage":"ca"},{"@type":"WebPage","@id":"https:\/\/www.cofb.org\/2025\/10\/22\/record-de-participacio-a-la-farmacia-mobil-de-vilafranca-amb-mes-de-140-veins-i-630-proves\/","url":"https:\/\/www.cofb.org\/2025\/10\/22\/record-de-participacio-a-la-farmacia-mobil-de-vilafranca-amb-mes-de-140-veins-i-630-proves\/","name":"R\u00e8cord de participaci\u00f3 a la farm\u00e0cia m\u00f2bil de Vilafranca, amb m\u00e9s de 140 ve\u00efns i 630 proves - Col\u00b7legi de Farmac\u00e8utics de Barcelona","isPartOf":{"@id":"https:\/\/www.cofb.org\/#website"},"primaryImageOfPage":{"@id":"https:\/\/www.cofb.org\/2025\/10\/22\/record-de-participacio-a-la-farmacia-mobil-de-vilafranca-amb-mes-de-140-veins-i-630-proves\/#primaryimage"},"image":{"@id":"https:\/\/www.cofb.org\/2025\/10\/22\/record-de-participacio-a-la-farmacia-mobil-de-vilafranca-amb-mes-de-140-veins-i-630-proves\/#primaryimage"},"thumbnailUrl":"https:\/\/www.cofb.org\/wp-content\/uploads\/2025\/10\/Exterior-de-la-unitat-mobil-2.jpg","datePublished":"2025-10-22T11:57:21+00:00","dateModified":"2026-03-19T14:30:38+00:00","description":"R\u00e8cord de participaci\u00f3 a la farm\u00e0cia m\u00f2bil de Vilafranca, aconseguint m\u00e9s de 140 ve\u00efns i 630 proves fetes","breadcrumb":{"@id":"https:\/\/www.cofb.org\/2025\/10\/22\/record-de-participacio-a-la-farmacia-mobil-de-vilafranca-amb-mes-de-140-veins-i-630-proves\/#breadcrumb"},"inLanguage":"ca","potentialAction":[{"@type":"ReadAction","target":["https:\/\/www.cofb.org\/2025\/10\/22\/record-de-participacio-a-la-farmacia-mobil-de-vilafranca-amb-mes-de-140-veins-i-630-proves\/"]}]},{"@type":"ImageObject","inLanguage":"ca","@id":"https:\/\/www.cofb.org\/2025\/10\/22\/record-de-participacio-a-la-farmacia-mobil-de-vilafranca-amb-mes-de-140-veins-i-630-proves\/#primaryimage","url":"https:\/\/www.cofb.org\/wp-content\/uploads\/2025\/10\/Exterior-de-la-unitat-mobil-2.jpg","contentUrl":"https:\/\/www.cofb.org\/wp-content\/uploads\/2025\/10\/Exterior-de-la-unitat-mobil-2.jpg","width":1500,"height":1000},{"@type":"BreadcrumbList","@id":"https:\/\/www.cofb.org\/2025\/10\/22\/record-de-participacio-a-la-farmacia-mobil-de-vilafranca-amb-mes-de-140-veins-i-630-proves\/#breadcrumb","itemListElement":[{"@type":"ListItem","position":1,"name":"Inici","item":"https:\/\/novaorg.cofb.net\/"},{"@type":"ListItem","position":2,"name":"R\u00e8cord de participaci\u00f3 a la farm\u00e0cia m\u00f2bil de Vilafranca, amb m\u00e9s de 140 ve\u00efns i 630 proves"}]},{"@type":"WebSite","@id":"https:\/\/www.cofb.org\/#website","url":"https:\/\/www.cofb.org\/","name":"Col\u00b7legi de Farmac\u00e8utics de Barcelona","description":"","publisher":{"@id":"https:\/\/www.cofb.org\/#organization"},"potentialAction":[{"@type":"SearchAction","target":{"@type":"EntryPoint","urlTemplate":"https:\/\/www.cofb.org\/?s={search_term_string}"},"query-input":"required name=search_term_string"}],"inLanguage":"ca"},{"@type":"Organization","@id":"https:\/\/www.cofb.org\/#organization","name":"Col\u00b7legi de Farmac\u00e8utics de Barcelona","url":"https:\/\/www.cofb.org\/","logo":{"@type":"ImageObject","inLanguage":"ca","@id":"https:\/\/www.cofb.org\/#\/schema\/logo\/image\/","url":"https:\/\/www.cofb.org\/wp-content\/uploads\/2023\/11\/cropped-Logotip-COFB.png","contentUrl":"https:\/\/www.cofb.org\/wp-content\/uploads\/2023\/11\/cropped-Logotip-COFB.png","width":500,"height":105,"caption":"Col\u00b7legi de Farmac\u00e8utics de Barcelona"},"image":{"@id":"https:\/\/www.cofb.org\/#\/schema\/logo\/image\/"},"sameAs":["https:\/\/www.facebook.com\/farmaceuticsbcn\/","https:\/\/twitter.com\/farmaceuticsbcn","https:\/\/www.instagram.com\/farmaceuticsbcn\/","https:\/\/www.linkedin.com\/company\/farmaceuticsbcn\/"]},{"@type":"Person","@id":"https:\/\/www.cofb.org\/#\/schema\/person\/e46d741cfb92c985a083d163d8270ae4","name":"Xavier Magraner","image":{"@type":"ImageObject","inLanguage":"ca","@id":"https:\/\/www.cofb.org\/#\/schema\/person\/image\/","url":"https:\/\/secure.gravatar.com\/avatar\/aa0d1d4df59f71f88eebd5796c5388ff41c58d83c5301eb6e1d65646a289c37d?s=96&d=mm&r=g","contentUrl":"https:\/\/secure.gravatar.com\/avatar\/aa0d1d4df59f71f88eebd5796c5388ff41c58d83c5301eb6e1d65646a289c37d?s=96&d=mm&r=g","caption":"Xavier Magraner"},"url":"https:\/\/www.cofb.org\/ca\/author\/xmagraner\/"}]}},"uagb_featured_image_src":{"full":["https:\/\/www.cofb.org\/wp-content\/uploads\/2025\/10\/Exterior-de-la-unitat-mobil-2.jpg",1500,1000,false],"thumbnail":["https:\/\/www.cofb.org\/wp-content\/uploads\/2025\/10\/Exterior-de-la-unitat-mobil-2-150x150.jpg",150,150,true],"medium":["https:\/\/www.cofb.org\/wp-content\/uploads\/2025\/10\/Exterior-de-la-unitat-mobil-2-300x200.jpg",300,200,true],"medium_large":["https:\/\/www.cofb.org\/wp-content\/uploads\/2025\/10\/Exterior-de-la-unitat-mobil-2-768x512.jpg",768,512,true],"large":["https:\/\/www.cofb.org\/wp-content\/uploads\/2025\/10\/Exterior-de-la-unitat-mobil-2-1024x683.jpg",1024,683,true],"1536x1536":["https:\/\/www.cofb.org\/wp-content\/uploads\/2025\/10\/Exterior-de-la-unitat-mobil-2.jpg",1500,1000,false],"2048x2048":["https:\/\/www.cofb.org\/wp-content\/uploads\/2025\/10\/Exterior-de-la-unitat-mobil-2.jpg",1500,1000,false],"trp-custom-language-flag":["https:\/\/www.cofb.org\/wp-content\/uploads\/2025\/10\/Exterior-de-la-unitat-mobil-2-18x12.jpg",18,12,true]},"uagb_author_info":{"display_name":"Xavier Magraner","author_link":"https:\/\/www.cofb.org\/ca\/author\/xmagraner\/"},"uagb_comment_info":0,"uagb_excerpt":"Barcelona, 22 d\u2019octubre de 2025.- Fins al moment, Vilafranca s\u2019ha convertit en la ciutat amb m\u00e9s persones ateses i proves realitzades a la unitat m\u00f2bil de \u201cLa meva farm\u00e0cia, la meva salut\u201d. En total, 146 usuaris i usu\u00e0ries s\u2019han apropat a la farm\u00e0cia m\u00f2bil per con\u00e8ixer i viure, en primera [&hellip;]","_links":{"self":[{"href":"https:\/\/www.cofb.org\/ca\/wp-json\/wp\/v2\/posts\/82545","targetHints":{"allow":["GET"]}}],"collection":[{"href":"https:\/\/www.cofb.org\/ca\/wp-json\/wp\/v2\/posts"}],"about":[{"href":"https:\/\/www.cofb.org\/ca\/wp-json\/wp\/v2\/types\/post"}],"author":[{"embeddable":true,"href":"https:\/\/www.cofb.org\/ca\/wp-json\/wp\/v2\/users\/10"}],"replies":[{"embeddable":true,"href":"https:\/\/www.cofb.org\/ca\/wp-json\/wp\/v2\/comments?post=82545"}],"version-history":[{"count":3,"href":"https:\/\/www.cofb.org\/ca\/wp-json\/wp\/v2\/posts\/82545\/revisions"}],"predecessor-version":[{"id":82551,"href":"https:\/\/www.cofb.org\/ca\/wp-json\/wp\/v2\/posts\/82545\/revisions\/82551"}],"wp:featuredmedia":[{"embeddable":true,"href":"https:\/\/www.cofb.org\/ca\/wp-json\/wp\/v2\/media\/82547"}],"wp:attachment":[{"href":"https:\/\/www.cofb.org\/ca\/wp-json\/wp\/v2\/media?parent=82545"}],"wp:term":[{"taxonomy":"category","embeddable":true,"href":"https:\/\/www.cofb.org\/ca\/wp-json\/wp\/v2\/categories?post=82545"},{"taxonomy":"post_tag","embeddable":true,"href":"https:\/\/www.cofb.org\/ca\/wp-json\/wp\/v2\/tags?post=82545"}],"curies":[{"name":"wp","href":"https:\/\/api.w.org\/{rel}","templated":true}]}}