{"id":82495,"date":"2025-10-16T16:34:28","date_gmt":"2025-10-16T16:34:28","guid":{"rendered":"https:\/\/www.cofb.org\/?p=82495"},"modified":"2026-03-19T14:31:00","modified_gmt":"2026-03-19T14:31:00","slug":"mes-de-3-200-farmacies-catalanes-simpliquen-per-augmentar-la-cobertura-vacunal-i-protegir-la-poblacio-de-risc","status":"publish","type":"post","link":"https:\/\/www.cofb.org\/ca\/2025\/10\/16\/mes-de-3-200-farmacies-catalanes-simpliquen-per-augmentar-la-cobertura-vacunal-i-protegir-la-poblacio-de-risc\/","title":{"rendered":"M\u00e9s de 3.200 farm\u00e0cies catalanes s\u2019impliquen per augmentar la cobertura vacunal i protegir la poblaci\u00f3 de risc"},"content":{"rendered":"\n<ul class=\"wp-block-list\">\n<li>Ho faran en el marc de la campanya impulsada pel Departament de Salut i el Consell de Col\u00b7legis Farmac\u00e8utics de Catalunya (CCFC)<\/li>\n\n\n\n<li>La intervenci\u00f3 farmac\u00e8utica iniciada aquest dilluns 13 d\u2019octubre es dur\u00e0 a terme fins el 5 de desembre. Com a novetat, les farm\u00e0cies disposaran de material informatiu f\u00edsic per la ciutadania, adaptat en funci\u00f3 de si la vacunaci\u00f3 \u00e9s per adults o infants<\/li>\n\n\n\n<li>L\u2019objectiu \u00e9s augmentar la cobertura vacunal en persones de 60 anys o m\u00e9s, amb major risc de complicacions per grip o COVID-19<\/li>\n<\/ul>\n\n\n\n<p><\/p>\n\n\n\n<figure class=\"wp-block-image size-large\"><img fetchpriority=\"high\" decoding=\"async\" width=\"1024\" height=\"674\" src=\"https:\/\/www.cofb.org\/wp-content\/uploads\/2025\/10\/Campanya-vacunacio-grip-2025-2026-1024x674.jpg\" alt=\"\" class=\"wp-image-82501\" srcset=\"https:\/\/www.cofb.org\/wp-content\/uploads\/2025\/10\/Campanya-vacunacio-grip-2025-2026-1024x674.jpg 1024w, https:\/\/www.cofb.org\/wp-content\/uploads\/2025\/10\/Campanya-vacunacio-grip-2025-2026-300x197.jpg 300w, https:\/\/www.cofb.org\/wp-content\/uploads\/2025\/10\/Campanya-vacunacio-grip-2025-2026-768x505.jpg 768w, https:\/\/www.cofb.org\/wp-content\/uploads\/2025\/10\/Campanya-vacunacio-grip-2025-2026-18x12.jpg 18w, https:\/\/www.cofb.org\/wp-content\/uploads\/2025\/10\/Campanya-vacunacio-grip-2025-2026.jpg 1430w\" sizes=\"(max-width: 1024px) 100vw, 1024px\" \/><\/figure>\n\n\n\n<p><em>Barcelona, 16 d\u2019octubre de 2025<\/em>.- A <strong>Catalunya<\/strong>, <strong>m\u00e9s de la meitat de les persones m\u00e9s grans de 60 anys ingressades a l&#8217;UCI per grip<\/strong> <strong>no estaven vacunades<\/strong>. Per tal de contribuir a revertir aquesta situaci\u00f3, les m\u00e9s de <strong>3.200 farm\u00e0cies catalanes<\/strong> participen des d\u2019aquest dilluns, 13 d\u2019octubre, i per<a href=\"https:\/\/www.cofb.org\/ca\/2024\/10\/28\/les-farmacies-catalanes-inicien-la-seva-collaboracio-amb-salut-per-fomentar-la-vacunacio-de-la-grip-i-la-covid-19-entre-els-majors-de-60-anys\/\" target=\"_blank\" rel=\"noreferrer noopener\"> segon any consecutiu<\/a>, en la <strong>campanya poblacional de vacunaci\u00f3 contra la grip i la COVID-19<\/strong>.<\/p>\n\n\n\n<p>En concret, aquesta campanya impulsada pel<strong> Departament de Salut<\/strong> i el <strong>Consell de Col\u00b7legis Farmac\u00e8utics de Catalunya (CCFC)<\/strong> t\u00e9 com a objectiu augmentar la <strong>cobertura vacunal en persones de 60 anys o m\u00e9s<\/strong>, amb <strong>major risc de complicacions per grip o COVID-19<\/strong>.<\/p>\n\n\n\n<p>En el cas de la <strong>grip<\/strong>, els casos m\u00e9s greus afecten principalment les persones de m\u00e9s de 60 anys. Pel que fa a la <strong>COVID-19<\/strong>, una gran majoria de casos es donen en la poblaci\u00f3 de m\u00e9s edat i tamb\u00e9 s\u00f3n els que presenten m\u00e9s gravetat.<\/p>\n\n\n\n<h2 class=\"wp-block-heading\">En qu\u00e8 consisteix la intervenci\u00f3 farmac\u00e8utica?<\/h2>\n\n\n\n<p>Com a novetat, <strong>les farm\u00e0cies disposaran de material informatiu f\u00edsic<\/strong> per la <strong>ciutadania<\/strong>, adaptat en funci\u00f3 de si la <strong>vacunaci\u00f3 \u00e9s per adults o infants<\/strong>.<\/p>\n\n\n\n<p>L\u2019actuaci\u00f3 farmac\u00e8utica es dur\u00e0 a terme fins el 5 de desembre i segueix tres passos. En primer lloc, el <strong>farmac\u00e8utic informa a l\u2019usuari sobre la campanya de vacunaci\u00f3<\/strong>. A continuaci\u00f3, explica mesures de prevenci\u00f3, tant personals com de l\u2019entorn. Finalment, pregunta a la persona si <strong>ja s\u2019ha vacunat i\/o si t\u00e9 inter\u00e8s de fer-ho<\/strong>. Si no vol vacunar-se, es dona un consell breu per intentar reconduir la situaci\u00f3; i en cas que s\u00ed es vulgui vacunar, es <strong>proporciona informaci\u00f3 d\u2019on i com vacunar-se<\/strong> i s\u2019ajuda amb la cita, en cas que sigui necessari.<\/p>\n\n\n\n<p>\u201cLa participaci\u00f3 de les farm\u00e0cies en les campanyes de vacunaci\u00f3 \u00e9s fonamental perqu\u00e8 s\u00f3n punts de salut propers, accessibles i presents en tot el territori\u201d, explica <strong>Elena Palau<\/strong>, <strong>vocal el Consell de Col\u00b7legis Farmac\u00e8utics de Catalunya<\/strong>. \u201cEl farmac\u00e8utic, gr\u00e0cies al seu rol actiu en la promoci\u00f3 de la salut, pot identificar i motivar persones que es troben <strong>dins de grups de risc<\/strong> i contribuir a qu\u00e8 es compleixin els objectius de vacunaci\u00f3\u201d.<\/p>\n\n\n\n<h2 class=\"wp-block-heading\">Per qu\u00e8 \u00e9s important vacunar-se de la grip i la COVID-19?<\/h2>\n\n\n\n<p>La vacunaci\u00f3 va evitar el <strong>26% d\u2019hospitalitzacions<\/strong>, el <strong>40% d\u2019ingressos a UCI<\/strong> i el <strong>37% de defuncions<\/strong> <strong>en les persones de 65 anys o m\u00e9s atribu\u00efbles a la grip<\/strong>, durant la temporada 2019-2020. Alhora, tant la grip com la COVID-19 van canviant amb el temps i les vacunes s\u2019adapten cada temporada a les noves variants.<\/p>\n\n\n\n<p>Donat que les previsions \u00e9s que hi haur\u00e0 un <strong>possible avan\u00e7ament de les infeccions gripals<\/strong>, s\u2019insisteix en qu\u00e8 el moment de vacunaci\u00f3 \u00e9s ara perqu\u00e8 la poblaci\u00f3 estigui protegida abans que es produeixin el pic de contagis.<\/p>\n\n\n\n<h2 class=\"wp-block-heading\">Campanya de vacunaci\u00f3 2025-2026<\/h2>\n\n\n\n<p>Una de les novetats de la campanya de vacunaci\u00f3 de la tardor d\u2019aquest any \u00e9s que estableix recomanacions de cobertura vacunal de grip i covid per separat. Aix\u00f2 permet adaptar millor l\u2019estrat\u00e8gia a la situaci\u00f3 epidemiol\u00f2gica de cadascun dels virus. No obstant, durant la campanya, els grups de risc que tenen indicades totes dues vacunes les rebran de manera simult\u00e0nia.<\/p>\n\n\n\n<p>La <strong>campanya<\/strong> s\u2019adre\u00e7a especialment a les <strong>persones que tenen un alt risc de complicacions si pateixen la grip o la COVID-19<\/strong>, especialment les <strong>persones grans<\/strong> i les <strong>embarassades<\/strong>. Alhora, tamb\u00e9 es recomana a les persones o grups que poden transmetre la grip a persones en situaci\u00f3 d&#8217;alt risc, sobretot als professionals de la salut.<\/p>\n\n\n\n<h2 class=\"wp-block-heading\">2 d\u00edptics:<\/h2>\n\n\n\n<p><a href=\"https:\/\/scientiasalut.gencat.cat\/bitstream\/handle\/11351\/13637\/vacunat-contra-grip-covid-19-2025.pdf?sequence=1&amp;isAllowed=y\">Vacuna&#8217;t contra la grip i la COVID-19<\/a><\/p>\n\n\n\n<p><a href=\"https:\/\/scientiasalut.gencat.cat\/bitstream\/handle\/11351\/13685\/vacuna-infant-contra-grip-2025.pdf?sequence=1&amp;isAllowed=y\">Vacuna el teu infant contra la Grip<\/a><\/p>\n","protected":false},"excerpt":{"rendered":"<p>Barcelona, 16 d\u2019octubre de 2025.- A Catalunya, m\u00e9s de la meitat de les persones m\u00e9s grans de 60 anys ingressades a l&#8217;UCI per grip no estaven vacunades. Per tal de contribuir a revertir aquesta situaci\u00f3, les m\u00e9s de 3.200 farm\u00e0cies catalanes participen des d\u2019aquest dilluns, 13 d\u2019octubre, i per segon [&hellip;]<\/p>\n","protected":false},"author":10,"featured_media":82501,"comment_status":"closed","ping_status":"closed","sticky":false,"template":"","format":"aside","meta":{"_uag_custom_page_level_css":"","site-sidebar-layout":"default","site-content-layout":"","ast-site-content-layout":"default","site-content-style":"default","site-sidebar-style":"default","ast-global-header-display":"","ast-banner-title-visibility":"","ast-main-header-display":"","ast-hfb-above-header-display":"","ast-hfb-below-header-display":"","ast-hfb-mobile-header-display":"","site-post-title":"","ast-breadcrumbs-content":"","ast-featured-img":"disabled","footer-sml-layout":"","theme-transparent-header-meta":"","adv-header-id-meta":"","stick-header-meta":"","header-above-stick-meta":"","header-main-stick-meta":"","header-below-stick-meta":"","astra-migrate-meta-layouts":"set","ast-page-background-enabled":"default","ast-page-background-meta":{"desktop":{"background-color":"var(--ast-global-color-4)","background-image":"","background-repeat":"repeat","background-position":"center center","background-size":"auto","background-attachment":"scroll","background-type":"","background-media":"","overlay-type":"","overlay-color":"","overlay-opacity":"","overlay-gradient":""},"tablet":{"background-color":"","background-image":"","background-repeat":"repeat","background-position":"center center","background-size":"auto","background-attachment":"scroll","background-type":"","background-media":"","overlay-type":"","overlay-color":"","overlay-opacity":"","overlay-gradient":""},"mobile":{"background-color":"","background-image":"","background-repeat":"repeat","background-position":"center center","background-size":"auto","background-attachment":"scroll","background-type":"","background-media":"","overlay-type":"","overlay-color":"","overlay-opacity":"","overlay-gradient":""}},"ast-content-background-meta":{"desktop":{"background-color":"var(--ast-global-color-5)","background-image":"","background-repeat":"repeat","background-position":"center center","background-size":"auto","background-attachment":"scroll","background-type":"","background-media":"","overlay-type":"","overlay-color":"","overlay-opacity":"","overlay-gradient":""},"tablet":{"background-color":"var(--ast-global-color-5)","background-image":"","background-repeat":"repeat","background-position":"center center","background-size":"auto","background-attachment":"scroll","background-type":"","background-media":"","overlay-type":"","overlay-color":"","overlay-opacity":"","overlay-gradient":""},"mobile":{"background-color":"var(--ast-global-color-5)","background-image":"","background-repeat":"repeat","background-position":"center center","background-size":"auto","background-attachment":"scroll","background-type":"","background-media":"","overlay-type":"","overlay-color":"","overlay-opacity":"","overlay-gradient":""}},"footnotes":""},"categories":[23,1060],"tags":[4500,5126,18,19,3316,90,311,964],"class_list":["post-82495","post","type-post","status-publish","format-aside","has-post-thumbnail","hentry","category-destacats","category-notes-premsa","tag-campanya-de-vacunacio","tag-campanya-de-vacunacio-de-grip-i-covid-19","tag-cofb","tag-collegi-de-farmaceutics-de-barcelona","tag-consell-de-collegis-de-farmaceutics-de-catalunya","tag-covid-19","tag-departament-de-salut","tag-grip","post_format-post-format-aside"],"yoast_head":"<!-- This site is optimized with the Yoast SEO plugin v22.4 - https:\/\/yoast.com\/wordpress\/plugins\/seo\/ -->\n<title>M\u00e9s de 3.200 farm\u00e0cies catalanes s\u2019impliquen per augmentar la cobertura vacunal i protegir la poblaci\u00f3 de risc - Col\u00b7legi de Farmac\u00e8utics de Barcelona<\/title>\n<meta name=\"description\" content=\"El Consell de Col\u00b7legis Farmac\u00e8utics de Catalunya s&#039;implica per augmentar la cobertura vacunal de grip i Covid-19\" \/>\n<meta name=\"robots\" content=\"index, follow, max-snippet:-1, max-image-preview:large, max-video-preview:-1\" \/>\n<link rel=\"canonical\" href=\"https:\/\/www.cofb.org\/ca\/2025\/10\/16\/mes-de-3-200-farmacies-catalanes-simpliquen-per-augmentar-la-cobertura-vacunal-i-protegir-la-poblacio-de-risc\/\" \/>\n<meta property=\"og:locale\" content=\"ca_ES\" \/>\n<meta property=\"og:type\" content=\"article\" \/>\n<meta property=\"og:title\" content=\"M\u00e9s de 3.200 farm\u00e0cies catalanes s\u2019impliquen per augmentar la cobertura vacunal i protegir la poblaci\u00f3 de risc - Col\u00b7legi de Farmac\u00e8utics de Barcelona\" \/>\n<meta property=\"og:description\" content=\"El Consell de Col\u00b7legis Farmac\u00e8utics de Catalunya s&#039;implica per augmentar la cobertura vacunal de grip i Covid-19\" \/>\n<meta property=\"og:url\" content=\"https:\/\/www.cofb.org\/ca\/2025\/10\/16\/mes-de-3-200-farmacies-catalanes-simpliquen-per-augmentar-la-cobertura-vacunal-i-protegir-la-poblacio-de-risc\/\" \/>\n<meta property=\"og:site_name\" content=\"Col\u00b7legi de Farmac\u00e8utics de Barcelona\" \/>\n<meta property=\"article:publisher\" content=\"https:\/\/www.facebook.com\/farmaceuticsbcn\/\" \/>\n<meta property=\"article:published_time\" content=\"2025-10-16T16:34:28+00:00\" \/>\n<meta property=\"article:modified_time\" content=\"2026-03-19T14:31:00+00:00\" \/>\n<meta property=\"og:image\" content=\"https:\/\/www.cofb.org\/wp-content\/uploads\/2025\/10\/Campanya-vacunacio-grip-2025-2026.jpg\" \/>\n\t<meta property=\"og:image:width\" content=\"1430\" \/>\n\t<meta property=\"og:image:height\" content=\"941\" \/>\n\t<meta property=\"og:image:type\" content=\"image\/jpeg\" \/>\n<meta name=\"author\" content=\"Xavier Magraner\" \/>\n<meta name=\"twitter:card\" content=\"summary_large_image\" \/>\n<meta name=\"twitter:creator\" content=\"@farmaceuticsbcn\" \/>\n<meta name=\"twitter:site\" content=\"@farmaceuticsbcn\" \/>\n<meta name=\"twitter:label1\" content=\"Escrit per\" \/>\n\t<meta name=\"twitter:data1\" content=\"Xavier Magraner\" \/>\n\t<meta name=\"twitter:label2\" content=\"Temps estimat de lectura\" \/>\n\t<meta name=\"twitter:data2\" content=\"5 minuts\" \/>\n<script type=\"application\/ld+json\" class=\"yoast-schema-graph\">{\"@context\":\"https:\/\/schema.org\",\"@graph\":[{\"@type\":\"Article\",\"@id\":\"https:\/\/www.cofb.org\/2025\/10\/16\/mes-de-3-200-farmacies-catalanes-simpliquen-per-augmentar-la-cobertura-vacunal-i-protegir-la-poblacio-de-risc\/#article\",\"isPartOf\":{\"@id\":\"https:\/\/www.cofb.org\/2025\/10\/16\/mes-de-3-200-farmacies-catalanes-simpliquen-per-augmentar-la-cobertura-vacunal-i-protegir-la-poblacio-de-risc\/\"},\"author\":{\"name\":\"Xavier Magraner\",\"@id\":\"https:\/\/www.cofb.org\/#\/schema\/person\/e46d741cfb92c985a083d163d8270ae4\"},\"headline\":\"M\u00e9s de 3.200 farm\u00e0cies catalanes s\u2019impliquen per augmentar la cobertura vacunal i protegir la poblaci\u00f3 de risc\",\"datePublished\":\"2025-10-16T16:34:28+00:00\",\"dateModified\":\"2026-03-19T14:31:00+00:00\",\"mainEntityOfPage\":{\"@id\":\"https:\/\/www.cofb.org\/2025\/10\/16\/mes-de-3-200-farmacies-catalanes-simpliquen-per-augmentar-la-cobertura-vacunal-i-protegir-la-poblacio-de-risc\/\"},\"wordCount\":735,\"publisher\":{\"@id\":\"https:\/\/www.cofb.org\/#organization\"},\"image\":{\"@id\":\"https:\/\/www.cofb.org\/2025\/10\/16\/mes-de-3-200-farmacies-catalanes-simpliquen-per-augmentar-la-cobertura-vacunal-i-protegir-la-poblacio-de-risc\/#primaryimage\"},\"thumbnailUrl\":\"https:\/\/www.cofb.org\/wp-content\/uploads\/2025\/10\/Campanya-vacunacio-grip-2025-2026.jpg\",\"keywords\":[\"campanya de vacunaci\u00f3\",\"campanya de vacunaci\u00f3 de grip i COVID-19\",\"COFB\",\"Col\u00b7legi de Farmac\u00e8utics de Barcelona\",\"Consell de Col\u00b7legis de Farmac\u00e8utics de Catalunya\",\"COVID-19\",\"Departament de Salut\",\"Grip\"],\"articleSection\":[\"Destacats\",\"Notes de premsa\"],\"inLanguage\":\"ca\"},{\"@type\":\"WebPage\",\"@id\":\"https:\/\/www.cofb.org\/2025\/10\/16\/mes-de-3-200-farmacies-catalanes-simpliquen-per-augmentar-la-cobertura-vacunal-i-protegir-la-poblacio-de-risc\/\",\"url\":\"https:\/\/www.cofb.org\/2025\/10\/16\/mes-de-3-200-farmacies-catalanes-simpliquen-per-augmentar-la-cobertura-vacunal-i-protegir-la-poblacio-de-risc\/\",\"name\":\"M\u00e9s de 3.200 farm\u00e0cies catalanes s\u2019impliquen per augmentar la cobertura vacunal i protegir la poblaci\u00f3 de risc - Col\u00b7legi de Farmac\u00e8utics de Barcelona\",\"isPartOf\":{\"@id\":\"https:\/\/www.cofb.org\/#website\"},\"primaryImageOfPage\":{\"@id\":\"https:\/\/www.cofb.org\/2025\/10\/16\/mes-de-3-200-farmacies-catalanes-simpliquen-per-augmentar-la-cobertura-vacunal-i-protegir-la-poblacio-de-risc\/#primaryimage\"},\"image\":{\"@id\":\"https:\/\/www.cofb.org\/2025\/10\/16\/mes-de-3-200-farmacies-catalanes-simpliquen-per-augmentar-la-cobertura-vacunal-i-protegir-la-poblacio-de-risc\/#primaryimage\"},\"thumbnailUrl\":\"https:\/\/www.cofb.org\/wp-content\/uploads\/2025\/10\/Campanya-vacunacio-grip-2025-2026.jpg\",\"datePublished\":\"2025-10-16T16:34:28+00:00\",\"dateModified\":\"2026-03-19T14:31:00+00:00\",\"description\":\"El Consell de Col\u00b7legis Farmac\u00e8utics de Catalunya s'implica per augmentar la cobertura vacunal de grip i Covid-19\",\"breadcrumb\":{\"@id\":\"https:\/\/www.cofb.org\/2025\/10\/16\/mes-de-3-200-farmacies-catalanes-simpliquen-per-augmentar-la-cobertura-vacunal-i-protegir-la-poblacio-de-risc\/#breadcrumb\"},\"inLanguage\":\"ca\",\"potentialAction\":[{\"@type\":\"ReadAction\",\"target\":[\"https:\/\/www.cofb.org\/2025\/10\/16\/mes-de-3-200-farmacies-catalanes-simpliquen-per-augmentar-la-cobertura-vacunal-i-protegir-la-poblacio-de-risc\/\"]}]},{\"@type\":\"ImageObject\",\"inLanguage\":\"ca\",\"@id\":\"https:\/\/www.cofb.org\/2025\/10\/16\/mes-de-3-200-farmacies-catalanes-simpliquen-per-augmentar-la-cobertura-vacunal-i-protegir-la-poblacio-de-risc\/#primaryimage\",\"url\":\"https:\/\/www.cofb.org\/wp-content\/uploads\/2025\/10\/Campanya-vacunacio-grip-2025-2026.jpg\",\"contentUrl\":\"https:\/\/www.cofb.org\/wp-content\/uploads\/2025\/10\/Campanya-vacunacio-grip-2025-2026.jpg\",\"width\":1430,\"height\":941},{\"@type\":\"BreadcrumbList\",\"@id\":\"https:\/\/www.cofb.org\/2025\/10\/16\/mes-de-3-200-farmacies-catalanes-simpliquen-per-augmentar-la-cobertura-vacunal-i-protegir-la-poblacio-de-risc\/#breadcrumb\",\"itemListElement\":[{\"@type\":\"ListItem\",\"position\":1,\"name\":\"Inici\",\"item\":\"https:\/\/novaorg.cofb.net\/\"},{\"@type\":\"ListItem\",\"position\":2,\"name\":\"M\u00e9s de 3.200 farm\u00e0cies catalanes s\u2019impliquen per augmentar la cobertura vacunal i protegir la poblaci\u00f3 de risc\"}]},{\"@type\":\"WebSite\",\"@id\":\"https:\/\/www.cofb.org\/#website\",\"url\":\"https:\/\/www.cofb.org\/\",\"name\":\"Col\u00b7legi de Farmac\u00e8utics de Barcelona\",\"description\":\"\",\"publisher\":{\"@id\":\"https:\/\/www.cofb.org\/#organization\"},\"potentialAction\":[{\"@type\":\"SearchAction\",\"target\":{\"@type\":\"EntryPoint\",\"urlTemplate\":\"https:\/\/www.cofb.org\/?s={search_term_string}\"},\"query-input\":\"required name=search_term_string\"}],\"inLanguage\":\"ca\"},{\"@type\":\"Organization\",\"@id\":\"https:\/\/www.cofb.org\/#organization\",\"name\":\"Col\u00b7legi de Farmac\u00e8utics de Barcelona\",\"url\":\"https:\/\/www.cofb.org\/\",\"logo\":{\"@type\":\"ImageObject\",\"inLanguage\":\"ca\",\"@id\":\"https:\/\/www.cofb.org\/#\/schema\/logo\/image\/\",\"url\":\"https:\/\/www.cofb.org\/wp-content\/uploads\/2023\/11\/cropped-Logotip-COFB.png\",\"contentUrl\":\"https:\/\/www.cofb.org\/wp-content\/uploads\/2023\/11\/cropped-Logotip-COFB.png\",\"width\":500,\"height\":105,\"caption\":\"Col\u00b7legi de Farmac\u00e8utics de Barcelona\"},\"image\":{\"@id\":\"https:\/\/www.cofb.org\/#\/schema\/logo\/image\/\"},\"sameAs\":[\"https:\/\/www.facebook.com\/farmaceuticsbcn\/\",\"https:\/\/twitter.com\/farmaceuticsbcn\",\"https:\/\/www.instagram.com\/farmaceuticsbcn\/\",\"https:\/\/www.linkedin.com\/company\/farmaceuticsbcn\/\"]},{\"@type\":\"Person\",\"@id\":\"https:\/\/www.cofb.org\/#\/schema\/person\/e46d741cfb92c985a083d163d8270ae4\",\"name\":\"Xavier Magraner\",\"image\":{\"@type\":\"ImageObject\",\"inLanguage\":\"ca\",\"@id\":\"https:\/\/www.cofb.org\/#\/schema\/person\/image\/\",\"url\":\"https:\/\/secure.gravatar.com\/avatar\/aa0d1d4df59f71f88eebd5796c5388ff41c58d83c5301eb6e1d65646a289c37d?s=96&d=mm&r=g\",\"contentUrl\":\"https:\/\/secure.gravatar.com\/avatar\/aa0d1d4df59f71f88eebd5796c5388ff41c58d83c5301eb6e1d65646a289c37d?s=96&d=mm&r=g\",\"caption\":\"Xavier Magraner\"},\"url\":\"https:\/\/www.cofb.org\/ca\/author\/xmagraner\/\"}]}<\/script>\n<!-- \/ Yoast SEO plugin. -->","yoast_head_json":{"title":"M\u00e9s de 3.200 farm\u00e0cies catalanes s\u2019impliquen per augmentar la cobertura vacunal i protegir la poblaci\u00f3 de risc - Col\u00b7legi de Farmac\u00e8utics de Barcelona","description":"El Consell de Col\u00b7legis Farmac\u00e8utics de Catalunya s'implica per augmentar la cobertura vacunal de grip i Covid-19","robots":{"index":"index","follow":"follow","max-snippet":"max-snippet:-1","max-image-preview":"max-image-preview:large","max-video-preview":"max-video-preview:-1"},"canonical":"https:\/\/www.cofb.org\/ca\/2025\/10\/16\/mes-de-3-200-farmacies-catalanes-simpliquen-per-augmentar-la-cobertura-vacunal-i-protegir-la-poblacio-de-risc\/","og_locale":"ca_ES","og_type":"article","og_title":"M\u00e9s de 3.200 farm\u00e0cies catalanes s\u2019impliquen per augmentar la cobertura vacunal i protegir la poblaci\u00f3 de risc - Col\u00b7legi de Farmac\u00e8utics de Barcelona","og_description":"El Consell de Col\u00b7legis Farmac\u00e8utics de Catalunya s'implica per augmentar la cobertura vacunal de grip i Covid-19","og_url":"https:\/\/www.cofb.org\/ca\/2025\/10\/16\/mes-de-3-200-farmacies-catalanes-simpliquen-per-augmentar-la-cobertura-vacunal-i-protegir-la-poblacio-de-risc\/","og_site_name":"Col\u00b7legi de Farmac\u00e8utics de Barcelona","article_publisher":"https:\/\/www.facebook.com\/farmaceuticsbcn\/","article_published_time":"2025-10-16T16:34:28+00:00","article_modified_time":"2026-03-19T14:31:00+00:00","og_image":[{"width":1430,"height":941,"url":"https:\/\/www.cofb.org\/wp-content\/uploads\/2025\/10\/Campanya-vacunacio-grip-2025-2026.jpg","type":"image\/jpeg"}],"author":"Xavier Magraner","twitter_card":"summary_large_image","twitter_creator":"@farmaceuticsbcn","twitter_site":"@farmaceuticsbcn","twitter_misc":{"Escrit per":"Xavier Magraner","Temps estimat de lectura":"5 minuts"},"schema":{"@context":"https:\/\/schema.org","@graph":[{"@type":"Article","@id":"https:\/\/www.cofb.org\/2025\/10\/16\/mes-de-3-200-farmacies-catalanes-simpliquen-per-augmentar-la-cobertura-vacunal-i-protegir-la-poblacio-de-risc\/#article","isPartOf":{"@id":"https:\/\/www.cofb.org\/2025\/10\/16\/mes-de-3-200-farmacies-catalanes-simpliquen-per-augmentar-la-cobertura-vacunal-i-protegir-la-poblacio-de-risc\/"},"author":{"name":"Xavier Magraner","@id":"https:\/\/www.cofb.org\/#\/schema\/person\/e46d741cfb92c985a083d163d8270ae4"},"headline":"M\u00e9s de 3.200 farm\u00e0cies catalanes s\u2019impliquen per augmentar la cobertura vacunal i protegir la poblaci\u00f3 de risc","datePublished":"2025-10-16T16:34:28+00:00","dateModified":"2026-03-19T14:31:00+00:00","mainEntityOfPage":{"@id":"https:\/\/www.cofb.org\/2025\/10\/16\/mes-de-3-200-farmacies-catalanes-simpliquen-per-augmentar-la-cobertura-vacunal-i-protegir-la-poblacio-de-risc\/"},"wordCount":735,"publisher":{"@id":"https:\/\/www.cofb.org\/#organization"},"image":{"@id":"https:\/\/www.cofb.org\/2025\/10\/16\/mes-de-3-200-farmacies-catalanes-simpliquen-per-augmentar-la-cobertura-vacunal-i-protegir-la-poblacio-de-risc\/#primaryimage"},"thumbnailUrl":"https:\/\/www.cofb.org\/wp-content\/uploads\/2025\/10\/Campanya-vacunacio-grip-2025-2026.jpg","keywords":["campanya de vacunaci\u00f3","campanya de vacunaci\u00f3 de grip i COVID-19","COFB","Col\u00b7legi de Farmac\u00e8utics de Barcelona","Consell de Col\u00b7legis de Farmac\u00e8utics de Catalunya","COVID-19","Departament de Salut","Grip"],"articleSection":["Destacats","Notes de premsa"],"inLanguage":"ca"},{"@type":"WebPage","@id":"https:\/\/www.cofb.org\/2025\/10\/16\/mes-de-3-200-farmacies-catalanes-simpliquen-per-augmentar-la-cobertura-vacunal-i-protegir-la-poblacio-de-risc\/","url":"https:\/\/www.cofb.org\/2025\/10\/16\/mes-de-3-200-farmacies-catalanes-simpliquen-per-augmentar-la-cobertura-vacunal-i-protegir-la-poblacio-de-risc\/","name":"M\u00e9s de 3.200 farm\u00e0cies catalanes s\u2019impliquen per augmentar la cobertura vacunal i protegir la poblaci\u00f3 de risc - Col\u00b7legi de Farmac\u00e8utics de Barcelona","isPartOf":{"@id":"https:\/\/www.cofb.org\/#website"},"primaryImageOfPage":{"@id":"https:\/\/www.cofb.org\/2025\/10\/16\/mes-de-3-200-farmacies-catalanes-simpliquen-per-augmentar-la-cobertura-vacunal-i-protegir-la-poblacio-de-risc\/#primaryimage"},"image":{"@id":"https:\/\/www.cofb.org\/2025\/10\/16\/mes-de-3-200-farmacies-catalanes-simpliquen-per-augmentar-la-cobertura-vacunal-i-protegir-la-poblacio-de-risc\/#primaryimage"},"thumbnailUrl":"https:\/\/www.cofb.org\/wp-content\/uploads\/2025\/10\/Campanya-vacunacio-grip-2025-2026.jpg","datePublished":"2025-10-16T16:34:28+00:00","dateModified":"2026-03-19T14:31:00+00:00","description":"El Consell de Col\u00b7legis Farmac\u00e8utics de Catalunya s'implica per augmentar la cobertura vacunal de grip i Covid-19","breadcrumb":{"@id":"https:\/\/www.cofb.org\/2025\/10\/16\/mes-de-3-200-farmacies-catalanes-simpliquen-per-augmentar-la-cobertura-vacunal-i-protegir-la-poblacio-de-risc\/#breadcrumb"},"inLanguage":"ca","potentialAction":[{"@type":"ReadAction","target":["https:\/\/www.cofb.org\/2025\/10\/16\/mes-de-3-200-farmacies-catalanes-simpliquen-per-augmentar-la-cobertura-vacunal-i-protegir-la-poblacio-de-risc\/"]}]},{"@type":"ImageObject","inLanguage":"ca","@id":"https:\/\/www.cofb.org\/2025\/10\/16\/mes-de-3-200-farmacies-catalanes-simpliquen-per-augmentar-la-cobertura-vacunal-i-protegir-la-poblacio-de-risc\/#primaryimage","url":"https:\/\/www.cofb.org\/wp-content\/uploads\/2025\/10\/Campanya-vacunacio-grip-2025-2026.jpg","contentUrl":"https:\/\/www.cofb.org\/wp-content\/uploads\/2025\/10\/Campanya-vacunacio-grip-2025-2026.jpg","width":1430,"height":941},{"@type":"BreadcrumbList","@id":"https:\/\/www.cofb.org\/2025\/10\/16\/mes-de-3-200-farmacies-catalanes-simpliquen-per-augmentar-la-cobertura-vacunal-i-protegir-la-poblacio-de-risc\/#breadcrumb","itemListElement":[{"@type":"ListItem","position":1,"name":"Inici","item":"https:\/\/novaorg.cofb.net\/"},{"@type":"ListItem","position":2,"name":"M\u00e9s de 3.200 farm\u00e0cies catalanes s\u2019impliquen per augmentar la cobertura vacunal i protegir la poblaci\u00f3 de risc"}]},{"@type":"WebSite","@id":"https:\/\/www.cofb.org\/#website","url":"https:\/\/www.cofb.org\/","name":"Col\u00b7legi de Farmac\u00e8utics de Barcelona","description":"","publisher":{"@id":"https:\/\/www.cofb.org\/#organization"},"potentialAction":[{"@type":"SearchAction","target":{"@type":"EntryPoint","urlTemplate":"https:\/\/www.cofb.org\/?s={search_term_string}"},"query-input":"required name=search_term_string"}],"inLanguage":"ca"},{"@type":"Organization","@id":"https:\/\/www.cofb.org\/#organization","name":"Col\u00b7legi de Farmac\u00e8utics de Barcelona","url":"https:\/\/www.cofb.org\/","logo":{"@type":"ImageObject","inLanguage":"ca","@id":"https:\/\/www.cofb.org\/#\/schema\/logo\/image\/","url":"https:\/\/www.cofb.org\/wp-content\/uploads\/2023\/11\/cropped-Logotip-COFB.png","contentUrl":"https:\/\/www.cofb.org\/wp-content\/uploads\/2023\/11\/cropped-Logotip-COFB.png","width":500,"height":105,"caption":"Col\u00b7legi de Farmac\u00e8utics de Barcelona"},"image":{"@id":"https:\/\/www.cofb.org\/#\/schema\/logo\/image\/"},"sameAs":["https:\/\/www.facebook.com\/farmaceuticsbcn\/","https:\/\/twitter.com\/farmaceuticsbcn","https:\/\/www.instagram.com\/farmaceuticsbcn\/","https:\/\/www.linkedin.com\/company\/farmaceuticsbcn\/"]},{"@type":"Person","@id":"https:\/\/www.cofb.org\/#\/schema\/person\/e46d741cfb92c985a083d163d8270ae4","name":"Xavier Magraner","image":{"@type":"ImageObject","inLanguage":"ca","@id":"https:\/\/www.cofb.org\/#\/schema\/person\/image\/","url":"https:\/\/secure.gravatar.com\/avatar\/aa0d1d4df59f71f88eebd5796c5388ff41c58d83c5301eb6e1d65646a289c37d?s=96&d=mm&r=g","contentUrl":"https:\/\/secure.gravatar.com\/avatar\/aa0d1d4df59f71f88eebd5796c5388ff41c58d83c5301eb6e1d65646a289c37d?s=96&d=mm&r=g","caption":"Xavier Magraner"},"url":"https:\/\/www.cofb.org\/ca\/author\/xmagraner\/"}]}},"uagb_featured_image_src":{"full":["https:\/\/www.cofb.org\/wp-content\/uploads\/2025\/10\/Campanya-vacunacio-grip-2025-2026.jpg",1430,941,false],"thumbnail":["https:\/\/www.cofb.org\/wp-content\/uploads\/2025\/10\/Campanya-vacunacio-grip-2025-2026-150x150.jpg",150,150,true],"medium":["https:\/\/www.cofb.org\/wp-content\/uploads\/2025\/10\/Campanya-vacunacio-grip-2025-2026-300x197.jpg",300,197,true],"medium_large":["https:\/\/www.cofb.org\/wp-content\/uploads\/2025\/10\/Campanya-vacunacio-grip-2025-2026-768x505.jpg",768,505,true],"large":["https:\/\/www.cofb.org\/wp-content\/uploads\/2025\/10\/Campanya-vacunacio-grip-2025-2026-1024x674.jpg",1024,674,true],"1536x1536":["https:\/\/www.cofb.org\/wp-content\/uploads\/2025\/10\/Campanya-vacunacio-grip-2025-2026.jpg",1430,941,false],"2048x2048":["https:\/\/www.cofb.org\/wp-content\/uploads\/2025\/10\/Campanya-vacunacio-grip-2025-2026.jpg",1430,941,false],"trp-custom-language-flag":["https:\/\/www.cofb.org\/wp-content\/uploads\/2025\/10\/Campanya-vacunacio-grip-2025-2026-18x12.jpg",18,12,true]},"uagb_author_info":{"display_name":"Xavier Magraner","author_link":"https:\/\/www.cofb.org\/ca\/author\/xmagraner\/"},"uagb_comment_info":0,"uagb_excerpt":"Barcelona, 16 d\u2019octubre de 2025.- A Catalunya, m\u00e9s de la meitat de les persones m\u00e9s grans de 60 anys ingressades a l&#8217;UCI per grip no estaven vacunades. Per tal de contribuir a revertir aquesta situaci\u00f3, les m\u00e9s de 3.200 farm\u00e0cies catalanes participen des d\u2019aquest dilluns, 13 d\u2019octubre, i per segon [&hellip;]","_links":{"self":[{"href":"https:\/\/www.cofb.org\/ca\/wp-json\/wp\/v2\/posts\/82495","targetHints":{"allow":["GET"]}}],"collection":[{"href":"https:\/\/www.cofb.org\/ca\/wp-json\/wp\/v2\/posts"}],"about":[{"href":"https:\/\/www.cofb.org\/ca\/wp-json\/wp\/v2\/types\/post"}],"author":[{"embeddable":true,"href":"https:\/\/www.cofb.org\/ca\/wp-json\/wp\/v2\/users\/10"}],"replies":[{"embeddable":true,"href":"https:\/\/www.cofb.org\/ca\/wp-json\/wp\/v2\/comments?post=82495"}],"version-history":[{"count":4,"href":"https:\/\/www.cofb.org\/ca\/wp-json\/wp\/v2\/posts\/82495\/revisions"}],"predecessor-version":[{"id":82568,"href":"https:\/\/www.cofb.org\/ca\/wp-json\/wp\/v2\/posts\/82495\/revisions\/82568"}],"wp:featuredmedia":[{"embeddable":true,"href":"https:\/\/www.cofb.org\/ca\/wp-json\/wp\/v2\/media\/82501"}],"wp:attachment":[{"href":"https:\/\/www.cofb.org\/ca\/wp-json\/wp\/v2\/media?parent=82495"}],"wp:term":[{"taxonomy":"category","embeddable":true,"href":"https:\/\/www.cofb.org\/ca\/wp-json\/wp\/v2\/categories?post=82495"},{"taxonomy":"post_tag","embeddable":true,"href":"https:\/\/www.cofb.org\/ca\/wp-json\/wp\/v2\/tags?post=82495"}],"curies":[{"name":"wp","href":"https:\/\/api.w.org\/{rel}","templated":true}]}}